{"id":320812,"date":"2025-08-01T00:21:40","date_gmt":"2025-08-01T04:21:40","guid":{"rendered":"https:\/\/www.eldiario.net\/portal\/?p=320812"},"modified":"2025-07-31T22:22:06","modified_gmt":"2025-08-01T02:22:06","slug":"la-verde-femenina-enfrentara-a-ecuador","status":"publish","type":"post","link":"https:\/\/www.eldiario.net\/portal\/2025\/08\/01\/la-verde-femenina-enfrentara-a-ecuador\/","title":{"rendered":"La Verde femenina enfrentar\u00e1 a Ecuador"},"content":{"rendered":"<p>El seleccionado boliviano comenzar\u00e1 su participaci\u00f3n en la primera edici\u00f3n de la Liga de Naciones Femenina el viernes 24 de octubre recibiendo a Ecuador, en escenario por confirmar, y en la segunda fecha medir\u00e1 fuerzas ante Chile, en Santiago, el martes 28 de octubre, tras realizarse el sorteo realizado por la Direcci\u00f3n de Competiciones y Operaciones de la CONMEBOL.<br \/>\nEste torneo, aprobado por la CONMEBOL, se jugar\u00e1 bajo la modalidad de todos contra todos, con partidos de ida y vuelta, a celebrarse desde octubre de este a\u00f1o hasta junio de 2026, con nueve jornadas, y la presencia de nueve selecciones. Cada pa\u00eds jugar\u00e1 cuatro encuentros de local y cuatro de local, teniendo una jornada de descanso. Esta ser\u00e1 la eliminatoria sudamericana del f\u00fatbol femenino, porque otorgar\u00e1 a los dos primeros el pase directo a la Copa Mundial Brasil 2027.<br \/>\nBolivia saltar\u00e1 a esta competici\u00f3n, despu\u00e9s de su participaci\u00f3n en la Copa Am\u00e9rica Ecuador 2025, torneo en el cual no pudo sumar ning\u00fan punto en los cuatro cotejos de la fase de grupos. Esta actuaci\u00f3n internacional sirvi\u00f3 para darle roce a las jugadoras. La Federaci\u00f3n Boliviana de F\u00fatbol (FBF) junto al cuerpo t\u00e9cnico deben definir la sede de los partidos de la Selecci\u00f3n Femenina, entre La Paz y la ciudad de El Alto.<br \/>\nPRIMERA FECHA<br \/>\nViernes 24 de octubre<br \/>\nBolivia vs. Ecuador<br \/>\nSEGUNDA FECHA<br \/>\nMartes 28 de octubre<br \/>\nChile vs. Bolivia<br \/>\nTERCERA FECHA<br \/>\nViernes 28 de noviembre<br \/>\nBolivia vs. Colombia<br \/>\nCUARTA FECHA<br \/>\nMartes 02 de diciembre<br \/>\nArgentina vs. Bolivia<br \/>\nQUINTA FECHA<br \/>\nViernes 10 de abril de 2026<br \/>\nBolivia estar\u00e1 libre<br \/>\nSEXTA FECHA<br \/>\nMartes 14 de abril de 2026<br \/>\nBolivia vs. Uruguay<br \/>\nS\u00c9PTIMA FECHA<br \/>\nS\u00e1bado 18 de abril de 2026<br \/>\nVenezuela vs. Bolivia<br \/>\nOCTAVA FECHA<br \/>\nViernes 05 de junio de 2026<br \/>\nBolivia vs. Paraguay<br \/>\nNOVENA FECHA<br \/>\nMartes 09 de junio de 2026<br \/>\nPer\u00fa vs. Bolivia<\/p>\n","protected":false},"excerpt":{"rendered":"<p>El seleccionado boliviano comenzar\u00e1 su participaci\u00f3n en la primera edici\u00f3n de la Liga de Naciones Femenina el viernes 24 de octubre recibiendo a Ecuador, en escenario por confirmar, y en la segunda fecha medir\u00e1 fuerzas ante Chile, en Santiago, el martes 28 de octubre, tras realizarse el sorteo realizado por la Direcci\u00f3n de Competiciones y [&hellip;]<\/p>\n","protected":false},"author":1,"featured_media":320813,"comment_status":"closed","ping_status":"open","sticky":false,"template":"","format":"standard","meta":{"_acf_changed":false,"footnotes":""},"categories":[6],"tags":[],"class_list":["post-320812","post","type-post","status-publish","format-standard","has-post-thumbnail","category-deportes"],"acf":{"antetitulo":""},"yoast_head":"<!-- This site is optimized with the Yoast SEO plugin v28.4 - https:\/\/yoast.com\/product\/yoast-seo-wordpress\/ -->\n<title>La Verde femenina enfrentar\u00e1 a Ecuador - El Diario - Bolivia<\/title>\n<meta name=\"robots\" content=\"index, follow, max-snippet:-1, max-image-preview:large, max-video-preview:-1\" \/>\n<link rel=\"canonical\" href=\"https:\/\/www.eldiario.net\/portal\/2025\/08\/01\/la-verde-femenina-enfrentara-a-ecuador\/\" \/>\n<meta property=\"og:locale\" content=\"es_ES\" \/>\n<meta property=\"og:type\" content=\"article\" \/>\n<meta property=\"og:title\" content=\"La Verde femenina enfrentar\u00e1 a Ecuador - El Diario - Bolivia\" \/>\n<meta property=\"og:description\" content=\"El seleccionado boliviano comenzar\u00e1 su participaci\u00f3n en la primera edici\u00f3n de la Liga de Naciones Femenina el viernes 24 de octubre recibiendo a Ecuador, en escenario por confirmar, y en la segunda fecha medir\u00e1 fuerzas ante Chile, en Santiago, el martes 28 de octubre, tras realizarse el sorteo realizado por la Direcci\u00f3n de Competiciones y [&hellip;]\" \/>\n<meta property=\"og:url\" content=\"https:\/\/www.eldiario.net\/portal\/2025\/08\/01\/la-verde-femenina-enfrentara-a-ecuador\/\" \/>\n<meta property=\"og:site_name\" content=\"El Diario - Bolivia\" \/>\n<meta property=\"article:publisher\" content=\"https:\/\/www.facebook.com\/eldiario.bolivia\/\" \/>\n<meta property=\"article:published_time\" content=\"2025-08-01T04:21:40+00:00\" \/>\n<meta property=\"og:image\" content=\"https:\/\/www.eldiario.net\/portal\/wp-content\/uploads\/2025\/07\/verde.webp\" \/>\n\t<meta property=\"og:image:width\" content=\"809\" \/>\n\t<meta property=\"og:image:height\" content=\"560\" \/>\n\t<meta property=\"og:image:type\" content=\"image\/webp\" \/>\n<meta name=\"author\" content=\"Jeanette\" \/>\n<meta name=\"twitter:card\" content=\"summary_large_image\" \/>\n<meta name=\"twitter:creator\" content=\"@eldiario_net\" \/>\n<meta name=\"twitter:site\" content=\"@eldiario_net\" \/>\n<meta name=\"twitter:label1\" content=\"Escrito por\" \/>\n\t<meta name=\"twitter:data1\" content=\"Jeanette\" \/>\n\t<meta name=\"twitter:label2\" content=\"Tiempo de lectura\" \/>\n\t<meta name=\"twitter:data2\" content=\"2 minutos\" \/>\n<script type=\"application\/ld+json\" class=\"yoast-schema-graph\">{\"@context\":\"https:\\\/\\\/schema.org\",\"@graph\":[{\"@type\":\"Article\",\"@id\":\"https:\\\/\\\/www.eldiario.net\\\/portal\\\/2025\\\/08\\\/01\\\/la-verde-femenina-enfrentara-a-ecuador\\\/#article\",\"isPartOf\":{\"@id\":\"https:\\\/\\\/www.eldiario.net\\\/portal\\\/2025\\\/08\\\/01\\\/la-verde-femenina-enfrentara-a-ecuador\\\/\"},\"author\":{\"name\":\"Jeanette\",\"@id\":\"https:\\\/\\\/www.eldiario.net\\\/portal\\\/#\\\/schema\\\/person\\\/2c57cf2b7a7ae032e449e4c9b1019eac\"},\"headline\":\"La Verde femenina enfrentar\u00e1 a Ecuador\",\"datePublished\":\"2025-08-01T04:21:40+00:00\",\"mainEntityOfPage\":{\"@id\":\"https:\\\/\\\/www.eldiario.net\\\/portal\\\/2025\\\/08\\\/01\\\/la-verde-femenina-enfrentara-a-ecuador\\\/\"},\"wordCount\":308,\"publisher\":{\"@id\":\"https:\\\/\\\/www.eldiario.net\\\/portal\\\/#organization\"},\"image\":{\"@id\":\"https:\\\/\\\/www.eldiario.net\\\/portal\\\/2025\\\/08\\\/01\\\/la-verde-femenina-enfrentara-a-ecuador\\\/#primaryimage\"},\"thumbnailUrl\":\"https:\\\/\\\/www.eldiario.net\\\/portal\\\/wp-content\\\/uploads\\\/2025\\\/07\\\/verde.webp\",\"articleSection\":[\"Deportes\"],\"inLanguage\":\"es\"},{\"@type\":\"WebPage\",\"@id\":\"https:\\\/\\\/www.eldiario.net\\\/portal\\\/2025\\\/08\\\/01\\\/la-verde-femenina-enfrentara-a-ecuador\\\/\",\"url\":\"https:\\\/\\\/www.eldiario.net\\\/portal\\\/2025\\\/08\\\/01\\\/la-verde-femenina-enfrentara-a-ecuador\\\/\",\"name\":\"La Verde femenina enfrentar\u00e1 a Ecuador - El Diario - Bolivia\",\"isPartOf\":{\"@id\":\"https:\\\/\\\/www.eldiario.net\\\/portal\\\/#website\"},\"primaryImageOfPage\":{\"@id\":\"https:\\\/\\\/www.eldiario.net\\\/portal\\\/2025\\\/08\\\/01\\\/la-verde-femenina-enfrentara-a-ecuador\\\/#primaryimage\"},\"image\":{\"@id\":\"https:\\\/\\\/www.eldiario.net\\\/portal\\\/2025\\\/08\\\/01\\\/la-verde-femenina-enfrentara-a-ecuador\\\/#primaryimage\"},\"thumbnailUrl\":\"https:\\\/\\\/www.eldiario.net\\\/portal\\\/wp-content\\\/uploads\\\/2025\\\/07\\\/verde.webp\",\"datePublished\":\"2025-08-01T04:21:40+00:00\",\"breadcrumb\":{\"@id\":\"https:\\\/\\\/www.eldiario.net\\\/portal\\\/2025\\\/08\\\/01\\\/la-verde-femenina-enfrentara-a-ecuador\\\/#breadcrumb\"},\"inLanguage\":\"es\",\"potentialAction\":[{\"@type\":\"ReadAction\",\"target\":[\"https:\\\/\\\/www.eldiario.net\\\/portal\\\/2025\\\/08\\\/01\\\/la-verde-femenina-enfrentara-a-ecuador\\\/\"]}]},{\"@type\":\"ImageObject\",\"inLanguage\":\"es\",\"@id\":\"https:\\\/\\\/www.eldiario.net\\\/portal\\\/2025\\\/08\\\/01\\\/la-verde-femenina-enfrentara-a-ecuador\\\/#primaryimage\",\"url\":\"https:\\\/\\\/www.eldiario.net\\\/portal\\\/wp-content\\\/uploads\\\/2025\\\/07\\\/verde.webp\",\"contentUrl\":\"https:\\\/\\\/www.eldiario.net\\\/portal\\\/wp-content\\\/uploads\\\/2025\\\/07\\\/verde.webp\",\"width\":809,\"height\":560},{\"@type\":\"BreadcrumbList\",\"@id\":\"https:\\\/\\\/www.eldiario.net\\\/portal\\\/2025\\\/08\\\/01\\\/la-verde-femenina-enfrentara-a-ecuador\\\/#breadcrumb\",\"itemListElement\":[{\"@type\":\"ListItem\",\"position\":1,\"name\":\"Portada\",\"item\":\"https:\\\/\\\/www.eldiario.net\\\/portal\\\/\"},{\"@type\":\"ListItem\",\"position\":2,\"name\":\"La Verde femenina enfrentar\u00e1 a Ecuador\"}]},{\"@type\":\"WebSite\",\"@id\":\"https:\\\/\\\/www.eldiario.net\\\/portal\\\/#website\",\"url\":\"https:\\\/\\\/www.eldiario.net\\\/portal\\\/\",\"name\":\"El Diario - Decano de la prensa nacional\",\"description\":\"El Diario - Decano de la prensa nacional\",\"publisher\":{\"@id\":\"https:\\\/\\\/www.eldiario.net\\\/portal\\\/#organization\"},\"potentialAction\":[{\"@type\":\"SearchAction\",\"target\":{\"@type\":\"EntryPoint\",\"urlTemplate\":\"https:\\\/\\\/www.eldiario.net\\\/portal\\\/?s={search_term_string}\"},\"query-input\":{\"@type\":\"PropertyValueSpecification\",\"valueRequired\":true,\"valueName\":\"search_term_string\"}}],\"inLanguage\":\"es\"},{\"@type\":\"Organization\",\"@id\":\"https:\\\/\\\/www.eldiario.net\\\/portal\\\/#organization\",\"name\":\"El Diario - Decano de la prensa nacional\",\"url\":\"https:\\\/\\\/www.eldiario.net\\\/portal\\\/\",\"logo\":{\"@type\":\"ImageObject\",\"inLanguage\":\"es\",\"@id\":\"https:\\\/\\\/www.eldiario.net\\\/portal\\\/#\\\/schema\\\/logo\\\/image\\\/\",\"url\":\"https:\\\/\\\/www.eldiario.net\\\/portal\\\/wp-content\\\/uploads\\\/2023\\\/07\\\/logo_ED.jpg\",\"contentUrl\":\"https:\\\/\\\/www.eldiario.net\\\/portal\\\/wp-content\\\/uploads\\\/2023\\\/07\\\/logo_ED.jpg\",\"width\":272,\"height\":52,\"caption\":\"El Diario - Decano de la prensa nacional\"},\"image\":{\"@id\":\"https:\\\/\\\/www.eldiario.net\\\/portal\\\/#\\\/schema\\\/logo\\\/image\\\/\"},\"sameAs\":[\"https:\\\/\\\/www.facebook.com\\\/eldiario.bolivia\\\/\",\"https:\\\/\\\/x.com\\\/eldiario_net\"]},{\"@type\":\"Person\",\"@id\":\"https:\\\/\\\/www.eldiario.net\\\/portal\\\/#\\\/schema\\\/person\\\/2c57cf2b7a7ae032e449e4c9b1019eac\",\"name\":\"Jeanette\",\"image\":{\"@type\":\"ImageObject\",\"inLanguage\":\"es\",\"@id\":\"https:\\\/\\\/secure.gravatar.com\\\/avatar\\\/3ea2118a5f7dad2b7138b1187a6b7ee55f160b9968b66013c3a3ef39dd7e5798?s=96&d=mm&r=g\",\"url\":\"https:\\\/\\\/secure.gravatar.com\\\/avatar\\\/3ea2118a5f7dad2b7138b1187a6b7ee55f160b9968b66013c3a3ef39dd7e5798?s=96&d=mm&r=g\",\"contentUrl\":\"https:\\\/\\\/secure.gravatar.com\\\/avatar\\\/3ea2118a5f7dad2b7138b1187a6b7ee55f160b9968b66013c3a3ef39dd7e5798?s=96&d=mm&r=g\",\"caption\":\"Jeanette\"},\"sameAs\":[\"https:\\\/\\\/www.eldiario.net\\\/portal\"],\"url\":\"https:\\\/\\\/www.eldiario.net\\\/portal\\\/author\\\/jeanette\\\/\"}]}<\/script>\n<!-- \/ Yoast SEO plugin. -->","yoast_head_json":{"title":"La Verde femenina enfrentar\u00e1 a Ecuador - El Diario - Bolivia","robots":{"index":"index","follow":"follow","max-snippet":"max-snippet:-1","max-image-preview":"max-image-preview:large","max-video-preview":"max-video-preview:-1"},"canonical":"https:\/\/www.eldiario.net\/portal\/2025\/08\/01\/la-verde-femenina-enfrentara-a-ecuador\/","og_locale":"es_ES","og_type":"article","og_title":"La Verde femenina enfrentar\u00e1 a Ecuador - El Diario - Bolivia","og_description":"El seleccionado boliviano comenzar\u00e1 su participaci\u00f3n en la primera edici\u00f3n de la Liga de Naciones Femenina el viernes 24 de octubre recibiendo a Ecuador, en escenario por confirmar, y en la segunda fecha medir\u00e1 fuerzas ante Chile, en Santiago, el martes 28 de octubre, tras realizarse el sorteo realizado por la Direcci\u00f3n de Competiciones y [&hellip;]","og_url":"https:\/\/www.eldiario.net\/portal\/2025\/08\/01\/la-verde-femenina-enfrentara-a-ecuador\/","og_site_name":"El Diario - Bolivia","article_publisher":"https:\/\/www.facebook.com\/eldiario.bolivia\/","article_published_time":"2025-08-01T04:21:40+00:00","og_image":[{"width":809,"height":560,"url":"https:\/\/www.eldiario.net\/portal\/wp-content\/uploads\/2025\/07\/verde.webp","type":"image\/webp"}],"author":"Jeanette","twitter_card":"summary_large_image","twitter_creator":"@eldiario_net","twitter_site":"@eldiario_net","twitter_misc":{"Escrito por":"Jeanette","Tiempo de lectura":"2 minutos"},"schema":{"@context":"https:\/\/schema.org","@graph":[{"@type":"Article","@id":"https:\/\/www.eldiario.net\/portal\/2025\/08\/01\/la-verde-femenina-enfrentara-a-ecuador\/#article","isPartOf":{"@id":"https:\/\/www.eldiario.net\/portal\/2025\/08\/01\/la-verde-femenina-enfrentara-a-ecuador\/"},"author":{"name":"Jeanette","@id":"https:\/\/www.eldiario.net\/portal\/#\/schema\/person\/2c57cf2b7a7ae032e449e4c9b1019eac"},"headline":"La Verde femenina enfrentar\u00e1 a Ecuador","datePublished":"2025-08-01T04:21:40+00:00","mainEntityOfPage":{"@id":"https:\/\/www.eldiario.net\/portal\/2025\/08\/01\/la-verde-femenina-enfrentara-a-ecuador\/"},"wordCount":308,"publisher":{"@id":"https:\/\/www.eldiario.net\/portal\/#organization"},"image":{"@id":"https:\/\/www.eldiario.net\/portal\/2025\/08\/01\/la-verde-femenina-enfrentara-a-ecuador\/#primaryimage"},"thumbnailUrl":"https:\/\/www.eldiario.net\/portal\/wp-content\/uploads\/2025\/07\/verde.webp","articleSection":["Deportes"],"inLanguage":"es"},{"@type":"WebPage","@id":"https:\/\/www.eldiario.net\/portal\/2025\/08\/01\/la-verde-femenina-enfrentara-a-ecuador\/","url":"https:\/\/www.eldiario.net\/portal\/2025\/08\/01\/la-verde-femenina-enfrentara-a-ecuador\/","name":"La Verde femenina enfrentar\u00e1 a Ecuador - El Diario - Bolivia","isPartOf":{"@id":"https:\/\/www.eldiario.net\/portal\/#website"},"primaryImageOfPage":{"@id":"https:\/\/www.eldiario.net\/portal\/2025\/08\/01\/la-verde-femenina-enfrentara-a-ecuador\/#primaryimage"},"image":{"@id":"https:\/\/www.eldiario.net\/portal\/2025\/08\/01\/la-verde-femenina-enfrentara-a-ecuador\/#primaryimage"},"thumbnailUrl":"https:\/\/www.eldiario.net\/portal\/wp-content\/uploads\/2025\/07\/verde.webp","datePublished":"2025-08-01T04:21:40+00:00","breadcrumb":{"@id":"https:\/\/www.eldiario.net\/portal\/2025\/08\/01\/la-verde-femenina-enfrentara-a-ecuador\/#breadcrumb"},"inLanguage":"es","potentialAction":[{"@type":"ReadAction","target":["https:\/\/www.eldiario.net\/portal\/2025\/08\/01\/la-verde-femenina-enfrentara-a-ecuador\/"]}]},{"@type":"ImageObject","inLanguage":"es","@id":"https:\/\/www.eldiario.net\/portal\/2025\/08\/01\/la-verde-femenina-enfrentara-a-ecuador\/#primaryimage","url":"https:\/\/www.eldiario.net\/portal\/wp-content\/uploads\/2025\/07\/verde.webp","contentUrl":"https:\/\/www.eldiario.net\/portal\/wp-content\/uploads\/2025\/07\/verde.webp","width":809,"height":560},{"@type":"BreadcrumbList","@id":"https:\/\/www.eldiario.net\/portal\/2025\/08\/01\/la-verde-femenina-enfrentara-a-ecuador\/#breadcrumb","itemListElement":[{"@type":"ListItem","position":1,"name":"Portada","item":"https:\/\/www.eldiario.net\/portal\/"},{"@type":"ListItem","position":2,"name":"La Verde femenina enfrentar\u00e1 a Ecuador"}]},{"@type":"WebSite","@id":"https:\/\/www.eldiario.net\/portal\/#website","url":"https:\/\/www.eldiario.net\/portal\/","name":"El Diario - Decano de la prensa nacional","description":"El Diario - Decano de la prensa nacional","publisher":{"@id":"https:\/\/www.eldiario.net\/portal\/#organization"},"potentialAction":[{"@type":"SearchAction","target":{"@type":"EntryPoint","urlTemplate":"https:\/\/www.eldiario.net\/portal\/?s={search_term_string}"},"query-input":{"@type":"PropertyValueSpecification","valueRequired":true,"valueName":"search_term_string"}}],"inLanguage":"es"},{"@type":"Organization","@id":"https:\/\/www.eldiario.net\/portal\/#organization","name":"El Diario - Decano de la prensa nacional","url":"https:\/\/www.eldiario.net\/portal\/","logo":{"@type":"ImageObject","inLanguage":"es","@id":"https:\/\/www.eldiario.net\/portal\/#\/schema\/logo\/image\/","url":"https:\/\/www.eldiario.net\/portal\/wp-content\/uploads\/2023\/07\/logo_ED.jpg","contentUrl":"https:\/\/www.eldiario.net\/portal\/wp-content\/uploads\/2023\/07\/logo_ED.jpg","width":272,"height":52,"caption":"El Diario - Decano de la prensa nacional"},"image":{"@id":"https:\/\/www.eldiario.net\/portal\/#\/schema\/logo\/image\/"},"sameAs":["https:\/\/www.facebook.com\/eldiario.bolivia\/","https:\/\/x.com\/eldiario_net"]},{"@type":"Person","@id":"https:\/\/www.eldiario.net\/portal\/#\/schema\/person\/2c57cf2b7a7ae032e449e4c9b1019eac","name":"Jeanette","image":{"@type":"ImageObject","inLanguage":"es","@id":"https:\/\/secure.gravatar.com\/avatar\/3ea2118a5f7dad2b7138b1187a6b7ee55f160b9968b66013c3a3ef39dd7e5798?s=96&d=mm&r=g","url":"https:\/\/secure.gravatar.com\/avatar\/3ea2118a5f7dad2b7138b1187a6b7ee55f160b9968b66013c3a3ef39dd7e5798?s=96&d=mm&r=g","contentUrl":"https:\/\/secure.gravatar.com\/avatar\/3ea2118a5f7dad2b7138b1187a6b7ee55f160b9968b66013c3a3ef39dd7e5798?s=96&d=mm&r=g","caption":"Jeanette"},"sameAs":["https:\/\/www.eldiario.net\/portal"],"url":"https:\/\/www.eldiario.net\/portal\/author\/jeanette\/"}]}},"_links":{"self":[{"href":"https:\/\/www.eldiario.net\/portal\/wp-json\/wp\/v2\/posts\/320812","targetHints":{"allow":["GET"]}}],"collection":[{"href":"https:\/\/www.eldiario.net\/portal\/wp-json\/wp\/v2\/posts"}],"about":[{"href":"https:\/\/www.eldiario.net\/portal\/wp-json\/wp\/v2\/types\/post"}],"author":[{"embeddable":true,"href":"https:\/\/www.eldiario.net\/portal\/wp-json\/wp\/v2\/users\/1"}],"replies":[{"embeddable":true,"href":"https:\/\/www.eldiario.net\/portal\/wp-json\/wp\/v2\/comments?post=320812"}],"version-history":[{"count":1,"href":"https:\/\/www.eldiario.net\/portal\/wp-json\/wp\/v2\/posts\/320812\/revisions"}],"predecessor-version":[{"id":320814,"href":"https:\/\/www.eldiario.net\/portal\/wp-json\/wp\/v2\/posts\/320812\/revisions\/320814"}],"wp:featuredmedia":[{"embeddable":true,"href":"https:\/\/www.eldiario.net\/portal\/wp-json\/wp\/v2\/media\/320813"}],"wp:attachment":[{"href":"https:\/\/www.eldiario.net\/portal\/wp-json\/wp\/v2\/media?parent=320812"}],"wp:term":[{"taxonomy":"category","embeddable":true,"href":"https:\/\/www.eldiario.net\/portal\/wp-json\/wp\/v2\/categories?post=320812"},{"taxonomy":"post_tag","embeddable":true,"href":"https:\/\/www.eldiario.net\/portal\/wp-json\/wp\/v2\/tags?post=320812"}],"curies":[{"name":"wp","href":"https:\/\/api.w.org\/{rel}","templated":true}]}}