{"id":320809,"date":"2025-08-01T00:20:59","date_gmt":"2025-08-01T04:20:59","guid":{"rendered":"https:\/\/www.eldiario.net\/portal\/?p=320809"},"modified":"2025-07-31T22:21:36","modified_gmt":"2025-08-01T02:21:36","slug":"hulk-hogan-murio-de-ataque-cardiaco-y-leucemia","status":"publish","type":"post","link":"https:\/\/www.eldiario.net\/portal\/2025\/08\/01\/hulk-hogan-murio-de-ataque-cardiaco-y-leucemia\/","title":{"rendered":"Hulk Hogan muri\u00f3 de ataque card\u00edaco y leucemia"},"content":{"rendered":"<p>La causa de la muerte del luchador profesional estadounidense Hulk Hogan fue un \u00abinfarto agudo del miocardio\u00bb, derivado de una \u00ableucemia linfoc\u00edtica cr\u00f3nica\u00bb, seg\u00fan confirmaron autoridades forenses de Florida tras una semana de su fallecimiento.<br \/>\nEl luchador de la World Wrestling Entertainment (WWE) falleci\u00f3 a los 71 a\u00f1os el pasado 24 de julio en su hogar de Clearwater, en el condado Pinellas. El ataque card\u00edaco que termin\u00f3 con la vida de Terrence Gene Bollea, su nombre real, fue provocado por \u00abantecedentes de fibrilaci\u00f3n auricular, leucemia linfoc\u00edtica cr\u00f3nica\u00bb, detall\u00f3 la oficina del forense del condado Pinellas, en el centro oeste de Florida.<br \/>\nEl forense consider\u00f3 natural su muerte, provocada por un infarto agudo de miocardio, que implica una interrupci\u00f3n repentina del flujo sangu\u00edneo al coraz\u00f3n que puede causar un da\u00f1o irreversible al m\u00fasculo card\u00edaco, com\u00fanmente conocido como ataque card\u00edaco.<br \/>\nEl informe revel\u00f3 por primera vez que la leyenda de la WWE padec\u00eda leucemia, un tipo de c\u00e1ncer que afecta a los gl\u00f3bulos blancos, y fibrilaci\u00f3n auricular, un trastorno que causa arritmia card\u00edaca, aunque se desconoce que \u00e9l fuera consciente de este diagn\u00f3stico.<\/p>\n","protected":false},"excerpt":{"rendered":"<p>La causa de la muerte del luchador profesional estadounidense Hulk Hogan fue un \u00abinfarto agudo del miocardio\u00bb, derivado de una \u00ableucemia linfoc\u00edtica cr\u00f3nica\u00bb, seg\u00fan confirmaron autoridades forenses de Florida tras una semana de su fallecimiento. El luchador de la World Wrestling Entertainment (WWE) falleci\u00f3 a los 71 a\u00f1os el pasado 24 de julio en su [&hellip;]<\/p>\n","protected":false},"author":1,"featured_media":320810,"comment_status":"closed","ping_status":"open","sticky":false,"template":"","format":"standard","meta":{"_acf_changed":false,"footnotes":""},"categories":[6],"tags":[],"class_list":["post-320809","post","type-post","status-publish","format-standard","has-post-thumbnail","category-deportes"],"acf":{"antetitulo":""},"yoast_head":"<!-- This site is optimized with the Yoast SEO plugin v28.4 - https:\/\/yoast.com\/product\/yoast-seo-wordpress\/ -->\n<title>Hulk Hogan muri\u00f3 de ataque card\u00edaco y leucemia - El Diario - Bolivia<\/title>\n<meta name=\"robots\" content=\"index, follow, max-snippet:-1, max-image-preview:large, max-video-preview:-1\" \/>\n<link rel=\"canonical\" href=\"https:\/\/www.eldiario.net\/portal\/2025\/08\/01\/hulk-hogan-murio-de-ataque-cardiaco-y-leucemia\/\" \/>\n<meta property=\"og:locale\" content=\"es_ES\" \/>\n<meta property=\"og:type\" content=\"article\" \/>\n<meta property=\"og:title\" content=\"Hulk Hogan muri\u00f3 de ataque card\u00edaco y leucemia - El Diario - Bolivia\" \/>\n<meta property=\"og:description\" content=\"La causa de la muerte del luchador profesional estadounidense Hulk Hogan fue un \u00abinfarto agudo del miocardio\u00bb, derivado de una \u00ableucemia linfoc\u00edtica cr\u00f3nica\u00bb, seg\u00fan confirmaron autoridades forenses de Florida tras una semana de su fallecimiento. El luchador de la World Wrestling Entertainment (WWE) falleci\u00f3 a los 71 a\u00f1os el pasado 24 de julio en su [&hellip;]\" \/>\n<meta property=\"og:url\" content=\"https:\/\/www.eldiario.net\/portal\/2025\/08\/01\/hulk-hogan-murio-de-ataque-cardiaco-y-leucemia\/\" \/>\n<meta property=\"og:site_name\" content=\"El Diario - Bolivia\" \/>\n<meta property=\"article:publisher\" content=\"https:\/\/www.facebook.com\/eldiario.bolivia\/\" \/>\n<meta property=\"article:published_time\" content=\"2025-08-01T04:20:59+00:00\" \/>\n<meta property=\"og:image\" content=\"https:\/\/www.eldiario.net\/portal\/wp-content\/uploads\/2025\/07\/hulk.webp\" \/>\n\t<meta property=\"og:image:width\" content=\"891\" \/>\n\t<meta property=\"og:image:height\" content=\"566\" \/>\n\t<meta property=\"og:image:type\" content=\"image\/webp\" \/>\n<meta name=\"author\" content=\"Jeanette\" \/>\n<meta name=\"twitter:card\" content=\"summary_large_image\" \/>\n<meta name=\"twitter:creator\" content=\"@eldiario_net\" \/>\n<meta name=\"twitter:site\" content=\"@eldiario_net\" \/>\n<meta name=\"twitter:label1\" content=\"Escrito por\" \/>\n\t<meta name=\"twitter:data1\" content=\"Jeanette\" \/>\n\t<meta name=\"twitter:label2\" content=\"Tiempo de lectura\" \/>\n\t<meta name=\"twitter:data2\" content=\"2 minutos\" \/>\n<script type=\"application\/ld+json\" class=\"yoast-schema-graph\">{\"@context\":\"https:\\\/\\\/schema.org\",\"@graph\":[{\"@type\":\"Article\",\"@id\":\"https:\\\/\\\/www.eldiario.net\\\/portal\\\/2025\\\/08\\\/01\\\/hulk-hogan-murio-de-ataque-cardiaco-y-leucemia\\\/#article\",\"isPartOf\":{\"@id\":\"https:\\\/\\\/www.eldiario.net\\\/portal\\\/2025\\\/08\\\/01\\\/hulk-hogan-murio-de-ataque-cardiaco-y-leucemia\\\/\"},\"author\":{\"name\":\"Jeanette\",\"@id\":\"https:\\\/\\\/www.eldiario.net\\\/portal\\\/#\\\/schema\\\/person\\\/2c57cf2b7a7ae032e449e4c9b1019eac\"},\"headline\":\"Hulk Hogan muri\u00f3 de ataque card\u00edaco y leucemia\",\"datePublished\":\"2025-08-01T04:20:59+00:00\",\"mainEntityOfPage\":{\"@id\":\"https:\\\/\\\/www.eldiario.net\\\/portal\\\/2025\\\/08\\\/01\\\/hulk-hogan-murio-de-ataque-cardiaco-y-leucemia\\\/\"},\"wordCount\":210,\"publisher\":{\"@id\":\"https:\\\/\\\/www.eldiario.net\\\/portal\\\/#organization\"},\"image\":{\"@id\":\"https:\\\/\\\/www.eldiario.net\\\/portal\\\/2025\\\/08\\\/01\\\/hulk-hogan-murio-de-ataque-cardiaco-y-leucemia\\\/#primaryimage\"},\"thumbnailUrl\":\"https:\\\/\\\/www.eldiario.net\\\/portal\\\/wp-content\\\/uploads\\\/2025\\\/07\\\/hulk.webp\",\"articleSection\":[\"Deportes\"],\"inLanguage\":\"es\"},{\"@type\":\"WebPage\",\"@id\":\"https:\\\/\\\/www.eldiario.net\\\/portal\\\/2025\\\/08\\\/01\\\/hulk-hogan-murio-de-ataque-cardiaco-y-leucemia\\\/\",\"url\":\"https:\\\/\\\/www.eldiario.net\\\/portal\\\/2025\\\/08\\\/01\\\/hulk-hogan-murio-de-ataque-cardiaco-y-leucemia\\\/\",\"name\":\"Hulk Hogan muri\u00f3 de ataque card\u00edaco y leucemia - El Diario - Bolivia\",\"isPartOf\":{\"@id\":\"https:\\\/\\\/www.eldiario.net\\\/portal\\\/#website\"},\"primaryImageOfPage\":{\"@id\":\"https:\\\/\\\/www.eldiario.net\\\/portal\\\/2025\\\/08\\\/01\\\/hulk-hogan-murio-de-ataque-cardiaco-y-leucemia\\\/#primaryimage\"},\"image\":{\"@id\":\"https:\\\/\\\/www.eldiario.net\\\/portal\\\/2025\\\/08\\\/01\\\/hulk-hogan-murio-de-ataque-cardiaco-y-leucemia\\\/#primaryimage\"},\"thumbnailUrl\":\"https:\\\/\\\/www.eldiario.net\\\/portal\\\/wp-content\\\/uploads\\\/2025\\\/07\\\/hulk.webp\",\"datePublished\":\"2025-08-01T04:20:59+00:00\",\"breadcrumb\":{\"@id\":\"https:\\\/\\\/www.eldiario.net\\\/portal\\\/2025\\\/08\\\/01\\\/hulk-hogan-murio-de-ataque-cardiaco-y-leucemia\\\/#breadcrumb\"},\"inLanguage\":\"es\",\"potentialAction\":[{\"@type\":\"ReadAction\",\"target\":[\"https:\\\/\\\/www.eldiario.net\\\/portal\\\/2025\\\/08\\\/01\\\/hulk-hogan-murio-de-ataque-cardiaco-y-leucemia\\\/\"]}]},{\"@type\":\"ImageObject\",\"inLanguage\":\"es\",\"@id\":\"https:\\\/\\\/www.eldiario.net\\\/portal\\\/2025\\\/08\\\/01\\\/hulk-hogan-murio-de-ataque-cardiaco-y-leucemia\\\/#primaryimage\",\"url\":\"https:\\\/\\\/www.eldiario.net\\\/portal\\\/wp-content\\\/uploads\\\/2025\\\/07\\\/hulk.webp\",\"contentUrl\":\"https:\\\/\\\/www.eldiario.net\\\/portal\\\/wp-content\\\/uploads\\\/2025\\\/07\\\/hulk.webp\",\"width\":891,\"height\":566},{\"@type\":\"BreadcrumbList\",\"@id\":\"https:\\\/\\\/www.eldiario.net\\\/portal\\\/2025\\\/08\\\/01\\\/hulk-hogan-murio-de-ataque-cardiaco-y-leucemia\\\/#breadcrumb\",\"itemListElement\":[{\"@type\":\"ListItem\",\"position\":1,\"name\":\"Portada\",\"item\":\"https:\\\/\\\/www.eldiario.net\\\/portal\\\/\"},{\"@type\":\"ListItem\",\"position\":2,\"name\":\"Hulk Hogan muri\u00f3 de ataque card\u00edaco y leucemia\"}]},{\"@type\":\"WebSite\",\"@id\":\"https:\\\/\\\/www.eldiario.net\\\/portal\\\/#website\",\"url\":\"https:\\\/\\\/www.eldiario.net\\\/portal\\\/\",\"name\":\"El Diario - Decano de la prensa nacional\",\"description\":\"El Diario - Decano de la prensa nacional\",\"publisher\":{\"@id\":\"https:\\\/\\\/www.eldiario.net\\\/portal\\\/#organization\"},\"potentialAction\":[{\"@type\":\"SearchAction\",\"target\":{\"@type\":\"EntryPoint\",\"urlTemplate\":\"https:\\\/\\\/www.eldiario.net\\\/portal\\\/?s={search_term_string}\"},\"query-input\":{\"@type\":\"PropertyValueSpecification\",\"valueRequired\":true,\"valueName\":\"search_term_string\"}}],\"inLanguage\":\"es\"},{\"@type\":\"Organization\",\"@id\":\"https:\\\/\\\/www.eldiario.net\\\/portal\\\/#organization\",\"name\":\"El Diario - Decano de la prensa nacional\",\"url\":\"https:\\\/\\\/www.eldiario.net\\\/portal\\\/\",\"logo\":{\"@type\":\"ImageObject\",\"inLanguage\":\"es\",\"@id\":\"https:\\\/\\\/www.eldiario.net\\\/portal\\\/#\\\/schema\\\/logo\\\/image\\\/\",\"url\":\"https:\\\/\\\/www.eldiario.net\\\/portal\\\/wp-content\\\/uploads\\\/2023\\\/07\\\/logo_ED.jpg\",\"contentUrl\":\"https:\\\/\\\/www.eldiario.net\\\/portal\\\/wp-content\\\/uploads\\\/2023\\\/07\\\/logo_ED.jpg\",\"width\":272,\"height\":52,\"caption\":\"El Diario - Decano de la prensa nacional\"},\"image\":{\"@id\":\"https:\\\/\\\/www.eldiario.net\\\/portal\\\/#\\\/schema\\\/logo\\\/image\\\/\"},\"sameAs\":[\"https:\\\/\\\/www.facebook.com\\\/eldiario.bolivia\\\/\",\"https:\\\/\\\/x.com\\\/eldiario_net\"]},{\"@type\":\"Person\",\"@id\":\"https:\\\/\\\/www.eldiario.net\\\/portal\\\/#\\\/schema\\\/person\\\/2c57cf2b7a7ae032e449e4c9b1019eac\",\"name\":\"Jeanette\",\"image\":{\"@type\":\"ImageObject\",\"inLanguage\":\"es\",\"@id\":\"https:\\\/\\\/secure.gravatar.com\\\/avatar\\\/3ea2118a5f7dad2b7138b1187a6b7ee55f160b9968b66013c3a3ef39dd7e5798?s=96&d=mm&r=g\",\"url\":\"https:\\\/\\\/secure.gravatar.com\\\/avatar\\\/3ea2118a5f7dad2b7138b1187a6b7ee55f160b9968b66013c3a3ef39dd7e5798?s=96&d=mm&r=g\",\"contentUrl\":\"https:\\\/\\\/secure.gravatar.com\\\/avatar\\\/3ea2118a5f7dad2b7138b1187a6b7ee55f160b9968b66013c3a3ef39dd7e5798?s=96&d=mm&r=g\",\"caption\":\"Jeanette\"},\"sameAs\":[\"https:\\\/\\\/www.eldiario.net\\\/portal\"],\"url\":\"https:\\\/\\\/www.eldiario.net\\\/portal\\\/author\\\/jeanette\\\/\"}]}<\/script>\n<!-- \/ Yoast SEO plugin. -->","yoast_head_json":{"title":"Hulk Hogan muri\u00f3 de ataque card\u00edaco y leucemia - El Diario - Bolivia","robots":{"index":"index","follow":"follow","max-snippet":"max-snippet:-1","max-image-preview":"max-image-preview:large","max-video-preview":"max-video-preview:-1"},"canonical":"https:\/\/www.eldiario.net\/portal\/2025\/08\/01\/hulk-hogan-murio-de-ataque-cardiaco-y-leucemia\/","og_locale":"es_ES","og_type":"article","og_title":"Hulk Hogan muri\u00f3 de ataque card\u00edaco y leucemia - El Diario - Bolivia","og_description":"La causa de la muerte del luchador profesional estadounidense Hulk Hogan fue un \u00abinfarto agudo del miocardio\u00bb, derivado de una \u00ableucemia linfoc\u00edtica cr\u00f3nica\u00bb, seg\u00fan confirmaron autoridades forenses de Florida tras una semana de su fallecimiento. El luchador de la World Wrestling Entertainment (WWE) falleci\u00f3 a los 71 a\u00f1os el pasado 24 de julio en su [&hellip;]","og_url":"https:\/\/www.eldiario.net\/portal\/2025\/08\/01\/hulk-hogan-murio-de-ataque-cardiaco-y-leucemia\/","og_site_name":"El Diario - Bolivia","article_publisher":"https:\/\/www.facebook.com\/eldiario.bolivia\/","article_published_time":"2025-08-01T04:20:59+00:00","og_image":[{"width":891,"height":566,"url":"https:\/\/www.eldiario.net\/portal\/wp-content\/uploads\/2025\/07\/hulk.webp","type":"image\/webp"}],"author":"Jeanette","twitter_card":"summary_large_image","twitter_creator":"@eldiario_net","twitter_site":"@eldiario_net","twitter_misc":{"Escrito por":"Jeanette","Tiempo de lectura":"2 minutos"},"schema":{"@context":"https:\/\/schema.org","@graph":[{"@type":"Article","@id":"https:\/\/www.eldiario.net\/portal\/2025\/08\/01\/hulk-hogan-murio-de-ataque-cardiaco-y-leucemia\/#article","isPartOf":{"@id":"https:\/\/www.eldiario.net\/portal\/2025\/08\/01\/hulk-hogan-murio-de-ataque-cardiaco-y-leucemia\/"},"author":{"name":"Jeanette","@id":"https:\/\/www.eldiario.net\/portal\/#\/schema\/person\/2c57cf2b7a7ae032e449e4c9b1019eac"},"headline":"Hulk Hogan muri\u00f3 de ataque card\u00edaco y leucemia","datePublished":"2025-08-01T04:20:59+00:00","mainEntityOfPage":{"@id":"https:\/\/www.eldiario.net\/portal\/2025\/08\/01\/hulk-hogan-murio-de-ataque-cardiaco-y-leucemia\/"},"wordCount":210,"publisher":{"@id":"https:\/\/www.eldiario.net\/portal\/#organization"},"image":{"@id":"https:\/\/www.eldiario.net\/portal\/2025\/08\/01\/hulk-hogan-murio-de-ataque-cardiaco-y-leucemia\/#primaryimage"},"thumbnailUrl":"https:\/\/www.eldiario.net\/portal\/wp-content\/uploads\/2025\/07\/hulk.webp","articleSection":["Deportes"],"inLanguage":"es"},{"@type":"WebPage","@id":"https:\/\/www.eldiario.net\/portal\/2025\/08\/01\/hulk-hogan-murio-de-ataque-cardiaco-y-leucemia\/","url":"https:\/\/www.eldiario.net\/portal\/2025\/08\/01\/hulk-hogan-murio-de-ataque-cardiaco-y-leucemia\/","name":"Hulk Hogan muri\u00f3 de ataque card\u00edaco y leucemia - El Diario - Bolivia","isPartOf":{"@id":"https:\/\/www.eldiario.net\/portal\/#website"},"primaryImageOfPage":{"@id":"https:\/\/www.eldiario.net\/portal\/2025\/08\/01\/hulk-hogan-murio-de-ataque-cardiaco-y-leucemia\/#primaryimage"},"image":{"@id":"https:\/\/www.eldiario.net\/portal\/2025\/08\/01\/hulk-hogan-murio-de-ataque-cardiaco-y-leucemia\/#primaryimage"},"thumbnailUrl":"https:\/\/www.eldiario.net\/portal\/wp-content\/uploads\/2025\/07\/hulk.webp","datePublished":"2025-08-01T04:20:59+00:00","breadcrumb":{"@id":"https:\/\/www.eldiario.net\/portal\/2025\/08\/01\/hulk-hogan-murio-de-ataque-cardiaco-y-leucemia\/#breadcrumb"},"inLanguage":"es","potentialAction":[{"@type":"ReadAction","target":["https:\/\/www.eldiario.net\/portal\/2025\/08\/01\/hulk-hogan-murio-de-ataque-cardiaco-y-leucemia\/"]}]},{"@type":"ImageObject","inLanguage":"es","@id":"https:\/\/www.eldiario.net\/portal\/2025\/08\/01\/hulk-hogan-murio-de-ataque-cardiaco-y-leucemia\/#primaryimage","url":"https:\/\/www.eldiario.net\/portal\/wp-content\/uploads\/2025\/07\/hulk.webp","contentUrl":"https:\/\/www.eldiario.net\/portal\/wp-content\/uploads\/2025\/07\/hulk.webp","width":891,"height":566},{"@type":"BreadcrumbList","@id":"https:\/\/www.eldiario.net\/portal\/2025\/08\/01\/hulk-hogan-murio-de-ataque-cardiaco-y-leucemia\/#breadcrumb","itemListElement":[{"@type":"ListItem","position":1,"name":"Portada","item":"https:\/\/www.eldiario.net\/portal\/"},{"@type":"ListItem","position":2,"name":"Hulk Hogan muri\u00f3 de ataque card\u00edaco y leucemia"}]},{"@type":"WebSite","@id":"https:\/\/www.eldiario.net\/portal\/#website","url":"https:\/\/www.eldiario.net\/portal\/","name":"El Diario - Decano de la prensa nacional","description":"El Diario - Decano de la prensa nacional","publisher":{"@id":"https:\/\/www.eldiario.net\/portal\/#organization"},"potentialAction":[{"@type":"SearchAction","target":{"@type":"EntryPoint","urlTemplate":"https:\/\/www.eldiario.net\/portal\/?s={search_term_string}"},"query-input":{"@type":"PropertyValueSpecification","valueRequired":true,"valueName":"search_term_string"}}],"inLanguage":"es"},{"@type":"Organization","@id":"https:\/\/www.eldiario.net\/portal\/#organization","name":"El Diario - Decano de la prensa nacional","url":"https:\/\/www.eldiario.net\/portal\/","logo":{"@type":"ImageObject","inLanguage":"es","@id":"https:\/\/www.eldiario.net\/portal\/#\/schema\/logo\/image\/","url":"https:\/\/www.eldiario.net\/portal\/wp-content\/uploads\/2023\/07\/logo_ED.jpg","contentUrl":"https:\/\/www.eldiario.net\/portal\/wp-content\/uploads\/2023\/07\/logo_ED.jpg","width":272,"height":52,"caption":"El Diario - Decano de la prensa nacional"},"image":{"@id":"https:\/\/www.eldiario.net\/portal\/#\/schema\/logo\/image\/"},"sameAs":["https:\/\/www.facebook.com\/eldiario.bolivia\/","https:\/\/x.com\/eldiario_net"]},{"@type":"Person","@id":"https:\/\/www.eldiario.net\/portal\/#\/schema\/person\/2c57cf2b7a7ae032e449e4c9b1019eac","name":"Jeanette","image":{"@type":"ImageObject","inLanguage":"es","@id":"https:\/\/secure.gravatar.com\/avatar\/3ea2118a5f7dad2b7138b1187a6b7ee55f160b9968b66013c3a3ef39dd7e5798?s=96&d=mm&r=g","url":"https:\/\/secure.gravatar.com\/avatar\/3ea2118a5f7dad2b7138b1187a6b7ee55f160b9968b66013c3a3ef39dd7e5798?s=96&d=mm&r=g","contentUrl":"https:\/\/secure.gravatar.com\/avatar\/3ea2118a5f7dad2b7138b1187a6b7ee55f160b9968b66013c3a3ef39dd7e5798?s=96&d=mm&r=g","caption":"Jeanette"},"sameAs":["https:\/\/www.eldiario.net\/portal"],"url":"https:\/\/www.eldiario.net\/portal\/author\/jeanette\/"}]}},"_links":{"self":[{"href":"https:\/\/www.eldiario.net\/portal\/wp-json\/wp\/v2\/posts\/320809","targetHints":{"allow":["GET"]}}],"collection":[{"href":"https:\/\/www.eldiario.net\/portal\/wp-json\/wp\/v2\/posts"}],"about":[{"href":"https:\/\/www.eldiario.net\/portal\/wp-json\/wp\/v2\/types\/post"}],"author":[{"embeddable":true,"href":"https:\/\/www.eldiario.net\/portal\/wp-json\/wp\/v2\/users\/1"}],"replies":[{"embeddable":true,"href":"https:\/\/www.eldiario.net\/portal\/wp-json\/wp\/v2\/comments?post=320809"}],"version-history":[{"count":1,"href":"https:\/\/www.eldiario.net\/portal\/wp-json\/wp\/v2\/posts\/320809\/revisions"}],"predecessor-version":[{"id":320811,"href":"https:\/\/www.eldiario.net\/portal\/wp-json\/wp\/v2\/posts\/320809\/revisions\/320811"}],"wp:featuredmedia":[{"embeddable":true,"href":"https:\/\/www.eldiario.net\/portal\/wp-json\/wp\/v2\/media\/320810"}],"wp:attachment":[{"href":"https:\/\/www.eldiario.net\/portal\/wp-json\/wp\/v2\/media?parent=320809"}],"wp:term":[{"taxonomy":"category","embeddable":true,"href":"https:\/\/www.eldiario.net\/portal\/wp-json\/wp\/v2\/categories?post=320809"},{"taxonomy":"post_tag","embeddable":true,"href":"https:\/\/www.eldiario.net\/portal\/wp-json\/wp\/v2\/tags?post=320809"}],"curies":[{"name":"wp","href":"https:\/\/api.w.org\/{rel}","templated":true}]}}