{"id":320795,"date":"2025-08-01T00:14:52","date_gmt":"2025-08-01T04:14:52","guid":{"rendered":"https:\/\/www.eldiario.net\/portal\/?p=320795"},"modified":"2025-07-31T22:16:23","modified_gmt":"2025-08-01T02:16:23","slug":"inauguran-el-centro-cultural-museo-marina-nunez-del-prado","status":"publish","type":"post","link":"https:\/\/www.eldiario.net\/portal\/2025\/08\/01\/inauguran-el-centro-cultural-museo-marina-nunez-del-prado\/","title":{"rendered":"Inauguran el Centro Cultural Museo Marina N\u00fa\u00f1ez del Prado"},"content":{"rendered":"<p>En el a\u00f1o del Bicentenario de Bolivia, un nuevo cap\u00edtulo se escribe en su historia con la inauguraci\u00f3n del Centro Cultural Museo Marina N\u00fa\u00f1ez del Prado (CCM-MNP), dependiente de la Fundaci\u00f3n Cultural del Banco Central de Bolivia (FC-BCB).<\/p>\n<p>Este espacio emerge como un tributo vivo a una de las artistas m\u00e1s emblem\u00e1ticas del pa\u00eds y de Am\u00e9rica Latina. En el coraz\u00f3n de la ciudad de La Paz \u2014en la que fuera su casa y taller durante d\u00e9cadas\u2014, el museo renace como un centro de arte, memoria y proyecci\u00f3n creativa, con la promesa de convertirse en un referente nacional e internacional del pensamiento art\u00edstico contempor\u00e1neo con ra\u00edz andina, destaca la nota de prensa del CCM-MNP.<\/p>\n<p>La artista que tall\u00f3 el viento, que model\u00f3 la maternidad como esencia y que transform\u00f3 el bronce, la piedra y la madera en s\u00edmbolos de identidad y humanidad, vuelve hoy a hablar a trav\u00e9s de su obra, en un espacio que re\u00fane su legado m\u00e1s \u00edntimo y su visi\u00f3n m\u00e1s universal.<\/p>\n<p><strong>Museo con alma: arquitectura, memoria y sentido<\/strong><\/p>\n<p>La casa que alberga el Centro Cultural Museo Marina N\u00fa\u00f1ez del Prado fue construida a mediados del Siglo XX en el barrio de Sopocachi. Su dise\u00f1o responde a una visi\u00f3n integral del espacio art\u00edstico, con una distribuci\u00f3n arm\u00f3nica entre vivienda, taller y galer\u00eda. Este inmueble, declarado patrimonio, fue restaurado por la FC-BCB, respetando su esencia y dot\u00e1ndolo de infraestructura museogr\u00e1fica contempor\u00e1nea, accesible y funcional.<\/p>\n<p>La casa es una obra en s\u00ed misma, donde cada habitaci\u00f3n, pasillo, ventana y patio guarda huellas del proceso creativo de Marina N\u00fa\u00f1ez del Prado.<\/p>\n<p>Adem\u00e1s de las doce salas de exposici\u00f3n permanente, llenas de inspiraci\u00f3n, fuerza e identidad, se ha habilitado una nueva sala temporal, denominada Tel\u00farico, destinada a muestras contempor\u00e1neas, propuestas curatoriales innovadoras, residencias y actividades pedag\u00f3gicas. Esta sala lleva el nombre de lo tel\u00farico por la conexi\u00f3n de Marina con la tierra y sus elementos y tambi\u00e9n porque representa un arte que nace de la profundidad de los territorios, de las ra\u00edces invisibles que nos conforman.<\/p>\n<p><strong>Casa Patrimonial: Ra\u00edces, Nilda y Pensamiento Latinoamericano<\/strong><\/p>\n<p>El primer nivel del museo conserva el aire dom\u00e9stico de la antigua casa de Marina. Los retratos de sus padres \u2014Sara Viscarra y Guillermo N\u00fa\u00f1ez del Prado\u2014 acompa\u00f1an una narrativa sensorial que remite a la infancia, al entorno familiar y al despertar de una sensibilidad art\u00edstica que se form\u00f3 desde el ejemplo cotidiano y no desde los manuales acad\u00e9micos.<\/p>\n<p>Uno de los espacios m\u00e1s evocadores de esta planta es el antiguo comedor familiar, ahora convertido en sala de exposici\u00f3n, donde conviven esculturas, objetos patrimoniales y mobiliario original. La vida cotidiana y la creaci\u00f3n art\u00edstica no est\u00e1n separadas: se integran. Tambi\u00e9n hay una sala dedicada a sus hermanos y a la profunda influencia familiar, especialmente de su hermana Nilda, artista polifac\u00e9tica y compa\u00f1era inseparable.<\/p>\n<p>El recorrido culmina con una sala dedicada al Arte Popular y el Pensamiento Latinoamericano, donde se presentan cer\u00e1micas precolombinas, m\u00e1scaras festivas, textiles e instrumentos musicales que formaron parte del universo simb\u00f3lico de Marina. La muestra recuerda la visita que ella y Nilda hicieron a la Escuela Ayllu de Warisata en 1939, un momento fundacional en su comprensi\u00f3n del arte como semilla de conciencia. Esta planta revela que el arte de Marina no se comprende sin su ra\u00edz andina, sin la tierra, sin Warisata, sin la Pachamama.<\/p>\n<p><strong>El Semillero, g\u00e9nesis y evoluci\u00f3n de su obra<\/strong><\/p>\n<p>Subir al segundo nivel es ascender al coraz\u00f3n creativo de Marina. Este piso recrea su taller personal, al que ella misma llam\u00f3 El Semillero, \u201cporque all\u00ed germinan mis creaciones\u201d. No es una sala de exhibici\u00f3n tradicional, sino de una experiencia inmersiva en su proceso art\u00edstico: moldes de yeso, herramientas, bocetos y esculturas en greda dialogan con una museograf\u00eda que pone en valor la dimensi\u00f3n artesanal, experimental y profundamente espiritual de su pr\u00e1ctica.<\/p>\n<p>La evoluci\u00f3n de su obra se presenta en cuatro grandes per\u00edodos:<\/p>\n<ul>\n<li>Musical: Esculturas en madera inspiradas en danzas y m\u00fasicos populares, donde la forma es ritmo y resonancia.<\/li>\n<li>Social: Obras de denuncia como <em>Mineros en rebeli\u00f3n<\/em>, donde el arte se vuelve grito y testimonio.<\/li>\n<li>Piedra: Su etapa m\u00e1s profunda, con esculturas talladas en \u00f3nix, granito, basalto. La materia se convierte en esp\u00edritu.<\/li>\n<li>Abstracto: Una s\u00edntesis andina donde la figura desaparece para dar paso a lo esencial: energ\u00eda, oquedad, geometr\u00eda vital.<\/li>\n<\/ul>\n<p>En este nivel, el visitante entra en di\u00e1logo con la materia, los silencios y las decisiones internas que acompa\u00f1aron cada etapa de Marina.<\/p>\n<p><strong>Marina Eterna<\/strong><\/p>\n<p>El \u00faltimo nivel, la tercera planta, es un espacio de contemplaci\u00f3n, luz tenue y formas generosas, donde la obra de Marina alcanza su dimensi\u00f3n m\u00e1s simb\u00f3lica: lo femenino como principio c\u00f3smico. La sala est\u00e1 presidida por sus <em>Madres C\u00f3smicas<\/em>, esculturas que evocan vientres, cordilleras, lagos, oquedades fecundas. Aqu\u00ed, la maternidad es un eje escult\u00f3rico, una forma de comprender el mundo.<\/p>\n<p>Tambi\u00e9n se presenta la serie <em>Mujeres al Viento<\/em>, donde las figuras femeninas se abren al movimiento, al viento, a la libertad. La escultura se convierte en danza, en impulso vital, en afirmaci\u00f3n de una \u00e9tica creadora.<\/p>\n<p>En este nivel, se recuerda brevemente su reconocimiento internacional: la exposici\u00f3n en Nueva York, la visita de Eleanor Roosevelt, la distinci\u00f3n con el C\u00f3ndor de los Andes. Pero el museo lo presenta como algo secundario. Lo esencial, como sugiere el guion curatorial, est\u00e1 en la obra. Y en su permanencia.<\/p>\n<p>El recorrido culmina en una sala con vista al Illimani, esa monta\u00f1a tutelar que Marina siempre mir\u00f3 como espejo de su obra. Desde all\u00ed, el visitante entiende que Marina no solo esculpi\u00f3 formas. Tall\u00f3 una visi\u00f3n del mundo.<\/p>\n<p><strong>Sala Temporal: Tel\u00farico <\/strong><\/p>\n<p>Dentro del marco de la inauguraci\u00f3n del CCM-MNP se dar\u00e1 lugar a la primera exposici\u00f3n temporal titulada \u201cSemilla C\u00f3smica\u201d, una muestra colectiva que celebra y visibiliza la obra de mujeres escultoras contempor\u00e1neas, cuyas creaciones exploran la materia, la memoria y el universo simb\u00f3lico desde una mirada femenina y plural.<\/p>\n<p><strong>Jard\u00edn de esculturas y patio interno<\/strong><\/p>\n<p>Una de las joyas del museo es su patio-jard\u00edn, un espacio sereno, rodeado de vegetaci\u00f3n nativa, donde algunas esculturas han sido instaladas a cielo abierto, como parte de un di\u00e1logo con la naturaleza, el espacio urbano y la contemplaci\u00f3n.<\/p>\n<p>Este jard\u00edn fue testigo de momentos clave en la vida de la artista. Hoy se convierte en un lugar para lecturas po\u00e9ticas, encuentros art\u00edsticos, actividades educativas al aire libre o simplemente pausas contemplativas en medio de la ciudad.<\/p>\n<p><strong>Archivo y Biblioteca: La palabra detr\u00e1s de la piedra<\/strong><\/p>\n<p>Adem\u00e1s de ser un museo, el Centro Cultural Museo Marina N\u00fa\u00f1ez del Prado alberga un espacio silencioso, pero fundamental: su Archivo y Biblioteca, donde la palabra, el pensamiento y la memoria escrita se entrelazan con la obra escult\u00f3rica.<\/p>\n<p>Este espacio ha sido concebido como un repositorio documental y centro de investigaci\u00f3n viva, destinado a investigadores, estudiantes, artistas y p\u00fablico general interesado en conocer en profundidad la trayectoria de Marina N\u00fa\u00f1ez del Prado y el contexto intelectual que la rode\u00f3.<\/p>\n<p>En el archivo son conservados documentos personales, correspondencia, fotograf\u00edas in\u00e9ditas, libretas de apuntes, cat\u00e1logos de exposiciones, recortes de prensa y manuscritos originales que dan cuenta de su proceso creativo, sus viajes, sus lecturas, sus redes afectivas e intelectuales.<\/p>\n<p>La biblioteca personal de Marina forma parte del acervo y puede ser consultada en sala. Est\u00e1 compuesta por t\u00edtulos de arte, literatura latinoamericana, historia precolombina, filosof\u00eda, poes\u00eda y revistas especializadas de su \u00e9poca. Muchos vol\u00famenes est\u00e1n subrayados, anotados o dedicados, lo que permite reconstruir su mapa mental y sus afinidades ideol\u00f3gicas y est\u00e9ticas.<\/p>\n<p>Este archivo no solo habla de Marina. Tambi\u00e9n traza un relato paralelo de la historia del arte boliviano y latinoamericano del Siglo XX, con especial \u00e9nfasis en la presencia de las mujeres en la cultura, los movimientos art\u00edsticos regionales, la est\u00e9tica indigenista y los v\u00ednculos entre arte y pol\u00edtica.<\/p>\n<p><strong>Un faro cultural en el Bicentenario de Bolivia<\/strong><\/p>\n<p>La apertura del CCM-MNP se inscribe en la agenda oficial del Bicentenario de la Independencia de Bolivia. Su reapertura es un gesto de reivindicaci\u00f3n y futuro, un reconocimiento a la fuerza creadora de las mujeres en la historia del pa\u00eds y un compromiso con la preservaci\u00f3n activa de nuestra identidad cultural.<\/p>\n<p>Se trata tambi\u00e9n del primer museo nacional dedicado exclusivamente a una artista mujer, convirti\u00e9ndose as\u00ed en un s\u00edmbolo de justicia hist\u00f3rica y de visibilidad para las creadoras latinoamericanas. Marina, que desafi\u00f3 su tiempo y esculpi\u00f3 una est\u00e9tica propia, vuelve a situarse en el centro del relato cultural boliviano, no como una figura del pasado, sino como una br\u00fajula para el porvenir. Con esta inauguraci\u00f3n, Bolivia no solo rinde homenaje a una de sus hijas m\u00e1s brillantes. Tambi\u00e9n reafirma su vocaci\u00f3n como pa\u00eds de culturas vivas, de arte que transforma y de memoria que se proyecta.<\/p>\n<p><strong>Datos<\/strong><\/p>\n<p>Centro Cultural Museo Marina N\u00fa\u00f1ez del Prado<\/p>\n<p>Direcci\u00f3n: Calle Ecuador final T\u00fanel del Instituto Americano, Sopocachi, La Paz<\/p>\n<p>Tel\u00e9fono: +591 2 2424521 &#8211; 60561387<\/p>\n<p>Correo: marinanunezdelpradofcbcb@gmail.com<\/p>\n<p>Redes sociales oficiales:<\/p>\n<p>Instagram | Facebook | TikTok | YouTube: @marinanunezdelprado<\/p>\n<p>Hashtags: #MarinaNu\u00f1ezDelPrado #LaEscultoraDeLosAndes<\/p>\n\r\n                <style type=\"text\/css\">\r\n                    \r\n                    #tdi_1  .td-doubleSlider-2 .td-item1 {\r\n                        background: url(https:\/\/www.eldiario.net\/portal\/wp-content\/uploads\/2025\/07\/1-PRINCIPAL-15-80x60.webp) 0 0 no-repeat;\r\n                    }\r\n                    #tdi_1  .td-doubleSlider-2 .td-item2 {\r\n                        background: url(https:\/\/www.eldiario.net\/portal\/wp-content\/uploads\/2025\/07\/2-13-80x60.webp) 0 0 no-repeat;\r\n                    }\r\n                    #tdi_1  .td-doubleSlider-2 .td-item3 {\r\n                        background: url(https:\/\/www.eldiario.net\/portal\/wp-content\/uploads\/2025\/07\/3-12-80x60.webp) 0 0 no-repeat;\r\n                    }\r\n                    #tdi_1  .td-doubleSlider-2 .td-item4 {\r\n                        background: url(https:\/\/www.eldiario.net\/portal\/wp-content\/uploads\/2025\/07\/4-13-80x60.webp) 0 0 no-repeat;\r\n                    }\r\n                    #tdi_1  .td-doubleSlider-2 .td-item5 {\r\n                        background: url(https:\/\/www.eldiario.net\/portal\/wp-content\/uploads\/2025\/07\/5-8-80x60.webp) 0 0 no-repeat;\r\n                    }\r\n                    #tdi_1  .td-doubleSlider-2 .td-item6 {\r\n                        background: url(https:\/\/www.eldiario.net\/portal\/wp-content\/uploads\/2025\/07\/6-4-80x60.webp) 0 0 no-repeat;\r\n                    }\r\n                    #tdi_1  .td-doubleSlider-2 .td-item7 {\r\n                        background: url(https:\/\/www.eldiario.net\/portal\/wp-content\/uploads\/2025\/07\/7-1-80x60.webp) 0 0 no-repeat;\r\n                    }\r\n                <\/style>\r\n\r\n                <div id=\"tdi_1\" class=\"td-gallery td-slide-on-2-columns\">\r\n                    <div class=\"post_td_gallery\">\r\n                        <div class=\"td-gallery-slide-top\">\r\n                           <div class=\"td-gallery-title\"><\/div>\r\n\r\n                            <div class=\"td-gallery-controls-wrapper\">\r\n                                <div class=\"td-gallery-slide-count\"><span class=\"td-gallery-slide-item-focus\">1<\/span> de 7<\/div>\r\n                                <div class=\"td-gallery-slide-prev-next-but\">\r\n                                    <i class = \"td-icon-left doubleSliderPrevButton\"><\/i>\r\n                                    <i class = \"td-icon-right doubleSliderNextButton\"><\/i>\r\n                                <\/div>\r\n                            <\/div>\r\n                        <\/div>\r\n\r\n                        <div class = \"td-doubleSlider-1 \">\r\n                            <div class = \"td-slider\">\r\n                                \r\n                    <div class = \"td-slide-item td-item1\">\r\n                        <figure class=\"td-slide-galery-figure td-slide-popup-gallery\">\r\n                            <a class=\"slide-gallery-image-link\" href=\"https:\/\/www.eldiario.net\/portal\/wp-content\/uploads\/2025\/07\/1-PRINCIPAL-15.webp\" title=\"1-PRINCIPAL\"  data-caption=\"\"  data-description=\"\">\r\n                                <img decoding=\"async\" src=\"https:\/\/www.eldiario.net\/portal\/wp-content\/uploads\/2025\/07\/1-PRINCIPAL-15-392x420.webp\" srcset=\"https:\/\/www.eldiario.net\/portal\/wp-content\/uploads\/2025\/07\/1-PRINCIPAL-15-392x420.webp 392w, https:\/\/www.eldiario.net\/portal\/wp-content\/uploads\/2025\/07\/1-PRINCIPAL-15-280x300.webp 280w, https:\/\/www.eldiario.net\/portal\/wp-content\/uploads\/2025\/07\/1-PRINCIPAL-15-768x824.webp 768w, https:\/\/www.eldiario.net\/portal\/wp-content\/uploads\/2025\/07\/1-PRINCIPAL-15-150x161.webp 150w, https:\/\/www.eldiario.net\/portal\/wp-content\/uploads\/2025\/07\/1-PRINCIPAL-15-300x322.webp 300w, https:\/\/www.eldiario.net\/portal\/wp-content\/uploads\/2025\/07\/1-PRINCIPAL-15-696x747.webp 696w, https:\/\/www.eldiario.net\/portal\/wp-content\/uploads\/2025\/07\/1-PRINCIPAL-15.webp 909w\" sizes=\"(max-width: 392px) 100vw, 392px\" alt=\"\">\r\n                            <\/a>\r\n                            \r\n                        <\/figure>\r\n                    <\/div>\r\n                    <div class = \"td-slide-item td-item2\">\r\n                        <figure class=\"td-slide-galery-figure td-slide-popup-gallery\">\r\n                            <a class=\"slide-gallery-image-link\" href=\"https:\/\/www.eldiario.net\/portal\/wp-content\/uploads\/2025\/07\/2-13.webp\" title=\"2\"  data-caption=\"\"  data-description=\"\">\r\n                                <img decoding=\"async\" src=\"https:\/\/www.eldiario.net\/portal\/wp-content\/uploads\/2025\/07\/2-13-746x420.webp\" srcset=\"https:\/\/www.eldiario.net\/portal\/wp-content\/uploads\/2025\/07\/2-13-746x420.webp 746w, https:\/\/www.eldiario.net\/portal\/wp-content\/uploads\/2025\/07\/2-13-300x169.webp 300w, https:\/\/www.eldiario.net\/portal\/wp-content\/uploads\/2025\/07\/2-13-1024x577.webp 1024w, https:\/\/www.eldiario.net\/portal\/wp-content\/uploads\/2025\/07\/2-13-768x433.webp 768w, https:\/\/www.eldiario.net\/portal\/wp-content\/uploads\/2025\/07\/2-13-150x85.webp 150w, https:\/\/www.eldiario.net\/portal\/wp-content\/uploads\/2025\/07\/2-13-696x392.webp 696w, https:\/\/www.eldiario.net\/portal\/wp-content\/uploads\/2025\/07\/2-13-1068x602.webp 1068w, https:\/\/www.eldiario.net\/portal\/wp-content\/uploads\/2025\/07\/2-13.webp 1200w\" sizes=\"(max-width: 746px) 100vw, 746px\" alt=\"\">\r\n                            <\/a>\r\n                            \r\n                        <\/figure>\r\n                    <\/div>\r\n                    <div class = \"td-slide-item td-item3\">\r\n                        <figure class=\"td-slide-galery-figure td-slide-popup-gallery\">\r\n                            <a class=\"slide-gallery-image-link\" href=\"https:\/\/www.eldiario.net\/portal\/wp-content\/uploads\/2025\/07\/3-12.webp\" title=\"3\"  data-caption=\"\"  data-description=\"\">\r\n                                <img decoding=\"async\" src=\"https:\/\/www.eldiario.net\/portal\/wp-content\/uploads\/2025\/07\/3-12-537x420.webp\" srcset=\"https:\/\/www.eldiario.net\/portal\/wp-content\/uploads\/2025\/07\/3-12-537x420.webp 537w, https:\/\/www.eldiario.net\/portal\/wp-content\/uploads\/2025\/07\/3-12-300x235.webp 300w, https:\/\/www.eldiario.net\/portal\/wp-content\/uploads\/2025\/07\/3-12-1024x801.webp 1024w, https:\/\/www.eldiario.net\/portal\/wp-content\/uploads\/2025\/07\/3-12-768x601.webp 768w, https:\/\/www.eldiario.net\/portal\/wp-content\/uploads\/2025\/07\/3-12-150x117.webp 150w, https:\/\/www.eldiario.net\/portal\/wp-content\/uploads\/2025\/07\/3-12-696x545.webp 696w, https:\/\/www.eldiario.net\/portal\/wp-content\/uploads\/2025\/07\/3-12-1068x836.webp 1068w, https:\/\/www.eldiario.net\/portal\/wp-content\/uploads\/2025\/07\/3-12.webp 1200w\" sizes=\"(max-width: 537px) 100vw, 537px\" alt=\"\">\r\n                            <\/a>\r\n                            \r\n                        <\/figure>\r\n                    <\/div>\r\n                    <div class = \"td-slide-item td-item4\">\r\n                        <figure class=\"td-slide-galery-figure td-slide-popup-gallery\">\r\n                            <a class=\"slide-gallery-image-link\" href=\"https:\/\/www.eldiario.net\/portal\/wp-content\/uploads\/2025\/07\/4-13.webp\" title=\"4\"  data-caption=\"\"  data-description=\"\">\r\n                                <img decoding=\"async\" src=\"https:\/\/www.eldiario.net\/portal\/wp-content\/uploads\/2025\/07\/4-13-450x420.webp\" srcset=\"https:\/\/www.eldiario.net\/portal\/wp-content\/uploads\/2025\/07\/4-13-450x420.webp 450w, https:\/\/www.eldiario.net\/portal\/wp-content\/uploads\/2025\/07\/4-13-300x280.webp 300w, https:\/\/www.eldiario.net\/portal\/wp-content\/uploads\/2025\/07\/4-13-1024x957.webp 1024w, https:\/\/www.eldiario.net\/portal\/wp-content\/uploads\/2025\/07\/4-13-768x717.webp 768w, https:\/\/www.eldiario.net\/portal\/wp-content\/uploads\/2025\/07\/4-13-150x140.webp 150w, https:\/\/www.eldiario.net\/portal\/wp-content\/uploads\/2025\/07\/4-13-696x650.webp 696w, https:\/\/www.eldiario.net\/portal\/wp-content\/uploads\/2025\/07\/4-13-1068x998.webp 1068w, https:\/\/www.eldiario.net\/portal\/wp-content\/uploads\/2025\/07\/4-13.webp 1200w\" sizes=\"(max-width: 450px) 100vw, 450px\" alt=\"\">\r\n                            <\/a>\r\n                            \r\n                        <\/figure>\r\n                    <\/div>\r\n                    <div class = \"td-slide-item td-item5\">\r\n                        <figure class=\"td-slide-galery-figure td-slide-popup-gallery\">\r\n                            <a class=\"slide-gallery-image-link\" href=\"https:\/\/www.eldiario.net\/portal\/wp-content\/uploads\/2025\/07\/5-8.webp\" title=\"5\"  data-caption=\"\"  data-description=\"\">\r\n                                <img decoding=\"async\" src=\"https:\/\/www.eldiario.net\/portal\/wp-content\/uploads\/2025\/07\/5-8-321x420.webp\" srcset=\"https:\/\/www.eldiario.net\/portal\/wp-content\/uploads\/2025\/07\/5-8-321x420.webp 321w, https:\/\/www.eldiario.net\/portal\/wp-content\/uploads\/2025\/07\/5-8-230x300.webp 230w, https:\/\/www.eldiario.net\/portal\/wp-content\/uploads\/2025\/07\/5-8-783x1024.webp 783w, https:\/\/www.eldiario.net\/portal\/wp-content\/uploads\/2025\/07\/5-8-768x1004.webp 768w, https:\/\/www.eldiario.net\/portal\/wp-content\/uploads\/2025\/07\/5-8-1175x1536.webp 1175w, https:\/\/www.eldiario.net\/portal\/wp-content\/uploads\/2025\/07\/5-8-150x196.webp 150w, https:\/\/www.eldiario.net\/portal\/wp-content\/uploads\/2025\/07\/5-8-300x392.webp 300w, https:\/\/www.eldiario.net\/portal\/wp-content\/uploads\/2025\/07\/5-8-696x910.webp 696w, https:\/\/www.eldiario.net\/portal\/wp-content\/uploads\/2025\/07\/5-8-1068x1396.webp 1068w, https:\/\/www.eldiario.net\/portal\/wp-content\/uploads\/2025\/07\/5-8.webp 1224w\" sizes=\"(max-width: 321px) 100vw, 321px\" alt=\"\">\r\n                            <\/a>\r\n                            \r\n                        <\/figure>\r\n                    <\/div>\r\n                    <div class = \"td-slide-item td-item6\">\r\n                        <figure class=\"td-slide-galery-figure td-slide-popup-gallery\">\r\n                            <a class=\"slide-gallery-image-link\" href=\"https:\/\/www.eldiario.net\/portal\/wp-content\/uploads\/2025\/07\/6-4.webp\" title=\"6\"  data-caption=\"\"  data-description=\"\">\r\n                                <img decoding=\"async\" src=\"https:\/\/www.eldiario.net\/portal\/wp-content\/uploads\/2025\/07\/6-4-282x420.webp\" srcset=\"https:\/\/www.eldiario.net\/portal\/wp-content\/uploads\/2025\/07\/6-4-282x420.webp 282w, https:\/\/www.eldiario.net\/portal\/wp-content\/uploads\/2025\/07\/6-4-202x300.webp 202w, https:\/\/www.eldiario.net\/portal\/wp-content\/uploads\/2025\/07\/6-4-688x1024.webp 688w, https:\/\/www.eldiario.net\/portal\/wp-content\/uploads\/2025\/07\/6-4-768x1142.webp 768w, https:\/\/www.eldiario.net\/portal\/wp-content\/uploads\/2025\/07\/6-4-150x223.webp 150w, https:\/\/www.eldiario.net\/portal\/wp-content\/uploads\/2025\/07\/6-4-300x446.webp 300w, https:\/\/www.eldiario.net\/portal\/wp-content\/uploads\/2025\/07\/6-4-696x1035.webp 696w, https:\/\/www.eldiario.net\/portal\/wp-content\/uploads\/2025\/07\/6-4.webp 880w\" sizes=\"(max-width: 282px) 100vw, 282px\" alt=\"\">\r\n                            <\/a>\r\n                            \r\n                        <\/figure>\r\n                    <\/div>\r\n                    <div class = \"td-slide-item td-item7\">\r\n                        <figure class=\"td-slide-galery-figure td-slide-popup-gallery\">\r\n                            <a class=\"slide-gallery-image-link\" href=\"https:\/\/www.eldiario.net\/portal\/wp-content\/uploads\/2025\/07\/7-1.webp\" title=\"7\"  data-caption=\"\"  data-description=\"\">\r\n                                <img decoding=\"async\" src=\"https:\/\/www.eldiario.net\/portal\/wp-content\/uploads\/2025\/07\/7-1-630x420.webp\" srcset=\"https:\/\/www.eldiario.net\/portal\/wp-content\/uploads\/2025\/07\/7-1-630x420.webp 630w, https:\/\/www.eldiario.net\/portal\/wp-content\/uploads\/2025\/07\/7-1-300x200.webp 300w, https:\/\/www.eldiario.net\/portal\/wp-content\/uploads\/2025\/07\/7-1-1024x683.webp 1024w, https:\/\/www.eldiario.net\/portal\/wp-content\/uploads\/2025\/07\/7-1-768x512.webp 768w, https:\/\/www.eldiario.net\/portal\/wp-content\/uploads\/2025\/07\/7-1-150x100.webp 150w, https:\/\/www.eldiario.net\/portal\/wp-content\/uploads\/2025\/07\/7-1-696x464.webp 696w, https:\/\/www.eldiario.net\/portal\/wp-content\/uploads\/2025\/07\/7-1-1068x712.webp 1068w, https:\/\/www.eldiario.net\/portal\/wp-content\/uploads\/2025\/07\/7-1.webp 1200w\" sizes=\"(max-width: 630px) 100vw, 630px\" alt=\"\">\r\n                            <\/a>\r\n                            \r\n                        <\/figure>\r\n                    <\/div>\r\n                            <\/div>\r\n                        <\/div>\r\n\r\n                        <div class = \"td-doubleSlider-2\">\r\n                            <div class = \"td-slider\">\r\n                                \r\n                    <div class = \"td-button td-item1\">\r\n                        <div class = \"td-border\"><\/div>\r\n                    <\/div>\r\n                    <div class = \"td-button td-item2\">\r\n                        <div class = \"td-border\"><\/div>\r\n                    <\/div>\r\n                    <div class = \"td-button td-item3\">\r\n                        <div class = \"td-border\"><\/div>\r\n                    <\/div>\r\n                    <div class = \"td-button td-item4\">\r\n                        <div class = \"td-border\"><\/div>\r\n                    <\/div>\r\n                    <div class = \"td-button td-item5\">\r\n                        <div class = \"td-border\"><\/div>\r\n                    <\/div>\r\n                    <div class = \"td-button td-item6\">\r\n                        <div class = \"td-border\"><\/div>\r\n                    <\/div>\r\n                    <div class = \"td-button td-item7\">\r\n                        <div class = \"td-border\"><\/div>\r\n                    <\/div>\r\n                            <\/div>\r\n                        <\/div>\r\n\r\n                    <\/div>\r\n\r\n                <\/div>\r\n                \n","protected":false},"excerpt":{"rendered":"<p>En el a\u00f1o del Bicentenario de Bolivia, un nuevo cap\u00edtulo se escribe en su historia con la inauguraci\u00f3n del Centro Cultural Museo Marina N\u00fa\u00f1ez del Prado (CCM-MNP), dependiente de la Fundaci\u00f3n Cultural del Banco Central de Bolivia (FC-BCB). Este espacio emerge como un tributo vivo a una de las artistas m\u00e1s emblem\u00e1ticas del pa\u00eds y [&hellip;]<\/p>\n","protected":false},"author":1,"featured_media":320796,"comment_status":"closed","ping_status":"open","sticky":false,"template":"","format":"standard","meta":{"_acf_changed":false,"footnotes":""},"categories":[41],"tags":[],"class_list":["post-320795","post","type-post","status-publish","format-standard","has-post-thumbnail","category-la-guia"],"acf":{"antetitulo":""},"yoast_head":"<!-- This site is optimized with the Yoast SEO plugin v28.4 - https:\/\/yoast.com\/product\/yoast-seo-wordpress\/ -->\n<title>Inauguran el Centro Cultural Museo Marina N\u00fa\u00f1ez del Prado - El Diario - Bolivia<\/title>\n<meta name=\"robots\" content=\"index, follow, max-snippet:-1, max-image-preview:large, max-video-preview:-1\" \/>\n<link rel=\"canonical\" href=\"https:\/\/www.eldiario.net\/portal\/2025\/08\/01\/inauguran-el-centro-cultural-museo-marina-nunez-del-prado\/\" \/>\n<meta property=\"og:locale\" content=\"es_ES\" \/>\n<meta property=\"og:type\" content=\"article\" \/>\n<meta property=\"og:title\" content=\"Inauguran el Centro Cultural Museo Marina N\u00fa\u00f1ez del Prado - El Diario - Bolivia\" \/>\n<meta property=\"og:description\" content=\"En el a\u00f1o del Bicentenario de Bolivia, un nuevo cap\u00edtulo se escribe en su historia con la inauguraci\u00f3n del Centro Cultural Museo Marina N\u00fa\u00f1ez del Prado (CCM-MNP), dependiente de la Fundaci\u00f3n Cultural del Banco Central de Bolivia (FC-BCB). Este espacio emerge como un tributo vivo a una de las artistas m\u00e1s emblem\u00e1ticas del pa\u00eds y [&hellip;]\" \/>\n<meta property=\"og:url\" content=\"https:\/\/www.eldiario.net\/portal\/2025\/08\/01\/inauguran-el-centro-cultural-museo-marina-nunez-del-prado\/\" \/>\n<meta property=\"og:site_name\" content=\"El Diario - Bolivia\" \/>\n<meta property=\"article:publisher\" content=\"https:\/\/www.facebook.com\/eldiario.bolivia\/\" \/>\n<meta property=\"article:published_time\" content=\"2025-08-01T04:14:52+00:00\" \/>\n<meta property=\"og:image\" content=\"https:\/\/www.eldiario.net\/portal\/wp-content\/uploads\/2025\/07\/1-PRINCIPAL-15.webp\" \/>\n\t<meta property=\"og:image:width\" content=\"909\" \/>\n\t<meta property=\"og:image:height\" content=\"975\" \/>\n\t<meta property=\"og:image:type\" content=\"image\/webp\" \/>\n<meta name=\"author\" content=\"Jeanette\" \/>\n<meta name=\"twitter:card\" content=\"summary_large_image\" \/>\n<meta name=\"twitter:creator\" content=\"@eldiario_net\" \/>\n<meta name=\"twitter:site\" content=\"@eldiario_net\" \/>\n<meta name=\"twitter:label1\" content=\"Escrito por\" \/>\n\t<meta name=\"twitter:data1\" content=\"Jeanette\" \/>\n\t<meta name=\"twitter:label2\" content=\"Tiempo de lectura\" \/>\n\t<meta name=\"twitter:data2\" content=\"7 minutos\" \/>\n<script type=\"application\/ld+json\" class=\"yoast-schema-graph\">{\"@context\":\"https:\\\/\\\/schema.org\",\"@graph\":[{\"@type\":\"Article\",\"@id\":\"https:\\\/\\\/www.eldiario.net\\\/portal\\\/2025\\\/08\\\/01\\\/inauguran-el-centro-cultural-museo-marina-nunez-del-prado\\\/#article\",\"isPartOf\":{\"@id\":\"https:\\\/\\\/www.eldiario.net\\\/portal\\\/2025\\\/08\\\/01\\\/inauguran-el-centro-cultural-museo-marina-nunez-del-prado\\\/\"},\"author\":{\"name\":\"Jeanette\",\"@id\":\"https:\\\/\\\/www.eldiario.net\\\/portal\\\/#\\\/schema\\\/person\\\/2c57cf2b7a7ae032e449e4c9b1019eac\"},\"headline\":\"Inauguran el Centro Cultural Museo Marina N\u00fa\u00f1ez del Prado\",\"datePublished\":\"2025-08-01T04:14:52+00:00\",\"mainEntityOfPage\":{\"@id\":\"https:\\\/\\\/www.eldiario.net\\\/portal\\\/2025\\\/08\\\/01\\\/inauguran-el-centro-cultural-museo-marina-nunez-del-prado\\\/\"},\"wordCount\":1641,\"publisher\":{\"@id\":\"https:\\\/\\\/www.eldiario.net\\\/portal\\\/#organization\"},\"image\":{\"@id\":\"https:\\\/\\\/www.eldiario.net\\\/portal\\\/2025\\\/08\\\/01\\\/inauguran-el-centro-cultural-museo-marina-nunez-del-prado\\\/#primaryimage\"},\"thumbnailUrl\":\"https:\\\/\\\/www.eldiario.net\\\/portal\\\/wp-content\\\/uploads\\\/2025\\\/07\\\/1-PRINCIPAL-15.webp\",\"articleSection\":[\"La Gu\u00eda\"],\"inLanguage\":\"es\"},{\"@type\":\"WebPage\",\"@id\":\"https:\\\/\\\/www.eldiario.net\\\/portal\\\/2025\\\/08\\\/01\\\/inauguran-el-centro-cultural-museo-marina-nunez-del-prado\\\/\",\"url\":\"https:\\\/\\\/www.eldiario.net\\\/portal\\\/2025\\\/08\\\/01\\\/inauguran-el-centro-cultural-museo-marina-nunez-del-prado\\\/\",\"name\":\"Inauguran el Centro Cultural Museo Marina N\u00fa\u00f1ez del Prado - El Diario - Bolivia\",\"isPartOf\":{\"@id\":\"https:\\\/\\\/www.eldiario.net\\\/portal\\\/#website\"},\"primaryImageOfPage\":{\"@id\":\"https:\\\/\\\/www.eldiario.net\\\/portal\\\/2025\\\/08\\\/01\\\/inauguran-el-centro-cultural-museo-marina-nunez-del-prado\\\/#primaryimage\"},\"image\":{\"@id\":\"https:\\\/\\\/www.eldiario.net\\\/portal\\\/2025\\\/08\\\/01\\\/inauguran-el-centro-cultural-museo-marina-nunez-del-prado\\\/#primaryimage\"},\"thumbnailUrl\":\"https:\\\/\\\/www.eldiario.net\\\/portal\\\/wp-content\\\/uploads\\\/2025\\\/07\\\/1-PRINCIPAL-15.webp\",\"datePublished\":\"2025-08-01T04:14:52+00:00\",\"breadcrumb\":{\"@id\":\"https:\\\/\\\/www.eldiario.net\\\/portal\\\/2025\\\/08\\\/01\\\/inauguran-el-centro-cultural-museo-marina-nunez-del-prado\\\/#breadcrumb\"},\"inLanguage\":\"es\",\"potentialAction\":[{\"@type\":\"ReadAction\",\"target\":[\"https:\\\/\\\/www.eldiario.net\\\/portal\\\/2025\\\/08\\\/01\\\/inauguran-el-centro-cultural-museo-marina-nunez-del-prado\\\/\"]}]},{\"@type\":\"ImageObject\",\"inLanguage\":\"es\",\"@id\":\"https:\\\/\\\/www.eldiario.net\\\/portal\\\/2025\\\/08\\\/01\\\/inauguran-el-centro-cultural-museo-marina-nunez-del-prado\\\/#primaryimage\",\"url\":\"https:\\\/\\\/www.eldiario.net\\\/portal\\\/wp-content\\\/uploads\\\/2025\\\/07\\\/1-PRINCIPAL-15.webp\",\"contentUrl\":\"https:\\\/\\\/www.eldiario.net\\\/portal\\\/wp-content\\\/uploads\\\/2025\\\/07\\\/1-PRINCIPAL-15.webp\",\"width\":909,\"height\":975},{\"@type\":\"BreadcrumbList\",\"@id\":\"https:\\\/\\\/www.eldiario.net\\\/portal\\\/2025\\\/08\\\/01\\\/inauguran-el-centro-cultural-museo-marina-nunez-del-prado\\\/#breadcrumb\",\"itemListElement\":[{\"@type\":\"ListItem\",\"position\":1,\"name\":\"Portada\",\"item\":\"https:\\\/\\\/www.eldiario.net\\\/portal\\\/\"},{\"@type\":\"ListItem\",\"position\":2,\"name\":\"Inauguran el Centro Cultural Museo Marina N\u00fa\u00f1ez del Prado\"}]},{\"@type\":\"WebSite\",\"@id\":\"https:\\\/\\\/www.eldiario.net\\\/portal\\\/#website\",\"url\":\"https:\\\/\\\/www.eldiario.net\\\/portal\\\/\",\"name\":\"El Diario - Decano de la prensa nacional\",\"description\":\"El Diario - Decano de la prensa nacional\",\"publisher\":{\"@id\":\"https:\\\/\\\/www.eldiario.net\\\/portal\\\/#organization\"},\"potentialAction\":[{\"@type\":\"SearchAction\",\"target\":{\"@type\":\"EntryPoint\",\"urlTemplate\":\"https:\\\/\\\/www.eldiario.net\\\/portal\\\/?s={search_term_string}\"},\"query-input\":{\"@type\":\"PropertyValueSpecification\",\"valueRequired\":true,\"valueName\":\"search_term_string\"}}],\"inLanguage\":\"es\"},{\"@type\":\"Organization\",\"@id\":\"https:\\\/\\\/www.eldiario.net\\\/portal\\\/#organization\",\"name\":\"El Diario - Decano de la prensa nacional\",\"url\":\"https:\\\/\\\/www.eldiario.net\\\/portal\\\/\",\"logo\":{\"@type\":\"ImageObject\",\"inLanguage\":\"es\",\"@id\":\"https:\\\/\\\/www.eldiario.net\\\/portal\\\/#\\\/schema\\\/logo\\\/image\\\/\",\"url\":\"https:\\\/\\\/www.eldiario.net\\\/portal\\\/wp-content\\\/uploads\\\/2023\\\/07\\\/logo_ED.jpg\",\"contentUrl\":\"https:\\\/\\\/www.eldiario.net\\\/portal\\\/wp-content\\\/uploads\\\/2023\\\/07\\\/logo_ED.jpg\",\"width\":272,\"height\":52,\"caption\":\"El Diario - Decano de la prensa nacional\"},\"image\":{\"@id\":\"https:\\\/\\\/www.eldiario.net\\\/portal\\\/#\\\/schema\\\/logo\\\/image\\\/\"},\"sameAs\":[\"https:\\\/\\\/www.facebook.com\\\/eldiario.bolivia\\\/\",\"https:\\\/\\\/x.com\\\/eldiario_net\"]},{\"@type\":\"Person\",\"@id\":\"https:\\\/\\\/www.eldiario.net\\\/portal\\\/#\\\/schema\\\/person\\\/2c57cf2b7a7ae032e449e4c9b1019eac\",\"name\":\"Jeanette\",\"image\":{\"@type\":\"ImageObject\",\"inLanguage\":\"es\",\"@id\":\"https:\\\/\\\/secure.gravatar.com\\\/avatar\\\/3ea2118a5f7dad2b7138b1187a6b7ee55f160b9968b66013c3a3ef39dd7e5798?s=96&d=mm&r=g\",\"url\":\"https:\\\/\\\/secure.gravatar.com\\\/avatar\\\/3ea2118a5f7dad2b7138b1187a6b7ee55f160b9968b66013c3a3ef39dd7e5798?s=96&d=mm&r=g\",\"contentUrl\":\"https:\\\/\\\/secure.gravatar.com\\\/avatar\\\/3ea2118a5f7dad2b7138b1187a6b7ee55f160b9968b66013c3a3ef39dd7e5798?s=96&d=mm&r=g\",\"caption\":\"Jeanette\"},\"sameAs\":[\"https:\\\/\\\/www.eldiario.net\\\/portal\"],\"url\":\"https:\\\/\\\/www.eldiario.net\\\/portal\\\/author\\\/jeanette\\\/\"}]}<\/script>\n<!-- \/ Yoast SEO plugin. -->","yoast_head_json":{"title":"Inauguran el Centro Cultural Museo Marina N\u00fa\u00f1ez del Prado - El Diario - Bolivia","robots":{"index":"index","follow":"follow","max-snippet":"max-snippet:-1","max-image-preview":"max-image-preview:large","max-video-preview":"max-video-preview:-1"},"canonical":"https:\/\/www.eldiario.net\/portal\/2025\/08\/01\/inauguran-el-centro-cultural-museo-marina-nunez-del-prado\/","og_locale":"es_ES","og_type":"article","og_title":"Inauguran el Centro Cultural Museo Marina N\u00fa\u00f1ez del Prado - El Diario - Bolivia","og_description":"En el a\u00f1o del Bicentenario de Bolivia, un nuevo cap\u00edtulo se escribe en su historia con la inauguraci\u00f3n del Centro Cultural Museo Marina N\u00fa\u00f1ez del Prado (CCM-MNP), dependiente de la Fundaci\u00f3n Cultural del Banco Central de Bolivia (FC-BCB). Este espacio emerge como un tributo vivo a una de las artistas m\u00e1s emblem\u00e1ticas del pa\u00eds y [&hellip;]","og_url":"https:\/\/www.eldiario.net\/portal\/2025\/08\/01\/inauguran-el-centro-cultural-museo-marina-nunez-del-prado\/","og_site_name":"El Diario - Bolivia","article_publisher":"https:\/\/www.facebook.com\/eldiario.bolivia\/","article_published_time":"2025-08-01T04:14:52+00:00","og_image":[{"width":909,"height":975,"url":"https:\/\/www.eldiario.net\/portal\/wp-content\/uploads\/2025\/07\/1-PRINCIPAL-15.webp","type":"image\/webp"}],"author":"Jeanette","twitter_card":"summary_large_image","twitter_creator":"@eldiario_net","twitter_site":"@eldiario_net","twitter_misc":{"Escrito por":"Jeanette","Tiempo de lectura":"7 minutos"},"schema":{"@context":"https:\/\/schema.org","@graph":[{"@type":"Article","@id":"https:\/\/www.eldiario.net\/portal\/2025\/08\/01\/inauguran-el-centro-cultural-museo-marina-nunez-del-prado\/#article","isPartOf":{"@id":"https:\/\/www.eldiario.net\/portal\/2025\/08\/01\/inauguran-el-centro-cultural-museo-marina-nunez-del-prado\/"},"author":{"name":"Jeanette","@id":"https:\/\/www.eldiario.net\/portal\/#\/schema\/person\/2c57cf2b7a7ae032e449e4c9b1019eac"},"headline":"Inauguran el Centro Cultural Museo Marina N\u00fa\u00f1ez del Prado","datePublished":"2025-08-01T04:14:52+00:00","mainEntityOfPage":{"@id":"https:\/\/www.eldiario.net\/portal\/2025\/08\/01\/inauguran-el-centro-cultural-museo-marina-nunez-del-prado\/"},"wordCount":1641,"publisher":{"@id":"https:\/\/www.eldiario.net\/portal\/#organization"},"image":{"@id":"https:\/\/www.eldiario.net\/portal\/2025\/08\/01\/inauguran-el-centro-cultural-museo-marina-nunez-del-prado\/#primaryimage"},"thumbnailUrl":"https:\/\/www.eldiario.net\/portal\/wp-content\/uploads\/2025\/07\/1-PRINCIPAL-15.webp","articleSection":["La Gu\u00eda"],"inLanguage":"es"},{"@type":"WebPage","@id":"https:\/\/www.eldiario.net\/portal\/2025\/08\/01\/inauguran-el-centro-cultural-museo-marina-nunez-del-prado\/","url":"https:\/\/www.eldiario.net\/portal\/2025\/08\/01\/inauguran-el-centro-cultural-museo-marina-nunez-del-prado\/","name":"Inauguran el Centro Cultural Museo Marina N\u00fa\u00f1ez del Prado - El Diario - Bolivia","isPartOf":{"@id":"https:\/\/www.eldiario.net\/portal\/#website"},"primaryImageOfPage":{"@id":"https:\/\/www.eldiario.net\/portal\/2025\/08\/01\/inauguran-el-centro-cultural-museo-marina-nunez-del-prado\/#primaryimage"},"image":{"@id":"https:\/\/www.eldiario.net\/portal\/2025\/08\/01\/inauguran-el-centro-cultural-museo-marina-nunez-del-prado\/#primaryimage"},"thumbnailUrl":"https:\/\/www.eldiario.net\/portal\/wp-content\/uploads\/2025\/07\/1-PRINCIPAL-15.webp","datePublished":"2025-08-01T04:14:52+00:00","breadcrumb":{"@id":"https:\/\/www.eldiario.net\/portal\/2025\/08\/01\/inauguran-el-centro-cultural-museo-marina-nunez-del-prado\/#breadcrumb"},"inLanguage":"es","potentialAction":[{"@type":"ReadAction","target":["https:\/\/www.eldiario.net\/portal\/2025\/08\/01\/inauguran-el-centro-cultural-museo-marina-nunez-del-prado\/"]}]},{"@type":"ImageObject","inLanguage":"es","@id":"https:\/\/www.eldiario.net\/portal\/2025\/08\/01\/inauguran-el-centro-cultural-museo-marina-nunez-del-prado\/#primaryimage","url":"https:\/\/www.eldiario.net\/portal\/wp-content\/uploads\/2025\/07\/1-PRINCIPAL-15.webp","contentUrl":"https:\/\/www.eldiario.net\/portal\/wp-content\/uploads\/2025\/07\/1-PRINCIPAL-15.webp","width":909,"height":975},{"@type":"BreadcrumbList","@id":"https:\/\/www.eldiario.net\/portal\/2025\/08\/01\/inauguran-el-centro-cultural-museo-marina-nunez-del-prado\/#breadcrumb","itemListElement":[{"@type":"ListItem","position":1,"name":"Portada","item":"https:\/\/www.eldiario.net\/portal\/"},{"@type":"ListItem","position":2,"name":"Inauguran el Centro Cultural Museo Marina N\u00fa\u00f1ez del Prado"}]},{"@type":"WebSite","@id":"https:\/\/www.eldiario.net\/portal\/#website","url":"https:\/\/www.eldiario.net\/portal\/","name":"El Diario - Decano de la prensa nacional","description":"El Diario - Decano de la prensa nacional","publisher":{"@id":"https:\/\/www.eldiario.net\/portal\/#organization"},"potentialAction":[{"@type":"SearchAction","target":{"@type":"EntryPoint","urlTemplate":"https:\/\/www.eldiario.net\/portal\/?s={search_term_string}"},"query-input":{"@type":"PropertyValueSpecification","valueRequired":true,"valueName":"search_term_string"}}],"inLanguage":"es"},{"@type":"Organization","@id":"https:\/\/www.eldiario.net\/portal\/#organization","name":"El Diario - Decano de la prensa nacional","url":"https:\/\/www.eldiario.net\/portal\/","logo":{"@type":"ImageObject","inLanguage":"es","@id":"https:\/\/www.eldiario.net\/portal\/#\/schema\/logo\/image\/","url":"https:\/\/www.eldiario.net\/portal\/wp-content\/uploads\/2023\/07\/logo_ED.jpg","contentUrl":"https:\/\/www.eldiario.net\/portal\/wp-content\/uploads\/2023\/07\/logo_ED.jpg","width":272,"height":52,"caption":"El Diario - Decano de la prensa nacional"},"image":{"@id":"https:\/\/www.eldiario.net\/portal\/#\/schema\/logo\/image\/"},"sameAs":["https:\/\/www.facebook.com\/eldiario.bolivia\/","https:\/\/x.com\/eldiario_net"]},{"@type":"Person","@id":"https:\/\/www.eldiario.net\/portal\/#\/schema\/person\/2c57cf2b7a7ae032e449e4c9b1019eac","name":"Jeanette","image":{"@type":"ImageObject","inLanguage":"es","@id":"https:\/\/secure.gravatar.com\/avatar\/3ea2118a5f7dad2b7138b1187a6b7ee55f160b9968b66013c3a3ef39dd7e5798?s=96&d=mm&r=g","url":"https:\/\/secure.gravatar.com\/avatar\/3ea2118a5f7dad2b7138b1187a6b7ee55f160b9968b66013c3a3ef39dd7e5798?s=96&d=mm&r=g","contentUrl":"https:\/\/secure.gravatar.com\/avatar\/3ea2118a5f7dad2b7138b1187a6b7ee55f160b9968b66013c3a3ef39dd7e5798?s=96&d=mm&r=g","caption":"Jeanette"},"sameAs":["https:\/\/www.eldiario.net\/portal"],"url":"https:\/\/www.eldiario.net\/portal\/author\/jeanette\/"}]}},"_links":{"self":[{"href":"https:\/\/www.eldiario.net\/portal\/wp-json\/wp\/v2\/posts\/320795","targetHints":{"allow":["GET"]}}],"collection":[{"href":"https:\/\/www.eldiario.net\/portal\/wp-json\/wp\/v2\/posts"}],"about":[{"href":"https:\/\/www.eldiario.net\/portal\/wp-json\/wp\/v2\/types\/post"}],"author":[{"embeddable":true,"href":"https:\/\/www.eldiario.net\/portal\/wp-json\/wp\/v2\/users\/1"}],"replies":[{"embeddable":true,"href":"https:\/\/www.eldiario.net\/portal\/wp-json\/wp\/v2\/comments?post=320795"}],"version-history":[{"count":1,"href":"https:\/\/www.eldiario.net\/portal\/wp-json\/wp\/v2\/posts\/320795\/revisions"}],"predecessor-version":[{"id":320803,"href":"https:\/\/www.eldiario.net\/portal\/wp-json\/wp\/v2\/posts\/320795\/revisions\/320803"}],"wp:featuredmedia":[{"embeddable":true,"href":"https:\/\/www.eldiario.net\/portal\/wp-json\/wp\/v2\/media\/320796"}],"wp:attachment":[{"href":"https:\/\/www.eldiario.net\/portal\/wp-json\/wp\/v2\/media?parent=320795"}],"wp:term":[{"taxonomy":"category","embeddable":true,"href":"https:\/\/www.eldiario.net\/portal\/wp-json\/wp\/v2\/categories?post=320795"},{"taxonomy":"post_tag","embeddable":true,"href":"https:\/\/www.eldiario.net\/portal\/wp-json\/wp\/v2\/tags?post=320795"}],"curies":[{"name":"wp","href":"https:\/\/api.w.org\/{rel}","templated":true}]}}