{"id":320706,"date":"2025-07-31T06:21:05","date_gmt":"2025-07-31T10:21:05","guid":{"rendered":"https:\/\/www.eldiario.net\/portal\/?p=320706"},"modified":"2025-07-31T06:21:05","modified_gmt":"2025-07-31T10:21:05","slug":"fbf-reconoce-a-terrazas-como-presidente-de-the-strongest","status":"publish","type":"post","link":"https:\/\/www.eldiario.net\/portal\/2025\/07\/31\/fbf-reconoce-a-terrazas-como-presidente-de-the-strongest\/","title":{"rendered":"FBF reconoce a Terrazas como presidente de The Strongest"},"content":{"rendered":"<p>En cumplimiento con las normas vigentes, la Federaci\u00f3n Boliviana de F\u00fatbol (FBF) ampara al presidente electo de The Strongest, Daniel Terrazas Flores, despu\u00e9s de que el directorio del club decidi\u00f3 suspender al dirigente junto a Adri\u00e1n Monje, encargado de la Comisi\u00f3n de F\u00fatbol.<\/p>\n<p>Un d\u00eda despu\u00e9s de la suspensi\u00f3n de Terrazas y Monje, desde la Federaci\u00f3n informaron que no recibi\u00f3 una notificaci\u00f3n oficial sobre esta determinaci\u00f3n que tomaron cuatro dirigentes del directorio, encabezado por la vicepresidenta Paola Mendoza.<\/p>\n<p>Terrazas lleg\u00f3 a sus primeros dos meses como presidente del Tigre con este conflicto en manos, producto del reclamo de los obreros del complejo, que ped\u00edan el pago de los sueldos, una deuda que lleg\u00f3 a los tres meses. A este pedido se sum\u00f3, de manera sorpresiva, la barra brava de La Gloriosa Ultra Sur, levantando la bandera de la renuncia de Terrazas, consiguiendo que \u00e9ste y a Monje sean derivados al Tribunal de Honor y perdieron su condici\u00f3n de socios de la instituci\u00f3n.<\/p>\n<p>Dicha instancia del club no cuenta con el reconocimiento de la Federaci\u00f3n Boliviana de F\u00fatbol, entidad que exige a sus afiliados tener actualizadas las normas y los estatutos, un panorama en el cual no est\u00e1 The Strongest, que hasta ahora no adecu\u00f3 esta documentaci\u00f3n.<\/p>\n<p>Este mi\u00e9rcoles, Terrazas no pudo ingresar a su oficina en el complejo de Achumani, donde el movimiento ven\u00eda de parte de Mendoza y el resto del directorio, tratando de conseguir, sin \u00e9xito, el aval de la Federaci\u00f3n sobre su decisi\u00f3n.<\/p>\n<p>&nbsp;<\/p>\n<p>CASTIGO<\/p>\n<p>Lo \u00fanico certero fue la sanci\u00f3n que cay\u00f3 sobre The Strongest de parte de la C\u00e1mara de Justicia de la FIFA, que actualiz\u00f3 la \u201clista negra\u201d de clubes que tienen prohibido registrar nuevos jugadores. La demanda del entrenador argentino Pablo Lavallen (2024) ingres\u00f3 a la plataforma este mi\u00e9rcoles, con la imposibilidad de que el club registre nuevos futbolistas por los pr\u00f3ximos tres per\u00edodos.<\/p>\n<p>&nbsp;<\/p>\n<p>(APG)<\/p>\n<p>&nbsp;<\/p>\n","protected":false},"excerpt":{"rendered":"<p>En cumplimiento con las normas vigentes, la Federaci\u00f3n Boliviana de F\u00fatbol (FBF) ampara al presidente electo de The Strongest, Daniel Terrazas Flores, despu\u00e9s de que el directorio del club decidi\u00f3 suspender al dirigente junto a Adri\u00e1n Monje, encargado de la Comisi\u00f3n de F\u00fatbol. Un d\u00eda despu\u00e9s de la suspensi\u00f3n de Terrazas y Monje, desde la [&hellip;]<\/p>\n","protected":false},"author":1,"featured_media":320707,"comment_status":"closed","ping_status":"open","sticky":false,"template":"","format":"standard","meta":{"_acf_changed":false,"footnotes":""},"categories":[6],"tags":[],"class_list":["post-320706","post","type-post","status-publish","format-standard","has-post-thumbnail","category-deportes"],"acf":{"antetitulo":""},"yoast_head":"<!-- This site is optimized with the Yoast SEO plugin v28.4 - https:\/\/yoast.com\/product\/yoast-seo-wordpress\/ -->\n<title>FBF reconoce a Terrazas como presidente de The Strongest - El Diario - Bolivia<\/title>\n<meta name=\"robots\" content=\"index, follow, max-snippet:-1, max-image-preview:large, max-video-preview:-1\" \/>\n<link rel=\"canonical\" href=\"https:\/\/www.eldiario.net\/portal\/2025\/07\/31\/fbf-reconoce-a-terrazas-como-presidente-de-the-strongest\/\" \/>\n<meta property=\"og:locale\" content=\"es_ES\" \/>\n<meta property=\"og:type\" content=\"article\" \/>\n<meta property=\"og:title\" content=\"FBF reconoce a Terrazas como presidente de The Strongest - El Diario - Bolivia\" \/>\n<meta property=\"og:description\" content=\"En cumplimiento con las normas vigentes, la Federaci\u00f3n Boliviana de F\u00fatbol (FBF) ampara al presidente electo de The Strongest, Daniel Terrazas Flores, despu\u00e9s de que el directorio del club decidi\u00f3 suspender al dirigente junto a Adri\u00e1n Monje, encargado de la Comisi\u00f3n de F\u00fatbol. Un d\u00eda despu\u00e9s de la suspensi\u00f3n de Terrazas y Monje, desde la [&hellip;]\" \/>\n<meta property=\"og:url\" content=\"https:\/\/www.eldiario.net\/portal\/2025\/07\/31\/fbf-reconoce-a-terrazas-como-presidente-de-the-strongest\/\" \/>\n<meta property=\"og:site_name\" content=\"El Diario - Bolivia\" \/>\n<meta property=\"article:publisher\" content=\"https:\/\/www.facebook.com\/eldiario.bolivia\/\" \/>\n<meta property=\"article:published_time\" content=\"2025-07-31T10:21:05+00:00\" \/>\n<meta property=\"og:image\" content=\"https:\/\/www.eldiario.net\/portal\/wp-content\/uploads\/2025\/07\/Tigre-30.webp\" \/>\n\t<meta property=\"og:image:width\" content=\"720\" \/>\n\t<meta property=\"og:image:height\" content=\"507\" \/>\n\t<meta property=\"og:image:type\" content=\"image\/webp\" \/>\n<meta name=\"author\" content=\"Jeanette\" \/>\n<meta name=\"twitter:card\" content=\"summary_large_image\" \/>\n<meta name=\"twitter:creator\" content=\"@eldiario_net\" \/>\n<meta name=\"twitter:site\" content=\"@eldiario_net\" \/>\n<meta name=\"twitter:label1\" content=\"Escrito por\" \/>\n\t<meta name=\"twitter:data1\" content=\"Jeanette\" \/>\n\t<meta name=\"twitter:label2\" content=\"Tiempo de lectura\" \/>\n\t<meta name=\"twitter:data2\" content=\"2 minutos\" \/>\n<script type=\"application\/ld+json\" class=\"yoast-schema-graph\">{\"@context\":\"https:\\\/\\\/schema.org\",\"@graph\":[{\"@type\":\"Article\",\"@id\":\"https:\\\/\\\/www.eldiario.net\\\/portal\\\/2025\\\/07\\\/31\\\/fbf-reconoce-a-terrazas-como-presidente-de-the-strongest\\\/#article\",\"isPartOf\":{\"@id\":\"https:\\\/\\\/www.eldiario.net\\\/portal\\\/2025\\\/07\\\/31\\\/fbf-reconoce-a-terrazas-como-presidente-de-the-strongest\\\/\"},\"author\":{\"name\":\"Jeanette\",\"@id\":\"https:\\\/\\\/www.eldiario.net\\\/portal\\\/#\\\/schema\\\/person\\\/2c57cf2b7a7ae032e449e4c9b1019eac\"},\"headline\":\"FBF reconoce a Terrazas como presidente de The Strongest\",\"datePublished\":\"2025-07-31T10:21:05+00:00\",\"mainEntityOfPage\":{\"@id\":\"https:\\\/\\\/www.eldiario.net\\\/portal\\\/2025\\\/07\\\/31\\\/fbf-reconoce-a-terrazas-como-presidente-de-the-strongest\\\/\"},\"wordCount\":349,\"publisher\":{\"@id\":\"https:\\\/\\\/www.eldiario.net\\\/portal\\\/#organization\"},\"image\":{\"@id\":\"https:\\\/\\\/www.eldiario.net\\\/portal\\\/2025\\\/07\\\/31\\\/fbf-reconoce-a-terrazas-como-presidente-de-the-strongest\\\/#primaryimage\"},\"thumbnailUrl\":\"https:\\\/\\\/www.eldiario.net\\\/portal\\\/wp-content\\\/uploads\\\/2025\\\/07\\\/Tigre-30.webp\",\"articleSection\":[\"Deportes\"],\"inLanguage\":\"es\"},{\"@type\":\"WebPage\",\"@id\":\"https:\\\/\\\/www.eldiario.net\\\/portal\\\/2025\\\/07\\\/31\\\/fbf-reconoce-a-terrazas-como-presidente-de-the-strongest\\\/\",\"url\":\"https:\\\/\\\/www.eldiario.net\\\/portal\\\/2025\\\/07\\\/31\\\/fbf-reconoce-a-terrazas-como-presidente-de-the-strongest\\\/\",\"name\":\"FBF reconoce a Terrazas como presidente de The Strongest - El Diario - Bolivia\",\"isPartOf\":{\"@id\":\"https:\\\/\\\/www.eldiario.net\\\/portal\\\/#website\"},\"primaryImageOfPage\":{\"@id\":\"https:\\\/\\\/www.eldiario.net\\\/portal\\\/2025\\\/07\\\/31\\\/fbf-reconoce-a-terrazas-como-presidente-de-the-strongest\\\/#primaryimage\"},\"image\":{\"@id\":\"https:\\\/\\\/www.eldiario.net\\\/portal\\\/2025\\\/07\\\/31\\\/fbf-reconoce-a-terrazas-como-presidente-de-the-strongest\\\/#primaryimage\"},\"thumbnailUrl\":\"https:\\\/\\\/www.eldiario.net\\\/portal\\\/wp-content\\\/uploads\\\/2025\\\/07\\\/Tigre-30.webp\",\"datePublished\":\"2025-07-31T10:21:05+00:00\",\"breadcrumb\":{\"@id\":\"https:\\\/\\\/www.eldiario.net\\\/portal\\\/2025\\\/07\\\/31\\\/fbf-reconoce-a-terrazas-como-presidente-de-the-strongest\\\/#breadcrumb\"},\"inLanguage\":\"es\",\"potentialAction\":[{\"@type\":\"ReadAction\",\"target\":[\"https:\\\/\\\/www.eldiario.net\\\/portal\\\/2025\\\/07\\\/31\\\/fbf-reconoce-a-terrazas-como-presidente-de-the-strongest\\\/\"]}]},{\"@type\":\"ImageObject\",\"inLanguage\":\"es\",\"@id\":\"https:\\\/\\\/www.eldiario.net\\\/portal\\\/2025\\\/07\\\/31\\\/fbf-reconoce-a-terrazas-como-presidente-de-the-strongest\\\/#primaryimage\",\"url\":\"https:\\\/\\\/www.eldiario.net\\\/portal\\\/wp-content\\\/uploads\\\/2025\\\/07\\\/Tigre-30.webp\",\"contentUrl\":\"https:\\\/\\\/www.eldiario.net\\\/portal\\\/wp-content\\\/uploads\\\/2025\\\/07\\\/Tigre-30.webp\",\"width\":720,\"height\":507},{\"@type\":\"BreadcrumbList\",\"@id\":\"https:\\\/\\\/www.eldiario.net\\\/portal\\\/2025\\\/07\\\/31\\\/fbf-reconoce-a-terrazas-como-presidente-de-the-strongest\\\/#breadcrumb\",\"itemListElement\":[{\"@type\":\"ListItem\",\"position\":1,\"name\":\"Portada\",\"item\":\"https:\\\/\\\/www.eldiario.net\\\/portal\\\/\"},{\"@type\":\"ListItem\",\"position\":2,\"name\":\"FBF reconoce a Terrazas como presidente de The Strongest\"}]},{\"@type\":\"WebSite\",\"@id\":\"https:\\\/\\\/www.eldiario.net\\\/portal\\\/#website\",\"url\":\"https:\\\/\\\/www.eldiario.net\\\/portal\\\/\",\"name\":\"El Diario - Decano de la prensa nacional\",\"description\":\"El Diario - Decano de la prensa nacional\",\"publisher\":{\"@id\":\"https:\\\/\\\/www.eldiario.net\\\/portal\\\/#organization\"},\"potentialAction\":[{\"@type\":\"SearchAction\",\"target\":{\"@type\":\"EntryPoint\",\"urlTemplate\":\"https:\\\/\\\/www.eldiario.net\\\/portal\\\/?s={search_term_string}\"},\"query-input\":{\"@type\":\"PropertyValueSpecification\",\"valueRequired\":true,\"valueName\":\"search_term_string\"}}],\"inLanguage\":\"es\"},{\"@type\":\"Organization\",\"@id\":\"https:\\\/\\\/www.eldiario.net\\\/portal\\\/#organization\",\"name\":\"El Diario - Decano de la prensa nacional\",\"url\":\"https:\\\/\\\/www.eldiario.net\\\/portal\\\/\",\"logo\":{\"@type\":\"ImageObject\",\"inLanguage\":\"es\",\"@id\":\"https:\\\/\\\/www.eldiario.net\\\/portal\\\/#\\\/schema\\\/logo\\\/image\\\/\",\"url\":\"https:\\\/\\\/www.eldiario.net\\\/portal\\\/wp-content\\\/uploads\\\/2023\\\/07\\\/logo_ED.jpg\",\"contentUrl\":\"https:\\\/\\\/www.eldiario.net\\\/portal\\\/wp-content\\\/uploads\\\/2023\\\/07\\\/logo_ED.jpg\",\"width\":272,\"height\":52,\"caption\":\"El Diario - Decano de la prensa nacional\"},\"image\":{\"@id\":\"https:\\\/\\\/www.eldiario.net\\\/portal\\\/#\\\/schema\\\/logo\\\/image\\\/\"},\"sameAs\":[\"https:\\\/\\\/www.facebook.com\\\/eldiario.bolivia\\\/\",\"https:\\\/\\\/x.com\\\/eldiario_net\"]},{\"@type\":\"Person\",\"@id\":\"https:\\\/\\\/www.eldiario.net\\\/portal\\\/#\\\/schema\\\/person\\\/2c57cf2b7a7ae032e449e4c9b1019eac\",\"name\":\"Jeanette\",\"image\":{\"@type\":\"ImageObject\",\"inLanguage\":\"es\",\"@id\":\"https:\\\/\\\/secure.gravatar.com\\\/avatar\\\/3ea2118a5f7dad2b7138b1187a6b7ee55f160b9968b66013c3a3ef39dd7e5798?s=96&d=mm&r=g\",\"url\":\"https:\\\/\\\/secure.gravatar.com\\\/avatar\\\/3ea2118a5f7dad2b7138b1187a6b7ee55f160b9968b66013c3a3ef39dd7e5798?s=96&d=mm&r=g\",\"contentUrl\":\"https:\\\/\\\/secure.gravatar.com\\\/avatar\\\/3ea2118a5f7dad2b7138b1187a6b7ee55f160b9968b66013c3a3ef39dd7e5798?s=96&d=mm&r=g\",\"caption\":\"Jeanette\"},\"sameAs\":[\"https:\\\/\\\/www.eldiario.net\\\/portal\"],\"url\":\"https:\\\/\\\/www.eldiario.net\\\/portal\\\/author\\\/jeanette\\\/\"}]}<\/script>\n<!-- \/ Yoast SEO plugin. -->","yoast_head_json":{"title":"FBF reconoce a Terrazas como presidente de The Strongest - El Diario - Bolivia","robots":{"index":"index","follow":"follow","max-snippet":"max-snippet:-1","max-image-preview":"max-image-preview:large","max-video-preview":"max-video-preview:-1"},"canonical":"https:\/\/www.eldiario.net\/portal\/2025\/07\/31\/fbf-reconoce-a-terrazas-como-presidente-de-the-strongest\/","og_locale":"es_ES","og_type":"article","og_title":"FBF reconoce a Terrazas como presidente de The Strongest - El Diario - Bolivia","og_description":"En cumplimiento con las normas vigentes, la Federaci\u00f3n Boliviana de F\u00fatbol (FBF) ampara al presidente electo de The Strongest, Daniel Terrazas Flores, despu\u00e9s de que el directorio del club decidi\u00f3 suspender al dirigente junto a Adri\u00e1n Monje, encargado de la Comisi\u00f3n de F\u00fatbol. Un d\u00eda despu\u00e9s de la suspensi\u00f3n de Terrazas y Monje, desde la [&hellip;]","og_url":"https:\/\/www.eldiario.net\/portal\/2025\/07\/31\/fbf-reconoce-a-terrazas-como-presidente-de-the-strongest\/","og_site_name":"El Diario - Bolivia","article_publisher":"https:\/\/www.facebook.com\/eldiario.bolivia\/","article_published_time":"2025-07-31T10:21:05+00:00","og_image":[{"width":720,"height":507,"url":"https:\/\/www.eldiario.net\/portal\/wp-content\/uploads\/2025\/07\/Tigre-30.webp","type":"image\/webp"}],"author":"Jeanette","twitter_card":"summary_large_image","twitter_creator":"@eldiario_net","twitter_site":"@eldiario_net","twitter_misc":{"Escrito por":"Jeanette","Tiempo de lectura":"2 minutos"},"schema":{"@context":"https:\/\/schema.org","@graph":[{"@type":"Article","@id":"https:\/\/www.eldiario.net\/portal\/2025\/07\/31\/fbf-reconoce-a-terrazas-como-presidente-de-the-strongest\/#article","isPartOf":{"@id":"https:\/\/www.eldiario.net\/portal\/2025\/07\/31\/fbf-reconoce-a-terrazas-como-presidente-de-the-strongest\/"},"author":{"name":"Jeanette","@id":"https:\/\/www.eldiario.net\/portal\/#\/schema\/person\/2c57cf2b7a7ae032e449e4c9b1019eac"},"headline":"FBF reconoce a Terrazas como presidente de The Strongest","datePublished":"2025-07-31T10:21:05+00:00","mainEntityOfPage":{"@id":"https:\/\/www.eldiario.net\/portal\/2025\/07\/31\/fbf-reconoce-a-terrazas-como-presidente-de-the-strongest\/"},"wordCount":349,"publisher":{"@id":"https:\/\/www.eldiario.net\/portal\/#organization"},"image":{"@id":"https:\/\/www.eldiario.net\/portal\/2025\/07\/31\/fbf-reconoce-a-terrazas-como-presidente-de-the-strongest\/#primaryimage"},"thumbnailUrl":"https:\/\/www.eldiario.net\/portal\/wp-content\/uploads\/2025\/07\/Tigre-30.webp","articleSection":["Deportes"],"inLanguage":"es"},{"@type":"WebPage","@id":"https:\/\/www.eldiario.net\/portal\/2025\/07\/31\/fbf-reconoce-a-terrazas-como-presidente-de-the-strongest\/","url":"https:\/\/www.eldiario.net\/portal\/2025\/07\/31\/fbf-reconoce-a-terrazas-como-presidente-de-the-strongest\/","name":"FBF reconoce a Terrazas como presidente de The Strongest - El Diario - Bolivia","isPartOf":{"@id":"https:\/\/www.eldiario.net\/portal\/#website"},"primaryImageOfPage":{"@id":"https:\/\/www.eldiario.net\/portal\/2025\/07\/31\/fbf-reconoce-a-terrazas-como-presidente-de-the-strongest\/#primaryimage"},"image":{"@id":"https:\/\/www.eldiario.net\/portal\/2025\/07\/31\/fbf-reconoce-a-terrazas-como-presidente-de-the-strongest\/#primaryimage"},"thumbnailUrl":"https:\/\/www.eldiario.net\/portal\/wp-content\/uploads\/2025\/07\/Tigre-30.webp","datePublished":"2025-07-31T10:21:05+00:00","breadcrumb":{"@id":"https:\/\/www.eldiario.net\/portal\/2025\/07\/31\/fbf-reconoce-a-terrazas-como-presidente-de-the-strongest\/#breadcrumb"},"inLanguage":"es","potentialAction":[{"@type":"ReadAction","target":["https:\/\/www.eldiario.net\/portal\/2025\/07\/31\/fbf-reconoce-a-terrazas-como-presidente-de-the-strongest\/"]}]},{"@type":"ImageObject","inLanguage":"es","@id":"https:\/\/www.eldiario.net\/portal\/2025\/07\/31\/fbf-reconoce-a-terrazas-como-presidente-de-the-strongest\/#primaryimage","url":"https:\/\/www.eldiario.net\/portal\/wp-content\/uploads\/2025\/07\/Tigre-30.webp","contentUrl":"https:\/\/www.eldiario.net\/portal\/wp-content\/uploads\/2025\/07\/Tigre-30.webp","width":720,"height":507},{"@type":"BreadcrumbList","@id":"https:\/\/www.eldiario.net\/portal\/2025\/07\/31\/fbf-reconoce-a-terrazas-como-presidente-de-the-strongest\/#breadcrumb","itemListElement":[{"@type":"ListItem","position":1,"name":"Portada","item":"https:\/\/www.eldiario.net\/portal\/"},{"@type":"ListItem","position":2,"name":"FBF reconoce a Terrazas como presidente de The Strongest"}]},{"@type":"WebSite","@id":"https:\/\/www.eldiario.net\/portal\/#website","url":"https:\/\/www.eldiario.net\/portal\/","name":"El Diario - Decano de la prensa nacional","description":"El Diario - Decano de la prensa nacional","publisher":{"@id":"https:\/\/www.eldiario.net\/portal\/#organization"},"potentialAction":[{"@type":"SearchAction","target":{"@type":"EntryPoint","urlTemplate":"https:\/\/www.eldiario.net\/portal\/?s={search_term_string}"},"query-input":{"@type":"PropertyValueSpecification","valueRequired":true,"valueName":"search_term_string"}}],"inLanguage":"es"},{"@type":"Organization","@id":"https:\/\/www.eldiario.net\/portal\/#organization","name":"El Diario - Decano de la prensa nacional","url":"https:\/\/www.eldiario.net\/portal\/","logo":{"@type":"ImageObject","inLanguage":"es","@id":"https:\/\/www.eldiario.net\/portal\/#\/schema\/logo\/image\/","url":"https:\/\/www.eldiario.net\/portal\/wp-content\/uploads\/2023\/07\/logo_ED.jpg","contentUrl":"https:\/\/www.eldiario.net\/portal\/wp-content\/uploads\/2023\/07\/logo_ED.jpg","width":272,"height":52,"caption":"El Diario - Decano de la prensa nacional"},"image":{"@id":"https:\/\/www.eldiario.net\/portal\/#\/schema\/logo\/image\/"},"sameAs":["https:\/\/www.facebook.com\/eldiario.bolivia\/","https:\/\/x.com\/eldiario_net"]},{"@type":"Person","@id":"https:\/\/www.eldiario.net\/portal\/#\/schema\/person\/2c57cf2b7a7ae032e449e4c9b1019eac","name":"Jeanette","image":{"@type":"ImageObject","inLanguage":"es","@id":"https:\/\/secure.gravatar.com\/avatar\/3ea2118a5f7dad2b7138b1187a6b7ee55f160b9968b66013c3a3ef39dd7e5798?s=96&d=mm&r=g","url":"https:\/\/secure.gravatar.com\/avatar\/3ea2118a5f7dad2b7138b1187a6b7ee55f160b9968b66013c3a3ef39dd7e5798?s=96&d=mm&r=g","contentUrl":"https:\/\/secure.gravatar.com\/avatar\/3ea2118a5f7dad2b7138b1187a6b7ee55f160b9968b66013c3a3ef39dd7e5798?s=96&d=mm&r=g","caption":"Jeanette"},"sameAs":["https:\/\/www.eldiario.net\/portal"],"url":"https:\/\/www.eldiario.net\/portal\/author\/jeanette\/"}]}},"_links":{"self":[{"href":"https:\/\/www.eldiario.net\/portal\/wp-json\/wp\/v2\/posts\/320706","targetHints":{"allow":["GET"]}}],"collection":[{"href":"https:\/\/www.eldiario.net\/portal\/wp-json\/wp\/v2\/posts"}],"about":[{"href":"https:\/\/www.eldiario.net\/portal\/wp-json\/wp\/v2\/types\/post"}],"author":[{"embeddable":true,"href":"https:\/\/www.eldiario.net\/portal\/wp-json\/wp\/v2\/users\/1"}],"replies":[{"embeddable":true,"href":"https:\/\/www.eldiario.net\/portal\/wp-json\/wp\/v2\/comments?post=320706"}],"version-history":[{"count":1,"href":"https:\/\/www.eldiario.net\/portal\/wp-json\/wp\/v2\/posts\/320706\/revisions"}],"predecessor-version":[{"id":320708,"href":"https:\/\/www.eldiario.net\/portal\/wp-json\/wp\/v2\/posts\/320706\/revisions\/320708"}],"wp:featuredmedia":[{"embeddable":true,"href":"https:\/\/www.eldiario.net\/portal\/wp-json\/wp\/v2\/media\/320707"}],"wp:attachment":[{"href":"https:\/\/www.eldiario.net\/portal\/wp-json\/wp\/v2\/media?parent=320706"}],"wp:term":[{"taxonomy":"category","embeddable":true,"href":"https:\/\/www.eldiario.net\/portal\/wp-json\/wp\/v2\/categories?post=320706"},{"taxonomy":"post_tag","embeddable":true,"href":"https:\/\/www.eldiario.net\/portal\/wp-json\/wp\/v2\/tags?post=320706"}],"curies":[{"name":"wp","href":"https:\/\/api.w.org\/{rel}","templated":true}]}}