{"id":320577,"date":"2025-07-31T05:43:31","date_gmt":"2025-07-31T09:43:31","guid":{"rendered":"https:\/\/www.eldiario.net\/portal\/?p=320577"},"modified":"2025-07-31T05:43:31","modified_gmt":"2025-07-31T09:43:31","slug":"causas-de-la-crisis-y-su-solucion","status":"publish","type":"post","link":"https:\/\/www.eldiario.net\/portal\/2025\/07\/31\/causas-de-la-crisis-y-su-solucion\/","title":{"rendered":"Causas de la crisis y su soluci\u00f3n"},"content":{"rendered":"<p><em>Numerosas encuestas, pron\u00f3sticos y comentarios de especialistas, difundidos por medios de comunicaci\u00f3n de todo tipo, sobre problemas que preocupan a la ciudadan\u00eda, son ofrecidos a diario en el pa\u00eds. Se trata regularmente, con pocas excepciones, de la repetici\u00f3n de los mismos argumentos que son escuchados desde hace a\u00f1os, a saber, que son asuntos de m\u00ednima cuant\u00eda y que ser\u00e1n solucionados con el cambio de gobierno, con los resultados de las elecciones generales del 17 de agosto pr\u00f3ximo.<\/em><\/p>\n<p><em>Esos an\u00e1lisis, en su mayor\u00eda, son emp\u00edricos y, a veces, reflejan solo orientaciones personales. No se\u00f1alan las causas que originaron los conflictos y tampoco se hace referencia a sus aspectos principales. El empirismo de esos analistas es lamentable y los argumentos que son repetidos, a veces de manera err\u00f3nea, se han convertido en fuente de orientaci\u00f3n de la opini\u00f3n p\u00fablica. Adem\u00e1s, algunas referencias son equivocadas y se convierten en premisas para que la poblaci\u00f3n saque conclusiones tambi\u00e9n falsas. En todo caso, es necesario se\u00f1alar que, entre los grandes problemas que difunden los medios de comunicaci\u00f3n, se encuentran los que mencionaremos.<\/em><\/p>\n<p><em>Que los actuales problemas econ\u00f3micos, son solamente efectos de la realidad de fondo del pa\u00eds y que, por lo general, pasan desapercibidos. Por lo tanto, es una forma de no tener en cuenta falencias que son arrastradas desde hace mucho tiempo, en especial desde hace veinte a\u00f1os, cuando empez\u00f3 una pol\u00edtica econ\u00f3mica populista y reaccionaria, que ha causado la crisis actual.<\/em><\/p>\n<p><em>Ver la crisis en forma parcial distorsiona la realidad. Finalmente, ese criterio llega a conocimiento de personajes de gobierno, que lo toman en cuenta y nada importante deciden o generalmente asumen medidas que conducen a errores. Ese problema no es exclusivo de analistas emp\u00edricos, sino tambi\u00e9n de pol\u00edticos de alto nivel que, adem\u00e1s, se explayan en explicaciones mal hilvanadas, etc.<\/em><\/p>\n<p><em>Entre los conflictos vale citar la situaci\u00f3n de empresas estatales deficitarias, la inflaci\u00f3n que crece, la escasez de alimentos, de gasolina y di\u00e9sel, las trifulcas escandalosas entre arcistas y evistas, la corrupci\u00f3n, etc. Que s\u00f3lo son efectos y no causas, todo debido a que en la pol\u00edtica boliviana la forma es m\u00e1s importante que el fondo. En todo caso, ese es el panorama de la pol\u00edtica actual que, especialmente, no sirve para aclarar los problemas actuales, por lo que la ciudadan\u00eda carece de orientaci\u00f3n plena para emitir su voto.<\/em><\/p>\n<p><em>Pero lo m\u00e1s notable es que los pol\u00edticos y comentaristas del momento no hacen esfuerzos para hacer preguntas profundas y brindar respuestas, sino que se quedan en tradicionales puntos de vista, los cuales pueden ser conservadores o reaccionarios, debido a que no tienen fuentes de informaci\u00f3n, como estudios pol\u00edticos, entre ellos una cr\u00edtica a la Asamblea Constituyente de 2008 y a la Constituci\u00f3n del Estado Plurinacional, que se encuentran en librer\u00edas.<\/em><\/p>\n<p><em>En lo que queremos insistir es en que la vida del pa\u00eds se ha convertido en un asunto solo econ\u00f3mico, sin analizarla desde el punto de vista pol\u00edtico, como si este \u00faltimo factor fuese secundario, cuando, en realidad, a veces es m\u00e1s importante que el primero.<\/em><\/p>\n","protected":false},"excerpt":{"rendered":"<p>Numerosas encuestas, pron\u00f3sticos y comentarios de especialistas, difundidos por medios de comunicaci\u00f3n de todo tipo, sobre problemas que preocupan a la ciudadan\u00eda, son ofrecidos a diario en el pa\u00eds. Se trata regularmente, con pocas excepciones, de la repetici\u00f3n de los mismos argumentos que son escuchados desde hace a\u00f1os, a saber, que son asuntos de m\u00ednima [&hellip;]<\/p>\n","protected":false},"author":1,"featured_media":194776,"comment_status":"closed","ping_status":"open","sticky":false,"template":"","format":"standard","meta":{"_acf_changed":false,"footnotes":""},"categories":[4],"tags":[],"class_list":["post-320577","post","type-post","status-publish","format-standard","has-post-thumbnail","category-editorial"],"acf":{"antetitulo":""},"yoast_head":"<!-- This site is optimized with the Yoast SEO plugin v28.4 - https:\/\/yoast.com\/product\/yoast-seo-wordpress\/ -->\n<title>Causas de la crisis y su soluci\u00f3n - El Diario - Bolivia<\/title>\n<meta name=\"robots\" content=\"index, follow, max-snippet:-1, max-image-preview:large, max-video-preview:-1\" \/>\n<link rel=\"canonical\" href=\"https:\/\/www.eldiario.net\/portal\/2025\/07\/31\/causas-de-la-crisis-y-su-solucion\/\" \/>\n<meta property=\"og:locale\" content=\"es_ES\" \/>\n<meta property=\"og:type\" content=\"article\" \/>\n<meta property=\"og:title\" content=\"Causas de la crisis y su soluci\u00f3n - El Diario - Bolivia\" \/>\n<meta property=\"og:description\" content=\"Numerosas encuestas, pron\u00f3sticos y comentarios de especialistas, difundidos por medios de comunicaci\u00f3n de todo tipo, sobre problemas que preocupan a la ciudadan\u00eda, son ofrecidos a diario en el pa\u00eds. Se trata regularmente, con pocas excepciones, de la repetici\u00f3n de los mismos argumentos que son escuchados desde hace a\u00f1os, a saber, que son asuntos de m\u00ednima [&hellip;]\" \/>\n<meta property=\"og:url\" content=\"https:\/\/www.eldiario.net\/portal\/2025\/07\/31\/causas-de-la-crisis-y-su-solucion\/\" \/>\n<meta property=\"og:site_name\" content=\"El Diario - Bolivia\" \/>\n<meta property=\"article:publisher\" content=\"https:\/\/www.facebook.com\/eldiario.bolivia\/\" \/>\n<meta property=\"article:published_time\" content=\"2025-07-31T09:43:31+00:00\" \/>\n<meta property=\"og:image\" content=\"https:\/\/www.eldiario.net\/portal\/wp-content\/uploads\/2023\/12\/Editorial.jpg\" \/>\n\t<meta property=\"og:image:width\" content=\"800\" \/>\n\t<meta property=\"og:image:height\" content=\"500\" \/>\n\t<meta property=\"og:image:type\" content=\"image\/jpeg\" \/>\n<meta name=\"author\" content=\"Jeanette\" \/>\n<meta name=\"twitter:card\" content=\"summary_large_image\" \/>\n<meta name=\"twitter:creator\" content=\"@eldiario_net\" \/>\n<meta name=\"twitter:site\" content=\"@eldiario_net\" \/>\n<meta name=\"twitter:label1\" content=\"Escrito por\" \/>\n\t<meta name=\"twitter:data1\" content=\"Jeanette\" \/>\n\t<meta name=\"twitter:label2\" content=\"Tiempo de lectura\" \/>\n\t<meta name=\"twitter:data2\" content=\"3 minutos\" \/>\n<script type=\"application\/ld+json\" class=\"yoast-schema-graph\">{\"@context\":\"https:\\\/\\\/schema.org\",\"@graph\":[{\"@type\":\"Article\",\"@id\":\"https:\\\/\\\/www.eldiario.net\\\/portal\\\/2025\\\/07\\\/31\\\/causas-de-la-crisis-y-su-solucion\\\/#article\",\"isPartOf\":{\"@id\":\"https:\\\/\\\/www.eldiario.net\\\/portal\\\/2025\\\/07\\\/31\\\/causas-de-la-crisis-y-su-solucion\\\/\"},\"author\":{\"name\":\"Jeanette\",\"@id\":\"https:\\\/\\\/www.eldiario.net\\\/portal\\\/#\\\/schema\\\/person\\\/2c57cf2b7a7ae032e449e4c9b1019eac\"},\"headline\":\"Causas de la crisis y su soluci\u00f3n\",\"datePublished\":\"2025-07-31T09:43:31+00:00\",\"mainEntityOfPage\":{\"@id\":\"https:\\\/\\\/www.eldiario.net\\\/portal\\\/2025\\\/07\\\/31\\\/causas-de-la-crisis-y-su-solucion\\\/\"},\"wordCount\":563,\"publisher\":{\"@id\":\"https:\\\/\\\/www.eldiario.net\\\/portal\\\/#organization\"},\"image\":{\"@id\":\"https:\\\/\\\/www.eldiario.net\\\/portal\\\/2025\\\/07\\\/31\\\/causas-de-la-crisis-y-su-solucion\\\/#primaryimage\"},\"thumbnailUrl\":\"https:\\\/\\\/www.eldiario.net\\\/portal\\\/wp-content\\\/uploads\\\/2023\\\/12\\\/Editorial.jpg\",\"articleSection\":[\"Editorial\"],\"inLanguage\":\"es\"},{\"@type\":\"WebPage\",\"@id\":\"https:\\\/\\\/www.eldiario.net\\\/portal\\\/2025\\\/07\\\/31\\\/causas-de-la-crisis-y-su-solucion\\\/\",\"url\":\"https:\\\/\\\/www.eldiario.net\\\/portal\\\/2025\\\/07\\\/31\\\/causas-de-la-crisis-y-su-solucion\\\/\",\"name\":\"Causas de la crisis y su soluci\u00f3n - El Diario - Bolivia\",\"isPartOf\":{\"@id\":\"https:\\\/\\\/www.eldiario.net\\\/portal\\\/#website\"},\"primaryImageOfPage\":{\"@id\":\"https:\\\/\\\/www.eldiario.net\\\/portal\\\/2025\\\/07\\\/31\\\/causas-de-la-crisis-y-su-solucion\\\/#primaryimage\"},\"image\":{\"@id\":\"https:\\\/\\\/www.eldiario.net\\\/portal\\\/2025\\\/07\\\/31\\\/causas-de-la-crisis-y-su-solucion\\\/#primaryimage\"},\"thumbnailUrl\":\"https:\\\/\\\/www.eldiario.net\\\/portal\\\/wp-content\\\/uploads\\\/2023\\\/12\\\/Editorial.jpg\",\"datePublished\":\"2025-07-31T09:43:31+00:00\",\"breadcrumb\":{\"@id\":\"https:\\\/\\\/www.eldiario.net\\\/portal\\\/2025\\\/07\\\/31\\\/causas-de-la-crisis-y-su-solucion\\\/#breadcrumb\"},\"inLanguage\":\"es\",\"potentialAction\":[{\"@type\":\"ReadAction\",\"target\":[\"https:\\\/\\\/www.eldiario.net\\\/portal\\\/2025\\\/07\\\/31\\\/causas-de-la-crisis-y-su-solucion\\\/\"]}]},{\"@type\":\"ImageObject\",\"inLanguage\":\"es\",\"@id\":\"https:\\\/\\\/www.eldiario.net\\\/portal\\\/2025\\\/07\\\/31\\\/causas-de-la-crisis-y-su-solucion\\\/#primaryimage\",\"url\":\"https:\\\/\\\/www.eldiario.net\\\/portal\\\/wp-content\\\/uploads\\\/2023\\\/12\\\/Editorial.jpg\",\"contentUrl\":\"https:\\\/\\\/www.eldiario.net\\\/portal\\\/wp-content\\\/uploads\\\/2023\\\/12\\\/Editorial.jpg\",\"width\":800,\"height\":500},{\"@type\":\"BreadcrumbList\",\"@id\":\"https:\\\/\\\/www.eldiario.net\\\/portal\\\/2025\\\/07\\\/31\\\/causas-de-la-crisis-y-su-solucion\\\/#breadcrumb\",\"itemListElement\":[{\"@type\":\"ListItem\",\"position\":1,\"name\":\"Portada\",\"item\":\"https:\\\/\\\/www.eldiario.net\\\/portal\\\/\"},{\"@type\":\"ListItem\",\"position\":2,\"name\":\"Causas de la crisis y su soluci\u00f3n\"}]},{\"@type\":\"WebSite\",\"@id\":\"https:\\\/\\\/www.eldiario.net\\\/portal\\\/#website\",\"url\":\"https:\\\/\\\/www.eldiario.net\\\/portal\\\/\",\"name\":\"El Diario - Decano de la prensa nacional\",\"description\":\"El Diario - Decano de la prensa nacional\",\"publisher\":{\"@id\":\"https:\\\/\\\/www.eldiario.net\\\/portal\\\/#organization\"},\"potentialAction\":[{\"@type\":\"SearchAction\",\"target\":{\"@type\":\"EntryPoint\",\"urlTemplate\":\"https:\\\/\\\/www.eldiario.net\\\/portal\\\/?s={search_term_string}\"},\"query-input\":{\"@type\":\"PropertyValueSpecification\",\"valueRequired\":true,\"valueName\":\"search_term_string\"}}],\"inLanguage\":\"es\"},{\"@type\":\"Organization\",\"@id\":\"https:\\\/\\\/www.eldiario.net\\\/portal\\\/#organization\",\"name\":\"El Diario - Decano de la prensa nacional\",\"url\":\"https:\\\/\\\/www.eldiario.net\\\/portal\\\/\",\"logo\":{\"@type\":\"ImageObject\",\"inLanguage\":\"es\",\"@id\":\"https:\\\/\\\/www.eldiario.net\\\/portal\\\/#\\\/schema\\\/logo\\\/image\\\/\",\"url\":\"https:\\\/\\\/www.eldiario.net\\\/portal\\\/wp-content\\\/uploads\\\/2023\\\/07\\\/logo_ED.jpg\",\"contentUrl\":\"https:\\\/\\\/www.eldiario.net\\\/portal\\\/wp-content\\\/uploads\\\/2023\\\/07\\\/logo_ED.jpg\",\"width\":272,\"height\":52,\"caption\":\"El Diario - Decano de la prensa nacional\"},\"image\":{\"@id\":\"https:\\\/\\\/www.eldiario.net\\\/portal\\\/#\\\/schema\\\/logo\\\/image\\\/\"},\"sameAs\":[\"https:\\\/\\\/www.facebook.com\\\/eldiario.bolivia\\\/\",\"https:\\\/\\\/x.com\\\/eldiario_net\"]},{\"@type\":\"Person\",\"@id\":\"https:\\\/\\\/www.eldiario.net\\\/portal\\\/#\\\/schema\\\/person\\\/2c57cf2b7a7ae032e449e4c9b1019eac\",\"name\":\"Jeanette\",\"image\":{\"@type\":\"ImageObject\",\"inLanguage\":\"es\",\"@id\":\"https:\\\/\\\/secure.gravatar.com\\\/avatar\\\/3ea2118a5f7dad2b7138b1187a6b7ee55f160b9968b66013c3a3ef39dd7e5798?s=96&d=mm&r=g\",\"url\":\"https:\\\/\\\/secure.gravatar.com\\\/avatar\\\/3ea2118a5f7dad2b7138b1187a6b7ee55f160b9968b66013c3a3ef39dd7e5798?s=96&d=mm&r=g\",\"contentUrl\":\"https:\\\/\\\/secure.gravatar.com\\\/avatar\\\/3ea2118a5f7dad2b7138b1187a6b7ee55f160b9968b66013c3a3ef39dd7e5798?s=96&d=mm&r=g\",\"caption\":\"Jeanette\"},\"sameAs\":[\"https:\\\/\\\/www.eldiario.net\\\/portal\"],\"url\":\"https:\\\/\\\/www.eldiario.net\\\/portal\\\/author\\\/jeanette\\\/\"}]}<\/script>\n<!-- \/ Yoast SEO plugin. -->","yoast_head_json":{"title":"Causas de la crisis y su soluci\u00f3n - El Diario - Bolivia","robots":{"index":"index","follow":"follow","max-snippet":"max-snippet:-1","max-image-preview":"max-image-preview:large","max-video-preview":"max-video-preview:-1"},"canonical":"https:\/\/www.eldiario.net\/portal\/2025\/07\/31\/causas-de-la-crisis-y-su-solucion\/","og_locale":"es_ES","og_type":"article","og_title":"Causas de la crisis y su soluci\u00f3n - El Diario - Bolivia","og_description":"Numerosas encuestas, pron\u00f3sticos y comentarios de especialistas, difundidos por medios de comunicaci\u00f3n de todo tipo, sobre problemas que preocupan a la ciudadan\u00eda, son ofrecidos a diario en el pa\u00eds. Se trata regularmente, con pocas excepciones, de la repetici\u00f3n de los mismos argumentos que son escuchados desde hace a\u00f1os, a saber, que son asuntos de m\u00ednima [&hellip;]","og_url":"https:\/\/www.eldiario.net\/portal\/2025\/07\/31\/causas-de-la-crisis-y-su-solucion\/","og_site_name":"El Diario - Bolivia","article_publisher":"https:\/\/www.facebook.com\/eldiario.bolivia\/","article_published_time":"2025-07-31T09:43:31+00:00","og_image":[{"width":800,"height":500,"url":"https:\/\/www.eldiario.net\/portal\/wp-content\/uploads\/2023\/12\/Editorial.jpg","type":"image\/jpeg"}],"author":"Jeanette","twitter_card":"summary_large_image","twitter_creator":"@eldiario_net","twitter_site":"@eldiario_net","twitter_misc":{"Escrito por":"Jeanette","Tiempo de lectura":"3 minutos"},"schema":{"@context":"https:\/\/schema.org","@graph":[{"@type":"Article","@id":"https:\/\/www.eldiario.net\/portal\/2025\/07\/31\/causas-de-la-crisis-y-su-solucion\/#article","isPartOf":{"@id":"https:\/\/www.eldiario.net\/portal\/2025\/07\/31\/causas-de-la-crisis-y-su-solucion\/"},"author":{"name":"Jeanette","@id":"https:\/\/www.eldiario.net\/portal\/#\/schema\/person\/2c57cf2b7a7ae032e449e4c9b1019eac"},"headline":"Causas de la crisis y su soluci\u00f3n","datePublished":"2025-07-31T09:43:31+00:00","mainEntityOfPage":{"@id":"https:\/\/www.eldiario.net\/portal\/2025\/07\/31\/causas-de-la-crisis-y-su-solucion\/"},"wordCount":563,"publisher":{"@id":"https:\/\/www.eldiario.net\/portal\/#organization"},"image":{"@id":"https:\/\/www.eldiario.net\/portal\/2025\/07\/31\/causas-de-la-crisis-y-su-solucion\/#primaryimage"},"thumbnailUrl":"https:\/\/www.eldiario.net\/portal\/wp-content\/uploads\/2023\/12\/Editorial.jpg","articleSection":["Editorial"],"inLanguage":"es"},{"@type":"WebPage","@id":"https:\/\/www.eldiario.net\/portal\/2025\/07\/31\/causas-de-la-crisis-y-su-solucion\/","url":"https:\/\/www.eldiario.net\/portal\/2025\/07\/31\/causas-de-la-crisis-y-su-solucion\/","name":"Causas de la crisis y su soluci\u00f3n - El Diario - Bolivia","isPartOf":{"@id":"https:\/\/www.eldiario.net\/portal\/#website"},"primaryImageOfPage":{"@id":"https:\/\/www.eldiario.net\/portal\/2025\/07\/31\/causas-de-la-crisis-y-su-solucion\/#primaryimage"},"image":{"@id":"https:\/\/www.eldiario.net\/portal\/2025\/07\/31\/causas-de-la-crisis-y-su-solucion\/#primaryimage"},"thumbnailUrl":"https:\/\/www.eldiario.net\/portal\/wp-content\/uploads\/2023\/12\/Editorial.jpg","datePublished":"2025-07-31T09:43:31+00:00","breadcrumb":{"@id":"https:\/\/www.eldiario.net\/portal\/2025\/07\/31\/causas-de-la-crisis-y-su-solucion\/#breadcrumb"},"inLanguage":"es","potentialAction":[{"@type":"ReadAction","target":["https:\/\/www.eldiario.net\/portal\/2025\/07\/31\/causas-de-la-crisis-y-su-solucion\/"]}]},{"@type":"ImageObject","inLanguage":"es","@id":"https:\/\/www.eldiario.net\/portal\/2025\/07\/31\/causas-de-la-crisis-y-su-solucion\/#primaryimage","url":"https:\/\/www.eldiario.net\/portal\/wp-content\/uploads\/2023\/12\/Editorial.jpg","contentUrl":"https:\/\/www.eldiario.net\/portal\/wp-content\/uploads\/2023\/12\/Editorial.jpg","width":800,"height":500},{"@type":"BreadcrumbList","@id":"https:\/\/www.eldiario.net\/portal\/2025\/07\/31\/causas-de-la-crisis-y-su-solucion\/#breadcrumb","itemListElement":[{"@type":"ListItem","position":1,"name":"Portada","item":"https:\/\/www.eldiario.net\/portal\/"},{"@type":"ListItem","position":2,"name":"Causas de la crisis y su soluci\u00f3n"}]},{"@type":"WebSite","@id":"https:\/\/www.eldiario.net\/portal\/#website","url":"https:\/\/www.eldiario.net\/portal\/","name":"El Diario - Decano de la prensa nacional","description":"El Diario - Decano de la prensa nacional","publisher":{"@id":"https:\/\/www.eldiario.net\/portal\/#organization"},"potentialAction":[{"@type":"SearchAction","target":{"@type":"EntryPoint","urlTemplate":"https:\/\/www.eldiario.net\/portal\/?s={search_term_string}"},"query-input":{"@type":"PropertyValueSpecification","valueRequired":true,"valueName":"search_term_string"}}],"inLanguage":"es"},{"@type":"Organization","@id":"https:\/\/www.eldiario.net\/portal\/#organization","name":"El Diario - Decano de la prensa nacional","url":"https:\/\/www.eldiario.net\/portal\/","logo":{"@type":"ImageObject","inLanguage":"es","@id":"https:\/\/www.eldiario.net\/portal\/#\/schema\/logo\/image\/","url":"https:\/\/www.eldiario.net\/portal\/wp-content\/uploads\/2023\/07\/logo_ED.jpg","contentUrl":"https:\/\/www.eldiario.net\/portal\/wp-content\/uploads\/2023\/07\/logo_ED.jpg","width":272,"height":52,"caption":"El Diario - Decano de la prensa nacional"},"image":{"@id":"https:\/\/www.eldiario.net\/portal\/#\/schema\/logo\/image\/"},"sameAs":["https:\/\/www.facebook.com\/eldiario.bolivia\/","https:\/\/x.com\/eldiario_net"]},{"@type":"Person","@id":"https:\/\/www.eldiario.net\/portal\/#\/schema\/person\/2c57cf2b7a7ae032e449e4c9b1019eac","name":"Jeanette","image":{"@type":"ImageObject","inLanguage":"es","@id":"https:\/\/secure.gravatar.com\/avatar\/3ea2118a5f7dad2b7138b1187a6b7ee55f160b9968b66013c3a3ef39dd7e5798?s=96&d=mm&r=g","url":"https:\/\/secure.gravatar.com\/avatar\/3ea2118a5f7dad2b7138b1187a6b7ee55f160b9968b66013c3a3ef39dd7e5798?s=96&d=mm&r=g","contentUrl":"https:\/\/secure.gravatar.com\/avatar\/3ea2118a5f7dad2b7138b1187a6b7ee55f160b9968b66013c3a3ef39dd7e5798?s=96&d=mm&r=g","caption":"Jeanette"},"sameAs":["https:\/\/www.eldiario.net\/portal"],"url":"https:\/\/www.eldiario.net\/portal\/author\/jeanette\/"}]}},"_links":{"self":[{"href":"https:\/\/www.eldiario.net\/portal\/wp-json\/wp\/v2\/posts\/320577","targetHints":{"allow":["GET"]}}],"collection":[{"href":"https:\/\/www.eldiario.net\/portal\/wp-json\/wp\/v2\/posts"}],"about":[{"href":"https:\/\/www.eldiario.net\/portal\/wp-json\/wp\/v2\/types\/post"}],"author":[{"embeddable":true,"href":"https:\/\/www.eldiario.net\/portal\/wp-json\/wp\/v2\/users\/1"}],"replies":[{"embeddable":true,"href":"https:\/\/www.eldiario.net\/portal\/wp-json\/wp\/v2\/comments?post=320577"}],"version-history":[{"count":1,"href":"https:\/\/www.eldiario.net\/portal\/wp-json\/wp\/v2\/posts\/320577\/revisions"}],"predecessor-version":[{"id":320578,"href":"https:\/\/www.eldiario.net\/portal\/wp-json\/wp\/v2\/posts\/320577\/revisions\/320578"}],"wp:featuredmedia":[{"embeddable":true,"href":"https:\/\/www.eldiario.net\/portal\/wp-json\/wp\/v2\/media\/194776"}],"wp:attachment":[{"href":"https:\/\/www.eldiario.net\/portal\/wp-json\/wp\/v2\/media?parent=320577"}],"wp:term":[{"taxonomy":"category","embeddable":true,"href":"https:\/\/www.eldiario.net\/portal\/wp-json\/wp\/v2\/categories?post=320577"},{"taxonomy":"post_tag","embeddable":true,"href":"https:\/\/www.eldiario.net\/portal\/wp-json\/wp\/v2\/tags?post=320577"}],"curies":[{"name":"wp","href":"https:\/\/api.w.org\/{rel}","templated":true}]}}