{"id":320575,"date":"2025-07-31T05:42:58","date_gmt":"2025-07-31T09:42:58","guid":{"rendered":"https:\/\/www.eldiario.net\/portal\/?p=320575"},"modified":"2025-07-31T05:42:58","modified_gmt":"2025-07-31T09:42:58","slug":"el-mar-en-el-desvan-de-la-abuela","status":"publish","type":"post","link":"https:\/\/www.eldiario.net\/portal\/2025\/07\/31\/el-mar-en-el-desvan-de-la-abuela\/","title":{"rendered":"El mar: \u00bfen el desv\u00e1n de la abuela?"},"content":{"rendered":"<p>Al parecer la paliza diplom\u00e1tica que recibimos en La Haya hace algunos a\u00f1os, nos ha dejado escaldados con el tema mar\u00edtimo. Evo Morales y su sucesor Lu\u00eds Arce Catacora, ya no volvieron a tener la cara dura de decir que el fallo de los jueces de la Corte Internacional de Justicia, hab\u00eda sido un empate. La \u201cdiplomacia de los pueblos\u201d nos llev\u00f3 a esa situaci\u00f3n y los pueblos se quedaron mirando en silencio la sentencia, apegada a derecho, con que Chile sal\u00eda con la suya y nos volv\u00eda a derrotar en ese alto Tribunal.<\/p>\n<p>A tal extremo ha llegado esa sensaci\u00f3n de descalabro, que, a escasas tres semanas de las elecciones generales, fijadas para el pr\u00f3ximo 17 de agosto, los candidatos a la presidencia, a la vicepresidencia, los buscadores de votos para senadores y diputados, se han olvidado del mar. Hace algunos a\u00f1os, el enclaustramiento mar\u00edtimo era seguro tema de pol\u00e9mica entre los postulantes a la primera magistratura. El retorno al mar era asunto caliente, donde aparec\u00edan las teor\u00edas m\u00e1s sofisticadas e inveros\u00edmiles, desde aquel candidato que propon\u00eda cavar un t\u00fanel desde el altiplano por debajo de la cordillera para salir al Pac\u00edfico. Ni m\u00e1s ni menos que como los topos; as\u00ed, dec\u00eda el candidato, no romp\u00edamos la continuidad geogr\u00e1fica de Chile. Otro propon\u00eda lo contrario: una autov\u00eda elevada que nos llevara en pocas horas al mar pasando sobre territorio chileno. Y algunos, hoy afirman que existen algunos islotes en el Pac\u00edfico, que no est\u00e1n incluidos en el Tratado de 1904 y que todav\u00eda nos pertenecen. Todo lo anterior parece salir de una casa de orates. Ninguno propuso una soluci\u00f3n concreta y posible como la de Chara\u00f1a en 1975, durante la primera presidencia del general Banzer.<\/p>\n<p>El hecho es que Evo Morales se encarg\u00f3 de desmoralizar al pa\u00eds luego de su demanda fracasada en La Haya y que eso est\u00e1 mostrando el poco inter\u00e9s que ha quedado en la materia. Ahora, lo que la gente quiere, es comer y tener combustible. Ni siquiera el bullicioso D\u00eda del Mar, cuando surg\u00edan emociones \u201clacrim\u00f3genas\u201d contra Chile, se ha hecho notar como antes. Es que no hay qu\u00e9 decir, porque la penosa situaci\u00f3n econ\u00f3mica lo domina todo. El d\u00e9ficit fiscal, la inflaci\u00f3n, la falta de d\u00f3lares, el encarecimiento de los alimentos, importa m\u00e1s que el agua salada.<\/p>\n<p>Adem\u00e1s de que despu\u00e9s de La Haya ya resulta complicado anunciar ofertas de retorno al mar. Eso no tendr\u00e1 una soluci\u00f3n inmediata o por lo menos como la queremos los bolivianos. Deber\u00e1 transcurrir alg\u00fan tiempo para establecer un di\u00e1logo en el que Bolivia y Chile puedan coincidir. Y parece que el primer paso, luego de m\u00e1s de 30 a\u00f1os sin relaciones diplom\u00e1ticas, es que ha llegado el momento de que el nuevo gobierno de derecha que viene, las restablezca.<\/p>\n<p>Tal vez as\u00ed, con un intercambio de embajadores, los m\u00faltiples asuntos de nuestra relaci\u00f3n con La Moneda vayan por mejor camino, no solo lo que los \u201cocean\u00f3patas\u201d nacionales desean de inmediato, sino asociarnos para detener a las bandas criminales en nuestra frontera com\u00fan, y para promover el intercambio de manera civilizada, mir\u00e1ndonos a la cara. Lo del mar, siempre permanecer\u00e1 en nuestro coraz\u00f3n, mientras Bolivia exista.<\/p>\n","protected":false},"excerpt":{"rendered":"<p>Al parecer la paliza diplom\u00e1tica que recibimos en La Haya hace algunos a\u00f1os, nos ha dejado escaldados con el tema mar\u00edtimo. Evo Morales y su sucesor Lu\u00eds Arce Catacora, ya no volvieron a tener la cara dura de decir que el fallo de los jueces de la Corte Internacional de Justicia, hab\u00eda sido un empate. [&hellip;]<\/p>\n","protected":false},"author":1,"featured_media":157472,"comment_status":"closed","ping_status":"open","sticky":false,"template":"","format":"standard","meta":{"_acf_changed":false,"footnotes":""},"categories":[9],"tags":[],"class_list":["post-320575","post","type-post","status-publish","format-standard","has-post-thumbnail","category-opinion"],"acf":{"antetitulo":""},"yoast_head":"<!-- This site is optimized with the Yoast SEO plugin v28.4 - https:\/\/yoast.com\/product\/yoast-seo-wordpress\/ -->\n<title>El mar: \u00bfen el desv\u00e1n de la abuela? - El Diario - Bolivia<\/title>\n<meta name=\"robots\" content=\"index, follow, max-snippet:-1, max-image-preview:large, max-video-preview:-1\" \/>\n<link rel=\"canonical\" href=\"https:\/\/www.eldiario.net\/portal\/2025\/07\/31\/el-mar-en-el-desvan-de-la-abuela\/\" \/>\n<meta property=\"og:locale\" content=\"es_ES\" \/>\n<meta property=\"og:type\" content=\"article\" \/>\n<meta property=\"og:title\" content=\"El mar: \u00bfen el desv\u00e1n de la abuela? - El Diario - Bolivia\" \/>\n<meta property=\"og:description\" content=\"Al parecer la paliza diplom\u00e1tica que recibimos en La Haya hace algunos a\u00f1os, nos ha dejado escaldados con el tema mar\u00edtimo. Evo Morales y su sucesor Lu\u00eds Arce Catacora, ya no volvieron a tener la cara dura de decir que el fallo de los jueces de la Corte Internacional de Justicia, hab\u00eda sido un empate. [&hellip;]\" \/>\n<meta property=\"og:url\" content=\"https:\/\/www.eldiario.net\/portal\/2025\/07\/31\/el-mar-en-el-desvan-de-la-abuela\/\" \/>\n<meta property=\"og:site_name\" content=\"El Diario - Bolivia\" \/>\n<meta property=\"article:publisher\" content=\"https:\/\/www.facebook.com\/eldiario.bolivia\/\" \/>\n<meta property=\"article:published_time\" content=\"2025-07-31T09:42:58+00:00\" \/>\n<meta property=\"og:image\" content=\"https:\/\/www.eldiario.net\/portal\/wp-content\/uploads\/2023\/06\/Manfredo-Kempff-Suarez.jpg\" \/>\n\t<meta property=\"og:image:width\" content=\"1200\" \/>\n\t<meta property=\"og:image:height\" content=\"628\" \/>\n\t<meta property=\"og:image:type\" content=\"image\/jpeg\" \/>\n<meta name=\"author\" content=\"Jeanette\" \/>\n<meta name=\"twitter:card\" content=\"summary_large_image\" \/>\n<meta name=\"twitter:creator\" content=\"@eldiario_net\" \/>\n<meta name=\"twitter:site\" content=\"@eldiario_net\" \/>\n<meta name=\"twitter:label1\" content=\"Escrito por\" \/>\n\t<meta name=\"twitter:data1\" content=\"Jeanette\" \/>\n\t<meta name=\"twitter:label2\" content=\"Tiempo de lectura\" \/>\n\t<meta name=\"twitter:data2\" content=\"3 minutos\" \/>\n<script type=\"application\/ld+json\" class=\"yoast-schema-graph\">{\"@context\":\"https:\\\/\\\/schema.org\",\"@graph\":[{\"@type\":\"Article\",\"@id\":\"https:\\\/\\\/www.eldiario.net\\\/portal\\\/2025\\\/07\\\/31\\\/el-mar-en-el-desvan-de-la-abuela\\\/#article\",\"isPartOf\":{\"@id\":\"https:\\\/\\\/www.eldiario.net\\\/portal\\\/2025\\\/07\\\/31\\\/el-mar-en-el-desvan-de-la-abuela\\\/\"},\"author\":{\"name\":\"Jeanette\",\"@id\":\"https:\\\/\\\/www.eldiario.net\\\/portal\\\/#\\\/schema\\\/person\\\/2c57cf2b7a7ae032e449e4c9b1019eac\"},\"headline\":\"El mar: \u00bfen el desv\u00e1n de la abuela?\",\"datePublished\":\"2025-07-31T09:42:58+00:00\",\"mainEntityOfPage\":{\"@id\":\"https:\\\/\\\/www.eldiario.net\\\/portal\\\/2025\\\/07\\\/31\\\/el-mar-en-el-desvan-de-la-abuela\\\/\"},\"wordCount\":590,\"publisher\":{\"@id\":\"https:\\\/\\\/www.eldiario.net\\\/portal\\\/#organization\"},\"image\":{\"@id\":\"https:\\\/\\\/www.eldiario.net\\\/portal\\\/2025\\\/07\\\/31\\\/el-mar-en-el-desvan-de-la-abuela\\\/#primaryimage\"},\"thumbnailUrl\":\"https:\\\/\\\/www.eldiario.net\\\/portal\\\/wp-content\\\/uploads\\\/2023\\\/06\\\/Manfredo-Kempff-Suarez.jpg\",\"articleSection\":[\"Opini\u00f3n\"],\"inLanguage\":\"es\"},{\"@type\":\"WebPage\",\"@id\":\"https:\\\/\\\/www.eldiario.net\\\/portal\\\/2025\\\/07\\\/31\\\/el-mar-en-el-desvan-de-la-abuela\\\/\",\"url\":\"https:\\\/\\\/www.eldiario.net\\\/portal\\\/2025\\\/07\\\/31\\\/el-mar-en-el-desvan-de-la-abuela\\\/\",\"name\":\"El mar: \u00bfen el desv\u00e1n de la abuela? - El Diario - Bolivia\",\"isPartOf\":{\"@id\":\"https:\\\/\\\/www.eldiario.net\\\/portal\\\/#website\"},\"primaryImageOfPage\":{\"@id\":\"https:\\\/\\\/www.eldiario.net\\\/portal\\\/2025\\\/07\\\/31\\\/el-mar-en-el-desvan-de-la-abuela\\\/#primaryimage\"},\"image\":{\"@id\":\"https:\\\/\\\/www.eldiario.net\\\/portal\\\/2025\\\/07\\\/31\\\/el-mar-en-el-desvan-de-la-abuela\\\/#primaryimage\"},\"thumbnailUrl\":\"https:\\\/\\\/www.eldiario.net\\\/portal\\\/wp-content\\\/uploads\\\/2023\\\/06\\\/Manfredo-Kempff-Suarez.jpg\",\"datePublished\":\"2025-07-31T09:42:58+00:00\",\"breadcrumb\":{\"@id\":\"https:\\\/\\\/www.eldiario.net\\\/portal\\\/2025\\\/07\\\/31\\\/el-mar-en-el-desvan-de-la-abuela\\\/#breadcrumb\"},\"inLanguage\":\"es\",\"potentialAction\":[{\"@type\":\"ReadAction\",\"target\":[\"https:\\\/\\\/www.eldiario.net\\\/portal\\\/2025\\\/07\\\/31\\\/el-mar-en-el-desvan-de-la-abuela\\\/\"]}]},{\"@type\":\"ImageObject\",\"inLanguage\":\"es\",\"@id\":\"https:\\\/\\\/www.eldiario.net\\\/portal\\\/2025\\\/07\\\/31\\\/el-mar-en-el-desvan-de-la-abuela\\\/#primaryimage\",\"url\":\"https:\\\/\\\/www.eldiario.net\\\/portal\\\/wp-content\\\/uploads\\\/2023\\\/06\\\/Manfredo-Kempff-Suarez.jpg\",\"contentUrl\":\"https:\\\/\\\/www.eldiario.net\\\/portal\\\/wp-content\\\/uploads\\\/2023\\\/06\\\/Manfredo-Kempff-Suarez.jpg\",\"width\":1200,\"height\":628},{\"@type\":\"BreadcrumbList\",\"@id\":\"https:\\\/\\\/www.eldiario.net\\\/portal\\\/2025\\\/07\\\/31\\\/el-mar-en-el-desvan-de-la-abuela\\\/#breadcrumb\",\"itemListElement\":[{\"@type\":\"ListItem\",\"position\":1,\"name\":\"Portada\",\"item\":\"https:\\\/\\\/www.eldiario.net\\\/portal\\\/\"},{\"@type\":\"ListItem\",\"position\":2,\"name\":\"El mar: \u00bfen el desv\u00e1n de la abuela?\"}]},{\"@type\":\"WebSite\",\"@id\":\"https:\\\/\\\/www.eldiario.net\\\/portal\\\/#website\",\"url\":\"https:\\\/\\\/www.eldiario.net\\\/portal\\\/\",\"name\":\"El Diario - Decano de la prensa nacional\",\"description\":\"El Diario - Decano de la prensa nacional\",\"publisher\":{\"@id\":\"https:\\\/\\\/www.eldiario.net\\\/portal\\\/#organization\"},\"potentialAction\":[{\"@type\":\"SearchAction\",\"target\":{\"@type\":\"EntryPoint\",\"urlTemplate\":\"https:\\\/\\\/www.eldiario.net\\\/portal\\\/?s={search_term_string}\"},\"query-input\":{\"@type\":\"PropertyValueSpecification\",\"valueRequired\":true,\"valueName\":\"search_term_string\"}}],\"inLanguage\":\"es\"},{\"@type\":\"Organization\",\"@id\":\"https:\\\/\\\/www.eldiario.net\\\/portal\\\/#organization\",\"name\":\"El Diario - Decano de la prensa nacional\",\"url\":\"https:\\\/\\\/www.eldiario.net\\\/portal\\\/\",\"logo\":{\"@type\":\"ImageObject\",\"inLanguage\":\"es\",\"@id\":\"https:\\\/\\\/www.eldiario.net\\\/portal\\\/#\\\/schema\\\/logo\\\/image\\\/\",\"url\":\"https:\\\/\\\/www.eldiario.net\\\/portal\\\/wp-content\\\/uploads\\\/2023\\\/07\\\/logo_ED.jpg\",\"contentUrl\":\"https:\\\/\\\/www.eldiario.net\\\/portal\\\/wp-content\\\/uploads\\\/2023\\\/07\\\/logo_ED.jpg\",\"width\":272,\"height\":52,\"caption\":\"El Diario - Decano de la prensa nacional\"},\"image\":{\"@id\":\"https:\\\/\\\/www.eldiario.net\\\/portal\\\/#\\\/schema\\\/logo\\\/image\\\/\"},\"sameAs\":[\"https:\\\/\\\/www.facebook.com\\\/eldiario.bolivia\\\/\",\"https:\\\/\\\/x.com\\\/eldiario_net\"]},{\"@type\":\"Person\",\"@id\":\"https:\\\/\\\/www.eldiario.net\\\/portal\\\/#\\\/schema\\\/person\\\/2c57cf2b7a7ae032e449e4c9b1019eac\",\"name\":\"Jeanette\",\"image\":{\"@type\":\"ImageObject\",\"inLanguage\":\"es\",\"@id\":\"https:\\\/\\\/secure.gravatar.com\\\/avatar\\\/3ea2118a5f7dad2b7138b1187a6b7ee55f160b9968b66013c3a3ef39dd7e5798?s=96&d=mm&r=g\",\"url\":\"https:\\\/\\\/secure.gravatar.com\\\/avatar\\\/3ea2118a5f7dad2b7138b1187a6b7ee55f160b9968b66013c3a3ef39dd7e5798?s=96&d=mm&r=g\",\"contentUrl\":\"https:\\\/\\\/secure.gravatar.com\\\/avatar\\\/3ea2118a5f7dad2b7138b1187a6b7ee55f160b9968b66013c3a3ef39dd7e5798?s=96&d=mm&r=g\",\"caption\":\"Jeanette\"},\"sameAs\":[\"https:\\\/\\\/www.eldiario.net\\\/portal\"],\"url\":\"https:\\\/\\\/www.eldiario.net\\\/portal\\\/author\\\/jeanette\\\/\"}]}<\/script>\n<!-- \/ Yoast SEO plugin. -->","yoast_head_json":{"title":"El mar: \u00bfen el desv\u00e1n de la abuela? - El Diario - Bolivia","robots":{"index":"index","follow":"follow","max-snippet":"max-snippet:-1","max-image-preview":"max-image-preview:large","max-video-preview":"max-video-preview:-1"},"canonical":"https:\/\/www.eldiario.net\/portal\/2025\/07\/31\/el-mar-en-el-desvan-de-la-abuela\/","og_locale":"es_ES","og_type":"article","og_title":"El mar: \u00bfen el desv\u00e1n de la abuela? - El Diario - Bolivia","og_description":"Al parecer la paliza diplom\u00e1tica que recibimos en La Haya hace algunos a\u00f1os, nos ha dejado escaldados con el tema mar\u00edtimo. Evo Morales y su sucesor Lu\u00eds Arce Catacora, ya no volvieron a tener la cara dura de decir que el fallo de los jueces de la Corte Internacional de Justicia, hab\u00eda sido un empate. [&hellip;]","og_url":"https:\/\/www.eldiario.net\/portal\/2025\/07\/31\/el-mar-en-el-desvan-de-la-abuela\/","og_site_name":"El Diario - Bolivia","article_publisher":"https:\/\/www.facebook.com\/eldiario.bolivia\/","article_published_time":"2025-07-31T09:42:58+00:00","og_image":[{"width":1200,"height":628,"url":"https:\/\/www.eldiario.net\/portal\/wp-content\/uploads\/2023\/06\/Manfredo-Kempff-Suarez.jpg","type":"image\/jpeg"}],"author":"Jeanette","twitter_card":"summary_large_image","twitter_creator":"@eldiario_net","twitter_site":"@eldiario_net","twitter_misc":{"Escrito por":"Jeanette","Tiempo de lectura":"3 minutos"},"schema":{"@context":"https:\/\/schema.org","@graph":[{"@type":"Article","@id":"https:\/\/www.eldiario.net\/portal\/2025\/07\/31\/el-mar-en-el-desvan-de-la-abuela\/#article","isPartOf":{"@id":"https:\/\/www.eldiario.net\/portal\/2025\/07\/31\/el-mar-en-el-desvan-de-la-abuela\/"},"author":{"name":"Jeanette","@id":"https:\/\/www.eldiario.net\/portal\/#\/schema\/person\/2c57cf2b7a7ae032e449e4c9b1019eac"},"headline":"El mar: \u00bfen el desv\u00e1n de la abuela?","datePublished":"2025-07-31T09:42:58+00:00","mainEntityOfPage":{"@id":"https:\/\/www.eldiario.net\/portal\/2025\/07\/31\/el-mar-en-el-desvan-de-la-abuela\/"},"wordCount":590,"publisher":{"@id":"https:\/\/www.eldiario.net\/portal\/#organization"},"image":{"@id":"https:\/\/www.eldiario.net\/portal\/2025\/07\/31\/el-mar-en-el-desvan-de-la-abuela\/#primaryimage"},"thumbnailUrl":"https:\/\/www.eldiario.net\/portal\/wp-content\/uploads\/2023\/06\/Manfredo-Kempff-Suarez.jpg","articleSection":["Opini\u00f3n"],"inLanguage":"es"},{"@type":"WebPage","@id":"https:\/\/www.eldiario.net\/portal\/2025\/07\/31\/el-mar-en-el-desvan-de-la-abuela\/","url":"https:\/\/www.eldiario.net\/portal\/2025\/07\/31\/el-mar-en-el-desvan-de-la-abuela\/","name":"El mar: \u00bfen el desv\u00e1n de la abuela? - El Diario - Bolivia","isPartOf":{"@id":"https:\/\/www.eldiario.net\/portal\/#website"},"primaryImageOfPage":{"@id":"https:\/\/www.eldiario.net\/portal\/2025\/07\/31\/el-mar-en-el-desvan-de-la-abuela\/#primaryimage"},"image":{"@id":"https:\/\/www.eldiario.net\/portal\/2025\/07\/31\/el-mar-en-el-desvan-de-la-abuela\/#primaryimage"},"thumbnailUrl":"https:\/\/www.eldiario.net\/portal\/wp-content\/uploads\/2023\/06\/Manfredo-Kempff-Suarez.jpg","datePublished":"2025-07-31T09:42:58+00:00","breadcrumb":{"@id":"https:\/\/www.eldiario.net\/portal\/2025\/07\/31\/el-mar-en-el-desvan-de-la-abuela\/#breadcrumb"},"inLanguage":"es","potentialAction":[{"@type":"ReadAction","target":["https:\/\/www.eldiario.net\/portal\/2025\/07\/31\/el-mar-en-el-desvan-de-la-abuela\/"]}]},{"@type":"ImageObject","inLanguage":"es","@id":"https:\/\/www.eldiario.net\/portal\/2025\/07\/31\/el-mar-en-el-desvan-de-la-abuela\/#primaryimage","url":"https:\/\/www.eldiario.net\/portal\/wp-content\/uploads\/2023\/06\/Manfredo-Kempff-Suarez.jpg","contentUrl":"https:\/\/www.eldiario.net\/portal\/wp-content\/uploads\/2023\/06\/Manfredo-Kempff-Suarez.jpg","width":1200,"height":628},{"@type":"BreadcrumbList","@id":"https:\/\/www.eldiario.net\/portal\/2025\/07\/31\/el-mar-en-el-desvan-de-la-abuela\/#breadcrumb","itemListElement":[{"@type":"ListItem","position":1,"name":"Portada","item":"https:\/\/www.eldiario.net\/portal\/"},{"@type":"ListItem","position":2,"name":"El mar: \u00bfen el desv\u00e1n de la abuela?"}]},{"@type":"WebSite","@id":"https:\/\/www.eldiario.net\/portal\/#website","url":"https:\/\/www.eldiario.net\/portal\/","name":"El Diario - Decano de la prensa nacional","description":"El Diario - Decano de la prensa nacional","publisher":{"@id":"https:\/\/www.eldiario.net\/portal\/#organization"},"potentialAction":[{"@type":"SearchAction","target":{"@type":"EntryPoint","urlTemplate":"https:\/\/www.eldiario.net\/portal\/?s={search_term_string}"},"query-input":{"@type":"PropertyValueSpecification","valueRequired":true,"valueName":"search_term_string"}}],"inLanguage":"es"},{"@type":"Organization","@id":"https:\/\/www.eldiario.net\/portal\/#organization","name":"El Diario - Decano de la prensa nacional","url":"https:\/\/www.eldiario.net\/portal\/","logo":{"@type":"ImageObject","inLanguage":"es","@id":"https:\/\/www.eldiario.net\/portal\/#\/schema\/logo\/image\/","url":"https:\/\/www.eldiario.net\/portal\/wp-content\/uploads\/2023\/07\/logo_ED.jpg","contentUrl":"https:\/\/www.eldiario.net\/portal\/wp-content\/uploads\/2023\/07\/logo_ED.jpg","width":272,"height":52,"caption":"El Diario - Decano de la prensa nacional"},"image":{"@id":"https:\/\/www.eldiario.net\/portal\/#\/schema\/logo\/image\/"},"sameAs":["https:\/\/www.facebook.com\/eldiario.bolivia\/","https:\/\/x.com\/eldiario_net"]},{"@type":"Person","@id":"https:\/\/www.eldiario.net\/portal\/#\/schema\/person\/2c57cf2b7a7ae032e449e4c9b1019eac","name":"Jeanette","image":{"@type":"ImageObject","inLanguage":"es","@id":"https:\/\/secure.gravatar.com\/avatar\/3ea2118a5f7dad2b7138b1187a6b7ee55f160b9968b66013c3a3ef39dd7e5798?s=96&d=mm&r=g","url":"https:\/\/secure.gravatar.com\/avatar\/3ea2118a5f7dad2b7138b1187a6b7ee55f160b9968b66013c3a3ef39dd7e5798?s=96&d=mm&r=g","contentUrl":"https:\/\/secure.gravatar.com\/avatar\/3ea2118a5f7dad2b7138b1187a6b7ee55f160b9968b66013c3a3ef39dd7e5798?s=96&d=mm&r=g","caption":"Jeanette"},"sameAs":["https:\/\/www.eldiario.net\/portal"],"url":"https:\/\/www.eldiario.net\/portal\/author\/jeanette\/"}]}},"_links":{"self":[{"href":"https:\/\/www.eldiario.net\/portal\/wp-json\/wp\/v2\/posts\/320575","targetHints":{"allow":["GET"]}}],"collection":[{"href":"https:\/\/www.eldiario.net\/portal\/wp-json\/wp\/v2\/posts"}],"about":[{"href":"https:\/\/www.eldiario.net\/portal\/wp-json\/wp\/v2\/types\/post"}],"author":[{"embeddable":true,"href":"https:\/\/www.eldiario.net\/portal\/wp-json\/wp\/v2\/users\/1"}],"replies":[{"embeddable":true,"href":"https:\/\/www.eldiario.net\/portal\/wp-json\/wp\/v2\/comments?post=320575"}],"version-history":[{"count":1,"href":"https:\/\/www.eldiario.net\/portal\/wp-json\/wp\/v2\/posts\/320575\/revisions"}],"predecessor-version":[{"id":320576,"href":"https:\/\/www.eldiario.net\/portal\/wp-json\/wp\/v2\/posts\/320575\/revisions\/320576"}],"wp:featuredmedia":[{"embeddable":true,"href":"https:\/\/www.eldiario.net\/portal\/wp-json\/wp\/v2\/media\/157472"}],"wp:attachment":[{"href":"https:\/\/www.eldiario.net\/portal\/wp-json\/wp\/v2\/media?parent=320575"}],"wp:term":[{"taxonomy":"category","embeddable":true,"href":"https:\/\/www.eldiario.net\/portal\/wp-json\/wp\/v2\/categories?post=320575"},{"taxonomy":"post_tag","embeddable":true,"href":"https:\/\/www.eldiario.net\/portal\/wp-json\/wp\/v2\/tags?post=320575"}],"curies":[{"name":"wp","href":"https:\/\/api.w.org\/{rel}","templated":true}]}}