{"id":320573,"date":"2025-07-31T05:42:31","date_gmt":"2025-07-31T09:42:31","guid":{"rendered":"https:\/\/www.eldiario.net\/portal\/?p=320573"},"modified":"2025-07-31T05:42:31","modified_gmt":"2025-07-31T09:42:31","slug":"por-que-esta-bajando-el-dolar-volvera-a-subir","status":"publish","type":"post","link":"https:\/\/www.eldiario.net\/portal\/2025\/07\/31\/por-que-esta-bajando-el-dolar-volvera-a-subir\/","title":{"rendered":"\u00bfPor qu\u00e9 est\u00e1 bajando el d\u00f3lar? \u00bfVolver\u00e1 a subir?"},"content":{"rendered":"<p>\u00a1Qui\u00e9n lo iba a decir! El criticado, demonizado y vilipendiado d\u00f3lar estadounidense, al que por muchos a\u00f1os ni se lo quer\u00eda nombrar en el \u00e1mbito pol\u00edtico en Bolivia, por estar relacionado con el \u201cimperio yanqui\u201d, y frente al cual la moneda nacional &#8211;el Boliviano&#8211; hizo gala de fortaleza durante m\u00e1s de una d\u00e9cada, hoy no s\u00f3lo est\u00e1 cotidianamente en la boca de todos, sino que ahora es requerido, ansiado y hasta depositario de la fe de mucha gente, que ve en dicha moneda una suerte de refugio frente a la inmisericorde inflaci\u00f3n que socaba el poder adquisitivo del Boliviano.<\/p>\n<p>En efecto, el tipo de cambio oficial del d\u00f3lar en el pa\u00eds, que hab\u00eda cerrado en Bs 8,08 el 31 de diciembre de 2005, empez\u00f3 a declinar lentamente su cotizaci\u00f3n a la par que las exportaciones nacionales crec\u00edan, el super\u00e1vit comercial se repet\u00eda, y las Reservas Internacionales Netas (RIN) del Banco Central de Bolivia (BCB) aumentaban, llegando a cotizar a Bs 6,96 el 9 de noviembre de 2011, fecha desde la cual se mantiene sin cambio, con la pertinente aclaraci\u00f3n de que hoy es pr\u00e1cticamente imposible conseguir el d\u00f3lar con ese precio, ya que la ausencia de un mercado paralelo verdaderamente libre, dio lugar a un mercado negro donde el d\u00f3lar lleg\u00f3 a rozar los Bs 20 a mediados de mayo pasado, debido a factores externos e internos &#8211;objetivos y subjetivos&#8211; que una vez aplacados, deriv\u00f3 en un baj\u00f3n de la divisa hasta ubicarse entre Bs 16 y Bs 15.<\/p>\n<p>Sin embargo, durante los \u00faltimos d\u00edas, no solamente el d\u00f3lar f\u00edsico sino tambi\u00e9n el d\u00f3lar cripto (digital), han venido experimentando una tendencia a la baja, cotiz\u00e1ndose, en el momento de escribir esta columna, en poco m\u00e1s de Bs 13, posicionando tres preguntas repetitivas: \u00bfPor qu\u00e9 est\u00e1 bajando el d\u00f3lar? \u00bfHasta cu\u00e1nto bajar\u00e1? Y la pregunta del mill\u00f3n: \u00bfVolver\u00e1 a subir el d\u00f3lar?<\/p>\n<p>Para intentar contestar dichas preguntas &#8211;cuyas respuestas podr\u00edan cambiar la vida de mucha gente para bien, si se le atina, y para mal, si se hace un mal pron\u00f3stico&#8211; habr\u00e1 que entender que responder tales cuestionamientos de ninguna forma es algo f\u00e1cil, siendo que la cotizaci\u00f3n de mercado de la divisa estadounidense obedece a la conjunci\u00f3n de varios elementos, no solo de orden econ\u00f3mico, sino, tambi\u00e9n, pol\u00edticos, sociales y algo no menor: las expectativas de la gente.<\/p>\n<p>Entre las explicaciones de los analistas y de quienes se precian de ser esclarecidos en la materia, cuentan como argumentos para la baja del d\u00f3lar: Un aumento de su oferta en el mercado por el crecimiento de las exportaciones; la menor demanda de d\u00f3lares por parte de los importadores; un cambio en las expectativas de la poblaci\u00f3n por la mejora de la posici\u00f3n de las RIN del BCB &#8211;como se informara&#8211; y que vengan mejores d\u00edas, luego de las Elecciones Generales; tambi\u00e9n, que la baja se debe a la ca\u00edda del d\u00f3lar frente a otras monedas; al desatesoramiento, por temor a que el d\u00f3lar caiga m\u00e1s, entre otras razones, aunque \u00e9stas son las principales.<\/p>\n<p>Frente a ello, la evidencia: La exportaci\u00f3n legal viene bajando, en vez de crecer; los d\u00f3lares siguen saliendo del pa\u00eds por el d\u00e9ficit del comercio exterior; suena razonable que la baja se deba a que la importaci\u00f3n va disminuyendo por razones de mercado, siendo que en muchos rubros los productos o las empresas no aguantan el tener que operar con un d\u00f3lar 100% m\u00e1s caro que el oficial; en cuanto a la incidencia de la ca\u00edda del d\u00f3lar a nivel mundial, su impacto es marginal en el pa\u00eds, no as\u00ed, el cambio de las expectativas de los agentes econ\u00f3micos.<\/p>\n<p>Como la econom\u00eda muchas veces se explica m\u00e1s por la sicolog\u00eda que por la \u201cnumerolog\u00eda\u201d, las expectativas podr\u00edan estar jugando un rol gravitante, p. ej.: Ante la incertidumbre, menos negocios ligados al d\u00f3lar, frenan su demanda; est\u00e1, tambi\u00e9n, la esperanza de una mejora por un cambio en la pol\u00edtica econ\u00f3mica; los anuncios de los pol\u00edticos que aspiran a la Presidencia, ofreciendo el oro y el moro para conseguir votos, prometiendo una lluvia de d\u00f3lares a corto plazo, ya sea v\u00eda colosales cr\u00e9ditos externos, liberaci\u00f3n de exportaciones, ventas anticipadas de recursos naturales, etc., adem\u00e1s de un dr\u00e1stico recorte del gasto p\u00fablico para controlar el d\u00e9ficit fiscal.<\/p>\n<p>Lo arriba se\u00f1alado, son las dif\u00edciles respuestas, por comprobar, ante la sesuda y recurrente pregunta: \u201c\u00bfPor qu\u00e9 baja el d\u00f3lar?\u201d Pero, no menos riesgoso resulta responder el segundo cuestionamiento: \u201c\u00bfHasta cu\u00e1nto bajar\u00e1?\u201d.<\/p>\n<p>Para que el d\u00f3lar baje deber\u00edan darse profundos cambios estructurales a fin de incrementar las exportaciones y traer d\u00f3lares al pa\u00eds; sustituir importaciones, para evitar la salida de divisas al exterior; adem\u00e1s, mejorar el entorno para captar inversiones extranjeras o cr\u00e9ditos internacionales, todo lo cual no ocurre de la noche a la ma\u00f1ana. Basta ver lo que est\u00e1 pasando en la Argentina que, pese a sus progresos, lucha a\u00fan con el alza del d\u00f3lar.<\/p>\n<p>En cuanto a la pregunta del mill\u00f3n: \u201c\u00bfVolver\u00e1 a subir el d\u00f3lar?\u201d Alguien se\u00f1al\u00f3: \u201cPuede que s\u00ed, puede que no, lo m\u00e1s seguro es \u00a1qui\u00e9n sabe!\u201d. Solamente Dios, que no es economista, lo sabe\u2026<\/p>\n<p><strong>\u00a0<\/strong><\/p>\n<p><em>El autor es <\/em><em>Economista y Mag\u00edster en Comercio Internacional.<\/em><\/p>\n","protected":false},"excerpt":{"rendered":"<p>\u00a1Qui\u00e9n lo iba a decir! El criticado, demonizado y vilipendiado d\u00f3lar estadounidense, al que por muchos a\u00f1os ni se lo quer\u00eda nombrar en el \u00e1mbito pol\u00edtico en Bolivia, por estar relacionado con el \u201cimperio yanqui\u201d, y frente al cual la moneda nacional &#8211;el Boliviano&#8211; hizo gala de fortaleza durante m\u00e1s de una d\u00e9cada, hoy no [&hellip;]<\/p>\n","protected":false},"author":1,"featured_media":157466,"comment_status":"closed","ping_status":"open","sticky":false,"template":"","format":"standard","meta":{"_acf_changed":false,"footnotes":""},"categories":[9],"tags":[],"class_list":["post-320573","post","type-post","status-publish","format-standard","has-post-thumbnail","category-opinion"],"acf":{"antetitulo":"Buscando la verdad "},"yoast_head":"<!-- This site is optimized with the Yoast SEO plugin v28.4 - https:\/\/yoast.com\/product\/yoast-seo-wordpress\/ -->\n<title>\u00bfPor qu\u00e9 est\u00e1 bajando el d\u00f3lar? \u00bfVolver\u00e1 a subir? - El Diario - Bolivia<\/title>\n<meta name=\"robots\" content=\"index, follow, max-snippet:-1, max-image-preview:large, max-video-preview:-1\" \/>\n<link rel=\"canonical\" href=\"https:\/\/www.eldiario.net\/portal\/2025\/07\/31\/por-que-esta-bajando-el-dolar-volvera-a-subir\/\" \/>\n<meta property=\"og:locale\" content=\"es_ES\" \/>\n<meta property=\"og:type\" content=\"article\" \/>\n<meta property=\"og:title\" content=\"\u00bfPor qu\u00e9 est\u00e1 bajando el d\u00f3lar? \u00bfVolver\u00e1 a subir? - El Diario - Bolivia\" \/>\n<meta property=\"og:description\" content=\"\u00a1Qui\u00e9n lo iba a decir! El criticado, demonizado y vilipendiado d\u00f3lar estadounidense, al que por muchos a\u00f1os ni se lo quer\u00eda nombrar en el \u00e1mbito pol\u00edtico en Bolivia, por estar relacionado con el \u201cimperio yanqui\u201d, y frente al cual la moneda nacional &#8211;el Boliviano&#8211; hizo gala de fortaleza durante m\u00e1s de una d\u00e9cada, hoy no [&hellip;]\" \/>\n<meta property=\"og:url\" content=\"https:\/\/www.eldiario.net\/portal\/2025\/07\/31\/por-que-esta-bajando-el-dolar-volvera-a-subir\/\" \/>\n<meta property=\"og:site_name\" content=\"El Diario - Bolivia\" \/>\n<meta property=\"article:publisher\" content=\"https:\/\/www.facebook.com\/eldiario.bolivia\/\" \/>\n<meta property=\"article:published_time\" content=\"2025-07-31T09:42:31+00:00\" \/>\n<meta property=\"og:image\" content=\"https:\/\/www.eldiario.net\/portal\/wp-content\/uploads\/2023\/06\/Gary-Antonio-Rodriguez-Alvarez.jpg\" \/>\n\t<meta property=\"og:image:width\" content=\"1200\" \/>\n\t<meta property=\"og:image:height\" content=\"628\" \/>\n\t<meta property=\"og:image:type\" content=\"image\/jpeg\" \/>\n<meta name=\"author\" content=\"Jeanette\" \/>\n<meta name=\"twitter:card\" content=\"summary_large_image\" \/>\n<meta name=\"twitter:creator\" content=\"@eldiario_net\" \/>\n<meta name=\"twitter:site\" content=\"@eldiario_net\" \/>\n<meta name=\"twitter:label1\" content=\"Escrito por\" \/>\n\t<meta name=\"twitter:data1\" content=\"Jeanette\" \/>\n\t<meta name=\"twitter:label2\" content=\"Tiempo de lectura\" \/>\n\t<meta name=\"twitter:data2\" content=\"5 minutos\" \/>\n<script type=\"application\/ld+json\" class=\"yoast-schema-graph\">{\"@context\":\"https:\\\/\\\/schema.org\",\"@graph\":[{\"@type\":\"Article\",\"@id\":\"https:\\\/\\\/www.eldiario.net\\\/portal\\\/2025\\\/07\\\/31\\\/por-que-esta-bajando-el-dolar-volvera-a-subir\\\/#article\",\"isPartOf\":{\"@id\":\"https:\\\/\\\/www.eldiario.net\\\/portal\\\/2025\\\/07\\\/31\\\/por-que-esta-bajando-el-dolar-volvera-a-subir\\\/\"},\"author\":{\"name\":\"Jeanette\",\"@id\":\"https:\\\/\\\/www.eldiario.net\\\/portal\\\/#\\\/schema\\\/person\\\/2c57cf2b7a7ae032e449e4c9b1019eac\"},\"headline\":\"\u00bfPor qu\u00e9 est\u00e1 bajando el d\u00f3lar? \u00bfVolver\u00e1 a subir?\",\"datePublished\":\"2025-07-31T09:42:31+00:00\",\"mainEntityOfPage\":{\"@id\":\"https:\\\/\\\/www.eldiario.net\\\/portal\\\/2025\\\/07\\\/31\\\/por-que-esta-bajando-el-dolar-volvera-a-subir\\\/\"},\"wordCount\":952,\"publisher\":{\"@id\":\"https:\\\/\\\/www.eldiario.net\\\/portal\\\/#organization\"},\"image\":{\"@id\":\"https:\\\/\\\/www.eldiario.net\\\/portal\\\/2025\\\/07\\\/31\\\/por-que-esta-bajando-el-dolar-volvera-a-subir\\\/#primaryimage\"},\"thumbnailUrl\":\"https:\\\/\\\/www.eldiario.net\\\/portal\\\/wp-content\\\/uploads\\\/2023\\\/06\\\/Gary-Antonio-Rodriguez-Alvarez.jpg\",\"articleSection\":[\"Opini\u00f3n\"],\"inLanguage\":\"es\"},{\"@type\":\"WebPage\",\"@id\":\"https:\\\/\\\/www.eldiario.net\\\/portal\\\/2025\\\/07\\\/31\\\/por-que-esta-bajando-el-dolar-volvera-a-subir\\\/\",\"url\":\"https:\\\/\\\/www.eldiario.net\\\/portal\\\/2025\\\/07\\\/31\\\/por-que-esta-bajando-el-dolar-volvera-a-subir\\\/\",\"name\":\"\u00bfPor qu\u00e9 est\u00e1 bajando el d\u00f3lar? \u00bfVolver\u00e1 a subir? - El Diario - Bolivia\",\"isPartOf\":{\"@id\":\"https:\\\/\\\/www.eldiario.net\\\/portal\\\/#website\"},\"primaryImageOfPage\":{\"@id\":\"https:\\\/\\\/www.eldiario.net\\\/portal\\\/2025\\\/07\\\/31\\\/por-que-esta-bajando-el-dolar-volvera-a-subir\\\/#primaryimage\"},\"image\":{\"@id\":\"https:\\\/\\\/www.eldiario.net\\\/portal\\\/2025\\\/07\\\/31\\\/por-que-esta-bajando-el-dolar-volvera-a-subir\\\/#primaryimage\"},\"thumbnailUrl\":\"https:\\\/\\\/www.eldiario.net\\\/portal\\\/wp-content\\\/uploads\\\/2023\\\/06\\\/Gary-Antonio-Rodriguez-Alvarez.jpg\",\"datePublished\":\"2025-07-31T09:42:31+00:00\",\"breadcrumb\":{\"@id\":\"https:\\\/\\\/www.eldiario.net\\\/portal\\\/2025\\\/07\\\/31\\\/por-que-esta-bajando-el-dolar-volvera-a-subir\\\/#breadcrumb\"},\"inLanguage\":\"es\",\"potentialAction\":[{\"@type\":\"ReadAction\",\"target\":[\"https:\\\/\\\/www.eldiario.net\\\/portal\\\/2025\\\/07\\\/31\\\/por-que-esta-bajando-el-dolar-volvera-a-subir\\\/\"]}]},{\"@type\":\"ImageObject\",\"inLanguage\":\"es\",\"@id\":\"https:\\\/\\\/www.eldiario.net\\\/portal\\\/2025\\\/07\\\/31\\\/por-que-esta-bajando-el-dolar-volvera-a-subir\\\/#primaryimage\",\"url\":\"https:\\\/\\\/www.eldiario.net\\\/portal\\\/wp-content\\\/uploads\\\/2023\\\/06\\\/Gary-Antonio-Rodriguez-Alvarez.jpg\",\"contentUrl\":\"https:\\\/\\\/www.eldiario.net\\\/portal\\\/wp-content\\\/uploads\\\/2023\\\/06\\\/Gary-Antonio-Rodriguez-Alvarez.jpg\",\"width\":1200,\"height\":628},{\"@type\":\"BreadcrumbList\",\"@id\":\"https:\\\/\\\/www.eldiario.net\\\/portal\\\/2025\\\/07\\\/31\\\/por-que-esta-bajando-el-dolar-volvera-a-subir\\\/#breadcrumb\",\"itemListElement\":[{\"@type\":\"ListItem\",\"position\":1,\"name\":\"Portada\",\"item\":\"https:\\\/\\\/www.eldiario.net\\\/portal\\\/\"},{\"@type\":\"ListItem\",\"position\":2,\"name\":\"\u00bfPor qu\u00e9 est\u00e1 bajando el d\u00f3lar? \u00bfVolver\u00e1 a subir?\"}]},{\"@type\":\"WebSite\",\"@id\":\"https:\\\/\\\/www.eldiario.net\\\/portal\\\/#website\",\"url\":\"https:\\\/\\\/www.eldiario.net\\\/portal\\\/\",\"name\":\"El Diario - Decano de la prensa nacional\",\"description\":\"El Diario - Decano de la prensa nacional\",\"publisher\":{\"@id\":\"https:\\\/\\\/www.eldiario.net\\\/portal\\\/#organization\"},\"potentialAction\":[{\"@type\":\"SearchAction\",\"target\":{\"@type\":\"EntryPoint\",\"urlTemplate\":\"https:\\\/\\\/www.eldiario.net\\\/portal\\\/?s={search_term_string}\"},\"query-input\":{\"@type\":\"PropertyValueSpecification\",\"valueRequired\":true,\"valueName\":\"search_term_string\"}}],\"inLanguage\":\"es\"},{\"@type\":\"Organization\",\"@id\":\"https:\\\/\\\/www.eldiario.net\\\/portal\\\/#organization\",\"name\":\"El Diario - Decano de la prensa nacional\",\"url\":\"https:\\\/\\\/www.eldiario.net\\\/portal\\\/\",\"logo\":{\"@type\":\"ImageObject\",\"inLanguage\":\"es\",\"@id\":\"https:\\\/\\\/www.eldiario.net\\\/portal\\\/#\\\/schema\\\/logo\\\/image\\\/\",\"url\":\"https:\\\/\\\/www.eldiario.net\\\/portal\\\/wp-content\\\/uploads\\\/2023\\\/07\\\/logo_ED.jpg\",\"contentUrl\":\"https:\\\/\\\/www.eldiario.net\\\/portal\\\/wp-content\\\/uploads\\\/2023\\\/07\\\/logo_ED.jpg\",\"width\":272,\"height\":52,\"caption\":\"El Diario - Decano de la prensa nacional\"},\"image\":{\"@id\":\"https:\\\/\\\/www.eldiario.net\\\/portal\\\/#\\\/schema\\\/logo\\\/image\\\/\"},\"sameAs\":[\"https:\\\/\\\/www.facebook.com\\\/eldiario.bolivia\\\/\",\"https:\\\/\\\/x.com\\\/eldiario_net\"]},{\"@type\":\"Person\",\"@id\":\"https:\\\/\\\/www.eldiario.net\\\/portal\\\/#\\\/schema\\\/person\\\/2c57cf2b7a7ae032e449e4c9b1019eac\",\"name\":\"Jeanette\",\"image\":{\"@type\":\"ImageObject\",\"inLanguage\":\"es\",\"@id\":\"https:\\\/\\\/secure.gravatar.com\\\/avatar\\\/3ea2118a5f7dad2b7138b1187a6b7ee55f160b9968b66013c3a3ef39dd7e5798?s=96&d=mm&r=g\",\"url\":\"https:\\\/\\\/secure.gravatar.com\\\/avatar\\\/3ea2118a5f7dad2b7138b1187a6b7ee55f160b9968b66013c3a3ef39dd7e5798?s=96&d=mm&r=g\",\"contentUrl\":\"https:\\\/\\\/secure.gravatar.com\\\/avatar\\\/3ea2118a5f7dad2b7138b1187a6b7ee55f160b9968b66013c3a3ef39dd7e5798?s=96&d=mm&r=g\",\"caption\":\"Jeanette\"},\"sameAs\":[\"https:\\\/\\\/www.eldiario.net\\\/portal\"],\"url\":\"https:\\\/\\\/www.eldiario.net\\\/portal\\\/author\\\/jeanette\\\/\"}]}<\/script>\n<!-- \/ Yoast SEO plugin. -->","yoast_head_json":{"title":"\u00bfPor qu\u00e9 est\u00e1 bajando el d\u00f3lar? \u00bfVolver\u00e1 a subir? - El Diario - Bolivia","robots":{"index":"index","follow":"follow","max-snippet":"max-snippet:-1","max-image-preview":"max-image-preview:large","max-video-preview":"max-video-preview:-1"},"canonical":"https:\/\/www.eldiario.net\/portal\/2025\/07\/31\/por-que-esta-bajando-el-dolar-volvera-a-subir\/","og_locale":"es_ES","og_type":"article","og_title":"\u00bfPor qu\u00e9 est\u00e1 bajando el d\u00f3lar? \u00bfVolver\u00e1 a subir? - El Diario - Bolivia","og_description":"\u00a1Qui\u00e9n lo iba a decir! El criticado, demonizado y vilipendiado d\u00f3lar estadounidense, al que por muchos a\u00f1os ni se lo quer\u00eda nombrar en el \u00e1mbito pol\u00edtico en Bolivia, por estar relacionado con el \u201cimperio yanqui\u201d, y frente al cual la moneda nacional &#8211;el Boliviano&#8211; hizo gala de fortaleza durante m\u00e1s de una d\u00e9cada, hoy no [&hellip;]","og_url":"https:\/\/www.eldiario.net\/portal\/2025\/07\/31\/por-que-esta-bajando-el-dolar-volvera-a-subir\/","og_site_name":"El Diario - Bolivia","article_publisher":"https:\/\/www.facebook.com\/eldiario.bolivia\/","article_published_time":"2025-07-31T09:42:31+00:00","og_image":[{"width":1200,"height":628,"url":"https:\/\/www.eldiario.net\/portal\/wp-content\/uploads\/2023\/06\/Gary-Antonio-Rodriguez-Alvarez.jpg","type":"image\/jpeg"}],"author":"Jeanette","twitter_card":"summary_large_image","twitter_creator":"@eldiario_net","twitter_site":"@eldiario_net","twitter_misc":{"Escrito por":"Jeanette","Tiempo de lectura":"5 minutos"},"schema":{"@context":"https:\/\/schema.org","@graph":[{"@type":"Article","@id":"https:\/\/www.eldiario.net\/portal\/2025\/07\/31\/por-que-esta-bajando-el-dolar-volvera-a-subir\/#article","isPartOf":{"@id":"https:\/\/www.eldiario.net\/portal\/2025\/07\/31\/por-que-esta-bajando-el-dolar-volvera-a-subir\/"},"author":{"name":"Jeanette","@id":"https:\/\/www.eldiario.net\/portal\/#\/schema\/person\/2c57cf2b7a7ae032e449e4c9b1019eac"},"headline":"\u00bfPor qu\u00e9 est\u00e1 bajando el d\u00f3lar? \u00bfVolver\u00e1 a subir?","datePublished":"2025-07-31T09:42:31+00:00","mainEntityOfPage":{"@id":"https:\/\/www.eldiario.net\/portal\/2025\/07\/31\/por-que-esta-bajando-el-dolar-volvera-a-subir\/"},"wordCount":952,"publisher":{"@id":"https:\/\/www.eldiario.net\/portal\/#organization"},"image":{"@id":"https:\/\/www.eldiario.net\/portal\/2025\/07\/31\/por-que-esta-bajando-el-dolar-volvera-a-subir\/#primaryimage"},"thumbnailUrl":"https:\/\/www.eldiario.net\/portal\/wp-content\/uploads\/2023\/06\/Gary-Antonio-Rodriguez-Alvarez.jpg","articleSection":["Opini\u00f3n"],"inLanguage":"es"},{"@type":"WebPage","@id":"https:\/\/www.eldiario.net\/portal\/2025\/07\/31\/por-que-esta-bajando-el-dolar-volvera-a-subir\/","url":"https:\/\/www.eldiario.net\/portal\/2025\/07\/31\/por-que-esta-bajando-el-dolar-volvera-a-subir\/","name":"\u00bfPor qu\u00e9 est\u00e1 bajando el d\u00f3lar? \u00bfVolver\u00e1 a subir? - El Diario - Bolivia","isPartOf":{"@id":"https:\/\/www.eldiario.net\/portal\/#website"},"primaryImageOfPage":{"@id":"https:\/\/www.eldiario.net\/portal\/2025\/07\/31\/por-que-esta-bajando-el-dolar-volvera-a-subir\/#primaryimage"},"image":{"@id":"https:\/\/www.eldiario.net\/portal\/2025\/07\/31\/por-que-esta-bajando-el-dolar-volvera-a-subir\/#primaryimage"},"thumbnailUrl":"https:\/\/www.eldiario.net\/portal\/wp-content\/uploads\/2023\/06\/Gary-Antonio-Rodriguez-Alvarez.jpg","datePublished":"2025-07-31T09:42:31+00:00","breadcrumb":{"@id":"https:\/\/www.eldiario.net\/portal\/2025\/07\/31\/por-que-esta-bajando-el-dolar-volvera-a-subir\/#breadcrumb"},"inLanguage":"es","potentialAction":[{"@type":"ReadAction","target":["https:\/\/www.eldiario.net\/portal\/2025\/07\/31\/por-que-esta-bajando-el-dolar-volvera-a-subir\/"]}]},{"@type":"ImageObject","inLanguage":"es","@id":"https:\/\/www.eldiario.net\/portal\/2025\/07\/31\/por-que-esta-bajando-el-dolar-volvera-a-subir\/#primaryimage","url":"https:\/\/www.eldiario.net\/portal\/wp-content\/uploads\/2023\/06\/Gary-Antonio-Rodriguez-Alvarez.jpg","contentUrl":"https:\/\/www.eldiario.net\/portal\/wp-content\/uploads\/2023\/06\/Gary-Antonio-Rodriguez-Alvarez.jpg","width":1200,"height":628},{"@type":"BreadcrumbList","@id":"https:\/\/www.eldiario.net\/portal\/2025\/07\/31\/por-que-esta-bajando-el-dolar-volvera-a-subir\/#breadcrumb","itemListElement":[{"@type":"ListItem","position":1,"name":"Portada","item":"https:\/\/www.eldiario.net\/portal\/"},{"@type":"ListItem","position":2,"name":"\u00bfPor qu\u00e9 est\u00e1 bajando el d\u00f3lar? \u00bfVolver\u00e1 a subir?"}]},{"@type":"WebSite","@id":"https:\/\/www.eldiario.net\/portal\/#website","url":"https:\/\/www.eldiario.net\/portal\/","name":"El Diario - Decano de la prensa nacional","description":"El Diario - Decano de la prensa nacional","publisher":{"@id":"https:\/\/www.eldiario.net\/portal\/#organization"},"potentialAction":[{"@type":"SearchAction","target":{"@type":"EntryPoint","urlTemplate":"https:\/\/www.eldiario.net\/portal\/?s={search_term_string}"},"query-input":{"@type":"PropertyValueSpecification","valueRequired":true,"valueName":"search_term_string"}}],"inLanguage":"es"},{"@type":"Organization","@id":"https:\/\/www.eldiario.net\/portal\/#organization","name":"El Diario - Decano de la prensa nacional","url":"https:\/\/www.eldiario.net\/portal\/","logo":{"@type":"ImageObject","inLanguage":"es","@id":"https:\/\/www.eldiario.net\/portal\/#\/schema\/logo\/image\/","url":"https:\/\/www.eldiario.net\/portal\/wp-content\/uploads\/2023\/07\/logo_ED.jpg","contentUrl":"https:\/\/www.eldiario.net\/portal\/wp-content\/uploads\/2023\/07\/logo_ED.jpg","width":272,"height":52,"caption":"El Diario - Decano de la prensa nacional"},"image":{"@id":"https:\/\/www.eldiario.net\/portal\/#\/schema\/logo\/image\/"},"sameAs":["https:\/\/www.facebook.com\/eldiario.bolivia\/","https:\/\/x.com\/eldiario_net"]},{"@type":"Person","@id":"https:\/\/www.eldiario.net\/portal\/#\/schema\/person\/2c57cf2b7a7ae032e449e4c9b1019eac","name":"Jeanette","image":{"@type":"ImageObject","inLanguage":"es","@id":"https:\/\/secure.gravatar.com\/avatar\/3ea2118a5f7dad2b7138b1187a6b7ee55f160b9968b66013c3a3ef39dd7e5798?s=96&d=mm&r=g","url":"https:\/\/secure.gravatar.com\/avatar\/3ea2118a5f7dad2b7138b1187a6b7ee55f160b9968b66013c3a3ef39dd7e5798?s=96&d=mm&r=g","contentUrl":"https:\/\/secure.gravatar.com\/avatar\/3ea2118a5f7dad2b7138b1187a6b7ee55f160b9968b66013c3a3ef39dd7e5798?s=96&d=mm&r=g","caption":"Jeanette"},"sameAs":["https:\/\/www.eldiario.net\/portal"],"url":"https:\/\/www.eldiario.net\/portal\/author\/jeanette\/"}]}},"_links":{"self":[{"href":"https:\/\/www.eldiario.net\/portal\/wp-json\/wp\/v2\/posts\/320573","targetHints":{"allow":["GET"]}}],"collection":[{"href":"https:\/\/www.eldiario.net\/portal\/wp-json\/wp\/v2\/posts"}],"about":[{"href":"https:\/\/www.eldiario.net\/portal\/wp-json\/wp\/v2\/types\/post"}],"author":[{"embeddable":true,"href":"https:\/\/www.eldiario.net\/portal\/wp-json\/wp\/v2\/users\/1"}],"replies":[{"embeddable":true,"href":"https:\/\/www.eldiario.net\/portal\/wp-json\/wp\/v2\/comments?post=320573"}],"version-history":[{"count":1,"href":"https:\/\/www.eldiario.net\/portal\/wp-json\/wp\/v2\/posts\/320573\/revisions"}],"predecessor-version":[{"id":320574,"href":"https:\/\/www.eldiario.net\/portal\/wp-json\/wp\/v2\/posts\/320573\/revisions\/320574"}],"wp:featuredmedia":[{"embeddable":true,"href":"https:\/\/www.eldiario.net\/portal\/wp-json\/wp\/v2\/media\/157466"}],"wp:attachment":[{"href":"https:\/\/www.eldiario.net\/portal\/wp-json\/wp\/v2\/media?parent=320573"}],"wp:term":[{"taxonomy":"category","embeddable":true,"href":"https:\/\/www.eldiario.net\/portal\/wp-json\/wp\/v2\/categories?post=320573"},{"taxonomy":"post_tag","embeddable":true,"href":"https:\/\/www.eldiario.net\/portal\/wp-json\/wp\/v2\/tags?post=320573"}],"curies":[{"name":"wp","href":"https:\/\/api.w.org\/{rel}","templated":true}]}}