{"id":320569,"date":"2025-07-31T05:41:31","date_gmt":"2025-07-31T09:41:31","guid":{"rendered":"https:\/\/www.eldiario.net\/portal\/?p=320569"},"modified":"2025-07-31T05:41:31","modified_gmt":"2025-07-31T09:41:31","slug":"el-debate-vicepresidencial-entre-marketing-politico-y-carencia-de-ideas","status":"publish","type":"post","link":"https:\/\/www.eldiario.net\/portal\/2025\/07\/31\/el-debate-vicepresidencial-entre-marketing-politico-y-carencia-de-ideas\/","title":{"rendered":"El debate vicepresidencial, entre marketing pol\u00edtico y carencia de ideas"},"content":{"rendered":"<p>El reciente debate vicepresidencial transmitido por se\u00f1al abierta en Bolivia represent\u00f3 una rara oportunidad para evaluar de primera mano a los candidatos a la segunda magistratura del pa\u00eds. Algo, que, en las \u00faltimas dos d\u00e9cadas, el Movimiento al Socialismo rehuy\u00f3 sistem\u00e1ticamente por razones obvias. La escasa preparaci\u00f3n y formaci\u00f3n intelectual de sus candidatos eran para ocultarlas y no para exhibirlas a nivel nacional.<\/p>\n<p>En todo caso, lo que pudo haber sido una jornada enriquecedora para el electorado, termin\u00f3 convirti\u00e9ndose en un desfile de improvisaci\u00f3n y carencias, tanto en contenido como en presentaci\u00f3n. Un s\u00edntoma de la crisis estructural de liderazgo pol\u00edtico que atraviesa Bolivia.<\/p>\n<p>El marketing pol\u00edtico ense\u00f1a que todo comunica. No s\u00f3lo lo que se dice, sino tambi\u00e9n c\u00f3mo se lo dice y c\u00f3mo se lo muestra y, en ese sentido, la puesta en escena de los candidatos dej\u00f3 mucho que desear. Jos\u00e9 Luis Lupo, con un atuendo casi calcado al de su binomio Samuel Doria Medina, pareci\u00f3 m\u00e1s un acompa\u00f1ante que un actor pol\u00edtico con personalidad propia. La falta de originalidad en la presentaci\u00f3n personal de los candidatos fue evidente. Juan Pablo Velasco y Juan Carlos Medrano repitieron el uniforme de camisa blanca y jeans, sin el m\u00ednimo esfuerzo por diferenciarse ni por proyectar la formalidad que exige una vicepresidencia. La pol\u00edtica tambi\u00e9n es forma, y aqu\u00ed simplemente no la hubo.<\/p>\n<p>Mariana Prado, por su parte, apel\u00f3 a un look que imitaba a la presidenta mexicana Claudia Sheinbaum, pero le a\u00f1adi\u00f3 el innecesario toque kitsch de una camisa con bolsillo de gatito. M\u00e1s all\u00e1 de la est\u00e9tica, lo preocupante es el mensaje: banalizaci\u00f3n del rol pol\u00edtico, frivolizaci\u00f3n del fondo a favor de la forma mal entendida.<\/p>\n<p>En cuanto al contenido, las propuestas brillaron por su ausencia. El formato del debate, &#8211;breve y apretado&#8211;, no ayud\u00f3; pero los candidatos tampoco supieron optimizarlo, se limitaron a consignas vac\u00edas y frases hechas, como si se tratara de una exposici\u00f3n de colegio y no de un ejercicio serio de debate democr\u00e1tico.<\/p>\n<p>Jos\u00e9 Luis Lupo adopt\u00f3 un tono sobrado y condescendiente, que lejos de mostrar preparaci\u00f3n, transmiti\u00f3 arrogancia. Sus preguntas rebuscadas a nadie impresionaron, m\u00e1s bien generaron rechazo. En pol\u00edtica, la simpat\u00eda es m\u00e1s poderosa que la erudici\u00f3n, y \u00e9l ninguna gener\u00f3.<\/p>\n<p>Mariana Prado ofreci\u00f3 una actuaci\u00f3n propia del manual del socialismo populista: soberbia, evasiva, agresiva cuando se le se\u00f1alaban errores. Pareciera que vive en el multiverso socialista, donde todo est\u00e1 bien y los \u00fanicos malos son los cr\u00edticos. Esa falta de autocr\u00edtica no es liderazgo, es cinismo y poca verg\u00fcenza.<\/p>\n<p>Juan Carlos Medrano comenz\u00f3 con buen pie. Firme, claro, bien articulado; no obstante, se dej\u00f3 llevar por la emoci\u00f3n, cruzando la l\u00ednea entre la iron\u00eda y el irrespeto. En pol\u00edtica, controlar las emociones es tan importante como exponer ideas. Medrano tiene potencial, pero necesita madurar, su perfil, joven y con presencia medi\u00e1tica, lo perfila como una promesa para Santa Cruz y el pa\u00eds, pero para llegar lejos deber\u00e1 aprender a navegar entre la pasi\u00f3n y la estrategia, entre el impulso y la templanza.<\/p>\n<p>Juan Pablo Velasco, sin dudas el candidato m\u00e1s subestimado, fue quien mejor capitaliz\u00f3 las expectativas. Si bien su discurso parec\u00eda memorizado y evidenci\u00f3 falencias en dicci\u00f3n y conocimiento pol\u00edtico, su actitud fue valiente. No se amilan\u00f3, no retrocedi\u00f3 y logr\u00f3 algunos golpes certeros.<\/p>\n<p>La empat\u00eda que gener\u00f3 Velasco no viene de su brillantez, sino de su humanidad. No se disfraz\u00f3 de lo que no es y aunque a\u00fan est\u00e1 muy lejos de ser un pol\u00edtico serio, su autenticidad puede ser su mayor activo si sabe trabajarla adecuadamente. Su principal desaf\u00edo es formarse en historia, filosof\u00eda pol\u00edtica, oratoria, etc. Un vicepresidente no puede improvisar la teor\u00eda del Estado. Pero ese camino empieza con voluntad y Velasco, al menos, la mostr\u00f3. Es evidente que el equipo de asesores de la Alianza Libre debe replantear su estrategia. Su asesor pol\u00edtico, Luis V\u00e1squez Villamor, con tantos a\u00f1os en pol\u00edtica, de seguro tiene muchas m\u00e1s armas para ense\u00f1ar a sus candidatos, no olvidemos que el diablo sabe m\u00e1s por viejo que por diablo.<\/p>\n<p>En general, el debate vicepresidencial dej\u00f3 un sabor a poco; fue una muestra de que en Bolivia a\u00fan no hemos entendido la profundidad del rol vicepresidencial. No es un puesto decorativo, es la antesala al poder y debe ser ocupado por personas con visi\u00f3n, preparaci\u00f3n y car\u00e1cter.<\/p>\n<p>En conclusi\u00f3n, fue una oportunidad desaprovechada, pero tambi\u00e9n una alerta. Bolivia necesita reformas estructurales y no simplemente consignas coyunturales. A\u00fan nos falta mucho por recorrer.<\/p>\n<p>&nbsp;<\/p>\n<p><em>El autor es te\u00f3logo, escritor y educador.<\/em><\/p>\n","protected":false},"excerpt":{"rendered":"<p>El reciente debate vicepresidencial transmitido por se\u00f1al abierta en Bolivia represent\u00f3 una rara oportunidad para evaluar de primera mano a los candidatos a la segunda magistratura del pa\u00eds. Algo, que, en las \u00faltimas dos d\u00e9cadas, el Movimiento al Socialismo rehuy\u00f3 sistem\u00e1ticamente por razones obvias. La escasa preparaci\u00f3n y formaci\u00f3n intelectual de sus candidatos eran para [&hellip;]<\/p>\n","protected":false},"author":1,"featured_media":161861,"comment_status":"closed","ping_status":"open","sticky":false,"template":"","format":"standard","meta":{"_acf_changed":false,"footnotes":""},"categories":[9],"tags":[],"class_list":["post-320569","post","type-post","status-publish","format-standard","has-post-thumbnail","category-opinion"],"acf":{"antetitulo":""},"yoast_head":"<!-- This site is optimized with the Yoast SEO plugin v28.4 - https:\/\/yoast.com\/product\/yoast-seo-wordpress\/ -->\n<title>El debate vicepresidencial, entre marketing pol\u00edtico y carencia de ideas - El Diario - Bolivia<\/title>\n<meta name=\"robots\" content=\"index, follow, max-snippet:-1, max-image-preview:large, max-video-preview:-1\" \/>\n<link rel=\"canonical\" href=\"https:\/\/www.eldiario.net\/portal\/2025\/07\/31\/el-debate-vicepresidencial-entre-marketing-politico-y-carencia-de-ideas\/\" \/>\n<meta property=\"og:locale\" content=\"es_ES\" \/>\n<meta property=\"og:type\" content=\"article\" \/>\n<meta property=\"og:title\" content=\"El debate vicepresidencial, entre marketing pol\u00edtico y carencia de ideas - El Diario - Bolivia\" \/>\n<meta property=\"og:description\" content=\"El reciente debate vicepresidencial transmitido por se\u00f1al abierta en Bolivia represent\u00f3 una rara oportunidad para evaluar de primera mano a los candidatos a la segunda magistratura del pa\u00eds. Algo, que, en las \u00faltimas dos d\u00e9cadas, el Movimiento al Socialismo rehuy\u00f3 sistem\u00e1ticamente por razones obvias. La escasa preparaci\u00f3n y formaci\u00f3n intelectual de sus candidatos eran para [&hellip;]\" \/>\n<meta property=\"og:url\" content=\"https:\/\/www.eldiario.net\/portal\/2025\/07\/31\/el-debate-vicepresidencial-entre-marketing-politico-y-carencia-de-ideas\/\" \/>\n<meta property=\"og:site_name\" content=\"El Diario - Bolivia\" \/>\n<meta property=\"article:publisher\" content=\"https:\/\/www.facebook.com\/eldiario.bolivia\/\" \/>\n<meta property=\"article:published_time\" content=\"2025-07-31T09:41:31+00:00\" \/>\n<meta property=\"og:image\" content=\"https:\/\/www.eldiario.net\/portal\/wp-content\/uploads\/2023\/06\/Marcelo-Miranda-Loayza.jpg\" \/>\n\t<meta property=\"og:image:width\" content=\"1200\" \/>\n\t<meta property=\"og:image:height\" content=\"628\" \/>\n\t<meta property=\"og:image:type\" content=\"image\/jpeg\" \/>\n<meta name=\"author\" content=\"Jeanette\" \/>\n<meta name=\"twitter:card\" content=\"summary_large_image\" \/>\n<meta name=\"twitter:creator\" content=\"@eldiario_net\" \/>\n<meta name=\"twitter:site\" content=\"@eldiario_net\" \/>\n<meta name=\"twitter:label1\" content=\"Escrito por\" \/>\n\t<meta name=\"twitter:data1\" content=\"Jeanette\" \/>\n\t<meta name=\"twitter:label2\" content=\"Tiempo de lectura\" \/>\n\t<meta name=\"twitter:data2\" content=\"4 minutos\" \/>\n<script type=\"application\/ld+json\" class=\"yoast-schema-graph\">{\"@context\":\"https:\\\/\\\/schema.org\",\"@graph\":[{\"@type\":\"Article\",\"@id\":\"https:\\\/\\\/www.eldiario.net\\\/portal\\\/2025\\\/07\\\/31\\\/el-debate-vicepresidencial-entre-marketing-politico-y-carencia-de-ideas\\\/#article\",\"isPartOf\":{\"@id\":\"https:\\\/\\\/www.eldiario.net\\\/portal\\\/2025\\\/07\\\/31\\\/el-debate-vicepresidencial-entre-marketing-politico-y-carencia-de-ideas\\\/\"},\"author\":{\"name\":\"Jeanette\",\"@id\":\"https:\\\/\\\/www.eldiario.net\\\/portal\\\/#\\\/schema\\\/person\\\/2c57cf2b7a7ae032e449e4c9b1019eac\"},\"headline\":\"El debate vicepresidencial, entre marketing pol\u00edtico y carencia de ideas\",\"datePublished\":\"2025-07-31T09:41:31+00:00\",\"mainEntityOfPage\":{\"@id\":\"https:\\\/\\\/www.eldiario.net\\\/portal\\\/2025\\\/07\\\/31\\\/el-debate-vicepresidencial-entre-marketing-politico-y-carencia-de-ideas\\\/\"},\"wordCount\":837,\"publisher\":{\"@id\":\"https:\\\/\\\/www.eldiario.net\\\/portal\\\/#organization\"},\"image\":{\"@id\":\"https:\\\/\\\/www.eldiario.net\\\/portal\\\/2025\\\/07\\\/31\\\/el-debate-vicepresidencial-entre-marketing-politico-y-carencia-de-ideas\\\/#primaryimage\"},\"thumbnailUrl\":\"https:\\\/\\\/www.eldiario.net\\\/portal\\\/wp-content\\\/uploads\\\/2023\\\/06\\\/Marcelo-Miranda-Loayza.jpg\",\"articleSection\":[\"Opini\u00f3n\"],\"inLanguage\":\"es\"},{\"@type\":\"WebPage\",\"@id\":\"https:\\\/\\\/www.eldiario.net\\\/portal\\\/2025\\\/07\\\/31\\\/el-debate-vicepresidencial-entre-marketing-politico-y-carencia-de-ideas\\\/\",\"url\":\"https:\\\/\\\/www.eldiario.net\\\/portal\\\/2025\\\/07\\\/31\\\/el-debate-vicepresidencial-entre-marketing-politico-y-carencia-de-ideas\\\/\",\"name\":\"El debate vicepresidencial, entre marketing pol\u00edtico y carencia de ideas - El Diario - Bolivia\",\"isPartOf\":{\"@id\":\"https:\\\/\\\/www.eldiario.net\\\/portal\\\/#website\"},\"primaryImageOfPage\":{\"@id\":\"https:\\\/\\\/www.eldiario.net\\\/portal\\\/2025\\\/07\\\/31\\\/el-debate-vicepresidencial-entre-marketing-politico-y-carencia-de-ideas\\\/#primaryimage\"},\"image\":{\"@id\":\"https:\\\/\\\/www.eldiario.net\\\/portal\\\/2025\\\/07\\\/31\\\/el-debate-vicepresidencial-entre-marketing-politico-y-carencia-de-ideas\\\/#primaryimage\"},\"thumbnailUrl\":\"https:\\\/\\\/www.eldiario.net\\\/portal\\\/wp-content\\\/uploads\\\/2023\\\/06\\\/Marcelo-Miranda-Loayza.jpg\",\"datePublished\":\"2025-07-31T09:41:31+00:00\",\"breadcrumb\":{\"@id\":\"https:\\\/\\\/www.eldiario.net\\\/portal\\\/2025\\\/07\\\/31\\\/el-debate-vicepresidencial-entre-marketing-politico-y-carencia-de-ideas\\\/#breadcrumb\"},\"inLanguage\":\"es\",\"potentialAction\":[{\"@type\":\"ReadAction\",\"target\":[\"https:\\\/\\\/www.eldiario.net\\\/portal\\\/2025\\\/07\\\/31\\\/el-debate-vicepresidencial-entre-marketing-politico-y-carencia-de-ideas\\\/\"]}]},{\"@type\":\"ImageObject\",\"inLanguage\":\"es\",\"@id\":\"https:\\\/\\\/www.eldiario.net\\\/portal\\\/2025\\\/07\\\/31\\\/el-debate-vicepresidencial-entre-marketing-politico-y-carencia-de-ideas\\\/#primaryimage\",\"url\":\"https:\\\/\\\/www.eldiario.net\\\/portal\\\/wp-content\\\/uploads\\\/2023\\\/06\\\/Marcelo-Miranda-Loayza.jpg\",\"contentUrl\":\"https:\\\/\\\/www.eldiario.net\\\/portal\\\/wp-content\\\/uploads\\\/2023\\\/06\\\/Marcelo-Miranda-Loayza.jpg\",\"width\":1200,\"height\":628,\"caption\":\"Marcelo Miranda Loayza\"},{\"@type\":\"BreadcrumbList\",\"@id\":\"https:\\\/\\\/www.eldiario.net\\\/portal\\\/2025\\\/07\\\/31\\\/el-debate-vicepresidencial-entre-marketing-politico-y-carencia-de-ideas\\\/#breadcrumb\",\"itemListElement\":[{\"@type\":\"ListItem\",\"position\":1,\"name\":\"Portada\",\"item\":\"https:\\\/\\\/www.eldiario.net\\\/portal\\\/\"},{\"@type\":\"ListItem\",\"position\":2,\"name\":\"El debate vicepresidencial, entre marketing pol\u00edtico y carencia de ideas\"}]},{\"@type\":\"WebSite\",\"@id\":\"https:\\\/\\\/www.eldiario.net\\\/portal\\\/#website\",\"url\":\"https:\\\/\\\/www.eldiario.net\\\/portal\\\/\",\"name\":\"El Diario - Decano de la prensa nacional\",\"description\":\"El Diario - Decano de la prensa nacional\",\"publisher\":{\"@id\":\"https:\\\/\\\/www.eldiario.net\\\/portal\\\/#organization\"},\"potentialAction\":[{\"@type\":\"SearchAction\",\"target\":{\"@type\":\"EntryPoint\",\"urlTemplate\":\"https:\\\/\\\/www.eldiario.net\\\/portal\\\/?s={search_term_string}\"},\"query-input\":{\"@type\":\"PropertyValueSpecification\",\"valueRequired\":true,\"valueName\":\"search_term_string\"}}],\"inLanguage\":\"es\"},{\"@type\":\"Organization\",\"@id\":\"https:\\\/\\\/www.eldiario.net\\\/portal\\\/#organization\",\"name\":\"El Diario - Decano de la prensa nacional\",\"url\":\"https:\\\/\\\/www.eldiario.net\\\/portal\\\/\",\"logo\":{\"@type\":\"ImageObject\",\"inLanguage\":\"es\",\"@id\":\"https:\\\/\\\/www.eldiario.net\\\/portal\\\/#\\\/schema\\\/logo\\\/image\\\/\",\"url\":\"https:\\\/\\\/www.eldiario.net\\\/portal\\\/wp-content\\\/uploads\\\/2023\\\/07\\\/logo_ED.jpg\",\"contentUrl\":\"https:\\\/\\\/www.eldiario.net\\\/portal\\\/wp-content\\\/uploads\\\/2023\\\/07\\\/logo_ED.jpg\",\"width\":272,\"height\":52,\"caption\":\"El Diario - Decano de la prensa nacional\"},\"image\":{\"@id\":\"https:\\\/\\\/www.eldiario.net\\\/portal\\\/#\\\/schema\\\/logo\\\/image\\\/\"},\"sameAs\":[\"https:\\\/\\\/www.facebook.com\\\/eldiario.bolivia\\\/\",\"https:\\\/\\\/x.com\\\/eldiario_net\"]},{\"@type\":\"Person\",\"@id\":\"https:\\\/\\\/www.eldiario.net\\\/portal\\\/#\\\/schema\\\/person\\\/2c57cf2b7a7ae032e449e4c9b1019eac\",\"name\":\"Jeanette\",\"image\":{\"@type\":\"ImageObject\",\"inLanguage\":\"es\",\"@id\":\"https:\\\/\\\/secure.gravatar.com\\\/avatar\\\/3ea2118a5f7dad2b7138b1187a6b7ee55f160b9968b66013c3a3ef39dd7e5798?s=96&d=mm&r=g\",\"url\":\"https:\\\/\\\/secure.gravatar.com\\\/avatar\\\/3ea2118a5f7dad2b7138b1187a6b7ee55f160b9968b66013c3a3ef39dd7e5798?s=96&d=mm&r=g\",\"contentUrl\":\"https:\\\/\\\/secure.gravatar.com\\\/avatar\\\/3ea2118a5f7dad2b7138b1187a6b7ee55f160b9968b66013c3a3ef39dd7e5798?s=96&d=mm&r=g\",\"caption\":\"Jeanette\"},\"sameAs\":[\"https:\\\/\\\/www.eldiario.net\\\/portal\"],\"url\":\"https:\\\/\\\/www.eldiario.net\\\/portal\\\/author\\\/jeanette\\\/\"}]}<\/script>\n<!-- \/ Yoast SEO plugin. -->","yoast_head_json":{"title":"El debate vicepresidencial, entre marketing pol\u00edtico y carencia de ideas - El Diario - Bolivia","robots":{"index":"index","follow":"follow","max-snippet":"max-snippet:-1","max-image-preview":"max-image-preview:large","max-video-preview":"max-video-preview:-1"},"canonical":"https:\/\/www.eldiario.net\/portal\/2025\/07\/31\/el-debate-vicepresidencial-entre-marketing-politico-y-carencia-de-ideas\/","og_locale":"es_ES","og_type":"article","og_title":"El debate vicepresidencial, entre marketing pol\u00edtico y carencia de ideas - El Diario - Bolivia","og_description":"El reciente debate vicepresidencial transmitido por se\u00f1al abierta en Bolivia represent\u00f3 una rara oportunidad para evaluar de primera mano a los candidatos a la segunda magistratura del pa\u00eds. Algo, que, en las \u00faltimas dos d\u00e9cadas, el Movimiento al Socialismo rehuy\u00f3 sistem\u00e1ticamente por razones obvias. La escasa preparaci\u00f3n y formaci\u00f3n intelectual de sus candidatos eran para [&hellip;]","og_url":"https:\/\/www.eldiario.net\/portal\/2025\/07\/31\/el-debate-vicepresidencial-entre-marketing-politico-y-carencia-de-ideas\/","og_site_name":"El Diario - Bolivia","article_publisher":"https:\/\/www.facebook.com\/eldiario.bolivia\/","article_published_time":"2025-07-31T09:41:31+00:00","og_image":[{"width":1200,"height":628,"url":"https:\/\/www.eldiario.net\/portal\/wp-content\/uploads\/2023\/06\/Marcelo-Miranda-Loayza.jpg","type":"image\/jpeg"}],"author":"Jeanette","twitter_card":"summary_large_image","twitter_creator":"@eldiario_net","twitter_site":"@eldiario_net","twitter_misc":{"Escrito por":"Jeanette","Tiempo de lectura":"4 minutos"},"schema":{"@context":"https:\/\/schema.org","@graph":[{"@type":"Article","@id":"https:\/\/www.eldiario.net\/portal\/2025\/07\/31\/el-debate-vicepresidencial-entre-marketing-politico-y-carencia-de-ideas\/#article","isPartOf":{"@id":"https:\/\/www.eldiario.net\/portal\/2025\/07\/31\/el-debate-vicepresidencial-entre-marketing-politico-y-carencia-de-ideas\/"},"author":{"name":"Jeanette","@id":"https:\/\/www.eldiario.net\/portal\/#\/schema\/person\/2c57cf2b7a7ae032e449e4c9b1019eac"},"headline":"El debate vicepresidencial, entre marketing pol\u00edtico y carencia de ideas","datePublished":"2025-07-31T09:41:31+00:00","mainEntityOfPage":{"@id":"https:\/\/www.eldiario.net\/portal\/2025\/07\/31\/el-debate-vicepresidencial-entre-marketing-politico-y-carencia-de-ideas\/"},"wordCount":837,"publisher":{"@id":"https:\/\/www.eldiario.net\/portal\/#organization"},"image":{"@id":"https:\/\/www.eldiario.net\/portal\/2025\/07\/31\/el-debate-vicepresidencial-entre-marketing-politico-y-carencia-de-ideas\/#primaryimage"},"thumbnailUrl":"https:\/\/www.eldiario.net\/portal\/wp-content\/uploads\/2023\/06\/Marcelo-Miranda-Loayza.jpg","articleSection":["Opini\u00f3n"],"inLanguage":"es"},{"@type":"WebPage","@id":"https:\/\/www.eldiario.net\/portal\/2025\/07\/31\/el-debate-vicepresidencial-entre-marketing-politico-y-carencia-de-ideas\/","url":"https:\/\/www.eldiario.net\/portal\/2025\/07\/31\/el-debate-vicepresidencial-entre-marketing-politico-y-carencia-de-ideas\/","name":"El debate vicepresidencial, entre marketing pol\u00edtico y carencia de ideas - El Diario - Bolivia","isPartOf":{"@id":"https:\/\/www.eldiario.net\/portal\/#website"},"primaryImageOfPage":{"@id":"https:\/\/www.eldiario.net\/portal\/2025\/07\/31\/el-debate-vicepresidencial-entre-marketing-politico-y-carencia-de-ideas\/#primaryimage"},"image":{"@id":"https:\/\/www.eldiario.net\/portal\/2025\/07\/31\/el-debate-vicepresidencial-entre-marketing-politico-y-carencia-de-ideas\/#primaryimage"},"thumbnailUrl":"https:\/\/www.eldiario.net\/portal\/wp-content\/uploads\/2023\/06\/Marcelo-Miranda-Loayza.jpg","datePublished":"2025-07-31T09:41:31+00:00","breadcrumb":{"@id":"https:\/\/www.eldiario.net\/portal\/2025\/07\/31\/el-debate-vicepresidencial-entre-marketing-politico-y-carencia-de-ideas\/#breadcrumb"},"inLanguage":"es","potentialAction":[{"@type":"ReadAction","target":["https:\/\/www.eldiario.net\/portal\/2025\/07\/31\/el-debate-vicepresidencial-entre-marketing-politico-y-carencia-de-ideas\/"]}]},{"@type":"ImageObject","inLanguage":"es","@id":"https:\/\/www.eldiario.net\/portal\/2025\/07\/31\/el-debate-vicepresidencial-entre-marketing-politico-y-carencia-de-ideas\/#primaryimage","url":"https:\/\/www.eldiario.net\/portal\/wp-content\/uploads\/2023\/06\/Marcelo-Miranda-Loayza.jpg","contentUrl":"https:\/\/www.eldiario.net\/portal\/wp-content\/uploads\/2023\/06\/Marcelo-Miranda-Loayza.jpg","width":1200,"height":628,"caption":"Marcelo Miranda Loayza"},{"@type":"BreadcrumbList","@id":"https:\/\/www.eldiario.net\/portal\/2025\/07\/31\/el-debate-vicepresidencial-entre-marketing-politico-y-carencia-de-ideas\/#breadcrumb","itemListElement":[{"@type":"ListItem","position":1,"name":"Portada","item":"https:\/\/www.eldiario.net\/portal\/"},{"@type":"ListItem","position":2,"name":"El debate vicepresidencial, entre marketing pol\u00edtico y carencia de ideas"}]},{"@type":"WebSite","@id":"https:\/\/www.eldiario.net\/portal\/#website","url":"https:\/\/www.eldiario.net\/portal\/","name":"El Diario - Decano de la prensa nacional","description":"El Diario - Decano de la prensa nacional","publisher":{"@id":"https:\/\/www.eldiario.net\/portal\/#organization"},"potentialAction":[{"@type":"SearchAction","target":{"@type":"EntryPoint","urlTemplate":"https:\/\/www.eldiario.net\/portal\/?s={search_term_string}"},"query-input":{"@type":"PropertyValueSpecification","valueRequired":true,"valueName":"search_term_string"}}],"inLanguage":"es"},{"@type":"Organization","@id":"https:\/\/www.eldiario.net\/portal\/#organization","name":"El Diario - Decano de la prensa nacional","url":"https:\/\/www.eldiario.net\/portal\/","logo":{"@type":"ImageObject","inLanguage":"es","@id":"https:\/\/www.eldiario.net\/portal\/#\/schema\/logo\/image\/","url":"https:\/\/www.eldiario.net\/portal\/wp-content\/uploads\/2023\/07\/logo_ED.jpg","contentUrl":"https:\/\/www.eldiario.net\/portal\/wp-content\/uploads\/2023\/07\/logo_ED.jpg","width":272,"height":52,"caption":"El Diario - Decano de la prensa nacional"},"image":{"@id":"https:\/\/www.eldiario.net\/portal\/#\/schema\/logo\/image\/"},"sameAs":["https:\/\/www.facebook.com\/eldiario.bolivia\/","https:\/\/x.com\/eldiario_net"]},{"@type":"Person","@id":"https:\/\/www.eldiario.net\/portal\/#\/schema\/person\/2c57cf2b7a7ae032e449e4c9b1019eac","name":"Jeanette","image":{"@type":"ImageObject","inLanguage":"es","@id":"https:\/\/secure.gravatar.com\/avatar\/3ea2118a5f7dad2b7138b1187a6b7ee55f160b9968b66013c3a3ef39dd7e5798?s=96&d=mm&r=g","url":"https:\/\/secure.gravatar.com\/avatar\/3ea2118a5f7dad2b7138b1187a6b7ee55f160b9968b66013c3a3ef39dd7e5798?s=96&d=mm&r=g","contentUrl":"https:\/\/secure.gravatar.com\/avatar\/3ea2118a5f7dad2b7138b1187a6b7ee55f160b9968b66013c3a3ef39dd7e5798?s=96&d=mm&r=g","caption":"Jeanette"},"sameAs":["https:\/\/www.eldiario.net\/portal"],"url":"https:\/\/www.eldiario.net\/portal\/author\/jeanette\/"}]}},"_links":{"self":[{"href":"https:\/\/www.eldiario.net\/portal\/wp-json\/wp\/v2\/posts\/320569","targetHints":{"allow":["GET"]}}],"collection":[{"href":"https:\/\/www.eldiario.net\/portal\/wp-json\/wp\/v2\/posts"}],"about":[{"href":"https:\/\/www.eldiario.net\/portal\/wp-json\/wp\/v2\/types\/post"}],"author":[{"embeddable":true,"href":"https:\/\/www.eldiario.net\/portal\/wp-json\/wp\/v2\/users\/1"}],"replies":[{"embeddable":true,"href":"https:\/\/www.eldiario.net\/portal\/wp-json\/wp\/v2\/comments?post=320569"}],"version-history":[{"count":1,"href":"https:\/\/www.eldiario.net\/portal\/wp-json\/wp\/v2\/posts\/320569\/revisions"}],"predecessor-version":[{"id":320570,"href":"https:\/\/www.eldiario.net\/portal\/wp-json\/wp\/v2\/posts\/320569\/revisions\/320570"}],"wp:featuredmedia":[{"embeddable":true,"href":"https:\/\/www.eldiario.net\/portal\/wp-json\/wp\/v2\/media\/161861"}],"wp:attachment":[{"href":"https:\/\/www.eldiario.net\/portal\/wp-json\/wp\/v2\/media?parent=320569"}],"wp:term":[{"taxonomy":"category","embeddable":true,"href":"https:\/\/www.eldiario.net\/portal\/wp-json\/wp\/v2\/categories?post=320569"},{"taxonomy":"post_tag","embeddable":true,"href":"https:\/\/www.eldiario.net\/portal\/wp-json\/wp\/v2\/tags?post=320569"}],"curies":[{"name":"wp","href":"https:\/\/api.w.org\/{rel}","templated":true}]}}