{"id":320567,"date":"2025-07-31T05:41:03","date_gmt":"2025-07-31T09:41:03","guid":{"rendered":"https:\/\/www.eldiario.net\/portal\/?p=320567"},"modified":"2025-07-31T05:41:03","modified_gmt":"2025-07-31T09:41:03","slug":"al-bloque-popular-ni-uniendose-le-alcanza","status":"publish","type":"post","link":"https:\/\/www.eldiario.net\/portal\/2025\/07\/31\/al-bloque-popular-ni-uniendose-le-alcanza\/","title":{"rendered":"Al bloque popular, ni uni\u00e9ndose le alcanza"},"content":{"rendered":"<p>Muerto pol\u00edticamente el jefe del Chapare, comienza la lucha por salvar al r\u00e9gimen. La lucha se tornar\u00e1 m\u00e1s violenta, claro, no faltan los rom\u00e1nticos que creen que pueden resucitar al muerto a unas semanas de la elecci\u00f3n, entre los disc\u00edpulos como Andr\u00f3nico y Eva copa, que se estiman aptos para sucederle. El arcismo a pesar de las crecientes dificultades econ\u00f3micas y de gesti\u00f3n se aferra al fraude electoral, como la \u00fanica v\u00eda para salvar esta situaci\u00f3n. Aunque la suerte del presidente Arce est\u00e1 totalmente echada. Ellos son los culpables de una crisis econ\u00f3mica sin precedentes en nuestra historia, la situaci\u00f3n del pa\u00eds sigue siendo miserable, la gasolina y el di\u00e9sel no llegan a los surtidores, algunos productos de la canasta familiar alcanzan precios inasequibles e inaccesibles. Los salarios pierden su valor adquisitivo, el comercio al por menor est\u00e1 en manos de los agiotistas y especuladores, mientras millones de j\u00f3venes y profesionales no ven otra salida que huir del pa\u00eds.<\/p>\n<p>En la burocracia del r\u00e9gimen de gobierno, hay m\u00e1s de quinientos mil funcionarios \u201csocialistas\u201d bien pagados y bien protegidos, en tanto que, en las calles de La Paz, la gente se amontona o hace filas para conseguir un litro de aceite, o para conseguir gasolina o di\u00e9sel. Todo esto sirve para agravar la miseria del boliviano promedio. Y hace varios meses que no son pagados los salarios de los trabajadores de salud en varios departamentos, pese a compromisos asumidos por esta cartera de Estado. Arce echa la culpa al ex mandatario, que llena las oficinas de protegidos suyos, sin preocuparse de su competencia y solo les pide que sirvan a sus ambiciones. Es el episodio negro de una cr\u00f3nica de una muerte anunciada del instrumento pol\u00edtico, que ha durado muchos a\u00f1os. El MAS est\u00e1 resuelto a echar al ex mandatario de sus filas. Si el desahucio se retrasa, es porque Arce, sabe que es imposible acabar f\u00e1cilmente con el ex mandatario, es un hueso duro de roer y no ceder\u00e1 el poder de buenas a primeras. Arce hace un llamado a la unificaci\u00f3n del bloque popular, pero ni uni\u00e9ndose toda la izquierda boliviana le alcanza para cambiar el fatal resultado de esta elecci\u00f3n para ellos. Se\u00f1alan que todos los compa\u00f1eros del bloque popular, que no se inclinan por la supervivencia de la izquierda, son traidores al proceso de cambio. Los evistas hacen un llamado al voto nulo, pensando que con esto pueden salvar el legado del jefe del Chapare. Qu\u00e9 equivocados est\u00e1n estos se\u00f1ores. Sigue la querella Arce \u2013 Evo \u2013 Andr\u00f3nico, que no despega, observada con curiosidad por los hombres que est\u00e1n en el poder. Del Castillo no aumenta en la preferencia electoral. Arce no tiene la astucia ni la ma\u00f1a de su adversario del Chapare, su dogma de la \u201cindustrializaci\u00f3n\u201d, no se la cree nadie. El ex mandatario, ahora no es m\u00e1s que un agitador de extrema izquierda, en un pa\u00eds donde no se tolera m\u00e1s la palabra socialismo, que se convirti\u00f3 en un angosto oportunismo.<\/p>\n<p>El ex mandatario est\u00e1 totalmente desacreditado, por sus relaciones sospechosas con el narcotr\u00e1fico y dem\u00e1s delitos de orden penal y por los hombres sin prestigio que componen su grupo. Su prestigio est\u00e1 seriamente quebrantado, pase lo que pase lo \u00fanico que persigue es impunidad por parte de la siguiente administraci\u00f3n de gobierno. Pero todav\u00eda dar\u00e1 batalla, hasta la segunda vuelta del proceso electoral. Todav\u00eda puede convulsionar el pa\u00eds, no aceptando los resultados de la elecci\u00f3n, para de esta manera pactar su salida del pa\u00eds sin sufrir da\u00f1o alguno. El r\u00e9gimen con dinero, compra espacios en los medios de comunicaci\u00f3n masivos, con excelentes instrumentos de propaganda pro r\u00e9gimen masista, pero que de nada han servido para elevar los porcentajes de aceptaci\u00f3n de la preferencia electoral a favor de su candidato Del Castillo, que ni siquiera supera la barrera del 3%, porque no corresponden a la realidad.<\/p>\n<p>Estos resultados que, seg\u00fan confiesan las mismas encuestas electorales oficiales y no oficiales, apenas dan entre un 10% a 15% a todo el bloque popular, si es que logran unirse, los esfuerzos son casi totalmente est\u00e9riles. Ni el mejor asesor de campa\u00f1as pol\u00edticas en el mundo ni el mejor estratega pol\u00edtico electoral pueden salvar este barco que se hunde cada vez m\u00e1s. Adem\u00e1s, las declaraciones de Mariana Prado no ayudan a los deseos del r\u00e9gimen masista, por metida de pata, tras metida de pata, error tras error estrat\u00e9gico que se vislumbra en la campa\u00f1a del bloque popular. Han devorado hasta el momento miles y millones de bolivianos en sus campa\u00f1as y hasta ahora no se ven resultados y el r\u00e9gimen totalitario masista ya huele a antiguo r\u00e9gimen.<\/p>\n<p>El fracaso del bloque popular ha sido impl\u00edcitamente reconocido por muchos dirigentes que huelen el formol que expele el instrumento pol\u00edtico, solo los m\u00e1s testarudos todav\u00eda se aferran a alg\u00fan milagro imprevisto. Hoy se barajan las opciones y los planes, Manfred puede ser su \u00faltima carta, pero con la ayuda del TSE, lo importante es llegar a segunda vuelta, porque en primera vuelta no habr\u00e1 presidente de Bolivia. Lo \u00fanico cierto es que el vocal Gustavo \u00c1vila va a jugar un rol muy importante en toda esta estratagema. El vocal Tahuichi Tahuichi est\u00e1 totalmente desacreditado. Hassenteufel, presidente del TSE, est\u00e1 m\u00e1s para all\u00e1 que para ac\u00e1, adem\u00e1s su salud no le acompa\u00f1a mucho. En fin, cuantos manejan poder en Bolivia, est\u00e1n obligados a colaborar con la supervivencia del r\u00e9gimen de gobierno, parece cantado el resultado de esta elecci\u00f3n, como alguna vez dije: El r\u00e9gimen entregar\u00e1 el poder al mejor representante de este sistema podrido, decadente y corrupto, donde pactar\u00e1n inmunidad e impunidad. Lo cierto es que no hay quien salve a este barco que se llama MAS, ni a toda la izquierda trasnochada y desconectada de la realidad, sufren de trastorno disociativo. La ca\u00edda y golpe de realidad ser\u00e1 duro, sus d\u00edas est\u00e1n contados.<\/p>\n<p>&nbsp;<\/p>\n<p><em>Jhonny Vargas es Polit\u00f3logo y Docente de Postgrado.<\/em><\/p>\n","protected":false},"excerpt":{"rendered":"<p>Muerto pol\u00edticamente el jefe del Chapare, comienza la lucha por salvar al r\u00e9gimen. La lucha se tornar\u00e1 m\u00e1s violenta, claro, no faltan los rom\u00e1nticos que creen que pueden resucitar al muerto a unas semanas de la elecci\u00f3n, entre los disc\u00edpulos como Andr\u00f3nico y Eva copa, que se estiman aptos para sucederle. El arcismo a pesar [&hellip;]<\/p>\n","protected":false},"author":1,"featured_media":262147,"comment_status":"closed","ping_status":"open","sticky":false,"template":"","format":"standard","meta":{"_acf_changed":false,"footnotes":""},"categories":[9],"tags":[],"class_list":["post-320567","post","type-post","status-publish","format-standard","has-post-thumbnail","category-opinion"],"acf":{"antetitulo":""},"yoast_head":"<!-- This site is optimized with the Yoast SEO plugin v28.4 - https:\/\/yoast.com\/product\/yoast-seo-wordpress\/ -->\n<title>Al bloque popular, ni uni\u00e9ndose le alcanza - El Diario - Bolivia<\/title>\n<meta name=\"robots\" content=\"index, follow, max-snippet:-1, max-image-preview:large, max-video-preview:-1\" \/>\n<link rel=\"canonical\" href=\"https:\/\/www.eldiario.net\/portal\/2025\/07\/31\/al-bloque-popular-ni-uniendose-le-alcanza\/\" \/>\n<meta property=\"og:locale\" content=\"es_ES\" \/>\n<meta property=\"og:type\" content=\"article\" \/>\n<meta property=\"og:title\" content=\"Al bloque popular, ni uni\u00e9ndose le alcanza - El Diario - Bolivia\" \/>\n<meta property=\"og:description\" content=\"Muerto pol\u00edticamente el jefe del Chapare, comienza la lucha por salvar al r\u00e9gimen. La lucha se tornar\u00e1 m\u00e1s violenta, claro, no faltan los rom\u00e1nticos que creen que pueden resucitar al muerto a unas semanas de la elecci\u00f3n, entre los disc\u00edpulos como Andr\u00f3nico y Eva copa, que se estiman aptos para sucederle. El arcismo a pesar [&hellip;]\" \/>\n<meta property=\"og:url\" content=\"https:\/\/www.eldiario.net\/portal\/2025\/07\/31\/al-bloque-popular-ni-uniendose-le-alcanza\/\" \/>\n<meta property=\"og:site_name\" content=\"El Diario - Bolivia\" \/>\n<meta property=\"article:publisher\" content=\"https:\/\/www.facebook.com\/eldiario.bolivia\/\" \/>\n<meta property=\"article:published_time\" content=\"2025-07-31T09:41:03+00:00\" \/>\n<meta property=\"og:image\" content=\"https:\/\/www.eldiario.net\/portal\/wp-content\/uploads\/2024\/11\/Jhonny-Vargas.jpg\" \/>\n\t<meta property=\"og:image:width\" content=\"1200\" \/>\n\t<meta property=\"og:image:height\" content=\"628\" \/>\n\t<meta property=\"og:image:type\" content=\"image\/jpeg\" \/>\n<meta name=\"author\" content=\"Jeanette\" \/>\n<meta name=\"twitter:card\" content=\"summary_large_image\" \/>\n<meta name=\"twitter:creator\" content=\"@eldiario_net\" \/>\n<meta name=\"twitter:site\" content=\"@eldiario_net\" \/>\n<meta name=\"twitter:label1\" content=\"Escrito por\" \/>\n\t<meta name=\"twitter:data1\" content=\"Jeanette\" \/>\n\t<meta name=\"twitter:label2\" content=\"Tiempo de lectura\" \/>\n\t<meta name=\"twitter:data2\" content=\"5 minutos\" \/>\n<script type=\"application\/ld+json\" class=\"yoast-schema-graph\">{\"@context\":\"https:\\\/\\\/schema.org\",\"@graph\":[{\"@type\":\"Article\",\"@id\":\"https:\\\/\\\/www.eldiario.net\\\/portal\\\/2025\\\/07\\\/31\\\/al-bloque-popular-ni-uniendose-le-alcanza\\\/#article\",\"isPartOf\":{\"@id\":\"https:\\\/\\\/www.eldiario.net\\\/portal\\\/2025\\\/07\\\/31\\\/al-bloque-popular-ni-uniendose-le-alcanza\\\/\"},\"author\":{\"name\":\"Jeanette\",\"@id\":\"https:\\\/\\\/www.eldiario.net\\\/portal\\\/#\\\/schema\\\/person\\\/2c57cf2b7a7ae032e449e4c9b1019eac\"},\"headline\":\"Al bloque popular, ni uni\u00e9ndose le alcanza\",\"datePublished\":\"2025-07-31T09:41:03+00:00\",\"mainEntityOfPage\":{\"@id\":\"https:\\\/\\\/www.eldiario.net\\\/portal\\\/2025\\\/07\\\/31\\\/al-bloque-popular-ni-uniendose-le-alcanza\\\/\"},\"wordCount\":1066,\"publisher\":{\"@id\":\"https:\\\/\\\/www.eldiario.net\\\/portal\\\/#organization\"},\"image\":{\"@id\":\"https:\\\/\\\/www.eldiario.net\\\/portal\\\/2025\\\/07\\\/31\\\/al-bloque-popular-ni-uniendose-le-alcanza\\\/#primaryimage\"},\"thumbnailUrl\":\"https:\\\/\\\/www.eldiario.net\\\/portal\\\/wp-content\\\/uploads\\\/2024\\\/11\\\/Jhonny-Vargas.jpg\",\"articleSection\":[\"Opini\u00f3n\"],\"inLanguage\":\"es\"},{\"@type\":\"WebPage\",\"@id\":\"https:\\\/\\\/www.eldiario.net\\\/portal\\\/2025\\\/07\\\/31\\\/al-bloque-popular-ni-uniendose-le-alcanza\\\/\",\"url\":\"https:\\\/\\\/www.eldiario.net\\\/portal\\\/2025\\\/07\\\/31\\\/al-bloque-popular-ni-uniendose-le-alcanza\\\/\",\"name\":\"Al bloque popular, ni uni\u00e9ndose le alcanza - El Diario - Bolivia\",\"isPartOf\":{\"@id\":\"https:\\\/\\\/www.eldiario.net\\\/portal\\\/#website\"},\"primaryImageOfPage\":{\"@id\":\"https:\\\/\\\/www.eldiario.net\\\/portal\\\/2025\\\/07\\\/31\\\/al-bloque-popular-ni-uniendose-le-alcanza\\\/#primaryimage\"},\"image\":{\"@id\":\"https:\\\/\\\/www.eldiario.net\\\/portal\\\/2025\\\/07\\\/31\\\/al-bloque-popular-ni-uniendose-le-alcanza\\\/#primaryimage\"},\"thumbnailUrl\":\"https:\\\/\\\/www.eldiario.net\\\/portal\\\/wp-content\\\/uploads\\\/2024\\\/11\\\/Jhonny-Vargas.jpg\",\"datePublished\":\"2025-07-31T09:41:03+00:00\",\"breadcrumb\":{\"@id\":\"https:\\\/\\\/www.eldiario.net\\\/portal\\\/2025\\\/07\\\/31\\\/al-bloque-popular-ni-uniendose-le-alcanza\\\/#breadcrumb\"},\"inLanguage\":\"es\",\"potentialAction\":[{\"@type\":\"ReadAction\",\"target\":[\"https:\\\/\\\/www.eldiario.net\\\/portal\\\/2025\\\/07\\\/31\\\/al-bloque-popular-ni-uniendose-le-alcanza\\\/\"]}]},{\"@type\":\"ImageObject\",\"inLanguage\":\"es\",\"@id\":\"https:\\\/\\\/www.eldiario.net\\\/portal\\\/2025\\\/07\\\/31\\\/al-bloque-popular-ni-uniendose-le-alcanza\\\/#primaryimage\",\"url\":\"https:\\\/\\\/www.eldiario.net\\\/portal\\\/wp-content\\\/uploads\\\/2024\\\/11\\\/Jhonny-Vargas.jpg\",\"contentUrl\":\"https:\\\/\\\/www.eldiario.net\\\/portal\\\/wp-content\\\/uploads\\\/2024\\\/11\\\/Jhonny-Vargas.jpg\",\"width\":1200,\"height\":628},{\"@type\":\"BreadcrumbList\",\"@id\":\"https:\\\/\\\/www.eldiario.net\\\/portal\\\/2025\\\/07\\\/31\\\/al-bloque-popular-ni-uniendose-le-alcanza\\\/#breadcrumb\",\"itemListElement\":[{\"@type\":\"ListItem\",\"position\":1,\"name\":\"Portada\",\"item\":\"https:\\\/\\\/www.eldiario.net\\\/portal\\\/\"},{\"@type\":\"ListItem\",\"position\":2,\"name\":\"Al bloque popular, ni uni\u00e9ndose le alcanza\"}]},{\"@type\":\"WebSite\",\"@id\":\"https:\\\/\\\/www.eldiario.net\\\/portal\\\/#website\",\"url\":\"https:\\\/\\\/www.eldiario.net\\\/portal\\\/\",\"name\":\"El Diario - Decano de la prensa nacional\",\"description\":\"El Diario - Decano de la prensa nacional\",\"publisher\":{\"@id\":\"https:\\\/\\\/www.eldiario.net\\\/portal\\\/#organization\"},\"potentialAction\":[{\"@type\":\"SearchAction\",\"target\":{\"@type\":\"EntryPoint\",\"urlTemplate\":\"https:\\\/\\\/www.eldiario.net\\\/portal\\\/?s={search_term_string}\"},\"query-input\":{\"@type\":\"PropertyValueSpecification\",\"valueRequired\":true,\"valueName\":\"search_term_string\"}}],\"inLanguage\":\"es\"},{\"@type\":\"Organization\",\"@id\":\"https:\\\/\\\/www.eldiario.net\\\/portal\\\/#organization\",\"name\":\"El Diario - Decano de la prensa nacional\",\"url\":\"https:\\\/\\\/www.eldiario.net\\\/portal\\\/\",\"logo\":{\"@type\":\"ImageObject\",\"inLanguage\":\"es\",\"@id\":\"https:\\\/\\\/www.eldiario.net\\\/portal\\\/#\\\/schema\\\/logo\\\/image\\\/\",\"url\":\"https:\\\/\\\/www.eldiario.net\\\/portal\\\/wp-content\\\/uploads\\\/2023\\\/07\\\/logo_ED.jpg\",\"contentUrl\":\"https:\\\/\\\/www.eldiario.net\\\/portal\\\/wp-content\\\/uploads\\\/2023\\\/07\\\/logo_ED.jpg\",\"width\":272,\"height\":52,\"caption\":\"El Diario - Decano de la prensa nacional\"},\"image\":{\"@id\":\"https:\\\/\\\/www.eldiario.net\\\/portal\\\/#\\\/schema\\\/logo\\\/image\\\/\"},\"sameAs\":[\"https:\\\/\\\/www.facebook.com\\\/eldiario.bolivia\\\/\",\"https:\\\/\\\/x.com\\\/eldiario_net\"]},{\"@type\":\"Person\",\"@id\":\"https:\\\/\\\/www.eldiario.net\\\/portal\\\/#\\\/schema\\\/person\\\/2c57cf2b7a7ae032e449e4c9b1019eac\",\"name\":\"Jeanette\",\"image\":{\"@type\":\"ImageObject\",\"inLanguage\":\"es\",\"@id\":\"https:\\\/\\\/secure.gravatar.com\\\/avatar\\\/3ea2118a5f7dad2b7138b1187a6b7ee55f160b9968b66013c3a3ef39dd7e5798?s=96&d=mm&r=g\",\"url\":\"https:\\\/\\\/secure.gravatar.com\\\/avatar\\\/3ea2118a5f7dad2b7138b1187a6b7ee55f160b9968b66013c3a3ef39dd7e5798?s=96&d=mm&r=g\",\"contentUrl\":\"https:\\\/\\\/secure.gravatar.com\\\/avatar\\\/3ea2118a5f7dad2b7138b1187a6b7ee55f160b9968b66013c3a3ef39dd7e5798?s=96&d=mm&r=g\",\"caption\":\"Jeanette\"},\"sameAs\":[\"https:\\\/\\\/www.eldiario.net\\\/portal\"],\"url\":\"https:\\\/\\\/www.eldiario.net\\\/portal\\\/author\\\/jeanette\\\/\"}]}<\/script>\n<!-- \/ Yoast SEO plugin. -->","yoast_head_json":{"title":"Al bloque popular, ni uni\u00e9ndose le alcanza - El Diario - Bolivia","robots":{"index":"index","follow":"follow","max-snippet":"max-snippet:-1","max-image-preview":"max-image-preview:large","max-video-preview":"max-video-preview:-1"},"canonical":"https:\/\/www.eldiario.net\/portal\/2025\/07\/31\/al-bloque-popular-ni-uniendose-le-alcanza\/","og_locale":"es_ES","og_type":"article","og_title":"Al bloque popular, ni uni\u00e9ndose le alcanza - El Diario - Bolivia","og_description":"Muerto pol\u00edticamente el jefe del Chapare, comienza la lucha por salvar al r\u00e9gimen. La lucha se tornar\u00e1 m\u00e1s violenta, claro, no faltan los rom\u00e1nticos que creen que pueden resucitar al muerto a unas semanas de la elecci\u00f3n, entre los disc\u00edpulos como Andr\u00f3nico y Eva copa, que se estiman aptos para sucederle. El arcismo a pesar [&hellip;]","og_url":"https:\/\/www.eldiario.net\/portal\/2025\/07\/31\/al-bloque-popular-ni-uniendose-le-alcanza\/","og_site_name":"El Diario - Bolivia","article_publisher":"https:\/\/www.facebook.com\/eldiario.bolivia\/","article_published_time":"2025-07-31T09:41:03+00:00","og_image":[{"width":1200,"height":628,"url":"https:\/\/www.eldiario.net\/portal\/wp-content\/uploads\/2024\/11\/Jhonny-Vargas.jpg","type":"image\/jpeg"}],"author":"Jeanette","twitter_card":"summary_large_image","twitter_creator":"@eldiario_net","twitter_site":"@eldiario_net","twitter_misc":{"Escrito por":"Jeanette","Tiempo de lectura":"5 minutos"},"schema":{"@context":"https:\/\/schema.org","@graph":[{"@type":"Article","@id":"https:\/\/www.eldiario.net\/portal\/2025\/07\/31\/al-bloque-popular-ni-uniendose-le-alcanza\/#article","isPartOf":{"@id":"https:\/\/www.eldiario.net\/portal\/2025\/07\/31\/al-bloque-popular-ni-uniendose-le-alcanza\/"},"author":{"name":"Jeanette","@id":"https:\/\/www.eldiario.net\/portal\/#\/schema\/person\/2c57cf2b7a7ae032e449e4c9b1019eac"},"headline":"Al bloque popular, ni uni\u00e9ndose le alcanza","datePublished":"2025-07-31T09:41:03+00:00","mainEntityOfPage":{"@id":"https:\/\/www.eldiario.net\/portal\/2025\/07\/31\/al-bloque-popular-ni-uniendose-le-alcanza\/"},"wordCount":1066,"publisher":{"@id":"https:\/\/www.eldiario.net\/portal\/#organization"},"image":{"@id":"https:\/\/www.eldiario.net\/portal\/2025\/07\/31\/al-bloque-popular-ni-uniendose-le-alcanza\/#primaryimage"},"thumbnailUrl":"https:\/\/www.eldiario.net\/portal\/wp-content\/uploads\/2024\/11\/Jhonny-Vargas.jpg","articleSection":["Opini\u00f3n"],"inLanguage":"es"},{"@type":"WebPage","@id":"https:\/\/www.eldiario.net\/portal\/2025\/07\/31\/al-bloque-popular-ni-uniendose-le-alcanza\/","url":"https:\/\/www.eldiario.net\/portal\/2025\/07\/31\/al-bloque-popular-ni-uniendose-le-alcanza\/","name":"Al bloque popular, ni uni\u00e9ndose le alcanza - El Diario - Bolivia","isPartOf":{"@id":"https:\/\/www.eldiario.net\/portal\/#website"},"primaryImageOfPage":{"@id":"https:\/\/www.eldiario.net\/portal\/2025\/07\/31\/al-bloque-popular-ni-uniendose-le-alcanza\/#primaryimage"},"image":{"@id":"https:\/\/www.eldiario.net\/portal\/2025\/07\/31\/al-bloque-popular-ni-uniendose-le-alcanza\/#primaryimage"},"thumbnailUrl":"https:\/\/www.eldiario.net\/portal\/wp-content\/uploads\/2024\/11\/Jhonny-Vargas.jpg","datePublished":"2025-07-31T09:41:03+00:00","breadcrumb":{"@id":"https:\/\/www.eldiario.net\/portal\/2025\/07\/31\/al-bloque-popular-ni-uniendose-le-alcanza\/#breadcrumb"},"inLanguage":"es","potentialAction":[{"@type":"ReadAction","target":["https:\/\/www.eldiario.net\/portal\/2025\/07\/31\/al-bloque-popular-ni-uniendose-le-alcanza\/"]}]},{"@type":"ImageObject","inLanguage":"es","@id":"https:\/\/www.eldiario.net\/portal\/2025\/07\/31\/al-bloque-popular-ni-uniendose-le-alcanza\/#primaryimage","url":"https:\/\/www.eldiario.net\/portal\/wp-content\/uploads\/2024\/11\/Jhonny-Vargas.jpg","contentUrl":"https:\/\/www.eldiario.net\/portal\/wp-content\/uploads\/2024\/11\/Jhonny-Vargas.jpg","width":1200,"height":628},{"@type":"BreadcrumbList","@id":"https:\/\/www.eldiario.net\/portal\/2025\/07\/31\/al-bloque-popular-ni-uniendose-le-alcanza\/#breadcrumb","itemListElement":[{"@type":"ListItem","position":1,"name":"Portada","item":"https:\/\/www.eldiario.net\/portal\/"},{"@type":"ListItem","position":2,"name":"Al bloque popular, ni uni\u00e9ndose le alcanza"}]},{"@type":"WebSite","@id":"https:\/\/www.eldiario.net\/portal\/#website","url":"https:\/\/www.eldiario.net\/portal\/","name":"El Diario - Decano de la prensa nacional","description":"El Diario - Decano de la prensa nacional","publisher":{"@id":"https:\/\/www.eldiario.net\/portal\/#organization"},"potentialAction":[{"@type":"SearchAction","target":{"@type":"EntryPoint","urlTemplate":"https:\/\/www.eldiario.net\/portal\/?s={search_term_string}"},"query-input":{"@type":"PropertyValueSpecification","valueRequired":true,"valueName":"search_term_string"}}],"inLanguage":"es"},{"@type":"Organization","@id":"https:\/\/www.eldiario.net\/portal\/#organization","name":"El Diario - Decano de la prensa nacional","url":"https:\/\/www.eldiario.net\/portal\/","logo":{"@type":"ImageObject","inLanguage":"es","@id":"https:\/\/www.eldiario.net\/portal\/#\/schema\/logo\/image\/","url":"https:\/\/www.eldiario.net\/portal\/wp-content\/uploads\/2023\/07\/logo_ED.jpg","contentUrl":"https:\/\/www.eldiario.net\/portal\/wp-content\/uploads\/2023\/07\/logo_ED.jpg","width":272,"height":52,"caption":"El Diario - Decano de la prensa nacional"},"image":{"@id":"https:\/\/www.eldiario.net\/portal\/#\/schema\/logo\/image\/"},"sameAs":["https:\/\/www.facebook.com\/eldiario.bolivia\/","https:\/\/x.com\/eldiario_net"]},{"@type":"Person","@id":"https:\/\/www.eldiario.net\/portal\/#\/schema\/person\/2c57cf2b7a7ae032e449e4c9b1019eac","name":"Jeanette","image":{"@type":"ImageObject","inLanguage":"es","@id":"https:\/\/secure.gravatar.com\/avatar\/3ea2118a5f7dad2b7138b1187a6b7ee55f160b9968b66013c3a3ef39dd7e5798?s=96&d=mm&r=g","url":"https:\/\/secure.gravatar.com\/avatar\/3ea2118a5f7dad2b7138b1187a6b7ee55f160b9968b66013c3a3ef39dd7e5798?s=96&d=mm&r=g","contentUrl":"https:\/\/secure.gravatar.com\/avatar\/3ea2118a5f7dad2b7138b1187a6b7ee55f160b9968b66013c3a3ef39dd7e5798?s=96&d=mm&r=g","caption":"Jeanette"},"sameAs":["https:\/\/www.eldiario.net\/portal"],"url":"https:\/\/www.eldiario.net\/portal\/author\/jeanette\/"}]}},"_links":{"self":[{"href":"https:\/\/www.eldiario.net\/portal\/wp-json\/wp\/v2\/posts\/320567","targetHints":{"allow":["GET"]}}],"collection":[{"href":"https:\/\/www.eldiario.net\/portal\/wp-json\/wp\/v2\/posts"}],"about":[{"href":"https:\/\/www.eldiario.net\/portal\/wp-json\/wp\/v2\/types\/post"}],"author":[{"embeddable":true,"href":"https:\/\/www.eldiario.net\/portal\/wp-json\/wp\/v2\/users\/1"}],"replies":[{"embeddable":true,"href":"https:\/\/www.eldiario.net\/portal\/wp-json\/wp\/v2\/comments?post=320567"}],"version-history":[{"count":1,"href":"https:\/\/www.eldiario.net\/portal\/wp-json\/wp\/v2\/posts\/320567\/revisions"}],"predecessor-version":[{"id":320568,"href":"https:\/\/www.eldiario.net\/portal\/wp-json\/wp\/v2\/posts\/320567\/revisions\/320568"}],"wp:featuredmedia":[{"embeddable":true,"href":"https:\/\/www.eldiario.net\/portal\/wp-json\/wp\/v2\/media\/262147"}],"wp:attachment":[{"href":"https:\/\/www.eldiario.net\/portal\/wp-json\/wp\/v2\/media?parent=320567"}],"wp:term":[{"taxonomy":"category","embeddable":true,"href":"https:\/\/www.eldiario.net\/portal\/wp-json\/wp\/v2\/categories?post=320567"},{"taxonomy":"post_tag","embeddable":true,"href":"https:\/\/www.eldiario.net\/portal\/wp-json\/wp\/v2\/tags?post=320567"}],"curies":[{"name":"wp","href":"https:\/\/api.w.org\/{rel}","templated":true}]}}