{"id":3204,"date":"2021-05-11T06:12:23","date_gmt":"2021-05-11T10:12:23","guid":{"rendered":"https:\/\/www.eldiario.net\/portal\/?p=3204"},"modified":"2021-05-11T06:12:23","modified_gmt":"2021-05-11T10:12:23","slug":"promotores-del-desarrollo-sostenible-condenan-trafico-de-tierras-en-bolivia","status":"publish","type":"post","link":"https:\/\/www.eldiario.net\/portal\/2021\/05\/11\/promotores-del-desarrollo-sostenible-condenan-trafico-de-tierras-en-bolivia\/","title":{"rendered":"Promotores del desarrollo sostenible condenan tr\u00e1fico de tierras en Bolivia"},"content":{"rendered":"<p>Los representantes de tres pisos ecol\u00f3gicos del altiplano de La Paz, los valles de Cochabamba, Chuquisaca, as\u00ed como de la gran Chiquitania boliviana, se pronunciaron contra el tr\u00e1fico de tierras en Bolivia, en un encuentro nacional de promotores del uso sostenible de la tierra.<\/p>\n<p>Los participantes exigieron al gobierno de Luis Arce, tomar medidas inmediatas contra el tr\u00e1fico de tierras. Problematizaron la situaci\u00f3n actual en grupos de trabajo y plenarias.<\/p>\n<p>El trabajo de los promotores estuvo guiado por las siguientes preguntas clave: \u00bfc\u00f3mo denunciar al agronegocio que depreda y afecta al medio ambiente en Bolivia? y \u00bfqu\u00e9 se puede hacer para promover y fortalecer la agricultura familiar en las comunidades y municipios? Despu\u00e9s de varios planteamientos, los promotores adoptaron una declaraci\u00f3n conjunta que contiene nueve demandas al gobierno nacional y organizaciones sociales del sector campesino ind\u00edgena.<\/p>\n<p>Entre ellas est\u00e1n: Solicitar la investigaci\u00f3n independiente y documentada respecto a los procesos de tr\u00e1fico de tierras en, al menos, los \u00faltimos 12 a\u00f1os (2009-2021). Tanto en los gobiernos de Evo Morales, Jeanine A\u00f1ez y el actual gobierno de Luis Arce; tambi\u00e9n exigen transparencia en el manejo de informaci\u00f3n agraria, promoviendo el acceso a expedientes e informaci\u00f3n agraria y propiciando informes peri\u00f3dicos (anuales y semestrales) con mayor precisi\u00f3n sobre las dotaciones de tierra, los beneficiarios y el estado de las tierras fiscales en Bolivia.<\/p>\n<p>Plantean fiscalizaci\u00f3n de todas las irregularidades de dotaci\u00f3n de tierras bajo la lupa del Poder Legislativo, que debe cumplir con la tarea fundamental de esclarecer los actuados a tiempo; y la intervenci\u00f3n inmediata del Instituto Nacional de Reforma Agraria (INRA) para iniciar una auditoria de alto nivel e independiente y externa sobre todos los casos con antecedentes de tr\u00e1fico de tierras, especialmente en el departamento de Santa Cruz.<\/p>\n<p>Sugieren paralizar los tramites de autorizaci\u00f3n de asentamientos del INRA y los procesos de saneamiento con antecedentes de tr\u00e1fico de tierras, especialmente de las grandes propiedades que superan el l\u00edmite constitucional de 5 mil hect\u00e1reas.<\/p>\n<p>Exigen el pronunciamiento p\u00fablico de las organizaciones sociales matrices de base campesina e ind\u00edgena, que representan a los campesinos en sus diferentes estructuras; tambi\u00e9n nombrar a las m\u00e1ximas autoridades agrarias de acuerdo a la ley, no al dedazo pol\u00edtico, en cumplimiento de la Ley de tierras que se\u00f1ala como deber del Presidente del Estado, nombrar al Director del INRA, a partir de una terna de postulantes seleccionados por la C\u00e1mara de Diputados (Ley 3545, art\u00edculo 20).<\/p>\n<p>Solicitan tierras fiscales para las comunidades ind\u00edgenas y campesinas que califican por ley. Seg\u00fan la Ley INRA 1715 y la Ley de Reconducci\u00f3n Comunitaria 3545, la dotaci\u00f3n de tierras fiscales se debe realizar de forma equitativa y a quienes realmente viven de la tierra y en el territorio.<\/p>\n<p>Y, finalmente, otorgan su respaldo y apoyo a las instituciones independientes que generan informaci\u00f3n confiable y documentada. No a la persecuci\u00f3n ni amedrentamiento de todos los actores que trabajan por la investigaci\u00f3n transparente sobre tr\u00e1fico de tierras.<\/p>\n","protected":false},"excerpt":{"rendered":"<p>Los representantes de tres pisos ecol\u00f3gicos del altiplano de La Paz, los valles de Cochabamba, Chuquisaca, as\u00ed como de la gran Chiquitania boliviana, se pronunciaron contra el tr\u00e1fico de tierras en Bolivia, en un encuentro nacional de promotores del uso sostenible de la tierra. Los participantes exigieron al gobierno de Luis Arce, tomar medidas inmediatas [&hellip;]<\/p>\n","protected":false},"author":1,"featured_media":3205,"comment_status":"closed","ping_status":"closed","sticky":false,"template":"","format":"standard","meta":{"_acf_changed":false,"footnotes":""},"categories":[15],"tags":[],"class_list":["post-3204","post","type-post","status-publish","format-standard","has-post-thumbnail","category-portada"],"acf":{"antetitulo":""},"yoast_head":"<!-- This site is optimized with the Yoast SEO plugin v28.4 - https:\/\/yoast.com\/product\/yoast-seo-wordpress\/ -->\n<title>Promotores del desarrollo sostenible condenan tr\u00e1fico de tierras en Bolivia - El Diario - Bolivia<\/title>\n<meta name=\"robots\" content=\"index, follow, max-snippet:-1, max-image-preview:large, max-video-preview:-1\" \/>\n<link rel=\"canonical\" href=\"https:\/\/www.eldiario.net\/portal\/2021\/05\/11\/promotores-del-desarrollo-sostenible-condenan-trafico-de-tierras-en-bolivia\/\" \/>\n<meta property=\"og:locale\" content=\"es_ES\" \/>\n<meta property=\"og:type\" content=\"article\" \/>\n<meta property=\"og:title\" content=\"Promotores del desarrollo sostenible condenan tr\u00e1fico de tierras en Bolivia - El Diario - Bolivia\" \/>\n<meta property=\"og:description\" content=\"Los representantes de tres pisos ecol\u00f3gicos del altiplano de La Paz, los valles de Cochabamba, Chuquisaca, as\u00ed como de la gran Chiquitania boliviana, se pronunciaron contra el tr\u00e1fico de tierras en Bolivia, en un encuentro nacional de promotores del uso sostenible de la tierra. Los participantes exigieron al gobierno de Luis Arce, tomar medidas inmediatas [&hellip;]\" \/>\n<meta property=\"og:url\" content=\"https:\/\/www.eldiario.net\/portal\/2021\/05\/11\/promotores-del-desarrollo-sostenible-condenan-trafico-de-tierras-en-bolivia\/\" \/>\n<meta property=\"og:site_name\" content=\"El Diario - Bolivia\" \/>\n<meta property=\"article:publisher\" content=\"https:\/\/www.facebook.com\/eldiario.bolivia\/\" \/>\n<meta property=\"article:published_time\" content=\"2021-05-11T10:12:23+00:00\" \/>\n<meta name=\"author\" content=\"Jeanette\" \/>\n<meta name=\"twitter:card\" content=\"summary_large_image\" \/>\n<meta name=\"twitter:creator\" content=\"@eldiario_net\" \/>\n<meta name=\"twitter:site\" content=\"@eldiario_net\" \/>\n<meta name=\"twitter:label1\" content=\"Escrito por\" \/>\n\t<meta name=\"twitter:data1\" content=\"Jeanette\" \/>\n\t<meta name=\"twitter:label2\" content=\"Tiempo de lectura\" \/>\n\t<meta name=\"twitter:data2\" content=\"3 minutos\" \/>\n<script type=\"application\/ld+json\" class=\"yoast-schema-graph\">{\"@context\":\"https:\\\/\\\/schema.org\",\"@graph\":[{\"@type\":\"Article\",\"@id\":\"https:\\\/\\\/www.eldiario.net\\\/portal\\\/2021\\\/05\\\/11\\\/promotores-del-desarrollo-sostenible-condenan-trafico-de-tierras-en-bolivia\\\/#article\",\"isPartOf\":{\"@id\":\"https:\\\/\\\/www.eldiario.net\\\/portal\\\/2021\\\/05\\\/11\\\/promotores-del-desarrollo-sostenible-condenan-trafico-de-tierras-en-bolivia\\\/\"},\"author\":{\"name\":\"Jeanette\",\"@id\":\"https:\\\/\\\/www.eldiario.net\\\/portal\\\/#\\\/schema\\\/person\\\/f46445640444750d7d753ccd04ae01b7\"},\"headline\":\"Promotores del desarrollo sostenible condenan tr\u00e1fico de tierras en Bolivia\",\"datePublished\":\"2021-05-11T10:12:23+00:00\",\"mainEntityOfPage\":{\"@id\":\"https:\\\/\\\/www.eldiario.net\\\/portal\\\/2021\\\/05\\\/11\\\/promotores-del-desarrollo-sostenible-condenan-trafico-de-tierras-en-bolivia\\\/\"},\"wordCount\":531,\"publisher\":{\"@id\":\"https:\\\/\\\/www.eldiario.net\\\/portal\\\/#organization\"},\"image\":{\"@id\":\"https:\\\/\\\/www.eldiario.net\\\/portal\\\/2021\\\/05\\\/11\\\/promotores-del-desarrollo-sostenible-condenan-trafico-de-tierras-en-bolivia\\\/#primaryimage\"},\"thumbnailUrl\":\"\",\"articleSection\":[\"Portada\"],\"inLanguage\":\"es\"},{\"@type\":\"WebPage\",\"@id\":\"https:\\\/\\\/www.eldiario.net\\\/portal\\\/2021\\\/05\\\/11\\\/promotores-del-desarrollo-sostenible-condenan-trafico-de-tierras-en-bolivia\\\/\",\"url\":\"https:\\\/\\\/www.eldiario.net\\\/portal\\\/2021\\\/05\\\/11\\\/promotores-del-desarrollo-sostenible-condenan-trafico-de-tierras-en-bolivia\\\/\",\"name\":\"Promotores del desarrollo sostenible condenan tr\u00e1fico de tierras en Bolivia - El Diario - Bolivia\",\"isPartOf\":{\"@id\":\"https:\\\/\\\/www.eldiario.net\\\/portal\\\/#website\"},\"primaryImageOfPage\":{\"@id\":\"https:\\\/\\\/www.eldiario.net\\\/portal\\\/2021\\\/05\\\/11\\\/promotores-del-desarrollo-sostenible-condenan-trafico-de-tierras-en-bolivia\\\/#primaryimage\"},\"image\":{\"@id\":\"https:\\\/\\\/www.eldiario.net\\\/portal\\\/2021\\\/05\\\/11\\\/promotores-del-desarrollo-sostenible-condenan-trafico-de-tierras-en-bolivia\\\/#primaryimage\"},\"thumbnailUrl\":\"\",\"datePublished\":\"2021-05-11T10:12:23+00:00\",\"breadcrumb\":{\"@id\":\"https:\\\/\\\/www.eldiario.net\\\/portal\\\/2021\\\/05\\\/11\\\/promotores-del-desarrollo-sostenible-condenan-trafico-de-tierras-en-bolivia\\\/#breadcrumb\"},\"inLanguage\":\"es\",\"potentialAction\":[{\"@type\":\"ReadAction\",\"target\":[\"https:\\\/\\\/www.eldiario.net\\\/portal\\\/2021\\\/05\\\/11\\\/promotores-del-desarrollo-sostenible-condenan-trafico-de-tierras-en-bolivia\\\/\"]}]},{\"@type\":\"ImageObject\",\"inLanguage\":\"es\",\"@id\":\"https:\\\/\\\/www.eldiario.net\\\/portal\\\/2021\\\/05\\\/11\\\/promotores-del-desarrollo-sostenible-condenan-trafico-de-tierras-en-bolivia\\\/#primaryimage\",\"url\":\"\",\"contentUrl\":\"\"},{\"@type\":\"BreadcrumbList\",\"@id\":\"https:\\\/\\\/www.eldiario.net\\\/portal\\\/2021\\\/05\\\/11\\\/promotores-del-desarrollo-sostenible-condenan-trafico-de-tierras-en-bolivia\\\/#breadcrumb\",\"itemListElement\":[{\"@type\":\"ListItem\",\"position\":1,\"name\":\"Portada\",\"item\":\"https:\\\/\\\/www.eldiario.net\\\/portal\\\/\"},{\"@type\":\"ListItem\",\"position\":2,\"name\":\"Promotores del desarrollo sostenible condenan tr\u00e1fico de tierras en Bolivia\"}]},{\"@type\":\"WebSite\",\"@id\":\"https:\\\/\\\/www.eldiario.net\\\/portal\\\/#website\",\"url\":\"https:\\\/\\\/www.eldiario.net\\\/portal\\\/\",\"name\":\"El Diario - Decano de la prensa nacional\",\"description\":\"El Diario - Decano de la prensa nacional\",\"publisher\":{\"@id\":\"https:\\\/\\\/www.eldiario.net\\\/portal\\\/#organization\"},\"potentialAction\":[{\"@type\":\"SearchAction\",\"target\":{\"@type\":\"EntryPoint\",\"urlTemplate\":\"https:\\\/\\\/www.eldiario.net\\\/portal\\\/?s={search_term_string}\"},\"query-input\":{\"@type\":\"PropertyValueSpecification\",\"valueRequired\":true,\"valueName\":\"search_term_string\"}}],\"inLanguage\":\"es\"},{\"@type\":\"Organization\",\"@id\":\"https:\\\/\\\/www.eldiario.net\\\/portal\\\/#organization\",\"name\":\"El Diario - Decano de la prensa nacional\",\"url\":\"https:\\\/\\\/www.eldiario.net\\\/portal\\\/\",\"logo\":{\"@type\":\"ImageObject\",\"inLanguage\":\"es\",\"@id\":\"https:\\\/\\\/www.eldiario.net\\\/portal\\\/#\\\/schema\\\/logo\\\/image\\\/\",\"url\":\"https:\\\/\\\/www.eldiario.net\\\/portal\\\/wp-content\\\/uploads\\\/2023\\\/07\\\/logo_ED.jpg\",\"contentUrl\":\"https:\\\/\\\/www.eldiario.net\\\/portal\\\/wp-content\\\/uploads\\\/2023\\\/07\\\/logo_ED.jpg\",\"width\":272,\"height\":52,\"caption\":\"El Diario - Decano de la prensa nacional\"},\"image\":{\"@id\":\"https:\\\/\\\/www.eldiario.net\\\/portal\\\/#\\\/schema\\\/logo\\\/image\\\/\"},\"sameAs\":[\"https:\\\/\\\/www.facebook.com\\\/eldiario.bolivia\\\/\",\"https:\\\/\\\/x.com\\\/eldiario_net\"]},{\"@type\":\"Person\",\"@id\":\"https:\\\/\\\/www.eldiario.net\\\/portal\\\/#\\\/schema\\\/person\\\/f46445640444750d7d753ccd04ae01b7\",\"name\":\"Jeanette\",\"image\":{\"@type\":\"ImageObject\",\"inLanguage\":\"es\",\"@id\":\"https:\\\/\\\/secure.gravatar.com\\\/avatar\\\/3ea2118a5f7dad2b7138b1187a6b7ee55f160b9968b66013c3a3ef39dd7e5798?s=96&d=mm&r=g\",\"url\":\"https:\\\/\\\/secure.gravatar.com\\\/avatar\\\/3ea2118a5f7dad2b7138b1187a6b7ee55f160b9968b66013c3a3ef39dd7e5798?s=96&d=mm&r=g\",\"contentUrl\":\"https:\\\/\\\/secure.gravatar.com\\\/avatar\\\/3ea2118a5f7dad2b7138b1187a6b7ee55f160b9968b66013c3a3ef39dd7e5798?s=96&d=mm&r=g\",\"caption\":\"Jeanette\"},\"sameAs\":[\"https:\\\/\\\/www.eldiario.net\\\/portal\"],\"url\":\"https:\\\/\\\/www.eldiario.net\\\/portal\\\/author\\\/jeanette\\\/\"}]}<\/script>\n<!-- \/ Yoast SEO plugin. -->","yoast_head_json":{"title":"Promotores del desarrollo sostenible condenan tr\u00e1fico de tierras en Bolivia - El Diario - Bolivia","robots":{"index":"index","follow":"follow","max-snippet":"max-snippet:-1","max-image-preview":"max-image-preview:large","max-video-preview":"max-video-preview:-1"},"canonical":"https:\/\/www.eldiario.net\/portal\/2021\/05\/11\/promotores-del-desarrollo-sostenible-condenan-trafico-de-tierras-en-bolivia\/","og_locale":"es_ES","og_type":"article","og_title":"Promotores del desarrollo sostenible condenan tr\u00e1fico de tierras en Bolivia - El Diario - Bolivia","og_description":"Los representantes de tres pisos ecol\u00f3gicos del altiplano de La Paz, los valles de Cochabamba, Chuquisaca, as\u00ed como de la gran Chiquitania boliviana, se pronunciaron contra el tr\u00e1fico de tierras en Bolivia, en un encuentro nacional de promotores del uso sostenible de la tierra. Los participantes exigieron al gobierno de Luis Arce, tomar medidas inmediatas [&hellip;]","og_url":"https:\/\/www.eldiario.net\/portal\/2021\/05\/11\/promotores-del-desarrollo-sostenible-condenan-trafico-de-tierras-en-bolivia\/","og_site_name":"El Diario - Bolivia","article_publisher":"https:\/\/www.facebook.com\/eldiario.bolivia\/","article_published_time":"2021-05-11T10:12:23+00:00","author":"Jeanette","twitter_card":"summary_large_image","twitter_creator":"@eldiario_net","twitter_site":"@eldiario_net","twitter_misc":{"Escrito por":"Jeanette","Tiempo de lectura":"3 minutos"},"schema":{"@context":"https:\/\/schema.org","@graph":[{"@type":"Article","@id":"https:\/\/www.eldiario.net\/portal\/2021\/05\/11\/promotores-del-desarrollo-sostenible-condenan-trafico-de-tierras-en-bolivia\/#article","isPartOf":{"@id":"https:\/\/www.eldiario.net\/portal\/2021\/05\/11\/promotores-del-desarrollo-sostenible-condenan-trafico-de-tierras-en-bolivia\/"},"author":{"name":"Jeanette","@id":"https:\/\/www.eldiario.net\/portal\/#\/schema\/person\/f46445640444750d7d753ccd04ae01b7"},"headline":"Promotores del desarrollo sostenible condenan tr\u00e1fico de tierras en Bolivia","datePublished":"2021-05-11T10:12:23+00:00","mainEntityOfPage":{"@id":"https:\/\/www.eldiario.net\/portal\/2021\/05\/11\/promotores-del-desarrollo-sostenible-condenan-trafico-de-tierras-en-bolivia\/"},"wordCount":531,"publisher":{"@id":"https:\/\/www.eldiario.net\/portal\/#organization"},"image":{"@id":"https:\/\/www.eldiario.net\/portal\/2021\/05\/11\/promotores-del-desarrollo-sostenible-condenan-trafico-de-tierras-en-bolivia\/#primaryimage"},"thumbnailUrl":"","articleSection":["Portada"],"inLanguage":"es"},{"@type":"WebPage","@id":"https:\/\/www.eldiario.net\/portal\/2021\/05\/11\/promotores-del-desarrollo-sostenible-condenan-trafico-de-tierras-en-bolivia\/","url":"https:\/\/www.eldiario.net\/portal\/2021\/05\/11\/promotores-del-desarrollo-sostenible-condenan-trafico-de-tierras-en-bolivia\/","name":"Promotores del desarrollo sostenible condenan tr\u00e1fico de tierras en Bolivia - El Diario - Bolivia","isPartOf":{"@id":"https:\/\/www.eldiario.net\/portal\/#website"},"primaryImageOfPage":{"@id":"https:\/\/www.eldiario.net\/portal\/2021\/05\/11\/promotores-del-desarrollo-sostenible-condenan-trafico-de-tierras-en-bolivia\/#primaryimage"},"image":{"@id":"https:\/\/www.eldiario.net\/portal\/2021\/05\/11\/promotores-del-desarrollo-sostenible-condenan-trafico-de-tierras-en-bolivia\/#primaryimage"},"thumbnailUrl":"","datePublished":"2021-05-11T10:12:23+00:00","breadcrumb":{"@id":"https:\/\/www.eldiario.net\/portal\/2021\/05\/11\/promotores-del-desarrollo-sostenible-condenan-trafico-de-tierras-en-bolivia\/#breadcrumb"},"inLanguage":"es","potentialAction":[{"@type":"ReadAction","target":["https:\/\/www.eldiario.net\/portal\/2021\/05\/11\/promotores-del-desarrollo-sostenible-condenan-trafico-de-tierras-en-bolivia\/"]}]},{"@type":"ImageObject","inLanguage":"es","@id":"https:\/\/www.eldiario.net\/portal\/2021\/05\/11\/promotores-del-desarrollo-sostenible-condenan-trafico-de-tierras-en-bolivia\/#primaryimage","url":"","contentUrl":""},{"@type":"BreadcrumbList","@id":"https:\/\/www.eldiario.net\/portal\/2021\/05\/11\/promotores-del-desarrollo-sostenible-condenan-trafico-de-tierras-en-bolivia\/#breadcrumb","itemListElement":[{"@type":"ListItem","position":1,"name":"Portada","item":"https:\/\/www.eldiario.net\/portal\/"},{"@type":"ListItem","position":2,"name":"Promotores del desarrollo sostenible condenan tr\u00e1fico de tierras en Bolivia"}]},{"@type":"WebSite","@id":"https:\/\/www.eldiario.net\/portal\/#website","url":"https:\/\/www.eldiario.net\/portal\/","name":"El Diario - Decano de la prensa nacional","description":"El Diario - Decano de la prensa nacional","publisher":{"@id":"https:\/\/www.eldiario.net\/portal\/#organization"},"potentialAction":[{"@type":"SearchAction","target":{"@type":"EntryPoint","urlTemplate":"https:\/\/www.eldiario.net\/portal\/?s={search_term_string}"},"query-input":{"@type":"PropertyValueSpecification","valueRequired":true,"valueName":"search_term_string"}}],"inLanguage":"es"},{"@type":"Organization","@id":"https:\/\/www.eldiario.net\/portal\/#organization","name":"El Diario - Decano de la prensa nacional","url":"https:\/\/www.eldiario.net\/portal\/","logo":{"@type":"ImageObject","inLanguage":"es","@id":"https:\/\/www.eldiario.net\/portal\/#\/schema\/logo\/image\/","url":"https:\/\/www.eldiario.net\/portal\/wp-content\/uploads\/2023\/07\/logo_ED.jpg","contentUrl":"https:\/\/www.eldiario.net\/portal\/wp-content\/uploads\/2023\/07\/logo_ED.jpg","width":272,"height":52,"caption":"El Diario - Decano de la prensa nacional"},"image":{"@id":"https:\/\/www.eldiario.net\/portal\/#\/schema\/logo\/image\/"},"sameAs":["https:\/\/www.facebook.com\/eldiario.bolivia\/","https:\/\/x.com\/eldiario_net"]},{"@type":"Person","@id":"https:\/\/www.eldiario.net\/portal\/#\/schema\/person\/f46445640444750d7d753ccd04ae01b7","name":"Jeanette","image":{"@type":"ImageObject","inLanguage":"es","@id":"https:\/\/secure.gravatar.com\/avatar\/3ea2118a5f7dad2b7138b1187a6b7ee55f160b9968b66013c3a3ef39dd7e5798?s=96&d=mm&r=g","url":"https:\/\/secure.gravatar.com\/avatar\/3ea2118a5f7dad2b7138b1187a6b7ee55f160b9968b66013c3a3ef39dd7e5798?s=96&d=mm&r=g","contentUrl":"https:\/\/secure.gravatar.com\/avatar\/3ea2118a5f7dad2b7138b1187a6b7ee55f160b9968b66013c3a3ef39dd7e5798?s=96&d=mm&r=g","caption":"Jeanette"},"sameAs":["https:\/\/www.eldiario.net\/portal"],"url":"https:\/\/www.eldiario.net\/portal\/author\/jeanette\/"}]}},"_links":{"self":[{"href":"https:\/\/www.eldiario.net\/portal\/wp-json\/wp\/v2\/posts\/3204","targetHints":{"allow":["GET"]}}],"collection":[{"href":"https:\/\/www.eldiario.net\/portal\/wp-json\/wp\/v2\/posts"}],"about":[{"href":"https:\/\/www.eldiario.net\/portal\/wp-json\/wp\/v2\/types\/post"}],"author":[{"embeddable":true,"href":"https:\/\/www.eldiario.net\/portal\/wp-json\/wp\/v2\/users\/1"}],"replies":[{"embeddable":true,"href":"https:\/\/www.eldiario.net\/portal\/wp-json\/wp\/v2\/comments?post=3204"}],"version-history":[{"count":0,"href":"https:\/\/www.eldiario.net\/portal\/wp-json\/wp\/v2\/posts\/3204\/revisions"}],"wp:attachment":[{"href":"https:\/\/www.eldiario.net\/portal\/wp-json\/wp\/v2\/media?parent=3204"}],"wp:term":[{"taxonomy":"category","embeddable":true,"href":"https:\/\/www.eldiario.net\/portal\/wp-json\/wp\/v2\/categories?post=3204"},{"taxonomy":"post_tag","embeddable":true,"href":"https:\/\/www.eldiario.net\/portal\/wp-json\/wp\/v2\/tags?post=3204"}],"curies":[{"name":"wp","href":"https:\/\/api.w.org\/{rel}","templated":true}]}}