{"id":320289,"date":"2025-07-30T00:55:22","date_gmt":"2025-07-30T04:55:22","guid":{"rendered":"https:\/\/www.eldiario.net\/portal\/?p=320289"},"modified":"2025-07-29T21:56:34","modified_gmt":"2025-07-30T01:56:34","slug":"feria-del-libro-de-la-paz-abre-sus-puertas-con-6-secciones-especiales","status":"publish","type":"post","link":"https:\/\/www.eldiario.net\/portal\/2025\/07\/30\/feria-del-libro-de-la-paz-abre-sus-puertas-con-6-secciones-especiales\/","title":{"rendered":"Feria del Libro de La Paz abre sus  puertas con 6 secciones especiales"},"content":{"rendered":"<p>Bicentenario, Poes\u00eda, Escena, C\u00f3mic, Ni\u00f1os y Literatura boliviana son las secciones especiales de la Feria Internacional del Libro de La Paz que, en su Edici\u00f3n Bicentenario, se realizar\u00e1 del 30 de julio al 10 de agosto.<\/p>\n<p>Estas secciones estructuran el coraz\u00f3n del Programa Cultural. Cada secci\u00f3n es una l\u00ednea, un eje de sentido que agrupa actividades, autores y experiencias en torno a una mirada particular, por lo que cada una tiene su propia identidad, est\u00e9tica y contenidos.<\/p>\n<p><strong>FIL BICENTENARIO<\/strong><\/p>\n<p>Secci\u00f3n especial dedicada a pensar Bolivia desde sus libros, sus voces y su memoria. Su objetivo es abrir un espacio de reflexi\u00f3n colectiva sobre la identidad nacional, articulando pasado, presente y futuro. La propuesta se organiza en tres rutas de lectura: una que revisita los hitos hist\u00f3ricos y las luchas que marcaron el pa\u00eds, otra que analiza cr\u00edticamente el presente desde diversas disciplinas y una \u00faltima que imagina el porvenir, con sus desaf\u00edos y esperanzas. A trav\u00e9s de charlas, libros y encuentros, esta secci\u00f3n invita a leer, cuestionar y so\u00f1ar Bolivia en su Bicentenario.<\/p>\n<p><strong>LITERATURA BOLIVIANA<\/strong><\/p>\n<p>Secci\u00f3n que recorre la historia de la literatura boliviana a lo largo de 200 a\u00f1os. Su objetivo es visibilizar la diversidad de voces, g\u00e9neros y estilos que han dado forma a nuestra narrativa nacional. La propuesta abarca desde las primeras escrituras fundacionales hasta las obras contempor\u00e1neas que cuestionan y reinventan nuestra identidad. Son celebrados hitos como la literatura indigenista, las vanguardias, la poes\u00eda revolucionaria, la narrativa urbana, las voces femeninas, las lenguas originarias, el cuento popular, la cr\u00f3nica y la ciencia ficci\u00f3n. Un coro plural que revela una literatura siempre viva.<\/p>\n<p><strong>FIL POES\u00cdA<\/strong><\/p>\n<p>Secci\u00f3n dedicada a la celebraci\u00f3n de la palabra po\u00e9tica en todas sus formas. Busca acercar la poes\u00eda demostrando su fuerza para conmover, cuestionar y transformar desde lo \u00edntimo hasta lo colectivo. Su objetivo es visibilizar a poetas de distintas generaciones, estilos y lenguas, y as\u00ed generar encuentros que rompan las barreras entre poes\u00eda y lector. La propuesta incluye recitales, lecturas perform\u00e1ticas, di\u00e1logos y actividades participativas. FIL Poes\u00eda invita a vivir la poes\u00eda como una experiencia viva, cercana y cotidiana, donde la emoci\u00f3n, la reflexi\u00f3n y la belleza est\u00e1n en cada palabra.<\/p>\n<p><strong>FIL ESCENA<\/strong><\/p>\n<p>Secci\u00f3n donde la literatura se encuentra con la m\u00fasica, el teatro y la danza. Su objetivo es mostrar c\u00f3mo la palabra escrita cobra vida, ritmo y cuerpo en escena, creando nuevas formas de narrar, emocionar e imaginar. Aqu\u00ed son celebradas las m\u00faltiples posibilidades expresivas de la literatura cuando se une al arte esc\u00e9nico. La propuesta incluye conciertos, obras inspiradas en libros, performances, interpretaciones y espect\u00e1culos interdisciplinarios. FIL Escena invita al p\u00fablico a experimentar la lectura desde los sentidos, el movimiento y la vibraci\u00f3n compartida del arte.<\/p>\n<p><strong>FIL NI\u00d1OS <\/strong><\/p>\n<p>Secci\u00f3n creada para celebrar la lectura, el juego y la imaginaci\u00f3n de ni\u00f1as y ni\u00f1os dentro de la FIL La Paz. Su objetivo es fomentar el v\u00ednculo temprano con los libros y estimular la creatividad mediante experiencias l\u00fadicas, art\u00edsticas y participativas. La propuesta incluye talleres, cuentacuentos, teatro, juegos y espacios para la exploraci\u00f3n literaria en familia. A trav\u00e9s de una programaci\u00f3n diversa, FIL Ni\u00f1os invita a descubrir el mundo de las palabras y las im\u00e1genes, fortaleciendo el derecho a la cultura desde la infancia y promoviendo el gusto por la lectura.<\/p>\n<p><strong>FIL C\u00d3MIC<\/strong><\/p>\n<p>El c\u00f3mic ha sido parte de distintos procesos de cambio, no solo en las narrativas contempor\u00e1neas, sino tambi\u00e9n en la historia de nuestro pa\u00eds. Desde sus or\u00edgenes marcados por la s\u00e1tira pol\u00edtica y la irreverencia, ha evolucionado como un lenguaje poderoso que entrelaza imagen y palabra. FIL C\u00f3mic renace desde esa fuerza: propone un espacio para pensar el c\u00f3mic como medio art\u00edstico, comunicacional, pol\u00edtico y cultural. En esta edici\u00f3n Bicentenario, reconocemos su capacidad para representar realidades diversas, denunciar sin miedo y narrar nuestro presente, pasado y futuro, con una mirada fresca, cr\u00edtica y profundamente conectada con lo que somos y seremos.<\/p>\n<p><strong>OTRA NOVEDADES<\/strong><\/p>\n<p>Entre otras de las novedades de la FIL La Paz para este a\u00f1o, est\u00e1n las entradas diferenciadas, que tienen el objetivo de motivar la participaci\u00f3n del p\u00fablico y facilitar el acceso en el a\u00f1o de celebraciones por el Bicentenario de Bolivia.<\/p>\n<p>A trav\u00e9s de tres tipos de entradas se busca llegar a m\u00e1s personas, especialmente a j\u00f3venes y ni\u00f1os; adem\u00e1s de brindar beneficios especiales a quienes deseen vivir la experiencia completa adquiriendo un abono para todos los d\u00edas de la feria.<\/p>\n<p>La primera opci\u00f3n es la entrada general, cuyo precio es de Bs 15 y que mantiene ese costo desde hace varias gestiones. Los boletos pueden ser adquiridos a trav\u00e9s de la plataforma digital de S\u00faperTicket y en boleter\u00edas del Campo Ferial Chuquiago Marka, los d\u00edas de feria.<\/p>\n<p>Tambi\u00e9n se contar\u00e1 con entradas especiales para los estudiantes de la UMSA (Universidad Mayor de San Andr\u00e9s), UPEA (Universidad P\u00fablica de El Alto) y UCB (Universidad Cat\u00f3lica Boliviana), que tienen un valor de Bs 5.<\/p>\n<p>Para comprar este boleto, los universitarios deber\u00e1n presentar su c\u00e9dula de identidad y su matr\u00edcula vigente.<\/p>\n<p>Asimismo, este a\u00f1o se ofrece el abono #SoyFIL, que permitir\u00e1 a su portador el ingreso a los 11 d\u00edas de feria y a eventos especiales como la inauguraci\u00f3n. Por Bs 80, el invitado especial tendr\u00e1 una credencial personalizada e intransferible.<\/p>\n<p>La C\u00e1mara Departamental del Libro de La Paz recuerda a la poblaci\u00f3n que el ingreso a la FIL es gratuito para los menores de 12 a\u00f1os y mayores de 65 (presentando su c\u00e9dula de identidad). En ese sentido, se contar\u00e1 con una programaci\u00f3n espec\u00edfica para ni\u00f1os y j\u00f3venes en el Espacio Interactivo e Infantil. Estar\u00e1 ubicado en el Bloque Verde e incluir\u00e1 196 actividades para sus visitantes, entre talleres, experiencias l\u00fadicas, teatro, t\u00edteres y cuentacuentos.<\/p>\n<p>La FIL La Paz \u2013 Edici\u00f3n Bicentenario se efectuar\u00e1 del 30 de julio al 10 de agosto, en los tres bloques del Campo Ferial Chuquiago Marka.<\/p>\n<p>M\u00e1s informaci\u00f3n sobre las entradas diferenciadas puede obtenerse a trav\u00e9s de las redes sociales de la feria y al correo: coordinaci\u00f3n@camaralibrolapaz.org.bo<\/p>\n<p>Los horarios de la FIL La Paz son: Lunes, martes y jueves de 14.00 a 22.00, viernes y s\u00e1bado de 10.00 a 23.00 y mi\u00e9rcoles y domingo de 10.00 a 22.00.<\/p>\n\r\n                <style type=\"text\/css\">\r\n                    \r\n                    #tdi_1  .td-doubleSlider-2 .td-item1 {\r\n                        background: url(https:\/\/www.eldiario.net\/portal\/wp-content\/uploads\/2025\/07\/2-feria-80x60.webp) 0 0 no-repeat;\r\n                    }\r\n                    #tdi_1  .td-doubleSlider-2 .td-item2 {\r\n                        background: url(https:\/\/www.eldiario.net\/portal\/wp-content\/uploads\/2025\/07\/1-feria-80x60.webp) 0 0 no-repeat;\r\n                    }\r\n                <\/style>\r\n\r\n                <div id=\"tdi_1\" class=\"td-gallery td-slide-on-2-columns\">\r\n                    <div class=\"post_td_gallery\">\r\n                        <div class=\"td-gallery-slide-top\">\r\n                           <div class=\"td-gallery-title\"><\/div>\r\n\r\n                            <div class=\"td-gallery-controls-wrapper\">\r\n                                <div class=\"td-gallery-slide-count\"><span class=\"td-gallery-slide-item-focus\">1<\/span> de 2<\/div>\r\n                                <div class=\"td-gallery-slide-prev-next-but\">\r\n                                    <i class = \"td-icon-left doubleSliderPrevButton\"><\/i>\r\n                                    <i class = \"td-icon-right doubleSliderNextButton\"><\/i>\r\n                                <\/div>\r\n                            <\/div>\r\n                        <\/div>\r\n\r\n                        <div class = \"td-doubleSlider-1 \">\r\n                            <div class = \"td-slider\">\r\n                                \r\n                    <div class = \"td-slide-item td-item1\">\r\n                        <figure class=\"td-slide-galery-figure td-slide-popup-gallery\">\r\n                            <a class=\"slide-gallery-image-link\" href=\"https:\/\/www.eldiario.net\/portal\/wp-content\/uploads\/2025\/07\/2-feria.webp\" title=\"2-feria\"  data-caption=\"\"  data-description=\"\">\r\n                                <img decoding=\"async\" src=\"https:\/\/www.eldiario.net\/portal\/wp-content\/uploads\/2025\/07\/2-feria-631x420.webp\" srcset=\"https:\/\/www.eldiario.net\/portal\/wp-content\/uploads\/2025\/07\/2-feria-631x420.webp 631w, https:\/\/www.eldiario.net\/portal\/wp-content\/uploads\/2025\/07\/2-feria-300x200.webp 300w, https:\/\/www.eldiario.net\/portal\/wp-content\/uploads\/2025\/07\/2-feria-768x511.webp 768w, https:\/\/www.eldiario.net\/portal\/wp-content\/uploads\/2025\/07\/2-feria-150x100.webp 150w, https:\/\/www.eldiario.net\/portal\/wp-content\/uploads\/2025\/07\/2-feria-696x463.webp 696w, https:\/\/www.eldiario.net\/portal\/wp-content\/uploads\/2025\/07\/2-feria.webp 960w\" sizes=\"(max-width: 631px) 100vw, 631px\" alt=\"\">\r\n                            <\/a>\r\n                            \r\n                        <\/figure>\r\n                    <\/div>\r\n                    <div class = \"td-slide-item td-item2\">\r\n                        <figure class=\"td-slide-galery-figure td-slide-popup-gallery\">\r\n                            <a class=\"slide-gallery-image-link\" href=\"https:\/\/www.eldiario.net\/portal\/wp-content\/uploads\/2025\/07\/1-feria.webp\" title=\"1-feria\"  data-caption=\"\"  data-description=\"\">\r\n                                <img decoding=\"async\" src=\"https:\/\/www.eldiario.net\/portal\/wp-content\/uploads\/2025\/07\/1-feria-631x420.webp\" srcset=\"https:\/\/www.eldiario.net\/portal\/wp-content\/uploads\/2025\/07\/1-feria-631x420.webp 631w, https:\/\/www.eldiario.net\/portal\/wp-content\/uploads\/2025\/07\/1-feria-300x200.webp 300w, https:\/\/www.eldiario.net\/portal\/wp-content\/uploads\/2025\/07\/1-feria-768x511.webp 768w, https:\/\/www.eldiario.net\/portal\/wp-content\/uploads\/2025\/07\/1-feria-150x100.webp 150w, https:\/\/www.eldiario.net\/portal\/wp-content\/uploads\/2025\/07\/1-feria-696x463.webp 696w, https:\/\/www.eldiario.net\/portal\/wp-content\/uploads\/2025\/07\/1-feria.webp 960w\" sizes=\"(max-width: 631px) 100vw, 631px\" alt=\"\">\r\n                            <\/a>\r\n                            \r\n                        <\/figure>\r\n                    <\/div>\r\n                            <\/div>\r\n                        <\/div>\r\n\r\n                        <div class = \"td-doubleSlider-2\">\r\n                            <div class = \"td-slider\">\r\n                                \r\n                    <div class = \"td-button td-item1\">\r\n                        <div class = \"td-border\"><\/div>\r\n                    <\/div>\r\n                    <div class = \"td-button td-item2\">\r\n                        <div class = \"td-border\"><\/div>\r\n                    <\/div>\r\n                            <\/div>\r\n                        <\/div>\r\n\r\n                    <\/div>\r\n\r\n                <\/div>\r\n                \n","protected":false},"excerpt":{"rendered":"<p>Bicentenario, Poes\u00eda, Escena, C\u00f3mic, Ni\u00f1os y Literatura boliviana son las secciones especiales de la Feria Internacional del Libro de La Paz que, en su Edici\u00f3n Bicentenario, se realizar\u00e1 del 30 de julio al 10 de agosto. Estas secciones estructuran el coraz\u00f3n del Programa Cultural. Cada secci\u00f3n es una l\u00ednea, un eje de sentido que agrupa [&hellip;]<\/p>\n","protected":false},"author":1,"featured_media":320291,"comment_status":"closed","ping_status":"open","sticky":false,"template":"","format":"standard","meta":{"_acf_changed":false,"footnotes":""},"categories":[41],"tags":[],"class_list":["post-320289","post","type-post","status-publish","format-standard","has-post-thumbnail","category-la-guia"],"acf":{"antetitulo":""},"yoast_head":"<!-- This site is optimized with the Yoast SEO plugin v28.4 - https:\/\/yoast.com\/product\/yoast-seo-wordpress\/ -->\n<title>Feria del Libro de La Paz abre sus puertas con 6 secciones especiales - El Diario - Bolivia<\/title>\n<meta name=\"robots\" content=\"index, follow, max-snippet:-1, max-image-preview:large, max-video-preview:-1\" \/>\n<link rel=\"canonical\" href=\"https:\/\/www.eldiario.net\/portal\/2025\/07\/30\/feria-del-libro-de-la-paz-abre-sus-puertas-con-6-secciones-especiales\/\" \/>\n<meta property=\"og:locale\" content=\"es_ES\" \/>\n<meta property=\"og:type\" content=\"article\" \/>\n<meta property=\"og:title\" content=\"Feria del Libro de La Paz abre sus puertas con 6 secciones especiales - El Diario - Bolivia\" \/>\n<meta property=\"og:description\" content=\"Bicentenario, Poes\u00eda, Escena, C\u00f3mic, Ni\u00f1os y Literatura boliviana son las secciones especiales de la Feria Internacional del Libro de La Paz que, en su Edici\u00f3n Bicentenario, se realizar\u00e1 del 30 de julio al 10 de agosto. Estas secciones estructuran el coraz\u00f3n del Programa Cultural. Cada secci\u00f3n es una l\u00ednea, un eje de sentido que agrupa [&hellip;]\" \/>\n<meta property=\"og:url\" content=\"https:\/\/www.eldiario.net\/portal\/2025\/07\/30\/feria-del-libro-de-la-paz-abre-sus-puertas-con-6-secciones-especiales\/\" \/>\n<meta property=\"og:site_name\" content=\"El Diario - Bolivia\" \/>\n<meta property=\"article:publisher\" content=\"https:\/\/www.facebook.com\/eldiario.bolivia\/\" \/>\n<meta property=\"article:published_time\" content=\"2025-07-30T04:55:22+00:00\" \/>\n<meta property=\"og:image\" content=\"https:\/\/www.eldiario.net\/portal\/wp-content\/uploads\/2025\/07\/1-feria.webp\" \/>\n\t<meta property=\"og:image:width\" content=\"960\" \/>\n\t<meta property=\"og:image:height\" content=\"639\" \/>\n\t<meta property=\"og:image:type\" content=\"image\/webp\" \/>\n<meta name=\"author\" content=\"Jeanette\" \/>\n<meta name=\"twitter:card\" content=\"summary_large_image\" \/>\n<meta name=\"twitter:creator\" content=\"@eldiario_net\" \/>\n<meta name=\"twitter:site\" content=\"@eldiario_net\" \/>\n<meta name=\"twitter:label1\" content=\"Escrito por\" \/>\n\t<meta name=\"twitter:data1\" content=\"Jeanette\" \/>\n\t<meta name=\"twitter:label2\" content=\"Tiempo de lectura\" \/>\n\t<meta name=\"twitter:data2\" content=\"5 minutos\" \/>\n<script type=\"application\/ld+json\" class=\"yoast-schema-graph\">{\"@context\":\"https:\\\/\\\/schema.org\",\"@graph\":[{\"@type\":\"Article\",\"@id\":\"https:\\\/\\\/www.eldiario.net\\\/portal\\\/2025\\\/07\\\/30\\\/feria-del-libro-de-la-paz-abre-sus-puertas-con-6-secciones-especiales\\\/#article\",\"isPartOf\":{\"@id\":\"https:\\\/\\\/www.eldiario.net\\\/portal\\\/2025\\\/07\\\/30\\\/feria-del-libro-de-la-paz-abre-sus-puertas-con-6-secciones-especiales\\\/\"},\"author\":{\"name\":\"Jeanette\",\"@id\":\"https:\\\/\\\/www.eldiario.net\\\/portal\\\/#\\\/schema\\\/person\\\/2c57cf2b7a7ae032e449e4c9b1019eac\"},\"headline\":\"Feria del Libro de La Paz abre sus puertas con 6 secciones especiales\",\"datePublished\":\"2025-07-30T04:55:22+00:00\",\"mainEntityOfPage\":{\"@id\":\"https:\\\/\\\/www.eldiario.net\\\/portal\\\/2025\\\/07\\\/30\\\/feria-del-libro-de-la-paz-abre-sus-puertas-con-6-secciones-especiales\\\/\"},\"wordCount\":1137,\"publisher\":{\"@id\":\"https:\\\/\\\/www.eldiario.net\\\/portal\\\/#organization\"},\"image\":{\"@id\":\"https:\\\/\\\/www.eldiario.net\\\/portal\\\/2025\\\/07\\\/30\\\/feria-del-libro-de-la-paz-abre-sus-puertas-con-6-secciones-especiales\\\/#primaryimage\"},\"thumbnailUrl\":\"https:\\\/\\\/www.eldiario.net\\\/portal\\\/wp-content\\\/uploads\\\/2025\\\/07\\\/1-feria.webp\",\"articleSection\":[\"La Gu\u00eda\"],\"inLanguage\":\"es\"},{\"@type\":\"WebPage\",\"@id\":\"https:\\\/\\\/www.eldiario.net\\\/portal\\\/2025\\\/07\\\/30\\\/feria-del-libro-de-la-paz-abre-sus-puertas-con-6-secciones-especiales\\\/\",\"url\":\"https:\\\/\\\/www.eldiario.net\\\/portal\\\/2025\\\/07\\\/30\\\/feria-del-libro-de-la-paz-abre-sus-puertas-con-6-secciones-especiales\\\/\",\"name\":\"Feria del Libro de La Paz abre sus puertas con 6 secciones especiales - El Diario - Bolivia\",\"isPartOf\":{\"@id\":\"https:\\\/\\\/www.eldiario.net\\\/portal\\\/#website\"},\"primaryImageOfPage\":{\"@id\":\"https:\\\/\\\/www.eldiario.net\\\/portal\\\/2025\\\/07\\\/30\\\/feria-del-libro-de-la-paz-abre-sus-puertas-con-6-secciones-especiales\\\/#primaryimage\"},\"image\":{\"@id\":\"https:\\\/\\\/www.eldiario.net\\\/portal\\\/2025\\\/07\\\/30\\\/feria-del-libro-de-la-paz-abre-sus-puertas-con-6-secciones-especiales\\\/#primaryimage\"},\"thumbnailUrl\":\"https:\\\/\\\/www.eldiario.net\\\/portal\\\/wp-content\\\/uploads\\\/2025\\\/07\\\/1-feria.webp\",\"datePublished\":\"2025-07-30T04:55:22+00:00\",\"breadcrumb\":{\"@id\":\"https:\\\/\\\/www.eldiario.net\\\/portal\\\/2025\\\/07\\\/30\\\/feria-del-libro-de-la-paz-abre-sus-puertas-con-6-secciones-especiales\\\/#breadcrumb\"},\"inLanguage\":\"es\",\"potentialAction\":[{\"@type\":\"ReadAction\",\"target\":[\"https:\\\/\\\/www.eldiario.net\\\/portal\\\/2025\\\/07\\\/30\\\/feria-del-libro-de-la-paz-abre-sus-puertas-con-6-secciones-especiales\\\/\"]}]},{\"@type\":\"ImageObject\",\"inLanguage\":\"es\",\"@id\":\"https:\\\/\\\/www.eldiario.net\\\/portal\\\/2025\\\/07\\\/30\\\/feria-del-libro-de-la-paz-abre-sus-puertas-con-6-secciones-especiales\\\/#primaryimage\",\"url\":\"https:\\\/\\\/www.eldiario.net\\\/portal\\\/wp-content\\\/uploads\\\/2025\\\/07\\\/1-feria.webp\",\"contentUrl\":\"https:\\\/\\\/www.eldiario.net\\\/portal\\\/wp-content\\\/uploads\\\/2025\\\/07\\\/1-feria.webp\",\"width\":960,\"height\":639},{\"@type\":\"BreadcrumbList\",\"@id\":\"https:\\\/\\\/www.eldiario.net\\\/portal\\\/2025\\\/07\\\/30\\\/feria-del-libro-de-la-paz-abre-sus-puertas-con-6-secciones-especiales\\\/#breadcrumb\",\"itemListElement\":[{\"@type\":\"ListItem\",\"position\":1,\"name\":\"Portada\",\"item\":\"https:\\\/\\\/www.eldiario.net\\\/portal\\\/\"},{\"@type\":\"ListItem\",\"position\":2,\"name\":\"Feria del Libro de La Paz abre sus puertas con 6 secciones especiales\"}]},{\"@type\":\"WebSite\",\"@id\":\"https:\\\/\\\/www.eldiario.net\\\/portal\\\/#website\",\"url\":\"https:\\\/\\\/www.eldiario.net\\\/portal\\\/\",\"name\":\"El Diario - Decano de la prensa nacional\",\"description\":\"El Diario - Decano de la prensa nacional\",\"publisher\":{\"@id\":\"https:\\\/\\\/www.eldiario.net\\\/portal\\\/#organization\"},\"potentialAction\":[{\"@type\":\"SearchAction\",\"target\":{\"@type\":\"EntryPoint\",\"urlTemplate\":\"https:\\\/\\\/www.eldiario.net\\\/portal\\\/?s={search_term_string}\"},\"query-input\":{\"@type\":\"PropertyValueSpecification\",\"valueRequired\":true,\"valueName\":\"search_term_string\"}}],\"inLanguage\":\"es\"},{\"@type\":\"Organization\",\"@id\":\"https:\\\/\\\/www.eldiario.net\\\/portal\\\/#organization\",\"name\":\"El Diario - Decano de la prensa nacional\",\"url\":\"https:\\\/\\\/www.eldiario.net\\\/portal\\\/\",\"logo\":{\"@type\":\"ImageObject\",\"inLanguage\":\"es\",\"@id\":\"https:\\\/\\\/www.eldiario.net\\\/portal\\\/#\\\/schema\\\/logo\\\/image\\\/\",\"url\":\"https:\\\/\\\/www.eldiario.net\\\/portal\\\/wp-content\\\/uploads\\\/2023\\\/07\\\/logo_ED.jpg\",\"contentUrl\":\"https:\\\/\\\/www.eldiario.net\\\/portal\\\/wp-content\\\/uploads\\\/2023\\\/07\\\/logo_ED.jpg\",\"width\":272,\"height\":52,\"caption\":\"El Diario - Decano de la prensa nacional\"},\"image\":{\"@id\":\"https:\\\/\\\/www.eldiario.net\\\/portal\\\/#\\\/schema\\\/logo\\\/image\\\/\"},\"sameAs\":[\"https:\\\/\\\/www.facebook.com\\\/eldiario.bolivia\\\/\",\"https:\\\/\\\/x.com\\\/eldiario_net\"]},{\"@type\":\"Person\",\"@id\":\"https:\\\/\\\/www.eldiario.net\\\/portal\\\/#\\\/schema\\\/person\\\/2c57cf2b7a7ae032e449e4c9b1019eac\",\"name\":\"Jeanette\",\"image\":{\"@type\":\"ImageObject\",\"inLanguage\":\"es\",\"@id\":\"https:\\\/\\\/secure.gravatar.com\\\/avatar\\\/3ea2118a5f7dad2b7138b1187a6b7ee55f160b9968b66013c3a3ef39dd7e5798?s=96&d=mm&r=g\",\"url\":\"https:\\\/\\\/secure.gravatar.com\\\/avatar\\\/3ea2118a5f7dad2b7138b1187a6b7ee55f160b9968b66013c3a3ef39dd7e5798?s=96&d=mm&r=g\",\"contentUrl\":\"https:\\\/\\\/secure.gravatar.com\\\/avatar\\\/3ea2118a5f7dad2b7138b1187a6b7ee55f160b9968b66013c3a3ef39dd7e5798?s=96&d=mm&r=g\",\"caption\":\"Jeanette\"},\"sameAs\":[\"https:\\\/\\\/www.eldiario.net\\\/portal\"],\"url\":\"https:\\\/\\\/www.eldiario.net\\\/portal\\\/author\\\/jeanette\\\/\"}]}<\/script>\n<!-- \/ Yoast SEO plugin. -->","yoast_head_json":{"title":"Feria del Libro de La Paz abre sus puertas con 6 secciones especiales - El Diario - Bolivia","robots":{"index":"index","follow":"follow","max-snippet":"max-snippet:-1","max-image-preview":"max-image-preview:large","max-video-preview":"max-video-preview:-1"},"canonical":"https:\/\/www.eldiario.net\/portal\/2025\/07\/30\/feria-del-libro-de-la-paz-abre-sus-puertas-con-6-secciones-especiales\/","og_locale":"es_ES","og_type":"article","og_title":"Feria del Libro de La Paz abre sus puertas con 6 secciones especiales - El Diario - Bolivia","og_description":"Bicentenario, Poes\u00eda, Escena, C\u00f3mic, Ni\u00f1os y Literatura boliviana son las secciones especiales de la Feria Internacional del Libro de La Paz que, en su Edici\u00f3n Bicentenario, se realizar\u00e1 del 30 de julio al 10 de agosto. Estas secciones estructuran el coraz\u00f3n del Programa Cultural. Cada secci\u00f3n es una l\u00ednea, un eje de sentido que agrupa [&hellip;]","og_url":"https:\/\/www.eldiario.net\/portal\/2025\/07\/30\/feria-del-libro-de-la-paz-abre-sus-puertas-con-6-secciones-especiales\/","og_site_name":"El Diario - Bolivia","article_publisher":"https:\/\/www.facebook.com\/eldiario.bolivia\/","article_published_time":"2025-07-30T04:55:22+00:00","og_image":[{"width":960,"height":639,"url":"https:\/\/www.eldiario.net\/portal\/wp-content\/uploads\/2025\/07\/1-feria.webp","type":"image\/webp"}],"author":"Jeanette","twitter_card":"summary_large_image","twitter_creator":"@eldiario_net","twitter_site":"@eldiario_net","twitter_misc":{"Escrito por":"Jeanette","Tiempo de lectura":"5 minutos"},"schema":{"@context":"https:\/\/schema.org","@graph":[{"@type":"Article","@id":"https:\/\/www.eldiario.net\/portal\/2025\/07\/30\/feria-del-libro-de-la-paz-abre-sus-puertas-con-6-secciones-especiales\/#article","isPartOf":{"@id":"https:\/\/www.eldiario.net\/portal\/2025\/07\/30\/feria-del-libro-de-la-paz-abre-sus-puertas-con-6-secciones-especiales\/"},"author":{"name":"Jeanette","@id":"https:\/\/www.eldiario.net\/portal\/#\/schema\/person\/2c57cf2b7a7ae032e449e4c9b1019eac"},"headline":"Feria del Libro de La Paz abre sus puertas con 6 secciones especiales","datePublished":"2025-07-30T04:55:22+00:00","mainEntityOfPage":{"@id":"https:\/\/www.eldiario.net\/portal\/2025\/07\/30\/feria-del-libro-de-la-paz-abre-sus-puertas-con-6-secciones-especiales\/"},"wordCount":1137,"publisher":{"@id":"https:\/\/www.eldiario.net\/portal\/#organization"},"image":{"@id":"https:\/\/www.eldiario.net\/portal\/2025\/07\/30\/feria-del-libro-de-la-paz-abre-sus-puertas-con-6-secciones-especiales\/#primaryimage"},"thumbnailUrl":"https:\/\/www.eldiario.net\/portal\/wp-content\/uploads\/2025\/07\/1-feria.webp","articleSection":["La Gu\u00eda"],"inLanguage":"es"},{"@type":"WebPage","@id":"https:\/\/www.eldiario.net\/portal\/2025\/07\/30\/feria-del-libro-de-la-paz-abre-sus-puertas-con-6-secciones-especiales\/","url":"https:\/\/www.eldiario.net\/portal\/2025\/07\/30\/feria-del-libro-de-la-paz-abre-sus-puertas-con-6-secciones-especiales\/","name":"Feria del Libro de La Paz abre sus puertas con 6 secciones especiales - El Diario - Bolivia","isPartOf":{"@id":"https:\/\/www.eldiario.net\/portal\/#website"},"primaryImageOfPage":{"@id":"https:\/\/www.eldiario.net\/portal\/2025\/07\/30\/feria-del-libro-de-la-paz-abre-sus-puertas-con-6-secciones-especiales\/#primaryimage"},"image":{"@id":"https:\/\/www.eldiario.net\/portal\/2025\/07\/30\/feria-del-libro-de-la-paz-abre-sus-puertas-con-6-secciones-especiales\/#primaryimage"},"thumbnailUrl":"https:\/\/www.eldiario.net\/portal\/wp-content\/uploads\/2025\/07\/1-feria.webp","datePublished":"2025-07-30T04:55:22+00:00","breadcrumb":{"@id":"https:\/\/www.eldiario.net\/portal\/2025\/07\/30\/feria-del-libro-de-la-paz-abre-sus-puertas-con-6-secciones-especiales\/#breadcrumb"},"inLanguage":"es","potentialAction":[{"@type":"ReadAction","target":["https:\/\/www.eldiario.net\/portal\/2025\/07\/30\/feria-del-libro-de-la-paz-abre-sus-puertas-con-6-secciones-especiales\/"]}]},{"@type":"ImageObject","inLanguage":"es","@id":"https:\/\/www.eldiario.net\/portal\/2025\/07\/30\/feria-del-libro-de-la-paz-abre-sus-puertas-con-6-secciones-especiales\/#primaryimage","url":"https:\/\/www.eldiario.net\/portal\/wp-content\/uploads\/2025\/07\/1-feria.webp","contentUrl":"https:\/\/www.eldiario.net\/portal\/wp-content\/uploads\/2025\/07\/1-feria.webp","width":960,"height":639},{"@type":"BreadcrumbList","@id":"https:\/\/www.eldiario.net\/portal\/2025\/07\/30\/feria-del-libro-de-la-paz-abre-sus-puertas-con-6-secciones-especiales\/#breadcrumb","itemListElement":[{"@type":"ListItem","position":1,"name":"Portada","item":"https:\/\/www.eldiario.net\/portal\/"},{"@type":"ListItem","position":2,"name":"Feria del Libro de La Paz abre sus puertas con 6 secciones especiales"}]},{"@type":"WebSite","@id":"https:\/\/www.eldiario.net\/portal\/#website","url":"https:\/\/www.eldiario.net\/portal\/","name":"El Diario - Decano de la prensa nacional","description":"El Diario - Decano de la prensa nacional","publisher":{"@id":"https:\/\/www.eldiario.net\/portal\/#organization"},"potentialAction":[{"@type":"SearchAction","target":{"@type":"EntryPoint","urlTemplate":"https:\/\/www.eldiario.net\/portal\/?s={search_term_string}"},"query-input":{"@type":"PropertyValueSpecification","valueRequired":true,"valueName":"search_term_string"}}],"inLanguage":"es"},{"@type":"Organization","@id":"https:\/\/www.eldiario.net\/portal\/#organization","name":"El Diario - Decano de la prensa nacional","url":"https:\/\/www.eldiario.net\/portal\/","logo":{"@type":"ImageObject","inLanguage":"es","@id":"https:\/\/www.eldiario.net\/portal\/#\/schema\/logo\/image\/","url":"https:\/\/www.eldiario.net\/portal\/wp-content\/uploads\/2023\/07\/logo_ED.jpg","contentUrl":"https:\/\/www.eldiario.net\/portal\/wp-content\/uploads\/2023\/07\/logo_ED.jpg","width":272,"height":52,"caption":"El Diario - Decano de la prensa nacional"},"image":{"@id":"https:\/\/www.eldiario.net\/portal\/#\/schema\/logo\/image\/"},"sameAs":["https:\/\/www.facebook.com\/eldiario.bolivia\/","https:\/\/x.com\/eldiario_net"]},{"@type":"Person","@id":"https:\/\/www.eldiario.net\/portal\/#\/schema\/person\/2c57cf2b7a7ae032e449e4c9b1019eac","name":"Jeanette","image":{"@type":"ImageObject","inLanguage":"es","@id":"https:\/\/secure.gravatar.com\/avatar\/3ea2118a5f7dad2b7138b1187a6b7ee55f160b9968b66013c3a3ef39dd7e5798?s=96&d=mm&r=g","url":"https:\/\/secure.gravatar.com\/avatar\/3ea2118a5f7dad2b7138b1187a6b7ee55f160b9968b66013c3a3ef39dd7e5798?s=96&d=mm&r=g","contentUrl":"https:\/\/secure.gravatar.com\/avatar\/3ea2118a5f7dad2b7138b1187a6b7ee55f160b9968b66013c3a3ef39dd7e5798?s=96&d=mm&r=g","caption":"Jeanette"},"sameAs":["https:\/\/www.eldiario.net\/portal"],"url":"https:\/\/www.eldiario.net\/portal\/author\/jeanette\/"}]}},"_links":{"self":[{"href":"https:\/\/www.eldiario.net\/portal\/wp-json\/wp\/v2\/posts\/320289","targetHints":{"allow":["GET"]}}],"collection":[{"href":"https:\/\/www.eldiario.net\/portal\/wp-json\/wp\/v2\/posts"}],"about":[{"href":"https:\/\/www.eldiario.net\/portal\/wp-json\/wp\/v2\/types\/post"}],"author":[{"embeddable":true,"href":"https:\/\/www.eldiario.net\/portal\/wp-json\/wp\/v2\/users\/1"}],"replies":[{"embeddable":true,"href":"https:\/\/www.eldiario.net\/portal\/wp-json\/wp\/v2\/comments?post=320289"}],"version-history":[{"count":1,"href":"https:\/\/www.eldiario.net\/portal\/wp-json\/wp\/v2\/posts\/320289\/revisions"}],"predecessor-version":[{"id":320292,"href":"https:\/\/www.eldiario.net\/portal\/wp-json\/wp\/v2\/posts\/320289\/revisions\/320292"}],"wp:featuredmedia":[{"embeddable":true,"href":"https:\/\/www.eldiario.net\/portal\/wp-json\/wp\/v2\/media\/320291"}],"wp:attachment":[{"href":"https:\/\/www.eldiario.net\/portal\/wp-json\/wp\/v2\/media?parent=320289"}],"wp:term":[{"taxonomy":"category","embeddable":true,"href":"https:\/\/www.eldiario.net\/portal\/wp-json\/wp\/v2\/categories?post=320289"},{"taxonomy":"post_tag","embeddable":true,"href":"https:\/\/www.eldiario.net\/portal\/wp-json\/wp\/v2\/tags?post=320289"}],"curies":[{"name":"wp","href":"https:\/\/api.w.org\/{rel}","templated":true}]}}