{"id":319881,"date":"2025-07-28T00:46:58","date_gmt":"2025-07-28T04:46:58","guid":{"rendered":"https:\/\/www.eldiario.net\/portal\/?p=319881"},"modified":"2025-07-27T20:48:24","modified_gmt":"2025-07-28T00:48:24","slug":"estrenan-obra-cantos-de-libertad-por-el-bicentenario-de-bolivia","status":"publish","type":"post","link":"https:\/\/www.eldiario.net\/portal\/2025\/07\/28\/estrenan-obra-cantos-de-libertad-por-el-bicentenario-de-bolivia\/","title":{"rendered":"Estrenan obra \u00abCantos de Libertad\u00bb  por el Bicentenario de Bolivia"},"content":{"rendered":"<p>El Ministerio de Educaci\u00f3n a trav\u00e9s del \u00e1rea de Formaci\u00f3n Art\u00edstica presenta la obra \u201cCantos de Libertad\u201d, un homenaje musical a los 200 a\u00f1os de independencia boliviana.<\/p>\n<p>La obra, ganadora del concurso convocado por las instituciones de Formaci\u00f3n Art\u00edstica del Ministerio de Educaci\u00f3n, fue compuesta por Patricia Bedregal y Tero Escriv\u00e1, y se caracteriza por su riqueza t\u00e9cnica y simb\u00f3lica, puesto que busca retratar la historia, identidad y resistencia del pueblo boliviano.<\/p>\n<p>Esta suite musical fue escrita para orquesta sinf\u00f3nica y folkl\u00f3rica, coro, solistas y ballet.<\/p>\n<p><strong>UN VIAJE MUSICAL POR LA CULTURA Y LA HISTORIA<\/strong><\/p>\n<p>La obra consta de 12 movimientos que integran danzas folkl\u00f3ricas t\u00edpicas de distintas regiones del pa\u00eds, como tinku, morenada, huay\u00f1o, taquirari, chovenas y saya afroboliviana. Cada uno evoca momentos clave de la lucha independentista, narrando de manera sonora y visual el proceso hist\u00f3rico que llev\u00f3 a Bolivia a alcanzar su soberan\u00eda. La fusi\u00f3n entre elementos tradicionales y contempor\u00e1neos proyecta una narrativa que conecta el pasado heroico con el presente vibrante.<\/p>\n<p><strong>ARTISTAS DE RENOMBRE, INSTITUCIONES DE EXCELENCIA<\/strong><\/p>\n<p>El estreno contar\u00e1 con la participaci\u00f3n de figuras destacadas del \u00e1mbito art\u00edstico nacional:<\/p>\n<ul>\n<li>Daniel Montes, reconocido m\u00fasico, dirigir\u00e1 la orquesta sinf\u00f3nica.<\/li>\n<li>Dar\u00edo Calabi, destacado core\u00f3grafo, estar\u00e1 a cargo de la puesta en escena de la danza.<\/li>\n<li>\u00c1ngela Lucuy, dirigir\u00e1 la direcci\u00f3n coral.<\/li>\n<li>Ver\u00f3nica Armaza, en el guion y dramaturgia.<\/li>\n<li>En la interpretaci\u00f3n vocal est\u00e1n los solistas Rilda Rada (contralto) y Ricardo Oros (tenor).<\/li>\n<li>La Orquesta est\u00e1 conformada por estudiantes y docentes del Conservatorio Plurinacional de M\u00fasica, Instituto de Formaci\u00f3n Art\u00edstica Luis Felipe Arce, Instituto de Formaci\u00f3n Art\u00edstica Folkl\u00f3rico Musical Mauro N\u00fa\u00f1ez.<\/li>\n<li>Las coreograf\u00edas fueron compuestas por estudiantes de la Escuela Boliviana Intercultural de Danza y el Instituto de Formaci\u00f3n Art\u00edstica Escuela de Danza del Ballet Oficial.<\/li>\n<li>La producci\u00f3n visual est\u00e1 a cargo de la Academia Nacional de Bellas Artes \u201cHernando Siles\u201d y la Escuela de Cinematograf\u00eda Audiovisual.<\/li>\n<\/ul>\n<p><strong>M\u00c1S QUE ARTE, UNA CELEBRACI\u00d3N<\/strong><\/p>\n<p><strong>DE UN PA\u00cdS CON IDENTIDAD<\/strong><\/p>\n<p>\u00abCantos de Libertad\u00bb no es solo una obra esc\u00e9nica, sino un homenaje profundo a la identidad boliviana. A trav\u00e9s de las artes, se celebra la diversidad cultural del pa\u00eds y se exalta la perseverancia de su pueblo. Reforzando el sentido de pertenencia, el respeto por la historia colectiva y el orgullo por las ra\u00edces culturales.<\/p>\n<p><strong>ENTRADA LIBRE PARA TODOS LOS P\u00daBLICOS<\/strong><\/p>\n<p>Este evento cultural se realizar\u00e1 los d\u00edas 30 y 31 de julio en el Teatro Municipal \u201cAlberto Saavedra P\u00e9rez\u201d, a horas 19:30, y est\u00e1 abierto a todo el p\u00fablico de forma gratuita, fortaleciendo el acceso a las artes como parte de la conmemoraci\u00f3n del Bicentenario.<\/p>\n<p>La organizaci\u00f3n y coordinaci\u00f3n est\u00e1 a cargo de:<\/p>\n<p>1.- Direcci\u00f3n General de Educaci\u00f3n Superior T\u00e9cnica, Tecnol\u00f3gica, Ling\u00fc\u00edstica y Art\u00edstica: Veronica Armaza \u2013 Formaci\u00f3n Art\u00edstica.<\/p>\n<ol start=\"2\">\n<li>Conservatorio Plurinacional de M\u00fasica: Oswaldo Ruiz \u2013 Rector<\/li>\n<li>Instituto de Formaci\u00f3n Art\u00edstica Folkl\u00f3rico Musical \u201cMauro N\u00fa\u00f1ez\u201d: \u00c1ngela Lucuy \u2013 Rectora.<\/li>\n<li>Instituto de Formaci\u00f3n Art\u00edstica Luis Felipe Arce: Filiberto Huayllas \u2013 Rector.<\/li>\n<li>Escuela Boliviana Intercultural de Danza: M\u00f3nica Camacho \u2013 Rectora.<\/li>\n<li>Instituto de Formaci\u00f3n Art\u00edstica Escuela del Ballet Oficial: Jacqueline Loza \u2013 Rectora.<\/li>\n<li>Academia Nacional de Bellas Artes \u201cHernando Siles\u201d: Oscar Condori \u2013 Rector.<\/li>\n<li>Escuela de Cinematograf\u00eda y Audiovisual: Mario \u00c1vila.<\/li>\n<\/ol>\n<p><strong>ESCUELA BOLIVIANA INTERCULTURAL DE DANZA<\/strong><\/p>\n<p>La Escuela Boliviana Intercultural de Danza fue creada bajo Decreto Supremo N\u00b0 2.931 de fecha 5 de octubre del a\u00f1o 2016, con Resoluci\u00f3n Ministerial N\u00b0 0216\/2021 emitida el 29 de abril de 2021, como una instituci\u00f3n de formaci\u00f3n art\u00edstica p\u00fablica a nivel licenciatura con sede en la ciudad de El Alto, provincia Murillo del departamento de La Paz.<\/p>\n<p>La entidad se plantea como una instituci\u00f3n del Sistema Educativo Plurinacional de Bolivia, para el mejoramiento de la educaci\u00f3n art\u00edstica profesional, articulando teor\u00eda y pr\u00e1ctica orientada al fortalecimiento de las expresiones culturales danc\u00edsticas de nuestro pa\u00eds y el desarrollo de la danza.<\/p>\n<p><strong>MISION <\/strong><\/p>\n<p>Formar profesionales integrales de la danza con el dominio en la ense\u00f1anza, creaci\u00f3n y gesti\u00f3n, promoviendo el pensamiento cr\u00edtico, reflexivo y de investigaci\u00f3n.<\/p>\n<p><strong>VISI\u00d3N\u00a0 <\/strong><\/p>\n<p>Ser una instituci\u00f3n de formaci\u00f3n profesional en el arte de la danza, referente a nivel nacional y con reconocimiento internacional, por el desarrollo de sus proyectos educativos art\u00edsticos innovadores y por su interacci\u00f3n con la sociedad.<\/p>\n<p><strong>LAS CARRERAS<\/strong><\/p>\n<p>&#8211; DANZA CLASICA- Elegancia, disciplina y t\u00e9cnica.<\/p>\n<p>&#8211; DANZA CONTEMPORANEA &#8211; Libertad, expresi\u00f3n y experimentaci\u00f3n.<\/p>\n<p>&#8211; DANZAS BOLIVIANAS &#8211; Tradiciones, identidad y diversidad cultural.<\/p>\n<p>MENCIONES<\/p>\n<p>&#8211; Pedagog\u00eda de la danza<\/p>\n<p>&#8211; Composici\u00f3n coreogr\u00e1fica<\/p>\n<p>DURACI\u00d3N<\/p>\n<p>&#8211; 4 a\u00f1os de estudio<\/p>\n<p>Se debe destacar que en la gesti\u00f3n 2024 egresaron los primeros siete estudiantes de la instituci\u00f3n.<\/p>\n<p>DIRECCI\u00d3N<\/p>\n<p>Calle 7 y Av. Diego de Portugal N\u00b0 703, Villa Tejada Rectangular (ciudad Sat\u00e9lite), a dos cuadras del Telef\u00e9rico Amarillo \u2013 estaci\u00f3n Mirador, ciudad de El Alto \u2013 Bolivia.<\/p>\n\r\n                <style type=\"text\/css\">\r\n                    \r\n                    #tdi_1  .td-doubleSlider-2 .td-item1 {\r\n                        background: url(https:\/\/www.eldiario.net\/portal\/wp-content\/uploads\/2025\/07\/1-PRINCIPAL-13-80x60.webp) 0 0 no-repeat;\r\n                    }\r\n                    #tdi_1  .td-doubleSlider-2 .td-item2 {\r\n                        background: url(https:\/\/www.eldiario.net\/portal\/wp-content\/uploads\/2025\/07\/2-11-80x60.webp) 0 0 no-repeat;\r\n                    }\r\n                    #tdi_1  .td-doubleSlider-2 .td-item3 {\r\n                        background: url(https:\/\/www.eldiario.net\/portal\/wp-content\/uploads\/2025\/07\/3-11-80x60.webp) 0 0 no-repeat;\r\n                    }\r\n                    #tdi_1  .td-doubleSlider-2 .td-item4 {\r\n                        background: url(https:\/\/www.eldiario.net\/portal\/wp-content\/uploads\/2025\/07\/4-12-80x60.webp) 0 0 no-repeat;\r\n                    }\r\n                    #tdi_1  .td-doubleSlider-2 .td-item5 {\r\n                        background: url(https:\/\/www.eldiario.net\/portal\/wp-content\/uploads\/2025\/07\/5-7-80x60.webp) 0 0 no-repeat;\r\n                    }\r\n                    #tdi_1  .td-doubleSlider-2 .td-item6 {\r\n                        background: url(https:\/\/www.eldiario.net\/portal\/wp-content\/uploads\/2025\/07\/6-3-80x60.webp) 0 0 no-repeat;\r\n                    }\r\n                <\/style>\r\n\r\n                <div id=\"tdi_1\" class=\"td-gallery td-slide-on-2-columns\">\r\n                    <div class=\"post_td_gallery\">\r\n                        <div class=\"td-gallery-slide-top\">\r\n                           <div class=\"td-gallery-title\"><\/div>\r\n\r\n                            <div class=\"td-gallery-controls-wrapper\">\r\n                                <div class=\"td-gallery-slide-count\"><span class=\"td-gallery-slide-item-focus\">1<\/span> de 6<\/div>\r\n                                <div class=\"td-gallery-slide-prev-next-but\">\r\n                                    <i class = \"td-icon-left doubleSliderPrevButton\"><\/i>\r\n                                    <i class = \"td-icon-right doubleSliderNextButton\"><\/i>\r\n                                <\/div>\r\n                            <\/div>\r\n                        <\/div>\r\n\r\n                        <div class = \"td-doubleSlider-1 \">\r\n                            <div class = \"td-slider\">\r\n                                \r\n                    <div class = \"td-slide-item td-item1\">\r\n                        <figure class=\"td-slide-galery-figure td-slide-popup-gallery\">\r\n                            <a class=\"slide-gallery-image-link\" href=\"https:\/\/www.eldiario.net\/portal\/wp-content\/uploads\/2025\/07\/1-PRINCIPAL-13.webp\" title=\"1-PRINCIPAL\"  data-caption=\"\"  data-description=\"\">\r\n                                <img decoding=\"async\" src=\"https:\/\/www.eldiario.net\/portal\/wp-content\/uploads\/2025\/07\/1-PRINCIPAL-13-672x420.webp\" srcset=\"https:\/\/www.eldiario.net\/portal\/wp-content\/uploads\/2025\/07\/1-PRINCIPAL-13-672x420.webp 672w, https:\/\/www.eldiario.net\/portal\/wp-content\/uploads\/2025\/07\/1-PRINCIPAL-13-300x188.webp 300w, https:\/\/www.eldiario.net\/portal\/wp-content\/uploads\/2025\/07\/1-PRINCIPAL-13-1024x640.webp 1024w, https:\/\/www.eldiario.net\/portal\/wp-content\/uploads\/2025\/07\/1-PRINCIPAL-13-768x480.webp 768w, https:\/\/www.eldiario.net\/portal\/wp-content\/uploads\/2025\/07\/1-PRINCIPAL-13-150x94.webp 150w, https:\/\/www.eldiario.net\/portal\/wp-content\/uploads\/2025\/07\/1-PRINCIPAL-13-696x435.webp 696w, https:\/\/www.eldiario.net\/portal\/wp-content\/uploads\/2025\/07\/1-PRINCIPAL-13-1068x668.webp 1068w, https:\/\/www.eldiario.net\/portal\/wp-content\/uploads\/2025\/07\/1-PRINCIPAL-13.webp 1200w\" sizes=\"(max-width: 672px) 100vw, 672px\" alt=\"\">\r\n                            <\/a>\r\n                            \r\n                        <\/figure>\r\n                    <\/div>\r\n                    <div class = \"td-slide-item td-item2\">\r\n                        <figure class=\"td-slide-galery-figure td-slide-popup-gallery\">\r\n                            <a class=\"slide-gallery-image-link\" href=\"https:\/\/www.eldiario.net\/portal\/wp-content\/uploads\/2025\/07\/2-11.webp\" title=\"2\"  data-caption=\"\"  data-description=\"\">\r\n                                <img decoding=\"async\" src=\"https:\/\/www.eldiario.net\/portal\/wp-content\/uploads\/2025\/07\/2-11-672x420.webp\" srcset=\"https:\/\/www.eldiario.net\/portal\/wp-content\/uploads\/2025\/07\/2-11-672x420.webp 672w, https:\/\/www.eldiario.net\/portal\/wp-content\/uploads\/2025\/07\/2-11-300x188.webp 300w, https:\/\/www.eldiario.net\/portal\/wp-content\/uploads\/2025\/07\/2-11-1024x640.webp 1024w, https:\/\/www.eldiario.net\/portal\/wp-content\/uploads\/2025\/07\/2-11-768x480.webp 768w, https:\/\/www.eldiario.net\/portal\/wp-content\/uploads\/2025\/07\/2-11-150x94.webp 150w, https:\/\/www.eldiario.net\/portal\/wp-content\/uploads\/2025\/07\/2-11-696x435.webp 696w, https:\/\/www.eldiario.net\/portal\/wp-content\/uploads\/2025\/07\/2-11-1068x668.webp 1068w, https:\/\/www.eldiario.net\/portal\/wp-content\/uploads\/2025\/07\/2-11.webp 1200w\" sizes=\"(max-width: 672px) 100vw, 672px\" alt=\"\">\r\n                            <\/a>\r\n                            \r\n                        <\/figure>\r\n                    <\/div>\r\n                    <div class = \"td-slide-item td-item3\">\r\n                        <figure class=\"td-slide-galery-figure td-slide-popup-gallery\">\r\n                            <a class=\"slide-gallery-image-link\" href=\"https:\/\/www.eldiario.net\/portal\/wp-content\/uploads\/2025\/07\/3-11.webp\" title=\"3\"  data-caption=\"\"  data-description=\"\">\r\n                                <img decoding=\"async\" src=\"https:\/\/www.eldiario.net\/portal\/wp-content\/uploads\/2025\/07\/3-11-672x420.webp\" srcset=\"https:\/\/www.eldiario.net\/portal\/wp-content\/uploads\/2025\/07\/3-11-672x420.webp 672w, https:\/\/www.eldiario.net\/portal\/wp-content\/uploads\/2025\/07\/3-11-300x188.webp 300w, https:\/\/www.eldiario.net\/portal\/wp-content\/uploads\/2025\/07\/3-11-1024x640.webp 1024w, https:\/\/www.eldiario.net\/portal\/wp-content\/uploads\/2025\/07\/3-11-768x480.webp 768w, https:\/\/www.eldiario.net\/portal\/wp-content\/uploads\/2025\/07\/3-11-150x94.webp 150w, https:\/\/www.eldiario.net\/portal\/wp-content\/uploads\/2025\/07\/3-11-696x435.webp 696w, https:\/\/www.eldiario.net\/portal\/wp-content\/uploads\/2025\/07\/3-11-1068x668.webp 1068w, https:\/\/www.eldiario.net\/portal\/wp-content\/uploads\/2025\/07\/3-11.webp 1200w\" sizes=\"(max-width: 672px) 100vw, 672px\" alt=\"\">\r\n                            <\/a>\r\n                            \r\n                        <\/figure>\r\n                    <\/div>\r\n                    <div class = \"td-slide-item td-item4\">\r\n                        <figure class=\"td-slide-galery-figure td-slide-popup-gallery\">\r\n                            <a class=\"slide-gallery-image-link\" href=\"https:\/\/www.eldiario.net\/portal\/wp-content\/uploads\/2025\/07\/4-12.webp\" title=\"4\"  data-caption=\"\"  data-description=\"\">\r\n                                <img decoding=\"async\" src=\"https:\/\/www.eldiario.net\/portal\/wp-content\/uploads\/2025\/07\/4-12-672x420.webp\" srcset=\"https:\/\/www.eldiario.net\/portal\/wp-content\/uploads\/2025\/07\/4-12-672x420.webp 672w, https:\/\/www.eldiario.net\/portal\/wp-content\/uploads\/2025\/07\/4-12-300x188.webp 300w, https:\/\/www.eldiario.net\/portal\/wp-content\/uploads\/2025\/07\/4-12-1024x640.webp 1024w, https:\/\/www.eldiario.net\/portal\/wp-content\/uploads\/2025\/07\/4-12-768x480.webp 768w, https:\/\/www.eldiario.net\/portal\/wp-content\/uploads\/2025\/07\/4-12-150x94.webp 150w, https:\/\/www.eldiario.net\/portal\/wp-content\/uploads\/2025\/07\/4-12-696x435.webp 696w, https:\/\/www.eldiario.net\/portal\/wp-content\/uploads\/2025\/07\/4-12-1068x668.webp 1068w, https:\/\/www.eldiario.net\/portal\/wp-content\/uploads\/2025\/07\/4-12.webp 1200w\" sizes=\"(max-width: 672px) 100vw, 672px\" alt=\"\">\r\n                            <\/a>\r\n                            \r\n                        <\/figure>\r\n                    <\/div>\r\n                    <div class = \"td-slide-item td-item5\">\r\n                        <figure class=\"td-slide-galery-figure td-slide-popup-gallery\">\r\n                            <a class=\"slide-gallery-image-link\" href=\"https:\/\/www.eldiario.net\/portal\/wp-content\/uploads\/2025\/07\/5-7.webp\" title=\"5\"  data-caption=\"\"  data-description=\"\">\r\n                                <img decoding=\"async\" src=\"https:\/\/www.eldiario.net\/portal\/wp-content\/uploads\/2025\/07\/5-7-672x420.webp\" srcset=\"https:\/\/www.eldiario.net\/portal\/wp-content\/uploads\/2025\/07\/5-7-672x420.webp 672w, https:\/\/www.eldiario.net\/portal\/wp-content\/uploads\/2025\/07\/5-7-300x188.webp 300w, https:\/\/www.eldiario.net\/portal\/wp-content\/uploads\/2025\/07\/5-7-1024x640.webp 1024w, https:\/\/www.eldiario.net\/portal\/wp-content\/uploads\/2025\/07\/5-7-768x480.webp 768w, https:\/\/www.eldiario.net\/portal\/wp-content\/uploads\/2025\/07\/5-7-150x94.webp 150w, https:\/\/www.eldiario.net\/portal\/wp-content\/uploads\/2025\/07\/5-7-696x435.webp 696w, https:\/\/www.eldiario.net\/portal\/wp-content\/uploads\/2025\/07\/5-7-1068x668.webp 1068w, https:\/\/www.eldiario.net\/portal\/wp-content\/uploads\/2025\/07\/5-7.webp 1200w\" sizes=\"(max-width: 672px) 100vw, 672px\" alt=\"\">\r\n                            <\/a>\r\n                            \r\n                        <\/figure>\r\n                    <\/div>\r\n                    <div class = \"td-slide-item td-item6\">\r\n                        <figure class=\"td-slide-galery-figure td-slide-popup-gallery\">\r\n                            <a class=\"slide-gallery-image-link\" href=\"https:\/\/www.eldiario.net\/portal\/wp-content\/uploads\/2025\/07\/6-3.webp\" title=\"6\"  data-caption=\"\"  data-description=\"\">\r\n                                <img decoding=\"async\" src=\"https:\/\/www.eldiario.net\/portal\/wp-content\/uploads\/2025\/07\/6-3-672x420.webp\" srcset=\"https:\/\/www.eldiario.net\/portal\/wp-content\/uploads\/2025\/07\/6-3-672x420.webp 672w, https:\/\/www.eldiario.net\/portal\/wp-content\/uploads\/2025\/07\/6-3-300x188.webp 300w, https:\/\/www.eldiario.net\/portal\/wp-content\/uploads\/2025\/07\/6-3-1024x640.webp 1024w, https:\/\/www.eldiario.net\/portal\/wp-content\/uploads\/2025\/07\/6-3-768x480.webp 768w, https:\/\/www.eldiario.net\/portal\/wp-content\/uploads\/2025\/07\/6-3-150x94.webp 150w, https:\/\/www.eldiario.net\/portal\/wp-content\/uploads\/2025\/07\/6-3-696x435.webp 696w, https:\/\/www.eldiario.net\/portal\/wp-content\/uploads\/2025\/07\/6-3-1068x668.webp 1068w, https:\/\/www.eldiario.net\/portal\/wp-content\/uploads\/2025\/07\/6-3.webp 1200w\" sizes=\"(max-width: 672px) 100vw, 672px\" alt=\"\">\r\n                            <\/a>\r\n                            \r\n                        <\/figure>\r\n                    <\/div>\r\n                            <\/div>\r\n                        <\/div>\r\n\r\n                        <div class = \"td-doubleSlider-2\">\r\n                            <div class = \"td-slider\">\r\n                                \r\n                    <div class = \"td-button td-item1\">\r\n                        <div class = \"td-border\"><\/div>\r\n                    <\/div>\r\n                    <div class = \"td-button td-item2\">\r\n                        <div class = \"td-border\"><\/div>\r\n                    <\/div>\r\n                    <div class = \"td-button td-item3\">\r\n                        <div class = \"td-border\"><\/div>\r\n                    <\/div>\r\n                    <div class = \"td-button td-item4\">\r\n                        <div class = \"td-border\"><\/div>\r\n                    <\/div>\r\n                    <div class = \"td-button td-item5\">\r\n                        <div class = \"td-border\"><\/div>\r\n                    <\/div>\r\n                    <div class = \"td-button td-item6\">\r\n                        <div class = \"td-border\"><\/div>\r\n                    <\/div>\r\n                            <\/div>\r\n                        <\/div>\r\n\r\n                    <\/div>\r\n\r\n                <\/div>\r\n                \n","protected":false},"excerpt":{"rendered":"<p>El Ministerio de Educaci\u00f3n a trav\u00e9s del \u00e1rea de Formaci\u00f3n Art\u00edstica presenta la obra \u201cCantos de Libertad\u201d, un homenaje musical a los 200 a\u00f1os de independencia boliviana. La obra, ganadora del concurso convocado por las instituciones de Formaci\u00f3n Art\u00edstica del Ministerio de Educaci\u00f3n, fue compuesta por Patricia Bedregal y Tero Escriv\u00e1, y se caracteriza por [&hellip;]<\/p>\n","protected":false},"author":1,"featured_media":319882,"comment_status":"closed","ping_status":"open","sticky":false,"template":"","format":"standard","meta":{"_acf_changed":false,"footnotes":""},"categories":[41],"tags":[],"class_list":["post-319881","post","type-post","status-publish","format-standard","has-post-thumbnail","category-la-guia"],"acf":{"antetitulo":""},"yoast_head":"<!-- This site is optimized with the Yoast SEO plugin v28.4 - https:\/\/yoast.com\/product\/yoast-seo-wordpress\/ -->\n<title>Estrenan obra &quot;Cantos de Libertad&quot; por el Bicentenario de Bolivia - El Diario - Bolivia<\/title>\n<meta name=\"robots\" content=\"index, follow, max-snippet:-1, max-image-preview:large, max-video-preview:-1\" \/>\n<link rel=\"canonical\" href=\"https:\/\/www.eldiario.net\/portal\/2025\/07\/28\/estrenan-obra-cantos-de-libertad-por-el-bicentenario-de-bolivia\/\" \/>\n<meta property=\"og:locale\" content=\"es_ES\" \/>\n<meta property=\"og:type\" content=\"article\" \/>\n<meta property=\"og:title\" content=\"Estrenan obra &quot;Cantos de Libertad&quot; por el Bicentenario de Bolivia - El Diario - Bolivia\" \/>\n<meta property=\"og:description\" content=\"El Ministerio de Educaci\u00f3n a trav\u00e9s del \u00e1rea de Formaci\u00f3n Art\u00edstica presenta la obra \u201cCantos de Libertad\u201d, un homenaje musical a los 200 a\u00f1os de independencia boliviana. La obra, ganadora del concurso convocado por las instituciones de Formaci\u00f3n Art\u00edstica del Ministerio de Educaci\u00f3n, fue compuesta por Patricia Bedregal y Tero Escriv\u00e1, y se caracteriza por [&hellip;]\" \/>\n<meta property=\"og:url\" content=\"https:\/\/www.eldiario.net\/portal\/2025\/07\/28\/estrenan-obra-cantos-de-libertad-por-el-bicentenario-de-bolivia\/\" \/>\n<meta property=\"og:site_name\" content=\"El Diario - Bolivia\" \/>\n<meta property=\"article:publisher\" content=\"https:\/\/www.facebook.com\/eldiario.bolivia\/\" \/>\n<meta property=\"article:published_time\" content=\"2025-07-28T04:46:58+00:00\" \/>\n<meta property=\"og:image\" content=\"https:\/\/www.eldiario.net\/portal\/wp-content\/uploads\/2025\/07\/1-PRINCIPAL-13.webp\" \/>\n\t<meta property=\"og:image:width\" content=\"1200\" \/>\n\t<meta property=\"og:image:height\" content=\"750\" \/>\n\t<meta property=\"og:image:type\" content=\"image\/webp\" \/>\n<meta name=\"author\" content=\"Jeanette\" \/>\n<meta name=\"twitter:card\" content=\"summary_large_image\" \/>\n<meta name=\"twitter:creator\" content=\"@eldiario_net\" \/>\n<meta name=\"twitter:site\" content=\"@eldiario_net\" \/>\n<meta name=\"twitter:label1\" content=\"Escrito por\" \/>\n\t<meta name=\"twitter:data1\" content=\"Jeanette\" \/>\n\t<meta name=\"twitter:label2\" content=\"Tiempo de lectura\" \/>\n\t<meta name=\"twitter:data2\" content=\"4 minutos\" \/>\n<script type=\"application\/ld+json\" class=\"yoast-schema-graph\">{\"@context\":\"https:\\\/\\\/schema.org\",\"@graph\":[{\"@type\":\"Article\",\"@id\":\"https:\\\/\\\/www.eldiario.net\\\/portal\\\/2025\\\/07\\\/28\\\/estrenan-obra-cantos-de-libertad-por-el-bicentenario-de-bolivia\\\/#article\",\"isPartOf\":{\"@id\":\"https:\\\/\\\/www.eldiario.net\\\/portal\\\/2025\\\/07\\\/28\\\/estrenan-obra-cantos-de-libertad-por-el-bicentenario-de-bolivia\\\/\"},\"author\":{\"name\":\"Jeanette\",\"@id\":\"https:\\\/\\\/www.eldiario.net\\\/portal\\\/#\\\/schema\\\/person\\\/2c57cf2b7a7ae032e449e4c9b1019eac\"},\"headline\":\"Estrenan obra \u00abCantos de Libertad\u00bb por el Bicentenario de Bolivia\",\"datePublished\":\"2025-07-28T04:46:58+00:00\",\"mainEntityOfPage\":{\"@id\":\"https:\\\/\\\/www.eldiario.net\\\/portal\\\/2025\\\/07\\\/28\\\/estrenan-obra-cantos-de-libertad-por-el-bicentenario-de-bolivia\\\/\"},\"wordCount\":878,\"publisher\":{\"@id\":\"https:\\\/\\\/www.eldiario.net\\\/portal\\\/#organization\"},\"image\":{\"@id\":\"https:\\\/\\\/www.eldiario.net\\\/portal\\\/2025\\\/07\\\/28\\\/estrenan-obra-cantos-de-libertad-por-el-bicentenario-de-bolivia\\\/#primaryimage\"},\"thumbnailUrl\":\"https:\\\/\\\/www.eldiario.net\\\/portal\\\/wp-content\\\/uploads\\\/2025\\\/07\\\/1-PRINCIPAL-13.webp\",\"articleSection\":[\"La Gu\u00eda\"],\"inLanguage\":\"es\"},{\"@type\":\"WebPage\",\"@id\":\"https:\\\/\\\/www.eldiario.net\\\/portal\\\/2025\\\/07\\\/28\\\/estrenan-obra-cantos-de-libertad-por-el-bicentenario-de-bolivia\\\/\",\"url\":\"https:\\\/\\\/www.eldiario.net\\\/portal\\\/2025\\\/07\\\/28\\\/estrenan-obra-cantos-de-libertad-por-el-bicentenario-de-bolivia\\\/\",\"name\":\"Estrenan obra \\\"Cantos de Libertad\\\" por el Bicentenario de Bolivia - El Diario - Bolivia\",\"isPartOf\":{\"@id\":\"https:\\\/\\\/www.eldiario.net\\\/portal\\\/#website\"},\"primaryImageOfPage\":{\"@id\":\"https:\\\/\\\/www.eldiario.net\\\/portal\\\/2025\\\/07\\\/28\\\/estrenan-obra-cantos-de-libertad-por-el-bicentenario-de-bolivia\\\/#primaryimage\"},\"image\":{\"@id\":\"https:\\\/\\\/www.eldiario.net\\\/portal\\\/2025\\\/07\\\/28\\\/estrenan-obra-cantos-de-libertad-por-el-bicentenario-de-bolivia\\\/#primaryimage\"},\"thumbnailUrl\":\"https:\\\/\\\/www.eldiario.net\\\/portal\\\/wp-content\\\/uploads\\\/2025\\\/07\\\/1-PRINCIPAL-13.webp\",\"datePublished\":\"2025-07-28T04:46:58+00:00\",\"breadcrumb\":{\"@id\":\"https:\\\/\\\/www.eldiario.net\\\/portal\\\/2025\\\/07\\\/28\\\/estrenan-obra-cantos-de-libertad-por-el-bicentenario-de-bolivia\\\/#breadcrumb\"},\"inLanguage\":\"es\",\"potentialAction\":[{\"@type\":\"ReadAction\",\"target\":[\"https:\\\/\\\/www.eldiario.net\\\/portal\\\/2025\\\/07\\\/28\\\/estrenan-obra-cantos-de-libertad-por-el-bicentenario-de-bolivia\\\/\"]}]},{\"@type\":\"ImageObject\",\"inLanguage\":\"es\",\"@id\":\"https:\\\/\\\/www.eldiario.net\\\/portal\\\/2025\\\/07\\\/28\\\/estrenan-obra-cantos-de-libertad-por-el-bicentenario-de-bolivia\\\/#primaryimage\",\"url\":\"https:\\\/\\\/www.eldiario.net\\\/portal\\\/wp-content\\\/uploads\\\/2025\\\/07\\\/1-PRINCIPAL-13.webp\",\"contentUrl\":\"https:\\\/\\\/www.eldiario.net\\\/portal\\\/wp-content\\\/uploads\\\/2025\\\/07\\\/1-PRINCIPAL-13.webp\",\"width\":1200,\"height\":750},{\"@type\":\"BreadcrumbList\",\"@id\":\"https:\\\/\\\/www.eldiario.net\\\/portal\\\/2025\\\/07\\\/28\\\/estrenan-obra-cantos-de-libertad-por-el-bicentenario-de-bolivia\\\/#breadcrumb\",\"itemListElement\":[{\"@type\":\"ListItem\",\"position\":1,\"name\":\"Portada\",\"item\":\"https:\\\/\\\/www.eldiario.net\\\/portal\\\/\"},{\"@type\":\"ListItem\",\"position\":2,\"name\":\"Estrenan obra \u00abCantos de Libertad\u00bb por el Bicentenario de Bolivia\"}]},{\"@type\":\"WebSite\",\"@id\":\"https:\\\/\\\/www.eldiario.net\\\/portal\\\/#website\",\"url\":\"https:\\\/\\\/www.eldiario.net\\\/portal\\\/\",\"name\":\"El Diario - Decano de la prensa nacional\",\"description\":\"El Diario - Decano de la prensa nacional\",\"publisher\":{\"@id\":\"https:\\\/\\\/www.eldiario.net\\\/portal\\\/#organization\"},\"potentialAction\":[{\"@type\":\"SearchAction\",\"target\":{\"@type\":\"EntryPoint\",\"urlTemplate\":\"https:\\\/\\\/www.eldiario.net\\\/portal\\\/?s={search_term_string}\"},\"query-input\":{\"@type\":\"PropertyValueSpecification\",\"valueRequired\":true,\"valueName\":\"search_term_string\"}}],\"inLanguage\":\"es\"},{\"@type\":\"Organization\",\"@id\":\"https:\\\/\\\/www.eldiario.net\\\/portal\\\/#organization\",\"name\":\"El Diario - Decano de la prensa nacional\",\"url\":\"https:\\\/\\\/www.eldiario.net\\\/portal\\\/\",\"logo\":{\"@type\":\"ImageObject\",\"inLanguage\":\"es\",\"@id\":\"https:\\\/\\\/www.eldiario.net\\\/portal\\\/#\\\/schema\\\/logo\\\/image\\\/\",\"url\":\"https:\\\/\\\/www.eldiario.net\\\/portal\\\/wp-content\\\/uploads\\\/2023\\\/07\\\/logo_ED.jpg\",\"contentUrl\":\"https:\\\/\\\/www.eldiario.net\\\/portal\\\/wp-content\\\/uploads\\\/2023\\\/07\\\/logo_ED.jpg\",\"width\":272,\"height\":52,\"caption\":\"El Diario - Decano de la prensa nacional\"},\"image\":{\"@id\":\"https:\\\/\\\/www.eldiario.net\\\/portal\\\/#\\\/schema\\\/logo\\\/image\\\/\"},\"sameAs\":[\"https:\\\/\\\/www.facebook.com\\\/eldiario.bolivia\\\/\",\"https:\\\/\\\/x.com\\\/eldiario_net\"]},{\"@type\":\"Person\",\"@id\":\"https:\\\/\\\/www.eldiario.net\\\/portal\\\/#\\\/schema\\\/person\\\/2c57cf2b7a7ae032e449e4c9b1019eac\",\"name\":\"Jeanette\",\"image\":{\"@type\":\"ImageObject\",\"inLanguage\":\"es\",\"@id\":\"https:\\\/\\\/secure.gravatar.com\\\/avatar\\\/3ea2118a5f7dad2b7138b1187a6b7ee55f160b9968b66013c3a3ef39dd7e5798?s=96&d=mm&r=g\",\"url\":\"https:\\\/\\\/secure.gravatar.com\\\/avatar\\\/3ea2118a5f7dad2b7138b1187a6b7ee55f160b9968b66013c3a3ef39dd7e5798?s=96&d=mm&r=g\",\"contentUrl\":\"https:\\\/\\\/secure.gravatar.com\\\/avatar\\\/3ea2118a5f7dad2b7138b1187a6b7ee55f160b9968b66013c3a3ef39dd7e5798?s=96&d=mm&r=g\",\"caption\":\"Jeanette\"},\"sameAs\":[\"https:\\\/\\\/www.eldiario.net\\\/portal\"],\"url\":\"https:\\\/\\\/www.eldiario.net\\\/portal\\\/author\\\/jeanette\\\/\"}]}<\/script>\n<!-- \/ Yoast SEO plugin. -->","yoast_head_json":{"title":"Estrenan obra \"Cantos de Libertad\" por el Bicentenario de Bolivia - El Diario - Bolivia","robots":{"index":"index","follow":"follow","max-snippet":"max-snippet:-1","max-image-preview":"max-image-preview:large","max-video-preview":"max-video-preview:-1"},"canonical":"https:\/\/www.eldiario.net\/portal\/2025\/07\/28\/estrenan-obra-cantos-de-libertad-por-el-bicentenario-de-bolivia\/","og_locale":"es_ES","og_type":"article","og_title":"Estrenan obra \"Cantos de Libertad\" por el Bicentenario de Bolivia - El Diario - Bolivia","og_description":"El Ministerio de Educaci\u00f3n a trav\u00e9s del \u00e1rea de Formaci\u00f3n Art\u00edstica presenta la obra \u201cCantos de Libertad\u201d, un homenaje musical a los 200 a\u00f1os de independencia boliviana. La obra, ganadora del concurso convocado por las instituciones de Formaci\u00f3n Art\u00edstica del Ministerio de Educaci\u00f3n, fue compuesta por Patricia Bedregal y Tero Escriv\u00e1, y se caracteriza por [&hellip;]","og_url":"https:\/\/www.eldiario.net\/portal\/2025\/07\/28\/estrenan-obra-cantos-de-libertad-por-el-bicentenario-de-bolivia\/","og_site_name":"El Diario - Bolivia","article_publisher":"https:\/\/www.facebook.com\/eldiario.bolivia\/","article_published_time":"2025-07-28T04:46:58+00:00","og_image":[{"width":1200,"height":750,"url":"https:\/\/www.eldiario.net\/portal\/wp-content\/uploads\/2025\/07\/1-PRINCIPAL-13.webp","type":"image\/webp"}],"author":"Jeanette","twitter_card":"summary_large_image","twitter_creator":"@eldiario_net","twitter_site":"@eldiario_net","twitter_misc":{"Escrito por":"Jeanette","Tiempo de lectura":"4 minutos"},"schema":{"@context":"https:\/\/schema.org","@graph":[{"@type":"Article","@id":"https:\/\/www.eldiario.net\/portal\/2025\/07\/28\/estrenan-obra-cantos-de-libertad-por-el-bicentenario-de-bolivia\/#article","isPartOf":{"@id":"https:\/\/www.eldiario.net\/portal\/2025\/07\/28\/estrenan-obra-cantos-de-libertad-por-el-bicentenario-de-bolivia\/"},"author":{"name":"Jeanette","@id":"https:\/\/www.eldiario.net\/portal\/#\/schema\/person\/2c57cf2b7a7ae032e449e4c9b1019eac"},"headline":"Estrenan obra \u00abCantos de Libertad\u00bb por el Bicentenario de Bolivia","datePublished":"2025-07-28T04:46:58+00:00","mainEntityOfPage":{"@id":"https:\/\/www.eldiario.net\/portal\/2025\/07\/28\/estrenan-obra-cantos-de-libertad-por-el-bicentenario-de-bolivia\/"},"wordCount":878,"publisher":{"@id":"https:\/\/www.eldiario.net\/portal\/#organization"},"image":{"@id":"https:\/\/www.eldiario.net\/portal\/2025\/07\/28\/estrenan-obra-cantos-de-libertad-por-el-bicentenario-de-bolivia\/#primaryimage"},"thumbnailUrl":"https:\/\/www.eldiario.net\/portal\/wp-content\/uploads\/2025\/07\/1-PRINCIPAL-13.webp","articleSection":["La Gu\u00eda"],"inLanguage":"es"},{"@type":"WebPage","@id":"https:\/\/www.eldiario.net\/portal\/2025\/07\/28\/estrenan-obra-cantos-de-libertad-por-el-bicentenario-de-bolivia\/","url":"https:\/\/www.eldiario.net\/portal\/2025\/07\/28\/estrenan-obra-cantos-de-libertad-por-el-bicentenario-de-bolivia\/","name":"Estrenan obra \"Cantos de Libertad\" por el Bicentenario de Bolivia - El Diario - Bolivia","isPartOf":{"@id":"https:\/\/www.eldiario.net\/portal\/#website"},"primaryImageOfPage":{"@id":"https:\/\/www.eldiario.net\/portal\/2025\/07\/28\/estrenan-obra-cantos-de-libertad-por-el-bicentenario-de-bolivia\/#primaryimage"},"image":{"@id":"https:\/\/www.eldiario.net\/portal\/2025\/07\/28\/estrenan-obra-cantos-de-libertad-por-el-bicentenario-de-bolivia\/#primaryimage"},"thumbnailUrl":"https:\/\/www.eldiario.net\/portal\/wp-content\/uploads\/2025\/07\/1-PRINCIPAL-13.webp","datePublished":"2025-07-28T04:46:58+00:00","breadcrumb":{"@id":"https:\/\/www.eldiario.net\/portal\/2025\/07\/28\/estrenan-obra-cantos-de-libertad-por-el-bicentenario-de-bolivia\/#breadcrumb"},"inLanguage":"es","potentialAction":[{"@type":"ReadAction","target":["https:\/\/www.eldiario.net\/portal\/2025\/07\/28\/estrenan-obra-cantos-de-libertad-por-el-bicentenario-de-bolivia\/"]}]},{"@type":"ImageObject","inLanguage":"es","@id":"https:\/\/www.eldiario.net\/portal\/2025\/07\/28\/estrenan-obra-cantos-de-libertad-por-el-bicentenario-de-bolivia\/#primaryimage","url":"https:\/\/www.eldiario.net\/portal\/wp-content\/uploads\/2025\/07\/1-PRINCIPAL-13.webp","contentUrl":"https:\/\/www.eldiario.net\/portal\/wp-content\/uploads\/2025\/07\/1-PRINCIPAL-13.webp","width":1200,"height":750},{"@type":"BreadcrumbList","@id":"https:\/\/www.eldiario.net\/portal\/2025\/07\/28\/estrenan-obra-cantos-de-libertad-por-el-bicentenario-de-bolivia\/#breadcrumb","itemListElement":[{"@type":"ListItem","position":1,"name":"Portada","item":"https:\/\/www.eldiario.net\/portal\/"},{"@type":"ListItem","position":2,"name":"Estrenan obra \u00abCantos de Libertad\u00bb por el Bicentenario de Bolivia"}]},{"@type":"WebSite","@id":"https:\/\/www.eldiario.net\/portal\/#website","url":"https:\/\/www.eldiario.net\/portal\/","name":"El Diario - Decano de la prensa nacional","description":"El Diario - Decano de la prensa nacional","publisher":{"@id":"https:\/\/www.eldiario.net\/portal\/#organization"},"potentialAction":[{"@type":"SearchAction","target":{"@type":"EntryPoint","urlTemplate":"https:\/\/www.eldiario.net\/portal\/?s={search_term_string}"},"query-input":{"@type":"PropertyValueSpecification","valueRequired":true,"valueName":"search_term_string"}}],"inLanguage":"es"},{"@type":"Organization","@id":"https:\/\/www.eldiario.net\/portal\/#organization","name":"El Diario - Decano de la prensa nacional","url":"https:\/\/www.eldiario.net\/portal\/","logo":{"@type":"ImageObject","inLanguage":"es","@id":"https:\/\/www.eldiario.net\/portal\/#\/schema\/logo\/image\/","url":"https:\/\/www.eldiario.net\/portal\/wp-content\/uploads\/2023\/07\/logo_ED.jpg","contentUrl":"https:\/\/www.eldiario.net\/portal\/wp-content\/uploads\/2023\/07\/logo_ED.jpg","width":272,"height":52,"caption":"El Diario - Decano de la prensa nacional"},"image":{"@id":"https:\/\/www.eldiario.net\/portal\/#\/schema\/logo\/image\/"},"sameAs":["https:\/\/www.facebook.com\/eldiario.bolivia\/","https:\/\/x.com\/eldiario_net"]},{"@type":"Person","@id":"https:\/\/www.eldiario.net\/portal\/#\/schema\/person\/2c57cf2b7a7ae032e449e4c9b1019eac","name":"Jeanette","image":{"@type":"ImageObject","inLanguage":"es","@id":"https:\/\/secure.gravatar.com\/avatar\/3ea2118a5f7dad2b7138b1187a6b7ee55f160b9968b66013c3a3ef39dd7e5798?s=96&d=mm&r=g","url":"https:\/\/secure.gravatar.com\/avatar\/3ea2118a5f7dad2b7138b1187a6b7ee55f160b9968b66013c3a3ef39dd7e5798?s=96&d=mm&r=g","contentUrl":"https:\/\/secure.gravatar.com\/avatar\/3ea2118a5f7dad2b7138b1187a6b7ee55f160b9968b66013c3a3ef39dd7e5798?s=96&d=mm&r=g","caption":"Jeanette"},"sameAs":["https:\/\/www.eldiario.net\/portal"],"url":"https:\/\/www.eldiario.net\/portal\/author\/jeanette\/"}]}},"_links":{"self":[{"href":"https:\/\/www.eldiario.net\/portal\/wp-json\/wp\/v2\/posts\/319881","targetHints":{"allow":["GET"]}}],"collection":[{"href":"https:\/\/www.eldiario.net\/portal\/wp-json\/wp\/v2\/posts"}],"about":[{"href":"https:\/\/www.eldiario.net\/portal\/wp-json\/wp\/v2\/types\/post"}],"author":[{"embeddable":true,"href":"https:\/\/www.eldiario.net\/portal\/wp-json\/wp\/v2\/users\/1"}],"replies":[{"embeddable":true,"href":"https:\/\/www.eldiario.net\/portal\/wp-json\/wp\/v2\/comments?post=319881"}],"version-history":[{"count":1,"href":"https:\/\/www.eldiario.net\/portal\/wp-json\/wp\/v2\/posts\/319881\/revisions"}],"predecessor-version":[{"id":319888,"href":"https:\/\/www.eldiario.net\/portal\/wp-json\/wp\/v2\/posts\/319881\/revisions\/319888"}],"wp:featuredmedia":[{"embeddable":true,"href":"https:\/\/www.eldiario.net\/portal\/wp-json\/wp\/v2\/media\/319882"}],"wp:attachment":[{"href":"https:\/\/www.eldiario.net\/portal\/wp-json\/wp\/v2\/media?parent=319881"}],"wp:term":[{"taxonomy":"category","embeddable":true,"href":"https:\/\/www.eldiario.net\/portal\/wp-json\/wp\/v2\/categories?post=319881"},{"taxonomy":"post_tag","embeddable":true,"href":"https:\/\/www.eldiario.net\/portal\/wp-json\/wp\/v2\/tags?post=319881"}],"curies":[{"name":"wp","href":"https:\/\/api.w.org\/{rel}","templated":true}]}}