{"id":319711,"date":"2025-07-27T07:48:37","date_gmt":"2025-07-27T11:48:37","guid":{"rendered":"https:\/\/www.eldiario.net\/portal\/?p=319711"},"modified":"2025-07-27T07:48:37","modified_gmt":"2025-07-27T11:48:37","slug":"bolivar-va-por-la-revancha-frente-a-wilstermann","status":"publish","type":"post","link":"https:\/\/www.eldiario.net\/portal\/2025\/07\/27\/bolivar-va-por-la-revancha-frente-a-wilstermann\/","title":{"rendered":"Bol\u00edvar va por la revancha  frente a Wilstermann"},"content":{"rendered":"<p>En cumplimiento de la fecha seis de la Copa Bolivia, hoy domingo se \u00abvolver\u00e1n a ver las caras\u00bb los planteles de Bol\u00edvar y Wilstermann en el estadio \u00abHernando Siles\u00bb desde las 19:30.<br \/>\nEn este campeonato, que es paralelo a la Liga Boliviana, los elencos que se medir\u00e1n hoy, forman parte del grupo \u00abA\u00bb y ambos tienen acumulados 6 puntos, pero los acad\u00e9micos tienen un partido menos que los aviadores.<br \/>\nLas circunstancias con las que llegan ambos, son diferentes. Bol\u00edvar viene de ganar un partido en Santiago Chile (0-3) frente a Palestino por los play-offs de la Copa Sudamericana a la que clasific\u00f3 a los octavos de final; asimismo, tiene el \u00e1nimo renovado por el rendimiento satisfactorio de sus nuevos refuerzos, lo que hizo que se registre una producci\u00f3n futbol\u00edstica mejorada con relaci\u00f3n a las anteriores semanas y a decir de su DT, Flavio Robatto, se est\u00e1 tomando como premisa el retomar sitiales de privilegio en ambos torneos locales.<br \/>\nEn cambio, Wilstermann no puede levantar cabeza y viene de un traum\u00e1tico partido en el que perdi\u00f3 como local (1-2) frente a The Strongest el pasado fin de semana, en la Liga Boliviana.<br \/>\nSin embargo, para su entrenador Roberto Ari\u00f1ez, \u00abeste es un buen momento para mejorar, despu\u00e9s de un primer semestre del a\u00f1o, en que las circunstancias dirigenciales y futbol\u00edsticas jugaron en contra de la producci\u00f3n del plantel\u00bb.<br \/>\nLa situaci\u00f3n econ\u00f3mica y los constantes cambios en el primer plantel y el cuerpo t\u00e9cnico, hacen que el equipo rojo ocupe las \u00faltimas casillas en los dos campeonatos nacionales.<br \/>\nEmpero, el \u00faltimo antecedente frente al campe\u00f3n nacional el primer d\u00eda de mayo de este a\u00f1o, en el estadio Felix Capriles, cuando por la Copa, el aviador remont\u00f3 un resultaldo de dos goles en contra y someti\u00f3 a la celeste por 3-2, les hace abrigar esperanzas de que hoy pueda mostrar superioridad ante un rival (que entonces) mostraba deficiencias defensivas; adem\u00e1s que en ese juego contaba con inferioridad num\u00e9rica.<br \/>\nPara Bol\u00edvar, aquella derrota de mayo fue un traspi\u00e9 y est\u00e1 en busca de la revancha; pero a la vez, sabe que debe ahorrar fuerzas en lo que resta del mes y lo que le espera en agosto porque tiene una agenda por dem\u00e1s apretada, inclu\u00eddos los octavos de final de la Copa Sudamericana, cuando deba enfrentar al Cienciano de Per\u00fa el 13 y 20. Se intuye la preparaci\u00f3n de dos equipos titulares para afrontar la circunstancia y seguramente hoy se ver\u00e1 un inicio de estrategia que apunte a optimizar resultados en poco tiempo.<\/p>\n<p><em>GHILKA SANABRIA<\/em><\/p>\n","protected":false},"excerpt":{"rendered":"<p>En cumplimiento de la fecha seis de la Copa Bolivia, hoy domingo se \u00abvolver\u00e1n a ver las caras\u00bb los planteles de Bol\u00edvar y Wilstermann en el estadio \u00abHernando Siles\u00bb desde las 19:30. En este campeonato, que es paralelo a la Liga Boliviana, los elencos que se medir\u00e1n hoy, forman parte del grupo \u00abA\u00bb y ambos [&hellip;]<\/p>\n","protected":false},"author":1,"featured_media":319712,"comment_status":"closed","ping_status":"open","sticky":false,"template":"","format":"standard","meta":{"_acf_changed":false,"footnotes":""},"categories":[6],"tags":[],"class_list":["post-319711","post","type-post","status-publish","format-standard","has-post-thumbnail","category-deportes"],"acf":{"antetitulo":""},"yoast_head":"<!-- This site is optimized with the Yoast SEO plugin v28.4 - https:\/\/yoast.com\/product\/yoast-seo-wordpress\/ -->\n<title>Bol\u00edvar va por la revancha frente a Wilstermann - El Diario - Bolivia<\/title>\n<meta name=\"robots\" content=\"index, follow, max-snippet:-1, max-image-preview:large, max-video-preview:-1\" \/>\n<link rel=\"canonical\" href=\"https:\/\/www.eldiario.net\/portal\/2025\/07\/27\/bolivar-va-por-la-revancha-frente-a-wilstermann\/\" \/>\n<meta property=\"og:locale\" content=\"es_ES\" \/>\n<meta property=\"og:type\" content=\"article\" \/>\n<meta property=\"og:title\" content=\"Bol\u00edvar va por la revancha frente a Wilstermann - El Diario - Bolivia\" \/>\n<meta property=\"og:description\" content=\"En cumplimiento de la fecha seis de la Copa Bolivia, hoy domingo se \u00abvolver\u00e1n a ver las caras\u00bb los planteles de Bol\u00edvar y Wilstermann en el estadio \u00abHernando Siles\u00bb desde las 19:30. En este campeonato, que es paralelo a la Liga Boliviana, los elencos que se medir\u00e1n hoy, forman parte del grupo \u00abA\u00bb y ambos [&hellip;]\" \/>\n<meta property=\"og:url\" content=\"https:\/\/www.eldiario.net\/portal\/2025\/07\/27\/bolivar-va-por-la-revancha-frente-a-wilstermann\/\" \/>\n<meta property=\"og:site_name\" content=\"El Diario - Bolivia\" \/>\n<meta property=\"article:publisher\" content=\"https:\/\/www.facebook.com\/eldiario.bolivia\/\" \/>\n<meta property=\"article:published_time\" content=\"2025-07-27T11:48:37+00:00\" \/>\n<meta property=\"og:image\" content=\"https:\/\/www.eldiario.net\/portal\/wp-content\/uploads\/2025\/07\/FOTO-70-2.webp\" \/>\n\t<meta property=\"og:image:width\" content=\"614\" \/>\n\t<meta property=\"og:image:height\" content=\"588\" \/>\n\t<meta property=\"og:image:type\" content=\"image\/webp\" \/>\n<meta name=\"author\" content=\"Jeanette\" \/>\n<meta name=\"twitter:card\" content=\"summary_large_image\" \/>\n<meta name=\"twitter:creator\" content=\"@eldiario_net\" \/>\n<meta name=\"twitter:site\" content=\"@eldiario_net\" \/>\n<meta name=\"twitter:label1\" content=\"Escrito por\" \/>\n\t<meta name=\"twitter:data1\" content=\"Jeanette\" \/>\n\t<meta name=\"twitter:label2\" content=\"Tiempo de lectura\" \/>\n\t<meta name=\"twitter:data2\" content=\"3 minutos\" \/>\n<script type=\"application\/ld+json\" class=\"yoast-schema-graph\">{\"@context\":\"https:\\\/\\\/schema.org\",\"@graph\":[{\"@type\":\"Article\",\"@id\":\"https:\\\/\\\/www.eldiario.net\\\/portal\\\/2025\\\/07\\\/27\\\/bolivar-va-por-la-revancha-frente-a-wilstermann\\\/#article\",\"isPartOf\":{\"@id\":\"https:\\\/\\\/www.eldiario.net\\\/portal\\\/2025\\\/07\\\/27\\\/bolivar-va-por-la-revancha-frente-a-wilstermann\\\/\"},\"author\":{\"name\":\"Jeanette\",\"@id\":\"https:\\\/\\\/www.eldiario.net\\\/portal\\\/#\\\/schema\\\/person\\\/2c57cf2b7a7ae032e449e4c9b1019eac\"},\"headline\":\"Bol\u00edvar va por la revancha frente a Wilstermann\",\"datePublished\":\"2025-07-27T11:48:37+00:00\",\"mainEntityOfPage\":{\"@id\":\"https:\\\/\\\/www.eldiario.net\\\/portal\\\/2025\\\/07\\\/27\\\/bolivar-va-por-la-revancha-frente-a-wilstermann\\\/\"},\"wordCount\":452,\"publisher\":{\"@id\":\"https:\\\/\\\/www.eldiario.net\\\/portal\\\/#organization\"},\"image\":{\"@id\":\"https:\\\/\\\/www.eldiario.net\\\/portal\\\/2025\\\/07\\\/27\\\/bolivar-va-por-la-revancha-frente-a-wilstermann\\\/#primaryimage\"},\"thumbnailUrl\":\"https:\\\/\\\/www.eldiario.net\\\/portal\\\/wp-content\\\/uploads\\\/2025\\\/07\\\/FOTO-70-2.webp\",\"articleSection\":[\"Deportes\"],\"inLanguage\":\"es\"},{\"@type\":\"WebPage\",\"@id\":\"https:\\\/\\\/www.eldiario.net\\\/portal\\\/2025\\\/07\\\/27\\\/bolivar-va-por-la-revancha-frente-a-wilstermann\\\/\",\"url\":\"https:\\\/\\\/www.eldiario.net\\\/portal\\\/2025\\\/07\\\/27\\\/bolivar-va-por-la-revancha-frente-a-wilstermann\\\/\",\"name\":\"Bol\u00edvar va por la revancha frente a Wilstermann - El Diario - Bolivia\",\"isPartOf\":{\"@id\":\"https:\\\/\\\/www.eldiario.net\\\/portal\\\/#website\"},\"primaryImageOfPage\":{\"@id\":\"https:\\\/\\\/www.eldiario.net\\\/portal\\\/2025\\\/07\\\/27\\\/bolivar-va-por-la-revancha-frente-a-wilstermann\\\/#primaryimage\"},\"image\":{\"@id\":\"https:\\\/\\\/www.eldiario.net\\\/portal\\\/2025\\\/07\\\/27\\\/bolivar-va-por-la-revancha-frente-a-wilstermann\\\/#primaryimage\"},\"thumbnailUrl\":\"https:\\\/\\\/www.eldiario.net\\\/portal\\\/wp-content\\\/uploads\\\/2025\\\/07\\\/FOTO-70-2.webp\",\"datePublished\":\"2025-07-27T11:48:37+00:00\",\"breadcrumb\":{\"@id\":\"https:\\\/\\\/www.eldiario.net\\\/portal\\\/2025\\\/07\\\/27\\\/bolivar-va-por-la-revancha-frente-a-wilstermann\\\/#breadcrumb\"},\"inLanguage\":\"es\",\"potentialAction\":[{\"@type\":\"ReadAction\",\"target\":[\"https:\\\/\\\/www.eldiario.net\\\/portal\\\/2025\\\/07\\\/27\\\/bolivar-va-por-la-revancha-frente-a-wilstermann\\\/\"]}]},{\"@type\":\"ImageObject\",\"inLanguage\":\"es\",\"@id\":\"https:\\\/\\\/www.eldiario.net\\\/portal\\\/2025\\\/07\\\/27\\\/bolivar-va-por-la-revancha-frente-a-wilstermann\\\/#primaryimage\",\"url\":\"https:\\\/\\\/www.eldiario.net\\\/portal\\\/wp-content\\\/uploads\\\/2025\\\/07\\\/FOTO-70-2.webp\",\"contentUrl\":\"https:\\\/\\\/www.eldiario.net\\\/portal\\\/wp-content\\\/uploads\\\/2025\\\/07\\\/FOTO-70-2.webp\",\"width\":614,\"height\":588},{\"@type\":\"BreadcrumbList\",\"@id\":\"https:\\\/\\\/www.eldiario.net\\\/portal\\\/2025\\\/07\\\/27\\\/bolivar-va-por-la-revancha-frente-a-wilstermann\\\/#breadcrumb\",\"itemListElement\":[{\"@type\":\"ListItem\",\"position\":1,\"name\":\"Portada\",\"item\":\"https:\\\/\\\/www.eldiario.net\\\/portal\\\/\"},{\"@type\":\"ListItem\",\"position\":2,\"name\":\"Bol\u00edvar va por la revancha frente a Wilstermann\"}]},{\"@type\":\"WebSite\",\"@id\":\"https:\\\/\\\/www.eldiario.net\\\/portal\\\/#website\",\"url\":\"https:\\\/\\\/www.eldiario.net\\\/portal\\\/\",\"name\":\"El Diario - Decano de la prensa nacional\",\"description\":\"El Diario - Decano de la prensa nacional\",\"publisher\":{\"@id\":\"https:\\\/\\\/www.eldiario.net\\\/portal\\\/#organization\"},\"potentialAction\":[{\"@type\":\"SearchAction\",\"target\":{\"@type\":\"EntryPoint\",\"urlTemplate\":\"https:\\\/\\\/www.eldiario.net\\\/portal\\\/?s={search_term_string}\"},\"query-input\":{\"@type\":\"PropertyValueSpecification\",\"valueRequired\":true,\"valueName\":\"search_term_string\"}}],\"inLanguage\":\"es\"},{\"@type\":\"Organization\",\"@id\":\"https:\\\/\\\/www.eldiario.net\\\/portal\\\/#organization\",\"name\":\"El Diario - Decano de la prensa nacional\",\"url\":\"https:\\\/\\\/www.eldiario.net\\\/portal\\\/\",\"logo\":{\"@type\":\"ImageObject\",\"inLanguage\":\"es\",\"@id\":\"https:\\\/\\\/www.eldiario.net\\\/portal\\\/#\\\/schema\\\/logo\\\/image\\\/\",\"url\":\"https:\\\/\\\/www.eldiario.net\\\/portal\\\/wp-content\\\/uploads\\\/2023\\\/07\\\/logo_ED.jpg\",\"contentUrl\":\"https:\\\/\\\/www.eldiario.net\\\/portal\\\/wp-content\\\/uploads\\\/2023\\\/07\\\/logo_ED.jpg\",\"width\":272,\"height\":52,\"caption\":\"El Diario - Decano de la prensa nacional\"},\"image\":{\"@id\":\"https:\\\/\\\/www.eldiario.net\\\/portal\\\/#\\\/schema\\\/logo\\\/image\\\/\"},\"sameAs\":[\"https:\\\/\\\/www.facebook.com\\\/eldiario.bolivia\\\/\",\"https:\\\/\\\/x.com\\\/eldiario_net\"]},{\"@type\":\"Person\",\"@id\":\"https:\\\/\\\/www.eldiario.net\\\/portal\\\/#\\\/schema\\\/person\\\/2c57cf2b7a7ae032e449e4c9b1019eac\",\"name\":\"Jeanette\",\"image\":{\"@type\":\"ImageObject\",\"inLanguage\":\"es\",\"@id\":\"https:\\\/\\\/secure.gravatar.com\\\/avatar\\\/3ea2118a5f7dad2b7138b1187a6b7ee55f160b9968b66013c3a3ef39dd7e5798?s=96&d=mm&r=g\",\"url\":\"https:\\\/\\\/secure.gravatar.com\\\/avatar\\\/3ea2118a5f7dad2b7138b1187a6b7ee55f160b9968b66013c3a3ef39dd7e5798?s=96&d=mm&r=g\",\"contentUrl\":\"https:\\\/\\\/secure.gravatar.com\\\/avatar\\\/3ea2118a5f7dad2b7138b1187a6b7ee55f160b9968b66013c3a3ef39dd7e5798?s=96&d=mm&r=g\",\"caption\":\"Jeanette\"},\"sameAs\":[\"https:\\\/\\\/www.eldiario.net\\\/portal\"],\"url\":\"https:\\\/\\\/www.eldiario.net\\\/portal\\\/author\\\/jeanette\\\/\"}]}<\/script>\n<!-- \/ Yoast SEO plugin. -->","yoast_head_json":{"title":"Bol\u00edvar va por la revancha frente a Wilstermann - El Diario - Bolivia","robots":{"index":"index","follow":"follow","max-snippet":"max-snippet:-1","max-image-preview":"max-image-preview:large","max-video-preview":"max-video-preview:-1"},"canonical":"https:\/\/www.eldiario.net\/portal\/2025\/07\/27\/bolivar-va-por-la-revancha-frente-a-wilstermann\/","og_locale":"es_ES","og_type":"article","og_title":"Bol\u00edvar va por la revancha frente a Wilstermann - El Diario - Bolivia","og_description":"En cumplimiento de la fecha seis de la Copa Bolivia, hoy domingo se \u00abvolver\u00e1n a ver las caras\u00bb los planteles de Bol\u00edvar y Wilstermann en el estadio \u00abHernando Siles\u00bb desde las 19:30. En este campeonato, que es paralelo a la Liga Boliviana, los elencos que se medir\u00e1n hoy, forman parte del grupo \u00abA\u00bb y ambos [&hellip;]","og_url":"https:\/\/www.eldiario.net\/portal\/2025\/07\/27\/bolivar-va-por-la-revancha-frente-a-wilstermann\/","og_site_name":"El Diario - Bolivia","article_publisher":"https:\/\/www.facebook.com\/eldiario.bolivia\/","article_published_time":"2025-07-27T11:48:37+00:00","og_image":[{"width":614,"height":588,"url":"https:\/\/www.eldiario.net\/portal\/wp-content\/uploads\/2025\/07\/FOTO-70-2.webp","type":"image\/webp"}],"author":"Jeanette","twitter_card":"summary_large_image","twitter_creator":"@eldiario_net","twitter_site":"@eldiario_net","twitter_misc":{"Escrito por":"Jeanette","Tiempo de lectura":"3 minutos"},"schema":{"@context":"https:\/\/schema.org","@graph":[{"@type":"Article","@id":"https:\/\/www.eldiario.net\/portal\/2025\/07\/27\/bolivar-va-por-la-revancha-frente-a-wilstermann\/#article","isPartOf":{"@id":"https:\/\/www.eldiario.net\/portal\/2025\/07\/27\/bolivar-va-por-la-revancha-frente-a-wilstermann\/"},"author":{"name":"Jeanette","@id":"https:\/\/www.eldiario.net\/portal\/#\/schema\/person\/2c57cf2b7a7ae032e449e4c9b1019eac"},"headline":"Bol\u00edvar va por la revancha frente a Wilstermann","datePublished":"2025-07-27T11:48:37+00:00","mainEntityOfPage":{"@id":"https:\/\/www.eldiario.net\/portal\/2025\/07\/27\/bolivar-va-por-la-revancha-frente-a-wilstermann\/"},"wordCount":452,"publisher":{"@id":"https:\/\/www.eldiario.net\/portal\/#organization"},"image":{"@id":"https:\/\/www.eldiario.net\/portal\/2025\/07\/27\/bolivar-va-por-la-revancha-frente-a-wilstermann\/#primaryimage"},"thumbnailUrl":"https:\/\/www.eldiario.net\/portal\/wp-content\/uploads\/2025\/07\/FOTO-70-2.webp","articleSection":["Deportes"],"inLanguage":"es"},{"@type":"WebPage","@id":"https:\/\/www.eldiario.net\/portal\/2025\/07\/27\/bolivar-va-por-la-revancha-frente-a-wilstermann\/","url":"https:\/\/www.eldiario.net\/portal\/2025\/07\/27\/bolivar-va-por-la-revancha-frente-a-wilstermann\/","name":"Bol\u00edvar va por la revancha frente a Wilstermann - El Diario - Bolivia","isPartOf":{"@id":"https:\/\/www.eldiario.net\/portal\/#website"},"primaryImageOfPage":{"@id":"https:\/\/www.eldiario.net\/portal\/2025\/07\/27\/bolivar-va-por-la-revancha-frente-a-wilstermann\/#primaryimage"},"image":{"@id":"https:\/\/www.eldiario.net\/portal\/2025\/07\/27\/bolivar-va-por-la-revancha-frente-a-wilstermann\/#primaryimage"},"thumbnailUrl":"https:\/\/www.eldiario.net\/portal\/wp-content\/uploads\/2025\/07\/FOTO-70-2.webp","datePublished":"2025-07-27T11:48:37+00:00","breadcrumb":{"@id":"https:\/\/www.eldiario.net\/portal\/2025\/07\/27\/bolivar-va-por-la-revancha-frente-a-wilstermann\/#breadcrumb"},"inLanguage":"es","potentialAction":[{"@type":"ReadAction","target":["https:\/\/www.eldiario.net\/portal\/2025\/07\/27\/bolivar-va-por-la-revancha-frente-a-wilstermann\/"]}]},{"@type":"ImageObject","inLanguage":"es","@id":"https:\/\/www.eldiario.net\/portal\/2025\/07\/27\/bolivar-va-por-la-revancha-frente-a-wilstermann\/#primaryimage","url":"https:\/\/www.eldiario.net\/portal\/wp-content\/uploads\/2025\/07\/FOTO-70-2.webp","contentUrl":"https:\/\/www.eldiario.net\/portal\/wp-content\/uploads\/2025\/07\/FOTO-70-2.webp","width":614,"height":588},{"@type":"BreadcrumbList","@id":"https:\/\/www.eldiario.net\/portal\/2025\/07\/27\/bolivar-va-por-la-revancha-frente-a-wilstermann\/#breadcrumb","itemListElement":[{"@type":"ListItem","position":1,"name":"Portada","item":"https:\/\/www.eldiario.net\/portal\/"},{"@type":"ListItem","position":2,"name":"Bol\u00edvar va por la revancha frente a Wilstermann"}]},{"@type":"WebSite","@id":"https:\/\/www.eldiario.net\/portal\/#website","url":"https:\/\/www.eldiario.net\/portal\/","name":"El Diario - Decano de la prensa nacional","description":"El Diario - Decano de la prensa nacional","publisher":{"@id":"https:\/\/www.eldiario.net\/portal\/#organization"},"potentialAction":[{"@type":"SearchAction","target":{"@type":"EntryPoint","urlTemplate":"https:\/\/www.eldiario.net\/portal\/?s={search_term_string}"},"query-input":{"@type":"PropertyValueSpecification","valueRequired":true,"valueName":"search_term_string"}}],"inLanguage":"es"},{"@type":"Organization","@id":"https:\/\/www.eldiario.net\/portal\/#organization","name":"El Diario - Decano de la prensa nacional","url":"https:\/\/www.eldiario.net\/portal\/","logo":{"@type":"ImageObject","inLanguage":"es","@id":"https:\/\/www.eldiario.net\/portal\/#\/schema\/logo\/image\/","url":"https:\/\/www.eldiario.net\/portal\/wp-content\/uploads\/2023\/07\/logo_ED.jpg","contentUrl":"https:\/\/www.eldiario.net\/portal\/wp-content\/uploads\/2023\/07\/logo_ED.jpg","width":272,"height":52,"caption":"El Diario - Decano de la prensa nacional"},"image":{"@id":"https:\/\/www.eldiario.net\/portal\/#\/schema\/logo\/image\/"},"sameAs":["https:\/\/www.facebook.com\/eldiario.bolivia\/","https:\/\/x.com\/eldiario_net"]},{"@type":"Person","@id":"https:\/\/www.eldiario.net\/portal\/#\/schema\/person\/2c57cf2b7a7ae032e449e4c9b1019eac","name":"Jeanette","image":{"@type":"ImageObject","inLanguage":"es","@id":"https:\/\/secure.gravatar.com\/avatar\/3ea2118a5f7dad2b7138b1187a6b7ee55f160b9968b66013c3a3ef39dd7e5798?s=96&d=mm&r=g","url":"https:\/\/secure.gravatar.com\/avatar\/3ea2118a5f7dad2b7138b1187a6b7ee55f160b9968b66013c3a3ef39dd7e5798?s=96&d=mm&r=g","contentUrl":"https:\/\/secure.gravatar.com\/avatar\/3ea2118a5f7dad2b7138b1187a6b7ee55f160b9968b66013c3a3ef39dd7e5798?s=96&d=mm&r=g","caption":"Jeanette"},"sameAs":["https:\/\/www.eldiario.net\/portal"],"url":"https:\/\/www.eldiario.net\/portal\/author\/jeanette\/"}]}},"_links":{"self":[{"href":"https:\/\/www.eldiario.net\/portal\/wp-json\/wp\/v2\/posts\/319711","targetHints":{"allow":["GET"]}}],"collection":[{"href":"https:\/\/www.eldiario.net\/portal\/wp-json\/wp\/v2\/posts"}],"about":[{"href":"https:\/\/www.eldiario.net\/portal\/wp-json\/wp\/v2\/types\/post"}],"author":[{"embeddable":true,"href":"https:\/\/www.eldiario.net\/portal\/wp-json\/wp\/v2\/users\/1"}],"replies":[{"embeddable":true,"href":"https:\/\/www.eldiario.net\/portal\/wp-json\/wp\/v2\/comments?post=319711"}],"version-history":[{"count":1,"href":"https:\/\/www.eldiario.net\/portal\/wp-json\/wp\/v2\/posts\/319711\/revisions"}],"predecessor-version":[{"id":319713,"href":"https:\/\/www.eldiario.net\/portal\/wp-json\/wp\/v2\/posts\/319711\/revisions\/319713"}],"wp:featuredmedia":[{"embeddable":true,"href":"https:\/\/www.eldiario.net\/portal\/wp-json\/wp\/v2\/media\/319712"}],"wp:attachment":[{"href":"https:\/\/www.eldiario.net\/portal\/wp-json\/wp\/v2\/media?parent=319711"}],"wp:term":[{"taxonomy":"category","embeddable":true,"href":"https:\/\/www.eldiario.net\/portal\/wp-json\/wp\/v2\/categories?post=319711"},{"taxonomy":"post_tag","embeddable":true,"href":"https:\/\/www.eldiario.net\/portal\/wp-json\/wp\/v2\/tags?post=319711"}],"curies":[{"name":"wp","href":"https:\/\/api.w.org\/{rel}","templated":true}]}}