{"id":319697,"date":"2025-07-27T07:40:56","date_gmt":"2025-07-27T11:40:56","guid":{"rendered":"https:\/\/www.eldiario.net\/portal\/?p=319697"},"modified":"2025-07-27T07:40:56","modified_gmt":"2025-07-27T11:40:56","slug":"democracia-representativa-o-dictadura-de-idiotas","status":"publish","type":"post","link":"https:\/\/www.eldiario.net\/portal\/2025\/07\/27\/democracia-representativa-o-dictadura-de-idiotas\/","title":{"rendered":"Democracia representativa o \u201cdictadura de idiotas\u201d"},"content":{"rendered":"<p>La democracia, en su concepci\u00f3n m\u00e1s cl\u00e1sica, fue definida por Arist\u00f3teles como el gobierno de los ciudadanos libres, donde todos tienen igual derecho a gobernar y ser gobernados. Sin embargo, el fil\u00f3sofo griego tambi\u00e9n advirti\u00f3 que esta forma de gobierno pod\u00eda degenerar en una demagogia, es decir, en una manipulaci\u00f3n emocional de las masas por parte de l\u00edderes inescrupulosos.<br \/>\nPartiendo de esta premisa, es evidente que la calidad de la democracia est\u00e1 directamente relacionada con la calidad de los ciudadanos que la componen. Una ciudadan\u00eda formada, cr\u00edtica y bien informada puede utilizar la democracia como una herramienta para el bien com\u00fan; pero una ciudadan\u00eda ignorante, emocional y mal informada se convierte en esclava para los caudillos de turno.<br \/>\nEn Bolivia, lamentablemente, nos encontramos cada vez m\u00e1s cerca de este segundo escenario, vivimos bajo una especie de \u201cdictadura de idiotas\u201d, una expresi\u00f3n provocadora, s\u00ed, pero que retrata con dolorosa precisi\u00f3n lo que ocurre cuando las masas votan no con la raz\u00f3n, sino con el h\u00edgado, la emoci\u00f3n o, peor a\u00fan, con la ignorancia.<br \/>\nEsta \u201cdictadura de idiotas\u201d no surge espont\u00e1neamente, es el resultado de d\u00e9cadas de negligencia educativa, de un sistema que ha priorizado el adoctrinamiento sobre el pensamiento cr\u00edtico, que ha cultivado la dependencia emocional hacia caudillos y no el ejercicio aut\u00f3nomo de la ciudadan\u00eda. La forma m\u00e1s evidente de esta degradaci\u00f3n democr\u00e1tica es el voto \u201cidentitario\u201d: personas que votan no en funci\u00f3n de propuestas, planes de gobierno o capacidades t\u00e9cnicas, sino por la afinidad \u00e9tnica, el color de piel, el origen geogr\u00e1fico o incluso la \u201csimpat\u00eda\u201d hacia un determinado candidato. Esto convierte el voto en un acto irracional.<br \/>\nPero el problema se agrava cuando este voto emocional e \u201cidentitario\u201d se combina con instituciones d\u00e9biles, como el actual \u00d3rgano Electoral Plurinacional, el cual, en vez de ser un garante de la transparencia y de legalidad, se ha convertido en un campo de pugnas internas, contradicciones p\u00fablicas y cuestionamientos constantes. La desconfianza hacia el \u00e1rbitro electoral no s\u00f3lo mina la credibilidad del proceso, sino que habilita escenarios peligrosos: desde la abstenci\u00f3n electoral masiva hasta el desconocimiento de resultados y en ese caos institucional, los verdaderos ganadores no son los ciudadanos, sino los manipuladores del poder. La democracia deja de ser un mecanismo de representaci\u00f3n y se convierte en una herramienta de dominaci\u00f3n m\u00e1s sutil y peligrosa, porque se disfraza de participaci\u00f3n popular, cuando en realidad es un simple simulacro vac\u00edo.<br \/>\nEn este contexto, la ignorancia no es s\u00f3lo una carencia, sino un arma de destrucci\u00f3n pol\u00edtica. Un pueblo ignorante puede votar con entusiasmo por su verdugo, puede legitimar con sus votos a quienes los explotan, los reprimen o empobrecen. Es por eso que no basta con celebrar elecciones para decir que hay democracia, la calidad del sufragio depende directamente del nivel de conciencia de los votantes y de la transparencia del proceso electoral. Sin estas dos condiciones, el acto democr\u00e1tico se convierte en una farsa.<br \/>\nAnte este panorama, \u00bfqu\u00e9 podemos hacer? En primer lugar, se necesita una profunda reforma educativa que priorice la formaci\u00f3n ciudadana, el pensamiento cr\u00edtico y la \u00e9tica c\u00edvica. No se puede construir una democracia s\u00f3lida sobre la base de la ignorancia y la manipulaci\u00f3n. En segundo lugar, es urgente fortalecer al \u00d3rgano Electoral, no s\u00f3lo en t\u00e9rminos t\u00e9cnicos, sino sobre todo en credibilidad, sus miembros deben ser figuras imparciales, competentes y con trayectoria \u00e9tica comprobada; la confianza institucional no se impone, se construye. Tercero, la ciudadan\u00eda debe asumir un rol mucho m\u00e1s activo, no basta con ir a votar cada cinco a\u00f1os, se necesita ejercer un control social riguroso, fiscalizar a los actores pol\u00edticos, denunciar irregularidades y defender el voto con convicci\u00f3n. Es aqu\u00ed donde aparece una luz de esperanza: en los sectores organizados, en los ciudadanos que se niegan a ser parte del reba\u00f1o y deciden pensar, cuestionar, actuar, en ellos est\u00e1 el verdadero poder transformador de la democracia.<br \/>\nBolivia se encuentra en un momento de inflexi\u00f3n \u00fanico, puesto que las decisiones que tomemos en las pr\u00f3ximas semanas definir\u00e1n el rumbo del pa\u00eds por d\u00e9cadas. No podemos darnos el lujo de delegar esa responsabilidad en una masa manipulada ni en instituciones debilitadas. Tampoco podemos resignarnos a una democracia secuestrada por el clientelismo, el populismo o la corrupci\u00f3n.<br \/>\nDefender la democracia no es un acto pasivo, es un compromiso activo, pues conlleva formarse, informarse, participar y denunciar; implica no callarse ante un posible fraude ni rendirse ante la desidia institucional, presupone no ser c\u00f3mplice del idiota ni del corrupto. En definitiva, la democracia representativa s\u00f3lo ser\u00e1 evidente cuando se base en ciudadanos responsables, en instituciones confiables y en procesos transparentes. De lo contrario, seguiremos presos en esta peligrosa farsa: una dictadura de idiotas disfrazada de democracia.<\/p>\n<p>El autor es te\u00f3logo, escritor y educador.<\/p>\n","protected":false},"excerpt":{"rendered":"<p>La democracia, en su concepci\u00f3n m\u00e1s cl\u00e1sica, fue definida por Arist\u00f3teles como el gobierno de los ciudadanos libres, donde todos tienen igual derecho a gobernar y ser gobernados. Sin embargo, el fil\u00f3sofo griego tambi\u00e9n advirti\u00f3 que esta forma de gobierno pod\u00eda degenerar en una demagogia, es decir, en una manipulaci\u00f3n emocional de las masas por [&hellip;]<\/p>\n","protected":false},"author":1,"featured_media":161861,"comment_status":"closed","ping_status":"open","sticky":false,"template":"","format":"standard","meta":{"_acf_changed":false,"footnotes":""},"categories":[9],"tags":[],"class_list":["post-319697","post","type-post","status-publish","format-standard","has-post-thumbnail","category-opinion"],"acf":{"antetitulo":""},"yoast_head":"<!-- This site is optimized with the Yoast SEO plugin v28.4 - https:\/\/yoast.com\/product\/yoast-seo-wordpress\/ -->\n<title>Democracia representativa o \u201cdictadura de idiotas\u201d - El Diario - Bolivia<\/title>\n<meta name=\"robots\" content=\"index, follow, max-snippet:-1, max-image-preview:large, max-video-preview:-1\" \/>\n<link rel=\"canonical\" href=\"https:\/\/www.eldiario.net\/portal\/2025\/07\/27\/democracia-representativa-o-dictadura-de-idiotas\/\" \/>\n<meta property=\"og:locale\" content=\"es_ES\" \/>\n<meta property=\"og:type\" content=\"article\" \/>\n<meta property=\"og:title\" content=\"Democracia representativa o \u201cdictadura de idiotas\u201d - El Diario - Bolivia\" \/>\n<meta property=\"og:description\" content=\"La democracia, en su concepci\u00f3n m\u00e1s cl\u00e1sica, fue definida por Arist\u00f3teles como el gobierno de los ciudadanos libres, donde todos tienen igual derecho a gobernar y ser gobernados. Sin embargo, el fil\u00f3sofo griego tambi\u00e9n advirti\u00f3 que esta forma de gobierno pod\u00eda degenerar en una demagogia, es decir, en una manipulaci\u00f3n emocional de las masas por [&hellip;]\" \/>\n<meta property=\"og:url\" content=\"https:\/\/www.eldiario.net\/portal\/2025\/07\/27\/democracia-representativa-o-dictadura-de-idiotas\/\" \/>\n<meta property=\"og:site_name\" content=\"El Diario - Bolivia\" \/>\n<meta property=\"article:publisher\" content=\"https:\/\/www.facebook.com\/eldiario.bolivia\/\" \/>\n<meta property=\"article:published_time\" content=\"2025-07-27T11:40:56+00:00\" \/>\n<meta property=\"og:image\" content=\"https:\/\/www.eldiario.net\/portal\/wp-content\/uploads\/2023\/06\/Marcelo-Miranda-Loayza.jpg\" \/>\n\t<meta property=\"og:image:width\" content=\"1200\" \/>\n\t<meta property=\"og:image:height\" content=\"628\" \/>\n\t<meta property=\"og:image:type\" content=\"image\/jpeg\" \/>\n<meta name=\"author\" content=\"Jeanette\" \/>\n<meta name=\"twitter:card\" content=\"summary_large_image\" \/>\n<meta name=\"twitter:creator\" content=\"@eldiario_net\" \/>\n<meta name=\"twitter:site\" content=\"@eldiario_net\" \/>\n<meta name=\"twitter:label1\" content=\"Escrito por\" \/>\n\t<meta name=\"twitter:data1\" content=\"Jeanette\" \/>\n\t<meta name=\"twitter:label2\" content=\"Tiempo de lectura\" \/>\n\t<meta name=\"twitter:data2\" content=\"4 minutos\" \/>\n<script type=\"application\/ld+json\" class=\"yoast-schema-graph\">{\"@context\":\"https:\\\/\\\/schema.org\",\"@graph\":[{\"@type\":\"Article\",\"@id\":\"https:\\\/\\\/www.eldiario.net\\\/portal\\\/2025\\\/07\\\/27\\\/democracia-representativa-o-dictadura-de-idiotas\\\/#article\",\"isPartOf\":{\"@id\":\"https:\\\/\\\/www.eldiario.net\\\/portal\\\/2025\\\/07\\\/27\\\/democracia-representativa-o-dictadura-de-idiotas\\\/\"},\"author\":{\"name\":\"Jeanette\",\"@id\":\"https:\\\/\\\/www.eldiario.net\\\/portal\\\/#\\\/schema\\\/person\\\/2c57cf2b7a7ae032e449e4c9b1019eac\"},\"headline\":\"Democracia representativa o \u201cdictadura de idiotas\u201d\",\"datePublished\":\"2025-07-27T11:40:56+00:00\",\"mainEntityOfPage\":{\"@id\":\"https:\\\/\\\/www.eldiario.net\\\/portal\\\/2025\\\/07\\\/27\\\/democracia-representativa-o-dictadura-de-idiotas\\\/\"},\"wordCount\":860,\"publisher\":{\"@id\":\"https:\\\/\\\/www.eldiario.net\\\/portal\\\/#organization\"},\"image\":{\"@id\":\"https:\\\/\\\/www.eldiario.net\\\/portal\\\/2025\\\/07\\\/27\\\/democracia-representativa-o-dictadura-de-idiotas\\\/#primaryimage\"},\"thumbnailUrl\":\"https:\\\/\\\/www.eldiario.net\\\/portal\\\/wp-content\\\/uploads\\\/2023\\\/06\\\/Marcelo-Miranda-Loayza.jpg\",\"articleSection\":[\"Opini\u00f3n\"],\"inLanguage\":\"es\"},{\"@type\":\"WebPage\",\"@id\":\"https:\\\/\\\/www.eldiario.net\\\/portal\\\/2025\\\/07\\\/27\\\/democracia-representativa-o-dictadura-de-idiotas\\\/\",\"url\":\"https:\\\/\\\/www.eldiario.net\\\/portal\\\/2025\\\/07\\\/27\\\/democracia-representativa-o-dictadura-de-idiotas\\\/\",\"name\":\"Democracia representativa o \u201cdictadura de idiotas\u201d - El Diario - Bolivia\",\"isPartOf\":{\"@id\":\"https:\\\/\\\/www.eldiario.net\\\/portal\\\/#website\"},\"primaryImageOfPage\":{\"@id\":\"https:\\\/\\\/www.eldiario.net\\\/portal\\\/2025\\\/07\\\/27\\\/democracia-representativa-o-dictadura-de-idiotas\\\/#primaryimage\"},\"image\":{\"@id\":\"https:\\\/\\\/www.eldiario.net\\\/portal\\\/2025\\\/07\\\/27\\\/democracia-representativa-o-dictadura-de-idiotas\\\/#primaryimage\"},\"thumbnailUrl\":\"https:\\\/\\\/www.eldiario.net\\\/portal\\\/wp-content\\\/uploads\\\/2023\\\/06\\\/Marcelo-Miranda-Loayza.jpg\",\"datePublished\":\"2025-07-27T11:40:56+00:00\",\"breadcrumb\":{\"@id\":\"https:\\\/\\\/www.eldiario.net\\\/portal\\\/2025\\\/07\\\/27\\\/democracia-representativa-o-dictadura-de-idiotas\\\/#breadcrumb\"},\"inLanguage\":\"es\",\"potentialAction\":[{\"@type\":\"ReadAction\",\"target\":[\"https:\\\/\\\/www.eldiario.net\\\/portal\\\/2025\\\/07\\\/27\\\/democracia-representativa-o-dictadura-de-idiotas\\\/\"]}]},{\"@type\":\"ImageObject\",\"inLanguage\":\"es\",\"@id\":\"https:\\\/\\\/www.eldiario.net\\\/portal\\\/2025\\\/07\\\/27\\\/democracia-representativa-o-dictadura-de-idiotas\\\/#primaryimage\",\"url\":\"https:\\\/\\\/www.eldiario.net\\\/portal\\\/wp-content\\\/uploads\\\/2023\\\/06\\\/Marcelo-Miranda-Loayza.jpg\",\"contentUrl\":\"https:\\\/\\\/www.eldiario.net\\\/portal\\\/wp-content\\\/uploads\\\/2023\\\/06\\\/Marcelo-Miranda-Loayza.jpg\",\"width\":1200,\"height\":628,\"caption\":\"Marcelo Miranda Loayza\"},{\"@type\":\"BreadcrumbList\",\"@id\":\"https:\\\/\\\/www.eldiario.net\\\/portal\\\/2025\\\/07\\\/27\\\/democracia-representativa-o-dictadura-de-idiotas\\\/#breadcrumb\",\"itemListElement\":[{\"@type\":\"ListItem\",\"position\":1,\"name\":\"Portada\",\"item\":\"https:\\\/\\\/www.eldiario.net\\\/portal\\\/\"},{\"@type\":\"ListItem\",\"position\":2,\"name\":\"Democracia representativa o \u201cdictadura de idiotas\u201d\"}]},{\"@type\":\"WebSite\",\"@id\":\"https:\\\/\\\/www.eldiario.net\\\/portal\\\/#website\",\"url\":\"https:\\\/\\\/www.eldiario.net\\\/portal\\\/\",\"name\":\"El Diario - Decano de la prensa nacional\",\"description\":\"El Diario - Decano de la prensa nacional\",\"publisher\":{\"@id\":\"https:\\\/\\\/www.eldiario.net\\\/portal\\\/#organization\"},\"potentialAction\":[{\"@type\":\"SearchAction\",\"target\":{\"@type\":\"EntryPoint\",\"urlTemplate\":\"https:\\\/\\\/www.eldiario.net\\\/portal\\\/?s={search_term_string}\"},\"query-input\":{\"@type\":\"PropertyValueSpecification\",\"valueRequired\":true,\"valueName\":\"search_term_string\"}}],\"inLanguage\":\"es\"},{\"@type\":\"Organization\",\"@id\":\"https:\\\/\\\/www.eldiario.net\\\/portal\\\/#organization\",\"name\":\"El Diario - Decano de la prensa nacional\",\"url\":\"https:\\\/\\\/www.eldiario.net\\\/portal\\\/\",\"logo\":{\"@type\":\"ImageObject\",\"inLanguage\":\"es\",\"@id\":\"https:\\\/\\\/www.eldiario.net\\\/portal\\\/#\\\/schema\\\/logo\\\/image\\\/\",\"url\":\"https:\\\/\\\/www.eldiario.net\\\/portal\\\/wp-content\\\/uploads\\\/2023\\\/07\\\/logo_ED.jpg\",\"contentUrl\":\"https:\\\/\\\/www.eldiario.net\\\/portal\\\/wp-content\\\/uploads\\\/2023\\\/07\\\/logo_ED.jpg\",\"width\":272,\"height\":52,\"caption\":\"El Diario - Decano de la prensa nacional\"},\"image\":{\"@id\":\"https:\\\/\\\/www.eldiario.net\\\/portal\\\/#\\\/schema\\\/logo\\\/image\\\/\"},\"sameAs\":[\"https:\\\/\\\/www.facebook.com\\\/eldiario.bolivia\\\/\",\"https:\\\/\\\/x.com\\\/eldiario_net\"]},{\"@type\":\"Person\",\"@id\":\"https:\\\/\\\/www.eldiario.net\\\/portal\\\/#\\\/schema\\\/person\\\/2c57cf2b7a7ae032e449e4c9b1019eac\",\"name\":\"Jeanette\",\"image\":{\"@type\":\"ImageObject\",\"inLanguage\":\"es\",\"@id\":\"https:\\\/\\\/secure.gravatar.com\\\/avatar\\\/3ea2118a5f7dad2b7138b1187a6b7ee55f160b9968b66013c3a3ef39dd7e5798?s=96&d=mm&r=g\",\"url\":\"https:\\\/\\\/secure.gravatar.com\\\/avatar\\\/3ea2118a5f7dad2b7138b1187a6b7ee55f160b9968b66013c3a3ef39dd7e5798?s=96&d=mm&r=g\",\"contentUrl\":\"https:\\\/\\\/secure.gravatar.com\\\/avatar\\\/3ea2118a5f7dad2b7138b1187a6b7ee55f160b9968b66013c3a3ef39dd7e5798?s=96&d=mm&r=g\",\"caption\":\"Jeanette\"},\"sameAs\":[\"https:\\\/\\\/www.eldiario.net\\\/portal\"],\"url\":\"https:\\\/\\\/www.eldiario.net\\\/portal\\\/author\\\/jeanette\\\/\"}]}<\/script>\n<!-- \/ Yoast SEO plugin. -->","yoast_head_json":{"title":"Democracia representativa o \u201cdictadura de idiotas\u201d - El Diario - Bolivia","robots":{"index":"index","follow":"follow","max-snippet":"max-snippet:-1","max-image-preview":"max-image-preview:large","max-video-preview":"max-video-preview:-1"},"canonical":"https:\/\/www.eldiario.net\/portal\/2025\/07\/27\/democracia-representativa-o-dictadura-de-idiotas\/","og_locale":"es_ES","og_type":"article","og_title":"Democracia representativa o \u201cdictadura de idiotas\u201d - El Diario - Bolivia","og_description":"La democracia, en su concepci\u00f3n m\u00e1s cl\u00e1sica, fue definida por Arist\u00f3teles como el gobierno de los ciudadanos libres, donde todos tienen igual derecho a gobernar y ser gobernados. Sin embargo, el fil\u00f3sofo griego tambi\u00e9n advirti\u00f3 que esta forma de gobierno pod\u00eda degenerar en una demagogia, es decir, en una manipulaci\u00f3n emocional de las masas por [&hellip;]","og_url":"https:\/\/www.eldiario.net\/portal\/2025\/07\/27\/democracia-representativa-o-dictadura-de-idiotas\/","og_site_name":"El Diario - Bolivia","article_publisher":"https:\/\/www.facebook.com\/eldiario.bolivia\/","article_published_time":"2025-07-27T11:40:56+00:00","og_image":[{"width":1200,"height":628,"url":"https:\/\/www.eldiario.net\/portal\/wp-content\/uploads\/2023\/06\/Marcelo-Miranda-Loayza.jpg","type":"image\/jpeg"}],"author":"Jeanette","twitter_card":"summary_large_image","twitter_creator":"@eldiario_net","twitter_site":"@eldiario_net","twitter_misc":{"Escrito por":"Jeanette","Tiempo de lectura":"4 minutos"},"schema":{"@context":"https:\/\/schema.org","@graph":[{"@type":"Article","@id":"https:\/\/www.eldiario.net\/portal\/2025\/07\/27\/democracia-representativa-o-dictadura-de-idiotas\/#article","isPartOf":{"@id":"https:\/\/www.eldiario.net\/portal\/2025\/07\/27\/democracia-representativa-o-dictadura-de-idiotas\/"},"author":{"name":"Jeanette","@id":"https:\/\/www.eldiario.net\/portal\/#\/schema\/person\/2c57cf2b7a7ae032e449e4c9b1019eac"},"headline":"Democracia representativa o \u201cdictadura de idiotas\u201d","datePublished":"2025-07-27T11:40:56+00:00","mainEntityOfPage":{"@id":"https:\/\/www.eldiario.net\/portal\/2025\/07\/27\/democracia-representativa-o-dictadura-de-idiotas\/"},"wordCount":860,"publisher":{"@id":"https:\/\/www.eldiario.net\/portal\/#organization"},"image":{"@id":"https:\/\/www.eldiario.net\/portal\/2025\/07\/27\/democracia-representativa-o-dictadura-de-idiotas\/#primaryimage"},"thumbnailUrl":"https:\/\/www.eldiario.net\/portal\/wp-content\/uploads\/2023\/06\/Marcelo-Miranda-Loayza.jpg","articleSection":["Opini\u00f3n"],"inLanguage":"es"},{"@type":"WebPage","@id":"https:\/\/www.eldiario.net\/portal\/2025\/07\/27\/democracia-representativa-o-dictadura-de-idiotas\/","url":"https:\/\/www.eldiario.net\/portal\/2025\/07\/27\/democracia-representativa-o-dictadura-de-idiotas\/","name":"Democracia representativa o \u201cdictadura de idiotas\u201d - El Diario - Bolivia","isPartOf":{"@id":"https:\/\/www.eldiario.net\/portal\/#website"},"primaryImageOfPage":{"@id":"https:\/\/www.eldiario.net\/portal\/2025\/07\/27\/democracia-representativa-o-dictadura-de-idiotas\/#primaryimage"},"image":{"@id":"https:\/\/www.eldiario.net\/portal\/2025\/07\/27\/democracia-representativa-o-dictadura-de-idiotas\/#primaryimage"},"thumbnailUrl":"https:\/\/www.eldiario.net\/portal\/wp-content\/uploads\/2023\/06\/Marcelo-Miranda-Loayza.jpg","datePublished":"2025-07-27T11:40:56+00:00","breadcrumb":{"@id":"https:\/\/www.eldiario.net\/portal\/2025\/07\/27\/democracia-representativa-o-dictadura-de-idiotas\/#breadcrumb"},"inLanguage":"es","potentialAction":[{"@type":"ReadAction","target":["https:\/\/www.eldiario.net\/portal\/2025\/07\/27\/democracia-representativa-o-dictadura-de-idiotas\/"]}]},{"@type":"ImageObject","inLanguage":"es","@id":"https:\/\/www.eldiario.net\/portal\/2025\/07\/27\/democracia-representativa-o-dictadura-de-idiotas\/#primaryimage","url":"https:\/\/www.eldiario.net\/portal\/wp-content\/uploads\/2023\/06\/Marcelo-Miranda-Loayza.jpg","contentUrl":"https:\/\/www.eldiario.net\/portal\/wp-content\/uploads\/2023\/06\/Marcelo-Miranda-Loayza.jpg","width":1200,"height":628,"caption":"Marcelo Miranda Loayza"},{"@type":"BreadcrumbList","@id":"https:\/\/www.eldiario.net\/portal\/2025\/07\/27\/democracia-representativa-o-dictadura-de-idiotas\/#breadcrumb","itemListElement":[{"@type":"ListItem","position":1,"name":"Portada","item":"https:\/\/www.eldiario.net\/portal\/"},{"@type":"ListItem","position":2,"name":"Democracia representativa o \u201cdictadura de idiotas\u201d"}]},{"@type":"WebSite","@id":"https:\/\/www.eldiario.net\/portal\/#website","url":"https:\/\/www.eldiario.net\/portal\/","name":"El Diario - Decano de la prensa nacional","description":"El Diario - Decano de la prensa nacional","publisher":{"@id":"https:\/\/www.eldiario.net\/portal\/#organization"},"potentialAction":[{"@type":"SearchAction","target":{"@type":"EntryPoint","urlTemplate":"https:\/\/www.eldiario.net\/portal\/?s={search_term_string}"},"query-input":{"@type":"PropertyValueSpecification","valueRequired":true,"valueName":"search_term_string"}}],"inLanguage":"es"},{"@type":"Organization","@id":"https:\/\/www.eldiario.net\/portal\/#organization","name":"El Diario - Decano de la prensa nacional","url":"https:\/\/www.eldiario.net\/portal\/","logo":{"@type":"ImageObject","inLanguage":"es","@id":"https:\/\/www.eldiario.net\/portal\/#\/schema\/logo\/image\/","url":"https:\/\/www.eldiario.net\/portal\/wp-content\/uploads\/2023\/07\/logo_ED.jpg","contentUrl":"https:\/\/www.eldiario.net\/portal\/wp-content\/uploads\/2023\/07\/logo_ED.jpg","width":272,"height":52,"caption":"El Diario - Decano de la prensa nacional"},"image":{"@id":"https:\/\/www.eldiario.net\/portal\/#\/schema\/logo\/image\/"},"sameAs":["https:\/\/www.facebook.com\/eldiario.bolivia\/","https:\/\/x.com\/eldiario_net"]},{"@type":"Person","@id":"https:\/\/www.eldiario.net\/portal\/#\/schema\/person\/2c57cf2b7a7ae032e449e4c9b1019eac","name":"Jeanette","image":{"@type":"ImageObject","inLanguage":"es","@id":"https:\/\/secure.gravatar.com\/avatar\/3ea2118a5f7dad2b7138b1187a6b7ee55f160b9968b66013c3a3ef39dd7e5798?s=96&d=mm&r=g","url":"https:\/\/secure.gravatar.com\/avatar\/3ea2118a5f7dad2b7138b1187a6b7ee55f160b9968b66013c3a3ef39dd7e5798?s=96&d=mm&r=g","contentUrl":"https:\/\/secure.gravatar.com\/avatar\/3ea2118a5f7dad2b7138b1187a6b7ee55f160b9968b66013c3a3ef39dd7e5798?s=96&d=mm&r=g","caption":"Jeanette"},"sameAs":["https:\/\/www.eldiario.net\/portal"],"url":"https:\/\/www.eldiario.net\/portal\/author\/jeanette\/"}]}},"_links":{"self":[{"href":"https:\/\/www.eldiario.net\/portal\/wp-json\/wp\/v2\/posts\/319697","targetHints":{"allow":["GET"]}}],"collection":[{"href":"https:\/\/www.eldiario.net\/portal\/wp-json\/wp\/v2\/posts"}],"about":[{"href":"https:\/\/www.eldiario.net\/portal\/wp-json\/wp\/v2\/types\/post"}],"author":[{"embeddable":true,"href":"https:\/\/www.eldiario.net\/portal\/wp-json\/wp\/v2\/users\/1"}],"replies":[{"embeddable":true,"href":"https:\/\/www.eldiario.net\/portal\/wp-json\/wp\/v2\/comments?post=319697"}],"version-history":[{"count":1,"href":"https:\/\/www.eldiario.net\/portal\/wp-json\/wp\/v2\/posts\/319697\/revisions"}],"predecessor-version":[{"id":319698,"href":"https:\/\/www.eldiario.net\/portal\/wp-json\/wp\/v2\/posts\/319697\/revisions\/319698"}],"wp:featuredmedia":[{"embeddable":true,"href":"https:\/\/www.eldiario.net\/portal\/wp-json\/wp\/v2\/media\/161861"}],"wp:attachment":[{"href":"https:\/\/www.eldiario.net\/portal\/wp-json\/wp\/v2\/media?parent=319697"}],"wp:term":[{"taxonomy":"category","embeddable":true,"href":"https:\/\/www.eldiario.net\/portal\/wp-json\/wp\/v2\/categories?post=319697"},{"taxonomy":"post_tag","embeddable":true,"href":"https:\/\/www.eldiario.net\/portal\/wp-json\/wp\/v2\/tags?post=319697"}],"curies":[{"name":"wp","href":"https:\/\/api.w.org\/{rel}","templated":true}]}}