{"id":319695,"date":"2025-07-27T07:40:34","date_gmt":"2025-07-27T11:40:34","guid":{"rendered":"https:\/\/www.eldiario.net\/portal\/?p=319695"},"modified":"2025-07-27T07:40:34","modified_gmt":"2025-07-27T11:40:34","slug":"es-el-fin-del-voto-util","status":"publish","type":"post","link":"https:\/\/www.eldiario.net\/portal\/2025\/07\/27\/es-el-fin-del-voto-util\/","title":{"rendered":"\u00bfEs el fin del \u201cvoto \u00fatil\u201d?"},"content":{"rendered":"<p>Los \u00faltimos 20 a\u00f1os se han caracterizado por un claro dominio electoral del \u201cmasismo\u201d y de la presencia de una oposici\u00f3n mediocre, de la cual incluso me animar\u00eda a dudar de su existencia. La oposici\u00f3n, de una u otra forma, se ha acostumbrado a \u201cvivir\u201d del voto \u00fatil, ante la ausencia de propuestas coherentes y liderazgos fuertes. La gran mayor\u00eda del electorado opositor siempre ha votado por el candidato mejor parado, siendo este un voto antimasista, m\u00e1s que por convicci\u00f3n o militancia.<br \/>\nEl momento clave y en el que el voto \u00fatil m\u00e1s fuerza tuvo fue en 2019, esto gracias a un contexto favorable y a un claro rechazo a las ambiciones prorroguistas de Evo Morales. Las propuestas y el programa de gobierno de Comunidad Ciudadana fueron una completa bazofia, pero la gente apoy\u00f3 dicha alianza porque lo primordial era \u201csacar al MAS\u201d. No fue un voto ideol\u00f3gico o por convicci\u00f3n, sino uno meramente enfocado en evitar la reelecci\u00f3n de Evo Morales, lo que gener\u00f3 un electorado muy mixto y diverso.<br \/>\nSe puede decir que el voto \u00fatil funcion\u00f3 para evitar la pr\u00f3rroga de Evo Morales en el poder, quien termin\u00f3 renunciando y escapando a M\u00e9xico con ayuda de ciertos pol\u00edticos \u201cfuncionales\u201d. Lo que sigui\u00f3 despu\u00e9s fue, desgraciadamente, un gobierno de transici\u00f3n nefasto que le devolvi\u00f3 el poder al MAS y no pudo sanear las \u201cinstituciones del Estado\u201d.<br \/>\nPara las elecciones del 2020 se esperaba que el voto \u00fatil vuelva a ser la clave para vencer al MAS, empero, contra todo pron\u00f3stico, Luis Arce gan\u00f3 con un s\u00f3lido 55%. Es evidente que dicho proceso electoral debe ser cuestionado y peor a\u00fan el accionar del Tribunal Supremo Electoral (TSE), que con diversas acciones favoreci\u00f3 el retorno del masismo. Fue evidente para el electorado opositor la importancia del voto \u00fatil, pues muchos (injustificadamente en mi opini\u00f3n), terminaron acusando a Luis Fernando Camacho de favorecer la dispersi\u00f3n del voto y el retorno del MAS.<br \/>\nPara las elecciones del presente a\u00f1o, la situaci\u00f3n es mucho m\u00e1s compleja y si hay algo que queda claro, es que el voto \u00fatil no tendr\u00e1 la fuerza de anta\u00f1o. Hoy, muchos dan por muerto al masismo e incluso se animan a afirmar que habr\u00e1 una segunda vuelta entre \u201copositores\u201d, lo cual dudo mucho que pase. La triste realidad es que la dispersi\u00f3n del voto solo favorece al MAS, que llegado el momento dejar\u00e1 sus \u201cri\u00f1as internas\u201d para una unificaci\u00f3n final que puede ser decisiva.<br \/>\nNo podemos dar por muerto al MAS. Si bien es cierto que est\u00e1 d\u00e9bil y no tiene el dominio de anta\u00f1o, tiene una gran cantidad de ventajas frente a los opositores. El TSE sigue operando a su favor (y les dar\u00e1 una gran ayuda en el proceso electoral), las leyes est\u00e1n hechas a su conveniencia y cuentan con un voto duro superior al 30%. De igual forma, creo que la victoria debe ser total. No basta con el debilitamiento del enemigo, sino hay que asegurarse de que no \u201cvuelva a pararse\u201d.<br \/>\nEn este contexto, el MAS no est\u00e1 d\u00e9bil, meramente est\u00e1 \u201cdividido\u201d y espera el m\u00e1s m\u00ednimo error de sus contrincantes para retomar su fuerza, tal como pas\u00f3 con el gobierno transitorio de Jeanine A\u00f1ez.<br \/>\nNunca he sido fan del voto \u00fatil, siempre me pareci\u00f3 que foment\u00f3 la mediocridad de los pol\u00edticos opositores. Mas creo que en el presente contexto podr\u00eda ser de mucha ayuda, sobre todo para mitigar los efectos del fraude y contar con gobernabilidad en el parlamento. Las \u00faltimas encuestas muestran que el empate t\u00e9cnico entre Tuto y Samuel hace imposible que el electorado tenga claro qui\u00e9n es el mejor posicionado, lo que indirectamente beneficia al r\u00e9gimen masista.<br \/>\nMe temo que el socialismo prepara una jugada muy oscura, que viendo la ineptitud de los opositores ser\u00e1 contundente y decisiva. Queda en manos de los bolivianos evitar que la naci\u00f3n siga siendo destruida. Es triste ver el panorama pol\u00edtico actual, al cual se puede definir con la palabra mediocre.<\/p>\n<p>Cuenta X: @fabiansfreirel<\/p>\n","protected":false},"excerpt":{"rendered":"<p>Los \u00faltimos 20 a\u00f1os se han caracterizado por un claro dominio electoral del \u201cmasismo\u201d y de la presencia de una oposici\u00f3n mediocre, de la cual incluso me animar\u00eda a dudar de su existencia. La oposici\u00f3n, de una u otra forma, se ha acostumbrado a \u201cvivir\u201d del voto \u00fatil, ante la ausencia de propuestas coherentes y [&hellip;]<\/p>\n","protected":false},"author":1,"featured_media":161834,"comment_status":"closed","ping_status":"open","sticky":false,"template":"","format":"standard","meta":{"_acf_changed":false,"footnotes":""},"categories":[9],"tags":[],"class_list":["post-319695","post","type-post","status-publish","format-standard","has-post-thumbnail","category-opinion"],"acf":{"antetitulo":""},"yoast_head":"<!-- This site is optimized with the Yoast SEO plugin v28.4 - https:\/\/yoast.com\/product\/yoast-seo-wordpress\/ -->\n<title>\u00bfEs el fin del \u201cvoto \u00fatil\u201d? - El Diario - Bolivia<\/title>\n<meta name=\"robots\" content=\"index, follow, max-snippet:-1, max-image-preview:large, max-video-preview:-1\" \/>\n<link rel=\"canonical\" href=\"https:\/\/www.eldiario.net\/portal\/2025\/07\/27\/es-el-fin-del-voto-util\/\" \/>\n<meta property=\"og:locale\" content=\"es_ES\" \/>\n<meta property=\"og:type\" content=\"article\" \/>\n<meta property=\"og:title\" content=\"\u00bfEs el fin del \u201cvoto \u00fatil\u201d? - El Diario - Bolivia\" \/>\n<meta property=\"og:description\" content=\"Los \u00faltimos 20 a\u00f1os se han caracterizado por un claro dominio electoral del \u201cmasismo\u201d y de la presencia de una oposici\u00f3n mediocre, de la cual incluso me animar\u00eda a dudar de su existencia. La oposici\u00f3n, de una u otra forma, se ha acostumbrado a \u201cvivir\u201d del voto \u00fatil, ante la ausencia de propuestas coherentes y [&hellip;]\" \/>\n<meta property=\"og:url\" content=\"https:\/\/www.eldiario.net\/portal\/2025\/07\/27\/es-el-fin-del-voto-util\/\" \/>\n<meta property=\"og:site_name\" content=\"El Diario - Bolivia\" \/>\n<meta property=\"article:publisher\" content=\"https:\/\/www.facebook.com\/eldiario.bolivia\/\" \/>\n<meta property=\"article:published_time\" content=\"2025-07-27T11:40:34+00:00\" \/>\n<meta property=\"og:image\" content=\"https:\/\/www.eldiario.net\/portal\/wp-content\/uploads\/2023\/06\/Fabian-Freire.jpg\" \/>\n\t<meta property=\"og:image:width\" content=\"1200\" \/>\n\t<meta property=\"og:image:height\" content=\"628\" \/>\n\t<meta property=\"og:image:type\" content=\"image\/jpeg\" \/>\n<meta name=\"author\" content=\"Jeanette\" \/>\n<meta name=\"twitter:card\" content=\"summary_large_image\" \/>\n<meta name=\"twitter:creator\" content=\"@eldiario_net\" \/>\n<meta name=\"twitter:site\" content=\"@eldiario_net\" \/>\n<meta name=\"twitter:label1\" content=\"Escrito por\" \/>\n\t<meta name=\"twitter:data1\" content=\"Jeanette\" \/>\n\t<meta name=\"twitter:label2\" content=\"Tiempo de lectura\" \/>\n\t<meta name=\"twitter:data2\" content=\"4 minutos\" \/>\n<script type=\"application\/ld+json\" class=\"yoast-schema-graph\">{\"@context\":\"https:\\\/\\\/schema.org\",\"@graph\":[{\"@type\":\"Article\",\"@id\":\"https:\\\/\\\/www.eldiario.net\\\/portal\\\/2025\\\/07\\\/27\\\/es-el-fin-del-voto-util\\\/#article\",\"isPartOf\":{\"@id\":\"https:\\\/\\\/www.eldiario.net\\\/portal\\\/2025\\\/07\\\/27\\\/es-el-fin-del-voto-util\\\/\"},\"author\":{\"name\":\"Jeanette\",\"@id\":\"https:\\\/\\\/www.eldiario.net\\\/portal\\\/#\\\/schema\\\/person\\\/2c57cf2b7a7ae032e449e4c9b1019eac\"},\"headline\":\"\u00bfEs el fin del \u201cvoto \u00fatil\u201d?\",\"datePublished\":\"2025-07-27T11:40:34+00:00\",\"mainEntityOfPage\":{\"@id\":\"https:\\\/\\\/www.eldiario.net\\\/portal\\\/2025\\\/07\\\/27\\\/es-el-fin-del-voto-util\\\/\"},\"wordCount\":703,\"publisher\":{\"@id\":\"https:\\\/\\\/www.eldiario.net\\\/portal\\\/#organization\"},\"image\":{\"@id\":\"https:\\\/\\\/www.eldiario.net\\\/portal\\\/2025\\\/07\\\/27\\\/es-el-fin-del-voto-util\\\/#primaryimage\"},\"thumbnailUrl\":\"https:\\\/\\\/www.eldiario.net\\\/portal\\\/wp-content\\\/uploads\\\/2023\\\/06\\\/Fabian-Freire.jpg\",\"articleSection\":[\"Opini\u00f3n\"],\"inLanguage\":\"es\"},{\"@type\":\"WebPage\",\"@id\":\"https:\\\/\\\/www.eldiario.net\\\/portal\\\/2025\\\/07\\\/27\\\/es-el-fin-del-voto-util\\\/\",\"url\":\"https:\\\/\\\/www.eldiario.net\\\/portal\\\/2025\\\/07\\\/27\\\/es-el-fin-del-voto-util\\\/\",\"name\":\"\u00bfEs el fin del \u201cvoto \u00fatil\u201d? - El Diario - Bolivia\",\"isPartOf\":{\"@id\":\"https:\\\/\\\/www.eldiario.net\\\/portal\\\/#website\"},\"primaryImageOfPage\":{\"@id\":\"https:\\\/\\\/www.eldiario.net\\\/portal\\\/2025\\\/07\\\/27\\\/es-el-fin-del-voto-util\\\/#primaryimage\"},\"image\":{\"@id\":\"https:\\\/\\\/www.eldiario.net\\\/portal\\\/2025\\\/07\\\/27\\\/es-el-fin-del-voto-util\\\/#primaryimage\"},\"thumbnailUrl\":\"https:\\\/\\\/www.eldiario.net\\\/portal\\\/wp-content\\\/uploads\\\/2023\\\/06\\\/Fabian-Freire.jpg\",\"datePublished\":\"2025-07-27T11:40:34+00:00\",\"breadcrumb\":{\"@id\":\"https:\\\/\\\/www.eldiario.net\\\/portal\\\/2025\\\/07\\\/27\\\/es-el-fin-del-voto-util\\\/#breadcrumb\"},\"inLanguage\":\"es\",\"potentialAction\":[{\"@type\":\"ReadAction\",\"target\":[\"https:\\\/\\\/www.eldiario.net\\\/portal\\\/2025\\\/07\\\/27\\\/es-el-fin-del-voto-util\\\/\"]}]},{\"@type\":\"ImageObject\",\"inLanguage\":\"es\",\"@id\":\"https:\\\/\\\/www.eldiario.net\\\/portal\\\/2025\\\/07\\\/27\\\/es-el-fin-del-voto-util\\\/#primaryimage\",\"url\":\"https:\\\/\\\/www.eldiario.net\\\/portal\\\/wp-content\\\/uploads\\\/2023\\\/06\\\/Fabian-Freire.jpg\",\"contentUrl\":\"https:\\\/\\\/www.eldiario.net\\\/portal\\\/wp-content\\\/uploads\\\/2023\\\/06\\\/Fabian-Freire.jpg\",\"width\":1200,\"height\":628,\"caption\":\"Fabian Freire\"},{\"@type\":\"BreadcrumbList\",\"@id\":\"https:\\\/\\\/www.eldiario.net\\\/portal\\\/2025\\\/07\\\/27\\\/es-el-fin-del-voto-util\\\/#breadcrumb\",\"itemListElement\":[{\"@type\":\"ListItem\",\"position\":1,\"name\":\"Portada\",\"item\":\"https:\\\/\\\/www.eldiario.net\\\/portal\\\/\"},{\"@type\":\"ListItem\",\"position\":2,\"name\":\"\u00bfEs el fin del \u201cvoto \u00fatil\u201d?\"}]},{\"@type\":\"WebSite\",\"@id\":\"https:\\\/\\\/www.eldiario.net\\\/portal\\\/#website\",\"url\":\"https:\\\/\\\/www.eldiario.net\\\/portal\\\/\",\"name\":\"El Diario - Decano de la prensa nacional\",\"description\":\"El Diario - Decano de la prensa nacional\",\"publisher\":{\"@id\":\"https:\\\/\\\/www.eldiario.net\\\/portal\\\/#organization\"},\"potentialAction\":[{\"@type\":\"SearchAction\",\"target\":{\"@type\":\"EntryPoint\",\"urlTemplate\":\"https:\\\/\\\/www.eldiario.net\\\/portal\\\/?s={search_term_string}\"},\"query-input\":{\"@type\":\"PropertyValueSpecification\",\"valueRequired\":true,\"valueName\":\"search_term_string\"}}],\"inLanguage\":\"es\"},{\"@type\":\"Organization\",\"@id\":\"https:\\\/\\\/www.eldiario.net\\\/portal\\\/#organization\",\"name\":\"El Diario - Decano de la prensa nacional\",\"url\":\"https:\\\/\\\/www.eldiario.net\\\/portal\\\/\",\"logo\":{\"@type\":\"ImageObject\",\"inLanguage\":\"es\",\"@id\":\"https:\\\/\\\/www.eldiario.net\\\/portal\\\/#\\\/schema\\\/logo\\\/image\\\/\",\"url\":\"https:\\\/\\\/www.eldiario.net\\\/portal\\\/wp-content\\\/uploads\\\/2023\\\/07\\\/logo_ED.jpg\",\"contentUrl\":\"https:\\\/\\\/www.eldiario.net\\\/portal\\\/wp-content\\\/uploads\\\/2023\\\/07\\\/logo_ED.jpg\",\"width\":272,\"height\":52,\"caption\":\"El Diario - Decano de la prensa nacional\"},\"image\":{\"@id\":\"https:\\\/\\\/www.eldiario.net\\\/portal\\\/#\\\/schema\\\/logo\\\/image\\\/\"},\"sameAs\":[\"https:\\\/\\\/www.facebook.com\\\/eldiario.bolivia\\\/\",\"https:\\\/\\\/x.com\\\/eldiario_net\"]},{\"@type\":\"Person\",\"@id\":\"https:\\\/\\\/www.eldiario.net\\\/portal\\\/#\\\/schema\\\/person\\\/2c57cf2b7a7ae032e449e4c9b1019eac\",\"name\":\"Jeanette\",\"image\":{\"@type\":\"ImageObject\",\"inLanguage\":\"es\",\"@id\":\"https:\\\/\\\/secure.gravatar.com\\\/avatar\\\/3ea2118a5f7dad2b7138b1187a6b7ee55f160b9968b66013c3a3ef39dd7e5798?s=96&d=mm&r=g\",\"url\":\"https:\\\/\\\/secure.gravatar.com\\\/avatar\\\/3ea2118a5f7dad2b7138b1187a6b7ee55f160b9968b66013c3a3ef39dd7e5798?s=96&d=mm&r=g\",\"contentUrl\":\"https:\\\/\\\/secure.gravatar.com\\\/avatar\\\/3ea2118a5f7dad2b7138b1187a6b7ee55f160b9968b66013c3a3ef39dd7e5798?s=96&d=mm&r=g\",\"caption\":\"Jeanette\"},\"sameAs\":[\"https:\\\/\\\/www.eldiario.net\\\/portal\"],\"url\":\"https:\\\/\\\/www.eldiario.net\\\/portal\\\/author\\\/jeanette\\\/\"}]}<\/script>\n<!-- \/ Yoast SEO plugin. -->","yoast_head_json":{"title":"\u00bfEs el fin del \u201cvoto \u00fatil\u201d? - El Diario - Bolivia","robots":{"index":"index","follow":"follow","max-snippet":"max-snippet:-1","max-image-preview":"max-image-preview:large","max-video-preview":"max-video-preview:-1"},"canonical":"https:\/\/www.eldiario.net\/portal\/2025\/07\/27\/es-el-fin-del-voto-util\/","og_locale":"es_ES","og_type":"article","og_title":"\u00bfEs el fin del \u201cvoto \u00fatil\u201d? - El Diario - Bolivia","og_description":"Los \u00faltimos 20 a\u00f1os se han caracterizado por un claro dominio electoral del \u201cmasismo\u201d y de la presencia de una oposici\u00f3n mediocre, de la cual incluso me animar\u00eda a dudar de su existencia. La oposici\u00f3n, de una u otra forma, se ha acostumbrado a \u201cvivir\u201d del voto \u00fatil, ante la ausencia de propuestas coherentes y [&hellip;]","og_url":"https:\/\/www.eldiario.net\/portal\/2025\/07\/27\/es-el-fin-del-voto-util\/","og_site_name":"El Diario - Bolivia","article_publisher":"https:\/\/www.facebook.com\/eldiario.bolivia\/","article_published_time":"2025-07-27T11:40:34+00:00","og_image":[{"width":1200,"height":628,"url":"https:\/\/www.eldiario.net\/portal\/wp-content\/uploads\/2023\/06\/Fabian-Freire.jpg","type":"image\/jpeg"}],"author":"Jeanette","twitter_card":"summary_large_image","twitter_creator":"@eldiario_net","twitter_site":"@eldiario_net","twitter_misc":{"Escrito por":"Jeanette","Tiempo de lectura":"4 minutos"},"schema":{"@context":"https:\/\/schema.org","@graph":[{"@type":"Article","@id":"https:\/\/www.eldiario.net\/portal\/2025\/07\/27\/es-el-fin-del-voto-util\/#article","isPartOf":{"@id":"https:\/\/www.eldiario.net\/portal\/2025\/07\/27\/es-el-fin-del-voto-util\/"},"author":{"name":"Jeanette","@id":"https:\/\/www.eldiario.net\/portal\/#\/schema\/person\/2c57cf2b7a7ae032e449e4c9b1019eac"},"headline":"\u00bfEs el fin del \u201cvoto \u00fatil\u201d?","datePublished":"2025-07-27T11:40:34+00:00","mainEntityOfPage":{"@id":"https:\/\/www.eldiario.net\/portal\/2025\/07\/27\/es-el-fin-del-voto-util\/"},"wordCount":703,"publisher":{"@id":"https:\/\/www.eldiario.net\/portal\/#organization"},"image":{"@id":"https:\/\/www.eldiario.net\/portal\/2025\/07\/27\/es-el-fin-del-voto-util\/#primaryimage"},"thumbnailUrl":"https:\/\/www.eldiario.net\/portal\/wp-content\/uploads\/2023\/06\/Fabian-Freire.jpg","articleSection":["Opini\u00f3n"],"inLanguage":"es"},{"@type":"WebPage","@id":"https:\/\/www.eldiario.net\/portal\/2025\/07\/27\/es-el-fin-del-voto-util\/","url":"https:\/\/www.eldiario.net\/portal\/2025\/07\/27\/es-el-fin-del-voto-util\/","name":"\u00bfEs el fin del \u201cvoto \u00fatil\u201d? - El Diario - Bolivia","isPartOf":{"@id":"https:\/\/www.eldiario.net\/portal\/#website"},"primaryImageOfPage":{"@id":"https:\/\/www.eldiario.net\/portal\/2025\/07\/27\/es-el-fin-del-voto-util\/#primaryimage"},"image":{"@id":"https:\/\/www.eldiario.net\/portal\/2025\/07\/27\/es-el-fin-del-voto-util\/#primaryimage"},"thumbnailUrl":"https:\/\/www.eldiario.net\/portal\/wp-content\/uploads\/2023\/06\/Fabian-Freire.jpg","datePublished":"2025-07-27T11:40:34+00:00","breadcrumb":{"@id":"https:\/\/www.eldiario.net\/portal\/2025\/07\/27\/es-el-fin-del-voto-util\/#breadcrumb"},"inLanguage":"es","potentialAction":[{"@type":"ReadAction","target":["https:\/\/www.eldiario.net\/portal\/2025\/07\/27\/es-el-fin-del-voto-util\/"]}]},{"@type":"ImageObject","inLanguage":"es","@id":"https:\/\/www.eldiario.net\/portal\/2025\/07\/27\/es-el-fin-del-voto-util\/#primaryimage","url":"https:\/\/www.eldiario.net\/portal\/wp-content\/uploads\/2023\/06\/Fabian-Freire.jpg","contentUrl":"https:\/\/www.eldiario.net\/portal\/wp-content\/uploads\/2023\/06\/Fabian-Freire.jpg","width":1200,"height":628,"caption":"Fabian Freire"},{"@type":"BreadcrumbList","@id":"https:\/\/www.eldiario.net\/portal\/2025\/07\/27\/es-el-fin-del-voto-util\/#breadcrumb","itemListElement":[{"@type":"ListItem","position":1,"name":"Portada","item":"https:\/\/www.eldiario.net\/portal\/"},{"@type":"ListItem","position":2,"name":"\u00bfEs el fin del \u201cvoto \u00fatil\u201d?"}]},{"@type":"WebSite","@id":"https:\/\/www.eldiario.net\/portal\/#website","url":"https:\/\/www.eldiario.net\/portal\/","name":"El Diario - Decano de la prensa nacional","description":"El Diario - Decano de la prensa nacional","publisher":{"@id":"https:\/\/www.eldiario.net\/portal\/#organization"},"potentialAction":[{"@type":"SearchAction","target":{"@type":"EntryPoint","urlTemplate":"https:\/\/www.eldiario.net\/portal\/?s={search_term_string}"},"query-input":{"@type":"PropertyValueSpecification","valueRequired":true,"valueName":"search_term_string"}}],"inLanguage":"es"},{"@type":"Organization","@id":"https:\/\/www.eldiario.net\/portal\/#organization","name":"El Diario - Decano de la prensa nacional","url":"https:\/\/www.eldiario.net\/portal\/","logo":{"@type":"ImageObject","inLanguage":"es","@id":"https:\/\/www.eldiario.net\/portal\/#\/schema\/logo\/image\/","url":"https:\/\/www.eldiario.net\/portal\/wp-content\/uploads\/2023\/07\/logo_ED.jpg","contentUrl":"https:\/\/www.eldiario.net\/portal\/wp-content\/uploads\/2023\/07\/logo_ED.jpg","width":272,"height":52,"caption":"El Diario - Decano de la prensa nacional"},"image":{"@id":"https:\/\/www.eldiario.net\/portal\/#\/schema\/logo\/image\/"},"sameAs":["https:\/\/www.facebook.com\/eldiario.bolivia\/","https:\/\/x.com\/eldiario_net"]},{"@type":"Person","@id":"https:\/\/www.eldiario.net\/portal\/#\/schema\/person\/2c57cf2b7a7ae032e449e4c9b1019eac","name":"Jeanette","image":{"@type":"ImageObject","inLanguage":"es","@id":"https:\/\/secure.gravatar.com\/avatar\/3ea2118a5f7dad2b7138b1187a6b7ee55f160b9968b66013c3a3ef39dd7e5798?s=96&d=mm&r=g","url":"https:\/\/secure.gravatar.com\/avatar\/3ea2118a5f7dad2b7138b1187a6b7ee55f160b9968b66013c3a3ef39dd7e5798?s=96&d=mm&r=g","contentUrl":"https:\/\/secure.gravatar.com\/avatar\/3ea2118a5f7dad2b7138b1187a6b7ee55f160b9968b66013c3a3ef39dd7e5798?s=96&d=mm&r=g","caption":"Jeanette"},"sameAs":["https:\/\/www.eldiario.net\/portal"],"url":"https:\/\/www.eldiario.net\/portal\/author\/jeanette\/"}]}},"_links":{"self":[{"href":"https:\/\/www.eldiario.net\/portal\/wp-json\/wp\/v2\/posts\/319695","targetHints":{"allow":["GET"]}}],"collection":[{"href":"https:\/\/www.eldiario.net\/portal\/wp-json\/wp\/v2\/posts"}],"about":[{"href":"https:\/\/www.eldiario.net\/portal\/wp-json\/wp\/v2\/types\/post"}],"author":[{"embeddable":true,"href":"https:\/\/www.eldiario.net\/portal\/wp-json\/wp\/v2\/users\/1"}],"replies":[{"embeddable":true,"href":"https:\/\/www.eldiario.net\/portal\/wp-json\/wp\/v2\/comments?post=319695"}],"version-history":[{"count":1,"href":"https:\/\/www.eldiario.net\/portal\/wp-json\/wp\/v2\/posts\/319695\/revisions"}],"predecessor-version":[{"id":319696,"href":"https:\/\/www.eldiario.net\/portal\/wp-json\/wp\/v2\/posts\/319695\/revisions\/319696"}],"wp:featuredmedia":[{"embeddable":true,"href":"https:\/\/www.eldiario.net\/portal\/wp-json\/wp\/v2\/media\/161834"}],"wp:attachment":[{"href":"https:\/\/www.eldiario.net\/portal\/wp-json\/wp\/v2\/media?parent=319695"}],"wp:term":[{"taxonomy":"category","embeddable":true,"href":"https:\/\/www.eldiario.net\/portal\/wp-json\/wp\/v2\/categories?post=319695"},{"taxonomy":"post_tag","embeddable":true,"href":"https:\/\/www.eldiario.net\/portal\/wp-json\/wp\/v2\/tags?post=319695"}],"curies":[{"name":"wp","href":"https:\/\/api.w.org\/{rel}","templated":true}]}}