{"id":319693,"date":"2025-07-27T07:39:01","date_gmt":"2025-07-27T11:39:01","guid":{"rendered":"https:\/\/www.eldiario.net\/portal\/?p=319693"},"modified":"2025-07-27T07:39:01","modified_gmt":"2025-07-27T11:39:01","slug":"el-ungido-por-el-senor-se-desvive-por-amar","status":"publish","type":"post","link":"https:\/\/www.eldiario.net\/portal\/2025\/07\/27\/el-ungido-por-el-senor-se-desvive-por-amar\/","title":{"rendered":"El ungido por el Se\u00f1or se desvive por amar"},"content":{"rendered":"<p>El hijo de Dios vivo, nos reconcilia: Viviendo el seguimiento y anunciando el Evangelio, ahondamos en la m\u00edstica b\u00fasqueda y penetramos en su contemplativa, con los ojos del coraz\u00f3n. No hace falta mover los labios para concebir la grandeza Omnipotente, ni remover tampoco los sentimientos; pues, la certeza, nos lleva a abrirnos al amor y a reabrirnos a morar como personas que se sienten prendadas por el Padre, redimidas por el Hijo y fortalecidas por el Par\u00e1clito.<\/p>\n<p>I.- SIN CRISTO ANDAMOS PERDIDOS<br \/>\nNada somos sin Cristo al lado, necesitamos sentirlo para ser; y al ser, florecemos a la vida; para reencontrarnos con Dios, y refundirnos con su Vocablo. La firme llamada es un signo, de que el Se\u00f1or est\u00e1 conmigo, de que tampoco nos abandona, de que nos acompa\u00f1a a diario, creci\u00e9ndonos de amor la savia. Es el pan bajado del Alt\u00edsimo, lo que nos alienta y alimenta, lo que nos sustenta y sostiene, lo que nos imprime esperanza: un pedazo de cielo en el alma.<\/p>\n<p>II.- CON CRISTO FLORECEMOS ET\u00c9REOS<br \/>\nPor el mundo estamos de paso, hay que despojarse de mandos, desmembrarse de perversiones, y desnutrirse de corrupciones, para en verso nutrirse de besos. Jesucristo ha trazado la senda, nos ha nombrado a su calzada; s\u00f3lo hay que seguirle a diario, asistir a su invocaci\u00f3n siempre, y desistir de sembrar maldades. Lo importante es regenerarse, llenarse de su pasi\u00f3n gloriosa, vaciarse de todas las malicias, para envolverse de serenidad, y retornar al torno purificador.<\/p>\n<p>III.- BAJO EL SE\u00d1OR TODO ES EXISTENCIA<br \/>\nJustos sean los vientos eternos, que nos eximen de las ofensas, volvi\u00e9ndonos amigos de Dios, al paladear del verdadero pan, y al ingerir de semejante c\u00e1liz. Alcancemos el huerto viviente, obremos con la m\u00edstica divina, salgamos de la usura humana, entremos en la reconstrucci\u00f3n, con el prop\u00f3sito de ofrecernos. Entregarnos al poder de Dios, es darnos a la dicha del querer; querer que centellea su verdad, que irradia su rayo de bondad, pues buscando el bien se halla.<\/p>\n<p>corcoba@telefonica.net<\/p>\n","protected":false},"excerpt":{"rendered":"<p>El hijo de Dios vivo, nos reconcilia: Viviendo el seguimiento y anunciando el Evangelio, ahondamos en la m\u00edstica b\u00fasqueda y penetramos en su contemplativa, con los ojos del coraz\u00f3n. No hace falta mover los labios para concebir la grandeza Omnipotente, ni remover tampoco los sentimientos; pues, la certeza, nos lleva a abrirnos al amor y [&hellip;]<\/p>\n","protected":false},"author":1,"featured_media":158260,"comment_status":"closed","ping_status":"open","sticky":false,"template":"","format":"standard","meta":{"_acf_changed":false,"footnotes":""},"categories":[9],"tags":[],"class_list":["post-319693","post","type-post","status-publish","format-standard","has-post-thumbnail","category-opinion"],"acf":{"antetitulo":"Compartiendo di\u00e1logos conmigo mismo"},"yoast_head":"<!-- This site is optimized with the Yoast SEO plugin v28.4 - https:\/\/yoast.com\/product\/yoast-seo-wordpress\/ -->\n<title>El ungido por el Se\u00f1or se desvive por amar - El Diario - Bolivia<\/title>\n<meta name=\"robots\" content=\"index, follow, max-snippet:-1, max-image-preview:large, max-video-preview:-1\" \/>\n<link rel=\"canonical\" href=\"https:\/\/www.eldiario.net\/portal\/2025\/07\/27\/el-ungido-por-el-senor-se-desvive-por-amar\/\" \/>\n<meta property=\"og:locale\" content=\"es_ES\" \/>\n<meta property=\"og:type\" content=\"article\" \/>\n<meta property=\"og:title\" content=\"El ungido por el Se\u00f1or se desvive por amar - El Diario - Bolivia\" \/>\n<meta property=\"og:description\" content=\"El hijo de Dios vivo, nos reconcilia: Viviendo el seguimiento y anunciando el Evangelio, ahondamos en la m\u00edstica b\u00fasqueda y penetramos en su contemplativa, con los ojos del coraz\u00f3n. No hace falta mover los labios para concebir la grandeza Omnipotente, ni remover tampoco los sentimientos; pues, la certeza, nos lleva a abrirnos al amor y [&hellip;]\" \/>\n<meta property=\"og:url\" content=\"https:\/\/www.eldiario.net\/portal\/2025\/07\/27\/el-ungido-por-el-senor-se-desvive-por-amar\/\" \/>\n<meta property=\"og:site_name\" content=\"El Diario - Bolivia\" \/>\n<meta property=\"article:publisher\" content=\"https:\/\/www.facebook.com\/eldiario.bolivia\/\" \/>\n<meta property=\"article:published_time\" content=\"2025-07-27T11:39:01+00:00\" \/>\n<meta property=\"og:image\" content=\"https:\/\/www.eldiario.net\/portal\/wp-content\/uploads\/2023\/06\/Victor-Corcoba-Herrero-1.jpg\" \/>\n\t<meta property=\"og:image:width\" content=\"1200\" \/>\n\t<meta property=\"og:image:height\" content=\"628\" \/>\n\t<meta property=\"og:image:type\" content=\"image\/jpeg\" \/>\n<meta name=\"author\" content=\"Jeanette\" \/>\n<meta name=\"twitter:card\" content=\"summary_large_image\" \/>\n<meta name=\"twitter:creator\" content=\"@eldiario_net\" \/>\n<meta name=\"twitter:site\" content=\"@eldiario_net\" \/>\n<meta name=\"twitter:label1\" content=\"Escrito por\" \/>\n\t<meta name=\"twitter:data1\" content=\"Jeanette\" \/>\n\t<meta name=\"twitter:label2\" content=\"Tiempo de lectura\" \/>\n\t<meta name=\"twitter:data2\" content=\"2 minutos\" \/>\n<script type=\"application\/ld+json\" class=\"yoast-schema-graph\">{\"@context\":\"https:\\\/\\\/schema.org\",\"@graph\":[{\"@type\":\"Article\",\"@id\":\"https:\\\/\\\/www.eldiario.net\\\/portal\\\/2025\\\/07\\\/27\\\/el-ungido-por-el-senor-se-desvive-por-amar\\\/#article\",\"isPartOf\":{\"@id\":\"https:\\\/\\\/www.eldiario.net\\\/portal\\\/2025\\\/07\\\/27\\\/el-ungido-por-el-senor-se-desvive-por-amar\\\/\"},\"author\":{\"name\":\"Jeanette\",\"@id\":\"https:\\\/\\\/www.eldiario.net\\\/portal\\\/#\\\/schema\\\/person\\\/2c57cf2b7a7ae032e449e4c9b1019eac\"},\"headline\":\"El ungido por el Se\u00f1or se desvive por amar\",\"datePublished\":\"2025-07-27T11:39:01+00:00\",\"mainEntityOfPage\":{\"@id\":\"https:\\\/\\\/www.eldiario.net\\\/portal\\\/2025\\\/07\\\/27\\\/el-ungido-por-el-senor-se-desvive-por-amar\\\/\"},\"wordCount\":364,\"publisher\":{\"@id\":\"https:\\\/\\\/www.eldiario.net\\\/portal\\\/#organization\"},\"image\":{\"@id\":\"https:\\\/\\\/www.eldiario.net\\\/portal\\\/2025\\\/07\\\/27\\\/el-ungido-por-el-senor-se-desvive-por-amar\\\/#primaryimage\"},\"thumbnailUrl\":\"https:\\\/\\\/www.eldiario.net\\\/portal\\\/wp-content\\\/uploads\\\/2023\\\/06\\\/Victor-Corcoba-Herrero-1.jpg\",\"articleSection\":[\"Opini\u00f3n\"],\"inLanguage\":\"es\"},{\"@type\":\"WebPage\",\"@id\":\"https:\\\/\\\/www.eldiario.net\\\/portal\\\/2025\\\/07\\\/27\\\/el-ungido-por-el-senor-se-desvive-por-amar\\\/\",\"url\":\"https:\\\/\\\/www.eldiario.net\\\/portal\\\/2025\\\/07\\\/27\\\/el-ungido-por-el-senor-se-desvive-por-amar\\\/\",\"name\":\"El ungido por el Se\u00f1or se desvive por amar - El Diario - Bolivia\",\"isPartOf\":{\"@id\":\"https:\\\/\\\/www.eldiario.net\\\/portal\\\/#website\"},\"primaryImageOfPage\":{\"@id\":\"https:\\\/\\\/www.eldiario.net\\\/portal\\\/2025\\\/07\\\/27\\\/el-ungido-por-el-senor-se-desvive-por-amar\\\/#primaryimage\"},\"image\":{\"@id\":\"https:\\\/\\\/www.eldiario.net\\\/portal\\\/2025\\\/07\\\/27\\\/el-ungido-por-el-senor-se-desvive-por-amar\\\/#primaryimage\"},\"thumbnailUrl\":\"https:\\\/\\\/www.eldiario.net\\\/portal\\\/wp-content\\\/uploads\\\/2023\\\/06\\\/Victor-Corcoba-Herrero-1.jpg\",\"datePublished\":\"2025-07-27T11:39:01+00:00\",\"breadcrumb\":{\"@id\":\"https:\\\/\\\/www.eldiario.net\\\/portal\\\/2025\\\/07\\\/27\\\/el-ungido-por-el-senor-se-desvive-por-amar\\\/#breadcrumb\"},\"inLanguage\":\"es\",\"potentialAction\":[{\"@type\":\"ReadAction\",\"target\":[\"https:\\\/\\\/www.eldiario.net\\\/portal\\\/2025\\\/07\\\/27\\\/el-ungido-por-el-senor-se-desvive-por-amar\\\/\"]}]},{\"@type\":\"ImageObject\",\"inLanguage\":\"es\",\"@id\":\"https:\\\/\\\/www.eldiario.net\\\/portal\\\/2025\\\/07\\\/27\\\/el-ungido-por-el-senor-se-desvive-por-amar\\\/#primaryimage\",\"url\":\"https:\\\/\\\/www.eldiario.net\\\/portal\\\/wp-content\\\/uploads\\\/2023\\\/06\\\/Victor-Corcoba-Herrero-1.jpg\",\"contentUrl\":\"https:\\\/\\\/www.eldiario.net\\\/portal\\\/wp-content\\\/uploads\\\/2023\\\/06\\\/Victor-Corcoba-Herrero-1.jpg\",\"width\":1200,\"height\":628,\"caption\":\"V\u00edctor Corcoba Herrero\"},{\"@type\":\"BreadcrumbList\",\"@id\":\"https:\\\/\\\/www.eldiario.net\\\/portal\\\/2025\\\/07\\\/27\\\/el-ungido-por-el-senor-se-desvive-por-amar\\\/#breadcrumb\",\"itemListElement\":[{\"@type\":\"ListItem\",\"position\":1,\"name\":\"Portada\",\"item\":\"https:\\\/\\\/www.eldiario.net\\\/portal\\\/\"},{\"@type\":\"ListItem\",\"position\":2,\"name\":\"El ungido por el Se\u00f1or se desvive por amar\"}]},{\"@type\":\"WebSite\",\"@id\":\"https:\\\/\\\/www.eldiario.net\\\/portal\\\/#website\",\"url\":\"https:\\\/\\\/www.eldiario.net\\\/portal\\\/\",\"name\":\"El Diario - Decano de la prensa nacional\",\"description\":\"El Diario - Decano de la prensa nacional\",\"publisher\":{\"@id\":\"https:\\\/\\\/www.eldiario.net\\\/portal\\\/#organization\"},\"potentialAction\":[{\"@type\":\"SearchAction\",\"target\":{\"@type\":\"EntryPoint\",\"urlTemplate\":\"https:\\\/\\\/www.eldiario.net\\\/portal\\\/?s={search_term_string}\"},\"query-input\":{\"@type\":\"PropertyValueSpecification\",\"valueRequired\":true,\"valueName\":\"search_term_string\"}}],\"inLanguage\":\"es\"},{\"@type\":\"Organization\",\"@id\":\"https:\\\/\\\/www.eldiario.net\\\/portal\\\/#organization\",\"name\":\"El Diario - Decano de la prensa nacional\",\"url\":\"https:\\\/\\\/www.eldiario.net\\\/portal\\\/\",\"logo\":{\"@type\":\"ImageObject\",\"inLanguage\":\"es\",\"@id\":\"https:\\\/\\\/www.eldiario.net\\\/portal\\\/#\\\/schema\\\/logo\\\/image\\\/\",\"url\":\"https:\\\/\\\/www.eldiario.net\\\/portal\\\/wp-content\\\/uploads\\\/2023\\\/07\\\/logo_ED.jpg\",\"contentUrl\":\"https:\\\/\\\/www.eldiario.net\\\/portal\\\/wp-content\\\/uploads\\\/2023\\\/07\\\/logo_ED.jpg\",\"width\":272,\"height\":52,\"caption\":\"El Diario - Decano de la prensa nacional\"},\"image\":{\"@id\":\"https:\\\/\\\/www.eldiario.net\\\/portal\\\/#\\\/schema\\\/logo\\\/image\\\/\"},\"sameAs\":[\"https:\\\/\\\/www.facebook.com\\\/eldiario.bolivia\\\/\",\"https:\\\/\\\/x.com\\\/eldiario_net\"]},{\"@type\":\"Person\",\"@id\":\"https:\\\/\\\/www.eldiario.net\\\/portal\\\/#\\\/schema\\\/person\\\/2c57cf2b7a7ae032e449e4c9b1019eac\",\"name\":\"Jeanette\",\"image\":{\"@type\":\"ImageObject\",\"inLanguage\":\"es\",\"@id\":\"https:\\\/\\\/secure.gravatar.com\\\/avatar\\\/3ea2118a5f7dad2b7138b1187a6b7ee55f160b9968b66013c3a3ef39dd7e5798?s=96&d=mm&r=g\",\"url\":\"https:\\\/\\\/secure.gravatar.com\\\/avatar\\\/3ea2118a5f7dad2b7138b1187a6b7ee55f160b9968b66013c3a3ef39dd7e5798?s=96&d=mm&r=g\",\"contentUrl\":\"https:\\\/\\\/secure.gravatar.com\\\/avatar\\\/3ea2118a5f7dad2b7138b1187a6b7ee55f160b9968b66013c3a3ef39dd7e5798?s=96&d=mm&r=g\",\"caption\":\"Jeanette\"},\"sameAs\":[\"https:\\\/\\\/www.eldiario.net\\\/portal\"],\"url\":\"https:\\\/\\\/www.eldiario.net\\\/portal\\\/author\\\/jeanette\\\/\"}]}<\/script>\n<!-- \/ Yoast SEO plugin. -->","yoast_head_json":{"title":"El ungido por el Se\u00f1or se desvive por amar - El Diario - Bolivia","robots":{"index":"index","follow":"follow","max-snippet":"max-snippet:-1","max-image-preview":"max-image-preview:large","max-video-preview":"max-video-preview:-1"},"canonical":"https:\/\/www.eldiario.net\/portal\/2025\/07\/27\/el-ungido-por-el-senor-se-desvive-por-amar\/","og_locale":"es_ES","og_type":"article","og_title":"El ungido por el Se\u00f1or se desvive por amar - El Diario - Bolivia","og_description":"El hijo de Dios vivo, nos reconcilia: Viviendo el seguimiento y anunciando el Evangelio, ahondamos en la m\u00edstica b\u00fasqueda y penetramos en su contemplativa, con los ojos del coraz\u00f3n. No hace falta mover los labios para concebir la grandeza Omnipotente, ni remover tampoco los sentimientos; pues, la certeza, nos lleva a abrirnos al amor y [&hellip;]","og_url":"https:\/\/www.eldiario.net\/portal\/2025\/07\/27\/el-ungido-por-el-senor-se-desvive-por-amar\/","og_site_name":"El Diario - Bolivia","article_publisher":"https:\/\/www.facebook.com\/eldiario.bolivia\/","article_published_time":"2025-07-27T11:39:01+00:00","og_image":[{"width":1200,"height":628,"url":"https:\/\/www.eldiario.net\/portal\/wp-content\/uploads\/2023\/06\/Victor-Corcoba-Herrero-1.jpg","type":"image\/jpeg"}],"author":"Jeanette","twitter_card":"summary_large_image","twitter_creator":"@eldiario_net","twitter_site":"@eldiario_net","twitter_misc":{"Escrito por":"Jeanette","Tiempo de lectura":"2 minutos"},"schema":{"@context":"https:\/\/schema.org","@graph":[{"@type":"Article","@id":"https:\/\/www.eldiario.net\/portal\/2025\/07\/27\/el-ungido-por-el-senor-se-desvive-por-amar\/#article","isPartOf":{"@id":"https:\/\/www.eldiario.net\/portal\/2025\/07\/27\/el-ungido-por-el-senor-se-desvive-por-amar\/"},"author":{"name":"Jeanette","@id":"https:\/\/www.eldiario.net\/portal\/#\/schema\/person\/2c57cf2b7a7ae032e449e4c9b1019eac"},"headline":"El ungido por el Se\u00f1or se desvive por amar","datePublished":"2025-07-27T11:39:01+00:00","mainEntityOfPage":{"@id":"https:\/\/www.eldiario.net\/portal\/2025\/07\/27\/el-ungido-por-el-senor-se-desvive-por-amar\/"},"wordCount":364,"publisher":{"@id":"https:\/\/www.eldiario.net\/portal\/#organization"},"image":{"@id":"https:\/\/www.eldiario.net\/portal\/2025\/07\/27\/el-ungido-por-el-senor-se-desvive-por-amar\/#primaryimage"},"thumbnailUrl":"https:\/\/www.eldiario.net\/portal\/wp-content\/uploads\/2023\/06\/Victor-Corcoba-Herrero-1.jpg","articleSection":["Opini\u00f3n"],"inLanguage":"es"},{"@type":"WebPage","@id":"https:\/\/www.eldiario.net\/portal\/2025\/07\/27\/el-ungido-por-el-senor-se-desvive-por-amar\/","url":"https:\/\/www.eldiario.net\/portal\/2025\/07\/27\/el-ungido-por-el-senor-se-desvive-por-amar\/","name":"El ungido por el Se\u00f1or se desvive por amar - El Diario - Bolivia","isPartOf":{"@id":"https:\/\/www.eldiario.net\/portal\/#website"},"primaryImageOfPage":{"@id":"https:\/\/www.eldiario.net\/portal\/2025\/07\/27\/el-ungido-por-el-senor-se-desvive-por-amar\/#primaryimage"},"image":{"@id":"https:\/\/www.eldiario.net\/portal\/2025\/07\/27\/el-ungido-por-el-senor-se-desvive-por-amar\/#primaryimage"},"thumbnailUrl":"https:\/\/www.eldiario.net\/portal\/wp-content\/uploads\/2023\/06\/Victor-Corcoba-Herrero-1.jpg","datePublished":"2025-07-27T11:39:01+00:00","breadcrumb":{"@id":"https:\/\/www.eldiario.net\/portal\/2025\/07\/27\/el-ungido-por-el-senor-se-desvive-por-amar\/#breadcrumb"},"inLanguage":"es","potentialAction":[{"@type":"ReadAction","target":["https:\/\/www.eldiario.net\/portal\/2025\/07\/27\/el-ungido-por-el-senor-se-desvive-por-amar\/"]}]},{"@type":"ImageObject","inLanguage":"es","@id":"https:\/\/www.eldiario.net\/portal\/2025\/07\/27\/el-ungido-por-el-senor-se-desvive-por-amar\/#primaryimage","url":"https:\/\/www.eldiario.net\/portal\/wp-content\/uploads\/2023\/06\/Victor-Corcoba-Herrero-1.jpg","contentUrl":"https:\/\/www.eldiario.net\/portal\/wp-content\/uploads\/2023\/06\/Victor-Corcoba-Herrero-1.jpg","width":1200,"height":628,"caption":"V\u00edctor Corcoba Herrero"},{"@type":"BreadcrumbList","@id":"https:\/\/www.eldiario.net\/portal\/2025\/07\/27\/el-ungido-por-el-senor-se-desvive-por-amar\/#breadcrumb","itemListElement":[{"@type":"ListItem","position":1,"name":"Portada","item":"https:\/\/www.eldiario.net\/portal\/"},{"@type":"ListItem","position":2,"name":"El ungido por el Se\u00f1or se desvive por amar"}]},{"@type":"WebSite","@id":"https:\/\/www.eldiario.net\/portal\/#website","url":"https:\/\/www.eldiario.net\/portal\/","name":"El Diario - Decano de la prensa nacional","description":"El Diario - Decano de la prensa nacional","publisher":{"@id":"https:\/\/www.eldiario.net\/portal\/#organization"},"potentialAction":[{"@type":"SearchAction","target":{"@type":"EntryPoint","urlTemplate":"https:\/\/www.eldiario.net\/portal\/?s={search_term_string}"},"query-input":{"@type":"PropertyValueSpecification","valueRequired":true,"valueName":"search_term_string"}}],"inLanguage":"es"},{"@type":"Organization","@id":"https:\/\/www.eldiario.net\/portal\/#organization","name":"El Diario - Decano de la prensa nacional","url":"https:\/\/www.eldiario.net\/portal\/","logo":{"@type":"ImageObject","inLanguage":"es","@id":"https:\/\/www.eldiario.net\/portal\/#\/schema\/logo\/image\/","url":"https:\/\/www.eldiario.net\/portal\/wp-content\/uploads\/2023\/07\/logo_ED.jpg","contentUrl":"https:\/\/www.eldiario.net\/portal\/wp-content\/uploads\/2023\/07\/logo_ED.jpg","width":272,"height":52,"caption":"El Diario - Decano de la prensa nacional"},"image":{"@id":"https:\/\/www.eldiario.net\/portal\/#\/schema\/logo\/image\/"},"sameAs":["https:\/\/www.facebook.com\/eldiario.bolivia\/","https:\/\/x.com\/eldiario_net"]},{"@type":"Person","@id":"https:\/\/www.eldiario.net\/portal\/#\/schema\/person\/2c57cf2b7a7ae032e449e4c9b1019eac","name":"Jeanette","image":{"@type":"ImageObject","inLanguage":"es","@id":"https:\/\/secure.gravatar.com\/avatar\/3ea2118a5f7dad2b7138b1187a6b7ee55f160b9968b66013c3a3ef39dd7e5798?s=96&d=mm&r=g","url":"https:\/\/secure.gravatar.com\/avatar\/3ea2118a5f7dad2b7138b1187a6b7ee55f160b9968b66013c3a3ef39dd7e5798?s=96&d=mm&r=g","contentUrl":"https:\/\/secure.gravatar.com\/avatar\/3ea2118a5f7dad2b7138b1187a6b7ee55f160b9968b66013c3a3ef39dd7e5798?s=96&d=mm&r=g","caption":"Jeanette"},"sameAs":["https:\/\/www.eldiario.net\/portal"],"url":"https:\/\/www.eldiario.net\/portal\/author\/jeanette\/"}]}},"_links":{"self":[{"href":"https:\/\/www.eldiario.net\/portal\/wp-json\/wp\/v2\/posts\/319693","targetHints":{"allow":["GET"]}}],"collection":[{"href":"https:\/\/www.eldiario.net\/portal\/wp-json\/wp\/v2\/posts"}],"about":[{"href":"https:\/\/www.eldiario.net\/portal\/wp-json\/wp\/v2\/types\/post"}],"author":[{"embeddable":true,"href":"https:\/\/www.eldiario.net\/portal\/wp-json\/wp\/v2\/users\/1"}],"replies":[{"embeddable":true,"href":"https:\/\/www.eldiario.net\/portal\/wp-json\/wp\/v2\/comments?post=319693"}],"version-history":[{"count":1,"href":"https:\/\/www.eldiario.net\/portal\/wp-json\/wp\/v2\/posts\/319693\/revisions"}],"predecessor-version":[{"id":319694,"href":"https:\/\/www.eldiario.net\/portal\/wp-json\/wp\/v2\/posts\/319693\/revisions\/319694"}],"wp:featuredmedia":[{"embeddable":true,"href":"https:\/\/www.eldiario.net\/portal\/wp-json\/wp\/v2\/media\/158260"}],"wp:attachment":[{"href":"https:\/\/www.eldiario.net\/portal\/wp-json\/wp\/v2\/media?parent=319693"}],"wp:term":[{"taxonomy":"category","embeddable":true,"href":"https:\/\/www.eldiario.net\/portal\/wp-json\/wp\/v2\/categories?post=319693"},{"taxonomy":"post_tag","embeddable":true,"href":"https:\/\/www.eldiario.net\/portal\/wp-json\/wp\/v2\/tags?post=319693"}],"curies":[{"name":"wp","href":"https:\/\/api.w.org\/{rel}","templated":true}]}}