{"id":319689,"date":"2025-07-27T07:38:30","date_gmt":"2025-07-27T11:38:30","guid":{"rendered":"https:\/\/www.eldiario.net\/portal\/?p=319689"},"modified":"2025-07-27T07:38:30","modified_gmt":"2025-07-27T11:38:30","slug":"bolivia-tiene-menor-esperanza-de-vida","status":"publish","type":"post","link":"https:\/\/www.eldiario.net\/portal\/2025\/07\/27\/bolivia-tiene-menor-esperanza-de-vida\/","title":{"rendered":"Bolivia tiene menor esperanza de vida"},"content":{"rendered":"<p>Bolivia se encuentra en el puesto 153 de 163 naciones analizadas, con un promedio de vida de 68,91 a\u00f1os, dentro de los pa\u00edses clasificados por esperanza de vida, elaborado por \u201cworldometers.info\u201d. Pero est\u00e1 por encima de pa\u00edses africanos.<br \/>\nEl ranking tambi\u00e9n muestra que las mujeres tienen un mayor promedio de vida de 71,51 a\u00f1os contra 66,42 de los hombres.<br \/>\nEn junio de 2024, el Gobierno aseguraba que la esperanza de vida de la poblaci\u00f3n subi\u00f3 a 74 a\u00f1os, de 64 que registraba en 2005, de acuerdo con las declaraciones del presidente Luis Arce, en Rusia, y lo atribuy\u00f3 a la aplicaci\u00f3n de su Modelo Econ\u00f3mico Social Comunitario Productivo.<br \/>\nH\u00e1bitos de consumo<br \/>\nUna de las causantes que se\u00f1ala el investigador y docente de la Universidad Mayor de San Andr\u00e9s (UMSA), Lucio Tito, para que la esperanza de vida sea menor a comparaci\u00f3n de los pa\u00edses de la regi\u00f3n, se debe a la alimentaci\u00f3n.<br \/>\n\u201cNuestra canasta familiar en Bolivia, al 2024 respecto a consumo de alimentos agropecuarios por habitante boliviano, cada vez se va estrechando a menos productos. Actualmente llegan a 46 productos agropecuarios, pero en el 2000 alcanzaba a 76\u201d, detalla el entrevistado.<br \/>\nSeg\u00fan el Instituto Nacional de Estad\u00edstica (INE) 2024, en los \u00faltimos 10 a\u00f1os, por ejemplo, el consumo de papa se elev\u00f3 un 14% (de 104 a 113,5 kg\/hab\/a\u00f1o), este incremento est\u00e1 ligado a la comida r\u00e1pida.<br \/>\nLa cebolla de 7,1 a 9,2 unidades, lo que representa una elevaci\u00f3n de consumo en un 23,49%, el tomate se elev\u00f3 a 6,71 Kg\/hab\/a\u00f1o, la zanahoria a 6,1 unidades, 19.61%. Entre las carnes, el consumo de pollo se ha elevado en un 36,02% (de 32.6 a 44,26 kg\/hab\/a\u00f1o). Carne de res se elev\u00f3 de 20,2 a 22,59 kg\/hab\/a\u00f1o, que representa un 13,98% y un incremento en el consumo de pescado, quinua, ca\u00f1ahua, camote, papaliza, yuca y racacha.<br \/>\nEl experto en temas agropecuarios informa que Bolivia generar\u00e1 21.575.211 toneladas de alimentos en la campa\u00f1a agr\u00edcola 2024-2025, lo que es considerado a\u00f1o exitoso, pese a las adversidades climatol\u00f3gicas y problemas con temas del d\u00f3lar e hidrocarburos.<br \/>\nSeg\u00fan el balance de los principales productos de la canasta familiar, tenemos autosuficiencia alimentaria te\u00f3rica en la mayor\u00eda a excepci\u00f3n de harina (recurrente) y en algunos meses hay deficiencias en papa, cebolla, tomate y zanahoria (agosto a octubre), detall\u00f3.<br \/>\n\u201cPero es te\u00f3rica ya que hay preferencias alimentarias por cada regi\u00f3n del pa\u00eds (Amazon\u00eda, Llanos, Valles, Chaco, Altiplano) de acuerdo a sus h\u00e1bitos de consumo. As\u00ed tambi\u00e9n por departamento donde La Paz es el m\u00e1s vulnerable a la inseguridad alimentaria\u201d, apunt\u00f3.<br \/>\nEn cultivo de arroz tendr\u00edamos un super\u00e1vit (+) de 24.879 tn, de papa 33.652 tn, zanahoria 7.418, tomate 4.824 tn. En carne de pollo se tiene un super\u00e1vit (+) de 5.484 tn, carne bovina 14.222 tn. Hasta la campa\u00f1a 2022-2023 exist\u00eda super\u00e1vit de arroz, sin embargo, la campa\u00f1a 2024 no logr\u00f3 cubrir la demanda nacional, por diversos factores, explic\u00f3.<br \/>\nSeg\u00fan los resultados del Censo Nacional de Poblaci\u00f3n y Vivienda de diciembre de 2012, la proyectada al 2023 se estimaba m\u00e1s de 12 millones de habitantes, aunque la cifra oficial alcanz\u00f3 a m\u00e1s de 11 millones. Para Tito, la mayor parte de la poblaci\u00f3n se concentra en el \u00e1rea urbana y por ende, hay mayor demanda de alimentos para su seguridad alimentaria.<br \/>\nGran parte de la poblaci\u00f3n del pa\u00eds est\u00e1 concentrada en las ciudades capitales y en los municipios del eje conformado por los departamentos de La Paz, Cochabamba y Santa Cruz.<br \/>\nInseguridad<br \/>\nalimentaria<br \/>\nEl experto plantea un posible escenario de inseguridad alimentaria por desesperaci\u00f3n de familias bolivianas por conseguir alimentos b\u00e1sicos agropecuarios en las urbes y tambi\u00e9n en \u00e1reas rurales; posible especulaci\u00f3n y ocultamiento por intermediarios y una elevaci\u00f3n de precios.<br \/>\nA eso hay que sumar la posible especulaci\u00f3n y ocultamiento de alimentos enlatados y de importaci\u00f3n por intermediarios y una elevaci\u00f3n de precios, aunque ya subi\u00f3 el valor de los productos importados por el alza del d\u00f3lar paralelo.<br \/>\nTambi\u00e9n la inseguridad alimentaria se podr\u00eda registrar por la falta de h\u00e1bito de alimentos de alto valor prote\u00ednico de origen agropecuario, recolecci\u00f3n y pesca, (quinua, ca\u00f1ahua, tarwi, amaranto, papaliza, isa\u00f1o, yacon, carne de pescado, carne cute, casta\u00f1a, asa\u00ed, majo y otros), puntualiza.<br \/>\nRegionalizaci\u00f3n<br \/>\nPlantea una regionalizaci\u00f3n de las zonas productivas para la producci\u00f3n de alimentos, as\u00ed como para su transformaci\u00f3n. \u201c(\u2026) nos permitir\u00e1 establecer un sistema de producci\u00f3n, transformaci\u00f3n, gesti\u00f3n de recursos; nos orientar\u00e1 a generar oportunidades para organizarnos, establecer ideas, planes, proyectos, participativamente y establecernos desaf\u00edos territoriales evidentes, que permitan la sostenibilidad de los sistemas alimentarios y, por ende, la seguridad alimentaria; pero debemos trabajar en la territorializaci\u00f3n y establecer impactos en la seguridad alimentaria y causas hasta su nivel de ra\u00edz y desde ah\u00ed trabajar en puntos clave de apalancamiento que nos permita generar una estrategia real para afrontar la seguridad alimentaria\u201d, reflexion\u00f3 Tito.<br \/>\nEsa regionalizaci\u00f3n fortalecer\u00eda las cadenas alimenticias (Cadenas de Valor), articulaci\u00f3n con mercados para los productos provenientes de la agricultura familiar, optimizaci\u00f3n de la log\u00edstica alimentaria, vinculaci\u00f3n de mercados intra e interregionales, complement\u00f3.<br \/>\nPor ello, opina que se debe aprovechar mejor las normas vigentes referidas a pol\u00edticas agropecuarias y dise\u00f1ar una integral que ordene el escenario rural, as\u00ed como centralizar territorialmente las investigaciones e informaci\u00f3n t\u00e9cnica (l\u00ednea base productiva), tambi\u00e9n reconocer pr\u00e1cticas exitosas para su inmediata multiplicaci\u00f3n a territorios con vocaci\u00f3n similar.<br \/>\nDesaf\u00edos<br \/>\nEl experto se\u00f1ala desaf\u00edos que debe superar el pa\u00eds para avanzar en seguridad alimentaria y mejorar la calidad de vida de la poblaci\u00f3n, a trav\u00e9s del consumo de alimentos sanos y org\u00e1nicos, adem\u00e1s reducir la ingesta de comida chatarra.<br \/>\nTito se\u00f1ala que se debe mejorar el \u00e1rea de la salud de la poblaci\u00f3n urbana y rural, al investigar que consumen. Asimismo, sostiene que el consumo est\u00e1 influenciado por el valor econ\u00f3mico bajo o ignorancia.<br \/>\nTambi\u00e9n menciona el manejo de la cadena de fr\u00edo para el manipuleo de los alimentos, as\u00ed como una adecuada log\u00edstica alimentaria y un manejo adecuado y transformaci\u00f3n de los alimentos perecibles.<br \/>\nOrdenar y controlar el rol de los intermediarios (comercializadores) por que actualmente es como si tuvieran carta libre para abusos; optimizar las compras estatales de productos provenientes de la agricultura familiar, plante\u00f3.<br \/>\nDestacar el rol y apoyar a los mayoristas a trav\u00e9s de adecuadas normas que permitan el beneficio mutuo (Productor, Comerciante, Poblaci\u00f3n); y tambi\u00e9n sugiere que se debe crear una comisi\u00f3n de alto nivel que trabaje exclusivamente en seguridad alimentaria y desarrollo rural intersectorial.<br \/>\nPor \u00faltimo, el especialista propone que se debe aplicar incentivos a consumidores para que puedan cambiar sus h\u00e1bitos de consumo y cambiar la medicaci\u00f3n de los par\u00e1metros de la seguridad alimentaria de consumo de calor\u00edas a consumo de vitaminas y prote\u00ednas.<\/p>\n\r\n                <style type=\"text\/css\">\r\n                    \r\n                    #tdi_1  .td-doubleSlider-2 .td-item1 {\r\n                        background: url(https:\/\/www.eldiario.net\/portal\/wp-content\/uploads\/2025\/07\/alimentacion-80x60.webp) 0 0 no-repeat;\r\n                    }\r\n                    #tdi_1  .td-doubleSlider-2 .td-item2 {\r\n                        background: url(https:\/\/www.eldiario.net\/portal\/wp-content\/uploads\/2025\/07\/alimentacion-1-80x60.webp) 0 0 no-repeat;\r\n                    }\r\n                <\/style>\r\n\r\n                <div id=\"tdi_1\" class=\"td-gallery td-slide-on-2-columns\">\r\n                    <div class=\"post_td_gallery\">\r\n                        <div class=\"td-gallery-slide-top\">\r\n                           <div class=\"td-gallery-title\"><\/div>\r\n\r\n                            <div class=\"td-gallery-controls-wrapper\">\r\n                                <div class=\"td-gallery-slide-count\"><span class=\"td-gallery-slide-item-focus\">1<\/span> de 2<\/div>\r\n                                <div class=\"td-gallery-slide-prev-next-but\">\r\n                                    <i class = \"td-icon-left doubleSliderPrevButton\"><\/i>\r\n                                    <i class = \"td-icon-right doubleSliderNextButton\"><\/i>\r\n                                <\/div>\r\n                            <\/div>\r\n                        <\/div>\r\n\r\n                        <div class = \"td-doubleSlider-1 \">\r\n                            <div class = \"td-slider\">\r\n                                \r\n                    <div class = \"td-slide-item td-item1\">\r\n                        <figure class=\"td-slide-galery-figure td-slide-popup-gallery\">\r\n                            <a class=\"slide-gallery-image-link\" href=\"https:\/\/www.eldiario.net\/portal\/wp-content\/uploads\/2025\/07\/alimentacion.webp\" title=\"alimentaci\u00f3n\"  data-caption=\"\"  data-description=\"\">\r\n                                <img decoding=\"async\" src=\"https:\/\/www.eldiario.net\/portal\/wp-content\/uploads\/2025\/07\/alimentacion-292x420.webp\" srcset=\"https:\/\/www.eldiario.net\/portal\/wp-content\/uploads\/2025\/07\/alimentacion-292x420.webp 292w, https:\/\/www.eldiario.net\/portal\/wp-content\/uploads\/2025\/07\/alimentacion-209x300.webp 209w, https:\/\/www.eldiario.net\/portal\/wp-content\/uploads\/2025\/07\/alimentacion-150x216.webp 150w, https:\/\/www.eldiario.net\/portal\/wp-content\/uploads\/2025\/07\/alimentacion-300x431.webp 300w, https:\/\/www.eldiario.net\/portal\/wp-content\/uploads\/2025\/07\/alimentacion.webp 669w\" sizes=\"(max-width: 292px) 100vw, 292px\" alt=\"\">\r\n                            <\/a>\r\n                            \r\n                        <\/figure>\r\n                    <\/div>\r\n                    <div class = \"td-slide-item td-item2\">\r\n                        <figure class=\"td-slide-galery-figure td-slide-popup-gallery\">\r\n                            <a class=\"slide-gallery-image-link\" href=\"https:\/\/www.eldiario.net\/portal\/wp-content\/uploads\/2025\/07\/alimentacion-1.webp\" title=\"alimentacion\"  data-caption=\"\"  data-description=\"\">\r\n                                <img decoding=\"async\" src=\"https:\/\/www.eldiario.net\/portal\/wp-content\/uploads\/2025\/07\/alimentacion-1-414x420.webp\" srcset=\"https:\/\/www.eldiario.net\/portal\/wp-content\/uploads\/2025\/07\/alimentacion-1-414x420.webp 414w, https:\/\/www.eldiario.net\/portal\/wp-content\/uploads\/2025\/07\/alimentacion-1-296x300.webp 296w, https:\/\/www.eldiario.net\/portal\/wp-content\/uploads\/2025\/07\/alimentacion-1-1010x1024.webp 1010w, https:\/\/www.eldiario.net\/portal\/wp-content\/uploads\/2025\/07\/alimentacion-1-768x779.webp 768w, https:\/\/www.eldiario.net\/portal\/wp-content\/uploads\/2025\/07\/alimentacion-1-150x152.webp 150w, https:\/\/www.eldiario.net\/portal\/wp-content\/uploads\/2025\/07\/alimentacion-1-300x304.webp 300w, https:\/\/www.eldiario.net\/portal\/wp-content\/uploads\/2025\/07\/alimentacion-1-696x706.webp 696w, https:\/\/www.eldiario.net\/portal\/wp-content\/uploads\/2025\/07\/alimentacion-1-1068x1083.webp 1068w, https:\/\/www.eldiario.net\/portal\/wp-content\/uploads\/2025\/07\/alimentacion-1.webp 1084w\" sizes=\"(max-width: 414px) 100vw, 414px\" alt=\"\">\r\n                            <\/a>\r\n                            \r\n                        <\/figure>\r\n                    <\/div>\r\n                            <\/div>\r\n                        <\/div>\r\n\r\n                        <div class = \"td-doubleSlider-2\">\r\n                            <div class = \"td-slider\">\r\n                                \r\n                    <div class = \"td-button td-item1\">\r\n                        <div class = \"td-border\"><\/div>\r\n                    <\/div>\r\n                    <div class = \"td-button td-item2\">\r\n                        <div class = \"td-border\"><\/div>\r\n                    <\/div>\r\n                            <\/div>\r\n                        <\/div>\r\n\r\n                    <\/div>\r\n\r\n                <\/div>\r\n                \n","protected":false},"excerpt":{"rendered":"<p>Bolivia se encuentra en el puesto 153 de 163 naciones analizadas, con un promedio de vida de 68,91 a\u00f1os, dentro de los pa\u00edses clasificados por esperanza de vida, elaborado por \u201cworldometers.info\u201d. Pero est\u00e1 por encima de pa\u00edses africanos. El ranking tambi\u00e9n muestra que las mujeres tienen un mayor promedio de vida de 71,51 a\u00f1os contra [&hellip;]<\/p>\n","protected":false},"author":1,"featured_media":319691,"comment_status":"closed","ping_status":"open","sticky":false,"template":"","format":"standard","meta":{"_acf_changed":false,"footnotes":""},"categories":[7],"tags":[],"class_list":["post-319689","post","type-post","status-publish","format-standard","has-post-thumbnail","category-economia"],"acf":{"antetitulo":"De toda la regi\u00f3n "},"yoast_head":"<!-- This site is optimized with the Yoast SEO plugin v28.4 - https:\/\/yoast.com\/product\/yoast-seo-wordpress\/ -->\n<title>Bolivia tiene menor esperanza de vida - El Diario - Bolivia<\/title>\n<meta name=\"robots\" content=\"index, follow, max-snippet:-1, max-image-preview:large, max-video-preview:-1\" \/>\n<link rel=\"canonical\" href=\"https:\/\/www.eldiario.net\/portal\/2025\/07\/27\/bolivia-tiene-menor-esperanza-de-vida\/\" \/>\n<meta property=\"og:locale\" content=\"es_ES\" \/>\n<meta property=\"og:type\" content=\"article\" \/>\n<meta property=\"og:title\" content=\"Bolivia tiene menor esperanza de vida - El Diario - Bolivia\" \/>\n<meta property=\"og:description\" content=\"Bolivia se encuentra en el puesto 153 de 163 naciones analizadas, con un promedio de vida de 68,91 a\u00f1os, dentro de los pa\u00edses clasificados por esperanza de vida, elaborado por \u201cworldometers.info\u201d. Pero est\u00e1 por encima de pa\u00edses africanos. El ranking tambi\u00e9n muestra que las mujeres tienen un mayor promedio de vida de 71,51 a\u00f1os contra [&hellip;]\" \/>\n<meta property=\"og:url\" content=\"https:\/\/www.eldiario.net\/portal\/2025\/07\/27\/bolivia-tiene-menor-esperanza-de-vida\/\" \/>\n<meta property=\"og:site_name\" content=\"El Diario - Bolivia\" \/>\n<meta property=\"article:publisher\" content=\"https:\/\/www.facebook.com\/eldiario.bolivia\/\" \/>\n<meta property=\"article:published_time\" content=\"2025-07-27T11:38:30+00:00\" \/>\n<meta property=\"og:image\" content=\"https:\/\/www.eldiario.net\/portal\/wp-content\/uploads\/2025\/07\/alimentacion-1.webp\" \/>\n\t<meta property=\"og:image:width\" content=\"1084\" \/>\n\t<meta property=\"og:image:height\" content=\"1099\" \/>\n\t<meta property=\"og:image:type\" content=\"image\/webp\" \/>\n<meta name=\"author\" content=\"Jeanette\" \/>\n<meta name=\"twitter:card\" content=\"summary_large_image\" \/>\n<meta name=\"twitter:creator\" content=\"@eldiario_net\" \/>\n<meta name=\"twitter:site\" content=\"@eldiario_net\" \/>\n<meta name=\"twitter:label1\" content=\"Escrito por\" \/>\n\t<meta name=\"twitter:data1\" content=\"Jeanette\" \/>\n\t<meta name=\"twitter:label2\" content=\"Tiempo de lectura\" \/>\n\t<meta name=\"twitter:data2\" content=\"6 minutos\" \/>\n<script type=\"application\/ld+json\" class=\"yoast-schema-graph\">{\"@context\":\"https:\\\/\\\/schema.org\",\"@graph\":[{\"@type\":\"Article\",\"@id\":\"https:\\\/\\\/www.eldiario.net\\\/portal\\\/2025\\\/07\\\/27\\\/bolivia-tiene-menor-esperanza-de-vida\\\/#article\",\"isPartOf\":{\"@id\":\"https:\\\/\\\/www.eldiario.net\\\/portal\\\/2025\\\/07\\\/27\\\/bolivia-tiene-menor-esperanza-de-vida\\\/\"},\"author\":{\"name\":\"Jeanette\",\"@id\":\"https:\\\/\\\/www.eldiario.net\\\/portal\\\/#\\\/schema\\\/person\\\/2c57cf2b7a7ae032e449e4c9b1019eac\"},\"headline\":\"Bolivia tiene menor esperanza de vida\",\"datePublished\":\"2025-07-27T11:38:30+00:00\",\"mainEntityOfPage\":{\"@id\":\"https:\\\/\\\/www.eldiario.net\\\/portal\\\/2025\\\/07\\\/27\\\/bolivia-tiene-menor-esperanza-de-vida\\\/\"},\"wordCount\":1201,\"publisher\":{\"@id\":\"https:\\\/\\\/www.eldiario.net\\\/portal\\\/#organization\"},\"image\":{\"@id\":\"https:\\\/\\\/www.eldiario.net\\\/portal\\\/2025\\\/07\\\/27\\\/bolivia-tiene-menor-esperanza-de-vida\\\/#primaryimage\"},\"thumbnailUrl\":\"https:\\\/\\\/www.eldiario.net\\\/portal\\\/wp-content\\\/uploads\\\/2025\\\/07\\\/alimentacion-1.webp\",\"articleSection\":[\"Econom\u00eda\"],\"inLanguage\":\"es\"},{\"@type\":\"WebPage\",\"@id\":\"https:\\\/\\\/www.eldiario.net\\\/portal\\\/2025\\\/07\\\/27\\\/bolivia-tiene-menor-esperanza-de-vida\\\/\",\"url\":\"https:\\\/\\\/www.eldiario.net\\\/portal\\\/2025\\\/07\\\/27\\\/bolivia-tiene-menor-esperanza-de-vida\\\/\",\"name\":\"Bolivia tiene menor esperanza de vida - El Diario - Bolivia\",\"isPartOf\":{\"@id\":\"https:\\\/\\\/www.eldiario.net\\\/portal\\\/#website\"},\"primaryImageOfPage\":{\"@id\":\"https:\\\/\\\/www.eldiario.net\\\/portal\\\/2025\\\/07\\\/27\\\/bolivia-tiene-menor-esperanza-de-vida\\\/#primaryimage\"},\"image\":{\"@id\":\"https:\\\/\\\/www.eldiario.net\\\/portal\\\/2025\\\/07\\\/27\\\/bolivia-tiene-menor-esperanza-de-vida\\\/#primaryimage\"},\"thumbnailUrl\":\"https:\\\/\\\/www.eldiario.net\\\/portal\\\/wp-content\\\/uploads\\\/2025\\\/07\\\/alimentacion-1.webp\",\"datePublished\":\"2025-07-27T11:38:30+00:00\",\"breadcrumb\":{\"@id\":\"https:\\\/\\\/www.eldiario.net\\\/portal\\\/2025\\\/07\\\/27\\\/bolivia-tiene-menor-esperanza-de-vida\\\/#breadcrumb\"},\"inLanguage\":\"es\",\"potentialAction\":[{\"@type\":\"ReadAction\",\"target\":[\"https:\\\/\\\/www.eldiario.net\\\/portal\\\/2025\\\/07\\\/27\\\/bolivia-tiene-menor-esperanza-de-vida\\\/\"]}]},{\"@type\":\"ImageObject\",\"inLanguage\":\"es\",\"@id\":\"https:\\\/\\\/www.eldiario.net\\\/portal\\\/2025\\\/07\\\/27\\\/bolivia-tiene-menor-esperanza-de-vida\\\/#primaryimage\",\"url\":\"https:\\\/\\\/www.eldiario.net\\\/portal\\\/wp-content\\\/uploads\\\/2025\\\/07\\\/alimentacion-1.webp\",\"contentUrl\":\"https:\\\/\\\/www.eldiario.net\\\/portal\\\/wp-content\\\/uploads\\\/2025\\\/07\\\/alimentacion-1.webp\",\"width\":1084,\"height\":1099},{\"@type\":\"BreadcrumbList\",\"@id\":\"https:\\\/\\\/www.eldiario.net\\\/portal\\\/2025\\\/07\\\/27\\\/bolivia-tiene-menor-esperanza-de-vida\\\/#breadcrumb\",\"itemListElement\":[{\"@type\":\"ListItem\",\"position\":1,\"name\":\"Portada\",\"item\":\"https:\\\/\\\/www.eldiario.net\\\/portal\\\/\"},{\"@type\":\"ListItem\",\"position\":2,\"name\":\"Bolivia tiene menor esperanza de vida\"}]},{\"@type\":\"WebSite\",\"@id\":\"https:\\\/\\\/www.eldiario.net\\\/portal\\\/#website\",\"url\":\"https:\\\/\\\/www.eldiario.net\\\/portal\\\/\",\"name\":\"El Diario - Decano de la prensa nacional\",\"description\":\"El Diario - Decano de la prensa nacional\",\"publisher\":{\"@id\":\"https:\\\/\\\/www.eldiario.net\\\/portal\\\/#organization\"},\"potentialAction\":[{\"@type\":\"SearchAction\",\"target\":{\"@type\":\"EntryPoint\",\"urlTemplate\":\"https:\\\/\\\/www.eldiario.net\\\/portal\\\/?s={search_term_string}\"},\"query-input\":{\"@type\":\"PropertyValueSpecification\",\"valueRequired\":true,\"valueName\":\"search_term_string\"}}],\"inLanguage\":\"es\"},{\"@type\":\"Organization\",\"@id\":\"https:\\\/\\\/www.eldiario.net\\\/portal\\\/#organization\",\"name\":\"El Diario - Decano de la prensa nacional\",\"url\":\"https:\\\/\\\/www.eldiario.net\\\/portal\\\/\",\"logo\":{\"@type\":\"ImageObject\",\"inLanguage\":\"es\",\"@id\":\"https:\\\/\\\/www.eldiario.net\\\/portal\\\/#\\\/schema\\\/logo\\\/image\\\/\",\"url\":\"https:\\\/\\\/www.eldiario.net\\\/portal\\\/wp-content\\\/uploads\\\/2023\\\/07\\\/logo_ED.jpg\",\"contentUrl\":\"https:\\\/\\\/www.eldiario.net\\\/portal\\\/wp-content\\\/uploads\\\/2023\\\/07\\\/logo_ED.jpg\",\"width\":272,\"height\":52,\"caption\":\"El Diario - Decano de la prensa nacional\"},\"image\":{\"@id\":\"https:\\\/\\\/www.eldiario.net\\\/portal\\\/#\\\/schema\\\/logo\\\/image\\\/\"},\"sameAs\":[\"https:\\\/\\\/www.facebook.com\\\/eldiario.bolivia\\\/\",\"https:\\\/\\\/x.com\\\/eldiario_net\"]},{\"@type\":\"Person\",\"@id\":\"https:\\\/\\\/www.eldiario.net\\\/portal\\\/#\\\/schema\\\/person\\\/2c57cf2b7a7ae032e449e4c9b1019eac\",\"name\":\"Jeanette\",\"image\":{\"@type\":\"ImageObject\",\"inLanguage\":\"es\",\"@id\":\"https:\\\/\\\/secure.gravatar.com\\\/avatar\\\/3ea2118a5f7dad2b7138b1187a6b7ee55f160b9968b66013c3a3ef39dd7e5798?s=96&d=mm&r=g\",\"url\":\"https:\\\/\\\/secure.gravatar.com\\\/avatar\\\/3ea2118a5f7dad2b7138b1187a6b7ee55f160b9968b66013c3a3ef39dd7e5798?s=96&d=mm&r=g\",\"contentUrl\":\"https:\\\/\\\/secure.gravatar.com\\\/avatar\\\/3ea2118a5f7dad2b7138b1187a6b7ee55f160b9968b66013c3a3ef39dd7e5798?s=96&d=mm&r=g\",\"caption\":\"Jeanette\"},\"sameAs\":[\"https:\\\/\\\/www.eldiario.net\\\/portal\"],\"url\":\"https:\\\/\\\/www.eldiario.net\\\/portal\\\/author\\\/jeanette\\\/\"}]}<\/script>\n<!-- \/ Yoast SEO plugin. -->","yoast_head_json":{"title":"Bolivia tiene menor esperanza de vida - El Diario - Bolivia","robots":{"index":"index","follow":"follow","max-snippet":"max-snippet:-1","max-image-preview":"max-image-preview:large","max-video-preview":"max-video-preview:-1"},"canonical":"https:\/\/www.eldiario.net\/portal\/2025\/07\/27\/bolivia-tiene-menor-esperanza-de-vida\/","og_locale":"es_ES","og_type":"article","og_title":"Bolivia tiene menor esperanza de vida - El Diario - Bolivia","og_description":"Bolivia se encuentra en el puesto 153 de 163 naciones analizadas, con un promedio de vida de 68,91 a\u00f1os, dentro de los pa\u00edses clasificados por esperanza de vida, elaborado por \u201cworldometers.info\u201d. Pero est\u00e1 por encima de pa\u00edses africanos. El ranking tambi\u00e9n muestra que las mujeres tienen un mayor promedio de vida de 71,51 a\u00f1os contra [&hellip;]","og_url":"https:\/\/www.eldiario.net\/portal\/2025\/07\/27\/bolivia-tiene-menor-esperanza-de-vida\/","og_site_name":"El Diario - Bolivia","article_publisher":"https:\/\/www.facebook.com\/eldiario.bolivia\/","article_published_time":"2025-07-27T11:38:30+00:00","og_image":[{"width":1084,"height":1099,"url":"https:\/\/www.eldiario.net\/portal\/wp-content\/uploads\/2025\/07\/alimentacion-1.webp","type":"image\/webp"}],"author":"Jeanette","twitter_card":"summary_large_image","twitter_creator":"@eldiario_net","twitter_site":"@eldiario_net","twitter_misc":{"Escrito por":"Jeanette","Tiempo de lectura":"6 minutos"},"schema":{"@context":"https:\/\/schema.org","@graph":[{"@type":"Article","@id":"https:\/\/www.eldiario.net\/portal\/2025\/07\/27\/bolivia-tiene-menor-esperanza-de-vida\/#article","isPartOf":{"@id":"https:\/\/www.eldiario.net\/portal\/2025\/07\/27\/bolivia-tiene-menor-esperanza-de-vida\/"},"author":{"name":"Jeanette","@id":"https:\/\/www.eldiario.net\/portal\/#\/schema\/person\/2c57cf2b7a7ae032e449e4c9b1019eac"},"headline":"Bolivia tiene menor esperanza de vida","datePublished":"2025-07-27T11:38:30+00:00","mainEntityOfPage":{"@id":"https:\/\/www.eldiario.net\/portal\/2025\/07\/27\/bolivia-tiene-menor-esperanza-de-vida\/"},"wordCount":1201,"publisher":{"@id":"https:\/\/www.eldiario.net\/portal\/#organization"},"image":{"@id":"https:\/\/www.eldiario.net\/portal\/2025\/07\/27\/bolivia-tiene-menor-esperanza-de-vida\/#primaryimage"},"thumbnailUrl":"https:\/\/www.eldiario.net\/portal\/wp-content\/uploads\/2025\/07\/alimentacion-1.webp","articleSection":["Econom\u00eda"],"inLanguage":"es"},{"@type":"WebPage","@id":"https:\/\/www.eldiario.net\/portal\/2025\/07\/27\/bolivia-tiene-menor-esperanza-de-vida\/","url":"https:\/\/www.eldiario.net\/portal\/2025\/07\/27\/bolivia-tiene-menor-esperanza-de-vida\/","name":"Bolivia tiene menor esperanza de vida - El Diario - Bolivia","isPartOf":{"@id":"https:\/\/www.eldiario.net\/portal\/#website"},"primaryImageOfPage":{"@id":"https:\/\/www.eldiario.net\/portal\/2025\/07\/27\/bolivia-tiene-menor-esperanza-de-vida\/#primaryimage"},"image":{"@id":"https:\/\/www.eldiario.net\/portal\/2025\/07\/27\/bolivia-tiene-menor-esperanza-de-vida\/#primaryimage"},"thumbnailUrl":"https:\/\/www.eldiario.net\/portal\/wp-content\/uploads\/2025\/07\/alimentacion-1.webp","datePublished":"2025-07-27T11:38:30+00:00","breadcrumb":{"@id":"https:\/\/www.eldiario.net\/portal\/2025\/07\/27\/bolivia-tiene-menor-esperanza-de-vida\/#breadcrumb"},"inLanguage":"es","potentialAction":[{"@type":"ReadAction","target":["https:\/\/www.eldiario.net\/portal\/2025\/07\/27\/bolivia-tiene-menor-esperanza-de-vida\/"]}]},{"@type":"ImageObject","inLanguage":"es","@id":"https:\/\/www.eldiario.net\/portal\/2025\/07\/27\/bolivia-tiene-menor-esperanza-de-vida\/#primaryimage","url":"https:\/\/www.eldiario.net\/portal\/wp-content\/uploads\/2025\/07\/alimentacion-1.webp","contentUrl":"https:\/\/www.eldiario.net\/portal\/wp-content\/uploads\/2025\/07\/alimentacion-1.webp","width":1084,"height":1099},{"@type":"BreadcrumbList","@id":"https:\/\/www.eldiario.net\/portal\/2025\/07\/27\/bolivia-tiene-menor-esperanza-de-vida\/#breadcrumb","itemListElement":[{"@type":"ListItem","position":1,"name":"Portada","item":"https:\/\/www.eldiario.net\/portal\/"},{"@type":"ListItem","position":2,"name":"Bolivia tiene menor esperanza de vida"}]},{"@type":"WebSite","@id":"https:\/\/www.eldiario.net\/portal\/#website","url":"https:\/\/www.eldiario.net\/portal\/","name":"El Diario - Decano de la prensa nacional","description":"El Diario - Decano de la prensa nacional","publisher":{"@id":"https:\/\/www.eldiario.net\/portal\/#organization"},"potentialAction":[{"@type":"SearchAction","target":{"@type":"EntryPoint","urlTemplate":"https:\/\/www.eldiario.net\/portal\/?s={search_term_string}"},"query-input":{"@type":"PropertyValueSpecification","valueRequired":true,"valueName":"search_term_string"}}],"inLanguage":"es"},{"@type":"Organization","@id":"https:\/\/www.eldiario.net\/portal\/#organization","name":"El Diario - Decano de la prensa nacional","url":"https:\/\/www.eldiario.net\/portal\/","logo":{"@type":"ImageObject","inLanguage":"es","@id":"https:\/\/www.eldiario.net\/portal\/#\/schema\/logo\/image\/","url":"https:\/\/www.eldiario.net\/portal\/wp-content\/uploads\/2023\/07\/logo_ED.jpg","contentUrl":"https:\/\/www.eldiario.net\/portal\/wp-content\/uploads\/2023\/07\/logo_ED.jpg","width":272,"height":52,"caption":"El Diario - Decano de la prensa nacional"},"image":{"@id":"https:\/\/www.eldiario.net\/portal\/#\/schema\/logo\/image\/"},"sameAs":["https:\/\/www.facebook.com\/eldiario.bolivia\/","https:\/\/x.com\/eldiario_net"]},{"@type":"Person","@id":"https:\/\/www.eldiario.net\/portal\/#\/schema\/person\/2c57cf2b7a7ae032e449e4c9b1019eac","name":"Jeanette","image":{"@type":"ImageObject","inLanguage":"es","@id":"https:\/\/secure.gravatar.com\/avatar\/3ea2118a5f7dad2b7138b1187a6b7ee55f160b9968b66013c3a3ef39dd7e5798?s=96&d=mm&r=g","url":"https:\/\/secure.gravatar.com\/avatar\/3ea2118a5f7dad2b7138b1187a6b7ee55f160b9968b66013c3a3ef39dd7e5798?s=96&d=mm&r=g","contentUrl":"https:\/\/secure.gravatar.com\/avatar\/3ea2118a5f7dad2b7138b1187a6b7ee55f160b9968b66013c3a3ef39dd7e5798?s=96&d=mm&r=g","caption":"Jeanette"},"sameAs":["https:\/\/www.eldiario.net\/portal"],"url":"https:\/\/www.eldiario.net\/portal\/author\/jeanette\/"}]}},"_links":{"self":[{"href":"https:\/\/www.eldiario.net\/portal\/wp-json\/wp\/v2\/posts\/319689","targetHints":{"allow":["GET"]}}],"collection":[{"href":"https:\/\/www.eldiario.net\/portal\/wp-json\/wp\/v2\/posts"}],"about":[{"href":"https:\/\/www.eldiario.net\/portal\/wp-json\/wp\/v2\/types\/post"}],"author":[{"embeddable":true,"href":"https:\/\/www.eldiario.net\/portal\/wp-json\/wp\/v2\/users\/1"}],"replies":[{"embeddable":true,"href":"https:\/\/www.eldiario.net\/portal\/wp-json\/wp\/v2\/comments?post=319689"}],"version-history":[{"count":1,"href":"https:\/\/www.eldiario.net\/portal\/wp-json\/wp\/v2\/posts\/319689\/revisions"}],"predecessor-version":[{"id":319692,"href":"https:\/\/www.eldiario.net\/portal\/wp-json\/wp\/v2\/posts\/319689\/revisions\/319692"}],"wp:featuredmedia":[{"embeddable":true,"href":"https:\/\/www.eldiario.net\/portal\/wp-json\/wp\/v2\/media\/319691"}],"wp:attachment":[{"href":"https:\/\/www.eldiario.net\/portal\/wp-json\/wp\/v2\/media?parent=319689"}],"wp:term":[{"taxonomy":"category","embeddable":true,"href":"https:\/\/www.eldiario.net\/portal\/wp-json\/wp\/v2\/categories?post=319689"},{"taxonomy":"post_tag","embeddable":true,"href":"https:\/\/www.eldiario.net\/portal\/wp-json\/wp\/v2\/tags?post=319689"}],"curies":[{"name":"wp","href":"https:\/\/api.w.org\/{rel}","templated":true}]}}