{"id":319687,"date":"2025-07-27T07:37:15","date_gmt":"2025-07-27T11:37:15","guid":{"rendered":"https:\/\/www.eldiario.net\/portal\/?p=319687"},"modified":"2025-07-27T07:37:15","modified_gmt":"2025-07-27T11:37:15","slug":"debemos-ampliar-el-comercio-con-mexico","status":"publish","type":"post","link":"https:\/\/www.eldiario.net\/portal\/2025\/07\/27\/debemos-ampliar-el-comercio-con-mexico\/","title":{"rendered":"Debemos ampliar el comercio con M\u00e9xico"},"content":{"rendered":"<p>Las relaciones comerciales entre M\u00e9xico y Bolivia han mostrado una evoluci\u00f3n favorable a lo largo de los a\u00f1os, caracterizadas por la cooperaci\u00f3n en diversas \u00e1reas y el intercambio de bienes y servicios.<br \/>\nM\u00e9xico y Bolivia establecieron sus relaciones diplom\u00e1ticas en 1831 y designaron sus embajadores a partir de 1939. Las relaciones comerciales entre M\u00e9xico y Bolivia tienen una larga historia que se remonta a d\u00e9cadas atr\u00e1s. Es as\u00ed que, en 1994, ambos pa\u00edses firmaron el Acuerdo de Complementaci\u00f3n Econ\u00f3mica No. 31, un tratado de libre comercio que buscaba promover el intercambio comercial y la inversi\u00f3n entre ambos pa\u00edses. Actualmente, las relaciones econ\u00f3micas y comerciales se renegociaron en el marco del Acuerdo de Complementaci\u00f3n Econ\u00f3mica N\u00b0 66, vigente desde el 7 de junio de 2010.<br \/>\nEntre los principales objetivos del ACE N\u00b066 se encuentra la promoci\u00f3n de condiciones para la competencia leal en el comercio entre ambas partes (fair trade), as\u00ed como la instrumentaci\u00f3n de mecanismos de cooperaci\u00f3n. Destacamos que la expansi\u00f3n y diversificaci\u00f3n del comercio es otro de los objetivos, priorizando la eliminaci\u00f3n de las barreras al comercio y el incremento de circulaci\u00f3n de bienes entre M\u00e9xico y Bolivia.<br \/>\nMe permito reiterar lo que afirmaba en septiembre de 2024 en una nota m\u00eda sobre las relaciones entre M\u00e9xico y Bolivia; \u201cCon el enfoque en la diversificaci\u00f3n de mercados y la b\u00fasqueda de nuevos socios comerciales, es posible que las relaciones entre M\u00e9xico y Bolivia se fortalezcan en \u00e1reas como inversi\u00f3n, tecnolog\u00eda y comercio agr\u00edcola\u201d.<br \/>\nPor eso, se resalta que tambi\u00e9n por esas mismas fechas, ambas naciones aprobaron ocho nuevos proyectos de cooperaci\u00f3n en \u00e1reas como agroindustria, medio ambiente, salud y energ\u00eda. Estos proyectos forman parte del IX Programa de Cooperaci\u00f3n Bilateral para el per\u00edodo 2024-2026.<br \/>\nLos empresarios consideramos fundamental promover el comercio y proyectos de cooperaci\u00f3n entre M\u00e9xico y Bolivia. Por ello destacamos la constituci\u00f3n de la C\u00e1mara Binacional de Comercio e Industria Boliviano Mexicana (CAMEXBOL), que promueve el comercio entre ambos pa\u00edses, estableciendo objetivos que priorizan la generaci\u00f3n de negocios, el networking, el comercio bilateral, as\u00ed como la presencia de empresas privadas mexicanas en nuestro territorio. Hoy, a trav\u00e9s de su presidente, Gerardo Licona, CAMEXBOL es una instituci\u00f3n que destaca la importancia de preservar e instrumentar condiciones necesarias para un comercio justo y equilibrado entre naciones, fomentando inversiones bilaterales.<br \/>\nAmbos pa\u00edses est\u00e1n comprometidos con el di\u00e1logo y la diplomacia, incluso a nivel interparlamentario. Es cierto que nuestras relaciones han tenido momentos de tensi\u00f3n, pero Bolivia y M\u00e9xico siempre han buscado fortalecer sus v\u00ednculos por medio de cooperaci\u00f3n y di\u00e1logo.<br \/>\nAs\u00ed, tras un acuerdo suscrito en 2021 a trav\u00e9s de la embajadora de M\u00e9xico, Mar\u00eda Teresa Mercado, los bolivianos pueden ingresar a territorio mexicano \u00fanicamente portando su pasaporte, sin la necesidad de tramitar una visa. Este acuerdo permite que los portadores de pasaporte ordinario soliciten su ingreso a M\u00e9xico por un periodo de 180 d\u00edas, en condici\u00f3n de visitantes.<br \/>\nLas relaciones diplom\u00e1ticas y comerciales entre ambas naciones han sido posibles a trav\u00e9s del compromiso de nuestro amigo, embajador de M\u00e9xico en Bolivia, Eduardo Sosa, quien incansablemente demuestra su dedicaci\u00f3n para promover la cooperaci\u00f3n y el entendimiento mutuo entre M\u00e9xico y Bolivia.<br \/>\nEl embajador Sosa ha trabajado para fortalecer la cooperaci\u00f3n bilateral en \u00e1reas como econom\u00eda, cultura y educaci\u00f3n, identificando oportunidades para las empresas mexicanas en el mercado boliviano, as\u00ed como el fomento de inversiones mexicanas apoyando a empresas que buscan expandirse en nuestro pa\u00eds.<br \/>\nLas relaciones comerciales y diplom\u00e1ticas entre Bolivia y M\u00e9xico han mantenido un firme compromiso. Autoridades en diversos sectores de nuestro pa\u00eds reafirman su disposici\u00f3n para continuar trabajando de manera conjunta y lograr beneficios mutuos que fomenten el desarrollo sostenible.<\/p>\n<p>El autor es Licenciado en econom\u00eda de la UMSA, doctorado Ph.D. en Relaciones Internacionales de la Universidad del Salvador de Argentina, Acad\u00e9mico de N\u00famero de la ABCE y Presidente de la Federaci\u00f3n de Empresarios Privados de La Paz (FEPLP).<\/p>\n","protected":false},"excerpt":{"rendered":"<p>Las relaciones comerciales entre M\u00e9xico y Bolivia han mostrado una evoluci\u00f3n favorable a lo largo de los a\u00f1os, caracterizadas por la cooperaci\u00f3n en diversas \u00e1reas y el intercambio de bienes y servicios. M\u00e9xico y Bolivia establecieron sus relaciones diplom\u00e1ticas en 1831 y designaron sus embajadores a partir de 1939. Las relaciones comerciales entre M\u00e9xico y [&hellip;]<\/p>\n","protected":false},"author":1,"featured_media":158113,"comment_status":"closed","ping_status":"open","sticky":false,"template":"","format":"standard","meta":{"_acf_changed":false,"footnotes":""},"categories":[9],"tags":[],"class_list":["post-319687","post","type-post","status-publish","format-standard","has-post-thumbnail","category-opinion"],"acf":{"antetitulo":""},"yoast_head":"<!-- This site is optimized with the Yoast SEO plugin v28.4 - https:\/\/yoast.com\/product\/yoast-seo-wordpress\/ -->\n<title>Debemos ampliar el comercio con M\u00e9xico - El Diario - Bolivia<\/title>\n<meta name=\"robots\" content=\"index, follow, max-snippet:-1, max-image-preview:large, max-video-preview:-1\" \/>\n<link rel=\"canonical\" href=\"https:\/\/www.eldiario.net\/portal\/2025\/07\/27\/debemos-ampliar-el-comercio-con-mexico\/\" \/>\n<meta property=\"og:locale\" content=\"es_ES\" \/>\n<meta property=\"og:type\" content=\"article\" \/>\n<meta property=\"og:title\" content=\"Debemos ampliar el comercio con M\u00e9xico - El Diario - Bolivia\" \/>\n<meta property=\"og:description\" content=\"Las relaciones comerciales entre M\u00e9xico y Bolivia han mostrado una evoluci\u00f3n favorable a lo largo de los a\u00f1os, caracterizadas por la cooperaci\u00f3n en diversas \u00e1reas y el intercambio de bienes y servicios. M\u00e9xico y Bolivia establecieron sus relaciones diplom\u00e1ticas en 1831 y designaron sus embajadores a partir de 1939. Las relaciones comerciales entre M\u00e9xico y [&hellip;]\" \/>\n<meta property=\"og:url\" content=\"https:\/\/www.eldiario.net\/portal\/2025\/07\/27\/debemos-ampliar-el-comercio-con-mexico\/\" \/>\n<meta property=\"og:site_name\" content=\"El Diario - Bolivia\" \/>\n<meta property=\"article:publisher\" content=\"https:\/\/www.facebook.com\/eldiario.bolivia\/\" \/>\n<meta property=\"article:published_time\" content=\"2025-07-27T11:37:15+00:00\" \/>\n<meta property=\"og:image\" content=\"https:\/\/www.eldiario.net\/portal\/wp-content\/uploads\/2023\/06\/Rolando-Kempff-Bacigalupo2.jpg\" \/>\n\t<meta property=\"og:image:width\" content=\"1200\" \/>\n\t<meta property=\"og:image:height\" content=\"628\" \/>\n\t<meta property=\"og:image:type\" content=\"image\/jpeg\" \/>\n<meta name=\"author\" content=\"Jeanette\" \/>\n<meta name=\"twitter:card\" content=\"summary_large_image\" \/>\n<meta name=\"twitter:creator\" content=\"@eldiario_net\" \/>\n<meta name=\"twitter:site\" content=\"@eldiario_net\" \/>\n<meta name=\"twitter:label1\" content=\"Escrito por\" \/>\n\t<meta name=\"twitter:data1\" content=\"Jeanette\" \/>\n\t<meta name=\"twitter:label2\" content=\"Tiempo de lectura\" \/>\n\t<meta name=\"twitter:data2\" content=\"4 minutos\" \/>\n<script type=\"application\/ld+json\" class=\"yoast-schema-graph\">{\"@context\":\"https:\\\/\\\/schema.org\",\"@graph\":[{\"@type\":\"Article\",\"@id\":\"https:\\\/\\\/www.eldiario.net\\\/portal\\\/2025\\\/07\\\/27\\\/debemos-ampliar-el-comercio-con-mexico\\\/#article\",\"isPartOf\":{\"@id\":\"https:\\\/\\\/www.eldiario.net\\\/portal\\\/2025\\\/07\\\/27\\\/debemos-ampliar-el-comercio-con-mexico\\\/\"},\"author\":{\"name\":\"Jeanette\",\"@id\":\"https:\\\/\\\/www.eldiario.net\\\/portal\\\/#\\\/schema\\\/person\\\/2c57cf2b7a7ae032e449e4c9b1019eac\"},\"headline\":\"Debemos ampliar el comercio con M\u00e9xico\",\"datePublished\":\"2025-07-27T11:37:15+00:00\",\"mainEntityOfPage\":{\"@id\":\"https:\\\/\\\/www.eldiario.net\\\/portal\\\/2025\\\/07\\\/27\\\/debemos-ampliar-el-comercio-con-mexico\\\/\"},\"wordCount\":718,\"publisher\":{\"@id\":\"https:\\\/\\\/www.eldiario.net\\\/portal\\\/#organization\"},\"image\":{\"@id\":\"https:\\\/\\\/www.eldiario.net\\\/portal\\\/2025\\\/07\\\/27\\\/debemos-ampliar-el-comercio-con-mexico\\\/#primaryimage\"},\"thumbnailUrl\":\"https:\\\/\\\/www.eldiario.net\\\/portal\\\/wp-content\\\/uploads\\\/2023\\\/06\\\/Rolando-Kempff-Bacigalupo2.jpg\",\"articleSection\":[\"Opini\u00f3n\"],\"inLanguage\":\"es\"},{\"@type\":\"WebPage\",\"@id\":\"https:\\\/\\\/www.eldiario.net\\\/portal\\\/2025\\\/07\\\/27\\\/debemos-ampliar-el-comercio-con-mexico\\\/\",\"url\":\"https:\\\/\\\/www.eldiario.net\\\/portal\\\/2025\\\/07\\\/27\\\/debemos-ampliar-el-comercio-con-mexico\\\/\",\"name\":\"Debemos ampliar el comercio con M\u00e9xico - El Diario - Bolivia\",\"isPartOf\":{\"@id\":\"https:\\\/\\\/www.eldiario.net\\\/portal\\\/#website\"},\"primaryImageOfPage\":{\"@id\":\"https:\\\/\\\/www.eldiario.net\\\/portal\\\/2025\\\/07\\\/27\\\/debemos-ampliar-el-comercio-con-mexico\\\/#primaryimage\"},\"image\":{\"@id\":\"https:\\\/\\\/www.eldiario.net\\\/portal\\\/2025\\\/07\\\/27\\\/debemos-ampliar-el-comercio-con-mexico\\\/#primaryimage\"},\"thumbnailUrl\":\"https:\\\/\\\/www.eldiario.net\\\/portal\\\/wp-content\\\/uploads\\\/2023\\\/06\\\/Rolando-Kempff-Bacigalupo2.jpg\",\"datePublished\":\"2025-07-27T11:37:15+00:00\",\"breadcrumb\":{\"@id\":\"https:\\\/\\\/www.eldiario.net\\\/portal\\\/2025\\\/07\\\/27\\\/debemos-ampliar-el-comercio-con-mexico\\\/#breadcrumb\"},\"inLanguage\":\"es\",\"potentialAction\":[{\"@type\":\"ReadAction\",\"target\":[\"https:\\\/\\\/www.eldiario.net\\\/portal\\\/2025\\\/07\\\/27\\\/debemos-ampliar-el-comercio-con-mexico\\\/\"]}]},{\"@type\":\"ImageObject\",\"inLanguage\":\"es\",\"@id\":\"https:\\\/\\\/www.eldiario.net\\\/portal\\\/2025\\\/07\\\/27\\\/debemos-ampliar-el-comercio-con-mexico\\\/#primaryimage\",\"url\":\"https:\\\/\\\/www.eldiario.net\\\/portal\\\/wp-content\\\/uploads\\\/2023\\\/06\\\/Rolando-Kempff-Bacigalupo2.jpg\",\"contentUrl\":\"https:\\\/\\\/www.eldiario.net\\\/portal\\\/wp-content\\\/uploads\\\/2023\\\/06\\\/Rolando-Kempff-Bacigalupo2.jpg\",\"width\":1200,\"height\":628},{\"@type\":\"BreadcrumbList\",\"@id\":\"https:\\\/\\\/www.eldiario.net\\\/portal\\\/2025\\\/07\\\/27\\\/debemos-ampliar-el-comercio-con-mexico\\\/#breadcrumb\",\"itemListElement\":[{\"@type\":\"ListItem\",\"position\":1,\"name\":\"Portada\",\"item\":\"https:\\\/\\\/www.eldiario.net\\\/portal\\\/\"},{\"@type\":\"ListItem\",\"position\":2,\"name\":\"Debemos ampliar el comercio con M\u00e9xico\"}]},{\"@type\":\"WebSite\",\"@id\":\"https:\\\/\\\/www.eldiario.net\\\/portal\\\/#website\",\"url\":\"https:\\\/\\\/www.eldiario.net\\\/portal\\\/\",\"name\":\"El Diario - Decano de la prensa nacional\",\"description\":\"El Diario - Decano de la prensa nacional\",\"publisher\":{\"@id\":\"https:\\\/\\\/www.eldiario.net\\\/portal\\\/#organization\"},\"potentialAction\":[{\"@type\":\"SearchAction\",\"target\":{\"@type\":\"EntryPoint\",\"urlTemplate\":\"https:\\\/\\\/www.eldiario.net\\\/portal\\\/?s={search_term_string}\"},\"query-input\":{\"@type\":\"PropertyValueSpecification\",\"valueRequired\":true,\"valueName\":\"search_term_string\"}}],\"inLanguage\":\"es\"},{\"@type\":\"Organization\",\"@id\":\"https:\\\/\\\/www.eldiario.net\\\/portal\\\/#organization\",\"name\":\"El Diario - Decano de la prensa nacional\",\"url\":\"https:\\\/\\\/www.eldiario.net\\\/portal\\\/\",\"logo\":{\"@type\":\"ImageObject\",\"inLanguage\":\"es\",\"@id\":\"https:\\\/\\\/www.eldiario.net\\\/portal\\\/#\\\/schema\\\/logo\\\/image\\\/\",\"url\":\"https:\\\/\\\/www.eldiario.net\\\/portal\\\/wp-content\\\/uploads\\\/2023\\\/07\\\/logo_ED.jpg\",\"contentUrl\":\"https:\\\/\\\/www.eldiario.net\\\/portal\\\/wp-content\\\/uploads\\\/2023\\\/07\\\/logo_ED.jpg\",\"width\":272,\"height\":52,\"caption\":\"El Diario - Decano de la prensa nacional\"},\"image\":{\"@id\":\"https:\\\/\\\/www.eldiario.net\\\/portal\\\/#\\\/schema\\\/logo\\\/image\\\/\"},\"sameAs\":[\"https:\\\/\\\/www.facebook.com\\\/eldiario.bolivia\\\/\",\"https:\\\/\\\/x.com\\\/eldiario_net\"]},{\"@type\":\"Person\",\"@id\":\"https:\\\/\\\/www.eldiario.net\\\/portal\\\/#\\\/schema\\\/person\\\/2c57cf2b7a7ae032e449e4c9b1019eac\",\"name\":\"Jeanette\",\"image\":{\"@type\":\"ImageObject\",\"inLanguage\":\"es\",\"@id\":\"https:\\\/\\\/secure.gravatar.com\\\/avatar\\\/3ea2118a5f7dad2b7138b1187a6b7ee55f160b9968b66013c3a3ef39dd7e5798?s=96&d=mm&r=g\",\"url\":\"https:\\\/\\\/secure.gravatar.com\\\/avatar\\\/3ea2118a5f7dad2b7138b1187a6b7ee55f160b9968b66013c3a3ef39dd7e5798?s=96&d=mm&r=g\",\"contentUrl\":\"https:\\\/\\\/secure.gravatar.com\\\/avatar\\\/3ea2118a5f7dad2b7138b1187a6b7ee55f160b9968b66013c3a3ef39dd7e5798?s=96&d=mm&r=g\",\"caption\":\"Jeanette\"},\"sameAs\":[\"https:\\\/\\\/www.eldiario.net\\\/portal\"],\"url\":\"https:\\\/\\\/www.eldiario.net\\\/portal\\\/author\\\/jeanette\\\/\"}]}<\/script>\n<!-- \/ Yoast SEO plugin. -->","yoast_head_json":{"title":"Debemos ampliar el comercio con M\u00e9xico - El Diario - Bolivia","robots":{"index":"index","follow":"follow","max-snippet":"max-snippet:-1","max-image-preview":"max-image-preview:large","max-video-preview":"max-video-preview:-1"},"canonical":"https:\/\/www.eldiario.net\/portal\/2025\/07\/27\/debemos-ampliar-el-comercio-con-mexico\/","og_locale":"es_ES","og_type":"article","og_title":"Debemos ampliar el comercio con M\u00e9xico - El Diario - Bolivia","og_description":"Las relaciones comerciales entre M\u00e9xico y Bolivia han mostrado una evoluci\u00f3n favorable a lo largo de los a\u00f1os, caracterizadas por la cooperaci\u00f3n en diversas \u00e1reas y el intercambio de bienes y servicios. M\u00e9xico y Bolivia establecieron sus relaciones diplom\u00e1ticas en 1831 y designaron sus embajadores a partir de 1939. Las relaciones comerciales entre M\u00e9xico y [&hellip;]","og_url":"https:\/\/www.eldiario.net\/portal\/2025\/07\/27\/debemos-ampliar-el-comercio-con-mexico\/","og_site_name":"El Diario - Bolivia","article_publisher":"https:\/\/www.facebook.com\/eldiario.bolivia\/","article_published_time":"2025-07-27T11:37:15+00:00","og_image":[{"width":1200,"height":628,"url":"https:\/\/www.eldiario.net\/portal\/wp-content\/uploads\/2023\/06\/Rolando-Kempff-Bacigalupo2.jpg","type":"image\/jpeg"}],"author":"Jeanette","twitter_card":"summary_large_image","twitter_creator":"@eldiario_net","twitter_site":"@eldiario_net","twitter_misc":{"Escrito por":"Jeanette","Tiempo de lectura":"4 minutos"},"schema":{"@context":"https:\/\/schema.org","@graph":[{"@type":"Article","@id":"https:\/\/www.eldiario.net\/portal\/2025\/07\/27\/debemos-ampliar-el-comercio-con-mexico\/#article","isPartOf":{"@id":"https:\/\/www.eldiario.net\/portal\/2025\/07\/27\/debemos-ampliar-el-comercio-con-mexico\/"},"author":{"name":"Jeanette","@id":"https:\/\/www.eldiario.net\/portal\/#\/schema\/person\/2c57cf2b7a7ae032e449e4c9b1019eac"},"headline":"Debemos ampliar el comercio con M\u00e9xico","datePublished":"2025-07-27T11:37:15+00:00","mainEntityOfPage":{"@id":"https:\/\/www.eldiario.net\/portal\/2025\/07\/27\/debemos-ampliar-el-comercio-con-mexico\/"},"wordCount":718,"publisher":{"@id":"https:\/\/www.eldiario.net\/portal\/#organization"},"image":{"@id":"https:\/\/www.eldiario.net\/portal\/2025\/07\/27\/debemos-ampliar-el-comercio-con-mexico\/#primaryimage"},"thumbnailUrl":"https:\/\/www.eldiario.net\/portal\/wp-content\/uploads\/2023\/06\/Rolando-Kempff-Bacigalupo2.jpg","articleSection":["Opini\u00f3n"],"inLanguage":"es"},{"@type":"WebPage","@id":"https:\/\/www.eldiario.net\/portal\/2025\/07\/27\/debemos-ampliar-el-comercio-con-mexico\/","url":"https:\/\/www.eldiario.net\/portal\/2025\/07\/27\/debemos-ampliar-el-comercio-con-mexico\/","name":"Debemos ampliar el comercio con M\u00e9xico - El Diario - Bolivia","isPartOf":{"@id":"https:\/\/www.eldiario.net\/portal\/#website"},"primaryImageOfPage":{"@id":"https:\/\/www.eldiario.net\/portal\/2025\/07\/27\/debemos-ampliar-el-comercio-con-mexico\/#primaryimage"},"image":{"@id":"https:\/\/www.eldiario.net\/portal\/2025\/07\/27\/debemos-ampliar-el-comercio-con-mexico\/#primaryimage"},"thumbnailUrl":"https:\/\/www.eldiario.net\/portal\/wp-content\/uploads\/2023\/06\/Rolando-Kempff-Bacigalupo2.jpg","datePublished":"2025-07-27T11:37:15+00:00","breadcrumb":{"@id":"https:\/\/www.eldiario.net\/portal\/2025\/07\/27\/debemos-ampliar-el-comercio-con-mexico\/#breadcrumb"},"inLanguage":"es","potentialAction":[{"@type":"ReadAction","target":["https:\/\/www.eldiario.net\/portal\/2025\/07\/27\/debemos-ampliar-el-comercio-con-mexico\/"]}]},{"@type":"ImageObject","inLanguage":"es","@id":"https:\/\/www.eldiario.net\/portal\/2025\/07\/27\/debemos-ampliar-el-comercio-con-mexico\/#primaryimage","url":"https:\/\/www.eldiario.net\/portal\/wp-content\/uploads\/2023\/06\/Rolando-Kempff-Bacigalupo2.jpg","contentUrl":"https:\/\/www.eldiario.net\/portal\/wp-content\/uploads\/2023\/06\/Rolando-Kempff-Bacigalupo2.jpg","width":1200,"height":628},{"@type":"BreadcrumbList","@id":"https:\/\/www.eldiario.net\/portal\/2025\/07\/27\/debemos-ampliar-el-comercio-con-mexico\/#breadcrumb","itemListElement":[{"@type":"ListItem","position":1,"name":"Portada","item":"https:\/\/www.eldiario.net\/portal\/"},{"@type":"ListItem","position":2,"name":"Debemos ampliar el comercio con M\u00e9xico"}]},{"@type":"WebSite","@id":"https:\/\/www.eldiario.net\/portal\/#website","url":"https:\/\/www.eldiario.net\/portal\/","name":"El Diario - Decano de la prensa nacional","description":"El Diario - Decano de la prensa nacional","publisher":{"@id":"https:\/\/www.eldiario.net\/portal\/#organization"},"potentialAction":[{"@type":"SearchAction","target":{"@type":"EntryPoint","urlTemplate":"https:\/\/www.eldiario.net\/portal\/?s={search_term_string}"},"query-input":{"@type":"PropertyValueSpecification","valueRequired":true,"valueName":"search_term_string"}}],"inLanguage":"es"},{"@type":"Organization","@id":"https:\/\/www.eldiario.net\/portal\/#organization","name":"El Diario - Decano de la prensa nacional","url":"https:\/\/www.eldiario.net\/portal\/","logo":{"@type":"ImageObject","inLanguage":"es","@id":"https:\/\/www.eldiario.net\/portal\/#\/schema\/logo\/image\/","url":"https:\/\/www.eldiario.net\/portal\/wp-content\/uploads\/2023\/07\/logo_ED.jpg","contentUrl":"https:\/\/www.eldiario.net\/portal\/wp-content\/uploads\/2023\/07\/logo_ED.jpg","width":272,"height":52,"caption":"El Diario - Decano de la prensa nacional"},"image":{"@id":"https:\/\/www.eldiario.net\/portal\/#\/schema\/logo\/image\/"},"sameAs":["https:\/\/www.facebook.com\/eldiario.bolivia\/","https:\/\/x.com\/eldiario_net"]},{"@type":"Person","@id":"https:\/\/www.eldiario.net\/portal\/#\/schema\/person\/2c57cf2b7a7ae032e449e4c9b1019eac","name":"Jeanette","image":{"@type":"ImageObject","inLanguage":"es","@id":"https:\/\/secure.gravatar.com\/avatar\/3ea2118a5f7dad2b7138b1187a6b7ee55f160b9968b66013c3a3ef39dd7e5798?s=96&d=mm&r=g","url":"https:\/\/secure.gravatar.com\/avatar\/3ea2118a5f7dad2b7138b1187a6b7ee55f160b9968b66013c3a3ef39dd7e5798?s=96&d=mm&r=g","contentUrl":"https:\/\/secure.gravatar.com\/avatar\/3ea2118a5f7dad2b7138b1187a6b7ee55f160b9968b66013c3a3ef39dd7e5798?s=96&d=mm&r=g","caption":"Jeanette"},"sameAs":["https:\/\/www.eldiario.net\/portal"],"url":"https:\/\/www.eldiario.net\/portal\/author\/jeanette\/"}]}},"_links":{"self":[{"href":"https:\/\/www.eldiario.net\/portal\/wp-json\/wp\/v2\/posts\/319687","targetHints":{"allow":["GET"]}}],"collection":[{"href":"https:\/\/www.eldiario.net\/portal\/wp-json\/wp\/v2\/posts"}],"about":[{"href":"https:\/\/www.eldiario.net\/portal\/wp-json\/wp\/v2\/types\/post"}],"author":[{"embeddable":true,"href":"https:\/\/www.eldiario.net\/portal\/wp-json\/wp\/v2\/users\/1"}],"replies":[{"embeddable":true,"href":"https:\/\/www.eldiario.net\/portal\/wp-json\/wp\/v2\/comments?post=319687"}],"version-history":[{"count":1,"href":"https:\/\/www.eldiario.net\/portal\/wp-json\/wp\/v2\/posts\/319687\/revisions"}],"predecessor-version":[{"id":319688,"href":"https:\/\/www.eldiario.net\/portal\/wp-json\/wp\/v2\/posts\/319687\/revisions\/319688"}],"wp:featuredmedia":[{"embeddable":true,"href":"https:\/\/www.eldiario.net\/portal\/wp-json\/wp\/v2\/media\/158113"}],"wp:attachment":[{"href":"https:\/\/www.eldiario.net\/portal\/wp-json\/wp\/v2\/media?parent=319687"}],"wp:term":[{"taxonomy":"category","embeddable":true,"href":"https:\/\/www.eldiario.net\/portal\/wp-json\/wp\/v2\/categories?post=319687"},{"taxonomy":"post_tag","embeddable":true,"href":"https:\/\/www.eldiario.net\/portal\/wp-json\/wp\/v2\/tags?post=319687"}],"curies":[{"name":"wp","href":"https:\/\/api.w.org\/{rel}","templated":true}]}}