{"id":319685,"date":"2025-07-27T07:36:51","date_gmt":"2025-07-27T11:36:51","guid":{"rendered":"https:\/\/www.eldiario.net\/portal\/?p=319685"},"modified":"2025-07-27T07:36:51","modified_gmt":"2025-07-27T11:36:51","slug":"200-anos-otro-imperio","status":"publish","type":"post","link":"https:\/\/www.eldiario.net\/portal\/2025\/07\/27\/200-anos-otro-imperio\/","title":{"rendered":"200 a\u00f1os,  otro imperio"},"content":{"rendered":"<p>Hace ya 200 a\u00f1os se cre\u00f3 en estas tierras la Rep\u00fablica Bol\u00edvar, convertida hoy en el Estado Plurinacional de Bolivia, y a punto de cambiar otra vez de nombre.<br \/>\nSe hab\u00eda ido un imperio, o lo que quedaba de \u00e9l, llegado a estas tierras en septiembre de 1535, cuando don Diego de Almagro, derrotado por los Pizarro en Cusco, iba hacia el Sur y, abatido, lo primero que hace es fundar un pueblo al que le pone un nombre que delata su estado de \u00e1nimo: Paria.<br \/>\nSigue adelante y se establece en Tupiza con la intenci\u00f3n de seguir hacia Chile y tambi\u00e9n encontrar un r\u00e1pido acceso al Atl\u00e1ntico.<br \/>\nDiez a\u00f1os despu\u00e9s, su inveros\u00edmil tocayo, Diego Huallpa, nacido en Chivilvaca, hizo en las faldas del Sumaj Orco la famosa fogata, en abril de 1645, que diera nacimiento al fabuloso Potos\u00ed.<br \/>\nComo dijo el padre Barba, que a todo cerro en forma de teta hay que buscarle la veta, \u00e9ste hab\u00eda comenzado a ser explotado por la cultura Tiwanaku, en el a\u00f1o 1000, seg\u00fan los investigadores Mark B. Abbott de la universidad de Pittsburg y Alexander P. Wolfe, de la universidad de Alberta, en Edmonton, Canad\u00e1, que publicaron su estudio en la revista Science.<br \/>\nEl imperio espa\u00f1ol fue el que en 1624 fund\u00f3 en estas tierras la Universidad Real y Pontificia de San Francisco Xavier de Chuquisaca, doce a\u00f1os antes de que en Boston fuera fundada la Universidad de Harvard por los ingleses. Los que se demoraron mucho en crear universidades en sus dominios fueron los portugueses: la primera universidad de Brasil naci\u00f3 en 1930. En cambio, los espa\u00f1oles se adelantaron mucho con sus universidades en los virreinatos de este continente y crearon la primera de ellas en 1551, en M\u00e9xico.<br \/>\nHace 200 a\u00f1os se fue el imperio espa\u00f1ol y hace 20 a\u00f1os lleg\u00f3 el gobierno que repudia todo lo espa\u00f1ol, pero que, de todos modos, en su Constituci\u00f3n Pol\u00edtica, aprobada en 2009 a las patadas, en un cuartel de Oruro, dicta, en el art\u00edculo quinto, \u201cson idiomas del Estado el castellano y todos los idiomas de los pueblos ind\u00edgenas, originario, campesinos\u201d.<br \/>\nEn la lista de esos idiomas adicionales al castellano, la CPE incluye al quechua, quiz\u00e1 en homenaje al imperio de los Incas, que impuso su idioma en algunas regiones del pa\u00eds y expuls\u00f3 a los pueblos que no lo aceptaban, como el pueblo Chicha, al que le aplic\u00f3 el exilio compulsivo, el mitimae.<br \/>\nBueno, 200 a\u00f1os despu\u00e9s, los bolivianos \u201cluchan contra otro imperio, al que le importan un bledo las universidades\u201d y la educaci\u00f3n, el imperio de los narcos, en manos de una transnacional poderosa.<\/p>\n<p>Siglo21bolivia.com<\/p>\n","protected":false},"excerpt":{"rendered":"<p>Hace ya 200 a\u00f1os se cre\u00f3 en estas tierras la Rep\u00fablica Bol\u00edvar, convertida hoy en el Estado Plurinacional de Bolivia, y a punto de cambiar otra vez de nombre. Se hab\u00eda ido un imperio, o lo que quedaba de \u00e9l, llegado a estas tierras en septiembre de 1535, cuando don Diego de Almagro, derrotado por [&hellip;]<\/p>\n","protected":false},"author":1,"featured_media":159362,"comment_status":"closed","ping_status":"open","sticky":false,"template":"","format":"standard","meta":{"_acf_changed":false,"footnotes":""},"categories":[9],"tags":[],"class_list":["post-319685","post","type-post","status-publish","format-standard","has-post-thumbnail","category-opinion"],"acf":{"antetitulo":"Recuerdos del presente"},"yoast_head":"<!-- This site is optimized with the Yoast SEO plugin v28.4 - https:\/\/yoast.com\/product\/yoast-seo-wordpress\/ -->\n<title>200 a\u00f1os, otro imperio - El Diario - Bolivia<\/title>\n<meta name=\"robots\" content=\"index, follow, max-snippet:-1, max-image-preview:large, max-video-preview:-1\" \/>\n<link rel=\"canonical\" href=\"https:\/\/www.eldiario.net\/portal\/2025\/07\/27\/200-anos-otro-imperio\/\" \/>\n<meta property=\"og:locale\" content=\"es_ES\" \/>\n<meta property=\"og:type\" content=\"article\" \/>\n<meta property=\"og:title\" content=\"200 a\u00f1os, otro imperio - El Diario - Bolivia\" \/>\n<meta property=\"og:description\" content=\"Hace ya 200 a\u00f1os se cre\u00f3 en estas tierras la Rep\u00fablica Bol\u00edvar, convertida hoy en el Estado Plurinacional de Bolivia, y a punto de cambiar otra vez de nombre. Se hab\u00eda ido un imperio, o lo que quedaba de \u00e9l, llegado a estas tierras en septiembre de 1535, cuando don Diego de Almagro, derrotado por [&hellip;]\" \/>\n<meta property=\"og:url\" content=\"https:\/\/www.eldiario.net\/portal\/2025\/07\/27\/200-anos-otro-imperio\/\" \/>\n<meta property=\"og:site_name\" content=\"El Diario - Bolivia\" \/>\n<meta property=\"article:publisher\" content=\"https:\/\/www.facebook.com\/eldiario.bolivia\/\" \/>\n<meta property=\"article:published_time\" content=\"2025-07-27T11:36:51+00:00\" \/>\n<meta property=\"og:image\" content=\"https:\/\/www.eldiario.net\/portal\/wp-content\/uploads\/2023\/06\/Humberto-Vacaflor-Ganam-1.jpg\" \/>\n\t<meta property=\"og:image:width\" content=\"1200\" \/>\n\t<meta property=\"og:image:height\" content=\"628\" \/>\n\t<meta property=\"og:image:type\" content=\"image\/jpeg\" \/>\n<meta name=\"author\" content=\"Jeanette\" \/>\n<meta name=\"twitter:card\" content=\"summary_large_image\" \/>\n<meta name=\"twitter:creator\" content=\"@eldiario_net\" \/>\n<meta name=\"twitter:site\" content=\"@eldiario_net\" \/>\n<meta name=\"twitter:label1\" content=\"Escrito por\" \/>\n\t<meta name=\"twitter:data1\" content=\"Jeanette\" \/>\n\t<meta name=\"twitter:label2\" content=\"Tiempo de lectura\" \/>\n\t<meta name=\"twitter:data2\" content=\"2 minutos\" \/>\n<script type=\"application\/ld+json\" class=\"yoast-schema-graph\">{\"@context\":\"https:\\\/\\\/schema.org\",\"@graph\":[{\"@type\":\"Article\",\"@id\":\"https:\\\/\\\/www.eldiario.net\\\/portal\\\/2025\\\/07\\\/27\\\/200-anos-otro-imperio\\\/#article\",\"isPartOf\":{\"@id\":\"https:\\\/\\\/www.eldiario.net\\\/portal\\\/2025\\\/07\\\/27\\\/200-anos-otro-imperio\\\/\"},\"author\":{\"name\":\"Jeanette\",\"@id\":\"https:\\\/\\\/www.eldiario.net\\\/portal\\\/#\\\/schema\\\/person\\\/2c57cf2b7a7ae032e449e4c9b1019eac\"},\"headline\":\"200 a\u00f1os, otro imperio\",\"datePublished\":\"2025-07-27T11:36:51+00:00\",\"mainEntityOfPage\":{\"@id\":\"https:\\\/\\\/www.eldiario.net\\\/portal\\\/2025\\\/07\\\/27\\\/200-anos-otro-imperio\\\/\"},\"wordCount\":461,\"publisher\":{\"@id\":\"https:\\\/\\\/www.eldiario.net\\\/portal\\\/#organization\"},\"image\":{\"@id\":\"https:\\\/\\\/www.eldiario.net\\\/portal\\\/2025\\\/07\\\/27\\\/200-anos-otro-imperio\\\/#primaryimage\"},\"thumbnailUrl\":\"https:\\\/\\\/www.eldiario.net\\\/portal\\\/wp-content\\\/uploads\\\/2023\\\/06\\\/Humberto-Vacaflor-Ganam-1.jpg\",\"articleSection\":[\"Opini\u00f3n\"],\"inLanguage\":\"es\"},{\"@type\":\"WebPage\",\"@id\":\"https:\\\/\\\/www.eldiario.net\\\/portal\\\/2025\\\/07\\\/27\\\/200-anos-otro-imperio\\\/\",\"url\":\"https:\\\/\\\/www.eldiario.net\\\/portal\\\/2025\\\/07\\\/27\\\/200-anos-otro-imperio\\\/\",\"name\":\"200 a\u00f1os, otro imperio - El Diario - Bolivia\",\"isPartOf\":{\"@id\":\"https:\\\/\\\/www.eldiario.net\\\/portal\\\/#website\"},\"primaryImageOfPage\":{\"@id\":\"https:\\\/\\\/www.eldiario.net\\\/portal\\\/2025\\\/07\\\/27\\\/200-anos-otro-imperio\\\/#primaryimage\"},\"image\":{\"@id\":\"https:\\\/\\\/www.eldiario.net\\\/portal\\\/2025\\\/07\\\/27\\\/200-anos-otro-imperio\\\/#primaryimage\"},\"thumbnailUrl\":\"https:\\\/\\\/www.eldiario.net\\\/portal\\\/wp-content\\\/uploads\\\/2023\\\/06\\\/Humberto-Vacaflor-Ganam-1.jpg\",\"datePublished\":\"2025-07-27T11:36:51+00:00\",\"breadcrumb\":{\"@id\":\"https:\\\/\\\/www.eldiario.net\\\/portal\\\/2025\\\/07\\\/27\\\/200-anos-otro-imperio\\\/#breadcrumb\"},\"inLanguage\":\"es\",\"potentialAction\":[{\"@type\":\"ReadAction\",\"target\":[\"https:\\\/\\\/www.eldiario.net\\\/portal\\\/2025\\\/07\\\/27\\\/200-anos-otro-imperio\\\/\"]}]},{\"@type\":\"ImageObject\",\"inLanguage\":\"es\",\"@id\":\"https:\\\/\\\/www.eldiario.net\\\/portal\\\/2025\\\/07\\\/27\\\/200-anos-otro-imperio\\\/#primaryimage\",\"url\":\"https:\\\/\\\/www.eldiario.net\\\/portal\\\/wp-content\\\/uploads\\\/2023\\\/06\\\/Humberto-Vacaflor-Ganam-1.jpg\",\"contentUrl\":\"https:\\\/\\\/www.eldiario.net\\\/portal\\\/wp-content\\\/uploads\\\/2023\\\/06\\\/Humberto-Vacaflor-Ganam-1.jpg\",\"width\":1200,\"height\":628,\"caption\":\"Humberto Vacaflor Ganam\"},{\"@type\":\"BreadcrumbList\",\"@id\":\"https:\\\/\\\/www.eldiario.net\\\/portal\\\/2025\\\/07\\\/27\\\/200-anos-otro-imperio\\\/#breadcrumb\",\"itemListElement\":[{\"@type\":\"ListItem\",\"position\":1,\"name\":\"Portada\",\"item\":\"https:\\\/\\\/www.eldiario.net\\\/portal\\\/\"},{\"@type\":\"ListItem\",\"position\":2,\"name\":\"200 a\u00f1os, otro imperio\"}]},{\"@type\":\"WebSite\",\"@id\":\"https:\\\/\\\/www.eldiario.net\\\/portal\\\/#website\",\"url\":\"https:\\\/\\\/www.eldiario.net\\\/portal\\\/\",\"name\":\"El Diario - Decano de la prensa nacional\",\"description\":\"El Diario - Decano de la prensa nacional\",\"publisher\":{\"@id\":\"https:\\\/\\\/www.eldiario.net\\\/portal\\\/#organization\"},\"potentialAction\":[{\"@type\":\"SearchAction\",\"target\":{\"@type\":\"EntryPoint\",\"urlTemplate\":\"https:\\\/\\\/www.eldiario.net\\\/portal\\\/?s={search_term_string}\"},\"query-input\":{\"@type\":\"PropertyValueSpecification\",\"valueRequired\":true,\"valueName\":\"search_term_string\"}}],\"inLanguage\":\"es\"},{\"@type\":\"Organization\",\"@id\":\"https:\\\/\\\/www.eldiario.net\\\/portal\\\/#organization\",\"name\":\"El Diario - Decano de la prensa nacional\",\"url\":\"https:\\\/\\\/www.eldiario.net\\\/portal\\\/\",\"logo\":{\"@type\":\"ImageObject\",\"inLanguage\":\"es\",\"@id\":\"https:\\\/\\\/www.eldiario.net\\\/portal\\\/#\\\/schema\\\/logo\\\/image\\\/\",\"url\":\"https:\\\/\\\/www.eldiario.net\\\/portal\\\/wp-content\\\/uploads\\\/2023\\\/07\\\/logo_ED.jpg\",\"contentUrl\":\"https:\\\/\\\/www.eldiario.net\\\/portal\\\/wp-content\\\/uploads\\\/2023\\\/07\\\/logo_ED.jpg\",\"width\":272,\"height\":52,\"caption\":\"El Diario - Decano de la prensa nacional\"},\"image\":{\"@id\":\"https:\\\/\\\/www.eldiario.net\\\/portal\\\/#\\\/schema\\\/logo\\\/image\\\/\"},\"sameAs\":[\"https:\\\/\\\/www.facebook.com\\\/eldiario.bolivia\\\/\",\"https:\\\/\\\/x.com\\\/eldiario_net\"]},{\"@type\":\"Person\",\"@id\":\"https:\\\/\\\/www.eldiario.net\\\/portal\\\/#\\\/schema\\\/person\\\/2c57cf2b7a7ae032e449e4c9b1019eac\",\"name\":\"Jeanette\",\"image\":{\"@type\":\"ImageObject\",\"inLanguage\":\"es\",\"@id\":\"https:\\\/\\\/secure.gravatar.com\\\/avatar\\\/3ea2118a5f7dad2b7138b1187a6b7ee55f160b9968b66013c3a3ef39dd7e5798?s=96&d=mm&r=g\",\"url\":\"https:\\\/\\\/secure.gravatar.com\\\/avatar\\\/3ea2118a5f7dad2b7138b1187a6b7ee55f160b9968b66013c3a3ef39dd7e5798?s=96&d=mm&r=g\",\"contentUrl\":\"https:\\\/\\\/secure.gravatar.com\\\/avatar\\\/3ea2118a5f7dad2b7138b1187a6b7ee55f160b9968b66013c3a3ef39dd7e5798?s=96&d=mm&r=g\",\"caption\":\"Jeanette\"},\"sameAs\":[\"https:\\\/\\\/www.eldiario.net\\\/portal\"],\"url\":\"https:\\\/\\\/www.eldiario.net\\\/portal\\\/author\\\/jeanette\\\/\"}]}<\/script>\n<!-- \/ Yoast SEO plugin. -->","yoast_head_json":{"title":"200 a\u00f1os, otro imperio - El Diario - Bolivia","robots":{"index":"index","follow":"follow","max-snippet":"max-snippet:-1","max-image-preview":"max-image-preview:large","max-video-preview":"max-video-preview:-1"},"canonical":"https:\/\/www.eldiario.net\/portal\/2025\/07\/27\/200-anos-otro-imperio\/","og_locale":"es_ES","og_type":"article","og_title":"200 a\u00f1os, otro imperio - El Diario - Bolivia","og_description":"Hace ya 200 a\u00f1os se cre\u00f3 en estas tierras la Rep\u00fablica Bol\u00edvar, convertida hoy en el Estado Plurinacional de Bolivia, y a punto de cambiar otra vez de nombre. Se hab\u00eda ido un imperio, o lo que quedaba de \u00e9l, llegado a estas tierras en septiembre de 1535, cuando don Diego de Almagro, derrotado por [&hellip;]","og_url":"https:\/\/www.eldiario.net\/portal\/2025\/07\/27\/200-anos-otro-imperio\/","og_site_name":"El Diario - Bolivia","article_publisher":"https:\/\/www.facebook.com\/eldiario.bolivia\/","article_published_time":"2025-07-27T11:36:51+00:00","og_image":[{"width":1200,"height":628,"url":"https:\/\/www.eldiario.net\/portal\/wp-content\/uploads\/2023\/06\/Humberto-Vacaflor-Ganam-1.jpg","type":"image\/jpeg"}],"author":"Jeanette","twitter_card":"summary_large_image","twitter_creator":"@eldiario_net","twitter_site":"@eldiario_net","twitter_misc":{"Escrito por":"Jeanette","Tiempo de lectura":"2 minutos"},"schema":{"@context":"https:\/\/schema.org","@graph":[{"@type":"Article","@id":"https:\/\/www.eldiario.net\/portal\/2025\/07\/27\/200-anos-otro-imperio\/#article","isPartOf":{"@id":"https:\/\/www.eldiario.net\/portal\/2025\/07\/27\/200-anos-otro-imperio\/"},"author":{"name":"Jeanette","@id":"https:\/\/www.eldiario.net\/portal\/#\/schema\/person\/2c57cf2b7a7ae032e449e4c9b1019eac"},"headline":"200 a\u00f1os, otro imperio","datePublished":"2025-07-27T11:36:51+00:00","mainEntityOfPage":{"@id":"https:\/\/www.eldiario.net\/portal\/2025\/07\/27\/200-anos-otro-imperio\/"},"wordCount":461,"publisher":{"@id":"https:\/\/www.eldiario.net\/portal\/#organization"},"image":{"@id":"https:\/\/www.eldiario.net\/portal\/2025\/07\/27\/200-anos-otro-imperio\/#primaryimage"},"thumbnailUrl":"https:\/\/www.eldiario.net\/portal\/wp-content\/uploads\/2023\/06\/Humberto-Vacaflor-Ganam-1.jpg","articleSection":["Opini\u00f3n"],"inLanguage":"es"},{"@type":"WebPage","@id":"https:\/\/www.eldiario.net\/portal\/2025\/07\/27\/200-anos-otro-imperio\/","url":"https:\/\/www.eldiario.net\/portal\/2025\/07\/27\/200-anos-otro-imperio\/","name":"200 a\u00f1os, otro imperio - El Diario - Bolivia","isPartOf":{"@id":"https:\/\/www.eldiario.net\/portal\/#website"},"primaryImageOfPage":{"@id":"https:\/\/www.eldiario.net\/portal\/2025\/07\/27\/200-anos-otro-imperio\/#primaryimage"},"image":{"@id":"https:\/\/www.eldiario.net\/portal\/2025\/07\/27\/200-anos-otro-imperio\/#primaryimage"},"thumbnailUrl":"https:\/\/www.eldiario.net\/portal\/wp-content\/uploads\/2023\/06\/Humberto-Vacaflor-Ganam-1.jpg","datePublished":"2025-07-27T11:36:51+00:00","breadcrumb":{"@id":"https:\/\/www.eldiario.net\/portal\/2025\/07\/27\/200-anos-otro-imperio\/#breadcrumb"},"inLanguage":"es","potentialAction":[{"@type":"ReadAction","target":["https:\/\/www.eldiario.net\/portal\/2025\/07\/27\/200-anos-otro-imperio\/"]}]},{"@type":"ImageObject","inLanguage":"es","@id":"https:\/\/www.eldiario.net\/portal\/2025\/07\/27\/200-anos-otro-imperio\/#primaryimage","url":"https:\/\/www.eldiario.net\/portal\/wp-content\/uploads\/2023\/06\/Humberto-Vacaflor-Ganam-1.jpg","contentUrl":"https:\/\/www.eldiario.net\/portal\/wp-content\/uploads\/2023\/06\/Humberto-Vacaflor-Ganam-1.jpg","width":1200,"height":628,"caption":"Humberto Vacaflor Ganam"},{"@type":"BreadcrumbList","@id":"https:\/\/www.eldiario.net\/portal\/2025\/07\/27\/200-anos-otro-imperio\/#breadcrumb","itemListElement":[{"@type":"ListItem","position":1,"name":"Portada","item":"https:\/\/www.eldiario.net\/portal\/"},{"@type":"ListItem","position":2,"name":"200 a\u00f1os, otro imperio"}]},{"@type":"WebSite","@id":"https:\/\/www.eldiario.net\/portal\/#website","url":"https:\/\/www.eldiario.net\/portal\/","name":"El Diario - Decano de la prensa nacional","description":"El Diario - Decano de la prensa nacional","publisher":{"@id":"https:\/\/www.eldiario.net\/portal\/#organization"},"potentialAction":[{"@type":"SearchAction","target":{"@type":"EntryPoint","urlTemplate":"https:\/\/www.eldiario.net\/portal\/?s={search_term_string}"},"query-input":{"@type":"PropertyValueSpecification","valueRequired":true,"valueName":"search_term_string"}}],"inLanguage":"es"},{"@type":"Organization","@id":"https:\/\/www.eldiario.net\/portal\/#organization","name":"El Diario - Decano de la prensa nacional","url":"https:\/\/www.eldiario.net\/portal\/","logo":{"@type":"ImageObject","inLanguage":"es","@id":"https:\/\/www.eldiario.net\/portal\/#\/schema\/logo\/image\/","url":"https:\/\/www.eldiario.net\/portal\/wp-content\/uploads\/2023\/07\/logo_ED.jpg","contentUrl":"https:\/\/www.eldiario.net\/portal\/wp-content\/uploads\/2023\/07\/logo_ED.jpg","width":272,"height":52,"caption":"El Diario - Decano de la prensa nacional"},"image":{"@id":"https:\/\/www.eldiario.net\/portal\/#\/schema\/logo\/image\/"},"sameAs":["https:\/\/www.facebook.com\/eldiario.bolivia\/","https:\/\/x.com\/eldiario_net"]},{"@type":"Person","@id":"https:\/\/www.eldiario.net\/portal\/#\/schema\/person\/2c57cf2b7a7ae032e449e4c9b1019eac","name":"Jeanette","image":{"@type":"ImageObject","inLanguage":"es","@id":"https:\/\/secure.gravatar.com\/avatar\/3ea2118a5f7dad2b7138b1187a6b7ee55f160b9968b66013c3a3ef39dd7e5798?s=96&d=mm&r=g","url":"https:\/\/secure.gravatar.com\/avatar\/3ea2118a5f7dad2b7138b1187a6b7ee55f160b9968b66013c3a3ef39dd7e5798?s=96&d=mm&r=g","contentUrl":"https:\/\/secure.gravatar.com\/avatar\/3ea2118a5f7dad2b7138b1187a6b7ee55f160b9968b66013c3a3ef39dd7e5798?s=96&d=mm&r=g","caption":"Jeanette"},"sameAs":["https:\/\/www.eldiario.net\/portal"],"url":"https:\/\/www.eldiario.net\/portal\/author\/jeanette\/"}]}},"_links":{"self":[{"href":"https:\/\/www.eldiario.net\/portal\/wp-json\/wp\/v2\/posts\/319685","targetHints":{"allow":["GET"]}}],"collection":[{"href":"https:\/\/www.eldiario.net\/portal\/wp-json\/wp\/v2\/posts"}],"about":[{"href":"https:\/\/www.eldiario.net\/portal\/wp-json\/wp\/v2\/types\/post"}],"author":[{"embeddable":true,"href":"https:\/\/www.eldiario.net\/portal\/wp-json\/wp\/v2\/users\/1"}],"replies":[{"embeddable":true,"href":"https:\/\/www.eldiario.net\/portal\/wp-json\/wp\/v2\/comments?post=319685"}],"version-history":[{"count":1,"href":"https:\/\/www.eldiario.net\/portal\/wp-json\/wp\/v2\/posts\/319685\/revisions"}],"predecessor-version":[{"id":319686,"href":"https:\/\/www.eldiario.net\/portal\/wp-json\/wp\/v2\/posts\/319685\/revisions\/319686"}],"wp:featuredmedia":[{"embeddable":true,"href":"https:\/\/www.eldiario.net\/portal\/wp-json\/wp\/v2\/media\/159362"}],"wp:attachment":[{"href":"https:\/\/www.eldiario.net\/portal\/wp-json\/wp\/v2\/media?parent=319685"}],"wp:term":[{"taxonomy":"category","embeddable":true,"href":"https:\/\/www.eldiario.net\/portal\/wp-json\/wp\/v2\/categories?post=319685"},{"taxonomy":"post_tag","embeddable":true,"href":"https:\/\/www.eldiario.net\/portal\/wp-json\/wp\/v2\/tags?post=319685"}],"curies":[{"name":"wp","href":"https:\/\/api.w.org\/{rel}","templated":true}]}}