{"id":319680,"date":"2025-07-27T07:33:16","date_gmt":"2025-07-27T11:33:16","guid":{"rendered":"https:\/\/www.eldiario.net\/portal\/?p=319680"},"modified":"2025-07-27T07:33:16","modified_gmt":"2025-07-27T11:33:16","slug":"arte-y-deporte-a-la-vera-de-dios","status":"publish","type":"post","link":"https:\/\/www.eldiario.net\/portal\/2025\/07\/27\/arte-y-deporte-a-la-vera-de-dios\/","title":{"rendered":"Arte y deporte a la vera de Dios"},"content":{"rendered":"<p>Otra vez surgi\u00f3 un grito lastimero, como siempre sucede desde cualquier sector del quehacer local y nacional y reci\u00e9n se encienden las alarmas; surgen reproches y generalmente luego se impone el silencio. Casi nadie quiere tocar esos problemas sociales. Ah\u00ed est\u00e1n millares de limosneros en las v\u00edas p\u00fablicas, pr\u00e1cticamente en todas las ciudades, sean capitales, poblaciones intermedias y otras peque\u00f1as. Con hacerse de la vista gorda, o fingir sordera, quienes est\u00e1n llamados a ver esos problemas para buscar soluciones, no lo hacen.<br \/>\nLa situaci\u00f3n de Dante Uzquinao, un artista que puso en la cima de la preferencia de la gente la canci\u00f3n Collita, ya emblem\u00e1tica, y quien solo subsiste con la denominada \u201cRenta Dignidad\u201d, nuevamente muestra la realidad de c\u00f3mo viven artistas nacionales, abandonados habitualmente por un Estado insensible, por la falta de tino y visi\u00f3n de quienes lo conducen. Los gobernantes, de estadistas no tienen mucho, pero s\u00ed bastante de politiqueros, expresan ciudadanos de a pie.<br \/>\nCuando a los \u201cmaestros del volante\u201d se les da ingresos fuertes por la venta de los carburantes para su seguro social, a folkloristas se les cede un inmueble en pleno centro capitalino, baste como ejemplos, am\u00e9n de otros \u201capoyos\u201d que son concedidos a diversos sectores, entre camionetas, vagonetas, etc., resulta que artistas y deportistas, virtualmente est\u00e1n abandonados, a la vera de Dios, no se les brinda gran cosa. Dir\u00e1n: \u201cen el caso del deporte, estamos apoyando mucho a la selecci\u00f3n de f\u00fatbol\u201d, pero resulta que goza de determinados privilegios. Y qu\u00e9 de las otras disciplinas musculares que se debaten en condiciones de casi abandono, aunque se quiera poner el pretexto de que \u201chay un programa para los mejores deportistas y reciben respaldo econ\u00f3mico\u201d. Todo ello no es suficiente, es casi nada, frente a la indolencia estatal y de los sucesivos gobernantes bolivianos.<br \/>\nRespecto a los artistas, se puede afirmar que su situaci\u00f3n es peor. Quiz\u00e1 con un registro en dependencias estatales quieran hacerles ver que se preocupan por ellos, empero eso es casi nada, pues se trata de una simple credencial que nos les sirve de mucho, ya que carecen de la posibilidad de jubilarse alg\u00fan d\u00eda, no tienen seguro social, no son sujetos de cr\u00e9dito en la banca. S\u00ed lo son los hijos de influyentes y pueden lograr millares de d\u00f3lares en pr\u00e9stamos, se comenta. La dram\u00e1tica vivencia por la que pasa Dante Uzquiano, ojal\u00e1 pueda hacer que recapaciten gobernantes actuales y futuros, para hallar soluciones a tama\u00f1as injusticias e inequidades sociales. Y, a prop\u00f3sito, \u00bfqu\u00e9 saben todos los candidatos a la silla presidencial de Bolivia sobre arte y deporte?, \u00bfalguien hizo conocer un plan para hacer que artistas y deportistas se superen y logren glorias para levantar el \u00e1nimo de los bolivianos? Que los dioses de la antig\u00fcedad, del arte y el deporte, los iluminen.<\/p>\n<p>www.dafoheradio.com<\/p>\n","protected":false},"excerpt":{"rendered":"<p>Otra vez surgi\u00f3 un grito lastimero, como siempre sucede desde cualquier sector del quehacer local y nacional y reci\u00e9n se encienden las alarmas; surgen reproches y generalmente luego se impone el silencio. Casi nadie quiere tocar esos problemas sociales. Ah\u00ed est\u00e1n millares de limosneros en las v\u00edas p\u00fablicas, pr\u00e1cticamente en todas las ciudades, sean capitales, [&hellip;]<\/p>\n","protected":false},"author":1,"featured_media":158961,"comment_status":"closed","ping_status":"open","sticky":false,"template":"","format":"standard","meta":{"_acf_changed":false,"footnotes":""},"categories":[9],"tags":[],"class_list":["post-319680","post","type-post","status-publish","format-standard","has-post-thumbnail","category-opinion"],"acf":{"antetitulo":""},"yoast_head":"<!-- This site is optimized with the Yoast SEO plugin v28.4 - https:\/\/yoast.com\/product\/yoast-seo-wordpress\/ -->\n<title>Arte y deporte a la vera de Dios - El Diario - Bolivia<\/title>\n<meta name=\"robots\" content=\"index, follow, max-snippet:-1, max-image-preview:large, max-video-preview:-1\" \/>\n<link rel=\"canonical\" href=\"https:\/\/www.eldiario.net\/portal\/2025\/07\/27\/arte-y-deporte-a-la-vera-de-dios\/\" \/>\n<meta property=\"og:locale\" content=\"es_ES\" \/>\n<meta property=\"og:type\" content=\"article\" \/>\n<meta property=\"og:title\" content=\"Arte y deporte a la vera de Dios - El Diario - Bolivia\" \/>\n<meta property=\"og:description\" content=\"Otra vez surgi\u00f3 un grito lastimero, como siempre sucede desde cualquier sector del quehacer local y nacional y reci\u00e9n se encienden las alarmas; surgen reproches y generalmente luego se impone el silencio. Casi nadie quiere tocar esos problemas sociales. Ah\u00ed est\u00e1n millares de limosneros en las v\u00edas p\u00fablicas, pr\u00e1cticamente en todas las ciudades, sean capitales, [&hellip;]\" \/>\n<meta property=\"og:url\" content=\"https:\/\/www.eldiario.net\/portal\/2025\/07\/27\/arte-y-deporte-a-la-vera-de-dios\/\" \/>\n<meta property=\"og:site_name\" content=\"El Diario - Bolivia\" \/>\n<meta property=\"article:publisher\" content=\"https:\/\/www.facebook.com\/eldiario.bolivia\/\" \/>\n<meta property=\"article:published_time\" content=\"2025-07-27T11:33:16+00:00\" \/>\n<meta property=\"og:image\" content=\"https:\/\/www.eldiario.net\/portal\/wp-content\/uploads\/2023\/06\/David-Foronda-H.jpg\" \/>\n\t<meta property=\"og:image:width\" content=\"1200\" \/>\n\t<meta property=\"og:image:height\" content=\"628\" \/>\n\t<meta property=\"og:image:type\" content=\"image\/jpeg\" \/>\n<meta name=\"author\" content=\"Jeanette\" \/>\n<meta name=\"twitter:card\" content=\"summary_large_image\" \/>\n<meta name=\"twitter:creator\" content=\"@eldiario_net\" \/>\n<meta name=\"twitter:site\" content=\"@eldiario_net\" \/>\n<meta name=\"twitter:label1\" content=\"Escrito por\" \/>\n\t<meta name=\"twitter:data1\" content=\"Jeanette\" \/>\n\t<meta name=\"twitter:label2\" content=\"Tiempo de lectura\" \/>\n\t<meta name=\"twitter:data2\" content=\"3 minutos\" \/>\n<script type=\"application\/ld+json\" class=\"yoast-schema-graph\">{\"@context\":\"https:\\\/\\\/schema.org\",\"@graph\":[{\"@type\":\"Article\",\"@id\":\"https:\\\/\\\/www.eldiario.net\\\/portal\\\/2025\\\/07\\\/27\\\/arte-y-deporte-a-la-vera-de-dios\\\/#article\",\"isPartOf\":{\"@id\":\"https:\\\/\\\/www.eldiario.net\\\/portal\\\/2025\\\/07\\\/27\\\/arte-y-deporte-a-la-vera-de-dios\\\/\"},\"author\":{\"name\":\"Jeanette\",\"@id\":\"https:\\\/\\\/www.eldiario.net\\\/portal\\\/#\\\/schema\\\/person\\\/2c57cf2b7a7ae032e449e4c9b1019eac\"},\"headline\":\"Arte y deporte a la vera de Dios\",\"datePublished\":\"2025-07-27T11:33:16+00:00\",\"mainEntityOfPage\":{\"@id\":\"https:\\\/\\\/www.eldiario.net\\\/portal\\\/2025\\\/07\\\/27\\\/arte-y-deporte-a-la-vera-de-dios\\\/\"},\"wordCount\":503,\"publisher\":{\"@id\":\"https:\\\/\\\/www.eldiario.net\\\/portal\\\/#organization\"},\"image\":{\"@id\":\"https:\\\/\\\/www.eldiario.net\\\/portal\\\/2025\\\/07\\\/27\\\/arte-y-deporte-a-la-vera-de-dios\\\/#primaryimage\"},\"thumbnailUrl\":\"https:\\\/\\\/www.eldiario.net\\\/portal\\\/wp-content\\\/uploads\\\/2023\\\/06\\\/David-Foronda-H.jpg\",\"articleSection\":[\"Opini\u00f3n\"],\"inLanguage\":\"es\"},{\"@type\":\"WebPage\",\"@id\":\"https:\\\/\\\/www.eldiario.net\\\/portal\\\/2025\\\/07\\\/27\\\/arte-y-deporte-a-la-vera-de-dios\\\/\",\"url\":\"https:\\\/\\\/www.eldiario.net\\\/portal\\\/2025\\\/07\\\/27\\\/arte-y-deporte-a-la-vera-de-dios\\\/\",\"name\":\"Arte y deporte a la vera de Dios - El Diario - Bolivia\",\"isPartOf\":{\"@id\":\"https:\\\/\\\/www.eldiario.net\\\/portal\\\/#website\"},\"primaryImageOfPage\":{\"@id\":\"https:\\\/\\\/www.eldiario.net\\\/portal\\\/2025\\\/07\\\/27\\\/arte-y-deporte-a-la-vera-de-dios\\\/#primaryimage\"},\"image\":{\"@id\":\"https:\\\/\\\/www.eldiario.net\\\/portal\\\/2025\\\/07\\\/27\\\/arte-y-deporte-a-la-vera-de-dios\\\/#primaryimage\"},\"thumbnailUrl\":\"https:\\\/\\\/www.eldiario.net\\\/portal\\\/wp-content\\\/uploads\\\/2023\\\/06\\\/David-Foronda-H.jpg\",\"datePublished\":\"2025-07-27T11:33:16+00:00\",\"breadcrumb\":{\"@id\":\"https:\\\/\\\/www.eldiario.net\\\/portal\\\/2025\\\/07\\\/27\\\/arte-y-deporte-a-la-vera-de-dios\\\/#breadcrumb\"},\"inLanguage\":\"es\",\"potentialAction\":[{\"@type\":\"ReadAction\",\"target\":[\"https:\\\/\\\/www.eldiario.net\\\/portal\\\/2025\\\/07\\\/27\\\/arte-y-deporte-a-la-vera-de-dios\\\/\"]}]},{\"@type\":\"ImageObject\",\"inLanguage\":\"es\",\"@id\":\"https:\\\/\\\/www.eldiario.net\\\/portal\\\/2025\\\/07\\\/27\\\/arte-y-deporte-a-la-vera-de-dios\\\/#primaryimage\",\"url\":\"https:\\\/\\\/www.eldiario.net\\\/portal\\\/wp-content\\\/uploads\\\/2023\\\/06\\\/David-Foronda-H.jpg\",\"contentUrl\":\"https:\\\/\\\/www.eldiario.net\\\/portal\\\/wp-content\\\/uploads\\\/2023\\\/06\\\/David-Foronda-H.jpg\",\"width\":1200,\"height\":628,\"caption\":\"David Foronda H.\"},{\"@type\":\"BreadcrumbList\",\"@id\":\"https:\\\/\\\/www.eldiario.net\\\/portal\\\/2025\\\/07\\\/27\\\/arte-y-deporte-a-la-vera-de-dios\\\/#breadcrumb\",\"itemListElement\":[{\"@type\":\"ListItem\",\"position\":1,\"name\":\"Portada\",\"item\":\"https:\\\/\\\/www.eldiario.net\\\/portal\\\/\"},{\"@type\":\"ListItem\",\"position\":2,\"name\":\"Arte y deporte a la vera de Dios\"}]},{\"@type\":\"WebSite\",\"@id\":\"https:\\\/\\\/www.eldiario.net\\\/portal\\\/#website\",\"url\":\"https:\\\/\\\/www.eldiario.net\\\/portal\\\/\",\"name\":\"El Diario - Decano de la prensa nacional\",\"description\":\"El Diario - Decano de la prensa nacional\",\"publisher\":{\"@id\":\"https:\\\/\\\/www.eldiario.net\\\/portal\\\/#organization\"},\"potentialAction\":[{\"@type\":\"SearchAction\",\"target\":{\"@type\":\"EntryPoint\",\"urlTemplate\":\"https:\\\/\\\/www.eldiario.net\\\/portal\\\/?s={search_term_string}\"},\"query-input\":{\"@type\":\"PropertyValueSpecification\",\"valueRequired\":true,\"valueName\":\"search_term_string\"}}],\"inLanguage\":\"es\"},{\"@type\":\"Organization\",\"@id\":\"https:\\\/\\\/www.eldiario.net\\\/portal\\\/#organization\",\"name\":\"El Diario - Decano de la prensa nacional\",\"url\":\"https:\\\/\\\/www.eldiario.net\\\/portal\\\/\",\"logo\":{\"@type\":\"ImageObject\",\"inLanguage\":\"es\",\"@id\":\"https:\\\/\\\/www.eldiario.net\\\/portal\\\/#\\\/schema\\\/logo\\\/image\\\/\",\"url\":\"https:\\\/\\\/www.eldiario.net\\\/portal\\\/wp-content\\\/uploads\\\/2023\\\/07\\\/logo_ED.jpg\",\"contentUrl\":\"https:\\\/\\\/www.eldiario.net\\\/portal\\\/wp-content\\\/uploads\\\/2023\\\/07\\\/logo_ED.jpg\",\"width\":272,\"height\":52,\"caption\":\"El Diario - Decano de la prensa nacional\"},\"image\":{\"@id\":\"https:\\\/\\\/www.eldiario.net\\\/portal\\\/#\\\/schema\\\/logo\\\/image\\\/\"},\"sameAs\":[\"https:\\\/\\\/www.facebook.com\\\/eldiario.bolivia\\\/\",\"https:\\\/\\\/x.com\\\/eldiario_net\"]},{\"@type\":\"Person\",\"@id\":\"https:\\\/\\\/www.eldiario.net\\\/portal\\\/#\\\/schema\\\/person\\\/2c57cf2b7a7ae032e449e4c9b1019eac\",\"name\":\"Jeanette\",\"image\":{\"@type\":\"ImageObject\",\"inLanguage\":\"es\",\"@id\":\"https:\\\/\\\/secure.gravatar.com\\\/avatar\\\/3ea2118a5f7dad2b7138b1187a6b7ee55f160b9968b66013c3a3ef39dd7e5798?s=96&d=mm&r=g\",\"url\":\"https:\\\/\\\/secure.gravatar.com\\\/avatar\\\/3ea2118a5f7dad2b7138b1187a6b7ee55f160b9968b66013c3a3ef39dd7e5798?s=96&d=mm&r=g\",\"contentUrl\":\"https:\\\/\\\/secure.gravatar.com\\\/avatar\\\/3ea2118a5f7dad2b7138b1187a6b7ee55f160b9968b66013c3a3ef39dd7e5798?s=96&d=mm&r=g\",\"caption\":\"Jeanette\"},\"sameAs\":[\"https:\\\/\\\/www.eldiario.net\\\/portal\"],\"url\":\"https:\\\/\\\/www.eldiario.net\\\/portal\\\/author\\\/jeanette\\\/\"}]}<\/script>\n<!-- \/ Yoast SEO plugin. -->","yoast_head_json":{"title":"Arte y deporte a la vera de Dios - El Diario - Bolivia","robots":{"index":"index","follow":"follow","max-snippet":"max-snippet:-1","max-image-preview":"max-image-preview:large","max-video-preview":"max-video-preview:-1"},"canonical":"https:\/\/www.eldiario.net\/portal\/2025\/07\/27\/arte-y-deporte-a-la-vera-de-dios\/","og_locale":"es_ES","og_type":"article","og_title":"Arte y deporte a la vera de Dios - El Diario - Bolivia","og_description":"Otra vez surgi\u00f3 un grito lastimero, como siempre sucede desde cualquier sector del quehacer local y nacional y reci\u00e9n se encienden las alarmas; surgen reproches y generalmente luego se impone el silencio. Casi nadie quiere tocar esos problemas sociales. Ah\u00ed est\u00e1n millares de limosneros en las v\u00edas p\u00fablicas, pr\u00e1cticamente en todas las ciudades, sean capitales, [&hellip;]","og_url":"https:\/\/www.eldiario.net\/portal\/2025\/07\/27\/arte-y-deporte-a-la-vera-de-dios\/","og_site_name":"El Diario - Bolivia","article_publisher":"https:\/\/www.facebook.com\/eldiario.bolivia\/","article_published_time":"2025-07-27T11:33:16+00:00","og_image":[{"width":1200,"height":628,"url":"https:\/\/www.eldiario.net\/portal\/wp-content\/uploads\/2023\/06\/David-Foronda-H.jpg","type":"image\/jpeg"}],"author":"Jeanette","twitter_card":"summary_large_image","twitter_creator":"@eldiario_net","twitter_site":"@eldiario_net","twitter_misc":{"Escrito por":"Jeanette","Tiempo de lectura":"3 minutos"},"schema":{"@context":"https:\/\/schema.org","@graph":[{"@type":"Article","@id":"https:\/\/www.eldiario.net\/portal\/2025\/07\/27\/arte-y-deporte-a-la-vera-de-dios\/#article","isPartOf":{"@id":"https:\/\/www.eldiario.net\/portal\/2025\/07\/27\/arte-y-deporte-a-la-vera-de-dios\/"},"author":{"name":"Jeanette","@id":"https:\/\/www.eldiario.net\/portal\/#\/schema\/person\/2c57cf2b7a7ae032e449e4c9b1019eac"},"headline":"Arte y deporte a la vera de Dios","datePublished":"2025-07-27T11:33:16+00:00","mainEntityOfPage":{"@id":"https:\/\/www.eldiario.net\/portal\/2025\/07\/27\/arte-y-deporte-a-la-vera-de-dios\/"},"wordCount":503,"publisher":{"@id":"https:\/\/www.eldiario.net\/portal\/#organization"},"image":{"@id":"https:\/\/www.eldiario.net\/portal\/2025\/07\/27\/arte-y-deporte-a-la-vera-de-dios\/#primaryimage"},"thumbnailUrl":"https:\/\/www.eldiario.net\/portal\/wp-content\/uploads\/2023\/06\/David-Foronda-H.jpg","articleSection":["Opini\u00f3n"],"inLanguage":"es"},{"@type":"WebPage","@id":"https:\/\/www.eldiario.net\/portal\/2025\/07\/27\/arte-y-deporte-a-la-vera-de-dios\/","url":"https:\/\/www.eldiario.net\/portal\/2025\/07\/27\/arte-y-deporte-a-la-vera-de-dios\/","name":"Arte y deporte a la vera de Dios - El Diario - Bolivia","isPartOf":{"@id":"https:\/\/www.eldiario.net\/portal\/#website"},"primaryImageOfPage":{"@id":"https:\/\/www.eldiario.net\/portal\/2025\/07\/27\/arte-y-deporte-a-la-vera-de-dios\/#primaryimage"},"image":{"@id":"https:\/\/www.eldiario.net\/portal\/2025\/07\/27\/arte-y-deporte-a-la-vera-de-dios\/#primaryimage"},"thumbnailUrl":"https:\/\/www.eldiario.net\/portal\/wp-content\/uploads\/2023\/06\/David-Foronda-H.jpg","datePublished":"2025-07-27T11:33:16+00:00","breadcrumb":{"@id":"https:\/\/www.eldiario.net\/portal\/2025\/07\/27\/arte-y-deporte-a-la-vera-de-dios\/#breadcrumb"},"inLanguage":"es","potentialAction":[{"@type":"ReadAction","target":["https:\/\/www.eldiario.net\/portal\/2025\/07\/27\/arte-y-deporte-a-la-vera-de-dios\/"]}]},{"@type":"ImageObject","inLanguage":"es","@id":"https:\/\/www.eldiario.net\/portal\/2025\/07\/27\/arte-y-deporte-a-la-vera-de-dios\/#primaryimage","url":"https:\/\/www.eldiario.net\/portal\/wp-content\/uploads\/2023\/06\/David-Foronda-H.jpg","contentUrl":"https:\/\/www.eldiario.net\/portal\/wp-content\/uploads\/2023\/06\/David-Foronda-H.jpg","width":1200,"height":628,"caption":"David Foronda H."},{"@type":"BreadcrumbList","@id":"https:\/\/www.eldiario.net\/portal\/2025\/07\/27\/arte-y-deporte-a-la-vera-de-dios\/#breadcrumb","itemListElement":[{"@type":"ListItem","position":1,"name":"Portada","item":"https:\/\/www.eldiario.net\/portal\/"},{"@type":"ListItem","position":2,"name":"Arte y deporte a la vera de Dios"}]},{"@type":"WebSite","@id":"https:\/\/www.eldiario.net\/portal\/#website","url":"https:\/\/www.eldiario.net\/portal\/","name":"El Diario - Decano de la prensa nacional","description":"El Diario - Decano de la prensa nacional","publisher":{"@id":"https:\/\/www.eldiario.net\/portal\/#organization"},"potentialAction":[{"@type":"SearchAction","target":{"@type":"EntryPoint","urlTemplate":"https:\/\/www.eldiario.net\/portal\/?s={search_term_string}"},"query-input":{"@type":"PropertyValueSpecification","valueRequired":true,"valueName":"search_term_string"}}],"inLanguage":"es"},{"@type":"Organization","@id":"https:\/\/www.eldiario.net\/portal\/#organization","name":"El Diario - Decano de la prensa nacional","url":"https:\/\/www.eldiario.net\/portal\/","logo":{"@type":"ImageObject","inLanguage":"es","@id":"https:\/\/www.eldiario.net\/portal\/#\/schema\/logo\/image\/","url":"https:\/\/www.eldiario.net\/portal\/wp-content\/uploads\/2023\/07\/logo_ED.jpg","contentUrl":"https:\/\/www.eldiario.net\/portal\/wp-content\/uploads\/2023\/07\/logo_ED.jpg","width":272,"height":52,"caption":"El Diario - Decano de la prensa nacional"},"image":{"@id":"https:\/\/www.eldiario.net\/portal\/#\/schema\/logo\/image\/"},"sameAs":["https:\/\/www.facebook.com\/eldiario.bolivia\/","https:\/\/x.com\/eldiario_net"]},{"@type":"Person","@id":"https:\/\/www.eldiario.net\/portal\/#\/schema\/person\/2c57cf2b7a7ae032e449e4c9b1019eac","name":"Jeanette","image":{"@type":"ImageObject","inLanguage":"es","@id":"https:\/\/secure.gravatar.com\/avatar\/3ea2118a5f7dad2b7138b1187a6b7ee55f160b9968b66013c3a3ef39dd7e5798?s=96&d=mm&r=g","url":"https:\/\/secure.gravatar.com\/avatar\/3ea2118a5f7dad2b7138b1187a6b7ee55f160b9968b66013c3a3ef39dd7e5798?s=96&d=mm&r=g","contentUrl":"https:\/\/secure.gravatar.com\/avatar\/3ea2118a5f7dad2b7138b1187a6b7ee55f160b9968b66013c3a3ef39dd7e5798?s=96&d=mm&r=g","caption":"Jeanette"},"sameAs":["https:\/\/www.eldiario.net\/portal"],"url":"https:\/\/www.eldiario.net\/portal\/author\/jeanette\/"}]}},"_links":{"self":[{"href":"https:\/\/www.eldiario.net\/portal\/wp-json\/wp\/v2\/posts\/319680","targetHints":{"allow":["GET"]}}],"collection":[{"href":"https:\/\/www.eldiario.net\/portal\/wp-json\/wp\/v2\/posts"}],"about":[{"href":"https:\/\/www.eldiario.net\/portal\/wp-json\/wp\/v2\/types\/post"}],"author":[{"embeddable":true,"href":"https:\/\/www.eldiario.net\/portal\/wp-json\/wp\/v2\/users\/1"}],"replies":[{"embeddable":true,"href":"https:\/\/www.eldiario.net\/portal\/wp-json\/wp\/v2\/comments?post=319680"}],"version-history":[{"count":1,"href":"https:\/\/www.eldiario.net\/portal\/wp-json\/wp\/v2\/posts\/319680\/revisions"}],"predecessor-version":[{"id":319681,"href":"https:\/\/www.eldiario.net\/portal\/wp-json\/wp\/v2\/posts\/319680\/revisions\/319681"}],"wp:featuredmedia":[{"embeddable":true,"href":"https:\/\/www.eldiario.net\/portal\/wp-json\/wp\/v2\/media\/158961"}],"wp:attachment":[{"href":"https:\/\/www.eldiario.net\/portal\/wp-json\/wp\/v2\/media?parent=319680"}],"wp:term":[{"taxonomy":"category","embeddable":true,"href":"https:\/\/www.eldiario.net\/portal\/wp-json\/wp\/v2\/categories?post=319680"},{"taxonomy":"post_tag","embeddable":true,"href":"https:\/\/www.eldiario.net\/portal\/wp-json\/wp\/v2\/tags?post=319680"}],"curies":[{"name":"wp","href":"https:\/\/api.w.org\/{rel}","templated":true}]}}