{"id":319678,"date":"2025-07-27T07:32:21","date_gmt":"2025-07-27T11:32:21","guid":{"rendered":"https:\/\/www.eldiario.net\/portal\/?p=319678"},"modified":"2025-07-27T07:32:21","modified_gmt":"2025-07-27T11:32:21","slug":"el-debate-evento-que-debe-volver-a-ser-una-costumbre","status":"publish","type":"post","link":"https:\/\/www.eldiario.net\/portal\/2025\/07\/27\/el-debate-evento-que-debe-volver-a-ser-una-costumbre\/","title":{"rendered":"El debate, evento que debe volver a ser una costumbre"},"content":{"rendered":"<p><em>Durante 23 a\u00f1os nos desacostumbramos a ver y escuchar debates pol\u00edticos. No olvidemos que Evo debat\u00eda solo \u201ccon el pueblo\u201d \u2026 El \u00faltimo debate que se hab\u00eda realizado en Bolivia fue en 2002, organizado por la Asociaci\u00f3n de Periodistas; en \u00e9l, estuvieron Goni, Jaime Paz Zamora, Evo Morales y el Mallku.<\/em><br \/>\n<em>En las elecciones de octubre de 2020 se hicieron dos debates, los cuales en realidad fueron foros de exposici\u00f3n de propuestas y no debates como tal. En el primero de ellos estuvieron varios candidatos como Carlos Mesa, Jorge Tuto Quiroga, Luis Arce o Luis Fernando Camacho, pero en el segundo faltaron ya Camacho y Arce. Como dijimos, los candidatos expusieron sus propuestas sobre todo vinculadas con la econom\u00eda, pues para entonces el \u00e1rea econ\u00f3mica boliviana ya era primordial, debido sobre todo a la corrupci\u00f3n y la malversaci\u00f3n de fondos p\u00fablicos, perpetradas por un r\u00e9gimen socialista de 15 a\u00f1os. Aquellos foros que, repetimos, de debate tuvieron poco o nada, fueron espacios en que los candidatos no confrontaron ideas o propuestas, sino que se limitaron a responder preguntas de un largo cuestionario le\u00eddo por los moderadores del evento. Eso no es debatir.<\/em><br \/>\n<em>No obstante, hace unos d\u00edas se registr\u00f3 un verdadero debate presidencial, para bien de la democracia. La noche del domingo 20 del corriente mes, la red Unitel organiz\u00f3 un debate entre los cuatro candidatos a la Presidencia con mayor intenci\u00f3n de voto en las encuestas: Samuel Doria Medina (Alianza Unidad), Jorge Tuto Quiroga (Libre), Manfred Reyes Villa (APB-S\u00famate) y Andr\u00f3nico Rodr\u00edguez (Alianza Popular, una de las versiones del MAS). Fue una confrontaci\u00f3n de pareceres y visiones, en la que adem\u00e1s los candidatos se encararon y preguntaron entre s\u00ed, como debe ser en lo que se llama debate. Solamente debatieron tres candidatos, pues el ausente fue Andr\u00f3nico Rodr\u00edguez, cuyo atril se ve\u00eda vac\u00edo\u2026 Cuando una periodista televisiva pregunt\u00f3 un d\u00eda despu\u00e9s a su candidata a la Vicepresidencia, Prado, por qu\u00e9 Andr\u00f3nico no hab\u00eda asistido, aquella dijo que quien desea ser presidente no estuvo porque hab\u00eda tenido una entrevista en otro canal, a lo que la periodista respondi\u00f3 que esa entrevista hab\u00eda sido grabada y no en vivo, a lo que la candidata respondi\u00f3 con evasivas\u2026<\/em><br \/>\n<em>El asunto es que quienes s\u00ed dieron la cara debatieron sus propuestas. M\u00e1s all\u00e1 de que se est\u00e9 a favor o en contra de Samuel, Tuto o Manfred, la verdad es que un espacio as\u00ed es muy saludable para la democracia porque el debate permite conocer no solo ideas y propuestas, sino la capacidad dial\u00e9ctica y de razonamiento de los candidatos, am\u00e9n de las respuestas que dan a preguntas probablemente inc\u00f3modas para ellos. Eso permite que el electorado vote no por sentimientos, sino por razones. Permite transparentar las propuestas y cotejarlas.<\/em><br \/>\n<em>Estar en un debate es un acto de valent\u00eda y esp\u00edritu democr\u00e1tico. Veinte a\u00f1os de masismo, catorce a la cabeza de alguien que solo debat\u00eda con \u201cel pueblo\u201d y cinco a la de otro de muy pocas luces, hicieron que el boliviano no viera este tipo de eventos. Reconstruir la democracia pasa tambi\u00e9n por normalizar otra vez los debates.<\/em><\/p>\n","protected":false},"excerpt":{"rendered":"<p>Durante 23 a\u00f1os nos desacostumbramos a ver y escuchar debates pol\u00edticos. No olvidemos que Evo debat\u00eda solo \u201ccon el pueblo\u201d \u2026 El \u00faltimo debate que se hab\u00eda realizado en Bolivia fue en 2002, organizado por la Asociaci\u00f3n de Periodistas; en \u00e9l, estuvieron Goni, Jaime Paz Zamora, Evo Morales y el Mallku. En las elecciones de [&hellip;]<\/p>\n","protected":false},"author":1,"featured_media":194776,"comment_status":"closed","ping_status":"open","sticky":false,"template":"","format":"standard","meta":{"_acf_changed":false,"footnotes":""},"categories":[4],"tags":[],"class_list":["post-319678","post","type-post","status-publish","format-standard","has-post-thumbnail","category-editorial"],"acf":{"antetitulo":""},"yoast_head":"<!-- This site is optimized with the Yoast SEO plugin v28.4 - https:\/\/yoast.com\/product\/yoast-seo-wordpress\/ -->\n<title>El debate, evento que debe volver a ser una costumbre - El Diario - Bolivia<\/title>\n<meta name=\"robots\" content=\"index, follow, max-snippet:-1, max-image-preview:large, max-video-preview:-1\" \/>\n<link rel=\"canonical\" href=\"https:\/\/www.eldiario.net\/portal\/2025\/07\/27\/el-debate-evento-que-debe-volver-a-ser-una-costumbre\/\" \/>\n<meta property=\"og:locale\" content=\"es_ES\" \/>\n<meta property=\"og:type\" content=\"article\" \/>\n<meta property=\"og:title\" content=\"El debate, evento que debe volver a ser una costumbre - El Diario - Bolivia\" \/>\n<meta property=\"og:description\" content=\"Durante 23 a\u00f1os nos desacostumbramos a ver y escuchar debates pol\u00edticos. No olvidemos que Evo debat\u00eda solo \u201ccon el pueblo\u201d \u2026 El \u00faltimo debate que se hab\u00eda realizado en Bolivia fue en 2002, organizado por la Asociaci\u00f3n de Periodistas; en \u00e9l, estuvieron Goni, Jaime Paz Zamora, Evo Morales y el Mallku. En las elecciones de [&hellip;]\" \/>\n<meta property=\"og:url\" content=\"https:\/\/www.eldiario.net\/portal\/2025\/07\/27\/el-debate-evento-que-debe-volver-a-ser-una-costumbre\/\" \/>\n<meta property=\"og:site_name\" content=\"El Diario - Bolivia\" \/>\n<meta property=\"article:publisher\" content=\"https:\/\/www.facebook.com\/eldiario.bolivia\/\" \/>\n<meta property=\"article:published_time\" content=\"2025-07-27T11:32:21+00:00\" \/>\n<meta property=\"og:image\" content=\"https:\/\/www.eldiario.net\/portal\/wp-content\/uploads\/2023\/12\/Editorial.jpg\" \/>\n\t<meta property=\"og:image:width\" content=\"800\" \/>\n\t<meta property=\"og:image:height\" content=\"500\" \/>\n\t<meta property=\"og:image:type\" content=\"image\/jpeg\" \/>\n<meta name=\"author\" content=\"Jeanette\" \/>\n<meta name=\"twitter:card\" content=\"summary_large_image\" \/>\n<meta name=\"twitter:creator\" content=\"@eldiario_net\" \/>\n<meta name=\"twitter:site\" content=\"@eldiario_net\" \/>\n<meta name=\"twitter:label1\" content=\"Escrito por\" \/>\n\t<meta name=\"twitter:data1\" content=\"Jeanette\" \/>\n\t<meta name=\"twitter:label2\" content=\"Tiempo de lectura\" \/>\n\t<meta name=\"twitter:data2\" content=\"3 minutos\" \/>\n<script type=\"application\/ld+json\" class=\"yoast-schema-graph\">{\"@context\":\"https:\\\/\\\/schema.org\",\"@graph\":[{\"@type\":\"Article\",\"@id\":\"https:\\\/\\\/www.eldiario.net\\\/portal\\\/2025\\\/07\\\/27\\\/el-debate-evento-que-debe-volver-a-ser-una-costumbre\\\/#article\",\"isPartOf\":{\"@id\":\"https:\\\/\\\/www.eldiario.net\\\/portal\\\/2025\\\/07\\\/27\\\/el-debate-evento-que-debe-volver-a-ser-una-costumbre\\\/\"},\"author\":{\"name\":\"Jeanette\",\"@id\":\"https:\\\/\\\/www.eldiario.net\\\/portal\\\/#\\\/schema\\\/person\\\/2c57cf2b7a7ae032e449e4c9b1019eac\"},\"headline\":\"El debate, evento que debe volver a ser una costumbre\",\"datePublished\":\"2025-07-27T11:32:21+00:00\",\"mainEntityOfPage\":{\"@id\":\"https:\\\/\\\/www.eldiario.net\\\/portal\\\/2025\\\/07\\\/27\\\/el-debate-evento-que-debe-volver-a-ser-una-costumbre\\\/\"},\"wordCount\":560,\"publisher\":{\"@id\":\"https:\\\/\\\/www.eldiario.net\\\/portal\\\/#organization\"},\"image\":{\"@id\":\"https:\\\/\\\/www.eldiario.net\\\/portal\\\/2025\\\/07\\\/27\\\/el-debate-evento-que-debe-volver-a-ser-una-costumbre\\\/#primaryimage\"},\"thumbnailUrl\":\"https:\\\/\\\/www.eldiario.net\\\/portal\\\/wp-content\\\/uploads\\\/2023\\\/12\\\/Editorial.jpg\",\"articleSection\":[\"Editorial\"],\"inLanguage\":\"es\"},{\"@type\":\"WebPage\",\"@id\":\"https:\\\/\\\/www.eldiario.net\\\/portal\\\/2025\\\/07\\\/27\\\/el-debate-evento-que-debe-volver-a-ser-una-costumbre\\\/\",\"url\":\"https:\\\/\\\/www.eldiario.net\\\/portal\\\/2025\\\/07\\\/27\\\/el-debate-evento-que-debe-volver-a-ser-una-costumbre\\\/\",\"name\":\"El debate, evento que debe volver a ser una costumbre - El Diario - Bolivia\",\"isPartOf\":{\"@id\":\"https:\\\/\\\/www.eldiario.net\\\/portal\\\/#website\"},\"primaryImageOfPage\":{\"@id\":\"https:\\\/\\\/www.eldiario.net\\\/portal\\\/2025\\\/07\\\/27\\\/el-debate-evento-que-debe-volver-a-ser-una-costumbre\\\/#primaryimage\"},\"image\":{\"@id\":\"https:\\\/\\\/www.eldiario.net\\\/portal\\\/2025\\\/07\\\/27\\\/el-debate-evento-que-debe-volver-a-ser-una-costumbre\\\/#primaryimage\"},\"thumbnailUrl\":\"https:\\\/\\\/www.eldiario.net\\\/portal\\\/wp-content\\\/uploads\\\/2023\\\/12\\\/Editorial.jpg\",\"datePublished\":\"2025-07-27T11:32:21+00:00\",\"breadcrumb\":{\"@id\":\"https:\\\/\\\/www.eldiario.net\\\/portal\\\/2025\\\/07\\\/27\\\/el-debate-evento-que-debe-volver-a-ser-una-costumbre\\\/#breadcrumb\"},\"inLanguage\":\"es\",\"potentialAction\":[{\"@type\":\"ReadAction\",\"target\":[\"https:\\\/\\\/www.eldiario.net\\\/portal\\\/2025\\\/07\\\/27\\\/el-debate-evento-que-debe-volver-a-ser-una-costumbre\\\/\"]}]},{\"@type\":\"ImageObject\",\"inLanguage\":\"es\",\"@id\":\"https:\\\/\\\/www.eldiario.net\\\/portal\\\/2025\\\/07\\\/27\\\/el-debate-evento-que-debe-volver-a-ser-una-costumbre\\\/#primaryimage\",\"url\":\"https:\\\/\\\/www.eldiario.net\\\/portal\\\/wp-content\\\/uploads\\\/2023\\\/12\\\/Editorial.jpg\",\"contentUrl\":\"https:\\\/\\\/www.eldiario.net\\\/portal\\\/wp-content\\\/uploads\\\/2023\\\/12\\\/Editorial.jpg\",\"width\":800,\"height\":500},{\"@type\":\"BreadcrumbList\",\"@id\":\"https:\\\/\\\/www.eldiario.net\\\/portal\\\/2025\\\/07\\\/27\\\/el-debate-evento-que-debe-volver-a-ser-una-costumbre\\\/#breadcrumb\",\"itemListElement\":[{\"@type\":\"ListItem\",\"position\":1,\"name\":\"Portada\",\"item\":\"https:\\\/\\\/www.eldiario.net\\\/portal\\\/\"},{\"@type\":\"ListItem\",\"position\":2,\"name\":\"El debate, evento que debe volver a ser una costumbre\"}]},{\"@type\":\"WebSite\",\"@id\":\"https:\\\/\\\/www.eldiario.net\\\/portal\\\/#website\",\"url\":\"https:\\\/\\\/www.eldiario.net\\\/portal\\\/\",\"name\":\"El Diario - Decano de la prensa nacional\",\"description\":\"El Diario - Decano de la prensa nacional\",\"publisher\":{\"@id\":\"https:\\\/\\\/www.eldiario.net\\\/portal\\\/#organization\"},\"potentialAction\":[{\"@type\":\"SearchAction\",\"target\":{\"@type\":\"EntryPoint\",\"urlTemplate\":\"https:\\\/\\\/www.eldiario.net\\\/portal\\\/?s={search_term_string}\"},\"query-input\":{\"@type\":\"PropertyValueSpecification\",\"valueRequired\":true,\"valueName\":\"search_term_string\"}}],\"inLanguage\":\"es\"},{\"@type\":\"Organization\",\"@id\":\"https:\\\/\\\/www.eldiario.net\\\/portal\\\/#organization\",\"name\":\"El Diario - Decano de la prensa nacional\",\"url\":\"https:\\\/\\\/www.eldiario.net\\\/portal\\\/\",\"logo\":{\"@type\":\"ImageObject\",\"inLanguage\":\"es\",\"@id\":\"https:\\\/\\\/www.eldiario.net\\\/portal\\\/#\\\/schema\\\/logo\\\/image\\\/\",\"url\":\"https:\\\/\\\/www.eldiario.net\\\/portal\\\/wp-content\\\/uploads\\\/2023\\\/07\\\/logo_ED.jpg\",\"contentUrl\":\"https:\\\/\\\/www.eldiario.net\\\/portal\\\/wp-content\\\/uploads\\\/2023\\\/07\\\/logo_ED.jpg\",\"width\":272,\"height\":52,\"caption\":\"El Diario - Decano de la prensa nacional\"},\"image\":{\"@id\":\"https:\\\/\\\/www.eldiario.net\\\/portal\\\/#\\\/schema\\\/logo\\\/image\\\/\"},\"sameAs\":[\"https:\\\/\\\/www.facebook.com\\\/eldiario.bolivia\\\/\",\"https:\\\/\\\/x.com\\\/eldiario_net\"]},{\"@type\":\"Person\",\"@id\":\"https:\\\/\\\/www.eldiario.net\\\/portal\\\/#\\\/schema\\\/person\\\/2c57cf2b7a7ae032e449e4c9b1019eac\",\"name\":\"Jeanette\",\"image\":{\"@type\":\"ImageObject\",\"inLanguage\":\"es\",\"@id\":\"https:\\\/\\\/secure.gravatar.com\\\/avatar\\\/3ea2118a5f7dad2b7138b1187a6b7ee55f160b9968b66013c3a3ef39dd7e5798?s=96&d=mm&r=g\",\"url\":\"https:\\\/\\\/secure.gravatar.com\\\/avatar\\\/3ea2118a5f7dad2b7138b1187a6b7ee55f160b9968b66013c3a3ef39dd7e5798?s=96&d=mm&r=g\",\"contentUrl\":\"https:\\\/\\\/secure.gravatar.com\\\/avatar\\\/3ea2118a5f7dad2b7138b1187a6b7ee55f160b9968b66013c3a3ef39dd7e5798?s=96&d=mm&r=g\",\"caption\":\"Jeanette\"},\"sameAs\":[\"https:\\\/\\\/www.eldiario.net\\\/portal\"],\"url\":\"https:\\\/\\\/www.eldiario.net\\\/portal\\\/author\\\/jeanette\\\/\"}]}<\/script>\n<!-- \/ Yoast SEO plugin. -->","yoast_head_json":{"title":"El debate, evento que debe volver a ser una costumbre - El Diario - Bolivia","robots":{"index":"index","follow":"follow","max-snippet":"max-snippet:-1","max-image-preview":"max-image-preview:large","max-video-preview":"max-video-preview:-1"},"canonical":"https:\/\/www.eldiario.net\/portal\/2025\/07\/27\/el-debate-evento-que-debe-volver-a-ser-una-costumbre\/","og_locale":"es_ES","og_type":"article","og_title":"El debate, evento que debe volver a ser una costumbre - El Diario - Bolivia","og_description":"Durante 23 a\u00f1os nos desacostumbramos a ver y escuchar debates pol\u00edticos. No olvidemos que Evo debat\u00eda solo \u201ccon el pueblo\u201d \u2026 El \u00faltimo debate que se hab\u00eda realizado en Bolivia fue en 2002, organizado por la Asociaci\u00f3n de Periodistas; en \u00e9l, estuvieron Goni, Jaime Paz Zamora, Evo Morales y el Mallku. En las elecciones de [&hellip;]","og_url":"https:\/\/www.eldiario.net\/portal\/2025\/07\/27\/el-debate-evento-que-debe-volver-a-ser-una-costumbre\/","og_site_name":"El Diario - Bolivia","article_publisher":"https:\/\/www.facebook.com\/eldiario.bolivia\/","article_published_time":"2025-07-27T11:32:21+00:00","og_image":[{"width":800,"height":500,"url":"https:\/\/www.eldiario.net\/portal\/wp-content\/uploads\/2023\/12\/Editorial.jpg","type":"image\/jpeg"}],"author":"Jeanette","twitter_card":"summary_large_image","twitter_creator":"@eldiario_net","twitter_site":"@eldiario_net","twitter_misc":{"Escrito por":"Jeanette","Tiempo de lectura":"3 minutos"},"schema":{"@context":"https:\/\/schema.org","@graph":[{"@type":"Article","@id":"https:\/\/www.eldiario.net\/portal\/2025\/07\/27\/el-debate-evento-que-debe-volver-a-ser-una-costumbre\/#article","isPartOf":{"@id":"https:\/\/www.eldiario.net\/portal\/2025\/07\/27\/el-debate-evento-que-debe-volver-a-ser-una-costumbre\/"},"author":{"name":"Jeanette","@id":"https:\/\/www.eldiario.net\/portal\/#\/schema\/person\/2c57cf2b7a7ae032e449e4c9b1019eac"},"headline":"El debate, evento que debe volver a ser una costumbre","datePublished":"2025-07-27T11:32:21+00:00","mainEntityOfPage":{"@id":"https:\/\/www.eldiario.net\/portal\/2025\/07\/27\/el-debate-evento-que-debe-volver-a-ser-una-costumbre\/"},"wordCount":560,"publisher":{"@id":"https:\/\/www.eldiario.net\/portal\/#organization"},"image":{"@id":"https:\/\/www.eldiario.net\/portal\/2025\/07\/27\/el-debate-evento-que-debe-volver-a-ser-una-costumbre\/#primaryimage"},"thumbnailUrl":"https:\/\/www.eldiario.net\/portal\/wp-content\/uploads\/2023\/12\/Editorial.jpg","articleSection":["Editorial"],"inLanguage":"es"},{"@type":"WebPage","@id":"https:\/\/www.eldiario.net\/portal\/2025\/07\/27\/el-debate-evento-que-debe-volver-a-ser-una-costumbre\/","url":"https:\/\/www.eldiario.net\/portal\/2025\/07\/27\/el-debate-evento-que-debe-volver-a-ser-una-costumbre\/","name":"El debate, evento que debe volver a ser una costumbre - El Diario - Bolivia","isPartOf":{"@id":"https:\/\/www.eldiario.net\/portal\/#website"},"primaryImageOfPage":{"@id":"https:\/\/www.eldiario.net\/portal\/2025\/07\/27\/el-debate-evento-que-debe-volver-a-ser-una-costumbre\/#primaryimage"},"image":{"@id":"https:\/\/www.eldiario.net\/portal\/2025\/07\/27\/el-debate-evento-que-debe-volver-a-ser-una-costumbre\/#primaryimage"},"thumbnailUrl":"https:\/\/www.eldiario.net\/portal\/wp-content\/uploads\/2023\/12\/Editorial.jpg","datePublished":"2025-07-27T11:32:21+00:00","breadcrumb":{"@id":"https:\/\/www.eldiario.net\/portal\/2025\/07\/27\/el-debate-evento-que-debe-volver-a-ser-una-costumbre\/#breadcrumb"},"inLanguage":"es","potentialAction":[{"@type":"ReadAction","target":["https:\/\/www.eldiario.net\/portal\/2025\/07\/27\/el-debate-evento-que-debe-volver-a-ser-una-costumbre\/"]}]},{"@type":"ImageObject","inLanguage":"es","@id":"https:\/\/www.eldiario.net\/portal\/2025\/07\/27\/el-debate-evento-que-debe-volver-a-ser-una-costumbre\/#primaryimage","url":"https:\/\/www.eldiario.net\/portal\/wp-content\/uploads\/2023\/12\/Editorial.jpg","contentUrl":"https:\/\/www.eldiario.net\/portal\/wp-content\/uploads\/2023\/12\/Editorial.jpg","width":800,"height":500},{"@type":"BreadcrumbList","@id":"https:\/\/www.eldiario.net\/portal\/2025\/07\/27\/el-debate-evento-que-debe-volver-a-ser-una-costumbre\/#breadcrumb","itemListElement":[{"@type":"ListItem","position":1,"name":"Portada","item":"https:\/\/www.eldiario.net\/portal\/"},{"@type":"ListItem","position":2,"name":"El debate, evento que debe volver a ser una costumbre"}]},{"@type":"WebSite","@id":"https:\/\/www.eldiario.net\/portal\/#website","url":"https:\/\/www.eldiario.net\/portal\/","name":"El Diario - Decano de la prensa nacional","description":"El Diario - Decano de la prensa nacional","publisher":{"@id":"https:\/\/www.eldiario.net\/portal\/#organization"},"potentialAction":[{"@type":"SearchAction","target":{"@type":"EntryPoint","urlTemplate":"https:\/\/www.eldiario.net\/portal\/?s={search_term_string}"},"query-input":{"@type":"PropertyValueSpecification","valueRequired":true,"valueName":"search_term_string"}}],"inLanguage":"es"},{"@type":"Organization","@id":"https:\/\/www.eldiario.net\/portal\/#organization","name":"El Diario - Decano de la prensa nacional","url":"https:\/\/www.eldiario.net\/portal\/","logo":{"@type":"ImageObject","inLanguage":"es","@id":"https:\/\/www.eldiario.net\/portal\/#\/schema\/logo\/image\/","url":"https:\/\/www.eldiario.net\/portal\/wp-content\/uploads\/2023\/07\/logo_ED.jpg","contentUrl":"https:\/\/www.eldiario.net\/portal\/wp-content\/uploads\/2023\/07\/logo_ED.jpg","width":272,"height":52,"caption":"El Diario - Decano de la prensa nacional"},"image":{"@id":"https:\/\/www.eldiario.net\/portal\/#\/schema\/logo\/image\/"},"sameAs":["https:\/\/www.facebook.com\/eldiario.bolivia\/","https:\/\/x.com\/eldiario_net"]},{"@type":"Person","@id":"https:\/\/www.eldiario.net\/portal\/#\/schema\/person\/2c57cf2b7a7ae032e449e4c9b1019eac","name":"Jeanette","image":{"@type":"ImageObject","inLanguage":"es","@id":"https:\/\/secure.gravatar.com\/avatar\/3ea2118a5f7dad2b7138b1187a6b7ee55f160b9968b66013c3a3ef39dd7e5798?s=96&d=mm&r=g","url":"https:\/\/secure.gravatar.com\/avatar\/3ea2118a5f7dad2b7138b1187a6b7ee55f160b9968b66013c3a3ef39dd7e5798?s=96&d=mm&r=g","contentUrl":"https:\/\/secure.gravatar.com\/avatar\/3ea2118a5f7dad2b7138b1187a6b7ee55f160b9968b66013c3a3ef39dd7e5798?s=96&d=mm&r=g","caption":"Jeanette"},"sameAs":["https:\/\/www.eldiario.net\/portal"],"url":"https:\/\/www.eldiario.net\/portal\/author\/jeanette\/"}]}},"_links":{"self":[{"href":"https:\/\/www.eldiario.net\/portal\/wp-json\/wp\/v2\/posts\/319678","targetHints":{"allow":["GET"]}}],"collection":[{"href":"https:\/\/www.eldiario.net\/portal\/wp-json\/wp\/v2\/posts"}],"about":[{"href":"https:\/\/www.eldiario.net\/portal\/wp-json\/wp\/v2\/types\/post"}],"author":[{"embeddable":true,"href":"https:\/\/www.eldiario.net\/portal\/wp-json\/wp\/v2\/users\/1"}],"replies":[{"embeddable":true,"href":"https:\/\/www.eldiario.net\/portal\/wp-json\/wp\/v2\/comments?post=319678"}],"version-history":[{"count":1,"href":"https:\/\/www.eldiario.net\/portal\/wp-json\/wp\/v2\/posts\/319678\/revisions"}],"predecessor-version":[{"id":319679,"href":"https:\/\/www.eldiario.net\/portal\/wp-json\/wp\/v2\/posts\/319678\/revisions\/319679"}],"wp:featuredmedia":[{"embeddable":true,"href":"https:\/\/www.eldiario.net\/portal\/wp-json\/wp\/v2\/media\/194776"}],"wp:attachment":[{"href":"https:\/\/www.eldiario.net\/portal\/wp-json\/wp\/v2\/media?parent=319678"}],"wp:term":[{"taxonomy":"category","embeddable":true,"href":"https:\/\/www.eldiario.net\/portal\/wp-json\/wp\/v2\/categories?post=319678"},{"taxonomy":"post_tag","embeddable":true,"href":"https:\/\/www.eldiario.net\/portal\/wp-json\/wp\/v2\/tags?post=319678"}],"curies":[{"name":"wp","href":"https:\/\/api.w.org\/{rel}","templated":true}]}}