{"id":319675,"date":"2025-07-27T07:29:09","date_gmt":"2025-07-27T11:29:09","guid":{"rendered":"https:\/\/www.eldiario.net\/portal\/?p=319675"},"modified":"2025-07-27T07:29:09","modified_gmt":"2025-07-27T11:29:09","slug":"santa-cruz-supera-3-300-focos-de-calor-diarios","status":"publish","type":"post","link":"https:\/\/www.eldiario.net\/portal\/2025\/07\/27\/santa-cruz-supera-3-300-focos-de-calor-diarios\/","title":{"rendered":"Santa Cruz supera 3.300  focos de calor diarios"},"content":{"rendered":"<p>El departamento de Santa Cruz registra m\u00e1s de 3.300 focos de calor activos al d\u00eda, seg\u00fan datos del Sistema de Alerta Temprana de Incendios Forestales (Satif) de la Gobernaci\u00f3n. Las autoridades advirtieron que se est\u00e1 ingresando a la etapa m\u00e1s cr\u00edtica del a\u00f1o en cuanto a incendios forestales y la Defensor\u00eda del Pueblo demanda al Gobierno acciones m\u00e1s urgentes para frenar estas emergencias.<br \/>\nLos municipios m\u00e1s afectados son: San Ignacio, Concepci\u00f3n, San Miguel, San Rafael, San Jos\u00e9 de Chiquitos, Robor\u00e9 y Carmen Rivero T\u00f3rrez, seg\u00fan Paulo Viruez, director de Recursos Naturales.<br \/>\nAnte el incremento de focos de calor, la Gobernaci\u00f3n exhort\u00f3 a los municipios a activar sus Comit\u00e9s de Operaciones de Emergencia (COE), coordinar con instancias departamentales y disponer de recursos log\u00edsticos y humanos para atender posibles emergencias.<br \/>\nViruez record\u00f3 que los reportes del Satif se emiten diariamente a los gobiernos municipales conforme a la Ley 602 de Gesti\u00f3n de Riesgos, lo que permite una respuesta m\u00e1s oportuna en campo. Tambi\u00e9n pidi\u00f3 al Gobierno nacional mayor control y fiscalizaci\u00f3n en zonas de riesgo, adem\u00e1s de iniciar procesos legales contra los responsables de provocar incendios.<br \/>\nHasta la fecha, en Santa Cruz se han registrado y controlado 26 incendios, de los cuales 9 fueron forestales y 17 en zonas de interfase. A nivel nacional, el viceministro de Defensa Civil, Juan Carlos Calvimontes, indic\u00f3 que hay 2.497 focos de calor activos, el 90% se concentra en Santa Cruz, aunque hasta el momento no se reportan incendios forestales activos.<br \/>\nFrente a esta situaci\u00f3n, la Defensor\u00eda del Pueblo emiti\u00f3 un llamado urgente a las autoridades nacionales, departamentales y municipales para que implementen acciones preventivas, coordinadas y eficaces ante el avance del fuego. La instituci\u00f3n manifest\u00f3 su preocupaci\u00f3n por el aumento progresivo de focos de calor, agravado por la reducci\u00f3n de precipitaciones en tierras bajas y valles centrales, y advirti\u00f3 sobre inconsistencias en los reportes oficiales.<br \/>\nLa Defensor\u00eda solicit\u00f3 transparencia en la informaci\u00f3n sobre asentamientos autorizados en tierras fiscales, a fin de evitar nuevos incendios y garantizar el derecho ciudadano al acceso a la informaci\u00f3n ambiental.<br \/>\nPor su parte, el vicepresidente David Choquehuanca alert\u00f3, en la apertura de los Di\u00e1logos Amaz\u00f3nicos Nacionales, sobre los efectos devastadores de los incendios forestales en la Amazon\u00eda boliviana, atribuy\u00e9ndolos a la expansi\u00f3n descontrolada de la frontera agropecuaria y el tr\u00e1fico de tierras.<br \/>\n\u201cEl 90% de las quemas son ilegales y no cuentan con autorizaci\u00f3n de la Autoridad de Bosques y Tierra (ABT). Si no detenemos este ritmo de destrucci\u00f3n, vamos a alterar el clima, la lluvia y acelerar la desertificaci\u00f3n\u201d, advirti\u00f3 Choquehuanca. Compar\u00f3 el nivel de devastaci\u00f3n con la quema total de la isla de Cuba y subray\u00f3 que los incendios afectan principalmente a territorios ind\u00edgenas y tierras fiscales.<br \/>\nAsimismo, denunci\u00f3 la miner\u00eda ilegal y el uso de mercurio como amenazas paralelas a la Amazon\u00eda. Inst\u00f3 al Legislativo no seguir postergando leyes de protecci\u00f3n ambiental, al tiempo que anunci\u00f3 la elaboraci\u00f3n de un protocolo de investigaci\u00f3n forense forestal para evitar la impunidad en delitos ecol\u00f3gicos. (BD)<br \/>\nPIE DE FOTOFOTO: RRSS<\/p>\n","protected":false},"excerpt":{"rendered":"<p>El departamento de Santa Cruz registra m\u00e1s de 3.300 focos de calor activos al d\u00eda, seg\u00fan datos del Sistema de Alerta Temprana de Incendios Forestales (Satif) de la Gobernaci\u00f3n. Las autoridades advirtieron que se est\u00e1 ingresando a la etapa m\u00e1s cr\u00edtica del a\u00f1o en cuanto a incendios forestales y la Defensor\u00eda del Pueblo demanda al [&hellip;]<\/p>\n","protected":false},"author":1,"featured_media":319676,"comment_status":"closed","ping_status":"open","sticky":false,"template":"","format":"standard","meta":{"_acf_changed":false,"footnotes":""},"categories":[12],"tags":[],"class_list":["post-319675","post","type-post","status-publish","format-standard","has-post-thumbnail","category-nacional"],"acf":{"antetitulo":""},"yoast_head":"<!-- This site is optimized with the Yoast SEO plugin v28.4 - https:\/\/yoast.com\/product\/yoast-seo-wordpress\/ -->\n<title>Santa Cruz supera 3.300 focos de calor diarios - El Diario - Bolivia<\/title>\n<meta name=\"robots\" content=\"index, follow, max-snippet:-1, max-image-preview:large, max-video-preview:-1\" \/>\n<link rel=\"canonical\" href=\"https:\/\/www.eldiario.net\/portal\/2025\/07\/27\/santa-cruz-supera-3-300-focos-de-calor-diarios\/\" \/>\n<meta property=\"og:locale\" content=\"es_ES\" \/>\n<meta property=\"og:type\" content=\"article\" \/>\n<meta property=\"og:title\" content=\"Santa Cruz supera 3.300 focos de calor diarios - El Diario - Bolivia\" \/>\n<meta property=\"og:description\" content=\"El departamento de Santa Cruz registra m\u00e1s de 3.300 focos de calor activos al d\u00eda, seg\u00fan datos del Sistema de Alerta Temprana de Incendios Forestales (Satif) de la Gobernaci\u00f3n. Las autoridades advirtieron que se est\u00e1 ingresando a la etapa m\u00e1s cr\u00edtica del a\u00f1o en cuanto a incendios forestales y la Defensor\u00eda del Pueblo demanda al [&hellip;]\" \/>\n<meta property=\"og:url\" content=\"https:\/\/www.eldiario.net\/portal\/2025\/07\/27\/santa-cruz-supera-3-300-focos-de-calor-diarios\/\" \/>\n<meta property=\"og:site_name\" content=\"El Diario - Bolivia\" \/>\n<meta property=\"article:publisher\" content=\"https:\/\/www.facebook.com\/eldiario.bolivia\/\" \/>\n<meta property=\"article:published_time\" content=\"2025-07-27T11:29:09+00:00\" \/>\n<meta property=\"og:image\" content=\"https:\/\/www.eldiario.net\/portal\/wp-content\/uploads\/2025\/07\/30-NAL-1.webp\" \/>\n\t<meta property=\"og:image:width\" content=\"1200\" \/>\n\t<meta property=\"og:image:height\" content=\"744\" \/>\n\t<meta property=\"og:image:type\" content=\"image\/webp\" \/>\n<meta name=\"author\" content=\"Jeanette\" \/>\n<meta name=\"twitter:card\" content=\"summary_large_image\" \/>\n<meta name=\"twitter:creator\" content=\"@eldiario_net\" \/>\n<meta name=\"twitter:site\" content=\"@eldiario_net\" \/>\n<meta name=\"twitter:label1\" content=\"Escrito por\" \/>\n\t<meta name=\"twitter:data1\" content=\"Jeanette\" \/>\n\t<meta name=\"twitter:label2\" content=\"Tiempo de lectura\" \/>\n\t<meta name=\"twitter:data2\" content=\"3 minutos\" \/>\n<script type=\"application\/ld+json\" class=\"yoast-schema-graph\">{\"@context\":\"https:\\\/\\\/schema.org\",\"@graph\":[{\"@type\":\"Article\",\"@id\":\"https:\\\/\\\/www.eldiario.net\\\/portal\\\/2025\\\/07\\\/27\\\/santa-cruz-supera-3-300-focos-de-calor-diarios\\\/#article\",\"isPartOf\":{\"@id\":\"https:\\\/\\\/www.eldiario.net\\\/portal\\\/2025\\\/07\\\/27\\\/santa-cruz-supera-3-300-focos-de-calor-diarios\\\/\"},\"author\":{\"name\":\"Jeanette\",\"@id\":\"https:\\\/\\\/www.eldiario.net\\\/portal\\\/#\\\/schema\\\/person\\\/2c57cf2b7a7ae032e449e4c9b1019eac\"},\"headline\":\"Santa Cruz supera 3.300 focos de calor diarios\",\"datePublished\":\"2025-07-27T11:29:09+00:00\",\"mainEntityOfPage\":{\"@id\":\"https:\\\/\\\/www.eldiario.net\\\/portal\\\/2025\\\/07\\\/27\\\/santa-cruz-supera-3-300-focos-de-calor-diarios\\\/\"},\"wordCount\":545,\"publisher\":{\"@id\":\"https:\\\/\\\/www.eldiario.net\\\/portal\\\/#organization\"},\"image\":{\"@id\":\"https:\\\/\\\/www.eldiario.net\\\/portal\\\/2025\\\/07\\\/27\\\/santa-cruz-supera-3-300-focos-de-calor-diarios\\\/#primaryimage\"},\"thumbnailUrl\":\"https:\\\/\\\/www.eldiario.net\\\/portal\\\/wp-content\\\/uploads\\\/2025\\\/07\\\/30-NAL-1.webp\",\"articleSection\":[\"Nacional\"],\"inLanguage\":\"es\"},{\"@type\":\"WebPage\",\"@id\":\"https:\\\/\\\/www.eldiario.net\\\/portal\\\/2025\\\/07\\\/27\\\/santa-cruz-supera-3-300-focos-de-calor-diarios\\\/\",\"url\":\"https:\\\/\\\/www.eldiario.net\\\/portal\\\/2025\\\/07\\\/27\\\/santa-cruz-supera-3-300-focos-de-calor-diarios\\\/\",\"name\":\"Santa Cruz supera 3.300 focos de calor diarios - El Diario - Bolivia\",\"isPartOf\":{\"@id\":\"https:\\\/\\\/www.eldiario.net\\\/portal\\\/#website\"},\"primaryImageOfPage\":{\"@id\":\"https:\\\/\\\/www.eldiario.net\\\/portal\\\/2025\\\/07\\\/27\\\/santa-cruz-supera-3-300-focos-de-calor-diarios\\\/#primaryimage\"},\"image\":{\"@id\":\"https:\\\/\\\/www.eldiario.net\\\/portal\\\/2025\\\/07\\\/27\\\/santa-cruz-supera-3-300-focos-de-calor-diarios\\\/#primaryimage\"},\"thumbnailUrl\":\"https:\\\/\\\/www.eldiario.net\\\/portal\\\/wp-content\\\/uploads\\\/2025\\\/07\\\/30-NAL-1.webp\",\"datePublished\":\"2025-07-27T11:29:09+00:00\",\"breadcrumb\":{\"@id\":\"https:\\\/\\\/www.eldiario.net\\\/portal\\\/2025\\\/07\\\/27\\\/santa-cruz-supera-3-300-focos-de-calor-diarios\\\/#breadcrumb\"},\"inLanguage\":\"es\",\"potentialAction\":[{\"@type\":\"ReadAction\",\"target\":[\"https:\\\/\\\/www.eldiario.net\\\/portal\\\/2025\\\/07\\\/27\\\/santa-cruz-supera-3-300-focos-de-calor-diarios\\\/\"]}]},{\"@type\":\"ImageObject\",\"inLanguage\":\"es\",\"@id\":\"https:\\\/\\\/www.eldiario.net\\\/portal\\\/2025\\\/07\\\/27\\\/santa-cruz-supera-3-300-focos-de-calor-diarios\\\/#primaryimage\",\"url\":\"https:\\\/\\\/www.eldiario.net\\\/portal\\\/wp-content\\\/uploads\\\/2025\\\/07\\\/30-NAL-1.webp\",\"contentUrl\":\"https:\\\/\\\/www.eldiario.net\\\/portal\\\/wp-content\\\/uploads\\\/2025\\\/07\\\/30-NAL-1.webp\",\"width\":1200,\"height\":744,\"caption\":\"LOS INCENDIOS VUELVEN A SER UNA AMENAZA PARA EL MEDIO AMBIENTE.\"},{\"@type\":\"BreadcrumbList\",\"@id\":\"https:\\\/\\\/www.eldiario.net\\\/portal\\\/2025\\\/07\\\/27\\\/santa-cruz-supera-3-300-focos-de-calor-diarios\\\/#breadcrumb\",\"itemListElement\":[{\"@type\":\"ListItem\",\"position\":1,\"name\":\"Portada\",\"item\":\"https:\\\/\\\/www.eldiario.net\\\/portal\\\/\"},{\"@type\":\"ListItem\",\"position\":2,\"name\":\"Santa Cruz supera 3.300 focos de calor diarios\"}]},{\"@type\":\"WebSite\",\"@id\":\"https:\\\/\\\/www.eldiario.net\\\/portal\\\/#website\",\"url\":\"https:\\\/\\\/www.eldiario.net\\\/portal\\\/\",\"name\":\"El Diario - Decano de la prensa nacional\",\"description\":\"El Diario - Decano de la prensa nacional\",\"publisher\":{\"@id\":\"https:\\\/\\\/www.eldiario.net\\\/portal\\\/#organization\"},\"potentialAction\":[{\"@type\":\"SearchAction\",\"target\":{\"@type\":\"EntryPoint\",\"urlTemplate\":\"https:\\\/\\\/www.eldiario.net\\\/portal\\\/?s={search_term_string}\"},\"query-input\":{\"@type\":\"PropertyValueSpecification\",\"valueRequired\":true,\"valueName\":\"search_term_string\"}}],\"inLanguage\":\"es\"},{\"@type\":\"Organization\",\"@id\":\"https:\\\/\\\/www.eldiario.net\\\/portal\\\/#organization\",\"name\":\"El Diario - Decano de la prensa nacional\",\"url\":\"https:\\\/\\\/www.eldiario.net\\\/portal\\\/\",\"logo\":{\"@type\":\"ImageObject\",\"inLanguage\":\"es\",\"@id\":\"https:\\\/\\\/www.eldiario.net\\\/portal\\\/#\\\/schema\\\/logo\\\/image\\\/\",\"url\":\"https:\\\/\\\/www.eldiario.net\\\/portal\\\/wp-content\\\/uploads\\\/2023\\\/07\\\/logo_ED.jpg\",\"contentUrl\":\"https:\\\/\\\/www.eldiario.net\\\/portal\\\/wp-content\\\/uploads\\\/2023\\\/07\\\/logo_ED.jpg\",\"width\":272,\"height\":52,\"caption\":\"El Diario - Decano de la prensa nacional\"},\"image\":{\"@id\":\"https:\\\/\\\/www.eldiario.net\\\/portal\\\/#\\\/schema\\\/logo\\\/image\\\/\"},\"sameAs\":[\"https:\\\/\\\/www.facebook.com\\\/eldiario.bolivia\\\/\",\"https:\\\/\\\/x.com\\\/eldiario_net\"]},{\"@type\":\"Person\",\"@id\":\"https:\\\/\\\/www.eldiario.net\\\/portal\\\/#\\\/schema\\\/person\\\/2c57cf2b7a7ae032e449e4c9b1019eac\",\"name\":\"Jeanette\",\"image\":{\"@type\":\"ImageObject\",\"inLanguage\":\"es\",\"@id\":\"https:\\\/\\\/secure.gravatar.com\\\/avatar\\\/3ea2118a5f7dad2b7138b1187a6b7ee55f160b9968b66013c3a3ef39dd7e5798?s=96&d=mm&r=g\",\"url\":\"https:\\\/\\\/secure.gravatar.com\\\/avatar\\\/3ea2118a5f7dad2b7138b1187a6b7ee55f160b9968b66013c3a3ef39dd7e5798?s=96&d=mm&r=g\",\"contentUrl\":\"https:\\\/\\\/secure.gravatar.com\\\/avatar\\\/3ea2118a5f7dad2b7138b1187a6b7ee55f160b9968b66013c3a3ef39dd7e5798?s=96&d=mm&r=g\",\"caption\":\"Jeanette\"},\"sameAs\":[\"https:\\\/\\\/www.eldiario.net\\\/portal\"],\"url\":\"https:\\\/\\\/www.eldiario.net\\\/portal\\\/author\\\/jeanette\\\/\"}]}<\/script>\n<!-- \/ Yoast SEO plugin. -->","yoast_head_json":{"title":"Santa Cruz supera 3.300 focos de calor diarios - El Diario - Bolivia","robots":{"index":"index","follow":"follow","max-snippet":"max-snippet:-1","max-image-preview":"max-image-preview:large","max-video-preview":"max-video-preview:-1"},"canonical":"https:\/\/www.eldiario.net\/portal\/2025\/07\/27\/santa-cruz-supera-3-300-focos-de-calor-diarios\/","og_locale":"es_ES","og_type":"article","og_title":"Santa Cruz supera 3.300 focos de calor diarios - El Diario - Bolivia","og_description":"El departamento de Santa Cruz registra m\u00e1s de 3.300 focos de calor activos al d\u00eda, seg\u00fan datos del Sistema de Alerta Temprana de Incendios Forestales (Satif) de la Gobernaci\u00f3n. Las autoridades advirtieron que se est\u00e1 ingresando a la etapa m\u00e1s cr\u00edtica del a\u00f1o en cuanto a incendios forestales y la Defensor\u00eda del Pueblo demanda al [&hellip;]","og_url":"https:\/\/www.eldiario.net\/portal\/2025\/07\/27\/santa-cruz-supera-3-300-focos-de-calor-diarios\/","og_site_name":"El Diario - Bolivia","article_publisher":"https:\/\/www.facebook.com\/eldiario.bolivia\/","article_published_time":"2025-07-27T11:29:09+00:00","og_image":[{"width":1200,"height":744,"url":"https:\/\/www.eldiario.net\/portal\/wp-content\/uploads\/2025\/07\/30-NAL-1.webp","type":"image\/webp"}],"author":"Jeanette","twitter_card":"summary_large_image","twitter_creator":"@eldiario_net","twitter_site":"@eldiario_net","twitter_misc":{"Escrito por":"Jeanette","Tiempo de lectura":"3 minutos"},"schema":{"@context":"https:\/\/schema.org","@graph":[{"@type":"Article","@id":"https:\/\/www.eldiario.net\/portal\/2025\/07\/27\/santa-cruz-supera-3-300-focos-de-calor-diarios\/#article","isPartOf":{"@id":"https:\/\/www.eldiario.net\/portal\/2025\/07\/27\/santa-cruz-supera-3-300-focos-de-calor-diarios\/"},"author":{"name":"Jeanette","@id":"https:\/\/www.eldiario.net\/portal\/#\/schema\/person\/2c57cf2b7a7ae032e449e4c9b1019eac"},"headline":"Santa Cruz supera 3.300 focos de calor diarios","datePublished":"2025-07-27T11:29:09+00:00","mainEntityOfPage":{"@id":"https:\/\/www.eldiario.net\/portal\/2025\/07\/27\/santa-cruz-supera-3-300-focos-de-calor-diarios\/"},"wordCount":545,"publisher":{"@id":"https:\/\/www.eldiario.net\/portal\/#organization"},"image":{"@id":"https:\/\/www.eldiario.net\/portal\/2025\/07\/27\/santa-cruz-supera-3-300-focos-de-calor-diarios\/#primaryimage"},"thumbnailUrl":"https:\/\/www.eldiario.net\/portal\/wp-content\/uploads\/2025\/07\/30-NAL-1.webp","articleSection":["Nacional"],"inLanguage":"es"},{"@type":"WebPage","@id":"https:\/\/www.eldiario.net\/portal\/2025\/07\/27\/santa-cruz-supera-3-300-focos-de-calor-diarios\/","url":"https:\/\/www.eldiario.net\/portal\/2025\/07\/27\/santa-cruz-supera-3-300-focos-de-calor-diarios\/","name":"Santa Cruz supera 3.300 focos de calor diarios - El Diario - Bolivia","isPartOf":{"@id":"https:\/\/www.eldiario.net\/portal\/#website"},"primaryImageOfPage":{"@id":"https:\/\/www.eldiario.net\/portal\/2025\/07\/27\/santa-cruz-supera-3-300-focos-de-calor-diarios\/#primaryimage"},"image":{"@id":"https:\/\/www.eldiario.net\/portal\/2025\/07\/27\/santa-cruz-supera-3-300-focos-de-calor-diarios\/#primaryimage"},"thumbnailUrl":"https:\/\/www.eldiario.net\/portal\/wp-content\/uploads\/2025\/07\/30-NAL-1.webp","datePublished":"2025-07-27T11:29:09+00:00","breadcrumb":{"@id":"https:\/\/www.eldiario.net\/portal\/2025\/07\/27\/santa-cruz-supera-3-300-focos-de-calor-diarios\/#breadcrumb"},"inLanguage":"es","potentialAction":[{"@type":"ReadAction","target":["https:\/\/www.eldiario.net\/portal\/2025\/07\/27\/santa-cruz-supera-3-300-focos-de-calor-diarios\/"]}]},{"@type":"ImageObject","inLanguage":"es","@id":"https:\/\/www.eldiario.net\/portal\/2025\/07\/27\/santa-cruz-supera-3-300-focos-de-calor-diarios\/#primaryimage","url":"https:\/\/www.eldiario.net\/portal\/wp-content\/uploads\/2025\/07\/30-NAL-1.webp","contentUrl":"https:\/\/www.eldiario.net\/portal\/wp-content\/uploads\/2025\/07\/30-NAL-1.webp","width":1200,"height":744,"caption":"LOS INCENDIOS VUELVEN A SER UNA AMENAZA PARA EL MEDIO AMBIENTE."},{"@type":"BreadcrumbList","@id":"https:\/\/www.eldiario.net\/portal\/2025\/07\/27\/santa-cruz-supera-3-300-focos-de-calor-diarios\/#breadcrumb","itemListElement":[{"@type":"ListItem","position":1,"name":"Portada","item":"https:\/\/www.eldiario.net\/portal\/"},{"@type":"ListItem","position":2,"name":"Santa Cruz supera 3.300 focos de calor diarios"}]},{"@type":"WebSite","@id":"https:\/\/www.eldiario.net\/portal\/#website","url":"https:\/\/www.eldiario.net\/portal\/","name":"El Diario - Decano de la prensa nacional","description":"El Diario - Decano de la prensa nacional","publisher":{"@id":"https:\/\/www.eldiario.net\/portal\/#organization"},"potentialAction":[{"@type":"SearchAction","target":{"@type":"EntryPoint","urlTemplate":"https:\/\/www.eldiario.net\/portal\/?s={search_term_string}"},"query-input":{"@type":"PropertyValueSpecification","valueRequired":true,"valueName":"search_term_string"}}],"inLanguage":"es"},{"@type":"Organization","@id":"https:\/\/www.eldiario.net\/portal\/#organization","name":"El Diario - Decano de la prensa nacional","url":"https:\/\/www.eldiario.net\/portal\/","logo":{"@type":"ImageObject","inLanguage":"es","@id":"https:\/\/www.eldiario.net\/portal\/#\/schema\/logo\/image\/","url":"https:\/\/www.eldiario.net\/portal\/wp-content\/uploads\/2023\/07\/logo_ED.jpg","contentUrl":"https:\/\/www.eldiario.net\/portal\/wp-content\/uploads\/2023\/07\/logo_ED.jpg","width":272,"height":52,"caption":"El Diario - Decano de la prensa nacional"},"image":{"@id":"https:\/\/www.eldiario.net\/portal\/#\/schema\/logo\/image\/"},"sameAs":["https:\/\/www.facebook.com\/eldiario.bolivia\/","https:\/\/x.com\/eldiario_net"]},{"@type":"Person","@id":"https:\/\/www.eldiario.net\/portal\/#\/schema\/person\/2c57cf2b7a7ae032e449e4c9b1019eac","name":"Jeanette","image":{"@type":"ImageObject","inLanguage":"es","@id":"https:\/\/secure.gravatar.com\/avatar\/3ea2118a5f7dad2b7138b1187a6b7ee55f160b9968b66013c3a3ef39dd7e5798?s=96&d=mm&r=g","url":"https:\/\/secure.gravatar.com\/avatar\/3ea2118a5f7dad2b7138b1187a6b7ee55f160b9968b66013c3a3ef39dd7e5798?s=96&d=mm&r=g","contentUrl":"https:\/\/secure.gravatar.com\/avatar\/3ea2118a5f7dad2b7138b1187a6b7ee55f160b9968b66013c3a3ef39dd7e5798?s=96&d=mm&r=g","caption":"Jeanette"},"sameAs":["https:\/\/www.eldiario.net\/portal"],"url":"https:\/\/www.eldiario.net\/portal\/author\/jeanette\/"}]}},"_links":{"self":[{"href":"https:\/\/www.eldiario.net\/portal\/wp-json\/wp\/v2\/posts\/319675","targetHints":{"allow":["GET"]}}],"collection":[{"href":"https:\/\/www.eldiario.net\/portal\/wp-json\/wp\/v2\/posts"}],"about":[{"href":"https:\/\/www.eldiario.net\/portal\/wp-json\/wp\/v2\/types\/post"}],"author":[{"embeddable":true,"href":"https:\/\/www.eldiario.net\/portal\/wp-json\/wp\/v2\/users\/1"}],"replies":[{"embeddable":true,"href":"https:\/\/www.eldiario.net\/portal\/wp-json\/wp\/v2\/comments?post=319675"}],"version-history":[{"count":1,"href":"https:\/\/www.eldiario.net\/portal\/wp-json\/wp\/v2\/posts\/319675\/revisions"}],"predecessor-version":[{"id":319677,"href":"https:\/\/www.eldiario.net\/portal\/wp-json\/wp\/v2\/posts\/319675\/revisions\/319677"}],"wp:featuredmedia":[{"embeddable":true,"href":"https:\/\/www.eldiario.net\/portal\/wp-json\/wp\/v2\/media\/319676"}],"wp:attachment":[{"href":"https:\/\/www.eldiario.net\/portal\/wp-json\/wp\/v2\/media?parent=319675"}],"wp:term":[{"taxonomy":"category","embeddable":true,"href":"https:\/\/www.eldiario.net\/portal\/wp-json\/wp\/v2\/categories?post=319675"},{"taxonomy":"post_tag","embeddable":true,"href":"https:\/\/www.eldiario.net\/portal\/wp-json\/wp\/v2\/tags?post=319675"}],"curies":[{"name":"wp","href":"https:\/\/api.w.org\/{rel}","templated":true}]}}