{"id":319584,"date":"2025-07-26T05:56:22","date_gmt":"2025-07-26T09:56:22","guid":{"rendered":"https:\/\/www.eldiario.net\/portal\/?p=319584"},"modified":"2025-07-26T05:56:22","modified_gmt":"2025-07-26T09:56:22","slug":"iglesia-pide-analizar-propuestas-para-sacar-de-la-crisis-a-bolivia","status":"publish","type":"post","link":"https:\/\/www.eldiario.net\/portal\/2025\/07\/26\/iglesia-pide-analizar-propuestas-para-sacar-de-la-crisis-a-bolivia\/","title":{"rendered":"Iglesia pide analizar propuestas para sacar de la crisis a Bolivia"},"content":{"rendered":"<p>El presidente de la Conferencia Episcopal Boliviana (CEB), monse\u00f1or Aurelio Pesoa, convoc\u00f3 a la poblaci\u00f3n a analizar y reflexionar con responsabilidad las propuestas planteadas por los candidatos a la presidencia para sacar a Bolivia de la crisis en la que se encuentra actualmente.<br \/>\nEl l\u00edder de la Iglesia Cat\u00f3lica se pronunci\u00f3 en Sucre, en la inauguraci\u00f3n del Congreso \u201cAportes de la Iglesia en el marco del Bicentenario de Bolivia\u201d, afirmando que el aporte de la ciudadan\u00eda debe ser la reflexi\u00f3n, la meditaci\u00f3n y la comprensi\u00f3n de la historia en contraste con las propuestas que se tienen para sacar al pa\u00eds de la crisis.<br \/>\n\u201cTodos los bolivianos debemos apoyar las elecciones y tener presente que debe haber elecciones\u201d, indic\u00f3 Pesoa, en su convocatoria a participar en la jornada electoral del 17 de agosto.<br \/>\nSeg\u00fan la autoridad religiosa, a pesar de que el pa\u00eds ya antes ha pasado por conflictos sociales, golpes de Estado y duras recesiones econ\u00f3micas, el actual contexto y sus posibles consecuencias no deja de preocupar, sobre todo cuando se piensa en los m\u00e1s vulnerables.<br \/>\nRespecto a las constantes amenazas al actual proceso electoral, Pesoa exhort\u00f3 a comprender que la mejor forma de sacar al pa\u00eds de la actual situaci\u00f3n de crisis es por la v\u00eda democr\u00e1tica, apoyando las elecciones y evitando que intereses traten de forzar otro tipo de salidas.<\/p>\n<p>&nbsp;<\/p>\n","protected":false},"excerpt":{"rendered":"<p>El presidente de la Conferencia Episcopal Boliviana (CEB), monse\u00f1or Aurelio Pesoa, convoc\u00f3 a la poblaci\u00f3n a analizar y reflexionar con responsabilidad las propuestas planteadas por los candidatos a la presidencia para sacar a Bolivia de la crisis en la que se encuentra actualmente. El l\u00edder de la Iglesia Cat\u00f3lica se pronunci\u00f3 en Sucre, en la [&hellip;]<\/p>\n","protected":false},"author":1,"featured_media":319585,"comment_status":"closed","ping_status":"open","sticky":false,"template":"","format":"standard","meta":{"_acf_changed":false,"footnotes":""},"categories":[17],"tags":[],"class_list":["post-319584","post","type-post","status-publish","format-standard","has-post-thumbnail","category-principal"],"acf":{"antetitulo":"  Exhorta a votar y evitar la violencia"},"yoast_head":"<!-- This site is optimized with the Yoast SEO plugin v28.4 - https:\/\/yoast.com\/product\/yoast-seo-wordpress\/ -->\n<title>Iglesia pide analizar propuestas para sacar de la crisis a Bolivia - El Diario - Bolivia<\/title>\n<meta name=\"robots\" content=\"index, follow, max-snippet:-1, max-image-preview:large, max-video-preview:-1\" \/>\n<link rel=\"canonical\" href=\"https:\/\/www.eldiario.net\/portal\/2025\/07\/26\/iglesia-pide-analizar-propuestas-para-sacar-de-la-crisis-a-bolivia\/\" \/>\n<meta property=\"og:locale\" content=\"es_ES\" \/>\n<meta property=\"og:type\" content=\"article\" \/>\n<meta property=\"og:title\" content=\"Iglesia pide analizar propuestas para sacar de la crisis a Bolivia - El Diario - Bolivia\" \/>\n<meta property=\"og:description\" content=\"El presidente de la Conferencia Episcopal Boliviana (CEB), monse\u00f1or Aurelio Pesoa, convoc\u00f3 a la poblaci\u00f3n a analizar y reflexionar con responsabilidad las propuestas planteadas por los candidatos a la presidencia para sacar a Bolivia de la crisis en la que se encuentra actualmente. El l\u00edder de la Iglesia Cat\u00f3lica se pronunci\u00f3 en Sucre, en la [&hellip;]\" \/>\n<meta property=\"og:url\" content=\"https:\/\/www.eldiario.net\/portal\/2025\/07\/26\/iglesia-pide-analizar-propuestas-para-sacar-de-la-crisis-a-bolivia\/\" \/>\n<meta property=\"og:site_name\" content=\"El Diario - Bolivia\" \/>\n<meta property=\"article:publisher\" content=\"https:\/\/www.facebook.com\/eldiario.bolivia\/\" \/>\n<meta property=\"article:published_time\" content=\"2025-07-26T09:56:22+00:00\" \/>\n<meta property=\"og:image\" content=\"https:\/\/www.eldiario.net\/portal\/wp-content\/uploads\/2025\/07\/P-1-15-cm-x-10-12.webp\" \/>\n\t<meta property=\"og:image:width\" content=\"848\" \/>\n\t<meta property=\"og:image:height\" content=\"478\" \/>\n\t<meta property=\"og:image:type\" content=\"image\/webp\" \/>\n<meta name=\"author\" content=\"Jeanette\" \/>\n<meta name=\"twitter:card\" content=\"summary_large_image\" \/>\n<meta name=\"twitter:creator\" content=\"@eldiario_net\" \/>\n<meta name=\"twitter:site\" content=\"@eldiario_net\" \/>\n<meta name=\"twitter:label1\" content=\"Escrito por\" \/>\n\t<meta name=\"twitter:data1\" content=\"Jeanette\" \/>\n\t<meta name=\"twitter:label2\" content=\"Tiempo de lectura\" \/>\n\t<meta name=\"twitter:data2\" content=\"2 minutos\" \/>\n<script type=\"application\/ld+json\" class=\"yoast-schema-graph\">{\"@context\":\"https:\\\/\\\/schema.org\",\"@graph\":[{\"@type\":\"Article\",\"@id\":\"https:\\\/\\\/www.eldiario.net\\\/portal\\\/2025\\\/07\\\/26\\\/iglesia-pide-analizar-propuestas-para-sacar-de-la-crisis-a-bolivia\\\/#article\",\"isPartOf\":{\"@id\":\"https:\\\/\\\/www.eldiario.net\\\/portal\\\/2025\\\/07\\\/26\\\/iglesia-pide-analizar-propuestas-para-sacar-de-la-crisis-a-bolivia\\\/\"},\"author\":{\"name\":\"Jeanette\",\"@id\":\"https:\\\/\\\/www.eldiario.net\\\/portal\\\/#\\\/schema\\\/person\\\/2c57cf2b7a7ae032e449e4c9b1019eac\"},\"headline\":\"Iglesia pide analizar propuestas para sacar de la crisis a Bolivia\",\"datePublished\":\"2025-07-26T09:56:22+00:00\",\"mainEntityOfPage\":{\"@id\":\"https:\\\/\\\/www.eldiario.net\\\/portal\\\/2025\\\/07\\\/26\\\/iglesia-pide-analizar-propuestas-para-sacar-de-la-crisis-a-bolivia\\\/\"},\"wordCount\":251,\"publisher\":{\"@id\":\"https:\\\/\\\/www.eldiario.net\\\/portal\\\/#organization\"},\"image\":{\"@id\":\"https:\\\/\\\/www.eldiario.net\\\/portal\\\/2025\\\/07\\\/26\\\/iglesia-pide-analizar-propuestas-para-sacar-de-la-crisis-a-bolivia\\\/#primaryimage\"},\"thumbnailUrl\":\"https:\\\/\\\/www.eldiario.net\\\/portal\\\/wp-content\\\/uploads\\\/2025\\\/07\\\/P-1-15-cm-x-10-12.webp\",\"articleSection\":[\"Principal\"],\"inLanguage\":\"es\"},{\"@type\":\"WebPage\",\"@id\":\"https:\\\/\\\/www.eldiario.net\\\/portal\\\/2025\\\/07\\\/26\\\/iglesia-pide-analizar-propuestas-para-sacar-de-la-crisis-a-bolivia\\\/\",\"url\":\"https:\\\/\\\/www.eldiario.net\\\/portal\\\/2025\\\/07\\\/26\\\/iglesia-pide-analizar-propuestas-para-sacar-de-la-crisis-a-bolivia\\\/\",\"name\":\"Iglesia pide analizar propuestas para sacar de la crisis a Bolivia - El Diario - Bolivia\",\"isPartOf\":{\"@id\":\"https:\\\/\\\/www.eldiario.net\\\/portal\\\/#website\"},\"primaryImageOfPage\":{\"@id\":\"https:\\\/\\\/www.eldiario.net\\\/portal\\\/2025\\\/07\\\/26\\\/iglesia-pide-analizar-propuestas-para-sacar-de-la-crisis-a-bolivia\\\/#primaryimage\"},\"image\":{\"@id\":\"https:\\\/\\\/www.eldiario.net\\\/portal\\\/2025\\\/07\\\/26\\\/iglesia-pide-analizar-propuestas-para-sacar-de-la-crisis-a-bolivia\\\/#primaryimage\"},\"thumbnailUrl\":\"https:\\\/\\\/www.eldiario.net\\\/portal\\\/wp-content\\\/uploads\\\/2025\\\/07\\\/P-1-15-cm-x-10-12.webp\",\"datePublished\":\"2025-07-26T09:56:22+00:00\",\"breadcrumb\":{\"@id\":\"https:\\\/\\\/www.eldiario.net\\\/portal\\\/2025\\\/07\\\/26\\\/iglesia-pide-analizar-propuestas-para-sacar-de-la-crisis-a-bolivia\\\/#breadcrumb\"},\"inLanguage\":\"es\",\"potentialAction\":[{\"@type\":\"ReadAction\",\"target\":[\"https:\\\/\\\/www.eldiario.net\\\/portal\\\/2025\\\/07\\\/26\\\/iglesia-pide-analizar-propuestas-para-sacar-de-la-crisis-a-bolivia\\\/\"]}]},{\"@type\":\"ImageObject\",\"inLanguage\":\"es\",\"@id\":\"https:\\\/\\\/www.eldiario.net\\\/portal\\\/2025\\\/07\\\/26\\\/iglesia-pide-analizar-propuestas-para-sacar-de-la-crisis-a-bolivia\\\/#primaryimage\",\"url\":\"https:\\\/\\\/www.eldiario.net\\\/portal\\\/wp-content\\\/uploads\\\/2025\\\/07\\\/P-1-15-cm-x-10-12.webp\",\"contentUrl\":\"https:\\\/\\\/www.eldiario.net\\\/portal\\\/wp-content\\\/uploads\\\/2025\\\/07\\\/P-1-15-cm-x-10-12.webp\",\"width\":848,\"height\":478,\"caption\":\"Monse\u00f1or Aurelio Pesoa, el presidente de la Conferencia Episcopal Boliviana.\"},{\"@type\":\"BreadcrumbList\",\"@id\":\"https:\\\/\\\/www.eldiario.net\\\/portal\\\/2025\\\/07\\\/26\\\/iglesia-pide-analizar-propuestas-para-sacar-de-la-crisis-a-bolivia\\\/#breadcrumb\",\"itemListElement\":[{\"@type\":\"ListItem\",\"position\":1,\"name\":\"Portada\",\"item\":\"https:\\\/\\\/www.eldiario.net\\\/portal\\\/\"},{\"@type\":\"ListItem\",\"position\":2,\"name\":\"Iglesia pide analizar propuestas para sacar de la crisis a Bolivia\"}]},{\"@type\":\"WebSite\",\"@id\":\"https:\\\/\\\/www.eldiario.net\\\/portal\\\/#website\",\"url\":\"https:\\\/\\\/www.eldiario.net\\\/portal\\\/\",\"name\":\"El Diario - Decano de la prensa nacional\",\"description\":\"El Diario - Decano de la prensa nacional\",\"publisher\":{\"@id\":\"https:\\\/\\\/www.eldiario.net\\\/portal\\\/#organization\"},\"potentialAction\":[{\"@type\":\"SearchAction\",\"target\":{\"@type\":\"EntryPoint\",\"urlTemplate\":\"https:\\\/\\\/www.eldiario.net\\\/portal\\\/?s={search_term_string}\"},\"query-input\":{\"@type\":\"PropertyValueSpecification\",\"valueRequired\":true,\"valueName\":\"search_term_string\"}}],\"inLanguage\":\"es\"},{\"@type\":\"Organization\",\"@id\":\"https:\\\/\\\/www.eldiario.net\\\/portal\\\/#organization\",\"name\":\"El Diario - Decano de la prensa nacional\",\"url\":\"https:\\\/\\\/www.eldiario.net\\\/portal\\\/\",\"logo\":{\"@type\":\"ImageObject\",\"inLanguage\":\"es\",\"@id\":\"https:\\\/\\\/www.eldiario.net\\\/portal\\\/#\\\/schema\\\/logo\\\/image\\\/\",\"url\":\"https:\\\/\\\/www.eldiario.net\\\/portal\\\/wp-content\\\/uploads\\\/2023\\\/07\\\/logo_ED.jpg\",\"contentUrl\":\"https:\\\/\\\/www.eldiario.net\\\/portal\\\/wp-content\\\/uploads\\\/2023\\\/07\\\/logo_ED.jpg\",\"width\":272,\"height\":52,\"caption\":\"El Diario - Decano de la prensa nacional\"},\"image\":{\"@id\":\"https:\\\/\\\/www.eldiario.net\\\/portal\\\/#\\\/schema\\\/logo\\\/image\\\/\"},\"sameAs\":[\"https:\\\/\\\/www.facebook.com\\\/eldiario.bolivia\\\/\",\"https:\\\/\\\/x.com\\\/eldiario_net\"]},{\"@type\":\"Person\",\"@id\":\"https:\\\/\\\/www.eldiario.net\\\/portal\\\/#\\\/schema\\\/person\\\/2c57cf2b7a7ae032e449e4c9b1019eac\",\"name\":\"Jeanette\",\"image\":{\"@type\":\"ImageObject\",\"inLanguage\":\"es\",\"@id\":\"https:\\\/\\\/secure.gravatar.com\\\/avatar\\\/3ea2118a5f7dad2b7138b1187a6b7ee55f160b9968b66013c3a3ef39dd7e5798?s=96&d=mm&r=g\",\"url\":\"https:\\\/\\\/secure.gravatar.com\\\/avatar\\\/3ea2118a5f7dad2b7138b1187a6b7ee55f160b9968b66013c3a3ef39dd7e5798?s=96&d=mm&r=g\",\"contentUrl\":\"https:\\\/\\\/secure.gravatar.com\\\/avatar\\\/3ea2118a5f7dad2b7138b1187a6b7ee55f160b9968b66013c3a3ef39dd7e5798?s=96&d=mm&r=g\",\"caption\":\"Jeanette\"},\"sameAs\":[\"https:\\\/\\\/www.eldiario.net\\\/portal\"],\"url\":\"https:\\\/\\\/www.eldiario.net\\\/portal\\\/author\\\/jeanette\\\/\"}]}<\/script>\n<!-- \/ Yoast SEO plugin. -->","yoast_head_json":{"title":"Iglesia pide analizar propuestas para sacar de la crisis a Bolivia - El Diario - Bolivia","robots":{"index":"index","follow":"follow","max-snippet":"max-snippet:-1","max-image-preview":"max-image-preview:large","max-video-preview":"max-video-preview:-1"},"canonical":"https:\/\/www.eldiario.net\/portal\/2025\/07\/26\/iglesia-pide-analizar-propuestas-para-sacar-de-la-crisis-a-bolivia\/","og_locale":"es_ES","og_type":"article","og_title":"Iglesia pide analizar propuestas para sacar de la crisis a Bolivia - El Diario - Bolivia","og_description":"El presidente de la Conferencia Episcopal Boliviana (CEB), monse\u00f1or Aurelio Pesoa, convoc\u00f3 a la poblaci\u00f3n a analizar y reflexionar con responsabilidad las propuestas planteadas por los candidatos a la presidencia para sacar a Bolivia de la crisis en la que se encuentra actualmente. El l\u00edder de la Iglesia Cat\u00f3lica se pronunci\u00f3 en Sucre, en la [&hellip;]","og_url":"https:\/\/www.eldiario.net\/portal\/2025\/07\/26\/iglesia-pide-analizar-propuestas-para-sacar-de-la-crisis-a-bolivia\/","og_site_name":"El Diario - Bolivia","article_publisher":"https:\/\/www.facebook.com\/eldiario.bolivia\/","article_published_time":"2025-07-26T09:56:22+00:00","og_image":[{"width":848,"height":478,"url":"https:\/\/www.eldiario.net\/portal\/wp-content\/uploads\/2025\/07\/P-1-15-cm-x-10-12.webp","type":"image\/webp"}],"author":"Jeanette","twitter_card":"summary_large_image","twitter_creator":"@eldiario_net","twitter_site":"@eldiario_net","twitter_misc":{"Escrito por":"Jeanette","Tiempo de lectura":"2 minutos"},"schema":{"@context":"https:\/\/schema.org","@graph":[{"@type":"Article","@id":"https:\/\/www.eldiario.net\/portal\/2025\/07\/26\/iglesia-pide-analizar-propuestas-para-sacar-de-la-crisis-a-bolivia\/#article","isPartOf":{"@id":"https:\/\/www.eldiario.net\/portal\/2025\/07\/26\/iglesia-pide-analizar-propuestas-para-sacar-de-la-crisis-a-bolivia\/"},"author":{"name":"Jeanette","@id":"https:\/\/www.eldiario.net\/portal\/#\/schema\/person\/2c57cf2b7a7ae032e449e4c9b1019eac"},"headline":"Iglesia pide analizar propuestas para sacar de la crisis a Bolivia","datePublished":"2025-07-26T09:56:22+00:00","mainEntityOfPage":{"@id":"https:\/\/www.eldiario.net\/portal\/2025\/07\/26\/iglesia-pide-analizar-propuestas-para-sacar-de-la-crisis-a-bolivia\/"},"wordCount":251,"publisher":{"@id":"https:\/\/www.eldiario.net\/portal\/#organization"},"image":{"@id":"https:\/\/www.eldiario.net\/portal\/2025\/07\/26\/iglesia-pide-analizar-propuestas-para-sacar-de-la-crisis-a-bolivia\/#primaryimage"},"thumbnailUrl":"https:\/\/www.eldiario.net\/portal\/wp-content\/uploads\/2025\/07\/P-1-15-cm-x-10-12.webp","articleSection":["Principal"],"inLanguage":"es"},{"@type":"WebPage","@id":"https:\/\/www.eldiario.net\/portal\/2025\/07\/26\/iglesia-pide-analizar-propuestas-para-sacar-de-la-crisis-a-bolivia\/","url":"https:\/\/www.eldiario.net\/portal\/2025\/07\/26\/iglesia-pide-analizar-propuestas-para-sacar-de-la-crisis-a-bolivia\/","name":"Iglesia pide analizar propuestas para sacar de la crisis a Bolivia - El Diario - Bolivia","isPartOf":{"@id":"https:\/\/www.eldiario.net\/portal\/#website"},"primaryImageOfPage":{"@id":"https:\/\/www.eldiario.net\/portal\/2025\/07\/26\/iglesia-pide-analizar-propuestas-para-sacar-de-la-crisis-a-bolivia\/#primaryimage"},"image":{"@id":"https:\/\/www.eldiario.net\/portal\/2025\/07\/26\/iglesia-pide-analizar-propuestas-para-sacar-de-la-crisis-a-bolivia\/#primaryimage"},"thumbnailUrl":"https:\/\/www.eldiario.net\/portal\/wp-content\/uploads\/2025\/07\/P-1-15-cm-x-10-12.webp","datePublished":"2025-07-26T09:56:22+00:00","breadcrumb":{"@id":"https:\/\/www.eldiario.net\/portal\/2025\/07\/26\/iglesia-pide-analizar-propuestas-para-sacar-de-la-crisis-a-bolivia\/#breadcrumb"},"inLanguage":"es","potentialAction":[{"@type":"ReadAction","target":["https:\/\/www.eldiario.net\/portal\/2025\/07\/26\/iglesia-pide-analizar-propuestas-para-sacar-de-la-crisis-a-bolivia\/"]}]},{"@type":"ImageObject","inLanguage":"es","@id":"https:\/\/www.eldiario.net\/portal\/2025\/07\/26\/iglesia-pide-analizar-propuestas-para-sacar-de-la-crisis-a-bolivia\/#primaryimage","url":"https:\/\/www.eldiario.net\/portal\/wp-content\/uploads\/2025\/07\/P-1-15-cm-x-10-12.webp","contentUrl":"https:\/\/www.eldiario.net\/portal\/wp-content\/uploads\/2025\/07\/P-1-15-cm-x-10-12.webp","width":848,"height":478,"caption":"Monse\u00f1or Aurelio Pesoa, el presidente de la Conferencia Episcopal Boliviana."},{"@type":"BreadcrumbList","@id":"https:\/\/www.eldiario.net\/portal\/2025\/07\/26\/iglesia-pide-analizar-propuestas-para-sacar-de-la-crisis-a-bolivia\/#breadcrumb","itemListElement":[{"@type":"ListItem","position":1,"name":"Portada","item":"https:\/\/www.eldiario.net\/portal\/"},{"@type":"ListItem","position":2,"name":"Iglesia pide analizar propuestas para sacar de la crisis a Bolivia"}]},{"@type":"WebSite","@id":"https:\/\/www.eldiario.net\/portal\/#website","url":"https:\/\/www.eldiario.net\/portal\/","name":"El Diario - Decano de la prensa nacional","description":"El Diario - Decano de la prensa nacional","publisher":{"@id":"https:\/\/www.eldiario.net\/portal\/#organization"},"potentialAction":[{"@type":"SearchAction","target":{"@type":"EntryPoint","urlTemplate":"https:\/\/www.eldiario.net\/portal\/?s={search_term_string}"},"query-input":{"@type":"PropertyValueSpecification","valueRequired":true,"valueName":"search_term_string"}}],"inLanguage":"es"},{"@type":"Organization","@id":"https:\/\/www.eldiario.net\/portal\/#organization","name":"El Diario - Decano de la prensa nacional","url":"https:\/\/www.eldiario.net\/portal\/","logo":{"@type":"ImageObject","inLanguage":"es","@id":"https:\/\/www.eldiario.net\/portal\/#\/schema\/logo\/image\/","url":"https:\/\/www.eldiario.net\/portal\/wp-content\/uploads\/2023\/07\/logo_ED.jpg","contentUrl":"https:\/\/www.eldiario.net\/portal\/wp-content\/uploads\/2023\/07\/logo_ED.jpg","width":272,"height":52,"caption":"El Diario - Decano de la prensa nacional"},"image":{"@id":"https:\/\/www.eldiario.net\/portal\/#\/schema\/logo\/image\/"},"sameAs":["https:\/\/www.facebook.com\/eldiario.bolivia\/","https:\/\/x.com\/eldiario_net"]},{"@type":"Person","@id":"https:\/\/www.eldiario.net\/portal\/#\/schema\/person\/2c57cf2b7a7ae032e449e4c9b1019eac","name":"Jeanette","image":{"@type":"ImageObject","inLanguage":"es","@id":"https:\/\/secure.gravatar.com\/avatar\/3ea2118a5f7dad2b7138b1187a6b7ee55f160b9968b66013c3a3ef39dd7e5798?s=96&d=mm&r=g","url":"https:\/\/secure.gravatar.com\/avatar\/3ea2118a5f7dad2b7138b1187a6b7ee55f160b9968b66013c3a3ef39dd7e5798?s=96&d=mm&r=g","contentUrl":"https:\/\/secure.gravatar.com\/avatar\/3ea2118a5f7dad2b7138b1187a6b7ee55f160b9968b66013c3a3ef39dd7e5798?s=96&d=mm&r=g","caption":"Jeanette"},"sameAs":["https:\/\/www.eldiario.net\/portal"],"url":"https:\/\/www.eldiario.net\/portal\/author\/jeanette\/"}]}},"_links":{"self":[{"href":"https:\/\/www.eldiario.net\/portal\/wp-json\/wp\/v2\/posts\/319584","targetHints":{"allow":["GET"]}}],"collection":[{"href":"https:\/\/www.eldiario.net\/portal\/wp-json\/wp\/v2\/posts"}],"about":[{"href":"https:\/\/www.eldiario.net\/portal\/wp-json\/wp\/v2\/types\/post"}],"author":[{"embeddable":true,"href":"https:\/\/www.eldiario.net\/portal\/wp-json\/wp\/v2\/users\/1"}],"replies":[{"embeddable":true,"href":"https:\/\/www.eldiario.net\/portal\/wp-json\/wp\/v2\/comments?post=319584"}],"version-history":[{"count":1,"href":"https:\/\/www.eldiario.net\/portal\/wp-json\/wp\/v2\/posts\/319584\/revisions"}],"predecessor-version":[{"id":319586,"href":"https:\/\/www.eldiario.net\/portal\/wp-json\/wp\/v2\/posts\/319584\/revisions\/319586"}],"wp:featuredmedia":[{"embeddable":true,"href":"https:\/\/www.eldiario.net\/portal\/wp-json\/wp\/v2\/media\/319585"}],"wp:attachment":[{"href":"https:\/\/www.eldiario.net\/portal\/wp-json\/wp\/v2\/media?parent=319584"}],"wp:term":[{"taxonomy":"category","embeddable":true,"href":"https:\/\/www.eldiario.net\/portal\/wp-json\/wp\/v2\/categories?post=319584"},{"taxonomy":"post_tag","embeddable":true,"href":"https:\/\/www.eldiario.net\/portal\/wp-json\/wp\/v2\/tags?post=319584"}],"curies":[{"name":"wp","href":"https:\/\/api.w.org\/{rel}","templated":true}]}}