{"id":319581,"date":"2025-07-26T05:55:32","date_gmt":"2025-07-26T09:55:32","guid":{"rendered":"https:\/\/www.eldiario.net\/portal\/?p=319581"},"modified":"2025-07-26T05:55:32","modified_gmt":"2025-07-26T09:55:32","slug":"delegacion-de-ue-reconoce-que-hay-zonas-de-conflicto","status":"publish","type":"post","link":"https:\/\/www.eldiario.net\/portal\/2025\/07\/26\/delegacion-de-ue-reconoce-que-hay-zonas-de-conflicto\/","title":{"rendered":"Delegaci\u00f3n de UE reconoce  que hay zonas de conflicto"},"content":{"rendered":"<p>El jefe de la misi\u00f3n de observaci\u00f3n electoral de la Uni\u00f3n Europea (UE), Alexander Gray, manifest\u00f3 que existen zonas de conflictividad en el contexto electoral en Bolivia; sin embargo, espera que las autoridades hagan todo lo posible para garantizar el derecho al voto en esas regiones.<br \/>\nMencion\u00f3, por ejemplo, a Cochabamba, donde la delegaci\u00f3n ya ha enviado a cuatro observadores para monitorear el desarrollo del proceso electoral.<br \/>\n\u201cEllos se van a mantenerse en ese departamento (Cochabamba) durante todo el proceso electoral. Entendemos que hay zonas de conflictividad, que est\u00e1n ya identificados por todos y entendemos que tanto el gobierno como el TSE est\u00e1n haciendo todos los esfuerzos posibles para que haya elecciones necesarias el d\u00eda electoral\u201d, manifest\u00f3 Gray.<br \/>\nIndic\u00f3 que ya llegaron al pa\u00eds 32 observadores de largo plazo, que se quedar\u00e1, hasta despu\u00e9s de la votaci\u00f3n. Una semana antes de la cita electoral, llegar\u00e1n otros 50 observadores de corto plazo, adem\u00e1s de una delegaci\u00f3n de parlamentarios europeos.<br \/>\nGray dijo que han estado en contacto con las Fuerzas Armadas y la Polic\u00eda, por lo cual tienen todas las garant\u00edas para transitar en todo el territorio nacional.<br \/>\nRespecto a las zonas de conflicto para las elecciones, la Defensor\u00eda del Pueblo ya ha identificado a tres: el Tr\u00f3pico de Cochabamba, el este del departamento de Santa Cruz y el norte de Potos\u00ed.<br \/>\nEn este contexto, las amenazas contra las elecciones surgieron del ala \u201cevista\u201d, que reclama por la exclusi\u00f3n de Evo Morales de las candidaturas. (Erbol)<\/p>\n","protected":false},"excerpt":{"rendered":"<p>El jefe de la misi\u00f3n de observaci\u00f3n electoral de la Uni\u00f3n Europea (UE), Alexander Gray, manifest\u00f3 que existen zonas de conflictividad en el contexto electoral en Bolivia; sin embargo, espera que las autoridades hagan todo lo posible para garantizar el derecho al voto en esas regiones. Mencion\u00f3, por ejemplo, a Cochabamba, donde la delegaci\u00f3n ya [&hellip;]<\/p>\n","protected":false},"author":1,"featured_media":319582,"comment_status":"closed","ping_status":"open","sticky":false,"template":"","format":"standard","meta":{"_acf_changed":false,"footnotes":""},"categories":[15],"tags":[],"class_list":["post-319581","post","type-post","status-publish","format-standard","has-post-thumbnail","category-portada"],"acf":{"antetitulo":"Para comicios de agosto"},"yoast_head":"<!-- This site is optimized with the Yoast SEO plugin v28.4 - https:\/\/yoast.com\/product\/yoast-seo-wordpress\/ -->\n<title>Delegaci\u00f3n de UE reconoce que hay zonas de conflicto - El Diario - Bolivia<\/title>\n<meta name=\"robots\" content=\"index, follow, max-snippet:-1, max-image-preview:large, max-video-preview:-1\" \/>\n<link rel=\"canonical\" href=\"https:\/\/www.eldiario.net\/portal\/2025\/07\/26\/delegacion-de-ue-reconoce-que-hay-zonas-de-conflicto\/\" \/>\n<meta property=\"og:locale\" content=\"es_ES\" \/>\n<meta property=\"og:type\" content=\"article\" \/>\n<meta property=\"og:title\" content=\"Delegaci\u00f3n de UE reconoce que hay zonas de conflicto - El Diario - Bolivia\" \/>\n<meta property=\"og:description\" content=\"El jefe de la misi\u00f3n de observaci\u00f3n electoral de la Uni\u00f3n Europea (UE), Alexander Gray, manifest\u00f3 que existen zonas de conflictividad en el contexto electoral en Bolivia; sin embargo, espera que las autoridades hagan todo lo posible para garantizar el derecho al voto en esas regiones. Mencion\u00f3, por ejemplo, a Cochabamba, donde la delegaci\u00f3n ya [&hellip;]\" \/>\n<meta property=\"og:url\" content=\"https:\/\/www.eldiario.net\/portal\/2025\/07\/26\/delegacion-de-ue-reconoce-que-hay-zonas-de-conflicto\/\" \/>\n<meta property=\"og:site_name\" content=\"El Diario - Bolivia\" \/>\n<meta property=\"article:publisher\" content=\"https:\/\/www.facebook.com\/eldiario.bolivia\/\" \/>\n<meta property=\"article:published_time\" content=\"2025-07-26T09:55:32+00:00\" \/>\n<meta property=\"og:image\" content=\"https:\/\/www.eldiario.net\/portal\/wp-content\/uploads\/2025\/07\/P-2-10-cm-x-7-4.webp\" \/>\n\t<meta property=\"og:image:width\" content=\"900\" \/>\n\t<meta property=\"og:image:height\" content=\"593\" \/>\n\t<meta property=\"og:image:type\" content=\"image\/webp\" \/>\n<meta name=\"author\" content=\"Jeanette\" \/>\n<meta name=\"twitter:card\" content=\"summary_large_image\" \/>\n<meta name=\"twitter:creator\" content=\"@eldiario_net\" \/>\n<meta name=\"twitter:site\" content=\"@eldiario_net\" \/>\n<meta name=\"twitter:label1\" content=\"Escrito por\" \/>\n\t<meta name=\"twitter:data1\" content=\"Jeanette\" \/>\n\t<meta name=\"twitter:label2\" content=\"Tiempo de lectura\" \/>\n\t<meta name=\"twitter:data2\" content=\"2 minutos\" \/>\n<script type=\"application\/ld+json\" class=\"yoast-schema-graph\">{\"@context\":\"https:\\\/\\\/schema.org\",\"@graph\":[{\"@type\":\"Article\",\"@id\":\"https:\\\/\\\/www.eldiario.net\\\/portal\\\/2025\\\/07\\\/26\\\/delegacion-de-ue-reconoce-que-hay-zonas-de-conflicto\\\/#article\",\"isPartOf\":{\"@id\":\"https:\\\/\\\/www.eldiario.net\\\/portal\\\/2025\\\/07\\\/26\\\/delegacion-de-ue-reconoce-que-hay-zonas-de-conflicto\\\/\"},\"author\":{\"name\":\"Jeanette\",\"@id\":\"https:\\\/\\\/www.eldiario.net\\\/portal\\\/#\\\/schema\\\/person\\\/2c57cf2b7a7ae032e449e4c9b1019eac\"},\"headline\":\"Delegaci\u00f3n de UE reconoce que hay zonas de conflicto\",\"datePublished\":\"2025-07-26T09:55:32+00:00\",\"mainEntityOfPage\":{\"@id\":\"https:\\\/\\\/www.eldiario.net\\\/portal\\\/2025\\\/07\\\/26\\\/delegacion-de-ue-reconoce-que-hay-zonas-de-conflicto\\\/\"},\"wordCount\":270,\"publisher\":{\"@id\":\"https:\\\/\\\/www.eldiario.net\\\/portal\\\/#organization\"},\"image\":{\"@id\":\"https:\\\/\\\/www.eldiario.net\\\/portal\\\/2025\\\/07\\\/26\\\/delegacion-de-ue-reconoce-que-hay-zonas-de-conflicto\\\/#primaryimage\"},\"thumbnailUrl\":\"https:\\\/\\\/www.eldiario.net\\\/portal\\\/wp-content\\\/uploads\\\/2025\\\/07\\\/P-2-10-cm-x-7-4.webp\",\"articleSection\":[\"Portada\"],\"inLanguage\":\"es\"},{\"@type\":\"WebPage\",\"@id\":\"https:\\\/\\\/www.eldiario.net\\\/portal\\\/2025\\\/07\\\/26\\\/delegacion-de-ue-reconoce-que-hay-zonas-de-conflicto\\\/\",\"url\":\"https:\\\/\\\/www.eldiario.net\\\/portal\\\/2025\\\/07\\\/26\\\/delegacion-de-ue-reconoce-que-hay-zonas-de-conflicto\\\/\",\"name\":\"Delegaci\u00f3n de UE reconoce que hay zonas de conflicto - El Diario - Bolivia\",\"isPartOf\":{\"@id\":\"https:\\\/\\\/www.eldiario.net\\\/portal\\\/#website\"},\"primaryImageOfPage\":{\"@id\":\"https:\\\/\\\/www.eldiario.net\\\/portal\\\/2025\\\/07\\\/26\\\/delegacion-de-ue-reconoce-que-hay-zonas-de-conflicto\\\/#primaryimage\"},\"image\":{\"@id\":\"https:\\\/\\\/www.eldiario.net\\\/portal\\\/2025\\\/07\\\/26\\\/delegacion-de-ue-reconoce-que-hay-zonas-de-conflicto\\\/#primaryimage\"},\"thumbnailUrl\":\"https:\\\/\\\/www.eldiario.net\\\/portal\\\/wp-content\\\/uploads\\\/2025\\\/07\\\/P-2-10-cm-x-7-4.webp\",\"datePublished\":\"2025-07-26T09:55:32+00:00\",\"breadcrumb\":{\"@id\":\"https:\\\/\\\/www.eldiario.net\\\/portal\\\/2025\\\/07\\\/26\\\/delegacion-de-ue-reconoce-que-hay-zonas-de-conflicto\\\/#breadcrumb\"},\"inLanguage\":\"es\",\"potentialAction\":[{\"@type\":\"ReadAction\",\"target\":[\"https:\\\/\\\/www.eldiario.net\\\/portal\\\/2025\\\/07\\\/26\\\/delegacion-de-ue-reconoce-que-hay-zonas-de-conflicto\\\/\"]}]},{\"@type\":\"ImageObject\",\"inLanguage\":\"es\",\"@id\":\"https:\\\/\\\/www.eldiario.net\\\/portal\\\/2025\\\/07\\\/26\\\/delegacion-de-ue-reconoce-que-hay-zonas-de-conflicto\\\/#primaryimage\",\"url\":\"https:\\\/\\\/www.eldiario.net\\\/portal\\\/wp-content\\\/uploads\\\/2025\\\/07\\\/P-2-10-cm-x-7-4.webp\",\"contentUrl\":\"https:\\\/\\\/www.eldiario.net\\\/portal\\\/wp-content\\\/uploads\\\/2025\\\/07\\\/P-2-10-cm-x-7-4.webp\",\"width\":900,\"height\":593,\"caption\":\"Delegaci\u00f3n de la UE espera que se garantice el derecho al voto en Cochabamba.\"},{\"@type\":\"BreadcrumbList\",\"@id\":\"https:\\\/\\\/www.eldiario.net\\\/portal\\\/2025\\\/07\\\/26\\\/delegacion-de-ue-reconoce-que-hay-zonas-de-conflicto\\\/#breadcrumb\",\"itemListElement\":[{\"@type\":\"ListItem\",\"position\":1,\"name\":\"Portada\",\"item\":\"https:\\\/\\\/www.eldiario.net\\\/portal\\\/\"},{\"@type\":\"ListItem\",\"position\":2,\"name\":\"Delegaci\u00f3n de UE reconoce que hay zonas de conflicto\"}]},{\"@type\":\"WebSite\",\"@id\":\"https:\\\/\\\/www.eldiario.net\\\/portal\\\/#website\",\"url\":\"https:\\\/\\\/www.eldiario.net\\\/portal\\\/\",\"name\":\"El Diario - Decano de la prensa nacional\",\"description\":\"El Diario - Decano de la prensa nacional\",\"publisher\":{\"@id\":\"https:\\\/\\\/www.eldiario.net\\\/portal\\\/#organization\"},\"potentialAction\":[{\"@type\":\"SearchAction\",\"target\":{\"@type\":\"EntryPoint\",\"urlTemplate\":\"https:\\\/\\\/www.eldiario.net\\\/portal\\\/?s={search_term_string}\"},\"query-input\":{\"@type\":\"PropertyValueSpecification\",\"valueRequired\":true,\"valueName\":\"search_term_string\"}}],\"inLanguage\":\"es\"},{\"@type\":\"Organization\",\"@id\":\"https:\\\/\\\/www.eldiario.net\\\/portal\\\/#organization\",\"name\":\"El Diario - Decano de la prensa nacional\",\"url\":\"https:\\\/\\\/www.eldiario.net\\\/portal\\\/\",\"logo\":{\"@type\":\"ImageObject\",\"inLanguage\":\"es\",\"@id\":\"https:\\\/\\\/www.eldiario.net\\\/portal\\\/#\\\/schema\\\/logo\\\/image\\\/\",\"url\":\"https:\\\/\\\/www.eldiario.net\\\/portal\\\/wp-content\\\/uploads\\\/2023\\\/07\\\/logo_ED.jpg\",\"contentUrl\":\"https:\\\/\\\/www.eldiario.net\\\/portal\\\/wp-content\\\/uploads\\\/2023\\\/07\\\/logo_ED.jpg\",\"width\":272,\"height\":52,\"caption\":\"El Diario - Decano de la prensa nacional\"},\"image\":{\"@id\":\"https:\\\/\\\/www.eldiario.net\\\/portal\\\/#\\\/schema\\\/logo\\\/image\\\/\"},\"sameAs\":[\"https:\\\/\\\/www.facebook.com\\\/eldiario.bolivia\\\/\",\"https:\\\/\\\/x.com\\\/eldiario_net\"]},{\"@type\":\"Person\",\"@id\":\"https:\\\/\\\/www.eldiario.net\\\/portal\\\/#\\\/schema\\\/person\\\/2c57cf2b7a7ae032e449e4c9b1019eac\",\"name\":\"Jeanette\",\"image\":{\"@type\":\"ImageObject\",\"inLanguage\":\"es\",\"@id\":\"https:\\\/\\\/secure.gravatar.com\\\/avatar\\\/3ea2118a5f7dad2b7138b1187a6b7ee55f160b9968b66013c3a3ef39dd7e5798?s=96&d=mm&r=g\",\"url\":\"https:\\\/\\\/secure.gravatar.com\\\/avatar\\\/3ea2118a5f7dad2b7138b1187a6b7ee55f160b9968b66013c3a3ef39dd7e5798?s=96&d=mm&r=g\",\"contentUrl\":\"https:\\\/\\\/secure.gravatar.com\\\/avatar\\\/3ea2118a5f7dad2b7138b1187a6b7ee55f160b9968b66013c3a3ef39dd7e5798?s=96&d=mm&r=g\",\"caption\":\"Jeanette\"},\"sameAs\":[\"https:\\\/\\\/www.eldiario.net\\\/portal\"],\"url\":\"https:\\\/\\\/www.eldiario.net\\\/portal\\\/author\\\/jeanette\\\/\"}]}<\/script>\n<!-- \/ Yoast SEO plugin. -->","yoast_head_json":{"title":"Delegaci\u00f3n de UE reconoce que hay zonas de conflicto - El Diario - Bolivia","robots":{"index":"index","follow":"follow","max-snippet":"max-snippet:-1","max-image-preview":"max-image-preview:large","max-video-preview":"max-video-preview:-1"},"canonical":"https:\/\/www.eldiario.net\/portal\/2025\/07\/26\/delegacion-de-ue-reconoce-que-hay-zonas-de-conflicto\/","og_locale":"es_ES","og_type":"article","og_title":"Delegaci\u00f3n de UE reconoce que hay zonas de conflicto - El Diario - Bolivia","og_description":"El jefe de la misi\u00f3n de observaci\u00f3n electoral de la Uni\u00f3n Europea (UE), Alexander Gray, manifest\u00f3 que existen zonas de conflictividad en el contexto electoral en Bolivia; sin embargo, espera que las autoridades hagan todo lo posible para garantizar el derecho al voto en esas regiones. Mencion\u00f3, por ejemplo, a Cochabamba, donde la delegaci\u00f3n ya [&hellip;]","og_url":"https:\/\/www.eldiario.net\/portal\/2025\/07\/26\/delegacion-de-ue-reconoce-que-hay-zonas-de-conflicto\/","og_site_name":"El Diario - Bolivia","article_publisher":"https:\/\/www.facebook.com\/eldiario.bolivia\/","article_published_time":"2025-07-26T09:55:32+00:00","og_image":[{"width":900,"height":593,"url":"https:\/\/www.eldiario.net\/portal\/wp-content\/uploads\/2025\/07\/P-2-10-cm-x-7-4.webp","type":"image\/webp"}],"author":"Jeanette","twitter_card":"summary_large_image","twitter_creator":"@eldiario_net","twitter_site":"@eldiario_net","twitter_misc":{"Escrito por":"Jeanette","Tiempo de lectura":"2 minutos"},"schema":{"@context":"https:\/\/schema.org","@graph":[{"@type":"Article","@id":"https:\/\/www.eldiario.net\/portal\/2025\/07\/26\/delegacion-de-ue-reconoce-que-hay-zonas-de-conflicto\/#article","isPartOf":{"@id":"https:\/\/www.eldiario.net\/portal\/2025\/07\/26\/delegacion-de-ue-reconoce-que-hay-zonas-de-conflicto\/"},"author":{"name":"Jeanette","@id":"https:\/\/www.eldiario.net\/portal\/#\/schema\/person\/2c57cf2b7a7ae032e449e4c9b1019eac"},"headline":"Delegaci\u00f3n de UE reconoce que hay zonas de conflicto","datePublished":"2025-07-26T09:55:32+00:00","mainEntityOfPage":{"@id":"https:\/\/www.eldiario.net\/portal\/2025\/07\/26\/delegacion-de-ue-reconoce-que-hay-zonas-de-conflicto\/"},"wordCount":270,"publisher":{"@id":"https:\/\/www.eldiario.net\/portal\/#organization"},"image":{"@id":"https:\/\/www.eldiario.net\/portal\/2025\/07\/26\/delegacion-de-ue-reconoce-que-hay-zonas-de-conflicto\/#primaryimage"},"thumbnailUrl":"https:\/\/www.eldiario.net\/portal\/wp-content\/uploads\/2025\/07\/P-2-10-cm-x-7-4.webp","articleSection":["Portada"],"inLanguage":"es"},{"@type":"WebPage","@id":"https:\/\/www.eldiario.net\/portal\/2025\/07\/26\/delegacion-de-ue-reconoce-que-hay-zonas-de-conflicto\/","url":"https:\/\/www.eldiario.net\/portal\/2025\/07\/26\/delegacion-de-ue-reconoce-que-hay-zonas-de-conflicto\/","name":"Delegaci\u00f3n de UE reconoce que hay zonas de conflicto - El Diario - Bolivia","isPartOf":{"@id":"https:\/\/www.eldiario.net\/portal\/#website"},"primaryImageOfPage":{"@id":"https:\/\/www.eldiario.net\/portal\/2025\/07\/26\/delegacion-de-ue-reconoce-que-hay-zonas-de-conflicto\/#primaryimage"},"image":{"@id":"https:\/\/www.eldiario.net\/portal\/2025\/07\/26\/delegacion-de-ue-reconoce-que-hay-zonas-de-conflicto\/#primaryimage"},"thumbnailUrl":"https:\/\/www.eldiario.net\/portal\/wp-content\/uploads\/2025\/07\/P-2-10-cm-x-7-4.webp","datePublished":"2025-07-26T09:55:32+00:00","breadcrumb":{"@id":"https:\/\/www.eldiario.net\/portal\/2025\/07\/26\/delegacion-de-ue-reconoce-que-hay-zonas-de-conflicto\/#breadcrumb"},"inLanguage":"es","potentialAction":[{"@type":"ReadAction","target":["https:\/\/www.eldiario.net\/portal\/2025\/07\/26\/delegacion-de-ue-reconoce-que-hay-zonas-de-conflicto\/"]}]},{"@type":"ImageObject","inLanguage":"es","@id":"https:\/\/www.eldiario.net\/portal\/2025\/07\/26\/delegacion-de-ue-reconoce-que-hay-zonas-de-conflicto\/#primaryimage","url":"https:\/\/www.eldiario.net\/portal\/wp-content\/uploads\/2025\/07\/P-2-10-cm-x-7-4.webp","contentUrl":"https:\/\/www.eldiario.net\/portal\/wp-content\/uploads\/2025\/07\/P-2-10-cm-x-7-4.webp","width":900,"height":593,"caption":"Delegaci\u00f3n de la UE espera que se garantice el derecho al voto en Cochabamba."},{"@type":"BreadcrumbList","@id":"https:\/\/www.eldiario.net\/portal\/2025\/07\/26\/delegacion-de-ue-reconoce-que-hay-zonas-de-conflicto\/#breadcrumb","itemListElement":[{"@type":"ListItem","position":1,"name":"Portada","item":"https:\/\/www.eldiario.net\/portal\/"},{"@type":"ListItem","position":2,"name":"Delegaci\u00f3n de UE reconoce que hay zonas de conflicto"}]},{"@type":"WebSite","@id":"https:\/\/www.eldiario.net\/portal\/#website","url":"https:\/\/www.eldiario.net\/portal\/","name":"El Diario - Decano de la prensa nacional","description":"El Diario - Decano de la prensa nacional","publisher":{"@id":"https:\/\/www.eldiario.net\/portal\/#organization"},"potentialAction":[{"@type":"SearchAction","target":{"@type":"EntryPoint","urlTemplate":"https:\/\/www.eldiario.net\/portal\/?s={search_term_string}"},"query-input":{"@type":"PropertyValueSpecification","valueRequired":true,"valueName":"search_term_string"}}],"inLanguage":"es"},{"@type":"Organization","@id":"https:\/\/www.eldiario.net\/portal\/#organization","name":"El Diario - Decano de la prensa nacional","url":"https:\/\/www.eldiario.net\/portal\/","logo":{"@type":"ImageObject","inLanguage":"es","@id":"https:\/\/www.eldiario.net\/portal\/#\/schema\/logo\/image\/","url":"https:\/\/www.eldiario.net\/portal\/wp-content\/uploads\/2023\/07\/logo_ED.jpg","contentUrl":"https:\/\/www.eldiario.net\/portal\/wp-content\/uploads\/2023\/07\/logo_ED.jpg","width":272,"height":52,"caption":"El Diario - Decano de la prensa nacional"},"image":{"@id":"https:\/\/www.eldiario.net\/portal\/#\/schema\/logo\/image\/"},"sameAs":["https:\/\/www.facebook.com\/eldiario.bolivia\/","https:\/\/x.com\/eldiario_net"]},{"@type":"Person","@id":"https:\/\/www.eldiario.net\/portal\/#\/schema\/person\/2c57cf2b7a7ae032e449e4c9b1019eac","name":"Jeanette","image":{"@type":"ImageObject","inLanguage":"es","@id":"https:\/\/secure.gravatar.com\/avatar\/3ea2118a5f7dad2b7138b1187a6b7ee55f160b9968b66013c3a3ef39dd7e5798?s=96&d=mm&r=g","url":"https:\/\/secure.gravatar.com\/avatar\/3ea2118a5f7dad2b7138b1187a6b7ee55f160b9968b66013c3a3ef39dd7e5798?s=96&d=mm&r=g","contentUrl":"https:\/\/secure.gravatar.com\/avatar\/3ea2118a5f7dad2b7138b1187a6b7ee55f160b9968b66013c3a3ef39dd7e5798?s=96&d=mm&r=g","caption":"Jeanette"},"sameAs":["https:\/\/www.eldiario.net\/portal"],"url":"https:\/\/www.eldiario.net\/portal\/author\/jeanette\/"}]}},"_links":{"self":[{"href":"https:\/\/www.eldiario.net\/portal\/wp-json\/wp\/v2\/posts\/319581","targetHints":{"allow":["GET"]}}],"collection":[{"href":"https:\/\/www.eldiario.net\/portal\/wp-json\/wp\/v2\/posts"}],"about":[{"href":"https:\/\/www.eldiario.net\/portal\/wp-json\/wp\/v2\/types\/post"}],"author":[{"embeddable":true,"href":"https:\/\/www.eldiario.net\/portal\/wp-json\/wp\/v2\/users\/1"}],"replies":[{"embeddable":true,"href":"https:\/\/www.eldiario.net\/portal\/wp-json\/wp\/v2\/comments?post=319581"}],"version-history":[{"count":1,"href":"https:\/\/www.eldiario.net\/portal\/wp-json\/wp\/v2\/posts\/319581\/revisions"}],"predecessor-version":[{"id":319583,"href":"https:\/\/www.eldiario.net\/portal\/wp-json\/wp\/v2\/posts\/319581\/revisions\/319583"}],"wp:featuredmedia":[{"embeddable":true,"href":"https:\/\/www.eldiario.net\/portal\/wp-json\/wp\/v2\/media\/319582"}],"wp:attachment":[{"href":"https:\/\/www.eldiario.net\/portal\/wp-json\/wp\/v2\/media?parent=319581"}],"wp:term":[{"taxonomy":"category","embeddable":true,"href":"https:\/\/www.eldiario.net\/portal\/wp-json\/wp\/v2\/categories?post=319581"},{"taxonomy":"post_tag","embeddable":true,"href":"https:\/\/www.eldiario.net\/portal\/wp-json\/wp\/v2\/tags?post=319581"}],"curies":[{"name":"wp","href":"https:\/\/api.w.org\/{rel}","templated":true}]}}