{"id":319395,"date":"2025-07-26T00:21:13","date_gmt":"2025-07-26T04:21:13","guid":{"rendered":"https:\/\/www.eldiario.net\/portal\/?p=319395"},"modified":"2025-07-25T22:28:29","modified_gmt":"2025-07-26T02:28:29","slug":"los-flamencos-y-san-francisco-en-un-gran-mano-a-mano-musical","status":"publish","type":"post","link":"https:\/\/www.eldiario.net\/portal\/2025\/07\/26\/los-flamencos-y-san-francisco-en-un-gran-mano-a-mano-musical\/","title":{"rendered":"Los Flamencos y San Francisco  en un gran \u201cmano a mano\u201d musical"},"content":{"rendered":"<p>Ar. Gala Show Producciones anuncia un espectacular concierto para recordar la \u00e9poca dorada de la cumbia con la estelar presencia de las orquestas internacionales Los Flamencos y San Francisco, en homenaje p\u00f3stumo al gran Pitty Zapata, quien fue denominado con todos los merecimientos como \u201cEl patr\u00f3n de la cumbia\u201d.<\/p>\n<p>El evento se efectuar\u00e1 el viernes 1 de agosto, a horas 19:30, en el Teatro 16 de Julio, en una imperdible cita con la magia e historia de la cumbia boliviana.<\/p>\n<p>\u201cAR Producciones presenta una propuesta que es necesario disfrutarla y que tiene como prop\u00f3sito resaltar a los grandes del g\u00e9nero tropical, que marcaron una l\u00ednea musical que amerita ser reconocida. Por ello hacemos este encuentro de dos referentes en el \u00e1mbito nacional e internacional\u201d, destac\u00f3 el productor Alex Rodr\u00edguez de Ar. Gala Show.<\/p>\n<p>Referencias mediante el n\u00famero de celular 712-86906.<\/p>\n<p><strong>LA ORQUESTA INTERNACIONAL LOS FLAMENCOS<\/strong><\/p>\n<p>La Orquesta Internacional Los Flamencos se ha constituido en una de las representaciones musicales m\u00e1s importantes del pa\u00eds, con sus cuatro generaciones en el \u00e1mbito musical. Valent\u00edn Claros, trombonista y arreglista, fue el primer director de la agrupaci\u00f3n. En la segunda direcci\u00f3n estuvo el maestro V\u00edctor Carpio, bajista, quien mantuvo viva la leyenda y su esencia musical.<\/p>\n<p>Hablar de la orquesta Los Flamencos es revivir grandes \u00e9xitos musicales, como \u201cCasita de pobre\u201d, \u201cCari\u00f1ito\u201d, \u201cJard\u00edn de amor\u201d, \u201cColegiala\u201d, \u201cVidita\u201d, \u201cGolpe con Golpe\u201d, \u201cLucerito\u201d, \u201cLl\u00e1mame\u201d, \u201cViento\u201d, \u201cLa Revancha\u201d, \u201cSuave nom\u00e1s\u201d y \u201cLlorar\u00e1s\u201d, que ser\u00e1n interpretados en esta nost\u00e1lgica velada cumbiera. \u201cEstos \u00e9xitos, en gran parte, fueron grabados por el reconocido maestro Pitty Zapata, due\u00f1o de la voz m\u00e1s distintiva de la historia de la cumbia del pa\u00eds, quien dio identidad a la orquesta Los Flamencos\u201d, resalt\u00f3 Rodr\u00edguez.<\/p>\n<p>La agrupaci\u00f3n orquestal ha obtenido varios galardones y Discos de Oro y fue reconocida en muchos \u00e1mbitos por su exitosa y larga carrera art\u00edstica. En la actualidad la orquesta se encuentra bajo la direcci\u00f3n de Daumer Callisaya, quien est\u00e1 a cargo tambi\u00e9n de la primera voz.<\/p>\n<p><strong>ORQUESTA INTERNACIONAL SAN FRANCISCO<\/strong><\/p>\n<p>San Francisco es, sin duda, otra de las orquestas m\u00e1s representativas del pa\u00eds. Fue creada el 15 de diciembre de 1980 bajo la direcci\u00f3n del maestro en los teclados Benny Mendoza Yujra.<\/p>\n<p>En 1981 la orquesta graba su primer disco con 10 temas musicales en la recordada empresa Laura R\u00e9cords con el \u00e9xito \u201cSorbito de Champan\u201d, todo un cl\u00e1sico tropical para la \u00e9poca.<\/p>\n<p>En este material tambi\u00e9n se encontraban varios temas, como \u201cPresumida\u201d\u00a0 \u201cPasar\u00e1n los d\u00edas\u201d, \u201cQue Dios te aleje de m\u00ed\u201d, \u201cTu coraz\u00f3n y el m\u00edo\u201d, \u201cLos pobres tambi\u00e9n somos felices\u201d, \u201cM\u00edrame un poquito m\u00e1s\u201d, \u201cTe buscar\u00e9\u201d y \u201cArrepi\u00e9ntete\u201d. Estas canciones fueron en su momento las mejores interpretaciones a nivel latinoamericano y en nuestro mercado nacional se realiz\u00f3 la mayor parte de la grabaci\u00f3n musical con la presencia de Pitty Zapata, con canciones que se volvieron cl\u00e1sicos, record\u00f3 el ejecutivo de Ar. Gala Show Producciones.<\/p>\n<p>San Francisco obtuvo dos Discos de Oro en los a\u00f1os 1981 y 1990 y en 1995 un importante reconocimiento de la Brigada Parlamentaria por su trayectoria musical, adem\u00e1s de muchos galardones.<\/p>\n<p><strong>PITTY ZAPATA<\/strong><\/p>\n<p>\u201cHoy es oportuno hacer un reconocimiento a una voz icono de este g\u00e9nero musical: El patr\u00f3n de la cumbia, Rigoberto Zapata Ram\u00edrez, m\u00e1s conocido como el gran\u00a0 Pitty Zapata, due\u00f1o de la voz m\u00e1s distintiva de la historia de la cumbia en el pa\u00eds, rubro en el que sigue vigente a pesar de su fallecimiento\u201d, resalta Rodr\u00edguez.<\/p>\n<p>Zapata naci\u00f3 el 4 de enero de 1938 y su ni\u00f1ez transcurri\u00f3 entre las calles del viejo San Pedro. Luego tuvo la oportunidad de asistir a una fiesta donde tocaba la famosa e inalcanzable Orquesta Swingbaly. Entonces, durante una pausa en la actuaci\u00f3n de los m\u00fasicos, tom\u00f3 coraje y se anim\u00f3 a presentarse ante los directores del grupo, los hermanos Medrano, ofreci\u00e9ndose como percusionista. \u201cEs de esta manera que empez\u00f3 a asistir a los ensayos en los que conocer\u00eda a los mejores exponentes de ese ritmo tan contagioso con ra\u00edz colombiana, bajo la gran influencia de la Sonora Dinamita, que era la agrupaci\u00f3n de cabecera del naciente movimiento cumbiero nacional y latinoamericano.\u00a0 Luego particip\u00f3 en algunos conciertos como animador, bailar\u00edn y percusionista en la orquesta Swingbaly en los a\u00f1os 60. All\u00ed inici\u00f3 una carrera llena de \u00e9xitos bailables y gracias a su empe\u00f1o fue incluido en la delegaci\u00f3n invitada a animar un festival en el hotel Ritz de Jujuy, Argentina, en 1961.<\/p>\n<p>Pitty debut\u00f3 en la Swingbaly a los 23 a\u00f1os y su portentosa voz marc\u00f3 la historia de la cumbia boliviana. Luego se integr\u00f3 al conjunto musical de la Fuerza A\u00e9rea y despu\u00e9s, en 1980, graba el tema \u201cCasita de pobre\u201d con Los Flamencos, que pas\u00f3 a ser el n\u00famero uno en fiestas y pedidos radiales. A ello se sumaron despu\u00e9s \u00e9xitos como \u201cCari\u00f1ito\u201d, \u201cUn jard\u00edn de amor\u201d, \u201cVidita\u201d \u201cGolpe con golpe\u201d, \u201cColegiala\u201d, \u201cSuave nom\u00e1s\u201d y \u201cLlorar\u00e1s\u201d, entre otros. Posteriormente vendr\u00eda una larga lista de grabaciones para orquestas, como La Sonorama, Caravana, Ecos, Soy Solterito y California, con \u00e9xitos como el \u201cTestamento\u201d, \u201cLa Rosa Blanca\u201d, \u201cYa te vas\u201d, \u201cLinda Chinita\u201d, \u201cCada d\u00eda te quiero m\u00e1s\u201d y \u201cVida m\u00eda\u201d. Con la orquesta San Francisco grab\u00f3 el tema \u201cSorbito de Champ\u00e1n\u201d y \u201cHumo del cigarrillo\u201d.<\/p>\n<p>Pitty Zapata falleci\u00f3 el 30 de enero de 2021. Fue reconocido como el \u00abPatr\u00f3n de la cumbia\u00bb boliviana y su fallecimiento caus\u00f3 luto en el \u00e1mbito musical del pa\u00eds.<\/p>\n<p>\u201cAr Producciones en esta ocasi\u00f3n realizar\u00e1 un homenaje y reconocimiento p\u00f3stumo merecido a este Patr\u00f3n de la Cumbia, el gran Pitty Zapata. La cita es este viernes 1 de agosto en el Teatro 16 de Julio a partir de las 19:30\u201d, concluy\u00f3 Rodr\u00edguez.<\/p>\n\r\n                <style type=\"text\/css\">\r\n                    \r\n                    #tdi_1  .td-doubleSlider-2 .td-item1 {\r\n                        background: url(https:\/\/www.eldiario.net\/portal\/wp-content\/uploads\/2025\/07\/1-1-80x60.webp) 0 0 no-repeat;\r\n                    }\r\n                    #tdi_1  .td-doubleSlider-2 .td-item2 {\r\n                        background: url(https:\/\/www.eldiario.net\/portal\/wp-content\/uploads\/2025\/07\/2-1-2-80x60.webp) 0 0 no-repeat;\r\n                    }\r\n                    #tdi_1  .td-doubleSlider-2 .td-item3 {\r\n                        background: url(https:\/\/www.eldiario.net\/portal\/wp-content\/uploads\/2025\/07\/5-6-80x60.webp) 0 0 no-repeat;\r\n                    }\r\n                    #tdi_1  .td-doubleSlider-2 .td-item4 {\r\n                        background: url(https:\/\/www.eldiario.net\/portal\/wp-content\/uploads\/2025\/07\/3.-Pitty-Zapata-80x60.webp) 0 0 no-repeat;\r\n                    }\r\n                    #tdi_1  .td-doubleSlider-2 .td-item5 {\r\n                        background: url(https:\/\/www.eldiario.net\/portal\/wp-content\/uploads\/2025\/07\/4-11-80x60.webp) 0 0 no-repeat;\r\n                    }\r\n                <\/style>\r\n\r\n                <div id=\"tdi_1\" class=\"td-gallery td-slide-on-2-columns\">\r\n                    <div class=\"post_td_gallery\">\r\n                        <div class=\"td-gallery-slide-top\">\r\n                           <div class=\"td-gallery-title\"><\/div>\r\n\r\n                            <div class=\"td-gallery-controls-wrapper\">\r\n                                <div class=\"td-gallery-slide-count\"><span class=\"td-gallery-slide-item-focus\">1<\/span> de 5<\/div>\r\n                                <div class=\"td-gallery-slide-prev-next-but\">\r\n                                    <i class = \"td-icon-left doubleSliderPrevButton\"><\/i>\r\n                                    <i class = \"td-icon-right doubleSliderNextButton\"><\/i>\r\n                                <\/div>\r\n                            <\/div>\r\n                        <\/div>\r\n\r\n                        <div class = \"td-doubleSlider-1 \">\r\n                            <div class = \"td-slider\">\r\n                                \r\n                    <div class = \"td-slide-item td-item1\">\r\n                        <figure class=\"td-slide-galery-figure td-slide-popup-gallery\">\r\n                            <a class=\"slide-gallery-image-link\" href=\"https:\/\/www.eldiario.net\/portal\/wp-content\/uploads\/2025\/07\/1-1.webp\" title=\"1\"  data-caption=\"\"  data-description=\"\">\r\n                                <img decoding=\"async\" src=\"https:\/\/www.eldiario.net\/portal\/wp-content\/uploads\/2025\/07\/1-1-630x420.webp\" srcset=\"https:\/\/www.eldiario.net\/portal\/wp-content\/uploads\/2025\/07\/1-1-630x420.webp 630w, https:\/\/www.eldiario.net\/portal\/wp-content\/uploads\/2025\/07\/1-1-300x200.webp 300w, https:\/\/www.eldiario.net\/portal\/wp-content\/uploads\/2025\/07\/1-1-1024x683.webp 1024w, https:\/\/www.eldiario.net\/portal\/wp-content\/uploads\/2025\/07\/1-1-768x512.webp 768w, https:\/\/www.eldiario.net\/portal\/wp-content\/uploads\/2025\/07\/1-1-150x100.webp 150w, https:\/\/www.eldiario.net\/portal\/wp-content\/uploads\/2025\/07\/1-1-696x464.webp 696w, https:\/\/www.eldiario.net\/portal\/wp-content\/uploads\/2025\/07\/1-1-1068x712.webp 1068w, https:\/\/www.eldiario.net\/portal\/wp-content\/uploads\/2025\/07\/1-1.webp 1200w\" sizes=\"(max-width: 630px) 100vw, 630px\" alt=\"\">\r\n                            <\/a>\r\n                            \r\n                        <\/figure>\r\n                    <\/div>\r\n                    <div class = \"td-slide-item td-item2\">\r\n                        <figure class=\"td-slide-galery-figure td-slide-popup-gallery\">\r\n                            <a class=\"slide-gallery-image-link\" href=\"https:\/\/www.eldiario.net\/portal\/wp-content\/uploads\/2025\/07\/2-1-2.webp\" title=\"2-\"  data-caption=\"\"  data-description=\"\">\r\n                                <img decoding=\"async\" src=\"https:\/\/www.eldiario.net\/portal\/wp-content\/uploads\/2025\/07\/2-1-2-646x420.webp\" srcset=\"https:\/\/www.eldiario.net\/portal\/wp-content\/uploads\/2025\/07\/2-1-2-646x420.webp 646w, https:\/\/www.eldiario.net\/portal\/wp-content\/uploads\/2025\/07\/2-1-2-300x195.webp 300w, https:\/\/www.eldiario.net\/portal\/wp-content\/uploads\/2025\/07\/2-1-2-1024x666.webp 1024w, https:\/\/www.eldiario.net\/portal\/wp-content\/uploads\/2025\/07\/2-1-2-768x499.webp 768w, https:\/\/www.eldiario.net\/portal\/wp-content\/uploads\/2025\/07\/2-1-2-150x98.webp 150w, https:\/\/www.eldiario.net\/portal\/wp-content\/uploads\/2025\/07\/2-1-2-696x452.webp 696w, https:\/\/www.eldiario.net\/portal\/wp-content\/uploads\/2025\/07\/2-1-2-1068x694.webp 1068w, https:\/\/www.eldiario.net\/portal\/wp-content\/uploads\/2025\/07\/2-1-2.webp 1200w\" sizes=\"(max-width: 646px) 100vw, 646px\" alt=\"\">\r\n                            <\/a>\r\n                            \r\n                        <\/figure>\r\n                    <\/div>\r\n                    <div class = \"td-slide-item td-item3\">\r\n                        <figure class=\"td-slide-galery-figure td-slide-popup-gallery\">\r\n                            <a class=\"slide-gallery-image-link\" href=\"https:\/\/www.eldiario.net\/portal\/wp-content\/uploads\/2025\/07\/5-6.webp\" title=\"5\"  data-caption=\"\"  data-description=\"\">\r\n                                <img decoding=\"async\" src=\"https:\/\/www.eldiario.net\/portal\/wp-content\/uploads\/2025\/07\/5-6-747x420.webp\" srcset=\"https:\/\/www.eldiario.net\/portal\/wp-content\/uploads\/2025\/07\/5-6-747x420.webp 747w, https:\/\/www.eldiario.net\/portal\/wp-content\/uploads\/2025\/07\/5-6-300x169.webp 300w, https:\/\/www.eldiario.net\/portal\/wp-content\/uploads\/2025\/07\/5-6-1024x576.webp 1024w, https:\/\/www.eldiario.net\/portal\/wp-content\/uploads\/2025\/07\/5-6-768x432.webp 768w, https:\/\/www.eldiario.net\/portal\/wp-content\/uploads\/2025\/07\/5-6-150x84.webp 150w, https:\/\/www.eldiario.net\/portal\/wp-content\/uploads\/2025\/07\/5-6-696x392.webp 696w, https:\/\/www.eldiario.net\/portal\/wp-content\/uploads\/2025\/07\/5-6-1068x601.webp 1068w, https:\/\/www.eldiario.net\/portal\/wp-content\/uploads\/2025\/07\/5-6.webp 1200w\" sizes=\"(max-width: 747px) 100vw, 747px\" alt=\"\">\r\n                            <\/a>\r\n                            \r\n                        <\/figure>\r\n                    <\/div>\r\n                    <div class = \"td-slide-item td-item4\">\r\n                        <figure class=\"td-slide-galery-figure td-slide-popup-gallery\">\r\n                            <a class=\"slide-gallery-image-link\" href=\"https:\/\/www.eldiario.net\/portal\/wp-content\/uploads\/2025\/07\/3.-Pitty-Zapata.webp\" title=\"3. Pitty Zapata\"  data-caption=\"\"  data-description=\"\">\r\n                                <img decoding=\"async\" src=\"https:\/\/www.eldiario.net\/portal\/wp-content\/uploads\/2025\/07\/3.-Pitty-Zapata-412x420.webp\" srcset=\"https:\/\/www.eldiario.net\/portal\/wp-content\/uploads\/2025\/07\/3.-Pitty-Zapata-412x420.webp 412w, https:\/\/www.eldiario.net\/portal\/wp-content\/uploads\/2025\/07\/3.-Pitty-Zapata-294x300.webp 294w, https:\/\/www.eldiario.net\/portal\/wp-content\/uploads\/2025\/07\/3.-Pitty-Zapata-150x153.webp 150w, https:\/\/www.eldiario.net\/portal\/wp-content\/uploads\/2025\/07\/3.-Pitty-Zapata-300x306.webp 300w, https:\/\/www.eldiario.net\/portal\/wp-content\/uploads\/2025\/07\/3.-Pitty-Zapata.webp 474w\" sizes=\"(max-width: 412px) 100vw, 412px\" alt=\"\">\r\n                            <\/a>\r\n                            \r\n                        <\/figure>\r\n                    <\/div>\r\n                    <div class = \"td-slide-item td-item5\">\r\n                        <figure class=\"td-slide-galery-figure td-slide-popup-gallery\">\r\n                            <a class=\"slide-gallery-image-link\" href=\"https:\/\/www.eldiario.net\/portal\/wp-content\/uploads\/2025\/07\/4-11.webp\" title=\"4\"  data-caption=\"\"  data-description=\"\">\r\n                                <img decoding=\"async\" src=\"https:\/\/www.eldiario.net\/portal\/wp-content\/uploads\/2025\/07\/4-11-663x420.webp\" srcset=\"https:\/\/www.eldiario.net\/portal\/wp-content\/uploads\/2025\/07\/4-11-663x420.webp 663w, https:\/\/www.eldiario.net\/portal\/wp-content\/uploads\/2025\/07\/4-11-300x190.webp 300w, https:\/\/www.eldiario.net\/portal\/wp-content\/uploads\/2025\/07\/4-11-1024x649.webp 1024w, https:\/\/www.eldiario.net\/portal\/wp-content\/uploads\/2025\/07\/4-11-768x486.webp 768w, https:\/\/www.eldiario.net\/portal\/wp-content\/uploads\/2025\/07\/4-11-150x95.webp 150w, https:\/\/www.eldiario.net\/portal\/wp-content\/uploads\/2025\/07\/4-11-696x441.webp 696w, https:\/\/www.eldiario.net\/portal\/wp-content\/uploads\/2025\/07\/4-11-1068x676.webp 1068w, https:\/\/www.eldiario.net\/portal\/wp-content\/uploads\/2025\/07\/4-11.webp 1200w\" sizes=\"(max-width: 663px) 100vw, 663px\" alt=\"\">\r\n                            <\/a>\r\n                            \r\n                        <\/figure>\r\n                    <\/div>\r\n                            <\/div>\r\n                        <\/div>\r\n\r\n                        <div class = \"td-doubleSlider-2\">\r\n                            <div class = \"td-slider\">\r\n                                \r\n                    <div class = \"td-button td-item1\">\r\n                        <div class = \"td-border\"><\/div>\r\n                    <\/div>\r\n                    <div class = \"td-button td-item2\">\r\n                        <div class = \"td-border\"><\/div>\r\n                    <\/div>\r\n                    <div class = \"td-button td-item3\">\r\n                        <div class = \"td-border\"><\/div>\r\n                    <\/div>\r\n                    <div class = \"td-button td-item4\">\r\n                        <div class = \"td-border\"><\/div>\r\n                    <\/div>\r\n                    <div class = \"td-button td-item5\">\r\n                        <div class = \"td-border\"><\/div>\r\n                    <\/div>\r\n                            <\/div>\r\n                        <\/div>\r\n\r\n                    <\/div>\r\n\r\n                <\/div>\r\n                \n","protected":false},"excerpt":{"rendered":"<p>Ar. Gala Show Producciones anuncia un espectacular concierto para recordar la \u00e9poca dorada de la cumbia con la estelar presencia de las orquestas internacionales Los Flamencos y San Francisco, en homenaje p\u00f3stumo al gran Pitty Zapata, quien fue denominado con todos los merecimientos como \u201cEl patr\u00f3n de la cumbia\u201d. El evento se efectuar\u00e1 el viernes [&hellip;]<\/p>\n","protected":false},"author":1,"featured_media":319396,"comment_status":"closed","ping_status":"open","sticky":false,"template":"","format":"standard","meta":{"_acf_changed":false,"footnotes":""},"categories":[41],"tags":[],"class_list":["post-319395","post","type-post","status-publish","format-standard","has-post-thumbnail","category-la-guia"],"acf":{"antetitulo":""},"yoast_head":"<!-- This site is optimized with the Yoast SEO plugin v28.4 - https:\/\/yoast.com\/product\/yoast-seo-wordpress\/ -->\n<title>Los Flamencos y San Francisco en un gran \u201cmano a mano\u201d musical - El Diario - Bolivia<\/title>\n<meta name=\"robots\" content=\"index, follow, max-snippet:-1, max-image-preview:large, max-video-preview:-1\" \/>\n<link rel=\"canonical\" href=\"https:\/\/www.eldiario.net\/portal\/2025\/07\/26\/los-flamencos-y-san-francisco-en-un-gran-mano-a-mano-musical\/\" \/>\n<meta property=\"og:locale\" content=\"es_ES\" \/>\n<meta property=\"og:type\" content=\"article\" \/>\n<meta property=\"og:title\" content=\"Los Flamencos y San Francisco en un gran \u201cmano a mano\u201d musical - El Diario - Bolivia\" \/>\n<meta property=\"og:description\" content=\"Ar. Gala Show Producciones anuncia un espectacular concierto para recordar la \u00e9poca dorada de la cumbia con la estelar presencia de las orquestas internacionales Los Flamencos y San Francisco, en homenaje p\u00f3stumo al gran Pitty Zapata, quien fue denominado con todos los merecimientos como \u201cEl patr\u00f3n de la cumbia\u201d. El evento se efectuar\u00e1 el viernes [&hellip;]\" \/>\n<meta property=\"og:url\" content=\"https:\/\/www.eldiario.net\/portal\/2025\/07\/26\/los-flamencos-y-san-francisco-en-un-gran-mano-a-mano-musical\/\" \/>\n<meta property=\"og:site_name\" content=\"El Diario - Bolivia\" \/>\n<meta property=\"article:publisher\" content=\"https:\/\/www.facebook.com\/eldiario.bolivia\/\" \/>\n<meta property=\"article:published_time\" content=\"2025-07-26T04:21:13+00:00\" \/>\n<meta property=\"og:image\" content=\"https:\/\/www.eldiario.net\/portal\/wp-content\/uploads\/2025\/07\/1-1.webp\" \/>\n\t<meta property=\"og:image:width\" content=\"1200\" \/>\n\t<meta property=\"og:image:height\" content=\"800\" \/>\n\t<meta property=\"og:image:type\" content=\"image\/webp\" \/>\n<meta name=\"author\" content=\"Jeanette\" \/>\n<meta name=\"twitter:card\" content=\"summary_large_image\" \/>\n<meta name=\"twitter:creator\" content=\"@eldiario_net\" \/>\n<meta name=\"twitter:site\" content=\"@eldiario_net\" \/>\n<meta name=\"twitter:label1\" content=\"Escrito por\" \/>\n\t<meta name=\"twitter:data1\" content=\"Jeanette\" \/>\n\t<meta name=\"twitter:label2\" content=\"Tiempo de lectura\" \/>\n\t<meta name=\"twitter:data2\" content=\"5 minutos\" \/>\n<script type=\"application\/ld+json\" class=\"yoast-schema-graph\">{\"@context\":\"https:\\\/\\\/schema.org\",\"@graph\":[{\"@type\":\"Article\",\"@id\":\"https:\\\/\\\/www.eldiario.net\\\/portal\\\/2025\\\/07\\\/26\\\/los-flamencos-y-san-francisco-en-un-gran-mano-a-mano-musical\\\/#article\",\"isPartOf\":{\"@id\":\"https:\\\/\\\/www.eldiario.net\\\/portal\\\/2025\\\/07\\\/26\\\/los-flamencos-y-san-francisco-en-un-gran-mano-a-mano-musical\\\/\"},\"author\":{\"name\":\"Jeanette\",\"@id\":\"https:\\\/\\\/www.eldiario.net\\\/portal\\\/#\\\/schema\\\/person\\\/2c57cf2b7a7ae032e449e4c9b1019eac\"},\"headline\":\"Los Flamencos y San Francisco en un gran \u201cmano a mano\u201d musical\",\"datePublished\":\"2025-07-26T04:21:13+00:00\",\"mainEntityOfPage\":{\"@id\":\"https:\\\/\\\/www.eldiario.net\\\/portal\\\/2025\\\/07\\\/26\\\/los-flamencos-y-san-francisco-en-un-gran-mano-a-mano-musical\\\/\"},\"wordCount\":1017,\"publisher\":{\"@id\":\"https:\\\/\\\/www.eldiario.net\\\/portal\\\/#organization\"},\"image\":{\"@id\":\"https:\\\/\\\/www.eldiario.net\\\/portal\\\/2025\\\/07\\\/26\\\/los-flamencos-y-san-francisco-en-un-gran-mano-a-mano-musical\\\/#primaryimage\"},\"thumbnailUrl\":\"https:\\\/\\\/www.eldiario.net\\\/portal\\\/wp-content\\\/uploads\\\/2025\\\/07\\\/1-1.webp\",\"articleSection\":[\"La Gu\u00eda\"],\"inLanguage\":\"es\"},{\"@type\":\"WebPage\",\"@id\":\"https:\\\/\\\/www.eldiario.net\\\/portal\\\/2025\\\/07\\\/26\\\/los-flamencos-y-san-francisco-en-un-gran-mano-a-mano-musical\\\/\",\"url\":\"https:\\\/\\\/www.eldiario.net\\\/portal\\\/2025\\\/07\\\/26\\\/los-flamencos-y-san-francisco-en-un-gran-mano-a-mano-musical\\\/\",\"name\":\"Los Flamencos y San Francisco en un gran \u201cmano a mano\u201d musical - El Diario - Bolivia\",\"isPartOf\":{\"@id\":\"https:\\\/\\\/www.eldiario.net\\\/portal\\\/#website\"},\"primaryImageOfPage\":{\"@id\":\"https:\\\/\\\/www.eldiario.net\\\/portal\\\/2025\\\/07\\\/26\\\/los-flamencos-y-san-francisco-en-un-gran-mano-a-mano-musical\\\/#primaryimage\"},\"image\":{\"@id\":\"https:\\\/\\\/www.eldiario.net\\\/portal\\\/2025\\\/07\\\/26\\\/los-flamencos-y-san-francisco-en-un-gran-mano-a-mano-musical\\\/#primaryimage\"},\"thumbnailUrl\":\"https:\\\/\\\/www.eldiario.net\\\/portal\\\/wp-content\\\/uploads\\\/2025\\\/07\\\/1-1.webp\",\"datePublished\":\"2025-07-26T04:21:13+00:00\",\"breadcrumb\":{\"@id\":\"https:\\\/\\\/www.eldiario.net\\\/portal\\\/2025\\\/07\\\/26\\\/los-flamencos-y-san-francisco-en-un-gran-mano-a-mano-musical\\\/#breadcrumb\"},\"inLanguage\":\"es\",\"potentialAction\":[{\"@type\":\"ReadAction\",\"target\":[\"https:\\\/\\\/www.eldiario.net\\\/portal\\\/2025\\\/07\\\/26\\\/los-flamencos-y-san-francisco-en-un-gran-mano-a-mano-musical\\\/\"]}]},{\"@type\":\"ImageObject\",\"inLanguage\":\"es\",\"@id\":\"https:\\\/\\\/www.eldiario.net\\\/portal\\\/2025\\\/07\\\/26\\\/los-flamencos-y-san-francisco-en-un-gran-mano-a-mano-musical\\\/#primaryimage\",\"url\":\"https:\\\/\\\/www.eldiario.net\\\/portal\\\/wp-content\\\/uploads\\\/2025\\\/07\\\/1-1.webp\",\"contentUrl\":\"https:\\\/\\\/www.eldiario.net\\\/portal\\\/wp-content\\\/uploads\\\/2025\\\/07\\\/1-1.webp\",\"width\":1200,\"height\":800},{\"@type\":\"BreadcrumbList\",\"@id\":\"https:\\\/\\\/www.eldiario.net\\\/portal\\\/2025\\\/07\\\/26\\\/los-flamencos-y-san-francisco-en-un-gran-mano-a-mano-musical\\\/#breadcrumb\",\"itemListElement\":[{\"@type\":\"ListItem\",\"position\":1,\"name\":\"Portada\",\"item\":\"https:\\\/\\\/www.eldiario.net\\\/portal\\\/\"},{\"@type\":\"ListItem\",\"position\":2,\"name\":\"Los Flamencos y San Francisco en un gran \u201cmano a mano\u201d musical\"}]},{\"@type\":\"WebSite\",\"@id\":\"https:\\\/\\\/www.eldiario.net\\\/portal\\\/#website\",\"url\":\"https:\\\/\\\/www.eldiario.net\\\/portal\\\/\",\"name\":\"El Diario - Decano de la prensa nacional\",\"description\":\"El Diario - Decano de la prensa nacional\",\"publisher\":{\"@id\":\"https:\\\/\\\/www.eldiario.net\\\/portal\\\/#organization\"},\"potentialAction\":[{\"@type\":\"SearchAction\",\"target\":{\"@type\":\"EntryPoint\",\"urlTemplate\":\"https:\\\/\\\/www.eldiario.net\\\/portal\\\/?s={search_term_string}\"},\"query-input\":{\"@type\":\"PropertyValueSpecification\",\"valueRequired\":true,\"valueName\":\"search_term_string\"}}],\"inLanguage\":\"es\"},{\"@type\":\"Organization\",\"@id\":\"https:\\\/\\\/www.eldiario.net\\\/portal\\\/#organization\",\"name\":\"El Diario - Decano de la prensa nacional\",\"url\":\"https:\\\/\\\/www.eldiario.net\\\/portal\\\/\",\"logo\":{\"@type\":\"ImageObject\",\"inLanguage\":\"es\",\"@id\":\"https:\\\/\\\/www.eldiario.net\\\/portal\\\/#\\\/schema\\\/logo\\\/image\\\/\",\"url\":\"https:\\\/\\\/www.eldiario.net\\\/portal\\\/wp-content\\\/uploads\\\/2023\\\/07\\\/logo_ED.jpg\",\"contentUrl\":\"https:\\\/\\\/www.eldiario.net\\\/portal\\\/wp-content\\\/uploads\\\/2023\\\/07\\\/logo_ED.jpg\",\"width\":272,\"height\":52,\"caption\":\"El Diario - Decano de la prensa nacional\"},\"image\":{\"@id\":\"https:\\\/\\\/www.eldiario.net\\\/portal\\\/#\\\/schema\\\/logo\\\/image\\\/\"},\"sameAs\":[\"https:\\\/\\\/www.facebook.com\\\/eldiario.bolivia\\\/\",\"https:\\\/\\\/x.com\\\/eldiario_net\"]},{\"@type\":\"Person\",\"@id\":\"https:\\\/\\\/www.eldiario.net\\\/portal\\\/#\\\/schema\\\/person\\\/2c57cf2b7a7ae032e449e4c9b1019eac\",\"name\":\"Jeanette\",\"image\":{\"@type\":\"ImageObject\",\"inLanguage\":\"es\",\"@id\":\"https:\\\/\\\/secure.gravatar.com\\\/avatar\\\/3ea2118a5f7dad2b7138b1187a6b7ee55f160b9968b66013c3a3ef39dd7e5798?s=96&d=mm&r=g\",\"url\":\"https:\\\/\\\/secure.gravatar.com\\\/avatar\\\/3ea2118a5f7dad2b7138b1187a6b7ee55f160b9968b66013c3a3ef39dd7e5798?s=96&d=mm&r=g\",\"contentUrl\":\"https:\\\/\\\/secure.gravatar.com\\\/avatar\\\/3ea2118a5f7dad2b7138b1187a6b7ee55f160b9968b66013c3a3ef39dd7e5798?s=96&d=mm&r=g\",\"caption\":\"Jeanette\"},\"sameAs\":[\"https:\\\/\\\/www.eldiario.net\\\/portal\"],\"url\":\"https:\\\/\\\/www.eldiario.net\\\/portal\\\/author\\\/jeanette\\\/\"}]}<\/script>\n<!-- \/ Yoast SEO plugin. -->","yoast_head_json":{"title":"Los Flamencos y San Francisco en un gran \u201cmano a mano\u201d musical - El Diario - Bolivia","robots":{"index":"index","follow":"follow","max-snippet":"max-snippet:-1","max-image-preview":"max-image-preview:large","max-video-preview":"max-video-preview:-1"},"canonical":"https:\/\/www.eldiario.net\/portal\/2025\/07\/26\/los-flamencos-y-san-francisco-en-un-gran-mano-a-mano-musical\/","og_locale":"es_ES","og_type":"article","og_title":"Los Flamencos y San Francisco en un gran \u201cmano a mano\u201d musical - El Diario - Bolivia","og_description":"Ar. Gala Show Producciones anuncia un espectacular concierto para recordar la \u00e9poca dorada de la cumbia con la estelar presencia de las orquestas internacionales Los Flamencos y San Francisco, en homenaje p\u00f3stumo al gran Pitty Zapata, quien fue denominado con todos los merecimientos como \u201cEl patr\u00f3n de la cumbia\u201d. El evento se efectuar\u00e1 el viernes [&hellip;]","og_url":"https:\/\/www.eldiario.net\/portal\/2025\/07\/26\/los-flamencos-y-san-francisco-en-un-gran-mano-a-mano-musical\/","og_site_name":"El Diario - Bolivia","article_publisher":"https:\/\/www.facebook.com\/eldiario.bolivia\/","article_published_time":"2025-07-26T04:21:13+00:00","og_image":[{"width":1200,"height":800,"url":"https:\/\/www.eldiario.net\/portal\/wp-content\/uploads\/2025\/07\/1-1.webp","type":"image\/webp"}],"author":"Jeanette","twitter_card":"summary_large_image","twitter_creator":"@eldiario_net","twitter_site":"@eldiario_net","twitter_misc":{"Escrito por":"Jeanette","Tiempo de lectura":"5 minutos"},"schema":{"@context":"https:\/\/schema.org","@graph":[{"@type":"Article","@id":"https:\/\/www.eldiario.net\/portal\/2025\/07\/26\/los-flamencos-y-san-francisco-en-un-gran-mano-a-mano-musical\/#article","isPartOf":{"@id":"https:\/\/www.eldiario.net\/portal\/2025\/07\/26\/los-flamencos-y-san-francisco-en-un-gran-mano-a-mano-musical\/"},"author":{"name":"Jeanette","@id":"https:\/\/www.eldiario.net\/portal\/#\/schema\/person\/2c57cf2b7a7ae032e449e4c9b1019eac"},"headline":"Los Flamencos y San Francisco en un gran \u201cmano a mano\u201d musical","datePublished":"2025-07-26T04:21:13+00:00","mainEntityOfPage":{"@id":"https:\/\/www.eldiario.net\/portal\/2025\/07\/26\/los-flamencos-y-san-francisco-en-un-gran-mano-a-mano-musical\/"},"wordCount":1017,"publisher":{"@id":"https:\/\/www.eldiario.net\/portal\/#organization"},"image":{"@id":"https:\/\/www.eldiario.net\/portal\/2025\/07\/26\/los-flamencos-y-san-francisco-en-un-gran-mano-a-mano-musical\/#primaryimage"},"thumbnailUrl":"https:\/\/www.eldiario.net\/portal\/wp-content\/uploads\/2025\/07\/1-1.webp","articleSection":["La Gu\u00eda"],"inLanguage":"es"},{"@type":"WebPage","@id":"https:\/\/www.eldiario.net\/portal\/2025\/07\/26\/los-flamencos-y-san-francisco-en-un-gran-mano-a-mano-musical\/","url":"https:\/\/www.eldiario.net\/portal\/2025\/07\/26\/los-flamencos-y-san-francisco-en-un-gran-mano-a-mano-musical\/","name":"Los Flamencos y San Francisco en un gran \u201cmano a mano\u201d musical - El Diario - Bolivia","isPartOf":{"@id":"https:\/\/www.eldiario.net\/portal\/#website"},"primaryImageOfPage":{"@id":"https:\/\/www.eldiario.net\/portal\/2025\/07\/26\/los-flamencos-y-san-francisco-en-un-gran-mano-a-mano-musical\/#primaryimage"},"image":{"@id":"https:\/\/www.eldiario.net\/portal\/2025\/07\/26\/los-flamencos-y-san-francisco-en-un-gran-mano-a-mano-musical\/#primaryimage"},"thumbnailUrl":"https:\/\/www.eldiario.net\/portal\/wp-content\/uploads\/2025\/07\/1-1.webp","datePublished":"2025-07-26T04:21:13+00:00","breadcrumb":{"@id":"https:\/\/www.eldiario.net\/portal\/2025\/07\/26\/los-flamencos-y-san-francisco-en-un-gran-mano-a-mano-musical\/#breadcrumb"},"inLanguage":"es","potentialAction":[{"@type":"ReadAction","target":["https:\/\/www.eldiario.net\/portal\/2025\/07\/26\/los-flamencos-y-san-francisco-en-un-gran-mano-a-mano-musical\/"]}]},{"@type":"ImageObject","inLanguage":"es","@id":"https:\/\/www.eldiario.net\/portal\/2025\/07\/26\/los-flamencos-y-san-francisco-en-un-gran-mano-a-mano-musical\/#primaryimage","url":"https:\/\/www.eldiario.net\/portal\/wp-content\/uploads\/2025\/07\/1-1.webp","contentUrl":"https:\/\/www.eldiario.net\/portal\/wp-content\/uploads\/2025\/07\/1-1.webp","width":1200,"height":800},{"@type":"BreadcrumbList","@id":"https:\/\/www.eldiario.net\/portal\/2025\/07\/26\/los-flamencos-y-san-francisco-en-un-gran-mano-a-mano-musical\/#breadcrumb","itemListElement":[{"@type":"ListItem","position":1,"name":"Portada","item":"https:\/\/www.eldiario.net\/portal\/"},{"@type":"ListItem","position":2,"name":"Los Flamencos y San Francisco en un gran \u201cmano a mano\u201d musical"}]},{"@type":"WebSite","@id":"https:\/\/www.eldiario.net\/portal\/#website","url":"https:\/\/www.eldiario.net\/portal\/","name":"El Diario - Decano de la prensa nacional","description":"El Diario - Decano de la prensa nacional","publisher":{"@id":"https:\/\/www.eldiario.net\/portal\/#organization"},"potentialAction":[{"@type":"SearchAction","target":{"@type":"EntryPoint","urlTemplate":"https:\/\/www.eldiario.net\/portal\/?s={search_term_string}"},"query-input":{"@type":"PropertyValueSpecification","valueRequired":true,"valueName":"search_term_string"}}],"inLanguage":"es"},{"@type":"Organization","@id":"https:\/\/www.eldiario.net\/portal\/#organization","name":"El Diario - Decano de la prensa nacional","url":"https:\/\/www.eldiario.net\/portal\/","logo":{"@type":"ImageObject","inLanguage":"es","@id":"https:\/\/www.eldiario.net\/portal\/#\/schema\/logo\/image\/","url":"https:\/\/www.eldiario.net\/portal\/wp-content\/uploads\/2023\/07\/logo_ED.jpg","contentUrl":"https:\/\/www.eldiario.net\/portal\/wp-content\/uploads\/2023\/07\/logo_ED.jpg","width":272,"height":52,"caption":"El Diario - Decano de la prensa nacional"},"image":{"@id":"https:\/\/www.eldiario.net\/portal\/#\/schema\/logo\/image\/"},"sameAs":["https:\/\/www.facebook.com\/eldiario.bolivia\/","https:\/\/x.com\/eldiario_net"]},{"@type":"Person","@id":"https:\/\/www.eldiario.net\/portal\/#\/schema\/person\/2c57cf2b7a7ae032e449e4c9b1019eac","name":"Jeanette","image":{"@type":"ImageObject","inLanguage":"es","@id":"https:\/\/secure.gravatar.com\/avatar\/3ea2118a5f7dad2b7138b1187a6b7ee55f160b9968b66013c3a3ef39dd7e5798?s=96&d=mm&r=g","url":"https:\/\/secure.gravatar.com\/avatar\/3ea2118a5f7dad2b7138b1187a6b7ee55f160b9968b66013c3a3ef39dd7e5798?s=96&d=mm&r=g","contentUrl":"https:\/\/secure.gravatar.com\/avatar\/3ea2118a5f7dad2b7138b1187a6b7ee55f160b9968b66013c3a3ef39dd7e5798?s=96&d=mm&r=g","caption":"Jeanette"},"sameAs":["https:\/\/www.eldiario.net\/portal"],"url":"https:\/\/www.eldiario.net\/portal\/author\/jeanette\/"}]}},"_links":{"self":[{"href":"https:\/\/www.eldiario.net\/portal\/wp-json\/wp\/v2\/posts\/319395","targetHints":{"allow":["GET"]}}],"collection":[{"href":"https:\/\/www.eldiario.net\/portal\/wp-json\/wp\/v2\/posts"}],"about":[{"href":"https:\/\/www.eldiario.net\/portal\/wp-json\/wp\/v2\/types\/post"}],"author":[{"embeddable":true,"href":"https:\/\/www.eldiario.net\/portal\/wp-json\/wp\/v2\/users\/1"}],"replies":[{"embeddable":true,"href":"https:\/\/www.eldiario.net\/portal\/wp-json\/wp\/v2\/comments?post=319395"}],"version-history":[{"count":1,"href":"https:\/\/www.eldiario.net\/portal\/wp-json\/wp\/v2\/posts\/319395\/revisions"}],"predecessor-version":[{"id":319401,"href":"https:\/\/www.eldiario.net\/portal\/wp-json\/wp\/v2\/posts\/319395\/revisions\/319401"}],"wp:featuredmedia":[{"embeddable":true,"href":"https:\/\/www.eldiario.net\/portal\/wp-json\/wp\/v2\/media\/319396"}],"wp:attachment":[{"href":"https:\/\/www.eldiario.net\/portal\/wp-json\/wp\/v2\/media?parent=319395"}],"wp:term":[{"taxonomy":"category","embeddable":true,"href":"https:\/\/www.eldiario.net\/portal\/wp-json\/wp\/v2\/categories?post=319395"},{"taxonomy":"post_tag","embeddable":true,"href":"https:\/\/www.eldiario.net\/portal\/wp-json\/wp\/v2\/tags?post=319395"}],"curies":[{"name":"wp","href":"https:\/\/api.w.org\/{rel}","templated":true}]}}