{"id":318904,"date":"2025-07-24T06:33:14","date_gmt":"2025-07-24T10:33:14","guid":{"rendered":"https:\/\/www.eldiario.net\/portal\/?p=318904"},"modified":"2025-07-24T06:33:14","modified_gmt":"2025-07-24T10:33:14","slug":"en-2024-bolivia-solo-recibio-el-01-de-ied-de-la-region","status":"publish","type":"post","link":"https:\/\/www.eldiario.net\/portal\/2025\/07\/24\/en-2024-bolivia-solo-recibio-el-01-de-ied-de-la-region\/","title":{"rendered":"En 2024, Bolivia solo recibi\u00f3 el 0,1% de IED de la regi\u00f3n"},"content":{"rendered":"<p>Recientemente la Comisi\u00f3n Econ\u00f3mica para Am\u00e9rica Latina y el Caribe (CEPAL), ha publicado su \u00faltimo informe respecto a \u201cLa Inversi\u00f3n Extranjera Directa en Am\u00e9rica Latina y el Caribe 2025\u201d, donde se indica que las entradas de Inversi\u00f3n Extranjera Directa (IED) en la regi\u00f3n, durante el a\u00f1o 2024, fueron de $us 188.962 millones, lo cual signific\u00f3 un incremento del 7,3% respecto al 2023, representando un 2,8% del PIB regional. La IED de Am\u00e9rica Latina y el Caribe represent\u00f3 el 12,5% de las entradas de este tipo de inversi\u00f3n a nivel mundial durante el 2024.<\/p>\n<p>Respecto a los componentes de la IED de la regi\u00f3n en el a\u00f1o 2024, el de mayor peso o importancia fue la Reinversi\u00f3n de Utilidades con un 52% del total. De ah\u00ed le sigui\u00f3 los Aportes de Capital con el 34% del global, y en tercer lugar de preponderancia estuvo los Prestamos entre Empresas con un 15% de participaci\u00f3n de la IED regional.<\/p>\n<p>Haciendo un peque\u00f1o ranking 2024 en la regi\u00f3n, en funci\u00f3n a captaci\u00f3n de inversiones extranjeras directas (%), los 5 primeros lugares est\u00e1n ocupados por:<\/p>\n<p>&nbsp;<\/p>\n<ol>\n<li>Brasil (37,6%)<\/li>\n<li>M\u00e9xico (24%)<\/li>\n<li>Colombia (7,6%)<\/li>\n<li>Chile (6,6%)<\/li>\n<li>Argentina (6,2%)<\/li>\n<\/ol>\n<p>&nbsp;<\/p>\n<p>En el caso de los pa\u00edses que menos IED recibieron en 2024 (montos absolutos), tenemos los siguientes:<\/p>\n<p>&nbsp;<\/p>\n<ol>\n<li>Saint Kitts y Nevis (22 mmusd)<\/li>\n<li>Dominica (49 mmusd)<\/li>\n<li>San Vicente y las Granadinas (74 mmusd)<\/li>\n<li>Belice (128 mmusd)<\/li>\n<li>Jamaica (165 mmusd)<\/li>\n<\/ol>\n<p>&nbsp;<\/p>\n<p>Como se observa, Brasil y M\u00e9xico representaron el 61,6% de la IED recibida en la regi\u00f3n durante el 2024, con un incremento respecto al 2023 de un 13,8% y 47,9% respectivamente. En Sudam\u00e9rica se observa una ca\u00edda de la IED respecto al 2023, con excepci\u00f3n de Uruguay, Brasil y Bolivia.<\/p>\n<p>En Centroam\u00e9rica, Costa Rica fue el pa\u00eds que m\u00e1s IED recibi\u00f3 (5.298 mmusd), el que menos fue El Salvador con solo $us. 640 millones. Respecto al Caribe, el pa\u00eds que m\u00e1s sobresali\u00f3 fue Guyana, con un 68% del total de la sub regi\u00f3n (6\u00ba lugar de la regi\u00f3n), debido al boom del sector hidrocarbur\u00edfero en dicha econom\u00eda. El resto de los pa\u00edses del Caribe, la entrada de inversi\u00f3n fue menor a los $us 310 millones, con excepci\u00f3n de Rep\u00fablica Dominicana (4.523 mmusd).<\/p>\n<p>En la regi\u00f3n solo Uruguay (-2.457 mmusd), Trinidad y Tabago (-1.041 mmusd) y Suriname (-38 mmusd) reflejaron un dato negativo en su IED en 2024. Hay marcadas diferencias en la regi\u00f3n respecto a los pa\u00edses que recibieron IED en el a\u00f1o pasado, por ejemplo, Sudam\u00e9rica capt\u00f3 el 60,8%, mientras El Caribe apenas el 8,1% del total regional. Otro aspecto, es el peso de la IED respecto al PIB de cada pa\u00eds, el cual todav\u00eda es insuficiente, sobre todo en econom\u00edas subdesarrolladas en la regi\u00f3n.<\/p>\n<p>Seg\u00fan este informe de la CEPAL, Bolivia solo recibi\u00f3 una IED, durante el 2024, de apenas $us 247 millones, lo que represent\u00f3 un 0,1% de todo lo captado en Latinoam\u00e9rica y el Caribe. Quiere decir, que de cada $us 100 recibidos en la regi\u00f3n por IED, a nuestro pa\u00eds solo llegaron 10 centavos de d\u00f3lar. Esto coincide con las calificaciones negativas de corporaciones financieras mundiales como Fitch, Moody\u2019s y S&amp;P Ratings, las que bajaron nuestras calificaciones internacionales en cuanto a cr\u00e9dito e inversi\u00f3n. De igual manera, JP Morgan, sigue calific\u00e1ndonos como la segunda econom\u00eda de la regi\u00f3n m\u00e1s riesgosa para invertir, despu\u00e9s de Venezuela. En pocas palabras, para los inversores y capitalistas mundiales, somos muy poco atractivos para invertir.<\/p>\n<p>En el 2024, la IED que recibi\u00f3 Bolivia, apenas represent\u00f3 el 0,5% de su PIB nominal, denotando un peso insignificante en la econom\u00eda nacional, de hecho en comparaci\u00f3n con otras naciones, es una de las m\u00e1s bajas de la regi\u00f3n. Mejorar la IED que llega a nuestro pa\u00eds, deber\u00eda ser uno de los pilares de reestructuraci\u00f3n de la econom\u00eda bajo el nuevo gobierno, ya que la inversi\u00f3n extranjera es clave para que lleguen divisas a la econom\u00eda, fortalezcan a nuestras RIN y generen un crecimiento econ\u00f3mico sostenible y a largo plazo.<\/p>\n<p>Esto se debe considerar como pol\u00edtica de Estado, la IED es clave para el desarrollo de cualquier pa\u00eds del mundo. Actualmente, Bolivia es una econom\u00eda casi nada atractiva para invertir por sus desequilibrios macroecon\u00f3micos, conflictos pol\u00edticos\/sociales y claros problemas de gobernabilidad\/gobernanza, lo cual limita seriamente la llegada de capitales del exterior. Por ello, m\u00e1s all\u00e1 de mejorar nuestros indicadores econ\u00f3micos, debemos dar seguridad econ\u00f3mica y jur\u00eddica a los inversionistas locales y extranjeros, mediante la implementaci\u00f3n de normas que fomenten la inversi\u00f3n extranjera. Una nueva Ley de inversiones es fundamental, as\u00ed como modernizar y actualizar las leyes de trabajo, reg\u00edmenes tributarios, derogar la actual Ley de hidrocarburos, entre tantas acciones que el nuevo gobierno deber\u00e1 hacer para que poco a poco Bolivia sea vista con otros ojos por el mundo. Y es que invertir en el pa\u00eds tiene que ser seguro y atractivo.<\/p>\n<p><em>\u00a0<\/em><\/p>\n<p><em>El autor es Economista, investigador y docente universitario.<\/em><\/p>\n<p>S\u00edgueme:<\/p>\n<p>X (Twitter): Fernando Romero (@Fernand20413688)<\/p>\n<p>Instagram: Fernando Romero (@fernandoromero270280)<\/p>\n","protected":false},"excerpt":{"rendered":"<p>Recientemente la Comisi\u00f3n Econ\u00f3mica para Am\u00e9rica Latina y el Caribe (CEPAL), ha publicado su \u00faltimo informe respecto a \u201cLa Inversi\u00f3n Extranjera Directa en Am\u00e9rica Latina y el Caribe 2025\u201d, donde se indica que las entradas de Inversi\u00f3n Extranjera Directa (IED) en la regi\u00f3n, durante el a\u00f1o 2024, fueron de $us 188.962 millones, lo cual signific\u00f3 [&hellip;]<\/p>\n","protected":false},"author":1,"featured_media":290625,"comment_status":"closed","ping_status":"open","sticky":false,"template":"","format":"standard","meta":{"_acf_changed":false,"footnotes":""},"categories":[9],"tags":[],"class_list":["post-318904","post","type-post","status-publish","format-standard","has-post-thumbnail","category-opinion"],"acf":{"antetitulo":""},"yoast_head":"<!-- This site is optimized with the Yoast SEO plugin v28.4 - https:\/\/yoast.com\/product\/yoast-seo-wordpress\/ -->\n<title>En 2024, Bolivia solo recibi\u00f3 el 0,1% de IED de la regi\u00f3n - El Diario - Bolivia<\/title>\n<meta name=\"robots\" content=\"index, follow, max-snippet:-1, max-image-preview:large, max-video-preview:-1\" \/>\n<link rel=\"canonical\" href=\"https:\/\/www.eldiario.net\/portal\/2025\/07\/24\/en-2024-bolivia-solo-recibio-el-01-de-ied-de-la-region\/\" \/>\n<meta property=\"og:locale\" content=\"es_ES\" \/>\n<meta property=\"og:type\" content=\"article\" \/>\n<meta property=\"og:title\" content=\"En 2024, Bolivia solo recibi\u00f3 el 0,1% de IED de la regi\u00f3n - El Diario - Bolivia\" \/>\n<meta property=\"og:description\" content=\"Recientemente la Comisi\u00f3n Econ\u00f3mica para Am\u00e9rica Latina y el Caribe (CEPAL), ha publicado su \u00faltimo informe respecto a \u201cLa Inversi\u00f3n Extranjera Directa en Am\u00e9rica Latina y el Caribe 2025\u201d, donde se indica que las entradas de Inversi\u00f3n Extranjera Directa (IED) en la regi\u00f3n, durante el a\u00f1o 2024, fueron de $us 188.962 millones, lo cual signific\u00f3 [&hellip;]\" \/>\n<meta property=\"og:url\" content=\"https:\/\/www.eldiario.net\/portal\/2025\/07\/24\/en-2024-bolivia-solo-recibio-el-01-de-ied-de-la-region\/\" \/>\n<meta property=\"og:site_name\" content=\"El Diario - Bolivia\" \/>\n<meta property=\"article:publisher\" content=\"https:\/\/www.facebook.com\/eldiario.bolivia\/\" \/>\n<meta property=\"article:published_time\" content=\"2025-07-24T10:33:14+00:00\" \/>\n<meta property=\"og:image\" content=\"https:\/\/www.eldiario.net\/portal\/wp-content\/uploads\/2025\/03\/Luis-Fernando-Romero-Torrejon.jpg\" \/>\n\t<meta property=\"og:image:width\" content=\"1200\" \/>\n\t<meta property=\"og:image:height\" content=\"628\" \/>\n\t<meta property=\"og:image:type\" content=\"image\/jpeg\" \/>\n<meta name=\"author\" content=\"Jeanette\" \/>\n<meta name=\"twitter:card\" content=\"summary_large_image\" \/>\n<meta name=\"twitter:creator\" content=\"@eldiario_net\" \/>\n<meta name=\"twitter:site\" content=\"@eldiario_net\" \/>\n<meta name=\"twitter:label1\" content=\"Escrito por\" \/>\n\t<meta name=\"twitter:data1\" content=\"Jeanette\" \/>\n\t<meta name=\"twitter:label2\" content=\"Tiempo de lectura\" \/>\n\t<meta name=\"twitter:data2\" content=\"4 minutos\" \/>\n<script type=\"application\/ld+json\" class=\"yoast-schema-graph\">{\"@context\":\"https:\\\/\\\/schema.org\",\"@graph\":[{\"@type\":\"Article\",\"@id\":\"https:\\\/\\\/www.eldiario.net\\\/portal\\\/2025\\\/07\\\/24\\\/en-2024-bolivia-solo-recibio-el-01-de-ied-de-la-region\\\/#article\",\"isPartOf\":{\"@id\":\"https:\\\/\\\/www.eldiario.net\\\/portal\\\/2025\\\/07\\\/24\\\/en-2024-bolivia-solo-recibio-el-01-de-ied-de-la-region\\\/\"},\"author\":{\"name\":\"Jeanette\",\"@id\":\"https:\\\/\\\/www.eldiario.net\\\/portal\\\/#\\\/schema\\\/person\\\/2c57cf2b7a7ae032e449e4c9b1019eac\"},\"headline\":\"En 2024, Bolivia solo recibi\u00f3 el 0,1% de IED de la regi\u00f3n\",\"datePublished\":\"2025-07-24T10:33:14+00:00\",\"mainEntityOfPage\":{\"@id\":\"https:\\\/\\\/www.eldiario.net\\\/portal\\\/2025\\\/07\\\/24\\\/en-2024-bolivia-solo-recibio-el-01-de-ied-de-la-region\\\/\"},\"wordCount\":872,\"publisher\":{\"@id\":\"https:\\\/\\\/www.eldiario.net\\\/portal\\\/#organization\"},\"image\":{\"@id\":\"https:\\\/\\\/www.eldiario.net\\\/portal\\\/2025\\\/07\\\/24\\\/en-2024-bolivia-solo-recibio-el-01-de-ied-de-la-region\\\/#primaryimage\"},\"thumbnailUrl\":\"https:\\\/\\\/www.eldiario.net\\\/portal\\\/wp-content\\\/uploads\\\/2025\\\/03\\\/Luis-Fernando-Romero-Torrejon.jpg\",\"articleSection\":[\"Opini\u00f3n\"],\"inLanguage\":\"es\"},{\"@type\":\"WebPage\",\"@id\":\"https:\\\/\\\/www.eldiario.net\\\/portal\\\/2025\\\/07\\\/24\\\/en-2024-bolivia-solo-recibio-el-01-de-ied-de-la-region\\\/\",\"url\":\"https:\\\/\\\/www.eldiario.net\\\/portal\\\/2025\\\/07\\\/24\\\/en-2024-bolivia-solo-recibio-el-01-de-ied-de-la-region\\\/\",\"name\":\"En 2024, Bolivia solo recibi\u00f3 el 0,1% de IED de la regi\u00f3n - El Diario - Bolivia\",\"isPartOf\":{\"@id\":\"https:\\\/\\\/www.eldiario.net\\\/portal\\\/#website\"},\"primaryImageOfPage\":{\"@id\":\"https:\\\/\\\/www.eldiario.net\\\/portal\\\/2025\\\/07\\\/24\\\/en-2024-bolivia-solo-recibio-el-01-de-ied-de-la-region\\\/#primaryimage\"},\"image\":{\"@id\":\"https:\\\/\\\/www.eldiario.net\\\/portal\\\/2025\\\/07\\\/24\\\/en-2024-bolivia-solo-recibio-el-01-de-ied-de-la-region\\\/#primaryimage\"},\"thumbnailUrl\":\"https:\\\/\\\/www.eldiario.net\\\/portal\\\/wp-content\\\/uploads\\\/2025\\\/03\\\/Luis-Fernando-Romero-Torrejon.jpg\",\"datePublished\":\"2025-07-24T10:33:14+00:00\",\"breadcrumb\":{\"@id\":\"https:\\\/\\\/www.eldiario.net\\\/portal\\\/2025\\\/07\\\/24\\\/en-2024-bolivia-solo-recibio-el-01-de-ied-de-la-region\\\/#breadcrumb\"},\"inLanguage\":\"es\",\"potentialAction\":[{\"@type\":\"ReadAction\",\"target\":[\"https:\\\/\\\/www.eldiario.net\\\/portal\\\/2025\\\/07\\\/24\\\/en-2024-bolivia-solo-recibio-el-01-de-ied-de-la-region\\\/\"]}]},{\"@type\":\"ImageObject\",\"inLanguage\":\"es\",\"@id\":\"https:\\\/\\\/www.eldiario.net\\\/portal\\\/2025\\\/07\\\/24\\\/en-2024-bolivia-solo-recibio-el-01-de-ied-de-la-region\\\/#primaryimage\",\"url\":\"https:\\\/\\\/www.eldiario.net\\\/portal\\\/wp-content\\\/uploads\\\/2025\\\/03\\\/Luis-Fernando-Romero-Torrejon.jpg\",\"contentUrl\":\"https:\\\/\\\/www.eldiario.net\\\/portal\\\/wp-content\\\/uploads\\\/2025\\\/03\\\/Luis-Fernando-Romero-Torrejon.jpg\",\"width\":1200,\"height\":628,\"caption\":\"Luis Fernando Romero Torrej\u00f3n\"},{\"@type\":\"BreadcrumbList\",\"@id\":\"https:\\\/\\\/www.eldiario.net\\\/portal\\\/2025\\\/07\\\/24\\\/en-2024-bolivia-solo-recibio-el-01-de-ied-de-la-region\\\/#breadcrumb\",\"itemListElement\":[{\"@type\":\"ListItem\",\"position\":1,\"name\":\"Portada\",\"item\":\"https:\\\/\\\/www.eldiario.net\\\/portal\\\/\"},{\"@type\":\"ListItem\",\"position\":2,\"name\":\"En 2024, Bolivia solo recibi\u00f3 el 0,1% de IED de la regi\u00f3n\"}]},{\"@type\":\"WebSite\",\"@id\":\"https:\\\/\\\/www.eldiario.net\\\/portal\\\/#website\",\"url\":\"https:\\\/\\\/www.eldiario.net\\\/portal\\\/\",\"name\":\"El Diario - Decano de la prensa nacional\",\"description\":\"El Diario - Decano de la prensa nacional\",\"publisher\":{\"@id\":\"https:\\\/\\\/www.eldiario.net\\\/portal\\\/#organization\"},\"potentialAction\":[{\"@type\":\"SearchAction\",\"target\":{\"@type\":\"EntryPoint\",\"urlTemplate\":\"https:\\\/\\\/www.eldiario.net\\\/portal\\\/?s={search_term_string}\"},\"query-input\":{\"@type\":\"PropertyValueSpecification\",\"valueRequired\":true,\"valueName\":\"search_term_string\"}}],\"inLanguage\":\"es\"},{\"@type\":\"Organization\",\"@id\":\"https:\\\/\\\/www.eldiario.net\\\/portal\\\/#organization\",\"name\":\"El Diario - Decano de la prensa nacional\",\"url\":\"https:\\\/\\\/www.eldiario.net\\\/portal\\\/\",\"logo\":{\"@type\":\"ImageObject\",\"inLanguage\":\"es\",\"@id\":\"https:\\\/\\\/www.eldiario.net\\\/portal\\\/#\\\/schema\\\/logo\\\/image\\\/\",\"url\":\"https:\\\/\\\/www.eldiario.net\\\/portal\\\/wp-content\\\/uploads\\\/2023\\\/07\\\/logo_ED.jpg\",\"contentUrl\":\"https:\\\/\\\/www.eldiario.net\\\/portal\\\/wp-content\\\/uploads\\\/2023\\\/07\\\/logo_ED.jpg\",\"width\":272,\"height\":52,\"caption\":\"El Diario - Decano de la prensa nacional\"},\"image\":{\"@id\":\"https:\\\/\\\/www.eldiario.net\\\/portal\\\/#\\\/schema\\\/logo\\\/image\\\/\"},\"sameAs\":[\"https:\\\/\\\/www.facebook.com\\\/eldiario.bolivia\\\/\",\"https:\\\/\\\/x.com\\\/eldiario_net\"]},{\"@type\":\"Person\",\"@id\":\"https:\\\/\\\/www.eldiario.net\\\/portal\\\/#\\\/schema\\\/person\\\/2c57cf2b7a7ae032e449e4c9b1019eac\",\"name\":\"Jeanette\",\"image\":{\"@type\":\"ImageObject\",\"inLanguage\":\"es\",\"@id\":\"https:\\\/\\\/secure.gravatar.com\\\/avatar\\\/3ea2118a5f7dad2b7138b1187a6b7ee55f160b9968b66013c3a3ef39dd7e5798?s=96&d=mm&r=g\",\"url\":\"https:\\\/\\\/secure.gravatar.com\\\/avatar\\\/3ea2118a5f7dad2b7138b1187a6b7ee55f160b9968b66013c3a3ef39dd7e5798?s=96&d=mm&r=g\",\"contentUrl\":\"https:\\\/\\\/secure.gravatar.com\\\/avatar\\\/3ea2118a5f7dad2b7138b1187a6b7ee55f160b9968b66013c3a3ef39dd7e5798?s=96&d=mm&r=g\",\"caption\":\"Jeanette\"},\"sameAs\":[\"https:\\\/\\\/www.eldiario.net\\\/portal\"],\"url\":\"https:\\\/\\\/www.eldiario.net\\\/portal\\\/author\\\/jeanette\\\/\"}]}<\/script>\n<!-- \/ Yoast SEO plugin. -->","yoast_head_json":{"title":"En 2024, Bolivia solo recibi\u00f3 el 0,1% de IED de la regi\u00f3n - El Diario - Bolivia","robots":{"index":"index","follow":"follow","max-snippet":"max-snippet:-1","max-image-preview":"max-image-preview:large","max-video-preview":"max-video-preview:-1"},"canonical":"https:\/\/www.eldiario.net\/portal\/2025\/07\/24\/en-2024-bolivia-solo-recibio-el-01-de-ied-de-la-region\/","og_locale":"es_ES","og_type":"article","og_title":"En 2024, Bolivia solo recibi\u00f3 el 0,1% de IED de la regi\u00f3n - El Diario - Bolivia","og_description":"Recientemente la Comisi\u00f3n Econ\u00f3mica para Am\u00e9rica Latina y el Caribe (CEPAL), ha publicado su \u00faltimo informe respecto a \u201cLa Inversi\u00f3n Extranjera Directa en Am\u00e9rica Latina y el Caribe 2025\u201d, donde se indica que las entradas de Inversi\u00f3n Extranjera Directa (IED) en la regi\u00f3n, durante el a\u00f1o 2024, fueron de $us 188.962 millones, lo cual signific\u00f3 [&hellip;]","og_url":"https:\/\/www.eldiario.net\/portal\/2025\/07\/24\/en-2024-bolivia-solo-recibio-el-01-de-ied-de-la-region\/","og_site_name":"El Diario - Bolivia","article_publisher":"https:\/\/www.facebook.com\/eldiario.bolivia\/","article_published_time":"2025-07-24T10:33:14+00:00","og_image":[{"width":1200,"height":628,"url":"https:\/\/www.eldiario.net\/portal\/wp-content\/uploads\/2025\/03\/Luis-Fernando-Romero-Torrejon.jpg","type":"image\/jpeg"}],"author":"Jeanette","twitter_card":"summary_large_image","twitter_creator":"@eldiario_net","twitter_site":"@eldiario_net","twitter_misc":{"Escrito por":"Jeanette","Tiempo de lectura":"4 minutos"},"schema":{"@context":"https:\/\/schema.org","@graph":[{"@type":"Article","@id":"https:\/\/www.eldiario.net\/portal\/2025\/07\/24\/en-2024-bolivia-solo-recibio-el-01-de-ied-de-la-region\/#article","isPartOf":{"@id":"https:\/\/www.eldiario.net\/portal\/2025\/07\/24\/en-2024-bolivia-solo-recibio-el-01-de-ied-de-la-region\/"},"author":{"name":"Jeanette","@id":"https:\/\/www.eldiario.net\/portal\/#\/schema\/person\/2c57cf2b7a7ae032e449e4c9b1019eac"},"headline":"En 2024, Bolivia solo recibi\u00f3 el 0,1% de IED de la regi\u00f3n","datePublished":"2025-07-24T10:33:14+00:00","mainEntityOfPage":{"@id":"https:\/\/www.eldiario.net\/portal\/2025\/07\/24\/en-2024-bolivia-solo-recibio-el-01-de-ied-de-la-region\/"},"wordCount":872,"publisher":{"@id":"https:\/\/www.eldiario.net\/portal\/#organization"},"image":{"@id":"https:\/\/www.eldiario.net\/portal\/2025\/07\/24\/en-2024-bolivia-solo-recibio-el-01-de-ied-de-la-region\/#primaryimage"},"thumbnailUrl":"https:\/\/www.eldiario.net\/portal\/wp-content\/uploads\/2025\/03\/Luis-Fernando-Romero-Torrejon.jpg","articleSection":["Opini\u00f3n"],"inLanguage":"es"},{"@type":"WebPage","@id":"https:\/\/www.eldiario.net\/portal\/2025\/07\/24\/en-2024-bolivia-solo-recibio-el-01-de-ied-de-la-region\/","url":"https:\/\/www.eldiario.net\/portal\/2025\/07\/24\/en-2024-bolivia-solo-recibio-el-01-de-ied-de-la-region\/","name":"En 2024, Bolivia solo recibi\u00f3 el 0,1% de IED de la regi\u00f3n - El Diario - Bolivia","isPartOf":{"@id":"https:\/\/www.eldiario.net\/portal\/#website"},"primaryImageOfPage":{"@id":"https:\/\/www.eldiario.net\/portal\/2025\/07\/24\/en-2024-bolivia-solo-recibio-el-01-de-ied-de-la-region\/#primaryimage"},"image":{"@id":"https:\/\/www.eldiario.net\/portal\/2025\/07\/24\/en-2024-bolivia-solo-recibio-el-01-de-ied-de-la-region\/#primaryimage"},"thumbnailUrl":"https:\/\/www.eldiario.net\/portal\/wp-content\/uploads\/2025\/03\/Luis-Fernando-Romero-Torrejon.jpg","datePublished":"2025-07-24T10:33:14+00:00","breadcrumb":{"@id":"https:\/\/www.eldiario.net\/portal\/2025\/07\/24\/en-2024-bolivia-solo-recibio-el-01-de-ied-de-la-region\/#breadcrumb"},"inLanguage":"es","potentialAction":[{"@type":"ReadAction","target":["https:\/\/www.eldiario.net\/portal\/2025\/07\/24\/en-2024-bolivia-solo-recibio-el-01-de-ied-de-la-region\/"]}]},{"@type":"ImageObject","inLanguage":"es","@id":"https:\/\/www.eldiario.net\/portal\/2025\/07\/24\/en-2024-bolivia-solo-recibio-el-01-de-ied-de-la-region\/#primaryimage","url":"https:\/\/www.eldiario.net\/portal\/wp-content\/uploads\/2025\/03\/Luis-Fernando-Romero-Torrejon.jpg","contentUrl":"https:\/\/www.eldiario.net\/portal\/wp-content\/uploads\/2025\/03\/Luis-Fernando-Romero-Torrejon.jpg","width":1200,"height":628,"caption":"Luis Fernando Romero Torrej\u00f3n"},{"@type":"BreadcrumbList","@id":"https:\/\/www.eldiario.net\/portal\/2025\/07\/24\/en-2024-bolivia-solo-recibio-el-01-de-ied-de-la-region\/#breadcrumb","itemListElement":[{"@type":"ListItem","position":1,"name":"Portada","item":"https:\/\/www.eldiario.net\/portal\/"},{"@type":"ListItem","position":2,"name":"En 2024, Bolivia solo recibi\u00f3 el 0,1% de IED de la regi\u00f3n"}]},{"@type":"WebSite","@id":"https:\/\/www.eldiario.net\/portal\/#website","url":"https:\/\/www.eldiario.net\/portal\/","name":"El Diario - Decano de la prensa nacional","description":"El Diario - Decano de la prensa nacional","publisher":{"@id":"https:\/\/www.eldiario.net\/portal\/#organization"},"potentialAction":[{"@type":"SearchAction","target":{"@type":"EntryPoint","urlTemplate":"https:\/\/www.eldiario.net\/portal\/?s={search_term_string}"},"query-input":{"@type":"PropertyValueSpecification","valueRequired":true,"valueName":"search_term_string"}}],"inLanguage":"es"},{"@type":"Organization","@id":"https:\/\/www.eldiario.net\/portal\/#organization","name":"El Diario - Decano de la prensa nacional","url":"https:\/\/www.eldiario.net\/portal\/","logo":{"@type":"ImageObject","inLanguage":"es","@id":"https:\/\/www.eldiario.net\/portal\/#\/schema\/logo\/image\/","url":"https:\/\/www.eldiario.net\/portal\/wp-content\/uploads\/2023\/07\/logo_ED.jpg","contentUrl":"https:\/\/www.eldiario.net\/portal\/wp-content\/uploads\/2023\/07\/logo_ED.jpg","width":272,"height":52,"caption":"El Diario - Decano de la prensa nacional"},"image":{"@id":"https:\/\/www.eldiario.net\/portal\/#\/schema\/logo\/image\/"},"sameAs":["https:\/\/www.facebook.com\/eldiario.bolivia\/","https:\/\/x.com\/eldiario_net"]},{"@type":"Person","@id":"https:\/\/www.eldiario.net\/portal\/#\/schema\/person\/2c57cf2b7a7ae032e449e4c9b1019eac","name":"Jeanette","image":{"@type":"ImageObject","inLanguage":"es","@id":"https:\/\/secure.gravatar.com\/avatar\/3ea2118a5f7dad2b7138b1187a6b7ee55f160b9968b66013c3a3ef39dd7e5798?s=96&d=mm&r=g","url":"https:\/\/secure.gravatar.com\/avatar\/3ea2118a5f7dad2b7138b1187a6b7ee55f160b9968b66013c3a3ef39dd7e5798?s=96&d=mm&r=g","contentUrl":"https:\/\/secure.gravatar.com\/avatar\/3ea2118a5f7dad2b7138b1187a6b7ee55f160b9968b66013c3a3ef39dd7e5798?s=96&d=mm&r=g","caption":"Jeanette"},"sameAs":["https:\/\/www.eldiario.net\/portal"],"url":"https:\/\/www.eldiario.net\/portal\/author\/jeanette\/"}]}},"_links":{"self":[{"href":"https:\/\/www.eldiario.net\/portal\/wp-json\/wp\/v2\/posts\/318904","targetHints":{"allow":["GET"]}}],"collection":[{"href":"https:\/\/www.eldiario.net\/portal\/wp-json\/wp\/v2\/posts"}],"about":[{"href":"https:\/\/www.eldiario.net\/portal\/wp-json\/wp\/v2\/types\/post"}],"author":[{"embeddable":true,"href":"https:\/\/www.eldiario.net\/portal\/wp-json\/wp\/v2\/users\/1"}],"replies":[{"embeddable":true,"href":"https:\/\/www.eldiario.net\/portal\/wp-json\/wp\/v2\/comments?post=318904"}],"version-history":[{"count":1,"href":"https:\/\/www.eldiario.net\/portal\/wp-json\/wp\/v2\/posts\/318904\/revisions"}],"predecessor-version":[{"id":318905,"href":"https:\/\/www.eldiario.net\/portal\/wp-json\/wp\/v2\/posts\/318904\/revisions\/318905"}],"wp:featuredmedia":[{"embeddable":true,"href":"https:\/\/www.eldiario.net\/portal\/wp-json\/wp\/v2\/media\/290625"}],"wp:attachment":[{"href":"https:\/\/www.eldiario.net\/portal\/wp-json\/wp\/v2\/media?parent=318904"}],"wp:term":[{"taxonomy":"category","embeddable":true,"href":"https:\/\/www.eldiario.net\/portal\/wp-json\/wp\/v2\/categories?post=318904"},{"taxonomy":"post_tag","embeddable":true,"href":"https:\/\/www.eldiario.net\/portal\/wp-json\/wp\/v2\/tags?post=318904"}],"curies":[{"name":"wp","href":"https:\/\/api.w.org\/{rel}","templated":true}]}}