{"id":318902,"date":"2025-07-24T06:32:07","date_gmt":"2025-07-24T10:32:07","guid":{"rendered":"https:\/\/www.eldiario.net\/portal\/?p=318902"},"modified":"2025-07-24T06:32:07","modified_gmt":"2025-07-24T10:32:07","slug":"aniceto-arce-ruiz-constructor-de-bolivia-3","status":"publish","type":"post","link":"https:\/\/www.eldiario.net\/portal\/2025\/07\/24\/aniceto-arce-ruiz-constructor-de-bolivia-3\/","title":{"rendered":"Aniceto Arce Ru\u00edz, constructor de Bolivia"},"content":{"rendered":"<p><strong>III<\/strong><\/p>\n<p>&nbsp;<\/p>\n<p>Con el objetivo de conseguir capital para incrementar la producci\u00f3n de minerales de plata, Aniceto Arce viaj\u00f3 a Chile. Busc\u00f3 en Valpara\u00edso y Santiago a los amigos que hizo en Cha\u00f1arcillo y les present\u00f3 la propuesta de formar una empresa para explotar la riqueza de la mina Pulacayo. Las negociaciones para la formaci\u00f3n de la empresa se realizaron durante largos meses en Valpara\u00edso, con temas dif\u00edciles de resolver. Como resultado de las negociaciones se form\u00f3 la \u201cCompa\u00f1\u00eda Huanchaca de Bolivia\u201d. La escritura de organizaci\u00f3n como sociedad de acciones lleva fecha de 1 de enero de 1873, siendo la primera sociedad an\u00f3nima que se fundara en Bolivia.<\/p>\n<p>El 27 de noviembre de 1872 ocurri\u00f3, en un incidente en su despacho, la tr\u00e1gica muerte del presidente Agust\u00edn Morales, asumiendo a la presidencia el Dr. Tom\u00e1s Fr\u00edas, quien design\u00f3 a Aniceto Arce en el cargo de prefecto del departamento del Litoral en diciembre de 1872. En 1873 Arce llev\u00f3 a su familia a Sucre. Como prefecto del departamento del Litoral, Aniceto Arce se encarg\u00f3 de la urbanizaci\u00f3n de la nueva ciudad de Mejillones, de la \u201cformaci\u00f3n edil del puerto de Mejillones\u201d y de la reapertura del camino de Cobija a Calama. Posiblemente Arce dej\u00f3 de ser prefecto cuando Tom\u00e1s Fr\u00edas dej\u00f3 de ser presidente.<\/p>\n<p>Los tres primeros a\u00f1os de funcionamiento de la Compa\u00f1\u00eda Huanchaca (1873 &#8211; 1875) fueron a\u00f1os de fracasos, descalabros y ensayos est\u00e9riles. La venta de minerales apenas alcanzaba para cubrir los gastos ordinarios, se tuvo que recurrir al cr\u00e9dito para cubrir los gastos originados por las obras de desarrollo. La compa\u00f1\u00eda se sosten\u00eda con el procesamiento de los minerales contenidos en el ingenio.<\/p>\n<p>Ante la dif\u00edcil situaci\u00f3n en que se encontraba la Compa\u00f1\u00eda de Huanchaca, la mayor\u00eda de los socios consideraba conveniente liquidarla. Lo que requiri\u00f3 la intervenci\u00f3n de Arce, quien contrat\u00f3 los servicios de los hermanos Carlos y Ernesto Francke. Despu\u00e9s de 14 meses de realizar experimentos, los hermanos Francke encontraron un procedimiento satisfactorio de procesamiento de los minerales de Pulacayo, por medio de tinas de amalgamaci\u00f3n, inventadas por ellos. Arce tuvo una participaci\u00f3n activa en el proceso de experimentaci\u00f3n. A partir de 1876 se pudo procesar los minerales de la mina de Pulacayo y la producci\u00f3n de plata ya no dependi\u00f3 de las reservas.<\/p>\n<p>A partir de 1877 la producci\u00f3n de plata se increment\u00f3 y se tuvo una utilidad l\u00edquida, hab\u00eda comenzado el auge de la Compa\u00f1\u00eda de Huanchaca. Al 31 de mayo de 1878 Aniceto Arce ten\u00eda 1.941 acciones de las 6.000 acciones de que estaba compuesta la compa\u00f1\u00eda (32,35 %). Los accionistas bolivianos eran once y eran due\u00f1os del 78,78 % de las acciones (4.727 acciones). Los accionistas chilenos eran 23 y controlaban el 21,22 % de las acciones (1.273 acciones). La compa\u00f1\u00eda empleaba un promedio mensual de 1.567 trabajadores que recib\u00edan salarios fijados por contrato y se distingu\u00edan por su \u201chonorabilidad, disciplina y sobriedad\u201d. La empresa les prove\u00eda de vivienda, escuelas y dos hospitales.<\/p>\n<p>Aniceto Arce fij\u00f3 su residencia y la de su familia en la ciudad de Sucre. Hacia el a\u00f1o 1870 compr\u00f3 una huerta llamada Huirupucu, situada a 5 Km de la ciudad de Sucre. En 1873 construy\u00f3 una vivienda en la que instal\u00f3 a su familia, mientras hac\u00eda construir un palacio de 52 habitaciones. Luisa, la hija primog\u00e9nita, le puso el nombre de \u201cLa Florida\u201d.<\/p>\n<p>La Florida, adem\u00e1s de ser la residencia de la familia Arce Argando\u00f1a era una granja. Aniceto Arce desarroll\u00f3 la granja hasta convertirla en un establecimiento agroindustrial. La Florida era tambi\u00e9n la oficina desde donde Aniceto Arce administraba las fincas que hab\u00eda adquirido, incluyendo La Oroya, herencia de su esposa Amalia. Las otras fincas tambi\u00e9n las desarroll\u00f3 (entre 1870 y 1880) en la misma forma que lo hizo en La Florida. En las fincas introdujo la utilizaci\u00f3n de maquinaria.<\/p>\n<p>En sus fincas Aniceto Arce desarroll\u00f3 establecimientos agr\u00edcolas y ganaderos para la producci\u00f3n de diversos productos, como trigo, frutas, ca\u00f1a de az\u00facar, carne, leche y otros, seg\u00fan la regi\u00f3n donde se encontraban. Las fincas La Oroya y Tirispaya se encontraban en la provincia Cornelio Saavedra del departamento de Potos\u00ed. Por su situaci\u00f3n en un valle, se produc\u00eda en ellas trigo. En la provincia Sud Chichas de este departamento, en el valle del r\u00edo Suipacha, ten\u00eda la finca Santa Rosa, en la que se cultivaba alfalfa, para alimentar el ganado vacuno que ven\u00eda de Tarija para su consumo en las minas.<\/p>\n<p>A orillas del R\u00edo Grande, entre las provincias Oropeza de Chuquisaca y Campero de Cochabamba, Aniceto Arce estableci\u00f3 las fincas Caraparip\u00ed, La Barca y Constancia, para el desarrollo de la agricultura tropical y la crianza de ganado vacuno. En Caraparip\u00ed se construy\u00f3 una planta de destilaci\u00f3n para la producci\u00f3n de az\u00facar. La planta contaba con turbinas hidr\u00e1ulicas, trapiches de acero, motores a vapor y un potente rectificador. Para la crianza de ganado vacuno fueron importados y llevados a las fincas toros y vacas de raza Durham.<\/p>\n<p>&nbsp;<\/p>\n<p><em>Oscar Espinosa Garc\u00eda es ingeniero civil.<\/em><\/p>\n<p>Blog: HISTORIA, TRANSPORTES Y DESARROLLO<\/p>\n","protected":false},"excerpt":{"rendered":"<p>III &nbsp; Con el objetivo de conseguir capital para incrementar la producci\u00f3n de minerales de plata, Aniceto Arce viaj\u00f3 a Chile. Busc\u00f3 en Valpara\u00edso y Santiago a los amigos que hizo en Cha\u00f1arcillo y les present\u00f3 la propuesta de formar una empresa para explotar la riqueza de la mina Pulacayo. Las negociaciones para la formaci\u00f3n [&hellip;]<\/p>\n","protected":false},"author":1,"featured_media":194790,"comment_status":"closed","ping_status":"open","sticky":false,"template":"","format":"standard","meta":{"_acf_changed":false,"footnotes":""},"categories":[9],"tags":[],"class_list":["post-318902","post","type-post","status-publish","format-standard","has-post-thumbnail","category-opinion"],"acf":{"antetitulo":""},"yoast_head":"<!-- This site is optimized with the Yoast SEO plugin v28.4 - https:\/\/yoast.com\/product\/yoast-seo-wordpress\/ -->\n<title>Aniceto Arce Ru\u00edz, constructor de Bolivia - El Diario - Bolivia<\/title>\n<meta name=\"robots\" content=\"index, follow, max-snippet:-1, max-image-preview:large, max-video-preview:-1\" \/>\n<link rel=\"canonical\" href=\"https:\/\/www.eldiario.net\/portal\/2025\/07\/24\/aniceto-arce-ruiz-constructor-de-bolivia-3\/\" \/>\n<meta property=\"og:locale\" content=\"es_ES\" \/>\n<meta property=\"og:type\" content=\"article\" \/>\n<meta property=\"og:title\" content=\"Aniceto Arce Ru\u00edz, constructor de Bolivia - El Diario - Bolivia\" \/>\n<meta property=\"og:description\" content=\"III &nbsp; Con el objetivo de conseguir capital para incrementar la producci\u00f3n de minerales de plata, Aniceto Arce viaj\u00f3 a Chile. Busc\u00f3 en Valpara\u00edso y Santiago a los amigos que hizo en Cha\u00f1arcillo y les present\u00f3 la propuesta de formar una empresa para explotar la riqueza de la mina Pulacayo. Las negociaciones para la formaci\u00f3n [&hellip;]\" \/>\n<meta property=\"og:url\" content=\"https:\/\/www.eldiario.net\/portal\/2025\/07\/24\/aniceto-arce-ruiz-constructor-de-bolivia-3\/\" \/>\n<meta property=\"og:site_name\" content=\"El Diario - Bolivia\" \/>\n<meta property=\"article:publisher\" content=\"https:\/\/www.facebook.com\/eldiario.bolivia\/\" \/>\n<meta property=\"article:published_time\" content=\"2025-07-24T10:32:07+00:00\" \/>\n<meta property=\"og:image\" content=\"https:\/\/www.eldiario.net\/portal\/wp-content\/uploads\/2023\/12\/Opinion.jpg\" \/>\n\t<meta property=\"og:image:width\" content=\"800\" \/>\n\t<meta property=\"og:image:height\" content=\"500\" \/>\n\t<meta property=\"og:image:type\" content=\"image\/jpeg\" \/>\n<meta name=\"author\" content=\"Jeanette\" \/>\n<meta name=\"twitter:card\" content=\"summary_large_image\" \/>\n<meta name=\"twitter:creator\" content=\"@eldiario_net\" \/>\n<meta name=\"twitter:site\" content=\"@eldiario_net\" \/>\n<meta name=\"twitter:label1\" content=\"Escrito por\" \/>\n\t<meta name=\"twitter:data1\" content=\"Jeanette\" \/>\n\t<meta name=\"twitter:label2\" content=\"Tiempo de lectura\" \/>\n\t<meta name=\"twitter:data2\" content=\"4 minutos\" \/>\n<script type=\"application\/ld+json\" class=\"yoast-schema-graph\">{\"@context\":\"https:\\\/\\\/schema.org\",\"@graph\":[{\"@type\":\"Article\",\"@id\":\"https:\\\/\\\/www.eldiario.net\\\/portal\\\/2025\\\/07\\\/24\\\/aniceto-arce-ruiz-constructor-de-bolivia-3\\\/#article\",\"isPartOf\":{\"@id\":\"https:\\\/\\\/www.eldiario.net\\\/portal\\\/2025\\\/07\\\/24\\\/aniceto-arce-ruiz-constructor-de-bolivia-3\\\/\"},\"author\":{\"name\":\"Jeanette\",\"@id\":\"https:\\\/\\\/www.eldiario.net\\\/portal\\\/#\\\/schema\\\/person\\\/2c57cf2b7a7ae032e449e4c9b1019eac\"},\"headline\":\"Aniceto Arce Ru\u00edz, constructor de Bolivia\",\"datePublished\":\"2025-07-24T10:32:07+00:00\",\"mainEntityOfPage\":{\"@id\":\"https:\\\/\\\/www.eldiario.net\\\/portal\\\/2025\\\/07\\\/24\\\/aniceto-arce-ruiz-constructor-de-bolivia-3\\\/\"},\"wordCount\":878,\"publisher\":{\"@id\":\"https:\\\/\\\/www.eldiario.net\\\/portal\\\/#organization\"},\"image\":{\"@id\":\"https:\\\/\\\/www.eldiario.net\\\/portal\\\/2025\\\/07\\\/24\\\/aniceto-arce-ruiz-constructor-de-bolivia-3\\\/#primaryimage\"},\"thumbnailUrl\":\"https:\\\/\\\/www.eldiario.net\\\/portal\\\/wp-content\\\/uploads\\\/2023\\\/12\\\/Opinion.jpg\",\"articleSection\":[\"Opini\u00f3n\"],\"inLanguage\":\"es\"},{\"@type\":\"WebPage\",\"@id\":\"https:\\\/\\\/www.eldiario.net\\\/portal\\\/2025\\\/07\\\/24\\\/aniceto-arce-ruiz-constructor-de-bolivia-3\\\/\",\"url\":\"https:\\\/\\\/www.eldiario.net\\\/portal\\\/2025\\\/07\\\/24\\\/aniceto-arce-ruiz-constructor-de-bolivia-3\\\/\",\"name\":\"Aniceto Arce Ru\u00edz, constructor de Bolivia - El Diario - Bolivia\",\"isPartOf\":{\"@id\":\"https:\\\/\\\/www.eldiario.net\\\/portal\\\/#website\"},\"primaryImageOfPage\":{\"@id\":\"https:\\\/\\\/www.eldiario.net\\\/portal\\\/2025\\\/07\\\/24\\\/aniceto-arce-ruiz-constructor-de-bolivia-3\\\/#primaryimage\"},\"image\":{\"@id\":\"https:\\\/\\\/www.eldiario.net\\\/portal\\\/2025\\\/07\\\/24\\\/aniceto-arce-ruiz-constructor-de-bolivia-3\\\/#primaryimage\"},\"thumbnailUrl\":\"https:\\\/\\\/www.eldiario.net\\\/portal\\\/wp-content\\\/uploads\\\/2023\\\/12\\\/Opinion.jpg\",\"datePublished\":\"2025-07-24T10:32:07+00:00\",\"breadcrumb\":{\"@id\":\"https:\\\/\\\/www.eldiario.net\\\/portal\\\/2025\\\/07\\\/24\\\/aniceto-arce-ruiz-constructor-de-bolivia-3\\\/#breadcrumb\"},\"inLanguage\":\"es\",\"potentialAction\":[{\"@type\":\"ReadAction\",\"target\":[\"https:\\\/\\\/www.eldiario.net\\\/portal\\\/2025\\\/07\\\/24\\\/aniceto-arce-ruiz-constructor-de-bolivia-3\\\/\"]}]},{\"@type\":\"ImageObject\",\"inLanguage\":\"es\",\"@id\":\"https:\\\/\\\/www.eldiario.net\\\/portal\\\/2025\\\/07\\\/24\\\/aniceto-arce-ruiz-constructor-de-bolivia-3\\\/#primaryimage\",\"url\":\"https:\\\/\\\/www.eldiario.net\\\/portal\\\/wp-content\\\/uploads\\\/2023\\\/12\\\/Opinion.jpg\",\"contentUrl\":\"https:\\\/\\\/www.eldiario.net\\\/portal\\\/wp-content\\\/uploads\\\/2023\\\/12\\\/Opinion.jpg\",\"width\":800,\"height\":500},{\"@type\":\"BreadcrumbList\",\"@id\":\"https:\\\/\\\/www.eldiario.net\\\/portal\\\/2025\\\/07\\\/24\\\/aniceto-arce-ruiz-constructor-de-bolivia-3\\\/#breadcrumb\",\"itemListElement\":[{\"@type\":\"ListItem\",\"position\":1,\"name\":\"Portada\",\"item\":\"https:\\\/\\\/www.eldiario.net\\\/portal\\\/\"},{\"@type\":\"ListItem\",\"position\":2,\"name\":\"Aniceto Arce Ru\u00edz, constructor de Bolivia\"}]},{\"@type\":\"WebSite\",\"@id\":\"https:\\\/\\\/www.eldiario.net\\\/portal\\\/#website\",\"url\":\"https:\\\/\\\/www.eldiario.net\\\/portal\\\/\",\"name\":\"El Diario - Decano de la prensa nacional\",\"description\":\"El Diario - Decano de la prensa nacional\",\"publisher\":{\"@id\":\"https:\\\/\\\/www.eldiario.net\\\/portal\\\/#organization\"},\"potentialAction\":[{\"@type\":\"SearchAction\",\"target\":{\"@type\":\"EntryPoint\",\"urlTemplate\":\"https:\\\/\\\/www.eldiario.net\\\/portal\\\/?s={search_term_string}\"},\"query-input\":{\"@type\":\"PropertyValueSpecification\",\"valueRequired\":true,\"valueName\":\"search_term_string\"}}],\"inLanguage\":\"es\"},{\"@type\":\"Organization\",\"@id\":\"https:\\\/\\\/www.eldiario.net\\\/portal\\\/#organization\",\"name\":\"El Diario - Decano de la prensa nacional\",\"url\":\"https:\\\/\\\/www.eldiario.net\\\/portal\\\/\",\"logo\":{\"@type\":\"ImageObject\",\"inLanguage\":\"es\",\"@id\":\"https:\\\/\\\/www.eldiario.net\\\/portal\\\/#\\\/schema\\\/logo\\\/image\\\/\",\"url\":\"https:\\\/\\\/www.eldiario.net\\\/portal\\\/wp-content\\\/uploads\\\/2023\\\/07\\\/logo_ED.jpg\",\"contentUrl\":\"https:\\\/\\\/www.eldiario.net\\\/portal\\\/wp-content\\\/uploads\\\/2023\\\/07\\\/logo_ED.jpg\",\"width\":272,\"height\":52,\"caption\":\"El Diario - Decano de la prensa nacional\"},\"image\":{\"@id\":\"https:\\\/\\\/www.eldiario.net\\\/portal\\\/#\\\/schema\\\/logo\\\/image\\\/\"},\"sameAs\":[\"https:\\\/\\\/www.facebook.com\\\/eldiario.bolivia\\\/\",\"https:\\\/\\\/x.com\\\/eldiario_net\"]},{\"@type\":\"Person\",\"@id\":\"https:\\\/\\\/www.eldiario.net\\\/portal\\\/#\\\/schema\\\/person\\\/2c57cf2b7a7ae032e449e4c9b1019eac\",\"name\":\"Jeanette\",\"image\":{\"@type\":\"ImageObject\",\"inLanguage\":\"es\",\"@id\":\"https:\\\/\\\/secure.gravatar.com\\\/avatar\\\/3ea2118a5f7dad2b7138b1187a6b7ee55f160b9968b66013c3a3ef39dd7e5798?s=96&d=mm&r=g\",\"url\":\"https:\\\/\\\/secure.gravatar.com\\\/avatar\\\/3ea2118a5f7dad2b7138b1187a6b7ee55f160b9968b66013c3a3ef39dd7e5798?s=96&d=mm&r=g\",\"contentUrl\":\"https:\\\/\\\/secure.gravatar.com\\\/avatar\\\/3ea2118a5f7dad2b7138b1187a6b7ee55f160b9968b66013c3a3ef39dd7e5798?s=96&d=mm&r=g\",\"caption\":\"Jeanette\"},\"sameAs\":[\"https:\\\/\\\/www.eldiario.net\\\/portal\"],\"url\":\"https:\\\/\\\/www.eldiario.net\\\/portal\\\/author\\\/jeanette\\\/\"}]}<\/script>\n<!-- \/ Yoast SEO plugin. -->","yoast_head_json":{"title":"Aniceto Arce Ru\u00edz, constructor de Bolivia - El Diario - Bolivia","robots":{"index":"index","follow":"follow","max-snippet":"max-snippet:-1","max-image-preview":"max-image-preview:large","max-video-preview":"max-video-preview:-1"},"canonical":"https:\/\/www.eldiario.net\/portal\/2025\/07\/24\/aniceto-arce-ruiz-constructor-de-bolivia-3\/","og_locale":"es_ES","og_type":"article","og_title":"Aniceto Arce Ru\u00edz, constructor de Bolivia - El Diario - Bolivia","og_description":"III &nbsp; Con el objetivo de conseguir capital para incrementar la producci\u00f3n de minerales de plata, Aniceto Arce viaj\u00f3 a Chile. Busc\u00f3 en Valpara\u00edso y Santiago a los amigos que hizo en Cha\u00f1arcillo y les present\u00f3 la propuesta de formar una empresa para explotar la riqueza de la mina Pulacayo. Las negociaciones para la formaci\u00f3n [&hellip;]","og_url":"https:\/\/www.eldiario.net\/portal\/2025\/07\/24\/aniceto-arce-ruiz-constructor-de-bolivia-3\/","og_site_name":"El Diario - Bolivia","article_publisher":"https:\/\/www.facebook.com\/eldiario.bolivia\/","article_published_time":"2025-07-24T10:32:07+00:00","og_image":[{"width":800,"height":500,"url":"https:\/\/www.eldiario.net\/portal\/wp-content\/uploads\/2023\/12\/Opinion.jpg","type":"image\/jpeg"}],"author":"Jeanette","twitter_card":"summary_large_image","twitter_creator":"@eldiario_net","twitter_site":"@eldiario_net","twitter_misc":{"Escrito por":"Jeanette","Tiempo de lectura":"4 minutos"},"schema":{"@context":"https:\/\/schema.org","@graph":[{"@type":"Article","@id":"https:\/\/www.eldiario.net\/portal\/2025\/07\/24\/aniceto-arce-ruiz-constructor-de-bolivia-3\/#article","isPartOf":{"@id":"https:\/\/www.eldiario.net\/portal\/2025\/07\/24\/aniceto-arce-ruiz-constructor-de-bolivia-3\/"},"author":{"name":"Jeanette","@id":"https:\/\/www.eldiario.net\/portal\/#\/schema\/person\/2c57cf2b7a7ae032e449e4c9b1019eac"},"headline":"Aniceto Arce Ru\u00edz, constructor de Bolivia","datePublished":"2025-07-24T10:32:07+00:00","mainEntityOfPage":{"@id":"https:\/\/www.eldiario.net\/portal\/2025\/07\/24\/aniceto-arce-ruiz-constructor-de-bolivia-3\/"},"wordCount":878,"publisher":{"@id":"https:\/\/www.eldiario.net\/portal\/#organization"},"image":{"@id":"https:\/\/www.eldiario.net\/portal\/2025\/07\/24\/aniceto-arce-ruiz-constructor-de-bolivia-3\/#primaryimage"},"thumbnailUrl":"https:\/\/www.eldiario.net\/portal\/wp-content\/uploads\/2023\/12\/Opinion.jpg","articleSection":["Opini\u00f3n"],"inLanguage":"es"},{"@type":"WebPage","@id":"https:\/\/www.eldiario.net\/portal\/2025\/07\/24\/aniceto-arce-ruiz-constructor-de-bolivia-3\/","url":"https:\/\/www.eldiario.net\/portal\/2025\/07\/24\/aniceto-arce-ruiz-constructor-de-bolivia-3\/","name":"Aniceto Arce Ru\u00edz, constructor de Bolivia - El Diario - Bolivia","isPartOf":{"@id":"https:\/\/www.eldiario.net\/portal\/#website"},"primaryImageOfPage":{"@id":"https:\/\/www.eldiario.net\/portal\/2025\/07\/24\/aniceto-arce-ruiz-constructor-de-bolivia-3\/#primaryimage"},"image":{"@id":"https:\/\/www.eldiario.net\/portal\/2025\/07\/24\/aniceto-arce-ruiz-constructor-de-bolivia-3\/#primaryimage"},"thumbnailUrl":"https:\/\/www.eldiario.net\/portal\/wp-content\/uploads\/2023\/12\/Opinion.jpg","datePublished":"2025-07-24T10:32:07+00:00","breadcrumb":{"@id":"https:\/\/www.eldiario.net\/portal\/2025\/07\/24\/aniceto-arce-ruiz-constructor-de-bolivia-3\/#breadcrumb"},"inLanguage":"es","potentialAction":[{"@type":"ReadAction","target":["https:\/\/www.eldiario.net\/portal\/2025\/07\/24\/aniceto-arce-ruiz-constructor-de-bolivia-3\/"]}]},{"@type":"ImageObject","inLanguage":"es","@id":"https:\/\/www.eldiario.net\/portal\/2025\/07\/24\/aniceto-arce-ruiz-constructor-de-bolivia-3\/#primaryimage","url":"https:\/\/www.eldiario.net\/portal\/wp-content\/uploads\/2023\/12\/Opinion.jpg","contentUrl":"https:\/\/www.eldiario.net\/portal\/wp-content\/uploads\/2023\/12\/Opinion.jpg","width":800,"height":500},{"@type":"BreadcrumbList","@id":"https:\/\/www.eldiario.net\/portal\/2025\/07\/24\/aniceto-arce-ruiz-constructor-de-bolivia-3\/#breadcrumb","itemListElement":[{"@type":"ListItem","position":1,"name":"Portada","item":"https:\/\/www.eldiario.net\/portal\/"},{"@type":"ListItem","position":2,"name":"Aniceto Arce Ru\u00edz, constructor de Bolivia"}]},{"@type":"WebSite","@id":"https:\/\/www.eldiario.net\/portal\/#website","url":"https:\/\/www.eldiario.net\/portal\/","name":"El Diario - Decano de la prensa nacional","description":"El Diario - Decano de la prensa nacional","publisher":{"@id":"https:\/\/www.eldiario.net\/portal\/#organization"},"potentialAction":[{"@type":"SearchAction","target":{"@type":"EntryPoint","urlTemplate":"https:\/\/www.eldiario.net\/portal\/?s={search_term_string}"},"query-input":{"@type":"PropertyValueSpecification","valueRequired":true,"valueName":"search_term_string"}}],"inLanguage":"es"},{"@type":"Organization","@id":"https:\/\/www.eldiario.net\/portal\/#organization","name":"El Diario - Decano de la prensa nacional","url":"https:\/\/www.eldiario.net\/portal\/","logo":{"@type":"ImageObject","inLanguage":"es","@id":"https:\/\/www.eldiario.net\/portal\/#\/schema\/logo\/image\/","url":"https:\/\/www.eldiario.net\/portal\/wp-content\/uploads\/2023\/07\/logo_ED.jpg","contentUrl":"https:\/\/www.eldiario.net\/portal\/wp-content\/uploads\/2023\/07\/logo_ED.jpg","width":272,"height":52,"caption":"El Diario - Decano de la prensa nacional"},"image":{"@id":"https:\/\/www.eldiario.net\/portal\/#\/schema\/logo\/image\/"},"sameAs":["https:\/\/www.facebook.com\/eldiario.bolivia\/","https:\/\/x.com\/eldiario_net"]},{"@type":"Person","@id":"https:\/\/www.eldiario.net\/portal\/#\/schema\/person\/2c57cf2b7a7ae032e449e4c9b1019eac","name":"Jeanette","image":{"@type":"ImageObject","inLanguage":"es","@id":"https:\/\/secure.gravatar.com\/avatar\/3ea2118a5f7dad2b7138b1187a6b7ee55f160b9968b66013c3a3ef39dd7e5798?s=96&d=mm&r=g","url":"https:\/\/secure.gravatar.com\/avatar\/3ea2118a5f7dad2b7138b1187a6b7ee55f160b9968b66013c3a3ef39dd7e5798?s=96&d=mm&r=g","contentUrl":"https:\/\/secure.gravatar.com\/avatar\/3ea2118a5f7dad2b7138b1187a6b7ee55f160b9968b66013c3a3ef39dd7e5798?s=96&d=mm&r=g","caption":"Jeanette"},"sameAs":["https:\/\/www.eldiario.net\/portal"],"url":"https:\/\/www.eldiario.net\/portal\/author\/jeanette\/"}]}},"_links":{"self":[{"href":"https:\/\/www.eldiario.net\/portal\/wp-json\/wp\/v2\/posts\/318902","targetHints":{"allow":["GET"]}}],"collection":[{"href":"https:\/\/www.eldiario.net\/portal\/wp-json\/wp\/v2\/posts"}],"about":[{"href":"https:\/\/www.eldiario.net\/portal\/wp-json\/wp\/v2\/types\/post"}],"author":[{"embeddable":true,"href":"https:\/\/www.eldiario.net\/portal\/wp-json\/wp\/v2\/users\/1"}],"replies":[{"embeddable":true,"href":"https:\/\/www.eldiario.net\/portal\/wp-json\/wp\/v2\/comments?post=318902"}],"version-history":[{"count":1,"href":"https:\/\/www.eldiario.net\/portal\/wp-json\/wp\/v2\/posts\/318902\/revisions"}],"predecessor-version":[{"id":318903,"href":"https:\/\/www.eldiario.net\/portal\/wp-json\/wp\/v2\/posts\/318902\/revisions\/318903"}],"wp:featuredmedia":[{"embeddable":true,"href":"https:\/\/www.eldiario.net\/portal\/wp-json\/wp\/v2\/media\/194790"}],"wp:attachment":[{"href":"https:\/\/www.eldiario.net\/portal\/wp-json\/wp\/v2\/media?parent=318902"}],"wp:term":[{"taxonomy":"category","embeddable":true,"href":"https:\/\/www.eldiario.net\/portal\/wp-json\/wp\/v2\/categories?post=318902"},{"taxonomy":"post_tag","embeddable":true,"href":"https:\/\/www.eldiario.net\/portal\/wp-json\/wp\/v2\/tags?post=318902"}],"curies":[{"name":"wp","href":"https:\/\/api.w.org\/{rel}","templated":true}]}}