{"id":318842,"date":"2025-07-23T07:09:06","date_gmt":"2025-07-23T11:09:06","guid":{"rendered":"https:\/\/www.eldiario.net\/portal\/?p=318842"},"modified":"2025-07-23T07:09:06","modified_gmt":"2025-07-23T11:09:06","slug":"la-compania-ballet-clasico-trae-a-escena-dos-magistrales-obras","status":"publish","type":"post","link":"https:\/\/www.eldiario.net\/portal\/2025\/07\/23\/la-compania-ballet-clasico-trae-a-escena-dos-magistrales-obras\/","title":{"rendered":"La Compa\u00f1\u00eda: Ballet Cl\u00e1sico trae a escena dos magistrales obras"},"content":{"rendered":"<p><em>La Compa\u00f1\u00eda: Ballet Cl\u00e1sico<\/em>, que dirige Carolina Mercado, vuelve a escena, esta vez con un atractivo programa art\u00edstico que apuesta por combinar el legado del repertorio cl\u00e1sico con la vanguardia e innovaci\u00f3n neocl\u00e1sica actual.<\/p>\n<p>Las funciones incluir\u00e1n la reposici\u00f3n de \u00abGrand Pas de Paquita\u00bb, a cargo de la directora general de la entidad, y el estreno de \u00abTemporal\u00bb, obra original exclusiva para el elenco de La Compa\u00f1\u00eda, de la core\u00f3grafa Noreen Guzm\u00e1n de Rojas.<\/p>\n<p>La temporada del colectivo independiente que re\u00fane a profesionales de la danza se desarrollar\u00e1 en el Teatro Do\u00f1a Albina el 24, 25 y 26 de julio, a horas 19:30 (Venta de entradas en la plataforma de TODOTIX). Y luego, en el Teatro Nuna, el\u00a0 2 y 3 de agosto, tambi\u00e9n a las 19:30 horas. (Venta de entradas en la plataforma del Teatro Nuna).<\/p>\n<p><strong>SOBRE LAS OBRAS<\/strong><\/p>\n<ol>\n<li>\u201cGrand pas de Paquita\u201d (reposici\u00f3n: Carolina Mercado)<\/li>\n<\/ol>\n<p>En 1881, Marius Petipa, siendo director del Ballet del Teatro Mariinsky, encarg\u00f3 a Ludwig Minkus la m\u00fasica para una nueva pieza coreogr\u00e1fica para el final del ballet Paquita. Es as\u00ed que se estrena el \u201cDivertissement\u201d brillante del 3er acto\u2026 el Grand Pas de Paquita, donde la pureza t\u00e9cnica y el virtuosismo brillan en escena.<\/p>\n<ol start=\"2\">\n<li>\u201cTemporal\u201d (Coreograf\u00eda: Noreen Guzm\u00e1n de Rojas)<\/li>\n<\/ol>\n<p>El ballet cl\u00e1sico es un lenguaje universal. Su alfabeto es comparable a una lengua madre de donde derivan muchas formas de la danza. La core\u00f3grafa se cuestiona d\u00f3nde estamos hoy con este lenguaje de l\u00edneas puras, en un mundo conflictivo que experimenta transformaciones tecnol\u00f3gicas y espirituales.<\/p>\n<p>\u00bfC\u00f3mo podemos escribir un texto corporal y crear poes\u00eda con danza ef\u00edmera como el ballet y real como el mundo? La danza no tiene tiempo, siempre est\u00e1, como el amor, como el alma y el esp\u00edritu.<\/p>\n<p>\u201cTemporal\u201d busca contextualizar el lenguaje del ballet cl\u00e1sico en un transcurrir actual. El tiempo en diferentes planos y significados es la fuente de inspiraci\u00f3n. Con una narrativa sugestiva, en realidades paralelas que invitan a sumergirse en estados variables.<\/p>\n<p>En esta obra, a diferencia de un ballet cl\u00e1sico tradicional, no se presenta personajes principales. Su b\u00fasqueda es generar una simbiosis entre energ\u00edas para construir im\u00e1genes con diferentes significados, partiendo de un tiempo lineal para llegar a un tiempo circular. Con m\u00fasica de Philip Glass y dise\u00f1o de luces de Juan Carlos Ar\u00e9valo.<\/p>\n<p>Contacto:<\/p>\n<ul>\n<li>WhatsApp: 70571739 \/ 65668801<\/li>\n<li>Mail: la.compania@gmail.com<\/li>\n<li>Facebook: La Compa\u00f1\u00eda: Ballet cl\u00e1sico<\/li>\n<li>Instagram: la.compania.bo<\/li>\n<li>Tik tok: la.compania.bo<\/li>\n<\/ul>\n<p><strong>LA COMPA\u00d1\u00cdA: BALLET CL\u00c1SICO<\/strong><\/p>\n<p>La Compa\u00f1\u00eda es un colectivo independiente de ballet cl\u00e1sico que re\u00fane a profesionales de la danza para la realizaci\u00f3n y puesta en escena de espect\u00e1culos de alto nivel t\u00e9cnico y art\u00edstico. A la fecha se encuentra bajo la direcci\u00f3n general de Carolina Mercado, profesional de amplia experiencia en el campo de la danza en el pa\u00eds.<\/p>\n<p>La entidad fue creada en 2014 bajo la direcci\u00f3n de Norma Quintana como una iniciativa privada, estableciendo como misi\u00f3n institucional el desarrollo de la danza profesional y buscando ser un referente art\u00edstico en Bolivia.<\/p>\n<p>Su primer montaje fue realizado en 2014 con <em>Giselle<\/em>, ballet en dos actos de Jules Perrot y Jean Corali, con m\u00fasica de Adolphe Adams y con la participaci\u00f3n del maestro Carlos Rosso en la direcci\u00f3n de la orquesta.<\/p>\n<p>En 2015, en el marco de Festival L\u00ednea Cl\u00e1sica, organizado por la Secretar\u00eda Municipal de Culturas, se present\u00f3 la obra Concierto sobre la m\u00fasica de Astor Piazzola y coreograf\u00eda de Norma Quintana.<\/p>\n<p>En 2016 present\u00f3 <em>Don Quixote<\/em>, ballet completo en tres actos de Marius Petipa y m\u00fasica de Ludvig Minkus con gira nacional en La Paz, Cochabamba y Santa Cruz.<\/p>\n<p>En 2022 present\u00f3 <em>Concierto de Danzas<\/em>, programa de reposici\u00f3n de obras de repertorio universal: Grand Pas de Quatre, Pas de deux de Giselle, Pas de trois 1er acto del Lago de los Cisnes, Interplay y Carnaval. De manera paralela present\u00f3 <em>1, 2, 3 El ballet al rev\u00e9s<\/em>, funci\u00f3n l\u00fadica para ni\u00f1os y j\u00f3venes, dentro del programa de formaci\u00f3n de p\u00fablico en el Teatro Do\u00f1a Albina de la Fundaci\u00f3n I. Sim\u00f3n y Pati\u00f1o.<\/p>\n<p>En noviembre de 2022 present\u00f3 <em>Con B de Ballet<\/em>, un acercamiento al trabajo cotidiano del bailar\u00edn, desarrollo de una clase profesional y una suite de <em>El Corsario<\/em>.<\/p>\n<p>En julio de 2023 present\u00f3 un espect\u00e1culo al que se invit\u00f3 a maestros \u2013 core\u00f3grafos para que trabajar\u00e1n con el elenco de La Compa\u00f1\u00eda con obras de nueva creaci\u00f3n y reposici\u00f3n. Hablamos de <em>Concierto<\/em> de Norma Quintana, <em>Tarde en la Siesta<\/em> (reposici\u00f3n del core\u00f3grafo cubano Alberto M\u00e9ndez), a cargo de Magaly Rodr\u00edguez, y <em>\u00c1ngeles de Arena<\/em> de Francisco Centeno.<\/p>\n<p>En noviembre de 2023, dentro de su programa de formaci\u00f3n de p\u00fablico, present\u00f3 una Suite de <em>El Cascanueces<\/em>, llegando a ni\u00f1os y j\u00f3venes de colegios y escuelas de danza de la ciudad de La Paz.<\/p>\n<p>En noviembre de 2023, La Compa\u00f1\u00eda fue invitada al Festival Internacional de Danza Zaquezacipa en Funza, Colombia.<\/p>\n<p>En mayo de 2024, La Compa\u00f1\u00eda particip\u00f3 en el Festival Prodanza en la ciudad de Cochabamba con <em>\u00c1ngeles de Arena<\/em> (Francisco Centeno), <em>Carnaval<\/em> (Norma Quintana), <em>D\u00fao de tango<\/em>, <em>extracto de Entre tangos y milongas<\/em> (Norma Quintana) y\u00a0 <em>El mercader y la esclava<\/em> (reposici\u00f3n pas de deux de repertorio universal)<\/p>\n<p>En octubre de 2024 present\u00f3 el 2do Acto del <em>Lago de los Cisnes<\/em> (Reposici\u00f3n) y <em>P\u00e1jaro de Fuego<\/em>, coreograf\u00eda de Norma Quintana, en el Teatro Municipal \u201cAlberto Saavedra P\u00e9rez\u201d.<\/p>\n\r\n                <style type=\"text\/css\">\r\n                    \r\n                    #tdi_1  .td-doubleSlider-2 .td-item1 {\r\n                        background: url(https:\/\/www.eldiario.net\/portal\/wp-content\/uploads\/2025\/07\/1-PRINCIPAL-11-80x60.webp) 0 0 no-repeat;\r\n                    }\r\n                    #tdi_1  .td-doubleSlider-2 .td-item2 {\r\n                        background: url(https:\/\/www.eldiario.net\/portal\/wp-content\/uploads\/2025\/07\/2-1-1-80x60.webp) 0 0 no-repeat;\r\n                    }\r\n                    #tdi_1  .td-doubleSlider-2 .td-item3 {\r\n                        background: url(https:\/\/www.eldiario.net\/portal\/wp-content\/uploads\/2025\/07\/3-1-1-80x60.webp) 0 0 no-repeat;\r\n                    }\r\n                    #tdi_1  .td-doubleSlider-2 .td-item4 {\r\n                        background: url(https:\/\/www.eldiario.net\/portal\/wp-content\/uploads\/2025\/07\/4-1-1-80x60.webp) 0 0 no-repeat;\r\n                    }\r\n                    #tdi_1  .td-doubleSlider-2 .td-item5 {\r\n                        background: url(https:\/\/www.eldiario.net\/portal\/wp-content\/uploads\/2025\/07\/5-1-1-80x60.webp) 0 0 no-repeat;\r\n                    }\r\n                <\/style>\r\n\r\n                <div id=\"tdi_1\" class=\"td-gallery td-slide-on-2-columns\">\r\n                    <div class=\"post_td_gallery\">\r\n                        <div class=\"td-gallery-slide-top\">\r\n                           <div class=\"td-gallery-title\"><\/div>\r\n\r\n                            <div class=\"td-gallery-controls-wrapper\">\r\n                                <div class=\"td-gallery-slide-count\"><span class=\"td-gallery-slide-item-focus\">1<\/span> de 5<\/div>\r\n                                <div class=\"td-gallery-slide-prev-next-but\">\r\n                                    <i class = \"td-icon-left doubleSliderPrevButton\"><\/i>\r\n                                    <i class = \"td-icon-right doubleSliderNextButton\"><\/i>\r\n                                <\/div>\r\n                            <\/div>\r\n                        <\/div>\r\n\r\n                        <div class = \"td-doubleSlider-1 \">\r\n                            <div class = \"td-slider\">\r\n                                \r\n                    <div class = \"td-slide-item td-item1\">\r\n                        <figure class=\"td-slide-galery-figure td-slide-popup-gallery\">\r\n                            <a class=\"slide-gallery-image-link\" href=\"https:\/\/www.eldiario.net\/portal\/wp-content\/uploads\/2025\/07\/1-PRINCIPAL-11.webp\" title=\"1-PRINCIPAL\"  data-caption=\"\"  data-description=\"\">\r\n                                <img decoding=\"async\" src=\"https:\/\/www.eldiario.net\/portal\/wp-content\/uploads\/2025\/07\/1-PRINCIPAL-11-630x420.webp\" srcset=\"https:\/\/www.eldiario.net\/portal\/wp-content\/uploads\/2025\/07\/1-PRINCIPAL-11-630x420.webp 630w, https:\/\/www.eldiario.net\/portal\/wp-content\/uploads\/2025\/07\/1-PRINCIPAL-11-300x200.webp 300w, https:\/\/www.eldiario.net\/portal\/wp-content\/uploads\/2025\/07\/1-PRINCIPAL-11-1024x682.webp 1024w, https:\/\/www.eldiario.net\/portal\/wp-content\/uploads\/2025\/07\/1-PRINCIPAL-11-768x512.webp 768w, https:\/\/www.eldiario.net\/portal\/wp-content\/uploads\/2025\/07\/1-PRINCIPAL-11-150x100.webp 150w, https:\/\/www.eldiario.net\/portal\/wp-content\/uploads\/2025\/07\/1-PRINCIPAL-11-696x464.webp 696w, https:\/\/www.eldiario.net\/portal\/wp-content\/uploads\/2025\/07\/1-PRINCIPAL-11-1068x712.webp 1068w, https:\/\/www.eldiario.net\/portal\/wp-content\/uploads\/2025\/07\/1-PRINCIPAL-11.webp 1418w\" sizes=\"(max-width: 630px) 100vw, 630px\" alt=\"\">\r\n                            <\/a>\r\n                            \r\n                        <\/figure>\r\n                    <\/div>\r\n                    <div class = \"td-slide-item td-item2\">\r\n                        <figure class=\"td-slide-galery-figure td-slide-popup-gallery\">\r\n                            <a class=\"slide-gallery-image-link\" href=\"https:\/\/www.eldiario.net\/portal\/wp-content\/uploads\/2025\/07\/2-1-1.webp\" title=\"2-\"  data-caption=\"\"  data-description=\"\">\r\n                                <img decoding=\"async\" src=\"https:\/\/www.eldiario.net\/portal\/wp-content\/uploads\/2025\/07\/2-1-1-630x420.webp\" srcset=\"https:\/\/www.eldiario.net\/portal\/wp-content\/uploads\/2025\/07\/2-1-1-630x420.webp 630w, https:\/\/www.eldiario.net\/portal\/wp-content\/uploads\/2025\/07\/2-1-1-300x200.webp 300w, https:\/\/www.eldiario.net\/portal\/wp-content\/uploads\/2025\/07\/2-1-1-1024x682.webp 1024w, https:\/\/www.eldiario.net\/portal\/wp-content\/uploads\/2025\/07\/2-1-1-768x512.webp 768w, https:\/\/www.eldiario.net\/portal\/wp-content\/uploads\/2025\/07\/2-1-1-150x100.webp 150w, https:\/\/www.eldiario.net\/portal\/wp-content\/uploads\/2025\/07\/2-1-1-696x464.webp 696w, https:\/\/www.eldiario.net\/portal\/wp-content\/uploads\/2025\/07\/2-1-1-1068x712.webp 1068w, https:\/\/www.eldiario.net\/portal\/wp-content\/uploads\/2025\/07\/2-1-1.webp 1418w\" sizes=\"(max-width: 630px) 100vw, 630px\" alt=\"\">\r\n                            <\/a>\r\n                            \r\n                        <\/figure>\r\n                    <\/div>\r\n                    <div class = \"td-slide-item td-item3\">\r\n                        <figure class=\"td-slide-galery-figure td-slide-popup-gallery\">\r\n                            <a class=\"slide-gallery-image-link\" href=\"https:\/\/www.eldiario.net\/portal\/wp-content\/uploads\/2025\/07\/3-1-1.webp\" title=\"3-\"  data-caption=\"\"  data-description=\"\">\r\n                                <img decoding=\"async\" src=\"https:\/\/www.eldiario.net\/portal\/wp-content\/uploads\/2025\/07\/3-1-1-630x420.webp\" srcset=\"https:\/\/www.eldiario.net\/portal\/wp-content\/uploads\/2025\/07\/3-1-1-630x420.webp 630w, https:\/\/www.eldiario.net\/portal\/wp-content\/uploads\/2025\/07\/3-1-1-300x200.webp 300w, https:\/\/www.eldiario.net\/portal\/wp-content\/uploads\/2025\/07\/3-1-1-1024x682.webp 1024w, https:\/\/www.eldiario.net\/portal\/wp-content\/uploads\/2025\/07\/3-1-1-768x512.webp 768w, https:\/\/www.eldiario.net\/portal\/wp-content\/uploads\/2025\/07\/3-1-1-150x100.webp 150w, https:\/\/www.eldiario.net\/portal\/wp-content\/uploads\/2025\/07\/3-1-1-696x464.webp 696w, https:\/\/www.eldiario.net\/portal\/wp-content\/uploads\/2025\/07\/3-1-1-1068x712.webp 1068w, https:\/\/www.eldiario.net\/portal\/wp-content\/uploads\/2025\/07\/3-1-1.webp 1418w\" sizes=\"(max-width: 630px) 100vw, 630px\" alt=\"\">\r\n                            <\/a>\r\n                            \r\n                        <\/figure>\r\n                    <\/div>\r\n                    <div class = \"td-slide-item td-item4\">\r\n                        <figure class=\"td-slide-galery-figure td-slide-popup-gallery\">\r\n                            <a class=\"slide-gallery-image-link\" href=\"https:\/\/www.eldiario.net\/portal\/wp-content\/uploads\/2025\/07\/4-1-1.webp\" title=\"4-\"  data-caption=\"\"  data-description=\"\">\r\n                                <img decoding=\"async\" src=\"https:\/\/www.eldiario.net\/portal\/wp-content\/uploads\/2025\/07\/4-1-1-630x420.webp\" srcset=\"https:\/\/www.eldiario.net\/portal\/wp-content\/uploads\/2025\/07\/4-1-1-630x420.webp 630w, https:\/\/www.eldiario.net\/portal\/wp-content\/uploads\/2025\/07\/4-1-1-300x200.webp 300w, https:\/\/www.eldiario.net\/portal\/wp-content\/uploads\/2025\/07\/4-1-1-1024x682.webp 1024w, https:\/\/www.eldiario.net\/portal\/wp-content\/uploads\/2025\/07\/4-1-1-768x512.webp 768w, https:\/\/www.eldiario.net\/portal\/wp-content\/uploads\/2025\/07\/4-1-1-150x100.webp 150w, https:\/\/www.eldiario.net\/portal\/wp-content\/uploads\/2025\/07\/4-1-1-696x464.webp 696w, https:\/\/www.eldiario.net\/portal\/wp-content\/uploads\/2025\/07\/4-1-1-1068x712.webp 1068w, https:\/\/www.eldiario.net\/portal\/wp-content\/uploads\/2025\/07\/4-1-1.webp 1418w\" sizes=\"(max-width: 630px) 100vw, 630px\" alt=\"\">\r\n                            <\/a>\r\n                            \r\n                        <\/figure>\r\n                    <\/div>\r\n                    <div class = \"td-slide-item td-item5\">\r\n                        <figure class=\"td-slide-galery-figure td-slide-popup-gallery\">\r\n                            <a class=\"slide-gallery-image-link\" href=\"https:\/\/www.eldiario.net\/portal\/wp-content\/uploads\/2025\/07\/5-1-1.webp\" title=\"5-\"  data-caption=\"\"  data-description=\"\">\r\n                                <img decoding=\"async\" src=\"https:\/\/www.eldiario.net\/portal\/wp-content\/uploads\/2025\/07\/5-1-1-630x420.webp\" srcset=\"https:\/\/www.eldiario.net\/portal\/wp-content\/uploads\/2025\/07\/5-1-1-630x420.webp 630w, https:\/\/www.eldiario.net\/portal\/wp-content\/uploads\/2025\/07\/5-1-1-300x200.webp 300w, https:\/\/www.eldiario.net\/portal\/wp-content\/uploads\/2025\/07\/5-1-1-1024x682.webp 1024w, https:\/\/www.eldiario.net\/portal\/wp-content\/uploads\/2025\/07\/5-1-1-768x512.webp 768w, https:\/\/www.eldiario.net\/portal\/wp-content\/uploads\/2025\/07\/5-1-1-150x100.webp 150w, https:\/\/www.eldiario.net\/portal\/wp-content\/uploads\/2025\/07\/5-1-1-696x464.webp 696w, https:\/\/www.eldiario.net\/portal\/wp-content\/uploads\/2025\/07\/5-1-1-1068x712.webp 1068w, https:\/\/www.eldiario.net\/portal\/wp-content\/uploads\/2025\/07\/5-1-1.webp 1418w\" sizes=\"(max-width: 630px) 100vw, 630px\" alt=\"\">\r\n                            <\/a>\r\n                            \r\n                        <\/figure>\r\n                    <\/div>\r\n                            <\/div>\r\n                        <\/div>\r\n\r\n                        <div class = \"td-doubleSlider-2\">\r\n                            <div class = \"td-slider\">\r\n                                \r\n                    <div class = \"td-button td-item1\">\r\n                        <div class = \"td-border\"><\/div>\r\n                    <\/div>\r\n                    <div class = \"td-button td-item2\">\r\n                        <div class = \"td-border\"><\/div>\r\n                    <\/div>\r\n                    <div class = \"td-button td-item3\">\r\n                        <div class = \"td-border\"><\/div>\r\n                    <\/div>\r\n                    <div class = \"td-button td-item4\">\r\n                        <div class = \"td-border\"><\/div>\r\n                    <\/div>\r\n                    <div class = \"td-button td-item5\">\r\n                        <div class = \"td-border\"><\/div>\r\n                    <\/div>\r\n                            <\/div>\r\n                        <\/div>\r\n\r\n                    <\/div>\r\n\r\n                <\/div>\r\n                \n","protected":false},"excerpt":{"rendered":"<p>La Compa\u00f1\u00eda: Ballet Cl\u00e1sico, que dirige Carolina Mercado, vuelve a escena, esta vez con un atractivo programa art\u00edstico que apuesta por combinar el legado del repertorio cl\u00e1sico con la vanguardia e innovaci\u00f3n neocl\u00e1sica actual. Las funciones incluir\u00e1n la reposici\u00f3n de \u00abGrand Pas de Paquita\u00bb, a cargo de la directora general de la entidad, y el [&hellip;]<\/p>\n","protected":false},"author":1,"featured_media":318843,"comment_status":"closed","ping_status":"open","sticky":false,"template":"","format":"standard","meta":{"_acf_changed":false,"footnotes":""},"categories":[41],"tags":[],"class_list":["post-318842","post","type-post","status-publish","format-standard","has-post-thumbnail","category-la-guia"],"acf":{"antetitulo":""},"yoast_head":"<!-- This site is optimized with the Yoast SEO plugin v28.4 - https:\/\/yoast.com\/product\/yoast-seo-wordpress\/ -->\n<title>La Compa\u00f1\u00eda: Ballet Cl\u00e1sico trae a escena dos magistrales obras - El Diario - Bolivia<\/title>\n<meta name=\"robots\" content=\"index, follow, max-snippet:-1, max-image-preview:large, max-video-preview:-1\" \/>\n<link rel=\"canonical\" href=\"https:\/\/www.eldiario.net\/portal\/2025\/07\/23\/la-compania-ballet-clasico-trae-a-escena-dos-magistrales-obras\/\" \/>\n<meta property=\"og:locale\" content=\"es_ES\" \/>\n<meta property=\"og:type\" content=\"article\" \/>\n<meta property=\"og:title\" content=\"La Compa\u00f1\u00eda: Ballet Cl\u00e1sico trae a escena dos magistrales obras - El Diario - Bolivia\" \/>\n<meta property=\"og:description\" content=\"La Compa\u00f1\u00eda: Ballet Cl\u00e1sico, que dirige Carolina Mercado, vuelve a escena, esta vez con un atractivo programa art\u00edstico que apuesta por combinar el legado del repertorio cl\u00e1sico con la vanguardia e innovaci\u00f3n neocl\u00e1sica actual. Las funciones incluir\u00e1n la reposici\u00f3n de \u00abGrand Pas de Paquita\u00bb, a cargo de la directora general de la entidad, y el [&hellip;]\" \/>\n<meta property=\"og:url\" content=\"https:\/\/www.eldiario.net\/portal\/2025\/07\/23\/la-compania-ballet-clasico-trae-a-escena-dos-magistrales-obras\/\" \/>\n<meta property=\"og:site_name\" content=\"El Diario - Bolivia\" \/>\n<meta property=\"article:publisher\" content=\"https:\/\/www.facebook.com\/eldiario.bolivia\/\" \/>\n<meta property=\"article:published_time\" content=\"2025-07-23T11:09:06+00:00\" \/>\n<meta property=\"og:image\" content=\"https:\/\/www.eldiario.net\/portal\/wp-content\/uploads\/2025\/07\/1-PRINCIPAL-11.webp\" \/>\n\t<meta property=\"og:image:width\" content=\"1418\" \/>\n\t<meta property=\"og:image:height\" content=\"945\" \/>\n\t<meta property=\"og:image:type\" content=\"image\/webp\" \/>\n<meta name=\"author\" content=\"Jeanette\" \/>\n<meta name=\"twitter:card\" content=\"summary_large_image\" \/>\n<meta name=\"twitter:creator\" content=\"@eldiario_net\" \/>\n<meta name=\"twitter:site\" content=\"@eldiario_net\" \/>\n<meta name=\"twitter:label1\" content=\"Escrito por\" \/>\n\t<meta name=\"twitter:data1\" content=\"Jeanette\" \/>\n\t<meta name=\"twitter:label2\" content=\"Tiempo de lectura\" \/>\n\t<meta name=\"twitter:data2\" content=\"5 minutos\" \/>\n<script type=\"application\/ld+json\" class=\"yoast-schema-graph\">{\"@context\":\"https:\\\/\\\/schema.org\",\"@graph\":[{\"@type\":\"Article\",\"@id\":\"https:\\\/\\\/www.eldiario.net\\\/portal\\\/2025\\\/07\\\/23\\\/la-compania-ballet-clasico-trae-a-escena-dos-magistrales-obras\\\/#article\",\"isPartOf\":{\"@id\":\"https:\\\/\\\/www.eldiario.net\\\/portal\\\/2025\\\/07\\\/23\\\/la-compania-ballet-clasico-trae-a-escena-dos-magistrales-obras\\\/\"},\"author\":{\"name\":\"Jeanette\",\"@id\":\"https:\\\/\\\/www.eldiario.net\\\/portal\\\/#\\\/schema\\\/person\\\/2c57cf2b7a7ae032e449e4c9b1019eac\"},\"headline\":\"La Compa\u00f1\u00eda: Ballet Cl\u00e1sico trae a escena dos magistrales obras\",\"datePublished\":\"2025-07-23T11:09:06+00:00\",\"mainEntityOfPage\":{\"@id\":\"https:\\\/\\\/www.eldiario.net\\\/portal\\\/2025\\\/07\\\/23\\\/la-compania-ballet-clasico-trae-a-escena-dos-magistrales-obras\\\/\"},\"wordCount\":977,\"publisher\":{\"@id\":\"https:\\\/\\\/www.eldiario.net\\\/portal\\\/#organization\"},\"image\":{\"@id\":\"https:\\\/\\\/www.eldiario.net\\\/portal\\\/2025\\\/07\\\/23\\\/la-compania-ballet-clasico-trae-a-escena-dos-magistrales-obras\\\/#primaryimage\"},\"thumbnailUrl\":\"https:\\\/\\\/www.eldiario.net\\\/portal\\\/wp-content\\\/uploads\\\/2025\\\/07\\\/1-PRINCIPAL-11.webp\",\"articleSection\":[\"La Gu\u00eda\"],\"inLanguage\":\"es\"},{\"@type\":\"WebPage\",\"@id\":\"https:\\\/\\\/www.eldiario.net\\\/portal\\\/2025\\\/07\\\/23\\\/la-compania-ballet-clasico-trae-a-escena-dos-magistrales-obras\\\/\",\"url\":\"https:\\\/\\\/www.eldiario.net\\\/portal\\\/2025\\\/07\\\/23\\\/la-compania-ballet-clasico-trae-a-escena-dos-magistrales-obras\\\/\",\"name\":\"La Compa\u00f1\u00eda: Ballet Cl\u00e1sico trae a escena dos magistrales obras - El Diario - Bolivia\",\"isPartOf\":{\"@id\":\"https:\\\/\\\/www.eldiario.net\\\/portal\\\/#website\"},\"primaryImageOfPage\":{\"@id\":\"https:\\\/\\\/www.eldiario.net\\\/portal\\\/2025\\\/07\\\/23\\\/la-compania-ballet-clasico-trae-a-escena-dos-magistrales-obras\\\/#primaryimage\"},\"image\":{\"@id\":\"https:\\\/\\\/www.eldiario.net\\\/portal\\\/2025\\\/07\\\/23\\\/la-compania-ballet-clasico-trae-a-escena-dos-magistrales-obras\\\/#primaryimage\"},\"thumbnailUrl\":\"https:\\\/\\\/www.eldiario.net\\\/portal\\\/wp-content\\\/uploads\\\/2025\\\/07\\\/1-PRINCIPAL-11.webp\",\"datePublished\":\"2025-07-23T11:09:06+00:00\",\"breadcrumb\":{\"@id\":\"https:\\\/\\\/www.eldiario.net\\\/portal\\\/2025\\\/07\\\/23\\\/la-compania-ballet-clasico-trae-a-escena-dos-magistrales-obras\\\/#breadcrumb\"},\"inLanguage\":\"es\",\"potentialAction\":[{\"@type\":\"ReadAction\",\"target\":[\"https:\\\/\\\/www.eldiario.net\\\/portal\\\/2025\\\/07\\\/23\\\/la-compania-ballet-clasico-trae-a-escena-dos-magistrales-obras\\\/\"]}]},{\"@type\":\"ImageObject\",\"inLanguage\":\"es\",\"@id\":\"https:\\\/\\\/www.eldiario.net\\\/portal\\\/2025\\\/07\\\/23\\\/la-compania-ballet-clasico-trae-a-escena-dos-magistrales-obras\\\/#primaryimage\",\"url\":\"https:\\\/\\\/www.eldiario.net\\\/portal\\\/wp-content\\\/uploads\\\/2025\\\/07\\\/1-PRINCIPAL-11.webp\",\"contentUrl\":\"https:\\\/\\\/www.eldiario.net\\\/portal\\\/wp-content\\\/uploads\\\/2025\\\/07\\\/1-PRINCIPAL-11.webp\",\"width\":1418,\"height\":945},{\"@type\":\"BreadcrumbList\",\"@id\":\"https:\\\/\\\/www.eldiario.net\\\/portal\\\/2025\\\/07\\\/23\\\/la-compania-ballet-clasico-trae-a-escena-dos-magistrales-obras\\\/#breadcrumb\",\"itemListElement\":[{\"@type\":\"ListItem\",\"position\":1,\"name\":\"Portada\",\"item\":\"https:\\\/\\\/www.eldiario.net\\\/portal\\\/\"},{\"@type\":\"ListItem\",\"position\":2,\"name\":\"La Compa\u00f1\u00eda: Ballet Cl\u00e1sico trae a escena dos magistrales obras\"}]},{\"@type\":\"WebSite\",\"@id\":\"https:\\\/\\\/www.eldiario.net\\\/portal\\\/#website\",\"url\":\"https:\\\/\\\/www.eldiario.net\\\/portal\\\/\",\"name\":\"El Diario - Decano de la prensa nacional\",\"description\":\"El Diario - Decano de la prensa nacional\",\"publisher\":{\"@id\":\"https:\\\/\\\/www.eldiario.net\\\/portal\\\/#organization\"},\"potentialAction\":[{\"@type\":\"SearchAction\",\"target\":{\"@type\":\"EntryPoint\",\"urlTemplate\":\"https:\\\/\\\/www.eldiario.net\\\/portal\\\/?s={search_term_string}\"},\"query-input\":{\"@type\":\"PropertyValueSpecification\",\"valueRequired\":true,\"valueName\":\"search_term_string\"}}],\"inLanguage\":\"es\"},{\"@type\":\"Organization\",\"@id\":\"https:\\\/\\\/www.eldiario.net\\\/portal\\\/#organization\",\"name\":\"El Diario - Decano de la prensa nacional\",\"url\":\"https:\\\/\\\/www.eldiario.net\\\/portal\\\/\",\"logo\":{\"@type\":\"ImageObject\",\"inLanguage\":\"es\",\"@id\":\"https:\\\/\\\/www.eldiario.net\\\/portal\\\/#\\\/schema\\\/logo\\\/image\\\/\",\"url\":\"https:\\\/\\\/www.eldiario.net\\\/portal\\\/wp-content\\\/uploads\\\/2023\\\/07\\\/logo_ED.jpg\",\"contentUrl\":\"https:\\\/\\\/www.eldiario.net\\\/portal\\\/wp-content\\\/uploads\\\/2023\\\/07\\\/logo_ED.jpg\",\"width\":272,\"height\":52,\"caption\":\"El Diario - Decano de la prensa nacional\"},\"image\":{\"@id\":\"https:\\\/\\\/www.eldiario.net\\\/portal\\\/#\\\/schema\\\/logo\\\/image\\\/\"},\"sameAs\":[\"https:\\\/\\\/www.facebook.com\\\/eldiario.bolivia\\\/\",\"https:\\\/\\\/x.com\\\/eldiario_net\"]},{\"@type\":\"Person\",\"@id\":\"https:\\\/\\\/www.eldiario.net\\\/portal\\\/#\\\/schema\\\/person\\\/2c57cf2b7a7ae032e449e4c9b1019eac\",\"name\":\"Jeanette\",\"image\":{\"@type\":\"ImageObject\",\"inLanguage\":\"es\",\"@id\":\"https:\\\/\\\/secure.gravatar.com\\\/avatar\\\/3ea2118a5f7dad2b7138b1187a6b7ee55f160b9968b66013c3a3ef39dd7e5798?s=96&d=mm&r=g\",\"url\":\"https:\\\/\\\/secure.gravatar.com\\\/avatar\\\/3ea2118a5f7dad2b7138b1187a6b7ee55f160b9968b66013c3a3ef39dd7e5798?s=96&d=mm&r=g\",\"contentUrl\":\"https:\\\/\\\/secure.gravatar.com\\\/avatar\\\/3ea2118a5f7dad2b7138b1187a6b7ee55f160b9968b66013c3a3ef39dd7e5798?s=96&d=mm&r=g\",\"caption\":\"Jeanette\"},\"sameAs\":[\"https:\\\/\\\/www.eldiario.net\\\/portal\"],\"url\":\"https:\\\/\\\/www.eldiario.net\\\/portal\\\/author\\\/jeanette\\\/\"}]}<\/script>\n<!-- \/ Yoast SEO plugin. -->","yoast_head_json":{"title":"La Compa\u00f1\u00eda: Ballet Cl\u00e1sico trae a escena dos magistrales obras - El Diario - Bolivia","robots":{"index":"index","follow":"follow","max-snippet":"max-snippet:-1","max-image-preview":"max-image-preview:large","max-video-preview":"max-video-preview:-1"},"canonical":"https:\/\/www.eldiario.net\/portal\/2025\/07\/23\/la-compania-ballet-clasico-trae-a-escena-dos-magistrales-obras\/","og_locale":"es_ES","og_type":"article","og_title":"La Compa\u00f1\u00eda: Ballet Cl\u00e1sico trae a escena dos magistrales obras - El Diario - Bolivia","og_description":"La Compa\u00f1\u00eda: Ballet Cl\u00e1sico, que dirige Carolina Mercado, vuelve a escena, esta vez con un atractivo programa art\u00edstico que apuesta por combinar el legado del repertorio cl\u00e1sico con la vanguardia e innovaci\u00f3n neocl\u00e1sica actual. Las funciones incluir\u00e1n la reposici\u00f3n de \u00abGrand Pas de Paquita\u00bb, a cargo de la directora general de la entidad, y el [&hellip;]","og_url":"https:\/\/www.eldiario.net\/portal\/2025\/07\/23\/la-compania-ballet-clasico-trae-a-escena-dos-magistrales-obras\/","og_site_name":"El Diario - Bolivia","article_publisher":"https:\/\/www.facebook.com\/eldiario.bolivia\/","article_published_time":"2025-07-23T11:09:06+00:00","og_image":[{"width":1418,"height":945,"url":"https:\/\/www.eldiario.net\/portal\/wp-content\/uploads\/2025\/07\/1-PRINCIPAL-11.webp","type":"image\/webp"}],"author":"Jeanette","twitter_card":"summary_large_image","twitter_creator":"@eldiario_net","twitter_site":"@eldiario_net","twitter_misc":{"Escrito por":"Jeanette","Tiempo de lectura":"5 minutos"},"schema":{"@context":"https:\/\/schema.org","@graph":[{"@type":"Article","@id":"https:\/\/www.eldiario.net\/portal\/2025\/07\/23\/la-compania-ballet-clasico-trae-a-escena-dos-magistrales-obras\/#article","isPartOf":{"@id":"https:\/\/www.eldiario.net\/portal\/2025\/07\/23\/la-compania-ballet-clasico-trae-a-escena-dos-magistrales-obras\/"},"author":{"name":"Jeanette","@id":"https:\/\/www.eldiario.net\/portal\/#\/schema\/person\/2c57cf2b7a7ae032e449e4c9b1019eac"},"headline":"La Compa\u00f1\u00eda: Ballet Cl\u00e1sico trae a escena dos magistrales obras","datePublished":"2025-07-23T11:09:06+00:00","mainEntityOfPage":{"@id":"https:\/\/www.eldiario.net\/portal\/2025\/07\/23\/la-compania-ballet-clasico-trae-a-escena-dos-magistrales-obras\/"},"wordCount":977,"publisher":{"@id":"https:\/\/www.eldiario.net\/portal\/#organization"},"image":{"@id":"https:\/\/www.eldiario.net\/portal\/2025\/07\/23\/la-compania-ballet-clasico-trae-a-escena-dos-magistrales-obras\/#primaryimage"},"thumbnailUrl":"https:\/\/www.eldiario.net\/portal\/wp-content\/uploads\/2025\/07\/1-PRINCIPAL-11.webp","articleSection":["La Gu\u00eda"],"inLanguage":"es"},{"@type":"WebPage","@id":"https:\/\/www.eldiario.net\/portal\/2025\/07\/23\/la-compania-ballet-clasico-trae-a-escena-dos-magistrales-obras\/","url":"https:\/\/www.eldiario.net\/portal\/2025\/07\/23\/la-compania-ballet-clasico-trae-a-escena-dos-magistrales-obras\/","name":"La Compa\u00f1\u00eda: Ballet Cl\u00e1sico trae a escena dos magistrales obras - El Diario - Bolivia","isPartOf":{"@id":"https:\/\/www.eldiario.net\/portal\/#website"},"primaryImageOfPage":{"@id":"https:\/\/www.eldiario.net\/portal\/2025\/07\/23\/la-compania-ballet-clasico-trae-a-escena-dos-magistrales-obras\/#primaryimage"},"image":{"@id":"https:\/\/www.eldiario.net\/portal\/2025\/07\/23\/la-compania-ballet-clasico-trae-a-escena-dos-magistrales-obras\/#primaryimage"},"thumbnailUrl":"https:\/\/www.eldiario.net\/portal\/wp-content\/uploads\/2025\/07\/1-PRINCIPAL-11.webp","datePublished":"2025-07-23T11:09:06+00:00","breadcrumb":{"@id":"https:\/\/www.eldiario.net\/portal\/2025\/07\/23\/la-compania-ballet-clasico-trae-a-escena-dos-magistrales-obras\/#breadcrumb"},"inLanguage":"es","potentialAction":[{"@type":"ReadAction","target":["https:\/\/www.eldiario.net\/portal\/2025\/07\/23\/la-compania-ballet-clasico-trae-a-escena-dos-magistrales-obras\/"]}]},{"@type":"ImageObject","inLanguage":"es","@id":"https:\/\/www.eldiario.net\/portal\/2025\/07\/23\/la-compania-ballet-clasico-trae-a-escena-dos-magistrales-obras\/#primaryimage","url":"https:\/\/www.eldiario.net\/portal\/wp-content\/uploads\/2025\/07\/1-PRINCIPAL-11.webp","contentUrl":"https:\/\/www.eldiario.net\/portal\/wp-content\/uploads\/2025\/07\/1-PRINCIPAL-11.webp","width":1418,"height":945},{"@type":"BreadcrumbList","@id":"https:\/\/www.eldiario.net\/portal\/2025\/07\/23\/la-compania-ballet-clasico-trae-a-escena-dos-magistrales-obras\/#breadcrumb","itemListElement":[{"@type":"ListItem","position":1,"name":"Portada","item":"https:\/\/www.eldiario.net\/portal\/"},{"@type":"ListItem","position":2,"name":"La Compa\u00f1\u00eda: Ballet Cl\u00e1sico trae a escena dos magistrales obras"}]},{"@type":"WebSite","@id":"https:\/\/www.eldiario.net\/portal\/#website","url":"https:\/\/www.eldiario.net\/portal\/","name":"El Diario - Decano de la prensa nacional","description":"El Diario - Decano de la prensa nacional","publisher":{"@id":"https:\/\/www.eldiario.net\/portal\/#organization"},"potentialAction":[{"@type":"SearchAction","target":{"@type":"EntryPoint","urlTemplate":"https:\/\/www.eldiario.net\/portal\/?s={search_term_string}"},"query-input":{"@type":"PropertyValueSpecification","valueRequired":true,"valueName":"search_term_string"}}],"inLanguage":"es"},{"@type":"Organization","@id":"https:\/\/www.eldiario.net\/portal\/#organization","name":"El Diario - Decano de la prensa nacional","url":"https:\/\/www.eldiario.net\/portal\/","logo":{"@type":"ImageObject","inLanguage":"es","@id":"https:\/\/www.eldiario.net\/portal\/#\/schema\/logo\/image\/","url":"https:\/\/www.eldiario.net\/portal\/wp-content\/uploads\/2023\/07\/logo_ED.jpg","contentUrl":"https:\/\/www.eldiario.net\/portal\/wp-content\/uploads\/2023\/07\/logo_ED.jpg","width":272,"height":52,"caption":"El Diario - Decano de la prensa nacional"},"image":{"@id":"https:\/\/www.eldiario.net\/portal\/#\/schema\/logo\/image\/"},"sameAs":["https:\/\/www.facebook.com\/eldiario.bolivia\/","https:\/\/x.com\/eldiario_net"]},{"@type":"Person","@id":"https:\/\/www.eldiario.net\/portal\/#\/schema\/person\/2c57cf2b7a7ae032e449e4c9b1019eac","name":"Jeanette","image":{"@type":"ImageObject","inLanguage":"es","@id":"https:\/\/secure.gravatar.com\/avatar\/3ea2118a5f7dad2b7138b1187a6b7ee55f160b9968b66013c3a3ef39dd7e5798?s=96&d=mm&r=g","url":"https:\/\/secure.gravatar.com\/avatar\/3ea2118a5f7dad2b7138b1187a6b7ee55f160b9968b66013c3a3ef39dd7e5798?s=96&d=mm&r=g","contentUrl":"https:\/\/secure.gravatar.com\/avatar\/3ea2118a5f7dad2b7138b1187a6b7ee55f160b9968b66013c3a3ef39dd7e5798?s=96&d=mm&r=g","caption":"Jeanette"},"sameAs":["https:\/\/www.eldiario.net\/portal"],"url":"https:\/\/www.eldiario.net\/portal\/author\/jeanette\/"}]}},"_links":{"self":[{"href":"https:\/\/www.eldiario.net\/portal\/wp-json\/wp\/v2\/posts\/318842","targetHints":{"allow":["GET"]}}],"collection":[{"href":"https:\/\/www.eldiario.net\/portal\/wp-json\/wp\/v2\/posts"}],"about":[{"href":"https:\/\/www.eldiario.net\/portal\/wp-json\/wp\/v2\/types\/post"}],"author":[{"embeddable":true,"href":"https:\/\/www.eldiario.net\/portal\/wp-json\/wp\/v2\/users\/1"}],"replies":[{"embeddable":true,"href":"https:\/\/www.eldiario.net\/portal\/wp-json\/wp\/v2\/comments?post=318842"}],"version-history":[{"count":1,"href":"https:\/\/www.eldiario.net\/portal\/wp-json\/wp\/v2\/posts\/318842\/revisions"}],"predecessor-version":[{"id":318848,"href":"https:\/\/www.eldiario.net\/portal\/wp-json\/wp\/v2\/posts\/318842\/revisions\/318848"}],"wp:featuredmedia":[{"embeddable":true,"href":"https:\/\/www.eldiario.net\/portal\/wp-json\/wp\/v2\/media\/318843"}],"wp:attachment":[{"href":"https:\/\/www.eldiario.net\/portal\/wp-json\/wp\/v2\/media?parent=318842"}],"wp:term":[{"taxonomy":"category","embeddable":true,"href":"https:\/\/www.eldiario.net\/portal\/wp-json\/wp\/v2\/categories?post=318842"},{"taxonomy":"post_tag","embeddable":true,"href":"https:\/\/www.eldiario.net\/portal\/wp-json\/wp\/v2\/tags?post=318842"}],"curies":[{"name":"wp","href":"https:\/\/api.w.org\/{rel}","templated":true}]}}