{"id":318839,"date":"2025-07-23T07:07:34","date_gmt":"2025-07-23T11:07:34","guid":{"rendered":"https:\/\/www.eldiario.net\/portal\/?p=318839"},"modified":"2025-07-23T07:07:34","modified_gmt":"2025-07-23T11:07:34","slug":"tres-municipios-reportan-mayor-incidencia-de-focos-de-calor","status":"publish","type":"post","link":"https:\/\/www.eldiario.net\/portal\/2025\/07\/23\/tres-municipios-reportan-mayor-incidencia-de-focos-de-calor\/","title":{"rendered":"Tres municipios reportan mayor  incidencia de focos de calor"},"content":{"rendered":"<p>La Gobernaci\u00f3n de Santa Cruz, en conferencia de prensa, inform\u00f3 que a trav\u00e9s de su Sistema de Alerta Temprana de Incendios Forestales (Satif), ayer se detectaron 2.259 focos de calor en todo el departamento, con mayor incidencia en los municipios de San Ignacio, San Jos\u00e9 y San Miguel.<br \/>\nEl director de Recursos Naturales, Paulo Viruez, manifest\u00f3 su preocupaci\u00f3n por la creciente cantidad de focos de calor que, aunque sea un dato menor en comparaci\u00f3n del a\u00f1o pasado y otros, existe la preocupaci\u00f3n de que estos puedan empeorar y puedan convertirse en incendios, debido a que el departamento ha entrado a la \u00e9poca seca y estiaje, donde tambi\u00e9n se registran fuertes vientos y olas de calor.<br \/>\n\u201cNo se reportan incendios, pero s\u00ed focos de calor activos, por lo que hacemos nuevamente un llamado a los gobiernos municipales a confirmar el estado de sus territorios, activar sus Comit\u00e9s de Operaciones de Emergencia (COE), articular esfuerzos con la Gobernaci\u00f3n y disponer de los recursos humanos, econ\u00f3micos y log\u00edsticos para atender posibles emergencias\u201d, se\u00f1al\u00f3 la autoridad.<br \/>\nA su vez, explic\u00f3 que el Satif remite diariamente a los municipios reportes de focos de calor, a fin de que estos puedan ser verificados en campo y se pueda corroborar la existencia de un posible incendio. Esto permite una respuesta m\u00e1s r\u00e1pida y efectiva, tal como lo establece la Ley 602 de Gesti\u00f3n de Riesgos. Por ello, reiter\u00f3 el llamado a las Unidades de Gesti\u00f3n de Riesgos (UGR) de las alcald\u00edas, a cumplir sus competencias y confirmar el estado de sus territorios.<br \/>\nPor otra parte, Viruez inst\u00f3 a las autoridades nacionales realizar mayor fiscalizaci\u00f3n y control en zonas donde se est\u00e1n detectando emergencias, en zonas donde \u201corganizaciones vivas\u201d se han pronunciado al respecto, a fin de realizar las investigaciones correspondientes e iniciar procesos legales contra quienes est\u00e1n poniendo en riesgo los recursos naturales.<br \/>\n\u201cRecordamos a la poblaci\u00f3n que nos encontramos en Alerta Amarilla y debemos evitar acciones que pongan en riesgo nuestro medio ambiente. Existe una normativa emanada por el Tribunal Agroambiental que es de cumplimiento obligatorio\u201d, puntualiz\u00f3. (Santa Cruz, agencias)<\/p>\n","protected":false},"excerpt":{"rendered":"<p>La Gobernaci\u00f3n de Santa Cruz, en conferencia de prensa, inform\u00f3 que a trav\u00e9s de su Sistema de Alerta Temprana de Incendios Forestales (Satif), ayer se detectaron 2.259 focos de calor en todo el departamento, con mayor incidencia en los municipios de San Ignacio, San Jos\u00e9 y San Miguel. El director de Recursos Naturales, Paulo Viruez, [&hellip;]<\/p>\n","protected":false},"author":1,"featured_media":318840,"comment_status":"closed","ping_status":"open","sticky":false,"template":"","format":"standard","meta":{"_acf_changed":false,"footnotes":""},"categories":[12],"tags":[],"class_list":["post-318839","post","type-post","status-publish","format-standard","has-post-thumbnail","category-nacional"],"acf":{"antetitulo":"Santa Cruz  "},"yoast_head":"<!-- This site is optimized with the Yoast SEO plugin v28.4 - https:\/\/yoast.com\/product\/yoast-seo-wordpress\/ -->\n<title>Tres municipios reportan mayor incidencia de focos de calor - El Diario - Bolivia<\/title>\n<meta name=\"robots\" content=\"index, follow, max-snippet:-1, max-image-preview:large, max-video-preview:-1\" \/>\n<link rel=\"canonical\" href=\"https:\/\/www.eldiario.net\/portal\/2025\/07\/23\/tres-municipios-reportan-mayor-incidencia-de-focos-de-calor\/\" \/>\n<meta property=\"og:locale\" content=\"es_ES\" \/>\n<meta property=\"og:type\" content=\"article\" \/>\n<meta property=\"og:title\" content=\"Tres municipios reportan mayor incidencia de focos de calor - El Diario - Bolivia\" \/>\n<meta property=\"og:description\" content=\"La Gobernaci\u00f3n de Santa Cruz, en conferencia de prensa, inform\u00f3 que a trav\u00e9s de su Sistema de Alerta Temprana de Incendios Forestales (Satif), ayer se detectaron 2.259 focos de calor en todo el departamento, con mayor incidencia en los municipios de San Ignacio, San Jos\u00e9 y San Miguel. El director de Recursos Naturales, Paulo Viruez, [&hellip;]\" \/>\n<meta property=\"og:url\" content=\"https:\/\/www.eldiario.net\/portal\/2025\/07\/23\/tres-municipios-reportan-mayor-incidencia-de-focos-de-calor\/\" \/>\n<meta property=\"og:site_name\" content=\"El Diario - Bolivia\" \/>\n<meta property=\"article:publisher\" content=\"https:\/\/www.facebook.com\/eldiario.bolivia\/\" \/>\n<meta property=\"article:published_time\" content=\"2025-07-23T11:07:34+00:00\" \/>\n<meta property=\"og:image\" content=\"https:\/\/www.eldiario.net\/portal\/wp-content\/uploads\/2025\/07\/10-NAL-COLOR-1-1.webp\" \/>\n\t<meta property=\"og:image:width\" content=\"1200\" \/>\n\t<meta property=\"og:image:height\" content=\"623\" \/>\n\t<meta property=\"og:image:type\" content=\"image\/webp\" \/>\n<meta name=\"author\" content=\"Jeanette\" \/>\n<meta name=\"twitter:card\" content=\"summary_large_image\" \/>\n<meta name=\"twitter:creator\" content=\"@eldiario_net\" \/>\n<meta name=\"twitter:site\" content=\"@eldiario_net\" \/>\n<meta name=\"twitter:label1\" content=\"Escrito por\" \/>\n\t<meta name=\"twitter:data1\" content=\"Jeanette\" \/>\n\t<meta name=\"twitter:label2\" content=\"Tiempo de lectura\" \/>\n\t<meta name=\"twitter:data2\" content=\"2 minutos\" \/>\n<script type=\"application\/ld+json\" class=\"yoast-schema-graph\">{\"@context\":\"https:\\\/\\\/schema.org\",\"@graph\":[{\"@type\":\"Article\",\"@id\":\"https:\\\/\\\/www.eldiario.net\\\/portal\\\/2025\\\/07\\\/23\\\/tres-municipios-reportan-mayor-incidencia-de-focos-de-calor\\\/#article\",\"isPartOf\":{\"@id\":\"https:\\\/\\\/www.eldiario.net\\\/portal\\\/2025\\\/07\\\/23\\\/tres-municipios-reportan-mayor-incidencia-de-focos-de-calor\\\/\"},\"author\":{\"name\":\"Jeanette\",\"@id\":\"https:\\\/\\\/www.eldiario.net\\\/portal\\\/#\\\/schema\\\/person\\\/2c57cf2b7a7ae032e449e4c9b1019eac\"},\"headline\":\"Tres municipios reportan mayor incidencia de focos de calor\",\"datePublished\":\"2025-07-23T11:07:34+00:00\",\"mainEntityOfPage\":{\"@id\":\"https:\\\/\\\/www.eldiario.net\\\/portal\\\/2025\\\/07\\\/23\\\/tres-municipios-reportan-mayor-incidencia-de-focos-de-calor\\\/\"},\"wordCount\":372,\"publisher\":{\"@id\":\"https:\\\/\\\/www.eldiario.net\\\/portal\\\/#organization\"},\"image\":{\"@id\":\"https:\\\/\\\/www.eldiario.net\\\/portal\\\/2025\\\/07\\\/23\\\/tres-municipios-reportan-mayor-incidencia-de-focos-de-calor\\\/#primaryimage\"},\"thumbnailUrl\":\"https:\\\/\\\/www.eldiario.net\\\/portal\\\/wp-content\\\/uploads\\\/2025\\\/07\\\/10-NAL-COLOR-1-1.webp\",\"articleSection\":[\"Nacional\"],\"inLanguage\":\"es\"},{\"@type\":\"WebPage\",\"@id\":\"https:\\\/\\\/www.eldiario.net\\\/portal\\\/2025\\\/07\\\/23\\\/tres-municipios-reportan-mayor-incidencia-de-focos-de-calor\\\/\",\"url\":\"https:\\\/\\\/www.eldiario.net\\\/portal\\\/2025\\\/07\\\/23\\\/tres-municipios-reportan-mayor-incidencia-de-focos-de-calor\\\/\",\"name\":\"Tres municipios reportan mayor incidencia de focos de calor - El Diario - Bolivia\",\"isPartOf\":{\"@id\":\"https:\\\/\\\/www.eldiario.net\\\/portal\\\/#website\"},\"primaryImageOfPage\":{\"@id\":\"https:\\\/\\\/www.eldiario.net\\\/portal\\\/2025\\\/07\\\/23\\\/tres-municipios-reportan-mayor-incidencia-de-focos-de-calor\\\/#primaryimage\"},\"image\":{\"@id\":\"https:\\\/\\\/www.eldiario.net\\\/portal\\\/2025\\\/07\\\/23\\\/tres-municipios-reportan-mayor-incidencia-de-focos-de-calor\\\/#primaryimage\"},\"thumbnailUrl\":\"https:\\\/\\\/www.eldiario.net\\\/portal\\\/wp-content\\\/uploads\\\/2025\\\/07\\\/10-NAL-COLOR-1-1.webp\",\"datePublished\":\"2025-07-23T11:07:34+00:00\",\"breadcrumb\":{\"@id\":\"https:\\\/\\\/www.eldiario.net\\\/portal\\\/2025\\\/07\\\/23\\\/tres-municipios-reportan-mayor-incidencia-de-focos-de-calor\\\/#breadcrumb\"},\"inLanguage\":\"es\",\"potentialAction\":[{\"@type\":\"ReadAction\",\"target\":[\"https:\\\/\\\/www.eldiario.net\\\/portal\\\/2025\\\/07\\\/23\\\/tres-municipios-reportan-mayor-incidencia-de-focos-de-calor\\\/\"]}]},{\"@type\":\"ImageObject\",\"inLanguage\":\"es\",\"@id\":\"https:\\\/\\\/www.eldiario.net\\\/portal\\\/2025\\\/07\\\/23\\\/tres-municipios-reportan-mayor-incidencia-de-focos-de-calor\\\/#primaryimage\",\"url\":\"https:\\\/\\\/www.eldiario.net\\\/portal\\\/wp-content\\\/uploads\\\/2025\\\/07\\\/10-NAL-COLOR-1-1.webp\",\"contentUrl\":\"https:\\\/\\\/www.eldiario.net\\\/portal\\\/wp-content\\\/uploads\\\/2025\\\/07\\\/10-NAL-COLOR-1-1.webp\",\"width\":1200,\"height\":623,\"caption\":\"MAPA DE CALOR DEL DEPARTAMENTO DE SANTA CRUZ.\"},{\"@type\":\"BreadcrumbList\",\"@id\":\"https:\\\/\\\/www.eldiario.net\\\/portal\\\/2025\\\/07\\\/23\\\/tres-municipios-reportan-mayor-incidencia-de-focos-de-calor\\\/#breadcrumb\",\"itemListElement\":[{\"@type\":\"ListItem\",\"position\":1,\"name\":\"Portada\",\"item\":\"https:\\\/\\\/www.eldiario.net\\\/portal\\\/\"},{\"@type\":\"ListItem\",\"position\":2,\"name\":\"Tres municipios reportan mayor incidencia de focos de calor\"}]},{\"@type\":\"WebSite\",\"@id\":\"https:\\\/\\\/www.eldiario.net\\\/portal\\\/#website\",\"url\":\"https:\\\/\\\/www.eldiario.net\\\/portal\\\/\",\"name\":\"El Diario - Decano de la prensa nacional\",\"description\":\"El Diario - Decano de la prensa nacional\",\"publisher\":{\"@id\":\"https:\\\/\\\/www.eldiario.net\\\/portal\\\/#organization\"},\"potentialAction\":[{\"@type\":\"SearchAction\",\"target\":{\"@type\":\"EntryPoint\",\"urlTemplate\":\"https:\\\/\\\/www.eldiario.net\\\/portal\\\/?s={search_term_string}\"},\"query-input\":{\"@type\":\"PropertyValueSpecification\",\"valueRequired\":true,\"valueName\":\"search_term_string\"}}],\"inLanguage\":\"es\"},{\"@type\":\"Organization\",\"@id\":\"https:\\\/\\\/www.eldiario.net\\\/portal\\\/#organization\",\"name\":\"El Diario - Decano de la prensa nacional\",\"url\":\"https:\\\/\\\/www.eldiario.net\\\/portal\\\/\",\"logo\":{\"@type\":\"ImageObject\",\"inLanguage\":\"es\",\"@id\":\"https:\\\/\\\/www.eldiario.net\\\/portal\\\/#\\\/schema\\\/logo\\\/image\\\/\",\"url\":\"https:\\\/\\\/www.eldiario.net\\\/portal\\\/wp-content\\\/uploads\\\/2023\\\/07\\\/logo_ED.jpg\",\"contentUrl\":\"https:\\\/\\\/www.eldiario.net\\\/portal\\\/wp-content\\\/uploads\\\/2023\\\/07\\\/logo_ED.jpg\",\"width\":272,\"height\":52,\"caption\":\"El Diario - Decano de la prensa nacional\"},\"image\":{\"@id\":\"https:\\\/\\\/www.eldiario.net\\\/portal\\\/#\\\/schema\\\/logo\\\/image\\\/\"},\"sameAs\":[\"https:\\\/\\\/www.facebook.com\\\/eldiario.bolivia\\\/\",\"https:\\\/\\\/x.com\\\/eldiario_net\"]},{\"@type\":\"Person\",\"@id\":\"https:\\\/\\\/www.eldiario.net\\\/portal\\\/#\\\/schema\\\/person\\\/2c57cf2b7a7ae032e449e4c9b1019eac\",\"name\":\"Jeanette\",\"image\":{\"@type\":\"ImageObject\",\"inLanguage\":\"es\",\"@id\":\"https:\\\/\\\/secure.gravatar.com\\\/avatar\\\/3ea2118a5f7dad2b7138b1187a6b7ee55f160b9968b66013c3a3ef39dd7e5798?s=96&d=mm&r=g\",\"url\":\"https:\\\/\\\/secure.gravatar.com\\\/avatar\\\/3ea2118a5f7dad2b7138b1187a6b7ee55f160b9968b66013c3a3ef39dd7e5798?s=96&d=mm&r=g\",\"contentUrl\":\"https:\\\/\\\/secure.gravatar.com\\\/avatar\\\/3ea2118a5f7dad2b7138b1187a6b7ee55f160b9968b66013c3a3ef39dd7e5798?s=96&d=mm&r=g\",\"caption\":\"Jeanette\"},\"sameAs\":[\"https:\\\/\\\/www.eldiario.net\\\/portal\"],\"url\":\"https:\\\/\\\/www.eldiario.net\\\/portal\\\/author\\\/jeanette\\\/\"}]}<\/script>\n<!-- \/ Yoast SEO plugin. -->","yoast_head_json":{"title":"Tres municipios reportan mayor incidencia de focos de calor - El Diario - Bolivia","robots":{"index":"index","follow":"follow","max-snippet":"max-snippet:-1","max-image-preview":"max-image-preview:large","max-video-preview":"max-video-preview:-1"},"canonical":"https:\/\/www.eldiario.net\/portal\/2025\/07\/23\/tres-municipios-reportan-mayor-incidencia-de-focos-de-calor\/","og_locale":"es_ES","og_type":"article","og_title":"Tres municipios reportan mayor incidencia de focos de calor - El Diario - Bolivia","og_description":"La Gobernaci\u00f3n de Santa Cruz, en conferencia de prensa, inform\u00f3 que a trav\u00e9s de su Sistema de Alerta Temprana de Incendios Forestales (Satif), ayer se detectaron 2.259 focos de calor en todo el departamento, con mayor incidencia en los municipios de San Ignacio, San Jos\u00e9 y San Miguel. El director de Recursos Naturales, Paulo Viruez, [&hellip;]","og_url":"https:\/\/www.eldiario.net\/portal\/2025\/07\/23\/tres-municipios-reportan-mayor-incidencia-de-focos-de-calor\/","og_site_name":"El Diario - Bolivia","article_publisher":"https:\/\/www.facebook.com\/eldiario.bolivia\/","article_published_time":"2025-07-23T11:07:34+00:00","og_image":[{"width":1200,"height":623,"url":"https:\/\/www.eldiario.net\/portal\/wp-content\/uploads\/2025\/07\/10-NAL-COLOR-1-1.webp","type":"image\/webp"}],"author":"Jeanette","twitter_card":"summary_large_image","twitter_creator":"@eldiario_net","twitter_site":"@eldiario_net","twitter_misc":{"Escrito por":"Jeanette","Tiempo de lectura":"2 minutos"},"schema":{"@context":"https:\/\/schema.org","@graph":[{"@type":"Article","@id":"https:\/\/www.eldiario.net\/portal\/2025\/07\/23\/tres-municipios-reportan-mayor-incidencia-de-focos-de-calor\/#article","isPartOf":{"@id":"https:\/\/www.eldiario.net\/portal\/2025\/07\/23\/tres-municipios-reportan-mayor-incidencia-de-focos-de-calor\/"},"author":{"name":"Jeanette","@id":"https:\/\/www.eldiario.net\/portal\/#\/schema\/person\/2c57cf2b7a7ae032e449e4c9b1019eac"},"headline":"Tres municipios reportan mayor incidencia de focos de calor","datePublished":"2025-07-23T11:07:34+00:00","mainEntityOfPage":{"@id":"https:\/\/www.eldiario.net\/portal\/2025\/07\/23\/tres-municipios-reportan-mayor-incidencia-de-focos-de-calor\/"},"wordCount":372,"publisher":{"@id":"https:\/\/www.eldiario.net\/portal\/#organization"},"image":{"@id":"https:\/\/www.eldiario.net\/portal\/2025\/07\/23\/tres-municipios-reportan-mayor-incidencia-de-focos-de-calor\/#primaryimage"},"thumbnailUrl":"https:\/\/www.eldiario.net\/portal\/wp-content\/uploads\/2025\/07\/10-NAL-COLOR-1-1.webp","articleSection":["Nacional"],"inLanguage":"es"},{"@type":"WebPage","@id":"https:\/\/www.eldiario.net\/portal\/2025\/07\/23\/tres-municipios-reportan-mayor-incidencia-de-focos-de-calor\/","url":"https:\/\/www.eldiario.net\/portal\/2025\/07\/23\/tres-municipios-reportan-mayor-incidencia-de-focos-de-calor\/","name":"Tres municipios reportan mayor incidencia de focos de calor - El Diario - Bolivia","isPartOf":{"@id":"https:\/\/www.eldiario.net\/portal\/#website"},"primaryImageOfPage":{"@id":"https:\/\/www.eldiario.net\/portal\/2025\/07\/23\/tres-municipios-reportan-mayor-incidencia-de-focos-de-calor\/#primaryimage"},"image":{"@id":"https:\/\/www.eldiario.net\/portal\/2025\/07\/23\/tres-municipios-reportan-mayor-incidencia-de-focos-de-calor\/#primaryimage"},"thumbnailUrl":"https:\/\/www.eldiario.net\/portal\/wp-content\/uploads\/2025\/07\/10-NAL-COLOR-1-1.webp","datePublished":"2025-07-23T11:07:34+00:00","breadcrumb":{"@id":"https:\/\/www.eldiario.net\/portal\/2025\/07\/23\/tres-municipios-reportan-mayor-incidencia-de-focos-de-calor\/#breadcrumb"},"inLanguage":"es","potentialAction":[{"@type":"ReadAction","target":["https:\/\/www.eldiario.net\/portal\/2025\/07\/23\/tres-municipios-reportan-mayor-incidencia-de-focos-de-calor\/"]}]},{"@type":"ImageObject","inLanguage":"es","@id":"https:\/\/www.eldiario.net\/portal\/2025\/07\/23\/tres-municipios-reportan-mayor-incidencia-de-focos-de-calor\/#primaryimage","url":"https:\/\/www.eldiario.net\/portal\/wp-content\/uploads\/2025\/07\/10-NAL-COLOR-1-1.webp","contentUrl":"https:\/\/www.eldiario.net\/portal\/wp-content\/uploads\/2025\/07\/10-NAL-COLOR-1-1.webp","width":1200,"height":623,"caption":"MAPA DE CALOR DEL DEPARTAMENTO DE SANTA CRUZ."},{"@type":"BreadcrumbList","@id":"https:\/\/www.eldiario.net\/portal\/2025\/07\/23\/tres-municipios-reportan-mayor-incidencia-de-focos-de-calor\/#breadcrumb","itemListElement":[{"@type":"ListItem","position":1,"name":"Portada","item":"https:\/\/www.eldiario.net\/portal\/"},{"@type":"ListItem","position":2,"name":"Tres municipios reportan mayor incidencia de focos de calor"}]},{"@type":"WebSite","@id":"https:\/\/www.eldiario.net\/portal\/#website","url":"https:\/\/www.eldiario.net\/portal\/","name":"El Diario - Decano de la prensa nacional","description":"El Diario - Decano de la prensa nacional","publisher":{"@id":"https:\/\/www.eldiario.net\/portal\/#organization"},"potentialAction":[{"@type":"SearchAction","target":{"@type":"EntryPoint","urlTemplate":"https:\/\/www.eldiario.net\/portal\/?s={search_term_string}"},"query-input":{"@type":"PropertyValueSpecification","valueRequired":true,"valueName":"search_term_string"}}],"inLanguage":"es"},{"@type":"Organization","@id":"https:\/\/www.eldiario.net\/portal\/#organization","name":"El Diario - Decano de la prensa nacional","url":"https:\/\/www.eldiario.net\/portal\/","logo":{"@type":"ImageObject","inLanguage":"es","@id":"https:\/\/www.eldiario.net\/portal\/#\/schema\/logo\/image\/","url":"https:\/\/www.eldiario.net\/portal\/wp-content\/uploads\/2023\/07\/logo_ED.jpg","contentUrl":"https:\/\/www.eldiario.net\/portal\/wp-content\/uploads\/2023\/07\/logo_ED.jpg","width":272,"height":52,"caption":"El Diario - Decano de la prensa nacional"},"image":{"@id":"https:\/\/www.eldiario.net\/portal\/#\/schema\/logo\/image\/"},"sameAs":["https:\/\/www.facebook.com\/eldiario.bolivia\/","https:\/\/x.com\/eldiario_net"]},{"@type":"Person","@id":"https:\/\/www.eldiario.net\/portal\/#\/schema\/person\/2c57cf2b7a7ae032e449e4c9b1019eac","name":"Jeanette","image":{"@type":"ImageObject","inLanguage":"es","@id":"https:\/\/secure.gravatar.com\/avatar\/3ea2118a5f7dad2b7138b1187a6b7ee55f160b9968b66013c3a3ef39dd7e5798?s=96&d=mm&r=g","url":"https:\/\/secure.gravatar.com\/avatar\/3ea2118a5f7dad2b7138b1187a6b7ee55f160b9968b66013c3a3ef39dd7e5798?s=96&d=mm&r=g","contentUrl":"https:\/\/secure.gravatar.com\/avatar\/3ea2118a5f7dad2b7138b1187a6b7ee55f160b9968b66013c3a3ef39dd7e5798?s=96&d=mm&r=g","caption":"Jeanette"},"sameAs":["https:\/\/www.eldiario.net\/portal"],"url":"https:\/\/www.eldiario.net\/portal\/author\/jeanette\/"}]}},"_links":{"self":[{"href":"https:\/\/www.eldiario.net\/portal\/wp-json\/wp\/v2\/posts\/318839","targetHints":{"allow":["GET"]}}],"collection":[{"href":"https:\/\/www.eldiario.net\/portal\/wp-json\/wp\/v2\/posts"}],"about":[{"href":"https:\/\/www.eldiario.net\/portal\/wp-json\/wp\/v2\/types\/post"}],"author":[{"embeddable":true,"href":"https:\/\/www.eldiario.net\/portal\/wp-json\/wp\/v2\/users\/1"}],"replies":[{"embeddable":true,"href":"https:\/\/www.eldiario.net\/portal\/wp-json\/wp\/v2\/comments?post=318839"}],"version-history":[{"count":1,"href":"https:\/\/www.eldiario.net\/portal\/wp-json\/wp\/v2\/posts\/318839\/revisions"}],"predecessor-version":[{"id":318841,"href":"https:\/\/www.eldiario.net\/portal\/wp-json\/wp\/v2\/posts\/318839\/revisions\/318841"}],"wp:featuredmedia":[{"embeddable":true,"href":"https:\/\/www.eldiario.net\/portal\/wp-json\/wp\/v2\/media\/318840"}],"wp:attachment":[{"href":"https:\/\/www.eldiario.net\/portal\/wp-json\/wp\/v2\/media?parent=318839"}],"wp:term":[{"taxonomy":"category","embeddable":true,"href":"https:\/\/www.eldiario.net\/portal\/wp-json\/wp\/v2\/categories?post=318839"},{"taxonomy":"post_tag","embeddable":true,"href":"https:\/\/www.eldiario.net\/portal\/wp-json\/wp\/v2\/tags?post=318839"}],"curies":[{"name":"wp","href":"https:\/\/api.w.org\/{rel}","templated":true}]}}