{"id":318832,"date":"2025-07-23T07:05:15","date_gmt":"2025-07-23T11:05:15","guid":{"rendered":"https:\/\/www.eldiario.net\/portal\/?p=318832"},"modified":"2025-07-23T07:05:15","modified_gmt":"2025-07-23T11:05:15","slug":"sin-gobernabilidad-los-pactos-y-las-mayorias-son-insuficientes","status":"publish","type":"post","link":"https:\/\/www.eldiario.net\/portal\/2025\/07\/23\/sin-gobernabilidad-los-pactos-y-las-mayorias-son-insuficientes\/","title":{"rendered":"Sin gobernabilidad, los pactos y las mayor\u00edas son insuficientes"},"content":{"rendered":"<p>En 2002 Gonzalo S\u00e1nchez de Lozada gan\u00f3 las elecciones con un margen muy estrecho. El voto se hab\u00eda dispersado entre cuatro fuerzas principales: el MNR con 22,46% (47 parlamentarios); el MAS con 20,94% (35); NFR con 20,91% (27); y el MIR con 16,32% (31). El MNR no ten\u00eda mayor\u00eda legislativa para implementar su propuesta electoral y por ello decidi\u00f3 hacer un pacto de cogobierno con el MIR, al que se sum\u00f3 NFR un a\u00f1o despu\u00e9s, asegurando 105 votos y los dos tercios en el Congreso.<br \/>\nA pesar de contar con mayor\u00eda parlamentaria, respaldo institucional, apoyo internacional y un plan econ\u00f3mico s\u00f3lido, el gobierno de S\u00e1nchez de Lozada colaps\u00f3 en pocos meses, arrasado por la presi\u00f3n de sectores sociales que rechazaban sus medidas de ajuste. El presidente controlaba el aparato pol\u00edtico e institucional, pero hab\u00eda perdido la gobernabilidad. Y en ausencia de \u00e9sta, la legalidad result\u00f3 insuficiente para sostener su mandato.<br \/>\nLa gobernabilidad puede definirse como la capacidad de un gobierno para ejercer autoridad leg\u00edtima, implementar pol\u00edticas, aprobar normas, gestionar conflictos y mantener el equilibrio entre estabilidad y cambio. No se limita a la obediencia formal, sino que exige reconocimiento social al poder constituido. Es una condici\u00f3n indispensable para el funcionamiento democr\u00e1tico, sustentada en legalidad, legitimidad y eficacia. No depende solo del gobierno, sino tambi\u00e9n de la madurez c\u00edvica, la vigencia del Estado de derecho, la participaci\u00f3n ciudadana y la capacidad de construir consensos.<br \/>\nContrario a lo que se cree, el gobierno del MAS tampoco tuvo verdadera gobernabilidad. Su ejercicio del poder se apoy\u00f3 en una hegemon\u00eda autocr\u00e1tica basada en la imposici\u00f3n, el verticalismo, la prebenda y la exclusi\u00f3n. La disidencia fue reprimida mediante mecanismos coercitivos y el uso discrecional del aparato judicial. Al dividirse el MAS, su modelo de poder colaps\u00f3, y puso en evidencia la fragmentaci\u00f3n de su base electoral, la p\u00e9rdida de control parlamentario y la realidad de un r\u00e9gimen inestable, desprovisto del apoyo social y pol\u00edtico que pregonaba.<br \/>\nLamentablemente, en el actual proceso electoral, la propuesta de gobernabilidad est\u00e1 ausente. Ni en los discursos ni en los planes de gobierno aparece una reflexi\u00f3n clara sobre c\u00f3mo generar gobernabilidad en un contexto de alta fragmentaci\u00f3n pol\u00edtica, debilidad institucional y expectativas sobredimensionadas. No hay estrategias para incorporar activamente los sectores econ\u00f3micos, sociales y territoriales al dise\u00f1o de pol\u00edticas; crear canales de participaci\u00f3n y concertaci\u00f3n reales; y enfrentar las desigualdades que erosionan la cohesi\u00f3n nacional.<br \/>\nEste vac\u00edo es muy preocupante debido precisamente a que la historia reciente demuestra que ni los pactos multipartidarios ni los gobiernos hegem\u00f3nicos lograron sostener una gesti\u00f3n efectiva y duradera. Ambos fracasaron en construir consensos, responder a demandas urgentes y articular una institucionalidad inclusiva.<br \/>\nDe no abordarse el tema de la gobernabilidad como un objetivo central de la gesti\u00f3n, Bolivia corre el grave riesgo de repetir un ciclo de gobiernos d\u00e9biles, inestables o autoritarios, incapaces de encarar la crisis econ\u00f3mica y social que se profundiza y de seguir atrapada en un ciclo de inestabilidad y crisis, aunque cambien los rostros en el poder.<br \/>\nNo se trata de mostrar debilidad ante los grupos radicales, corromper dirigentes, imponer medidas a toda costa ni de gobernar en base a leyes punitivas, sino de entender que por la complejidad de las estructuras sociales, las desigualdades y la crisis multidimensional, hoy m\u00e1s que nunca se necesita incorporar mecanismos de prevenci\u00f3n y espacios de concertaci\u00f3n para alcanzar consenso m\u00ednimos que equilibren: el cumplimiento de la Ley, la vigencia de las instituciones y la implementaci\u00f3n de pol\u00edticas de ajuste, con el desarrollo arm\u00f3nico, la justicia social y las necesidades de los menos favorecidos.<br \/>\nEs urgente que los candidatos incluyan en sus propuestas no solo medidas econ\u00f3micas t\u00e9cnicas, sino tambi\u00e9n estrategias de gobernabilidad integradora, realistas y sostenibles. De ello depende no solo la eficacia del futuro gobierno, sino la posibilidad misma de sostener la democracia.<\/p>\n<p>El autor es Industrial y ex Presidente de la Confederaci\u00f3n de Empresarios Privados de Bolivia.<\/p>\n","protected":false},"excerpt":{"rendered":"<p>En 2002 Gonzalo S\u00e1nchez de Lozada gan\u00f3 las elecciones con un margen muy estrecho. El voto se hab\u00eda dispersado entre cuatro fuerzas principales: el MNR con 22,46% (47 parlamentarios); el MAS con 20,94% (35); NFR con 20,91% (27); y el MIR con 16,32% (31). El MNR no ten\u00eda mayor\u00eda legislativa para implementar su propuesta electoral [&hellip;]<\/p>\n","protected":false},"author":1,"featured_media":188324,"comment_status":"closed","ping_status":"open","sticky":false,"template":"","format":"standard","meta":{"_acf_changed":false,"footnotes":""},"categories":[9],"tags":[],"class_list":["post-318832","post","type-post","status-publish","format-standard","has-post-thumbnail","category-opinion"],"acf":{"antetitulo":""},"yoast_head":"<!-- This site is optimized with the Yoast SEO plugin v28.4 - https:\/\/yoast.com\/product\/yoast-seo-wordpress\/ -->\n<title>Sin gobernabilidad, los pactos y las mayor\u00edas son insuficientes - El Diario - Bolivia<\/title>\n<meta name=\"robots\" content=\"index, follow, max-snippet:-1, max-image-preview:large, max-video-preview:-1\" \/>\n<link rel=\"canonical\" href=\"https:\/\/www.eldiario.net\/portal\/2025\/07\/23\/sin-gobernabilidad-los-pactos-y-las-mayorias-son-insuficientes\/\" \/>\n<meta property=\"og:locale\" content=\"es_ES\" \/>\n<meta property=\"og:type\" content=\"article\" \/>\n<meta property=\"og:title\" content=\"Sin gobernabilidad, los pactos y las mayor\u00edas son insuficientes - El Diario - Bolivia\" \/>\n<meta property=\"og:description\" content=\"En 2002 Gonzalo S\u00e1nchez de Lozada gan\u00f3 las elecciones con un margen muy estrecho. El voto se hab\u00eda dispersado entre cuatro fuerzas principales: el MNR con 22,46% (47 parlamentarios); el MAS con 20,94% (35); NFR con 20,91% (27); y el MIR con 16,32% (31). El MNR no ten\u00eda mayor\u00eda legislativa para implementar su propuesta electoral [&hellip;]\" \/>\n<meta property=\"og:url\" content=\"https:\/\/www.eldiario.net\/portal\/2025\/07\/23\/sin-gobernabilidad-los-pactos-y-las-mayorias-son-insuficientes\/\" \/>\n<meta property=\"og:site_name\" content=\"El Diario - Bolivia\" \/>\n<meta property=\"article:publisher\" content=\"https:\/\/www.facebook.com\/eldiario.bolivia\/\" \/>\n<meta property=\"article:published_time\" content=\"2025-07-23T11:05:15+00:00\" \/>\n<meta property=\"og:image\" content=\"https:\/\/www.eldiario.net\/portal\/wp-content\/uploads\/2023\/11\/Ronald-Nostas-Ardaya.jpg\" \/>\n\t<meta property=\"og:image:width\" content=\"1200\" \/>\n\t<meta property=\"og:image:height\" content=\"628\" \/>\n\t<meta property=\"og:image:type\" content=\"image\/jpeg\" \/>\n<meta name=\"author\" content=\"Jeanette\" \/>\n<meta name=\"twitter:card\" content=\"summary_large_image\" \/>\n<meta name=\"twitter:creator\" content=\"@eldiario_net\" \/>\n<meta name=\"twitter:site\" content=\"@eldiario_net\" \/>\n<meta name=\"twitter:label1\" content=\"Escrito por\" \/>\n\t<meta name=\"twitter:data1\" content=\"Jeanette\" \/>\n\t<meta name=\"twitter:label2\" content=\"Tiempo de lectura\" \/>\n\t<meta name=\"twitter:data2\" content=\"3 minutos\" \/>\n<script type=\"application\/ld+json\" class=\"yoast-schema-graph\">{\"@context\":\"https:\\\/\\\/schema.org\",\"@graph\":[{\"@type\":\"Article\",\"@id\":\"https:\\\/\\\/www.eldiario.net\\\/portal\\\/2025\\\/07\\\/23\\\/sin-gobernabilidad-los-pactos-y-las-mayorias-son-insuficientes\\\/#article\",\"isPartOf\":{\"@id\":\"https:\\\/\\\/www.eldiario.net\\\/portal\\\/2025\\\/07\\\/23\\\/sin-gobernabilidad-los-pactos-y-las-mayorias-son-insuficientes\\\/\"},\"author\":{\"name\":\"Jeanette\",\"@id\":\"https:\\\/\\\/www.eldiario.net\\\/portal\\\/#\\\/schema\\\/person\\\/2c57cf2b7a7ae032e449e4c9b1019eac\"},\"headline\":\"Sin gobernabilidad, los pactos y las mayor\u00edas son insuficientes\",\"datePublished\":\"2025-07-23T11:05:15+00:00\",\"mainEntityOfPage\":{\"@id\":\"https:\\\/\\\/www.eldiario.net\\\/portal\\\/2025\\\/07\\\/23\\\/sin-gobernabilidad-los-pactos-y-las-mayorias-son-insuficientes\\\/\"},\"wordCount\":701,\"publisher\":{\"@id\":\"https:\\\/\\\/www.eldiario.net\\\/portal\\\/#organization\"},\"image\":{\"@id\":\"https:\\\/\\\/www.eldiario.net\\\/portal\\\/2025\\\/07\\\/23\\\/sin-gobernabilidad-los-pactos-y-las-mayorias-son-insuficientes\\\/#primaryimage\"},\"thumbnailUrl\":\"https:\\\/\\\/www.eldiario.net\\\/portal\\\/wp-content\\\/uploads\\\/2023\\\/11\\\/Ronald-Nostas-Ardaya.jpg\",\"articleSection\":[\"Opini\u00f3n\"],\"inLanguage\":\"es\"},{\"@type\":\"WebPage\",\"@id\":\"https:\\\/\\\/www.eldiario.net\\\/portal\\\/2025\\\/07\\\/23\\\/sin-gobernabilidad-los-pactos-y-las-mayorias-son-insuficientes\\\/\",\"url\":\"https:\\\/\\\/www.eldiario.net\\\/portal\\\/2025\\\/07\\\/23\\\/sin-gobernabilidad-los-pactos-y-las-mayorias-son-insuficientes\\\/\",\"name\":\"Sin gobernabilidad, los pactos y las mayor\u00edas son insuficientes - El Diario - Bolivia\",\"isPartOf\":{\"@id\":\"https:\\\/\\\/www.eldiario.net\\\/portal\\\/#website\"},\"primaryImageOfPage\":{\"@id\":\"https:\\\/\\\/www.eldiario.net\\\/portal\\\/2025\\\/07\\\/23\\\/sin-gobernabilidad-los-pactos-y-las-mayorias-son-insuficientes\\\/#primaryimage\"},\"image\":{\"@id\":\"https:\\\/\\\/www.eldiario.net\\\/portal\\\/2025\\\/07\\\/23\\\/sin-gobernabilidad-los-pactos-y-las-mayorias-son-insuficientes\\\/#primaryimage\"},\"thumbnailUrl\":\"https:\\\/\\\/www.eldiario.net\\\/portal\\\/wp-content\\\/uploads\\\/2023\\\/11\\\/Ronald-Nostas-Ardaya.jpg\",\"datePublished\":\"2025-07-23T11:05:15+00:00\",\"breadcrumb\":{\"@id\":\"https:\\\/\\\/www.eldiario.net\\\/portal\\\/2025\\\/07\\\/23\\\/sin-gobernabilidad-los-pactos-y-las-mayorias-son-insuficientes\\\/#breadcrumb\"},\"inLanguage\":\"es\",\"potentialAction\":[{\"@type\":\"ReadAction\",\"target\":[\"https:\\\/\\\/www.eldiario.net\\\/portal\\\/2025\\\/07\\\/23\\\/sin-gobernabilidad-los-pactos-y-las-mayorias-son-insuficientes\\\/\"]}]},{\"@type\":\"ImageObject\",\"inLanguage\":\"es\",\"@id\":\"https:\\\/\\\/www.eldiario.net\\\/portal\\\/2025\\\/07\\\/23\\\/sin-gobernabilidad-los-pactos-y-las-mayorias-son-insuficientes\\\/#primaryimage\",\"url\":\"https:\\\/\\\/www.eldiario.net\\\/portal\\\/wp-content\\\/uploads\\\/2023\\\/11\\\/Ronald-Nostas-Ardaya.jpg\",\"contentUrl\":\"https:\\\/\\\/www.eldiario.net\\\/portal\\\/wp-content\\\/uploads\\\/2023\\\/11\\\/Ronald-Nostas-Ardaya.jpg\",\"width\":1200,\"height\":628,\"caption\":\"Ronald Nostas Ardaya\"},{\"@type\":\"BreadcrumbList\",\"@id\":\"https:\\\/\\\/www.eldiario.net\\\/portal\\\/2025\\\/07\\\/23\\\/sin-gobernabilidad-los-pactos-y-las-mayorias-son-insuficientes\\\/#breadcrumb\",\"itemListElement\":[{\"@type\":\"ListItem\",\"position\":1,\"name\":\"Portada\",\"item\":\"https:\\\/\\\/www.eldiario.net\\\/portal\\\/\"},{\"@type\":\"ListItem\",\"position\":2,\"name\":\"Sin gobernabilidad, los pactos y las mayor\u00edas son insuficientes\"}]},{\"@type\":\"WebSite\",\"@id\":\"https:\\\/\\\/www.eldiario.net\\\/portal\\\/#website\",\"url\":\"https:\\\/\\\/www.eldiario.net\\\/portal\\\/\",\"name\":\"El Diario - Decano de la prensa nacional\",\"description\":\"El Diario - Decano de la prensa nacional\",\"publisher\":{\"@id\":\"https:\\\/\\\/www.eldiario.net\\\/portal\\\/#organization\"},\"potentialAction\":[{\"@type\":\"SearchAction\",\"target\":{\"@type\":\"EntryPoint\",\"urlTemplate\":\"https:\\\/\\\/www.eldiario.net\\\/portal\\\/?s={search_term_string}\"},\"query-input\":{\"@type\":\"PropertyValueSpecification\",\"valueRequired\":true,\"valueName\":\"search_term_string\"}}],\"inLanguage\":\"es\"},{\"@type\":\"Organization\",\"@id\":\"https:\\\/\\\/www.eldiario.net\\\/portal\\\/#organization\",\"name\":\"El Diario - Decano de la prensa nacional\",\"url\":\"https:\\\/\\\/www.eldiario.net\\\/portal\\\/\",\"logo\":{\"@type\":\"ImageObject\",\"inLanguage\":\"es\",\"@id\":\"https:\\\/\\\/www.eldiario.net\\\/portal\\\/#\\\/schema\\\/logo\\\/image\\\/\",\"url\":\"https:\\\/\\\/www.eldiario.net\\\/portal\\\/wp-content\\\/uploads\\\/2023\\\/07\\\/logo_ED.jpg\",\"contentUrl\":\"https:\\\/\\\/www.eldiario.net\\\/portal\\\/wp-content\\\/uploads\\\/2023\\\/07\\\/logo_ED.jpg\",\"width\":272,\"height\":52,\"caption\":\"El Diario - Decano de la prensa nacional\"},\"image\":{\"@id\":\"https:\\\/\\\/www.eldiario.net\\\/portal\\\/#\\\/schema\\\/logo\\\/image\\\/\"},\"sameAs\":[\"https:\\\/\\\/www.facebook.com\\\/eldiario.bolivia\\\/\",\"https:\\\/\\\/x.com\\\/eldiario_net\"]},{\"@type\":\"Person\",\"@id\":\"https:\\\/\\\/www.eldiario.net\\\/portal\\\/#\\\/schema\\\/person\\\/2c57cf2b7a7ae032e449e4c9b1019eac\",\"name\":\"Jeanette\",\"image\":{\"@type\":\"ImageObject\",\"inLanguage\":\"es\",\"@id\":\"https:\\\/\\\/secure.gravatar.com\\\/avatar\\\/3ea2118a5f7dad2b7138b1187a6b7ee55f160b9968b66013c3a3ef39dd7e5798?s=96&d=mm&r=g\",\"url\":\"https:\\\/\\\/secure.gravatar.com\\\/avatar\\\/3ea2118a5f7dad2b7138b1187a6b7ee55f160b9968b66013c3a3ef39dd7e5798?s=96&d=mm&r=g\",\"contentUrl\":\"https:\\\/\\\/secure.gravatar.com\\\/avatar\\\/3ea2118a5f7dad2b7138b1187a6b7ee55f160b9968b66013c3a3ef39dd7e5798?s=96&d=mm&r=g\",\"caption\":\"Jeanette\"},\"sameAs\":[\"https:\\\/\\\/www.eldiario.net\\\/portal\"],\"url\":\"https:\\\/\\\/www.eldiario.net\\\/portal\\\/author\\\/jeanette\\\/\"}]}<\/script>\n<!-- \/ Yoast SEO plugin. -->","yoast_head_json":{"title":"Sin gobernabilidad, los pactos y las mayor\u00edas son insuficientes - El Diario - Bolivia","robots":{"index":"index","follow":"follow","max-snippet":"max-snippet:-1","max-image-preview":"max-image-preview:large","max-video-preview":"max-video-preview:-1"},"canonical":"https:\/\/www.eldiario.net\/portal\/2025\/07\/23\/sin-gobernabilidad-los-pactos-y-las-mayorias-son-insuficientes\/","og_locale":"es_ES","og_type":"article","og_title":"Sin gobernabilidad, los pactos y las mayor\u00edas son insuficientes - El Diario - Bolivia","og_description":"En 2002 Gonzalo S\u00e1nchez de Lozada gan\u00f3 las elecciones con un margen muy estrecho. El voto se hab\u00eda dispersado entre cuatro fuerzas principales: el MNR con 22,46% (47 parlamentarios); el MAS con 20,94% (35); NFR con 20,91% (27); y el MIR con 16,32% (31). El MNR no ten\u00eda mayor\u00eda legislativa para implementar su propuesta electoral [&hellip;]","og_url":"https:\/\/www.eldiario.net\/portal\/2025\/07\/23\/sin-gobernabilidad-los-pactos-y-las-mayorias-son-insuficientes\/","og_site_name":"El Diario - Bolivia","article_publisher":"https:\/\/www.facebook.com\/eldiario.bolivia\/","article_published_time":"2025-07-23T11:05:15+00:00","og_image":[{"width":1200,"height":628,"url":"https:\/\/www.eldiario.net\/portal\/wp-content\/uploads\/2023\/11\/Ronald-Nostas-Ardaya.jpg","type":"image\/jpeg"}],"author":"Jeanette","twitter_card":"summary_large_image","twitter_creator":"@eldiario_net","twitter_site":"@eldiario_net","twitter_misc":{"Escrito por":"Jeanette","Tiempo de lectura":"3 minutos"},"schema":{"@context":"https:\/\/schema.org","@graph":[{"@type":"Article","@id":"https:\/\/www.eldiario.net\/portal\/2025\/07\/23\/sin-gobernabilidad-los-pactos-y-las-mayorias-son-insuficientes\/#article","isPartOf":{"@id":"https:\/\/www.eldiario.net\/portal\/2025\/07\/23\/sin-gobernabilidad-los-pactos-y-las-mayorias-son-insuficientes\/"},"author":{"name":"Jeanette","@id":"https:\/\/www.eldiario.net\/portal\/#\/schema\/person\/2c57cf2b7a7ae032e449e4c9b1019eac"},"headline":"Sin gobernabilidad, los pactos y las mayor\u00edas son insuficientes","datePublished":"2025-07-23T11:05:15+00:00","mainEntityOfPage":{"@id":"https:\/\/www.eldiario.net\/portal\/2025\/07\/23\/sin-gobernabilidad-los-pactos-y-las-mayorias-son-insuficientes\/"},"wordCount":701,"publisher":{"@id":"https:\/\/www.eldiario.net\/portal\/#organization"},"image":{"@id":"https:\/\/www.eldiario.net\/portal\/2025\/07\/23\/sin-gobernabilidad-los-pactos-y-las-mayorias-son-insuficientes\/#primaryimage"},"thumbnailUrl":"https:\/\/www.eldiario.net\/portal\/wp-content\/uploads\/2023\/11\/Ronald-Nostas-Ardaya.jpg","articleSection":["Opini\u00f3n"],"inLanguage":"es"},{"@type":"WebPage","@id":"https:\/\/www.eldiario.net\/portal\/2025\/07\/23\/sin-gobernabilidad-los-pactos-y-las-mayorias-son-insuficientes\/","url":"https:\/\/www.eldiario.net\/portal\/2025\/07\/23\/sin-gobernabilidad-los-pactos-y-las-mayorias-son-insuficientes\/","name":"Sin gobernabilidad, los pactos y las mayor\u00edas son insuficientes - El Diario - Bolivia","isPartOf":{"@id":"https:\/\/www.eldiario.net\/portal\/#website"},"primaryImageOfPage":{"@id":"https:\/\/www.eldiario.net\/portal\/2025\/07\/23\/sin-gobernabilidad-los-pactos-y-las-mayorias-son-insuficientes\/#primaryimage"},"image":{"@id":"https:\/\/www.eldiario.net\/portal\/2025\/07\/23\/sin-gobernabilidad-los-pactos-y-las-mayorias-son-insuficientes\/#primaryimage"},"thumbnailUrl":"https:\/\/www.eldiario.net\/portal\/wp-content\/uploads\/2023\/11\/Ronald-Nostas-Ardaya.jpg","datePublished":"2025-07-23T11:05:15+00:00","breadcrumb":{"@id":"https:\/\/www.eldiario.net\/portal\/2025\/07\/23\/sin-gobernabilidad-los-pactos-y-las-mayorias-son-insuficientes\/#breadcrumb"},"inLanguage":"es","potentialAction":[{"@type":"ReadAction","target":["https:\/\/www.eldiario.net\/portal\/2025\/07\/23\/sin-gobernabilidad-los-pactos-y-las-mayorias-son-insuficientes\/"]}]},{"@type":"ImageObject","inLanguage":"es","@id":"https:\/\/www.eldiario.net\/portal\/2025\/07\/23\/sin-gobernabilidad-los-pactos-y-las-mayorias-son-insuficientes\/#primaryimage","url":"https:\/\/www.eldiario.net\/portal\/wp-content\/uploads\/2023\/11\/Ronald-Nostas-Ardaya.jpg","contentUrl":"https:\/\/www.eldiario.net\/portal\/wp-content\/uploads\/2023\/11\/Ronald-Nostas-Ardaya.jpg","width":1200,"height":628,"caption":"Ronald Nostas Ardaya"},{"@type":"BreadcrumbList","@id":"https:\/\/www.eldiario.net\/portal\/2025\/07\/23\/sin-gobernabilidad-los-pactos-y-las-mayorias-son-insuficientes\/#breadcrumb","itemListElement":[{"@type":"ListItem","position":1,"name":"Portada","item":"https:\/\/www.eldiario.net\/portal\/"},{"@type":"ListItem","position":2,"name":"Sin gobernabilidad, los pactos y las mayor\u00edas son insuficientes"}]},{"@type":"WebSite","@id":"https:\/\/www.eldiario.net\/portal\/#website","url":"https:\/\/www.eldiario.net\/portal\/","name":"El Diario - Decano de la prensa nacional","description":"El Diario - Decano de la prensa nacional","publisher":{"@id":"https:\/\/www.eldiario.net\/portal\/#organization"},"potentialAction":[{"@type":"SearchAction","target":{"@type":"EntryPoint","urlTemplate":"https:\/\/www.eldiario.net\/portal\/?s={search_term_string}"},"query-input":{"@type":"PropertyValueSpecification","valueRequired":true,"valueName":"search_term_string"}}],"inLanguage":"es"},{"@type":"Organization","@id":"https:\/\/www.eldiario.net\/portal\/#organization","name":"El Diario - Decano de la prensa nacional","url":"https:\/\/www.eldiario.net\/portal\/","logo":{"@type":"ImageObject","inLanguage":"es","@id":"https:\/\/www.eldiario.net\/portal\/#\/schema\/logo\/image\/","url":"https:\/\/www.eldiario.net\/portal\/wp-content\/uploads\/2023\/07\/logo_ED.jpg","contentUrl":"https:\/\/www.eldiario.net\/portal\/wp-content\/uploads\/2023\/07\/logo_ED.jpg","width":272,"height":52,"caption":"El Diario - Decano de la prensa nacional"},"image":{"@id":"https:\/\/www.eldiario.net\/portal\/#\/schema\/logo\/image\/"},"sameAs":["https:\/\/www.facebook.com\/eldiario.bolivia\/","https:\/\/x.com\/eldiario_net"]},{"@type":"Person","@id":"https:\/\/www.eldiario.net\/portal\/#\/schema\/person\/2c57cf2b7a7ae032e449e4c9b1019eac","name":"Jeanette","image":{"@type":"ImageObject","inLanguage":"es","@id":"https:\/\/secure.gravatar.com\/avatar\/3ea2118a5f7dad2b7138b1187a6b7ee55f160b9968b66013c3a3ef39dd7e5798?s=96&d=mm&r=g","url":"https:\/\/secure.gravatar.com\/avatar\/3ea2118a5f7dad2b7138b1187a6b7ee55f160b9968b66013c3a3ef39dd7e5798?s=96&d=mm&r=g","contentUrl":"https:\/\/secure.gravatar.com\/avatar\/3ea2118a5f7dad2b7138b1187a6b7ee55f160b9968b66013c3a3ef39dd7e5798?s=96&d=mm&r=g","caption":"Jeanette"},"sameAs":["https:\/\/www.eldiario.net\/portal"],"url":"https:\/\/www.eldiario.net\/portal\/author\/jeanette\/"}]}},"_links":{"self":[{"href":"https:\/\/www.eldiario.net\/portal\/wp-json\/wp\/v2\/posts\/318832","targetHints":{"allow":["GET"]}}],"collection":[{"href":"https:\/\/www.eldiario.net\/portal\/wp-json\/wp\/v2\/posts"}],"about":[{"href":"https:\/\/www.eldiario.net\/portal\/wp-json\/wp\/v2\/types\/post"}],"author":[{"embeddable":true,"href":"https:\/\/www.eldiario.net\/portal\/wp-json\/wp\/v2\/users\/1"}],"replies":[{"embeddable":true,"href":"https:\/\/www.eldiario.net\/portal\/wp-json\/wp\/v2\/comments?post=318832"}],"version-history":[{"count":1,"href":"https:\/\/www.eldiario.net\/portal\/wp-json\/wp\/v2\/posts\/318832\/revisions"}],"predecessor-version":[{"id":318833,"href":"https:\/\/www.eldiario.net\/portal\/wp-json\/wp\/v2\/posts\/318832\/revisions\/318833"}],"wp:featuredmedia":[{"embeddable":true,"href":"https:\/\/www.eldiario.net\/portal\/wp-json\/wp\/v2\/media\/188324"}],"wp:attachment":[{"href":"https:\/\/www.eldiario.net\/portal\/wp-json\/wp\/v2\/media?parent=318832"}],"wp:term":[{"taxonomy":"category","embeddable":true,"href":"https:\/\/www.eldiario.net\/portal\/wp-json\/wp\/v2\/categories?post=318832"},{"taxonomy":"post_tag","embeddable":true,"href":"https:\/\/www.eldiario.net\/portal\/wp-json\/wp\/v2\/tags?post=318832"}],"curies":[{"name":"wp","href":"https:\/\/api.w.org\/{rel}","templated":true}]}}