{"id":318829,"date":"2025-07-23T07:04:22","date_gmt":"2025-07-23T11:04:22","guid":{"rendered":"https:\/\/www.eldiario.net\/portal\/?p=318829"},"modified":"2025-07-23T07:04:22","modified_gmt":"2025-07-23T11:04:22","slug":"la-ultima-verbena-habia-sido-fregado-esto","status":"publish","type":"post","link":"https:\/\/www.eldiario.net\/portal\/2025\/07\/23\/la-ultima-verbena-habia-sido-fregado-esto\/","title":{"rendered":"La \u00faltima verbena, hab\u00eda sido fregado esto"},"content":{"rendered":"<p>En los Discursos sobre la primera d\u00e9cada, de Tito Livio, una de las ense\u00f1anzas que podemos recoger del maestro florentino es que, una vez ganado el desprecio de la poblaci\u00f3n y habiendo ca\u00eddo en el rid\u00edculo, es imposible salir de esa percepci\u00f3n. Debemos recordar tambi\u00e9n que, con su agudeza, dio a conocer con diversos ejemplos que, tras dos gobernantes fuertes y un tercero d\u00e9bil, la ciudad, el principado o la rep\u00fablica corren grave riesgo. En el caso boliviano, dos ejemplos de ello los vemos d\u00eda a d\u00eda: la inoperancia y la falta de decisiones del presidente Luis Arce, y el car\u00e1cter vulgar del alcalde Iv\u00e1n Arias. Ambos representan con claridad lo que no debe hacer un gobernante, aunque los separa una m\u00ednima diferencia: el primero comparece muy poco en los medios de comunicaci\u00f3n y en las redes sociales; el segundo no se cansa de hacer de saltimbanqui por todos los medios posibles, pasando la mayor parte de su tiempo en las calles y no en su despacho, donde deber\u00eda estar trabajando.<br \/>\nEn una reveladora entrevista concedida a la Red Erbol, el alcalde pace\u00f1o sufri\u00f3 un ataque de realidad: descubri\u00f3 la diferencia entre la epist\u00e9me y la d\u00f3xa. Gobernar no hab\u00eda sido tan f\u00e1cil como opinar, y declar\u00f3 casi acongojado: \u201cHab\u00eda sido fregado esto, por no decir jodido\u201d. Al igual que Cola di Rienzo, quien cre\u00eda tener la capacidad de refundar la vieja rep\u00fablica romana, su pol\u00edtica era pura declamaci\u00f3n y literatura. El desastre inminente de Roma se tej\u00eda cada d\u00eda, del mismo modo que en La Paz el abandono se puede apreciar en cada calle, m\u00e1s all\u00e1 de los discursos o del circo que armaba sin \u00e9xito para distraer a la poblaci\u00f3n. Los gobernantes suelen pensar que la ciudadan\u00eda no se da cuenta de lo que ocurre a su alrededor. En el caso de Roma, la anomia y el pillaje se convirtieron en moneda corriente, sin ley ni orden. En el caso pace\u00f1o, la ausencia de autoridad y de gobierno municipal son evidentes y forman parte del modelo de gesti\u00f3n de Arias, teniendo como norte las construcciones fuera de norma, como los ic\u00f3nicos edificios de Las Loritas.<br \/>\nLa trama de corrupci\u00f3n no se limita a la baja del comunicado que informaba a la poblaci\u00f3n sobre Las Loritas, sino que incluye tambi\u00e9n el gran negociado de la publicidad urbana, el gasto de medio mill\u00f3n de euros en una ciclov\u00eda que nadie utiliza, un letrero tipo Hollywood de m\u00e1s de dos millones de bolivianos, y las verbenas que no pueden faltar para el divertimento del alcalde, o su rid\u00edcula excursi\u00f3n a vender marraquetas en la Fexpocruz con un innumerable s\u00e9quito. Pareciera no importarle que la avenida Del Poeta est\u00e9 cerrada desde hace meses, que la calle Abd\u00f3n Saavedra no se haya concluido tras m\u00e1s de quinientos d\u00edas, o que la falta de prevenci\u00f3n de riesgos y la nula fiscalizaci\u00f3n territorial hayan generado escenarios dantescos como el de Bajo Llojeta o los desbordes de r\u00edos en Irpavi y Achumani, sin olvidar el uso del \u201cbotell\u00f3metro\u201d para medir el movimiento de tierras.<br \/>\nDebemos recordar tambi\u00e9n agencias municipales que poco o nada han hecho: cerraron la Agencia Municipal de Cooperaci\u00f3n, que cumpl\u00eda una labor fundamental en gestiones anteriores para captar recursos destinados a la prevenci\u00f3n de riesgos y obras como los Barrios de Verdad; y crearon la Agencia Municipal del Bicentenario, presentada con pompa y boato, pero que hasta hoy no ha realizado alguna actividad, pese a que de los doscientos a\u00f1os de independencia del pa\u00eds, ciento veinticinco se forjaron desde La Paz.<br \/>\nEn casi cinco a\u00f1os de gesti\u00f3n, Arias y sus conmilitones han despilfarrado alrededor de ocho mil millones de bolivianos, de los cuales m\u00e1s de dos mil quinientos millones se han destinado a salarios, y m\u00e1s de cuatrocientos millones al pago de deudas, superando en m\u00e1s de treinta millones las deudas heredadas de la anterior gesti\u00f3n. La Paz est\u00e1 gobernada por la inoperancia, la incapacidad, la ineficiencia y la ineficacia. Por suerte para los pace\u00f1os, la gesti\u00f3n de Arias se acaba, y no tiene posibilidad de ser reelecto. Ya se van.<\/p>\n<p>El autor es polit\u00f3logo.<\/p>\n","protected":false},"excerpt":{"rendered":"<p>En los Discursos sobre la primera d\u00e9cada, de Tito Livio, una de las ense\u00f1anzas que podemos recoger del maestro florentino es que, una vez ganado el desprecio de la poblaci\u00f3n y habiendo ca\u00eddo en el rid\u00edculo, es imposible salir de esa percepci\u00f3n. Debemos recordar tambi\u00e9n que, con su agudeza, dio a conocer con diversos ejemplos [&hellip;]<\/p>\n","protected":false},"author":1,"featured_media":160620,"comment_status":"closed","ping_status":"open","sticky":false,"template":"","format":"standard","meta":{"_acf_changed":false,"footnotes":""},"categories":[9],"tags":[],"class_list":["post-318829","post","type-post","status-publish","format-standard","has-post-thumbnail","category-opinion"],"acf":{"antetitulo":""},"yoast_head":"<!-- This site is optimized with the Yoast SEO plugin v28.4 - https:\/\/yoast.com\/product\/yoast-seo-wordpress\/ -->\n<title>La \u00faltima verbena, hab\u00eda sido fregado esto - El Diario - Bolivia<\/title>\n<meta name=\"robots\" content=\"index, follow, max-snippet:-1, max-image-preview:large, max-video-preview:-1\" \/>\n<link rel=\"canonical\" href=\"https:\/\/www.eldiario.net\/portal\/2025\/07\/23\/la-ultima-verbena-habia-sido-fregado-esto\/\" \/>\n<meta property=\"og:locale\" content=\"es_ES\" \/>\n<meta property=\"og:type\" content=\"article\" \/>\n<meta property=\"og:title\" content=\"La \u00faltima verbena, hab\u00eda sido fregado esto - El Diario - Bolivia\" \/>\n<meta property=\"og:description\" content=\"En los Discursos sobre la primera d\u00e9cada, de Tito Livio, una de las ense\u00f1anzas que podemos recoger del maestro florentino es que, una vez ganado el desprecio de la poblaci\u00f3n y habiendo ca\u00eddo en el rid\u00edculo, es imposible salir de esa percepci\u00f3n. Debemos recordar tambi\u00e9n que, con su agudeza, dio a conocer con diversos ejemplos [&hellip;]\" \/>\n<meta property=\"og:url\" content=\"https:\/\/www.eldiario.net\/portal\/2025\/07\/23\/la-ultima-verbena-habia-sido-fregado-esto\/\" \/>\n<meta property=\"og:site_name\" content=\"El Diario - Bolivia\" \/>\n<meta property=\"article:publisher\" content=\"https:\/\/www.facebook.com\/eldiario.bolivia\/\" \/>\n<meta property=\"article:published_time\" content=\"2025-07-23T11:04:22+00:00\" \/>\n<meta property=\"og:image\" content=\"https:\/\/www.eldiario.net\/portal\/wp-content\/uploads\/2023\/06\/Jorge-Roberto-Marquez-Meruvia.jpg\" \/>\n\t<meta property=\"og:image:width\" content=\"1200\" \/>\n\t<meta property=\"og:image:height\" content=\"628\" \/>\n\t<meta property=\"og:image:type\" content=\"image\/jpeg\" \/>\n<meta name=\"author\" content=\"Jeanette\" \/>\n<meta name=\"twitter:card\" content=\"summary_large_image\" \/>\n<meta name=\"twitter:creator\" content=\"@eldiario_net\" \/>\n<meta name=\"twitter:site\" content=\"@eldiario_net\" \/>\n<meta name=\"twitter:label1\" content=\"Escrito por\" \/>\n\t<meta name=\"twitter:data1\" content=\"Jeanette\" \/>\n\t<meta name=\"twitter:label2\" content=\"Tiempo de lectura\" \/>\n\t<meta name=\"twitter:data2\" content=\"4 minutos\" \/>\n<script type=\"application\/ld+json\" class=\"yoast-schema-graph\">{\"@context\":\"https:\\\/\\\/schema.org\",\"@graph\":[{\"@type\":\"Article\",\"@id\":\"https:\\\/\\\/www.eldiario.net\\\/portal\\\/2025\\\/07\\\/23\\\/la-ultima-verbena-habia-sido-fregado-esto\\\/#article\",\"isPartOf\":{\"@id\":\"https:\\\/\\\/www.eldiario.net\\\/portal\\\/2025\\\/07\\\/23\\\/la-ultima-verbena-habia-sido-fregado-esto\\\/\"},\"author\":{\"name\":\"Jeanette\",\"@id\":\"https:\\\/\\\/www.eldiario.net\\\/portal\\\/#\\\/schema\\\/person\\\/2c57cf2b7a7ae032e449e4c9b1019eac\"},\"headline\":\"La \u00faltima verbena, hab\u00eda sido fregado esto\",\"datePublished\":\"2025-07-23T11:04:22+00:00\",\"mainEntityOfPage\":{\"@id\":\"https:\\\/\\\/www.eldiario.net\\\/portal\\\/2025\\\/07\\\/23\\\/la-ultima-verbena-habia-sido-fregado-esto\\\/\"},\"wordCount\":755,\"publisher\":{\"@id\":\"https:\\\/\\\/www.eldiario.net\\\/portal\\\/#organization\"},\"image\":{\"@id\":\"https:\\\/\\\/www.eldiario.net\\\/portal\\\/2025\\\/07\\\/23\\\/la-ultima-verbena-habia-sido-fregado-esto\\\/#primaryimage\"},\"thumbnailUrl\":\"https:\\\/\\\/www.eldiario.net\\\/portal\\\/wp-content\\\/uploads\\\/2023\\\/06\\\/Jorge-Roberto-Marquez-Meruvia.jpg\",\"articleSection\":[\"Opini\u00f3n\"],\"inLanguage\":\"es\"},{\"@type\":\"WebPage\",\"@id\":\"https:\\\/\\\/www.eldiario.net\\\/portal\\\/2025\\\/07\\\/23\\\/la-ultima-verbena-habia-sido-fregado-esto\\\/\",\"url\":\"https:\\\/\\\/www.eldiario.net\\\/portal\\\/2025\\\/07\\\/23\\\/la-ultima-verbena-habia-sido-fregado-esto\\\/\",\"name\":\"La \u00faltima verbena, hab\u00eda sido fregado esto - El Diario - Bolivia\",\"isPartOf\":{\"@id\":\"https:\\\/\\\/www.eldiario.net\\\/portal\\\/#website\"},\"primaryImageOfPage\":{\"@id\":\"https:\\\/\\\/www.eldiario.net\\\/portal\\\/2025\\\/07\\\/23\\\/la-ultima-verbena-habia-sido-fregado-esto\\\/#primaryimage\"},\"image\":{\"@id\":\"https:\\\/\\\/www.eldiario.net\\\/portal\\\/2025\\\/07\\\/23\\\/la-ultima-verbena-habia-sido-fregado-esto\\\/#primaryimage\"},\"thumbnailUrl\":\"https:\\\/\\\/www.eldiario.net\\\/portal\\\/wp-content\\\/uploads\\\/2023\\\/06\\\/Jorge-Roberto-Marquez-Meruvia.jpg\",\"datePublished\":\"2025-07-23T11:04:22+00:00\",\"breadcrumb\":{\"@id\":\"https:\\\/\\\/www.eldiario.net\\\/portal\\\/2025\\\/07\\\/23\\\/la-ultima-verbena-habia-sido-fregado-esto\\\/#breadcrumb\"},\"inLanguage\":\"es\",\"potentialAction\":[{\"@type\":\"ReadAction\",\"target\":[\"https:\\\/\\\/www.eldiario.net\\\/portal\\\/2025\\\/07\\\/23\\\/la-ultima-verbena-habia-sido-fregado-esto\\\/\"]}]},{\"@type\":\"ImageObject\",\"inLanguage\":\"es\",\"@id\":\"https:\\\/\\\/www.eldiario.net\\\/portal\\\/2025\\\/07\\\/23\\\/la-ultima-verbena-habia-sido-fregado-esto\\\/#primaryimage\",\"url\":\"https:\\\/\\\/www.eldiario.net\\\/portal\\\/wp-content\\\/uploads\\\/2023\\\/06\\\/Jorge-Roberto-Marquez-Meruvia.jpg\",\"contentUrl\":\"https:\\\/\\\/www.eldiario.net\\\/portal\\\/wp-content\\\/uploads\\\/2023\\\/06\\\/Jorge-Roberto-Marquez-Meruvia.jpg\",\"width\":1200,\"height\":628,\"caption\":\"Jorge Roberto Marquez Meruvia\"},{\"@type\":\"BreadcrumbList\",\"@id\":\"https:\\\/\\\/www.eldiario.net\\\/portal\\\/2025\\\/07\\\/23\\\/la-ultima-verbena-habia-sido-fregado-esto\\\/#breadcrumb\",\"itemListElement\":[{\"@type\":\"ListItem\",\"position\":1,\"name\":\"Portada\",\"item\":\"https:\\\/\\\/www.eldiario.net\\\/portal\\\/\"},{\"@type\":\"ListItem\",\"position\":2,\"name\":\"La \u00faltima verbena, hab\u00eda sido fregado esto\"}]},{\"@type\":\"WebSite\",\"@id\":\"https:\\\/\\\/www.eldiario.net\\\/portal\\\/#website\",\"url\":\"https:\\\/\\\/www.eldiario.net\\\/portal\\\/\",\"name\":\"El Diario - Decano de la prensa nacional\",\"description\":\"El Diario - Decano de la prensa nacional\",\"publisher\":{\"@id\":\"https:\\\/\\\/www.eldiario.net\\\/portal\\\/#organization\"},\"potentialAction\":[{\"@type\":\"SearchAction\",\"target\":{\"@type\":\"EntryPoint\",\"urlTemplate\":\"https:\\\/\\\/www.eldiario.net\\\/portal\\\/?s={search_term_string}\"},\"query-input\":{\"@type\":\"PropertyValueSpecification\",\"valueRequired\":true,\"valueName\":\"search_term_string\"}}],\"inLanguage\":\"es\"},{\"@type\":\"Organization\",\"@id\":\"https:\\\/\\\/www.eldiario.net\\\/portal\\\/#organization\",\"name\":\"El Diario - Decano de la prensa nacional\",\"url\":\"https:\\\/\\\/www.eldiario.net\\\/portal\\\/\",\"logo\":{\"@type\":\"ImageObject\",\"inLanguage\":\"es\",\"@id\":\"https:\\\/\\\/www.eldiario.net\\\/portal\\\/#\\\/schema\\\/logo\\\/image\\\/\",\"url\":\"https:\\\/\\\/www.eldiario.net\\\/portal\\\/wp-content\\\/uploads\\\/2023\\\/07\\\/logo_ED.jpg\",\"contentUrl\":\"https:\\\/\\\/www.eldiario.net\\\/portal\\\/wp-content\\\/uploads\\\/2023\\\/07\\\/logo_ED.jpg\",\"width\":272,\"height\":52,\"caption\":\"El Diario - Decano de la prensa nacional\"},\"image\":{\"@id\":\"https:\\\/\\\/www.eldiario.net\\\/portal\\\/#\\\/schema\\\/logo\\\/image\\\/\"},\"sameAs\":[\"https:\\\/\\\/www.facebook.com\\\/eldiario.bolivia\\\/\",\"https:\\\/\\\/x.com\\\/eldiario_net\"]},{\"@type\":\"Person\",\"@id\":\"https:\\\/\\\/www.eldiario.net\\\/portal\\\/#\\\/schema\\\/person\\\/2c57cf2b7a7ae032e449e4c9b1019eac\",\"name\":\"Jeanette\",\"image\":{\"@type\":\"ImageObject\",\"inLanguage\":\"es\",\"@id\":\"https:\\\/\\\/secure.gravatar.com\\\/avatar\\\/3ea2118a5f7dad2b7138b1187a6b7ee55f160b9968b66013c3a3ef39dd7e5798?s=96&d=mm&r=g\",\"url\":\"https:\\\/\\\/secure.gravatar.com\\\/avatar\\\/3ea2118a5f7dad2b7138b1187a6b7ee55f160b9968b66013c3a3ef39dd7e5798?s=96&d=mm&r=g\",\"contentUrl\":\"https:\\\/\\\/secure.gravatar.com\\\/avatar\\\/3ea2118a5f7dad2b7138b1187a6b7ee55f160b9968b66013c3a3ef39dd7e5798?s=96&d=mm&r=g\",\"caption\":\"Jeanette\"},\"sameAs\":[\"https:\\\/\\\/www.eldiario.net\\\/portal\"],\"url\":\"https:\\\/\\\/www.eldiario.net\\\/portal\\\/author\\\/jeanette\\\/\"}]}<\/script>\n<!-- \/ Yoast SEO plugin. -->","yoast_head_json":{"title":"La \u00faltima verbena, hab\u00eda sido fregado esto - El Diario - Bolivia","robots":{"index":"index","follow":"follow","max-snippet":"max-snippet:-1","max-image-preview":"max-image-preview:large","max-video-preview":"max-video-preview:-1"},"canonical":"https:\/\/www.eldiario.net\/portal\/2025\/07\/23\/la-ultima-verbena-habia-sido-fregado-esto\/","og_locale":"es_ES","og_type":"article","og_title":"La \u00faltima verbena, hab\u00eda sido fregado esto - El Diario - Bolivia","og_description":"En los Discursos sobre la primera d\u00e9cada, de Tito Livio, una de las ense\u00f1anzas que podemos recoger del maestro florentino es que, una vez ganado el desprecio de la poblaci\u00f3n y habiendo ca\u00eddo en el rid\u00edculo, es imposible salir de esa percepci\u00f3n. Debemos recordar tambi\u00e9n que, con su agudeza, dio a conocer con diversos ejemplos [&hellip;]","og_url":"https:\/\/www.eldiario.net\/portal\/2025\/07\/23\/la-ultima-verbena-habia-sido-fregado-esto\/","og_site_name":"El Diario - Bolivia","article_publisher":"https:\/\/www.facebook.com\/eldiario.bolivia\/","article_published_time":"2025-07-23T11:04:22+00:00","og_image":[{"width":1200,"height":628,"url":"https:\/\/www.eldiario.net\/portal\/wp-content\/uploads\/2023\/06\/Jorge-Roberto-Marquez-Meruvia.jpg","type":"image\/jpeg"}],"author":"Jeanette","twitter_card":"summary_large_image","twitter_creator":"@eldiario_net","twitter_site":"@eldiario_net","twitter_misc":{"Escrito por":"Jeanette","Tiempo de lectura":"4 minutos"},"schema":{"@context":"https:\/\/schema.org","@graph":[{"@type":"Article","@id":"https:\/\/www.eldiario.net\/portal\/2025\/07\/23\/la-ultima-verbena-habia-sido-fregado-esto\/#article","isPartOf":{"@id":"https:\/\/www.eldiario.net\/portal\/2025\/07\/23\/la-ultima-verbena-habia-sido-fregado-esto\/"},"author":{"name":"Jeanette","@id":"https:\/\/www.eldiario.net\/portal\/#\/schema\/person\/2c57cf2b7a7ae032e449e4c9b1019eac"},"headline":"La \u00faltima verbena, hab\u00eda sido fregado esto","datePublished":"2025-07-23T11:04:22+00:00","mainEntityOfPage":{"@id":"https:\/\/www.eldiario.net\/portal\/2025\/07\/23\/la-ultima-verbena-habia-sido-fregado-esto\/"},"wordCount":755,"publisher":{"@id":"https:\/\/www.eldiario.net\/portal\/#organization"},"image":{"@id":"https:\/\/www.eldiario.net\/portal\/2025\/07\/23\/la-ultima-verbena-habia-sido-fregado-esto\/#primaryimage"},"thumbnailUrl":"https:\/\/www.eldiario.net\/portal\/wp-content\/uploads\/2023\/06\/Jorge-Roberto-Marquez-Meruvia.jpg","articleSection":["Opini\u00f3n"],"inLanguage":"es"},{"@type":"WebPage","@id":"https:\/\/www.eldiario.net\/portal\/2025\/07\/23\/la-ultima-verbena-habia-sido-fregado-esto\/","url":"https:\/\/www.eldiario.net\/portal\/2025\/07\/23\/la-ultima-verbena-habia-sido-fregado-esto\/","name":"La \u00faltima verbena, hab\u00eda sido fregado esto - El Diario - Bolivia","isPartOf":{"@id":"https:\/\/www.eldiario.net\/portal\/#website"},"primaryImageOfPage":{"@id":"https:\/\/www.eldiario.net\/portal\/2025\/07\/23\/la-ultima-verbena-habia-sido-fregado-esto\/#primaryimage"},"image":{"@id":"https:\/\/www.eldiario.net\/portal\/2025\/07\/23\/la-ultima-verbena-habia-sido-fregado-esto\/#primaryimage"},"thumbnailUrl":"https:\/\/www.eldiario.net\/portal\/wp-content\/uploads\/2023\/06\/Jorge-Roberto-Marquez-Meruvia.jpg","datePublished":"2025-07-23T11:04:22+00:00","breadcrumb":{"@id":"https:\/\/www.eldiario.net\/portal\/2025\/07\/23\/la-ultima-verbena-habia-sido-fregado-esto\/#breadcrumb"},"inLanguage":"es","potentialAction":[{"@type":"ReadAction","target":["https:\/\/www.eldiario.net\/portal\/2025\/07\/23\/la-ultima-verbena-habia-sido-fregado-esto\/"]}]},{"@type":"ImageObject","inLanguage":"es","@id":"https:\/\/www.eldiario.net\/portal\/2025\/07\/23\/la-ultima-verbena-habia-sido-fregado-esto\/#primaryimage","url":"https:\/\/www.eldiario.net\/portal\/wp-content\/uploads\/2023\/06\/Jorge-Roberto-Marquez-Meruvia.jpg","contentUrl":"https:\/\/www.eldiario.net\/portal\/wp-content\/uploads\/2023\/06\/Jorge-Roberto-Marquez-Meruvia.jpg","width":1200,"height":628,"caption":"Jorge Roberto Marquez Meruvia"},{"@type":"BreadcrumbList","@id":"https:\/\/www.eldiario.net\/portal\/2025\/07\/23\/la-ultima-verbena-habia-sido-fregado-esto\/#breadcrumb","itemListElement":[{"@type":"ListItem","position":1,"name":"Portada","item":"https:\/\/www.eldiario.net\/portal\/"},{"@type":"ListItem","position":2,"name":"La \u00faltima verbena, hab\u00eda sido fregado esto"}]},{"@type":"WebSite","@id":"https:\/\/www.eldiario.net\/portal\/#website","url":"https:\/\/www.eldiario.net\/portal\/","name":"El Diario - Decano de la prensa nacional","description":"El Diario - Decano de la prensa nacional","publisher":{"@id":"https:\/\/www.eldiario.net\/portal\/#organization"},"potentialAction":[{"@type":"SearchAction","target":{"@type":"EntryPoint","urlTemplate":"https:\/\/www.eldiario.net\/portal\/?s={search_term_string}"},"query-input":{"@type":"PropertyValueSpecification","valueRequired":true,"valueName":"search_term_string"}}],"inLanguage":"es"},{"@type":"Organization","@id":"https:\/\/www.eldiario.net\/portal\/#organization","name":"El Diario - Decano de la prensa nacional","url":"https:\/\/www.eldiario.net\/portal\/","logo":{"@type":"ImageObject","inLanguage":"es","@id":"https:\/\/www.eldiario.net\/portal\/#\/schema\/logo\/image\/","url":"https:\/\/www.eldiario.net\/portal\/wp-content\/uploads\/2023\/07\/logo_ED.jpg","contentUrl":"https:\/\/www.eldiario.net\/portal\/wp-content\/uploads\/2023\/07\/logo_ED.jpg","width":272,"height":52,"caption":"El Diario - Decano de la prensa nacional"},"image":{"@id":"https:\/\/www.eldiario.net\/portal\/#\/schema\/logo\/image\/"},"sameAs":["https:\/\/www.facebook.com\/eldiario.bolivia\/","https:\/\/x.com\/eldiario_net"]},{"@type":"Person","@id":"https:\/\/www.eldiario.net\/portal\/#\/schema\/person\/2c57cf2b7a7ae032e449e4c9b1019eac","name":"Jeanette","image":{"@type":"ImageObject","inLanguage":"es","@id":"https:\/\/secure.gravatar.com\/avatar\/3ea2118a5f7dad2b7138b1187a6b7ee55f160b9968b66013c3a3ef39dd7e5798?s=96&d=mm&r=g","url":"https:\/\/secure.gravatar.com\/avatar\/3ea2118a5f7dad2b7138b1187a6b7ee55f160b9968b66013c3a3ef39dd7e5798?s=96&d=mm&r=g","contentUrl":"https:\/\/secure.gravatar.com\/avatar\/3ea2118a5f7dad2b7138b1187a6b7ee55f160b9968b66013c3a3ef39dd7e5798?s=96&d=mm&r=g","caption":"Jeanette"},"sameAs":["https:\/\/www.eldiario.net\/portal"],"url":"https:\/\/www.eldiario.net\/portal\/author\/jeanette\/"}]}},"_links":{"self":[{"href":"https:\/\/www.eldiario.net\/portal\/wp-json\/wp\/v2\/posts\/318829","targetHints":{"allow":["GET"]}}],"collection":[{"href":"https:\/\/www.eldiario.net\/portal\/wp-json\/wp\/v2\/posts"}],"about":[{"href":"https:\/\/www.eldiario.net\/portal\/wp-json\/wp\/v2\/types\/post"}],"author":[{"embeddable":true,"href":"https:\/\/www.eldiario.net\/portal\/wp-json\/wp\/v2\/users\/1"}],"replies":[{"embeddable":true,"href":"https:\/\/www.eldiario.net\/portal\/wp-json\/wp\/v2\/comments?post=318829"}],"version-history":[{"count":1,"href":"https:\/\/www.eldiario.net\/portal\/wp-json\/wp\/v2\/posts\/318829\/revisions"}],"predecessor-version":[{"id":318830,"href":"https:\/\/www.eldiario.net\/portal\/wp-json\/wp\/v2\/posts\/318829\/revisions\/318830"}],"wp:featuredmedia":[{"embeddable":true,"href":"https:\/\/www.eldiario.net\/portal\/wp-json\/wp\/v2\/media\/160620"}],"wp:attachment":[{"href":"https:\/\/www.eldiario.net\/portal\/wp-json\/wp\/v2\/media?parent=318829"}],"wp:term":[{"taxonomy":"category","embeddable":true,"href":"https:\/\/www.eldiario.net\/portal\/wp-json\/wp\/v2\/categories?post=318829"},{"taxonomy":"post_tag","embeddable":true,"href":"https:\/\/www.eldiario.net\/portal\/wp-json\/wp\/v2\/tags?post=318829"}],"curies":[{"name":"wp","href":"https:\/\/api.w.org\/{rel}","templated":true}]}}