{"id":318827,"date":"2025-07-23T07:03:59","date_gmt":"2025-07-23T11:03:59","guid":{"rendered":"https:\/\/www.eldiario.net\/portal\/?p=318827"},"modified":"2025-07-23T07:03:59","modified_gmt":"2025-07-23T11:03:59","slug":"beneficios-de-tener-un-can","status":"publish","type":"post","link":"https:\/\/www.eldiario.net\/portal\/2025\/07\/23\/beneficios-de-tener-un-can\/","title":{"rendered":"Beneficios de tener un can"},"content":{"rendered":"<p>Camila Caruso en su nota \u201cLos beneficios comprobados de convivir con un perro, seg\u00fan la ciencia\u201d, da cuenta que instituciones m\u00e9dicas y universidades documentan c\u00f3mo la relaci\u00f3n cotidiana con estos animales incide en la calidad de vida de personas de todas las edades. Cada 21 de julio se celebra el D\u00eda Mundial del Perro, fecha en la que se enfoca el impacto de estos animales en nuestras vidas.<br \/>\nM\u00e1s all\u00e1 de su lugar como compa\u00f1eros, investigaciones cient\u00edficas muestran que pueden influir de forma significativa en la salud mental, f\u00edsica y social de las personas, en todas las etapas de la vida. Desde la Universidad de California en Davis (UC Davis), los expertos se\u00f1alan que \u201clos perros, en particular, reducen el estr\u00e9s, la ansiedad y la depresi\u00f3n, alivian la soledad, fomentan el ejercicio y mejoran la salud en general\u201d.<br \/>\nEn la misma l\u00ednea, la Mayo Clinic destaca que los perros \u201cfuerzan a las personas a moverse\u201d. Seg\u00fan la instituci\u00f3n, los tutores de canes son m\u00e1s propensos a informar ejercicio f\u00edsico regular que quienes no tienen mascotas\u201d, lo que mejora el flujo sangu\u00edneo, fortalece m\u00fasculos y articulaciones, y disminuye la rigidez corporal. Este ejercicio se traduce en beneficios concretos. \u201cCaminar 30 minutos al d\u00eda reduce el riesgo de enfermedad coronaria, osteoporosis, c\u00e1ncer de colon y mama, y diabetes tipo 2\u201d, detallan los especialistas de la cl\u00ednica. Incluso ese nivel de actividad leve a moderada \u201cpuede ayudarte a alcanzar un sue\u00f1o m\u00e1s profundo y reparador\u201d. Esa actividad sostenida mejora no solo la condici\u00f3n f\u00edsica, sino tambi\u00e9n los niveles de ansiedad y depresi\u00f3n, se a\u00f1ade.<br \/>\nOtro estudio publicado en la revista PLOS ONE examin\u00f3 los efectos psicofisiol\u00f3gicos de distintas actividades con perros sobre la actividad cerebral. Treinta adultos participaron en ocho tipos de interacci\u00f3n (caminar, jugar, alimentar, masajear, entre otras) mientras se registraban sus ondas cerebrales con electroencefalograma. Los resultados mostraron que acciones como jugar y caminar con el perro aumentaron los niveles de ondas alfa, asociadas a la relajaci\u00f3n, y ondas beta, relacionadas con la atenci\u00f3n sin estr\u00e9s. El v\u00ednculo tambi\u00e9n tiene un impacto hormonal.<br \/>\nLa Universidad de Harvard sostiene que, acariciar \u201csuavemente a un perro puede desencadenar la liberaci\u00f3n de oxitocina, la llamada hormona del amor\u201d, y que esta interacci\u00f3n contribuye a generar \u201cuna sensaci\u00f3n de pertenencia, conexi\u00f3n y satisfacci\u00f3n\u201d. Las personas mayores tambi\u00e9n encuentran en sus perros una fuente de bienestar integral. El informe de la UC Davis subraya que los adultos mayores que tienen perros \u201creportan una reducci\u00f3n del estr\u00e9s y la soledad, as\u00ed como un aumento de la actividad y de la calidad de vida. En el caso de personas con Alzheimer o demencia, los perros contribuyen a \u201creducir la angustia, la soledad y la depresi\u00f3n\u201d, seg\u00fan el mismo art\u00edculo. Y la Universidad de Harvard indica: \u201ctener una mascota parece disminuir el riesgo de desarrollar hipertensi\u00f3n y puede mejorar el control de la presi\u00f3n arterial\u201d.<\/p>\n<p>www.dafoheradio.com<\/p>\n","protected":false},"excerpt":{"rendered":"<p>Camila Caruso en su nota \u201cLos beneficios comprobados de convivir con un perro, seg\u00fan la ciencia\u201d, da cuenta que instituciones m\u00e9dicas y universidades documentan c\u00f3mo la relaci\u00f3n cotidiana con estos animales incide en la calidad de vida de personas de todas las edades. Cada 21 de julio se celebra el D\u00eda Mundial del Perro, fecha [&hellip;]<\/p>\n","protected":false},"author":1,"featured_media":158961,"comment_status":"closed","ping_status":"open","sticky":false,"template":"","format":"standard","meta":{"_acf_changed":false,"footnotes":""},"categories":[9],"tags":[],"class_list":["post-318827","post","type-post","status-publish","format-standard","has-post-thumbnail","category-opinion"],"acf":{"antetitulo":""},"yoast_head":"<!-- This site is optimized with the Yoast SEO plugin v28.4 - https:\/\/yoast.com\/product\/yoast-seo-wordpress\/ -->\n<title>Beneficios de tener un can - El Diario - Bolivia<\/title>\n<meta name=\"robots\" content=\"index, follow, max-snippet:-1, max-image-preview:large, max-video-preview:-1\" \/>\n<link rel=\"canonical\" href=\"https:\/\/www.eldiario.net\/portal\/2025\/07\/23\/beneficios-de-tener-un-can\/\" \/>\n<meta property=\"og:locale\" content=\"es_ES\" \/>\n<meta property=\"og:type\" content=\"article\" \/>\n<meta property=\"og:title\" content=\"Beneficios de tener un can - El Diario - Bolivia\" \/>\n<meta property=\"og:description\" content=\"Camila Caruso en su nota \u201cLos beneficios comprobados de convivir con un perro, seg\u00fan la ciencia\u201d, da cuenta que instituciones m\u00e9dicas y universidades documentan c\u00f3mo la relaci\u00f3n cotidiana con estos animales incide en la calidad de vida de personas de todas las edades. Cada 21 de julio se celebra el D\u00eda Mundial del Perro, fecha [&hellip;]\" \/>\n<meta property=\"og:url\" content=\"https:\/\/www.eldiario.net\/portal\/2025\/07\/23\/beneficios-de-tener-un-can\/\" \/>\n<meta property=\"og:site_name\" content=\"El Diario - Bolivia\" \/>\n<meta property=\"article:publisher\" content=\"https:\/\/www.facebook.com\/eldiario.bolivia\/\" \/>\n<meta property=\"article:published_time\" content=\"2025-07-23T11:03:59+00:00\" \/>\n<meta property=\"og:image\" content=\"https:\/\/www.eldiario.net\/portal\/wp-content\/uploads\/2023\/06\/David-Foronda-H.jpg\" \/>\n\t<meta property=\"og:image:width\" content=\"1200\" \/>\n\t<meta property=\"og:image:height\" content=\"628\" \/>\n\t<meta property=\"og:image:type\" content=\"image\/jpeg\" \/>\n<meta name=\"author\" content=\"Jeanette\" \/>\n<meta name=\"twitter:card\" content=\"summary_large_image\" \/>\n<meta name=\"twitter:creator\" content=\"@eldiario_net\" \/>\n<meta name=\"twitter:site\" content=\"@eldiario_net\" \/>\n<meta name=\"twitter:label1\" content=\"Escrito por\" \/>\n\t<meta name=\"twitter:data1\" content=\"Jeanette\" \/>\n\t<meta name=\"twitter:label2\" content=\"Tiempo de lectura\" \/>\n\t<meta name=\"twitter:data2\" content=\"3 minutos\" \/>\n<script type=\"application\/ld+json\" class=\"yoast-schema-graph\">{\"@context\":\"https:\\\/\\\/schema.org\",\"@graph\":[{\"@type\":\"Article\",\"@id\":\"https:\\\/\\\/www.eldiario.net\\\/portal\\\/2025\\\/07\\\/23\\\/beneficios-de-tener-un-can\\\/#article\",\"isPartOf\":{\"@id\":\"https:\\\/\\\/www.eldiario.net\\\/portal\\\/2025\\\/07\\\/23\\\/beneficios-de-tener-un-can\\\/\"},\"author\":{\"name\":\"Jeanette\",\"@id\":\"https:\\\/\\\/www.eldiario.net\\\/portal\\\/#\\\/schema\\\/person\\\/2c57cf2b7a7ae032e449e4c9b1019eac\"},\"headline\":\"Beneficios de tener un can\",\"datePublished\":\"2025-07-23T11:03:59+00:00\",\"mainEntityOfPage\":{\"@id\":\"https:\\\/\\\/www.eldiario.net\\\/portal\\\/2025\\\/07\\\/23\\\/beneficios-de-tener-un-can\\\/\"},\"wordCount\":530,\"publisher\":{\"@id\":\"https:\\\/\\\/www.eldiario.net\\\/portal\\\/#organization\"},\"image\":{\"@id\":\"https:\\\/\\\/www.eldiario.net\\\/portal\\\/2025\\\/07\\\/23\\\/beneficios-de-tener-un-can\\\/#primaryimage\"},\"thumbnailUrl\":\"https:\\\/\\\/www.eldiario.net\\\/portal\\\/wp-content\\\/uploads\\\/2023\\\/06\\\/David-Foronda-H.jpg\",\"articleSection\":[\"Opini\u00f3n\"],\"inLanguage\":\"es\"},{\"@type\":\"WebPage\",\"@id\":\"https:\\\/\\\/www.eldiario.net\\\/portal\\\/2025\\\/07\\\/23\\\/beneficios-de-tener-un-can\\\/\",\"url\":\"https:\\\/\\\/www.eldiario.net\\\/portal\\\/2025\\\/07\\\/23\\\/beneficios-de-tener-un-can\\\/\",\"name\":\"Beneficios de tener un can - El Diario - Bolivia\",\"isPartOf\":{\"@id\":\"https:\\\/\\\/www.eldiario.net\\\/portal\\\/#website\"},\"primaryImageOfPage\":{\"@id\":\"https:\\\/\\\/www.eldiario.net\\\/portal\\\/2025\\\/07\\\/23\\\/beneficios-de-tener-un-can\\\/#primaryimage\"},\"image\":{\"@id\":\"https:\\\/\\\/www.eldiario.net\\\/portal\\\/2025\\\/07\\\/23\\\/beneficios-de-tener-un-can\\\/#primaryimage\"},\"thumbnailUrl\":\"https:\\\/\\\/www.eldiario.net\\\/portal\\\/wp-content\\\/uploads\\\/2023\\\/06\\\/David-Foronda-H.jpg\",\"datePublished\":\"2025-07-23T11:03:59+00:00\",\"breadcrumb\":{\"@id\":\"https:\\\/\\\/www.eldiario.net\\\/portal\\\/2025\\\/07\\\/23\\\/beneficios-de-tener-un-can\\\/#breadcrumb\"},\"inLanguage\":\"es\",\"potentialAction\":[{\"@type\":\"ReadAction\",\"target\":[\"https:\\\/\\\/www.eldiario.net\\\/portal\\\/2025\\\/07\\\/23\\\/beneficios-de-tener-un-can\\\/\"]}]},{\"@type\":\"ImageObject\",\"inLanguage\":\"es\",\"@id\":\"https:\\\/\\\/www.eldiario.net\\\/portal\\\/2025\\\/07\\\/23\\\/beneficios-de-tener-un-can\\\/#primaryimage\",\"url\":\"https:\\\/\\\/www.eldiario.net\\\/portal\\\/wp-content\\\/uploads\\\/2023\\\/06\\\/David-Foronda-H.jpg\",\"contentUrl\":\"https:\\\/\\\/www.eldiario.net\\\/portal\\\/wp-content\\\/uploads\\\/2023\\\/06\\\/David-Foronda-H.jpg\",\"width\":1200,\"height\":628,\"caption\":\"David Foronda H.\"},{\"@type\":\"BreadcrumbList\",\"@id\":\"https:\\\/\\\/www.eldiario.net\\\/portal\\\/2025\\\/07\\\/23\\\/beneficios-de-tener-un-can\\\/#breadcrumb\",\"itemListElement\":[{\"@type\":\"ListItem\",\"position\":1,\"name\":\"Portada\",\"item\":\"https:\\\/\\\/www.eldiario.net\\\/portal\\\/\"},{\"@type\":\"ListItem\",\"position\":2,\"name\":\"Beneficios de tener un can\"}]},{\"@type\":\"WebSite\",\"@id\":\"https:\\\/\\\/www.eldiario.net\\\/portal\\\/#website\",\"url\":\"https:\\\/\\\/www.eldiario.net\\\/portal\\\/\",\"name\":\"El Diario - Decano de la prensa nacional\",\"description\":\"El Diario - Decano de la prensa nacional\",\"publisher\":{\"@id\":\"https:\\\/\\\/www.eldiario.net\\\/portal\\\/#organization\"},\"potentialAction\":[{\"@type\":\"SearchAction\",\"target\":{\"@type\":\"EntryPoint\",\"urlTemplate\":\"https:\\\/\\\/www.eldiario.net\\\/portal\\\/?s={search_term_string}\"},\"query-input\":{\"@type\":\"PropertyValueSpecification\",\"valueRequired\":true,\"valueName\":\"search_term_string\"}}],\"inLanguage\":\"es\"},{\"@type\":\"Organization\",\"@id\":\"https:\\\/\\\/www.eldiario.net\\\/portal\\\/#organization\",\"name\":\"El Diario - Decano de la prensa nacional\",\"url\":\"https:\\\/\\\/www.eldiario.net\\\/portal\\\/\",\"logo\":{\"@type\":\"ImageObject\",\"inLanguage\":\"es\",\"@id\":\"https:\\\/\\\/www.eldiario.net\\\/portal\\\/#\\\/schema\\\/logo\\\/image\\\/\",\"url\":\"https:\\\/\\\/www.eldiario.net\\\/portal\\\/wp-content\\\/uploads\\\/2023\\\/07\\\/logo_ED.jpg\",\"contentUrl\":\"https:\\\/\\\/www.eldiario.net\\\/portal\\\/wp-content\\\/uploads\\\/2023\\\/07\\\/logo_ED.jpg\",\"width\":272,\"height\":52,\"caption\":\"El Diario - Decano de la prensa nacional\"},\"image\":{\"@id\":\"https:\\\/\\\/www.eldiario.net\\\/portal\\\/#\\\/schema\\\/logo\\\/image\\\/\"},\"sameAs\":[\"https:\\\/\\\/www.facebook.com\\\/eldiario.bolivia\\\/\",\"https:\\\/\\\/x.com\\\/eldiario_net\"]},{\"@type\":\"Person\",\"@id\":\"https:\\\/\\\/www.eldiario.net\\\/portal\\\/#\\\/schema\\\/person\\\/2c57cf2b7a7ae032e449e4c9b1019eac\",\"name\":\"Jeanette\",\"image\":{\"@type\":\"ImageObject\",\"inLanguage\":\"es\",\"@id\":\"https:\\\/\\\/secure.gravatar.com\\\/avatar\\\/3ea2118a5f7dad2b7138b1187a6b7ee55f160b9968b66013c3a3ef39dd7e5798?s=96&d=mm&r=g\",\"url\":\"https:\\\/\\\/secure.gravatar.com\\\/avatar\\\/3ea2118a5f7dad2b7138b1187a6b7ee55f160b9968b66013c3a3ef39dd7e5798?s=96&d=mm&r=g\",\"contentUrl\":\"https:\\\/\\\/secure.gravatar.com\\\/avatar\\\/3ea2118a5f7dad2b7138b1187a6b7ee55f160b9968b66013c3a3ef39dd7e5798?s=96&d=mm&r=g\",\"caption\":\"Jeanette\"},\"sameAs\":[\"https:\\\/\\\/www.eldiario.net\\\/portal\"],\"url\":\"https:\\\/\\\/www.eldiario.net\\\/portal\\\/author\\\/jeanette\\\/\"}]}<\/script>\n<!-- \/ Yoast SEO plugin. -->","yoast_head_json":{"title":"Beneficios de tener un can - El Diario - Bolivia","robots":{"index":"index","follow":"follow","max-snippet":"max-snippet:-1","max-image-preview":"max-image-preview:large","max-video-preview":"max-video-preview:-1"},"canonical":"https:\/\/www.eldiario.net\/portal\/2025\/07\/23\/beneficios-de-tener-un-can\/","og_locale":"es_ES","og_type":"article","og_title":"Beneficios de tener un can - El Diario - Bolivia","og_description":"Camila Caruso en su nota \u201cLos beneficios comprobados de convivir con un perro, seg\u00fan la ciencia\u201d, da cuenta que instituciones m\u00e9dicas y universidades documentan c\u00f3mo la relaci\u00f3n cotidiana con estos animales incide en la calidad de vida de personas de todas las edades. Cada 21 de julio se celebra el D\u00eda Mundial del Perro, fecha [&hellip;]","og_url":"https:\/\/www.eldiario.net\/portal\/2025\/07\/23\/beneficios-de-tener-un-can\/","og_site_name":"El Diario - Bolivia","article_publisher":"https:\/\/www.facebook.com\/eldiario.bolivia\/","article_published_time":"2025-07-23T11:03:59+00:00","og_image":[{"width":1200,"height":628,"url":"https:\/\/www.eldiario.net\/portal\/wp-content\/uploads\/2023\/06\/David-Foronda-H.jpg","type":"image\/jpeg"}],"author":"Jeanette","twitter_card":"summary_large_image","twitter_creator":"@eldiario_net","twitter_site":"@eldiario_net","twitter_misc":{"Escrito por":"Jeanette","Tiempo de lectura":"3 minutos"},"schema":{"@context":"https:\/\/schema.org","@graph":[{"@type":"Article","@id":"https:\/\/www.eldiario.net\/portal\/2025\/07\/23\/beneficios-de-tener-un-can\/#article","isPartOf":{"@id":"https:\/\/www.eldiario.net\/portal\/2025\/07\/23\/beneficios-de-tener-un-can\/"},"author":{"name":"Jeanette","@id":"https:\/\/www.eldiario.net\/portal\/#\/schema\/person\/2c57cf2b7a7ae032e449e4c9b1019eac"},"headline":"Beneficios de tener un can","datePublished":"2025-07-23T11:03:59+00:00","mainEntityOfPage":{"@id":"https:\/\/www.eldiario.net\/portal\/2025\/07\/23\/beneficios-de-tener-un-can\/"},"wordCount":530,"publisher":{"@id":"https:\/\/www.eldiario.net\/portal\/#organization"},"image":{"@id":"https:\/\/www.eldiario.net\/portal\/2025\/07\/23\/beneficios-de-tener-un-can\/#primaryimage"},"thumbnailUrl":"https:\/\/www.eldiario.net\/portal\/wp-content\/uploads\/2023\/06\/David-Foronda-H.jpg","articleSection":["Opini\u00f3n"],"inLanguage":"es"},{"@type":"WebPage","@id":"https:\/\/www.eldiario.net\/portal\/2025\/07\/23\/beneficios-de-tener-un-can\/","url":"https:\/\/www.eldiario.net\/portal\/2025\/07\/23\/beneficios-de-tener-un-can\/","name":"Beneficios de tener un can - El Diario - Bolivia","isPartOf":{"@id":"https:\/\/www.eldiario.net\/portal\/#website"},"primaryImageOfPage":{"@id":"https:\/\/www.eldiario.net\/portal\/2025\/07\/23\/beneficios-de-tener-un-can\/#primaryimage"},"image":{"@id":"https:\/\/www.eldiario.net\/portal\/2025\/07\/23\/beneficios-de-tener-un-can\/#primaryimage"},"thumbnailUrl":"https:\/\/www.eldiario.net\/portal\/wp-content\/uploads\/2023\/06\/David-Foronda-H.jpg","datePublished":"2025-07-23T11:03:59+00:00","breadcrumb":{"@id":"https:\/\/www.eldiario.net\/portal\/2025\/07\/23\/beneficios-de-tener-un-can\/#breadcrumb"},"inLanguage":"es","potentialAction":[{"@type":"ReadAction","target":["https:\/\/www.eldiario.net\/portal\/2025\/07\/23\/beneficios-de-tener-un-can\/"]}]},{"@type":"ImageObject","inLanguage":"es","@id":"https:\/\/www.eldiario.net\/portal\/2025\/07\/23\/beneficios-de-tener-un-can\/#primaryimage","url":"https:\/\/www.eldiario.net\/portal\/wp-content\/uploads\/2023\/06\/David-Foronda-H.jpg","contentUrl":"https:\/\/www.eldiario.net\/portal\/wp-content\/uploads\/2023\/06\/David-Foronda-H.jpg","width":1200,"height":628,"caption":"David Foronda H."},{"@type":"BreadcrumbList","@id":"https:\/\/www.eldiario.net\/portal\/2025\/07\/23\/beneficios-de-tener-un-can\/#breadcrumb","itemListElement":[{"@type":"ListItem","position":1,"name":"Portada","item":"https:\/\/www.eldiario.net\/portal\/"},{"@type":"ListItem","position":2,"name":"Beneficios de tener un can"}]},{"@type":"WebSite","@id":"https:\/\/www.eldiario.net\/portal\/#website","url":"https:\/\/www.eldiario.net\/portal\/","name":"El Diario - Decano de la prensa nacional","description":"El Diario - Decano de la prensa nacional","publisher":{"@id":"https:\/\/www.eldiario.net\/portal\/#organization"},"potentialAction":[{"@type":"SearchAction","target":{"@type":"EntryPoint","urlTemplate":"https:\/\/www.eldiario.net\/portal\/?s={search_term_string}"},"query-input":{"@type":"PropertyValueSpecification","valueRequired":true,"valueName":"search_term_string"}}],"inLanguage":"es"},{"@type":"Organization","@id":"https:\/\/www.eldiario.net\/portal\/#organization","name":"El Diario - Decano de la prensa nacional","url":"https:\/\/www.eldiario.net\/portal\/","logo":{"@type":"ImageObject","inLanguage":"es","@id":"https:\/\/www.eldiario.net\/portal\/#\/schema\/logo\/image\/","url":"https:\/\/www.eldiario.net\/portal\/wp-content\/uploads\/2023\/07\/logo_ED.jpg","contentUrl":"https:\/\/www.eldiario.net\/portal\/wp-content\/uploads\/2023\/07\/logo_ED.jpg","width":272,"height":52,"caption":"El Diario - Decano de la prensa nacional"},"image":{"@id":"https:\/\/www.eldiario.net\/portal\/#\/schema\/logo\/image\/"},"sameAs":["https:\/\/www.facebook.com\/eldiario.bolivia\/","https:\/\/x.com\/eldiario_net"]},{"@type":"Person","@id":"https:\/\/www.eldiario.net\/portal\/#\/schema\/person\/2c57cf2b7a7ae032e449e4c9b1019eac","name":"Jeanette","image":{"@type":"ImageObject","inLanguage":"es","@id":"https:\/\/secure.gravatar.com\/avatar\/3ea2118a5f7dad2b7138b1187a6b7ee55f160b9968b66013c3a3ef39dd7e5798?s=96&d=mm&r=g","url":"https:\/\/secure.gravatar.com\/avatar\/3ea2118a5f7dad2b7138b1187a6b7ee55f160b9968b66013c3a3ef39dd7e5798?s=96&d=mm&r=g","contentUrl":"https:\/\/secure.gravatar.com\/avatar\/3ea2118a5f7dad2b7138b1187a6b7ee55f160b9968b66013c3a3ef39dd7e5798?s=96&d=mm&r=g","caption":"Jeanette"},"sameAs":["https:\/\/www.eldiario.net\/portal"],"url":"https:\/\/www.eldiario.net\/portal\/author\/jeanette\/"}]}},"_links":{"self":[{"href":"https:\/\/www.eldiario.net\/portal\/wp-json\/wp\/v2\/posts\/318827","targetHints":{"allow":["GET"]}}],"collection":[{"href":"https:\/\/www.eldiario.net\/portal\/wp-json\/wp\/v2\/posts"}],"about":[{"href":"https:\/\/www.eldiario.net\/portal\/wp-json\/wp\/v2\/types\/post"}],"author":[{"embeddable":true,"href":"https:\/\/www.eldiario.net\/portal\/wp-json\/wp\/v2\/users\/1"}],"replies":[{"embeddable":true,"href":"https:\/\/www.eldiario.net\/portal\/wp-json\/wp\/v2\/comments?post=318827"}],"version-history":[{"count":1,"href":"https:\/\/www.eldiario.net\/portal\/wp-json\/wp\/v2\/posts\/318827\/revisions"}],"predecessor-version":[{"id":318828,"href":"https:\/\/www.eldiario.net\/portal\/wp-json\/wp\/v2\/posts\/318827\/revisions\/318828"}],"wp:featuredmedia":[{"embeddable":true,"href":"https:\/\/www.eldiario.net\/portal\/wp-json\/wp\/v2\/media\/158961"}],"wp:attachment":[{"href":"https:\/\/www.eldiario.net\/portal\/wp-json\/wp\/v2\/media?parent=318827"}],"wp:term":[{"taxonomy":"category","embeddable":true,"href":"https:\/\/www.eldiario.net\/portal\/wp-json\/wp\/v2\/categories?post=318827"},{"taxonomy":"post_tag","embeddable":true,"href":"https:\/\/www.eldiario.net\/portal\/wp-json\/wp\/v2\/tags?post=318827"}],"curies":[{"name":"wp","href":"https:\/\/api.w.org\/{rel}","templated":true}]}}