{"id":318824,"date":"2025-07-23T07:03:29","date_gmt":"2025-07-23T11:03:29","guid":{"rendered":"https:\/\/www.eldiario.net\/portal\/?p=318824"},"modified":"2025-07-23T07:03:29","modified_gmt":"2025-07-23T11:03:29","slug":"bolivia-sin-cambios-en-matriz-exportadora-recursos-naturales-destacan-en-ultimos-anos","status":"publish","type":"post","link":"https:\/\/www.eldiario.net\/portal\/2025\/07\/23\/bolivia-sin-cambios-en-matriz-exportadora-recursos-naturales-destacan-en-ultimos-anos\/","title":{"rendered":"Bolivia sin cambios en matriz exportadora,  recursos naturales destacan en \u00faltimos a\u00f1os"},"content":{"rendered":"<p>Bolivia no cambia su modelo extractivista y en los \u00faltimos a\u00f1os reafirma su vocaci\u00f3n exportadora de materias primas, miner\u00eda y gas que busca incursionar en el litio. Sin cambios a la fecha, a pesar de avances en los no tradicionales como la soya y sus derivados, pero la mayor\u00eda de los productos agr\u00edcolas que se venden al mercado exterior son materia prima. Un informe de la Conferencia de las Naciones Unidas sobre Comercio y Desarrollo (Unctad, siglas en ingl\u00e9s), muestran al pa\u00eds junto con Chile y Per\u00fa, m\u00e1s minero.<br \/>\nEl mundo a\u00fan tiene un largo camino por recorrer para superar la dependencia de los recursos naturales, una situaci\u00f3n en la que un pa\u00eds obtiene m\u00e1s del 60% de sus ingresos por exportaciones de mercanc\u00edas de estas materias primas.<br \/>\nBolivia alcanza 72% hasta mayo de la presente gesti\u00f3n, seg\u00fan datos oficiales del Instituto Nacional de Estad\u00edstica (INE), se observ\u00f3 un repunte de los no tradicionales y esto obedece a la ca\u00edda de las ventas de materias primas.<br \/>\nLa organizaci\u00f3n internacional se\u00f1ala que esos bienes pueden clasificarse en tres categor\u00edas: energ\u00eda, miner\u00eda y agricultura, ya sea el trigo o el caf\u00e9 que consumimos, o metales como el cobre y el litio que nos ayudan a alimentar nuestra vida diaria.<br \/>\nSin embargo, la arraigada dependencia de estos productos primarios, que desde hace tiempo ha sido motivo de preocupaci\u00f3n mundial, obstaculiza el desarrollo industrial y amenaza la estabilidad fiscal de los pa\u00edses cuando los precios globales se vuelven vol\u00e1tiles.<br \/>\nEs alarmante que la dependencia de los productos b\u00e1sicos prevalezca en econom\u00edas estructuralmente d\u00e9biles y vulnerables, afectando a m\u00e1s del 80% de los pa\u00edses menos adelantados y los pa\u00edses en desarrollo sin litoral, y aproximadamente al 60% de los peque\u00f1os Estados insulares en desarrollo (PEID).<br \/>\nEn t\u00e9rminos m\u00e1s generales, dos tercios de los pa\u00edses en desarrollo (95 de 143) siguieron dependiendo de los productos b\u00e1sicos durante 2021 y 2023, seg\u00fan la \u00faltima edici\u00f3n del informe \u201cEl Estado de la Dependencia de los Productos B\u00e1sicos\u201d, publicado por la ONU para el Comercio y el Desarrollo (Unctad) el 21 de julio.<br \/>\nLas exportaciones de materias primas siguen siendo fundamentales para la econom\u00eda mundial, representando el 32,7% del comercio internacional en t\u00e9rminos de valor entre 2021 y 2023, una ligera disminuci\u00f3n respecto al 35,5% de la d\u00e9cada anterior, se\u00f1ala la nota.<br \/>\nEn comparaci\u00f3n con los mismos per\u00edodos, el valor del comercio mundial de bienes aument\u00f3 un 25,6%, mientras que el del comercio de materias primas se expandi\u00f3 con relativa lentitud, tan solo un 15,5%.<br \/>\nEste cambio pone de relieve que los pa\u00edses que exportan principalmente materias primas podr\u00edan perderse los beneficios m\u00e1s amplios del comercio mundial, cada vez m\u00e1s impulsados por la diversificaci\u00f3n, la innovaci\u00f3n y la producci\u00f3n de valor a\u00f1adido, advirti\u00f3.<\/p>\n<p>Estructural<br \/>\nAl respecto de las exportaciones bolivianas, el economista y docente de la Universidad T\u00e9cnica de Oruro (UTO), Ernesto Bernal, sostiene que el problema es estructural, ya que la econom\u00eda boliviana depende de los recursos naturales.<br \/>\nExplica que los pa\u00edses en desarrollo no alcanzaron su objetivo debido a la explotaci\u00f3n y venta de los recursos naturales, los commodities como se lo conoce en el mercado internacional. Bolivia siempre tuvo este problema. \u201c50 a\u00f1os vive de miner\u00eda y gas\u201d, apunt\u00f3 a tiempo de indicar que no pudo ampliar su estructura productiva y desarrollar otros productos, como se hablaba de la soya y quinua.<br \/>\n\u201cNuestro crecimiento estuvo a merced de los commodities y el precio internacional\u201d, resalt\u00f3 el economista. Record\u00f3 que entre 2013-2014 se registr\u00f3 el boom de precios altos de los recursos naturales, lleg\u00f3 al pa\u00eds recursos significativos por la venta de gas y minerales, aunque en 2015 empez\u00f3 a bajar y se agudiz\u00f3 por no incentivar la exploraci\u00f3n.<br \/>\nLa falta de inversi\u00f3n es identificada como uno de los problemas que tiene el pa\u00eds para ampliar la base productiva y la oferta exportable, adem\u00e1s de la tecnolog\u00eda. Tambi\u00e9n juegan un papel importante los gobernantes, que no tuvieron una visi\u00f3n de aumentar productos con valor agregado.<br \/>\nRecord\u00f3 que entre el 50 y 60 Bolivia compet\u00eda en el mercado del esta\u00f1o con Malasia, a la fecha el pa\u00eds mantiene su actividad y la naci\u00f3n asi\u00e1tica cambi\u00f3 su estructura productiva.<br \/>\nIndic\u00f3 que la inversi\u00f3n y la tecnolog\u00eda viene acompa\u00f1ada de la capacitaci\u00f3n de los recursos humanos, sin embargo, fue descuidado por las autoridades nacionales en los \u00faltimos a\u00f1os.<br \/>\nRespecto al incremento de los no tradicionales en las exportaciones, Bernal se\u00f1al\u00f3 que no se ha podido lograr mucho valor agregado de la soya, quinua y otros productos, \u201cseguimos a nivel mundial como pa\u00eds productor de materias primas\u201d.<\/p>\n<p>Promesas<br \/>\nPor su parte, el presidente del Colegio Departamental de Economistas de Tarija, Fernando Romero, lament\u00f3 que, a pesar de las promesas de las autoridades, de industrializaci\u00f3n y sustituci\u00f3n de importaciones, la matriz productiva no cambi\u00f3.<br \/>\n\u201cLo evidente es que las exportaciones no tradicionales a\u00fan representan un nivel bajo, 28% de las exportaciones totales del pa\u00eds, mientras los tradicionales, hidrocarburos y minerales, representan 72%, con datos a mayo de la gesti\u00f3n 2025\u201d, apunt\u00f3.<br \/>\nEs triste que nuestro comercio exterior se va deteriorando por la escasez de d\u00f3lares, lament\u00f3 y mencion\u00f3 que la variaci\u00f3n en volumen y valor ha ca\u00eddo en 7% respecto al mismo per\u00edodo de enero a mayo de 2024.<br \/>\nEn esta gesti\u00f3n el golpe ha sido duro en los productos tradicionales, cayendo el volumen a 24% y en valor 5%, explic\u00f3.<br \/>\nPara Romero, las exportaciones decrecieron por los precios desfavorables de las materias primas en los mercados internacionales, la muestra clara est\u00e1 en hidrocarburos y miner\u00eda.<br \/>\nLos productos no tradicionales todav\u00eda no tienen el apoyo estatal tanto en el \u00e1rea administrativa, fiscal y normativa para dar mejores condiciones, m\u00e1s todo lo contrario se han incrementado algunos vetos, que con muchas dificultades han logrado levantar (los productores y exportadores), manifest\u00f3.<br \/>\n\u201cEn ese sentido creo que, pensar que nuestra econom\u00eda va exportar valor agregado, productos manufacturados, propias de una econom\u00eda industrializada, va tomar un buen tiempo\u201d, concluy\u00f3.<\/p>\n","protected":false},"excerpt":{"rendered":"<p>Bolivia no cambia su modelo extractivista y en los \u00faltimos a\u00f1os reafirma su vocaci\u00f3n exportadora de materias primas, miner\u00eda y gas que busca incursionar en el litio. Sin cambios a la fecha, a pesar de avances en los no tradicionales como la soya y sus derivados, pero la mayor\u00eda de los productos agr\u00edcolas que se [&hellip;]<\/p>\n","protected":false},"author":1,"featured_media":318825,"comment_status":"closed","ping_status":"open","sticky":false,"template":"","format":"standard","meta":{"_acf_changed":false,"footnotes":""},"categories":[7],"tags":[],"class_list":["post-318824","post","type-post","status-publish","format-standard","has-post-thumbnail","category-economia"],"acf":{"antetitulo":""},"yoast_head":"<!-- This site is optimized with the Yoast SEO plugin v28.4 - https:\/\/yoast.com\/product\/yoast-seo-wordpress\/ -->\n<title>Bolivia sin cambios en matriz exportadora, recursos naturales destacan en \u00faltimos a\u00f1os - El Diario - Bolivia<\/title>\n<meta name=\"robots\" content=\"index, follow, max-snippet:-1, max-image-preview:large, max-video-preview:-1\" \/>\n<link rel=\"canonical\" href=\"https:\/\/www.eldiario.net\/portal\/2025\/07\/23\/bolivia-sin-cambios-en-matriz-exportadora-recursos-naturales-destacan-en-ultimos-anos\/\" \/>\n<meta property=\"og:locale\" content=\"es_ES\" \/>\n<meta property=\"og:type\" content=\"article\" \/>\n<meta property=\"og:title\" content=\"Bolivia sin cambios en matriz exportadora, recursos naturales destacan en \u00faltimos a\u00f1os - El Diario - Bolivia\" \/>\n<meta property=\"og:description\" content=\"Bolivia no cambia su modelo extractivista y en los \u00faltimos a\u00f1os reafirma su vocaci\u00f3n exportadora de materias primas, miner\u00eda y gas que busca incursionar en el litio. Sin cambios a la fecha, a pesar de avances en los no tradicionales como la soya y sus derivados, pero la mayor\u00eda de los productos agr\u00edcolas que se [&hellip;]\" \/>\n<meta property=\"og:url\" content=\"https:\/\/www.eldiario.net\/portal\/2025\/07\/23\/bolivia-sin-cambios-en-matriz-exportadora-recursos-naturales-destacan-en-ultimos-anos\/\" \/>\n<meta property=\"og:site_name\" content=\"El Diario - Bolivia\" \/>\n<meta property=\"article:publisher\" content=\"https:\/\/www.facebook.com\/eldiario.bolivia\/\" \/>\n<meta property=\"article:published_time\" content=\"2025-07-23T11:03:29+00:00\" \/>\n<meta property=\"og:image\" content=\"https:\/\/www.eldiario.net\/portal\/wp-content\/uploads\/2025\/07\/expor.webp\" \/>\n\t<meta property=\"og:image:width\" content=\"1587\" \/>\n\t<meta property=\"og:image:height\" content=\"748\" \/>\n\t<meta property=\"og:image:type\" content=\"image\/webp\" \/>\n<meta name=\"author\" content=\"Jeanette\" \/>\n<meta name=\"twitter:card\" content=\"summary_large_image\" \/>\n<meta name=\"twitter:creator\" content=\"@eldiario_net\" \/>\n<meta name=\"twitter:site\" content=\"@eldiario_net\" \/>\n<meta name=\"twitter:label1\" content=\"Escrito por\" \/>\n\t<meta name=\"twitter:data1\" content=\"Jeanette\" \/>\n\t<meta name=\"twitter:label2\" content=\"Tiempo de lectura\" \/>\n\t<meta name=\"twitter:data2\" content=\"5 minutos\" \/>\n<script type=\"application\/ld+json\" class=\"yoast-schema-graph\">{\"@context\":\"https:\\\/\\\/schema.org\",\"@graph\":[{\"@type\":\"Article\",\"@id\":\"https:\\\/\\\/www.eldiario.net\\\/portal\\\/2025\\\/07\\\/23\\\/bolivia-sin-cambios-en-matriz-exportadora-recursos-naturales-destacan-en-ultimos-anos\\\/#article\",\"isPartOf\":{\"@id\":\"https:\\\/\\\/www.eldiario.net\\\/portal\\\/2025\\\/07\\\/23\\\/bolivia-sin-cambios-en-matriz-exportadora-recursos-naturales-destacan-en-ultimos-anos\\\/\"},\"author\":{\"name\":\"Jeanette\",\"@id\":\"https:\\\/\\\/www.eldiario.net\\\/portal\\\/#\\\/schema\\\/person\\\/2c57cf2b7a7ae032e449e4c9b1019eac\"},\"headline\":\"Bolivia sin cambios en matriz exportadora, recursos naturales destacan en \u00faltimos a\u00f1os\",\"datePublished\":\"2025-07-23T11:03:29+00:00\",\"mainEntityOfPage\":{\"@id\":\"https:\\\/\\\/www.eldiario.net\\\/portal\\\/2025\\\/07\\\/23\\\/bolivia-sin-cambios-en-matriz-exportadora-recursos-naturales-destacan-en-ultimos-anos\\\/\"},\"wordCount\":1065,\"publisher\":{\"@id\":\"https:\\\/\\\/www.eldiario.net\\\/portal\\\/#organization\"},\"image\":{\"@id\":\"https:\\\/\\\/www.eldiario.net\\\/portal\\\/2025\\\/07\\\/23\\\/bolivia-sin-cambios-en-matriz-exportadora-recursos-naturales-destacan-en-ultimos-anos\\\/#primaryimage\"},\"thumbnailUrl\":\"https:\\\/\\\/www.eldiario.net\\\/portal\\\/wp-content\\\/uploads\\\/2025\\\/07\\\/expor.webp\",\"articleSection\":[\"Econom\u00eda\"],\"inLanguage\":\"es\"},{\"@type\":\"WebPage\",\"@id\":\"https:\\\/\\\/www.eldiario.net\\\/portal\\\/2025\\\/07\\\/23\\\/bolivia-sin-cambios-en-matriz-exportadora-recursos-naturales-destacan-en-ultimos-anos\\\/\",\"url\":\"https:\\\/\\\/www.eldiario.net\\\/portal\\\/2025\\\/07\\\/23\\\/bolivia-sin-cambios-en-matriz-exportadora-recursos-naturales-destacan-en-ultimos-anos\\\/\",\"name\":\"Bolivia sin cambios en matriz exportadora, recursos naturales destacan en \u00faltimos a\u00f1os - El Diario - Bolivia\",\"isPartOf\":{\"@id\":\"https:\\\/\\\/www.eldiario.net\\\/portal\\\/#website\"},\"primaryImageOfPage\":{\"@id\":\"https:\\\/\\\/www.eldiario.net\\\/portal\\\/2025\\\/07\\\/23\\\/bolivia-sin-cambios-en-matriz-exportadora-recursos-naturales-destacan-en-ultimos-anos\\\/#primaryimage\"},\"image\":{\"@id\":\"https:\\\/\\\/www.eldiario.net\\\/portal\\\/2025\\\/07\\\/23\\\/bolivia-sin-cambios-en-matriz-exportadora-recursos-naturales-destacan-en-ultimos-anos\\\/#primaryimage\"},\"thumbnailUrl\":\"https:\\\/\\\/www.eldiario.net\\\/portal\\\/wp-content\\\/uploads\\\/2025\\\/07\\\/expor.webp\",\"datePublished\":\"2025-07-23T11:03:29+00:00\",\"breadcrumb\":{\"@id\":\"https:\\\/\\\/www.eldiario.net\\\/portal\\\/2025\\\/07\\\/23\\\/bolivia-sin-cambios-en-matriz-exportadora-recursos-naturales-destacan-en-ultimos-anos\\\/#breadcrumb\"},\"inLanguage\":\"es\",\"potentialAction\":[{\"@type\":\"ReadAction\",\"target\":[\"https:\\\/\\\/www.eldiario.net\\\/portal\\\/2025\\\/07\\\/23\\\/bolivia-sin-cambios-en-matriz-exportadora-recursos-naturales-destacan-en-ultimos-anos\\\/\"]}]},{\"@type\":\"ImageObject\",\"inLanguage\":\"es\",\"@id\":\"https:\\\/\\\/www.eldiario.net\\\/portal\\\/2025\\\/07\\\/23\\\/bolivia-sin-cambios-en-matriz-exportadora-recursos-naturales-destacan-en-ultimos-anos\\\/#primaryimage\",\"url\":\"https:\\\/\\\/www.eldiario.net\\\/portal\\\/wp-content\\\/uploads\\\/2025\\\/07\\\/expor.webp\",\"contentUrl\":\"https:\\\/\\\/www.eldiario.net\\\/portal\\\/wp-content\\\/uploads\\\/2025\\\/07\\\/expor.webp\",\"width\":1587,\"height\":748},{\"@type\":\"BreadcrumbList\",\"@id\":\"https:\\\/\\\/www.eldiario.net\\\/portal\\\/2025\\\/07\\\/23\\\/bolivia-sin-cambios-en-matriz-exportadora-recursos-naturales-destacan-en-ultimos-anos\\\/#breadcrumb\",\"itemListElement\":[{\"@type\":\"ListItem\",\"position\":1,\"name\":\"Portada\",\"item\":\"https:\\\/\\\/www.eldiario.net\\\/portal\\\/\"},{\"@type\":\"ListItem\",\"position\":2,\"name\":\"Bolivia sin cambios en matriz exportadora, recursos naturales destacan en \u00faltimos a\u00f1os\"}]},{\"@type\":\"WebSite\",\"@id\":\"https:\\\/\\\/www.eldiario.net\\\/portal\\\/#website\",\"url\":\"https:\\\/\\\/www.eldiario.net\\\/portal\\\/\",\"name\":\"El Diario - Decano de la prensa nacional\",\"description\":\"El Diario - Decano de la prensa nacional\",\"publisher\":{\"@id\":\"https:\\\/\\\/www.eldiario.net\\\/portal\\\/#organization\"},\"potentialAction\":[{\"@type\":\"SearchAction\",\"target\":{\"@type\":\"EntryPoint\",\"urlTemplate\":\"https:\\\/\\\/www.eldiario.net\\\/portal\\\/?s={search_term_string}\"},\"query-input\":{\"@type\":\"PropertyValueSpecification\",\"valueRequired\":true,\"valueName\":\"search_term_string\"}}],\"inLanguage\":\"es\"},{\"@type\":\"Organization\",\"@id\":\"https:\\\/\\\/www.eldiario.net\\\/portal\\\/#organization\",\"name\":\"El Diario - Decano de la prensa nacional\",\"url\":\"https:\\\/\\\/www.eldiario.net\\\/portal\\\/\",\"logo\":{\"@type\":\"ImageObject\",\"inLanguage\":\"es\",\"@id\":\"https:\\\/\\\/www.eldiario.net\\\/portal\\\/#\\\/schema\\\/logo\\\/image\\\/\",\"url\":\"https:\\\/\\\/www.eldiario.net\\\/portal\\\/wp-content\\\/uploads\\\/2023\\\/07\\\/logo_ED.jpg\",\"contentUrl\":\"https:\\\/\\\/www.eldiario.net\\\/portal\\\/wp-content\\\/uploads\\\/2023\\\/07\\\/logo_ED.jpg\",\"width\":272,\"height\":52,\"caption\":\"El Diario - Decano de la prensa nacional\"},\"image\":{\"@id\":\"https:\\\/\\\/www.eldiario.net\\\/portal\\\/#\\\/schema\\\/logo\\\/image\\\/\"},\"sameAs\":[\"https:\\\/\\\/www.facebook.com\\\/eldiario.bolivia\\\/\",\"https:\\\/\\\/x.com\\\/eldiario_net\"]},{\"@type\":\"Person\",\"@id\":\"https:\\\/\\\/www.eldiario.net\\\/portal\\\/#\\\/schema\\\/person\\\/2c57cf2b7a7ae032e449e4c9b1019eac\",\"name\":\"Jeanette\",\"image\":{\"@type\":\"ImageObject\",\"inLanguage\":\"es\",\"@id\":\"https:\\\/\\\/secure.gravatar.com\\\/avatar\\\/3ea2118a5f7dad2b7138b1187a6b7ee55f160b9968b66013c3a3ef39dd7e5798?s=96&d=mm&r=g\",\"url\":\"https:\\\/\\\/secure.gravatar.com\\\/avatar\\\/3ea2118a5f7dad2b7138b1187a6b7ee55f160b9968b66013c3a3ef39dd7e5798?s=96&d=mm&r=g\",\"contentUrl\":\"https:\\\/\\\/secure.gravatar.com\\\/avatar\\\/3ea2118a5f7dad2b7138b1187a6b7ee55f160b9968b66013c3a3ef39dd7e5798?s=96&d=mm&r=g\",\"caption\":\"Jeanette\"},\"sameAs\":[\"https:\\\/\\\/www.eldiario.net\\\/portal\"],\"url\":\"https:\\\/\\\/www.eldiario.net\\\/portal\\\/author\\\/jeanette\\\/\"}]}<\/script>\n<!-- \/ Yoast SEO plugin. -->","yoast_head_json":{"title":"Bolivia sin cambios en matriz exportadora, recursos naturales destacan en \u00faltimos a\u00f1os - El Diario - Bolivia","robots":{"index":"index","follow":"follow","max-snippet":"max-snippet:-1","max-image-preview":"max-image-preview:large","max-video-preview":"max-video-preview:-1"},"canonical":"https:\/\/www.eldiario.net\/portal\/2025\/07\/23\/bolivia-sin-cambios-en-matriz-exportadora-recursos-naturales-destacan-en-ultimos-anos\/","og_locale":"es_ES","og_type":"article","og_title":"Bolivia sin cambios en matriz exportadora, recursos naturales destacan en \u00faltimos a\u00f1os - El Diario - Bolivia","og_description":"Bolivia no cambia su modelo extractivista y en los \u00faltimos a\u00f1os reafirma su vocaci\u00f3n exportadora de materias primas, miner\u00eda y gas que busca incursionar en el litio. Sin cambios a la fecha, a pesar de avances en los no tradicionales como la soya y sus derivados, pero la mayor\u00eda de los productos agr\u00edcolas que se [&hellip;]","og_url":"https:\/\/www.eldiario.net\/portal\/2025\/07\/23\/bolivia-sin-cambios-en-matriz-exportadora-recursos-naturales-destacan-en-ultimos-anos\/","og_site_name":"El Diario - Bolivia","article_publisher":"https:\/\/www.facebook.com\/eldiario.bolivia\/","article_published_time":"2025-07-23T11:03:29+00:00","og_image":[{"width":1587,"height":748,"url":"https:\/\/www.eldiario.net\/portal\/wp-content\/uploads\/2025\/07\/expor.webp","type":"image\/webp"}],"author":"Jeanette","twitter_card":"summary_large_image","twitter_creator":"@eldiario_net","twitter_site":"@eldiario_net","twitter_misc":{"Escrito por":"Jeanette","Tiempo de lectura":"5 minutos"},"schema":{"@context":"https:\/\/schema.org","@graph":[{"@type":"Article","@id":"https:\/\/www.eldiario.net\/portal\/2025\/07\/23\/bolivia-sin-cambios-en-matriz-exportadora-recursos-naturales-destacan-en-ultimos-anos\/#article","isPartOf":{"@id":"https:\/\/www.eldiario.net\/portal\/2025\/07\/23\/bolivia-sin-cambios-en-matriz-exportadora-recursos-naturales-destacan-en-ultimos-anos\/"},"author":{"name":"Jeanette","@id":"https:\/\/www.eldiario.net\/portal\/#\/schema\/person\/2c57cf2b7a7ae032e449e4c9b1019eac"},"headline":"Bolivia sin cambios en matriz exportadora, recursos naturales destacan en \u00faltimos a\u00f1os","datePublished":"2025-07-23T11:03:29+00:00","mainEntityOfPage":{"@id":"https:\/\/www.eldiario.net\/portal\/2025\/07\/23\/bolivia-sin-cambios-en-matriz-exportadora-recursos-naturales-destacan-en-ultimos-anos\/"},"wordCount":1065,"publisher":{"@id":"https:\/\/www.eldiario.net\/portal\/#organization"},"image":{"@id":"https:\/\/www.eldiario.net\/portal\/2025\/07\/23\/bolivia-sin-cambios-en-matriz-exportadora-recursos-naturales-destacan-en-ultimos-anos\/#primaryimage"},"thumbnailUrl":"https:\/\/www.eldiario.net\/portal\/wp-content\/uploads\/2025\/07\/expor.webp","articleSection":["Econom\u00eda"],"inLanguage":"es"},{"@type":"WebPage","@id":"https:\/\/www.eldiario.net\/portal\/2025\/07\/23\/bolivia-sin-cambios-en-matriz-exportadora-recursos-naturales-destacan-en-ultimos-anos\/","url":"https:\/\/www.eldiario.net\/portal\/2025\/07\/23\/bolivia-sin-cambios-en-matriz-exportadora-recursos-naturales-destacan-en-ultimos-anos\/","name":"Bolivia sin cambios en matriz exportadora, recursos naturales destacan en \u00faltimos a\u00f1os - El Diario - Bolivia","isPartOf":{"@id":"https:\/\/www.eldiario.net\/portal\/#website"},"primaryImageOfPage":{"@id":"https:\/\/www.eldiario.net\/portal\/2025\/07\/23\/bolivia-sin-cambios-en-matriz-exportadora-recursos-naturales-destacan-en-ultimos-anos\/#primaryimage"},"image":{"@id":"https:\/\/www.eldiario.net\/portal\/2025\/07\/23\/bolivia-sin-cambios-en-matriz-exportadora-recursos-naturales-destacan-en-ultimos-anos\/#primaryimage"},"thumbnailUrl":"https:\/\/www.eldiario.net\/portal\/wp-content\/uploads\/2025\/07\/expor.webp","datePublished":"2025-07-23T11:03:29+00:00","breadcrumb":{"@id":"https:\/\/www.eldiario.net\/portal\/2025\/07\/23\/bolivia-sin-cambios-en-matriz-exportadora-recursos-naturales-destacan-en-ultimos-anos\/#breadcrumb"},"inLanguage":"es","potentialAction":[{"@type":"ReadAction","target":["https:\/\/www.eldiario.net\/portal\/2025\/07\/23\/bolivia-sin-cambios-en-matriz-exportadora-recursos-naturales-destacan-en-ultimos-anos\/"]}]},{"@type":"ImageObject","inLanguage":"es","@id":"https:\/\/www.eldiario.net\/portal\/2025\/07\/23\/bolivia-sin-cambios-en-matriz-exportadora-recursos-naturales-destacan-en-ultimos-anos\/#primaryimage","url":"https:\/\/www.eldiario.net\/portal\/wp-content\/uploads\/2025\/07\/expor.webp","contentUrl":"https:\/\/www.eldiario.net\/portal\/wp-content\/uploads\/2025\/07\/expor.webp","width":1587,"height":748},{"@type":"BreadcrumbList","@id":"https:\/\/www.eldiario.net\/portal\/2025\/07\/23\/bolivia-sin-cambios-en-matriz-exportadora-recursos-naturales-destacan-en-ultimos-anos\/#breadcrumb","itemListElement":[{"@type":"ListItem","position":1,"name":"Portada","item":"https:\/\/www.eldiario.net\/portal\/"},{"@type":"ListItem","position":2,"name":"Bolivia sin cambios en matriz exportadora, recursos naturales destacan en \u00faltimos a\u00f1os"}]},{"@type":"WebSite","@id":"https:\/\/www.eldiario.net\/portal\/#website","url":"https:\/\/www.eldiario.net\/portal\/","name":"El Diario - Decano de la prensa nacional","description":"El Diario - Decano de la prensa nacional","publisher":{"@id":"https:\/\/www.eldiario.net\/portal\/#organization"},"potentialAction":[{"@type":"SearchAction","target":{"@type":"EntryPoint","urlTemplate":"https:\/\/www.eldiario.net\/portal\/?s={search_term_string}"},"query-input":{"@type":"PropertyValueSpecification","valueRequired":true,"valueName":"search_term_string"}}],"inLanguage":"es"},{"@type":"Organization","@id":"https:\/\/www.eldiario.net\/portal\/#organization","name":"El Diario - Decano de la prensa nacional","url":"https:\/\/www.eldiario.net\/portal\/","logo":{"@type":"ImageObject","inLanguage":"es","@id":"https:\/\/www.eldiario.net\/portal\/#\/schema\/logo\/image\/","url":"https:\/\/www.eldiario.net\/portal\/wp-content\/uploads\/2023\/07\/logo_ED.jpg","contentUrl":"https:\/\/www.eldiario.net\/portal\/wp-content\/uploads\/2023\/07\/logo_ED.jpg","width":272,"height":52,"caption":"El Diario - Decano de la prensa nacional"},"image":{"@id":"https:\/\/www.eldiario.net\/portal\/#\/schema\/logo\/image\/"},"sameAs":["https:\/\/www.facebook.com\/eldiario.bolivia\/","https:\/\/x.com\/eldiario_net"]},{"@type":"Person","@id":"https:\/\/www.eldiario.net\/portal\/#\/schema\/person\/2c57cf2b7a7ae032e449e4c9b1019eac","name":"Jeanette","image":{"@type":"ImageObject","inLanguage":"es","@id":"https:\/\/secure.gravatar.com\/avatar\/3ea2118a5f7dad2b7138b1187a6b7ee55f160b9968b66013c3a3ef39dd7e5798?s=96&d=mm&r=g","url":"https:\/\/secure.gravatar.com\/avatar\/3ea2118a5f7dad2b7138b1187a6b7ee55f160b9968b66013c3a3ef39dd7e5798?s=96&d=mm&r=g","contentUrl":"https:\/\/secure.gravatar.com\/avatar\/3ea2118a5f7dad2b7138b1187a6b7ee55f160b9968b66013c3a3ef39dd7e5798?s=96&d=mm&r=g","caption":"Jeanette"},"sameAs":["https:\/\/www.eldiario.net\/portal"],"url":"https:\/\/www.eldiario.net\/portal\/author\/jeanette\/"}]}},"_links":{"self":[{"href":"https:\/\/www.eldiario.net\/portal\/wp-json\/wp\/v2\/posts\/318824","targetHints":{"allow":["GET"]}}],"collection":[{"href":"https:\/\/www.eldiario.net\/portal\/wp-json\/wp\/v2\/posts"}],"about":[{"href":"https:\/\/www.eldiario.net\/portal\/wp-json\/wp\/v2\/types\/post"}],"author":[{"embeddable":true,"href":"https:\/\/www.eldiario.net\/portal\/wp-json\/wp\/v2\/users\/1"}],"replies":[{"embeddable":true,"href":"https:\/\/www.eldiario.net\/portal\/wp-json\/wp\/v2\/comments?post=318824"}],"version-history":[{"count":1,"href":"https:\/\/www.eldiario.net\/portal\/wp-json\/wp\/v2\/posts\/318824\/revisions"}],"predecessor-version":[{"id":318826,"href":"https:\/\/www.eldiario.net\/portal\/wp-json\/wp\/v2\/posts\/318824\/revisions\/318826"}],"wp:featuredmedia":[{"embeddable":true,"href":"https:\/\/www.eldiario.net\/portal\/wp-json\/wp\/v2\/media\/318825"}],"wp:attachment":[{"href":"https:\/\/www.eldiario.net\/portal\/wp-json\/wp\/v2\/media?parent=318824"}],"wp:term":[{"taxonomy":"category","embeddable":true,"href":"https:\/\/www.eldiario.net\/portal\/wp-json\/wp\/v2\/categories?post=318824"},{"taxonomy":"post_tag","embeddable":true,"href":"https:\/\/www.eldiario.net\/portal\/wp-json\/wp\/v2\/tags?post=318824"}],"curies":[{"name":"wp","href":"https:\/\/api.w.org\/{rel}","templated":true}]}}