{"id":318821,"date":"2025-07-23T07:02:57","date_gmt":"2025-07-23T11:02:57","guid":{"rendered":"https:\/\/www.eldiario.net\/portal\/?p=318821"},"modified":"2025-07-23T07:02:57","modified_gmt":"2025-07-23T11:02:57","slug":"con-semejante-diferencial-de-cambio-deberiamos-estar-exportando-como-locos","status":"publish","type":"post","link":"https:\/\/www.eldiario.net\/portal\/2025\/07\/23\/con-semejante-diferencial-de-cambio-deberiamos-estar-exportando-como-locos\/","title":{"rendered":"\u201cCon semejante diferencial de cambio,  deber\u00edamos estar exportando como locos\u201d"},"content":{"rendered":"<p>El diferencial cambiario hace competitivo los productos bolivianos, y una muestra clara est\u00e1 en el aumento de las ventas ilegales en las fronteras con pa\u00edses vecinos, en donde cada d\u00eda se decomisan alimentos.<br \/>\nEl gerente general del Instituto Boliviano de Comercio Exterior (IBCE), Gary Antonio Rodr\u00edguez, responde a tres preguntas de EL DIARIO:<br \/>\nED.- Las exportaciones mantienen el porcentaje entre tradicionales y no tradicionales 75 y 25%<br \/>\nGAR.- Seg\u00fan datos del INE al mes de mayo de 2025, las Exportaciones No Tradicionales (ENT) de Bolivia han subido su aporte al 28% de participaci\u00f3n sobre el total general, esto, no precisamente gracias a que las ENT haya aumentado su valor, siendo que, comparativamente a igual lapso del 2024 han ca\u00eddo m\u00e1s bien en un 7%. Las Exportaciones Tradicionales han bajado un 5%, producto del desplome de los hidrocarburos en un 37% a su interior, vale decir que, en realidad, lo que est\u00e1 pasando es que esta reconfiguraci\u00f3n, lamentablemente no se est\u00e1 dando por un mejor desempe\u00f1o de las ventas no tradicionales, sino por un languidecimiento del grupo de exportaciones de recursos extractivos no renovables.<br \/>\nED.- La agricultura subi\u00f3 su participaci\u00f3n, pero en los \u00faltimos 20 a\u00f1os no hubo pol\u00edticas para fomentar un aumento significativo. Estamos retrocediendo.<br \/>\nGAR.- El hecho que las ENT del pa\u00eds hayan llegado a un valor r\u00e9cord de casi 3.900 millones de d\u00f3lares en 2022, haciendo que su participaci\u00f3n sobre el total exportado subiera al 30%, se debi\u00f3 al gran aporte de las exportaciones agropecuarias, con un fort\u00edsimo componente de alimentos como la soya y derivados (aceites, torta, harina), casta\u00f1a, carne bovina y derivados, quinua, az\u00facar, bananas, leche, ch\u00eda, s\u00e9samo, caf\u00e9, palmitos y man\u00ed, entre los principales. Pero, fruto de factores internos como los bloqueos, falta de d\u00f3lares, escasez de combustibles, cupos y restricciones a la exportaci\u00f3n, as\u00ed como factores ex\u00f3genos, como los bajos precios internacionales y factores clim\u00e1ticos, en ausencia de pol\u00edticas que apuntalen la productividad y competitividad -como el uso de la biotecnolog\u00eda, entre ellas- determinaron su ca\u00edda por m\u00e1s de 1.200 millones de d\u00f3lares y m\u00e1s de un mill\u00f3n de toneladas en 2024, comparadas al pico exportador alcanzado. Por tanto, dolorosamente, en lugar de avanzar, vamos retrocediendo, cuando tenemos absolutamente todas las condiciones materiales para crecer sostenida y sosteniblemente, no lo hacemos.<br \/>\nPor ejemplo, en el caso de la quina, hoy vendemos casi el mismo volumen que en el a\u00f1o 2014, por menos de la mitad en t\u00e9rminos de valor, vale decir que nos estancamos en su producci\u00f3n y baj\u00f3 el ingreso de d\u00f3lares, comparativamente a lo que vendimos al mundo en su mejor momento; no ocurre lo mismo con la carne bovina, este producto tiene cupo de exportaci\u00f3n, as\u00ed como \u00e9stos, hay otros ejemplos que debieran superarse para exportar mucho m\u00e1s, dado el enorme potencial con el que cuenta el pa\u00eds.<br \/>\nED.- Es una buena oportunidad para las empresas bolivianas la crisis del d\u00f3lar para formar cadenas productivas en todos los sectores o las exportaciones e importaciones tienen mayor peso que la intenci\u00f3n empresarial.<br \/>\nGAR.- Con el diferencial cambiario existente, deber\u00edamos estar exportando como locos, literalmente y sin exagerar. Lamentablemente, hay frenos internos que lo impiden, como la inestabilidad pol\u00edtica y social, que impacta directamente sobre la econom\u00eda y los buenos \u00e1nimos de quienes producen y hacen empresa en Bolivia.<br \/>\nEs incre\u00edble c\u00f3mo un pa\u00eds que lo tiene todo para desarrollarse, no lo hace, no por falta de recursos naturales, sino, por falta de una estrategia de desarrollo a partir del entendimiento de que el comercio exterior es vital para cualquier pa\u00eds, y, dentro de \u00e9l, que las exportaciones no son una \u201ceconom\u00eda de rebalse\u201d, sino, un gran motor para invertir m\u00e1s, producir m\u00e1s, generar m\u00e1s excedentes, vender m\u00e1s al mundo y, con ello, generar ingresos para las familias y divisas para el pa\u00eds, para poder financiar sus necesidades de d\u00f3lares y cubrir las importaciones de las cuales depende.<br \/>\nSi esto se entiende as\u00ed, entonces, Gobierno y privados, deber\u00edan tener una visi\u00f3n conjunta y adoptarse pol\u00edticas de Estado para generar un proceso de desarrollo con la mira puesta en el gran motor de la demanda externa, trabajando para mejorar la productividad, la competitividad y abriendo mercados externos para vender mucho m\u00e1s.<\/p>\n","protected":false},"excerpt":{"rendered":"<p>El diferencial cambiario hace competitivo los productos bolivianos, y una muestra clara est\u00e1 en el aumento de las ventas ilegales en las fronteras con pa\u00edses vecinos, en donde cada d\u00eda se decomisan alimentos. El gerente general del Instituto Boliviano de Comercio Exterior (IBCE), Gary Antonio Rodr\u00edguez, responde a tres preguntas de EL DIARIO: ED.- Las [&hellip;]<\/p>\n","protected":false},"author":1,"featured_media":318822,"comment_status":"closed","ping_status":"open","sticky":false,"template":"","format":"standard","meta":{"_acf_changed":false,"footnotes":""},"categories":[7],"tags":[],"class_list":["post-318821","post","type-post","status-publish","format-standard","has-post-thumbnail","category-economia"],"acf":{"antetitulo":""},"yoast_head":"<!-- This site is optimized with the Yoast SEO plugin v28.4 - https:\/\/yoast.com\/product\/yoast-seo-wordpress\/ -->\n<title>\u201cCon semejante diferencial de cambio, deber\u00edamos estar exportando como locos\u201d - El Diario - Bolivia<\/title>\n<meta name=\"robots\" content=\"index, follow, max-snippet:-1, max-image-preview:large, max-video-preview:-1\" \/>\n<link rel=\"canonical\" href=\"https:\/\/www.eldiario.net\/portal\/2025\/07\/23\/con-semejante-diferencial-de-cambio-deberiamos-estar-exportando-como-locos\/\" \/>\n<meta property=\"og:locale\" content=\"es_ES\" \/>\n<meta property=\"og:type\" content=\"article\" \/>\n<meta property=\"og:title\" content=\"\u201cCon semejante diferencial de cambio, deber\u00edamos estar exportando como locos\u201d - El Diario - Bolivia\" \/>\n<meta property=\"og:description\" content=\"El diferencial cambiario hace competitivo los productos bolivianos, y una muestra clara est\u00e1 en el aumento de las ventas ilegales en las fronteras con pa\u00edses vecinos, en donde cada d\u00eda se decomisan alimentos. El gerente general del Instituto Boliviano de Comercio Exterior (IBCE), Gary Antonio Rodr\u00edguez, responde a tres preguntas de EL DIARIO: ED.- Las [&hellip;]\" \/>\n<meta property=\"og:url\" content=\"https:\/\/www.eldiario.net\/portal\/2025\/07\/23\/con-semejante-diferencial-de-cambio-deberiamos-estar-exportando-como-locos\/\" \/>\n<meta property=\"og:site_name\" content=\"El Diario - Bolivia\" \/>\n<meta property=\"article:publisher\" content=\"https:\/\/www.facebook.com\/eldiario.bolivia\/\" \/>\n<meta property=\"article:published_time\" content=\"2025-07-23T11:02:57+00:00\" \/>\n<meta property=\"og:image\" content=\"https:\/\/www.eldiario.net\/portal\/wp-content\/uploads\/2025\/07\/IBCE.webp\" \/>\n\t<meta property=\"og:image:width\" content=\"605\" \/>\n\t<meta property=\"og:image:height\" content=\"600\" \/>\n\t<meta property=\"og:image:type\" content=\"image\/webp\" \/>\n<meta name=\"author\" content=\"Jeanette\" \/>\n<meta name=\"twitter:card\" content=\"summary_large_image\" \/>\n<meta name=\"twitter:creator\" content=\"@eldiario_net\" \/>\n<meta name=\"twitter:site\" content=\"@eldiario_net\" \/>\n<meta name=\"twitter:label1\" content=\"Escrito por\" \/>\n\t<meta name=\"twitter:data1\" content=\"Jeanette\" \/>\n\t<meta name=\"twitter:label2\" content=\"Tiempo de lectura\" \/>\n\t<meta name=\"twitter:data2\" content=\"4 minutos\" \/>\n<script type=\"application\/ld+json\" class=\"yoast-schema-graph\">{\"@context\":\"https:\\\/\\\/schema.org\",\"@graph\":[{\"@type\":\"Article\",\"@id\":\"https:\\\/\\\/www.eldiario.net\\\/portal\\\/2025\\\/07\\\/23\\\/con-semejante-diferencial-de-cambio-deberiamos-estar-exportando-como-locos\\\/#article\",\"isPartOf\":{\"@id\":\"https:\\\/\\\/www.eldiario.net\\\/portal\\\/2025\\\/07\\\/23\\\/con-semejante-diferencial-de-cambio-deberiamos-estar-exportando-como-locos\\\/\"},\"author\":{\"name\":\"Jeanette\",\"@id\":\"https:\\\/\\\/www.eldiario.net\\\/portal\\\/#\\\/schema\\\/person\\\/2c57cf2b7a7ae032e449e4c9b1019eac\"},\"headline\":\"\u201cCon semejante diferencial de cambio, deber\u00edamos estar exportando como locos\u201d\",\"datePublished\":\"2025-07-23T11:02:57+00:00\",\"mainEntityOfPage\":{\"@id\":\"https:\\\/\\\/www.eldiario.net\\\/portal\\\/2025\\\/07\\\/23\\\/con-semejante-diferencial-de-cambio-deberiamos-estar-exportando-como-locos\\\/\"},\"wordCount\":758,\"publisher\":{\"@id\":\"https:\\\/\\\/www.eldiario.net\\\/portal\\\/#organization\"},\"image\":{\"@id\":\"https:\\\/\\\/www.eldiario.net\\\/portal\\\/2025\\\/07\\\/23\\\/con-semejante-diferencial-de-cambio-deberiamos-estar-exportando-como-locos\\\/#primaryimage\"},\"thumbnailUrl\":\"https:\\\/\\\/www.eldiario.net\\\/portal\\\/wp-content\\\/uploads\\\/2025\\\/07\\\/IBCE.webp\",\"articleSection\":[\"Econom\u00eda\"],\"inLanguage\":\"es\"},{\"@type\":\"WebPage\",\"@id\":\"https:\\\/\\\/www.eldiario.net\\\/portal\\\/2025\\\/07\\\/23\\\/con-semejante-diferencial-de-cambio-deberiamos-estar-exportando-como-locos\\\/\",\"url\":\"https:\\\/\\\/www.eldiario.net\\\/portal\\\/2025\\\/07\\\/23\\\/con-semejante-diferencial-de-cambio-deberiamos-estar-exportando-como-locos\\\/\",\"name\":\"\u201cCon semejante diferencial de cambio, deber\u00edamos estar exportando como locos\u201d - El Diario - Bolivia\",\"isPartOf\":{\"@id\":\"https:\\\/\\\/www.eldiario.net\\\/portal\\\/#website\"},\"primaryImageOfPage\":{\"@id\":\"https:\\\/\\\/www.eldiario.net\\\/portal\\\/2025\\\/07\\\/23\\\/con-semejante-diferencial-de-cambio-deberiamos-estar-exportando-como-locos\\\/#primaryimage\"},\"image\":{\"@id\":\"https:\\\/\\\/www.eldiario.net\\\/portal\\\/2025\\\/07\\\/23\\\/con-semejante-diferencial-de-cambio-deberiamos-estar-exportando-como-locos\\\/#primaryimage\"},\"thumbnailUrl\":\"https:\\\/\\\/www.eldiario.net\\\/portal\\\/wp-content\\\/uploads\\\/2025\\\/07\\\/IBCE.webp\",\"datePublished\":\"2025-07-23T11:02:57+00:00\",\"breadcrumb\":{\"@id\":\"https:\\\/\\\/www.eldiario.net\\\/portal\\\/2025\\\/07\\\/23\\\/con-semejante-diferencial-de-cambio-deberiamos-estar-exportando-como-locos\\\/#breadcrumb\"},\"inLanguage\":\"es\",\"potentialAction\":[{\"@type\":\"ReadAction\",\"target\":[\"https:\\\/\\\/www.eldiario.net\\\/portal\\\/2025\\\/07\\\/23\\\/con-semejante-diferencial-de-cambio-deberiamos-estar-exportando-como-locos\\\/\"]}]},{\"@type\":\"ImageObject\",\"inLanguage\":\"es\",\"@id\":\"https:\\\/\\\/www.eldiario.net\\\/portal\\\/2025\\\/07\\\/23\\\/con-semejante-diferencial-de-cambio-deberiamos-estar-exportando-como-locos\\\/#primaryimage\",\"url\":\"https:\\\/\\\/www.eldiario.net\\\/portal\\\/wp-content\\\/uploads\\\/2025\\\/07\\\/IBCE.webp\",\"contentUrl\":\"https:\\\/\\\/www.eldiario.net\\\/portal\\\/wp-content\\\/uploads\\\/2025\\\/07\\\/IBCE.webp\",\"width\":605,\"height\":600,\"caption\":\"Gary Rodr\u00edguez, gerente general del IBCE.\"},{\"@type\":\"BreadcrumbList\",\"@id\":\"https:\\\/\\\/www.eldiario.net\\\/portal\\\/2025\\\/07\\\/23\\\/con-semejante-diferencial-de-cambio-deberiamos-estar-exportando-como-locos\\\/#breadcrumb\",\"itemListElement\":[{\"@type\":\"ListItem\",\"position\":1,\"name\":\"Portada\",\"item\":\"https:\\\/\\\/www.eldiario.net\\\/portal\\\/\"},{\"@type\":\"ListItem\",\"position\":2,\"name\":\"\u201cCon semejante diferencial de cambio, deber\u00edamos estar exportando como locos\u201d\"}]},{\"@type\":\"WebSite\",\"@id\":\"https:\\\/\\\/www.eldiario.net\\\/portal\\\/#website\",\"url\":\"https:\\\/\\\/www.eldiario.net\\\/portal\\\/\",\"name\":\"El Diario - Decano de la prensa nacional\",\"description\":\"El Diario - Decano de la prensa nacional\",\"publisher\":{\"@id\":\"https:\\\/\\\/www.eldiario.net\\\/portal\\\/#organization\"},\"potentialAction\":[{\"@type\":\"SearchAction\",\"target\":{\"@type\":\"EntryPoint\",\"urlTemplate\":\"https:\\\/\\\/www.eldiario.net\\\/portal\\\/?s={search_term_string}\"},\"query-input\":{\"@type\":\"PropertyValueSpecification\",\"valueRequired\":true,\"valueName\":\"search_term_string\"}}],\"inLanguage\":\"es\"},{\"@type\":\"Organization\",\"@id\":\"https:\\\/\\\/www.eldiario.net\\\/portal\\\/#organization\",\"name\":\"El Diario - Decano de la prensa nacional\",\"url\":\"https:\\\/\\\/www.eldiario.net\\\/portal\\\/\",\"logo\":{\"@type\":\"ImageObject\",\"inLanguage\":\"es\",\"@id\":\"https:\\\/\\\/www.eldiario.net\\\/portal\\\/#\\\/schema\\\/logo\\\/image\\\/\",\"url\":\"https:\\\/\\\/www.eldiario.net\\\/portal\\\/wp-content\\\/uploads\\\/2023\\\/07\\\/logo_ED.jpg\",\"contentUrl\":\"https:\\\/\\\/www.eldiario.net\\\/portal\\\/wp-content\\\/uploads\\\/2023\\\/07\\\/logo_ED.jpg\",\"width\":272,\"height\":52,\"caption\":\"El Diario - Decano de la prensa nacional\"},\"image\":{\"@id\":\"https:\\\/\\\/www.eldiario.net\\\/portal\\\/#\\\/schema\\\/logo\\\/image\\\/\"},\"sameAs\":[\"https:\\\/\\\/www.facebook.com\\\/eldiario.bolivia\\\/\",\"https:\\\/\\\/x.com\\\/eldiario_net\"]},{\"@type\":\"Person\",\"@id\":\"https:\\\/\\\/www.eldiario.net\\\/portal\\\/#\\\/schema\\\/person\\\/2c57cf2b7a7ae032e449e4c9b1019eac\",\"name\":\"Jeanette\",\"image\":{\"@type\":\"ImageObject\",\"inLanguage\":\"es\",\"@id\":\"https:\\\/\\\/secure.gravatar.com\\\/avatar\\\/3ea2118a5f7dad2b7138b1187a6b7ee55f160b9968b66013c3a3ef39dd7e5798?s=96&d=mm&r=g\",\"url\":\"https:\\\/\\\/secure.gravatar.com\\\/avatar\\\/3ea2118a5f7dad2b7138b1187a6b7ee55f160b9968b66013c3a3ef39dd7e5798?s=96&d=mm&r=g\",\"contentUrl\":\"https:\\\/\\\/secure.gravatar.com\\\/avatar\\\/3ea2118a5f7dad2b7138b1187a6b7ee55f160b9968b66013c3a3ef39dd7e5798?s=96&d=mm&r=g\",\"caption\":\"Jeanette\"},\"sameAs\":[\"https:\\\/\\\/www.eldiario.net\\\/portal\"],\"url\":\"https:\\\/\\\/www.eldiario.net\\\/portal\\\/author\\\/jeanette\\\/\"}]}<\/script>\n<!-- \/ Yoast SEO plugin. -->","yoast_head_json":{"title":"\u201cCon semejante diferencial de cambio, deber\u00edamos estar exportando como locos\u201d - El Diario - Bolivia","robots":{"index":"index","follow":"follow","max-snippet":"max-snippet:-1","max-image-preview":"max-image-preview:large","max-video-preview":"max-video-preview:-1"},"canonical":"https:\/\/www.eldiario.net\/portal\/2025\/07\/23\/con-semejante-diferencial-de-cambio-deberiamos-estar-exportando-como-locos\/","og_locale":"es_ES","og_type":"article","og_title":"\u201cCon semejante diferencial de cambio, deber\u00edamos estar exportando como locos\u201d - El Diario - Bolivia","og_description":"El diferencial cambiario hace competitivo los productos bolivianos, y una muestra clara est\u00e1 en el aumento de las ventas ilegales en las fronteras con pa\u00edses vecinos, en donde cada d\u00eda se decomisan alimentos. El gerente general del Instituto Boliviano de Comercio Exterior (IBCE), Gary Antonio Rodr\u00edguez, responde a tres preguntas de EL DIARIO: ED.- Las [&hellip;]","og_url":"https:\/\/www.eldiario.net\/portal\/2025\/07\/23\/con-semejante-diferencial-de-cambio-deberiamos-estar-exportando-como-locos\/","og_site_name":"El Diario - Bolivia","article_publisher":"https:\/\/www.facebook.com\/eldiario.bolivia\/","article_published_time":"2025-07-23T11:02:57+00:00","og_image":[{"width":605,"height":600,"url":"https:\/\/www.eldiario.net\/portal\/wp-content\/uploads\/2025\/07\/IBCE.webp","type":"image\/webp"}],"author":"Jeanette","twitter_card":"summary_large_image","twitter_creator":"@eldiario_net","twitter_site":"@eldiario_net","twitter_misc":{"Escrito por":"Jeanette","Tiempo de lectura":"4 minutos"},"schema":{"@context":"https:\/\/schema.org","@graph":[{"@type":"Article","@id":"https:\/\/www.eldiario.net\/portal\/2025\/07\/23\/con-semejante-diferencial-de-cambio-deberiamos-estar-exportando-como-locos\/#article","isPartOf":{"@id":"https:\/\/www.eldiario.net\/portal\/2025\/07\/23\/con-semejante-diferencial-de-cambio-deberiamos-estar-exportando-como-locos\/"},"author":{"name":"Jeanette","@id":"https:\/\/www.eldiario.net\/portal\/#\/schema\/person\/2c57cf2b7a7ae032e449e4c9b1019eac"},"headline":"\u201cCon semejante diferencial de cambio, deber\u00edamos estar exportando como locos\u201d","datePublished":"2025-07-23T11:02:57+00:00","mainEntityOfPage":{"@id":"https:\/\/www.eldiario.net\/portal\/2025\/07\/23\/con-semejante-diferencial-de-cambio-deberiamos-estar-exportando-como-locos\/"},"wordCount":758,"publisher":{"@id":"https:\/\/www.eldiario.net\/portal\/#organization"},"image":{"@id":"https:\/\/www.eldiario.net\/portal\/2025\/07\/23\/con-semejante-diferencial-de-cambio-deberiamos-estar-exportando-como-locos\/#primaryimage"},"thumbnailUrl":"https:\/\/www.eldiario.net\/portal\/wp-content\/uploads\/2025\/07\/IBCE.webp","articleSection":["Econom\u00eda"],"inLanguage":"es"},{"@type":"WebPage","@id":"https:\/\/www.eldiario.net\/portal\/2025\/07\/23\/con-semejante-diferencial-de-cambio-deberiamos-estar-exportando-como-locos\/","url":"https:\/\/www.eldiario.net\/portal\/2025\/07\/23\/con-semejante-diferencial-de-cambio-deberiamos-estar-exportando-como-locos\/","name":"\u201cCon semejante diferencial de cambio, deber\u00edamos estar exportando como locos\u201d - El Diario - Bolivia","isPartOf":{"@id":"https:\/\/www.eldiario.net\/portal\/#website"},"primaryImageOfPage":{"@id":"https:\/\/www.eldiario.net\/portal\/2025\/07\/23\/con-semejante-diferencial-de-cambio-deberiamos-estar-exportando-como-locos\/#primaryimage"},"image":{"@id":"https:\/\/www.eldiario.net\/portal\/2025\/07\/23\/con-semejante-diferencial-de-cambio-deberiamos-estar-exportando-como-locos\/#primaryimage"},"thumbnailUrl":"https:\/\/www.eldiario.net\/portal\/wp-content\/uploads\/2025\/07\/IBCE.webp","datePublished":"2025-07-23T11:02:57+00:00","breadcrumb":{"@id":"https:\/\/www.eldiario.net\/portal\/2025\/07\/23\/con-semejante-diferencial-de-cambio-deberiamos-estar-exportando-como-locos\/#breadcrumb"},"inLanguage":"es","potentialAction":[{"@type":"ReadAction","target":["https:\/\/www.eldiario.net\/portal\/2025\/07\/23\/con-semejante-diferencial-de-cambio-deberiamos-estar-exportando-como-locos\/"]}]},{"@type":"ImageObject","inLanguage":"es","@id":"https:\/\/www.eldiario.net\/portal\/2025\/07\/23\/con-semejante-diferencial-de-cambio-deberiamos-estar-exportando-como-locos\/#primaryimage","url":"https:\/\/www.eldiario.net\/portal\/wp-content\/uploads\/2025\/07\/IBCE.webp","contentUrl":"https:\/\/www.eldiario.net\/portal\/wp-content\/uploads\/2025\/07\/IBCE.webp","width":605,"height":600,"caption":"Gary Rodr\u00edguez, gerente general del IBCE."},{"@type":"BreadcrumbList","@id":"https:\/\/www.eldiario.net\/portal\/2025\/07\/23\/con-semejante-diferencial-de-cambio-deberiamos-estar-exportando-como-locos\/#breadcrumb","itemListElement":[{"@type":"ListItem","position":1,"name":"Portada","item":"https:\/\/www.eldiario.net\/portal\/"},{"@type":"ListItem","position":2,"name":"\u201cCon semejante diferencial de cambio, deber\u00edamos estar exportando como locos\u201d"}]},{"@type":"WebSite","@id":"https:\/\/www.eldiario.net\/portal\/#website","url":"https:\/\/www.eldiario.net\/portal\/","name":"El Diario - Decano de la prensa nacional","description":"El Diario - Decano de la prensa nacional","publisher":{"@id":"https:\/\/www.eldiario.net\/portal\/#organization"},"potentialAction":[{"@type":"SearchAction","target":{"@type":"EntryPoint","urlTemplate":"https:\/\/www.eldiario.net\/portal\/?s={search_term_string}"},"query-input":{"@type":"PropertyValueSpecification","valueRequired":true,"valueName":"search_term_string"}}],"inLanguage":"es"},{"@type":"Organization","@id":"https:\/\/www.eldiario.net\/portal\/#organization","name":"El Diario - Decano de la prensa nacional","url":"https:\/\/www.eldiario.net\/portal\/","logo":{"@type":"ImageObject","inLanguage":"es","@id":"https:\/\/www.eldiario.net\/portal\/#\/schema\/logo\/image\/","url":"https:\/\/www.eldiario.net\/portal\/wp-content\/uploads\/2023\/07\/logo_ED.jpg","contentUrl":"https:\/\/www.eldiario.net\/portal\/wp-content\/uploads\/2023\/07\/logo_ED.jpg","width":272,"height":52,"caption":"El Diario - Decano de la prensa nacional"},"image":{"@id":"https:\/\/www.eldiario.net\/portal\/#\/schema\/logo\/image\/"},"sameAs":["https:\/\/www.facebook.com\/eldiario.bolivia\/","https:\/\/x.com\/eldiario_net"]},{"@type":"Person","@id":"https:\/\/www.eldiario.net\/portal\/#\/schema\/person\/2c57cf2b7a7ae032e449e4c9b1019eac","name":"Jeanette","image":{"@type":"ImageObject","inLanguage":"es","@id":"https:\/\/secure.gravatar.com\/avatar\/3ea2118a5f7dad2b7138b1187a6b7ee55f160b9968b66013c3a3ef39dd7e5798?s=96&d=mm&r=g","url":"https:\/\/secure.gravatar.com\/avatar\/3ea2118a5f7dad2b7138b1187a6b7ee55f160b9968b66013c3a3ef39dd7e5798?s=96&d=mm&r=g","contentUrl":"https:\/\/secure.gravatar.com\/avatar\/3ea2118a5f7dad2b7138b1187a6b7ee55f160b9968b66013c3a3ef39dd7e5798?s=96&d=mm&r=g","caption":"Jeanette"},"sameAs":["https:\/\/www.eldiario.net\/portal"],"url":"https:\/\/www.eldiario.net\/portal\/author\/jeanette\/"}]}},"_links":{"self":[{"href":"https:\/\/www.eldiario.net\/portal\/wp-json\/wp\/v2\/posts\/318821","targetHints":{"allow":["GET"]}}],"collection":[{"href":"https:\/\/www.eldiario.net\/portal\/wp-json\/wp\/v2\/posts"}],"about":[{"href":"https:\/\/www.eldiario.net\/portal\/wp-json\/wp\/v2\/types\/post"}],"author":[{"embeddable":true,"href":"https:\/\/www.eldiario.net\/portal\/wp-json\/wp\/v2\/users\/1"}],"replies":[{"embeddable":true,"href":"https:\/\/www.eldiario.net\/portal\/wp-json\/wp\/v2\/comments?post=318821"}],"version-history":[{"count":1,"href":"https:\/\/www.eldiario.net\/portal\/wp-json\/wp\/v2\/posts\/318821\/revisions"}],"predecessor-version":[{"id":318823,"href":"https:\/\/www.eldiario.net\/portal\/wp-json\/wp\/v2\/posts\/318821\/revisions\/318823"}],"wp:featuredmedia":[{"embeddable":true,"href":"https:\/\/www.eldiario.net\/portal\/wp-json\/wp\/v2\/media\/318822"}],"wp:attachment":[{"href":"https:\/\/www.eldiario.net\/portal\/wp-json\/wp\/v2\/media?parent=318821"}],"wp:term":[{"taxonomy":"category","embeddable":true,"href":"https:\/\/www.eldiario.net\/portal\/wp-json\/wp\/v2\/categories?post=318821"},{"taxonomy":"post_tag","embeddable":true,"href":"https:\/\/www.eldiario.net\/portal\/wp-json\/wp\/v2\/tags?post=318821"}],"curies":[{"name":"wp","href":"https:\/\/api.w.org\/{rel}","templated":true}]}}