{"id":318815,"date":"2025-07-23T07:01:22","date_gmt":"2025-07-23T11:01:22","guid":{"rendered":"https:\/\/www.eldiario.net\/portal\/?p=318815"},"modified":"2025-07-23T07:01:22","modified_gmt":"2025-07-23T11:01:22","slug":"jubilados-en-el-olvido-electoral","status":"publish","type":"post","link":"https:\/\/www.eldiario.net\/portal\/2025\/07\/23\/jubilados-en-el-olvido-electoral\/","title":{"rendered":"Jubilados en el olvido electoral"},"content":{"rendered":"<p>El tema de los jubilados no es prioritario para los candidatos a la presidencia del Estado Plurinacional de Bolivia. Su foco de atenci\u00f3n est\u00e1 en los j\u00f3venes, trabajadores activos y clase media, segmentos que concentran una mayor respuesta electoral inmediata. El padr\u00f3n electoral est\u00e1 compuesto por 7.9 millones de votantes, de los cuales aproximadamente 1.3 millones son adultos mayores. Los jubilados, la mayor\u00eda con rentas magras, ascienden a unos 219.266, de los cuales 17.800 contin\u00faan trabajando porque a\u00fan mantienen sus condiciones f\u00edsicas y mentales para seguir cumpliendo sus actividades laborales.<br \/>\nAl escuchar los discursos y revisar los planes de gobierno, es frecuente encontrar un \u00e9nfasis en sectores productivos, pero incurren en una omisi\u00f3n flagrante de la problem\u00e1tica de la tercera edad. Las propuestas concretas para mejorar las pensiones, garantizar el acceso a servicios de salud de calidad o crear espacios de participaci\u00f3n y dignificaci\u00f3n para los jubilados son escasas o inexistentes.<br \/>\nLos jubilados son pilares de experiencia, memoria hist\u00f3rica y, en muchos casos, un sost\u00e9n econ\u00f3mico silencioso para sus familias. Sin embargo, en el calor de las campa\u00f1as electorales, las propuestas de los candidatos a la presidencia con frecuencia parecen pasar por alto las necesidades y el invaluable aporte de este sector, sumi\u00e9ndolos en un preocupante olvido.<br \/>\nEs innegable, desde todo punto de vista, que los jubilados fueron el alma silenciosa del sistema boliviano: su trabajo sostuvo al Estado, sus aportes financiaron el futuro y su historia ciment\u00f3 la identidad nacional. Hoy, las miopes miradas electorales pasan de largo sobre quienes, lejos de descansar, siguen construyendo el pa\u00eds d\u00eda a d\u00eda.<br \/>\nEl aporte de los jubilados va mucho m\u00e1s all\u00e1 de su trayectoria laboral. Representan una reserva de conocimiento y experiencia acumulada a lo largo de su vida laboral activa. Han sido testigos y part\u00edcipes de las transformaciones sociales, econ\u00f3micas y pol\u00edticas del pa\u00eds en los \u00faltimos 50 a\u00f1os, y su memoria colectiva constituye un archivo viviente que podr\u00eda ser fundamental para la toma de decisiones.<br \/>\nM\u00e1s all\u00e1 de lo intangible, muchos jubilados son un soporte econ\u00f3mico vital para sus familias. En un contexto de crisis econ\u00f3mica, precariedad laboral y salarios insuficientes, sus rentas, aunque modestas, a menudo se convierten en el \u00fanico ingreso estable en hogares donde conviven varias generaciones. Contribuyen al pago de servicios b\u00e1sicos, la educaci\u00f3n de los nietos e incluso a la alimentaci\u00f3n diaria. Son, en esencia, una red de seguridad social informal que amortigua los embates de la crisis.<br \/>\nAdem\u00e1s, los jubilados son activos en sus comunidades. Muchos dedican su tiempo a actividades voluntarias, participan en organizaciones c\u00edvicas, sindicales o simplemente ofrecen su tiempo y sabidur\u00eda para el cuidado de sus nietos, liberando a sus hijos para que puedan trabajar. Su presencia en la vida cotidiana de las ciudades capitales, poblaciones intermedias, barrios y pueblos en general es un factor de cohesi\u00f3n social, transmitiendo valores, tradiciones y fomentando el sentido de pertenencia.<br \/>\nEl aporte de los jubilados bolivianos es una fuerza silenciosa, pero potente, que sostiene a familias y comunidades, enriqueciendo el tejido social con su experiencia y sabidur\u00eda. Es un pilar que merece ser reconocido y valorado. El persistente y parad\u00f3jico olvido de este sector, por parte de los candidatos a la presidencia de Bolivia, no solo es una deuda moral, sino tambi\u00e9n una falla estrat\u00e9gica.<br \/>\nUn pa\u00eds que aspira a un desarrollo integral y equitativo no puede permitirse ignorar a quienes cimentaron su presente. Es imperativo que las agendas de los pol\u00edticos y el pr\u00f3ximo gobierno incluyan pol\u00edticas p\u00fablicas, propuestas concretas y dignas para los jubilados, reconociendo su invaluable contribuci\u00f3n y asegur\u00e1ndoles una vejez con la dignidad y el respeto que merecen. Solo as\u00ed se construir\u00e1 una sociedad m\u00e1s justa, inclusiva y agradecida con quienes han entregado su vida entera.<\/p>\n","protected":false},"excerpt":{"rendered":"<p>El tema de los jubilados no es prioritario para los candidatos a la presidencia del Estado Plurinacional de Bolivia. Su foco de atenci\u00f3n est\u00e1 en los j\u00f3venes, trabajadores activos y clase media, segmentos que concentran una mayor respuesta electoral inmediata. El padr\u00f3n electoral est\u00e1 compuesto por 7.9 millones de votantes, de los cuales aproximadamente 1.3 [&hellip;]<\/p>\n","protected":false},"author":1,"featured_media":194790,"comment_status":"closed","ping_status":"open","sticky":false,"template":"","format":"standard","meta":{"_acf_changed":false,"footnotes":""},"categories":[9],"tags":[],"class_list":["post-318815","post","type-post","status-publish","format-standard","has-post-thumbnail","category-opinion"],"acf":{"antetitulo":""},"yoast_head":"<!-- This site is optimized with the Yoast SEO plugin v28.4 - https:\/\/yoast.com\/product\/yoast-seo-wordpress\/ -->\n<title>Jubilados en el olvido electoral - El Diario - Bolivia<\/title>\n<meta name=\"robots\" content=\"index, follow, max-snippet:-1, max-image-preview:large, max-video-preview:-1\" \/>\n<link rel=\"canonical\" href=\"https:\/\/www.eldiario.net\/portal\/2025\/07\/23\/jubilados-en-el-olvido-electoral\/\" \/>\n<meta property=\"og:locale\" content=\"es_ES\" \/>\n<meta property=\"og:type\" content=\"article\" \/>\n<meta property=\"og:title\" content=\"Jubilados en el olvido electoral - El Diario - Bolivia\" \/>\n<meta property=\"og:description\" content=\"El tema de los jubilados no es prioritario para los candidatos a la presidencia del Estado Plurinacional de Bolivia. Su foco de atenci\u00f3n est\u00e1 en los j\u00f3venes, trabajadores activos y clase media, segmentos que concentran una mayor respuesta electoral inmediata. El padr\u00f3n electoral est\u00e1 compuesto por 7.9 millones de votantes, de los cuales aproximadamente 1.3 [&hellip;]\" \/>\n<meta property=\"og:url\" content=\"https:\/\/www.eldiario.net\/portal\/2025\/07\/23\/jubilados-en-el-olvido-electoral\/\" \/>\n<meta property=\"og:site_name\" content=\"El Diario - Bolivia\" \/>\n<meta property=\"article:publisher\" content=\"https:\/\/www.facebook.com\/eldiario.bolivia\/\" \/>\n<meta property=\"article:published_time\" content=\"2025-07-23T11:01:22+00:00\" \/>\n<meta property=\"og:image\" content=\"https:\/\/www.eldiario.net\/portal\/wp-content\/uploads\/2023\/12\/Opinion.jpg\" \/>\n\t<meta property=\"og:image:width\" content=\"800\" \/>\n\t<meta property=\"og:image:height\" content=\"500\" \/>\n\t<meta property=\"og:image:type\" content=\"image\/jpeg\" \/>\n<meta name=\"author\" content=\"Jeanette\" \/>\n<meta name=\"twitter:card\" content=\"summary_large_image\" \/>\n<meta name=\"twitter:creator\" content=\"@eldiario_net\" \/>\n<meta name=\"twitter:site\" content=\"@eldiario_net\" \/>\n<meta name=\"twitter:label1\" content=\"Escrito por\" \/>\n\t<meta name=\"twitter:data1\" content=\"Jeanette\" \/>\n\t<meta name=\"twitter:label2\" content=\"Tiempo de lectura\" \/>\n\t<meta name=\"twitter:data2\" content=\"4 minutos\" \/>\n<script type=\"application\/ld+json\" class=\"yoast-schema-graph\">{\"@context\":\"https:\\\/\\\/schema.org\",\"@graph\":[{\"@type\":\"Article\",\"@id\":\"https:\\\/\\\/www.eldiario.net\\\/portal\\\/2025\\\/07\\\/23\\\/jubilados-en-el-olvido-electoral\\\/#article\",\"isPartOf\":{\"@id\":\"https:\\\/\\\/www.eldiario.net\\\/portal\\\/2025\\\/07\\\/23\\\/jubilados-en-el-olvido-electoral\\\/\"},\"author\":{\"name\":\"Jeanette\",\"@id\":\"https:\\\/\\\/www.eldiario.net\\\/portal\\\/#\\\/schema\\\/person\\\/2c57cf2b7a7ae032e449e4c9b1019eac\"},\"headline\":\"Jubilados en el olvido electoral\",\"datePublished\":\"2025-07-23T11:01:22+00:00\",\"mainEntityOfPage\":{\"@id\":\"https:\\\/\\\/www.eldiario.net\\\/portal\\\/2025\\\/07\\\/23\\\/jubilados-en-el-olvido-electoral\\\/\"},\"wordCount\":665,\"publisher\":{\"@id\":\"https:\\\/\\\/www.eldiario.net\\\/portal\\\/#organization\"},\"image\":{\"@id\":\"https:\\\/\\\/www.eldiario.net\\\/portal\\\/2025\\\/07\\\/23\\\/jubilados-en-el-olvido-electoral\\\/#primaryimage\"},\"thumbnailUrl\":\"https:\\\/\\\/www.eldiario.net\\\/portal\\\/wp-content\\\/uploads\\\/2023\\\/12\\\/Opinion.jpg\",\"articleSection\":[\"Opini\u00f3n\"],\"inLanguage\":\"es\"},{\"@type\":\"WebPage\",\"@id\":\"https:\\\/\\\/www.eldiario.net\\\/portal\\\/2025\\\/07\\\/23\\\/jubilados-en-el-olvido-electoral\\\/\",\"url\":\"https:\\\/\\\/www.eldiario.net\\\/portal\\\/2025\\\/07\\\/23\\\/jubilados-en-el-olvido-electoral\\\/\",\"name\":\"Jubilados en el olvido electoral - El Diario - Bolivia\",\"isPartOf\":{\"@id\":\"https:\\\/\\\/www.eldiario.net\\\/portal\\\/#website\"},\"primaryImageOfPage\":{\"@id\":\"https:\\\/\\\/www.eldiario.net\\\/portal\\\/2025\\\/07\\\/23\\\/jubilados-en-el-olvido-electoral\\\/#primaryimage\"},\"image\":{\"@id\":\"https:\\\/\\\/www.eldiario.net\\\/portal\\\/2025\\\/07\\\/23\\\/jubilados-en-el-olvido-electoral\\\/#primaryimage\"},\"thumbnailUrl\":\"https:\\\/\\\/www.eldiario.net\\\/portal\\\/wp-content\\\/uploads\\\/2023\\\/12\\\/Opinion.jpg\",\"datePublished\":\"2025-07-23T11:01:22+00:00\",\"breadcrumb\":{\"@id\":\"https:\\\/\\\/www.eldiario.net\\\/portal\\\/2025\\\/07\\\/23\\\/jubilados-en-el-olvido-electoral\\\/#breadcrumb\"},\"inLanguage\":\"es\",\"potentialAction\":[{\"@type\":\"ReadAction\",\"target\":[\"https:\\\/\\\/www.eldiario.net\\\/portal\\\/2025\\\/07\\\/23\\\/jubilados-en-el-olvido-electoral\\\/\"]}]},{\"@type\":\"ImageObject\",\"inLanguage\":\"es\",\"@id\":\"https:\\\/\\\/www.eldiario.net\\\/portal\\\/2025\\\/07\\\/23\\\/jubilados-en-el-olvido-electoral\\\/#primaryimage\",\"url\":\"https:\\\/\\\/www.eldiario.net\\\/portal\\\/wp-content\\\/uploads\\\/2023\\\/12\\\/Opinion.jpg\",\"contentUrl\":\"https:\\\/\\\/www.eldiario.net\\\/portal\\\/wp-content\\\/uploads\\\/2023\\\/12\\\/Opinion.jpg\",\"width\":800,\"height\":500},{\"@type\":\"BreadcrumbList\",\"@id\":\"https:\\\/\\\/www.eldiario.net\\\/portal\\\/2025\\\/07\\\/23\\\/jubilados-en-el-olvido-electoral\\\/#breadcrumb\",\"itemListElement\":[{\"@type\":\"ListItem\",\"position\":1,\"name\":\"Portada\",\"item\":\"https:\\\/\\\/www.eldiario.net\\\/portal\\\/\"},{\"@type\":\"ListItem\",\"position\":2,\"name\":\"Jubilados en el olvido electoral\"}]},{\"@type\":\"WebSite\",\"@id\":\"https:\\\/\\\/www.eldiario.net\\\/portal\\\/#website\",\"url\":\"https:\\\/\\\/www.eldiario.net\\\/portal\\\/\",\"name\":\"El Diario - Decano de la prensa nacional\",\"description\":\"El Diario - Decano de la prensa nacional\",\"publisher\":{\"@id\":\"https:\\\/\\\/www.eldiario.net\\\/portal\\\/#organization\"},\"potentialAction\":[{\"@type\":\"SearchAction\",\"target\":{\"@type\":\"EntryPoint\",\"urlTemplate\":\"https:\\\/\\\/www.eldiario.net\\\/portal\\\/?s={search_term_string}\"},\"query-input\":{\"@type\":\"PropertyValueSpecification\",\"valueRequired\":true,\"valueName\":\"search_term_string\"}}],\"inLanguage\":\"es\"},{\"@type\":\"Organization\",\"@id\":\"https:\\\/\\\/www.eldiario.net\\\/portal\\\/#organization\",\"name\":\"El Diario - Decano de la prensa nacional\",\"url\":\"https:\\\/\\\/www.eldiario.net\\\/portal\\\/\",\"logo\":{\"@type\":\"ImageObject\",\"inLanguage\":\"es\",\"@id\":\"https:\\\/\\\/www.eldiario.net\\\/portal\\\/#\\\/schema\\\/logo\\\/image\\\/\",\"url\":\"https:\\\/\\\/www.eldiario.net\\\/portal\\\/wp-content\\\/uploads\\\/2023\\\/07\\\/logo_ED.jpg\",\"contentUrl\":\"https:\\\/\\\/www.eldiario.net\\\/portal\\\/wp-content\\\/uploads\\\/2023\\\/07\\\/logo_ED.jpg\",\"width\":272,\"height\":52,\"caption\":\"El Diario - Decano de la prensa nacional\"},\"image\":{\"@id\":\"https:\\\/\\\/www.eldiario.net\\\/portal\\\/#\\\/schema\\\/logo\\\/image\\\/\"},\"sameAs\":[\"https:\\\/\\\/www.facebook.com\\\/eldiario.bolivia\\\/\",\"https:\\\/\\\/x.com\\\/eldiario_net\"]},{\"@type\":\"Person\",\"@id\":\"https:\\\/\\\/www.eldiario.net\\\/portal\\\/#\\\/schema\\\/person\\\/2c57cf2b7a7ae032e449e4c9b1019eac\",\"name\":\"Jeanette\",\"image\":{\"@type\":\"ImageObject\",\"inLanguage\":\"es\",\"@id\":\"https:\\\/\\\/secure.gravatar.com\\\/avatar\\\/3ea2118a5f7dad2b7138b1187a6b7ee55f160b9968b66013c3a3ef39dd7e5798?s=96&d=mm&r=g\",\"url\":\"https:\\\/\\\/secure.gravatar.com\\\/avatar\\\/3ea2118a5f7dad2b7138b1187a6b7ee55f160b9968b66013c3a3ef39dd7e5798?s=96&d=mm&r=g\",\"contentUrl\":\"https:\\\/\\\/secure.gravatar.com\\\/avatar\\\/3ea2118a5f7dad2b7138b1187a6b7ee55f160b9968b66013c3a3ef39dd7e5798?s=96&d=mm&r=g\",\"caption\":\"Jeanette\"},\"sameAs\":[\"https:\\\/\\\/www.eldiario.net\\\/portal\"],\"url\":\"https:\\\/\\\/www.eldiario.net\\\/portal\\\/author\\\/jeanette\\\/\"}]}<\/script>\n<!-- \/ Yoast SEO plugin. -->","yoast_head_json":{"title":"Jubilados en el olvido electoral - El Diario - Bolivia","robots":{"index":"index","follow":"follow","max-snippet":"max-snippet:-1","max-image-preview":"max-image-preview:large","max-video-preview":"max-video-preview:-1"},"canonical":"https:\/\/www.eldiario.net\/portal\/2025\/07\/23\/jubilados-en-el-olvido-electoral\/","og_locale":"es_ES","og_type":"article","og_title":"Jubilados en el olvido electoral - El Diario - Bolivia","og_description":"El tema de los jubilados no es prioritario para los candidatos a la presidencia del Estado Plurinacional de Bolivia. Su foco de atenci\u00f3n est\u00e1 en los j\u00f3venes, trabajadores activos y clase media, segmentos que concentran una mayor respuesta electoral inmediata. El padr\u00f3n electoral est\u00e1 compuesto por 7.9 millones de votantes, de los cuales aproximadamente 1.3 [&hellip;]","og_url":"https:\/\/www.eldiario.net\/portal\/2025\/07\/23\/jubilados-en-el-olvido-electoral\/","og_site_name":"El Diario - Bolivia","article_publisher":"https:\/\/www.facebook.com\/eldiario.bolivia\/","article_published_time":"2025-07-23T11:01:22+00:00","og_image":[{"width":800,"height":500,"url":"https:\/\/www.eldiario.net\/portal\/wp-content\/uploads\/2023\/12\/Opinion.jpg","type":"image\/jpeg"}],"author":"Jeanette","twitter_card":"summary_large_image","twitter_creator":"@eldiario_net","twitter_site":"@eldiario_net","twitter_misc":{"Escrito por":"Jeanette","Tiempo de lectura":"4 minutos"},"schema":{"@context":"https:\/\/schema.org","@graph":[{"@type":"Article","@id":"https:\/\/www.eldiario.net\/portal\/2025\/07\/23\/jubilados-en-el-olvido-electoral\/#article","isPartOf":{"@id":"https:\/\/www.eldiario.net\/portal\/2025\/07\/23\/jubilados-en-el-olvido-electoral\/"},"author":{"name":"Jeanette","@id":"https:\/\/www.eldiario.net\/portal\/#\/schema\/person\/2c57cf2b7a7ae032e449e4c9b1019eac"},"headline":"Jubilados en el olvido electoral","datePublished":"2025-07-23T11:01:22+00:00","mainEntityOfPage":{"@id":"https:\/\/www.eldiario.net\/portal\/2025\/07\/23\/jubilados-en-el-olvido-electoral\/"},"wordCount":665,"publisher":{"@id":"https:\/\/www.eldiario.net\/portal\/#organization"},"image":{"@id":"https:\/\/www.eldiario.net\/portal\/2025\/07\/23\/jubilados-en-el-olvido-electoral\/#primaryimage"},"thumbnailUrl":"https:\/\/www.eldiario.net\/portal\/wp-content\/uploads\/2023\/12\/Opinion.jpg","articleSection":["Opini\u00f3n"],"inLanguage":"es"},{"@type":"WebPage","@id":"https:\/\/www.eldiario.net\/portal\/2025\/07\/23\/jubilados-en-el-olvido-electoral\/","url":"https:\/\/www.eldiario.net\/portal\/2025\/07\/23\/jubilados-en-el-olvido-electoral\/","name":"Jubilados en el olvido electoral - El Diario - Bolivia","isPartOf":{"@id":"https:\/\/www.eldiario.net\/portal\/#website"},"primaryImageOfPage":{"@id":"https:\/\/www.eldiario.net\/portal\/2025\/07\/23\/jubilados-en-el-olvido-electoral\/#primaryimage"},"image":{"@id":"https:\/\/www.eldiario.net\/portal\/2025\/07\/23\/jubilados-en-el-olvido-electoral\/#primaryimage"},"thumbnailUrl":"https:\/\/www.eldiario.net\/portal\/wp-content\/uploads\/2023\/12\/Opinion.jpg","datePublished":"2025-07-23T11:01:22+00:00","breadcrumb":{"@id":"https:\/\/www.eldiario.net\/portal\/2025\/07\/23\/jubilados-en-el-olvido-electoral\/#breadcrumb"},"inLanguage":"es","potentialAction":[{"@type":"ReadAction","target":["https:\/\/www.eldiario.net\/portal\/2025\/07\/23\/jubilados-en-el-olvido-electoral\/"]}]},{"@type":"ImageObject","inLanguage":"es","@id":"https:\/\/www.eldiario.net\/portal\/2025\/07\/23\/jubilados-en-el-olvido-electoral\/#primaryimage","url":"https:\/\/www.eldiario.net\/portal\/wp-content\/uploads\/2023\/12\/Opinion.jpg","contentUrl":"https:\/\/www.eldiario.net\/portal\/wp-content\/uploads\/2023\/12\/Opinion.jpg","width":800,"height":500},{"@type":"BreadcrumbList","@id":"https:\/\/www.eldiario.net\/portal\/2025\/07\/23\/jubilados-en-el-olvido-electoral\/#breadcrumb","itemListElement":[{"@type":"ListItem","position":1,"name":"Portada","item":"https:\/\/www.eldiario.net\/portal\/"},{"@type":"ListItem","position":2,"name":"Jubilados en el olvido electoral"}]},{"@type":"WebSite","@id":"https:\/\/www.eldiario.net\/portal\/#website","url":"https:\/\/www.eldiario.net\/portal\/","name":"El Diario - Decano de la prensa nacional","description":"El Diario - Decano de la prensa nacional","publisher":{"@id":"https:\/\/www.eldiario.net\/portal\/#organization"},"potentialAction":[{"@type":"SearchAction","target":{"@type":"EntryPoint","urlTemplate":"https:\/\/www.eldiario.net\/portal\/?s={search_term_string}"},"query-input":{"@type":"PropertyValueSpecification","valueRequired":true,"valueName":"search_term_string"}}],"inLanguage":"es"},{"@type":"Organization","@id":"https:\/\/www.eldiario.net\/portal\/#organization","name":"El Diario - Decano de la prensa nacional","url":"https:\/\/www.eldiario.net\/portal\/","logo":{"@type":"ImageObject","inLanguage":"es","@id":"https:\/\/www.eldiario.net\/portal\/#\/schema\/logo\/image\/","url":"https:\/\/www.eldiario.net\/portal\/wp-content\/uploads\/2023\/07\/logo_ED.jpg","contentUrl":"https:\/\/www.eldiario.net\/portal\/wp-content\/uploads\/2023\/07\/logo_ED.jpg","width":272,"height":52,"caption":"El Diario - Decano de la prensa nacional"},"image":{"@id":"https:\/\/www.eldiario.net\/portal\/#\/schema\/logo\/image\/"},"sameAs":["https:\/\/www.facebook.com\/eldiario.bolivia\/","https:\/\/x.com\/eldiario_net"]},{"@type":"Person","@id":"https:\/\/www.eldiario.net\/portal\/#\/schema\/person\/2c57cf2b7a7ae032e449e4c9b1019eac","name":"Jeanette","image":{"@type":"ImageObject","inLanguage":"es","@id":"https:\/\/secure.gravatar.com\/avatar\/3ea2118a5f7dad2b7138b1187a6b7ee55f160b9968b66013c3a3ef39dd7e5798?s=96&d=mm&r=g","url":"https:\/\/secure.gravatar.com\/avatar\/3ea2118a5f7dad2b7138b1187a6b7ee55f160b9968b66013c3a3ef39dd7e5798?s=96&d=mm&r=g","contentUrl":"https:\/\/secure.gravatar.com\/avatar\/3ea2118a5f7dad2b7138b1187a6b7ee55f160b9968b66013c3a3ef39dd7e5798?s=96&d=mm&r=g","caption":"Jeanette"},"sameAs":["https:\/\/www.eldiario.net\/portal"],"url":"https:\/\/www.eldiario.net\/portal\/author\/jeanette\/"}]}},"_links":{"self":[{"href":"https:\/\/www.eldiario.net\/portal\/wp-json\/wp\/v2\/posts\/318815","targetHints":{"allow":["GET"]}}],"collection":[{"href":"https:\/\/www.eldiario.net\/portal\/wp-json\/wp\/v2\/posts"}],"about":[{"href":"https:\/\/www.eldiario.net\/portal\/wp-json\/wp\/v2\/types\/post"}],"author":[{"embeddable":true,"href":"https:\/\/www.eldiario.net\/portal\/wp-json\/wp\/v2\/users\/1"}],"replies":[{"embeddable":true,"href":"https:\/\/www.eldiario.net\/portal\/wp-json\/wp\/v2\/comments?post=318815"}],"version-history":[{"count":1,"href":"https:\/\/www.eldiario.net\/portal\/wp-json\/wp\/v2\/posts\/318815\/revisions"}],"predecessor-version":[{"id":318816,"href":"https:\/\/www.eldiario.net\/portal\/wp-json\/wp\/v2\/posts\/318815\/revisions\/318816"}],"wp:featuredmedia":[{"embeddable":true,"href":"https:\/\/www.eldiario.net\/portal\/wp-json\/wp\/v2\/media\/194790"}],"wp:attachment":[{"href":"https:\/\/www.eldiario.net\/portal\/wp-json\/wp\/v2\/media?parent=318815"}],"wp:term":[{"taxonomy":"category","embeddable":true,"href":"https:\/\/www.eldiario.net\/portal\/wp-json\/wp\/v2\/categories?post=318815"},{"taxonomy":"post_tag","embeddable":true,"href":"https:\/\/www.eldiario.net\/portal\/wp-json\/wp\/v2\/tags?post=318815"}],"curies":[{"name":"wp","href":"https:\/\/api.w.org\/{rel}","templated":true}]}}