{"id":318644,"date":"2025-07-23T00:38:58","date_gmt":"2025-07-23T04:38:58","guid":{"rendered":"https:\/\/www.eldiario.net\/portal\/?p=318644"},"modified":"2025-07-22T22:46:15","modified_gmt":"2025-07-23T02:46:15","slug":"argentina-celebra-su-independencia-en-la-paz","status":"publish","type":"post","link":"https:\/\/www.eldiario.net\/portal\/2025\/07\/23\/argentina-celebra-su-independencia-en-la-paz\/","title":{"rendered":"Argentina celebra su independencia en La Paz"},"content":{"rendered":"<p>La residencia diplom\u00e1tica argentina se visti\u00f3 de fiesta para conmemorar el 209\u00b0 aniversario de la Independencia de Argentina, un evento que cobr\u00f3 un significado especial al coincidir con el Bicentenario de Bolivia. El embajador Marcelo Massoni y su esposa fueron los anfitriones de una jornada cargada de simbolismo, donde la historia y la hermandad entre ambas naciones fueron las grandes protagonistas.<br \/>\nEn un emotivo discurso, el embajador Massoni destac\u00f3 la intr\u00ednseca conexi\u00f3n entre los procesos independentistas de Argentina y Bolivia. \u00abLa historia de la independencia argentina es imposible de contar aisladamente de la historia de la independencia de Bolivia\u00bb, afirm\u00f3, resaltando que la construcci\u00f3n de la Rep\u00fablica Argentina es inseparable de la gesta boliviana. Rememor\u00f3 el 9 de julio de 1816, d\u00eda en que se declar\u00f3 la independencia de las Provincias Unidas del R\u00edo de la Plata en San Miguel de Tucum\u00e1n, subrayando que de los 29 diputados presentes, cinco representaban a territorios que hoy son parte fundamental del Estado Plurinacional de Bolivia: Charcas, Mizque y Chichas (actuales Chuquisaca, Cochabamba, Potos\u00ed y Tarija).<br \/>\nMassoni enfatiz\u00f3 los lazos inquebrantables forjados en la lucha por la libertad, mencionando hechos hist\u00f3ricos que enorgullecen a los argentinos: la visita de Cornelio Saavedra a Potos\u00ed tras la Revoluci\u00f3n de Mayo, el resguardo de la primera bandera argentina (la de Macha) en la Casa de la Libertad en Sucre, y la compartida galer\u00eda de h\u00e9roes como Juana Azurduy, Bernardo de Monteagudo e Ignacio Warnes. El embajador recalc\u00f3 que la hermandad se renueva en el presente, con cientos de miles de argentinos y bolivianos conviviendo y prosperando a ambos lados de la frontera.<br \/>\nTambi\u00e9n expres\u00f3 su profundo agradecimiento al pueblo boliviano por su hospitalidad y aprecio, reflejado en la constante presencia de la cultura argentina y las inversiones empresariales en Bolivia. Asimismo, manifest\u00f3 la gratitud por el apoyo boliviano a la reivindicaci\u00f3n argentina sobre las Islas Malvinas.<br \/>\nFinalmente, Massoni hizo alusi\u00f3n al proceso electoral que Bolivia est\u00e1 realizando. Celebr\u00f3 la solidez de la democracia y la importancia del voto popular. \u00abCelebro profundamente que Bolivia renueve sus autoridades de esta manera\u00bb, concluy\u00f3, deseando \u00e9xito al proceso y confiando en que emerger\u00e1 un nuevo gobierno democr\u00e1tico que gu\u00ede a Bolivia hacia el mejor destino posible. El festejo transcurri\u00f3 entre brindis, degustaci\u00f3n de platillos argentinos y camarader\u00eda, sellando una vez m\u00e1s el profundo v\u00ednculo que une a Argentina y Bolivia, no solo a trav\u00e9s de una historia compartida, sino tambi\u00e9n de un presente y un futuro de mutuo respeto y colaboraci\u00f3n.<\/p>\n\r\n                <style type=\"text\/css\">\r\n                    \r\n                    #tdi_1  .td-doubleSlider-2 .td-item1 {\r\n                        background: url(https:\/\/www.eldiario.net\/portal\/wp-content\/uploads\/2025\/07\/DSC_5762-80x60.webp) 0 0 no-repeat;\r\n                    }\r\n                    #tdi_1  .td-doubleSlider-2 .td-item2 {\r\n                        background: url(https:\/\/www.eldiario.net\/portal\/wp-content\/uploads\/2025\/07\/DSC_5775-80x60.webp) 0 0 no-repeat;\r\n                    }\r\n                    #tdi_1  .td-doubleSlider-2 .td-item3 {\r\n                        background: url(https:\/\/www.eldiario.net\/portal\/wp-content\/uploads\/2025\/07\/DSC_5783-80x60.webp) 0 0 no-repeat;\r\n                    }\r\n                    #tdi_1  .td-doubleSlider-2 .td-item4 {\r\n                        background: url(https:\/\/www.eldiario.net\/portal\/wp-content\/uploads\/2025\/07\/DSC_5786-80x60.webp) 0 0 no-repeat;\r\n                    }\r\n                    #tdi_1  .td-doubleSlider-2 .td-item5 {\r\n                        background: url(https:\/\/www.eldiario.net\/portal\/wp-content\/uploads\/2025\/07\/DSC_5637-80x60.webp) 0 0 no-repeat;\r\n                    }\r\n                    #tdi_1  .td-doubleSlider-2 .td-item6 {\r\n                        background: url(https:\/\/www.eldiario.net\/portal\/wp-content\/uploads\/2025\/07\/DSC_5650-80x60.webp) 0 0 no-repeat;\r\n                    }\r\n                    #tdi_1  .td-doubleSlider-2 .td-item7 {\r\n                        background: url(https:\/\/www.eldiario.net\/portal\/wp-content\/uploads\/2025\/07\/DSC_5654-80x60.webp) 0 0 no-repeat;\r\n                    }\r\n                    #tdi_1  .td-doubleSlider-2 .td-item8 {\r\n                        background: url(https:\/\/www.eldiario.net\/portal\/wp-content\/uploads\/2025\/07\/DSC_5657-80x60.webp) 0 0 no-repeat;\r\n                    }\r\n                    #tdi_1  .td-doubleSlider-2 .td-item9 {\r\n                        background: url(https:\/\/www.eldiario.net\/portal\/wp-content\/uploads\/2025\/07\/DSC_5660-80x60.webp) 0 0 no-repeat;\r\n                    }\r\n                    #tdi_1  .td-doubleSlider-2 .td-item10 {\r\n                        background: url(https:\/\/www.eldiario.net\/portal\/wp-content\/uploads\/2025\/07\/DSC_5663-80x60.webp) 0 0 no-repeat;\r\n                    }\r\n                    #tdi_1  .td-doubleSlider-2 .td-item11 {\r\n                        background: url(https:\/\/www.eldiario.net\/portal\/wp-content\/uploads\/2025\/07\/DSC_5665-80x60.webp) 0 0 no-repeat;\r\n                    }\r\n                    #tdi_1  .td-doubleSlider-2 .td-item12 {\r\n                        background: url(https:\/\/www.eldiario.net\/portal\/wp-content\/uploads\/2025\/07\/DSC_5668-80x60.webp) 0 0 no-repeat;\r\n                    }\r\n                    #tdi_1  .td-doubleSlider-2 .td-item13 {\r\n                        background: url(https:\/\/www.eldiario.net\/portal\/wp-content\/uploads\/2025\/07\/DSC_5674-80x60.webp) 0 0 no-repeat;\r\n                    }\r\n                    #tdi_1  .td-doubleSlider-2 .td-item14 {\r\n                        background: url(https:\/\/www.eldiario.net\/portal\/wp-content\/uploads\/2025\/07\/DSC_5687-80x60.webp) 0 0 no-repeat;\r\n                    }\r\n                    #tdi_1  .td-doubleSlider-2 .td-item15 {\r\n                        background: url(https:\/\/www.eldiario.net\/portal\/wp-content\/uploads\/2025\/07\/DSC_5713-80x60.webp) 0 0 no-repeat;\r\n                    }\r\n                    #tdi_1  .td-doubleSlider-2 .td-item16 {\r\n                        background: url(https:\/\/www.eldiario.net\/portal\/wp-content\/uploads\/2025\/07\/DSC_5735-80x60.webp) 0 0 no-repeat;\r\n                    }\r\n                    #tdi_1  .td-doubleSlider-2 .td-item17 {\r\n                        background: url(https:\/\/www.eldiario.net\/portal\/wp-content\/uploads\/2025\/07\/DSC_5740-80x60.webp) 0 0 no-repeat;\r\n                    }\r\n                    #tdi_1  .td-doubleSlider-2 .td-item18 {\r\n                        background: url(https:\/\/www.eldiario.net\/portal\/wp-content\/uploads\/2025\/07\/DSC_5746-80x60.webp) 0 0 no-repeat;\r\n                    }\r\n                    #tdi_1  .td-doubleSlider-2 .td-item19 {\r\n                        background: url(https:\/\/www.eldiario.net\/portal\/wp-content\/uploads\/2025\/07\/DSC_5753-80x60.webp) 0 0 no-repeat;\r\n                    }\r\n                    #tdi_1  .td-doubleSlider-2 .td-item20 {\r\n                        background: url(https:\/\/www.eldiario.net\/portal\/wp-content\/uploads\/2025\/07\/DSC_5755-80x60.webp) 0 0 no-repeat;\r\n                    }\r\n                    #tdi_1  .td-doubleSlider-2 .td-item21 {\r\n                        background: url(https:\/\/www.eldiario.net\/portal\/wp-content\/uploads\/2025\/07\/DSC_5760-80x60.webp) 0 0 no-repeat;\r\n                    }\r\n                <\/style>\r\n\r\n                <div id=\"tdi_1\" class=\"td-gallery td-slide-on-2-columns\">\r\n                    <div class=\"post_td_gallery\">\r\n                        <div class=\"td-gallery-slide-top\">\r\n                           <div class=\"td-gallery-title\"><\/div>\r\n\r\n                            <div class=\"td-gallery-controls-wrapper\">\r\n                                <div class=\"td-gallery-slide-count\"><span class=\"td-gallery-slide-item-focus\">1<\/span> de 21<\/div>\r\n                                <div class=\"td-gallery-slide-prev-next-but\">\r\n                                    <i class = \"td-icon-left doubleSliderPrevButton\"><\/i>\r\n                                    <i class = \"td-icon-right doubleSliderNextButton\"><\/i>\r\n                                <\/div>\r\n                            <\/div>\r\n                        <\/div>\r\n\r\n                        <div class = \"td-doubleSlider-1 \">\r\n                            <div class = \"td-slider\">\r\n                                \r\n                    <div class = \"td-slide-item td-item1\">\r\n                        <figure class=\"td-slide-galery-figure td-slide-popup-gallery\">\r\n                            <a class=\"slide-gallery-image-link\" href=\"https:\/\/www.eldiario.net\/portal\/wp-content\/uploads\/2025\/07\/DSC_5762.webp\" title=\"DSC_5762\"  data-caption=\"V\u00cdCTOR HUGO MENDOZA, AGR. DEF. ECUADOR; JOEL RODR\u00cdGUEZ, P. ANTONIO DELGADO, EL\u00cdAS CH\u00c9VEZ, EMBAJADOR NICARAGUA; CARLOS MONTOYA, JEFE DE MISI\u00d3N EMBAJADA PER\u00da, Y CNL. EP ARMANDO BAUTISTA.\"  data-description=\"\">\r\n                                <img decoding=\"async\" src=\"https:\/\/www.eldiario.net\/portal\/wp-content\/uploads\/2025\/07\/DSC_5762-629x420.webp\" srcset=\"https:\/\/www.eldiario.net\/portal\/wp-content\/uploads\/2025\/07\/DSC_5762-629x420.webp 629w, https:\/\/www.eldiario.net\/portal\/wp-content\/uploads\/2025\/07\/DSC_5762-300x200.webp 300w, https:\/\/www.eldiario.net\/portal\/wp-content\/uploads\/2025\/07\/DSC_5762-1024x684.webp 1024w, https:\/\/www.eldiario.net\/portal\/wp-content\/uploads\/2025\/07\/DSC_5762-768x513.webp 768w, https:\/\/www.eldiario.net\/portal\/wp-content\/uploads\/2025\/07\/DSC_5762-150x100.webp 150w, https:\/\/www.eldiario.net\/portal\/wp-content\/uploads\/2025\/07\/DSC_5762-696x465.webp 696w, https:\/\/www.eldiario.net\/portal\/wp-content\/uploads\/2025\/07\/DSC_5762-1068x713.webp 1068w, https:\/\/www.eldiario.net\/portal\/wp-content\/uploads\/2025\/07\/DSC_5762.webp 1200w\" sizes=\"(max-width: 629px) 100vw, 629px\" alt=\"\">\r\n                            <\/a>\r\n                            <figcaption class = \"td-slide-caption td-gallery-slide-content\"><div class = \"td-gallery-slide-copywrite\">V\u00cdCTOR HUGO MENDOZA, AGR. DEF. ECUADOR; JOEL RODR\u00cdGUEZ, P. ANTONIO DELGADO, EL\u00cdAS CH\u00c9VEZ, EMBAJADOR NICARAGUA; CARLOS MONTOYA, JEFE DE MISI\u00d3N EMBAJADA PER\u00da, Y CNL. EP ARMANDO BAUTISTA.<\/div><\/figcaption>\r\n                        <\/figure>\r\n                    <\/div>\r\n                    <div class = \"td-slide-item td-item2\">\r\n                        <figure class=\"td-slide-galery-figure td-slide-popup-gallery\">\r\n                            <a class=\"slide-gallery-image-link\" href=\"https:\/\/www.eldiario.net\/portal\/wp-content\/uploads\/2025\/07\/DSC_5775.webp\" title=\"DSC_5775\"  data-caption=\"LOS EMBAJADORES MARCELO Y MA. CATALINA MASSONI, JUNTO A SUS PARES DE M\u00c9XICO, EDUARDO Y LUCIANA SOSA,Y SU HIJO, FACUNDO SOSA.\"  data-description=\"\">\r\n                                <img decoding=\"async\" src=\"https:\/\/www.eldiario.net\/portal\/wp-content\/uploads\/2025\/07\/DSC_5775-629x420.webp\" srcset=\"https:\/\/www.eldiario.net\/portal\/wp-content\/uploads\/2025\/07\/DSC_5775-629x420.webp 629w, https:\/\/www.eldiario.net\/portal\/wp-content\/uploads\/2025\/07\/DSC_5775-300x200.webp 300w, https:\/\/www.eldiario.net\/portal\/wp-content\/uploads\/2025\/07\/DSC_5775-1024x684.webp 1024w, https:\/\/www.eldiario.net\/portal\/wp-content\/uploads\/2025\/07\/DSC_5775-768x513.webp 768w, https:\/\/www.eldiario.net\/portal\/wp-content\/uploads\/2025\/07\/DSC_5775-150x100.webp 150w, https:\/\/www.eldiario.net\/portal\/wp-content\/uploads\/2025\/07\/DSC_5775-696x465.webp 696w, https:\/\/www.eldiario.net\/portal\/wp-content\/uploads\/2025\/07\/DSC_5775-1068x713.webp 1068w, https:\/\/www.eldiario.net\/portal\/wp-content\/uploads\/2025\/07\/DSC_5775.webp 1200w\" sizes=\"(max-width: 629px) 100vw, 629px\" alt=\"\">\r\n                            <\/a>\r\n                            <figcaption class = \"td-slide-caption td-gallery-slide-content\"><div class = \"td-gallery-slide-copywrite\">LOS EMBAJADORES MARCELO Y MA. CATALINA MASSONI, JUNTO A SUS PARES DE M\u00c9XICO, EDUARDO Y LUCIANA SOSA,Y SU HIJO, FACUNDO SOSA.<\/div><\/figcaption>\r\n                        <\/figure>\r\n                    <\/div>\r\n                    <div class = \"td-slide-item td-item3\">\r\n                        <figure class=\"td-slide-galery-figure td-slide-popup-gallery\">\r\n                            <a class=\"slide-gallery-image-link\" href=\"https:\/\/www.eldiario.net\/portal\/wp-content\/uploads\/2025\/07\/DSC_5783.webp\" title=\"DSC_5783\"  data-caption=\"LUIS T\u00d3RREZ, PAMELA GARC\u00cdA Y DIEGO GULLCO.\"  data-description=\"\">\r\n                                <img decoding=\"async\" src=\"https:\/\/www.eldiario.net\/portal\/wp-content\/uploads\/2025\/07\/DSC_5783-629x420.webp\" srcset=\"https:\/\/www.eldiario.net\/portal\/wp-content\/uploads\/2025\/07\/DSC_5783-629x420.webp 629w, https:\/\/www.eldiario.net\/portal\/wp-content\/uploads\/2025\/07\/DSC_5783-300x200.webp 300w, https:\/\/www.eldiario.net\/portal\/wp-content\/uploads\/2025\/07\/DSC_5783-1024x684.webp 1024w, https:\/\/www.eldiario.net\/portal\/wp-content\/uploads\/2025\/07\/DSC_5783-768x513.webp 768w, https:\/\/www.eldiario.net\/portal\/wp-content\/uploads\/2025\/07\/DSC_5783-150x100.webp 150w, https:\/\/www.eldiario.net\/portal\/wp-content\/uploads\/2025\/07\/DSC_5783-696x465.webp 696w, https:\/\/www.eldiario.net\/portal\/wp-content\/uploads\/2025\/07\/DSC_5783-1068x713.webp 1068w, https:\/\/www.eldiario.net\/portal\/wp-content\/uploads\/2025\/07\/DSC_5783.webp 1200w\" sizes=\"(max-width: 629px) 100vw, 629px\" alt=\"\">\r\n                            <\/a>\r\n                            <figcaption class = \"td-slide-caption td-gallery-slide-content\"><div class = \"td-gallery-slide-copywrite\">LUIS T\u00d3RREZ, PAMELA GARC\u00cdA Y DIEGO GULLCO.<\/div><\/figcaption>\r\n                        <\/figure>\r\n                    <\/div>\r\n                    <div class = \"td-slide-item td-item4\">\r\n                        <figure class=\"td-slide-galery-figure td-slide-popup-gallery\">\r\n                            <a class=\"slide-gallery-image-link\" href=\"https:\/\/www.eldiario.net\/portal\/wp-content\/uploads\/2025\/07\/DSC_5786.webp\" title=\"DSC_5786\"  data-caption=\" EL EMBAJADOR MARCELO ADRI\u00c1N MASSONI, Y SU ESPOSA, MAR\u00cdA CATALINA OLIVERO.\"  data-description=\"\">\r\n                                <img decoding=\"async\" src=\"https:\/\/www.eldiario.net\/portal\/wp-content\/uploads\/2025\/07\/DSC_5786-629x420.webp\" srcset=\"https:\/\/www.eldiario.net\/portal\/wp-content\/uploads\/2025\/07\/DSC_5786-629x420.webp 629w, https:\/\/www.eldiario.net\/portal\/wp-content\/uploads\/2025\/07\/DSC_5786-300x200.webp 300w, https:\/\/www.eldiario.net\/portal\/wp-content\/uploads\/2025\/07\/DSC_5786-1024x684.webp 1024w, https:\/\/www.eldiario.net\/portal\/wp-content\/uploads\/2025\/07\/DSC_5786-768x513.webp 768w, https:\/\/www.eldiario.net\/portal\/wp-content\/uploads\/2025\/07\/DSC_5786-150x100.webp 150w, https:\/\/www.eldiario.net\/portal\/wp-content\/uploads\/2025\/07\/DSC_5786-696x465.webp 696w, https:\/\/www.eldiario.net\/portal\/wp-content\/uploads\/2025\/07\/DSC_5786-1068x713.webp 1068w, https:\/\/www.eldiario.net\/portal\/wp-content\/uploads\/2025\/07\/DSC_5786.webp 1200w\" sizes=\"(max-width: 629px) 100vw, 629px\" alt=\"\">\r\n                            <\/a>\r\n                            <figcaption class = \"td-slide-caption td-gallery-slide-content\"><div class = \"td-gallery-slide-copywrite\"> EL EMBAJADOR MARCELO ADRI\u00c1N MASSONI, Y SU ESPOSA, MAR\u00cdA CATALINA OLIVERO.<\/div><\/figcaption>\r\n                        <\/figure>\r\n                    <\/div>\r\n                    <div class = \"td-slide-item td-item5\">\r\n                        <figure class=\"td-slide-galery-figure td-slide-popup-gallery\">\r\n                            <a class=\"slide-gallery-image-link\" href=\"https:\/\/www.eldiario.net\/portal\/wp-content\/uploads\/2025\/07\/DSC_5637.webp\" title=\"DSC_5637\"  data-caption=\"LA COMITIVA ARGENTINA JUNTO AL PRESIDENTE DEL TRIBUNAL SUPREMO ELECTORAL, \u00d3SCAR  HASSENTEUFEL.\"  data-description=\"\">\r\n                                <img decoding=\"async\" src=\"https:\/\/www.eldiario.net\/portal\/wp-content\/uploads\/2025\/07\/DSC_5637-629x420.webp\" srcset=\"https:\/\/www.eldiario.net\/portal\/wp-content\/uploads\/2025\/07\/DSC_5637-629x420.webp 629w, https:\/\/www.eldiario.net\/portal\/wp-content\/uploads\/2025\/07\/DSC_5637-300x200.webp 300w, https:\/\/www.eldiario.net\/portal\/wp-content\/uploads\/2025\/07\/DSC_5637-1024x684.webp 1024w, https:\/\/www.eldiario.net\/portal\/wp-content\/uploads\/2025\/07\/DSC_5637-768x513.webp 768w, https:\/\/www.eldiario.net\/portal\/wp-content\/uploads\/2025\/07\/DSC_5637-150x100.webp 150w, https:\/\/www.eldiario.net\/portal\/wp-content\/uploads\/2025\/07\/DSC_5637-696x465.webp 696w, https:\/\/www.eldiario.net\/portal\/wp-content\/uploads\/2025\/07\/DSC_5637-1068x713.webp 1068w, https:\/\/www.eldiario.net\/portal\/wp-content\/uploads\/2025\/07\/DSC_5637.webp 1200w\" sizes=\"(max-width: 629px) 100vw, 629px\" alt=\"\">\r\n                            <\/a>\r\n                            <figcaption class = \"td-slide-caption td-gallery-slide-content\"><div class = \"td-gallery-slide-copywrite\">LA COMITIVA ARGENTINA JUNTO AL PRESIDENTE DEL TRIBUNAL SUPREMO ELECTORAL, \u00d3SCAR  HASSENTEUFEL.<\/div><\/figcaption>\r\n                        <\/figure>\r\n                    <\/div>\r\n                    <div class = \"td-slide-item td-item6\">\r\n                        <figure class=\"td-slide-galery-figure td-slide-popup-gallery\">\r\n                            <a class=\"slide-gallery-image-link\" href=\"https:\/\/www.eldiario.net\/portal\/wp-content\/uploads\/2025\/07\/DSC_5650.webp\" title=\"DSC_5650\"  data-caption=\"LUIS AMPUERO, GUSTAVO J\u00c1UREGUI, VER\u00d3NICA ROCHA Y EMBAJADOR FERNANDO VELASCO, C\u00d3NSUL GENERAL DE CHILE.\"  data-description=\"\">\r\n                                <img decoding=\"async\" src=\"https:\/\/www.eldiario.net\/portal\/wp-content\/uploads\/2025\/07\/DSC_5650-629x420.webp\" srcset=\"https:\/\/www.eldiario.net\/portal\/wp-content\/uploads\/2025\/07\/DSC_5650-629x420.webp 629w, https:\/\/www.eldiario.net\/portal\/wp-content\/uploads\/2025\/07\/DSC_5650-300x200.webp 300w, https:\/\/www.eldiario.net\/portal\/wp-content\/uploads\/2025\/07\/DSC_5650-1024x684.webp 1024w, https:\/\/www.eldiario.net\/portal\/wp-content\/uploads\/2025\/07\/DSC_5650-768x513.webp 768w, https:\/\/www.eldiario.net\/portal\/wp-content\/uploads\/2025\/07\/DSC_5650-150x100.webp 150w, https:\/\/www.eldiario.net\/portal\/wp-content\/uploads\/2025\/07\/DSC_5650-696x465.webp 696w, https:\/\/www.eldiario.net\/portal\/wp-content\/uploads\/2025\/07\/DSC_5650-1068x713.webp 1068w, https:\/\/www.eldiario.net\/portal\/wp-content\/uploads\/2025\/07\/DSC_5650.webp 1200w\" sizes=\"(max-width: 629px) 100vw, 629px\" alt=\"\">\r\n                            <\/a>\r\n                            <figcaption class = \"td-slide-caption td-gallery-slide-content\"><div class = \"td-gallery-slide-copywrite\">LUIS AMPUERO, GUSTAVO J\u00c1UREGUI, VER\u00d3NICA ROCHA Y EMBAJADOR FERNANDO VELASCO, C\u00d3NSUL GENERAL DE CHILE.<\/div><\/figcaption>\r\n                        <\/figure>\r\n                    <\/div>\r\n                    <div class = \"td-slide-item td-item7\">\r\n                        <figure class=\"td-slide-galery-figure td-slide-popup-gallery\">\r\n                            <a class=\"slide-gallery-image-link\" href=\"https:\/\/www.eldiario.net\/portal\/wp-content\/uploads\/2025\/07\/DSC_5654.webp\" title=\"DSC_5654\"  data-caption=\"IBO BLAZICEVIC, SARA DE BLAZICEVIC Y CARLA MAYER.\"  data-description=\"\">\r\n                                <img decoding=\"async\" src=\"https:\/\/www.eldiario.net\/portal\/wp-content\/uploads\/2025\/07\/DSC_5654-629x420.webp\" srcset=\"https:\/\/www.eldiario.net\/portal\/wp-content\/uploads\/2025\/07\/DSC_5654-629x420.webp 629w, https:\/\/www.eldiario.net\/portal\/wp-content\/uploads\/2025\/07\/DSC_5654-300x200.webp 300w, https:\/\/www.eldiario.net\/portal\/wp-content\/uploads\/2025\/07\/DSC_5654-1024x684.webp 1024w, https:\/\/www.eldiario.net\/portal\/wp-content\/uploads\/2025\/07\/DSC_5654-768x513.webp 768w, https:\/\/www.eldiario.net\/portal\/wp-content\/uploads\/2025\/07\/DSC_5654-150x100.webp 150w, https:\/\/www.eldiario.net\/portal\/wp-content\/uploads\/2025\/07\/DSC_5654-696x465.webp 696w, https:\/\/www.eldiario.net\/portal\/wp-content\/uploads\/2025\/07\/DSC_5654-1068x713.webp 1068w, https:\/\/www.eldiario.net\/portal\/wp-content\/uploads\/2025\/07\/DSC_5654.webp 1200w\" sizes=\"(max-width: 629px) 100vw, 629px\" alt=\"\">\r\n                            <\/a>\r\n                            <figcaption class = \"td-slide-caption td-gallery-slide-content\"><div class = \"td-gallery-slide-copywrite\">IBO BLAZICEVIC, SARA DE BLAZICEVIC Y CARLA MAYER.<\/div><\/figcaption>\r\n                        <\/figure>\r\n                    <\/div>\r\n                    <div class = \"td-slide-item td-item8\">\r\n                        <figure class=\"td-slide-galery-figure td-slide-popup-gallery\">\r\n                            <a class=\"slide-gallery-image-link\" href=\"https:\/\/www.eldiario.net\/portal\/wp-content\/uploads\/2025\/07\/DSC_5657.webp\" title=\"DSC_5657\"  data-caption=\"PABLO TRIGOSSO, HUGO CAREAGA, ROBERTO DIEZ DE MEDINA, KIMIE MAYAHARA Y MAGDALENA S\u00c1EZ.\"  data-description=\"\">\r\n                                <img decoding=\"async\" src=\"https:\/\/www.eldiario.net\/portal\/wp-content\/uploads\/2025\/07\/DSC_5657-629x420.webp\" srcset=\"https:\/\/www.eldiario.net\/portal\/wp-content\/uploads\/2025\/07\/DSC_5657-629x420.webp 629w, https:\/\/www.eldiario.net\/portal\/wp-content\/uploads\/2025\/07\/DSC_5657-300x200.webp 300w, https:\/\/www.eldiario.net\/portal\/wp-content\/uploads\/2025\/07\/DSC_5657-1024x684.webp 1024w, https:\/\/www.eldiario.net\/portal\/wp-content\/uploads\/2025\/07\/DSC_5657-768x513.webp 768w, https:\/\/www.eldiario.net\/portal\/wp-content\/uploads\/2025\/07\/DSC_5657-150x100.webp 150w, https:\/\/www.eldiario.net\/portal\/wp-content\/uploads\/2025\/07\/DSC_5657-696x465.webp 696w, https:\/\/www.eldiario.net\/portal\/wp-content\/uploads\/2025\/07\/DSC_5657-1068x713.webp 1068w, https:\/\/www.eldiario.net\/portal\/wp-content\/uploads\/2025\/07\/DSC_5657.webp 1200w\" sizes=\"(max-width: 629px) 100vw, 629px\" alt=\"\">\r\n                            <\/a>\r\n                            <figcaption class = \"td-slide-caption td-gallery-slide-content\"><div class = \"td-gallery-slide-copywrite\">PABLO TRIGOSSO, HUGO CAREAGA, ROBERTO DIEZ DE MEDINA, KIMIE MAYAHARA Y MAGDALENA S\u00c1EZ.<\/div><\/figcaption>\r\n                        <\/figure>\r\n                    <\/div>\r\n                    <div class = \"td-slide-item td-item9\">\r\n                        <figure class=\"td-slide-galery-figure td-slide-popup-gallery\">\r\n                            <a class=\"slide-gallery-image-link\" href=\"https:\/\/www.eldiario.net\/portal\/wp-content\/uploads\/2025\/07\/DSC_5660.webp\" title=\"DSC_5660\"  data-caption=\"\"  data-description=\"\">\r\n                                <img decoding=\"async\" src=\"https:\/\/www.eldiario.net\/portal\/wp-content\/uploads\/2025\/07\/DSC_5660-629x420.webp\" srcset=\"https:\/\/www.eldiario.net\/portal\/wp-content\/uploads\/2025\/07\/DSC_5660-629x420.webp 629w, https:\/\/www.eldiario.net\/portal\/wp-content\/uploads\/2025\/07\/DSC_5660-300x200.webp 300w, https:\/\/www.eldiario.net\/portal\/wp-content\/uploads\/2025\/07\/DSC_5660-1024x684.webp 1024w, https:\/\/www.eldiario.net\/portal\/wp-content\/uploads\/2025\/07\/DSC_5660-768x513.webp 768w, https:\/\/www.eldiario.net\/portal\/wp-content\/uploads\/2025\/07\/DSC_5660-150x100.webp 150w, https:\/\/www.eldiario.net\/portal\/wp-content\/uploads\/2025\/07\/DSC_5660-696x465.webp 696w, https:\/\/www.eldiario.net\/portal\/wp-content\/uploads\/2025\/07\/DSC_5660-1068x713.webp 1068w, https:\/\/www.eldiario.net\/portal\/wp-content\/uploads\/2025\/07\/DSC_5660.webp 1200w\" sizes=\"(max-width: 629px) 100vw, 629px\" alt=\"\">\r\n                            <\/a>\r\n                            \r\n                        <\/figure>\r\n                    <\/div>\r\n                    <div class = \"td-slide-item td-item10\">\r\n                        <figure class=\"td-slide-galery-figure td-slide-popup-gallery\">\r\n                            <a class=\"slide-gallery-image-link\" href=\"https:\/\/www.eldiario.net\/portal\/wp-content\/uploads\/2025\/07\/DSC_5663.webp\" title=\"DSC_5663\"  data-caption=\"PAULO AZEVEDO, ESTELA ARMOA, GABRIEL SALINAS Y FABIANA TADIC.\"  data-description=\"\">\r\n                                <img decoding=\"async\" src=\"https:\/\/www.eldiario.net\/portal\/wp-content\/uploads\/2025\/07\/DSC_5663-629x420.webp\" srcset=\"https:\/\/www.eldiario.net\/portal\/wp-content\/uploads\/2025\/07\/DSC_5663-629x420.webp 629w, https:\/\/www.eldiario.net\/portal\/wp-content\/uploads\/2025\/07\/DSC_5663-300x200.webp 300w, https:\/\/www.eldiario.net\/portal\/wp-content\/uploads\/2025\/07\/DSC_5663-1024x684.webp 1024w, https:\/\/www.eldiario.net\/portal\/wp-content\/uploads\/2025\/07\/DSC_5663-768x513.webp 768w, https:\/\/www.eldiario.net\/portal\/wp-content\/uploads\/2025\/07\/DSC_5663-150x100.webp 150w, https:\/\/www.eldiario.net\/portal\/wp-content\/uploads\/2025\/07\/DSC_5663-696x465.webp 696w, https:\/\/www.eldiario.net\/portal\/wp-content\/uploads\/2025\/07\/DSC_5663-1068x713.webp 1068w, https:\/\/www.eldiario.net\/portal\/wp-content\/uploads\/2025\/07\/DSC_5663.webp 1200w\" sizes=\"(max-width: 629px) 100vw, 629px\" alt=\"\">\r\n                            <\/a>\r\n                            <figcaption class = \"td-slide-caption td-gallery-slide-content\"><div class = \"td-gallery-slide-copywrite\">PAULO AZEVEDO, ESTELA ARMOA, GABRIEL SALINAS Y FABIANA TADIC.<\/div><\/figcaption>\r\n                        <\/figure>\r\n                    <\/div>\r\n                    <div class = \"td-slide-item td-item11\">\r\n                        <figure class=\"td-slide-galery-figure td-slide-popup-gallery\">\r\n                            <a class=\"slide-gallery-image-link\" href=\"https:\/\/www.eldiario.net\/portal\/wp-content\/uploads\/2025\/07\/DSC_5665.webp\" title=\"DSC_5665\"  data-caption=\"RA\u00daL CANO Y DINELSA CARVAJAL.\"  data-description=\"\">\r\n                                <img decoding=\"async\" src=\"https:\/\/www.eldiario.net\/portal\/wp-content\/uploads\/2025\/07\/DSC_5665-629x420.webp\" srcset=\"https:\/\/www.eldiario.net\/portal\/wp-content\/uploads\/2025\/07\/DSC_5665-629x420.webp 629w, https:\/\/www.eldiario.net\/portal\/wp-content\/uploads\/2025\/07\/DSC_5665-300x200.webp 300w, https:\/\/www.eldiario.net\/portal\/wp-content\/uploads\/2025\/07\/DSC_5665-1024x684.webp 1024w, https:\/\/www.eldiario.net\/portal\/wp-content\/uploads\/2025\/07\/DSC_5665-768x513.webp 768w, https:\/\/www.eldiario.net\/portal\/wp-content\/uploads\/2025\/07\/DSC_5665-150x100.webp 150w, https:\/\/www.eldiario.net\/portal\/wp-content\/uploads\/2025\/07\/DSC_5665-696x465.webp 696w, https:\/\/www.eldiario.net\/portal\/wp-content\/uploads\/2025\/07\/DSC_5665-1068x713.webp 1068w, https:\/\/www.eldiario.net\/portal\/wp-content\/uploads\/2025\/07\/DSC_5665.webp 1200w\" sizes=\"(max-width: 629px) 100vw, 629px\" alt=\"\">\r\n                            <\/a>\r\n                            <figcaption class = \"td-slide-caption td-gallery-slide-content\"><div class = \"td-gallery-slide-copywrite\">RA\u00daL CANO Y DINELSA CARVAJAL.<\/div><\/figcaption>\r\n                        <\/figure>\r\n                    <\/div>\r\n                    <div class = \"td-slide-item td-item12\">\r\n                        <figure class=\"td-slide-galery-figure td-slide-popup-gallery\">\r\n                            <a class=\"slide-gallery-image-link\" href=\"https:\/\/www.eldiario.net\/portal\/wp-content\/uploads\/2025\/07\/DSC_5668.webp\" title=\"DSC_5668\"  data-caption=\"PER ANDERS ANDERSSON, LUIS ANCONA Y KIRK DUGUID.\"  data-description=\"\">\r\n                                <img decoding=\"async\" src=\"https:\/\/www.eldiario.net\/portal\/wp-content\/uploads\/2025\/07\/DSC_5668-629x420.webp\" srcset=\"https:\/\/www.eldiario.net\/portal\/wp-content\/uploads\/2025\/07\/DSC_5668-629x420.webp 629w, https:\/\/www.eldiario.net\/portal\/wp-content\/uploads\/2025\/07\/DSC_5668-300x200.webp 300w, https:\/\/www.eldiario.net\/portal\/wp-content\/uploads\/2025\/07\/DSC_5668-1024x684.webp 1024w, https:\/\/www.eldiario.net\/portal\/wp-content\/uploads\/2025\/07\/DSC_5668-768x513.webp 768w, https:\/\/www.eldiario.net\/portal\/wp-content\/uploads\/2025\/07\/DSC_5668-150x100.webp 150w, https:\/\/www.eldiario.net\/portal\/wp-content\/uploads\/2025\/07\/DSC_5668-696x465.webp 696w, https:\/\/www.eldiario.net\/portal\/wp-content\/uploads\/2025\/07\/DSC_5668-1068x713.webp 1068w, https:\/\/www.eldiario.net\/portal\/wp-content\/uploads\/2025\/07\/DSC_5668.webp 1200w\" sizes=\"(max-width: 629px) 100vw, 629px\" alt=\"\">\r\n                            <\/a>\r\n                            <figcaption class = \"td-slide-caption td-gallery-slide-content\"><div class = \"td-gallery-slide-copywrite\">PER ANDERS ANDERSSON, LUIS ANCONA Y KIRK DUGUID.<\/div><\/figcaption>\r\n                        <\/figure>\r\n                    <\/div>\r\n                    <div class = \"td-slide-item td-item13\">\r\n                        <figure class=\"td-slide-galery-figure td-slide-popup-gallery\">\r\n                            <a class=\"slide-gallery-image-link\" href=\"https:\/\/www.eldiario.net\/portal\/wp-content\/uploads\/2025\/07\/DSC_5674.webp\" title=\"DSC_5674\"  data-caption=\"HIROSHI ONOMURA, EMBAJADOR DEL JAP\u00d3N; FERNANDO P\u00c9REZ Y WARA ARGANDO\u00d1A.\"  data-description=\"\">\r\n                                <img decoding=\"async\" src=\"https:\/\/www.eldiario.net\/portal\/wp-content\/uploads\/2025\/07\/DSC_5674-629x420.webp\" srcset=\"https:\/\/www.eldiario.net\/portal\/wp-content\/uploads\/2025\/07\/DSC_5674-629x420.webp 629w, https:\/\/www.eldiario.net\/portal\/wp-content\/uploads\/2025\/07\/DSC_5674-300x200.webp 300w, https:\/\/www.eldiario.net\/portal\/wp-content\/uploads\/2025\/07\/DSC_5674-1024x684.webp 1024w, https:\/\/www.eldiario.net\/portal\/wp-content\/uploads\/2025\/07\/DSC_5674-768x513.webp 768w, https:\/\/www.eldiario.net\/portal\/wp-content\/uploads\/2025\/07\/DSC_5674-150x100.webp 150w, https:\/\/www.eldiario.net\/portal\/wp-content\/uploads\/2025\/07\/DSC_5674-696x465.webp 696w, https:\/\/www.eldiario.net\/portal\/wp-content\/uploads\/2025\/07\/DSC_5674-1068x713.webp 1068w, https:\/\/www.eldiario.net\/portal\/wp-content\/uploads\/2025\/07\/DSC_5674.webp 1200w\" sizes=\"(max-width: 629px) 100vw, 629px\" alt=\"\">\r\n                            <\/a>\r\n                            <figcaption class = \"td-slide-caption td-gallery-slide-content\"><div class = \"td-gallery-slide-copywrite\">HIROSHI ONOMURA, EMBAJADOR DEL JAP\u00d3N; FERNANDO P\u00c9REZ Y WARA ARGANDO\u00d1A.<\/div><\/figcaption>\r\n                        <\/figure>\r\n                    <\/div>\r\n                    <div class = \"td-slide-item td-item14\">\r\n                        <figure class=\"td-slide-galery-figure td-slide-popup-gallery\">\r\n                            <a class=\"slide-gallery-image-link\" href=\"https:\/\/www.eldiario.net\/portal\/wp-content\/uploads\/2025\/07\/DSC_5687.webp\" title=\"DSC_5687\"  data-caption=\"MARCELO MASSONI, EMBAJADOR DE LA REP\u00daBLICA ARGENTINA.\"  data-description=\"\">\r\n                                <img decoding=\"async\" src=\"https:\/\/www.eldiario.net\/portal\/wp-content\/uploads\/2025\/07\/DSC_5687-629x420.webp\" srcset=\"https:\/\/www.eldiario.net\/portal\/wp-content\/uploads\/2025\/07\/DSC_5687-629x420.webp 629w, https:\/\/www.eldiario.net\/portal\/wp-content\/uploads\/2025\/07\/DSC_5687-300x200.webp 300w, https:\/\/www.eldiario.net\/portal\/wp-content\/uploads\/2025\/07\/DSC_5687-1024x684.webp 1024w, https:\/\/www.eldiario.net\/portal\/wp-content\/uploads\/2025\/07\/DSC_5687-768x513.webp 768w, https:\/\/www.eldiario.net\/portal\/wp-content\/uploads\/2025\/07\/DSC_5687-150x100.webp 150w, https:\/\/www.eldiario.net\/portal\/wp-content\/uploads\/2025\/07\/DSC_5687-696x465.webp 696w, https:\/\/www.eldiario.net\/portal\/wp-content\/uploads\/2025\/07\/DSC_5687-1068x713.webp 1068w, https:\/\/www.eldiario.net\/portal\/wp-content\/uploads\/2025\/07\/DSC_5687.webp 1200w\" sizes=\"(max-width: 629px) 100vw, 629px\" alt=\"\">\r\n                            <\/a>\r\n                            <figcaption class = \"td-slide-caption td-gallery-slide-content\"><div class = \"td-gallery-slide-copywrite\">MARCELO MASSONI, EMBAJADOR DE LA REP\u00daBLICA ARGENTINA.<\/div><\/figcaption>\r\n                        <\/figure>\r\n                    <\/div>\r\n                    <div class = \"td-slide-item td-item15\">\r\n                        <figure class=\"td-slide-galery-figure td-slide-popup-gallery\">\r\n                            <a class=\"slide-gallery-image-link\" href=\"https:\/\/www.eldiario.net\/portal\/wp-content\/uploads\/2025\/07\/DSC_5713.webp\" title=\"DSC_5713\"  data-caption=\"EL EMBAJADOR ARGENTINO, MARCELO MASSONI, Y EL VICECANCILLER BOLIVIANO, ELMER CATARINA, EN EL BRINDIS  DE HONOR \"  data-description=\"\">\r\n                                <img decoding=\"async\" src=\"https:\/\/www.eldiario.net\/portal\/wp-content\/uploads\/2025\/07\/DSC_5713-280x420.webp\" srcset=\"https:\/\/www.eldiario.net\/portal\/wp-content\/uploads\/2025\/07\/DSC_5713-280x420.webp 280w, https:\/\/www.eldiario.net\/portal\/wp-content\/uploads\/2025\/07\/DSC_5713-200x300.webp 200w, https:\/\/www.eldiario.net\/portal\/wp-content\/uploads\/2025\/07\/DSC_5713-683x1024.webp 683w, https:\/\/www.eldiario.net\/portal\/wp-content\/uploads\/2025\/07\/DSC_5713-768x1151.webp 768w, https:\/\/www.eldiario.net\/portal\/wp-content\/uploads\/2025\/07\/DSC_5713-1025x1536.webp 1025w, https:\/\/www.eldiario.net\/portal\/wp-content\/uploads\/2025\/07\/DSC_5713-150x225.webp 150w, https:\/\/www.eldiario.net\/portal\/wp-content\/uploads\/2025\/07\/DSC_5713-300x450.webp 300w, https:\/\/www.eldiario.net\/portal\/wp-content\/uploads\/2025\/07\/DSC_5713-696x1043.webp 696w, https:\/\/www.eldiario.net\/portal\/wp-content\/uploads\/2025\/07\/DSC_5713-1068x1600.webp 1068w, https:\/\/www.eldiario.net\/portal\/wp-content\/uploads\/2025\/07\/DSC_5713.webp 1200w\" sizes=\"(max-width: 280px) 100vw, 280px\" alt=\"\">\r\n                            <\/a>\r\n                            <figcaption class = \"td-slide-caption td-gallery-slide-content\"><div class = \"td-gallery-slide-copywrite\">EL EMBAJADOR ARGENTINO, MARCELO MASSONI, Y EL VICECANCILLER BOLIVIANO, ELMER CATARINA, EN EL BRINDIS  DE HONOR <\/div><\/figcaption>\r\n                        <\/figure>\r\n                    <\/div>\r\n                    <div class = \"td-slide-item td-item16\">\r\n                        <figure class=\"td-slide-galery-figure td-slide-popup-gallery\">\r\n                            <a class=\"slide-gallery-image-link\" href=\"https:\/\/www.eldiario.net\/portal\/wp-content\/uploads\/2025\/07\/DSC_5735.webp\" title=\"DSC_5735\"  data-caption=\"SHIGETOMO MARUHASHI, CONSEJERO JAP\u00d3N: RAM\u00d3N GUILL\u00c9N, THOMAS LYONS, EMBAJADA EE.UU., Y CHRISTIAN TISON, EMBAJADA FRANCIA.\"  data-description=\"\">\r\n                                <img decoding=\"async\" src=\"https:\/\/www.eldiario.net\/portal\/wp-content\/uploads\/2025\/07\/DSC_5735-629x420.webp\" srcset=\"https:\/\/www.eldiario.net\/portal\/wp-content\/uploads\/2025\/07\/DSC_5735-629x420.webp 629w, https:\/\/www.eldiario.net\/portal\/wp-content\/uploads\/2025\/07\/DSC_5735-300x200.webp 300w, https:\/\/www.eldiario.net\/portal\/wp-content\/uploads\/2025\/07\/DSC_5735-1024x684.webp 1024w, https:\/\/www.eldiario.net\/portal\/wp-content\/uploads\/2025\/07\/DSC_5735-768x513.webp 768w, https:\/\/www.eldiario.net\/portal\/wp-content\/uploads\/2025\/07\/DSC_5735-150x100.webp 150w, https:\/\/www.eldiario.net\/portal\/wp-content\/uploads\/2025\/07\/DSC_5735-696x465.webp 696w, https:\/\/www.eldiario.net\/portal\/wp-content\/uploads\/2025\/07\/DSC_5735-1068x713.webp 1068w, https:\/\/www.eldiario.net\/portal\/wp-content\/uploads\/2025\/07\/DSC_5735.webp 1200w\" sizes=\"(max-width: 629px) 100vw, 629px\" alt=\"\">\r\n                            <\/a>\r\n                            <figcaption class = \"td-slide-caption td-gallery-slide-content\"><div class = \"td-gallery-slide-copywrite\">SHIGETOMO MARUHASHI, CONSEJERO JAP\u00d3N: RAM\u00d3N GUILL\u00c9N, THOMAS LYONS, EMBAJADA EE.UU., Y CHRISTIAN TISON, EMBAJADA FRANCIA.<\/div><\/figcaption>\r\n                        <\/figure>\r\n                    <\/div>\r\n                    <div class = \"td-slide-item td-item17\">\r\n                        <figure class=\"td-slide-galery-figure td-slide-popup-gallery\">\r\n                            <a class=\"slide-gallery-image-link\" href=\"https:\/\/www.eldiario.net\/portal\/wp-content\/uploads\/2025\/07\/DSC_5740.webp\" title=\"DSC_5740\"  data-caption=\"ROLANDO KEMPFF, CHICHI SOTO, DEBRA HEVIA, JEFA DE MISI\u00d3N DE LA EMBAJADA DE EE.UU., PABLO CAMACHO Y MARCELO HEVIA.\"  data-description=\"\">\r\n                                <img decoding=\"async\" src=\"https:\/\/www.eldiario.net\/portal\/wp-content\/uploads\/2025\/07\/DSC_5740-629x420.webp\" srcset=\"https:\/\/www.eldiario.net\/portal\/wp-content\/uploads\/2025\/07\/DSC_5740-629x420.webp 629w, https:\/\/www.eldiario.net\/portal\/wp-content\/uploads\/2025\/07\/DSC_5740-300x200.webp 300w, https:\/\/www.eldiario.net\/portal\/wp-content\/uploads\/2025\/07\/DSC_5740-1024x684.webp 1024w, https:\/\/www.eldiario.net\/portal\/wp-content\/uploads\/2025\/07\/DSC_5740-768x513.webp 768w, https:\/\/www.eldiario.net\/portal\/wp-content\/uploads\/2025\/07\/DSC_5740-150x100.webp 150w, https:\/\/www.eldiario.net\/portal\/wp-content\/uploads\/2025\/07\/DSC_5740-696x465.webp 696w, https:\/\/www.eldiario.net\/portal\/wp-content\/uploads\/2025\/07\/DSC_5740-1068x713.webp 1068w, https:\/\/www.eldiario.net\/portal\/wp-content\/uploads\/2025\/07\/DSC_5740.webp 1200w\" sizes=\"(max-width: 629px) 100vw, 629px\" alt=\"\">\r\n                            <\/a>\r\n                            <figcaption class = \"td-slide-caption td-gallery-slide-content\"><div class = \"td-gallery-slide-copywrite\">ROLANDO KEMPFF, CHICHI SOTO, DEBRA HEVIA, JEFA DE MISI\u00d3N DE LA EMBAJADA DE EE.UU., PABLO CAMACHO Y MARCELO HEVIA.<\/div><\/figcaption>\r\n                        <\/figure>\r\n                    <\/div>\r\n                    <div class = \"td-slide-item td-item18\">\r\n                        <figure class=\"td-slide-galery-figure td-slide-popup-gallery\">\r\n                            <a class=\"slide-gallery-image-link\" href=\"https:\/\/www.eldiario.net\/portal\/wp-content\/uploads\/2025\/07\/DSC_5746.webp\" title=\"DSC_5746\"  data-caption=\"EMBAJADOR MARCELO MASSONI Y ADMA DEL CARMEN INCHAUSTI.\"  data-description=\"\">\r\n                                <img decoding=\"async\" src=\"https:\/\/www.eldiario.net\/portal\/wp-content\/uploads\/2025\/07\/DSC_5746-629x420.webp\" srcset=\"https:\/\/www.eldiario.net\/portal\/wp-content\/uploads\/2025\/07\/DSC_5746-629x420.webp 629w, https:\/\/www.eldiario.net\/portal\/wp-content\/uploads\/2025\/07\/DSC_5746-300x200.webp 300w, https:\/\/www.eldiario.net\/portal\/wp-content\/uploads\/2025\/07\/DSC_5746-1024x684.webp 1024w, https:\/\/www.eldiario.net\/portal\/wp-content\/uploads\/2025\/07\/DSC_5746-768x513.webp 768w, https:\/\/www.eldiario.net\/portal\/wp-content\/uploads\/2025\/07\/DSC_5746-150x100.webp 150w, https:\/\/www.eldiario.net\/portal\/wp-content\/uploads\/2025\/07\/DSC_5746-696x465.webp 696w, https:\/\/www.eldiario.net\/portal\/wp-content\/uploads\/2025\/07\/DSC_5746-1068x713.webp 1068w, https:\/\/www.eldiario.net\/portal\/wp-content\/uploads\/2025\/07\/DSC_5746.webp 1200w\" sizes=\"(max-width: 629px) 100vw, 629px\" alt=\"\">\r\n                            <\/a>\r\n                            <figcaption class = \"td-slide-caption td-gallery-slide-content\"><div class = \"td-gallery-slide-copywrite\">EMBAJADOR MARCELO MASSONI Y ADMA DEL CARMEN INCHAUSTI.<\/div><\/figcaption>\r\n                        <\/figure>\r\n                    <\/div>\r\n                    <div class = \"td-slide-item td-item19\">\r\n                        <figure class=\"td-slide-galery-figure td-slide-popup-gallery\">\r\n                            <a class=\"slide-gallery-image-link\" href=\"https:\/\/www.eldiario.net\/portal\/wp-content\/uploads\/2025\/07\/DSC_5753.webp\" title=\"DSC_5753\"  data-caption=\"ANA KIRZNER, RICARDO UDLER, EMBAJADOR  MARCELO MASSONI Y CELESTE TRUJILLO.\"  data-description=\"\">\r\n                                <img decoding=\"async\" src=\"https:\/\/www.eldiario.net\/portal\/wp-content\/uploads\/2025\/07\/DSC_5753-629x420.webp\" srcset=\"https:\/\/www.eldiario.net\/portal\/wp-content\/uploads\/2025\/07\/DSC_5753-629x420.webp 629w, https:\/\/www.eldiario.net\/portal\/wp-content\/uploads\/2025\/07\/DSC_5753-300x200.webp 300w, https:\/\/www.eldiario.net\/portal\/wp-content\/uploads\/2025\/07\/DSC_5753-1024x684.webp 1024w, https:\/\/www.eldiario.net\/portal\/wp-content\/uploads\/2025\/07\/DSC_5753-768x513.webp 768w, https:\/\/www.eldiario.net\/portal\/wp-content\/uploads\/2025\/07\/DSC_5753-150x100.webp 150w, https:\/\/www.eldiario.net\/portal\/wp-content\/uploads\/2025\/07\/DSC_5753-696x465.webp 696w, https:\/\/www.eldiario.net\/portal\/wp-content\/uploads\/2025\/07\/DSC_5753-1068x713.webp 1068w, https:\/\/www.eldiario.net\/portal\/wp-content\/uploads\/2025\/07\/DSC_5753.webp 1200w\" sizes=\"(max-width: 629px) 100vw, 629px\" alt=\"\">\r\n                            <\/a>\r\n                            <figcaption class = \"td-slide-caption td-gallery-slide-content\"><div class = \"td-gallery-slide-copywrite\">ANA KIRZNER, RICARDO UDLER, EMBAJADOR  MARCELO MASSONI Y CELESTE TRUJILLO.<\/div><\/figcaption>\r\n                        <\/figure>\r\n                    <\/div>\r\n                    <div class = \"td-slide-item td-item20\">\r\n                        <figure class=\"td-slide-galery-figure td-slide-popup-gallery\">\r\n                            <a class=\"slide-gallery-image-link\" href=\"https:\/\/www.eldiario.net\/portal\/wp-content\/uploads\/2025\/07\/DSC_5755.webp\" title=\"DSC_5755\"  data-caption=\"ROLANDO KEMPFF Y LOS EMBAJADORES MARCELO  MASSONI (ARGENTINA) Y WANG LIANG (CHINA).\"  data-description=\"\">\r\n                                <img decoding=\"async\" src=\"https:\/\/www.eldiario.net\/portal\/wp-content\/uploads\/2025\/07\/DSC_5755-629x420.webp\" srcset=\"https:\/\/www.eldiario.net\/portal\/wp-content\/uploads\/2025\/07\/DSC_5755-629x420.webp 629w, https:\/\/www.eldiario.net\/portal\/wp-content\/uploads\/2025\/07\/DSC_5755-300x200.webp 300w, https:\/\/www.eldiario.net\/portal\/wp-content\/uploads\/2025\/07\/DSC_5755-1024x684.webp 1024w, https:\/\/www.eldiario.net\/portal\/wp-content\/uploads\/2025\/07\/DSC_5755-768x513.webp 768w, https:\/\/www.eldiario.net\/portal\/wp-content\/uploads\/2025\/07\/DSC_5755-150x100.webp 150w, https:\/\/www.eldiario.net\/portal\/wp-content\/uploads\/2025\/07\/DSC_5755-696x465.webp 696w, https:\/\/www.eldiario.net\/portal\/wp-content\/uploads\/2025\/07\/DSC_5755-1068x713.webp 1068w, https:\/\/www.eldiario.net\/portal\/wp-content\/uploads\/2025\/07\/DSC_5755.webp 1200w\" sizes=\"(max-width: 629px) 100vw, 629px\" alt=\"\">\r\n                            <\/a>\r\n                            <figcaption class = \"td-slide-caption td-gallery-slide-content\"><div class = \"td-gallery-slide-copywrite\">ROLANDO KEMPFF Y LOS EMBAJADORES MARCELO  MASSONI (ARGENTINA) Y WANG LIANG (CHINA).<\/div><\/figcaption>\r\n                        <\/figure>\r\n                    <\/div>\r\n                    <div class = \"td-slide-item td-item21\">\r\n                        <figure class=\"td-slide-galery-figure td-slide-popup-gallery\">\r\n                            <a class=\"slide-gallery-image-link\" href=\"https:\/\/www.eldiario.net\/portal\/wp-content\/uploads\/2025\/07\/DSC_5760.webp\" title=\"DSC_5760\"  data-caption=\"\"  data-description=\"\">\r\n                                <img decoding=\"async\" src=\"https:\/\/www.eldiario.net\/portal\/wp-content\/uploads\/2025\/07\/DSC_5760-629x420.webp\" srcset=\"https:\/\/www.eldiario.net\/portal\/wp-content\/uploads\/2025\/07\/DSC_5760-629x420.webp 629w, https:\/\/www.eldiario.net\/portal\/wp-content\/uploads\/2025\/07\/DSC_5760-300x200.webp 300w, https:\/\/www.eldiario.net\/portal\/wp-content\/uploads\/2025\/07\/DSC_5760-1024x684.webp 1024w, https:\/\/www.eldiario.net\/portal\/wp-content\/uploads\/2025\/07\/DSC_5760-768x513.webp 768w, https:\/\/www.eldiario.net\/portal\/wp-content\/uploads\/2025\/07\/DSC_5760-150x100.webp 150w, https:\/\/www.eldiario.net\/portal\/wp-content\/uploads\/2025\/07\/DSC_5760-696x465.webp 696w, https:\/\/www.eldiario.net\/portal\/wp-content\/uploads\/2025\/07\/DSC_5760-1068x713.webp 1068w, https:\/\/www.eldiario.net\/portal\/wp-content\/uploads\/2025\/07\/DSC_5760.webp 1200w\" sizes=\"(max-width: 629px) 100vw, 629px\" alt=\"\">\r\n                            <\/a>\r\n                            \r\n                        <\/figure>\r\n                    <\/div>\r\n                            <\/div>\r\n                        <\/div>\r\n\r\n                        <div class = \"td-doubleSlider-2\">\r\n                            <div class = \"td-slider\">\r\n                                \r\n                    <div class = \"td-button td-item1\">\r\n                        <div class = \"td-border\"><\/div>\r\n                    <\/div>\r\n                    <div class = \"td-button td-item2\">\r\n                        <div class = \"td-border\"><\/div>\r\n                    <\/div>\r\n                    <div class = \"td-button td-item3\">\r\n                        <div class = \"td-border\"><\/div>\r\n                    <\/div>\r\n                    <div class = \"td-button td-item4\">\r\n                        <div class = \"td-border\"><\/div>\r\n                    <\/div>\r\n                    <div class = \"td-button td-item5\">\r\n                        <div class = \"td-border\"><\/div>\r\n                    <\/div>\r\n                    <div class = \"td-button td-item6\">\r\n                        <div class = \"td-border\"><\/div>\r\n                    <\/div>\r\n                    <div class = \"td-button td-item7\">\r\n                        <div class = \"td-border\"><\/div>\r\n                    <\/div>\r\n                    <div class = \"td-button td-item8\">\r\n                        <div class = \"td-border\"><\/div>\r\n                    <\/div>\r\n                    <div class = \"td-button td-item9\">\r\n                        <div class = \"td-border\"><\/div>\r\n                    <\/div>\r\n                    <div class = \"td-button td-item10\">\r\n                        <div class = \"td-border\"><\/div>\r\n                    <\/div>\r\n                    <div class = \"td-button td-item11\">\r\n                        <div class = \"td-border\"><\/div>\r\n                    <\/div>\r\n                    <div class = \"td-button td-item12\">\r\n                        <div class = \"td-border\"><\/div>\r\n                    <\/div>\r\n                    <div class = \"td-button td-item13\">\r\n                        <div class = \"td-border\"><\/div>\r\n                    <\/div>\r\n                    <div class = \"td-button td-item14\">\r\n                        <div class = \"td-border\"><\/div>\r\n                    <\/div>\r\n                    <div class = \"td-button td-item15\">\r\n                        <div class = \"td-border\"><\/div>\r\n                    <\/div>\r\n                    <div class = \"td-button td-item16\">\r\n                        <div class = \"td-border\"><\/div>\r\n                    <\/div>\r\n                    <div class = \"td-button td-item17\">\r\n                        <div class = \"td-border\"><\/div>\r\n                    <\/div>\r\n                    <div class = \"td-button td-item18\">\r\n                        <div class = \"td-border\"><\/div>\r\n                    <\/div>\r\n                    <div class = \"td-button td-item19\">\r\n                        <div class = \"td-border\"><\/div>\r\n                    <\/div>\r\n                    <div class = \"td-button td-item20\">\r\n                        <div class = \"td-border\"><\/div>\r\n                    <\/div>\r\n                    <div class = \"td-button td-item21\">\r\n                        <div class = \"td-border\"><\/div>\r\n                    <\/div>\r\n                            <\/div>\r\n                        <\/div>\r\n\r\n                    <\/div>\r\n\r\n                <\/div>\r\n                \n","protected":false},"excerpt":{"rendered":"<p>La residencia diplom\u00e1tica argentina se visti\u00f3 de fiesta para conmemorar el 209\u00b0 aniversario de la Independencia de Argentina, un evento que cobr\u00f3 un significado especial al coincidir con el Bicentenario de Bolivia. El embajador Marcelo Massoni y su esposa fueron los anfitriones de una jornada cargada de simbolismo, donde la historia y la hermandad entre [&hellip;]<\/p>\n","protected":false},"author":1,"featured_media":318649,"comment_status":"closed","ping_status":"open","sticky":false,"template":"","format":"standard","meta":{"_acf_changed":false,"footnotes":""},"categories":[40],"tags":[],"class_list":["post-318644","post","type-post","status-publish","format-standard","has-post-thumbnail","category-sociales"],"acf":{"antetitulo":""},"yoast_head":"<!-- This site is optimized with the Yoast SEO plugin v28.4 - https:\/\/yoast.com\/product\/yoast-seo-wordpress\/ -->\n<title>Argentina celebra su independencia en La Paz - El Diario - Bolivia<\/title>\n<meta name=\"robots\" content=\"index, follow, max-snippet:-1, max-image-preview:large, max-video-preview:-1\" \/>\n<link rel=\"canonical\" href=\"https:\/\/www.eldiario.net\/portal\/2025\/07\/23\/argentina-celebra-su-independencia-en-la-paz\/\" \/>\n<meta property=\"og:locale\" content=\"es_ES\" \/>\n<meta property=\"og:type\" content=\"article\" \/>\n<meta property=\"og:title\" content=\"Argentina celebra su independencia en La Paz - El Diario - Bolivia\" \/>\n<meta property=\"og:description\" content=\"La residencia diplom\u00e1tica argentina se visti\u00f3 de fiesta para conmemorar el 209\u00b0 aniversario de la Independencia de Argentina, un evento que cobr\u00f3 un significado especial al coincidir con el Bicentenario de Bolivia. El embajador Marcelo Massoni y su esposa fueron los anfitriones de una jornada cargada de simbolismo, donde la historia y la hermandad entre [&hellip;]\" \/>\n<meta property=\"og:url\" content=\"https:\/\/www.eldiario.net\/portal\/2025\/07\/23\/argentina-celebra-su-independencia-en-la-paz\/\" \/>\n<meta property=\"og:site_name\" content=\"El Diario - Bolivia\" \/>\n<meta property=\"article:publisher\" content=\"https:\/\/www.facebook.com\/eldiario.bolivia\/\" \/>\n<meta property=\"article:published_time\" content=\"2025-07-23T04:38:58+00:00\" \/>\n<meta property=\"og:image\" content=\"https:\/\/www.eldiario.net\/portal\/wp-content\/uploads\/2025\/07\/DSC_5637.webp\" \/>\n\t<meta property=\"og:image:width\" content=\"1200\" \/>\n\t<meta property=\"og:image:height\" content=\"801\" \/>\n\t<meta property=\"og:image:type\" content=\"image\/webp\" \/>\n<meta name=\"author\" content=\"Jeanette\" \/>\n<meta name=\"twitter:card\" content=\"summary_large_image\" \/>\n<meta name=\"twitter:creator\" content=\"@eldiario_net\" \/>\n<meta name=\"twitter:site\" content=\"@eldiario_net\" \/>\n<meta name=\"twitter:label1\" content=\"Escrito por\" \/>\n\t<meta name=\"twitter:data1\" content=\"Jeanette\" \/>\n\t<meta name=\"twitter:label2\" content=\"Tiempo de lectura\" \/>\n\t<meta name=\"twitter:data2\" content=\"3 minutos\" \/>\n<script type=\"application\/ld+json\" class=\"yoast-schema-graph\">{\"@context\":\"https:\\\/\\\/schema.org\",\"@graph\":[{\"@type\":\"Article\",\"@id\":\"https:\\\/\\\/www.eldiario.net\\\/portal\\\/2025\\\/07\\\/23\\\/argentina-celebra-su-independencia-en-la-paz\\\/#article\",\"isPartOf\":{\"@id\":\"https:\\\/\\\/www.eldiario.net\\\/portal\\\/2025\\\/07\\\/23\\\/argentina-celebra-su-independencia-en-la-paz\\\/\"},\"author\":{\"name\":\"Jeanette\",\"@id\":\"https:\\\/\\\/www.eldiario.net\\\/portal\\\/#\\\/schema\\\/person\\\/2c57cf2b7a7ae032e449e4c9b1019eac\"},\"headline\":\"Argentina celebra su independencia en La Paz\",\"datePublished\":\"2025-07-23T04:38:58+00:00\",\"mainEntityOfPage\":{\"@id\":\"https:\\\/\\\/www.eldiario.net\\\/portal\\\/2025\\\/07\\\/23\\\/argentina-celebra-su-independencia-en-la-paz\\\/\"},\"wordCount\":447,\"publisher\":{\"@id\":\"https:\\\/\\\/www.eldiario.net\\\/portal\\\/#organization\"},\"image\":{\"@id\":\"https:\\\/\\\/www.eldiario.net\\\/portal\\\/2025\\\/07\\\/23\\\/argentina-celebra-su-independencia-en-la-paz\\\/#primaryimage\"},\"thumbnailUrl\":\"https:\\\/\\\/www.eldiario.net\\\/portal\\\/wp-content\\\/uploads\\\/2025\\\/07\\\/DSC_5637.webp\",\"articleSection\":[\"Sociales\"],\"inLanguage\":\"es\"},{\"@type\":\"WebPage\",\"@id\":\"https:\\\/\\\/www.eldiario.net\\\/portal\\\/2025\\\/07\\\/23\\\/argentina-celebra-su-independencia-en-la-paz\\\/\",\"url\":\"https:\\\/\\\/www.eldiario.net\\\/portal\\\/2025\\\/07\\\/23\\\/argentina-celebra-su-independencia-en-la-paz\\\/\",\"name\":\"Argentina celebra su independencia en La Paz - El Diario - Bolivia\",\"isPartOf\":{\"@id\":\"https:\\\/\\\/www.eldiario.net\\\/portal\\\/#website\"},\"primaryImageOfPage\":{\"@id\":\"https:\\\/\\\/www.eldiario.net\\\/portal\\\/2025\\\/07\\\/23\\\/argentina-celebra-su-independencia-en-la-paz\\\/#primaryimage\"},\"image\":{\"@id\":\"https:\\\/\\\/www.eldiario.net\\\/portal\\\/2025\\\/07\\\/23\\\/argentina-celebra-su-independencia-en-la-paz\\\/#primaryimage\"},\"thumbnailUrl\":\"https:\\\/\\\/www.eldiario.net\\\/portal\\\/wp-content\\\/uploads\\\/2025\\\/07\\\/DSC_5637.webp\",\"datePublished\":\"2025-07-23T04:38:58+00:00\",\"breadcrumb\":{\"@id\":\"https:\\\/\\\/www.eldiario.net\\\/portal\\\/2025\\\/07\\\/23\\\/argentina-celebra-su-independencia-en-la-paz\\\/#breadcrumb\"},\"inLanguage\":\"es\",\"potentialAction\":[{\"@type\":\"ReadAction\",\"target\":[\"https:\\\/\\\/www.eldiario.net\\\/portal\\\/2025\\\/07\\\/23\\\/argentina-celebra-su-independencia-en-la-paz\\\/\"]}]},{\"@type\":\"ImageObject\",\"inLanguage\":\"es\",\"@id\":\"https:\\\/\\\/www.eldiario.net\\\/portal\\\/2025\\\/07\\\/23\\\/argentina-celebra-su-independencia-en-la-paz\\\/#primaryimage\",\"url\":\"https:\\\/\\\/www.eldiario.net\\\/portal\\\/wp-content\\\/uploads\\\/2025\\\/07\\\/DSC_5637.webp\",\"contentUrl\":\"https:\\\/\\\/www.eldiario.net\\\/portal\\\/wp-content\\\/uploads\\\/2025\\\/07\\\/DSC_5637.webp\",\"width\":1200,\"height\":801,\"caption\":\"LA COMITIVA ARGENTINA JUNTO AL PRESIDENTE DEL TRIBUNAL SUPREMO ELECTORAL, \u00d3SCAR HASSENTEUFEL.\"},{\"@type\":\"BreadcrumbList\",\"@id\":\"https:\\\/\\\/www.eldiario.net\\\/portal\\\/2025\\\/07\\\/23\\\/argentina-celebra-su-independencia-en-la-paz\\\/#breadcrumb\",\"itemListElement\":[{\"@type\":\"ListItem\",\"position\":1,\"name\":\"Portada\",\"item\":\"https:\\\/\\\/www.eldiario.net\\\/portal\\\/\"},{\"@type\":\"ListItem\",\"position\":2,\"name\":\"Argentina celebra su independencia en La Paz\"}]},{\"@type\":\"WebSite\",\"@id\":\"https:\\\/\\\/www.eldiario.net\\\/portal\\\/#website\",\"url\":\"https:\\\/\\\/www.eldiario.net\\\/portal\\\/\",\"name\":\"El Diario - Decano de la prensa nacional\",\"description\":\"El Diario - Decano de la prensa nacional\",\"publisher\":{\"@id\":\"https:\\\/\\\/www.eldiario.net\\\/portal\\\/#organization\"},\"potentialAction\":[{\"@type\":\"SearchAction\",\"target\":{\"@type\":\"EntryPoint\",\"urlTemplate\":\"https:\\\/\\\/www.eldiario.net\\\/portal\\\/?s={search_term_string}\"},\"query-input\":{\"@type\":\"PropertyValueSpecification\",\"valueRequired\":true,\"valueName\":\"search_term_string\"}}],\"inLanguage\":\"es\"},{\"@type\":\"Organization\",\"@id\":\"https:\\\/\\\/www.eldiario.net\\\/portal\\\/#organization\",\"name\":\"El Diario - Decano de la prensa nacional\",\"url\":\"https:\\\/\\\/www.eldiario.net\\\/portal\\\/\",\"logo\":{\"@type\":\"ImageObject\",\"inLanguage\":\"es\",\"@id\":\"https:\\\/\\\/www.eldiario.net\\\/portal\\\/#\\\/schema\\\/logo\\\/image\\\/\",\"url\":\"https:\\\/\\\/www.eldiario.net\\\/portal\\\/wp-content\\\/uploads\\\/2023\\\/07\\\/logo_ED.jpg\",\"contentUrl\":\"https:\\\/\\\/www.eldiario.net\\\/portal\\\/wp-content\\\/uploads\\\/2023\\\/07\\\/logo_ED.jpg\",\"width\":272,\"height\":52,\"caption\":\"El Diario - Decano de la prensa nacional\"},\"image\":{\"@id\":\"https:\\\/\\\/www.eldiario.net\\\/portal\\\/#\\\/schema\\\/logo\\\/image\\\/\"},\"sameAs\":[\"https:\\\/\\\/www.facebook.com\\\/eldiario.bolivia\\\/\",\"https:\\\/\\\/x.com\\\/eldiario_net\"]},{\"@type\":\"Person\",\"@id\":\"https:\\\/\\\/www.eldiario.net\\\/portal\\\/#\\\/schema\\\/person\\\/2c57cf2b7a7ae032e449e4c9b1019eac\",\"name\":\"Jeanette\",\"image\":{\"@type\":\"ImageObject\",\"inLanguage\":\"es\",\"@id\":\"https:\\\/\\\/secure.gravatar.com\\\/avatar\\\/3ea2118a5f7dad2b7138b1187a6b7ee55f160b9968b66013c3a3ef39dd7e5798?s=96&d=mm&r=g\",\"url\":\"https:\\\/\\\/secure.gravatar.com\\\/avatar\\\/3ea2118a5f7dad2b7138b1187a6b7ee55f160b9968b66013c3a3ef39dd7e5798?s=96&d=mm&r=g\",\"contentUrl\":\"https:\\\/\\\/secure.gravatar.com\\\/avatar\\\/3ea2118a5f7dad2b7138b1187a6b7ee55f160b9968b66013c3a3ef39dd7e5798?s=96&d=mm&r=g\",\"caption\":\"Jeanette\"},\"sameAs\":[\"https:\\\/\\\/www.eldiario.net\\\/portal\"],\"url\":\"https:\\\/\\\/www.eldiario.net\\\/portal\\\/author\\\/jeanette\\\/\"}]}<\/script>\n<!-- \/ Yoast SEO plugin. -->","yoast_head_json":{"title":"Argentina celebra su independencia en La Paz - El Diario - Bolivia","robots":{"index":"index","follow":"follow","max-snippet":"max-snippet:-1","max-image-preview":"max-image-preview:large","max-video-preview":"max-video-preview:-1"},"canonical":"https:\/\/www.eldiario.net\/portal\/2025\/07\/23\/argentina-celebra-su-independencia-en-la-paz\/","og_locale":"es_ES","og_type":"article","og_title":"Argentina celebra su independencia en La Paz - El Diario - Bolivia","og_description":"La residencia diplom\u00e1tica argentina se visti\u00f3 de fiesta para conmemorar el 209\u00b0 aniversario de la Independencia de Argentina, un evento que cobr\u00f3 un significado especial al coincidir con el Bicentenario de Bolivia. El embajador Marcelo Massoni y su esposa fueron los anfitriones de una jornada cargada de simbolismo, donde la historia y la hermandad entre [&hellip;]","og_url":"https:\/\/www.eldiario.net\/portal\/2025\/07\/23\/argentina-celebra-su-independencia-en-la-paz\/","og_site_name":"El Diario - Bolivia","article_publisher":"https:\/\/www.facebook.com\/eldiario.bolivia\/","article_published_time":"2025-07-23T04:38:58+00:00","og_image":[{"width":1200,"height":801,"url":"https:\/\/www.eldiario.net\/portal\/wp-content\/uploads\/2025\/07\/DSC_5637.webp","type":"image\/webp"}],"author":"Jeanette","twitter_card":"summary_large_image","twitter_creator":"@eldiario_net","twitter_site":"@eldiario_net","twitter_misc":{"Escrito por":"Jeanette","Tiempo de lectura":"3 minutos"},"schema":{"@context":"https:\/\/schema.org","@graph":[{"@type":"Article","@id":"https:\/\/www.eldiario.net\/portal\/2025\/07\/23\/argentina-celebra-su-independencia-en-la-paz\/#article","isPartOf":{"@id":"https:\/\/www.eldiario.net\/portal\/2025\/07\/23\/argentina-celebra-su-independencia-en-la-paz\/"},"author":{"name":"Jeanette","@id":"https:\/\/www.eldiario.net\/portal\/#\/schema\/person\/2c57cf2b7a7ae032e449e4c9b1019eac"},"headline":"Argentina celebra su independencia en La Paz","datePublished":"2025-07-23T04:38:58+00:00","mainEntityOfPage":{"@id":"https:\/\/www.eldiario.net\/portal\/2025\/07\/23\/argentina-celebra-su-independencia-en-la-paz\/"},"wordCount":447,"publisher":{"@id":"https:\/\/www.eldiario.net\/portal\/#organization"},"image":{"@id":"https:\/\/www.eldiario.net\/portal\/2025\/07\/23\/argentina-celebra-su-independencia-en-la-paz\/#primaryimage"},"thumbnailUrl":"https:\/\/www.eldiario.net\/portal\/wp-content\/uploads\/2025\/07\/DSC_5637.webp","articleSection":["Sociales"],"inLanguage":"es"},{"@type":"WebPage","@id":"https:\/\/www.eldiario.net\/portal\/2025\/07\/23\/argentina-celebra-su-independencia-en-la-paz\/","url":"https:\/\/www.eldiario.net\/portal\/2025\/07\/23\/argentina-celebra-su-independencia-en-la-paz\/","name":"Argentina celebra su independencia en La Paz - El Diario - Bolivia","isPartOf":{"@id":"https:\/\/www.eldiario.net\/portal\/#website"},"primaryImageOfPage":{"@id":"https:\/\/www.eldiario.net\/portal\/2025\/07\/23\/argentina-celebra-su-independencia-en-la-paz\/#primaryimage"},"image":{"@id":"https:\/\/www.eldiario.net\/portal\/2025\/07\/23\/argentina-celebra-su-independencia-en-la-paz\/#primaryimage"},"thumbnailUrl":"https:\/\/www.eldiario.net\/portal\/wp-content\/uploads\/2025\/07\/DSC_5637.webp","datePublished":"2025-07-23T04:38:58+00:00","breadcrumb":{"@id":"https:\/\/www.eldiario.net\/portal\/2025\/07\/23\/argentina-celebra-su-independencia-en-la-paz\/#breadcrumb"},"inLanguage":"es","potentialAction":[{"@type":"ReadAction","target":["https:\/\/www.eldiario.net\/portal\/2025\/07\/23\/argentina-celebra-su-independencia-en-la-paz\/"]}]},{"@type":"ImageObject","inLanguage":"es","@id":"https:\/\/www.eldiario.net\/portal\/2025\/07\/23\/argentina-celebra-su-independencia-en-la-paz\/#primaryimage","url":"https:\/\/www.eldiario.net\/portal\/wp-content\/uploads\/2025\/07\/DSC_5637.webp","contentUrl":"https:\/\/www.eldiario.net\/portal\/wp-content\/uploads\/2025\/07\/DSC_5637.webp","width":1200,"height":801,"caption":"LA COMITIVA ARGENTINA JUNTO AL PRESIDENTE DEL TRIBUNAL SUPREMO ELECTORAL, \u00d3SCAR HASSENTEUFEL."},{"@type":"BreadcrumbList","@id":"https:\/\/www.eldiario.net\/portal\/2025\/07\/23\/argentina-celebra-su-independencia-en-la-paz\/#breadcrumb","itemListElement":[{"@type":"ListItem","position":1,"name":"Portada","item":"https:\/\/www.eldiario.net\/portal\/"},{"@type":"ListItem","position":2,"name":"Argentina celebra su independencia en La Paz"}]},{"@type":"WebSite","@id":"https:\/\/www.eldiario.net\/portal\/#website","url":"https:\/\/www.eldiario.net\/portal\/","name":"El Diario - Decano de la prensa nacional","description":"El Diario - Decano de la prensa nacional","publisher":{"@id":"https:\/\/www.eldiario.net\/portal\/#organization"},"potentialAction":[{"@type":"SearchAction","target":{"@type":"EntryPoint","urlTemplate":"https:\/\/www.eldiario.net\/portal\/?s={search_term_string}"},"query-input":{"@type":"PropertyValueSpecification","valueRequired":true,"valueName":"search_term_string"}}],"inLanguage":"es"},{"@type":"Organization","@id":"https:\/\/www.eldiario.net\/portal\/#organization","name":"El Diario - Decano de la prensa nacional","url":"https:\/\/www.eldiario.net\/portal\/","logo":{"@type":"ImageObject","inLanguage":"es","@id":"https:\/\/www.eldiario.net\/portal\/#\/schema\/logo\/image\/","url":"https:\/\/www.eldiario.net\/portal\/wp-content\/uploads\/2023\/07\/logo_ED.jpg","contentUrl":"https:\/\/www.eldiario.net\/portal\/wp-content\/uploads\/2023\/07\/logo_ED.jpg","width":272,"height":52,"caption":"El Diario - Decano de la prensa nacional"},"image":{"@id":"https:\/\/www.eldiario.net\/portal\/#\/schema\/logo\/image\/"},"sameAs":["https:\/\/www.facebook.com\/eldiario.bolivia\/","https:\/\/x.com\/eldiario_net"]},{"@type":"Person","@id":"https:\/\/www.eldiario.net\/portal\/#\/schema\/person\/2c57cf2b7a7ae032e449e4c9b1019eac","name":"Jeanette","image":{"@type":"ImageObject","inLanguage":"es","@id":"https:\/\/secure.gravatar.com\/avatar\/3ea2118a5f7dad2b7138b1187a6b7ee55f160b9968b66013c3a3ef39dd7e5798?s=96&d=mm&r=g","url":"https:\/\/secure.gravatar.com\/avatar\/3ea2118a5f7dad2b7138b1187a6b7ee55f160b9968b66013c3a3ef39dd7e5798?s=96&d=mm&r=g","contentUrl":"https:\/\/secure.gravatar.com\/avatar\/3ea2118a5f7dad2b7138b1187a6b7ee55f160b9968b66013c3a3ef39dd7e5798?s=96&d=mm&r=g","caption":"Jeanette"},"sameAs":["https:\/\/www.eldiario.net\/portal"],"url":"https:\/\/www.eldiario.net\/portal\/author\/jeanette\/"}]}},"_links":{"self":[{"href":"https:\/\/www.eldiario.net\/portal\/wp-json\/wp\/v2\/posts\/318644","targetHints":{"allow":["GET"]}}],"collection":[{"href":"https:\/\/www.eldiario.net\/portal\/wp-json\/wp\/v2\/posts"}],"about":[{"href":"https:\/\/www.eldiario.net\/portal\/wp-json\/wp\/v2\/types\/post"}],"author":[{"embeddable":true,"href":"https:\/\/www.eldiario.net\/portal\/wp-json\/wp\/v2\/users\/1"}],"replies":[{"embeddable":true,"href":"https:\/\/www.eldiario.net\/portal\/wp-json\/wp\/v2\/comments?post=318644"}],"version-history":[{"count":1,"href":"https:\/\/www.eldiario.net\/portal\/wp-json\/wp\/v2\/posts\/318644\/revisions"}],"predecessor-version":[{"id":318666,"href":"https:\/\/www.eldiario.net\/portal\/wp-json\/wp\/v2\/posts\/318644\/revisions\/318666"}],"wp:featuredmedia":[{"embeddable":true,"href":"https:\/\/www.eldiario.net\/portal\/wp-json\/wp\/v2\/media\/318649"}],"wp:attachment":[{"href":"https:\/\/www.eldiario.net\/portal\/wp-json\/wp\/v2\/media?parent=318644"}],"wp:term":[{"taxonomy":"category","embeddable":true,"href":"https:\/\/www.eldiario.net\/portal\/wp-json\/wp\/v2\/categories?post=318644"},{"taxonomy":"post_tag","embeddable":true,"href":"https:\/\/www.eldiario.net\/portal\/wp-json\/wp\/v2\/tags?post=318644"}],"curies":[{"name":"wp","href":"https:\/\/api.w.org\/{rel}","templated":true}]}}