{"id":318316,"date":"2025-07-21T06:52:53","date_gmt":"2025-07-21T10:52:53","guid":{"rendered":"https:\/\/www.eldiario.net\/portal\/?p=318316"},"modified":"2025-07-21T06:52:53","modified_gmt":"2025-07-21T10:52:53","slug":"gaby-ferreyra-esta-lista-para-conquistar-el-mundo","status":"publish","type":"post","link":"https:\/\/www.eldiario.net\/portal\/2025\/07\/21\/gaby-ferreyra-esta-lista-para-conquistar-el-mundo\/","title":{"rendered":"Gaby Ferreyra est\u00e1 lista  para conquistar el mundo"},"content":{"rendered":"<p>Gaby Ferreyra \u2014tambi\u00e9n conocida art\u00edsticamente como \u201cLa Shorty\u201d y llamada por su fandom \u201cLa nena de Bolivia\u201d\u2014 se ha consolidado como una de las voces m\u00e1s aut\u00e9nticas y prometedoras del g\u00e9nero urbano en el pa\u00eds y el exterior. Con una propuesta art\u00edstica que fusiona ra\u00edces bolivianas, sensibilidad global y una identidad musical profundamente innovadora, Gaby, nacida el 11 de marzo del a\u00f1o 2000 en La Paz, no solo ha capturado la atenci\u00f3n del p\u00fablico joven, sino tambi\u00e9n de la industria internacional.<\/p>\n<p>Criada entre La Paz y Nueva York, Gaby construy\u00f3 desde temprana edad un puente cultural que hoy define su arte. Su formaci\u00f3n acad\u00e9mica musical es destacada: culmin\u00f3 estudios en St. Lawrence University, Edinburgh University y Berklee College of Music, tres instituciones de renombre que cimentaron su visi\u00f3n art\u00edstica, vocal y conceptual. Su carrera ha sido reconocida por su capacidad de romper moldes y desafiar los est\u00e1ndares del urbano latino, combinando beats contempor\u00e1neos con letras que hablan de transformaci\u00f3n, fuerza interior y vulnerabilidad.<\/p>\n<p>En 2022 fue nominada como \u201cArtista Revelaci\u00f3n\u201d, en 2023 como \u201cMejor Artista Urbana\u201d y en 2024 recibi\u00f3 m\u00e1s de seis nominaciones en los Bolivia Music Awards, coron\u00e1ndose finalmente con el premio a \u201cMejor Artista Urbana\u201d, lo que consolid\u00f3 su posici\u00f3n como l\u00edder femenina en la m\u00fasica urbana boliviana.<\/p>\n<p>Uno de los momentos m\u00e1s importantes en su ascenso reciente fue su colaboraci\u00f3n con Balbi el Chamako, uno de los artistas m\u00e1s influyentes del g\u00e9nero urbano chileno, reconocido por su trabajo con estrellas como Cris MJ, Pailita, Jordan 23, Standly y m\u00e1s. La colaboraci\u00f3n entre Gaby y Balbi se gest\u00f3 en Santiago de Chile, donde ambos coincidieron en estudio, logrando una qu\u00edmica instant\u00e1nea que se tradujo en una canci\u00f3n poderosa y contagiosa. El tema gener\u00f3 un impacto inmediato en redes sociales, superando los 12.000 videos org\u00e1nicos en TikTok, y dejando a los fans entusiasmados por futuras colaboraciones entre ambos artistas.<\/p>\n<p>Adem\u00e1s de su \u00e9xito en el estudio, Gaby tambi\u00e9n ha brillado sobre el escenario. Recientemente fue telonera de Duki y Khea, dos gigantes del trap argentino, en el Sonilum Arena de Santa Cruz, siendo esta la segunda vez que se presenta en dicho recinto. Con un show cargado de energ\u00eda, visuales impactantes y una performance vocal impecable, Gaby dej\u00f3 claro que no es solo una artista de estudio, sino una performer integral con proyecci\u00f3n internacional.<\/p>\n<p>Este 2025 marc\u00f3 tambi\u00e9n el inicio de una nueva etapa para Gaby Ferreyra. Su primera gira internacional, comenz\u00f3 el 6 de junio en el pa\u00eds que ella considera su \u201csegundo hogar\u201d: Estados Unidos. Esta gira represent\u00f3 un viaje emocional y simb\u00f3lico, pues regresa al pa\u00eds donde se form\u00f3 profesionalmente como artista y ser humano. Las presentaciones fueron en la ciudad de Virginia, Arlington y Washington D.C., con todas las fechas completamente sold out.<\/p>\n<p>Pero la parada m\u00e1s estrat\u00e9gica fue en Miami, epicentro global del reggaet\u00f3n, donde Gaby cerr\u00f3 colaboraciones clave con productores y artistas del g\u00e9nero urbano. Aunque a\u00fan se mantienen en reserva los nombres involucrados, fuentes cercanas al equipo de la artista aseguran que ser\u00e1n colaboraciones que marcar\u00e1n un antes y un despu\u00e9s en su carrera. \u201cMiami es el coraz\u00f3n de la industria urbana, so\u00f1aba con este momento, pero no esperaba que suceda tan pronto\u00bb, afirma Gaby.<\/p>\n<p>Adem\u00e1s de Balbi el Chamako, Gaby ha compartido escenario y trabajado con figuras internacionales, como Dominic Fike (en Nueva York), Don Omar, Zion &amp; Lennox, J Rei, Greeicy, Sky Rompiendo y Mike Bah\u00eda, mostrando su versatilidad para moverse entre sonidos diversos y colaborar con artistas de alto calibre sin perder su esencia.<\/p>\n<p>A nivel sonoro, su proyecto musical ha sido destacado por medios especializados, por su originalidad e innovaci\u00f3n, siendo una propuesta que no se conforma con seguir tendencias, sino que busca reinventarse desde una mirada aut\u00e9ntica y femenina. No es casualidad que la revista Rolling Stone la haya reconocido como la cara del pop urbano en Bolivia, un t\u00edtulo que valida su esfuerzo por crear una propuesta art\u00edstica coherente, empoderada y con identidad.<\/p>\n<p>Hoy Gaby Ferreyra representa una nueva generaci\u00f3n de artistas bolivianos que no temen mirar hacia el mundo, sin dejar de honrar sus ra\u00edces. Su historia personal \u2014marcada por el esfuerzo, el duelo, la migraci\u00f3n y la transformaci\u00f3n\u2014 se refleja en sus letras y en su forma de pararse en el escenario. Con cada paso, demuestra que es posible hacer m\u00fasica urbana desde Bolivia, con calidad internacional y un mensaje que trasciende modas.<\/p>\n<p>Con la gira estadounidense, nuevas colaboraciones en camino y una comunidad de fans cada vez m\u00e1s s\u00f3lida, todo indica que lo de Gaby Ferreyra apenas est\u00e1 empezando. \u201cLa nena de Bolivia\u201d est\u00e1 lista para conquistar el mundo y la m\u00fasica urbana, representando a nuestro pa\u00eds en lo m\u00e1s alto.<\/p>\n\r\n                <style type=\"text\/css\">\r\n                    \r\n                    #tdi_1  .td-doubleSlider-2 .td-item1 {\r\n                        background: url(https:\/\/www.eldiario.net\/portal\/wp-content\/uploads\/2025\/07\/3-9-80x60.webp) 0 0 no-repeat;\r\n                    }\r\n                    #tdi_1  .td-doubleSlider-2 .td-item2 {\r\n                        background: url(https:\/\/www.eldiario.net\/portal\/wp-content\/uploads\/2025\/07\/4-9-80x60.webp) 0 0 no-repeat;\r\n                    }\r\n                    #tdi_1  .td-doubleSlider-2 .td-item3 {\r\n                        background: url(https:\/\/www.eldiario.net\/portal\/wp-content\/uploads\/2025\/07\/1-PRINCIPAL-10-80x60.webp) 0 0 no-repeat;\r\n                    }\r\n                    #tdi_1  .td-doubleSlider-2 .td-item4 {\r\n                        background: url(https:\/\/www.eldiario.net\/portal\/wp-content\/uploads\/2025\/07\/2-9-80x60.webp) 0 0 no-repeat;\r\n                    }\r\n                <\/style>\r\n\r\n                <div id=\"tdi_1\" class=\"td-gallery td-slide-on-2-columns\">\r\n                    <div class=\"post_td_gallery\">\r\n                        <div class=\"td-gallery-slide-top\">\r\n                           <div class=\"td-gallery-title\"><\/div>\r\n\r\n                            <div class=\"td-gallery-controls-wrapper\">\r\n                                <div class=\"td-gallery-slide-count\"><span class=\"td-gallery-slide-item-focus\">1<\/span> de 4<\/div>\r\n                                <div class=\"td-gallery-slide-prev-next-but\">\r\n                                    <i class = \"td-icon-left doubleSliderPrevButton\"><\/i>\r\n                                    <i class = \"td-icon-right doubleSliderNextButton\"><\/i>\r\n                                <\/div>\r\n                            <\/div>\r\n                        <\/div>\r\n\r\n                        <div class = \"td-doubleSlider-1 \">\r\n                            <div class = \"td-slider\">\r\n                                \r\n                    <div class = \"td-slide-item td-item1\">\r\n                        <figure class=\"td-slide-galery-figure td-slide-popup-gallery\">\r\n                            <a class=\"slide-gallery-image-link\" href=\"https:\/\/www.eldiario.net\/portal\/wp-content\/uploads\/2025\/07\/3-9.webp\" title=\"3\"  data-caption=\"\"  data-description=\"\">\r\n                                <img decoding=\"async\" src=\"https:\/\/www.eldiario.net\/portal\/wp-content\/uploads\/2025\/07\/3-9-594x420.webp\" srcset=\"https:\/\/www.eldiario.net\/portal\/wp-content\/uploads\/2025\/07\/3-9-594x420.webp 594w, https:\/\/www.eldiario.net\/portal\/wp-content\/uploads\/2025\/07\/3-9-300x212.webp 300w, https:\/\/www.eldiario.net\/portal\/wp-content\/uploads\/2025\/07\/3-9-1024x724.webp 1024w, https:\/\/www.eldiario.net\/portal\/wp-content\/uploads\/2025\/07\/3-9-768x543.webp 768w, https:\/\/www.eldiario.net\/portal\/wp-content\/uploads\/2025\/07\/3-9-150x106.webp 150w, https:\/\/www.eldiario.net\/portal\/wp-content\/uploads\/2025\/07\/3-9-696x492.webp 696w, https:\/\/www.eldiario.net\/portal\/wp-content\/uploads\/2025\/07\/3-9-1068x755.webp 1068w, https:\/\/www.eldiario.net\/portal\/wp-content\/uploads\/2025\/07\/3-9.webp 1200w\" sizes=\"(max-width: 594px) 100vw, 594px\" alt=\"\">\r\n                            <\/a>\r\n                            \r\n                        <\/figure>\r\n                    <\/div>\r\n                    <div class = \"td-slide-item td-item2\">\r\n                        <figure class=\"td-slide-galery-figure td-slide-popup-gallery\">\r\n                            <a class=\"slide-gallery-image-link\" href=\"https:\/\/www.eldiario.net\/portal\/wp-content\/uploads\/2025\/07\/4-9.webp\" title=\"4\"  data-caption=\"\"  data-description=\"\">\r\n                                <img decoding=\"async\" src=\"https:\/\/www.eldiario.net\/portal\/wp-content\/uploads\/2025\/07\/4-9-336x420.webp\" srcset=\"https:\/\/www.eldiario.net\/portal\/wp-content\/uploads\/2025\/07\/4-9-336x420.webp 336w, https:\/\/www.eldiario.net\/portal\/wp-content\/uploads\/2025\/07\/4-9-240x300.webp 240w, https:\/\/www.eldiario.net\/portal\/wp-content\/uploads\/2025\/07\/4-9-819x1024.webp 819w, https:\/\/www.eldiario.net\/portal\/wp-content\/uploads\/2025\/07\/4-9-768x960.webp 768w, https:\/\/www.eldiario.net\/portal\/wp-content\/uploads\/2025\/07\/4-9-150x188.webp 150w, https:\/\/www.eldiario.net\/portal\/wp-content\/uploads\/2025\/07\/4-9-300x375.webp 300w, https:\/\/www.eldiario.net\/portal\/wp-content\/uploads\/2025\/07\/4-9-696x870.webp 696w, https:\/\/www.eldiario.net\/portal\/wp-content\/uploads\/2025\/07\/4-9-1068x1335.webp 1068w, https:\/\/www.eldiario.net\/portal\/wp-content\/uploads\/2025\/07\/4-9.webp 1200w\" sizes=\"(max-width: 336px) 100vw, 336px\" alt=\"\">\r\n                            <\/a>\r\n                            \r\n                        <\/figure>\r\n                    <\/div>\r\n                    <div class = \"td-slide-item td-item3\">\r\n                        <figure class=\"td-slide-galery-figure td-slide-popup-gallery\">\r\n                            <a class=\"slide-gallery-image-link\" href=\"https:\/\/www.eldiario.net\/portal\/wp-content\/uploads\/2025\/07\/1-PRINCIPAL-10.webp\" title=\"1-PRINCIPAL\"  data-caption=\"\"  data-description=\"\">\r\n                                <img decoding=\"async\" src=\"https:\/\/www.eldiario.net\/portal\/wp-content\/uploads\/2025\/07\/1-PRINCIPAL-10-498x420.webp\" srcset=\"https:\/\/www.eldiario.net\/portal\/wp-content\/uploads\/2025\/07\/1-PRINCIPAL-10-498x420.webp 498w, https:\/\/www.eldiario.net\/portal\/wp-content\/uploads\/2025\/07\/1-PRINCIPAL-10-300x253.webp 300w, https:\/\/www.eldiario.net\/portal\/wp-content\/uploads\/2025\/07\/1-PRINCIPAL-10-1024x864.webp 1024w, https:\/\/www.eldiario.net\/portal\/wp-content\/uploads\/2025\/07\/1-PRINCIPAL-10-768x648.webp 768w, https:\/\/www.eldiario.net\/portal\/wp-content\/uploads\/2025\/07\/1-PRINCIPAL-10-150x127.webp 150w, https:\/\/www.eldiario.net\/portal\/wp-content\/uploads\/2025\/07\/1-PRINCIPAL-10-696x588.webp 696w, https:\/\/www.eldiario.net\/portal\/wp-content\/uploads\/2025\/07\/1-PRINCIPAL-10-1068x902.webp 1068w, https:\/\/www.eldiario.net\/portal\/wp-content\/uploads\/2025\/07\/1-PRINCIPAL-10.webp 1200w\" sizes=\"(max-width: 498px) 100vw, 498px\" alt=\"\">\r\n                            <\/a>\r\n                            \r\n                        <\/figure>\r\n                    <\/div>\r\n                    <div class = \"td-slide-item td-item4\">\r\n                        <figure class=\"td-slide-galery-figure td-slide-popup-gallery\">\r\n                            <a class=\"slide-gallery-image-link\" href=\"https:\/\/www.eldiario.net\/portal\/wp-content\/uploads\/2025\/07\/2-9.webp\" title=\"2\"  data-caption=\"\"  data-description=\"\">\r\n                                <img decoding=\"async\" src=\"https:\/\/www.eldiario.net\/portal\/wp-content\/uploads\/2025\/07\/2-9-280x420.webp\" srcset=\"https:\/\/www.eldiario.net\/portal\/wp-content\/uploads\/2025\/07\/2-9-280x420.webp 280w, https:\/\/www.eldiario.net\/portal\/wp-content\/uploads\/2025\/07\/2-9-200x300.webp 200w, https:\/\/www.eldiario.net\/portal\/wp-content\/uploads\/2025\/07\/2-9-683x1024.webp 683w, https:\/\/www.eldiario.net\/portal\/wp-content\/uploads\/2025\/07\/2-9-768x1151.webp 768w, https:\/\/www.eldiario.net\/portal\/wp-content\/uploads\/2025\/07\/2-9-1025x1536.webp 1025w, https:\/\/www.eldiario.net\/portal\/wp-content\/uploads\/2025\/07\/2-9-150x225.webp 150w, https:\/\/www.eldiario.net\/portal\/wp-content\/uploads\/2025\/07\/2-9-300x450.webp 300w, https:\/\/www.eldiario.net\/portal\/wp-content\/uploads\/2025\/07\/2-9-696x1043.webp 696w, https:\/\/www.eldiario.net\/portal\/wp-content\/uploads\/2025\/07\/2-9-1068x1601.webp 1068w, https:\/\/www.eldiario.net\/portal\/wp-content\/uploads\/2025\/07\/2-9.webp 1200w\" sizes=\"(max-width: 280px) 100vw, 280px\" alt=\"\">\r\n                            <\/a>\r\n                            \r\n                        <\/figure>\r\n                    <\/div>\r\n                            <\/div>\r\n                        <\/div>\r\n\r\n                        <div class = \"td-doubleSlider-2\">\r\n                            <div class = \"td-slider\">\r\n                                \r\n                    <div class = \"td-button td-item1\">\r\n                        <div class = \"td-border\"><\/div>\r\n                    <\/div>\r\n                    <div class = \"td-button td-item2\">\r\n                        <div class = \"td-border\"><\/div>\r\n                    <\/div>\r\n                    <div class = \"td-button td-item3\">\r\n                        <div class = \"td-border\"><\/div>\r\n                    <\/div>\r\n                    <div class = \"td-button td-item4\">\r\n                        <div class = \"td-border\"><\/div>\r\n                    <\/div>\r\n                            <\/div>\r\n                        <\/div>\r\n\r\n                    <\/div>\r\n\r\n                <\/div>\r\n                \n","protected":false},"excerpt":{"rendered":"<p>Gaby Ferreyra \u2014tambi\u00e9n conocida art\u00edsticamente como \u201cLa Shorty\u201d y llamada por su fandom \u201cLa nena de Bolivia\u201d\u2014 se ha consolidado como una de las voces m\u00e1s aut\u00e9nticas y prometedoras del g\u00e9nero urbano en el pa\u00eds y el exterior. Con una propuesta art\u00edstica que fusiona ra\u00edces bolivianas, sensibilidad global y una identidad musical profundamente innovadora, Gaby, [&hellip;]<\/p>\n","protected":false},"author":1,"featured_media":318319,"comment_status":"closed","ping_status":"open","sticky":false,"template":"","format":"standard","meta":{"_acf_changed":false,"footnotes":""},"categories":[41],"tags":[],"class_list":["post-318316","post","type-post","status-publish","format-standard","has-post-thumbnail","category-la-guia"],"acf":{"antetitulo":""},"yoast_head":"<!-- This site is optimized with the Yoast SEO plugin v28.4 - https:\/\/yoast.com\/product\/yoast-seo-wordpress\/ -->\n<title>Gaby Ferreyra est\u00e1 lista para conquistar el mundo - El Diario - Bolivia<\/title>\n<meta name=\"robots\" content=\"index, follow, max-snippet:-1, max-image-preview:large, max-video-preview:-1\" \/>\n<link rel=\"canonical\" href=\"https:\/\/www.eldiario.net\/portal\/2025\/07\/21\/gaby-ferreyra-esta-lista-para-conquistar-el-mundo\/\" \/>\n<meta property=\"og:locale\" content=\"es_ES\" \/>\n<meta property=\"og:type\" content=\"article\" \/>\n<meta property=\"og:title\" content=\"Gaby Ferreyra est\u00e1 lista para conquistar el mundo - El Diario - Bolivia\" \/>\n<meta property=\"og:description\" content=\"Gaby Ferreyra \u2014tambi\u00e9n conocida art\u00edsticamente como \u201cLa Shorty\u201d y llamada por su fandom \u201cLa nena de Bolivia\u201d\u2014 se ha consolidado como una de las voces m\u00e1s aut\u00e9nticas y prometedoras del g\u00e9nero urbano en el pa\u00eds y el exterior. Con una propuesta art\u00edstica que fusiona ra\u00edces bolivianas, sensibilidad global y una identidad musical profundamente innovadora, Gaby, [&hellip;]\" \/>\n<meta property=\"og:url\" content=\"https:\/\/www.eldiario.net\/portal\/2025\/07\/21\/gaby-ferreyra-esta-lista-para-conquistar-el-mundo\/\" \/>\n<meta property=\"og:site_name\" content=\"El Diario - Bolivia\" \/>\n<meta property=\"article:publisher\" content=\"https:\/\/www.facebook.com\/eldiario.bolivia\/\" \/>\n<meta property=\"article:published_time\" content=\"2025-07-21T10:52:53+00:00\" \/>\n<meta property=\"og:image\" content=\"https:\/\/www.eldiario.net\/portal\/wp-content\/uploads\/2025\/07\/1-PRINCIPAL-10.webp\" \/>\n\t<meta property=\"og:image:width\" content=\"1200\" \/>\n\t<meta property=\"og:image:height\" content=\"1013\" \/>\n\t<meta property=\"og:image:type\" content=\"image\/webp\" \/>\n<meta name=\"author\" content=\"Jeanette\" \/>\n<meta name=\"twitter:card\" content=\"summary_large_image\" \/>\n<meta name=\"twitter:creator\" content=\"@eldiario_net\" \/>\n<meta name=\"twitter:site\" content=\"@eldiario_net\" \/>\n<meta name=\"twitter:label1\" content=\"Escrito por\" \/>\n\t<meta name=\"twitter:data1\" content=\"Jeanette\" \/>\n\t<meta name=\"twitter:label2\" content=\"Tiempo de lectura\" \/>\n\t<meta name=\"twitter:data2\" content=\"4 minutos\" \/>\n<script type=\"application\/ld+json\" class=\"yoast-schema-graph\">{\"@context\":\"https:\\\/\\\/schema.org\",\"@graph\":[{\"@type\":\"Article\",\"@id\":\"https:\\\/\\\/www.eldiario.net\\\/portal\\\/2025\\\/07\\\/21\\\/gaby-ferreyra-esta-lista-para-conquistar-el-mundo\\\/#article\",\"isPartOf\":{\"@id\":\"https:\\\/\\\/www.eldiario.net\\\/portal\\\/2025\\\/07\\\/21\\\/gaby-ferreyra-esta-lista-para-conquistar-el-mundo\\\/\"},\"author\":{\"name\":\"Jeanette\",\"@id\":\"https:\\\/\\\/www.eldiario.net\\\/portal\\\/#\\\/schema\\\/person\\\/2c57cf2b7a7ae032e449e4c9b1019eac\"},\"headline\":\"Gaby Ferreyra est\u00e1 lista para conquistar el mundo\",\"datePublished\":\"2025-07-21T10:52:53+00:00\",\"mainEntityOfPage\":{\"@id\":\"https:\\\/\\\/www.eldiario.net\\\/portal\\\/2025\\\/07\\\/21\\\/gaby-ferreyra-esta-lista-para-conquistar-el-mundo\\\/\"},\"wordCount\":857,\"publisher\":{\"@id\":\"https:\\\/\\\/www.eldiario.net\\\/portal\\\/#organization\"},\"image\":{\"@id\":\"https:\\\/\\\/www.eldiario.net\\\/portal\\\/2025\\\/07\\\/21\\\/gaby-ferreyra-esta-lista-para-conquistar-el-mundo\\\/#primaryimage\"},\"thumbnailUrl\":\"https:\\\/\\\/www.eldiario.net\\\/portal\\\/wp-content\\\/uploads\\\/2025\\\/07\\\/1-PRINCIPAL-10.webp\",\"articleSection\":[\"La Gu\u00eda\"],\"inLanguage\":\"es\"},{\"@type\":\"WebPage\",\"@id\":\"https:\\\/\\\/www.eldiario.net\\\/portal\\\/2025\\\/07\\\/21\\\/gaby-ferreyra-esta-lista-para-conquistar-el-mundo\\\/\",\"url\":\"https:\\\/\\\/www.eldiario.net\\\/portal\\\/2025\\\/07\\\/21\\\/gaby-ferreyra-esta-lista-para-conquistar-el-mundo\\\/\",\"name\":\"Gaby Ferreyra est\u00e1 lista para conquistar el mundo - El Diario - Bolivia\",\"isPartOf\":{\"@id\":\"https:\\\/\\\/www.eldiario.net\\\/portal\\\/#website\"},\"primaryImageOfPage\":{\"@id\":\"https:\\\/\\\/www.eldiario.net\\\/portal\\\/2025\\\/07\\\/21\\\/gaby-ferreyra-esta-lista-para-conquistar-el-mundo\\\/#primaryimage\"},\"image\":{\"@id\":\"https:\\\/\\\/www.eldiario.net\\\/portal\\\/2025\\\/07\\\/21\\\/gaby-ferreyra-esta-lista-para-conquistar-el-mundo\\\/#primaryimage\"},\"thumbnailUrl\":\"https:\\\/\\\/www.eldiario.net\\\/portal\\\/wp-content\\\/uploads\\\/2025\\\/07\\\/1-PRINCIPAL-10.webp\",\"datePublished\":\"2025-07-21T10:52:53+00:00\",\"breadcrumb\":{\"@id\":\"https:\\\/\\\/www.eldiario.net\\\/portal\\\/2025\\\/07\\\/21\\\/gaby-ferreyra-esta-lista-para-conquistar-el-mundo\\\/#breadcrumb\"},\"inLanguage\":\"es\",\"potentialAction\":[{\"@type\":\"ReadAction\",\"target\":[\"https:\\\/\\\/www.eldiario.net\\\/portal\\\/2025\\\/07\\\/21\\\/gaby-ferreyra-esta-lista-para-conquistar-el-mundo\\\/\"]}]},{\"@type\":\"ImageObject\",\"inLanguage\":\"es\",\"@id\":\"https:\\\/\\\/www.eldiario.net\\\/portal\\\/2025\\\/07\\\/21\\\/gaby-ferreyra-esta-lista-para-conquistar-el-mundo\\\/#primaryimage\",\"url\":\"https:\\\/\\\/www.eldiario.net\\\/portal\\\/wp-content\\\/uploads\\\/2025\\\/07\\\/1-PRINCIPAL-10.webp\",\"contentUrl\":\"https:\\\/\\\/www.eldiario.net\\\/portal\\\/wp-content\\\/uploads\\\/2025\\\/07\\\/1-PRINCIPAL-10.webp\",\"width\":1200,\"height\":1013},{\"@type\":\"BreadcrumbList\",\"@id\":\"https:\\\/\\\/www.eldiario.net\\\/portal\\\/2025\\\/07\\\/21\\\/gaby-ferreyra-esta-lista-para-conquistar-el-mundo\\\/#breadcrumb\",\"itemListElement\":[{\"@type\":\"ListItem\",\"position\":1,\"name\":\"Portada\",\"item\":\"https:\\\/\\\/www.eldiario.net\\\/portal\\\/\"},{\"@type\":\"ListItem\",\"position\":2,\"name\":\"Gaby Ferreyra est\u00e1 lista para conquistar el mundo\"}]},{\"@type\":\"WebSite\",\"@id\":\"https:\\\/\\\/www.eldiario.net\\\/portal\\\/#website\",\"url\":\"https:\\\/\\\/www.eldiario.net\\\/portal\\\/\",\"name\":\"El Diario - Decano de la prensa nacional\",\"description\":\"El Diario - Decano de la prensa nacional\",\"publisher\":{\"@id\":\"https:\\\/\\\/www.eldiario.net\\\/portal\\\/#organization\"},\"potentialAction\":[{\"@type\":\"SearchAction\",\"target\":{\"@type\":\"EntryPoint\",\"urlTemplate\":\"https:\\\/\\\/www.eldiario.net\\\/portal\\\/?s={search_term_string}\"},\"query-input\":{\"@type\":\"PropertyValueSpecification\",\"valueRequired\":true,\"valueName\":\"search_term_string\"}}],\"inLanguage\":\"es\"},{\"@type\":\"Organization\",\"@id\":\"https:\\\/\\\/www.eldiario.net\\\/portal\\\/#organization\",\"name\":\"El Diario - Decano de la prensa nacional\",\"url\":\"https:\\\/\\\/www.eldiario.net\\\/portal\\\/\",\"logo\":{\"@type\":\"ImageObject\",\"inLanguage\":\"es\",\"@id\":\"https:\\\/\\\/www.eldiario.net\\\/portal\\\/#\\\/schema\\\/logo\\\/image\\\/\",\"url\":\"https:\\\/\\\/www.eldiario.net\\\/portal\\\/wp-content\\\/uploads\\\/2023\\\/07\\\/logo_ED.jpg\",\"contentUrl\":\"https:\\\/\\\/www.eldiario.net\\\/portal\\\/wp-content\\\/uploads\\\/2023\\\/07\\\/logo_ED.jpg\",\"width\":272,\"height\":52,\"caption\":\"El Diario - Decano de la prensa nacional\"},\"image\":{\"@id\":\"https:\\\/\\\/www.eldiario.net\\\/portal\\\/#\\\/schema\\\/logo\\\/image\\\/\"},\"sameAs\":[\"https:\\\/\\\/www.facebook.com\\\/eldiario.bolivia\\\/\",\"https:\\\/\\\/x.com\\\/eldiario_net\"]},{\"@type\":\"Person\",\"@id\":\"https:\\\/\\\/www.eldiario.net\\\/portal\\\/#\\\/schema\\\/person\\\/2c57cf2b7a7ae032e449e4c9b1019eac\",\"name\":\"Jeanette\",\"image\":{\"@type\":\"ImageObject\",\"inLanguage\":\"es\",\"@id\":\"https:\\\/\\\/secure.gravatar.com\\\/avatar\\\/3ea2118a5f7dad2b7138b1187a6b7ee55f160b9968b66013c3a3ef39dd7e5798?s=96&d=mm&r=g\",\"url\":\"https:\\\/\\\/secure.gravatar.com\\\/avatar\\\/3ea2118a5f7dad2b7138b1187a6b7ee55f160b9968b66013c3a3ef39dd7e5798?s=96&d=mm&r=g\",\"contentUrl\":\"https:\\\/\\\/secure.gravatar.com\\\/avatar\\\/3ea2118a5f7dad2b7138b1187a6b7ee55f160b9968b66013c3a3ef39dd7e5798?s=96&d=mm&r=g\",\"caption\":\"Jeanette\"},\"sameAs\":[\"https:\\\/\\\/www.eldiario.net\\\/portal\"],\"url\":\"https:\\\/\\\/www.eldiario.net\\\/portal\\\/author\\\/jeanette\\\/\"}]}<\/script>\n<!-- \/ Yoast SEO plugin. -->","yoast_head_json":{"title":"Gaby Ferreyra est\u00e1 lista para conquistar el mundo - El Diario - Bolivia","robots":{"index":"index","follow":"follow","max-snippet":"max-snippet:-1","max-image-preview":"max-image-preview:large","max-video-preview":"max-video-preview:-1"},"canonical":"https:\/\/www.eldiario.net\/portal\/2025\/07\/21\/gaby-ferreyra-esta-lista-para-conquistar-el-mundo\/","og_locale":"es_ES","og_type":"article","og_title":"Gaby Ferreyra est\u00e1 lista para conquistar el mundo - El Diario - Bolivia","og_description":"Gaby Ferreyra \u2014tambi\u00e9n conocida art\u00edsticamente como \u201cLa Shorty\u201d y llamada por su fandom \u201cLa nena de Bolivia\u201d\u2014 se ha consolidado como una de las voces m\u00e1s aut\u00e9nticas y prometedoras del g\u00e9nero urbano en el pa\u00eds y el exterior. Con una propuesta art\u00edstica que fusiona ra\u00edces bolivianas, sensibilidad global y una identidad musical profundamente innovadora, Gaby, [&hellip;]","og_url":"https:\/\/www.eldiario.net\/portal\/2025\/07\/21\/gaby-ferreyra-esta-lista-para-conquistar-el-mundo\/","og_site_name":"El Diario - Bolivia","article_publisher":"https:\/\/www.facebook.com\/eldiario.bolivia\/","article_published_time":"2025-07-21T10:52:53+00:00","og_image":[{"width":1200,"height":1013,"url":"https:\/\/www.eldiario.net\/portal\/wp-content\/uploads\/2025\/07\/1-PRINCIPAL-10.webp","type":"image\/webp"}],"author":"Jeanette","twitter_card":"summary_large_image","twitter_creator":"@eldiario_net","twitter_site":"@eldiario_net","twitter_misc":{"Escrito por":"Jeanette","Tiempo de lectura":"4 minutos"},"schema":{"@context":"https:\/\/schema.org","@graph":[{"@type":"Article","@id":"https:\/\/www.eldiario.net\/portal\/2025\/07\/21\/gaby-ferreyra-esta-lista-para-conquistar-el-mundo\/#article","isPartOf":{"@id":"https:\/\/www.eldiario.net\/portal\/2025\/07\/21\/gaby-ferreyra-esta-lista-para-conquistar-el-mundo\/"},"author":{"name":"Jeanette","@id":"https:\/\/www.eldiario.net\/portal\/#\/schema\/person\/2c57cf2b7a7ae032e449e4c9b1019eac"},"headline":"Gaby Ferreyra est\u00e1 lista para conquistar el mundo","datePublished":"2025-07-21T10:52:53+00:00","mainEntityOfPage":{"@id":"https:\/\/www.eldiario.net\/portal\/2025\/07\/21\/gaby-ferreyra-esta-lista-para-conquistar-el-mundo\/"},"wordCount":857,"publisher":{"@id":"https:\/\/www.eldiario.net\/portal\/#organization"},"image":{"@id":"https:\/\/www.eldiario.net\/portal\/2025\/07\/21\/gaby-ferreyra-esta-lista-para-conquistar-el-mundo\/#primaryimage"},"thumbnailUrl":"https:\/\/www.eldiario.net\/portal\/wp-content\/uploads\/2025\/07\/1-PRINCIPAL-10.webp","articleSection":["La Gu\u00eda"],"inLanguage":"es"},{"@type":"WebPage","@id":"https:\/\/www.eldiario.net\/portal\/2025\/07\/21\/gaby-ferreyra-esta-lista-para-conquistar-el-mundo\/","url":"https:\/\/www.eldiario.net\/portal\/2025\/07\/21\/gaby-ferreyra-esta-lista-para-conquistar-el-mundo\/","name":"Gaby Ferreyra est\u00e1 lista para conquistar el mundo - El Diario - Bolivia","isPartOf":{"@id":"https:\/\/www.eldiario.net\/portal\/#website"},"primaryImageOfPage":{"@id":"https:\/\/www.eldiario.net\/portal\/2025\/07\/21\/gaby-ferreyra-esta-lista-para-conquistar-el-mundo\/#primaryimage"},"image":{"@id":"https:\/\/www.eldiario.net\/portal\/2025\/07\/21\/gaby-ferreyra-esta-lista-para-conquistar-el-mundo\/#primaryimage"},"thumbnailUrl":"https:\/\/www.eldiario.net\/portal\/wp-content\/uploads\/2025\/07\/1-PRINCIPAL-10.webp","datePublished":"2025-07-21T10:52:53+00:00","breadcrumb":{"@id":"https:\/\/www.eldiario.net\/portal\/2025\/07\/21\/gaby-ferreyra-esta-lista-para-conquistar-el-mundo\/#breadcrumb"},"inLanguage":"es","potentialAction":[{"@type":"ReadAction","target":["https:\/\/www.eldiario.net\/portal\/2025\/07\/21\/gaby-ferreyra-esta-lista-para-conquistar-el-mundo\/"]}]},{"@type":"ImageObject","inLanguage":"es","@id":"https:\/\/www.eldiario.net\/portal\/2025\/07\/21\/gaby-ferreyra-esta-lista-para-conquistar-el-mundo\/#primaryimage","url":"https:\/\/www.eldiario.net\/portal\/wp-content\/uploads\/2025\/07\/1-PRINCIPAL-10.webp","contentUrl":"https:\/\/www.eldiario.net\/portal\/wp-content\/uploads\/2025\/07\/1-PRINCIPAL-10.webp","width":1200,"height":1013},{"@type":"BreadcrumbList","@id":"https:\/\/www.eldiario.net\/portal\/2025\/07\/21\/gaby-ferreyra-esta-lista-para-conquistar-el-mundo\/#breadcrumb","itemListElement":[{"@type":"ListItem","position":1,"name":"Portada","item":"https:\/\/www.eldiario.net\/portal\/"},{"@type":"ListItem","position":2,"name":"Gaby Ferreyra est\u00e1 lista para conquistar el mundo"}]},{"@type":"WebSite","@id":"https:\/\/www.eldiario.net\/portal\/#website","url":"https:\/\/www.eldiario.net\/portal\/","name":"El Diario - Decano de la prensa nacional","description":"El Diario - Decano de la prensa nacional","publisher":{"@id":"https:\/\/www.eldiario.net\/portal\/#organization"},"potentialAction":[{"@type":"SearchAction","target":{"@type":"EntryPoint","urlTemplate":"https:\/\/www.eldiario.net\/portal\/?s={search_term_string}"},"query-input":{"@type":"PropertyValueSpecification","valueRequired":true,"valueName":"search_term_string"}}],"inLanguage":"es"},{"@type":"Organization","@id":"https:\/\/www.eldiario.net\/portal\/#organization","name":"El Diario - Decano de la prensa nacional","url":"https:\/\/www.eldiario.net\/portal\/","logo":{"@type":"ImageObject","inLanguage":"es","@id":"https:\/\/www.eldiario.net\/portal\/#\/schema\/logo\/image\/","url":"https:\/\/www.eldiario.net\/portal\/wp-content\/uploads\/2023\/07\/logo_ED.jpg","contentUrl":"https:\/\/www.eldiario.net\/portal\/wp-content\/uploads\/2023\/07\/logo_ED.jpg","width":272,"height":52,"caption":"El Diario - Decano de la prensa nacional"},"image":{"@id":"https:\/\/www.eldiario.net\/portal\/#\/schema\/logo\/image\/"},"sameAs":["https:\/\/www.facebook.com\/eldiario.bolivia\/","https:\/\/x.com\/eldiario_net"]},{"@type":"Person","@id":"https:\/\/www.eldiario.net\/portal\/#\/schema\/person\/2c57cf2b7a7ae032e449e4c9b1019eac","name":"Jeanette","image":{"@type":"ImageObject","inLanguage":"es","@id":"https:\/\/secure.gravatar.com\/avatar\/3ea2118a5f7dad2b7138b1187a6b7ee55f160b9968b66013c3a3ef39dd7e5798?s=96&d=mm&r=g","url":"https:\/\/secure.gravatar.com\/avatar\/3ea2118a5f7dad2b7138b1187a6b7ee55f160b9968b66013c3a3ef39dd7e5798?s=96&d=mm&r=g","contentUrl":"https:\/\/secure.gravatar.com\/avatar\/3ea2118a5f7dad2b7138b1187a6b7ee55f160b9968b66013c3a3ef39dd7e5798?s=96&d=mm&r=g","caption":"Jeanette"},"sameAs":["https:\/\/www.eldiario.net\/portal"],"url":"https:\/\/www.eldiario.net\/portal\/author\/jeanette\/"}]}},"_links":{"self":[{"href":"https:\/\/www.eldiario.net\/portal\/wp-json\/wp\/v2\/posts\/318316","targetHints":{"allow":["GET"]}}],"collection":[{"href":"https:\/\/www.eldiario.net\/portal\/wp-json\/wp\/v2\/posts"}],"about":[{"href":"https:\/\/www.eldiario.net\/portal\/wp-json\/wp\/v2\/types\/post"}],"author":[{"embeddable":true,"href":"https:\/\/www.eldiario.net\/portal\/wp-json\/wp\/v2\/users\/1"}],"replies":[{"embeddable":true,"href":"https:\/\/www.eldiario.net\/portal\/wp-json\/wp\/v2\/comments?post=318316"}],"version-history":[{"count":1,"href":"https:\/\/www.eldiario.net\/portal\/wp-json\/wp\/v2\/posts\/318316\/revisions"}],"predecessor-version":[{"id":318321,"href":"https:\/\/www.eldiario.net\/portal\/wp-json\/wp\/v2\/posts\/318316\/revisions\/318321"}],"wp:featuredmedia":[{"embeddable":true,"href":"https:\/\/www.eldiario.net\/portal\/wp-json\/wp\/v2\/media\/318319"}],"wp:attachment":[{"href":"https:\/\/www.eldiario.net\/portal\/wp-json\/wp\/v2\/media?parent=318316"}],"wp:term":[{"taxonomy":"category","embeddable":true,"href":"https:\/\/www.eldiario.net\/portal\/wp-json\/wp\/v2\/categories?post=318316"},{"taxonomy":"post_tag","embeddable":true,"href":"https:\/\/www.eldiario.net\/portal\/wp-json\/wp\/v2\/tags?post=318316"}],"curies":[{"name":"wp","href":"https:\/\/api.w.org\/{rel}","templated":true}]}}