{"id":318097,"date":"2025-07-20T07:27:14","date_gmt":"2025-07-20T11:27:14","guid":{"rendered":"https:\/\/www.eldiario.net\/portal\/?p=318097"},"modified":"2025-07-20T07:27:14","modified_gmt":"2025-07-20T11:27:14","slug":"cantidad-de-adultos-que-usan-cuentas-para-ahorrar-crece-al-ritmo-mas-rapido-en-una-decada","status":"publish","type":"post","link":"https:\/\/www.eldiario.net\/portal\/2025\/07\/20\/cantidad-de-adultos-que-usan-cuentas-para-ahorrar-crece-al-ritmo-mas-rapido-en-una-decada\/","title":{"rendered":"Cantidad de adultos que usan cuentas para  ahorrar crece al ritmo m\u00e1s r\u00e1pido en una d\u00e9cada"},"content":{"rendered":"<p>M\u00e1s adultos que nunca tienen hoy cuentas bancarias u otras cuentas financieras en los pa\u00edses de ingreso bajo y mediano, lo que provoca un incremento del ahorro formal, seg\u00fan el informe Global Findex 2025 del Grupo Banco Mundial. Este impulso de la inclusi\u00f3n financiera est\u00e1 creando nuevas oportunidades econ\u00f3micas. La tecnolog\u00eda de los tel\u00e9fonos m\u00f3viles desempe\u00f1\u00f3 un papel clave en este crecimiento: el 10% de los adultos de las econom\u00edas en desarrollo utiliz\u00f3 una cuenta de dinero m\u00f3vil para ahorrar, esto significa un incremento de 5\u202fpuntos porcentuales en comparaci\u00f3n con 2021.<br \/>\nEn 2024, el 40% de los adultos de las econom\u00edas en desarrollo ahorr\u00f3 en una cuenta financiera, lo que representa un crecimiento de 16\u202fpuntos porcentuales desde 2021\u202fy el amento m\u00e1s r\u00e1pido en m\u00e1s de una d\u00e9cada. Los mayores ahorros personales \u2014a trav\u00e9s de bancos u otras instituciones formales\u2014 impulsan los sistemas financieros nacionales y permiten disponer de m\u00e1s fondos para la inversi\u00f3n, la innovaci\u00f3n y el crecimiento econ\u00f3mico. En \u00c1frica subsahariana, el ahorro formal aument\u00f3 12\u202fpuntos porcentuales, hasta representar el 35% de los adultos.<br \/>\n\u201cLa inclusi\u00f3n financiera tiene el potencial de mejorar vidas y transformar econom\u00edas enteras\u201d, sostuvo el presidente del Grupo Banco Mundial, Ajay Banga.<br \/>\n\u201cLas finanzas digitales pueden convertir este potencial en realidad, pero se necesitan varios elementos. En el Grupo Banco Mundial, estamos trabajando en todos ellos. Estamos ayudando a los pa\u00edses a que den acceso a la poblaci\u00f3n a documentos de identidad digitales nuevos o mejorados. Estamos creando programas de protecci\u00f3n social con sistemas digitales de transferencias monetarias que entregan los recursos directamente a las personas que los necesitan\u201d, explic\u00f3 el representante del Grupo Banco Mundial.<br \/>\n\u201cEstamos modernizando los sistemas de pagos y ayudando a eliminar los obst\u00e1culos regulatorios, de modo que las personas y las empresas cuenten con el financiamiento que requieren para innovar y crear empleos\u201d, acot\u00f3.<\/p>\n<p>Findex<br \/>\nBill Gates, presidente de la Fundaci\u00f3n Gates, una de las organizaciones que apoya la base de datos Global Findex, afirm\u00f3: \u201cM\u00e1s personas que nunca cuentan con las herramientas financieras para invertir en su futuro y generar resiliencia econ\u00f3mica, incluidas las mujeres y otros grupos que han quedado rezagados anteriormente. Esto representa un progreso real. El argumento para invertir en sistemas financieros inclusivos, infraestructura p\u00fablica digital y conectividad es claro: se trata de una v\u00eda comprobada para crear oportunidades para todos\u201d.<br \/>\nGlobal Findex es la fuente fundamental de datos sobre el acceso mundial a los servicios financieros, que abarcan desde los pagos hasta el ahorro y los pr\u00e9stamos. En el informe se pone de relieve un hito importante en materia de inclusi\u00f3n financiera: casi el 80% de los adultos de todo el mundo tiene ahora una cuenta financiera, en comparaci\u00f3n con el 50% en 2011. Sin embargo, a\u00fan hay 1300\u202fmillones de adultos que no tienen acceso a servicios financieros. Los tel\u00e9fonos m\u00f3viles podr\u00edan ayudar a cerrar esta brecha: alrededor de 900\u202fmillones de personas adultas sin cuentas financieras tienen un tel\u00e9fono m\u00f3vil, incluidos 530\u202fmillones que poseen tel\u00e9fonos inteligentes.<br \/>\nLa inversi\u00f3n en sistemas que faciliten las transferencias monetarias instant\u00e1neas \u2014como UPI en India o PIX en Brasil\u2014 podr\u00eda ayudar a ampliar el uso de los servicios financieros. Adem\u00e1s, podr\u00edan reforzarse los esfuerzos y marcos de protecci\u00f3n de los consumidores para que los tel\u00e9fonos y las cuentas sean m\u00e1s seguros.<br \/>\nLos datos de Global Findex tambi\u00e9n indican que los servicios financieros digitales est\u00e1n ayudando a reducir la brecha de g\u00e9nero en la titularidad de cuentas: a nivel mundial, el 77% de las mujeres tienen cuentas en comparaci\u00f3n con el 81% de los hombres. En los pa\u00edses de ingreso bajo y mediano, la titularidad de cuentas entre las mujeres casi se duplic\u00f3, del 37% en 2011\u202fal 73% en 2024.<br \/>\nPor primera vez, el informe incluye datos sobre la propiedad personal de un tel\u00e9fono m\u00f3vil y el uso de internet. En el mundo, el 86% de los adultos posee un tel\u00e9fono m\u00f3vil, incluido el 68% de los adultos due\u00f1os de un tel\u00e9fono inteligente, seg\u00fan el Digital Connectivity Tracker (Rastreador de la conectividad digital 2025) de Global Findex.<br \/>\nNo obstante, el mayor uso de los tel\u00e9fonos m\u00f3viles para realizar transacciones digitales conlleva nuevos riesgos. En las econom\u00edas de ingreso bajo y mediano, de los 4000\u202fmillones de adultos que poseen un tel\u00e9fono m\u00f3vil, solo alrededor de la mitad utiliza una contrase\u00f1a para proteger su dispositivo.<br \/>\nEn todos los pa\u00edses en desarrollo, cada vez son m\u00e1s los adultos que utilizan tel\u00e9fonos m\u00f3viles o tarjetas para pagar a los comerciantes. En 2024, el 42% de los adultos de los pa\u00edses de ingreso bajo y mediano efectu\u00f3 un pago digital en una tienda o en l\u00ednea, frente al 35% en 2021. El 75% de los adultos que reciben pagos del Gobierno \u2014y la mitad de los asalariados\u2014 reciben su dinero en una cuenta, una pr\u00e1ctica que ayuda a reducir los robos y garantizar que el dinero llegue a la persona adecuada.<\/p>\n<p>Aspectos regionales<br \/>\ndestacados<br \/>\nAsia oriental y el Pac\u00edfico: La regi\u00f3n es l\u00edder en el mundo en materia de conectividad digital y uso de servicios financieros: el 86% de los adultos tiene un tel\u00e9fono inteligente y el 83% posee una cuenta financiera.<br \/>\nEuropa y Asia central: La regi\u00f3n registra las tasas m\u00e1s altas de uso de internet y participaci\u00f3n en las redes sociales entre las econom\u00edas en desarrollo. Las tasas de propiedad de tel\u00e9fonos m\u00f3viles superan el 94%.<br \/>\nAm\u00e9rica Latina y el Caribe: Alrededor del 70% de los adultos tiene una cuenta, y m\u00e1s de la mitad la utiliza digitalmente a trav\u00e9s de una tarjeta o un tel\u00e9fono.<br \/>\nOriente Medio y Norte de \u00c1frica: La titularidad de cuentas aument\u00f3 del 45% en 2021\u202fal 53%. En 2024, el 17% de los adultos ahorr\u00f3 formalmente, en comparaci\u00f3n con el 11% en 2021.<br \/>\nAsia meridional: Casi el 80% de los adultos posee una cuenta, aunque la alta tasa est\u00e1 impulsada por India, donde el 90% de los hombres y las mujeres tiene una cuenta y el 65% posee un tel\u00e9fono m\u00f3vil.<br \/>\n\u00c1frica subsahariana: La titularidad de cuentas entre los adultos aument\u00f3 al 58%, en comparaci\u00f3n con el 49% en 2021. El nivel de uso de cuentas de dinero m\u00f3vil es el m\u00e1s elevado del mundo.<\/p>\n","protected":false},"excerpt":{"rendered":"<p>M\u00e1s adultos que nunca tienen hoy cuentas bancarias u otras cuentas financieras en los pa\u00edses de ingreso bajo y mediano, lo que provoca un incremento del ahorro formal, seg\u00fan el informe Global Findex 2025 del Grupo Banco Mundial. Este impulso de la inclusi\u00f3n financiera est\u00e1 creando nuevas oportunidades econ\u00f3micas. La tecnolog\u00eda de los tel\u00e9fonos m\u00f3viles [&hellip;]<\/p>\n","protected":false},"author":2,"featured_media":318098,"comment_status":"closed","ping_status":"open","sticky":false,"template":"","format":"standard","meta":{"_acf_changed":false,"footnotes":""},"categories":[7],"tags":[],"class_list":["post-318097","post","type-post","status-publish","format-standard","has-post-thumbnail","category-economia"],"acf":{"antetitulo":"Banco Mundial"},"yoast_head":"<!-- This site is optimized with the Yoast SEO plugin v28.4 - https:\/\/yoast.com\/product\/yoast-seo-wordpress\/ -->\n<title>Cantidad de adultos que usan cuentas para ahorrar crece al ritmo m\u00e1s r\u00e1pido en una d\u00e9cada - El Diario - Bolivia<\/title>\n<meta name=\"robots\" content=\"index, follow, max-snippet:-1, max-image-preview:large, max-video-preview:-1\" \/>\n<link rel=\"canonical\" href=\"https:\/\/www.eldiario.net\/portal\/2025\/07\/20\/cantidad-de-adultos-que-usan-cuentas-para-ahorrar-crece-al-ritmo-mas-rapido-en-una-decada\/\" \/>\n<meta property=\"og:locale\" content=\"es_ES\" \/>\n<meta property=\"og:type\" content=\"article\" \/>\n<meta property=\"og:title\" content=\"Cantidad de adultos que usan cuentas para ahorrar crece al ritmo m\u00e1s r\u00e1pido en una d\u00e9cada - El Diario - Bolivia\" \/>\n<meta property=\"og:description\" content=\"M\u00e1s adultos que nunca tienen hoy cuentas bancarias u otras cuentas financieras en los pa\u00edses de ingreso bajo y mediano, lo que provoca un incremento del ahorro formal, seg\u00fan el informe Global Findex 2025 del Grupo Banco Mundial. Este impulso de la inclusi\u00f3n financiera est\u00e1 creando nuevas oportunidades econ\u00f3micas. La tecnolog\u00eda de los tel\u00e9fonos m\u00f3viles [&hellip;]\" \/>\n<meta property=\"og:url\" content=\"https:\/\/www.eldiario.net\/portal\/2025\/07\/20\/cantidad-de-adultos-que-usan-cuentas-para-ahorrar-crece-al-ritmo-mas-rapido-en-una-decada\/\" \/>\n<meta property=\"og:site_name\" content=\"El Diario - Bolivia\" \/>\n<meta property=\"article:publisher\" content=\"https:\/\/www.facebook.com\/eldiario.bolivia\/\" \/>\n<meta property=\"article:published_time\" content=\"2025-07-20T11:27:14+00:00\" \/>\n<meta property=\"og:image\" content=\"https:\/\/www.eldiario.net\/portal\/wp-content\/uploads\/2025\/07\/adulto.webp\" \/>\n\t<meta property=\"og:image:width\" content=\"400\" \/>\n\t<meta property=\"og:image:height\" content=\"266\" \/>\n\t<meta property=\"og:image:type\" content=\"image\/webp\" \/>\n<meta name=\"author\" content=\"luis Camacho\" \/>\n<meta name=\"twitter:card\" content=\"summary_large_image\" \/>\n<meta name=\"twitter:creator\" content=\"@eldiario_net\" \/>\n<meta name=\"twitter:site\" content=\"@eldiario_net\" \/>\n<meta name=\"twitter:label1\" content=\"Escrito por\" \/>\n\t<meta name=\"twitter:data1\" content=\"luis Camacho\" \/>\n\t<meta name=\"twitter:label2\" content=\"Tiempo de lectura\" \/>\n\t<meta name=\"twitter:data2\" content=\"5 minutos\" \/>\n<script type=\"application\/ld+json\" class=\"yoast-schema-graph\">{\"@context\":\"https:\\\/\\\/schema.org\",\"@graph\":[{\"@type\":\"Article\",\"@id\":\"https:\\\/\\\/www.eldiario.net\\\/portal\\\/2025\\\/07\\\/20\\\/cantidad-de-adultos-que-usan-cuentas-para-ahorrar-crece-al-ritmo-mas-rapido-en-una-decada\\\/#article\",\"isPartOf\":{\"@id\":\"https:\\\/\\\/www.eldiario.net\\\/portal\\\/2025\\\/07\\\/20\\\/cantidad-de-adultos-que-usan-cuentas-para-ahorrar-crece-al-ritmo-mas-rapido-en-una-decada\\\/\"},\"author\":{\"name\":\"luis Camacho\",\"@id\":\"https:\\\/\\\/www.eldiario.net\\\/portal\\\/#\\\/schema\\\/person\\\/cab1ae4db27e5f008a62cbffb05fbfee\"},\"headline\":\"Cantidad de adultos que usan cuentas para ahorrar crece al ritmo m\u00e1s r\u00e1pido en una d\u00e9cada\",\"datePublished\":\"2025-07-20T11:27:14+00:00\",\"mainEntityOfPage\":{\"@id\":\"https:\\\/\\\/www.eldiario.net\\\/portal\\\/2025\\\/07\\\/20\\\/cantidad-de-adultos-que-usan-cuentas-para-ahorrar-crece-al-ritmo-mas-rapido-en-una-decada\\\/\"},\"wordCount\":1092,\"publisher\":{\"@id\":\"https:\\\/\\\/www.eldiario.net\\\/portal\\\/#organization\"},\"image\":{\"@id\":\"https:\\\/\\\/www.eldiario.net\\\/portal\\\/2025\\\/07\\\/20\\\/cantidad-de-adultos-que-usan-cuentas-para-ahorrar-crece-al-ritmo-mas-rapido-en-una-decada\\\/#primaryimage\"},\"thumbnailUrl\":\"https:\\\/\\\/www.eldiario.net\\\/portal\\\/wp-content\\\/uploads\\\/2025\\\/07\\\/adulto.webp\",\"articleSection\":[\"Econom\u00eda\"],\"inLanguage\":\"es\"},{\"@type\":\"WebPage\",\"@id\":\"https:\\\/\\\/www.eldiario.net\\\/portal\\\/2025\\\/07\\\/20\\\/cantidad-de-adultos-que-usan-cuentas-para-ahorrar-crece-al-ritmo-mas-rapido-en-una-decada\\\/\",\"url\":\"https:\\\/\\\/www.eldiario.net\\\/portal\\\/2025\\\/07\\\/20\\\/cantidad-de-adultos-que-usan-cuentas-para-ahorrar-crece-al-ritmo-mas-rapido-en-una-decada\\\/\",\"name\":\"Cantidad de adultos que usan cuentas para ahorrar crece al ritmo m\u00e1s r\u00e1pido en una d\u00e9cada - El Diario - Bolivia\",\"isPartOf\":{\"@id\":\"https:\\\/\\\/www.eldiario.net\\\/portal\\\/#website\"},\"primaryImageOfPage\":{\"@id\":\"https:\\\/\\\/www.eldiario.net\\\/portal\\\/2025\\\/07\\\/20\\\/cantidad-de-adultos-que-usan-cuentas-para-ahorrar-crece-al-ritmo-mas-rapido-en-una-decada\\\/#primaryimage\"},\"image\":{\"@id\":\"https:\\\/\\\/www.eldiario.net\\\/portal\\\/2025\\\/07\\\/20\\\/cantidad-de-adultos-que-usan-cuentas-para-ahorrar-crece-al-ritmo-mas-rapido-en-una-decada\\\/#primaryimage\"},\"thumbnailUrl\":\"https:\\\/\\\/www.eldiario.net\\\/portal\\\/wp-content\\\/uploads\\\/2025\\\/07\\\/adulto.webp\",\"datePublished\":\"2025-07-20T11:27:14+00:00\",\"breadcrumb\":{\"@id\":\"https:\\\/\\\/www.eldiario.net\\\/portal\\\/2025\\\/07\\\/20\\\/cantidad-de-adultos-que-usan-cuentas-para-ahorrar-crece-al-ritmo-mas-rapido-en-una-decada\\\/#breadcrumb\"},\"inLanguage\":\"es\",\"potentialAction\":[{\"@type\":\"ReadAction\",\"target\":[\"https:\\\/\\\/www.eldiario.net\\\/portal\\\/2025\\\/07\\\/20\\\/cantidad-de-adultos-que-usan-cuentas-para-ahorrar-crece-al-ritmo-mas-rapido-en-una-decada\\\/\"]}]},{\"@type\":\"ImageObject\",\"inLanguage\":\"es\",\"@id\":\"https:\\\/\\\/www.eldiario.net\\\/portal\\\/2025\\\/07\\\/20\\\/cantidad-de-adultos-que-usan-cuentas-para-ahorrar-crece-al-ritmo-mas-rapido-en-una-decada\\\/#primaryimage\",\"url\":\"https:\\\/\\\/www.eldiario.net\\\/portal\\\/wp-content\\\/uploads\\\/2025\\\/07\\\/adulto.webp\",\"contentUrl\":\"https:\\\/\\\/www.eldiario.net\\\/portal\\\/wp-content\\\/uploads\\\/2025\\\/07\\\/adulto.webp\",\"width\":400,\"height\":266},{\"@type\":\"BreadcrumbList\",\"@id\":\"https:\\\/\\\/www.eldiario.net\\\/portal\\\/2025\\\/07\\\/20\\\/cantidad-de-adultos-que-usan-cuentas-para-ahorrar-crece-al-ritmo-mas-rapido-en-una-decada\\\/#breadcrumb\",\"itemListElement\":[{\"@type\":\"ListItem\",\"position\":1,\"name\":\"Portada\",\"item\":\"https:\\\/\\\/www.eldiario.net\\\/portal\\\/\"},{\"@type\":\"ListItem\",\"position\":2,\"name\":\"Cantidad de adultos que usan cuentas para ahorrar crece al ritmo m\u00e1s r\u00e1pido en una d\u00e9cada\"}]},{\"@type\":\"WebSite\",\"@id\":\"https:\\\/\\\/www.eldiario.net\\\/portal\\\/#website\",\"url\":\"https:\\\/\\\/www.eldiario.net\\\/portal\\\/\",\"name\":\"El Diario - Decano de la prensa nacional\",\"description\":\"El Diario - Decano de la prensa nacional\",\"publisher\":{\"@id\":\"https:\\\/\\\/www.eldiario.net\\\/portal\\\/#organization\"},\"potentialAction\":[{\"@type\":\"SearchAction\",\"target\":{\"@type\":\"EntryPoint\",\"urlTemplate\":\"https:\\\/\\\/www.eldiario.net\\\/portal\\\/?s={search_term_string}\"},\"query-input\":{\"@type\":\"PropertyValueSpecification\",\"valueRequired\":true,\"valueName\":\"search_term_string\"}}],\"inLanguage\":\"es\"},{\"@type\":\"Organization\",\"@id\":\"https:\\\/\\\/www.eldiario.net\\\/portal\\\/#organization\",\"name\":\"El Diario - Decano de la prensa nacional\",\"url\":\"https:\\\/\\\/www.eldiario.net\\\/portal\\\/\",\"logo\":{\"@type\":\"ImageObject\",\"inLanguage\":\"es\",\"@id\":\"https:\\\/\\\/www.eldiario.net\\\/portal\\\/#\\\/schema\\\/logo\\\/image\\\/\",\"url\":\"https:\\\/\\\/www.eldiario.net\\\/portal\\\/wp-content\\\/uploads\\\/2023\\\/07\\\/logo_ED.jpg\",\"contentUrl\":\"https:\\\/\\\/www.eldiario.net\\\/portal\\\/wp-content\\\/uploads\\\/2023\\\/07\\\/logo_ED.jpg\",\"width\":272,\"height\":52,\"caption\":\"El Diario - Decano de la prensa nacional\"},\"image\":{\"@id\":\"https:\\\/\\\/www.eldiario.net\\\/portal\\\/#\\\/schema\\\/logo\\\/image\\\/\"},\"sameAs\":[\"https:\\\/\\\/www.facebook.com\\\/eldiario.bolivia\\\/\",\"https:\\\/\\\/x.com\\\/eldiario_net\"]},{\"@type\":\"Person\",\"@id\":\"https:\\\/\\\/www.eldiario.net\\\/portal\\\/#\\\/schema\\\/person\\\/cab1ae4db27e5f008a62cbffb05fbfee\",\"name\":\"luis Camacho\",\"image\":{\"@type\":\"ImageObject\",\"inLanguage\":\"es\",\"@id\":\"https:\\\/\\\/secure.gravatar.com\\\/avatar\\\/69ecb836b3826d5a2501bf06ab2a2f2c8ab211cc846758f395df21684cb38313?s=96&d=mm&r=g\",\"url\":\"https:\\\/\\\/secure.gravatar.com\\\/avatar\\\/69ecb836b3826d5a2501bf06ab2a2f2c8ab211cc846758f395df21684cb38313?s=96&d=mm&r=g\",\"contentUrl\":\"https:\\\/\\\/secure.gravatar.com\\\/avatar\\\/69ecb836b3826d5a2501bf06ab2a2f2c8ab211cc846758f395df21684cb38313?s=96&d=mm&r=g\",\"caption\":\"luis Camacho\"},\"url\":\"https:\\\/\\\/www.eldiario.net\\\/portal\\\/author\\\/luis\\\/\"}]}<\/script>\n<!-- \/ Yoast SEO plugin. -->","yoast_head_json":{"title":"Cantidad de adultos que usan cuentas para ahorrar crece al ritmo m\u00e1s r\u00e1pido en una d\u00e9cada - El Diario - Bolivia","robots":{"index":"index","follow":"follow","max-snippet":"max-snippet:-1","max-image-preview":"max-image-preview:large","max-video-preview":"max-video-preview:-1"},"canonical":"https:\/\/www.eldiario.net\/portal\/2025\/07\/20\/cantidad-de-adultos-que-usan-cuentas-para-ahorrar-crece-al-ritmo-mas-rapido-en-una-decada\/","og_locale":"es_ES","og_type":"article","og_title":"Cantidad de adultos que usan cuentas para ahorrar crece al ritmo m\u00e1s r\u00e1pido en una d\u00e9cada - El Diario - Bolivia","og_description":"M\u00e1s adultos que nunca tienen hoy cuentas bancarias u otras cuentas financieras en los pa\u00edses de ingreso bajo y mediano, lo que provoca un incremento del ahorro formal, seg\u00fan el informe Global Findex 2025 del Grupo Banco Mundial. Este impulso de la inclusi\u00f3n financiera est\u00e1 creando nuevas oportunidades econ\u00f3micas. La tecnolog\u00eda de los tel\u00e9fonos m\u00f3viles [&hellip;]","og_url":"https:\/\/www.eldiario.net\/portal\/2025\/07\/20\/cantidad-de-adultos-que-usan-cuentas-para-ahorrar-crece-al-ritmo-mas-rapido-en-una-decada\/","og_site_name":"El Diario - Bolivia","article_publisher":"https:\/\/www.facebook.com\/eldiario.bolivia\/","article_published_time":"2025-07-20T11:27:14+00:00","og_image":[{"width":400,"height":266,"url":"https:\/\/www.eldiario.net\/portal\/wp-content\/uploads\/2025\/07\/adulto.webp","type":"image\/webp"}],"author":"luis Camacho","twitter_card":"summary_large_image","twitter_creator":"@eldiario_net","twitter_site":"@eldiario_net","twitter_misc":{"Escrito por":"luis Camacho","Tiempo de lectura":"5 minutos"},"schema":{"@context":"https:\/\/schema.org","@graph":[{"@type":"Article","@id":"https:\/\/www.eldiario.net\/portal\/2025\/07\/20\/cantidad-de-adultos-que-usan-cuentas-para-ahorrar-crece-al-ritmo-mas-rapido-en-una-decada\/#article","isPartOf":{"@id":"https:\/\/www.eldiario.net\/portal\/2025\/07\/20\/cantidad-de-adultos-que-usan-cuentas-para-ahorrar-crece-al-ritmo-mas-rapido-en-una-decada\/"},"author":{"name":"luis Camacho","@id":"https:\/\/www.eldiario.net\/portal\/#\/schema\/person\/cab1ae4db27e5f008a62cbffb05fbfee"},"headline":"Cantidad de adultos que usan cuentas para ahorrar crece al ritmo m\u00e1s r\u00e1pido en una d\u00e9cada","datePublished":"2025-07-20T11:27:14+00:00","mainEntityOfPage":{"@id":"https:\/\/www.eldiario.net\/portal\/2025\/07\/20\/cantidad-de-adultos-que-usan-cuentas-para-ahorrar-crece-al-ritmo-mas-rapido-en-una-decada\/"},"wordCount":1092,"publisher":{"@id":"https:\/\/www.eldiario.net\/portal\/#organization"},"image":{"@id":"https:\/\/www.eldiario.net\/portal\/2025\/07\/20\/cantidad-de-adultos-que-usan-cuentas-para-ahorrar-crece-al-ritmo-mas-rapido-en-una-decada\/#primaryimage"},"thumbnailUrl":"https:\/\/www.eldiario.net\/portal\/wp-content\/uploads\/2025\/07\/adulto.webp","articleSection":["Econom\u00eda"],"inLanguage":"es"},{"@type":"WebPage","@id":"https:\/\/www.eldiario.net\/portal\/2025\/07\/20\/cantidad-de-adultos-que-usan-cuentas-para-ahorrar-crece-al-ritmo-mas-rapido-en-una-decada\/","url":"https:\/\/www.eldiario.net\/portal\/2025\/07\/20\/cantidad-de-adultos-que-usan-cuentas-para-ahorrar-crece-al-ritmo-mas-rapido-en-una-decada\/","name":"Cantidad de adultos que usan cuentas para ahorrar crece al ritmo m\u00e1s r\u00e1pido en una d\u00e9cada - El Diario - Bolivia","isPartOf":{"@id":"https:\/\/www.eldiario.net\/portal\/#website"},"primaryImageOfPage":{"@id":"https:\/\/www.eldiario.net\/portal\/2025\/07\/20\/cantidad-de-adultos-que-usan-cuentas-para-ahorrar-crece-al-ritmo-mas-rapido-en-una-decada\/#primaryimage"},"image":{"@id":"https:\/\/www.eldiario.net\/portal\/2025\/07\/20\/cantidad-de-adultos-que-usan-cuentas-para-ahorrar-crece-al-ritmo-mas-rapido-en-una-decada\/#primaryimage"},"thumbnailUrl":"https:\/\/www.eldiario.net\/portal\/wp-content\/uploads\/2025\/07\/adulto.webp","datePublished":"2025-07-20T11:27:14+00:00","breadcrumb":{"@id":"https:\/\/www.eldiario.net\/portal\/2025\/07\/20\/cantidad-de-adultos-que-usan-cuentas-para-ahorrar-crece-al-ritmo-mas-rapido-en-una-decada\/#breadcrumb"},"inLanguage":"es","potentialAction":[{"@type":"ReadAction","target":["https:\/\/www.eldiario.net\/portal\/2025\/07\/20\/cantidad-de-adultos-que-usan-cuentas-para-ahorrar-crece-al-ritmo-mas-rapido-en-una-decada\/"]}]},{"@type":"ImageObject","inLanguage":"es","@id":"https:\/\/www.eldiario.net\/portal\/2025\/07\/20\/cantidad-de-adultos-que-usan-cuentas-para-ahorrar-crece-al-ritmo-mas-rapido-en-una-decada\/#primaryimage","url":"https:\/\/www.eldiario.net\/portal\/wp-content\/uploads\/2025\/07\/adulto.webp","contentUrl":"https:\/\/www.eldiario.net\/portal\/wp-content\/uploads\/2025\/07\/adulto.webp","width":400,"height":266},{"@type":"BreadcrumbList","@id":"https:\/\/www.eldiario.net\/portal\/2025\/07\/20\/cantidad-de-adultos-que-usan-cuentas-para-ahorrar-crece-al-ritmo-mas-rapido-en-una-decada\/#breadcrumb","itemListElement":[{"@type":"ListItem","position":1,"name":"Portada","item":"https:\/\/www.eldiario.net\/portal\/"},{"@type":"ListItem","position":2,"name":"Cantidad de adultos que usan cuentas para ahorrar crece al ritmo m\u00e1s r\u00e1pido en una d\u00e9cada"}]},{"@type":"WebSite","@id":"https:\/\/www.eldiario.net\/portal\/#website","url":"https:\/\/www.eldiario.net\/portal\/","name":"El Diario - Decano de la prensa nacional","description":"El Diario - Decano de la prensa nacional","publisher":{"@id":"https:\/\/www.eldiario.net\/portal\/#organization"},"potentialAction":[{"@type":"SearchAction","target":{"@type":"EntryPoint","urlTemplate":"https:\/\/www.eldiario.net\/portal\/?s={search_term_string}"},"query-input":{"@type":"PropertyValueSpecification","valueRequired":true,"valueName":"search_term_string"}}],"inLanguage":"es"},{"@type":"Organization","@id":"https:\/\/www.eldiario.net\/portal\/#organization","name":"El Diario - Decano de la prensa nacional","url":"https:\/\/www.eldiario.net\/portal\/","logo":{"@type":"ImageObject","inLanguage":"es","@id":"https:\/\/www.eldiario.net\/portal\/#\/schema\/logo\/image\/","url":"https:\/\/www.eldiario.net\/portal\/wp-content\/uploads\/2023\/07\/logo_ED.jpg","contentUrl":"https:\/\/www.eldiario.net\/portal\/wp-content\/uploads\/2023\/07\/logo_ED.jpg","width":272,"height":52,"caption":"El Diario - Decano de la prensa nacional"},"image":{"@id":"https:\/\/www.eldiario.net\/portal\/#\/schema\/logo\/image\/"},"sameAs":["https:\/\/www.facebook.com\/eldiario.bolivia\/","https:\/\/x.com\/eldiario_net"]},{"@type":"Person","@id":"https:\/\/www.eldiario.net\/portal\/#\/schema\/person\/cab1ae4db27e5f008a62cbffb05fbfee","name":"luis Camacho","image":{"@type":"ImageObject","inLanguage":"es","@id":"https:\/\/secure.gravatar.com\/avatar\/69ecb836b3826d5a2501bf06ab2a2f2c8ab211cc846758f395df21684cb38313?s=96&d=mm&r=g","url":"https:\/\/secure.gravatar.com\/avatar\/69ecb836b3826d5a2501bf06ab2a2f2c8ab211cc846758f395df21684cb38313?s=96&d=mm&r=g","contentUrl":"https:\/\/secure.gravatar.com\/avatar\/69ecb836b3826d5a2501bf06ab2a2f2c8ab211cc846758f395df21684cb38313?s=96&d=mm&r=g","caption":"luis Camacho"},"url":"https:\/\/www.eldiario.net\/portal\/author\/luis\/"}]}},"_links":{"self":[{"href":"https:\/\/www.eldiario.net\/portal\/wp-json\/wp\/v2\/posts\/318097","targetHints":{"allow":["GET"]}}],"collection":[{"href":"https:\/\/www.eldiario.net\/portal\/wp-json\/wp\/v2\/posts"}],"about":[{"href":"https:\/\/www.eldiario.net\/portal\/wp-json\/wp\/v2\/types\/post"}],"author":[{"embeddable":true,"href":"https:\/\/www.eldiario.net\/portal\/wp-json\/wp\/v2\/users\/2"}],"replies":[{"embeddable":true,"href":"https:\/\/www.eldiario.net\/portal\/wp-json\/wp\/v2\/comments?post=318097"}],"version-history":[{"count":1,"href":"https:\/\/www.eldiario.net\/portal\/wp-json\/wp\/v2\/posts\/318097\/revisions"}],"predecessor-version":[{"id":318099,"href":"https:\/\/www.eldiario.net\/portal\/wp-json\/wp\/v2\/posts\/318097\/revisions\/318099"}],"wp:featuredmedia":[{"embeddable":true,"href":"https:\/\/www.eldiario.net\/portal\/wp-json\/wp\/v2\/media\/318098"}],"wp:attachment":[{"href":"https:\/\/www.eldiario.net\/portal\/wp-json\/wp\/v2\/media?parent=318097"}],"wp:term":[{"taxonomy":"category","embeddable":true,"href":"https:\/\/www.eldiario.net\/portal\/wp-json\/wp\/v2\/categories?post=318097"},{"taxonomy":"post_tag","embeddable":true,"href":"https:\/\/www.eldiario.net\/portal\/wp-json\/wp\/v2\/tags?post=318097"}],"curies":[{"name":"wp","href":"https:\/\/api.w.org\/{rel}","templated":true}]}}