{"id":318095,"date":"2025-07-20T07:24:47","date_gmt":"2025-07-20T11:24:47","guid":{"rendered":"https:\/\/www.eldiario.net\/portal\/?p=318095"},"modified":"2025-07-20T07:24:47","modified_gmt":"2025-07-20T11:24:47","slug":"mi-apuesta-por-un-liderazgo-de-cambio","status":"publish","type":"post","link":"https:\/\/www.eldiario.net\/portal\/2025\/07\/20\/mi-apuesta-por-un-liderazgo-de-cambio\/","title":{"rendered":"Mi apuesta por un liderazgo de cambio"},"content":{"rendered":"<p>Bolivia se encuentra en una encrucijada hist\u00f3rica. La decisi\u00f3n que tomaremos este 17 de agosto no s\u00f3lo definir\u00e1 nuestro futuro inmediato, sino tambi\u00e9n el rumbo de las pr\u00f3ximas generaciones. Como boliviano y empresario, que enfrent\u00f3 grandes desaf\u00edos, me dirijo a ustedes con un mensaje claro: es hora de unirnos, tomar decisiones valientes y apostar por un futuro de prosperidad. Podr\u00eda tomarme la postura c\u00f3moda de no apoyar a nadie, pero he decidido actuar. Por eso, apoyo a Samuel Doria Medina como el pr\u00f3ximo Presidente de Bolivia.<br \/>\nNuestro pa\u00eds atraviesa una de las m\u00e1s agudas crisis de su historia. Las familias enfrentan dificultades econ\u00f3micas abrumadoras. El desempleo est\u00e1 en aumento, los precios de los alimentos y bienes b\u00e1sicos se disparan y la inseguridad crece en nuestras calles. Esta situaci\u00f3n erosiona el poder adquisitivo de los bolivianos.<br \/>\nEn este contexto cr\u00edtico, creo firmemente que Samuel Doria Medina es el l\u00edder que Bolivia necesita. \u00bfPor qu\u00e9? Porque est\u00e1 mejor preparado que nadie. Como empresario exitoso, Samuel sabe lo que es luchar, crear empleo y manejar una econom\u00eda con disciplina. Demostr\u00f3 su capacidad para gestionar recursos y tomar decisiones dif\u00edciles en tiempos de crisis. Su experiencia en el sector privado le da una comprensi\u00f3n \u00fanica de c\u00f3mo equilibrar un presupuesto, reducir el despilfarro y fomentar el crecimiento econ\u00f3mico. En un momento en que Bolivia enfrenta un d\u00e9ficit fiscal insostenible y una econom\u00eda debilitada, estas habilidades son esenciales.<br \/>\nMi decisi\u00f3n de apoyar a Samuel no surge de la improvisaci\u00f3n. Samuel propone medidas concretas para abordar los problemas estructurales de nuestro pa\u00eds. Su decreto \u201c\u00a1Se acab\u00f3 la fiesta!\u201d es un compromiso audaz para poner fin al despilfarro, los privilegios y los abusos en la pol\u00edtica. La pol\u00edtica no puede seguir siendo un club de amigos; debe ser un espacio de servicio p\u00fablico, y Samuel est\u00e1 comprometido a hacer de la transparencia y la rendici\u00f3n de cuentas los pilares de su gobierno.<br \/>\nAdem\u00e1s, su experiencia al frente de grandes empresas del pa\u00eds le permiti\u00f3 a Samuel conocer y trabajar con muchos bolivianos exitosos y exigentes. Prueba de ello es la elecci\u00f3n de su candidato a vicepresidente, Jos\u00e9 Luis Lupo, cuya experiencia y relaciones internacionales fortalecen a\u00fan m\u00e1s esta candidatura. Jos\u00e9 Luis aporta redes de contacto y experiencia en gesti\u00f3n p\u00fablica que complementan a la perfecci\u00f3n las competencias de Samuel. Juntos forman un binomio equilibrado, capaz de gobernar con eficacia y visi\u00f3n.<br \/>\nDurante meses busqu\u00e9 la unidad de la oposici\u00f3n. Habl\u00e9 con todos los candidatos, buscando un frente com\u00fan. Pero el tiempo pas\u00f3 y seguimos con cinco candidatos. Divididos, no vamos a cambiar nada.<br \/>\nMi compromiso no termina en las elecciones. Quiero trabajar de cerca con Samuel, ayud\u00e1ndolo a abrir Bolivia al mundo. Durante los \u00faltimos 20 a\u00f1os, nuestro pa\u00eds fue aislado, promulgando leyes que desalientan la inversi\u00f3n extranjera. Esto debe cambiar. Las grandes econom\u00edas del mundo prosperan porque atraen talento e inversi\u00f3n. Bolivia debe seguir este ejemplo, conect\u00e1ndose con el mundo para resolver problemas.<br \/>\nTambi\u00e9n sustent\u00e9 mi decisi\u00f3n en las encuestas que son claras. La mayor\u00eda de los bolivianos quiere un cambio y Samuel es el candidato mejor posicionado para lograrlo. Las encuestas indican que Samuel tiene las mayores posibilidades de ganar, incluso en un balotaje contra cualquier oponente. Pero m\u00e1s all\u00e1 de ganar, lo que Bolivia necesita es un l\u00edder que pueda gobernar bien y Samuel tiene la capacidad de hacerlo.<br \/>\nComo boliviano, no puedo quedarme callado ante la situaci\u00f3n de mi pa\u00eds. Mi experiencia liderando la recuperaci\u00f3n de grandes empresas me ense\u00f1\u00f3 que las crisis requieren medidas audaces, comunicaci\u00f3n clara y un enfoque estrat\u00e9gico. Bolivia necesita un enfoque similar: un liderazgo que tome decisiones firmes pero que tambi\u00e9n se comunique con transparencia para generar confianza.<br \/>\nBolivia posee un potencial inmenso, que debemos saber aprovechar con inteligencia. Somos un pa\u00eds marcado por una rica pluralidad; una diversidad que constituye una de nuestras mayores fortalezas, pero que tambi\u00e9n exige un liderazgo capaz de valorarla y gestionarla con sabidur\u00eda.<br \/>\nEn este momento de crisis, creo que Samuel Doria Medina ofrece el tipo de liderazgo que Bolivia necesita. Mi compromiso es trabajar junto a Samuel y con todos los l\u00edderes de la oposici\u00f3n.<br \/>\nA los j\u00f3venes de Bolivia, les digo: este es su momento. Ustedes son una generaci\u00f3n con talento y ganas de cambiarlo todo. Esta elecci\u00f3n es su oportunidad para tomar el control del futuro que les pertenece. No m\u00e1s divisiones. No m\u00e1s miedo. Es hora de unirnos.<br \/>\nEl 17 de agosto es una oportunidad hist\u00f3rica para cambiar el rumbo de Bolivia. Yo ya tom\u00e9 mi decisi\u00f3n. Los invito a que tambi\u00e9n lo hagan. Apoyemos a Samuel Doria Medina y construyamos juntos una Bolivia pr\u00f3spera, inclusiva y conectada con el mundo. Con seriedad, esperanza y fuerza, recuperaremos nuestro pa\u00eds.<\/p>\n","protected":false},"excerpt":{"rendered":"<p>Bolivia se encuentra en una encrucijada hist\u00f3rica. La decisi\u00f3n que tomaremos este 17 de agosto no s\u00f3lo definir\u00e1 nuestro futuro inmediato, sino tambi\u00e9n el rumbo de las pr\u00f3ximas generaciones. Como boliviano y empresario, que enfrent\u00f3 grandes desaf\u00edos, me dirijo a ustedes con un mensaje claro: es hora de unirnos, tomar decisiones valientes y apostar por [&hellip;]<\/p>\n","protected":false},"author":2,"featured_media":292972,"comment_status":"closed","ping_status":"open","sticky":false,"template":"","format":"standard","meta":{"_acf_changed":false,"footnotes":""},"categories":[9],"tags":[],"class_list":["post-318095","post","type-post","status-publish","format-standard","has-post-thumbnail","category-opinion"],"acf":{"antetitulo":""},"yoast_head":"<!-- This site is optimized with the Yoast SEO plugin v28.4 - https:\/\/yoast.com\/product\/yoast-seo-wordpress\/ -->\n<title>Mi apuesta por un liderazgo de cambio - El Diario - Bolivia<\/title>\n<meta name=\"robots\" content=\"index, follow, max-snippet:-1, max-image-preview:large, max-video-preview:-1\" \/>\n<link rel=\"canonical\" href=\"https:\/\/www.eldiario.net\/portal\/2025\/07\/20\/mi-apuesta-por-un-liderazgo-de-cambio\/\" \/>\n<meta property=\"og:locale\" content=\"es_ES\" \/>\n<meta property=\"og:type\" content=\"article\" \/>\n<meta property=\"og:title\" content=\"Mi apuesta por un liderazgo de cambio - El Diario - Bolivia\" \/>\n<meta property=\"og:description\" content=\"Bolivia se encuentra en una encrucijada hist\u00f3rica. La decisi\u00f3n que tomaremos este 17 de agosto no s\u00f3lo definir\u00e1 nuestro futuro inmediato, sino tambi\u00e9n el rumbo de las pr\u00f3ximas generaciones. Como boliviano y empresario, que enfrent\u00f3 grandes desaf\u00edos, me dirijo a ustedes con un mensaje claro: es hora de unirnos, tomar decisiones valientes y apostar por [&hellip;]\" \/>\n<meta property=\"og:url\" content=\"https:\/\/www.eldiario.net\/portal\/2025\/07\/20\/mi-apuesta-por-un-liderazgo-de-cambio\/\" \/>\n<meta property=\"og:site_name\" content=\"El Diario - Bolivia\" \/>\n<meta property=\"article:publisher\" content=\"https:\/\/www.facebook.com\/eldiario.bolivia\/\" \/>\n<meta property=\"article:published_time\" content=\"2025-07-20T11:24:47+00:00\" \/>\n<meta property=\"og:image\" content=\"https:\/\/www.eldiario.net\/portal\/wp-content\/uploads\/2025\/04\/42-POL-1.jpg\" \/>\n\t<meta property=\"og:image:width\" content=\"980\" \/>\n\t<meta property=\"og:image:height\" content=\"551\" \/>\n\t<meta property=\"og:image:type\" content=\"image\/jpeg\" \/>\n<meta name=\"author\" content=\"luis Camacho\" \/>\n<meta name=\"twitter:card\" content=\"summary_large_image\" \/>\n<meta name=\"twitter:creator\" content=\"@eldiario_net\" \/>\n<meta name=\"twitter:site\" content=\"@eldiario_net\" \/>\n<meta name=\"twitter:label1\" content=\"Escrito por\" \/>\n\t<meta name=\"twitter:data1\" content=\"luis Camacho\" \/>\n\t<meta name=\"twitter:label2\" content=\"Tiempo de lectura\" \/>\n\t<meta name=\"twitter:data2\" content=\"4 minutos\" \/>\n<script type=\"application\/ld+json\" class=\"yoast-schema-graph\">{\"@context\":\"https:\\\/\\\/schema.org\",\"@graph\":[{\"@type\":\"Article\",\"@id\":\"https:\\\/\\\/www.eldiario.net\\\/portal\\\/2025\\\/07\\\/20\\\/mi-apuesta-por-un-liderazgo-de-cambio\\\/#article\",\"isPartOf\":{\"@id\":\"https:\\\/\\\/www.eldiario.net\\\/portal\\\/2025\\\/07\\\/20\\\/mi-apuesta-por-un-liderazgo-de-cambio\\\/\"},\"author\":{\"name\":\"luis Camacho\",\"@id\":\"https:\\\/\\\/www.eldiario.net\\\/portal\\\/#\\\/schema\\\/person\\\/cab1ae4db27e5f008a62cbffb05fbfee\"},\"headline\":\"Mi apuesta por un liderazgo de cambio\",\"datePublished\":\"2025-07-20T11:24:47+00:00\",\"mainEntityOfPage\":{\"@id\":\"https:\\\/\\\/www.eldiario.net\\\/portal\\\/2025\\\/07\\\/20\\\/mi-apuesta-por-un-liderazgo-de-cambio\\\/\"},\"wordCount\":859,\"publisher\":{\"@id\":\"https:\\\/\\\/www.eldiario.net\\\/portal\\\/#organization\"},\"image\":{\"@id\":\"https:\\\/\\\/www.eldiario.net\\\/portal\\\/2025\\\/07\\\/20\\\/mi-apuesta-por-un-liderazgo-de-cambio\\\/#primaryimage\"},\"thumbnailUrl\":\"https:\\\/\\\/www.eldiario.net\\\/portal\\\/wp-content\\\/uploads\\\/2025\\\/04\\\/42-POL-1.jpg\",\"articleSection\":[\"Opini\u00f3n\"],\"inLanguage\":\"es\"},{\"@type\":\"WebPage\",\"@id\":\"https:\\\/\\\/www.eldiario.net\\\/portal\\\/2025\\\/07\\\/20\\\/mi-apuesta-por-un-liderazgo-de-cambio\\\/\",\"url\":\"https:\\\/\\\/www.eldiario.net\\\/portal\\\/2025\\\/07\\\/20\\\/mi-apuesta-por-un-liderazgo-de-cambio\\\/\",\"name\":\"Mi apuesta por un liderazgo de cambio - El Diario - Bolivia\",\"isPartOf\":{\"@id\":\"https:\\\/\\\/www.eldiario.net\\\/portal\\\/#website\"},\"primaryImageOfPage\":{\"@id\":\"https:\\\/\\\/www.eldiario.net\\\/portal\\\/2025\\\/07\\\/20\\\/mi-apuesta-por-un-liderazgo-de-cambio\\\/#primaryimage\"},\"image\":{\"@id\":\"https:\\\/\\\/www.eldiario.net\\\/portal\\\/2025\\\/07\\\/20\\\/mi-apuesta-por-un-liderazgo-de-cambio\\\/#primaryimage\"},\"thumbnailUrl\":\"https:\\\/\\\/www.eldiario.net\\\/portal\\\/wp-content\\\/uploads\\\/2025\\\/04\\\/42-POL-1.jpg\",\"datePublished\":\"2025-07-20T11:24:47+00:00\",\"breadcrumb\":{\"@id\":\"https:\\\/\\\/www.eldiario.net\\\/portal\\\/2025\\\/07\\\/20\\\/mi-apuesta-por-un-liderazgo-de-cambio\\\/#breadcrumb\"},\"inLanguage\":\"es\",\"potentialAction\":[{\"@type\":\"ReadAction\",\"target\":[\"https:\\\/\\\/www.eldiario.net\\\/portal\\\/2025\\\/07\\\/20\\\/mi-apuesta-por-un-liderazgo-de-cambio\\\/\"]}]},{\"@type\":\"ImageObject\",\"inLanguage\":\"es\",\"@id\":\"https:\\\/\\\/www.eldiario.net\\\/portal\\\/2025\\\/07\\\/20\\\/mi-apuesta-por-un-liderazgo-de-cambio\\\/#primaryimage\",\"url\":\"https:\\\/\\\/www.eldiario.net\\\/portal\\\/wp-content\\\/uploads\\\/2025\\\/04\\\/42-POL-1.jpg\",\"contentUrl\":\"https:\\\/\\\/www.eldiario.net\\\/portal\\\/wp-content\\\/uploads\\\/2025\\\/04\\\/42-POL-1.jpg\",\"width\":980,\"height\":551,\"caption\":\"Marcelo Claure Bedoya\"},{\"@type\":\"BreadcrumbList\",\"@id\":\"https:\\\/\\\/www.eldiario.net\\\/portal\\\/2025\\\/07\\\/20\\\/mi-apuesta-por-un-liderazgo-de-cambio\\\/#breadcrumb\",\"itemListElement\":[{\"@type\":\"ListItem\",\"position\":1,\"name\":\"Portada\",\"item\":\"https:\\\/\\\/www.eldiario.net\\\/portal\\\/\"},{\"@type\":\"ListItem\",\"position\":2,\"name\":\"Mi apuesta por un liderazgo de cambio\"}]},{\"@type\":\"WebSite\",\"@id\":\"https:\\\/\\\/www.eldiario.net\\\/portal\\\/#website\",\"url\":\"https:\\\/\\\/www.eldiario.net\\\/portal\\\/\",\"name\":\"El Diario - Decano de la prensa nacional\",\"description\":\"El Diario - Decano de la prensa nacional\",\"publisher\":{\"@id\":\"https:\\\/\\\/www.eldiario.net\\\/portal\\\/#organization\"},\"potentialAction\":[{\"@type\":\"SearchAction\",\"target\":{\"@type\":\"EntryPoint\",\"urlTemplate\":\"https:\\\/\\\/www.eldiario.net\\\/portal\\\/?s={search_term_string}\"},\"query-input\":{\"@type\":\"PropertyValueSpecification\",\"valueRequired\":true,\"valueName\":\"search_term_string\"}}],\"inLanguage\":\"es\"},{\"@type\":\"Organization\",\"@id\":\"https:\\\/\\\/www.eldiario.net\\\/portal\\\/#organization\",\"name\":\"El Diario - Decano de la prensa nacional\",\"url\":\"https:\\\/\\\/www.eldiario.net\\\/portal\\\/\",\"logo\":{\"@type\":\"ImageObject\",\"inLanguage\":\"es\",\"@id\":\"https:\\\/\\\/www.eldiario.net\\\/portal\\\/#\\\/schema\\\/logo\\\/image\\\/\",\"url\":\"https:\\\/\\\/www.eldiario.net\\\/portal\\\/wp-content\\\/uploads\\\/2023\\\/07\\\/logo_ED.jpg\",\"contentUrl\":\"https:\\\/\\\/www.eldiario.net\\\/portal\\\/wp-content\\\/uploads\\\/2023\\\/07\\\/logo_ED.jpg\",\"width\":272,\"height\":52,\"caption\":\"El Diario - Decano de la prensa nacional\"},\"image\":{\"@id\":\"https:\\\/\\\/www.eldiario.net\\\/portal\\\/#\\\/schema\\\/logo\\\/image\\\/\"},\"sameAs\":[\"https:\\\/\\\/www.facebook.com\\\/eldiario.bolivia\\\/\",\"https:\\\/\\\/x.com\\\/eldiario_net\"]},{\"@type\":\"Person\",\"@id\":\"https:\\\/\\\/www.eldiario.net\\\/portal\\\/#\\\/schema\\\/person\\\/cab1ae4db27e5f008a62cbffb05fbfee\",\"name\":\"luis Camacho\",\"image\":{\"@type\":\"ImageObject\",\"inLanguage\":\"es\",\"@id\":\"https:\\\/\\\/secure.gravatar.com\\\/avatar\\\/69ecb836b3826d5a2501bf06ab2a2f2c8ab211cc846758f395df21684cb38313?s=96&d=mm&r=g\",\"url\":\"https:\\\/\\\/secure.gravatar.com\\\/avatar\\\/69ecb836b3826d5a2501bf06ab2a2f2c8ab211cc846758f395df21684cb38313?s=96&d=mm&r=g\",\"contentUrl\":\"https:\\\/\\\/secure.gravatar.com\\\/avatar\\\/69ecb836b3826d5a2501bf06ab2a2f2c8ab211cc846758f395df21684cb38313?s=96&d=mm&r=g\",\"caption\":\"luis Camacho\"},\"url\":\"https:\\\/\\\/www.eldiario.net\\\/portal\\\/author\\\/luis\\\/\"}]}<\/script>\n<!-- \/ Yoast SEO plugin. -->","yoast_head_json":{"title":"Mi apuesta por un liderazgo de cambio - El Diario - Bolivia","robots":{"index":"index","follow":"follow","max-snippet":"max-snippet:-1","max-image-preview":"max-image-preview:large","max-video-preview":"max-video-preview:-1"},"canonical":"https:\/\/www.eldiario.net\/portal\/2025\/07\/20\/mi-apuesta-por-un-liderazgo-de-cambio\/","og_locale":"es_ES","og_type":"article","og_title":"Mi apuesta por un liderazgo de cambio - El Diario - Bolivia","og_description":"Bolivia se encuentra en una encrucijada hist\u00f3rica. La decisi\u00f3n que tomaremos este 17 de agosto no s\u00f3lo definir\u00e1 nuestro futuro inmediato, sino tambi\u00e9n el rumbo de las pr\u00f3ximas generaciones. Como boliviano y empresario, que enfrent\u00f3 grandes desaf\u00edos, me dirijo a ustedes con un mensaje claro: es hora de unirnos, tomar decisiones valientes y apostar por [&hellip;]","og_url":"https:\/\/www.eldiario.net\/portal\/2025\/07\/20\/mi-apuesta-por-un-liderazgo-de-cambio\/","og_site_name":"El Diario - Bolivia","article_publisher":"https:\/\/www.facebook.com\/eldiario.bolivia\/","article_published_time":"2025-07-20T11:24:47+00:00","og_image":[{"width":980,"height":551,"url":"https:\/\/www.eldiario.net\/portal\/wp-content\/uploads\/2025\/04\/42-POL-1.jpg","type":"image\/jpeg"}],"author":"luis Camacho","twitter_card":"summary_large_image","twitter_creator":"@eldiario_net","twitter_site":"@eldiario_net","twitter_misc":{"Escrito por":"luis Camacho","Tiempo de lectura":"4 minutos"},"schema":{"@context":"https:\/\/schema.org","@graph":[{"@type":"Article","@id":"https:\/\/www.eldiario.net\/portal\/2025\/07\/20\/mi-apuesta-por-un-liderazgo-de-cambio\/#article","isPartOf":{"@id":"https:\/\/www.eldiario.net\/portal\/2025\/07\/20\/mi-apuesta-por-un-liderazgo-de-cambio\/"},"author":{"name":"luis Camacho","@id":"https:\/\/www.eldiario.net\/portal\/#\/schema\/person\/cab1ae4db27e5f008a62cbffb05fbfee"},"headline":"Mi apuesta por un liderazgo de cambio","datePublished":"2025-07-20T11:24:47+00:00","mainEntityOfPage":{"@id":"https:\/\/www.eldiario.net\/portal\/2025\/07\/20\/mi-apuesta-por-un-liderazgo-de-cambio\/"},"wordCount":859,"publisher":{"@id":"https:\/\/www.eldiario.net\/portal\/#organization"},"image":{"@id":"https:\/\/www.eldiario.net\/portal\/2025\/07\/20\/mi-apuesta-por-un-liderazgo-de-cambio\/#primaryimage"},"thumbnailUrl":"https:\/\/www.eldiario.net\/portal\/wp-content\/uploads\/2025\/04\/42-POL-1.jpg","articleSection":["Opini\u00f3n"],"inLanguage":"es"},{"@type":"WebPage","@id":"https:\/\/www.eldiario.net\/portal\/2025\/07\/20\/mi-apuesta-por-un-liderazgo-de-cambio\/","url":"https:\/\/www.eldiario.net\/portal\/2025\/07\/20\/mi-apuesta-por-un-liderazgo-de-cambio\/","name":"Mi apuesta por un liderazgo de cambio - El Diario - Bolivia","isPartOf":{"@id":"https:\/\/www.eldiario.net\/portal\/#website"},"primaryImageOfPage":{"@id":"https:\/\/www.eldiario.net\/portal\/2025\/07\/20\/mi-apuesta-por-un-liderazgo-de-cambio\/#primaryimage"},"image":{"@id":"https:\/\/www.eldiario.net\/portal\/2025\/07\/20\/mi-apuesta-por-un-liderazgo-de-cambio\/#primaryimage"},"thumbnailUrl":"https:\/\/www.eldiario.net\/portal\/wp-content\/uploads\/2025\/04\/42-POL-1.jpg","datePublished":"2025-07-20T11:24:47+00:00","breadcrumb":{"@id":"https:\/\/www.eldiario.net\/portal\/2025\/07\/20\/mi-apuesta-por-un-liderazgo-de-cambio\/#breadcrumb"},"inLanguage":"es","potentialAction":[{"@type":"ReadAction","target":["https:\/\/www.eldiario.net\/portal\/2025\/07\/20\/mi-apuesta-por-un-liderazgo-de-cambio\/"]}]},{"@type":"ImageObject","inLanguage":"es","@id":"https:\/\/www.eldiario.net\/portal\/2025\/07\/20\/mi-apuesta-por-un-liderazgo-de-cambio\/#primaryimage","url":"https:\/\/www.eldiario.net\/portal\/wp-content\/uploads\/2025\/04\/42-POL-1.jpg","contentUrl":"https:\/\/www.eldiario.net\/portal\/wp-content\/uploads\/2025\/04\/42-POL-1.jpg","width":980,"height":551,"caption":"Marcelo Claure Bedoya"},{"@type":"BreadcrumbList","@id":"https:\/\/www.eldiario.net\/portal\/2025\/07\/20\/mi-apuesta-por-un-liderazgo-de-cambio\/#breadcrumb","itemListElement":[{"@type":"ListItem","position":1,"name":"Portada","item":"https:\/\/www.eldiario.net\/portal\/"},{"@type":"ListItem","position":2,"name":"Mi apuesta por un liderazgo de cambio"}]},{"@type":"WebSite","@id":"https:\/\/www.eldiario.net\/portal\/#website","url":"https:\/\/www.eldiario.net\/portal\/","name":"El Diario - Decano de la prensa nacional","description":"El Diario - Decano de la prensa nacional","publisher":{"@id":"https:\/\/www.eldiario.net\/portal\/#organization"},"potentialAction":[{"@type":"SearchAction","target":{"@type":"EntryPoint","urlTemplate":"https:\/\/www.eldiario.net\/portal\/?s={search_term_string}"},"query-input":{"@type":"PropertyValueSpecification","valueRequired":true,"valueName":"search_term_string"}}],"inLanguage":"es"},{"@type":"Organization","@id":"https:\/\/www.eldiario.net\/portal\/#organization","name":"El Diario - Decano de la prensa nacional","url":"https:\/\/www.eldiario.net\/portal\/","logo":{"@type":"ImageObject","inLanguage":"es","@id":"https:\/\/www.eldiario.net\/portal\/#\/schema\/logo\/image\/","url":"https:\/\/www.eldiario.net\/portal\/wp-content\/uploads\/2023\/07\/logo_ED.jpg","contentUrl":"https:\/\/www.eldiario.net\/portal\/wp-content\/uploads\/2023\/07\/logo_ED.jpg","width":272,"height":52,"caption":"El Diario - Decano de la prensa nacional"},"image":{"@id":"https:\/\/www.eldiario.net\/portal\/#\/schema\/logo\/image\/"},"sameAs":["https:\/\/www.facebook.com\/eldiario.bolivia\/","https:\/\/x.com\/eldiario_net"]},{"@type":"Person","@id":"https:\/\/www.eldiario.net\/portal\/#\/schema\/person\/cab1ae4db27e5f008a62cbffb05fbfee","name":"luis Camacho","image":{"@type":"ImageObject","inLanguage":"es","@id":"https:\/\/secure.gravatar.com\/avatar\/69ecb836b3826d5a2501bf06ab2a2f2c8ab211cc846758f395df21684cb38313?s=96&d=mm&r=g","url":"https:\/\/secure.gravatar.com\/avatar\/69ecb836b3826d5a2501bf06ab2a2f2c8ab211cc846758f395df21684cb38313?s=96&d=mm&r=g","contentUrl":"https:\/\/secure.gravatar.com\/avatar\/69ecb836b3826d5a2501bf06ab2a2f2c8ab211cc846758f395df21684cb38313?s=96&d=mm&r=g","caption":"luis Camacho"},"url":"https:\/\/www.eldiario.net\/portal\/author\/luis\/"}]}},"_links":{"self":[{"href":"https:\/\/www.eldiario.net\/portal\/wp-json\/wp\/v2\/posts\/318095","targetHints":{"allow":["GET"]}}],"collection":[{"href":"https:\/\/www.eldiario.net\/portal\/wp-json\/wp\/v2\/posts"}],"about":[{"href":"https:\/\/www.eldiario.net\/portal\/wp-json\/wp\/v2\/types\/post"}],"author":[{"embeddable":true,"href":"https:\/\/www.eldiario.net\/portal\/wp-json\/wp\/v2\/users\/2"}],"replies":[{"embeddable":true,"href":"https:\/\/www.eldiario.net\/portal\/wp-json\/wp\/v2\/comments?post=318095"}],"version-history":[{"count":1,"href":"https:\/\/www.eldiario.net\/portal\/wp-json\/wp\/v2\/posts\/318095\/revisions"}],"predecessor-version":[{"id":318096,"href":"https:\/\/www.eldiario.net\/portal\/wp-json\/wp\/v2\/posts\/318095\/revisions\/318096"}],"wp:featuredmedia":[{"embeddable":true,"href":"https:\/\/www.eldiario.net\/portal\/wp-json\/wp\/v2\/media\/292972"}],"wp:attachment":[{"href":"https:\/\/www.eldiario.net\/portal\/wp-json\/wp\/v2\/media?parent=318095"}],"wp:term":[{"taxonomy":"category","embeddable":true,"href":"https:\/\/www.eldiario.net\/portal\/wp-json\/wp\/v2\/categories?post=318095"},{"taxonomy":"post_tag","embeddable":true,"href":"https:\/\/www.eldiario.net\/portal\/wp-json\/wp\/v2\/tags?post=318095"}],"curies":[{"name":"wp","href":"https:\/\/api.w.org\/{rel}","templated":true}]}}