{"id":318088,"date":"2025-07-20T06:54:31","date_gmt":"2025-07-20T10:54:31","guid":{"rendered":"https:\/\/www.eldiario.net\/portal\/?p=318088"},"modified":"2025-07-20T06:54:31","modified_gmt":"2025-07-20T10:54:31","slug":"bolivia-debe-adoptar-normativa-para-garantizar-proteccion-de-defensores-del-medio-ambiente","status":"publish","type":"post","link":"https:\/\/www.eldiario.net\/portal\/2025\/07\/20\/bolivia-debe-adoptar-normativa-para-garantizar-proteccion-de-defensores-del-medio-ambiente\/","title":{"rendered":"Bolivia debe adoptar normativa para garantizar  protecci\u00f3n de defensores del medio ambiente"},"content":{"rendered":"<p>Luego de su reciente visita de trabajo a Bolivia, la Relator\u00eda Especial sobre Derechos Econ\u00f3micos, Sociales, Culturales y Ambientales (Redesca) de la Comisi\u00f3n Interamericana de Derechos Humanos (CIDH) present\u00f3 su informe sobre los incendios forestales que afectaron al pa\u00eds en 2024. Una de las 22 recomendaciones insta al Estado boliviano a adoptar marcos normativos espec\u00edficos que garanticen la protecci\u00f3n integral de las personas defensoras del medio ambiente.<br \/>\nLa recomendaci\u00f3n 20 del informe \u201cImpactos de los incendios forestales en los derechos econ\u00f3micos, sociales, culturales y ambientales y la biodiversidad\u201d exhorta al Estado: \u201cEstablecer mecanismos efectivos de acceso a la justicia ambiental en el contexto de los incendios forestales, contemplando procedimientos administrativos y judiciales adecuados, y adoptar marcos normativos espec\u00edficos para la protecci\u00f3n de personas defensoras del medio ambiente \u2014en particular liderazgos ind\u00edgenas y comunitarios\u2014, con garant\u00edas de seguridad, reconocimiento p\u00fablico de su labor y su participaci\u00f3n activa en pol\u00edticas ambientales\u201d.<br \/>\nLa Redesca visit\u00f3 el pa\u00eds entre el 9 y el 11 de diciembre de 2024 para examinar los efectos que los incendios forestales provocaron a los derechos humanos, con especial atenci\u00f3n sobre el medio ambiente, la salud, la educaci\u00f3n, los medios de vida, el acceso a bienes naturales y los derechos de los pueblos ind\u00edgenas y comunidades rurales.<br \/>\nRepresentantes de pueblos ind\u00edgenas, organizaciones de la sociedad civil y personas defensoras del medio ambiente fueron algunos de los actores que tuvieron contacto con la Redesca y compartieron testimonios sobre las barreras estructurales que enfrentan en su labor de protecci\u00f3n de los territorios y ecosistemas afectados por los incendios forestales de 2024.<br \/>\nEntre las barreras identificadas en el informe est\u00e1n, por ejemplo, aquellas vinculadas con el acceso p\u00fablico a informaci\u00f3n ambiental y la participaci\u00f3n ciudadana en las decisiones relacionadas con la protecci\u00f3n del medio ambiente. Resalta, adem\u00e1s, que hubo una proliferaci\u00f3n de episodios de desinformaci\u00f3n y manipulaci\u00f3n de datos durante la emergencia.<br \/>\n\u201cLa Relator\u00eda Especial recibi\u00f3 numerosos testimonios que manifestaron preocupaci\u00f3n por la falta de informaci\u00f3n oportuna y accesible durante los incendios forestales de 2024, en particular en relaci\u00f3n con los sistemas de alerta temprana, la evoluci\u00f3n de los focos de calor y las acciones estatales desplegadas en los territorios afectados. Estos reclamos provinieron de comunidades ind\u00edgenas, l\u00edderes comunitarios, periodistas ambientales y representantes de organizaciones de la sociedad civil\u201d, se\u00f1ala el organismo.<br \/>\nEn 2021, el Consejo Econ\u00f3mico Social de las Naciones Unidas tambi\u00e9n expres\u00f3 su preocupaci\u00f3n por las \u201ccondiciones de seguridad en que los defensores de derechos humanos desarrollan sus actividades en Bolivia\u201d, esto en el marco de sus observaciones finales sobre el tercer informe peri\u00f3dico universal.<br \/>\nEn ese sentido, recomend\u00f3 al Estado: \u201cAdoptar una pol\u00edtica integral de protecci\u00f3n de los defensores de derechos econ\u00f3micos, sociales y culturales que incluya medidas para prevenir ataques, en particular contra pueblos ind\u00edgenas\u201d. Adem\u00e1s, inst\u00f3 a \u201ccombatir la impunidad en dichos ataques, mediante la investigaci\u00f3n de las amenazas, actos de acoso y violencia, y se asegure de que sus autores sean sancionados\u201d.<br \/>\nSeg\u00fan el Observatorio de Defensoras y Defensores de Derechos de Unitas, en 2024 hubo 93 vulneraciones al derecho a defender derechos en Bolivia, siendo la criminalizaci\u00f3n de personas defensoras de derechos el tipo de vulneraci\u00f3n m\u00e1s frecuente (53 registros, 57%), seguido de la falta de protecci\u00f3n en situaciones de riesgo (14 registros, 15%). Adem\u00e1s, del total de registros, 75% tienen como actores vulnerados a defensores del medio ambiente. (Sumando Voces\/Br\u00fajula Digital)<\/p>\n","protected":false},"excerpt":{"rendered":"<p>Luego de su reciente visita de trabajo a Bolivia, la Relator\u00eda Especial sobre Derechos Econ\u00f3micos, Sociales, Culturales y Ambientales (Redesca) de la Comisi\u00f3n Interamericana de Derechos Humanos (CIDH) present\u00f3 su informe sobre los incendios forestales que afectaron al pa\u00eds en 2024. Una de las 22 recomendaciones insta al Estado boliviano a adoptar marcos normativos espec\u00edficos [&hellip;]<\/p>\n","protected":false},"author":2,"featured_media":318089,"comment_status":"closed","ping_status":"open","sticky":false,"template":"","format":"standard","meta":{"_acf_changed":false,"footnotes":""},"categories":[12],"tags":[],"class_list":["post-318088","post","type-post","status-publish","format-standard","has-post-thumbnail","category-nacional"],"acf":{"antetitulo":"La CIDH recomienda "},"yoast_head":"<!-- This site is optimized with the Yoast SEO plugin v28.3 - https:\/\/yoast.com\/product\/yoast-seo-wordpress\/ -->\n<title>Bolivia debe adoptar normativa para garantizar protecci\u00f3n de defensores del medio ambiente - El Diario - Bolivia<\/title>\n<meta name=\"robots\" content=\"index, follow, max-snippet:-1, max-image-preview:large, max-video-preview:-1\" \/>\n<link rel=\"canonical\" href=\"https:\/\/www.eldiario.net\/portal\/2025\/07\/20\/bolivia-debe-adoptar-normativa-para-garantizar-proteccion-de-defensores-del-medio-ambiente\/\" \/>\n<meta property=\"og:locale\" content=\"es_ES\" \/>\n<meta property=\"og:type\" content=\"article\" \/>\n<meta property=\"og:title\" content=\"Bolivia debe adoptar normativa para garantizar protecci\u00f3n de defensores del medio ambiente - El Diario - Bolivia\" \/>\n<meta property=\"og:description\" content=\"Luego de su reciente visita de trabajo a Bolivia, la Relator\u00eda Especial sobre Derechos Econ\u00f3micos, Sociales, Culturales y Ambientales (Redesca) de la Comisi\u00f3n Interamericana de Derechos Humanos (CIDH) present\u00f3 su informe sobre los incendios forestales que afectaron al pa\u00eds en 2024. Una de las 22 recomendaciones insta al Estado boliviano a adoptar marcos normativos espec\u00edficos [&hellip;]\" \/>\n<meta property=\"og:url\" content=\"https:\/\/www.eldiario.net\/portal\/2025\/07\/20\/bolivia-debe-adoptar-normativa-para-garantizar-proteccion-de-defensores-del-medio-ambiente\/\" \/>\n<meta property=\"og:site_name\" content=\"El Diario - Bolivia\" \/>\n<meta property=\"article:publisher\" content=\"https:\/\/www.facebook.com\/eldiario.bolivia\/\" \/>\n<meta property=\"article:published_time\" content=\"2025-07-20T10:54:31+00:00\" \/>\n<meta property=\"og:image\" content=\"https:\/\/www.eldiario.net\/portal\/wp-content\/uploads\/2025\/07\/10-NAL-COLOR-3.webp\" \/>\n\t<meta property=\"og:image:width\" content=\"800\" \/>\n\t<meta property=\"og:image:height\" content=\"443\" \/>\n\t<meta property=\"og:image:type\" content=\"image\/webp\" \/>\n<meta name=\"author\" content=\"luis Camacho\" \/>\n<meta name=\"twitter:card\" content=\"summary_large_image\" \/>\n<meta name=\"twitter:creator\" content=\"@eldiario_net\" \/>\n<meta name=\"twitter:site\" content=\"@eldiario_net\" \/>\n<meta name=\"twitter:label1\" content=\"Escrito por\" \/>\n\t<meta name=\"twitter:data1\" content=\"luis Camacho\" \/>\n\t<meta name=\"twitter:label2\" content=\"Tiempo de lectura\" \/>\n\t<meta name=\"twitter:data2\" content=\"3 minutos\" \/>\n<script type=\"application\/ld+json\" class=\"yoast-schema-graph\">{\"@context\":\"https:\\\/\\\/schema.org\",\"@graph\":[{\"@type\":\"Article\",\"@id\":\"https:\\\/\\\/www.eldiario.net\\\/portal\\\/2025\\\/07\\\/20\\\/bolivia-debe-adoptar-normativa-para-garantizar-proteccion-de-defensores-del-medio-ambiente\\\/#article\",\"isPartOf\":{\"@id\":\"https:\\\/\\\/www.eldiario.net\\\/portal\\\/2025\\\/07\\\/20\\\/bolivia-debe-adoptar-normativa-para-garantizar-proteccion-de-defensores-del-medio-ambiente\\\/\"},\"author\":{\"name\":\"luis Camacho\",\"@id\":\"https:\\\/\\\/www.eldiario.net\\\/portal\\\/#\\\/schema\\\/person\\\/cab1ae4db27e5f008a62cbffb05fbfee\"},\"headline\":\"Bolivia debe adoptar normativa para garantizar protecci\u00f3n de defensores del medio ambiente\",\"datePublished\":\"2025-07-20T10:54:31+00:00\",\"mainEntityOfPage\":{\"@id\":\"https:\\\/\\\/www.eldiario.net\\\/portal\\\/2025\\\/07\\\/20\\\/bolivia-debe-adoptar-normativa-para-garantizar-proteccion-de-defensores-del-medio-ambiente\\\/\"},\"wordCount\":609,\"publisher\":{\"@id\":\"https:\\\/\\\/www.eldiario.net\\\/portal\\\/#organization\"},\"image\":{\"@id\":\"https:\\\/\\\/www.eldiario.net\\\/portal\\\/2025\\\/07\\\/20\\\/bolivia-debe-adoptar-normativa-para-garantizar-proteccion-de-defensores-del-medio-ambiente\\\/#primaryimage\"},\"thumbnailUrl\":\"https:\\\/\\\/www.eldiario.net\\\/portal\\\/wp-content\\\/uploads\\\/2025\\\/07\\\/10-NAL-COLOR-3.webp\",\"articleSection\":[\"Nacional\"],\"inLanguage\":\"es\"},{\"@type\":\"WebPage\",\"@id\":\"https:\\\/\\\/www.eldiario.net\\\/portal\\\/2025\\\/07\\\/20\\\/bolivia-debe-adoptar-normativa-para-garantizar-proteccion-de-defensores-del-medio-ambiente\\\/\",\"url\":\"https:\\\/\\\/www.eldiario.net\\\/portal\\\/2025\\\/07\\\/20\\\/bolivia-debe-adoptar-normativa-para-garantizar-proteccion-de-defensores-del-medio-ambiente\\\/\",\"name\":\"Bolivia debe adoptar normativa para garantizar protecci\u00f3n de defensores del medio ambiente - El Diario - Bolivia\",\"isPartOf\":{\"@id\":\"https:\\\/\\\/www.eldiario.net\\\/portal\\\/#website\"},\"primaryImageOfPage\":{\"@id\":\"https:\\\/\\\/www.eldiario.net\\\/portal\\\/2025\\\/07\\\/20\\\/bolivia-debe-adoptar-normativa-para-garantizar-proteccion-de-defensores-del-medio-ambiente\\\/#primaryimage\"},\"image\":{\"@id\":\"https:\\\/\\\/www.eldiario.net\\\/portal\\\/2025\\\/07\\\/20\\\/bolivia-debe-adoptar-normativa-para-garantizar-proteccion-de-defensores-del-medio-ambiente\\\/#primaryimage\"},\"thumbnailUrl\":\"https:\\\/\\\/www.eldiario.net\\\/portal\\\/wp-content\\\/uploads\\\/2025\\\/07\\\/10-NAL-COLOR-3.webp\",\"datePublished\":\"2025-07-20T10:54:31+00:00\",\"breadcrumb\":{\"@id\":\"https:\\\/\\\/www.eldiario.net\\\/portal\\\/2025\\\/07\\\/20\\\/bolivia-debe-adoptar-normativa-para-garantizar-proteccion-de-defensores-del-medio-ambiente\\\/#breadcrumb\"},\"inLanguage\":\"es\",\"potentialAction\":[{\"@type\":\"ReadAction\",\"target\":[\"https:\\\/\\\/www.eldiario.net\\\/portal\\\/2025\\\/07\\\/20\\\/bolivia-debe-adoptar-normativa-para-garantizar-proteccion-de-defensores-del-medio-ambiente\\\/\"]}]},{\"@type\":\"ImageObject\",\"inLanguage\":\"es\",\"@id\":\"https:\\\/\\\/www.eldiario.net\\\/portal\\\/2025\\\/07\\\/20\\\/bolivia-debe-adoptar-normativa-para-garantizar-proteccion-de-defensores-del-medio-ambiente\\\/#primaryimage\",\"url\":\"https:\\\/\\\/www.eldiario.net\\\/portal\\\/wp-content\\\/uploads\\\/2025\\\/07\\\/10-NAL-COLOR-3.webp\",\"contentUrl\":\"https:\\\/\\\/www.eldiario.net\\\/portal\\\/wp-content\\\/uploads\\\/2025\\\/07\\\/10-NAL-COLOR-3.webp\",\"width\":800,\"height\":443,\"caption\":\"Todo un equipo trabajando en la sofocaci\u00f3n del fuego.\"},{\"@type\":\"BreadcrumbList\",\"@id\":\"https:\\\/\\\/www.eldiario.net\\\/portal\\\/2025\\\/07\\\/20\\\/bolivia-debe-adoptar-normativa-para-garantizar-proteccion-de-defensores-del-medio-ambiente\\\/#breadcrumb\",\"itemListElement\":[{\"@type\":\"ListItem\",\"position\":1,\"name\":\"Portada\",\"item\":\"https:\\\/\\\/www.eldiario.net\\\/portal\\\/\"},{\"@type\":\"ListItem\",\"position\":2,\"name\":\"Bolivia debe adoptar normativa para garantizar protecci\u00f3n de defensores del medio ambiente\"}]},{\"@type\":\"WebSite\",\"@id\":\"https:\\\/\\\/www.eldiario.net\\\/portal\\\/#website\",\"url\":\"https:\\\/\\\/www.eldiario.net\\\/portal\\\/\",\"name\":\"El Diario - Decano de la prensa nacional\",\"description\":\"El Diario - Decano de la prensa nacional\",\"publisher\":{\"@id\":\"https:\\\/\\\/www.eldiario.net\\\/portal\\\/#organization\"},\"potentialAction\":[{\"@type\":\"SearchAction\",\"target\":{\"@type\":\"EntryPoint\",\"urlTemplate\":\"https:\\\/\\\/www.eldiario.net\\\/portal\\\/?s={search_term_string}\"},\"query-input\":{\"@type\":\"PropertyValueSpecification\",\"valueRequired\":true,\"valueName\":\"search_term_string\"}}],\"inLanguage\":\"es\"},{\"@type\":\"Organization\",\"@id\":\"https:\\\/\\\/www.eldiario.net\\\/portal\\\/#organization\",\"name\":\"El Diario - Decano de la prensa nacional\",\"url\":\"https:\\\/\\\/www.eldiario.net\\\/portal\\\/\",\"logo\":{\"@type\":\"ImageObject\",\"inLanguage\":\"es\",\"@id\":\"https:\\\/\\\/www.eldiario.net\\\/portal\\\/#\\\/schema\\\/logo\\\/image\\\/\",\"url\":\"https:\\\/\\\/www.eldiario.net\\\/portal\\\/wp-content\\\/uploads\\\/2023\\\/07\\\/logo_ED.jpg\",\"contentUrl\":\"https:\\\/\\\/www.eldiario.net\\\/portal\\\/wp-content\\\/uploads\\\/2023\\\/07\\\/logo_ED.jpg\",\"width\":272,\"height\":52,\"caption\":\"El Diario - Decano de la prensa nacional\"},\"image\":{\"@id\":\"https:\\\/\\\/www.eldiario.net\\\/portal\\\/#\\\/schema\\\/logo\\\/image\\\/\"},\"sameAs\":[\"https:\\\/\\\/www.facebook.com\\\/eldiario.bolivia\\\/\",\"https:\\\/\\\/x.com\\\/eldiario_net\"]},{\"@type\":\"Person\",\"@id\":\"https:\\\/\\\/www.eldiario.net\\\/portal\\\/#\\\/schema\\\/person\\\/cab1ae4db27e5f008a62cbffb05fbfee\",\"name\":\"luis Camacho\",\"image\":{\"@type\":\"ImageObject\",\"inLanguage\":\"es\",\"@id\":\"https:\\\/\\\/secure.gravatar.com\\\/avatar\\\/69ecb836b3826d5a2501bf06ab2a2f2c8ab211cc846758f395df21684cb38313?s=96&d=mm&r=g\",\"url\":\"https:\\\/\\\/secure.gravatar.com\\\/avatar\\\/69ecb836b3826d5a2501bf06ab2a2f2c8ab211cc846758f395df21684cb38313?s=96&d=mm&r=g\",\"contentUrl\":\"https:\\\/\\\/secure.gravatar.com\\\/avatar\\\/69ecb836b3826d5a2501bf06ab2a2f2c8ab211cc846758f395df21684cb38313?s=96&d=mm&r=g\",\"caption\":\"luis Camacho\"},\"url\":\"https:\\\/\\\/www.eldiario.net\\\/portal\\\/author\\\/luis\\\/\"}]}<\/script>\n<!-- \/ Yoast SEO plugin. -->","yoast_head_json":{"title":"Bolivia debe adoptar normativa para garantizar protecci\u00f3n de defensores del medio ambiente - El Diario - Bolivia","robots":{"index":"index","follow":"follow","max-snippet":"max-snippet:-1","max-image-preview":"max-image-preview:large","max-video-preview":"max-video-preview:-1"},"canonical":"https:\/\/www.eldiario.net\/portal\/2025\/07\/20\/bolivia-debe-adoptar-normativa-para-garantizar-proteccion-de-defensores-del-medio-ambiente\/","og_locale":"es_ES","og_type":"article","og_title":"Bolivia debe adoptar normativa para garantizar protecci\u00f3n de defensores del medio ambiente - El Diario - Bolivia","og_description":"Luego de su reciente visita de trabajo a Bolivia, la Relator\u00eda Especial sobre Derechos Econ\u00f3micos, Sociales, Culturales y Ambientales (Redesca) de la Comisi\u00f3n Interamericana de Derechos Humanos (CIDH) present\u00f3 su informe sobre los incendios forestales que afectaron al pa\u00eds en 2024. Una de las 22 recomendaciones insta al Estado boliviano a adoptar marcos normativos espec\u00edficos [&hellip;]","og_url":"https:\/\/www.eldiario.net\/portal\/2025\/07\/20\/bolivia-debe-adoptar-normativa-para-garantizar-proteccion-de-defensores-del-medio-ambiente\/","og_site_name":"El Diario - Bolivia","article_publisher":"https:\/\/www.facebook.com\/eldiario.bolivia\/","article_published_time":"2025-07-20T10:54:31+00:00","og_image":[{"width":800,"height":443,"url":"https:\/\/www.eldiario.net\/portal\/wp-content\/uploads\/2025\/07\/10-NAL-COLOR-3.webp","type":"image\/webp"}],"author":"luis Camacho","twitter_card":"summary_large_image","twitter_creator":"@eldiario_net","twitter_site":"@eldiario_net","twitter_misc":{"Escrito por":"luis Camacho","Tiempo de lectura":"3 minutos"},"schema":{"@context":"https:\/\/schema.org","@graph":[{"@type":"Article","@id":"https:\/\/www.eldiario.net\/portal\/2025\/07\/20\/bolivia-debe-adoptar-normativa-para-garantizar-proteccion-de-defensores-del-medio-ambiente\/#article","isPartOf":{"@id":"https:\/\/www.eldiario.net\/portal\/2025\/07\/20\/bolivia-debe-adoptar-normativa-para-garantizar-proteccion-de-defensores-del-medio-ambiente\/"},"author":{"name":"luis Camacho","@id":"https:\/\/www.eldiario.net\/portal\/#\/schema\/person\/cab1ae4db27e5f008a62cbffb05fbfee"},"headline":"Bolivia debe adoptar normativa para garantizar protecci\u00f3n de defensores del medio ambiente","datePublished":"2025-07-20T10:54:31+00:00","mainEntityOfPage":{"@id":"https:\/\/www.eldiario.net\/portal\/2025\/07\/20\/bolivia-debe-adoptar-normativa-para-garantizar-proteccion-de-defensores-del-medio-ambiente\/"},"wordCount":609,"publisher":{"@id":"https:\/\/www.eldiario.net\/portal\/#organization"},"image":{"@id":"https:\/\/www.eldiario.net\/portal\/2025\/07\/20\/bolivia-debe-adoptar-normativa-para-garantizar-proteccion-de-defensores-del-medio-ambiente\/#primaryimage"},"thumbnailUrl":"https:\/\/www.eldiario.net\/portal\/wp-content\/uploads\/2025\/07\/10-NAL-COLOR-3.webp","articleSection":["Nacional"],"inLanguage":"es"},{"@type":"WebPage","@id":"https:\/\/www.eldiario.net\/portal\/2025\/07\/20\/bolivia-debe-adoptar-normativa-para-garantizar-proteccion-de-defensores-del-medio-ambiente\/","url":"https:\/\/www.eldiario.net\/portal\/2025\/07\/20\/bolivia-debe-adoptar-normativa-para-garantizar-proteccion-de-defensores-del-medio-ambiente\/","name":"Bolivia debe adoptar normativa para garantizar protecci\u00f3n de defensores del medio ambiente - El Diario - Bolivia","isPartOf":{"@id":"https:\/\/www.eldiario.net\/portal\/#website"},"primaryImageOfPage":{"@id":"https:\/\/www.eldiario.net\/portal\/2025\/07\/20\/bolivia-debe-adoptar-normativa-para-garantizar-proteccion-de-defensores-del-medio-ambiente\/#primaryimage"},"image":{"@id":"https:\/\/www.eldiario.net\/portal\/2025\/07\/20\/bolivia-debe-adoptar-normativa-para-garantizar-proteccion-de-defensores-del-medio-ambiente\/#primaryimage"},"thumbnailUrl":"https:\/\/www.eldiario.net\/portal\/wp-content\/uploads\/2025\/07\/10-NAL-COLOR-3.webp","datePublished":"2025-07-20T10:54:31+00:00","breadcrumb":{"@id":"https:\/\/www.eldiario.net\/portal\/2025\/07\/20\/bolivia-debe-adoptar-normativa-para-garantizar-proteccion-de-defensores-del-medio-ambiente\/#breadcrumb"},"inLanguage":"es","potentialAction":[{"@type":"ReadAction","target":["https:\/\/www.eldiario.net\/portal\/2025\/07\/20\/bolivia-debe-adoptar-normativa-para-garantizar-proteccion-de-defensores-del-medio-ambiente\/"]}]},{"@type":"ImageObject","inLanguage":"es","@id":"https:\/\/www.eldiario.net\/portal\/2025\/07\/20\/bolivia-debe-adoptar-normativa-para-garantizar-proteccion-de-defensores-del-medio-ambiente\/#primaryimage","url":"https:\/\/www.eldiario.net\/portal\/wp-content\/uploads\/2025\/07\/10-NAL-COLOR-3.webp","contentUrl":"https:\/\/www.eldiario.net\/portal\/wp-content\/uploads\/2025\/07\/10-NAL-COLOR-3.webp","width":800,"height":443,"caption":"Todo un equipo trabajando en la sofocaci\u00f3n del fuego."},{"@type":"BreadcrumbList","@id":"https:\/\/www.eldiario.net\/portal\/2025\/07\/20\/bolivia-debe-adoptar-normativa-para-garantizar-proteccion-de-defensores-del-medio-ambiente\/#breadcrumb","itemListElement":[{"@type":"ListItem","position":1,"name":"Portada","item":"https:\/\/www.eldiario.net\/portal\/"},{"@type":"ListItem","position":2,"name":"Bolivia debe adoptar normativa para garantizar protecci\u00f3n de defensores del medio ambiente"}]},{"@type":"WebSite","@id":"https:\/\/www.eldiario.net\/portal\/#website","url":"https:\/\/www.eldiario.net\/portal\/","name":"El Diario - Decano de la prensa nacional","description":"El Diario - Decano de la prensa nacional","publisher":{"@id":"https:\/\/www.eldiario.net\/portal\/#organization"},"potentialAction":[{"@type":"SearchAction","target":{"@type":"EntryPoint","urlTemplate":"https:\/\/www.eldiario.net\/portal\/?s={search_term_string}"},"query-input":{"@type":"PropertyValueSpecification","valueRequired":true,"valueName":"search_term_string"}}],"inLanguage":"es"},{"@type":"Organization","@id":"https:\/\/www.eldiario.net\/portal\/#organization","name":"El Diario - Decano de la prensa nacional","url":"https:\/\/www.eldiario.net\/portal\/","logo":{"@type":"ImageObject","inLanguage":"es","@id":"https:\/\/www.eldiario.net\/portal\/#\/schema\/logo\/image\/","url":"https:\/\/www.eldiario.net\/portal\/wp-content\/uploads\/2023\/07\/logo_ED.jpg","contentUrl":"https:\/\/www.eldiario.net\/portal\/wp-content\/uploads\/2023\/07\/logo_ED.jpg","width":272,"height":52,"caption":"El Diario - Decano de la prensa nacional"},"image":{"@id":"https:\/\/www.eldiario.net\/portal\/#\/schema\/logo\/image\/"},"sameAs":["https:\/\/www.facebook.com\/eldiario.bolivia\/","https:\/\/x.com\/eldiario_net"]},{"@type":"Person","@id":"https:\/\/www.eldiario.net\/portal\/#\/schema\/person\/cab1ae4db27e5f008a62cbffb05fbfee","name":"luis Camacho","image":{"@type":"ImageObject","inLanguage":"es","@id":"https:\/\/secure.gravatar.com\/avatar\/69ecb836b3826d5a2501bf06ab2a2f2c8ab211cc846758f395df21684cb38313?s=96&d=mm&r=g","url":"https:\/\/secure.gravatar.com\/avatar\/69ecb836b3826d5a2501bf06ab2a2f2c8ab211cc846758f395df21684cb38313?s=96&d=mm&r=g","contentUrl":"https:\/\/secure.gravatar.com\/avatar\/69ecb836b3826d5a2501bf06ab2a2f2c8ab211cc846758f395df21684cb38313?s=96&d=mm&r=g","caption":"luis Camacho"},"url":"https:\/\/www.eldiario.net\/portal\/author\/luis\/"}]}},"_links":{"self":[{"href":"https:\/\/www.eldiario.net\/portal\/wp-json\/wp\/v2\/posts\/318088","targetHints":{"allow":["GET"]}}],"collection":[{"href":"https:\/\/www.eldiario.net\/portal\/wp-json\/wp\/v2\/posts"}],"about":[{"href":"https:\/\/www.eldiario.net\/portal\/wp-json\/wp\/v2\/types\/post"}],"author":[{"embeddable":true,"href":"https:\/\/www.eldiario.net\/portal\/wp-json\/wp\/v2\/users\/2"}],"replies":[{"embeddable":true,"href":"https:\/\/www.eldiario.net\/portal\/wp-json\/wp\/v2\/comments?post=318088"}],"version-history":[{"count":1,"href":"https:\/\/www.eldiario.net\/portal\/wp-json\/wp\/v2\/posts\/318088\/revisions"}],"predecessor-version":[{"id":318090,"href":"https:\/\/www.eldiario.net\/portal\/wp-json\/wp\/v2\/posts\/318088\/revisions\/318090"}],"wp:featuredmedia":[{"embeddable":true,"href":"https:\/\/www.eldiario.net\/portal\/wp-json\/wp\/v2\/media\/318089"}],"wp:attachment":[{"href":"https:\/\/www.eldiario.net\/portal\/wp-json\/wp\/v2\/media?parent=318088"}],"wp:term":[{"taxonomy":"category","embeddable":true,"href":"https:\/\/www.eldiario.net\/portal\/wp-json\/wp\/v2\/categories?post=318088"},{"taxonomy":"post_tag","embeddable":true,"href":"https:\/\/www.eldiario.net\/portal\/wp-json\/wp\/v2\/tags?post=318088"}],"curies":[{"name":"wp","href":"https:\/\/api.w.org\/{rel}","templated":true}]}}