{"id":318085,"date":"2025-07-20T06:52:34","date_gmt":"2025-07-20T10:52:34","guid":{"rendered":"https:\/\/www.eldiario.net\/portal\/?p=318085"},"modified":"2025-07-20T06:52:34","modified_gmt":"2025-07-20T10:52:34","slug":"roban-cables-en-el-viaducto-de-la-avenida-virgen-de-cotoca","status":"publish","type":"post","link":"https:\/\/www.eldiario.net\/portal\/2025\/07\/20\/roban-cables-en-el-viaducto-de-la-avenida-virgen-de-cotoca\/","title":{"rendered":"Roban cables en el viaducto  de la avenida Virgen de Cotoca"},"content":{"rendered":"<p>A solo tres semanas de su inauguraci\u00f3n, el viaducto de la avenida Virgen de Cotoca y cuarto anillo, de la ciudad de Santa Cruz de la Sierra, ya sufre el embate de la delincuencia, seg\u00fan las denuncias de los vecinos del barrio Tota\u00ed, quienes captaron en video a dos sujetos robando cables del alumbrado p\u00fablico a plena luz del d\u00eda.<br \/>\nUn video grabado por un vecino muestra c\u00f3mo los sujetos manipulan las cajas de conexi\u00f3n el\u00e9ctrica y cortan los cables sin protecci\u00f3n alguna.<br \/>\n\u201cUna obra nueva y ya est\u00e1n comenzando a destruir. Es peligroso para el mismo peat\u00f3n que transita por ac\u00e1\u201d, lament\u00f3 Luis Alberto Dorado, vecino de la zona. (Santa Cruz, con datos de Unitel)<\/p>\n","protected":false},"excerpt":{"rendered":"<p>A solo tres semanas de su inauguraci\u00f3n, el viaducto de la avenida Virgen de Cotoca y cuarto anillo, de la ciudad de Santa Cruz de la Sierra, ya sufre el embate de la delincuencia, seg\u00fan las denuncias de los vecinos del barrio Tota\u00ed, quienes captaron en video a dos sujetos robando cables del alumbrado p\u00fablico [&hellip;]<\/p>\n","protected":false},"author":2,"featured_media":318086,"comment_status":"closed","ping_status":"open","sticky":false,"template":"","format":"standard","meta":{"_acf_changed":false,"footnotes":""},"categories":[12],"tags":[],"class_list":["post-318085","post","type-post","status-publish","format-standard","has-post-thumbnail","category-nacional"],"acf":{"antetitulo":"Santa Cruz"},"yoast_head":"<!-- This site is optimized with the Yoast SEO plugin v28.3 - https:\/\/yoast.com\/product\/yoast-seo-wordpress\/ -->\n<title>Roban cables en el viaducto de la avenida Virgen de Cotoca - El Diario - Bolivia<\/title>\n<meta name=\"robots\" content=\"index, follow, max-snippet:-1, max-image-preview:large, max-video-preview:-1\" \/>\n<link rel=\"canonical\" href=\"https:\/\/www.eldiario.net\/portal\/2025\/07\/20\/roban-cables-en-el-viaducto-de-la-avenida-virgen-de-cotoca\/\" \/>\n<meta property=\"og:locale\" content=\"es_ES\" \/>\n<meta property=\"og:type\" content=\"article\" \/>\n<meta property=\"og:title\" content=\"Roban cables en el viaducto de la avenida Virgen de Cotoca - El Diario - Bolivia\" \/>\n<meta property=\"og:description\" content=\"A solo tres semanas de su inauguraci\u00f3n, el viaducto de la avenida Virgen de Cotoca y cuarto anillo, de la ciudad de Santa Cruz de la Sierra, ya sufre el embate de la delincuencia, seg\u00fan las denuncias de los vecinos del barrio Tota\u00ed, quienes captaron en video a dos sujetos robando cables del alumbrado p\u00fablico [&hellip;]\" \/>\n<meta property=\"og:url\" content=\"https:\/\/www.eldiario.net\/portal\/2025\/07\/20\/roban-cables-en-el-viaducto-de-la-avenida-virgen-de-cotoca\/\" \/>\n<meta property=\"og:site_name\" content=\"El Diario - Bolivia\" \/>\n<meta property=\"article:publisher\" content=\"https:\/\/www.facebook.com\/eldiario.bolivia\/\" \/>\n<meta property=\"article:published_time\" content=\"2025-07-20T10:52:34+00:00\" \/>\n<meta property=\"og:image\" content=\"https:\/\/www.eldiario.net\/portal\/wp-content\/uploads\/2025\/07\/11-NAL-COLOR-3.webp\" \/>\n\t<meta property=\"og:image:width\" content=\"1000\" \/>\n\t<meta property=\"og:image:height\" content=\"426\" \/>\n\t<meta property=\"og:image:type\" content=\"image\/webp\" \/>\n<meta name=\"author\" content=\"luis Camacho\" \/>\n<meta name=\"twitter:card\" content=\"summary_large_image\" \/>\n<meta name=\"twitter:creator\" content=\"@eldiario_net\" \/>\n<meta name=\"twitter:site\" content=\"@eldiario_net\" \/>\n<meta name=\"twitter:label1\" content=\"Escrito por\" \/>\n\t<meta name=\"twitter:data1\" content=\"luis Camacho\" \/>\n\t<meta name=\"twitter:label2\" content=\"Tiempo de lectura\" \/>\n\t<meta name=\"twitter:data2\" content=\"1 minuto\" \/>\n<script type=\"application\/ld+json\" class=\"yoast-schema-graph\">{\"@context\":\"https:\\\/\\\/schema.org\",\"@graph\":[{\"@type\":\"Article\",\"@id\":\"https:\\\/\\\/www.eldiario.net\\\/portal\\\/2025\\\/07\\\/20\\\/roban-cables-en-el-viaducto-de-la-avenida-virgen-de-cotoca\\\/#article\",\"isPartOf\":{\"@id\":\"https:\\\/\\\/www.eldiario.net\\\/portal\\\/2025\\\/07\\\/20\\\/roban-cables-en-el-viaducto-de-la-avenida-virgen-de-cotoca\\\/\"},\"author\":{\"name\":\"luis Camacho\",\"@id\":\"https:\\\/\\\/www.eldiario.net\\\/portal\\\/#\\\/schema\\\/person\\\/cab1ae4db27e5f008a62cbffb05fbfee\"},\"headline\":\"Roban cables en el viaducto de la avenida Virgen de Cotoca\",\"datePublished\":\"2025-07-20T10:52:34+00:00\",\"mainEntityOfPage\":{\"@id\":\"https:\\\/\\\/www.eldiario.net\\\/portal\\\/2025\\\/07\\\/20\\\/roban-cables-en-el-viaducto-de-la-avenida-virgen-de-cotoca\\\/\"},\"wordCount\":137,\"publisher\":{\"@id\":\"https:\\\/\\\/www.eldiario.net\\\/portal\\\/#organization\"},\"image\":{\"@id\":\"https:\\\/\\\/www.eldiario.net\\\/portal\\\/2025\\\/07\\\/20\\\/roban-cables-en-el-viaducto-de-la-avenida-virgen-de-cotoca\\\/#primaryimage\"},\"thumbnailUrl\":\"https:\\\/\\\/www.eldiario.net\\\/portal\\\/wp-content\\\/uploads\\\/2025\\\/07\\\/11-NAL-COLOR-3.webp\",\"articleSection\":[\"Nacional\"],\"inLanguage\":\"es\"},{\"@type\":\"WebPage\",\"@id\":\"https:\\\/\\\/www.eldiario.net\\\/portal\\\/2025\\\/07\\\/20\\\/roban-cables-en-el-viaducto-de-la-avenida-virgen-de-cotoca\\\/\",\"url\":\"https:\\\/\\\/www.eldiario.net\\\/portal\\\/2025\\\/07\\\/20\\\/roban-cables-en-el-viaducto-de-la-avenida-virgen-de-cotoca\\\/\",\"name\":\"Roban cables en el viaducto de la avenida Virgen de Cotoca - El Diario - Bolivia\",\"isPartOf\":{\"@id\":\"https:\\\/\\\/www.eldiario.net\\\/portal\\\/#website\"},\"primaryImageOfPage\":{\"@id\":\"https:\\\/\\\/www.eldiario.net\\\/portal\\\/2025\\\/07\\\/20\\\/roban-cables-en-el-viaducto-de-la-avenida-virgen-de-cotoca\\\/#primaryimage\"},\"image\":{\"@id\":\"https:\\\/\\\/www.eldiario.net\\\/portal\\\/2025\\\/07\\\/20\\\/roban-cables-en-el-viaducto-de-la-avenida-virgen-de-cotoca\\\/#primaryimage\"},\"thumbnailUrl\":\"https:\\\/\\\/www.eldiario.net\\\/portal\\\/wp-content\\\/uploads\\\/2025\\\/07\\\/11-NAL-COLOR-3.webp\",\"datePublished\":\"2025-07-20T10:52:34+00:00\",\"breadcrumb\":{\"@id\":\"https:\\\/\\\/www.eldiario.net\\\/portal\\\/2025\\\/07\\\/20\\\/roban-cables-en-el-viaducto-de-la-avenida-virgen-de-cotoca\\\/#breadcrumb\"},\"inLanguage\":\"es\",\"potentialAction\":[{\"@type\":\"ReadAction\",\"target\":[\"https:\\\/\\\/www.eldiario.net\\\/portal\\\/2025\\\/07\\\/20\\\/roban-cables-en-el-viaducto-de-la-avenida-virgen-de-cotoca\\\/\"]}]},{\"@type\":\"ImageObject\",\"inLanguage\":\"es\",\"@id\":\"https:\\\/\\\/www.eldiario.net\\\/portal\\\/2025\\\/07\\\/20\\\/roban-cables-en-el-viaducto-de-la-avenida-virgen-de-cotoca\\\/#primaryimage\",\"url\":\"https:\\\/\\\/www.eldiario.net\\\/portal\\\/wp-content\\\/uploads\\\/2025\\\/07\\\/11-NAL-COLOR-3.webp\",\"contentUrl\":\"https:\\\/\\\/www.eldiario.net\\\/portal\\\/wp-content\\\/uploads\\\/2025\\\/07\\\/11-NAL-COLOR-3.webp\",\"width\":1000,\"height\":426,\"caption\":\"ROBO DE CABLES EN SANTA CRUZ DE LA SIERRA.\"},{\"@type\":\"BreadcrumbList\",\"@id\":\"https:\\\/\\\/www.eldiario.net\\\/portal\\\/2025\\\/07\\\/20\\\/roban-cables-en-el-viaducto-de-la-avenida-virgen-de-cotoca\\\/#breadcrumb\",\"itemListElement\":[{\"@type\":\"ListItem\",\"position\":1,\"name\":\"Portada\",\"item\":\"https:\\\/\\\/www.eldiario.net\\\/portal\\\/\"},{\"@type\":\"ListItem\",\"position\":2,\"name\":\"Roban cables en el viaducto de la avenida Virgen de Cotoca\"}]},{\"@type\":\"WebSite\",\"@id\":\"https:\\\/\\\/www.eldiario.net\\\/portal\\\/#website\",\"url\":\"https:\\\/\\\/www.eldiario.net\\\/portal\\\/\",\"name\":\"El Diario - Decano de la prensa nacional\",\"description\":\"El Diario - Decano de la prensa nacional\",\"publisher\":{\"@id\":\"https:\\\/\\\/www.eldiario.net\\\/portal\\\/#organization\"},\"potentialAction\":[{\"@type\":\"SearchAction\",\"target\":{\"@type\":\"EntryPoint\",\"urlTemplate\":\"https:\\\/\\\/www.eldiario.net\\\/portal\\\/?s={search_term_string}\"},\"query-input\":{\"@type\":\"PropertyValueSpecification\",\"valueRequired\":true,\"valueName\":\"search_term_string\"}}],\"inLanguage\":\"es\"},{\"@type\":\"Organization\",\"@id\":\"https:\\\/\\\/www.eldiario.net\\\/portal\\\/#organization\",\"name\":\"El Diario - Decano de la prensa nacional\",\"url\":\"https:\\\/\\\/www.eldiario.net\\\/portal\\\/\",\"logo\":{\"@type\":\"ImageObject\",\"inLanguage\":\"es\",\"@id\":\"https:\\\/\\\/www.eldiario.net\\\/portal\\\/#\\\/schema\\\/logo\\\/image\\\/\",\"url\":\"https:\\\/\\\/www.eldiario.net\\\/portal\\\/wp-content\\\/uploads\\\/2023\\\/07\\\/logo_ED.jpg\",\"contentUrl\":\"https:\\\/\\\/www.eldiario.net\\\/portal\\\/wp-content\\\/uploads\\\/2023\\\/07\\\/logo_ED.jpg\",\"width\":272,\"height\":52,\"caption\":\"El Diario - Decano de la prensa nacional\"},\"image\":{\"@id\":\"https:\\\/\\\/www.eldiario.net\\\/portal\\\/#\\\/schema\\\/logo\\\/image\\\/\"},\"sameAs\":[\"https:\\\/\\\/www.facebook.com\\\/eldiario.bolivia\\\/\",\"https:\\\/\\\/x.com\\\/eldiario_net\"]},{\"@type\":\"Person\",\"@id\":\"https:\\\/\\\/www.eldiario.net\\\/portal\\\/#\\\/schema\\\/person\\\/cab1ae4db27e5f008a62cbffb05fbfee\",\"name\":\"luis Camacho\",\"image\":{\"@type\":\"ImageObject\",\"inLanguage\":\"es\",\"@id\":\"https:\\\/\\\/secure.gravatar.com\\\/avatar\\\/69ecb836b3826d5a2501bf06ab2a2f2c8ab211cc846758f395df21684cb38313?s=96&d=mm&r=g\",\"url\":\"https:\\\/\\\/secure.gravatar.com\\\/avatar\\\/69ecb836b3826d5a2501bf06ab2a2f2c8ab211cc846758f395df21684cb38313?s=96&d=mm&r=g\",\"contentUrl\":\"https:\\\/\\\/secure.gravatar.com\\\/avatar\\\/69ecb836b3826d5a2501bf06ab2a2f2c8ab211cc846758f395df21684cb38313?s=96&d=mm&r=g\",\"caption\":\"luis Camacho\"},\"url\":\"https:\\\/\\\/www.eldiario.net\\\/portal\\\/author\\\/luis\\\/\"}]}<\/script>\n<!-- \/ Yoast SEO plugin. -->","yoast_head_json":{"title":"Roban cables en el viaducto de la avenida Virgen de Cotoca - El Diario - Bolivia","robots":{"index":"index","follow":"follow","max-snippet":"max-snippet:-1","max-image-preview":"max-image-preview:large","max-video-preview":"max-video-preview:-1"},"canonical":"https:\/\/www.eldiario.net\/portal\/2025\/07\/20\/roban-cables-en-el-viaducto-de-la-avenida-virgen-de-cotoca\/","og_locale":"es_ES","og_type":"article","og_title":"Roban cables en el viaducto de la avenida Virgen de Cotoca - El Diario - Bolivia","og_description":"A solo tres semanas de su inauguraci\u00f3n, el viaducto de la avenida Virgen de Cotoca y cuarto anillo, de la ciudad de Santa Cruz de la Sierra, ya sufre el embate de la delincuencia, seg\u00fan las denuncias de los vecinos del barrio Tota\u00ed, quienes captaron en video a dos sujetos robando cables del alumbrado p\u00fablico [&hellip;]","og_url":"https:\/\/www.eldiario.net\/portal\/2025\/07\/20\/roban-cables-en-el-viaducto-de-la-avenida-virgen-de-cotoca\/","og_site_name":"El Diario - Bolivia","article_publisher":"https:\/\/www.facebook.com\/eldiario.bolivia\/","article_published_time":"2025-07-20T10:52:34+00:00","og_image":[{"width":1000,"height":426,"url":"https:\/\/www.eldiario.net\/portal\/wp-content\/uploads\/2025\/07\/11-NAL-COLOR-3.webp","type":"image\/webp"}],"author":"luis Camacho","twitter_card":"summary_large_image","twitter_creator":"@eldiario_net","twitter_site":"@eldiario_net","twitter_misc":{"Escrito por":"luis Camacho","Tiempo de lectura":"1 minuto"},"schema":{"@context":"https:\/\/schema.org","@graph":[{"@type":"Article","@id":"https:\/\/www.eldiario.net\/portal\/2025\/07\/20\/roban-cables-en-el-viaducto-de-la-avenida-virgen-de-cotoca\/#article","isPartOf":{"@id":"https:\/\/www.eldiario.net\/portal\/2025\/07\/20\/roban-cables-en-el-viaducto-de-la-avenida-virgen-de-cotoca\/"},"author":{"name":"luis Camacho","@id":"https:\/\/www.eldiario.net\/portal\/#\/schema\/person\/cab1ae4db27e5f008a62cbffb05fbfee"},"headline":"Roban cables en el viaducto de la avenida Virgen de Cotoca","datePublished":"2025-07-20T10:52:34+00:00","mainEntityOfPage":{"@id":"https:\/\/www.eldiario.net\/portal\/2025\/07\/20\/roban-cables-en-el-viaducto-de-la-avenida-virgen-de-cotoca\/"},"wordCount":137,"publisher":{"@id":"https:\/\/www.eldiario.net\/portal\/#organization"},"image":{"@id":"https:\/\/www.eldiario.net\/portal\/2025\/07\/20\/roban-cables-en-el-viaducto-de-la-avenida-virgen-de-cotoca\/#primaryimage"},"thumbnailUrl":"https:\/\/www.eldiario.net\/portal\/wp-content\/uploads\/2025\/07\/11-NAL-COLOR-3.webp","articleSection":["Nacional"],"inLanguage":"es"},{"@type":"WebPage","@id":"https:\/\/www.eldiario.net\/portal\/2025\/07\/20\/roban-cables-en-el-viaducto-de-la-avenida-virgen-de-cotoca\/","url":"https:\/\/www.eldiario.net\/portal\/2025\/07\/20\/roban-cables-en-el-viaducto-de-la-avenida-virgen-de-cotoca\/","name":"Roban cables en el viaducto de la avenida Virgen de Cotoca - El Diario - Bolivia","isPartOf":{"@id":"https:\/\/www.eldiario.net\/portal\/#website"},"primaryImageOfPage":{"@id":"https:\/\/www.eldiario.net\/portal\/2025\/07\/20\/roban-cables-en-el-viaducto-de-la-avenida-virgen-de-cotoca\/#primaryimage"},"image":{"@id":"https:\/\/www.eldiario.net\/portal\/2025\/07\/20\/roban-cables-en-el-viaducto-de-la-avenida-virgen-de-cotoca\/#primaryimage"},"thumbnailUrl":"https:\/\/www.eldiario.net\/portal\/wp-content\/uploads\/2025\/07\/11-NAL-COLOR-3.webp","datePublished":"2025-07-20T10:52:34+00:00","breadcrumb":{"@id":"https:\/\/www.eldiario.net\/portal\/2025\/07\/20\/roban-cables-en-el-viaducto-de-la-avenida-virgen-de-cotoca\/#breadcrumb"},"inLanguage":"es","potentialAction":[{"@type":"ReadAction","target":["https:\/\/www.eldiario.net\/portal\/2025\/07\/20\/roban-cables-en-el-viaducto-de-la-avenida-virgen-de-cotoca\/"]}]},{"@type":"ImageObject","inLanguage":"es","@id":"https:\/\/www.eldiario.net\/portal\/2025\/07\/20\/roban-cables-en-el-viaducto-de-la-avenida-virgen-de-cotoca\/#primaryimage","url":"https:\/\/www.eldiario.net\/portal\/wp-content\/uploads\/2025\/07\/11-NAL-COLOR-3.webp","contentUrl":"https:\/\/www.eldiario.net\/portal\/wp-content\/uploads\/2025\/07\/11-NAL-COLOR-3.webp","width":1000,"height":426,"caption":"ROBO DE CABLES EN SANTA CRUZ DE LA SIERRA."},{"@type":"BreadcrumbList","@id":"https:\/\/www.eldiario.net\/portal\/2025\/07\/20\/roban-cables-en-el-viaducto-de-la-avenida-virgen-de-cotoca\/#breadcrumb","itemListElement":[{"@type":"ListItem","position":1,"name":"Portada","item":"https:\/\/www.eldiario.net\/portal\/"},{"@type":"ListItem","position":2,"name":"Roban cables en el viaducto de la avenida Virgen de Cotoca"}]},{"@type":"WebSite","@id":"https:\/\/www.eldiario.net\/portal\/#website","url":"https:\/\/www.eldiario.net\/portal\/","name":"El Diario - Decano de la prensa nacional","description":"El Diario - Decano de la prensa nacional","publisher":{"@id":"https:\/\/www.eldiario.net\/portal\/#organization"},"potentialAction":[{"@type":"SearchAction","target":{"@type":"EntryPoint","urlTemplate":"https:\/\/www.eldiario.net\/portal\/?s={search_term_string}"},"query-input":{"@type":"PropertyValueSpecification","valueRequired":true,"valueName":"search_term_string"}}],"inLanguage":"es"},{"@type":"Organization","@id":"https:\/\/www.eldiario.net\/portal\/#organization","name":"El Diario - Decano de la prensa nacional","url":"https:\/\/www.eldiario.net\/portal\/","logo":{"@type":"ImageObject","inLanguage":"es","@id":"https:\/\/www.eldiario.net\/portal\/#\/schema\/logo\/image\/","url":"https:\/\/www.eldiario.net\/portal\/wp-content\/uploads\/2023\/07\/logo_ED.jpg","contentUrl":"https:\/\/www.eldiario.net\/portal\/wp-content\/uploads\/2023\/07\/logo_ED.jpg","width":272,"height":52,"caption":"El Diario - Decano de la prensa nacional"},"image":{"@id":"https:\/\/www.eldiario.net\/portal\/#\/schema\/logo\/image\/"},"sameAs":["https:\/\/www.facebook.com\/eldiario.bolivia\/","https:\/\/x.com\/eldiario_net"]},{"@type":"Person","@id":"https:\/\/www.eldiario.net\/portal\/#\/schema\/person\/cab1ae4db27e5f008a62cbffb05fbfee","name":"luis Camacho","image":{"@type":"ImageObject","inLanguage":"es","@id":"https:\/\/secure.gravatar.com\/avatar\/69ecb836b3826d5a2501bf06ab2a2f2c8ab211cc846758f395df21684cb38313?s=96&d=mm&r=g","url":"https:\/\/secure.gravatar.com\/avatar\/69ecb836b3826d5a2501bf06ab2a2f2c8ab211cc846758f395df21684cb38313?s=96&d=mm&r=g","contentUrl":"https:\/\/secure.gravatar.com\/avatar\/69ecb836b3826d5a2501bf06ab2a2f2c8ab211cc846758f395df21684cb38313?s=96&d=mm&r=g","caption":"luis Camacho"},"url":"https:\/\/www.eldiario.net\/portal\/author\/luis\/"}]}},"_links":{"self":[{"href":"https:\/\/www.eldiario.net\/portal\/wp-json\/wp\/v2\/posts\/318085","targetHints":{"allow":["GET"]}}],"collection":[{"href":"https:\/\/www.eldiario.net\/portal\/wp-json\/wp\/v2\/posts"}],"about":[{"href":"https:\/\/www.eldiario.net\/portal\/wp-json\/wp\/v2\/types\/post"}],"author":[{"embeddable":true,"href":"https:\/\/www.eldiario.net\/portal\/wp-json\/wp\/v2\/users\/2"}],"replies":[{"embeddable":true,"href":"https:\/\/www.eldiario.net\/portal\/wp-json\/wp\/v2\/comments?post=318085"}],"version-history":[{"count":1,"href":"https:\/\/www.eldiario.net\/portal\/wp-json\/wp\/v2\/posts\/318085\/revisions"}],"predecessor-version":[{"id":318087,"href":"https:\/\/www.eldiario.net\/portal\/wp-json\/wp\/v2\/posts\/318085\/revisions\/318087"}],"wp:featuredmedia":[{"embeddable":true,"href":"https:\/\/www.eldiario.net\/portal\/wp-json\/wp\/v2\/media\/318086"}],"wp:attachment":[{"href":"https:\/\/www.eldiario.net\/portal\/wp-json\/wp\/v2\/media?parent=318085"}],"wp:term":[{"taxonomy":"category","embeddable":true,"href":"https:\/\/www.eldiario.net\/portal\/wp-json\/wp\/v2\/categories?post=318085"},{"taxonomy":"post_tag","embeddable":true,"href":"https:\/\/www.eldiario.net\/portal\/wp-json\/wp\/v2\/tags?post=318085"}],"curies":[{"name":"wp","href":"https:\/\/api.w.org\/{rel}","templated":true}]}}