{"id":318007,"date":"2025-07-20T06:58:58","date_gmt":"2025-07-20T10:58:58","guid":{"rendered":"https:\/\/www.eldiario.net\/portal\/?p=318007"},"modified":"2025-07-19T20:21:59","modified_gmt":"2025-07-20T00:21:59","slug":"los-cuatro-fantasticos-primeros-pasos-de-marvel-studios-llega-a-los-cines-de-bolivia-el-24-de-julio","status":"publish","type":"post","link":"https:\/\/www.eldiario.net\/portal\/2025\/07\/20\/los-cuatro-fantasticos-primeros-pasos-de-marvel-studios-llega-a-los-cines-de-bolivia-el-24-de-julio\/","title":{"rendered":"\u201cLos Cuatro Fant\u00e1sticos: Primeros Pasos de Marvel Studios llega a los cines de Bolivia el 24 de julio"},"content":{"rendered":"<p>Con el vibrante tel\u00f3n de fondo de un mundo retro-futurista inspirado en la d\u00e9cada de 1960, <strong><em>Los Cuatro Fant\u00e1sticos: Primeros Pasos<\/em><\/strong> de Marvel Studios presenta a La Primera Familia de Marvel: Reed Richards \/ Sr. Fant\u00e1stico (Pedro Pascal), Sue Storm \/ Mujer Invisible (Vanessa Kirby), Johnny Storm \/ La Antorcha Humana (Joseph Quinn) y Ben Grimm \/ La Mole (Ebon Moss-Bachrach) mientras enfrentan su m\u00e1s grande desaf\u00edo hasta el momento. Obligados a equilibrar sus roles de h\u00e9roes con la fuerza de su v\u00ednculo familiar, deben defender la Tierra de un voraz dios del espacio llamado Galactus (Ralph Ineson) y su enigm\u00e1tica Heralda, Silver Surfer (Julia Garner). Y si el plan de Galactus de devorar todo el planeta y a todos los que lo habitan no fuera lo suficientemente malo, de repente se vuelve muy personal.<\/p>\n<p>La aventura de acci\u00f3n tambi\u00e9n est\u00e1 protagonizada por Paul Walter Hauser, John Malkovich, Natasha Lyonne y Sarah Niles. <strong><em>Los Cuatro Fant\u00e1sticos: Primeros Pasos<\/em><\/strong> est\u00e1 dirigida por Matt Shakman, producida por Kevin Feige y producida por Louis D&#8217;Esposito, Grant Curtis y Tim Lewis.<\/p>\n<div id='gallery-1' class='gallery galleryid-318007 gallery-columns-3 gallery-size-thumbnail'><figure class='gallery-item'>\n\t\t\t<div class='gallery-icon landscape'>\n\t\t\t\t<a href='https:\/\/www.eldiario.net\/portal\/2025\/07\/20\/los-cuatro-fantasticos-primeros-pasos-de-marvel-studios-llega-a-los-cines-de-bolivia-el-24-de-julio\/los-cuatro-fantasticos-primeros-pasos-de-marvel-studios-llega-a-los-cines-de-bolivia-el-24-de-julio-2\/'><img loading=\"lazy\" decoding=\"async\" width=\"150\" height=\"150\" src=\"https:\/\/www.eldiario.net\/portal\/wp-content\/uploads\/2025\/07\/Los-Cuatro-Fantasticos-Primeros-Pasos-de-Marvel-Studios-llega-a-los-cines-de-Bolivia-el-24-de-julio-2-150x150.webp\" class=\"attachment-thumbnail size-thumbnail\" alt=\"\" \/><\/a>\n\t\t\t<\/div><\/figure><figure class='gallery-item'>\n\t\t\t<div class='gallery-icon landscape'>\n\t\t\t\t<a href='https:\/\/www.eldiario.net\/portal\/2025\/07\/20\/los-cuatro-fantasticos-primeros-pasos-de-marvel-studios-llega-a-los-cines-de-bolivia-el-24-de-julio\/los-cuatro-fantasticos-primeros-pasos-de-marvel-studios-llega-a-los-cines-de-bolivia-el-24-de-julio\/'><img loading=\"lazy\" decoding=\"async\" width=\"150\" height=\"150\" src=\"https:\/\/www.eldiario.net\/portal\/wp-content\/uploads\/2025\/07\/Los-Cuatro-Fantasticos-Primeros-Pasos-de-Marvel-Studios-llega-a-los-cines-de-Bolivia-el-24-de-julio-150x150.webp\" class=\"attachment-thumbnail size-thumbnail\" alt=\"\" \/><\/a>\n\t\t\t<\/div><\/figure><figure class='gallery-item'>\n\t\t\t<div class='gallery-icon landscape'>\n\t\t\t\t<a href='https:\/\/www.eldiario.net\/portal\/2025\/07\/20\/los-cuatro-fantasticos-primeros-pasos-de-marvel-studios-llega-a-los-cines-de-bolivia-el-24-de-julio\/los-cuatro-fantasticos-primeros-pasos-de-marvel-studios-llega-a-los-cines-de-bolivia-el-24-de-julio-5\/'><img loading=\"lazy\" decoding=\"async\" width=\"150\" height=\"150\" src=\"https:\/\/www.eldiario.net\/portal\/wp-content\/uploads\/2025\/07\/Los-Cuatro-Fantasticos-Primeros-Pasos-de-Marvel-Studios-llega-a-los-cines-de-Bolivia-el-24-de-julio-5-150x150.webp\" class=\"attachment-thumbnail size-thumbnail\" alt=\"\" \/><\/a>\n\t\t\t<\/div><\/figure><figure class='gallery-item'>\n\t\t\t<div class='gallery-icon landscape'>\n\t\t\t\t<a href='https:\/\/www.eldiario.net\/portal\/2025\/07\/20\/los-cuatro-fantasticos-primeros-pasos-de-marvel-studios-llega-a-los-cines-de-bolivia-el-24-de-julio\/los-cuatro-fantasticos-primeros-pasos-de-marvel-studios-llega-a-los-cines-de-bolivia-el-24-de-julio-4\/'><img loading=\"lazy\" decoding=\"async\" width=\"150\" height=\"150\" src=\"https:\/\/www.eldiario.net\/portal\/wp-content\/uploads\/2025\/07\/Los-Cuatro-Fantasticos-Primeros-Pasos-de-Marvel-Studios-llega-a-los-cines-de-Bolivia-el-24-de-julio-4-150x150.webp\" class=\"attachment-thumbnail size-thumbnail\" alt=\"\" \/><\/a>\n\t\t\t<\/div><\/figure><figure class='gallery-item'>\n\t\t\t<div class='gallery-icon landscape'>\n\t\t\t\t<a href='https:\/\/www.eldiario.net\/portal\/2025\/07\/20\/los-cuatro-fantasticos-primeros-pasos-de-marvel-studios-llega-a-los-cines-de-bolivia-el-24-de-julio\/los-cuatro-fantasticos-primeros-pasos-de-marvel-studios-llega-a-los-cines-de-bolivia-el-24-de-julio-3\/'><img loading=\"lazy\" decoding=\"async\" width=\"150\" height=\"150\" src=\"https:\/\/www.eldiario.net\/portal\/wp-content\/uploads\/2025\/07\/Los-Cuatro-Fantasticos-Primeros-Pasos-de-Marvel-Studios-llega-a-los-cines-de-Bolivia-el-24-de-julio-3-150x150.webp\" class=\"attachment-thumbnail size-thumbnail\" alt=\"\" \/><\/a>\n\t\t\t<\/div><\/figure>\n\t\t<\/div>\n\n","protected":false},"excerpt":{"rendered":"<p>Con el vibrante tel\u00f3n de fondo de un mundo retro-futurista inspirado en la d\u00e9cada de 1960, Los Cuatro Fant\u00e1sticos: Primeros Pasos de Marvel Studios presenta a La Primera Familia de Marvel: Reed Richards \/ Sr. Fant\u00e1stico (Pedro Pascal), Sue Storm \/ Mujer Invisible (Vanessa Kirby), Johnny Storm \/ La Antorcha Humana (Joseph Quinn) y Ben [&hellip;]<\/p>\n","protected":false},"author":2,"featured_media":318012,"comment_status":"closed","ping_status":"open","sticky":false,"template":"","format":"standard","meta":{"_acf_changed":false,"footnotes":""},"categories":[45],"tags":[],"class_list":["post-318007","post","type-post","status-publish","format-standard","has-post-thumbnail","category-cine-mundo"],"acf":{"antetitulo":""},"yoast_head":"<!-- This site is optimized with the Yoast SEO plugin v28.3 - https:\/\/yoast.com\/product\/yoast-seo-wordpress\/ -->\n<title>\u201cLos Cuatro Fant\u00e1sticos: Primeros Pasos de Marvel Studios llega a los cines de Bolivia el 24 de julio - El Diario - Bolivia<\/title>\n<meta name=\"robots\" content=\"index, follow, max-snippet:-1, max-image-preview:large, max-video-preview:-1\" \/>\n<link rel=\"canonical\" href=\"https:\/\/www.eldiario.net\/portal\/2025\/07\/20\/los-cuatro-fantasticos-primeros-pasos-de-marvel-studios-llega-a-los-cines-de-bolivia-el-24-de-julio\/\" \/>\n<meta property=\"og:locale\" content=\"es_ES\" \/>\n<meta property=\"og:type\" content=\"article\" \/>\n<meta property=\"og:title\" content=\"\u201cLos Cuatro Fant\u00e1sticos: Primeros Pasos de Marvel Studios llega a los cines de Bolivia el 24 de julio - El Diario - Bolivia\" \/>\n<meta property=\"og:description\" content=\"Con el vibrante tel\u00f3n de fondo de un mundo retro-futurista inspirado en la d\u00e9cada de 1960, Los Cuatro Fant\u00e1sticos: Primeros Pasos de Marvel Studios presenta a La Primera Familia de Marvel: Reed Richards \/ Sr. Fant\u00e1stico (Pedro Pascal), Sue Storm \/ Mujer Invisible (Vanessa Kirby), Johnny Storm \/ La Antorcha Humana (Joseph Quinn) y Ben [&hellip;]\" \/>\n<meta property=\"og:url\" content=\"https:\/\/www.eldiario.net\/portal\/2025\/07\/20\/los-cuatro-fantasticos-primeros-pasos-de-marvel-studios-llega-a-los-cines-de-bolivia-el-24-de-julio\/\" \/>\n<meta property=\"og:site_name\" content=\"El Diario - Bolivia\" \/>\n<meta property=\"article:publisher\" content=\"https:\/\/www.facebook.com\/eldiario.bolivia\/\" \/>\n<meta property=\"article:published_time\" content=\"2025-07-20T10:58:58+00:00\" \/>\n<meta property=\"og:image\" content=\"https:\/\/www.eldiario.net\/portal\/wp-content\/uploads\/2025\/07\/Los-Cuatro-Fantasticos-Primeros-Pasos-de-Marvel-Studios-llega-a-los-cines-de-Bolivia-el-24-de-julio-2.webp\" \/>\n\t<meta property=\"og:image:width\" content=\"1092\" \/>\n\t<meta property=\"og:image:height\" content=\"458\" \/>\n\t<meta property=\"og:image:type\" content=\"image\/webp\" \/>\n<meta name=\"author\" content=\"luis Camacho\" \/>\n<meta name=\"twitter:card\" content=\"summary_large_image\" \/>\n<meta name=\"twitter:creator\" content=\"@eldiario_net\" \/>\n<meta name=\"twitter:site\" content=\"@eldiario_net\" \/>\n<meta name=\"twitter:label1\" content=\"Escrito por\" \/>\n\t<meta name=\"twitter:data1\" content=\"luis Camacho\" \/>\n\t<meta name=\"twitter:label2\" content=\"Tiempo de lectura\" \/>\n\t<meta name=\"twitter:data2\" content=\"2 minutos\" \/>\n<script type=\"application\/ld+json\" class=\"yoast-schema-graph\">{\"@context\":\"https:\\\/\\\/schema.org\",\"@graph\":[{\"@type\":\"Article\",\"@id\":\"https:\\\/\\\/www.eldiario.net\\\/portal\\\/2025\\\/07\\\/20\\\/los-cuatro-fantasticos-primeros-pasos-de-marvel-studios-llega-a-los-cines-de-bolivia-el-24-de-julio\\\/#article\",\"isPartOf\":{\"@id\":\"https:\\\/\\\/www.eldiario.net\\\/portal\\\/2025\\\/07\\\/20\\\/los-cuatro-fantasticos-primeros-pasos-de-marvel-studios-llega-a-los-cines-de-bolivia-el-24-de-julio\\\/\"},\"author\":{\"name\":\"luis Camacho\",\"@id\":\"https:\\\/\\\/www.eldiario.net\\\/portal\\\/#\\\/schema\\\/person\\\/cab1ae4db27e5f008a62cbffb05fbfee\"},\"headline\":\"\u201cLos Cuatro Fant\u00e1sticos: Primeros Pasos de Marvel Studios llega a los cines de Bolivia el 24 de julio\",\"datePublished\":\"2025-07-20T10:58:58+00:00\",\"mainEntityOfPage\":{\"@id\":\"https:\\\/\\\/www.eldiario.net\\\/portal\\\/2025\\\/07\\\/20\\\/los-cuatro-fantasticos-primeros-pasos-de-marvel-studios-llega-a-los-cines-de-bolivia-el-24-de-julio\\\/\"},\"wordCount\":205,\"publisher\":{\"@id\":\"https:\\\/\\\/www.eldiario.net\\\/portal\\\/#organization\"},\"image\":{\"@id\":\"https:\\\/\\\/www.eldiario.net\\\/portal\\\/2025\\\/07\\\/20\\\/los-cuatro-fantasticos-primeros-pasos-de-marvel-studios-llega-a-los-cines-de-bolivia-el-24-de-julio\\\/#primaryimage\"},\"thumbnailUrl\":\"https:\\\/\\\/www.eldiario.net\\\/portal\\\/wp-content\\\/uploads\\\/2025\\\/07\\\/Los-Cuatro-Fantasticos-Primeros-Pasos-de-Marvel-Studios-llega-a-los-cines-de-Bolivia-el-24-de-julio-2.webp\",\"articleSection\":[\"Cine Mundo\"],\"inLanguage\":\"es\"},{\"@type\":\"WebPage\",\"@id\":\"https:\\\/\\\/www.eldiario.net\\\/portal\\\/2025\\\/07\\\/20\\\/los-cuatro-fantasticos-primeros-pasos-de-marvel-studios-llega-a-los-cines-de-bolivia-el-24-de-julio\\\/\",\"url\":\"https:\\\/\\\/www.eldiario.net\\\/portal\\\/2025\\\/07\\\/20\\\/los-cuatro-fantasticos-primeros-pasos-de-marvel-studios-llega-a-los-cines-de-bolivia-el-24-de-julio\\\/\",\"name\":\"\u201cLos Cuatro Fant\u00e1sticos: Primeros Pasos de Marvel Studios llega a los cines de Bolivia el 24 de julio - El Diario - Bolivia\",\"isPartOf\":{\"@id\":\"https:\\\/\\\/www.eldiario.net\\\/portal\\\/#website\"},\"primaryImageOfPage\":{\"@id\":\"https:\\\/\\\/www.eldiario.net\\\/portal\\\/2025\\\/07\\\/20\\\/los-cuatro-fantasticos-primeros-pasos-de-marvel-studios-llega-a-los-cines-de-bolivia-el-24-de-julio\\\/#primaryimage\"},\"image\":{\"@id\":\"https:\\\/\\\/www.eldiario.net\\\/portal\\\/2025\\\/07\\\/20\\\/los-cuatro-fantasticos-primeros-pasos-de-marvel-studios-llega-a-los-cines-de-bolivia-el-24-de-julio\\\/#primaryimage\"},\"thumbnailUrl\":\"https:\\\/\\\/www.eldiario.net\\\/portal\\\/wp-content\\\/uploads\\\/2025\\\/07\\\/Los-Cuatro-Fantasticos-Primeros-Pasos-de-Marvel-Studios-llega-a-los-cines-de-Bolivia-el-24-de-julio-2.webp\",\"datePublished\":\"2025-07-20T10:58:58+00:00\",\"breadcrumb\":{\"@id\":\"https:\\\/\\\/www.eldiario.net\\\/portal\\\/2025\\\/07\\\/20\\\/los-cuatro-fantasticos-primeros-pasos-de-marvel-studios-llega-a-los-cines-de-bolivia-el-24-de-julio\\\/#breadcrumb\"},\"inLanguage\":\"es\",\"potentialAction\":[{\"@type\":\"ReadAction\",\"target\":[\"https:\\\/\\\/www.eldiario.net\\\/portal\\\/2025\\\/07\\\/20\\\/los-cuatro-fantasticos-primeros-pasos-de-marvel-studios-llega-a-los-cines-de-bolivia-el-24-de-julio\\\/\"]}]},{\"@type\":\"ImageObject\",\"inLanguage\":\"es\",\"@id\":\"https:\\\/\\\/www.eldiario.net\\\/portal\\\/2025\\\/07\\\/20\\\/los-cuatro-fantasticos-primeros-pasos-de-marvel-studios-llega-a-los-cines-de-bolivia-el-24-de-julio\\\/#primaryimage\",\"url\":\"https:\\\/\\\/www.eldiario.net\\\/portal\\\/wp-content\\\/uploads\\\/2025\\\/07\\\/Los-Cuatro-Fantasticos-Primeros-Pasos-de-Marvel-Studios-llega-a-los-cines-de-Bolivia-el-24-de-julio-2.webp\",\"contentUrl\":\"https:\\\/\\\/www.eldiario.net\\\/portal\\\/wp-content\\\/uploads\\\/2025\\\/07\\\/Los-Cuatro-Fantasticos-Primeros-Pasos-de-Marvel-Studios-llega-a-los-cines-de-Bolivia-el-24-de-julio-2.webp\",\"width\":1092,\"height\":458},{\"@type\":\"BreadcrumbList\",\"@id\":\"https:\\\/\\\/www.eldiario.net\\\/portal\\\/2025\\\/07\\\/20\\\/los-cuatro-fantasticos-primeros-pasos-de-marvel-studios-llega-a-los-cines-de-bolivia-el-24-de-julio\\\/#breadcrumb\",\"itemListElement\":[{\"@type\":\"ListItem\",\"position\":1,\"name\":\"Portada\",\"item\":\"https:\\\/\\\/www.eldiario.net\\\/portal\\\/\"},{\"@type\":\"ListItem\",\"position\":2,\"name\":\"\u201cLos Cuatro Fant\u00e1sticos: Primeros Pasos de Marvel Studios llega a los cines de Bolivia el 24 de julio\"}]},{\"@type\":\"WebSite\",\"@id\":\"https:\\\/\\\/www.eldiario.net\\\/portal\\\/#website\",\"url\":\"https:\\\/\\\/www.eldiario.net\\\/portal\\\/\",\"name\":\"El Diario - Decano de la prensa nacional\",\"description\":\"El Diario - Decano de la prensa nacional\",\"publisher\":{\"@id\":\"https:\\\/\\\/www.eldiario.net\\\/portal\\\/#organization\"},\"potentialAction\":[{\"@type\":\"SearchAction\",\"target\":{\"@type\":\"EntryPoint\",\"urlTemplate\":\"https:\\\/\\\/www.eldiario.net\\\/portal\\\/?s={search_term_string}\"},\"query-input\":{\"@type\":\"PropertyValueSpecification\",\"valueRequired\":true,\"valueName\":\"search_term_string\"}}],\"inLanguage\":\"es\"},{\"@type\":\"Organization\",\"@id\":\"https:\\\/\\\/www.eldiario.net\\\/portal\\\/#organization\",\"name\":\"El Diario - Decano de la prensa nacional\",\"url\":\"https:\\\/\\\/www.eldiario.net\\\/portal\\\/\",\"logo\":{\"@type\":\"ImageObject\",\"inLanguage\":\"es\",\"@id\":\"https:\\\/\\\/www.eldiario.net\\\/portal\\\/#\\\/schema\\\/logo\\\/image\\\/\",\"url\":\"https:\\\/\\\/www.eldiario.net\\\/portal\\\/wp-content\\\/uploads\\\/2023\\\/07\\\/logo_ED.jpg\",\"contentUrl\":\"https:\\\/\\\/www.eldiario.net\\\/portal\\\/wp-content\\\/uploads\\\/2023\\\/07\\\/logo_ED.jpg\",\"width\":272,\"height\":52,\"caption\":\"El Diario - Decano de la prensa nacional\"},\"image\":{\"@id\":\"https:\\\/\\\/www.eldiario.net\\\/portal\\\/#\\\/schema\\\/logo\\\/image\\\/\"},\"sameAs\":[\"https:\\\/\\\/www.facebook.com\\\/eldiario.bolivia\\\/\",\"https:\\\/\\\/x.com\\\/eldiario_net\"]},{\"@type\":\"Person\",\"@id\":\"https:\\\/\\\/www.eldiario.net\\\/portal\\\/#\\\/schema\\\/person\\\/cab1ae4db27e5f008a62cbffb05fbfee\",\"name\":\"luis Camacho\",\"image\":{\"@type\":\"ImageObject\",\"inLanguage\":\"es\",\"@id\":\"https:\\\/\\\/secure.gravatar.com\\\/avatar\\\/69ecb836b3826d5a2501bf06ab2a2f2c8ab211cc846758f395df21684cb38313?s=96&d=mm&r=g\",\"url\":\"https:\\\/\\\/secure.gravatar.com\\\/avatar\\\/69ecb836b3826d5a2501bf06ab2a2f2c8ab211cc846758f395df21684cb38313?s=96&d=mm&r=g\",\"contentUrl\":\"https:\\\/\\\/secure.gravatar.com\\\/avatar\\\/69ecb836b3826d5a2501bf06ab2a2f2c8ab211cc846758f395df21684cb38313?s=96&d=mm&r=g\",\"caption\":\"luis Camacho\"},\"url\":\"https:\\\/\\\/www.eldiario.net\\\/portal\\\/author\\\/luis\\\/\"}]}<\/script>\n<!-- \/ Yoast SEO plugin. -->","yoast_head_json":{"title":"\u201cLos Cuatro Fant\u00e1sticos: Primeros Pasos de Marvel Studios llega a los cines de Bolivia el 24 de julio - El Diario - Bolivia","robots":{"index":"index","follow":"follow","max-snippet":"max-snippet:-1","max-image-preview":"max-image-preview:large","max-video-preview":"max-video-preview:-1"},"canonical":"https:\/\/www.eldiario.net\/portal\/2025\/07\/20\/los-cuatro-fantasticos-primeros-pasos-de-marvel-studios-llega-a-los-cines-de-bolivia-el-24-de-julio\/","og_locale":"es_ES","og_type":"article","og_title":"\u201cLos Cuatro Fant\u00e1sticos: Primeros Pasos de Marvel Studios llega a los cines de Bolivia el 24 de julio - El Diario - Bolivia","og_description":"Con el vibrante tel\u00f3n de fondo de un mundo retro-futurista inspirado en la d\u00e9cada de 1960, Los Cuatro Fant\u00e1sticos: Primeros Pasos de Marvel Studios presenta a La Primera Familia de Marvel: Reed Richards \/ Sr. Fant\u00e1stico (Pedro Pascal), Sue Storm \/ Mujer Invisible (Vanessa Kirby), Johnny Storm \/ La Antorcha Humana (Joseph Quinn) y Ben [&hellip;]","og_url":"https:\/\/www.eldiario.net\/portal\/2025\/07\/20\/los-cuatro-fantasticos-primeros-pasos-de-marvel-studios-llega-a-los-cines-de-bolivia-el-24-de-julio\/","og_site_name":"El Diario - Bolivia","article_publisher":"https:\/\/www.facebook.com\/eldiario.bolivia\/","article_published_time":"2025-07-20T10:58:58+00:00","og_image":[{"width":1092,"height":458,"url":"https:\/\/www.eldiario.net\/portal\/wp-content\/uploads\/2025\/07\/Los-Cuatro-Fantasticos-Primeros-Pasos-de-Marvel-Studios-llega-a-los-cines-de-Bolivia-el-24-de-julio-2.webp","type":"image\/webp"}],"author":"luis Camacho","twitter_card":"summary_large_image","twitter_creator":"@eldiario_net","twitter_site":"@eldiario_net","twitter_misc":{"Escrito por":"luis Camacho","Tiempo de lectura":"2 minutos"},"schema":{"@context":"https:\/\/schema.org","@graph":[{"@type":"Article","@id":"https:\/\/www.eldiario.net\/portal\/2025\/07\/20\/los-cuatro-fantasticos-primeros-pasos-de-marvel-studios-llega-a-los-cines-de-bolivia-el-24-de-julio\/#article","isPartOf":{"@id":"https:\/\/www.eldiario.net\/portal\/2025\/07\/20\/los-cuatro-fantasticos-primeros-pasos-de-marvel-studios-llega-a-los-cines-de-bolivia-el-24-de-julio\/"},"author":{"name":"luis Camacho","@id":"https:\/\/www.eldiario.net\/portal\/#\/schema\/person\/cab1ae4db27e5f008a62cbffb05fbfee"},"headline":"\u201cLos Cuatro Fant\u00e1sticos: Primeros Pasos de Marvel Studios llega a los cines de Bolivia el 24 de julio","datePublished":"2025-07-20T10:58:58+00:00","mainEntityOfPage":{"@id":"https:\/\/www.eldiario.net\/portal\/2025\/07\/20\/los-cuatro-fantasticos-primeros-pasos-de-marvel-studios-llega-a-los-cines-de-bolivia-el-24-de-julio\/"},"wordCount":205,"publisher":{"@id":"https:\/\/www.eldiario.net\/portal\/#organization"},"image":{"@id":"https:\/\/www.eldiario.net\/portal\/2025\/07\/20\/los-cuatro-fantasticos-primeros-pasos-de-marvel-studios-llega-a-los-cines-de-bolivia-el-24-de-julio\/#primaryimage"},"thumbnailUrl":"https:\/\/www.eldiario.net\/portal\/wp-content\/uploads\/2025\/07\/Los-Cuatro-Fantasticos-Primeros-Pasos-de-Marvel-Studios-llega-a-los-cines-de-Bolivia-el-24-de-julio-2.webp","articleSection":["Cine Mundo"],"inLanguage":"es"},{"@type":"WebPage","@id":"https:\/\/www.eldiario.net\/portal\/2025\/07\/20\/los-cuatro-fantasticos-primeros-pasos-de-marvel-studios-llega-a-los-cines-de-bolivia-el-24-de-julio\/","url":"https:\/\/www.eldiario.net\/portal\/2025\/07\/20\/los-cuatro-fantasticos-primeros-pasos-de-marvel-studios-llega-a-los-cines-de-bolivia-el-24-de-julio\/","name":"\u201cLos Cuatro Fant\u00e1sticos: Primeros Pasos de Marvel Studios llega a los cines de Bolivia el 24 de julio - El Diario - Bolivia","isPartOf":{"@id":"https:\/\/www.eldiario.net\/portal\/#website"},"primaryImageOfPage":{"@id":"https:\/\/www.eldiario.net\/portal\/2025\/07\/20\/los-cuatro-fantasticos-primeros-pasos-de-marvel-studios-llega-a-los-cines-de-bolivia-el-24-de-julio\/#primaryimage"},"image":{"@id":"https:\/\/www.eldiario.net\/portal\/2025\/07\/20\/los-cuatro-fantasticos-primeros-pasos-de-marvel-studios-llega-a-los-cines-de-bolivia-el-24-de-julio\/#primaryimage"},"thumbnailUrl":"https:\/\/www.eldiario.net\/portal\/wp-content\/uploads\/2025\/07\/Los-Cuatro-Fantasticos-Primeros-Pasos-de-Marvel-Studios-llega-a-los-cines-de-Bolivia-el-24-de-julio-2.webp","datePublished":"2025-07-20T10:58:58+00:00","breadcrumb":{"@id":"https:\/\/www.eldiario.net\/portal\/2025\/07\/20\/los-cuatro-fantasticos-primeros-pasos-de-marvel-studios-llega-a-los-cines-de-bolivia-el-24-de-julio\/#breadcrumb"},"inLanguage":"es","potentialAction":[{"@type":"ReadAction","target":["https:\/\/www.eldiario.net\/portal\/2025\/07\/20\/los-cuatro-fantasticos-primeros-pasos-de-marvel-studios-llega-a-los-cines-de-bolivia-el-24-de-julio\/"]}]},{"@type":"ImageObject","inLanguage":"es","@id":"https:\/\/www.eldiario.net\/portal\/2025\/07\/20\/los-cuatro-fantasticos-primeros-pasos-de-marvel-studios-llega-a-los-cines-de-bolivia-el-24-de-julio\/#primaryimage","url":"https:\/\/www.eldiario.net\/portal\/wp-content\/uploads\/2025\/07\/Los-Cuatro-Fantasticos-Primeros-Pasos-de-Marvel-Studios-llega-a-los-cines-de-Bolivia-el-24-de-julio-2.webp","contentUrl":"https:\/\/www.eldiario.net\/portal\/wp-content\/uploads\/2025\/07\/Los-Cuatro-Fantasticos-Primeros-Pasos-de-Marvel-Studios-llega-a-los-cines-de-Bolivia-el-24-de-julio-2.webp","width":1092,"height":458},{"@type":"BreadcrumbList","@id":"https:\/\/www.eldiario.net\/portal\/2025\/07\/20\/los-cuatro-fantasticos-primeros-pasos-de-marvel-studios-llega-a-los-cines-de-bolivia-el-24-de-julio\/#breadcrumb","itemListElement":[{"@type":"ListItem","position":1,"name":"Portada","item":"https:\/\/www.eldiario.net\/portal\/"},{"@type":"ListItem","position":2,"name":"\u201cLos Cuatro Fant\u00e1sticos: Primeros Pasos de Marvel Studios llega a los cines de Bolivia el 24 de julio"}]},{"@type":"WebSite","@id":"https:\/\/www.eldiario.net\/portal\/#website","url":"https:\/\/www.eldiario.net\/portal\/","name":"El Diario - Decano de la prensa nacional","description":"El Diario - Decano de la prensa nacional","publisher":{"@id":"https:\/\/www.eldiario.net\/portal\/#organization"},"potentialAction":[{"@type":"SearchAction","target":{"@type":"EntryPoint","urlTemplate":"https:\/\/www.eldiario.net\/portal\/?s={search_term_string}"},"query-input":{"@type":"PropertyValueSpecification","valueRequired":true,"valueName":"search_term_string"}}],"inLanguage":"es"},{"@type":"Organization","@id":"https:\/\/www.eldiario.net\/portal\/#organization","name":"El Diario - Decano de la prensa nacional","url":"https:\/\/www.eldiario.net\/portal\/","logo":{"@type":"ImageObject","inLanguage":"es","@id":"https:\/\/www.eldiario.net\/portal\/#\/schema\/logo\/image\/","url":"https:\/\/www.eldiario.net\/portal\/wp-content\/uploads\/2023\/07\/logo_ED.jpg","contentUrl":"https:\/\/www.eldiario.net\/portal\/wp-content\/uploads\/2023\/07\/logo_ED.jpg","width":272,"height":52,"caption":"El Diario - Decano de la prensa nacional"},"image":{"@id":"https:\/\/www.eldiario.net\/portal\/#\/schema\/logo\/image\/"},"sameAs":["https:\/\/www.facebook.com\/eldiario.bolivia\/","https:\/\/x.com\/eldiario_net"]},{"@type":"Person","@id":"https:\/\/www.eldiario.net\/portal\/#\/schema\/person\/cab1ae4db27e5f008a62cbffb05fbfee","name":"luis Camacho","image":{"@type":"ImageObject","inLanguage":"es","@id":"https:\/\/secure.gravatar.com\/avatar\/69ecb836b3826d5a2501bf06ab2a2f2c8ab211cc846758f395df21684cb38313?s=96&d=mm&r=g","url":"https:\/\/secure.gravatar.com\/avatar\/69ecb836b3826d5a2501bf06ab2a2f2c8ab211cc846758f395df21684cb38313?s=96&d=mm&r=g","contentUrl":"https:\/\/secure.gravatar.com\/avatar\/69ecb836b3826d5a2501bf06ab2a2f2c8ab211cc846758f395df21684cb38313?s=96&d=mm&r=g","caption":"luis Camacho"},"url":"https:\/\/www.eldiario.net\/portal\/author\/luis\/"}]}},"_links":{"self":[{"href":"https:\/\/www.eldiario.net\/portal\/wp-json\/wp\/v2\/posts\/318007","targetHints":{"allow":["GET"]}}],"collection":[{"href":"https:\/\/www.eldiario.net\/portal\/wp-json\/wp\/v2\/posts"}],"about":[{"href":"https:\/\/www.eldiario.net\/portal\/wp-json\/wp\/v2\/types\/post"}],"author":[{"embeddable":true,"href":"https:\/\/www.eldiario.net\/portal\/wp-json\/wp\/v2\/users\/2"}],"replies":[{"embeddable":true,"href":"https:\/\/www.eldiario.net\/portal\/wp-json\/wp\/v2\/comments?post=318007"}],"version-history":[{"count":1,"href":"https:\/\/www.eldiario.net\/portal\/wp-json\/wp\/v2\/posts\/318007\/revisions"}],"predecessor-version":[{"id":318013,"href":"https:\/\/www.eldiario.net\/portal\/wp-json\/wp\/v2\/posts\/318007\/revisions\/318013"}],"wp:featuredmedia":[{"embeddable":true,"href":"https:\/\/www.eldiario.net\/portal\/wp-json\/wp\/v2\/media\/318012"}],"wp:attachment":[{"href":"https:\/\/www.eldiario.net\/portal\/wp-json\/wp\/v2\/media?parent=318007"}],"wp:term":[{"taxonomy":"category","embeddable":true,"href":"https:\/\/www.eldiario.net\/portal\/wp-json\/wp\/v2\/categories?post=318007"},{"taxonomy":"post_tag","embeddable":true,"href":"https:\/\/www.eldiario.net\/portal\/wp-json\/wp\/v2\/tags?post=318007"}],"curies":[{"name":"wp","href":"https:\/\/api.w.org\/{rel}","templated":true}]}}