{"id":318001,"date":"2025-07-20T06:52:03","date_gmt":"2025-07-20T10:52:03","guid":{"rendered":"https:\/\/www.eldiario.net\/portal\/?p=318001"},"modified":"2025-07-19T19:58:50","modified_gmt":"2025-07-19T23:58:50","slug":"sindrome-de-la-banda-ilitotibial-sbit","status":"publish","type":"post","link":"https:\/\/www.eldiario.net\/portal\/2025\/07\/20\/sindrome-de-la-banda-ilitotibial-sbit\/","title":{"rendered":"S\u00cdNDROME DE LA BANDA ILITOTIBIAL (SBIT)"},"content":{"rendered":"<p>DEFINICI\u00d3N:<\/p>\n<p>Un S\u00edndrome es el conjunto de signos y s\u00edntomas que se presentan o son caracter\u00edsticos en una enfermedad, lesi\u00f3n y\/o patolog\u00eda en particular.<\/p>\n<p>El s\u00edndrome de la banda iliotibial (SBIT) es una lesi\u00f3n por sobreuso que a menudo se ve en corredores, ciclistas y personas que caminan largas distancias.<\/p>\n<p>Este s\u00edndrome, provoca dolor en la parte externa de la rodilla justo sobre la articulaci\u00f3n y puede ser muy molesto en algunos casos. El malestar puede ser tan importante que incluso limita a los deportistas o personas activas de realizar sus actividades deportivas, recreativas o entrenar.<\/p>\n<p>La bursa entre el c\u00f3ndilo lateral del f\u00e9mur y la BIT puede ser irritada si se produce un resalte o chasquido en la zona ente c\u00f3ndilo y la BIT debido a movimientos repetitivos de la rodilla cuando caminamos, corremos o andamos en bicicleta.<\/p>\n<p>Las personas frecuentemente son diagnosticadas con el s\u00edndrome de la banda iliotibial (SBIT) debido a el excesivo entrenamiento o carga f\u00edsica sin per\u00edodos de recuperaci\u00f3n o descanso. Cuando se trata de llegar m\u00e1s lejos, m\u00e1s r\u00e1pido y finalmente se termina corriendo, caminando o andando en bicicleta m\u00e1s de lo que tu cuerpo puede tolerar. Esta sobrecarga y exceso de tensi\u00f3n inflama la bursa lateral de la rodilla.<\/p>\n<p><img loading=\"lazy\" decoding=\"async\" class=\"aligncenter size-full wp-image-318004\" src=\"https:\/\/www.eldiario.net\/portal\/wp-content\/uploads\/2025\/07\/SINDROME-DE-LA-BANDA-ILITOTIBIAL-SBIT-2.webp\" alt=\"\" width=\"600\" height=\"530\" srcset=\"https:\/\/www.eldiario.net\/portal\/wp-content\/uploads\/2025\/07\/SINDROME-DE-LA-BANDA-ILITOTIBIAL-SBIT-2.webp 600w, https:\/\/www.eldiario.net\/portal\/wp-content\/uploads\/2025\/07\/SINDROME-DE-LA-BANDA-ILITOTIBIAL-SBIT-2-300x265.webp 300w, https:\/\/www.eldiario.net\/portal\/wp-content\/uploads\/2025\/07\/SINDROME-DE-LA-BANDA-ILITOTIBIAL-SBIT-2-475x420.webp 475w, https:\/\/www.eldiario.net\/portal\/wp-content\/uploads\/2025\/07\/SINDROME-DE-LA-BANDA-ILITOTIBIAL-SBIT-2-150x133.webp 150w\" sizes=\"auto, (max-width: 600px) 100vw, 600px\" \/><img loading=\"lazy\" decoding=\"async\" class=\"aligncenter size-full wp-image-318005\" src=\"https:\/\/www.eldiario.net\/portal\/wp-content\/uploads\/2025\/07\/SINDROME-DE-LA-BANDA-ILITOTIBIAL-SBIT-3.webp\" alt=\"\" width=\"800\" height=\"217\" srcset=\"https:\/\/www.eldiario.net\/portal\/wp-content\/uploads\/2025\/07\/SINDROME-DE-LA-BANDA-ILITOTIBIAL-SBIT-3.webp 800w, https:\/\/www.eldiario.net\/portal\/wp-content\/uploads\/2025\/07\/SINDROME-DE-LA-BANDA-ILITOTIBIAL-SBIT-3-300x81.webp 300w, https:\/\/www.eldiario.net\/portal\/wp-content\/uploads\/2025\/07\/SINDROME-DE-LA-BANDA-ILITOTIBIAL-SBIT-3-768x208.webp 768w, https:\/\/www.eldiario.net\/portal\/wp-content\/uploads\/2025\/07\/SINDROME-DE-LA-BANDA-ILITOTIBIAL-SBIT-3-150x41.webp 150w, https:\/\/www.eldiario.net\/portal\/wp-content\/uploads\/2025\/07\/SINDROME-DE-LA-BANDA-ILITOTIBIAL-SBIT-3-696x189.webp 696w\" sizes=\"auto, (max-width: 800px) 100vw, 800px\" \/><img loading=\"lazy\" decoding=\"async\" class=\"aligncenter size-full wp-image-318002\" src=\"https:\/\/www.eldiario.net\/portal\/wp-content\/uploads\/2025\/07\/SINDROME-DE-LA-BANDA-ILITOTIBIAL-SBIT-4.webp\" alt=\"\" width=\"800\" height=\"218\" srcset=\"https:\/\/www.eldiario.net\/portal\/wp-content\/uploads\/2025\/07\/SINDROME-DE-LA-BANDA-ILITOTIBIAL-SBIT-4.webp 800w, https:\/\/www.eldiario.net\/portal\/wp-content\/uploads\/2025\/07\/SINDROME-DE-LA-BANDA-ILITOTIBIAL-SBIT-4-300x82.webp 300w, https:\/\/www.eldiario.net\/portal\/wp-content\/uploads\/2025\/07\/SINDROME-DE-LA-BANDA-ILITOTIBIAL-SBIT-4-768x209.webp 768w, https:\/\/www.eldiario.net\/portal\/wp-content\/uploads\/2025\/07\/SINDROME-DE-LA-BANDA-ILITOTIBIAL-SBIT-4-150x41.webp 150w, https:\/\/www.eldiario.net\/portal\/wp-content\/uploads\/2025\/07\/SINDROME-DE-LA-BANDA-ILITOTIBIAL-SBIT-4-696x190.webp 696w\" sizes=\"auto, (max-width: 800px) 100vw, 800px\" \/><\/p>\n<p>CAUSAS<\/p>\n<p>Puede ser provocado por movimientos c\u00edclicos (repetitivos) de flexi\u00f3n y extensi\u00f3n de rodilla como en el ciclismo (mala t\u00e9cnica), durante la flexi\u00f3n la cintilla se sit\u00faa posterior al c\u00f3ndilo externo de la tibia y cuando se extiende se anterioriza pasando sobre el c\u00f3ndilo externo de la tibia cuando se est\u00e1 a unos 30 de flexi\u00f3n de rodilla.<\/p>\n<p>Esta fricci\u00f3n repetitiva puede irritar las fibras de esta fascia y producir dolor localizado, sin traumatismo previo.<\/p>\n<p>Otro factor que aumentan las probabilidades van a ser un genu varo o un pie supino.<\/p>\n<p>Algunos expertos creen que el problema se produce cuando la rodilla se va hacia afuera. Esto puede suceder en los corredores si sus zapatillas se desgastan por el borde externo o si corren por superficies inclinadas.<\/p>\n<p>Otros mencionan que ciertas anormalidades en el pie como la hiperpronaci\u00f3n son posibles causales del SBIT (pronaci\u00f3n se le llama cuando el arco interno del pie se aplana). En estos casos, es necesario que tu quiropr\u00e1ctico evalu\u00e9 primariamente toda la extremidad inferior, columna lumbar, pelvis y el core abdominal (m\u00fasculos encargados de la estabilidad de toda tu columna) para determinar la causa del desgaste externo o interno de la zapatilla.<\/p>\n<p>Existe evidencia que apoya que los corredores que presentan debilidad o fatiga de los m\u00fasculos gl\u00fateos, principalmente del gl\u00fateo medio a nivel de la cadera, tienen m\u00e1s tendencia a padecer de SBIT.<\/p>\n<p>Estos m\u00fasculos evitan que la rodilla se desplace hacia dentro de forma descontrolada y excesiva. Si los m\u00fasculos gl\u00fateos medios no realizan su funci\u00f3n de manera correcta, la rodilla tender\u00e1 a irse hacia dentro (deformidad en valgo) provocando sobrecarga en la rodilla, cadera y espalda. Por lo tanto, la BIT se volver\u00e1 tensa y comprimir\u00e1 a la bursa en la parte lateral de la rodilla.<\/p>\n<p>SINTOMAS<\/p>\n<p>El s\u00edntoma principal es el dolor punzante y que estar\u00e1 localizado en el compartimiento lateral externo de la rodilla.<\/p>\n<ul>\n<li>En un inicio dolor en la zona lateral de la rodilla, justo por encima de la articulaci\u00f3n de la rodilla.<\/li>\n<li>Dolor o malestar suele empeorar despu\u00e9s de la actividad deportiva.<\/li>\n<li>Dolor empeora al bajar escaleras, correr o caminar en bajada.<\/li>\n<li>Los pacientes a veces reportan un resalte o sonido en la parte externa de la rodilla.<\/li>\n<li>Bandas tensas y sensibilidad en musculatura gl\u00fatea (puntos gatillos).<\/li>\n<li>Dolor con la actividad regular (AVDs)<\/li>\n<li>Dolor al subir las escaleras o pelda\u00f1os<\/li>\n<li>Dolor al correr cuesta abajo<\/li>\n<li>Dolor en reposo.<\/li>\n<\/ul>\n<p>TRATAMIENTO<\/p>\n<ul>\n<li>Crioterapia<\/li>\n<li>Ejercicio de estiramientos de cadena posterior<\/li>\n<li>Liberacion Miofascial<\/li>\n<li>Correccion Postural.<\/li>\n<li>Ejercicios de Fortalecimiento muscular<\/li>\n<\/ul>\n<p>&nbsp;<\/p>\n<p>\u201cEL MOVIENTO ES PARTE ESENCIAL PARA MANTENER UNA VIDA ACTIVA\u201d<\/p>\n<p>Lic. Jaime J. Ticona Pardo Fisioterapeuta Kinesi\u00f3logo &#8211; UMSA<\/p>\n","protected":false},"excerpt":{"rendered":"<p>DEFINICI\u00d3N: Un S\u00edndrome es el conjunto de signos y s\u00edntomas que se presentan o son caracter\u00edsticos en una enfermedad, lesi\u00f3n y\/o patolog\u00eda en particular. El s\u00edndrome de la banda iliotibial (SBIT) es una lesi\u00f3n por sobreuso que a menudo se ve en corredores, ciclistas y personas que caminan largas distancias. Este s\u00edndrome, provoca dolor en [&hellip;]<\/p>\n","protected":false},"author":2,"featured_media":318003,"comment_status":"closed","ping_status":"open","sticky":false,"template":"","format":"standard","meta":{"_acf_changed":false,"footnotes":""},"categories":[52],"tags":[],"class_list":["post-318001","post","type-post","status-publish","format-standard","has-post-thumbnail","category-de-salud-mas-vida"],"acf":{"antetitulo":""},"yoast_head":"<!-- This site is optimized with the Yoast SEO plugin v28.3 - https:\/\/yoast.com\/product\/yoast-seo-wordpress\/ -->\n<title>S\u00cdNDROME DE LA BANDA ILITOTIBIAL (SBIT) - El Diario - Bolivia<\/title>\n<meta name=\"robots\" content=\"index, follow, max-snippet:-1, max-image-preview:large, max-video-preview:-1\" \/>\n<link rel=\"canonical\" href=\"https:\/\/www.eldiario.net\/portal\/2025\/07\/20\/sindrome-de-la-banda-ilitotibial-sbit\/\" \/>\n<meta property=\"og:locale\" content=\"es_ES\" \/>\n<meta property=\"og:type\" content=\"article\" \/>\n<meta property=\"og:title\" content=\"S\u00cdNDROME DE LA BANDA ILITOTIBIAL (SBIT) - El Diario - Bolivia\" \/>\n<meta property=\"og:description\" content=\"DEFINICI\u00d3N: Un S\u00edndrome es el conjunto de signos y s\u00edntomas que se presentan o son caracter\u00edsticos en una enfermedad, lesi\u00f3n y\/o patolog\u00eda en particular. El s\u00edndrome de la banda iliotibial (SBIT) es una lesi\u00f3n por sobreuso que a menudo se ve en corredores, ciclistas y personas que caminan largas distancias. Este s\u00edndrome, provoca dolor en [&hellip;]\" \/>\n<meta property=\"og:url\" content=\"https:\/\/www.eldiario.net\/portal\/2025\/07\/20\/sindrome-de-la-banda-ilitotibial-sbit\/\" \/>\n<meta property=\"og:site_name\" content=\"El Diario - Bolivia\" \/>\n<meta property=\"article:publisher\" content=\"https:\/\/www.facebook.com\/eldiario.bolivia\/\" \/>\n<meta property=\"article:published_time\" content=\"2025-07-20T10:52:03+00:00\" \/>\n<meta property=\"og:image\" content=\"https:\/\/www.eldiario.net\/portal\/wp-content\/uploads\/2025\/07\/SINDROME-DE-LA-BANDA-ILITOTIBIAL-SBIT.webp\" \/>\n\t<meta property=\"og:image:width\" content=\"800\" \/>\n\t<meta property=\"og:image:height\" content=\"568\" \/>\n\t<meta property=\"og:image:type\" content=\"image\/webp\" \/>\n<meta name=\"author\" content=\"luis Camacho\" \/>\n<meta name=\"twitter:card\" content=\"summary_large_image\" \/>\n<meta name=\"twitter:creator\" content=\"@eldiario_net\" \/>\n<meta name=\"twitter:site\" content=\"@eldiario_net\" \/>\n<meta name=\"twitter:label1\" content=\"Escrito por\" \/>\n\t<meta name=\"twitter:data1\" content=\"luis Camacho\" \/>\n\t<meta name=\"twitter:label2\" content=\"Tiempo de lectura\" \/>\n\t<meta name=\"twitter:data2\" content=\"4 minutos\" \/>\n<script type=\"application\/ld+json\" class=\"yoast-schema-graph\">{\"@context\":\"https:\\\/\\\/schema.org\",\"@graph\":[{\"@type\":\"Article\",\"@id\":\"https:\\\/\\\/www.eldiario.net\\\/portal\\\/2025\\\/07\\\/20\\\/sindrome-de-la-banda-ilitotibial-sbit\\\/#article\",\"isPartOf\":{\"@id\":\"https:\\\/\\\/www.eldiario.net\\\/portal\\\/2025\\\/07\\\/20\\\/sindrome-de-la-banda-ilitotibial-sbit\\\/\"},\"author\":{\"name\":\"luis Camacho\",\"@id\":\"https:\\\/\\\/www.eldiario.net\\\/portal\\\/#\\\/schema\\\/person\\\/cab1ae4db27e5f008a62cbffb05fbfee\"},\"headline\":\"S\u00cdNDROME DE LA BANDA ILITOTIBIAL (SBIT)\",\"datePublished\":\"2025-07-20T10:52:03+00:00\",\"mainEntityOfPage\":{\"@id\":\"https:\\\/\\\/www.eldiario.net\\\/portal\\\/2025\\\/07\\\/20\\\/sindrome-de-la-banda-ilitotibial-sbit\\\/\"},\"wordCount\":699,\"publisher\":{\"@id\":\"https:\\\/\\\/www.eldiario.net\\\/portal\\\/#organization\"},\"image\":{\"@id\":\"https:\\\/\\\/www.eldiario.net\\\/portal\\\/2025\\\/07\\\/20\\\/sindrome-de-la-banda-ilitotibial-sbit\\\/#primaryimage\"},\"thumbnailUrl\":\"https:\\\/\\\/www.eldiario.net\\\/portal\\\/wp-content\\\/uploads\\\/2025\\\/07\\\/SINDROME-DE-LA-BANDA-ILITOTIBIAL-SBIT.webp\",\"articleSection\":[\"De Salud + vida\"],\"inLanguage\":\"es\"},{\"@type\":\"WebPage\",\"@id\":\"https:\\\/\\\/www.eldiario.net\\\/portal\\\/2025\\\/07\\\/20\\\/sindrome-de-la-banda-ilitotibial-sbit\\\/\",\"url\":\"https:\\\/\\\/www.eldiario.net\\\/portal\\\/2025\\\/07\\\/20\\\/sindrome-de-la-banda-ilitotibial-sbit\\\/\",\"name\":\"S\u00cdNDROME DE LA BANDA ILITOTIBIAL (SBIT) - El Diario - Bolivia\",\"isPartOf\":{\"@id\":\"https:\\\/\\\/www.eldiario.net\\\/portal\\\/#website\"},\"primaryImageOfPage\":{\"@id\":\"https:\\\/\\\/www.eldiario.net\\\/portal\\\/2025\\\/07\\\/20\\\/sindrome-de-la-banda-ilitotibial-sbit\\\/#primaryimage\"},\"image\":{\"@id\":\"https:\\\/\\\/www.eldiario.net\\\/portal\\\/2025\\\/07\\\/20\\\/sindrome-de-la-banda-ilitotibial-sbit\\\/#primaryimage\"},\"thumbnailUrl\":\"https:\\\/\\\/www.eldiario.net\\\/portal\\\/wp-content\\\/uploads\\\/2025\\\/07\\\/SINDROME-DE-LA-BANDA-ILITOTIBIAL-SBIT.webp\",\"datePublished\":\"2025-07-20T10:52:03+00:00\",\"breadcrumb\":{\"@id\":\"https:\\\/\\\/www.eldiario.net\\\/portal\\\/2025\\\/07\\\/20\\\/sindrome-de-la-banda-ilitotibial-sbit\\\/#breadcrumb\"},\"inLanguage\":\"es\",\"potentialAction\":[{\"@type\":\"ReadAction\",\"target\":[\"https:\\\/\\\/www.eldiario.net\\\/portal\\\/2025\\\/07\\\/20\\\/sindrome-de-la-banda-ilitotibial-sbit\\\/\"]}]},{\"@type\":\"ImageObject\",\"inLanguage\":\"es\",\"@id\":\"https:\\\/\\\/www.eldiario.net\\\/portal\\\/2025\\\/07\\\/20\\\/sindrome-de-la-banda-ilitotibial-sbit\\\/#primaryimage\",\"url\":\"https:\\\/\\\/www.eldiario.net\\\/portal\\\/wp-content\\\/uploads\\\/2025\\\/07\\\/SINDROME-DE-LA-BANDA-ILITOTIBIAL-SBIT.webp\",\"contentUrl\":\"https:\\\/\\\/www.eldiario.net\\\/portal\\\/wp-content\\\/uploads\\\/2025\\\/07\\\/SINDROME-DE-LA-BANDA-ILITOTIBIAL-SBIT.webp\",\"width\":800,\"height\":568},{\"@type\":\"BreadcrumbList\",\"@id\":\"https:\\\/\\\/www.eldiario.net\\\/portal\\\/2025\\\/07\\\/20\\\/sindrome-de-la-banda-ilitotibial-sbit\\\/#breadcrumb\",\"itemListElement\":[{\"@type\":\"ListItem\",\"position\":1,\"name\":\"Portada\",\"item\":\"https:\\\/\\\/www.eldiario.net\\\/portal\\\/\"},{\"@type\":\"ListItem\",\"position\":2,\"name\":\"S\u00cdNDROME DE LA BANDA ILITOTIBIAL (SBIT)\"}]},{\"@type\":\"WebSite\",\"@id\":\"https:\\\/\\\/www.eldiario.net\\\/portal\\\/#website\",\"url\":\"https:\\\/\\\/www.eldiario.net\\\/portal\\\/\",\"name\":\"El Diario - Decano de la prensa nacional\",\"description\":\"El Diario - Decano de la prensa nacional\",\"publisher\":{\"@id\":\"https:\\\/\\\/www.eldiario.net\\\/portal\\\/#organization\"},\"potentialAction\":[{\"@type\":\"SearchAction\",\"target\":{\"@type\":\"EntryPoint\",\"urlTemplate\":\"https:\\\/\\\/www.eldiario.net\\\/portal\\\/?s={search_term_string}\"},\"query-input\":{\"@type\":\"PropertyValueSpecification\",\"valueRequired\":true,\"valueName\":\"search_term_string\"}}],\"inLanguage\":\"es\"},{\"@type\":\"Organization\",\"@id\":\"https:\\\/\\\/www.eldiario.net\\\/portal\\\/#organization\",\"name\":\"El Diario - Decano de la prensa nacional\",\"url\":\"https:\\\/\\\/www.eldiario.net\\\/portal\\\/\",\"logo\":{\"@type\":\"ImageObject\",\"inLanguage\":\"es\",\"@id\":\"https:\\\/\\\/www.eldiario.net\\\/portal\\\/#\\\/schema\\\/logo\\\/image\\\/\",\"url\":\"https:\\\/\\\/www.eldiario.net\\\/portal\\\/wp-content\\\/uploads\\\/2023\\\/07\\\/logo_ED.jpg\",\"contentUrl\":\"https:\\\/\\\/www.eldiario.net\\\/portal\\\/wp-content\\\/uploads\\\/2023\\\/07\\\/logo_ED.jpg\",\"width\":272,\"height\":52,\"caption\":\"El Diario - Decano de la prensa nacional\"},\"image\":{\"@id\":\"https:\\\/\\\/www.eldiario.net\\\/portal\\\/#\\\/schema\\\/logo\\\/image\\\/\"},\"sameAs\":[\"https:\\\/\\\/www.facebook.com\\\/eldiario.bolivia\\\/\",\"https:\\\/\\\/x.com\\\/eldiario_net\"]},{\"@type\":\"Person\",\"@id\":\"https:\\\/\\\/www.eldiario.net\\\/portal\\\/#\\\/schema\\\/person\\\/cab1ae4db27e5f008a62cbffb05fbfee\",\"name\":\"luis Camacho\",\"image\":{\"@type\":\"ImageObject\",\"inLanguage\":\"es\",\"@id\":\"https:\\\/\\\/secure.gravatar.com\\\/avatar\\\/69ecb836b3826d5a2501bf06ab2a2f2c8ab211cc846758f395df21684cb38313?s=96&d=mm&r=g\",\"url\":\"https:\\\/\\\/secure.gravatar.com\\\/avatar\\\/69ecb836b3826d5a2501bf06ab2a2f2c8ab211cc846758f395df21684cb38313?s=96&d=mm&r=g\",\"contentUrl\":\"https:\\\/\\\/secure.gravatar.com\\\/avatar\\\/69ecb836b3826d5a2501bf06ab2a2f2c8ab211cc846758f395df21684cb38313?s=96&d=mm&r=g\",\"caption\":\"luis Camacho\"},\"url\":\"https:\\\/\\\/www.eldiario.net\\\/portal\\\/author\\\/luis\\\/\"}]}<\/script>\n<!-- \/ Yoast SEO plugin. -->","yoast_head_json":{"title":"S\u00cdNDROME DE LA BANDA ILITOTIBIAL (SBIT) - El Diario - Bolivia","robots":{"index":"index","follow":"follow","max-snippet":"max-snippet:-1","max-image-preview":"max-image-preview:large","max-video-preview":"max-video-preview:-1"},"canonical":"https:\/\/www.eldiario.net\/portal\/2025\/07\/20\/sindrome-de-la-banda-ilitotibial-sbit\/","og_locale":"es_ES","og_type":"article","og_title":"S\u00cdNDROME DE LA BANDA ILITOTIBIAL (SBIT) - El Diario - Bolivia","og_description":"DEFINICI\u00d3N: Un S\u00edndrome es el conjunto de signos y s\u00edntomas que se presentan o son caracter\u00edsticos en una enfermedad, lesi\u00f3n y\/o patolog\u00eda en particular. El s\u00edndrome de la banda iliotibial (SBIT) es una lesi\u00f3n por sobreuso que a menudo se ve en corredores, ciclistas y personas que caminan largas distancias. Este s\u00edndrome, provoca dolor en [&hellip;]","og_url":"https:\/\/www.eldiario.net\/portal\/2025\/07\/20\/sindrome-de-la-banda-ilitotibial-sbit\/","og_site_name":"El Diario - Bolivia","article_publisher":"https:\/\/www.facebook.com\/eldiario.bolivia\/","article_published_time":"2025-07-20T10:52:03+00:00","og_image":[{"width":800,"height":568,"url":"https:\/\/www.eldiario.net\/portal\/wp-content\/uploads\/2025\/07\/SINDROME-DE-LA-BANDA-ILITOTIBIAL-SBIT.webp","type":"image\/webp"}],"author":"luis Camacho","twitter_card":"summary_large_image","twitter_creator":"@eldiario_net","twitter_site":"@eldiario_net","twitter_misc":{"Escrito por":"luis Camacho","Tiempo de lectura":"4 minutos"},"schema":{"@context":"https:\/\/schema.org","@graph":[{"@type":"Article","@id":"https:\/\/www.eldiario.net\/portal\/2025\/07\/20\/sindrome-de-la-banda-ilitotibial-sbit\/#article","isPartOf":{"@id":"https:\/\/www.eldiario.net\/portal\/2025\/07\/20\/sindrome-de-la-banda-ilitotibial-sbit\/"},"author":{"name":"luis Camacho","@id":"https:\/\/www.eldiario.net\/portal\/#\/schema\/person\/cab1ae4db27e5f008a62cbffb05fbfee"},"headline":"S\u00cdNDROME DE LA BANDA ILITOTIBIAL (SBIT)","datePublished":"2025-07-20T10:52:03+00:00","mainEntityOfPage":{"@id":"https:\/\/www.eldiario.net\/portal\/2025\/07\/20\/sindrome-de-la-banda-ilitotibial-sbit\/"},"wordCount":699,"publisher":{"@id":"https:\/\/www.eldiario.net\/portal\/#organization"},"image":{"@id":"https:\/\/www.eldiario.net\/portal\/2025\/07\/20\/sindrome-de-la-banda-ilitotibial-sbit\/#primaryimage"},"thumbnailUrl":"https:\/\/www.eldiario.net\/portal\/wp-content\/uploads\/2025\/07\/SINDROME-DE-LA-BANDA-ILITOTIBIAL-SBIT.webp","articleSection":["De Salud + vida"],"inLanguage":"es"},{"@type":"WebPage","@id":"https:\/\/www.eldiario.net\/portal\/2025\/07\/20\/sindrome-de-la-banda-ilitotibial-sbit\/","url":"https:\/\/www.eldiario.net\/portal\/2025\/07\/20\/sindrome-de-la-banda-ilitotibial-sbit\/","name":"S\u00cdNDROME DE LA BANDA ILITOTIBIAL (SBIT) - El Diario - Bolivia","isPartOf":{"@id":"https:\/\/www.eldiario.net\/portal\/#website"},"primaryImageOfPage":{"@id":"https:\/\/www.eldiario.net\/portal\/2025\/07\/20\/sindrome-de-la-banda-ilitotibial-sbit\/#primaryimage"},"image":{"@id":"https:\/\/www.eldiario.net\/portal\/2025\/07\/20\/sindrome-de-la-banda-ilitotibial-sbit\/#primaryimage"},"thumbnailUrl":"https:\/\/www.eldiario.net\/portal\/wp-content\/uploads\/2025\/07\/SINDROME-DE-LA-BANDA-ILITOTIBIAL-SBIT.webp","datePublished":"2025-07-20T10:52:03+00:00","breadcrumb":{"@id":"https:\/\/www.eldiario.net\/portal\/2025\/07\/20\/sindrome-de-la-banda-ilitotibial-sbit\/#breadcrumb"},"inLanguage":"es","potentialAction":[{"@type":"ReadAction","target":["https:\/\/www.eldiario.net\/portal\/2025\/07\/20\/sindrome-de-la-banda-ilitotibial-sbit\/"]}]},{"@type":"ImageObject","inLanguage":"es","@id":"https:\/\/www.eldiario.net\/portal\/2025\/07\/20\/sindrome-de-la-banda-ilitotibial-sbit\/#primaryimage","url":"https:\/\/www.eldiario.net\/portal\/wp-content\/uploads\/2025\/07\/SINDROME-DE-LA-BANDA-ILITOTIBIAL-SBIT.webp","contentUrl":"https:\/\/www.eldiario.net\/portal\/wp-content\/uploads\/2025\/07\/SINDROME-DE-LA-BANDA-ILITOTIBIAL-SBIT.webp","width":800,"height":568},{"@type":"BreadcrumbList","@id":"https:\/\/www.eldiario.net\/portal\/2025\/07\/20\/sindrome-de-la-banda-ilitotibial-sbit\/#breadcrumb","itemListElement":[{"@type":"ListItem","position":1,"name":"Portada","item":"https:\/\/www.eldiario.net\/portal\/"},{"@type":"ListItem","position":2,"name":"S\u00cdNDROME DE LA BANDA ILITOTIBIAL (SBIT)"}]},{"@type":"WebSite","@id":"https:\/\/www.eldiario.net\/portal\/#website","url":"https:\/\/www.eldiario.net\/portal\/","name":"El Diario - Decano de la prensa nacional","description":"El Diario - Decano de la prensa nacional","publisher":{"@id":"https:\/\/www.eldiario.net\/portal\/#organization"},"potentialAction":[{"@type":"SearchAction","target":{"@type":"EntryPoint","urlTemplate":"https:\/\/www.eldiario.net\/portal\/?s={search_term_string}"},"query-input":{"@type":"PropertyValueSpecification","valueRequired":true,"valueName":"search_term_string"}}],"inLanguage":"es"},{"@type":"Organization","@id":"https:\/\/www.eldiario.net\/portal\/#organization","name":"El Diario - Decano de la prensa nacional","url":"https:\/\/www.eldiario.net\/portal\/","logo":{"@type":"ImageObject","inLanguage":"es","@id":"https:\/\/www.eldiario.net\/portal\/#\/schema\/logo\/image\/","url":"https:\/\/www.eldiario.net\/portal\/wp-content\/uploads\/2023\/07\/logo_ED.jpg","contentUrl":"https:\/\/www.eldiario.net\/portal\/wp-content\/uploads\/2023\/07\/logo_ED.jpg","width":272,"height":52,"caption":"El Diario - Decano de la prensa nacional"},"image":{"@id":"https:\/\/www.eldiario.net\/portal\/#\/schema\/logo\/image\/"},"sameAs":["https:\/\/www.facebook.com\/eldiario.bolivia\/","https:\/\/x.com\/eldiario_net"]},{"@type":"Person","@id":"https:\/\/www.eldiario.net\/portal\/#\/schema\/person\/cab1ae4db27e5f008a62cbffb05fbfee","name":"luis Camacho","image":{"@type":"ImageObject","inLanguage":"es","@id":"https:\/\/secure.gravatar.com\/avatar\/69ecb836b3826d5a2501bf06ab2a2f2c8ab211cc846758f395df21684cb38313?s=96&d=mm&r=g","url":"https:\/\/secure.gravatar.com\/avatar\/69ecb836b3826d5a2501bf06ab2a2f2c8ab211cc846758f395df21684cb38313?s=96&d=mm&r=g","contentUrl":"https:\/\/secure.gravatar.com\/avatar\/69ecb836b3826d5a2501bf06ab2a2f2c8ab211cc846758f395df21684cb38313?s=96&d=mm&r=g","caption":"luis Camacho"},"url":"https:\/\/www.eldiario.net\/portal\/author\/luis\/"}]}},"_links":{"self":[{"href":"https:\/\/www.eldiario.net\/portal\/wp-json\/wp\/v2\/posts\/318001","targetHints":{"allow":["GET"]}}],"collection":[{"href":"https:\/\/www.eldiario.net\/portal\/wp-json\/wp\/v2\/posts"}],"about":[{"href":"https:\/\/www.eldiario.net\/portal\/wp-json\/wp\/v2\/types\/post"}],"author":[{"embeddable":true,"href":"https:\/\/www.eldiario.net\/portal\/wp-json\/wp\/v2\/users\/2"}],"replies":[{"embeddable":true,"href":"https:\/\/www.eldiario.net\/portal\/wp-json\/wp\/v2\/comments?post=318001"}],"version-history":[{"count":1,"href":"https:\/\/www.eldiario.net\/portal\/wp-json\/wp\/v2\/posts\/318001\/revisions"}],"predecessor-version":[{"id":318006,"href":"https:\/\/www.eldiario.net\/portal\/wp-json\/wp\/v2\/posts\/318001\/revisions\/318006"}],"wp:featuredmedia":[{"embeddable":true,"href":"https:\/\/www.eldiario.net\/portal\/wp-json\/wp\/v2\/media\/318003"}],"wp:attachment":[{"href":"https:\/\/www.eldiario.net\/portal\/wp-json\/wp\/v2\/media?parent=318001"}],"wp:term":[{"taxonomy":"category","embeddable":true,"href":"https:\/\/www.eldiario.net\/portal\/wp-json\/wp\/v2\/categories?post=318001"},{"taxonomy":"post_tag","embeddable":true,"href":"https:\/\/www.eldiario.net\/portal\/wp-json\/wp\/v2\/tags?post=318001"}],"curies":[{"name":"wp","href":"https:\/\/api.w.org\/{rel}","templated":true}]}}