{"id":317681,"date":"2025-07-18T10:09:17","date_gmt":"2025-07-18T14:09:17","guid":{"rendered":"https:\/\/www.eldiario.net\/portal\/?p=317681"},"modified":"2025-07-18T10:09:17","modified_gmt":"2025-07-18T14:09:17","slug":"homenaje-postumo-a-daniel-sanchez-rocha-2","status":"publish","type":"post","link":"https:\/\/www.eldiario.net\/portal\/2025\/07\/18\/homenaje-postumo-a-daniel-sanchez-rocha-2\/","title":{"rendered":"Homenaje p\u00f3stumo a Daniel S\u00e1nchez Rocha"},"content":{"rendered":"<p>Con m\u00e1s de 60 a\u00f1os de trayectoria, Daniel S\u00e1nchez Rocha fue una de las personalidades m\u00e1s importantes en el \u00e1mbito de la radiodifusi\u00f3n boliviana. Su m\u00e9rito fue hacer de Panamericana \u201cLa Radio Bandera de Bolivia\u201d, una emisora l\u00edder, con una fuerte presencia en el pa\u00eds y fuera de las fronteras. Su trabajo fue denodado, serio, responsable y sin fecha de vencimiento por tratarse de un compromiso con el pa\u00eds.<\/p>\n<p>S\u00e1nchez fue fundador de la emisora en julio de 1972 y desde 1980 \u00a0ejerci\u00f3 la direcci\u00f3n de Panamericana, a la que le imprimi\u00f3 su sello, estilo y personalidad.<\/p>\n<p>Hoy, a una semana de su sensible fallecimiento, recordamos no solo al destacado radialista, sino tambi\u00e9n al ser humano y formador de muchos talentos en el campo de la comunicaci\u00f3n, adem\u00e1s de Premio Nacional de Periodismo, \u00a0extractando partes de las entrevistas que le hizo La Gu\u00eda del peri\u00f3dico EL DIARIO.<\/p>\n<p>\u201cMi amor por la radiodifusi\u00f3n se despert\u00f3 a muy temprana edad. De ni\u00f1o compart\u00eda mis obligaciones de estudio con mi inquietud por hacer radio. Hac\u00eda un seguimiento a mis \u00eddolos y so\u00f1aba con seguir los pasos de aquellas figuras que ten\u00edan una labor destacada. Cuando acced\u00ed por primera vez a los micr\u00f3fonos, experiment\u00e9 una profunda emoci\u00f3n y supe sin dubitaciones que mi destino estaba marcado para transitar los maravillosos caminos de la radiodifusi\u00f3n\u201d, recordaba el experimentado director de Radio Panamericana, due\u00f1o de una ic\u00f3nica voz.<\/p>\n<p><strong>LG: \u00bfPor qu\u00e9 su fidelidad a la radio?<\/strong><\/p>\n<p>D: Porque es un instrumento de m\u00e1s llegada al p\u00fablico. Es la compa\u00f1\u00eda que se instala en los hogares, sin pedir nada. Hace abstracci\u00f3n de preferencias de orden social. No es dictatorial. Es el enlace que mantiene un privilegio de lujo para sus oyentes\u2026 \u201cla imaginaci\u00f3n\u201d. Hice Tv en programas de entretenimiento e institucionales, pero me qued\u00e9 con la radio porque es un veh\u00edculo de alcance inconmensurable y un medio de comunicaci\u00f3n en toda la extensi\u00f3n de la palabra, entendiendo a \u00e9sta como un proceso bilateral, de ida y vuelta.<\/p>\n<p><strong>LG: \u00bfQu\u00e9 significa la radio para usted?<\/strong><\/p>\n<p>D: La radio es un instrumento de comunicaci\u00f3n indispensable en la vida cotidiana. Del brazo de la tecnolog\u00eda, la radio optimiza su tarea como baluarte de la informaci\u00f3n instant\u00e1nea. Significa la v\u00eda m\u00e1s f\u00e1cil de acceso a la informaci\u00f3n y al entretenimiento.<\/p>\n<p><strong>LG: \u00bfC\u00f3mo est\u00e1 hoy la radio en el pa\u00eds?<\/strong><\/p>\n<p>D: Est\u00e1 en constante evoluci\u00f3n. Es el veh\u00edculo comunicacional de primer orden. Hoy la radio se nutre del aporte de gente especializada, con formaci\u00f3n acad\u00e9mica en el campo period\u00edstico, t\u00e9cnico y administrativo. Gracias al real audio de Internet sus emisiones no tienen l\u00edmites en la geograf\u00eda mundial.<\/p>\n<p><strong>LG: \u00bfQu\u00e9 significa para Panamericana cumplir un a\u00f1o m\u00e1s de vida?<\/strong><\/p>\n<p>D: Significa sentir que los br\u00edos, pese al tiempo transcurrido, se mantienen intactos, renovando nuestra promesa de seguir en la senda de la superaci\u00f3n. Significa tambi\u00e9n el convencimiento de que Panamericana fue testigo de los momentos m\u00e1s trascendentales del pa\u00eds, todos ellos reflejados en los marcos de la \u00e9tica, objetividad y responsabilidad, pilares fundamentales para el desarrollo de nuestra labor.<\/p>\n<p>Es volver a sentir la misma emoci\u00f3n de trabajar por y para la bolivianidad con seriedad y responsabilidad. Y la alegr\u00eda de comprobar que muchas de las metas trazadas fueron alcanzadas.<\/p>\n<p><strong>LG: \u00bfQu\u00e9 cambios experiment\u00f3 la emisora en este tiempo?<\/strong><\/p>\n<p>D: Hubo muchos cambios en formatos period\u00edsticos y de programaci\u00f3n general. Pero, sin duda, que las mayores transformaciones se dieron en el \u00e1mbito t\u00e9cnico. Recordemos que anduvimos siempre del brazo de la tecnolog\u00eda, desde el tradicional sistema de onda corta, amplitud modulada, FM, enlazados por micro ondas o sat\u00e9lite, hasta las ultra modernas plataformas virtuales que hacen que Panamericana ya no tenga barreras para su alcance. Adaptarse a los tiempos modernos ha sido siempre nuestro compromiso. Por ello nunca escatimamos esfuerzos para ponernos a la vanguardia de la tecnolog\u00eda y el progreso.<\/p>\n<p>Esos cambios nos permitieron incorporarnos de manera adecuada a nuevos espectros para llegar a otros escenarios, como las redes sociales.<\/p>\n<p><strong>LG: \u00bfCu\u00e1les fueron los mejores momentos de la radio?<\/strong><\/p>\n<p>D: Muchos, especialmente aquellos en los que tuvimos presencia viva en transmisiones en los momentos trascendentes del pa\u00eds, como los Actos del Sesquicentenario en la capital Sucre. El c\u00e9lebre abrazo de Chara\u00f1a en Chile. La cesi\u00f3n de espacios en el puerto de Rosario, Argentina. El Encuentro de amistad Bolivia &#8211; Per\u00fa en Ilo. Tambi\u00e9n creemos que fueron buenos momentos cuando recibimos m\u00faltiples distinciones y reconocimientos de distintas instituciones, tanto nacionales como extranjeras, que destacaron nuestra tarea, al punto de proclamarnos como la estaci\u00f3n primera en nuestro pa\u00eds y ubicarnos entre las estaciones l\u00edderes del continente.<\/p>\n<p><strong>LG: \u00bfY los momentos tristes?<\/strong><\/p>\n<p>D: El episodio m\u00e1s triste, sin duda, fue la irrupci\u00f3n armada que sufrimos en nuestros estudios all\u00e1 en el a\u00f1o 1980 en el d\u00eda de nuestro aniversario. Para quienes tuvimos el infortunio de la vivencia, ser\u00e1 un episodio dif\u00edcil de olvidar.<\/p>\n<p>Tambi\u00e9n pueden calificarse como momentos tristes cuando sufrimos interferencias de emisoras ilegales que especialmente en los \u00faltimos a\u00f1os han intensificado su repudiado accionar y la impotencia de las autoridades por encontrar soluciones r\u00e1pidas.<\/p>\n<p><strong>LG: \u00bfCu\u00e1les son las fortalezas de la radio?<\/strong><\/p>\n<p>D: La pol\u00edtica plural en nuestra tarea period\u00edstica. La defensa intransigente de los altos intereses del pa\u00eds. La defensa del anhelo constante de retorno a las costas del Pac\u00edfico. La dimensi\u00f3n nacional e internacional de nuestras emisiones.<\/p>\n<p>Los altos niveles de sinton\u00eda a nivel pa\u00eds, adem\u00e1s de estudios de mercado que reflejan que nuestros oyentes, adem\u00e1s de privilegiarnos con su atenci\u00f3n, tienen un alto nivel de confianza en el manejo period\u00edstico de Panamericana, una credibilidad que nos enorgullece.<\/p>\n<p><strong>DE PERFIL <\/strong><\/p>\n<p>Nombre: Daniel S\u00e1nchez Rocha<\/p>\n<p>Profesi\u00f3n: Comunicador social<\/p>\n<p>Estudios: Anglo American School<\/p>\n<p>Estudios superiores: UTO de Oruro<\/p>\n<p>UMSA de La Paz<\/p>\n<p>The Anza C. California USA<\/p>\n<p>Hincha: San Jos\u00e9<\/p>\n<p>Canci\u00f3n favorita: Sing de Los Carpenters<\/p>\n<p>Frase con la que empieza el d\u00eda: <em>Canjear\u00e9 cada minuto de mi vida por algo valioso.<\/em><\/p>\n<p>C\u00f3mo se describe: Como una persona sencilla m\u00e1s all\u00e1 de los rangos que ostento como director de una emisora de los quilates de Panamericana.<\/p>\n<p>Su car\u00e1cter: Tengo un car\u00e1cter sereno, pero soy muy exigente. Exigente conmigo mismo. Me reconozco un gran defecto, la tendencia al perfeccionismo, que muchas veces me hace perder el sentido pr\u00e1ctico de las cosas.<\/p>\n<div id='gallery-1' class='gallery galleryid-317681 gallery-columns-3 gallery-size-thumbnail'><figure class='gallery-item'>\n\t\t\t<div class='gallery-icon landscape'>\n\t\t\t\t<a href='https:\/\/www.eldiario.net\/portal\/2025\/07\/18\/homenaje-postumo-a-daniel-sanchez-rocha-2\/4-267\/'><img loading=\"lazy\" decoding=\"async\" width=\"150\" height=\"150\" src=\"https:\/\/www.eldiario.net\/portal\/wp-content\/uploads\/2025\/07\/4-7-150x150.webp\" class=\"attachment-thumbnail size-thumbnail\" alt=\"\" \/><\/a>\n\t\t\t<\/div><\/figure><figure class='gallery-item'>\n\t\t\t<div class='gallery-icon portrait'>\n\t\t\t\t<a href='https:\/\/www.eldiario.net\/portal\/2025\/07\/18\/homenaje-postumo-a-daniel-sanchez-rocha-2\/5-226\/'><img loading=\"lazy\" decoding=\"async\" width=\"150\" height=\"150\" src=\"https:\/\/www.eldiario.net\/portal\/wp-content\/uploads\/2025\/07\/5-5-150x150.webp\" class=\"attachment-thumbnail size-thumbnail\" alt=\"\" \/><\/a>\n\t\t\t<\/div><\/figure><figure class='gallery-item'>\n\t\t\t<div class='gallery-icon landscape'>\n\t\t\t\t<a href='https:\/\/www.eldiario.net\/portal\/2025\/07\/18\/homenaje-postumo-a-daniel-sanchez-rocha-2\/1-principal-187\/'><img loading=\"lazy\" decoding=\"async\" width=\"150\" height=\"150\" src=\"https:\/\/www.eldiario.net\/portal\/wp-content\/uploads\/2025\/07\/1-PRINCIPAL-8-150x150.webp\" class=\"attachment-thumbnail size-thumbnail\" alt=\"\" \/><\/a>\n\t\t\t<\/div><\/figure><figure class='gallery-item'>\n\t\t\t<div class='gallery-icon portrait'>\n\t\t\t\t<a href='https:\/\/www.eldiario.net\/portal\/2025\/07\/18\/homenaje-postumo-a-daniel-sanchez-rocha-2\/2-315\/'><img loading=\"lazy\" decoding=\"async\" width=\"150\" height=\"150\" src=\"https:\/\/www.eldiario.net\/portal\/wp-content\/uploads\/2025\/07\/2-7-150x150.webp\" class=\"attachment-thumbnail size-thumbnail\" alt=\"\" \/><\/a>\n\t\t\t<\/div><\/figure><figure class='gallery-item'>\n\t\t\t<div class='gallery-icon landscape'>\n\t\t\t\t<a href='https:\/\/www.eldiario.net\/portal\/2025\/07\/18\/homenaje-postumo-a-daniel-sanchez-rocha-2\/3-303\/'><img loading=\"lazy\" decoding=\"async\" width=\"150\" height=\"150\" src=\"https:\/\/www.eldiario.net\/portal\/wp-content\/uploads\/2025\/07\/3-7-150x150.webp\" class=\"attachment-thumbnail size-thumbnail\" alt=\"\" \/><\/a>\n\t\t\t<\/div><\/figure>\n\t\t<\/div>\n\n","protected":false},"excerpt":{"rendered":"<p>Con m\u00e1s de 60 a\u00f1os de trayectoria, Daniel S\u00e1nchez Rocha fue una de las personalidades m\u00e1s importantes en el \u00e1mbito de la radiodifusi\u00f3n boliviana. Su m\u00e9rito fue hacer de Panamericana \u201cLa Radio Bandera de Bolivia\u201d, una emisora l\u00edder, con una fuerte presencia en el pa\u00eds y fuera de las fronteras. Su trabajo fue denodado, serio, [&hellip;]<\/p>\n","protected":false},"author":2,"featured_media":317684,"comment_status":"closed","ping_status":"open","sticky":false,"template":"","format":"standard","meta":{"_acf_changed":false,"footnotes":""},"categories":[41],"tags":[],"class_list":["post-317681","post","type-post","status-publish","format-standard","has-post-thumbnail","category-la-guia"],"acf":{"antetitulo":""},"yoast_head":"<!-- This site is optimized with the Yoast SEO plugin v28.4 - https:\/\/yoast.com\/product\/yoast-seo-wordpress\/ -->\n<title>Homenaje p\u00f3stumo a Daniel S\u00e1nchez Rocha - El Diario - Bolivia<\/title>\n<meta name=\"robots\" content=\"index, follow, max-snippet:-1, max-image-preview:large, max-video-preview:-1\" \/>\n<link rel=\"canonical\" href=\"https:\/\/www.eldiario.net\/portal\/2025\/07\/18\/homenaje-postumo-a-daniel-sanchez-rocha-2\/\" \/>\n<meta property=\"og:locale\" content=\"es_ES\" \/>\n<meta property=\"og:type\" content=\"article\" \/>\n<meta property=\"og:title\" content=\"Homenaje p\u00f3stumo a Daniel S\u00e1nchez Rocha - El Diario - Bolivia\" \/>\n<meta property=\"og:description\" content=\"Con m\u00e1s de 60 a\u00f1os de trayectoria, Daniel S\u00e1nchez Rocha fue una de las personalidades m\u00e1s importantes en el \u00e1mbito de la radiodifusi\u00f3n boliviana. Su m\u00e9rito fue hacer de Panamericana \u201cLa Radio Bandera de Bolivia\u201d, una emisora l\u00edder, con una fuerte presencia en el pa\u00eds y fuera de las fronteras. Su trabajo fue denodado, serio, [&hellip;]\" \/>\n<meta property=\"og:url\" content=\"https:\/\/www.eldiario.net\/portal\/2025\/07\/18\/homenaje-postumo-a-daniel-sanchez-rocha-2\/\" \/>\n<meta property=\"og:site_name\" content=\"El Diario - Bolivia\" \/>\n<meta property=\"article:publisher\" content=\"https:\/\/www.facebook.com\/eldiario.bolivia\/\" \/>\n<meta property=\"article:published_time\" content=\"2025-07-18T14:09:17+00:00\" \/>\n<meta property=\"og:image\" content=\"https:\/\/www.eldiario.net\/portal\/wp-content\/uploads\/2025\/07\/1-PRINCIPAL-8.webp\" \/>\n\t<meta property=\"og:image:width\" content=\"800\" \/>\n\t<meta property=\"og:image:height\" content=\"531\" \/>\n\t<meta property=\"og:image:type\" content=\"image\/webp\" \/>\n<meta name=\"author\" content=\"luis Camacho\" \/>\n<meta name=\"twitter:card\" content=\"summary_large_image\" \/>\n<meta name=\"twitter:creator\" content=\"@eldiario_net\" \/>\n<meta name=\"twitter:site\" content=\"@eldiario_net\" \/>\n<meta name=\"twitter:label1\" content=\"Escrito por\" \/>\n\t<meta name=\"twitter:data1\" content=\"luis Camacho\" \/>\n\t<meta name=\"twitter:label2\" content=\"Tiempo de lectura\" \/>\n\t<meta name=\"twitter:data2\" content=\"5 minutos\" \/>\n<script type=\"application\/ld+json\" class=\"yoast-schema-graph\">{\"@context\":\"https:\\\/\\\/schema.org\",\"@graph\":[{\"@type\":\"Article\",\"@id\":\"https:\\\/\\\/www.eldiario.net\\\/portal\\\/2025\\\/07\\\/18\\\/homenaje-postumo-a-daniel-sanchez-rocha-2\\\/#article\",\"isPartOf\":{\"@id\":\"https:\\\/\\\/www.eldiario.net\\\/portal\\\/2025\\\/07\\\/18\\\/homenaje-postumo-a-daniel-sanchez-rocha-2\\\/\"},\"author\":{\"name\":\"luis Camacho\",\"@id\":\"https:\\\/\\\/www.eldiario.net\\\/portal\\\/#\\\/schema\\\/person\\\/c1a5d38e458b10c8ebd62f4189b82bbc\"},\"headline\":\"Homenaje p\u00f3stumo a Daniel S\u00e1nchez Rocha\",\"datePublished\":\"2025-07-18T14:09:17+00:00\",\"mainEntityOfPage\":{\"@id\":\"https:\\\/\\\/www.eldiario.net\\\/portal\\\/2025\\\/07\\\/18\\\/homenaje-postumo-a-daniel-sanchez-rocha-2\\\/\"},\"wordCount\":1150,\"publisher\":{\"@id\":\"https:\\\/\\\/www.eldiario.net\\\/portal\\\/#organization\"},\"image\":{\"@id\":\"https:\\\/\\\/www.eldiario.net\\\/portal\\\/2025\\\/07\\\/18\\\/homenaje-postumo-a-daniel-sanchez-rocha-2\\\/#primaryimage\"},\"thumbnailUrl\":\"https:\\\/\\\/www.eldiario.net\\\/portal\\\/wp-content\\\/uploads\\\/2025\\\/07\\\/1-PRINCIPAL-8.webp\",\"articleSection\":[\"La Gu\u00eda\"],\"inLanguage\":\"es\"},{\"@type\":\"WebPage\",\"@id\":\"https:\\\/\\\/www.eldiario.net\\\/portal\\\/2025\\\/07\\\/18\\\/homenaje-postumo-a-daniel-sanchez-rocha-2\\\/\",\"url\":\"https:\\\/\\\/www.eldiario.net\\\/portal\\\/2025\\\/07\\\/18\\\/homenaje-postumo-a-daniel-sanchez-rocha-2\\\/\",\"name\":\"Homenaje p\u00f3stumo a Daniel S\u00e1nchez Rocha - El Diario - Bolivia\",\"isPartOf\":{\"@id\":\"https:\\\/\\\/www.eldiario.net\\\/portal\\\/#website\"},\"primaryImageOfPage\":{\"@id\":\"https:\\\/\\\/www.eldiario.net\\\/portal\\\/2025\\\/07\\\/18\\\/homenaje-postumo-a-daniel-sanchez-rocha-2\\\/#primaryimage\"},\"image\":{\"@id\":\"https:\\\/\\\/www.eldiario.net\\\/portal\\\/2025\\\/07\\\/18\\\/homenaje-postumo-a-daniel-sanchez-rocha-2\\\/#primaryimage\"},\"thumbnailUrl\":\"https:\\\/\\\/www.eldiario.net\\\/portal\\\/wp-content\\\/uploads\\\/2025\\\/07\\\/1-PRINCIPAL-8.webp\",\"datePublished\":\"2025-07-18T14:09:17+00:00\",\"breadcrumb\":{\"@id\":\"https:\\\/\\\/www.eldiario.net\\\/portal\\\/2025\\\/07\\\/18\\\/homenaje-postumo-a-daniel-sanchez-rocha-2\\\/#breadcrumb\"},\"inLanguage\":\"es\",\"potentialAction\":[{\"@type\":\"ReadAction\",\"target\":[\"https:\\\/\\\/www.eldiario.net\\\/portal\\\/2025\\\/07\\\/18\\\/homenaje-postumo-a-daniel-sanchez-rocha-2\\\/\"]}]},{\"@type\":\"ImageObject\",\"inLanguage\":\"es\",\"@id\":\"https:\\\/\\\/www.eldiario.net\\\/portal\\\/2025\\\/07\\\/18\\\/homenaje-postumo-a-daniel-sanchez-rocha-2\\\/#primaryimage\",\"url\":\"https:\\\/\\\/www.eldiario.net\\\/portal\\\/wp-content\\\/uploads\\\/2025\\\/07\\\/1-PRINCIPAL-8.webp\",\"contentUrl\":\"https:\\\/\\\/www.eldiario.net\\\/portal\\\/wp-content\\\/uploads\\\/2025\\\/07\\\/1-PRINCIPAL-8.webp\",\"width\":800,\"height\":531},{\"@type\":\"BreadcrumbList\",\"@id\":\"https:\\\/\\\/www.eldiario.net\\\/portal\\\/2025\\\/07\\\/18\\\/homenaje-postumo-a-daniel-sanchez-rocha-2\\\/#breadcrumb\",\"itemListElement\":[{\"@type\":\"ListItem\",\"position\":1,\"name\":\"Portada\",\"item\":\"https:\\\/\\\/www.eldiario.net\\\/portal\\\/\"},{\"@type\":\"ListItem\",\"position\":2,\"name\":\"Homenaje p\u00f3stumo a Daniel S\u00e1nchez Rocha\"}]},{\"@type\":\"WebSite\",\"@id\":\"https:\\\/\\\/www.eldiario.net\\\/portal\\\/#website\",\"url\":\"https:\\\/\\\/www.eldiario.net\\\/portal\\\/\",\"name\":\"El Diario - Decano de la prensa nacional\",\"description\":\"El Diario - Decano de la prensa nacional\",\"publisher\":{\"@id\":\"https:\\\/\\\/www.eldiario.net\\\/portal\\\/#organization\"},\"potentialAction\":[{\"@type\":\"SearchAction\",\"target\":{\"@type\":\"EntryPoint\",\"urlTemplate\":\"https:\\\/\\\/www.eldiario.net\\\/portal\\\/?s={search_term_string}\"},\"query-input\":{\"@type\":\"PropertyValueSpecification\",\"valueRequired\":true,\"valueName\":\"search_term_string\"}}],\"inLanguage\":\"es\"},{\"@type\":\"Organization\",\"@id\":\"https:\\\/\\\/www.eldiario.net\\\/portal\\\/#organization\",\"name\":\"El Diario - Decano de la prensa nacional\",\"url\":\"https:\\\/\\\/www.eldiario.net\\\/portal\\\/\",\"logo\":{\"@type\":\"ImageObject\",\"inLanguage\":\"es\",\"@id\":\"https:\\\/\\\/www.eldiario.net\\\/portal\\\/#\\\/schema\\\/logo\\\/image\\\/\",\"url\":\"https:\\\/\\\/www.eldiario.net\\\/portal\\\/wp-content\\\/uploads\\\/2023\\\/07\\\/logo_ED.jpg\",\"contentUrl\":\"https:\\\/\\\/www.eldiario.net\\\/portal\\\/wp-content\\\/uploads\\\/2023\\\/07\\\/logo_ED.jpg\",\"width\":272,\"height\":52,\"caption\":\"El Diario - Decano de la prensa nacional\"},\"image\":{\"@id\":\"https:\\\/\\\/www.eldiario.net\\\/portal\\\/#\\\/schema\\\/logo\\\/image\\\/\"},\"sameAs\":[\"https:\\\/\\\/www.facebook.com\\\/eldiario.bolivia\\\/\",\"https:\\\/\\\/x.com\\\/eldiario_net\"]},{\"@type\":\"Person\",\"@id\":\"https:\\\/\\\/www.eldiario.net\\\/portal\\\/#\\\/schema\\\/person\\\/c1a5d38e458b10c8ebd62f4189b82bbc\",\"name\":\"luis Camacho\",\"image\":{\"@type\":\"ImageObject\",\"inLanguage\":\"es\",\"@id\":\"https:\\\/\\\/secure.gravatar.com\\\/avatar\\\/69ecb836b3826d5a2501bf06ab2a2f2c8ab211cc846758f395df21684cb38313?s=96&d=mm&r=g\",\"url\":\"https:\\\/\\\/secure.gravatar.com\\\/avatar\\\/69ecb836b3826d5a2501bf06ab2a2f2c8ab211cc846758f395df21684cb38313?s=96&d=mm&r=g\",\"contentUrl\":\"https:\\\/\\\/secure.gravatar.com\\\/avatar\\\/69ecb836b3826d5a2501bf06ab2a2f2c8ab211cc846758f395df21684cb38313?s=96&d=mm&r=g\",\"caption\":\"luis Camacho\"},\"url\":\"https:\\\/\\\/www.eldiario.net\\\/portal\\\/author\\\/luis\\\/\"}]}<\/script>\n<!-- \/ Yoast SEO plugin. -->","yoast_head_json":{"title":"Homenaje p\u00f3stumo a Daniel S\u00e1nchez Rocha - El Diario - Bolivia","robots":{"index":"index","follow":"follow","max-snippet":"max-snippet:-1","max-image-preview":"max-image-preview:large","max-video-preview":"max-video-preview:-1"},"canonical":"https:\/\/www.eldiario.net\/portal\/2025\/07\/18\/homenaje-postumo-a-daniel-sanchez-rocha-2\/","og_locale":"es_ES","og_type":"article","og_title":"Homenaje p\u00f3stumo a Daniel S\u00e1nchez Rocha - El Diario - Bolivia","og_description":"Con m\u00e1s de 60 a\u00f1os de trayectoria, Daniel S\u00e1nchez Rocha fue una de las personalidades m\u00e1s importantes en el \u00e1mbito de la radiodifusi\u00f3n boliviana. Su m\u00e9rito fue hacer de Panamericana \u201cLa Radio Bandera de Bolivia\u201d, una emisora l\u00edder, con una fuerte presencia en el pa\u00eds y fuera de las fronteras. Su trabajo fue denodado, serio, [&hellip;]","og_url":"https:\/\/www.eldiario.net\/portal\/2025\/07\/18\/homenaje-postumo-a-daniel-sanchez-rocha-2\/","og_site_name":"El Diario - Bolivia","article_publisher":"https:\/\/www.facebook.com\/eldiario.bolivia\/","article_published_time":"2025-07-18T14:09:17+00:00","og_image":[{"width":800,"height":531,"url":"https:\/\/www.eldiario.net\/portal\/wp-content\/uploads\/2025\/07\/1-PRINCIPAL-8.webp","type":"image\/webp"}],"author":"luis Camacho","twitter_card":"summary_large_image","twitter_creator":"@eldiario_net","twitter_site":"@eldiario_net","twitter_misc":{"Escrito por":"luis Camacho","Tiempo de lectura":"5 minutos"},"schema":{"@context":"https:\/\/schema.org","@graph":[{"@type":"Article","@id":"https:\/\/www.eldiario.net\/portal\/2025\/07\/18\/homenaje-postumo-a-daniel-sanchez-rocha-2\/#article","isPartOf":{"@id":"https:\/\/www.eldiario.net\/portal\/2025\/07\/18\/homenaje-postumo-a-daniel-sanchez-rocha-2\/"},"author":{"name":"luis Camacho","@id":"https:\/\/www.eldiario.net\/portal\/#\/schema\/person\/c1a5d38e458b10c8ebd62f4189b82bbc"},"headline":"Homenaje p\u00f3stumo a Daniel S\u00e1nchez Rocha","datePublished":"2025-07-18T14:09:17+00:00","mainEntityOfPage":{"@id":"https:\/\/www.eldiario.net\/portal\/2025\/07\/18\/homenaje-postumo-a-daniel-sanchez-rocha-2\/"},"wordCount":1150,"publisher":{"@id":"https:\/\/www.eldiario.net\/portal\/#organization"},"image":{"@id":"https:\/\/www.eldiario.net\/portal\/2025\/07\/18\/homenaje-postumo-a-daniel-sanchez-rocha-2\/#primaryimage"},"thumbnailUrl":"https:\/\/www.eldiario.net\/portal\/wp-content\/uploads\/2025\/07\/1-PRINCIPAL-8.webp","articleSection":["La Gu\u00eda"],"inLanguage":"es"},{"@type":"WebPage","@id":"https:\/\/www.eldiario.net\/portal\/2025\/07\/18\/homenaje-postumo-a-daniel-sanchez-rocha-2\/","url":"https:\/\/www.eldiario.net\/portal\/2025\/07\/18\/homenaje-postumo-a-daniel-sanchez-rocha-2\/","name":"Homenaje p\u00f3stumo a Daniel S\u00e1nchez Rocha - El Diario - Bolivia","isPartOf":{"@id":"https:\/\/www.eldiario.net\/portal\/#website"},"primaryImageOfPage":{"@id":"https:\/\/www.eldiario.net\/portal\/2025\/07\/18\/homenaje-postumo-a-daniel-sanchez-rocha-2\/#primaryimage"},"image":{"@id":"https:\/\/www.eldiario.net\/portal\/2025\/07\/18\/homenaje-postumo-a-daniel-sanchez-rocha-2\/#primaryimage"},"thumbnailUrl":"https:\/\/www.eldiario.net\/portal\/wp-content\/uploads\/2025\/07\/1-PRINCIPAL-8.webp","datePublished":"2025-07-18T14:09:17+00:00","breadcrumb":{"@id":"https:\/\/www.eldiario.net\/portal\/2025\/07\/18\/homenaje-postumo-a-daniel-sanchez-rocha-2\/#breadcrumb"},"inLanguage":"es","potentialAction":[{"@type":"ReadAction","target":["https:\/\/www.eldiario.net\/portal\/2025\/07\/18\/homenaje-postumo-a-daniel-sanchez-rocha-2\/"]}]},{"@type":"ImageObject","inLanguage":"es","@id":"https:\/\/www.eldiario.net\/portal\/2025\/07\/18\/homenaje-postumo-a-daniel-sanchez-rocha-2\/#primaryimage","url":"https:\/\/www.eldiario.net\/portal\/wp-content\/uploads\/2025\/07\/1-PRINCIPAL-8.webp","contentUrl":"https:\/\/www.eldiario.net\/portal\/wp-content\/uploads\/2025\/07\/1-PRINCIPAL-8.webp","width":800,"height":531},{"@type":"BreadcrumbList","@id":"https:\/\/www.eldiario.net\/portal\/2025\/07\/18\/homenaje-postumo-a-daniel-sanchez-rocha-2\/#breadcrumb","itemListElement":[{"@type":"ListItem","position":1,"name":"Portada","item":"https:\/\/www.eldiario.net\/portal\/"},{"@type":"ListItem","position":2,"name":"Homenaje p\u00f3stumo a Daniel S\u00e1nchez Rocha"}]},{"@type":"WebSite","@id":"https:\/\/www.eldiario.net\/portal\/#website","url":"https:\/\/www.eldiario.net\/portal\/","name":"El Diario - Decano de la prensa nacional","description":"El Diario - Decano de la prensa nacional","publisher":{"@id":"https:\/\/www.eldiario.net\/portal\/#organization"},"potentialAction":[{"@type":"SearchAction","target":{"@type":"EntryPoint","urlTemplate":"https:\/\/www.eldiario.net\/portal\/?s={search_term_string}"},"query-input":{"@type":"PropertyValueSpecification","valueRequired":true,"valueName":"search_term_string"}}],"inLanguage":"es"},{"@type":"Organization","@id":"https:\/\/www.eldiario.net\/portal\/#organization","name":"El Diario - Decano de la prensa nacional","url":"https:\/\/www.eldiario.net\/portal\/","logo":{"@type":"ImageObject","inLanguage":"es","@id":"https:\/\/www.eldiario.net\/portal\/#\/schema\/logo\/image\/","url":"https:\/\/www.eldiario.net\/portal\/wp-content\/uploads\/2023\/07\/logo_ED.jpg","contentUrl":"https:\/\/www.eldiario.net\/portal\/wp-content\/uploads\/2023\/07\/logo_ED.jpg","width":272,"height":52,"caption":"El Diario - Decano de la prensa nacional"},"image":{"@id":"https:\/\/www.eldiario.net\/portal\/#\/schema\/logo\/image\/"},"sameAs":["https:\/\/www.facebook.com\/eldiario.bolivia\/","https:\/\/x.com\/eldiario_net"]},{"@type":"Person","@id":"https:\/\/www.eldiario.net\/portal\/#\/schema\/person\/c1a5d38e458b10c8ebd62f4189b82bbc","name":"luis Camacho","image":{"@type":"ImageObject","inLanguage":"es","@id":"https:\/\/secure.gravatar.com\/avatar\/69ecb836b3826d5a2501bf06ab2a2f2c8ab211cc846758f395df21684cb38313?s=96&d=mm&r=g","url":"https:\/\/secure.gravatar.com\/avatar\/69ecb836b3826d5a2501bf06ab2a2f2c8ab211cc846758f395df21684cb38313?s=96&d=mm&r=g","contentUrl":"https:\/\/secure.gravatar.com\/avatar\/69ecb836b3826d5a2501bf06ab2a2f2c8ab211cc846758f395df21684cb38313?s=96&d=mm&r=g","caption":"luis Camacho"},"url":"https:\/\/www.eldiario.net\/portal\/author\/luis\/"}]}},"_links":{"self":[{"href":"https:\/\/www.eldiario.net\/portal\/wp-json\/wp\/v2\/posts\/317681","targetHints":{"allow":["GET"]}}],"collection":[{"href":"https:\/\/www.eldiario.net\/portal\/wp-json\/wp\/v2\/posts"}],"about":[{"href":"https:\/\/www.eldiario.net\/portal\/wp-json\/wp\/v2\/types\/post"}],"author":[{"embeddable":true,"href":"https:\/\/www.eldiario.net\/portal\/wp-json\/wp\/v2\/users\/2"}],"replies":[{"embeddable":true,"href":"https:\/\/www.eldiario.net\/portal\/wp-json\/wp\/v2\/comments?post=317681"}],"version-history":[{"count":1,"href":"https:\/\/www.eldiario.net\/portal\/wp-json\/wp\/v2\/posts\/317681\/revisions"}],"predecessor-version":[{"id":317687,"href":"https:\/\/www.eldiario.net\/portal\/wp-json\/wp\/v2\/posts\/317681\/revisions\/317687"}],"wp:featuredmedia":[{"embeddable":true,"href":"https:\/\/www.eldiario.net\/portal\/wp-json\/wp\/v2\/media\/317684"}],"wp:attachment":[{"href":"https:\/\/www.eldiario.net\/portal\/wp-json\/wp\/v2\/media?parent=317681"}],"wp:term":[{"taxonomy":"category","embeddable":true,"href":"https:\/\/www.eldiario.net\/portal\/wp-json\/wp\/v2\/categories?post=317681"},{"taxonomy":"post_tag","embeddable":true,"href":"https:\/\/www.eldiario.net\/portal\/wp-json\/wp\/v2\/tags?post=317681"}],"curies":[{"name":"wp","href":"https:\/\/api.w.org\/{rel}","templated":true}]}}