{"id":317241,"date":"2025-07-16T08:43:07","date_gmt":"2025-07-16T12:43:07","guid":{"rendered":"https:\/\/www.eldiario.net\/portal\/?p=317241"},"modified":"2025-07-16T08:43:07","modified_gmt":"2025-07-16T12:43:07","slug":"merco-esg-premia-a-samsung-bolivia","status":"publish","type":"post","link":"https:\/\/www.eldiario.net\/portal\/2025\/07\/16\/merco-esg-premia-a-samsung-bolivia\/","title":{"rendered":"Merco ESG premia a Samsung Bolivia"},"content":{"rendered":"<p>En sus esfuerzos por impulsar ideas que contribuyan a una mejor sociedad en el pa\u00eds, Samsung Bolivia ha sido reconocida como la empresa m\u00e1s responsable con el medioambiente, la sociedad y la gobernanza dentro del sector Tecnolog\u00eda, seg\u00fan el ranking del Monitor Empresarial de Reputaci\u00f3n Corporativa (Merco) ESG.<\/p>\n<p>Este galard\u00f3n es el resultado del an\u00e1lisis de m\u00e1s de 1.650 encuestas, en las que Merco considera 12 fuentes de informaci\u00f3n y cinco perspectivas que eval\u00faan las dimensiones de Medio Ambiente (E), Sociedad (S) y Gobernanza (G). En el proceso participaron directivos, expertos en RSC, analistas financieros, periodistas del \u00e1rea econ\u00f3mica y social, representantes de ONG, ciudadanos, entre otros.<\/p>\n<p>\u201cEste reconocimiento refleja el trabajo constante de la marca por integrar en su gesti\u00f3n el cuidado del medioambiente, la educaci\u00f3n y la innovaci\u00f3n tecnol\u00f3gica. Seguiremos con esta labor para responder adecuadamente a diferentes problem\u00e1ticas de la sociedad\u201d, destaca la gerente de Responsabilidad Social y Relaciones P\u00fablicas de Samsung Bolivia, Pamela Montalvo.<\/p>\n<p>Samsung figura en el top 25 del Ranking General Merco ESG, alcanzando el puesto 22 a nivel nacional. Adem\u00e1s, est\u00e1 entre las 50 mejores empresas en las tres dimensiones: ocupa el puesto 23 en Medio Ambiente, el 34 en Sociedad y el 30 en Gobernanza.<\/p>\n<p><strong>Los esfuerzos ESG de Samsung<\/strong><\/p>\n<p>Samsung dedica su talento y tecnolog\u00eda a crear productos y servicios superiores que contribuyen a una mejor sociedad boliviana. Al mismo tiempo, busca brindar una experiencia satisfactoria a sus usuarios, aportando soluciones concretas.<\/p>\n<p>Un claro ejemplo de este compromiso es el programa Solve for Tomorrow, que impulsa el talento joven al desafiar a estudiantes de todo el pa\u00eds a crear soluciones innovadoras mediante la metodolog\u00eda STEM (Ciencia, Tecnolog\u00eda, Ingenier\u00eda y Matem\u00e1ticas).<\/p>\n<p>\u201cDesde su implementaci\u00f3n en Bolivia, hace dos a\u00f1os, esta iniciativa ha reunido a miles de estudiantes de colegios fiscales y de convenio, quienes junto a sus profesores han desarrollado propuestas enfocadas en medioambiente, educaci\u00f3n y salud principalmente\u201d, resalta Montalvo.<\/p>\n<p>Uno de los equipos m\u00e1s destacados es el denominado Biotransformadores, del colegio Reverendo Padre W\u00e1lter Strub A, ganadores de la edici\u00f3n 2024, quienes desarrollaron un biodigestor capaz de convertir residuos org\u00e1nicos en biog\u00e1s, agua de riego y abono natural.<\/p>\n<p>Para este 2025, Samsung contin\u00faa con la tercera edici\u00f3n del programa en Bolivia y espera recibir m\u00e1s de 500 ideas de los nueve departamentos hasta el 4 de agosto.<\/p>\n<p><strong>Compromiso con el reciclaje y la sostenibilidad<\/strong><\/p>\n<p>Samsung tambi\u00e9n ofrece servicios de reciclaje mediante el programa Trade-In, que permite a los usuarios cambiar su celular actual como parte de pago para adquirir dispositivos de la serie Galaxy S25 (S25 Ultra, S25+ y S25) o, recientemente, modelos nuevos de la serie A (Galaxy A56, A36 y A26).<\/p>\n<p>Otro avance destacado es la eliminaci\u00f3n del cadmio, un elemento t\u00f3xico, en la tecnolog\u00eda de puntos cu\u00e1nticos (QD) utilizada en los televisores NEO QLED y QLED. Asimismo, Samsung ha eliminado las cintas pl\u00e1sticas y grapas met\u00e1licas de los empaques y de su cadena log\u00edstica, mejorando la reciclabilidad y reduciendo la generaci\u00f3n de residuos.<\/p>\n<p>En cuanto a smartphones, la serie Galaxy S25 incorpora materiales reciclados: su estructura met\u00e1lica contiene aluminio blindado reciclado y sus bater\u00edas est\u00e1n fabricadas con 50% de cobalto reciclado, marcando un hito en sostenibilidad para la marca.<\/p>\n\r\n                <style type=\"text\/css\">\r\n                    \r\n                    #tdi_1  .td-doubleSlider-2 .td-item1 {\r\n                        background: url(https:\/\/www.eldiario.net\/portal\/wp-content\/uploads\/2025\/07\/NOTA-5-FOTO-3-80x60.webp) 0 0 no-repeat;\r\n                    }\r\n                    #tdi_1  .td-doubleSlider-2 .td-item2 {\r\n                        background: url(https:\/\/www.eldiario.net\/portal\/wp-content\/uploads\/2025\/07\/NOTA-5-FOTO-4-80x60.webp) 0 0 no-repeat;\r\n                    }\r\n                    #tdi_1  .td-doubleSlider-2 .td-item3 {\r\n                        background: url(https:\/\/www.eldiario.net\/portal\/wp-content\/uploads\/2025\/07\/NOTA-5-FOTO-1-80x60.webp) 0 0 no-repeat;\r\n                    }\r\n                    #tdi_1  .td-doubleSlider-2 .td-item4 {\r\n                        background: url(https:\/\/www.eldiario.net\/portal\/wp-content\/uploads\/2025\/07\/NOTA-5-FOTO-2-80x60.webp) 0 0 no-repeat;\r\n                    }\r\n                <\/style>\r\n\r\n                <div id=\"tdi_1\" class=\"td-gallery td-slide-on-2-columns\">\r\n                    <div class=\"post_td_gallery\">\r\n                        <div class=\"td-gallery-slide-top\">\r\n                           <div class=\"td-gallery-title\"><\/div>\r\n\r\n                            <div class=\"td-gallery-controls-wrapper\">\r\n                                <div class=\"td-gallery-slide-count\"><span class=\"td-gallery-slide-item-focus\">1<\/span> de 4<\/div>\r\n                                <div class=\"td-gallery-slide-prev-next-but\">\r\n                                    <i class = \"td-icon-left doubleSliderPrevButton\"><\/i>\r\n                                    <i class = \"td-icon-right doubleSliderNextButton\"><\/i>\r\n                                <\/div>\r\n                            <\/div>\r\n                        <\/div>\r\n\r\n                        <div class = \"td-doubleSlider-1 \">\r\n                            <div class = \"td-slider\">\r\n                                \r\n                    <div class = \"td-slide-item td-item1\">\r\n                        <figure class=\"td-slide-galery-figure td-slide-popup-gallery\">\r\n                            <a class=\"slide-gallery-image-link\" href=\"https:\/\/www.eldiario.net\/portal\/wp-content\/uploads\/2025\/07\/NOTA-5-FOTO-3.webp\" title=\"NOTA 5 FOTO 3\"  data-caption=\"SAMSUNG DEDICA SU TALENTO Y TECNOLOG\u00cdA A CREAR PRODUCTOS Y SERVICIOS SUPERIORES QUE CONTRIBUYEN A UNA MEJOR SOCIEDAD BOLIVIANA.\"  data-description=\"\">\r\n                                <img decoding=\"async\" src=\"https:\/\/www.eldiario.net\/portal\/wp-content\/uploads\/2025\/07\/NOTA-5-FOTO-3-746x420.webp\" srcset=\"https:\/\/www.eldiario.net\/portal\/wp-content\/uploads\/2025\/07\/NOTA-5-FOTO-3-746x420.webp 746w, https:\/\/www.eldiario.net\/portal\/wp-content\/uploads\/2025\/07\/NOTA-5-FOTO-3-300x169.webp 300w, https:\/\/www.eldiario.net\/portal\/wp-content\/uploads\/2025\/07\/NOTA-5-FOTO-3-1024x577.webp 1024w, https:\/\/www.eldiario.net\/portal\/wp-content\/uploads\/2025\/07\/NOTA-5-FOTO-3-768x432.webp 768w, https:\/\/www.eldiario.net\/portal\/wp-content\/uploads\/2025\/07\/NOTA-5-FOTO-3-1536x865.webp 1536w, https:\/\/www.eldiario.net\/portal\/wp-content\/uploads\/2025\/07\/NOTA-5-FOTO-3-150x84.webp 150w, https:\/\/www.eldiario.net\/portal\/wp-content\/uploads\/2025\/07\/NOTA-5-FOTO-3-696x392.webp 696w, https:\/\/www.eldiario.net\/portal\/wp-content\/uploads\/2025\/07\/NOTA-5-FOTO-3-1068x601.webp 1068w, https:\/\/www.eldiario.net\/portal\/wp-content\/uploads\/2025\/07\/NOTA-5-FOTO-3.webp 1600w\" sizes=\"(max-width: 746px) 100vw, 746px\" alt=\"\">\r\n                            <\/a>\r\n                            <figcaption class = \"td-slide-caption td-gallery-slide-content\"><div class = \"td-gallery-slide-copywrite\">SAMSUNG DEDICA SU TALENTO Y TECNOLOG\u00cdA A CREAR PRODUCTOS Y SERVICIOS SUPERIORES QUE CONTRIBUYEN A UNA MEJOR SOCIEDAD BOLIVIANA.<\/div><\/figcaption>\r\n                        <\/figure>\r\n                    <\/div>\r\n                    <div class = \"td-slide-item td-item2\">\r\n                        <figure class=\"td-slide-galery-figure td-slide-popup-gallery\">\r\n                            <a class=\"slide-gallery-image-link\" href=\"https:\/\/www.eldiario.net\/portal\/wp-content\/uploads\/2025\/07\/NOTA-5-FOTO-4.webp\" title=\"NOTA 5 FOTO 4\"  data-caption=\"SOLVE FOR TOMORROW, QUE IMPULSA EL TALENTO JOVEN.\"  data-description=\"\">\r\n                                <img decoding=\"async\" src=\"https:\/\/www.eldiario.net\/portal\/wp-content\/uploads\/2025\/07\/NOTA-5-FOTO-4-745x420.webp\" srcset=\"https:\/\/www.eldiario.net\/portal\/wp-content\/uploads\/2025\/07\/NOTA-5-FOTO-4-745x420.webp 745w, https:\/\/www.eldiario.net\/portal\/wp-content\/uploads\/2025\/07\/NOTA-5-FOTO-4-300x169.webp 300w, https:\/\/www.eldiario.net\/portal\/wp-content\/uploads\/2025\/07\/NOTA-5-FOTO-4-1024x577.webp 1024w, https:\/\/www.eldiario.net\/portal\/wp-content\/uploads\/2025\/07\/NOTA-5-FOTO-4-768x433.webp 768w, https:\/\/www.eldiario.net\/portal\/wp-content\/uploads\/2025\/07\/NOTA-5-FOTO-4-1536x866.webp 1536w, https:\/\/www.eldiario.net\/portal\/wp-content\/uploads\/2025\/07\/NOTA-5-FOTO-4-150x85.webp 150w, https:\/\/www.eldiario.net\/portal\/wp-content\/uploads\/2025\/07\/NOTA-5-FOTO-4-696x392.webp 696w, https:\/\/www.eldiario.net\/portal\/wp-content\/uploads\/2025\/07\/NOTA-5-FOTO-4-1068x602.webp 1068w, https:\/\/www.eldiario.net\/portal\/wp-content\/uploads\/2025\/07\/NOTA-5-FOTO-4.webp 1600w\" sizes=\"(max-width: 745px) 100vw, 745px\" alt=\"\">\r\n                            <\/a>\r\n                            <figcaption class = \"td-slide-caption td-gallery-slide-content\"><div class = \"td-gallery-slide-copywrite\">SOLVE FOR TOMORROW, QUE IMPULSA EL TALENTO JOVEN.<\/div><\/figcaption>\r\n                        <\/figure>\r\n                    <\/div>\r\n                    <div class = \"td-slide-item td-item3\">\r\n                        <figure class=\"td-slide-galery-figure td-slide-popup-gallery\">\r\n                            <a class=\"slide-gallery-image-link\" href=\"https:\/\/www.eldiario.net\/portal\/wp-content\/uploads\/2025\/07\/NOTA-5-FOTO-1.webp\" title=\"NOTA 5 FOTO 1\"  data-caption=\"LOS J\u00d3VENES GANADORES.\"  data-description=\"\">\r\n                                <img decoding=\"async\" src=\"https:\/\/www.eldiario.net\/portal\/wp-content\/uploads\/2025\/07\/NOTA-5-FOTO-1-715x420.webp\" srcset=\"https:\/\/www.eldiario.net\/portal\/wp-content\/uploads\/2025\/07\/NOTA-5-FOTO-1-715x420.webp 715w, https:\/\/www.eldiario.net\/portal\/wp-content\/uploads\/2025\/07\/NOTA-5-FOTO-1-300x176.webp 300w, https:\/\/www.eldiario.net\/portal\/wp-content\/uploads\/2025\/07\/NOTA-5-FOTO-1-1024x602.webp 1024w, https:\/\/www.eldiario.net\/portal\/wp-content\/uploads\/2025\/07\/NOTA-5-FOTO-1-768x451.webp 768w, https:\/\/www.eldiario.net\/portal\/wp-content\/uploads\/2025\/07\/NOTA-5-FOTO-1-1536x902.webp 1536w, https:\/\/www.eldiario.net\/portal\/wp-content\/uploads\/2025\/07\/NOTA-5-FOTO-1-150x88.webp 150w, https:\/\/www.eldiario.net\/portal\/wp-content\/uploads\/2025\/07\/NOTA-5-FOTO-1-696x409.webp 696w, https:\/\/www.eldiario.net\/portal\/wp-content\/uploads\/2025\/07\/NOTA-5-FOTO-1-1068x627.webp 1068w, https:\/\/www.eldiario.net\/portal\/wp-content\/uploads\/2025\/07\/NOTA-5-FOTO-1.webp 1600w\" sizes=\"(max-width: 715px) 100vw, 715px\" alt=\"\">\r\n                            <\/a>\r\n                            <figcaption class = \"td-slide-caption td-gallery-slide-content\"><div class = \"td-gallery-slide-copywrite\">LOS J\u00d3VENES GANADORES.<\/div><\/figcaption>\r\n                        <\/figure>\r\n                    <\/div>\r\n                    <div class = \"td-slide-item td-item4\">\r\n                        <figure class=\"td-slide-galery-figure td-slide-popup-gallery\">\r\n                            <a class=\"slide-gallery-image-link\" href=\"https:\/\/www.eldiario.net\/portal\/wp-content\/uploads\/2025\/07\/NOTA-5-FOTO-2.webp\" title=\"NOTA 5 FOTO 2\"  data-caption=\"UNO DE LOS EQUIPOS M\u00c1S DESTACADOS ES EL DENOMINADO BIOTRANSFORMADORES, DEL COLEGIO REVERENDO PADRE W\u00c1LTER STRUB A.\"  data-description=\"\">\r\n                                <img decoding=\"async\" src=\"https:\/\/www.eldiario.net\/portal\/wp-content\/uploads\/2025\/07\/NOTA-5-FOTO-2-934x420.webp\" srcset=\"https:\/\/www.eldiario.net\/portal\/wp-content\/uploads\/2025\/07\/NOTA-5-FOTO-2-934x420.webp 934w, https:\/\/www.eldiario.net\/portal\/wp-content\/uploads\/2025\/07\/NOTA-5-FOTO-2-300x135.webp 300w, https:\/\/www.eldiario.net\/portal\/wp-content\/uploads\/2025\/07\/NOTA-5-FOTO-2-1024x460.webp 1024w, https:\/\/www.eldiario.net\/portal\/wp-content\/uploads\/2025\/07\/NOTA-5-FOTO-2-768x345.webp 768w, https:\/\/www.eldiario.net\/portal\/wp-content\/uploads\/2025\/07\/NOTA-5-FOTO-2-1536x691.webp 1536w, https:\/\/www.eldiario.net\/portal\/wp-content\/uploads\/2025\/07\/NOTA-5-FOTO-2-150x67.webp 150w, https:\/\/www.eldiario.net\/portal\/wp-content\/uploads\/2025\/07\/NOTA-5-FOTO-2-696x313.webp 696w, https:\/\/www.eldiario.net\/portal\/wp-content\/uploads\/2025\/07\/NOTA-5-FOTO-2-1068x480.webp 1068w, https:\/\/www.eldiario.net\/portal\/wp-content\/uploads\/2025\/07\/NOTA-5-FOTO-2.webp 1599w\" sizes=\"(max-width: 934px) 100vw, 934px\" alt=\"\">\r\n                            <\/a>\r\n                            <figcaption class = \"td-slide-caption td-gallery-slide-content\"><div class = \"td-gallery-slide-copywrite\">UNO DE LOS EQUIPOS M\u00c1S DESTACADOS ES EL DENOMINADO BIOTRANSFORMADORES, DEL COLEGIO REVERENDO PADRE W\u00c1LTER STRUB A.<\/div><\/figcaption>\r\n                        <\/figure>\r\n                    <\/div>\r\n                            <\/div>\r\n                        <\/div>\r\n\r\n                        <div class = \"td-doubleSlider-2\">\r\n                            <div class = \"td-slider\">\r\n                                \r\n                    <div class = \"td-button td-item1\">\r\n                        <div class = \"td-border\"><\/div>\r\n                    <\/div>\r\n                    <div class = \"td-button td-item2\">\r\n                        <div class = \"td-border\"><\/div>\r\n                    <\/div>\r\n                    <div class = \"td-button td-item3\">\r\n                        <div class = \"td-border\"><\/div>\r\n                    <\/div>\r\n                    <div class = \"td-button td-item4\">\r\n                        <div class = \"td-border\"><\/div>\r\n                    <\/div>\r\n                            <\/div>\r\n                        <\/div>\r\n\r\n                    <\/div>\r\n\r\n                <\/div>\r\n                \n","protected":false},"excerpt":{"rendered":"<p>En sus esfuerzos por impulsar ideas que contribuyan a una mejor sociedad en el pa\u00eds, Samsung Bolivia ha sido reconocida como la empresa m\u00e1s responsable con el medioambiente, la sociedad y la gobernanza dentro del sector Tecnolog\u00eda, seg\u00fan el ranking del Monitor Empresarial de Reputaci\u00f3n Corporativa (Merco) ESG. Este galard\u00f3n es el resultado del an\u00e1lisis [&hellip;]<\/p>\n","protected":false},"author":1,"featured_media":317245,"comment_status":"closed","ping_status":"open","sticky":false,"template":"","format":"standard","meta":{"_acf_changed":false,"footnotes":""},"categories":[42],"tags":[],"class_list":["post-317241","post","type-post","status-publish","format-standard","has-post-thumbnail","category-femenina"],"acf":{"antetitulo":"Reconocimiento"},"yoast_head":"<!-- This site is optimized with the Yoast SEO plugin v28.4 - https:\/\/yoast.com\/product\/yoast-seo-wordpress\/ -->\n<title>Merco ESG premia a Samsung Bolivia - El Diario - Bolivia<\/title>\n<meta name=\"robots\" content=\"index, follow, max-snippet:-1, max-image-preview:large, max-video-preview:-1\" \/>\n<link rel=\"canonical\" href=\"https:\/\/www.eldiario.net\/portal\/2025\/07\/16\/merco-esg-premia-a-samsung-bolivia\/\" \/>\n<meta property=\"og:locale\" content=\"es_ES\" \/>\n<meta property=\"og:type\" content=\"article\" \/>\n<meta property=\"og:title\" content=\"Merco ESG premia a Samsung Bolivia - El Diario - Bolivia\" \/>\n<meta property=\"og:description\" content=\"En sus esfuerzos por impulsar ideas que contribuyan a una mejor sociedad en el pa\u00eds, Samsung Bolivia ha sido reconocida como la empresa m\u00e1s responsable con el medioambiente, la sociedad y la gobernanza dentro del sector Tecnolog\u00eda, seg\u00fan el ranking del Monitor Empresarial de Reputaci\u00f3n Corporativa (Merco) ESG. Este galard\u00f3n es el resultado del an\u00e1lisis [&hellip;]\" \/>\n<meta property=\"og:url\" content=\"https:\/\/www.eldiario.net\/portal\/2025\/07\/16\/merco-esg-premia-a-samsung-bolivia\/\" \/>\n<meta property=\"og:site_name\" content=\"El Diario - Bolivia\" \/>\n<meta property=\"article:publisher\" content=\"https:\/\/www.facebook.com\/eldiario.bolivia\/\" \/>\n<meta property=\"article:published_time\" content=\"2025-07-16T12:43:07+00:00\" \/>\n<meta property=\"og:image\" content=\"https:\/\/www.eldiario.net\/portal\/wp-content\/uploads\/2025\/07\/NOTA-5-FOTO-1.webp\" \/>\n\t<meta property=\"og:image:width\" content=\"1600\" \/>\n\t<meta property=\"og:image:height\" content=\"940\" \/>\n\t<meta property=\"og:image:type\" content=\"image\/webp\" \/>\n<meta name=\"author\" content=\"Jeanette\" \/>\n<meta name=\"twitter:card\" content=\"summary_large_image\" \/>\n<meta name=\"twitter:creator\" content=\"@eldiario_net\" \/>\n<meta name=\"twitter:site\" content=\"@eldiario_net\" \/>\n<meta name=\"twitter:label1\" content=\"Escrito por\" \/>\n\t<meta name=\"twitter:data1\" content=\"Jeanette\" \/>\n\t<meta name=\"twitter:label2\" content=\"Tiempo de lectura\" \/>\n\t<meta name=\"twitter:data2\" content=\"3 minutos\" \/>\n<script type=\"application\/ld+json\" class=\"yoast-schema-graph\">{\"@context\":\"https:\\\/\\\/schema.org\",\"@graph\":[{\"@type\":\"Article\",\"@id\":\"https:\\\/\\\/www.eldiario.net\\\/portal\\\/2025\\\/07\\\/16\\\/merco-esg-premia-a-samsung-bolivia\\\/#article\",\"isPartOf\":{\"@id\":\"https:\\\/\\\/www.eldiario.net\\\/portal\\\/2025\\\/07\\\/16\\\/merco-esg-premia-a-samsung-bolivia\\\/\"},\"author\":{\"name\":\"Jeanette\",\"@id\":\"https:\\\/\\\/www.eldiario.net\\\/portal\\\/#\\\/schema\\\/person\\\/f46445640444750d7d753ccd04ae01b7\"},\"headline\":\"Merco ESG premia a Samsung Bolivia\",\"datePublished\":\"2025-07-16T12:43:07+00:00\",\"mainEntityOfPage\":{\"@id\":\"https:\\\/\\\/www.eldiario.net\\\/portal\\\/2025\\\/07\\\/16\\\/merco-esg-premia-a-samsung-bolivia\\\/\"},\"wordCount\":580,\"publisher\":{\"@id\":\"https:\\\/\\\/www.eldiario.net\\\/portal\\\/#organization\"},\"image\":{\"@id\":\"https:\\\/\\\/www.eldiario.net\\\/portal\\\/2025\\\/07\\\/16\\\/merco-esg-premia-a-samsung-bolivia\\\/#primaryimage\"},\"thumbnailUrl\":\"https:\\\/\\\/www.eldiario.net\\\/portal\\\/wp-content\\\/uploads\\\/2025\\\/07\\\/NOTA-5-FOTO-1.webp\",\"articleSection\":[\"Femenina\"],\"inLanguage\":\"es\"},{\"@type\":\"WebPage\",\"@id\":\"https:\\\/\\\/www.eldiario.net\\\/portal\\\/2025\\\/07\\\/16\\\/merco-esg-premia-a-samsung-bolivia\\\/\",\"url\":\"https:\\\/\\\/www.eldiario.net\\\/portal\\\/2025\\\/07\\\/16\\\/merco-esg-premia-a-samsung-bolivia\\\/\",\"name\":\"Merco ESG premia a Samsung Bolivia - El Diario - Bolivia\",\"isPartOf\":{\"@id\":\"https:\\\/\\\/www.eldiario.net\\\/portal\\\/#website\"},\"primaryImageOfPage\":{\"@id\":\"https:\\\/\\\/www.eldiario.net\\\/portal\\\/2025\\\/07\\\/16\\\/merco-esg-premia-a-samsung-bolivia\\\/#primaryimage\"},\"image\":{\"@id\":\"https:\\\/\\\/www.eldiario.net\\\/portal\\\/2025\\\/07\\\/16\\\/merco-esg-premia-a-samsung-bolivia\\\/#primaryimage\"},\"thumbnailUrl\":\"https:\\\/\\\/www.eldiario.net\\\/portal\\\/wp-content\\\/uploads\\\/2025\\\/07\\\/NOTA-5-FOTO-1.webp\",\"datePublished\":\"2025-07-16T12:43:07+00:00\",\"breadcrumb\":{\"@id\":\"https:\\\/\\\/www.eldiario.net\\\/portal\\\/2025\\\/07\\\/16\\\/merco-esg-premia-a-samsung-bolivia\\\/#breadcrumb\"},\"inLanguage\":\"es\",\"potentialAction\":[{\"@type\":\"ReadAction\",\"target\":[\"https:\\\/\\\/www.eldiario.net\\\/portal\\\/2025\\\/07\\\/16\\\/merco-esg-premia-a-samsung-bolivia\\\/\"]}]},{\"@type\":\"ImageObject\",\"inLanguage\":\"es\",\"@id\":\"https:\\\/\\\/www.eldiario.net\\\/portal\\\/2025\\\/07\\\/16\\\/merco-esg-premia-a-samsung-bolivia\\\/#primaryimage\",\"url\":\"https:\\\/\\\/www.eldiario.net\\\/portal\\\/wp-content\\\/uploads\\\/2025\\\/07\\\/NOTA-5-FOTO-1.webp\",\"contentUrl\":\"https:\\\/\\\/www.eldiario.net\\\/portal\\\/wp-content\\\/uploads\\\/2025\\\/07\\\/NOTA-5-FOTO-1.webp\",\"width\":1600,\"height\":940,\"caption\":\"LOS J\u00d3VENES GANADORES.\"},{\"@type\":\"BreadcrumbList\",\"@id\":\"https:\\\/\\\/www.eldiario.net\\\/portal\\\/2025\\\/07\\\/16\\\/merco-esg-premia-a-samsung-bolivia\\\/#breadcrumb\",\"itemListElement\":[{\"@type\":\"ListItem\",\"position\":1,\"name\":\"Portada\",\"item\":\"https:\\\/\\\/www.eldiario.net\\\/portal\\\/\"},{\"@type\":\"ListItem\",\"position\":2,\"name\":\"Merco ESG premia a Samsung Bolivia\"}]},{\"@type\":\"WebSite\",\"@id\":\"https:\\\/\\\/www.eldiario.net\\\/portal\\\/#website\",\"url\":\"https:\\\/\\\/www.eldiario.net\\\/portal\\\/\",\"name\":\"El Diario - Decano de la prensa nacional\",\"description\":\"El Diario - Decano de la prensa nacional\",\"publisher\":{\"@id\":\"https:\\\/\\\/www.eldiario.net\\\/portal\\\/#organization\"},\"potentialAction\":[{\"@type\":\"SearchAction\",\"target\":{\"@type\":\"EntryPoint\",\"urlTemplate\":\"https:\\\/\\\/www.eldiario.net\\\/portal\\\/?s={search_term_string}\"},\"query-input\":{\"@type\":\"PropertyValueSpecification\",\"valueRequired\":true,\"valueName\":\"search_term_string\"}}],\"inLanguage\":\"es\"},{\"@type\":\"Organization\",\"@id\":\"https:\\\/\\\/www.eldiario.net\\\/portal\\\/#organization\",\"name\":\"El Diario - Decano de la prensa nacional\",\"url\":\"https:\\\/\\\/www.eldiario.net\\\/portal\\\/\",\"logo\":{\"@type\":\"ImageObject\",\"inLanguage\":\"es\",\"@id\":\"https:\\\/\\\/www.eldiario.net\\\/portal\\\/#\\\/schema\\\/logo\\\/image\\\/\",\"url\":\"https:\\\/\\\/www.eldiario.net\\\/portal\\\/wp-content\\\/uploads\\\/2023\\\/07\\\/logo_ED.jpg\",\"contentUrl\":\"https:\\\/\\\/www.eldiario.net\\\/portal\\\/wp-content\\\/uploads\\\/2023\\\/07\\\/logo_ED.jpg\",\"width\":272,\"height\":52,\"caption\":\"El Diario - Decano de la prensa nacional\"},\"image\":{\"@id\":\"https:\\\/\\\/www.eldiario.net\\\/portal\\\/#\\\/schema\\\/logo\\\/image\\\/\"},\"sameAs\":[\"https:\\\/\\\/www.facebook.com\\\/eldiario.bolivia\\\/\",\"https:\\\/\\\/x.com\\\/eldiario_net\"]},{\"@type\":\"Person\",\"@id\":\"https:\\\/\\\/www.eldiario.net\\\/portal\\\/#\\\/schema\\\/person\\\/f46445640444750d7d753ccd04ae01b7\",\"name\":\"Jeanette\",\"image\":{\"@type\":\"ImageObject\",\"inLanguage\":\"es\",\"@id\":\"https:\\\/\\\/secure.gravatar.com\\\/avatar\\\/3ea2118a5f7dad2b7138b1187a6b7ee55f160b9968b66013c3a3ef39dd7e5798?s=96&d=mm&r=g\",\"url\":\"https:\\\/\\\/secure.gravatar.com\\\/avatar\\\/3ea2118a5f7dad2b7138b1187a6b7ee55f160b9968b66013c3a3ef39dd7e5798?s=96&d=mm&r=g\",\"contentUrl\":\"https:\\\/\\\/secure.gravatar.com\\\/avatar\\\/3ea2118a5f7dad2b7138b1187a6b7ee55f160b9968b66013c3a3ef39dd7e5798?s=96&d=mm&r=g\",\"caption\":\"Jeanette\"},\"sameAs\":[\"https:\\\/\\\/www.eldiario.net\\\/portal\"],\"url\":\"https:\\\/\\\/www.eldiario.net\\\/portal\\\/author\\\/jeanette\\\/\"}]}<\/script>\n<!-- \/ Yoast SEO plugin. -->","yoast_head_json":{"title":"Merco ESG premia a Samsung Bolivia - El Diario - Bolivia","robots":{"index":"index","follow":"follow","max-snippet":"max-snippet:-1","max-image-preview":"max-image-preview:large","max-video-preview":"max-video-preview:-1"},"canonical":"https:\/\/www.eldiario.net\/portal\/2025\/07\/16\/merco-esg-premia-a-samsung-bolivia\/","og_locale":"es_ES","og_type":"article","og_title":"Merco ESG premia a Samsung Bolivia - El Diario - Bolivia","og_description":"En sus esfuerzos por impulsar ideas que contribuyan a una mejor sociedad en el pa\u00eds, Samsung Bolivia ha sido reconocida como la empresa m\u00e1s responsable con el medioambiente, la sociedad y la gobernanza dentro del sector Tecnolog\u00eda, seg\u00fan el ranking del Monitor Empresarial de Reputaci\u00f3n Corporativa (Merco) ESG. Este galard\u00f3n es el resultado del an\u00e1lisis [&hellip;]","og_url":"https:\/\/www.eldiario.net\/portal\/2025\/07\/16\/merco-esg-premia-a-samsung-bolivia\/","og_site_name":"El Diario - Bolivia","article_publisher":"https:\/\/www.facebook.com\/eldiario.bolivia\/","article_published_time":"2025-07-16T12:43:07+00:00","og_image":[{"width":1600,"height":940,"url":"https:\/\/www.eldiario.net\/portal\/wp-content\/uploads\/2025\/07\/NOTA-5-FOTO-1.webp","type":"image\/webp"}],"author":"Jeanette","twitter_card":"summary_large_image","twitter_creator":"@eldiario_net","twitter_site":"@eldiario_net","twitter_misc":{"Escrito por":"Jeanette","Tiempo de lectura":"3 minutos"},"schema":{"@context":"https:\/\/schema.org","@graph":[{"@type":"Article","@id":"https:\/\/www.eldiario.net\/portal\/2025\/07\/16\/merco-esg-premia-a-samsung-bolivia\/#article","isPartOf":{"@id":"https:\/\/www.eldiario.net\/portal\/2025\/07\/16\/merco-esg-premia-a-samsung-bolivia\/"},"author":{"name":"Jeanette","@id":"https:\/\/www.eldiario.net\/portal\/#\/schema\/person\/f46445640444750d7d753ccd04ae01b7"},"headline":"Merco ESG premia a Samsung Bolivia","datePublished":"2025-07-16T12:43:07+00:00","mainEntityOfPage":{"@id":"https:\/\/www.eldiario.net\/portal\/2025\/07\/16\/merco-esg-premia-a-samsung-bolivia\/"},"wordCount":580,"publisher":{"@id":"https:\/\/www.eldiario.net\/portal\/#organization"},"image":{"@id":"https:\/\/www.eldiario.net\/portal\/2025\/07\/16\/merco-esg-premia-a-samsung-bolivia\/#primaryimage"},"thumbnailUrl":"https:\/\/www.eldiario.net\/portal\/wp-content\/uploads\/2025\/07\/NOTA-5-FOTO-1.webp","articleSection":["Femenina"],"inLanguage":"es"},{"@type":"WebPage","@id":"https:\/\/www.eldiario.net\/portal\/2025\/07\/16\/merco-esg-premia-a-samsung-bolivia\/","url":"https:\/\/www.eldiario.net\/portal\/2025\/07\/16\/merco-esg-premia-a-samsung-bolivia\/","name":"Merco ESG premia a Samsung Bolivia - El Diario - Bolivia","isPartOf":{"@id":"https:\/\/www.eldiario.net\/portal\/#website"},"primaryImageOfPage":{"@id":"https:\/\/www.eldiario.net\/portal\/2025\/07\/16\/merco-esg-premia-a-samsung-bolivia\/#primaryimage"},"image":{"@id":"https:\/\/www.eldiario.net\/portal\/2025\/07\/16\/merco-esg-premia-a-samsung-bolivia\/#primaryimage"},"thumbnailUrl":"https:\/\/www.eldiario.net\/portal\/wp-content\/uploads\/2025\/07\/NOTA-5-FOTO-1.webp","datePublished":"2025-07-16T12:43:07+00:00","breadcrumb":{"@id":"https:\/\/www.eldiario.net\/portal\/2025\/07\/16\/merco-esg-premia-a-samsung-bolivia\/#breadcrumb"},"inLanguage":"es","potentialAction":[{"@type":"ReadAction","target":["https:\/\/www.eldiario.net\/portal\/2025\/07\/16\/merco-esg-premia-a-samsung-bolivia\/"]}]},{"@type":"ImageObject","inLanguage":"es","@id":"https:\/\/www.eldiario.net\/portal\/2025\/07\/16\/merco-esg-premia-a-samsung-bolivia\/#primaryimage","url":"https:\/\/www.eldiario.net\/portal\/wp-content\/uploads\/2025\/07\/NOTA-5-FOTO-1.webp","contentUrl":"https:\/\/www.eldiario.net\/portal\/wp-content\/uploads\/2025\/07\/NOTA-5-FOTO-1.webp","width":1600,"height":940,"caption":"LOS J\u00d3VENES GANADORES."},{"@type":"BreadcrumbList","@id":"https:\/\/www.eldiario.net\/portal\/2025\/07\/16\/merco-esg-premia-a-samsung-bolivia\/#breadcrumb","itemListElement":[{"@type":"ListItem","position":1,"name":"Portada","item":"https:\/\/www.eldiario.net\/portal\/"},{"@type":"ListItem","position":2,"name":"Merco ESG premia a Samsung Bolivia"}]},{"@type":"WebSite","@id":"https:\/\/www.eldiario.net\/portal\/#website","url":"https:\/\/www.eldiario.net\/portal\/","name":"El Diario - Decano de la prensa nacional","description":"El Diario - Decano de la prensa nacional","publisher":{"@id":"https:\/\/www.eldiario.net\/portal\/#organization"},"potentialAction":[{"@type":"SearchAction","target":{"@type":"EntryPoint","urlTemplate":"https:\/\/www.eldiario.net\/portal\/?s={search_term_string}"},"query-input":{"@type":"PropertyValueSpecification","valueRequired":true,"valueName":"search_term_string"}}],"inLanguage":"es"},{"@type":"Organization","@id":"https:\/\/www.eldiario.net\/portal\/#organization","name":"El Diario - Decano de la prensa nacional","url":"https:\/\/www.eldiario.net\/portal\/","logo":{"@type":"ImageObject","inLanguage":"es","@id":"https:\/\/www.eldiario.net\/portal\/#\/schema\/logo\/image\/","url":"https:\/\/www.eldiario.net\/portal\/wp-content\/uploads\/2023\/07\/logo_ED.jpg","contentUrl":"https:\/\/www.eldiario.net\/portal\/wp-content\/uploads\/2023\/07\/logo_ED.jpg","width":272,"height":52,"caption":"El Diario - Decano de la prensa nacional"},"image":{"@id":"https:\/\/www.eldiario.net\/portal\/#\/schema\/logo\/image\/"},"sameAs":["https:\/\/www.facebook.com\/eldiario.bolivia\/","https:\/\/x.com\/eldiario_net"]},{"@type":"Person","@id":"https:\/\/www.eldiario.net\/portal\/#\/schema\/person\/f46445640444750d7d753ccd04ae01b7","name":"Jeanette","image":{"@type":"ImageObject","inLanguage":"es","@id":"https:\/\/secure.gravatar.com\/avatar\/3ea2118a5f7dad2b7138b1187a6b7ee55f160b9968b66013c3a3ef39dd7e5798?s=96&d=mm&r=g","url":"https:\/\/secure.gravatar.com\/avatar\/3ea2118a5f7dad2b7138b1187a6b7ee55f160b9968b66013c3a3ef39dd7e5798?s=96&d=mm&r=g","contentUrl":"https:\/\/secure.gravatar.com\/avatar\/3ea2118a5f7dad2b7138b1187a6b7ee55f160b9968b66013c3a3ef39dd7e5798?s=96&d=mm&r=g","caption":"Jeanette"},"sameAs":["https:\/\/www.eldiario.net\/portal"],"url":"https:\/\/www.eldiario.net\/portal\/author\/jeanette\/"}]}},"_links":{"self":[{"href":"https:\/\/www.eldiario.net\/portal\/wp-json\/wp\/v2\/posts\/317241","targetHints":{"allow":["GET"]}}],"collection":[{"href":"https:\/\/www.eldiario.net\/portal\/wp-json\/wp\/v2\/posts"}],"about":[{"href":"https:\/\/www.eldiario.net\/portal\/wp-json\/wp\/v2\/types\/post"}],"author":[{"embeddable":true,"href":"https:\/\/www.eldiario.net\/portal\/wp-json\/wp\/v2\/users\/1"}],"replies":[{"embeddable":true,"href":"https:\/\/www.eldiario.net\/portal\/wp-json\/wp\/v2\/comments?post=317241"}],"version-history":[{"count":1,"href":"https:\/\/www.eldiario.net\/portal\/wp-json\/wp\/v2\/posts\/317241\/revisions"}],"predecessor-version":[{"id":317248,"href":"https:\/\/www.eldiario.net\/portal\/wp-json\/wp\/v2\/posts\/317241\/revisions\/317248"}],"wp:featuredmedia":[{"embeddable":true,"href":"https:\/\/www.eldiario.net\/portal\/wp-json\/wp\/v2\/media\/317245"}],"wp:attachment":[{"href":"https:\/\/www.eldiario.net\/portal\/wp-json\/wp\/v2\/media?parent=317241"}],"wp:term":[{"taxonomy":"category","embeddable":true,"href":"https:\/\/www.eldiario.net\/portal\/wp-json\/wp\/v2\/categories?post=317241"},{"taxonomy":"post_tag","embeddable":true,"href":"https:\/\/www.eldiario.net\/portal\/wp-json\/wp\/v2\/tags?post=317241"}],"curies":[{"name":"wp","href":"https:\/\/api.w.org\/{rel}","templated":true}]}}