{"id":317214,"date":"2025-07-16T08:36:52","date_gmt":"2025-07-16T12:36:52","guid":{"rendered":"https:\/\/www.eldiario.net\/portal\/?p=317214"},"modified":"2025-07-16T08:36:52","modified_gmt":"2025-07-16T12:36:52","slug":"exma-2025-mentes-que-transforman-negocios","status":"publish","type":"post","link":"https:\/\/www.eldiario.net\/portal\/2025\/07\/16\/exma-2025-mentes-que-transforman-negocios\/","title":{"rendered":"EXMA 2025, mentes que transforman negocios"},"content":{"rendered":"<p>Santa Cruz de la Sierra nuevamente ser\u00e1 sede de EXMA, el evento de marketing global m\u00e1s esperado en Bolivia, a desarrollarse el jueves 17 y viernes 18 de julio en el Centro de Convenciones de Los Tajibos, con la participaci\u00f3n de una docena de speakers internacionales que compartir\u00e1n lo mejor de sus experiencias, adem\u00e1s de las \u00faltimas tendencias en marketing, negocios, IA y networking, para que los participantes puedan alcanzar el modo \u2018Beta\u2019 y convertir sus mentes en \u201cm\u00e1quinas que transformen negocios\u201d.<br \/>\nBajo el lema \u2018Xtraordinary Humans\u2019 (humanos extraordinarios) la versi\u00f3n 2025 viene llena de sorpresas, con herramientas que permitir\u00e1n abrir la mente y as\u00ed afrontar la dif\u00edcil situaci\u00f3n que atraviesa Bolivia, es una oportunidad para sacar adelante los negocios y obtener el \u00e9xito.<br \/>\nLos 12 expertos disertantes, provenientes de Estados Unidos, Francia, M\u00e9xico, Panam\u00e1, Colombia y Venezuela, entre otros, brindar\u00e1n herramientas actualizadas, casos de \u00e9xito reales y casos globales que podr\u00e1n ser adaptados a soluciones locales. Tambi\u00e9n, usar\u00e1n la metodolog\u00eda Alter-ED de EXMA, basada en un proceso de aprendizaje que integra el ser, saber, hacer y tener, que busca formar l\u00edderes y emprendedores que no solo tengan conocimiento, sino que tambi\u00e9n puedan aplicarlo para lograr resultados concretos.<\/p>\n\r\n                <style type=\"text\/css\">\r\n                    \r\n                    #tdi_1  .td-doubleSlider-2 .td-item1 {\r\n                        background: url(https:\/\/www.eldiario.net\/portal\/wp-content\/uploads\/2025\/07\/Mijail-Rojas-Maria-Fernandez-Mayra-Galindo-y-Juan-Carlos-Nunez-Viva-80x60.webp) 0 0 no-repeat;\r\n                    }\r\n                    #tdi_1  .td-doubleSlider-2 .td-item2 {\r\n                        background: url(https:\/\/www.eldiario.net\/portal\/wp-content\/uploads\/2025\/07\/Pablo-Pastor-Carlos-Saavedra-Nicole-Camacho-Katya-Fuertes-y-Javier-Perou-80x60.webp) 0 0 no-repeat;\r\n                    }\r\n                    #tdi_1  .td-doubleSlider-2 .td-item3 {\r\n                        background: url(https:\/\/www.eldiario.net\/portal\/wp-content\/uploads\/2025\/07\/Pablo-Pastor-Embajador-Exma-Bolivia-80x60.webp) 0 0 no-repeat;\r\n                    }\r\n                    #tdi_1  .td-doubleSlider-2 .td-item4 {\r\n                        background: url(https:\/\/www.eldiario.net\/portal\/wp-content\/uploads\/2025\/07\/Samuel-Doria-Medina-Monje-Los-Tajibos-80x60.webp) 0 0 no-repeat;\r\n                    }\r\n                    #tdi_1  .td-doubleSlider-2 .td-item5 {\r\n                        background: url(https:\/\/www.eldiario.net\/portal\/wp-content\/uploads\/2025\/07\/Sandra-Coscio-y-Anahy-Ruiz-80x60.webp) 0 0 no-repeat;\r\n                    }\r\n                    #tdi_1  .td-doubleSlider-2 .td-item6 {\r\n                        background: url(https:\/\/www.eldiario.net\/portal\/wp-content\/uploads\/2025\/07\/Sasha-Ibrahimpasic-y-Leticia-Duran-Banco-Sol-80x60.webp) 0 0 no-repeat;\r\n                    }\r\n                    #tdi_1  .td-doubleSlider-2 .td-item7 {\r\n                        background: url(https:\/\/www.eldiario.net\/portal\/wp-content\/uploads\/2025\/07\/Cecilia-Montero-y-Jose-Birhuet-Copa-Airlines-80x60.webp) 0 0 no-repeat;\r\n                    }\r\n                    #tdi_1  .td-doubleSlider-2 .td-item8 {\r\n                        background: url(https:\/\/www.eldiario.net\/portal\/wp-content\/uploads\/2025\/07\/Daniel-Chin-e-Israel-Castro-80x60.webp) 0 0 no-repeat;\r\n                    }\r\n                    #tdi_1  .td-doubleSlider-2 .td-item9 {\r\n                        background: url(https:\/\/www.eldiario.net\/portal\/wp-content\/uploads\/2025\/07\/Gabriela-Arevalo-Yolanda-Aguilera-y-Adriana-Zenteno-Pil-80x60.webp) 0 0 no-repeat;\r\n                    }\r\n                    #tdi_1  .td-doubleSlider-2 .td-item10 {\r\n                        background: url(https:\/\/www.eldiario.net\/portal\/wp-content\/uploads\/2025\/07\/JF-Garcia-Daniela-Fiochetta-Barbara-Delgado-Maria-Nurnberg-y-Gabriel-Quiroga-80x60.webp) 0 0 no-repeat;\r\n                    }\r\n                    #tdi_1  .td-doubleSlider-2 .td-item11 {\r\n                        background: url(https:\/\/www.eldiario.net\/portal\/wp-content\/uploads\/2025\/07\/Katya-Fuertes-y-Carlos-Saavedra-80x60.webp) 0 0 no-repeat;\r\n                    }\r\n                <\/style>\r\n\r\n                <div id=\"tdi_1\" class=\"td-gallery td-slide-on-2-columns\">\r\n                    <div class=\"post_td_gallery\">\r\n                        <div class=\"td-gallery-slide-top\">\r\n                           <div class=\"td-gallery-title\"><\/div>\r\n\r\n                            <div class=\"td-gallery-controls-wrapper\">\r\n                                <div class=\"td-gallery-slide-count\"><span class=\"td-gallery-slide-item-focus\">1<\/span> de 11<\/div>\r\n                                <div class=\"td-gallery-slide-prev-next-but\">\r\n                                    <i class = \"td-icon-left doubleSliderPrevButton\"><\/i>\r\n                                    <i class = \"td-icon-right doubleSliderNextButton\"><\/i>\r\n                                <\/div>\r\n                            <\/div>\r\n                        <\/div>\r\n\r\n                        <div class = \"td-doubleSlider-1 \">\r\n                            <div class = \"td-slider\">\r\n                                \r\n                    <div class = \"td-slide-item td-item1\">\r\n                        <figure class=\"td-slide-galery-figure td-slide-popup-gallery\">\r\n                            <a class=\"slide-gallery-image-link\" href=\"https:\/\/www.eldiario.net\/portal\/wp-content\/uploads\/2025\/07\/Mijail-Rojas-Maria-Fernandez-Mayra-Galindo-y-Juan-Carlos-Nunez-Viva.webp\" title=\"Mijail-Rojas,-Mar\u00eda-Fern\u00e1ndez,-Mayra-Galindo-y-Juan-Carlos-Nu\u00f1ez-(Viva)\"  data-caption=\"MIJAIL ROJAS, MAR\u00cdA  FERN\u00c1NDEZ, MAYRA  GALINDO Y JUAN CARLOS NU\u00d1EZ (VIVA)\"  data-description=\"\">\r\n                                <img decoding=\"async\" src=\"https:\/\/www.eldiario.net\/portal\/wp-content\/uploads\/2025\/07\/Mijail-Rojas-Maria-Fernandez-Mayra-Galindo-y-Juan-Carlos-Nunez-Viva-364x420.webp\" srcset=\"https:\/\/www.eldiario.net\/portal\/wp-content\/uploads\/2025\/07\/Mijail-Rojas-Maria-Fernandez-Mayra-Galindo-y-Juan-Carlos-Nunez-Viva-364x420.webp 364w, https:\/\/www.eldiario.net\/portal\/wp-content\/uploads\/2025\/07\/Mijail-Rojas-Maria-Fernandez-Mayra-Galindo-y-Juan-Carlos-Nunez-Viva-260x300.webp 260w, https:\/\/www.eldiario.net\/portal\/wp-content\/uploads\/2025\/07\/Mijail-Rojas-Maria-Fernandez-Mayra-Galindo-y-Juan-Carlos-Nunez-Viva-888x1024.webp 888w, https:\/\/www.eldiario.net\/portal\/wp-content\/uploads\/2025\/07\/Mijail-Rojas-Maria-Fernandez-Mayra-Galindo-y-Juan-Carlos-Nunez-Viva-768x886.webp 768w, https:\/\/www.eldiario.net\/portal\/wp-content\/uploads\/2025\/07\/Mijail-Rojas-Maria-Fernandez-Mayra-Galindo-y-Juan-Carlos-Nunez-Viva-150x173.webp 150w, https:\/\/www.eldiario.net\/portal\/wp-content\/uploads\/2025\/07\/Mijail-Rojas-Maria-Fernandez-Mayra-Galindo-y-Juan-Carlos-Nunez-Viva-300x346.webp 300w, https:\/\/www.eldiario.net\/portal\/wp-content\/uploads\/2025\/07\/Mijail-Rojas-Maria-Fernandez-Mayra-Galindo-y-Juan-Carlos-Nunez-Viva-696x803.webp 696w, https:\/\/www.eldiario.net\/portal\/wp-content\/uploads\/2025\/07\/Mijail-Rojas-Maria-Fernandez-Mayra-Galindo-y-Juan-Carlos-Nunez-Viva-1068x1232.webp 1068w, https:\/\/www.eldiario.net\/portal\/wp-content\/uploads\/2025\/07\/Mijail-Rojas-Maria-Fernandez-Mayra-Galindo-y-Juan-Carlos-Nunez-Viva.webp 1200w\" sizes=\"(max-width: 364px) 100vw, 364px\" alt=\"\">\r\n                            <\/a>\r\n                            <figcaption class = \"td-slide-caption td-gallery-slide-content\"><div class = \"td-gallery-slide-copywrite\">MIJAIL ROJAS, MAR\u00cdA  FERN\u00c1NDEZ, MAYRA  GALINDO Y JUAN CARLOS NU\u00d1EZ (VIVA)<\/div><\/figcaption>\r\n                        <\/figure>\r\n                    <\/div>\r\n                    <div class = \"td-slide-item td-item2\">\r\n                        <figure class=\"td-slide-galery-figure td-slide-popup-gallery\">\r\n                            <a class=\"slide-gallery-image-link\" href=\"https:\/\/www.eldiario.net\/portal\/wp-content\/uploads\/2025\/07\/Pablo-Pastor-Carlos-Saavedra-Nicole-Camacho-Katya-Fuertes-y-Javier-Perou.webp\" title=\"Pablo-Pastor,-Carlos-Saavedra,-Nicole-Camacho,-Katya-Fuertes-y-Javier-Perou\"  data-caption=\"PABLO PASTOR, CARLOS SAAVEDRA, NICOLE CAMACHO, KATYA FUERTES Y JAVIER PEROU.\"  data-description=\"\">\r\n                                <img decoding=\"async\" src=\"https:\/\/www.eldiario.net\/portal\/wp-content\/uploads\/2025\/07\/Pablo-Pastor-Carlos-Saavedra-Nicole-Camacho-Katya-Fuertes-y-Javier-Perou-630x420.webp\" srcset=\"https:\/\/www.eldiario.net\/portal\/wp-content\/uploads\/2025\/07\/Pablo-Pastor-Carlos-Saavedra-Nicole-Camacho-Katya-Fuertes-y-Javier-Perou-630x420.webp 630w, https:\/\/www.eldiario.net\/portal\/wp-content\/uploads\/2025\/07\/Pablo-Pastor-Carlos-Saavedra-Nicole-Camacho-Katya-Fuertes-y-Javier-Perou-300x200.webp 300w, https:\/\/www.eldiario.net\/portal\/wp-content\/uploads\/2025\/07\/Pablo-Pastor-Carlos-Saavedra-Nicole-Camacho-Katya-Fuertes-y-Javier-Perou-1024x683.webp 1024w, https:\/\/www.eldiario.net\/portal\/wp-content\/uploads\/2025\/07\/Pablo-Pastor-Carlos-Saavedra-Nicole-Camacho-Katya-Fuertes-y-Javier-Perou-768x512.webp 768w, https:\/\/www.eldiario.net\/portal\/wp-content\/uploads\/2025\/07\/Pablo-Pastor-Carlos-Saavedra-Nicole-Camacho-Katya-Fuertes-y-Javier-Perou-150x100.webp 150w, https:\/\/www.eldiario.net\/portal\/wp-content\/uploads\/2025\/07\/Pablo-Pastor-Carlos-Saavedra-Nicole-Camacho-Katya-Fuertes-y-Javier-Perou-696x464.webp 696w, https:\/\/www.eldiario.net\/portal\/wp-content\/uploads\/2025\/07\/Pablo-Pastor-Carlos-Saavedra-Nicole-Camacho-Katya-Fuertes-y-Javier-Perou-1068x712.webp 1068w, https:\/\/www.eldiario.net\/portal\/wp-content\/uploads\/2025\/07\/Pablo-Pastor-Carlos-Saavedra-Nicole-Camacho-Katya-Fuertes-y-Javier-Perou.webp 1200w\" sizes=\"(max-width: 630px) 100vw, 630px\" alt=\"\">\r\n                            <\/a>\r\n                            <figcaption class = \"td-slide-caption td-gallery-slide-content\"><div class = \"td-gallery-slide-copywrite\">PABLO PASTOR, CARLOS SAAVEDRA, NICOLE CAMACHO, KATYA FUERTES Y JAVIER PEROU.<\/div><\/figcaption>\r\n                        <\/figure>\r\n                    <\/div>\r\n                    <div class = \"td-slide-item td-item3\">\r\n                        <figure class=\"td-slide-galery-figure td-slide-popup-gallery\">\r\n                            <a class=\"slide-gallery-image-link\" href=\"https:\/\/www.eldiario.net\/portal\/wp-content\/uploads\/2025\/07\/Pablo-Pastor-Embajador-Exma-Bolivia.webp\" title=\"Pablo-Pastor,-Embajador-Exma-Bolivia\"  data-caption=\"PABLO  PASTOR, EMBAJADOR EXMA  BOLIVIA.\"  data-description=\"\">\r\n                                <img decoding=\"async\" src=\"https:\/\/www.eldiario.net\/portal\/wp-content\/uploads\/2025\/07\/Pablo-Pastor-Embajador-Exma-Bolivia-630x420.webp\" srcset=\"https:\/\/www.eldiario.net\/portal\/wp-content\/uploads\/2025\/07\/Pablo-Pastor-Embajador-Exma-Bolivia-630x420.webp 630w, https:\/\/www.eldiario.net\/portal\/wp-content\/uploads\/2025\/07\/Pablo-Pastor-Embajador-Exma-Bolivia-300x200.webp 300w, https:\/\/www.eldiario.net\/portal\/wp-content\/uploads\/2025\/07\/Pablo-Pastor-Embajador-Exma-Bolivia-1024x683.webp 1024w, https:\/\/www.eldiario.net\/portal\/wp-content\/uploads\/2025\/07\/Pablo-Pastor-Embajador-Exma-Bolivia-768x512.webp 768w, https:\/\/www.eldiario.net\/portal\/wp-content\/uploads\/2025\/07\/Pablo-Pastor-Embajador-Exma-Bolivia-150x100.webp 150w, https:\/\/www.eldiario.net\/portal\/wp-content\/uploads\/2025\/07\/Pablo-Pastor-Embajador-Exma-Bolivia-696x464.webp 696w, https:\/\/www.eldiario.net\/portal\/wp-content\/uploads\/2025\/07\/Pablo-Pastor-Embajador-Exma-Bolivia-1068x712.webp 1068w, https:\/\/www.eldiario.net\/portal\/wp-content\/uploads\/2025\/07\/Pablo-Pastor-Embajador-Exma-Bolivia.webp 1200w\" sizes=\"(max-width: 630px) 100vw, 630px\" alt=\"\">\r\n                            <\/a>\r\n                            <figcaption class = \"td-slide-caption td-gallery-slide-content\"><div class = \"td-gallery-slide-copywrite\">PABLO  PASTOR, EMBAJADOR EXMA  BOLIVIA.<\/div><\/figcaption>\r\n                        <\/figure>\r\n                    <\/div>\r\n                    <div class = \"td-slide-item td-item4\">\r\n                        <figure class=\"td-slide-galery-figure td-slide-popup-gallery\">\r\n                            <a class=\"slide-gallery-image-link\" href=\"https:\/\/www.eldiario.net\/portal\/wp-content\/uploads\/2025\/07\/Samuel-Doria-Medina-Monje-Los-Tajibos.webp\" title=\"Samuel-Doria-Medina-Monje-(Los-Tajibos)\"  data-caption=\"SAMUEL DORIA MEDINA MONJE (LOS TAJIBOS).\"  data-description=\"\">\r\n                                <img decoding=\"async\" src=\"https:\/\/www.eldiario.net\/portal\/wp-content\/uploads\/2025\/07\/Samuel-Doria-Medina-Monje-Los-Tajibos-280x420.webp\" srcset=\"https:\/\/www.eldiario.net\/portal\/wp-content\/uploads\/2025\/07\/Samuel-Doria-Medina-Monje-Los-Tajibos-280x420.webp 280w, https:\/\/www.eldiario.net\/portal\/wp-content\/uploads\/2025\/07\/Samuel-Doria-Medina-Monje-Los-Tajibos-200x300.webp 200w, https:\/\/www.eldiario.net\/portal\/wp-content\/uploads\/2025\/07\/Samuel-Doria-Medina-Monje-Los-Tajibos-683x1024.webp 683w, https:\/\/www.eldiario.net\/portal\/wp-content\/uploads\/2025\/07\/Samuel-Doria-Medina-Monje-Los-Tajibos-150x225.webp 150w, https:\/\/www.eldiario.net\/portal\/wp-content\/uploads\/2025\/07\/Samuel-Doria-Medina-Monje-Los-Tajibos-300x450.webp 300w, https:\/\/www.eldiario.net\/portal\/wp-content\/uploads\/2025\/07\/Samuel-Doria-Medina-Monje-Los-Tajibos-696x1044.webp 696w, https:\/\/www.eldiario.net\/portal\/wp-content\/uploads\/2025\/07\/Samuel-Doria-Medina-Monje-Los-Tajibos.webp 720w\" sizes=\"(max-width: 280px) 100vw, 280px\" alt=\"\">\r\n                            <\/a>\r\n                            <figcaption class = \"td-slide-caption td-gallery-slide-content\"><div class = \"td-gallery-slide-copywrite\">SAMUEL DORIA MEDINA MONJE (LOS TAJIBOS).<\/div><\/figcaption>\r\n                        <\/figure>\r\n                    <\/div>\r\n                    <div class = \"td-slide-item td-item5\">\r\n                        <figure class=\"td-slide-galery-figure td-slide-popup-gallery\">\r\n                            <a class=\"slide-gallery-image-link\" href=\"https:\/\/www.eldiario.net\/portal\/wp-content\/uploads\/2025\/07\/Sandra-Coscio-y-Anahy-Ruiz.webp\" title=\"Sandra-Coscio-y-Anahy-Ruiz\"  data-caption=\"SANDRA COSCIO Y ANAHY RUIZ.\"  data-description=\"\">\r\n                                <img decoding=\"async\" src=\"https:\/\/www.eldiario.net\/portal\/wp-content\/uploads\/2025\/07\/Sandra-Coscio-y-Anahy-Ruiz-280x420.webp\" srcset=\"https:\/\/www.eldiario.net\/portal\/wp-content\/uploads\/2025\/07\/Sandra-Coscio-y-Anahy-Ruiz-280x420.webp 280w, https:\/\/www.eldiario.net\/portal\/wp-content\/uploads\/2025\/07\/Sandra-Coscio-y-Anahy-Ruiz-200x300.webp 200w, https:\/\/www.eldiario.net\/portal\/wp-content\/uploads\/2025\/07\/Sandra-Coscio-y-Anahy-Ruiz-683x1024.webp 683w, https:\/\/www.eldiario.net\/portal\/wp-content\/uploads\/2025\/07\/Sandra-Coscio-y-Anahy-Ruiz-150x225.webp 150w, https:\/\/www.eldiario.net\/portal\/wp-content\/uploads\/2025\/07\/Sandra-Coscio-y-Anahy-Ruiz-300x450.webp 300w, https:\/\/www.eldiario.net\/portal\/wp-content\/uploads\/2025\/07\/Sandra-Coscio-y-Anahy-Ruiz-696x1044.webp 696w, https:\/\/www.eldiario.net\/portal\/wp-content\/uploads\/2025\/07\/Sandra-Coscio-y-Anahy-Ruiz.webp 720w\" sizes=\"(max-width: 280px) 100vw, 280px\" alt=\"\">\r\n                            <\/a>\r\n                            <figcaption class = \"td-slide-caption td-gallery-slide-content\"><div class = \"td-gallery-slide-copywrite\">SANDRA COSCIO Y ANAHY RUIZ.<\/div><\/figcaption>\r\n                        <\/figure>\r\n                    <\/div>\r\n                    <div class = \"td-slide-item td-item6\">\r\n                        <figure class=\"td-slide-galery-figure td-slide-popup-gallery\">\r\n                            <a class=\"slide-gallery-image-link\" href=\"https:\/\/www.eldiario.net\/portal\/wp-content\/uploads\/2025\/07\/Sasha-Ibrahimpasic-y-Leticia-Duran-Banco-Sol.webp\" title=\"Sasha-Ibrahimpasic-y-Leticia-Dur\u00e1n-(Banco-Sol)\"  data-caption=\"SASHA IBRAHIMPASIC Y LETICIA DUR\u00c1N (BANCO SOL)\"  data-description=\"\">\r\n                                <img decoding=\"async\" src=\"https:\/\/www.eldiario.net\/portal\/wp-content\/uploads\/2025\/07\/Sasha-Ibrahimpasic-y-Leticia-Duran-Banco-Sol-630x420.webp\" srcset=\"https:\/\/www.eldiario.net\/portal\/wp-content\/uploads\/2025\/07\/Sasha-Ibrahimpasic-y-Leticia-Duran-Banco-Sol-630x420.webp 630w, https:\/\/www.eldiario.net\/portal\/wp-content\/uploads\/2025\/07\/Sasha-Ibrahimpasic-y-Leticia-Duran-Banco-Sol-300x200.webp 300w, https:\/\/www.eldiario.net\/portal\/wp-content\/uploads\/2025\/07\/Sasha-Ibrahimpasic-y-Leticia-Duran-Banco-Sol-1024x683.webp 1024w, https:\/\/www.eldiario.net\/portal\/wp-content\/uploads\/2025\/07\/Sasha-Ibrahimpasic-y-Leticia-Duran-Banco-Sol-768x512.webp 768w, https:\/\/www.eldiario.net\/portal\/wp-content\/uploads\/2025\/07\/Sasha-Ibrahimpasic-y-Leticia-Duran-Banco-Sol-150x100.webp 150w, https:\/\/www.eldiario.net\/portal\/wp-content\/uploads\/2025\/07\/Sasha-Ibrahimpasic-y-Leticia-Duran-Banco-Sol-696x464.webp 696w, https:\/\/www.eldiario.net\/portal\/wp-content\/uploads\/2025\/07\/Sasha-Ibrahimpasic-y-Leticia-Duran-Banco-Sol-1068x712.webp 1068w, https:\/\/www.eldiario.net\/portal\/wp-content\/uploads\/2025\/07\/Sasha-Ibrahimpasic-y-Leticia-Duran-Banco-Sol.webp 1200w\" sizes=\"(max-width: 630px) 100vw, 630px\" alt=\"\">\r\n                            <\/a>\r\n                            <figcaption class = \"td-slide-caption td-gallery-slide-content\"><div class = \"td-gallery-slide-copywrite\">SASHA IBRAHIMPASIC Y LETICIA DUR\u00c1N (BANCO SOL)<\/div><\/figcaption>\r\n                        <\/figure>\r\n                    <\/div>\r\n                    <div class = \"td-slide-item td-item7\">\r\n                        <figure class=\"td-slide-galery-figure td-slide-popup-gallery\">\r\n                            <a class=\"slide-gallery-image-link\" href=\"https:\/\/www.eldiario.net\/portal\/wp-content\/uploads\/2025\/07\/Cecilia-Montero-y-Jose-Birhuet-Copa-Airlines.webp\" title=\"Cecilia-Montero-y-Jose-Birhuet-(Copa-Airlines)\"  data-caption=\"CECILIA MONTERO Y JOSE BIRHUET (COPA AIRLINES).\"  data-description=\"\">\r\n                                <img decoding=\"async\" src=\"https:\/\/www.eldiario.net\/portal\/wp-content\/uploads\/2025\/07\/Cecilia-Montero-y-Jose-Birhuet-Copa-Airlines-280x420.webp\" srcset=\"https:\/\/www.eldiario.net\/portal\/wp-content\/uploads\/2025\/07\/Cecilia-Montero-y-Jose-Birhuet-Copa-Airlines-280x420.webp 280w, https:\/\/www.eldiario.net\/portal\/wp-content\/uploads\/2025\/07\/Cecilia-Montero-y-Jose-Birhuet-Copa-Airlines-200x300.webp 200w, https:\/\/www.eldiario.net\/portal\/wp-content\/uploads\/2025\/07\/Cecilia-Montero-y-Jose-Birhuet-Copa-Airlines-683x1024.webp 683w, https:\/\/www.eldiario.net\/portal\/wp-content\/uploads\/2025\/07\/Cecilia-Montero-y-Jose-Birhuet-Copa-Airlines-150x225.webp 150w, https:\/\/www.eldiario.net\/portal\/wp-content\/uploads\/2025\/07\/Cecilia-Montero-y-Jose-Birhuet-Copa-Airlines-300x450.webp 300w, https:\/\/www.eldiario.net\/portal\/wp-content\/uploads\/2025\/07\/Cecilia-Montero-y-Jose-Birhuet-Copa-Airlines-696x1044.webp 696w, https:\/\/www.eldiario.net\/portal\/wp-content\/uploads\/2025\/07\/Cecilia-Montero-y-Jose-Birhuet-Copa-Airlines.webp 720w\" sizes=\"(max-width: 280px) 100vw, 280px\" alt=\"\">\r\n                            <\/a>\r\n                            <figcaption class = \"td-slide-caption td-gallery-slide-content\"><div class = \"td-gallery-slide-copywrite\">CECILIA MONTERO Y JOSE BIRHUET (COPA AIRLINES).<\/div><\/figcaption>\r\n                        <\/figure>\r\n                    <\/div>\r\n                    <div class = \"td-slide-item td-item8\">\r\n                        <figure class=\"td-slide-galery-figure td-slide-popup-gallery\">\r\n                            <a class=\"slide-gallery-image-link\" href=\"https:\/\/www.eldiario.net\/portal\/wp-content\/uploads\/2025\/07\/Daniel-Chin-e-Israel-Castro.webp\" title=\"Daniel-Chin-e-Israel-Castro\"  data-caption=\"DANIEL CHIN E ISRAEL CASTRO.\"  data-description=\"\">\r\n                                <img decoding=\"async\" src=\"https:\/\/www.eldiario.net\/portal\/wp-content\/uploads\/2025\/07\/Daniel-Chin-e-Israel-Castro-280x420.webp\" srcset=\"https:\/\/www.eldiario.net\/portal\/wp-content\/uploads\/2025\/07\/Daniel-Chin-e-Israel-Castro-280x420.webp 280w, https:\/\/www.eldiario.net\/portal\/wp-content\/uploads\/2025\/07\/Daniel-Chin-e-Israel-Castro-200x300.webp 200w, https:\/\/www.eldiario.net\/portal\/wp-content\/uploads\/2025\/07\/Daniel-Chin-e-Israel-Castro-683x1024.webp 683w, https:\/\/www.eldiario.net\/portal\/wp-content\/uploads\/2025\/07\/Daniel-Chin-e-Israel-Castro-150x225.webp 150w, https:\/\/www.eldiario.net\/portal\/wp-content\/uploads\/2025\/07\/Daniel-Chin-e-Israel-Castro-300x450.webp 300w, https:\/\/www.eldiario.net\/portal\/wp-content\/uploads\/2025\/07\/Daniel-Chin-e-Israel-Castro-696x1044.webp 696w, https:\/\/www.eldiario.net\/portal\/wp-content\/uploads\/2025\/07\/Daniel-Chin-e-Israel-Castro.webp 720w\" sizes=\"(max-width: 280px) 100vw, 280px\" alt=\"\">\r\n                            <\/a>\r\n                            <figcaption class = \"td-slide-caption td-gallery-slide-content\"><div class = \"td-gallery-slide-copywrite\">DANIEL CHIN E ISRAEL CASTRO.<\/div><\/figcaption>\r\n                        <\/figure>\r\n                    <\/div>\r\n                    <div class = \"td-slide-item td-item9\">\r\n                        <figure class=\"td-slide-galery-figure td-slide-popup-gallery\">\r\n                            <a class=\"slide-gallery-image-link\" href=\"https:\/\/www.eldiario.net\/portal\/wp-content\/uploads\/2025\/07\/Gabriela-Arevalo-Yolanda-Aguilera-y-Adriana-Zenteno-Pil.webp\" title=\"Gabriela-Ar\u00e9valo,-Yolanda-Aguilera-y-Adriana-Zenteno-(Pil)\"  data-caption=\"GABRIELA  AR\u00c9VALO,  YOLANDA  AGUILERA Y  ADRIANA ZENTENO (PIL).\"  data-description=\"\">\r\n                                <img decoding=\"async\" src=\"https:\/\/www.eldiario.net\/portal\/wp-content\/uploads\/2025\/07\/Gabriela-Arevalo-Yolanda-Aguilera-y-Adriana-Zenteno-Pil-280x420.webp\" srcset=\"https:\/\/www.eldiario.net\/portal\/wp-content\/uploads\/2025\/07\/Gabriela-Arevalo-Yolanda-Aguilera-y-Adriana-Zenteno-Pil-280x420.webp 280w, https:\/\/www.eldiario.net\/portal\/wp-content\/uploads\/2025\/07\/Gabriela-Arevalo-Yolanda-Aguilera-y-Adriana-Zenteno-Pil-200x300.webp 200w, https:\/\/www.eldiario.net\/portal\/wp-content\/uploads\/2025\/07\/Gabriela-Arevalo-Yolanda-Aguilera-y-Adriana-Zenteno-Pil-683x1024.webp 683w, https:\/\/www.eldiario.net\/portal\/wp-content\/uploads\/2025\/07\/Gabriela-Arevalo-Yolanda-Aguilera-y-Adriana-Zenteno-Pil-150x225.webp 150w, https:\/\/www.eldiario.net\/portal\/wp-content\/uploads\/2025\/07\/Gabriela-Arevalo-Yolanda-Aguilera-y-Adriana-Zenteno-Pil-300x450.webp 300w, https:\/\/www.eldiario.net\/portal\/wp-content\/uploads\/2025\/07\/Gabriela-Arevalo-Yolanda-Aguilera-y-Adriana-Zenteno-Pil-696x1044.webp 696w, https:\/\/www.eldiario.net\/portal\/wp-content\/uploads\/2025\/07\/Gabriela-Arevalo-Yolanda-Aguilera-y-Adriana-Zenteno-Pil.webp 720w\" sizes=\"(max-width: 280px) 100vw, 280px\" alt=\"\">\r\n                            <\/a>\r\n                            <figcaption class = \"td-slide-caption td-gallery-slide-content\"><div class = \"td-gallery-slide-copywrite\">GABRIELA  AR\u00c9VALO,  YOLANDA  AGUILERA Y  ADRIANA ZENTENO (PIL).<\/div><\/figcaption>\r\n                        <\/figure>\r\n                    <\/div>\r\n                    <div class = \"td-slide-item td-item10\">\r\n                        <figure class=\"td-slide-galery-figure td-slide-popup-gallery\">\r\n                            <a class=\"slide-gallery-image-link\" href=\"https:\/\/www.eldiario.net\/portal\/wp-content\/uploads\/2025\/07\/JF-Garcia-Daniela-Fiochetta-Barbara-Delgado-Maria-Nurnberg-y-Gabriel-Quiroga.webp\" title=\"JF-Garc\u00eda,-Daniela-Fiochetta,-Barbara-Delgado,-Maria-N\u00fcrnberg-y-Gabriel-Quiroga\"  data-caption=\"JF GARC\u00cdA, DANIELA FIOCHETTA, B\u00c1RBARA  DELGADO, MAR\u00cdA N\u00dcRNBERG Y GABRIEL QUIROGA.\"  data-description=\"\">\r\n                                <img decoding=\"async\" src=\"https:\/\/www.eldiario.net\/portal\/wp-content\/uploads\/2025\/07\/JF-Garcia-Daniela-Fiochetta-Barbara-Delgado-Maria-Nurnberg-y-Gabriel-Quiroga-630x420.webp\" srcset=\"https:\/\/www.eldiario.net\/portal\/wp-content\/uploads\/2025\/07\/JF-Garcia-Daniela-Fiochetta-Barbara-Delgado-Maria-Nurnberg-y-Gabriel-Quiroga-630x420.webp 630w, https:\/\/www.eldiario.net\/portal\/wp-content\/uploads\/2025\/07\/JF-Garcia-Daniela-Fiochetta-Barbara-Delgado-Maria-Nurnberg-y-Gabriel-Quiroga-300x200.webp 300w, https:\/\/www.eldiario.net\/portal\/wp-content\/uploads\/2025\/07\/JF-Garcia-Daniela-Fiochetta-Barbara-Delgado-Maria-Nurnberg-y-Gabriel-Quiroga-1024x683.webp 1024w, https:\/\/www.eldiario.net\/portal\/wp-content\/uploads\/2025\/07\/JF-Garcia-Daniela-Fiochetta-Barbara-Delgado-Maria-Nurnberg-y-Gabriel-Quiroga-768x512.webp 768w, https:\/\/www.eldiario.net\/portal\/wp-content\/uploads\/2025\/07\/JF-Garcia-Daniela-Fiochetta-Barbara-Delgado-Maria-Nurnberg-y-Gabriel-Quiroga-150x100.webp 150w, https:\/\/www.eldiario.net\/portal\/wp-content\/uploads\/2025\/07\/JF-Garcia-Daniela-Fiochetta-Barbara-Delgado-Maria-Nurnberg-y-Gabriel-Quiroga-696x464.webp 696w, https:\/\/www.eldiario.net\/portal\/wp-content\/uploads\/2025\/07\/JF-Garcia-Daniela-Fiochetta-Barbara-Delgado-Maria-Nurnberg-y-Gabriel-Quiroga-1068x712.webp 1068w, https:\/\/www.eldiario.net\/portal\/wp-content\/uploads\/2025\/07\/JF-Garcia-Daniela-Fiochetta-Barbara-Delgado-Maria-Nurnberg-y-Gabriel-Quiroga.webp 1200w\" sizes=\"(max-width: 630px) 100vw, 630px\" alt=\"\">\r\n                            <\/a>\r\n                            <figcaption class = \"td-slide-caption td-gallery-slide-content\"><div class = \"td-gallery-slide-copywrite\">JF GARC\u00cdA, DANIELA FIOCHETTA, B\u00c1RBARA  DELGADO, MAR\u00cdA N\u00dcRNBERG Y GABRIEL QUIROGA.<\/div><\/figcaption>\r\n                        <\/figure>\r\n                    <\/div>\r\n                    <div class = \"td-slide-item td-item11\">\r\n                        <figure class=\"td-slide-galery-figure td-slide-popup-gallery\">\r\n                            <a class=\"slide-gallery-image-link\" href=\"https:\/\/www.eldiario.net\/portal\/wp-content\/uploads\/2025\/07\/Katya-Fuertes-y-Carlos-Saavedra.webp\" title=\"Katya-Fuertes-y-Carlos-Saavedra\"  data-caption=\"KATYA FUERTES Y CARLOS  SAAVEDRA.\"  data-description=\"\">\r\n                                <img decoding=\"async\" src=\"https:\/\/www.eldiario.net\/portal\/wp-content\/uploads\/2025\/07\/Katya-Fuertes-y-Carlos-Saavedra-630x420.webp\" srcset=\"https:\/\/www.eldiario.net\/portal\/wp-content\/uploads\/2025\/07\/Katya-Fuertes-y-Carlos-Saavedra-630x420.webp 630w, https:\/\/www.eldiario.net\/portal\/wp-content\/uploads\/2025\/07\/Katya-Fuertes-y-Carlos-Saavedra-300x200.webp 300w, https:\/\/www.eldiario.net\/portal\/wp-content\/uploads\/2025\/07\/Katya-Fuertes-y-Carlos-Saavedra-1024x683.webp 1024w, https:\/\/www.eldiario.net\/portal\/wp-content\/uploads\/2025\/07\/Katya-Fuertes-y-Carlos-Saavedra-768x512.webp 768w, https:\/\/www.eldiario.net\/portal\/wp-content\/uploads\/2025\/07\/Katya-Fuertes-y-Carlos-Saavedra-150x100.webp 150w, https:\/\/www.eldiario.net\/portal\/wp-content\/uploads\/2025\/07\/Katya-Fuertes-y-Carlos-Saavedra-696x464.webp 696w, https:\/\/www.eldiario.net\/portal\/wp-content\/uploads\/2025\/07\/Katya-Fuertes-y-Carlos-Saavedra-1068x712.webp 1068w, https:\/\/www.eldiario.net\/portal\/wp-content\/uploads\/2025\/07\/Katya-Fuertes-y-Carlos-Saavedra.webp 1200w\" sizes=\"(max-width: 630px) 100vw, 630px\" alt=\"\">\r\n                            <\/a>\r\n                            <figcaption class = \"td-slide-caption td-gallery-slide-content\"><div class = \"td-gallery-slide-copywrite\">KATYA FUERTES Y CARLOS  SAAVEDRA.<\/div><\/figcaption>\r\n                        <\/figure>\r\n                    <\/div>\r\n                            <\/div>\r\n                        <\/div>\r\n\r\n                        <div class = \"td-doubleSlider-2\">\r\n                            <div class = \"td-slider\">\r\n                                \r\n                    <div class = \"td-button td-item1\">\r\n                        <div class = \"td-border\"><\/div>\r\n                    <\/div>\r\n                    <div class = \"td-button td-item2\">\r\n                        <div class = \"td-border\"><\/div>\r\n                    <\/div>\r\n                    <div class = \"td-button td-item3\">\r\n                        <div class = \"td-border\"><\/div>\r\n                    <\/div>\r\n                    <div class = \"td-button td-item4\">\r\n                        <div class = \"td-border\"><\/div>\r\n                    <\/div>\r\n                    <div class = \"td-button td-item5\">\r\n                        <div class = \"td-border\"><\/div>\r\n                    <\/div>\r\n                    <div class = \"td-button td-item6\">\r\n                        <div class = \"td-border\"><\/div>\r\n                    <\/div>\r\n                    <div class = \"td-button td-item7\">\r\n                        <div class = \"td-border\"><\/div>\r\n                    <\/div>\r\n                    <div class = \"td-button td-item8\">\r\n                        <div class = \"td-border\"><\/div>\r\n                    <\/div>\r\n                    <div class = \"td-button td-item9\">\r\n                        <div class = \"td-border\"><\/div>\r\n                    <\/div>\r\n                    <div class = \"td-button td-item10\">\r\n                        <div class = \"td-border\"><\/div>\r\n                    <\/div>\r\n                    <div class = \"td-button td-item11\">\r\n                        <div class = \"td-border\"><\/div>\r\n                    <\/div>\r\n                            <\/div>\r\n                        <\/div>\r\n\r\n                    <\/div>\r\n\r\n                <\/div>\r\n                \n","protected":false},"excerpt":{"rendered":"<p>Santa Cruz de la Sierra nuevamente ser\u00e1 sede de EXMA, el evento de marketing global m\u00e1s esperado en Bolivia, a desarrollarse el jueves 17 y viernes 18 de julio en el Centro de Convenciones de Los Tajibos, con la participaci\u00f3n de una docena de speakers internacionales que compartir\u00e1n lo mejor de sus experiencias, adem\u00e1s de [&hellip;]<\/p>\n","protected":false},"author":1,"featured_media":317216,"comment_status":"closed","ping_status":"open","sticky":false,"template":"","format":"standard","meta":{"_acf_changed":false,"footnotes":""},"categories":[40],"tags":[],"class_list":["post-317214","post","type-post","status-publish","format-standard","has-post-thumbnail","category-sociales"],"acf":{"antetitulo":""},"yoast_head":"<!-- This site is optimized with the Yoast SEO plugin v28.4 - https:\/\/yoast.com\/product\/yoast-seo-wordpress\/ -->\n<title>EXMA 2025, mentes que transforman negocios - El Diario - Bolivia<\/title>\n<meta name=\"robots\" content=\"index, follow, max-snippet:-1, max-image-preview:large, max-video-preview:-1\" \/>\n<link rel=\"canonical\" href=\"https:\/\/www.eldiario.net\/portal\/2025\/07\/16\/exma-2025-mentes-que-transforman-negocios\/\" \/>\n<meta property=\"og:locale\" content=\"es_ES\" \/>\n<meta property=\"og:type\" content=\"article\" \/>\n<meta property=\"og:title\" content=\"EXMA 2025, mentes que transforman negocios - El Diario - Bolivia\" \/>\n<meta property=\"og:description\" content=\"Santa Cruz de la Sierra nuevamente ser\u00e1 sede de EXMA, el evento de marketing global m\u00e1s esperado en Bolivia, a desarrollarse el jueves 17 y viernes 18 de julio en el Centro de Convenciones de Los Tajibos, con la participaci\u00f3n de una docena de speakers internacionales que compartir\u00e1n lo mejor de sus experiencias, adem\u00e1s de [&hellip;]\" \/>\n<meta property=\"og:url\" content=\"https:\/\/www.eldiario.net\/portal\/2025\/07\/16\/exma-2025-mentes-que-transforman-negocios\/\" \/>\n<meta property=\"og:site_name\" content=\"El Diario - Bolivia\" \/>\n<meta property=\"article:publisher\" content=\"https:\/\/www.facebook.com\/eldiario.bolivia\/\" \/>\n<meta property=\"article:published_time\" content=\"2025-07-16T12:36:52+00:00\" \/>\n<meta property=\"og:image\" content=\"https:\/\/www.eldiario.net\/portal\/wp-content\/uploads\/2025\/07\/Pablo-Pastor-Carlos-Saavedra-Nicole-Camacho-Katya-Fuertes-y-Javier-Perou.webp\" \/>\n\t<meta property=\"og:image:width\" content=\"1200\" \/>\n\t<meta property=\"og:image:height\" content=\"800\" \/>\n\t<meta property=\"og:image:type\" content=\"image\/webp\" \/>\n<meta name=\"author\" content=\"Jeanette\" \/>\n<meta name=\"twitter:card\" content=\"summary_large_image\" \/>\n<meta name=\"twitter:creator\" content=\"@eldiario_net\" \/>\n<meta name=\"twitter:site\" content=\"@eldiario_net\" \/>\n<meta name=\"twitter:label1\" content=\"Escrito por\" \/>\n\t<meta name=\"twitter:data1\" content=\"Jeanette\" \/>\n\t<meta name=\"twitter:label2\" content=\"Tiempo de lectura\" \/>\n\t<meta name=\"twitter:data2\" content=\"2 minutos\" \/>\n<script type=\"application\/ld+json\" class=\"yoast-schema-graph\">{\"@context\":\"https:\\\/\\\/schema.org\",\"@graph\":[{\"@type\":\"Article\",\"@id\":\"https:\\\/\\\/www.eldiario.net\\\/portal\\\/2025\\\/07\\\/16\\\/exma-2025-mentes-que-transforman-negocios\\\/#article\",\"isPartOf\":{\"@id\":\"https:\\\/\\\/www.eldiario.net\\\/portal\\\/2025\\\/07\\\/16\\\/exma-2025-mentes-que-transforman-negocios\\\/\"},\"author\":{\"name\":\"Jeanette\",\"@id\":\"https:\\\/\\\/www.eldiario.net\\\/portal\\\/#\\\/schema\\\/person\\\/f46445640444750d7d753ccd04ae01b7\"},\"headline\":\"EXMA 2025, mentes que transforman negocios\",\"datePublished\":\"2025-07-16T12:36:52+00:00\",\"mainEntityOfPage\":{\"@id\":\"https:\\\/\\\/www.eldiario.net\\\/portal\\\/2025\\\/07\\\/16\\\/exma-2025-mentes-que-transforman-negocios\\\/\"},\"wordCount\":225,\"publisher\":{\"@id\":\"https:\\\/\\\/www.eldiario.net\\\/portal\\\/#organization\"},\"image\":{\"@id\":\"https:\\\/\\\/www.eldiario.net\\\/portal\\\/2025\\\/07\\\/16\\\/exma-2025-mentes-que-transforman-negocios\\\/#primaryimage\"},\"thumbnailUrl\":\"https:\\\/\\\/www.eldiario.net\\\/portal\\\/wp-content\\\/uploads\\\/2025\\\/07\\\/Pablo-Pastor-Carlos-Saavedra-Nicole-Camacho-Katya-Fuertes-y-Javier-Perou.webp\",\"articleSection\":[\"Sociales\"],\"inLanguage\":\"es\"},{\"@type\":\"WebPage\",\"@id\":\"https:\\\/\\\/www.eldiario.net\\\/portal\\\/2025\\\/07\\\/16\\\/exma-2025-mentes-que-transforman-negocios\\\/\",\"url\":\"https:\\\/\\\/www.eldiario.net\\\/portal\\\/2025\\\/07\\\/16\\\/exma-2025-mentes-que-transforman-negocios\\\/\",\"name\":\"EXMA 2025, mentes que transforman negocios - El Diario - Bolivia\",\"isPartOf\":{\"@id\":\"https:\\\/\\\/www.eldiario.net\\\/portal\\\/#website\"},\"primaryImageOfPage\":{\"@id\":\"https:\\\/\\\/www.eldiario.net\\\/portal\\\/2025\\\/07\\\/16\\\/exma-2025-mentes-que-transforman-negocios\\\/#primaryimage\"},\"image\":{\"@id\":\"https:\\\/\\\/www.eldiario.net\\\/portal\\\/2025\\\/07\\\/16\\\/exma-2025-mentes-que-transforman-negocios\\\/#primaryimage\"},\"thumbnailUrl\":\"https:\\\/\\\/www.eldiario.net\\\/portal\\\/wp-content\\\/uploads\\\/2025\\\/07\\\/Pablo-Pastor-Carlos-Saavedra-Nicole-Camacho-Katya-Fuertes-y-Javier-Perou.webp\",\"datePublished\":\"2025-07-16T12:36:52+00:00\",\"breadcrumb\":{\"@id\":\"https:\\\/\\\/www.eldiario.net\\\/portal\\\/2025\\\/07\\\/16\\\/exma-2025-mentes-que-transforman-negocios\\\/#breadcrumb\"},\"inLanguage\":\"es\",\"potentialAction\":[{\"@type\":\"ReadAction\",\"target\":[\"https:\\\/\\\/www.eldiario.net\\\/portal\\\/2025\\\/07\\\/16\\\/exma-2025-mentes-que-transforman-negocios\\\/\"]}]},{\"@type\":\"ImageObject\",\"inLanguage\":\"es\",\"@id\":\"https:\\\/\\\/www.eldiario.net\\\/portal\\\/2025\\\/07\\\/16\\\/exma-2025-mentes-que-transforman-negocios\\\/#primaryimage\",\"url\":\"https:\\\/\\\/www.eldiario.net\\\/portal\\\/wp-content\\\/uploads\\\/2025\\\/07\\\/Pablo-Pastor-Carlos-Saavedra-Nicole-Camacho-Katya-Fuertes-y-Javier-Perou.webp\",\"contentUrl\":\"https:\\\/\\\/www.eldiario.net\\\/portal\\\/wp-content\\\/uploads\\\/2025\\\/07\\\/Pablo-Pastor-Carlos-Saavedra-Nicole-Camacho-Katya-Fuertes-y-Javier-Perou.webp\",\"width\":1200,\"height\":800,\"caption\":\"PABLO PASTOR, CARLOS SAAVEDRA, NICOLE CAMACHO, KATYA FUERTES Y JAVIER PEROU.\"},{\"@type\":\"BreadcrumbList\",\"@id\":\"https:\\\/\\\/www.eldiario.net\\\/portal\\\/2025\\\/07\\\/16\\\/exma-2025-mentes-que-transforman-negocios\\\/#breadcrumb\",\"itemListElement\":[{\"@type\":\"ListItem\",\"position\":1,\"name\":\"Portada\",\"item\":\"https:\\\/\\\/www.eldiario.net\\\/portal\\\/\"},{\"@type\":\"ListItem\",\"position\":2,\"name\":\"EXMA 2025, mentes que transforman negocios\"}]},{\"@type\":\"WebSite\",\"@id\":\"https:\\\/\\\/www.eldiario.net\\\/portal\\\/#website\",\"url\":\"https:\\\/\\\/www.eldiario.net\\\/portal\\\/\",\"name\":\"El Diario - Decano de la prensa nacional\",\"description\":\"El Diario - Decano de la prensa nacional\",\"publisher\":{\"@id\":\"https:\\\/\\\/www.eldiario.net\\\/portal\\\/#organization\"},\"potentialAction\":[{\"@type\":\"SearchAction\",\"target\":{\"@type\":\"EntryPoint\",\"urlTemplate\":\"https:\\\/\\\/www.eldiario.net\\\/portal\\\/?s={search_term_string}\"},\"query-input\":{\"@type\":\"PropertyValueSpecification\",\"valueRequired\":true,\"valueName\":\"search_term_string\"}}],\"inLanguage\":\"es\"},{\"@type\":\"Organization\",\"@id\":\"https:\\\/\\\/www.eldiario.net\\\/portal\\\/#organization\",\"name\":\"El Diario - Decano de la prensa nacional\",\"url\":\"https:\\\/\\\/www.eldiario.net\\\/portal\\\/\",\"logo\":{\"@type\":\"ImageObject\",\"inLanguage\":\"es\",\"@id\":\"https:\\\/\\\/www.eldiario.net\\\/portal\\\/#\\\/schema\\\/logo\\\/image\\\/\",\"url\":\"https:\\\/\\\/www.eldiario.net\\\/portal\\\/wp-content\\\/uploads\\\/2023\\\/07\\\/logo_ED.jpg\",\"contentUrl\":\"https:\\\/\\\/www.eldiario.net\\\/portal\\\/wp-content\\\/uploads\\\/2023\\\/07\\\/logo_ED.jpg\",\"width\":272,\"height\":52,\"caption\":\"El Diario - Decano de la prensa nacional\"},\"image\":{\"@id\":\"https:\\\/\\\/www.eldiario.net\\\/portal\\\/#\\\/schema\\\/logo\\\/image\\\/\"},\"sameAs\":[\"https:\\\/\\\/www.facebook.com\\\/eldiario.bolivia\\\/\",\"https:\\\/\\\/x.com\\\/eldiario_net\"]},{\"@type\":\"Person\",\"@id\":\"https:\\\/\\\/www.eldiario.net\\\/portal\\\/#\\\/schema\\\/person\\\/f46445640444750d7d753ccd04ae01b7\",\"name\":\"Jeanette\",\"image\":{\"@type\":\"ImageObject\",\"inLanguage\":\"es\",\"@id\":\"https:\\\/\\\/secure.gravatar.com\\\/avatar\\\/3ea2118a5f7dad2b7138b1187a6b7ee55f160b9968b66013c3a3ef39dd7e5798?s=96&d=mm&r=g\",\"url\":\"https:\\\/\\\/secure.gravatar.com\\\/avatar\\\/3ea2118a5f7dad2b7138b1187a6b7ee55f160b9968b66013c3a3ef39dd7e5798?s=96&d=mm&r=g\",\"contentUrl\":\"https:\\\/\\\/secure.gravatar.com\\\/avatar\\\/3ea2118a5f7dad2b7138b1187a6b7ee55f160b9968b66013c3a3ef39dd7e5798?s=96&d=mm&r=g\",\"caption\":\"Jeanette\"},\"sameAs\":[\"https:\\\/\\\/www.eldiario.net\\\/portal\"],\"url\":\"https:\\\/\\\/www.eldiario.net\\\/portal\\\/author\\\/jeanette\\\/\"}]}<\/script>\n<!-- \/ Yoast SEO plugin. -->","yoast_head_json":{"title":"EXMA 2025, mentes que transforman negocios - El Diario - Bolivia","robots":{"index":"index","follow":"follow","max-snippet":"max-snippet:-1","max-image-preview":"max-image-preview:large","max-video-preview":"max-video-preview:-1"},"canonical":"https:\/\/www.eldiario.net\/portal\/2025\/07\/16\/exma-2025-mentes-que-transforman-negocios\/","og_locale":"es_ES","og_type":"article","og_title":"EXMA 2025, mentes que transforman negocios - El Diario - Bolivia","og_description":"Santa Cruz de la Sierra nuevamente ser\u00e1 sede de EXMA, el evento de marketing global m\u00e1s esperado en Bolivia, a desarrollarse el jueves 17 y viernes 18 de julio en el Centro de Convenciones de Los Tajibos, con la participaci\u00f3n de una docena de speakers internacionales que compartir\u00e1n lo mejor de sus experiencias, adem\u00e1s de [&hellip;]","og_url":"https:\/\/www.eldiario.net\/portal\/2025\/07\/16\/exma-2025-mentes-que-transforman-negocios\/","og_site_name":"El Diario - Bolivia","article_publisher":"https:\/\/www.facebook.com\/eldiario.bolivia\/","article_published_time":"2025-07-16T12:36:52+00:00","og_image":[{"width":1200,"height":800,"url":"https:\/\/www.eldiario.net\/portal\/wp-content\/uploads\/2025\/07\/Pablo-Pastor-Carlos-Saavedra-Nicole-Camacho-Katya-Fuertes-y-Javier-Perou.webp","type":"image\/webp"}],"author":"Jeanette","twitter_card":"summary_large_image","twitter_creator":"@eldiario_net","twitter_site":"@eldiario_net","twitter_misc":{"Escrito por":"Jeanette","Tiempo de lectura":"2 minutos"},"schema":{"@context":"https:\/\/schema.org","@graph":[{"@type":"Article","@id":"https:\/\/www.eldiario.net\/portal\/2025\/07\/16\/exma-2025-mentes-que-transforman-negocios\/#article","isPartOf":{"@id":"https:\/\/www.eldiario.net\/portal\/2025\/07\/16\/exma-2025-mentes-que-transforman-negocios\/"},"author":{"name":"Jeanette","@id":"https:\/\/www.eldiario.net\/portal\/#\/schema\/person\/f46445640444750d7d753ccd04ae01b7"},"headline":"EXMA 2025, mentes que transforman negocios","datePublished":"2025-07-16T12:36:52+00:00","mainEntityOfPage":{"@id":"https:\/\/www.eldiario.net\/portal\/2025\/07\/16\/exma-2025-mentes-que-transforman-negocios\/"},"wordCount":225,"publisher":{"@id":"https:\/\/www.eldiario.net\/portal\/#organization"},"image":{"@id":"https:\/\/www.eldiario.net\/portal\/2025\/07\/16\/exma-2025-mentes-que-transforman-negocios\/#primaryimage"},"thumbnailUrl":"https:\/\/www.eldiario.net\/portal\/wp-content\/uploads\/2025\/07\/Pablo-Pastor-Carlos-Saavedra-Nicole-Camacho-Katya-Fuertes-y-Javier-Perou.webp","articleSection":["Sociales"],"inLanguage":"es"},{"@type":"WebPage","@id":"https:\/\/www.eldiario.net\/portal\/2025\/07\/16\/exma-2025-mentes-que-transforman-negocios\/","url":"https:\/\/www.eldiario.net\/portal\/2025\/07\/16\/exma-2025-mentes-que-transforman-negocios\/","name":"EXMA 2025, mentes que transforman negocios - El Diario - Bolivia","isPartOf":{"@id":"https:\/\/www.eldiario.net\/portal\/#website"},"primaryImageOfPage":{"@id":"https:\/\/www.eldiario.net\/portal\/2025\/07\/16\/exma-2025-mentes-que-transforman-negocios\/#primaryimage"},"image":{"@id":"https:\/\/www.eldiario.net\/portal\/2025\/07\/16\/exma-2025-mentes-que-transforman-negocios\/#primaryimage"},"thumbnailUrl":"https:\/\/www.eldiario.net\/portal\/wp-content\/uploads\/2025\/07\/Pablo-Pastor-Carlos-Saavedra-Nicole-Camacho-Katya-Fuertes-y-Javier-Perou.webp","datePublished":"2025-07-16T12:36:52+00:00","breadcrumb":{"@id":"https:\/\/www.eldiario.net\/portal\/2025\/07\/16\/exma-2025-mentes-que-transforman-negocios\/#breadcrumb"},"inLanguage":"es","potentialAction":[{"@type":"ReadAction","target":["https:\/\/www.eldiario.net\/portal\/2025\/07\/16\/exma-2025-mentes-que-transforman-negocios\/"]}]},{"@type":"ImageObject","inLanguage":"es","@id":"https:\/\/www.eldiario.net\/portal\/2025\/07\/16\/exma-2025-mentes-que-transforman-negocios\/#primaryimage","url":"https:\/\/www.eldiario.net\/portal\/wp-content\/uploads\/2025\/07\/Pablo-Pastor-Carlos-Saavedra-Nicole-Camacho-Katya-Fuertes-y-Javier-Perou.webp","contentUrl":"https:\/\/www.eldiario.net\/portal\/wp-content\/uploads\/2025\/07\/Pablo-Pastor-Carlos-Saavedra-Nicole-Camacho-Katya-Fuertes-y-Javier-Perou.webp","width":1200,"height":800,"caption":"PABLO PASTOR, CARLOS SAAVEDRA, NICOLE CAMACHO, KATYA FUERTES Y JAVIER PEROU."},{"@type":"BreadcrumbList","@id":"https:\/\/www.eldiario.net\/portal\/2025\/07\/16\/exma-2025-mentes-que-transforman-negocios\/#breadcrumb","itemListElement":[{"@type":"ListItem","position":1,"name":"Portada","item":"https:\/\/www.eldiario.net\/portal\/"},{"@type":"ListItem","position":2,"name":"EXMA 2025, mentes que transforman negocios"}]},{"@type":"WebSite","@id":"https:\/\/www.eldiario.net\/portal\/#website","url":"https:\/\/www.eldiario.net\/portal\/","name":"El Diario - Decano de la prensa nacional","description":"El Diario - Decano de la prensa nacional","publisher":{"@id":"https:\/\/www.eldiario.net\/portal\/#organization"},"potentialAction":[{"@type":"SearchAction","target":{"@type":"EntryPoint","urlTemplate":"https:\/\/www.eldiario.net\/portal\/?s={search_term_string}"},"query-input":{"@type":"PropertyValueSpecification","valueRequired":true,"valueName":"search_term_string"}}],"inLanguage":"es"},{"@type":"Organization","@id":"https:\/\/www.eldiario.net\/portal\/#organization","name":"El Diario - Decano de la prensa nacional","url":"https:\/\/www.eldiario.net\/portal\/","logo":{"@type":"ImageObject","inLanguage":"es","@id":"https:\/\/www.eldiario.net\/portal\/#\/schema\/logo\/image\/","url":"https:\/\/www.eldiario.net\/portal\/wp-content\/uploads\/2023\/07\/logo_ED.jpg","contentUrl":"https:\/\/www.eldiario.net\/portal\/wp-content\/uploads\/2023\/07\/logo_ED.jpg","width":272,"height":52,"caption":"El Diario - Decano de la prensa nacional"},"image":{"@id":"https:\/\/www.eldiario.net\/portal\/#\/schema\/logo\/image\/"},"sameAs":["https:\/\/www.facebook.com\/eldiario.bolivia\/","https:\/\/x.com\/eldiario_net"]},{"@type":"Person","@id":"https:\/\/www.eldiario.net\/portal\/#\/schema\/person\/f46445640444750d7d753ccd04ae01b7","name":"Jeanette","image":{"@type":"ImageObject","inLanguage":"es","@id":"https:\/\/secure.gravatar.com\/avatar\/3ea2118a5f7dad2b7138b1187a6b7ee55f160b9968b66013c3a3ef39dd7e5798?s=96&d=mm&r=g","url":"https:\/\/secure.gravatar.com\/avatar\/3ea2118a5f7dad2b7138b1187a6b7ee55f160b9968b66013c3a3ef39dd7e5798?s=96&d=mm&r=g","contentUrl":"https:\/\/secure.gravatar.com\/avatar\/3ea2118a5f7dad2b7138b1187a6b7ee55f160b9968b66013c3a3ef39dd7e5798?s=96&d=mm&r=g","caption":"Jeanette"},"sameAs":["https:\/\/www.eldiario.net\/portal"],"url":"https:\/\/www.eldiario.net\/portal\/author\/jeanette\/"}]}},"_links":{"self":[{"href":"https:\/\/www.eldiario.net\/portal\/wp-json\/wp\/v2\/posts\/317214","targetHints":{"allow":["GET"]}}],"collection":[{"href":"https:\/\/www.eldiario.net\/portal\/wp-json\/wp\/v2\/posts"}],"about":[{"href":"https:\/\/www.eldiario.net\/portal\/wp-json\/wp\/v2\/types\/post"}],"author":[{"embeddable":true,"href":"https:\/\/www.eldiario.net\/portal\/wp-json\/wp\/v2\/users\/1"}],"replies":[{"embeddable":true,"href":"https:\/\/www.eldiario.net\/portal\/wp-json\/wp\/v2\/comments?post=317214"}],"version-history":[{"count":1,"href":"https:\/\/www.eldiario.net\/portal\/wp-json\/wp\/v2\/posts\/317214\/revisions"}],"predecessor-version":[{"id":317226,"href":"https:\/\/www.eldiario.net\/portal\/wp-json\/wp\/v2\/posts\/317214\/revisions\/317226"}],"wp:featuredmedia":[{"embeddable":true,"href":"https:\/\/www.eldiario.net\/portal\/wp-json\/wp\/v2\/media\/317216"}],"wp:attachment":[{"href":"https:\/\/www.eldiario.net\/portal\/wp-json\/wp\/v2\/media?parent=317214"}],"wp:term":[{"taxonomy":"category","embeddable":true,"href":"https:\/\/www.eldiario.net\/portal\/wp-json\/wp\/v2\/categories?post=317214"},{"taxonomy":"post_tag","embeddable":true,"href":"https:\/\/www.eldiario.net\/portal\/wp-json\/wp\/v2\/tags?post=317214"}],"curies":[{"name":"wp","href":"https:\/\/api.w.org\/{rel}","templated":true}]}}