{"id":317208,"date":"2025-07-16T08:26:08","date_gmt":"2025-07-16T12:26:08","guid":{"rendered":"https:\/\/www.eldiario.net\/portal\/?p=317208"},"modified":"2025-07-16T08:26:08","modified_gmt":"2025-07-16T12:26:08","slug":"cuatro-noches-de-reversiones-musicales-en-festival-soniqo","status":"publish","type":"post","link":"https:\/\/www.eldiario.net\/portal\/2025\/07\/16\/cuatro-noches-de-reversiones-musicales-en-festival-soniqo\/","title":{"rendered":"Cuatro noches de reversiones  musicales en Festival Soniqo"},"content":{"rendered":"<p>La ciudad de La Paz est\u00e1 lista para recibir el Festival Soniqo, un ciclo de reinterpretaci\u00f3n musical que transformar\u00e1 la manera en que el p\u00fablico vive la m\u00fasica \u201cen vivo\u201d. Presentado por Inc\u00f3gnito, el evento reunir\u00e1 a artistas y bandas ic\u00f3nicas del pa\u00eds, llevando sus composiciones a un formato electroac\u00fastico exclusivo en el reconocido Espacio Kuu, un enclave cultural en el coraz\u00f3n de la zona sur de la sede de gobierno.<\/p>\n<p>El ciclo se enmarca en un contexto hist\u00f3rico especial, uni\u00e9ndose a la celebraci\u00f3n del aniversario de La Paz y el Bicentenario de Bolivia. Esta vinculaci\u00f3n refuerza a Festival Soniqo como un evento emblem\u00e1tico, resaltando el talento nacional y la evoluci\u00f3n de la m\u00fasica en el pa\u00eds.<\/p>\n<p>\u201cFestival Soniqo es un proyecto que busca reinventar la escena musical a trav\u00e9s de la reinterpretaci\u00f3n electroac\u00fastica, proporcionando a los artistas una plataforma para explorar nuevos sonidos y conectar con el p\u00fablico de una manera innovadora. La selecci\u00f3n de bandas responde a un criterio estrat\u00e9gico que combina representatividad, diversidad de g\u00e9neros y talento pace\u00f1o, asegurando un espect\u00e1culo \u00fanico en cada funci\u00f3n\u201d, afirm\u00f3 Rita Calvo, gerente de Elfos Producciones y Eventos.<\/p>\n<p>Festival Soniqo no es solo un concierto, sino una experiencia sonora \u00fanica, donde los artistas re imaginan su m\u00fasica en una puesta en escena \u00edntima y de alto nivel art\u00edstico en cuatro noches distintas y llenas de esp\u00edritu pace\u00f1o.<\/p>\n<p>18 de julio: Wara, Altiplano, Dj Kiko Claure<\/p>\n<p>26 de julio: Los Prana, Illapa, Dj Nina Schatz, Dj Imma be<\/p>\n<p>1 de Agosto: Go Go Blues, Oz, Unsafe!, Dj abisal<\/p>\n<p>8 de agosto: Gran Matador, Los Sapos, Dj Mortal Wachin<\/p>\n<p>\u201cAdem\u00e1s, tendremos al colectivo de estudiantes de Bellas Artes, Tocando el Cielo, con diferentes intervenciones art\u00edsticas durante los conciertos, y a la escuela de Arte A\u00e9reo Volarte\u201d, anunci\u00f3 Calvo.<\/p>\n<p><strong>DIA 1. 18 DE JULIO &#8211; Homenaje a La Paz<\/strong><\/p>\n<p>WARA<\/p>\n<p>Con m\u00e1s de 50 a\u00f1os de trayectoria, Wara est\u00e1 entre la \u00e9lite de la m\u00fasica boliviana y entre las agrupaciones m\u00e1s representativas de La Paz. Fusionando los instrumentos modernos propios del rock y las melod\u00edas andinas, sus integrantes hacen de su m\u00fasica un viaje por los andes.<\/p>\n<p>ALTIPLANO FUSION BAND<\/p>\n<p>Una de las primeras agrupaciones en fusionar elementos de m\u00fasica folkl\u00f3rica boliviana con instrumentos propios del rock. Cuenta con varios \u00e9xitos a lo largo de su carrera que seguramente har\u00e1n so\u00f1ar a m\u00e1s de un asistente.<\/p>\n<p>DJ KIKO CLAURE<\/p>\n<p>Uno de los pioneros y de los Djs m\u00e1s vers\u00e1tiles de Bolivia. Tiene una amplia trayectoria que lo ha llevado por diversos clubes de La Paz, siendo una figura reconocida del ambiente nocturno pace\u00f1o.<\/p>\n<p><strong>DIA 2. 26 DE JULIO &#8211; Reggae in da House<\/strong><\/p>\n<p>LOS PRANA<\/p>\n<p>Los Prana es una banda de m\u00fasica alternativa sin g\u00e9nero espec\u00edfico, que experimenta con g\u00e9neros como el funk, trip hop, reggae, rock, neo soul, r&amp;amp;b, y lo fi. Su viaje comienza el 14 de agosto de 2011, en la ciudad de La Paz, Bolivia.<\/p>\n<p>ILLAPA<\/p>\n<p>Una gran banda compuesta por talentosos integrantes y formados musicalmente, la hace de las m\u00e1s destacadas del movimiento pace\u00f1o del reggae. Illapa promociona un nuevo trabajo discogr\u00e1fico que viene a sumar uno m\u00e1s a su carrera art\u00edstica.<\/p>\n<p>DJ NINA SCHATZ<\/p>\n<p>La Dj femenina m\u00e1s influyente de Bolivia, con producciones lanzadas en sellos internacionales y giras en distintos pa\u00edses, es una de las representantes m\u00e1s importantes y queridas del movimiento electr\u00f3nico nacional.<\/p>\n<p>DJ IMMA BE<\/p>\n<p>Cineasta y actor de profesi\u00f3n, fundador de \u201cFractalibeat\u201d, DJ con influencia techno en Melbourne- Australia, ahora radicado en La Paz-Bolivia, se considera un DJ de g\u00e9nero fluido porque trabaja con la energ\u00eda del p\u00fablico y no se limita a un solo estilo musical.<\/p>\n<p><strong>DIA 3. 1 DE AGOSTO &#8211; La Paz Rock City<\/strong><\/p>\n<p>GOGO BLUES<\/p>\n<p>Por fuerza, calidad, sonido y actualidad, GoGo Blues es una de las mejores y m\u00e1s importantes bandas del presente rockero nacional. Dedicada a la interpretaci\u00f3n virtuosa del blues el\u00e9ctrico y el blues rock, est\u00e1 liderada por el cordob\u00e9s Gonzalo G\u00f3mez, frontman, vocalista, compositor y guitarrista de la banda.<\/p>\n<p>OZ<\/p>\n<p>Con dos d\u00e9cadas de trayectoria y m\u00fasicos profesionales y destacados, representa la versi\u00f3n cl\u00e1sica del rock pace\u00f1o. Su presencia en Festival Soniqo mostrar\u00e1 una interpretaci\u00f3n m\u00e1s org\u00e1nica y emocional de sus temas, acerc\u00e1ndolos a\u00fan m\u00e1s al p\u00fablico.<\/p>\n<p>UNSAFE!<\/p>\n<p>Banda boliviana de rock alternativo que cuenta con un primer trabajo discogr\u00e1fico de estudio, titulado \u00abThe Anatomy of a Life&#8230;\u00bb. El material fue grabado \u2014durante los meses de febrero y marzo de 2023\u2014en Fuerte Audio (La Paz, Bolivia), y mezclado y masterizado en el m\u00edtico London Bridge Studio de Seattle, USA.<\/p>\n<p>DJ ABISAL<\/p>\n<p>Abisal es un proyecto musical individual, cuyo horizonte musical estuvo definido desde sus inicios: explorar el espectro oscuro de la m\u00fasica electr\u00f3nica. En los \u00faltimos a\u00f1os Dj Abisal ha incorporado el theremin como parte de sus Dj sets, interviniendo tracks que entren en consonancia con este instrumento.<\/p>\n<p><strong>DIA 4. 8 DE AGOSTO &#8211; Fiesta Boliviana<\/strong><\/p>\n<p>GRAN MATADOR<\/p>\n<p>Uno de los grupos con mayor crecimiento en los \u00faltimos a\u00f1os dentro de la escena tropical boliviana, con una trayectoria llena de \u00e9xitos que se resumir\u00e1 en esta noche para hacer bailar al p\u00fablico con sus canciones m\u00e1s consagradas.<\/p>\n<p>LOS SAPOS<\/p>\n<p>Una nueva propuesta musical que llega a las ra\u00edces de la cumbia y la psicodelia. Acaba de lanzar su EP y promete poner a bailar a toda la concurrencia.<\/p>\n<p>DJ MORTAL WACHIN<\/p>\n<p>Uno de los Djs que goza de una fanaticada fiel y constante en sus eventos. Para cerrar el festival con baile hasta el final.<\/p>\n<p>Las entradas estar\u00e1n disponibles a trav\u00e9s de SuperTicket.com con opciones de abonos a 200 Bs y precios de preventa de 50 Bs por noche.<\/p>\n<p>Cada concierto ser\u00e1 grabado en una producci\u00f3n audiovisual de primer nivel, asegurando que la experiencia trascienda el evento f\u00edsico y se convierta en contenido de referencia en plataformas digitales.<\/p>\n\r\n                <style type=\"text\/css\">\r\n                    \r\n                    #tdi_1  .td-doubleSlider-2 .td-item1 {\r\n                        background: url(https:\/\/www.eldiario.net\/portal\/wp-content\/uploads\/2025\/07\/4-5-80x60.webp) 0 0 no-repeat;\r\n                    }\r\n                    #tdi_1  .td-doubleSlider-2 .td-item2 {\r\n                        background: url(https:\/\/www.eldiario.net\/portal\/wp-content\/uploads\/2025\/07\/1-80x60.webp) 0 0 no-repeat;\r\n                    }\r\n                    #tdi_1  .td-doubleSlider-2 .td-item3 {\r\n                        background: url(https:\/\/www.eldiario.net\/portal\/wp-content\/uploads\/2025\/07\/2.-pie-de-foto-Altiplano-80x60.webp) 0 0 no-repeat;\r\n                    }\r\n                    #tdi_1  .td-doubleSlider-2 .td-item4 {\r\n                        background: url(https:\/\/www.eldiario.net\/portal\/wp-content\/uploads\/2025\/07\/3.-Los-Prana-80x60.webp) 0 0 no-repeat;\r\n                    }\r\n                <\/style>\r\n\r\n                <div id=\"tdi_1\" class=\"td-gallery td-slide-on-2-columns\">\r\n                    <div class=\"post_td_gallery\">\r\n                        <div class=\"td-gallery-slide-top\">\r\n                           <div class=\"td-gallery-title\"><\/div>\r\n\r\n                            <div class=\"td-gallery-controls-wrapper\">\r\n                                <div class=\"td-gallery-slide-count\"><span class=\"td-gallery-slide-item-focus\">1<\/span> de 4<\/div>\r\n                                <div class=\"td-gallery-slide-prev-next-but\">\r\n                                    <i class = \"td-icon-left doubleSliderPrevButton\"><\/i>\r\n                                    <i class = \"td-icon-right doubleSliderNextButton\"><\/i>\r\n                                <\/div>\r\n                            <\/div>\r\n                        <\/div>\r\n\r\n                        <div class = \"td-doubleSlider-1 \">\r\n                            <div class = \"td-slider\">\r\n                                \r\n                    <div class = \"td-slide-item td-item1\">\r\n                        <figure class=\"td-slide-galery-figure td-slide-popup-gallery\">\r\n                            <a class=\"slide-gallery-image-link\" href=\"https:\/\/www.eldiario.net\/portal\/wp-content\/uploads\/2025\/07\/4-5.webp\" title=\"4\"  data-caption=\"\"  data-description=\"\">\r\n                                <img decoding=\"async\" src=\"https:\/\/www.eldiario.net\/portal\/wp-content\/uploads\/2025\/07\/4-5-284x420.webp\" srcset=\"https:\/\/www.eldiario.net\/portal\/wp-content\/uploads\/2025\/07\/4-5-284x420.webp 284w, https:\/\/www.eldiario.net\/portal\/wp-content\/uploads\/2025\/07\/4-5-203x300.webp 203w, https:\/\/www.eldiario.net\/portal\/wp-content\/uploads\/2025\/07\/4-5-693x1024.webp 693w, https:\/\/www.eldiario.net\/portal\/wp-content\/uploads\/2025\/07\/4-5-768x1135.webp 768w, https:\/\/www.eldiario.net\/portal\/wp-content\/uploads\/2025\/07\/4-5-150x222.webp 150w, https:\/\/www.eldiario.net\/portal\/wp-content\/uploads\/2025\/07\/4-5-300x443.webp 300w, https:\/\/www.eldiario.net\/portal\/wp-content\/uploads\/2025\/07\/4-5-696x1029.webp 696w, https:\/\/www.eldiario.net\/portal\/wp-content\/uploads\/2025\/07\/4-5.webp 891w\" sizes=\"(max-width: 284px) 100vw, 284px\" alt=\"\">\r\n                            <\/a>\r\n                            \r\n                        <\/figure>\r\n                    <\/div>\r\n                    <div class = \"td-slide-item td-item2\">\r\n                        <figure class=\"td-slide-galery-figure td-slide-popup-gallery\">\r\n                            <a class=\"slide-gallery-image-link\" href=\"https:\/\/www.eldiario.net\/portal\/wp-content\/uploads\/2025\/07\/1.webp\" title=\"1\"  data-caption=\"\"  data-description=\"\">\r\n                                <img decoding=\"async\" src=\"https:\/\/www.eldiario.net\/portal\/wp-content\/uploads\/2025\/07\/1-705x420.webp\" srcset=\"https:\/\/www.eldiario.net\/portal\/wp-content\/uploads\/2025\/07\/1-705x420.webp 705w, https:\/\/www.eldiario.net\/portal\/wp-content\/uploads\/2025\/07\/1-300x179.webp 300w, https:\/\/www.eldiario.net\/portal\/wp-content\/uploads\/2025\/07\/1-1024x610.webp 1024w, https:\/\/www.eldiario.net\/portal\/wp-content\/uploads\/2025\/07\/1-768x458.webp 768w, https:\/\/www.eldiario.net\/portal\/wp-content\/uploads\/2025\/07\/1-150x89.webp 150w, https:\/\/www.eldiario.net\/portal\/wp-content\/uploads\/2025\/07\/1-696x415.webp 696w, https:\/\/www.eldiario.net\/portal\/wp-content\/uploads\/2025\/07\/1-1068x636.webp 1068w, https:\/\/www.eldiario.net\/portal\/wp-content\/uploads\/2025\/07\/1.webp 1200w\" sizes=\"(max-width: 705px) 100vw, 705px\" alt=\"\">\r\n                            <\/a>\r\n                            \r\n                        <\/figure>\r\n                    <\/div>\r\n                    <div class = \"td-slide-item td-item3\">\r\n                        <figure class=\"td-slide-galery-figure td-slide-popup-gallery\">\r\n                            <a class=\"slide-gallery-image-link\" href=\"https:\/\/www.eldiario.net\/portal\/wp-content\/uploads\/2025\/07\/2.-pie-de-foto-Altiplano.webp\" title=\"2.-pie-de-foto-Altiplano\"  data-caption=\"\"  data-description=\"\">\r\n                                <img decoding=\"async\" src=\"https:\/\/www.eldiario.net\/portal\/wp-content\/uploads\/2025\/07\/2.-pie-de-foto-Altiplano-754x420.webp\" srcset=\"https:\/\/www.eldiario.net\/portal\/wp-content\/uploads\/2025\/07\/2.-pie-de-foto-Altiplano-754x420.webp 754w, https:\/\/www.eldiario.net\/portal\/wp-content\/uploads\/2025\/07\/2.-pie-de-foto-Altiplano-300x167.webp 300w, https:\/\/www.eldiario.net\/portal\/wp-content\/uploads\/2025\/07\/2.-pie-de-foto-Altiplano-1024x571.webp 1024w, https:\/\/www.eldiario.net\/portal\/wp-content\/uploads\/2025\/07\/2.-pie-de-foto-Altiplano-768x428.webp 768w, https:\/\/www.eldiario.net\/portal\/wp-content\/uploads\/2025\/07\/2.-pie-de-foto-Altiplano-150x84.webp 150w, https:\/\/www.eldiario.net\/portal\/wp-content\/uploads\/2025\/07\/2.-pie-de-foto-Altiplano-696x388.webp 696w, https:\/\/www.eldiario.net\/portal\/wp-content\/uploads\/2025\/07\/2.-pie-de-foto-Altiplano-1068x595.webp 1068w, https:\/\/www.eldiario.net\/portal\/wp-content\/uploads\/2025\/07\/2.-pie-de-foto-Altiplano.webp 1536w\" sizes=\"(max-width: 754px) 100vw, 754px\" alt=\"\">\r\n                            <\/a>\r\n                            \r\n                        <\/figure>\r\n                    <\/div>\r\n                    <div class = \"td-slide-item td-item4\">\r\n                        <figure class=\"td-slide-galery-figure td-slide-popup-gallery\">\r\n                            <a class=\"slide-gallery-image-link\" href=\"https:\/\/www.eldiario.net\/portal\/wp-content\/uploads\/2025\/07\/3.-Los-Prana.webp\" title=\"3.-Los-Prana\"  data-caption=\"\"  data-description=\"\">\r\n                                <img decoding=\"async\" src=\"https:\/\/www.eldiario.net\/portal\/wp-content\/uploads\/2025\/07\/3.-Los-Prana-747x420.webp\" srcset=\"https:\/\/www.eldiario.net\/portal\/wp-content\/uploads\/2025\/07\/3.-Los-Prana-747x420.webp 747w, https:\/\/www.eldiario.net\/portal\/wp-content\/uploads\/2025\/07\/3.-Los-Prana-300x169.webp 300w, https:\/\/www.eldiario.net\/portal\/wp-content\/uploads\/2025\/07\/3.-Los-Prana-1024x576.webp 1024w, https:\/\/www.eldiario.net\/portal\/wp-content\/uploads\/2025\/07\/3.-Los-Prana-768x432.webp 768w, https:\/\/www.eldiario.net\/portal\/wp-content\/uploads\/2025\/07\/3.-Los-Prana-150x84.webp 150w, https:\/\/www.eldiario.net\/portal\/wp-content\/uploads\/2025\/07\/3.-Los-Prana-696x392.webp 696w, https:\/\/www.eldiario.net\/portal\/wp-content\/uploads\/2025\/07\/3.-Los-Prana-1068x601.webp 1068w, https:\/\/www.eldiario.net\/portal\/wp-content\/uploads\/2025\/07\/3.-Los-Prana.webp 1440w\" sizes=\"(max-width: 747px) 100vw, 747px\" alt=\"\">\r\n                            <\/a>\r\n                            \r\n                        <\/figure>\r\n                    <\/div>\r\n                            <\/div>\r\n                        <\/div>\r\n\r\n                        <div class = \"td-doubleSlider-2\">\r\n                            <div class = \"td-slider\">\r\n                                \r\n                    <div class = \"td-button td-item1\">\r\n                        <div class = \"td-border\"><\/div>\r\n                    <\/div>\r\n                    <div class = \"td-button td-item2\">\r\n                        <div class = \"td-border\"><\/div>\r\n                    <\/div>\r\n                    <div class = \"td-button td-item3\">\r\n                        <div class = \"td-border\"><\/div>\r\n                    <\/div>\r\n                    <div class = \"td-button td-item4\">\r\n                        <div class = \"td-border\"><\/div>\r\n                    <\/div>\r\n                            <\/div>\r\n                        <\/div>\r\n\r\n                    <\/div>\r\n\r\n                <\/div>\r\n                \n","protected":false},"excerpt":{"rendered":"<p>La ciudad de La Paz est\u00e1 lista para recibir el Festival Soniqo, un ciclo de reinterpretaci\u00f3n musical que transformar\u00e1 la manera en que el p\u00fablico vive la m\u00fasica \u201cen vivo\u201d. Presentado por Inc\u00f3gnito, el evento reunir\u00e1 a artistas y bandas ic\u00f3nicas del pa\u00eds, llevando sus composiciones a un formato electroac\u00fastico exclusivo en el reconocido Espacio [&hellip;]<\/p>\n","protected":false},"author":1,"featured_media":317210,"comment_status":"closed","ping_status":"open","sticky":false,"template":"","format":"standard","meta":{"_acf_changed":false,"footnotes":""},"categories":[41],"tags":[],"class_list":["post-317208","post","type-post","status-publish","format-standard","has-post-thumbnail","category-la-guia"],"acf":{"antetitulo":""},"yoast_head":"<!-- This site is optimized with the Yoast SEO plugin v28.3 - https:\/\/yoast.com\/product\/yoast-seo-wordpress\/ -->\n<title>Cuatro noches de reversiones musicales en Festival Soniqo - El Diario - Bolivia<\/title>\n<meta name=\"robots\" content=\"index, follow, max-snippet:-1, max-image-preview:large, max-video-preview:-1\" \/>\n<link rel=\"canonical\" href=\"https:\/\/www.eldiario.net\/portal\/2025\/07\/16\/cuatro-noches-de-reversiones-musicales-en-festival-soniqo\/\" \/>\n<meta property=\"og:locale\" content=\"es_ES\" \/>\n<meta property=\"og:type\" content=\"article\" \/>\n<meta property=\"og:title\" content=\"Cuatro noches de reversiones musicales en Festival Soniqo - El Diario - Bolivia\" \/>\n<meta property=\"og:description\" content=\"La ciudad de La Paz est\u00e1 lista para recibir el Festival Soniqo, un ciclo de reinterpretaci\u00f3n musical que transformar\u00e1 la manera en que el p\u00fablico vive la m\u00fasica \u201cen vivo\u201d. Presentado por Inc\u00f3gnito, el evento reunir\u00e1 a artistas y bandas ic\u00f3nicas del pa\u00eds, llevando sus composiciones a un formato electroac\u00fastico exclusivo en el reconocido Espacio [&hellip;]\" \/>\n<meta property=\"og:url\" content=\"https:\/\/www.eldiario.net\/portal\/2025\/07\/16\/cuatro-noches-de-reversiones-musicales-en-festival-soniqo\/\" \/>\n<meta property=\"og:site_name\" content=\"El Diario - Bolivia\" \/>\n<meta property=\"article:publisher\" content=\"https:\/\/www.facebook.com\/eldiario.bolivia\/\" \/>\n<meta property=\"article:published_time\" content=\"2025-07-16T12:26:08+00:00\" \/>\n<meta property=\"og:image\" content=\"https:\/\/www.eldiario.net\/portal\/wp-content\/uploads\/2025\/07\/1.webp\" \/>\n\t<meta property=\"og:image:width\" content=\"1200\" \/>\n\t<meta property=\"og:image:height\" content=\"715\" \/>\n\t<meta property=\"og:image:type\" content=\"image\/webp\" \/>\n<meta name=\"author\" content=\"Jeanette\" \/>\n<meta name=\"twitter:card\" content=\"summary_large_image\" \/>\n<meta name=\"twitter:creator\" content=\"@eldiario_net\" \/>\n<meta name=\"twitter:site\" content=\"@eldiario_net\" \/>\n<meta name=\"twitter:label1\" content=\"Escrito por\" \/>\n\t<meta name=\"twitter:data1\" content=\"Jeanette\" \/>\n\t<meta name=\"twitter:label2\" content=\"Tiempo de lectura\" \/>\n\t<meta name=\"twitter:data2\" content=\"5 minutos\" \/>\n<script type=\"application\/ld+json\" class=\"yoast-schema-graph\">{\"@context\":\"https:\\\/\\\/schema.org\",\"@graph\":[{\"@type\":\"Article\",\"@id\":\"https:\\\/\\\/www.eldiario.net\\\/portal\\\/2025\\\/07\\\/16\\\/cuatro-noches-de-reversiones-musicales-en-festival-soniqo\\\/#article\",\"isPartOf\":{\"@id\":\"https:\\\/\\\/www.eldiario.net\\\/portal\\\/2025\\\/07\\\/16\\\/cuatro-noches-de-reversiones-musicales-en-festival-soniqo\\\/\"},\"author\":{\"name\":\"Jeanette\",\"@id\":\"https:\\\/\\\/www.eldiario.net\\\/portal\\\/#\\\/schema\\\/person\\\/f46445640444750d7d753ccd04ae01b7\"},\"headline\":\"Cuatro noches de reversiones musicales en Festival Soniqo\",\"datePublished\":\"2025-07-16T12:26:08+00:00\",\"mainEntityOfPage\":{\"@id\":\"https:\\\/\\\/www.eldiario.net\\\/portal\\\/2025\\\/07\\\/16\\\/cuatro-noches-de-reversiones-musicales-en-festival-soniqo\\\/\"},\"wordCount\":1060,\"publisher\":{\"@id\":\"https:\\\/\\\/www.eldiario.net\\\/portal\\\/#organization\"},\"image\":{\"@id\":\"https:\\\/\\\/www.eldiario.net\\\/portal\\\/2025\\\/07\\\/16\\\/cuatro-noches-de-reversiones-musicales-en-festival-soniqo\\\/#primaryimage\"},\"thumbnailUrl\":\"https:\\\/\\\/www.eldiario.net\\\/portal\\\/wp-content\\\/uploads\\\/2025\\\/07\\\/1.webp\",\"articleSection\":[\"La Gu\u00eda\"],\"inLanguage\":\"es\"},{\"@type\":\"WebPage\",\"@id\":\"https:\\\/\\\/www.eldiario.net\\\/portal\\\/2025\\\/07\\\/16\\\/cuatro-noches-de-reversiones-musicales-en-festival-soniqo\\\/\",\"url\":\"https:\\\/\\\/www.eldiario.net\\\/portal\\\/2025\\\/07\\\/16\\\/cuatro-noches-de-reversiones-musicales-en-festival-soniqo\\\/\",\"name\":\"Cuatro noches de reversiones musicales en Festival Soniqo - El Diario - Bolivia\",\"isPartOf\":{\"@id\":\"https:\\\/\\\/www.eldiario.net\\\/portal\\\/#website\"},\"primaryImageOfPage\":{\"@id\":\"https:\\\/\\\/www.eldiario.net\\\/portal\\\/2025\\\/07\\\/16\\\/cuatro-noches-de-reversiones-musicales-en-festival-soniqo\\\/#primaryimage\"},\"image\":{\"@id\":\"https:\\\/\\\/www.eldiario.net\\\/portal\\\/2025\\\/07\\\/16\\\/cuatro-noches-de-reversiones-musicales-en-festival-soniqo\\\/#primaryimage\"},\"thumbnailUrl\":\"https:\\\/\\\/www.eldiario.net\\\/portal\\\/wp-content\\\/uploads\\\/2025\\\/07\\\/1.webp\",\"datePublished\":\"2025-07-16T12:26:08+00:00\",\"breadcrumb\":{\"@id\":\"https:\\\/\\\/www.eldiario.net\\\/portal\\\/2025\\\/07\\\/16\\\/cuatro-noches-de-reversiones-musicales-en-festival-soniqo\\\/#breadcrumb\"},\"inLanguage\":\"es\",\"potentialAction\":[{\"@type\":\"ReadAction\",\"target\":[\"https:\\\/\\\/www.eldiario.net\\\/portal\\\/2025\\\/07\\\/16\\\/cuatro-noches-de-reversiones-musicales-en-festival-soniqo\\\/\"]}]},{\"@type\":\"ImageObject\",\"inLanguage\":\"es\",\"@id\":\"https:\\\/\\\/www.eldiario.net\\\/portal\\\/2025\\\/07\\\/16\\\/cuatro-noches-de-reversiones-musicales-en-festival-soniqo\\\/#primaryimage\",\"url\":\"https:\\\/\\\/www.eldiario.net\\\/portal\\\/wp-content\\\/uploads\\\/2025\\\/07\\\/1.webp\",\"contentUrl\":\"https:\\\/\\\/www.eldiario.net\\\/portal\\\/wp-content\\\/uploads\\\/2025\\\/07\\\/1.webp\",\"width\":1200,\"height\":715},{\"@type\":\"BreadcrumbList\",\"@id\":\"https:\\\/\\\/www.eldiario.net\\\/portal\\\/2025\\\/07\\\/16\\\/cuatro-noches-de-reversiones-musicales-en-festival-soniqo\\\/#breadcrumb\",\"itemListElement\":[{\"@type\":\"ListItem\",\"position\":1,\"name\":\"Portada\",\"item\":\"https:\\\/\\\/www.eldiario.net\\\/portal\\\/\"},{\"@type\":\"ListItem\",\"position\":2,\"name\":\"Cuatro noches de reversiones musicales en Festival Soniqo\"}]},{\"@type\":\"WebSite\",\"@id\":\"https:\\\/\\\/www.eldiario.net\\\/portal\\\/#website\",\"url\":\"https:\\\/\\\/www.eldiario.net\\\/portal\\\/\",\"name\":\"El Diario - Decano de la prensa nacional\",\"description\":\"El Diario - Decano de la prensa nacional\",\"publisher\":{\"@id\":\"https:\\\/\\\/www.eldiario.net\\\/portal\\\/#organization\"},\"potentialAction\":[{\"@type\":\"SearchAction\",\"target\":{\"@type\":\"EntryPoint\",\"urlTemplate\":\"https:\\\/\\\/www.eldiario.net\\\/portal\\\/?s={search_term_string}\"},\"query-input\":{\"@type\":\"PropertyValueSpecification\",\"valueRequired\":true,\"valueName\":\"search_term_string\"}}],\"inLanguage\":\"es\"},{\"@type\":\"Organization\",\"@id\":\"https:\\\/\\\/www.eldiario.net\\\/portal\\\/#organization\",\"name\":\"El Diario - Decano de la prensa nacional\",\"url\":\"https:\\\/\\\/www.eldiario.net\\\/portal\\\/\",\"logo\":{\"@type\":\"ImageObject\",\"inLanguage\":\"es\",\"@id\":\"https:\\\/\\\/www.eldiario.net\\\/portal\\\/#\\\/schema\\\/logo\\\/image\\\/\",\"url\":\"https:\\\/\\\/www.eldiario.net\\\/portal\\\/wp-content\\\/uploads\\\/2023\\\/07\\\/logo_ED.jpg\",\"contentUrl\":\"https:\\\/\\\/www.eldiario.net\\\/portal\\\/wp-content\\\/uploads\\\/2023\\\/07\\\/logo_ED.jpg\",\"width\":272,\"height\":52,\"caption\":\"El Diario - Decano de la prensa nacional\"},\"image\":{\"@id\":\"https:\\\/\\\/www.eldiario.net\\\/portal\\\/#\\\/schema\\\/logo\\\/image\\\/\"},\"sameAs\":[\"https:\\\/\\\/www.facebook.com\\\/eldiario.bolivia\\\/\",\"https:\\\/\\\/x.com\\\/eldiario_net\"]},{\"@type\":\"Person\",\"@id\":\"https:\\\/\\\/www.eldiario.net\\\/portal\\\/#\\\/schema\\\/person\\\/f46445640444750d7d753ccd04ae01b7\",\"name\":\"Jeanette\",\"image\":{\"@type\":\"ImageObject\",\"inLanguage\":\"es\",\"@id\":\"https:\\\/\\\/secure.gravatar.com\\\/avatar\\\/3ea2118a5f7dad2b7138b1187a6b7ee55f160b9968b66013c3a3ef39dd7e5798?s=96&d=mm&r=g\",\"url\":\"https:\\\/\\\/secure.gravatar.com\\\/avatar\\\/3ea2118a5f7dad2b7138b1187a6b7ee55f160b9968b66013c3a3ef39dd7e5798?s=96&d=mm&r=g\",\"contentUrl\":\"https:\\\/\\\/secure.gravatar.com\\\/avatar\\\/3ea2118a5f7dad2b7138b1187a6b7ee55f160b9968b66013c3a3ef39dd7e5798?s=96&d=mm&r=g\",\"caption\":\"Jeanette\"},\"sameAs\":[\"https:\\\/\\\/www.eldiario.net\\\/portal\"],\"url\":\"https:\\\/\\\/www.eldiario.net\\\/portal\\\/author\\\/jeanette\\\/\"}]}<\/script>\n<!-- \/ Yoast SEO plugin. -->","yoast_head_json":{"title":"Cuatro noches de reversiones musicales en Festival Soniqo - El Diario - Bolivia","robots":{"index":"index","follow":"follow","max-snippet":"max-snippet:-1","max-image-preview":"max-image-preview:large","max-video-preview":"max-video-preview:-1"},"canonical":"https:\/\/www.eldiario.net\/portal\/2025\/07\/16\/cuatro-noches-de-reversiones-musicales-en-festival-soniqo\/","og_locale":"es_ES","og_type":"article","og_title":"Cuatro noches de reversiones musicales en Festival Soniqo - El Diario - Bolivia","og_description":"La ciudad de La Paz est\u00e1 lista para recibir el Festival Soniqo, un ciclo de reinterpretaci\u00f3n musical que transformar\u00e1 la manera en que el p\u00fablico vive la m\u00fasica \u201cen vivo\u201d. Presentado por Inc\u00f3gnito, el evento reunir\u00e1 a artistas y bandas ic\u00f3nicas del pa\u00eds, llevando sus composiciones a un formato electroac\u00fastico exclusivo en el reconocido Espacio [&hellip;]","og_url":"https:\/\/www.eldiario.net\/portal\/2025\/07\/16\/cuatro-noches-de-reversiones-musicales-en-festival-soniqo\/","og_site_name":"El Diario - Bolivia","article_publisher":"https:\/\/www.facebook.com\/eldiario.bolivia\/","article_published_time":"2025-07-16T12:26:08+00:00","og_image":[{"width":1200,"height":715,"url":"https:\/\/www.eldiario.net\/portal\/wp-content\/uploads\/2025\/07\/1.webp","type":"image\/webp"}],"author":"Jeanette","twitter_card":"summary_large_image","twitter_creator":"@eldiario_net","twitter_site":"@eldiario_net","twitter_misc":{"Escrito por":"Jeanette","Tiempo de lectura":"5 minutos"},"schema":{"@context":"https:\/\/schema.org","@graph":[{"@type":"Article","@id":"https:\/\/www.eldiario.net\/portal\/2025\/07\/16\/cuatro-noches-de-reversiones-musicales-en-festival-soniqo\/#article","isPartOf":{"@id":"https:\/\/www.eldiario.net\/portal\/2025\/07\/16\/cuatro-noches-de-reversiones-musicales-en-festival-soniqo\/"},"author":{"name":"Jeanette","@id":"https:\/\/www.eldiario.net\/portal\/#\/schema\/person\/f46445640444750d7d753ccd04ae01b7"},"headline":"Cuatro noches de reversiones musicales en Festival Soniqo","datePublished":"2025-07-16T12:26:08+00:00","mainEntityOfPage":{"@id":"https:\/\/www.eldiario.net\/portal\/2025\/07\/16\/cuatro-noches-de-reversiones-musicales-en-festival-soniqo\/"},"wordCount":1060,"publisher":{"@id":"https:\/\/www.eldiario.net\/portal\/#organization"},"image":{"@id":"https:\/\/www.eldiario.net\/portal\/2025\/07\/16\/cuatro-noches-de-reversiones-musicales-en-festival-soniqo\/#primaryimage"},"thumbnailUrl":"https:\/\/www.eldiario.net\/portal\/wp-content\/uploads\/2025\/07\/1.webp","articleSection":["La Gu\u00eda"],"inLanguage":"es"},{"@type":"WebPage","@id":"https:\/\/www.eldiario.net\/portal\/2025\/07\/16\/cuatro-noches-de-reversiones-musicales-en-festival-soniqo\/","url":"https:\/\/www.eldiario.net\/portal\/2025\/07\/16\/cuatro-noches-de-reversiones-musicales-en-festival-soniqo\/","name":"Cuatro noches de reversiones musicales en Festival Soniqo - El Diario - Bolivia","isPartOf":{"@id":"https:\/\/www.eldiario.net\/portal\/#website"},"primaryImageOfPage":{"@id":"https:\/\/www.eldiario.net\/portal\/2025\/07\/16\/cuatro-noches-de-reversiones-musicales-en-festival-soniqo\/#primaryimage"},"image":{"@id":"https:\/\/www.eldiario.net\/portal\/2025\/07\/16\/cuatro-noches-de-reversiones-musicales-en-festival-soniqo\/#primaryimage"},"thumbnailUrl":"https:\/\/www.eldiario.net\/portal\/wp-content\/uploads\/2025\/07\/1.webp","datePublished":"2025-07-16T12:26:08+00:00","breadcrumb":{"@id":"https:\/\/www.eldiario.net\/portal\/2025\/07\/16\/cuatro-noches-de-reversiones-musicales-en-festival-soniqo\/#breadcrumb"},"inLanguage":"es","potentialAction":[{"@type":"ReadAction","target":["https:\/\/www.eldiario.net\/portal\/2025\/07\/16\/cuatro-noches-de-reversiones-musicales-en-festival-soniqo\/"]}]},{"@type":"ImageObject","inLanguage":"es","@id":"https:\/\/www.eldiario.net\/portal\/2025\/07\/16\/cuatro-noches-de-reversiones-musicales-en-festival-soniqo\/#primaryimage","url":"https:\/\/www.eldiario.net\/portal\/wp-content\/uploads\/2025\/07\/1.webp","contentUrl":"https:\/\/www.eldiario.net\/portal\/wp-content\/uploads\/2025\/07\/1.webp","width":1200,"height":715},{"@type":"BreadcrumbList","@id":"https:\/\/www.eldiario.net\/portal\/2025\/07\/16\/cuatro-noches-de-reversiones-musicales-en-festival-soniqo\/#breadcrumb","itemListElement":[{"@type":"ListItem","position":1,"name":"Portada","item":"https:\/\/www.eldiario.net\/portal\/"},{"@type":"ListItem","position":2,"name":"Cuatro noches de reversiones musicales en Festival Soniqo"}]},{"@type":"WebSite","@id":"https:\/\/www.eldiario.net\/portal\/#website","url":"https:\/\/www.eldiario.net\/portal\/","name":"El Diario - Decano de la prensa nacional","description":"El Diario - Decano de la prensa nacional","publisher":{"@id":"https:\/\/www.eldiario.net\/portal\/#organization"},"potentialAction":[{"@type":"SearchAction","target":{"@type":"EntryPoint","urlTemplate":"https:\/\/www.eldiario.net\/portal\/?s={search_term_string}"},"query-input":{"@type":"PropertyValueSpecification","valueRequired":true,"valueName":"search_term_string"}}],"inLanguage":"es"},{"@type":"Organization","@id":"https:\/\/www.eldiario.net\/portal\/#organization","name":"El Diario - Decano de la prensa nacional","url":"https:\/\/www.eldiario.net\/portal\/","logo":{"@type":"ImageObject","inLanguage":"es","@id":"https:\/\/www.eldiario.net\/portal\/#\/schema\/logo\/image\/","url":"https:\/\/www.eldiario.net\/portal\/wp-content\/uploads\/2023\/07\/logo_ED.jpg","contentUrl":"https:\/\/www.eldiario.net\/portal\/wp-content\/uploads\/2023\/07\/logo_ED.jpg","width":272,"height":52,"caption":"El Diario - Decano de la prensa nacional"},"image":{"@id":"https:\/\/www.eldiario.net\/portal\/#\/schema\/logo\/image\/"},"sameAs":["https:\/\/www.facebook.com\/eldiario.bolivia\/","https:\/\/x.com\/eldiario_net"]},{"@type":"Person","@id":"https:\/\/www.eldiario.net\/portal\/#\/schema\/person\/f46445640444750d7d753ccd04ae01b7","name":"Jeanette","image":{"@type":"ImageObject","inLanguage":"es","@id":"https:\/\/secure.gravatar.com\/avatar\/3ea2118a5f7dad2b7138b1187a6b7ee55f160b9968b66013c3a3ef39dd7e5798?s=96&d=mm&r=g","url":"https:\/\/secure.gravatar.com\/avatar\/3ea2118a5f7dad2b7138b1187a6b7ee55f160b9968b66013c3a3ef39dd7e5798?s=96&d=mm&r=g","contentUrl":"https:\/\/secure.gravatar.com\/avatar\/3ea2118a5f7dad2b7138b1187a6b7ee55f160b9968b66013c3a3ef39dd7e5798?s=96&d=mm&r=g","caption":"Jeanette"},"sameAs":["https:\/\/www.eldiario.net\/portal"],"url":"https:\/\/www.eldiario.net\/portal\/author\/jeanette\/"}]}},"_links":{"self":[{"href":"https:\/\/www.eldiario.net\/portal\/wp-json\/wp\/v2\/posts\/317208","targetHints":{"allow":["GET"]}}],"collection":[{"href":"https:\/\/www.eldiario.net\/portal\/wp-json\/wp\/v2\/posts"}],"about":[{"href":"https:\/\/www.eldiario.net\/portal\/wp-json\/wp\/v2\/types\/post"}],"author":[{"embeddable":true,"href":"https:\/\/www.eldiario.net\/portal\/wp-json\/wp\/v2\/users\/1"}],"replies":[{"embeddable":true,"href":"https:\/\/www.eldiario.net\/portal\/wp-json\/wp\/v2\/comments?post=317208"}],"version-history":[{"count":1,"href":"https:\/\/www.eldiario.net\/portal\/wp-json\/wp\/v2\/posts\/317208\/revisions"}],"predecessor-version":[{"id":317213,"href":"https:\/\/www.eldiario.net\/portal\/wp-json\/wp\/v2\/posts\/317208\/revisions\/317213"}],"wp:featuredmedia":[{"embeddable":true,"href":"https:\/\/www.eldiario.net\/portal\/wp-json\/wp\/v2\/media\/317210"}],"wp:attachment":[{"href":"https:\/\/www.eldiario.net\/portal\/wp-json\/wp\/v2\/media?parent=317208"}],"wp:term":[{"taxonomy":"category","embeddable":true,"href":"https:\/\/www.eldiario.net\/portal\/wp-json\/wp\/v2\/categories?post=317208"},{"taxonomy":"post_tag","embeddable":true,"href":"https:\/\/www.eldiario.net\/portal\/wp-json\/wp\/v2\/tags?post=317208"}],"curies":[{"name":"wp","href":"https:\/\/api.w.org\/{rel}","templated":true}]}}