{"id":317204,"date":"2025-07-16T08:23:04","date_gmt":"2025-07-16T12:23:04","guid":{"rendered":"https:\/\/www.eldiario.net\/portal\/?p=317204"},"modified":"2025-07-16T08:23:04","modified_gmt":"2025-07-16T12:23:04","slug":"bolivar-al-ataque-bolivar-vs-palestino","status":"publish","type":"post","link":"https:\/\/www.eldiario.net\/portal\/2025\/07\/16\/bolivar-al-ataque-bolivar-vs-palestino\/","title":{"rendered":"\u00a1BOL\u00cdVAR AL ATAQUE ! BOL\u00cdVAR vs PALESTINO"},"content":{"rendered":"<p>Con un fortalecido ataque, el club Bol\u00edvar, campe\u00f3n nacional, este mi\u00e9rcoles ,a partir de las 18:00, recibe a Palestino de Chile, en el estadio Hernando Siles, por la ronda de los play-offs de la Copa Sudamericana .<br \/>\nUno de los aspectos m\u00e1s llamativos &#8211; que hace suponer que habr\u00e1 un lleno total en el estadio miraflorino- es que hoy es feriado por el aniversario 216 de La Paz y adem\u00e1s porque en el equipo titular de Flavio Robatto estar\u00e1n presentes los atractivos refuerzos que contrat\u00f3 la dirigencia en las \u00faltimas semanas.<br \/>\nUna de estas es la del delantero uruguayo Mart\u00edn Cauteruccio quien le dar\u00e1 jerarqu\u00eda a la l\u00ednea ofensiva. Asimismo, el mediocampista colombiano Daniel Cata\u00f1o quien ir\u00e1 desde el inicio y demostr\u00f3 su capacidad en recientes partidos de la Academia, en los torneos caseros.<br \/>\nOtra aparici\u00f3n no menos importante es la del defensor argentino Santiago Echeverr\u00eda que radica en Bolivia desde 2021 y es amplio conocedor del medio donde se desempe\u00f1ar\u00e1 a partir de hoy.<br \/>\nSin embargo, no se puede ignorar que Bol\u00edvar no tuvo la esperada producci\u00f3n en la Copa CONMEBOL Libertadores, con una prematura eliminaci\u00f3n que repercuti\u00f3 tambi\u00e9n en sus compromisos de la Liga Boliviana y la Copa Bolivia, torneos caseros nacionales en este 2025.<br \/>\nA los celestes les pes\u00f3 las lesiones constantes de sus titulares, la salida de piezas fundamentales como Bruno S\u00e1vio y Favio Gomes; adem\u00e1s de la suspensi\u00f3n obligada de su principal futbolista, Ramiro Vaca, por un caso de posible dopaje, que hasta ahora est\u00e1 en an\u00e1lisis e investigaci\u00f3n.<br \/>\nM\u00e1s adelante, con la llegada de los nuevos refuerzos, el trabajo de todo el plantel se fortaleci\u00f3 y refresc\u00f3, dando una imagen muy positiva que de a poco va recuperando la confianza de la hinchada.<br \/>\nEn cuanto al Club Palestino, se conoce que es un rival muy potente que hace seis fechas que no pierde en el torneo de su pa\u00eds; adem\u00e1s de venir despu\u00e9s de un receso largo.<br \/>\nSu \u00faltima actuaci\u00f3n oficial fue en la tercera semana de junio en el torneo chileno, en el cual empat\u00f3 con un 2-2 contra Huachipato.<br \/>\nLa \u201ccarta de gol\u201d del elenco \u00e1rabe ser\u00e1 el atacante Ronnie Fern\u00e1ndez, un exBol\u00edvar, que dio pistas sobre el desempe\u00f1o de quienes fueron sus compa\u00f1eros y las recomendaciones para jugar en el estadio de la zona de Miraflores.<\/p>\n<p>En 2024 estos elencos se enfrentaron con triunfo bolivarista en la ida y en la vuelta, por la fase de grupos de la Libertadores, marcando as\u00ed el inicio de un historial favorable para el plantel de Bolivia.<\/p>\n<p><em>GHILKA SANABRIA<\/em><\/p>\n<p><img loading=\"lazy\" decoding=\"async\" class=\"aligncenter size-full wp-image-317206\" src=\"https:\/\/www.eldiario.net\/portal\/wp-content\/uploads\/2025\/07\/FOTO-70-B-1.webp\" alt=\"\" width=\"395\" height=\"581\" srcset=\"https:\/\/www.eldiario.net\/portal\/wp-content\/uploads\/2025\/07\/FOTO-70-B-1.webp 395w, https:\/\/www.eldiario.net\/portal\/wp-content\/uploads\/2025\/07\/FOTO-70-B-1-204x300.webp 204w, https:\/\/www.eldiario.net\/portal\/wp-content\/uploads\/2025\/07\/FOTO-70-B-1-286x420.webp 286w, https:\/\/www.eldiario.net\/portal\/wp-content\/uploads\/2025\/07\/FOTO-70-B-1-150x221.webp 150w, https:\/\/www.eldiario.net\/portal\/wp-content\/uploads\/2025\/07\/FOTO-70-B-1-300x441.webp 300w\" sizes=\"auto, (max-width: 395px) 100vw, 395px\" \/><\/p>\n","protected":false},"excerpt":{"rendered":"<p>Con un fortalecido ataque, el club Bol\u00edvar, campe\u00f3n nacional, este mi\u00e9rcoles ,a partir de las 18:00, recibe a Palestino de Chile, en el estadio Hernando Siles, por la ronda de los play-offs de la Copa Sudamericana . Uno de los aspectos m\u00e1s llamativos &#8211; que hace suponer que habr\u00e1 un lleno total en el estadio [&hellip;]<\/p>\n","protected":false},"author":1,"featured_media":317205,"comment_status":"closed","ping_status":"open","sticky":false,"template":"","format":"standard","meta":{"_acf_changed":false,"footnotes":""},"categories":[6],"tags":[],"class_list":["post-317204","post","type-post","status-publish","format-standard","has-post-thumbnail","category-deportes"],"acf":{"antetitulo":""},"yoast_head":"<!-- This site is optimized with the Yoast SEO plugin v28.3 - https:\/\/yoast.com\/product\/yoast-seo-wordpress\/ -->\n<title>\u00a1BOL\u00cdVAR AL ATAQUE ! BOL\u00cdVAR vs PALESTINO - El Diario - Bolivia<\/title>\n<meta name=\"robots\" content=\"index, follow, max-snippet:-1, max-image-preview:large, max-video-preview:-1\" \/>\n<link rel=\"canonical\" href=\"https:\/\/www.eldiario.net\/portal\/2025\/07\/16\/bolivar-al-ataque-bolivar-vs-palestino\/\" \/>\n<meta property=\"og:locale\" content=\"es_ES\" \/>\n<meta property=\"og:type\" content=\"article\" \/>\n<meta property=\"og:title\" content=\"\u00a1BOL\u00cdVAR AL ATAQUE ! BOL\u00cdVAR vs PALESTINO - El Diario - Bolivia\" \/>\n<meta property=\"og:description\" content=\"Con un fortalecido ataque, el club Bol\u00edvar, campe\u00f3n nacional, este mi\u00e9rcoles ,a partir de las 18:00, recibe a Palestino de Chile, en el estadio Hernando Siles, por la ronda de los play-offs de la Copa Sudamericana . Uno de los aspectos m\u00e1s llamativos &#8211; que hace suponer que habr\u00e1 un lleno total en el estadio [&hellip;]\" \/>\n<meta property=\"og:url\" content=\"https:\/\/www.eldiario.net\/portal\/2025\/07\/16\/bolivar-al-ataque-bolivar-vs-palestino\/\" \/>\n<meta property=\"og:site_name\" content=\"El Diario - Bolivia\" \/>\n<meta property=\"article:publisher\" content=\"https:\/\/www.facebook.com\/eldiario.bolivia\/\" \/>\n<meta property=\"article:published_time\" content=\"2025-07-16T12:23:04+00:00\" \/>\n<meta property=\"og:image\" content=\"https:\/\/www.eldiario.net\/portal\/wp-content\/uploads\/2025\/07\/FOTO-70-A-1-scaled.webp\" \/>\n\t<meta property=\"og:image:width\" content=\"1792\" \/>\n\t<meta property=\"og:image:height\" content=\"2560\" \/>\n\t<meta property=\"og:image:type\" content=\"image\/webp\" \/>\n<meta name=\"author\" content=\"Jeanette\" \/>\n<meta name=\"twitter:card\" content=\"summary_large_image\" \/>\n<meta name=\"twitter:creator\" content=\"@eldiario_net\" \/>\n<meta name=\"twitter:site\" content=\"@eldiario_net\" \/>\n<meta name=\"twitter:label1\" content=\"Escrito por\" \/>\n\t<meta name=\"twitter:data1\" content=\"Jeanette\" \/>\n\t<meta name=\"twitter:label2\" content=\"Tiempo de lectura\" \/>\n\t<meta name=\"twitter:data2\" content=\"3 minutos\" \/>\n<script type=\"application\/ld+json\" class=\"yoast-schema-graph\">{\"@context\":\"https:\\\/\\\/schema.org\",\"@graph\":[{\"@type\":\"Article\",\"@id\":\"https:\\\/\\\/www.eldiario.net\\\/portal\\\/2025\\\/07\\\/16\\\/bolivar-al-ataque-bolivar-vs-palestino\\\/#article\",\"isPartOf\":{\"@id\":\"https:\\\/\\\/www.eldiario.net\\\/portal\\\/2025\\\/07\\\/16\\\/bolivar-al-ataque-bolivar-vs-palestino\\\/\"},\"author\":{\"name\":\"Jeanette\",\"@id\":\"https:\\\/\\\/www.eldiario.net\\\/portal\\\/#\\\/schema\\\/person\\\/f46445640444750d7d753ccd04ae01b7\"},\"headline\":\"\u00a1BOL\u00cdVAR AL ATAQUE ! BOL\u00cdVAR vs PALESTINO\",\"datePublished\":\"2025-07-16T12:23:04+00:00\",\"mainEntityOfPage\":{\"@id\":\"https:\\\/\\\/www.eldiario.net\\\/portal\\\/2025\\\/07\\\/16\\\/bolivar-al-ataque-bolivar-vs-palestino\\\/\"},\"wordCount\":457,\"publisher\":{\"@id\":\"https:\\\/\\\/www.eldiario.net\\\/portal\\\/#organization\"},\"image\":{\"@id\":\"https:\\\/\\\/www.eldiario.net\\\/portal\\\/2025\\\/07\\\/16\\\/bolivar-al-ataque-bolivar-vs-palestino\\\/#primaryimage\"},\"thumbnailUrl\":\"https:\\\/\\\/www.eldiario.net\\\/portal\\\/wp-content\\\/uploads\\\/2025\\\/07\\\/FOTO-70-A-1-scaled.webp\",\"articleSection\":[\"Deportes\"],\"inLanguage\":\"es\"},{\"@type\":\"WebPage\",\"@id\":\"https:\\\/\\\/www.eldiario.net\\\/portal\\\/2025\\\/07\\\/16\\\/bolivar-al-ataque-bolivar-vs-palestino\\\/\",\"url\":\"https:\\\/\\\/www.eldiario.net\\\/portal\\\/2025\\\/07\\\/16\\\/bolivar-al-ataque-bolivar-vs-palestino\\\/\",\"name\":\"\u00a1BOL\u00cdVAR AL ATAQUE ! BOL\u00cdVAR vs PALESTINO - El Diario - Bolivia\",\"isPartOf\":{\"@id\":\"https:\\\/\\\/www.eldiario.net\\\/portal\\\/#website\"},\"primaryImageOfPage\":{\"@id\":\"https:\\\/\\\/www.eldiario.net\\\/portal\\\/2025\\\/07\\\/16\\\/bolivar-al-ataque-bolivar-vs-palestino\\\/#primaryimage\"},\"image\":{\"@id\":\"https:\\\/\\\/www.eldiario.net\\\/portal\\\/2025\\\/07\\\/16\\\/bolivar-al-ataque-bolivar-vs-palestino\\\/#primaryimage\"},\"thumbnailUrl\":\"https:\\\/\\\/www.eldiario.net\\\/portal\\\/wp-content\\\/uploads\\\/2025\\\/07\\\/FOTO-70-A-1-scaled.webp\",\"datePublished\":\"2025-07-16T12:23:04+00:00\",\"breadcrumb\":{\"@id\":\"https:\\\/\\\/www.eldiario.net\\\/portal\\\/2025\\\/07\\\/16\\\/bolivar-al-ataque-bolivar-vs-palestino\\\/#breadcrumb\"},\"inLanguage\":\"es\",\"potentialAction\":[{\"@type\":\"ReadAction\",\"target\":[\"https:\\\/\\\/www.eldiario.net\\\/portal\\\/2025\\\/07\\\/16\\\/bolivar-al-ataque-bolivar-vs-palestino\\\/\"]}]},{\"@type\":\"ImageObject\",\"inLanguage\":\"es\",\"@id\":\"https:\\\/\\\/www.eldiario.net\\\/portal\\\/2025\\\/07\\\/16\\\/bolivar-al-ataque-bolivar-vs-palestino\\\/#primaryimage\",\"url\":\"https:\\\/\\\/www.eldiario.net\\\/portal\\\/wp-content\\\/uploads\\\/2025\\\/07\\\/FOTO-70-A-1-scaled.webp\",\"contentUrl\":\"https:\\\/\\\/www.eldiario.net\\\/portal\\\/wp-content\\\/uploads\\\/2025\\\/07\\\/FOTO-70-A-1-scaled.webp\",\"width\":1792,\"height\":2560},{\"@type\":\"BreadcrumbList\",\"@id\":\"https:\\\/\\\/www.eldiario.net\\\/portal\\\/2025\\\/07\\\/16\\\/bolivar-al-ataque-bolivar-vs-palestino\\\/#breadcrumb\",\"itemListElement\":[{\"@type\":\"ListItem\",\"position\":1,\"name\":\"Portada\",\"item\":\"https:\\\/\\\/www.eldiario.net\\\/portal\\\/\"},{\"@type\":\"ListItem\",\"position\":2,\"name\":\"\u00a1BOL\u00cdVAR AL ATAQUE ! BOL\u00cdVAR vs PALESTINO\"}]},{\"@type\":\"WebSite\",\"@id\":\"https:\\\/\\\/www.eldiario.net\\\/portal\\\/#website\",\"url\":\"https:\\\/\\\/www.eldiario.net\\\/portal\\\/\",\"name\":\"El Diario - Decano de la prensa nacional\",\"description\":\"El Diario - Decano de la prensa nacional\",\"publisher\":{\"@id\":\"https:\\\/\\\/www.eldiario.net\\\/portal\\\/#organization\"},\"potentialAction\":[{\"@type\":\"SearchAction\",\"target\":{\"@type\":\"EntryPoint\",\"urlTemplate\":\"https:\\\/\\\/www.eldiario.net\\\/portal\\\/?s={search_term_string}\"},\"query-input\":{\"@type\":\"PropertyValueSpecification\",\"valueRequired\":true,\"valueName\":\"search_term_string\"}}],\"inLanguage\":\"es\"},{\"@type\":\"Organization\",\"@id\":\"https:\\\/\\\/www.eldiario.net\\\/portal\\\/#organization\",\"name\":\"El Diario - Decano de la prensa nacional\",\"url\":\"https:\\\/\\\/www.eldiario.net\\\/portal\\\/\",\"logo\":{\"@type\":\"ImageObject\",\"inLanguage\":\"es\",\"@id\":\"https:\\\/\\\/www.eldiario.net\\\/portal\\\/#\\\/schema\\\/logo\\\/image\\\/\",\"url\":\"https:\\\/\\\/www.eldiario.net\\\/portal\\\/wp-content\\\/uploads\\\/2023\\\/07\\\/logo_ED.jpg\",\"contentUrl\":\"https:\\\/\\\/www.eldiario.net\\\/portal\\\/wp-content\\\/uploads\\\/2023\\\/07\\\/logo_ED.jpg\",\"width\":272,\"height\":52,\"caption\":\"El Diario - Decano de la prensa nacional\"},\"image\":{\"@id\":\"https:\\\/\\\/www.eldiario.net\\\/portal\\\/#\\\/schema\\\/logo\\\/image\\\/\"},\"sameAs\":[\"https:\\\/\\\/www.facebook.com\\\/eldiario.bolivia\\\/\",\"https:\\\/\\\/x.com\\\/eldiario_net\"]},{\"@type\":\"Person\",\"@id\":\"https:\\\/\\\/www.eldiario.net\\\/portal\\\/#\\\/schema\\\/person\\\/f46445640444750d7d753ccd04ae01b7\",\"name\":\"Jeanette\",\"image\":{\"@type\":\"ImageObject\",\"inLanguage\":\"es\",\"@id\":\"https:\\\/\\\/secure.gravatar.com\\\/avatar\\\/3ea2118a5f7dad2b7138b1187a6b7ee55f160b9968b66013c3a3ef39dd7e5798?s=96&d=mm&r=g\",\"url\":\"https:\\\/\\\/secure.gravatar.com\\\/avatar\\\/3ea2118a5f7dad2b7138b1187a6b7ee55f160b9968b66013c3a3ef39dd7e5798?s=96&d=mm&r=g\",\"contentUrl\":\"https:\\\/\\\/secure.gravatar.com\\\/avatar\\\/3ea2118a5f7dad2b7138b1187a6b7ee55f160b9968b66013c3a3ef39dd7e5798?s=96&d=mm&r=g\",\"caption\":\"Jeanette\"},\"sameAs\":[\"https:\\\/\\\/www.eldiario.net\\\/portal\"],\"url\":\"https:\\\/\\\/www.eldiario.net\\\/portal\\\/author\\\/jeanette\\\/\"}]}<\/script>\n<!-- \/ Yoast SEO plugin. -->","yoast_head_json":{"title":"\u00a1BOL\u00cdVAR AL ATAQUE ! BOL\u00cdVAR vs PALESTINO - El Diario - Bolivia","robots":{"index":"index","follow":"follow","max-snippet":"max-snippet:-1","max-image-preview":"max-image-preview:large","max-video-preview":"max-video-preview:-1"},"canonical":"https:\/\/www.eldiario.net\/portal\/2025\/07\/16\/bolivar-al-ataque-bolivar-vs-palestino\/","og_locale":"es_ES","og_type":"article","og_title":"\u00a1BOL\u00cdVAR AL ATAQUE ! BOL\u00cdVAR vs PALESTINO - El Diario - Bolivia","og_description":"Con un fortalecido ataque, el club Bol\u00edvar, campe\u00f3n nacional, este mi\u00e9rcoles ,a partir de las 18:00, recibe a Palestino de Chile, en el estadio Hernando Siles, por la ronda de los play-offs de la Copa Sudamericana . Uno de los aspectos m\u00e1s llamativos &#8211; que hace suponer que habr\u00e1 un lleno total en el estadio [&hellip;]","og_url":"https:\/\/www.eldiario.net\/portal\/2025\/07\/16\/bolivar-al-ataque-bolivar-vs-palestino\/","og_site_name":"El Diario - Bolivia","article_publisher":"https:\/\/www.facebook.com\/eldiario.bolivia\/","article_published_time":"2025-07-16T12:23:04+00:00","og_image":[{"width":1792,"height":2560,"url":"https:\/\/www.eldiario.net\/portal\/wp-content\/uploads\/2025\/07\/FOTO-70-A-1-scaled.webp","type":"image\/webp"}],"author":"Jeanette","twitter_card":"summary_large_image","twitter_creator":"@eldiario_net","twitter_site":"@eldiario_net","twitter_misc":{"Escrito por":"Jeanette","Tiempo de lectura":"3 minutos"},"schema":{"@context":"https:\/\/schema.org","@graph":[{"@type":"Article","@id":"https:\/\/www.eldiario.net\/portal\/2025\/07\/16\/bolivar-al-ataque-bolivar-vs-palestino\/#article","isPartOf":{"@id":"https:\/\/www.eldiario.net\/portal\/2025\/07\/16\/bolivar-al-ataque-bolivar-vs-palestino\/"},"author":{"name":"Jeanette","@id":"https:\/\/www.eldiario.net\/portal\/#\/schema\/person\/f46445640444750d7d753ccd04ae01b7"},"headline":"\u00a1BOL\u00cdVAR AL ATAQUE ! BOL\u00cdVAR vs PALESTINO","datePublished":"2025-07-16T12:23:04+00:00","mainEntityOfPage":{"@id":"https:\/\/www.eldiario.net\/portal\/2025\/07\/16\/bolivar-al-ataque-bolivar-vs-palestino\/"},"wordCount":457,"publisher":{"@id":"https:\/\/www.eldiario.net\/portal\/#organization"},"image":{"@id":"https:\/\/www.eldiario.net\/portal\/2025\/07\/16\/bolivar-al-ataque-bolivar-vs-palestino\/#primaryimage"},"thumbnailUrl":"https:\/\/www.eldiario.net\/portal\/wp-content\/uploads\/2025\/07\/FOTO-70-A-1-scaled.webp","articleSection":["Deportes"],"inLanguage":"es"},{"@type":"WebPage","@id":"https:\/\/www.eldiario.net\/portal\/2025\/07\/16\/bolivar-al-ataque-bolivar-vs-palestino\/","url":"https:\/\/www.eldiario.net\/portal\/2025\/07\/16\/bolivar-al-ataque-bolivar-vs-palestino\/","name":"\u00a1BOL\u00cdVAR AL ATAQUE ! BOL\u00cdVAR vs PALESTINO - El Diario - Bolivia","isPartOf":{"@id":"https:\/\/www.eldiario.net\/portal\/#website"},"primaryImageOfPage":{"@id":"https:\/\/www.eldiario.net\/portal\/2025\/07\/16\/bolivar-al-ataque-bolivar-vs-palestino\/#primaryimage"},"image":{"@id":"https:\/\/www.eldiario.net\/portal\/2025\/07\/16\/bolivar-al-ataque-bolivar-vs-palestino\/#primaryimage"},"thumbnailUrl":"https:\/\/www.eldiario.net\/portal\/wp-content\/uploads\/2025\/07\/FOTO-70-A-1-scaled.webp","datePublished":"2025-07-16T12:23:04+00:00","breadcrumb":{"@id":"https:\/\/www.eldiario.net\/portal\/2025\/07\/16\/bolivar-al-ataque-bolivar-vs-palestino\/#breadcrumb"},"inLanguage":"es","potentialAction":[{"@type":"ReadAction","target":["https:\/\/www.eldiario.net\/portal\/2025\/07\/16\/bolivar-al-ataque-bolivar-vs-palestino\/"]}]},{"@type":"ImageObject","inLanguage":"es","@id":"https:\/\/www.eldiario.net\/portal\/2025\/07\/16\/bolivar-al-ataque-bolivar-vs-palestino\/#primaryimage","url":"https:\/\/www.eldiario.net\/portal\/wp-content\/uploads\/2025\/07\/FOTO-70-A-1-scaled.webp","contentUrl":"https:\/\/www.eldiario.net\/portal\/wp-content\/uploads\/2025\/07\/FOTO-70-A-1-scaled.webp","width":1792,"height":2560},{"@type":"BreadcrumbList","@id":"https:\/\/www.eldiario.net\/portal\/2025\/07\/16\/bolivar-al-ataque-bolivar-vs-palestino\/#breadcrumb","itemListElement":[{"@type":"ListItem","position":1,"name":"Portada","item":"https:\/\/www.eldiario.net\/portal\/"},{"@type":"ListItem","position":2,"name":"\u00a1BOL\u00cdVAR AL ATAQUE ! BOL\u00cdVAR vs PALESTINO"}]},{"@type":"WebSite","@id":"https:\/\/www.eldiario.net\/portal\/#website","url":"https:\/\/www.eldiario.net\/portal\/","name":"El Diario - Decano de la prensa nacional","description":"El Diario - Decano de la prensa nacional","publisher":{"@id":"https:\/\/www.eldiario.net\/portal\/#organization"},"potentialAction":[{"@type":"SearchAction","target":{"@type":"EntryPoint","urlTemplate":"https:\/\/www.eldiario.net\/portal\/?s={search_term_string}"},"query-input":{"@type":"PropertyValueSpecification","valueRequired":true,"valueName":"search_term_string"}}],"inLanguage":"es"},{"@type":"Organization","@id":"https:\/\/www.eldiario.net\/portal\/#organization","name":"El Diario - Decano de la prensa nacional","url":"https:\/\/www.eldiario.net\/portal\/","logo":{"@type":"ImageObject","inLanguage":"es","@id":"https:\/\/www.eldiario.net\/portal\/#\/schema\/logo\/image\/","url":"https:\/\/www.eldiario.net\/portal\/wp-content\/uploads\/2023\/07\/logo_ED.jpg","contentUrl":"https:\/\/www.eldiario.net\/portal\/wp-content\/uploads\/2023\/07\/logo_ED.jpg","width":272,"height":52,"caption":"El Diario - Decano de la prensa nacional"},"image":{"@id":"https:\/\/www.eldiario.net\/portal\/#\/schema\/logo\/image\/"},"sameAs":["https:\/\/www.facebook.com\/eldiario.bolivia\/","https:\/\/x.com\/eldiario_net"]},{"@type":"Person","@id":"https:\/\/www.eldiario.net\/portal\/#\/schema\/person\/f46445640444750d7d753ccd04ae01b7","name":"Jeanette","image":{"@type":"ImageObject","inLanguage":"es","@id":"https:\/\/secure.gravatar.com\/avatar\/3ea2118a5f7dad2b7138b1187a6b7ee55f160b9968b66013c3a3ef39dd7e5798?s=96&d=mm&r=g","url":"https:\/\/secure.gravatar.com\/avatar\/3ea2118a5f7dad2b7138b1187a6b7ee55f160b9968b66013c3a3ef39dd7e5798?s=96&d=mm&r=g","contentUrl":"https:\/\/secure.gravatar.com\/avatar\/3ea2118a5f7dad2b7138b1187a6b7ee55f160b9968b66013c3a3ef39dd7e5798?s=96&d=mm&r=g","caption":"Jeanette"},"sameAs":["https:\/\/www.eldiario.net\/portal"],"url":"https:\/\/www.eldiario.net\/portal\/author\/jeanette\/"}]}},"_links":{"self":[{"href":"https:\/\/www.eldiario.net\/portal\/wp-json\/wp\/v2\/posts\/317204","targetHints":{"allow":["GET"]}}],"collection":[{"href":"https:\/\/www.eldiario.net\/portal\/wp-json\/wp\/v2\/posts"}],"about":[{"href":"https:\/\/www.eldiario.net\/portal\/wp-json\/wp\/v2\/types\/post"}],"author":[{"embeddable":true,"href":"https:\/\/www.eldiario.net\/portal\/wp-json\/wp\/v2\/users\/1"}],"replies":[{"embeddable":true,"href":"https:\/\/www.eldiario.net\/portal\/wp-json\/wp\/v2\/comments?post=317204"}],"version-history":[{"count":1,"href":"https:\/\/www.eldiario.net\/portal\/wp-json\/wp\/v2\/posts\/317204\/revisions"}],"predecessor-version":[{"id":317207,"href":"https:\/\/www.eldiario.net\/portal\/wp-json\/wp\/v2\/posts\/317204\/revisions\/317207"}],"wp:featuredmedia":[{"embeddable":true,"href":"https:\/\/www.eldiario.net\/portal\/wp-json\/wp\/v2\/media\/317205"}],"wp:attachment":[{"href":"https:\/\/www.eldiario.net\/portal\/wp-json\/wp\/v2\/media?parent=317204"}],"wp:term":[{"taxonomy":"category","embeddable":true,"href":"https:\/\/www.eldiario.net\/portal\/wp-json\/wp\/v2\/categories?post=317204"},{"taxonomy":"post_tag","embeddable":true,"href":"https:\/\/www.eldiario.net\/portal\/wp-json\/wp\/v2\/tags?post=317204"}],"curies":[{"name":"wp","href":"https:\/\/api.w.org\/{rel}","templated":true}]}}