{"id":317200,"date":"2025-07-16T08:20:59","date_gmt":"2025-07-16T12:20:59","guid":{"rendered":"https:\/\/www.eldiario.net\/portal\/?p=317200"},"modified":"2025-07-16T08:20:59","modified_gmt":"2025-07-16T12:20:59","slug":"san-antonio-sabe-que-no-es-imposible-ganarle-al-once-caldas","status":"publish","type":"post","link":"https:\/\/www.eldiario.net\/portal\/2025\/07\/16\/san-antonio-sabe-que-no-es-imposible-ganarle-al-once-caldas\/","title":{"rendered":"San Antonio sabe que no es imposible ganarle al Once Caldas"},"content":{"rendered":"<p>COCHABAMBA.- San Antonio parte en desventaja de nuevo en un partido internacional cuando enfrente a Once Caldas, de Colombia, en el duelo de ida de la fase del play offs de los octavos de final de la Copa Sudamericana, por los cambios que sufri\u00f3 y pese a sus limitaciones, tratar\u00e1 de dar la sorpresa con un triunfo en el estadio F\u00e9lix Capriles, hoy mi\u00e9rcoles (20:30).<br \/>\nEn su primera aparici\u00f3n en la Libertadores, San Antonio qued\u00f3 tercero en su grupo, recibiendo como premio su pase a esta ronda, donde se enfrentar\u00e1 a uno de los segundos de la ronda de series de la Sudamericana, instancia en la cual el m\u00ednimo error le dejar\u00e1 sin ninguna chance de continuar en carrera.<br \/>\nPara este encuentro, la dirigencia contrat\u00f3 a los paraguayos Rodrigo L\u00f3pez (atacante) y Ariel \u00c1valos (delantero), los colombianos, Antony V\u00e1squez (extremo) y Cristhian Valencia (defensor), y el uruguayo Luca Giossa (arquero). Pero el refuerzo m\u00e1s mencionado es el mediocampista boliviano Adalid Terrazas, quien regres\u00f3 al pa\u00eds despu\u00e9s de un paso intrascendente en USM Alger, de Argelia.<br \/>\nEntretanto, Once Caldas mantuvo la estructura con la cual se desempe\u00f1\u00f3 en la fase de grupos, llegando a Cochabamba como favorito, encabezado por el delantero Dayro Moreno. El elenco colombiano jug\u00f3 contra Gualberto Villarroel San Jos\u00e9, en la etapa previa, ganando por 3-2 en La Paz. El fin de semana jug\u00f3 un amistoso contra Newells Old Boys (Argentina), como visitante, ganando por 3-1 en la tanda de penales, luego de un empate (1-1).<br \/>\nEl \u00e1rbitro designado para el juego es Augusto Arag\u00f3n, de Ecuador y los equipos formar\u00edan de la siguioente manera:<br \/>\nSan Antonio: Jos\u00e9 Pe\u00f1arrieta; Widen Saucedo, Luis Barboza, Leonardo Justiniano, Sebasti\u00e1n Villarroel, Santiago Arce, Hern\u00e1n Rodr\u00edguez, Julio Herrera, Juan Montenegro, Rodrigo L\u00f3pez y Marcelo de Lima.<br \/>\nDT: Pedro Depablos.<br \/>\nOnce Caldas: James Aguirre; Efra\u00edn Navarro, Jorge Cardona, Juan Casta\u00f1o, Juan Pati\u00f1o, Juan D\u00edaz, Iv\u00e1n Rojas, Luis Palacios, Luis S\u00e1nchez, Jefry Zapata y Dayro Moreno.<br \/>\nDT: Hern\u00e1n Dar\u00edo Herrera.(APG)<\/p>\n<p><img loading=\"lazy\" decoding=\"async\" class=\"aligncenter size-full wp-image-317202\" src=\"https:\/\/www.eldiario.net\/portal\/wp-content\/uploads\/2025\/07\/FOTO-73-B.webp\" alt=\"\" width=\"379\" height=\"382\" srcset=\"https:\/\/www.eldiario.net\/portal\/wp-content\/uploads\/2025\/07\/FOTO-73-B.webp 379w, https:\/\/www.eldiario.net\/portal\/wp-content\/uploads\/2025\/07\/FOTO-73-B-298x300.webp 298w, https:\/\/www.eldiario.net\/portal\/wp-content\/uploads\/2025\/07\/FOTO-73-B-150x151.webp 150w, https:\/\/www.eldiario.net\/portal\/wp-content\/uploads\/2025\/07\/FOTO-73-B-300x302.webp 300w\" sizes=\"auto, (max-width: 379px) 100vw, 379px\" \/><\/p>\n","protected":false},"excerpt":{"rendered":"<p>COCHABAMBA.- San Antonio parte en desventaja de nuevo en un partido internacional cuando enfrente a Once Caldas, de Colombia, en el duelo de ida de la fase del play offs de los octavos de final de la Copa Sudamericana, por los cambios que sufri\u00f3 y pese a sus limitaciones, tratar\u00e1 de dar la sorpresa con [&hellip;]<\/p>\n","protected":false},"author":1,"featured_media":317201,"comment_status":"closed","ping_status":"open","sticky":false,"template":"","format":"standard","meta":{"_acf_changed":false,"footnotes":""},"categories":[6],"tags":[],"class_list":["post-317200","post","type-post","status-publish","format-standard","has-post-thumbnail","category-deportes"],"acf":{"antetitulo":""},"yoast_head":"<!-- This site is optimized with the Yoast SEO plugin v28.4 - https:\/\/yoast.com\/product\/yoast-seo-wordpress\/ -->\n<title>San Antonio sabe que no es imposible ganarle al Once Caldas - El Diario - Bolivia<\/title>\n<meta name=\"robots\" content=\"index, follow, max-snippet:-1, max-image-preview:large, max-video-preview:-1\" \/>\n<link rel=\"canonical\" href=\"https:\/\/www.eldiario.net\/portal\/2025\/07\/16\/san-antonio-sabe-que-no-es-imposible-ganarle-al-once-caldas\/\" \/>\n<meta property=\"og:locale\" content=\"es_ES\" \/>\n<meta property=\"og:type\" content=\"article\" \/>\n<meta property=\"og:title\" content=\"San Antonio sabe que no es imposible ganarle al Once Caldas - El Diario - Bolivia\" \/>\n<meta property=\"og:description\" content=\"COCHABAMBA.- San Antonio parte en desventaja de nuevo en un partido internacional cuando enfrente a Once Caldas, de Colombia, en el duelo de ida de la fase del play offs de los octavos de final de la Copa Sudamericana, por los cambios que sufri\u00f3 y pese a sus limitaciones, tratar\u00e1 de dar la sorpresa con [&hellip;]\" \/>\n<meta property=\"og:url\" content=\"https:\/\/www.eldiario.net\/portal\/2025\/07\/16\/san-antonio-sabe-que-no-es-imposible-ganarle-al-once-caldas\/\" \/>\n<meta property=\"og:site_name\" content=\"El Diario - Bolivia\" \/>\n<meta property=\"article:publisher\" content=\"https:\/\/www.facebook.com\/eldiario.bolivia\/\" \/>\n<meta property=\"article:published_time\" content=\"2025-07-16T12:20:59+00:00\" \/>\n<meta property=\"og:image\" content=\"https:\/\/www.eldiario.net\/portal\/wp-content\/uploads\/2025\/07\/FOTO-73A.webp\" \/>\n\t<meta property=\"og:image:width\" content=\"1200\" \/>\n\t<meta property=\"og:image:height\" content=\"833\" \/>\n\t<meta property=\"og:image:type\" content=\"image\/webp\" \/>\n<meta name=\"author\" content=\"Jeanette\" \/>\n<meta name=\"twitter:card\" content=\"summary_large_image\" \/>\n<meta name=\"twitter:creator\" content=\"@eldiario_net\" \/>\n<meta name=\"twitter:site\" content=\"@eldiario_net\" \/>\n<meta name=\"twitter:label1\" content=\"Escrito por\" \/>\n\t<meta name=\"twitter:data1\" content=\"Jeanette\" \/>\n\t<meta name=\"twitter:label2\" content=\"Tiempo de lectura\" \/>\n\t<meta name=\"twitter:data2\" content=\"2 minutos\" \/>\n<script type=\"application\/ld+json\" class=\"yoast-schema-graph\">{\"@context\":\"https:\\\/\\\/schema.org\",\"@graph\":[{\"@type\":\"Article\",\"@id\":\"https:\\\/\\\/www.eldiario.net\\\/portal\\\/2025\\\/07\\\/16\\\/san-antonio-sabe-que-no-es-imposible-ganarle-al-once-caldas\\\/#article\",\"isPartOf\":{\"@id\":\"https:\\\/\\\/www.eldiario.net\\\/portal\\\/2025\\\/07\\\/16\\\/san-antonio-sabe-que-no-es-imposible-ganarle-al-once-caldas\\\/\"},\"author\":{\"name\":\"Jeanette\",\"@id\":\"https:\\\/\\\/www.eldiario.net\\\/portal\\\/#\\\/schema\\\/person\\\/f46445640444750d7d753ccd04ae01b7\"},\"headline\":\"San Antonio sabe que no es imposible ganarle al Once Caldas\",\"datePublished\":\"2025-07-16T12:20:59+00:00\",\"mainEntityOfPage\":{\"@id\":\"https:\\\/\\\/www.eldiario.net\\\/portal\\\/2025\\\/07\\\/16\\\/san-antonio-sabe-que-no-es-imposible-ganarle-al-once-caldas\\\/\"},\"wordCount\":361,\"publisher\":{\"@id\":\"https:\\\/\\\/www.eldiario.net\\\/portal\\\/#organization\"},\"image\":{\"@id\":\"https:\\\/\\\/www.eldiario.net\\\/portal\\\/2025\\\/07\\\/16\\\/san-antonio-sabe-que-no-es-imposible-ganarle-al-once-caldas\\\/#primaryimage\"},\"thumbnailUrl\":\"https:\\\/\\\/www.eldiario.net\\\/portal\\\/wp-content\\\/uploads\\\/2025\\\/07\\\/FOTO-73A.webp\",\"articleSection\":[\"Deportes\"],\"inLanguage\":\"es\"},{\"@type\":\"WebPage\",\"@id\":\"https:\\\/\\\/www.eldiario.net\\\/portal\\\/2025\\\/07\\\/16\\\/san-antonio-sabe-que-no-es-imposible-ganarle-al-once-caldas\\\/\",\"url\":\"https:\\\/\\\/www.eldiario.net\\\/portal\\\/2025\\\/07\\\/16\\\/san-antonio-sabe-que-no-es-imposible-ganarle-al-once-caldas\\\/\",\"name\":\"San Antonio sabe que no es imposible ganarle al Once Caldas - El Diario - Bolivia\",\"isPartOf\":{\"@id\":\"https:\\\/\\\/www.eldiario.net\\\/portal\\\/#website\"},\"primaryImageOfPage\":{\"@id\":\"https:\\\/\\\/www.eldiario.net\\\/portal\\\/2025\\\/07\\\/16\\\/san-antonio-sabe-que-no-es-imposible-ganarle-al-once-caldas\\\/#primaryimage\"},\"image\":{\"@id\":\"https:\\\/\\\/www.eldiario.net\\\/portal\\\/2025\\\/07\\\/16\\\/san-antonio-sabe-que-no-es-imposible-ganarle-al-once-caldas\\\/#primaryimage\"},\"thumbnailUrl\":\"https:\\\/\\\/www.eldiario.net\\\/portal\\\/wp-content\\\/uploads\\\/2025\\\/07\\\/FOTO-73A.webp\",\"datePublished\":\"2025-07-16T12:20:59+00:00\",\"breadcrumb\":{\"@id\":\"https:\\\/\\\/www.eldiario.net\\\/portal\\\/2025\\\/07\\\/16\\\/san-antonio-sabe-que-no-es-imposible-ganarle-al-once-caldas\\\/#breadcrumb\"},\"inLanguage\":\"es\",\"potentialAction\":[{\"@type\":\"ReadAction\",\"target\":[\"https:\\\/\\\/www.eldiario.net\\\/portal\\\/2025\\\/07\\\/16\\\/san-antonio-sabe-que-no-es-imposible-ganarle-al-once-caldas\\\/\"]}]},{\"@type\":\"ImageObject\",\"inLanguage\":\"es\",\"@id\":\"https:\\\/\\\/www.eldiario.net\\\/portal\\\/2025\\\/07\\\/16\\\/san-antonio-sabe-que-no-es-imposible-ganarle-al-once-caldas\\\/#primaryimage\",\"url\":\"https:\\\/\\\/www.eldiario.net\\\/portal\\\/wp-content\\\/uploads\\\/2025\\\/07\\\/FOTO-73A.webp\",\"contentUrl\":\"https:\\\/\\\/www.eldiario.net\\\/portal\\\/wp-content\\\/uploads\\\/2025\\\/07\\\/FOTO-73A.webp\",\"width\":1200,\"height\":833},{\"@type\":\"BreadcrumbList\",\"@id\":\"https:\\\/\\\/www.eldiario.net\\\/portal\\\/2025\\\/07\\\/16\\\/san-antonio-sabe-que-no-es-imposible-ganarle-al-once-caldas\\\/#breadcrumb\",\"itemListElement\":[{\"@type\":\"ListItem\",\"position\":1,\"name\":\"Portada\",\"item\":\"https:\\\/\\\/www.eldiario.net\\\/portal\\\/\"},{\"@type\":\"ListItem\",\"position\":2,\"name\":\"San Antonio sabe que no es imposible ganarle al Once Caldas\"}]},{\"@type\":\"WebSite\",\"@id\":\"https:\\\/\\\/www.eldiario.net\\\/portal\\\/#website\",\"url\":\"https:\\\/\\\/www.eldiario.net\\\/portal\\\/\",\"name\":\"El Diario - Decano de la prensa nacional\",\"description\":\"El Diario - Decano de la prensa nacional\",\"publisher\":{\"@id\":\"https:\\\/\\\/www.eldiario.net\\\/portal\\\/#organization\"},\"potentialAction\":[{\"@type\":\"SearchAction\",\"target\":{\"@type\":\"EntryPoint\",\"urlTemplate\":\"https:\\\/\\\/www.eldiario.net\\\/portal\\\/?s={search_term_string}\"},\"query-input\":{\"@type\":\"PropertyValueSpecification\",\"valueRequired\":true,\"valueName\":\"search_term_string\"}}],\"inLanguage\":\"es\"},{\"@type\":\"Organization\",\"@id\":\"https:\\\/\\\/www.eldiario.net\\\/portal\\\/#organization\",\"name\":\"El Diario - Decano de la prensa nacional\",\"url\":\"https:\\\/\\\/www.eldiario.net\\\/portal\\\/\",\"logo\":{\"@type\":\"ImageObject\",\"inLanguage\":\"es\",\"@id\":\"https:\\\/\\\/www.eldiario.net\\\/portal\\\/#\\\/schema\\\/logo\\\/image\\\/\",\"url\":\"https:\\\/\\\/www.eldiario.net\\\/portal\\\/wp-content\\\/uploads\\\/2023\\\/07\\\/logo_ED.jpg\",\"contentUrl\":\"https:\\\/\\\/www.eldiario.net\\\/portal\\\/wp-content\\\/uploads\\\/2023\\\/07\\\/logo_ED.jpg\",\"width\":272,\"height\":52,\"caption\":\"El Diario - Decano de la prensa nacional\"},\"image\":{\"@id\":\"https:\\\/\\\/www.eldiario.net\\\/portal\\\/#\\\/schema\\\/logo\\\/image\\\/\"},\"sameAs\":[\"https:\\\/\\\/www.facebook.com\\\/eldiario.bolivia\\\/\",\"https:\\\/\\\/x.com\\\/eldiario_net\"]},{\"@type\":\"Person\",\"@id\":\"https:\\\/\\\/www.eldiario.net\\\/portal\\\/#\\\/schema\\\/person\\\/f46445640444750d7d753ccd04ae01b7\",\"name\":\"Jeanette\",\"image\":{\"@type\":\"ImageObject\",\"inLanguage\":\"es\",\"@id\":\"https:\\\/\\\/secure.gravatar.com\\\/avatar\\\/3ea2118a5f7dad2b7138b1187a6b7ee55f160b9968b66013c3a3ef39dd7e5798?s=96&d=mm&r=g\",\"url\":\"https:\\\/\\\/secure.gravatar.com\\\/avatar\\\/3ea2118a5f7dad2b7138b1187a6b7ee55f160b9968b66013c3a3ef39dd7e5798?s=96&d=mm&r=g\",\"contentUrl\":\"https:\\\/\\\/secure.gravatar.com\\\/avatar\\\/3ea2118a5f7dad2b7138b1187a6b7ee55f160b9968b66013c3a3ef39dd7e5798?s=96&d=mm&r=g\",\"caption\":\"Jeanette\"},\"sameAs\":[\"https:\\\/\\\/www.eldiario.net\\\/portal\"],\"url\":\"https:\\\/\\\/www.eldiario.net\\\/portal\\\/author\\\/jeanette\\\/\"}]}<\/script>\n<!-- \/ Yoast SEO plugin. -->","yoast_head_json":{"title":"San Antonio sabe que no es imposible ganarle al Once Caldas - El Diario - Bolivia","robots":{"index":"index","follow":"follow","max-snippet":"max-snippet:-1","max-image-preview":"max-image-preview:large","max-video-preview":"max-video-preview:-1"},"canonical":"https:\/\/www.eldiario.net\/portal\/2025\/07\/16\/san-antonio-sabe-que-no-es-imposible-ganarle-al-once-caldas\/","og_locale":"es_ES","og_type":"article","og_title":"San Antonio sabe que no es imposible ganarle al Once Caldas - El Diario - Bolivia","og_description":"COCHABAMBA.- San Antonio parte en desventaja de nuevo en un partido internacional cuando enfrente a Once Caldas, de Colombia, en el duelo de ida de la fase del play offs de los octavos de final de la Copa Sudamericana, por los cambios que sufri\u00f3 y pese a sus limitaciones, tratar\u00e1 de dar la sorpresa con [&hellip;]","og_url":"https:\/\/www.eldiario.net\/portal\/2025\/07\/16\/san-antonio-sabe-que-no-es-imposible-ganarle-al-once-caldas\/","og_site_name":"El Diario - Bolivia","article_publisher":"https:\/\/www.facebook.com\/eldiario.bolivia\/","article_published_time":"2025-07-16T12:20:59+00:00","og_image":[{"width":1200,"height":833,"url":"https:\/\/www.eldiario.net\/portal\/wp-content\/uploads\/2025\/07\/FOTO-73A.webp","type":"image\/webp"}],"author":"Jeanette","twitter_card":"summary_large_image","twitter_creator":"@eldiario_net","twitter_site":"@eldiario_net","twitter_misc":{"Escrito por":"Jeanette","Tiempo de lectura":"2 minutos"},"schema":{"@context":"https:\/\/schema.org","@graph":[{"@type":"Article","@id":"https:\/\/www.eldiario.net\/portal\/2025\/07\/16\/san-antonio-sabe-que-no-es-imposible-ganarle-al-once-caldas\/#article","isPartOf":{"@id":"https:\/\/www.eldiario.net\/portal\/2025\/07\/16\/san-antonio-sabe-que-no-es-imposible-ganarle-al-once-caldas\/"},"author":{"name":"Jeanette","@id":"https:\/\/www.eldiario.net\/portal\/#\/schema\/person\/f46445640444750d7d753ccd04ae01b7"},"headline":"San Antonio sabe que no es imposible ganarle al Once Caldas","datePublished":"2025-07-16T12:20:59+00:00","mainEntityOfPage":{"@id":"https:\/\/www.eldiario.net\/portal\/2025\/07\/16\/san-antonio-sabe-que-no-es-imposible-ganarle-al-once-caldas\/"},"wordCount":361,"publisher":{"@id":"https:\/\/www.eldiario.net\/portal\/#organization"},"image":{"@id":"https:\/\/www.eldiario.net\/portal\/2025\/07\/16\/san-antonio-sabe-que-no-es-imposible-ganarle-al-once-caldas\/#primaryimage"},"thumbnailUrl":"https:\/\/www.eldiario.net\/portal\/wp-content\/uploads\/2025\/07\/FOTO-73A.webp","articleSection":["Deportes"],"inLanguage":"es"},{"@type":"WebPage","@id":"https:\/\/www.eldiario.net\/portal\/2025\/07\/16\/san-antonio-sabe-que-no-es-imposible-ganarle-al-once-caldas\/","url":"https:\/\/www.eldiario.net\/portal\/2025\/07\/16\/san-antonio-sabe-que-no-es-imposible-ganarle-al-once-caldas\/","name":"San Antonio sabe que no es imposible ganarle al Once Caldas - El Diario - Bolivia","isPartOf":{"@id":"https:\/\/www.eldiario.net\/portal\/#website"},"primaryImageOfPage":{"@id":"https:\/\/www.eldiario.net\/portal\/2025\/07\/16\/san-antonio-sabe-que-no-es-imposible-ganarle-al-once-caldas\/#primaryimage"},"image":{"@id":"https:\/\/www.eldiario.net\/portal\/2025\/07\/16\/san-antonio-sabe-que-no-es-imposible-ganarle-al-once-caldas\/#primaryimage"},"thumbnailUrl":"https:\/\/www.eldiario.net\/portal\/wp-content\/uploads\/2025\/07\/FOTO-73A.webp","datePublished":"2025-07-16T12:20:59+00:00","breadcrumb":{"@id":"https:\/\/www.eldiario.net\/portal\/2025\/07\/16\/san-antonio-sabe-que-no-es-imposible-ganarle-al-once-caldas\/#breadcrumb"},"inLanguage":"es","potentialAction":[{"@type":"ReadAction","target":["https:\/\/www.eldiario.net\/portal\/2025\/07\/16\/san-antonio-sabe-que-no-es-imposible-ganarle-al-once-caldas\/"]}]},{"@type":"ImageObject","inLanguage":"es","@id":"https:\/\/www.eldiario.net\/portal\/2025\/07\/16\/san-antonio-sabe-que-no-es-imposible-ganarle-al-once-caldas\/#primaryimage","url":"https:\/\/www.eldiario.net\/portal\/wp-content\/uploads\/2025\/07\/FOTO-73A.webp","contentUrl":"https:\/\/www.eldiario.net\/portal\/wp-content\/uploads\/2025\/07\/FOTO-73A.webp","width":1200,"height":833},{"@type":"BreadcrumbList","@id":"https:\/\/www.eldiario.net\/portal\/2025\/07\/16\/san-antonio-sabe-que-no-es-imposible-ganarle-al-once-caldas\/#breadcrumb","itemListElement":[{"@type":"ListItem","position":1,"name":"Portada","item":"https:\/\/www.eldiario.net\/portal\/"},{"@type":"ListItem","position":2,"name":"San Antonio sabe que no es imposible ganarle al Once Caldas"}]},{"@type":"WebSite","@id":"https:\/\/www.eldiario.net\/portal\/#website","url":"https:\/\/www.eldiario.net\/portal\/","name":"El Diario - Decano de la prensa nacional","description":"El Diario - Decano de la prensa nacional","publisher":{"@id":"https:\/\/www.eldiario.net\/portal\/#organization"},"potentialAction":[{"@type":"SearchAction","target":{"@type":"EntryPoint","urlTemplate":"https:\/\/www.eldiario.net\/portal\/?s={search_term_string}"},"query-input":{"@type":"PropertyValueSpecification","valueRequired":true,"valueName":"search_term_string"}}],"inLanguage":"es"},{"@type":"Organization","@id":"https:\/\/www.eldiario.net\/portal\/#organization","name":"El Diario - Decano de la prensa nacional","url":"https:\/\/www.eldiario.net\/portal\/","logo":{"@type":"ImageObject","inLanguage":"es","@id":"https:\/\/www.eldiario.net\/portal\/#\/schema\/logo\/image\/","url":"https:\/\/www.eldiario.net\/portal\/wp-content\/uploads\/2023\/07\/logo_ED.jpg","contentUrl":"https:\/\/www.eldiario.net\/portal\/wp-content\/uploads\/2023\/07\/logo_ED.jpg","width":272,"height":52,"caption":"El Diario - Decano de la prensa nacional"},"image":{"@id":"https:\/\/www.eldiario.net\/portal\/#\/schema\/logo\/image\/"},"sameAs":["https:\/\/www.facebook.com\/eldiario.bolivia\/","https:\/\/x.com\/eldiario_net"]},{"@type":"Person","@id":"https:\/\/www.eldiario.net\/portal\/#\/schema\/person\/f46445640444750d7d753ccd04ae01b7","name":"Jeanette","image":{"@type":"ImageObject","inLanguage":"es","@id":"https:\/\/secure.gravatar.com\/avatar\/3ea2118a5f7dad2b7138b1187a6b7ee55f160b9968b66013c3a3ef39dd7e5798?s=96&d=mm&r=g","url":"https:\/\/secure.gravatar.com\/avatar\/3ea2118a5f7dad2b7138b1187a6b7ee55f160b9968b66013c3a3ef39dd7e5798?s=96&d=mm&r=g","contentUrl":"https:\/\/secure.gravatar.com\/avatar\/3ea2118a5f7dad2b7138b1187a6b7ee55f160b9968b66013c3a3ef39dd7e5798?s=96&d=mm&r=g","caption":"Jeanette"},"sameAs":["https:\/\/www.eldiario.net\/portal"],"url":"https:\/\/www.eldiario.net\/portal\/author\/jeanette\/"}]}},"_links":{"self":[{"href":"https:\/\/www.eldiario.net\/portal\/wp-json\/wp\/v2\/posts\/317200","targetHints":{"allow":["GET"]}}],"collection":[{"href":"https:\/\/www.eldiario.net\/portal\/wp-json\/wp\/v2\/posts"}],"about":[{"href":"https:\/\/www.eldiario.net\/portal\/wp-json\/wp\/v2\/types\/post"}],"author":[{"embeddable":true,"href":"https:\/\/www.eldiario.net\/portal\/wp-json\/wp\/v2\/users\/1"}],"replies":[{"embeddable":true,"href":"https:\/\/www.eldiario.net\/portal\/wp-json\/wp\/v2\/comments?post=317200"}],"version-history":[{"count":1,"href":"https:\/\/www.eldiario.net\/portal\/wp-json\/wp\/v2\/posts\/317200\/revisions"}],"predecessor-version":[{"id":317203,"href":"https:\/\/www.eldiario.net\/portal\/wp-json\/wp\/v2\/posts\/317200\/revisions\/317203"}],"wp:featuredmedia":[{"embeddable":true,"href":"https:\/\/www.eldiario.net\/portal\/wp-json\/wp\/v2\/media\/317201"}],"wp:attachment":[{"href":"https:\/\/www.eldiario.net\/portal\/wp-json\/wp\/v2\/media?parent=317200"}],"wp:term":[{"taxonomy":"category","embeddable":true,"href":"https:\/\/www.eldiario.net\/portal\/wp-json\/wp\/v2\/categories?post=317200"},{"taxonomy":"post_tag","embeddable":true,"href":"https:\/\/www.eldiario.net\/portal\/wp-json\/wp\/v2\/tags?post=317200"}],"curies":[{"name":"wp","href":"https:\/\/api.w.org\/{rel}","templated":true}]}}