{"id":316740,"date":"2025-07-14T07:44:59","date_gmt":"2025-07-14T11:44:59","guid":{"rendered":"https:\/\/www.eldiario.net\/portal\/?p=316740"},"modified":"2025-07-14T07:44:59","modified_gmt":"2025-07-14T11:44:59","slug":"childfund-bolivia-celebra-45-anos-de-trayectoria-de-impacto","status":"publish","type":"post","link":"https:\/\/www.eldiario.net\/portal\/2025\/07\/14\/childfund-bolivia-celebra-45-anos-de-trayectoria-de-impacto\/","title":{"rendered":"ChildFund Bolivia celebra 45  a\u00f1os  de trayectoria de impacto"},"content":{"rendered":"<p>En una noche emotiva y llena de significado, ChildFund Bolivia conmemor\u00f3 su 45 aniversario en el espacio K\u00fau Inti, donde se reunieron aliados, colaboradores y quienes han sido testigos de su incansable labor. El evento no solo fue una celebraci\u00f3n de cuatro d\u00e9cadas y media de trabajo, sino tambi\u00e9n un poderoso recordatorio del impacto profundo que la organizaci\u00f3n ha tenido en miles de vidas a lo largo y ancho del pa\u00eds.<br \/>\nLa directora de ChildFund Bolivia, Ximena Loza, fue la encargada de liderar la velada, destacando con palpable emoci\u00f3n la esencia de la mi-si\u00f3n de la organizaci\u00f3n. \u00abDesde que ChildFund lleg\u00f3 a Bolivia, con una visi\u00f3n clara de que cada ni\u00f1o tenga la oportunidad de crecer saludable, con educaci\u00f3n, con protecci\u00f3n y con la confianza de poder creer en que es posible alcanzar todo su potencial, hemos sido testigos de las transformaciones de miles de vidas a lo largo y ancho del pa\u00eds\u00bb, afirm\u00f3 Loza.<br \/>\nSu discurso fue m\u00e1s all\u00e1 de las cifras y los informes t\u00e9cnicos que usualmente acompa\u00f1an los proyectos de desarrollo. Loza hizo hincapi\u00e9 en la verdadera inspiraci\u00f3n detr\u00e1s de los logros de ChildFund: \u00abDetr\u00e1s de los n\u00fameros que usualmente se reportan en los proyectos, lo que verdaderamente nos inspira son las vidas de las personas con las que hemos podido lograr esas transformaciones\u00bb.<br \/>\nLa directora subray\u00f3 la importancia de la participaci\u00f3n activa de los propios beneficiarios, enfatizando que no son meros receptores de ayuda, sino los protagonistas de sus propias transformaciones. \u00abTenemos miles de historias de impacto que muestran c\u00f3mo la participaci\u00f3n activa y sustantiva, el poder de cada ni\u00f1o, de cada adolescente, sus educadores y sus cuidadores los han convertido en protagonistas de sus propias transformaciones\u00bb, se\u00f1al\u00f3 Loza.<br \/>\nEstas historias de superaci\u00f3n y empoderamiento son, para ChildFund, el motor diario de su labor. \u00abSon estas transformaciones las que le dan sentido cada d\u00eda a nuestra misi\u00f3n\u00bb, concluy\u00f3 Ximena Loza, encapsulando el esp\u00edritu de una organizaci\u00f3n que, por 45 a\u00f1os, ha sembrado esperanza y cosechado oportunidades en el coraz\u00f3n de Bolivia.<br \/>\nLa celebraci\u00f3n no solo mir\u00f3 hacia el pasado de logros, sino que tambi\u00e9n reafirm\u00f3 el compromiso de ChildFund Bolivia de seguir trabajando incansablemente para que cada ni\u00f1o, adolescente y su comunidad alcancen su m\u00e1ximo potencial, transformando un futuro a la vez.<br \/>\nEn el ep\u00edlogo del programa, los invitados disfrutaron de una exquisita experiencia gastron\u00f3mica gracias a Manka Restaurant, que acompa\u00f1\u00f3 la noche con sus innovadores sabores.<\/p>\n\r\n                <style type=\"text\/css\">\r\n                    \r\n                    #tdi_1  .td-doubleSlider-2 .td-item1 {\r\n                        background: url(https:\/\/www.eldiario.net\/portal\/wp-content\/uploads\/2025\/07\/IMG_1534-80x60.webp) 0 0 no-repeat;\r\n                    }\r\n                    #tdi_1  .td-doubleSlider-2 .td-item2 {\r\n                        background: url(https:\/\/www.eldiario.net\/portal\/wp-content\/uploads\/2025\/07\/IMG_1541-80x60.webp) 0 0 no-repeat;\r\n                    }\r\n                    #tdi_1  .td-doubleSlider-2 .td-item3 {\r\n                        background: url(https:\/\/www.eldiario.net\/portal\/wp-content\/uploads\/2025\/07\/IMG_1546-80x60.webp) 0 0 no-repeat;\r\n                    }\r\n                    #tdi_1  .td-doubleSlider-2 .td-item4 {\r\n                        background: url(https:\/\/www.eldiario.net\/portal\/wp-content\/uploads\/2025\/07\/IMG_1552-80x60.webp) 0 0 no-repeat;\r\n                    }\r\n                    #tdi_1  .td-doubleSlider-2 .td-item5 {\r\n                        background: url(https:\/\/www.eldiario.net\/portal\/wp-content\/uploads\/2025\/07\/IMG_1555-80x60.webp) 0 0 no-repeat;\r\n                    }\r\n                    #tdi_1  .td-doubleSlider-2 .td-item6 {\r\n                        background: url(https:\/\/www.eldiario.net\/portal\/wp-content\/uploads\/2025\/07\/IMG_1397-80x60.webp) 0 0 no-repeat;\r\n                    }\r\n                    #tdi_1  .td-doubleSlider-2 .td-item7 {\r\n                        background: url(https:\/\/www.eldiario.net\/portal\/wp-content\/uploads\/2025\/07\/IMG_1409-80x60.webp) 0 0 no-repeat;\r\n                    }\r\n                    #tdi_1  .td-doubleSlider-2 .td-item8 {\r\n                        background: url(https:\/\/www.eldiario.net\/portal\/wp-content\/uploads\/2025\/07\/IMG_1446-80x60.webp) 0 0 no-repeat;\r\n                    }\r\n                    #tdi_1  .td-doubleSlider-2 .td-item9 {\r\n                        background: url(https:\/\/www.eldiario.net\/portal\/wp-content\/uploads\/2025\/07\/IMG_1470-80x60.webp) 0 0 no-repeat;\r\n                    }\r\n                    #tdi_1  .td-doubleSlider-2 .td-item10 {\r\n                        background: url(https:\/\/www.eldiario.net\/portal\/wp-content\/uploads\/2025\/07\/IMG_1479-80x60.webp) 0 0 no-repeat;\r\n                    }\r\n                    #tdi_1  .td-doubleSlider-2 .td-item11 {\r\n                        background: url(https:\/\/www.eldiario.net\/portal\/wp-content\/uploads\/2025\/07\/IMG_1485-80x60.webp) 0 0 no-repeat;\r\n                    }\r\n                    #tdi_1  .td-doubleSlider-2 .td-item12 {\r\n                        background: url(https:\/\/www.eldiario.net\/portal\/wp-content\/uploads\/2025\/07\/IMG_1490-80x60.webp) 0 0 no-repeat;\r\n                    }\r\n                    #tdi_1  .td-doubleSlider-2 .td-item13 {\r\n                        background: url(https:\/\/www.eldiario.net\/portal\/wp-content\/uploads\/2025\/07\/IMG_1492-80x60.webp) 0 0 no-repeat;\r\n                    }\r\n                    #tdi_1  .td-doubleSlider-2 .td-item14 {\r\n                        background: url(https:\/\/www.eldiario.net\/portal\/wp-content\/uploads\/2025\/07\/IMG_1495-80x60.webp) 0 0 no-repeat;\r\n                    }\r\n                    #tdi_1  .td-doubleSlider-2 .td-item15 {\r\n                        background: url(https:\/\/www.eldiario.net\/portal\/wp-content\/uploads\/2025\/07\/IMG_1496-80x60.webp) 0 0 no-repeat;\r\n                    }\r\n                    #tdi_1  .td-doubleSlider-2 .td-item16 {\r\n                        background: url(https:\/\/www.eldiario.net\/portal\/wp-content\/uploads\/2025\/07\/IMG_1501-80x60.webp) 0 0 no-repeat;\r\n                    }\r\n                    #tdi_1  .td-doubleSlider-2 .td-item17 {\r\n                        background: url(https:\/\/www.eldiario.net\/portal\/wp-content\/uploads\/2025\/07\/IMG_1504-80x60.webp) 0 0 no-repeat;\r\n                    }\r\n                    #tdi_1  .td-doubleSlider-2 .td-item18 {\r\n                        background: url(https:\/\/www.eldiario.net\/portal\/wp-content\/uploads\/2025\/07\/IMG_1506-80x60.webp) 0 0 no-repeat;\r\n                    }\r\n                    #tdi_1  .td-doubleSlider-2 .td-item19 {\r\n                        background: url(https:\/\/www.eldiario.net\/portal\/wp-content\/uploads\/2025\/07\/IMG_1514-80x60.webp) 0 0 no-repeat;\r\n                    }\r\n                    #tdi_1  .td-doubleSlider-2 .td-item20 {\r\n                        background: url(https:\/\/www.eldiario.net\/portal\/wp-content\/uploads\/2025\/07\/IMG_1522-80x60.webp) 0 0 no-repeat;\r\n                    }\r\n                <\/style>\r\n\r\n                <div id=\"tdi_1\" class=\"td-gallery td-slide-on-2-columns\">\r\n                    <div class=\"post_td_gallery\">\r\n                        <div class=\"td-gallery-slide-top\">\r\n                           <div class=\"td-gallery-title\"><\/div>\r\n\r\n                            <div class=\"td-gallery-controls-wrapper\">\r\n                                <div class=\"td-gallery-slide-count\"><span class=\"td-gallery-slide-item-focus\">1<\/span> de 20<\/div>\r\n                                <div class=\"td-gallery-slide-prev-next-but\">\r\n                                    <i class = \"td-icon-left doubleSliderPrevButton\"><\/i>\r\n                                    <i class = \"td-icon-right doubleSliderNextButton\"><\/i>\r\n                                <\/div>\r\n                            <\/div>\r\n                        <\/div>\r\n\r\n                        <div class = \"td-doubleSlider-1 \">\r\n                            <div class = \"td-slider\">\r\n                                \r\n                    <div class = \"td-slide-item td-item1\">\r\n                        <figure class=\"td-slide-galery-figure td-slide-popup-gallery\">\r\n                            <a class=\"slide-gallery-image-link\" href=\"https:\/\/www.eldiario.net\/portal\/wp-content\/uploads\/2025\/07\/IMG_1534.webp\" title=\"IMG_1534\"  data-caption=\"\"  data-description=\"\">\r\n                                <img decoding=\"async\" src=\"https:\/\/www.eldiario.net\/portal\/wp-content\/uploads\/2025\/07\/IMG_1534-630x420.webp\" srcset=\"https:\/\/www.eldiario.net\/portal\/wp-content\/uploads\/2025\/07\/IMG_1534-630x420.webp 630w, https:\/\/www.eldiario.net\/portal\/wp-content\/uploads\/2025\/07\/IMG_1534-300x200.webp 300w, https:\/\/www.eldiario.net\/portal\/wp-content\/uploads\/2025\/07\/IMG_1534-1024x683.webp 1024w, https:\/\/www.eldiario.net\/portal\/wp-content\/uploads\/2025\/07\/IMG_1534-768x512.webp 768w, https:\/\/www.eldiario.net\/portal\/wp-content\/uploads\/2025\/07\/IMG_1534-696x464.webp 696w, https:\/\/www.eldiario.net\/portal\/wp-content\/uploads\/2025\/07\/IMG_1534-1068x712.webp 1068w, https:\/\/www.eldiario.net\/portal\/wp-content\/uploads\/2025\/07\/IMG_1534.webp 1200w\" sizes=\"(max-width: 630px) 100vw, 630px\" alt=\"\">\r\n                            <\/a>\r\n                            \r\n                        <\/figure>\r\n                    <\/div>\r\n                    <div class = \"td-slide-item td-item2\">\r\n                        <figure class=\"td-slide-galery-figure td-slide-popup-gallery\">\r\n                            <a class=\"slide-gallery-image-link\" href=\"https:\/\/www.eldiario.net\/portal\/wp-content\/uploads\/2025\/07\/IMG_1541.webp\" title=\"IMG_1541\"  data-caption=\"NIRVANA PARDO Y  CARMEN SILES.\"  data-description=\"\">\r\n                                <img decoding=\"async\" src=\"https:\/\/www.eldiario.net\/portal\/wp-content\/uploads\/2025\/07\/IMG_1541-630x420.webp\" srcset=\"https:\/\/www.eldiario.net\/portal\/wp-content\/uploads\/2025\/07\/IMG_1541-630x420.webp 630w, https:\/\/www.eldiario.net\/portal\/wp-content\/uploads\/2025\/07\/IMG_1541-300x200.webp 300w, https:\/\/www.eldiario.net\/portal\/wp-content\/uploads\/2025\/07\/IMG_1541-1024x683.webp 1024w, https:\/\/www.eldiario.net\/portal\/wp-content\/uploads\/2025\/07\/IMG_1541-768x512.webp 768w, https:\/\/www.eldiario.net\/portal\/wp-content\/uploads\/2025\/07\/IMG_1541-696x464.webp 696w, https:\/\/www.eldiario.net\/portal\/wp-content\/uploads\/2025\/07\/IMG_1541-1068x712.webp 1068w, https:\/\/www.eldiario.net\/portal\/wp-content\/uploads\/2025\/07\/IMG_1541.webp 1200w\" sizes=\"(max-width: 630px) 100vw, 630px\" alt=\"\">\r\n                            <\/a>\r\n                            <figcaption class = \"td-slide-caption td-gallery-slide-content\"><div class = \"td-gallery-slide-copywrite\">NIRVANA PARDO Y  CARMEN SILES.<\/div><\/figcaption>\r\n                        <\/figure>\r\n                    <\/div>\r\n                    <div class = \"td-slide-item td-item3\">\r\n                        <figure class=\"td-slide-galery-figure td-slide-popup-gallery\">\r\n                            <a class=\"slide-gallery-image-link\" href=\"https:\/\/www.eldiario.net\/portal\/wp-content\/uploads\/2025\/07\/IMG_1546.webp\" title=\"IMG_1546\"  data-caption=\"OTRA INSTANCIA DE LA CELEBRACI\u00d3N.\"  data-description=\"\">\r\n                                <img decoding=\"async\" src=\"https:\/\/www.eldiario.net\/portal\/wp-content\/uploads\/2025\/07\/IMG_1546-630x420.webp\" srcset=\"https:\/\/www.eldiario.net\/portal\/wp-content\/uploads\/2025\/07\/IMG_1546-630x420.webp 630w, https:\/\/www.eldiario.net\/portal\/wp-content\/uploads\/2025\/07\/IMG_1546-300x200.webp 300w, https:\/\/www.eldiario.net\/portal\/wp-content\/uploads\/2025\/07\/IMG_1546-1024x683.webp 1024w, https:\/\/www.eldiario.net\/portal\/wp-content\/uploads\/2025\/07\/IMG_1546-768x512.webp 768w, https:\/\/www.eldiario.net\/portal\/wp-content\/uploads\/2025\/07\/IMG_1546-696x464.webp 696w, https:\/\/www.eldiario.net\/portal\/wp-content\/uploads\/2025\/07\/IMG_1546-1068x712.webp 1068w, https:\/\/www.eldiario.net\/portal\/wp-content\/uploads\/2025\/07\/IMG_1546.webp 1200w\" sizes=\"(max-width: 630px) 100vw, 630px\" alt=\"\">\r\n                            <\/a>\r\n                            <figcaption class = \"td-slide-caption td-gallery-slide-content\"><div class = \"td-gallery-slide-copywrite\">OTRA INSTANCIA DE LA CELEBRACI\u00d3N.<\/div><\/figcaption>\r\n                        <\/figure>\r\n                    <\/div>\r\n                    <div class = \"td-slide-item td-item4\">\r\n                        <figure class=\"td-slide-galery-figure td-slide-popup-gallery\">\r\n                            <a class=\"slide-gallery-image-link\" href=\"https:\/\/www.eldiario.net\/portal\/wp-content\/uploads\/2025\/07\/IMG_1552.webp\" title=\"IMG_1552\"  data-caption=\"\"  data-description=\"\">\r\n                                <img decoding=\"async\" src=\"https:\/\/www.eldiario.net\/portal\/wp-content\/uploads\/2025\/07\/IMG_1552-630x420.webp\" srcset=\"https:\/\/www.eldiario.net\/portal\/wp-content\/uploads\/2025\/07\/IMG_1552-630x420.webp 630w, https:\/\/www.eldiario.net\/portal\/wp-content\/uploads\/2025\/07\/IMG_1552-300x200.webp 300w, https:\/\/www.eldiario.net\/portal\/wp-content\/uploads\/2025\/07\/IMG_1552-1024x683.webp 1024w, https:\/\/www.eldiario.net\/portal\/wp-content\/uploads\/2025\/07\/IMG_1552-768x512.webp 768w, https:\/\/www.eldiario.net\/portal\/wp-content\/uploads\/2025\/07\/IMG_1552-696x464.webp 696w, https:\/\/www.eldiario.net\/portal\/wp-content\/uploads\/2025\/07\/IMG_1552-1068x712.webp 1068w, https:\/\/www.eldiario.net\/portal\/wp-content\/uploads\/2025\/07\/IMG_1552.webp 1200w\" sizes=\"(max-width: 630px) 100vw, 630px\" alt=\"\">\r\n                            <\/a>\r\n                            \r\n                        <\/figure>\r\n                    <\/div>\r\n                    <div class = \"td-slide-item td-item5\">\r\n                        <figure class=\"td-slide-galery-figure td-slide-popup-gallery\">\r\n                            <a class=\"slide-gallery-image-link\" href=\"https:\/\/www.eldiario.net\/portal\/wp-content\/uploads\/2025\/07\/IMG_1555.webp\" title=\"IMG_1555\"  data-caption=\"GREGORIA  JUANIQUINA, VER\u00d3NICA C. UGARTE, XIMENA LOZA, ALAIN GONZ\u00c1LEZ, EDWIN M. AYAVIRI Y GARY N\u00da\u00d1EZ.\"  data-description=\"\">\r\n                                <img decoding=\"async\" src=\"https:\/\/www.eldiario.net\/portal\/wp-content\/uploads\/2025\/07\/IMG_1555-630x420.webp\" srcset=\"https:\/\/www.eldiario.net\/portal\/wp-content\/uploads\/2025\/07\/IMG_1555-630x420.webp 630w, https:\/\/www.eldiario.net\/portal\/wp-content\/uploads\/2025\/07\/IMG_1555-300x200.webp 300w, https:\/\/www.eldiario.net\/portal\/wp-content\/uploads\/2025\/07\/IMG_1555-1024x683.webp 1024w, https:\/\/www.eldiario.net\/portal\/wp-content\/uploads\/2025\/07\/IMG_1555-768x512.webp 768w, https:\/\/www.eldiario.net\/portal\/wp-content\/uploads\/2025\/07\/IMG_1555-696x464.webp 696w, https:\/\/www.eldiario.net\/portal\/wp-content\/uploads\/2025\/07\/IMG_1555-1068x712.webp 1068w, https:\/\/www.eldiario.net\/portal\/wp-content\/uploads\/2025\/07\/IMG_1555.webp 1200w\" sizes=\"(max-width: 630px) 100vw, 630px\" alt=\"\">\r\n                            <\/a>\r\n                            <figcaption class = \"td-slide-caption td-gallery-slide-content\"><div class = \"td-gallery-slide-copywrite\">GREGORIA  JUANIQUINA, VER\u00d3NICA C. UGARTE, XIMENA LOZA, ALAIN GONZ\u00c1LEZ, EDWIN M. AYAVIRI Y GARY N\u00da\u00d1EZ.<\/div><\/figcaption>\r\n                        <\/figure>\r\n                    <\/div>\r\n                    <div class = \"td-slide-item td-item6\">\r\n                        <figure class=\"td-slide-galery-figure td-slide-popup-gallery\">\r\n                            <a class=\"slide-gallery-image-link\" href=\"https:\/\/www.eldiario.net\/portal\/wp-content\/uploads\/2025\/07\/IMG_1397.webp\" title=\"IMG_1397\"  data-caption=\"\"  data-description=\"\">\r\n                                <img decoding=\"async\" src=\"https:\/\/www.eldiario.net\/portal\/wp-content\/uploads\/2025\/07\/IMG_1397-630x420.webp\" srcset=\"https:\/\/www.eldiario.net\/portal\/wp-content\/uploads\/2025\/07\/IMG_1397-630x420.webp 630w, https:\/\/www.eldiario.net\/portal\/wp-content\/uploads\/2025\/07\/IMG_1397-300x200.webp 300w, https:\/\/www.eldiario.net\/portal\/wp-content\/uploads\/2025\/07\/IMG_1397-1024x683.webp 1024w, https:\/\/www.eldiario.net\/portal\/wp-content\/uploads\/2025\/07\/IMG_1397-768x512.webp 768w, https:\/\/www.eldiario.net\/portal\/wp-content\/uploads\/2025\/07\/IMG_1397-696x464.webp 696w, https:\/\/www.eldiario.net\/portal\/wp-content\/uploads\/2025\/07\/IMG_1397-1068x712.webp 1068w, https:\/\/www.eldiario.net\/portal\/wp-content\/uploads\/2025\/07\/IMG_1397.webp 1200w\" sizes=\"(max-width: 630px) 100vw, 630px\" alt=\"\">\r\n                            <\/a>\r\n                            \r\n                        <\/figure>\r\n                    <\/div>\r\n                    <div class = \"td-slide-item td-item7\">\r\n                        <figure class=\"td-slide-galery-figure td-slide-popup-gallery\">\r\n                            <a class=\"slide-gallery-image-link\" href=\"https:\/\/www.eldiario.net\/portal\/wp-content\/uploads\/2025\/07\/IMG_1409.webp\" title=\"IMG_1409\"  data-caption=\"XIMENA LOZA, DIRECTORA DE CHILDFUND BOLIVIA.\"  data-description=\"\">\r\n                                <img decoding=\"async\" src=\"https:\/\/www.eldiario.net\/portal\/wp-content\/uploads\/2025\/07\/IMG_1409-630x420.webp\" srcset=\"https:\/\/www.eldiario.net\/portal\/wp-content\/uploads\/2025\/07\/IMG_1409-630x420.webp 630w, https:\/\/www.eldiario.net\/portal\/wp-content\/uploads\/2025\/07\/IMG_1409-300x200.webp 300w, https:\/\/www.eldiario.net\/portal\/wp-content\/uploads\/2025\/07\/IMG_1409-1024x683.webp 1024w, https:\/\/www.eldiario.net\/portal\/wp-content\/uploads\/2025\/07\/IMG_1409-768x512.webp 768w, https:\/\/www.eldiario.net\/portal\/wp-content\/uploads\/2025\/07\/IMG_1409-696x464.webp 696w, https:\/\/www.eldiario.net\/portal\/wp-content\/uploads\/2025\/07\/IMG_1409-1068x712.webp 1068w, https:\/\/www.eldiario.net\/portal\/wp-content\/uploads\/2025\/07\/IMG_1409.webp 1200w\" sizes=\"(max-width: 630px) 100vw, 630px\" alt=\"\">\r\n                            <\/a>\r\n                            <figcaption class = \"td-slide-caption td-gallery-slide-content\"><div class = \"td-gallery-slide-copywrite\">XIMENA LOZA, DIRECTORA DE CHILDFUND BOLIVIA.<\/div><\/figcaption>\r\n                        <\/figure>\r\n                    <\/div>\r\n                    <div class = \"td-slide-item td-item8\">\r\n                        <figure class=\"td-slide-galery-figure td-slide-popup-gallery\">\r\n                            <a class=\"slide-gallery-image-link\" href=\"https:\/\/www.eldiario.net\/portal\/wp-content\/uploads\/2025\/07\/IMG_1446.webp\" title=\"IMG_1446\"  data-caption=\"XIMENA LOZA RECIBE UN RECONOCIMIENTO DE LA  C\u00c1MARA DE DIPUTADOS, OTORGADO POR BETTY  YA\u00d1\u00cdQUEZ.\"  data-description=\"\">\r\n                                <img decoding=\"async\" src=\"https:\/\/www.eldiario.net\/portal\/wp-content\/uploads\/2025\/07\/IMG_1446-630x420.webp\" srcset=\"https:\/\/www.eldiario.net\/portal\/wp-content\/uploads\/2025\/07\/IMG_1446-630x420.webp 630w, https:\/\/www.eldiario.net\/portal\/wp-content\/uploads\/2025\/07\/IMG_1446-300x200.webp 300w, https:\/\/www.eldiario.net\/portal\/wp-content\/uploads\/2025\/07\/IMG_1446-1024x683.webp 1024w, https:\/\/www.eldiario.net\/portal\/wp-content\/uploads\/2025\/07\/IMG_1446-768x512.webp 768w, https:\/\/www.eldiario.net\/portal\/wp-content\/uploads\/2025\/07\/IMG_1446-696x464.webp 696w, https:\/\/www.eldiario.net\/portal\/wp-content\/uploads\/2025\/07\/IMG_1446-1068x712.webp 1068w, https:\/\/www.eldiario.net\/portal\/wp-content\/uploads\/2025\/07\/IMG_1446.webp 1200w\" sizes=\"(max-width: 630px) 100vw, 630px\" alt=\"\">\r\n                            <\/a>\r\n                            <figcaption class = \"td-slide-caption td-gallery-slide-content\"><div class = \"td-gallery-slide-copywrite\">XIMENA LOZA RECIBE UN RECONOCIMIENTO DE LA  C\u00c1MARA DE DIPUTADOS, OTORGADO POR BETTY  YA\u00d1\u00cdQUEZ.<\/div><\/figcaption>\r\n                        <\/figure>\r\n                    <\/div>\r\n                    <div class = \"td-slide-item td-item9\">\r\n                        <figure class=\"td-slide-galery-figure td-slide-popup-gallery\">\r\n                            <a class=\"slide-gallery-image-link\" href=\"https:\/\/www.eldiario.net\/portal\/wp-content\/uploads\/2025\/07\/IMG_1470.webp\" title=\"IMG_1470\"  data-caption=\"MOMENTO DE CELEBRACI\u00d3N Y COMPROMISO.\"  data-description=\"\">\r\n                                <img decoding=\"async\" src=\"https:\/\/www.eldiario.net\/portal\/wp-content\/uploads\/2025\/07\/IMG_1470-630x420.webp\" srcset=\"https:\/\/www.eldiario.net\/portal\/wp-content\/uploads\/2025\/07\/IMG_1470-630x420.webp 630w, https:\/\/www.eldiario.net\/portal\/wp-content\/uploads\/2025\/07\/IMG_1470-300x200.webp 300w, https:\/\/www.eldiario.net\/portal\/wp-content\/uploads\/2025\/07\/IMG_1470-1024x683.webp 1024w, https:\/\/www.eldiario.net\/portal\/wp-content\/uploads\/2025\/07\/IMG_1470-768x512.webp 768w, https:\/\/www.eldiario.net\/portal\/wp-content\/uploads\/2025\/07\/IMG_1470-696x464.webp 696w, https:\/\/www.eldiario.net\/portal\/wp-content\/uploads\/2025\/07\/IMG_1470-1068x712.webp 1068w, https:\/\/www.eldiario.net\/portal\/wp-content\/uploads\/2025\/07\/IMG_1470.webp 1200w\" sizes=\"(max-width: 630px) 100vw, 630px\" alt=\"\">\r\n                            <\/a>\r\n                            <figcaption class = \"td-slide-caption td-gallery-slide-content\"><div class = \"td-gallery-slide-copywrite\">MOMENTO DE CELEBRACI\u00d3N Y COMPROMISO.<\/div><\/figcaption>\r\n                        <\/figure>\r\n                    <\/div>\r\n                    <div class = \"td-slide-item td-item10\">\r\n                        <figure class=\"td-slide-galery-figure td-slide-popup-gallery\">\r\n                            <a class=\"slide-gallery-image-link\" href=\"https:\/\/www.eldiario.net\/portal\/wp-content\/uploads\/2025\/07\/IMG_1479.webp\" title=\"IMG_1479\"  data-caption=\"VER\u00d3NICA C. U\u00d1GARTE, GREGORIA JUANIQUINA, XIMENA  VALDEZ Y BORIS MALDONADO.\"  data-description=\"\">\r\n                                <img decoding=\"async\" src=\"https:\/\/www.eldiario.net\/portal\/wp-content\/uploads\/2025\/07\/IMG_1479-630x420.webp\" srcset=\"https:\/\/www.eldiario.net\/portal\/wp-content\/uploads\/2025\/07\/IMG_1479-630x420.webp 630w, https:\/\/www.eldiario.net\/portal\/wp-content\/uploads\/2025\/07\/IMG_1479-300x200.webp 300w, https:\/\/www.eldiario.net\/portal\/wp-content\/uploads\/2025\/07\/IMG_1479-1024x683.webp 1024w, https:\/\/www.eldiario.net\/portal\/wp-content\/uploads\/2025\/07\/IMG_1479-768x512.webp 768w, https:\/\/www.eldiario.net\/portal\/wp-content\/uploads\/2025\/07\/IMG_1479-696x464.webp 696w, https:\/\/www.eldiario.net\/portal\/wp-content\/uploads\/2025\/07\/IMG_1479-1068x712.webp 1068w, https:\/\/www.eldiario.net\/portal\/wp-content\/uploads\/2025\/07\/IMG_1479.webp 1200w\" sizes=\"(max-width: 630px) 100vw, 630px\" alt=\"\">\r\n                            <\/a>\r\n                            <figcaption class = \"td-slide-caption td-gallery-slide-content\"><div class = \"td-gallery-slide-copywrite\">VER\u00d3NICA C. U\u00d1GARTE, GREGORIA JUANIQUINA, XIMENA  VALDEZ Y BORIS MALDONADO.<\/div><\/figcaption>\r\n                        <\/figure>\r\n                    <\/div>\r\n                    <div class = \"td-slide-item td-item11\">\r\n                        <figure class=\"td-slide-galery-figure td-slide-popup-gallery\">\r\n                            <a class=\"slide-gallery-image-link\" href=\"https:\/\/www.eldiario.net\/portal\/wp-content\/uploads\/2025\/07\/IMG_1485.webp\" title=\"IMG_1485\"  data-caption=\"RONALD  C\u00c9SPEDES, JENNIFER GUACHALLA, XIMENA LOZA, PEDRO CALLIZAYA, DEFENSOR DEL PUEBLO, Y ELIZABETH MORAT\u00d3\"  data-description=\"\">\r\n                                <img decoding=\"async\" src=\"https:\/\/www.eldiario.net\/portal\/wp-content\/uploads\/2025\/07\/IMG_1485-630x420.webp\" srcset=\"https:\/\/www.eldiario.net\/portal\/wp-content\/uploads\/2025\/07\/IMG_1485-630x420.webp 630w, https:\/\/www.eldiario.net\/portal\/wp-content\/uploads\/2025\/07\/IMG_1485-300x200.webp 300w, https:\/\/www.eldiario.net\/portal\/wp-content\/uploads\/2025\/07\/IMG_1485-1024x683.webp 1024w, https:\/\/www.eldiario.net\/portal\/wp-content\/uploads\/2025\/07\/IMG_1485-768x512.webp 768w, https:\/\/www.eldiario.net\/portal\/wp-content\/uploads\/2025\/07\/IMG_1485-696x464.webp 696w, https:\/\/www.eldiario.net\/portal\/wp-content\/uploads\/2025\/07\/IMG_1485-1068x712.webp 1068w, https:\/\/www.eldiario.net\/portal\/wp-content\/uploads\/2025\/07\/IMG_1485.webp 1200w\" sizes=\"(max-width: 630px) 100vw, 630px\" alt=\"\">\r\n                            <\/a>\r\n                            <figcaption class = \"td-slide-caption td-gallery-slide-content\"><div class = \"td-gallery-slide-copywrite\">RONALD  C\u00c9SPEDES, JENNIFER GUACHALLA, XIMENA LOZA, PEDRO CALLIZAYA, DEFENSOR DEL PUEBLO, Y ELIZABETH MORAT\u00d3<\/div><\/figcaption>\r\n                        <\/figure>\r\n                    <\/div>\r\n                    <div class = \"td-slide-item td-item12\">\r\n                        <figure class=\"td-slide-galery-figure td-slide-popup-gallery\">\r\n                            <a class=\"slide-gallery-image-link\" href=\"https:\/\/www.eldiario.net\/portal\/wp-content\/uploads\/2025\/07\/IMG_1490.webp\" title=\"IMG_1490\"  data-caption=\"LA DIRECTORA DE CHILDFUND BOLIVIA, XIMENA LOZA, JUNTO A UN GRUPO DE PROFESIONALE, CELEBRA POR LOS 45 A\u00d1OS DE COMPROMISO CON LA NI\u00d1EZ, JUVENTUD Y ADOLESCENCIA.\"  data-description=\"\">\r\n                                <img decoding=\"async\" src=\"https:\/\/www.eldiario.net\/portal\/wp-content\/uploads\/2025\/07\/IMG_1490-630x420.webp\" srcset=\"https:\/\/www.eldiario.net\/portal\/wp-content\/uploads\/2025\/07\/IMG_1490-630x420.webp 630w, https:\/\/www.eldiario.net\/portal\/wp-content\/uploads\/2025\/07\/IMG_1490-300x200.webp 300w, https:\/\/www.eldiario.net\/portal\/wp-content\/uploads\/2025\/07\/IMG_1490-1024x683.webp 1024w, https:\/\/www.eldiario.net\/portal\/wp-content\/uploads\/2025\/07\/IMG_1490-768x512.webp 768w, https:\/\/www.eldiario.net\/portal\/wp-content\/uploads\/2025\/07\/IMG_1490-696x464.webp 696w, https:\/\/www.eldiario.net\/portal\/wp-content\/uploads\/2025\/07\/IMG_1490-1068x712.webp 1068w, https:\/\/www.eldiario.net\/portal\/wp-content\/uploads\/2025\/07\/IMG_1490.webp 1200w\" sizes=\"(max-width: 630px) 100vw, 630px\" alt=\"\">\r\n                            <\/a>\r\n                            <figcaption class = \"td-slide-caption td-gallery-slide-content\"><div class = \"td-gallery-slide-copywrite\">LA DIRECTORA DE CHILDFUND BOLIVIA, XIMENA LOZA, JUNTO A UN GRUPO DE PROFESIONALE, CELEBRA POR LOS 45 A\u00d1OS DE COMPROMISO CON LA NI\u00d1EZ, JUVENTUD Y ADOLESCENCIA.<\/div><\/figcaption>\r\n                        <\/figure>\r\n                    <\/div>\r\n                    <div class = \"td-slide-item td-item13\">\r\n                        <figure class=\"td-slide-galery-figure td-slide-popup-gallery\">\r\n                            <a class=\"slide-gallery-image-link\" href=\"https:\/\/www.eldiario.net\/portal\/wp-content\/uploads\/2025\/07\/IMG_1492.webp\" title=\"IMG_1492\"  data-caption=\"LA MAGIA DEL VIOL\u00cdN DE GUSTAVO ORIHUELA ENVOLVI\u00d3 ESPACIO K\u00daU, COMPLEMENTANDO LA EMOTIVA CELEBRACI\u00d3N DE LOS 45 A\u00d1OS DE IMPACTO DE CHILDFUND BOLIVIA.\"  data-description=\"\">\r\n                                <img decoding=\"async\" src=\"https:\/\/www.eldiario.net\/portal\/wp-content\/uploads\/2025\/07\/IMG_1492-630x420.webp\" srcset=\"https:\/\/www.eldiario.net\/portal\/wp-content\/uploads\/2025\/07\/IMG_1492-630x420.webp 630w, https:\/\/www.eldiario.net\/portal\/wp-content\/uploads\/2025\/07\/IMG_1492-300x200.webp 300w, https:\/\/www.eldiario.net\/portal\/wp-content\/uploads\/2025\/07\/IMG_1492-1024x683.webp 1024w, https:\/\/www.eldiario.net\/portal\/wp-content\/uploads\/2025\/07\/IMG_1492-768x512.webp 768w, https:\/\/www.eldiario.net\/portal\/wp-content\/uploads\/2025\/07\/IMG_1492-696x464.webp 696w, https:\/\/www.eldiario.net\/portal\/wp-content\/uploads\/2025\/07\/IMG_1492-1068x712.webp 1068w, https:\/\/www.eldiario.net\/portal\/wp-content\/uploads\/2025\/07\/IMG_1492.webp 1200w\" sizes=\"(max-width: 630px) 100vw, 630px\" alt=\"\">\r\n                            <\/a>\r\n                            <figcaption class = \"td-slide-caption td-gallery-slide-content\"><div class = \"td-gallery-slide-copywrite\">LA MAGIA DEL VIOL\u00cdN DE GUSTAVO ORIHUELA ENVOLVI\u00d3 ESPACIO K\u00daU, COMPLEMENTANDO LA EMOTIVA CELEBRACI\u00d3N DE LOS 45 A\u00d1OS DE IMPACTO DE CHILDFUND BOLIVIA.<\/div><\/figcaption>\r\n                        <\/figure>\r\n                    <\/div>\r\n                    <div class = \"td-slide-item td-item14\">\r\n                        <figure class=\"td-slide-galery-figure td-slide-popup-gallery\">\r\n                            <a class=\"slide-gallery-image-link\" href=\"https:\/\/www.eldiario.net\/portal\/wp-content\/uploads\/2025\/07\/IMG_1495.webp\" title=\"IMG_1495\"  data-caption=\"GARDY  COSTAS,  N. PEREIRA, REIZA PACO Y DANIELA FERN\u00c1NDEZ.\"  data-description=\"\">\r\n                                <img decoding=\"async\" src=\"https:\/\/www.eldiario.net\/portal\/wp-content\/uploads\/2025\/07\/IMG_1495-630x420.webp\" srcset=\"https:\/\/www.eldiario.net\/portal\/wp-content\/uploads\/2025\/07\/IMG_1495-630x420.webp 630w, https:\/\/www.eldiario.net\/portal\/wp-content\/uploads\/2025\/07\/IMG_1495-300x200.webp 300w, https:\/\/www.eldiario.net\/portal\/wp-content\/uploads\/2025\/07\/IMG_1495-1024x683.webp 1024w, https:\/\/www.eldiario.net\/portal\/wp-content\/uploads\/2025\/07\/IMG_1495-768x512.webp 768w, https:\/\/www.eldiario.net\/portal\/wp-content\/uploads\/2025\/07\/IMG_1495-696x464.webp 696w, https:\/\/www.eldiario.net\/portal\/wp-content\/uploads\/2025\/07\/IMG_1495-1068x712.webp 1068w, https:\/\/www.eldiario.net\/portal\/wp-content\/uploads\/2025\/07\/IMG_1495.webp 1200w\" sizes=\"(max-width: 630px) 100vw, 630px\" alt=\"\">\r\n                            <\/a>\r\n                            <figcaption class = \"td-slide-caption td-gallery-slide-content\"><div class = \"td-gallery-slide-copywrite\">GARDY  COSTAS,  N. PEREIRA, REIZA PACO Y DANIELA FERN\u00c1NDEZ.<\/div><\/figcaption>\r\n                        <\/figure>\r\n                    <\/div>\r\n                    <div class = \"td-slide-item td-item15\">\r\n                        <figure class=\"td-slide-galery-figure td-slide-popup-gallery\">\r\n                            <a class=\"slide-gallery-image-link\" href=\"https:\/\/www.eldiario.net\/portal\/wp-content\/uploads\/2025\/07\/IMG_1496.webp\" title=\"IMG_1496\"  data-caption=\"MAITTE GARC\u00cdA, PALMIRA VILLARROEL Y F\u00c1TIMA COPA.\"  data-description=\"\">\r\n                                <img decoding=\"async\" src=\"https:\/\/www.eldiario.net\/portal\/wp-content\/uploads\/2025\/07\/IMG_1496-630x420.webp\" srcset=\"https:\/\/www.eldiario.net\/portal\/wp-content\/uploads\/2025\/07\/IMG_1496-630x420.webp 630w, https:\/\/www.eldiario.net\/portal\/wp-content\/uploads\/2025\/07\/IMG_1496-300x200.webp 300w, https:\/\/www.eldiario.net\/portal\/wp-content\/uploads\/2025\/07\/IMG_1496-1024x683.webp 1024w, https:\/\/www.eldiario.net\/portal\/wp-content\/uploads\/2025\/07\/IMG_1496-768x512.webp 768w, https:\/\/www.eldiario.net\/portal\/wp-content\/uploads\/2025\/07\/IMG_1496-696x464.webp 696w, https:\/\/www.eldiario.net\/portal\/wp-content\/uploads\/2025\/07\/IMG_1496-1068x712.webp 1068w, https:\/\/www.eldiario.net\/portal\/wp-content\/uploads\/2025\/07\/IMG_1496.webp 1200w\" sizes=\"(max-width: 630px) 100vw, 630px\" alt=\"\">\r\n                            <\/a>\r\n                            <figcaption class = \"td-slide-caption td-gallery-slide-content\"><div class = \"td-gallery-slide-copywrite\">MAITTE GARC\u00cdA, PALMIRA VILLARROEL Y F\u00c1TIMA COPA.<\/div><\/figcaption>\r\n                        <\/figure>\r\n                    <\/div>\r\n                    <div class = \"td-slide-item td-item16\">\r\n                        <figure class=\"td-slide-galery-figure td-slide-popup-gallery\">\r\n                            <a class=\"slide-gallery-image-link\" href=\"https:\/\/www.eldiario.net\/portal\/wp-content\/uploads\/2025\/07\/IMG_1501.webp\" title=\"IMG_1501\"  data-caption=\"JUAN CARLOS CASTA\u00d1OS Y ANGIE SALGAR.\"  data-description=\"\">\r\n                                <img decoding=\"async\" src=\"https:\/\/www.eldiario.net\/portal\/wp-content\/uploads\/2025\/07\/IMG_1501-630x420.webp\" srcset=\"https:\/\/www.eldiario.net\/portal\/wp-content\/uploads\/2025\/07\/IMG_1501-630x420.webp 630w, https:\/\/www.eldiario.net\/portal\/wp-content\/uploads\/2025\/07\/IMG_1501-300x200.webp 300w, https:\/\/www.eldiario.net\/portal\/wp-content\/uploads\/2025\/07\/IMG_1501-1024x683.webp 1024w, https:\/\/www.eldiario.net\/portal\/wp-content\/uploads\/2025\/07\/IMG_1501-768x512.webp 768w, https:\/\/www.eldiario.net\/portal\/wp-content\/uploads\/2025\/07\/IMG_1501-696x464.webp 696w, https:\/\/www.eldiario.net\/portal\/wp-content\/uploads\/2025\/07\/IMG_1501-1068x712.webp 1068w, https:\/\/www.eldiario.net\/portal\/wp-content\/uploads\/2025\/07\/IMG_1501.webp 1200w\" sizes=\"(max-width: 630px) 100vw, 630px\" alt=\"\">\r\n                            <\/a>\r\n                            <figcaption class = \"td-slide-caption td-gallery-slide-content\"><div class = \"td-gallery-slide-copywrite\">JUAN CARLOS CASTA\u00d1OS Y ANGIE SALGAR.<\/div><\/figcaption>\r\n                        <\/figure>\r\n                    <\/div>\r\n                    <div class = \"td-slide-item td-item17\">\r\n                        <figure class=\"td-slide-galery-figure td-slide-popup-gallery\">\r\n                            <a class=\"slide-gallery-image-link\" href=\"https:\/\/www.eldiario.net\/portal\/wp-content\/uploads\/2025\/07\/IMG_1504.webp\" title=\"IMG_1504\"  data-caption=\"RICARDO PAZ, JOS\u00c9 LUIS PEREIRA, MADELEINE CRUZ Y JORGE SAAVEDRA.\"  data-description=\"\">\r\n                                <img decoding=\"async\" src=\"https:\/\/www.eldiario.net\/portal\/wp-content\/uploads\/2025\/07\/IMG_1504-630x420.webp\" srcset=\"https:\/\/www.eldiario.net\/portal\/wp-content\/uploads\/2025\/07\/IMG_1504-630x420.webp 630w, https:\/\/www.eldiario.net\/portal\/wp-content\/uploads\/2025\/07\/IMG_1504-300x200.webp 300w, https:\/\/www.eldiario.net\/portal\/wp-content\/uploads\/2025\/07\/IMG_1504-1024x683.webp 1024w, https:\/\/www.eldiario.net\/portal\/wp-content\/uploads\/2025\/07\/IMG_1504-768x512.webp 768w, https:\/\/www.eldiario.net\/portal\/wp-content\/uploads\/2025\/07\/IMG_1504-696x464.webp 696w, https:\/\/www.eldiario.net\/portal\/wp-content\/uploads\/2025\/07\/IMG_1504-1068x712.webp 1068w, https:\/\/www.eldiario.net\/portal\/wp-content\/uploads\/2025\/07\/IMG_1504.webp 1200w\" sizes=\"(max-width: 630px) 100vw, 630px\" alt=\"\">\r\n                            <\/a>\r\n                            <figcaption class = \"td-slide-caption td-gallery-slide-content\"><div class = \"td-gallery-slide-copywrite\">RICARDO PAZ, JOS\u00c9 LUIS PEREIRA, MADELEINE CRUZ Y JORGE SAAVEDRA.<\/div><\/figcaption>\r\n                        <\/figure>\r\n                    <\/div>\r\n                    <div class = \"td-slide-item td-item18\">\r\n                        <figure class=\"td-slide-galery-figure td-slide-popup-gallery\">\r\n                            <a class=\"slide-gallery-image-link\" href=\"https:\/\/www.eldiario.net\/portal\/wp-content\/uploads\/2025\/07\/IMG_1506.webp\" title=\"IMG_1506\"  data-caption=\"NATALIA HERRERA, ROBERTO QUERZOLI,  SERGIO RIVEROS Y PAOLA \u00c1LVAREZ.\"  data-description=\"\">\r\n                                <img decoding=\"async\" src=\"https:\/\/www.eldiario.net\/portal\/wp-content\/uploads\/2025\/07\/IMG_1506-630x420.webp\" srcset=\"https:\/\/www.eldiario.net\/portal\/wp-content\/uploads\/2025\/07\/IMG_1506-630x420.webp 630w, https:\/\/www.eldiario.net\/portal\/wp-content\/uploads\/2025\/07\/IMG_1506-300x200.webp 300w, https:\/\/www.eldiario.net\/portal\/wp-content\/uploads\/2025\/07\/IMG_1506-1024x683.webp 1024w, https:\/\/www.eldiario.net\/portal\/wp-content\/uploads\/2025\/07\/IMG_1506-768x512.webp 768w, https:\/\/www.eldiario.net\/portal\/wp-content\/uploads\/2025\/07\/IMG_1506-696x464.webp 696w, https:\/\/www.eldiario.net\/portal\/wp-content\/uploads\/2025\/07\/IMG_1506-1068x712.webp 1068w, https:\/\/www.eldiario.net\/portal\/wp-content\/uploads\/2025\/07\/IMG_1506.webp 1200w\" sizes=\"(max-width: 630px) 100vw, 630px\" alt=\"\">\r\n                            <\/a>\r\n                            <figcaption class = \"td-slide-caption td-gallery-slide-content\"><div class = \"td-gallery-slide-copywrite\">NATALIA HERRERA, ROBERTO QUERZOLI,  SERGIO RIVEROS Y PAOLA \u00c1LVAREZ.<\/div><\/figcaption>\r\n                        <\/figure>\r\n                    <\/div>\r\n                    <div class = \"td-slide-item td-item19\">\r\n                        <figure class=\"td-slide-galery-figure td-slide-popup-gallery\">\r\n                            <a class=\"slide-gallery-image-link\" href=\"https:\/\/www.eldiario.net\/portal\/wp-content\/uploads\/2025\/07\/IMG_1514.webp\" title=\"IMG_1514\"  data-caption=\"\"  data-description=\"\">\r\n                                <img decoding=\"async\" src=\"https:\/\/www.eldiario.net\/portal\/wp-content\/uploads\/2025\/07\/IMG_1514-630x420.webp\" srcset=\"https:\/\/www.eldiario.net\/portal\/wp-content\/uploads\/2025\/07\/IMG_1514-630x420.webp 630w, https:\/\/www.eldiario.net\/portal\/wp-content\/uploads\/2025\/07\/IMG_1514-300x200.webp 300w, https:\/\/www.eldiario.net\/portal\/wp-content\/uploads\/2025\/07\/IMG_1514-1024x683.webp 1024w, https:\/\/www.eldiario.net\/portal\/wp-content\/uploads\/2025\/07\/IMG_1514-768x512.webp 768w, https:\/\/www.eldiario.net\/portal\/wp-content\/uploads\/2025\/07\/IMG_1514-696x464.webp 696w, https:\/\/www.eldiario.net\/portal\/wp-content\/uploads\/2025\/07\/IMG_1514-1068x712.webp 1068w, https:\/\/www.eldiario.net\/portal\/wp-content\/uploads\/2025\/07\/IMG_1514.webp 1200w\" sizes=\"(max-width: 630px) 100vw, 630px\" alt=\"\">\r\n                            <\/a>\r\n                            \r\n                        <\/figure>\r\n                    <\/div>\r\n                    <div class = \"td-slide-item td-item20\">\r\n                        <figure class=\"td-slide-galery-figure td-slide-popup-gallery\">\r\n                            <a class=\"slide-gallery-image-link\" href=\"https:\/\/www.eldiario.net\/portal\/wp-content\/uploads\/2025\/07\/IMG_1522.webp\" title=\"IMG_1522\"  data-caption=\"XIMENA LOZA FUNTO A LOS ANFITRIONES DE LA  VELADA, SOF\u00cdA Y DILAN.\"  data-description=\"\">\r\n                                <img decoding=\"async\" src=\"https:\/\/www.eldiario.net\/portal\/wp-content\/uploads\/2025\/07\/IMG_1522-630x420.webp\" srcset=\"https:\/\/www.eldiario.net\/portal\/wp-content\/uploads\/2025\/07\/IMG_1522-630x420.webp 630w, https:\/\/www.eldiario.net\/portal\/wp-content\/uploads\/2025\/07\/IMG_1522-300x200.webp 300w, https:\/\/www.eldiario.net\/portal\/wp-content\/uploads\/2025\/07\/IMG_1522-1024x683.webp 1024w, https:\/\/www.eldiario.net\/portal\/wp-content\/uploads\/2025\/07\/IMG_1522-768x512.webp 768w, https:\/\/www.eldiario.net\/portal\/wp-content\/uploads\/2025\/07\/IMG_1522-696x464.webp 696w, https:\/\/www.eldiario.net\/portal\/wp-content\/uploads\/2025\/07\/IMG_1522-1068x712.webp 1068w, https:\/\/www.eldiario.net\/portal\/wp-content\/uploads\/2025\/07\/IMG_1522.webp 1200w\" sizes=\"(max-width: 630px) 100vw, 630px\" alt=\"\">\r\n                            <\/a>\r\n                            <figcaption class = \"td-slide-caption td-gallery-slide-content\"><div class = \"td-gallery-slide-copywrite\">XIMENA LOZA FUNTO A LOS ANFITRIONES DE LA  VELADA, SOF\u00cdA Y DILAN.<\/div><\/figcaption>\r\n                        <\/figure>\r\n                    <\/div>\r\n                            <\/div>\r\n                        <\/div>\r\n\r\n                        <div class = \"td-doubleSlider-2\">\r\n                            <div class = \"td-slider\">\r\n                                \r\n                    <div class = \"td-button td-item1\">\r\n                        <div class = \"td-border\"><\/div>\r\n                    <\/div>\r\n                    <div class = \"td-button td-item2\">\r\n                        <div class = \"td-border\"><\/div>\r\n                    <\/div>\r\n                    <div class = \"td-button td-item3\">\r\n                        <div class = \"td-border\"><\/div>\r\n                    <\/div>\r\n                    <div class = \"td-button td-item4\">\r\n                        <div class = \"td-border\"><\/div>\r\n                    <\/div>\r\n                    <div class = \"td-button td-item5\">\r\n                        <div class = \"td-border\"><\/div>\r\n                    <\/div>\r\n                    <div class = \"td-button td-item6\">\r\n                        <div class = \"td-border\"><\/div>\r\n                    <\/div>\r\n                    <div class = \"td-button td-item7\">\r\n                        <div class = \"td-border\"><\/div>\r\n                    <\/div>\r\n                    <div class = \"td-button td-item8\">\r\n                        <div class = \"td-border\"><\/div>\r\n                    <\/div>\r\n                    <div class = \"td-button td-item9\">\r\n                        <div class = \"td-border\"><\/div>\r\n                    <\/div>\r\n                    <div class = \"td-button td-item10\">\r\n                        <div class = \"td-border\"><\/div>\r\n                    <\/div>\r\n                    <div class = \"td-button td-item11\">\r\n                        <div class = \"td-border\"><\/div>\r\n                    <\/div>\r\n                    <div class = \"td-button td-item12\">\r\n                        <div class = \"td-border\"><\/div>\r\n                    <\/div>\r\n                    <div class = \"td-button td-item13\">\r\n                        <div class = \"td-border\"><\/div>\r\n                    <\/div>\r\n                    <div class = \"td-button td-item14\">\r\n                        <div class = \"td-border\"><\/div>\r\n                    <\/div>\r\n                    <div class = \"td-button td-item15\">\r\n                        <div class = \"td-border\"><\/div>\r\n                    <\/div>\r\n                    <div class = \"td-button td-item16\">\r\n                        <div class = \"td-border\"><\/div>\r\n                    <\/div>\r\n                    <div class = \"td-button td-item17\">\r\n                        <div class = \"td-border\"><\/div>\r\n                    <\/div>\r\n                    <div class = \"td-button td-item18\">\r\n                        <div class = \"td-border\"><\/div>\r\n                    <\/div>\r\n                    <div class = \"td-button td-item19\">\r\n                        <div class = \"td-border\"><\/div>\r\n                    <\/div>\r\n                    <div class = \"td-button td-item20\">\r\n                        <div class = \"td-border\"><\/div>\r\n                    <\/div>\r\n                            <\/div>\r\n                        <\/div>\r\n\r\n                    <\/div>\r\n\r\n                <\/div>\r\n                \n","protected":false},"excerpt":{"rendered":"<p>En una noche emotiva y llena de significado, ChildFund Bolivia conmemor\u00f3 su 45 aniversario en el espacio K\u00fau Inti, donde se reunieron aliados, colaboradores y quienes han sido testigos de su incansable labor. El evento no solo fue una celebraci\u00f3n de cuatro d\u00e9cadas y media de trabajo, sino tambi\u00e9n un poderoso recordatorio del impacto profundo [&hellip;]<\/p>\n","protected":false},"author":1,"featured_media":316752,"comment_status":"closed","ping_status":"open","sticky":false,"template":"","format":"standard","meta":{"_acf_changed":false,"footnotes":""},"categories":[40],"tags":[],"class_list":["post-316740","post","type-post","status-publish","format-standard","has-post-thumbnail","category-sociales"],"acf":{"antetitulo":""},"yoast_head":"<!-- This site is optimized with the Yoast SEO plugin v28.4 - https:\/\/yoast.com\/product\/yoast-seo-wordpress\/ -->\n<title>ChildFund Bolivia celebra 45 a\u00f1os de trayectoria de impacto - El Diario - Bolivia<\/title>\n<meta name=\"robots\" content=\"index, follow, max-snippet:-1, max-image-preview:large, max-video-preview:-1\" \/>\n<link rel=\"canonical\" href=\"https:\/\/www.eldiario.net\/portal\/2025\/07\/14\/childfund-bolivia-celebra-45-anos-de-trayectoria-de-impacto\/\" \/>\n<meta property=\"og:locale\" content=\"es_ES\" \/>\n<meta property=\"og:type\" content=\"article\" \/>\n<meta property=\"og:title\" content=\"ChildFund Bolivia celebra 45 a\u00f1os de trayectoria de impacto - El Diario - Bolivia\" \/>\n<meta property=\"og:description\" content=\"En una noche emotiva y llena de significado, ChildFund Bolivia conmemor\u00f3 su 45 aniversario en el espacio K\u00fau Inti, donde se reunieron aliados, colaboradores y quienes han sido testigos de su incansable labor. El evento no solo fue una celebraci\u00f3n de cuatro d\u00e9cadas y media de trabajo, sino tambi\u00e9n un poderoso recordatorio del impacto profundo [&hellip;]\" \/>\n<meta property=\"og:url\" content=\"https:\/\/www.eldiario.net\/portal\/2025\/07\/14\/childfund-bolivia-celebra-45-anos-de-trayectoria-de-impacto\/\" \/>\n<meta property=\"og:site_name\" content=\"El Diario - Bolivia\" \/>\n<meta property=\"article:publisher\" content=\"https:\/\/www.facebook.com\/eldiario.bolivia\/\" \/>\n<meta property=\"article:published_time\" content=\"2025-07-14T11:44:59+00:00\" \/>\n<meta property=\"og:image\" content=\"https:\/\/www.eldiario.net\/portal\/wp-content\/uploads\/2025\/07\/IMG_1490.webp\" \/>\n\t<meta property=\"og:image:width\" content=\"1200\" \/>\n\t<meta property=\"og:image:height\" content=\"800\" \/>\n\t<meta property=\"og:image:type\" content=\"image\/webp\" \/>\n<meta name=\"author\" content=\"Jeanette\" \/>\n<meta name=\"twitter:card\" content=\"summary_large_image\" \/>\n<meta name=\"twitter:creator\" content=\"@eldiario_net\" \/>\n<meta name=\"twitter:site\" content=\"@eldiario_net\" \/>\n<meta name=\"twitter:label1\" content=\"Escrito por\" \/>\n\t<meta name=\"twitter:data1\" content=\"Jeanette\" \/>\n\t<meta name=\"twitter:label2\" content=\"Tiempo de lectura\" \/>\n\t<meta name=\"twitter:data2\" content=\"3 minutos\" \/>\n<script type=\"application\/ld+json\" class=\"yoast-schema-graph\">{\"@context\":\"https:\\\/\\\/schema.org\",\"@graph\":[{\"@type\":\"Article\",\"@id\":\"https:\\\/\\\/www.eldiario.net\\\/portal\\\/2025\\\/07\\\/14\\\/childfund-bolivia-celebra-45-anos-de-trayectoria-de-impacto\\\/#article\",\"isPartOf\":{\"@id\":\"https:\\\/\\\/www.eldiario.net\\\/portal\\\/2025\\\/07\\\/14\\\/childfund-bolivia-celebra-45-anos-de-trayectoria-de-impacto\\\/\"},\"author\":{\"name\":\"Jeanette\",\"@id\":\"https:\\\/\\\/www.eldiario.net\\\/portal\\\/#\\\/schema\\\/person\\\/2c57cf2b7a7ae032e449e4c9b1019eac\"},\"headline\":\"ChildFund Bolivia celebra 45 a\u00f1os de trayectoria de impacto\",\"datePublished\":\"2025-07-14T11:44:59+00:00\",\"mainEntityOfPage\":{\"@id\":\"https:\\\/\\\/www.eldiario.net\\\/portal\\\/2025\\\/07\\\/14\\\/childfund-bolivia-celebra-45-anos-de-trayectoria-de-impacto\\\/\"},\"wordCount\":456,\"publisher\":{\"@id\":\"https:\\\/\\\/www.eldiario.net\\\/portal\\\/#organization\"},\"image\":{\"@id\":\"https:\\\/\\\/www.eldiario.net\\\/portal\\\/2025\\\/07\\\/14\\\/childfund-bolivia-celebra-45-anos-de-trayectoria-de-impacto\\\/#primaryimage\"},\"thumbnailUrl\":\"https:\\\/\\\/www.eldiario.net\\\/portal\\\/wp-content\\\/uploads\\\/2025\\\/07\\\/IMG_1490.webp\",\"articleSection\":[\"Sociales\"],\"inLanguage\":\"es\"},{\"@type\":\"WebPage\",\"@id\":\"https:\\\/\\\/www.eldiario.net\\\/portal\\\/2025\\\/07\\\/14\\\/childfund-bolivia-celebra-45-anos-de-trayectoria-de-impacto\\\/\",\"url\":\"https:\\\/\\\/www.eldiario.net\\\/portal\\\/2025\\\/07\\\/14\\\/childfund-bolivia-celebra-45-anos-de-trayectoria-de-impacto\\\/\",\"name\":\"ChildFund Bolivia celebra 45 a\u00f1os de trayectoria de impacto - El Diario - Bolivia\",\"isPartOf\":{\"@id\":\"https:\\\/\\\/www.eldiario.net\\\/portal\\\/#website\"},\"primaryImageOfPage\":{\"@id\":\"https:\\\/\\\/www.eldiario.net\\\/portal\\\/2025\\\/07\\\/14\\\/childfund-bolivia-celebra-45-anos-de-trayectoria-de-impacto\\\/#primaryimage\"},\"image\":{\"@id\":\"https:\\\/\\\/www.eldiario.net\\\/portal\\\/2025\\\/07\\\/14\\\/childfund-bolivia-celebra-45-anos-de-trayectoria-de-impacto\\\/#primaryimage\"},\"thumbnailUrl\":\"https:\\\/\\\/www.eldiario.net\\\/portal\\\/wp-content\\\/uploads\\\/2025\\\/07\\\/IMG_1490.webp\",\"datePublished\":\"2025-07-14T11:44:59+00:00\",\"breadcrumb\":{\"@id\":\"https:\\\/\\\/www.eldiario.net\\\/portal\\\/2025\\\/07\\\/14\\\/childfund-bolivia-celebra-45-anos-de-trayectoria-de-impacto\\\/#breadcrumb\"},\"inLanguage\":\"es\",\"potentialAction\":[{\"@type\":\"ReadAction\",\"target\":[\"https:\\\/\\\/www.eldiario.net\\\/portal\\\/2025\\\/07\\\/14\\\/childfund-bolivia-celebra-45-anos-de-trayectoria-de-impacto\\\/\"]}]},{\"@type\":\"ImageObject\",\"inLanguage\":\"es\",\"@id\":\"https:\\\/\\\/www.eldiario.net\\\/portal\\\/2025\\\/07\\\/14\\\/childfund-bolivia-celebra-45-anos-de-trayectoria-de-impacto\\\/#primaryimage\",\"url\":\"https:\\\/\\\/www.eldiario.net\\\/portal\\\/wp-content\\\/uploads\\\/2025\\\/07\\\/IMG_1490.webp\",\"contentUrl\":\"https:\\\/\\\/www.eldiario.net\\\/portal\\\/wp-content\\\/uploads\\\/2025\\\/07\\\/IMG_1490.webp\",\"width\":1200,\"height\":800,\"caption\":\"LA DIRECTORA DE CHILDFUND BOLIVIA, XIMENA LOZA, JUNTO A UN GRUPO DE PROFESIONALE, CELEBRA POR LOS 45 A\u00d1OS DE COMPROMISO CON LA NI\u00d1EZ, JUVENTUD Y ADOLESCENCIA.\"},{\"@type\":\"BreadcrumbList\",\"@id\":\"https:\\\/\\\/www.eldiario.net\\\/portal\\\/2025\\\/07\\\/14\\\/childfund-bolivia-celebra-45-anos-de-trayectoria-de-impacto\\\/#breadcrumb\",\"itemListElement\":[{\"@type\":\"ListItem\",\"position\":1,\"name\":\"Portada\",\"item\":\"https:\\\/\\\/www.eldiario.net\\\/portal\\\/\"},{\"@type\":\"ListItem\",\"position\":2,\"name\":\"ChildFund Bolivia celebra 45 a\u00f1os de trayectoria de impacto\"}]},{\"@type\":\"WebSite\",\"@id\":\"https:\\\/\\\/www.eldiario.net\\\/portal\\\/#website\",\"url\":\"https:\\\/\\\/www.eldiario.net\\\/portal\\\/\",\"name\":\"El Diario - Decano de la prensa nacional\",\"description\":\"El Diario - Decano de la prensa nacional\",\"publisher\":{\"@id\":\"https:\\\/\\\/www.eldiario.net\\\/portal\\\/#organization\"},\"potentialAction\":[{\"@type\":\"SearchAction\",\"target\":{\"@type\":\"EntryPoint\",\"urlTemplate\":\"https:\\\/\\\/www.eldiario.net\\\/portal\\\/?s={search_term_string}\"},\"query-input\":{\"@type\":\"PropertyValueSpecification\",\"valueRequired\":true,\"valueName\":\"search_term_string\"}}],\"inLanguage\":\"es\"},{\"@type\":\"Organization\",\"@id\":\"https:\\\/\\\/www.eldiario.net\\\/portal\\\/#organization\",\"name\":\"El Diario - Decano de la prensa nacional\",\"url\":\"https:\\\/\\\/www.eldiario.net\\\/portal\\\/\",\"logo\":{\"@type\":\"ImageObject\",\"inLanguage\":\"es\",\"@id\":\"https:\\\/\\\/www.eldiario.net\\\/portal\\\/#\\\/schema\\\/logo\\\/image\\\/\",\"url\":\"https:\\\/\\\/www.eldiario.net\\\/portal\\\/wp-content\\\/uploads\\\/2023\\\/07\\\/logo_ED.jpg\",\"contentUrl\":\"https:\\\/\\\/www.eldiario.net\\\/portal\\\/wp-content\\\/uploads\\\/2023\\\/07\\\/logo_ED.jpg\",\"width\":272,\"height\":52,\"caption\":\"El Diario - Decano de la prensa nacional\"},\"image\":{\"@id\":\"https:\\\/\\\/www.eldiario.net\\\/portal\\\/#\\\/schema\\\/logo\\\/image\\\/\"},\"sameAs\":[\"https:\\\/\\\/www.facebook.com\\\/eldiario.bolivia\\\/\",\"https:\\\/\\\/x.com\\\/eldiario_net\"]},{\"@type\":\"Person\",\"@id\":\"https:\\\/\\\/www.eldiario.net\\\/portal\\\/#\\\/schema\\\/person\\\/2c57cf2b7a7ae032e449e4c9b1019eac\",\"name\":\"Jeanette\",\"image\":{\"@type\":\"ImageObject\",\"inLanguage\":\"es\",\"@id\":\"https:\\\/\\\/secure.gravatar.com\\\/avatar\\\/3ea2118a5f7dad2b7138b1187a6b7ee55f160b9968b66013c3a3ef39dd7e5798?s=96&d=mm&r=g\",\"url\":\"https:\\\/\\\/secure.gravatar.com\\\/avatar\\\/3ea2118a5f7dad2b7138b1187a6b7ee55f160b9968b66013c3a3ef39dd7e5798?s=96&d=mm&r=g\",\"contentUrl\":\"https:\\\/\\\/secure.gravatar.com\\\/avatar\\\/3ea2118a5f7dad2b7138b1187a6b7ee55f160b9968b66013c3a3ef39dd7e5798?s=96&d=mm&r=g\",\"caption\":\"Jeanette\"},\"sameAs\":[\"https:\\\/\\\/www.eldiario.net\\\/portal\"],\"url\":\"https:\\\/\\\/www.eldiario.net\\\/portal\\\/author\\\/jeanette\\\/\"}]}<\/script>\n<!-- \/ Yoast SEO plugin. -->","yoast_head_json":{"title":"ChildFund Bolivia celebra 45 a\u00f1os de trayectoria de impacto - El Diario - Bolivia","robots":{"index":"index","follow":"follow","max-snippet":"max-snippet:-1","max-image-preview":"max-image-preview:large","max-video-preview":"max-video-preview:-1"},"canonical":"https:\/\/www.eldiario.net\/portal\/2025\/07\/14\/childfund-bolivia-celebra-45-anos-de-trayectoria-de-impacto\/","og_locale":"es_ES","og_type":"article","og_title":"ChildFund Bolivia celebra 45 a\u00f1os de trayectoria de impacto - El Diario - Bolivia","og_description":"En una noche emotiva y llena de significado, ChildFund Bolivia conmemor\u00f3 su 45 aniversario en el espacio K\u00fau Inti, donde se reunieron aliados, colaboradores y quienes han sido testigos de su incansable labor. El evento no solo fue una celebraci\u00f3n de cuatro d\u00e9cadas y media de trabajo, sino tambi\u00e9n un poderoso recordatorio del impacto profundo [&hellip;]","og_url":"https:\/\/www.eldiario.net\/portal\/2025\/07\/14\/childfund-bolivia-celebra-45-anos-de-trayectoria-de-impacto\/","og_site_name":"El Diario - Bolivia","article_publisher":"https:\/\/www.facebook.com\/eldiario.bolivia\/","article_published_time":"2025-07-14T11:44:59+00:00","og_image":[{"width":1200,"height":800,"url":"https:\/\/www.eldiario.net\/portal\/wp-content\/uploads\/2025\/07\/IMG_1490.webp","type":"image\/webp"}],"author":"Jeanette","twitter_card":"summary_large_image","twitter_creator":"@eldiario_net","twitter_site":"@eldiario_net","twitter_misc":{"Escrito por":"Jeanette","Tiempo de lectura":"3 minutos"},"schema":{"@context":"https:\/\/schema.org","@graph":[{"@type":"Article","@id":"https:\/\/www.eldiario.net\/portal\/2025\/07\/14\/childfund-bolivia-celebra-45-anos-de-trayectoria-de-impacto\/#article","isPartOf":{"@id":"https:\/\/www.eldiario.net\/portal\/2025\/07\/14\/childfund-bolivia-celebra-45-anos-de-trayectoria-de-impacto\/"},"author":{"name":"Jeanette","@id":"https:\/\/www.eldiario.net\/portal\/#\/schema\/person\/2c57cf2b7a7ae032e449e4c9b1019eac"},"headline":"ChildFund Bolivia celebra 45 a\u00f1os de trayectoria de impacto","datePublished":"2025-07-14T11:44:59+00:00","mainEntityOfPage":{"@id":"https:\/\/www.eldiario.net\/portal\/2025\/07\/14\/childfund-bolivia-celebra-45-anos-de-trayectoria-de-impacto\/"},"wordCount":456,"publisher":{"@id":"https:\/\/www.eldiario.net\/portal\/#organization"},"image":{"@id":"https:\/\/www.eldiario.net\/portal\/2025\/07\/14\/childfund-bolivia-celebra-45-anos-de-trayectoria-de-impacto\/#primaryimage"},"thumbnailUrl":"https:\/\/www.eldiario.net\/portal\/wp-content\/uploads\/2025\/07\/IMG_1490.webp","articleSection":["Sociales"],"inLanguage":"es"},{"@type":"WebPage","@id":"https:\/\/www.eldiario.net\/portal\/2025\/07\/14\/childfund-bolivia-celebra-45-anos-de-trayectoria-de-impacto\/","url":"https:\/\/www.eldiario.net\/portal\/2025\/07\/14\/childfund-bolivia-celebra-45-anos-de-trayectoria-de-impacto\/","name":"ChildFund Bolivia celebra 45 a\u00f1os de trayectoria de impacto - El Diario - Bolivia","isPartOf":{"@id":"https:\/\/www.eldiario.net\/portal\/#website"},"primaryImageOfPage":{"@id":"https:\/\/www.eldiario.net\/portal\/2025\/07\/14\/childfund-bolivia-celebra-45-anos-de-trayectoria-de-impacto\/#primaryimage"},"image":{"@id":"https:\/\/www.eldiario.net\/portal\/2025\/07\/14\/childfund-bolivia-celebra-45-anos-de-trayectoria-de-impacto\/#primaryimage"},"thumbnailUrl":"https:\/\/www.eldiario.net\/portal\/wp-content\/uploads\/2025\/07\/IMG_1490.webp","datePublished":"2025-07-14T11:44:59+00:00","breadcrumb":{"@id":"https:\/\/www.eldiario.net\/portal\/2025\/07\/14\/childfund-bolivia-celebra-45-anos-de-trayectoria-de-impacto\/#breadcrumb"},"inLanguage":"es","potentialAction":[{"@type":"ReadAction","target":["https:\/\/www.eldiario.net\/portal\/2025\/07\/14\/childfund-bolivia-celebra-45-anos-de-trayectoria-de-impacto\/"]}]},{"@type":"ImageObject","inLanguage":"es","@id":"https:\/\/www.eldiario.net\/portal\/2025\/07\/14\/childfund-bolivia-celebra-45-anos-de-trayectoria-de-impacto\/#primaryimage","url":"https:\/\/www.eldiario.net\/portal\/wp-content\/uploads\/2025\/07\/IMG_1490.webp","contentUrl":"https:\/\/www.eldiario.net\/portal\/wp-content\/uploads\/2025\/07\/IMG_1490.webp","width":1200,"height":800,"caption":"LA DIRECTORA DE CHILDFUND BOLIVIA, XIMENA LOZA, JUNTO A UN GRUPO DE PROFESIONALE, CELEBRA POR LOS 45 A\u00d1OS DE COMPROMISO CON LA NI\u00d1EZ, JUVENTUD Y ADOLESCENCIA."},{"@type":"BreadcrumbList","@id":"https:\/\/www.eldiario.net\/portal\/2025\/07\/14\/childfund-bolivia-celebra-45-anos-de-trayectoria-de-impacto\/#breadcrumb","itemListElement":[{"@type":"ListItem","position":1,"name":"Portada","item":"https:\/\/www.eldiario.net\/portal\/"},{"@type":"ListItem","position":2,"name":"ChildFund Bolivia celebra 45 a\u00f1os de trayectoria de impacto"}]},{"@type":"WebSite","@id":"https:\/\/www.eldiario.net\/portal\/#website","url":"https:\/\/www.eldiario.net\/portal\/","name":"El Diario - Decano de la prensa nacional","description":"El Diario - Decano de la prensa nacional","publisher":{"@id":"https:\/\/www.eldiario.net\/portal\/#organization"},"potentialAction":[{"@type":"SearchAction","target":{"@type":"EntryPoint","urlTemplate":"https:\/\/www.eldiario.net\/portal\/?s={search_term_string}"},"query-input":{"@type":"PropertyValueSpecification","valueRequired":true,"valueName":"search_term_string"}}],"inLanguage":"es"},{"@type":"Organization","@id":"https:\/\/www.eldiario.net\/portal\/#organization","name":"El Diario - Decano de la prensa nacional","url":"https:\/\/www.eldiario.net\/portal\/","logo":{"@type":"ImageObject","inLanguage":"es","@id":"https:\/\/www.eldiario.net\/portal\/#\/schema\/logo\/image\/","url":"https:\/\/www.eldiario.net\/portal\/wp-content\/uploads\/2023\/07\/logo_ED.jpg","contentUrl":"https:\/\/www.eldiario.net\/portal\/wp-content\/uploads\/2023\/07\/logo_ED.jpg","width":272,"height":52,"caption":"El Diario - Decano de la prensa nacional"},"image":{"@id":"https:\/\/www.eldiario.net\/portal\/#\/schema\/logo\/image\/"},"sameAs":["https:\/\/www.facebook.com\/eldiario.bolivia\/","https:\/\/x.com\/eldiario_net"]},{"@type":"Person","@id":"https:\/\/www.eldiario.net\/portal\/#\/schema\/person\/2c57cf2b7a7ae032e449e4c9b1019eac","name":"Jeanette","image":{"@type":"ImageObject","inLanguage":"es","@id":"https:\/\/secure.gravatar.com\/avatar\/3ea2118a5f7dad2b7138b1187a6b7ee55f160b9968b66013c3a3ef39dd7e5798?s=96&d=mm&r=g","url":"https:\/\/secure.gravatar.com\/avatar\/3ea2118a5f7dad2b7138b1187a6b7ee55f160b9968b66013c3a3ef39dd7e5798?s=96&d=mm&r=g","contentUrl":"https:\/\/secure.gravatar.com\/avatar\/3ea2118a5f7dad2b7138b1187a6b7ee55f160b9968b66013c3a3ef39dd7e5798?s=96&d=mm&r=g","caption":"Jeanette"},"sameAs":["https:\/\/www.eldiario.net\/portal"],"url":"https:\/\/www.eldiario.net\/portal\/author\/jeanette\/"}]}},"_links":{"self":[{"href":"https:\/\/www.eldiario.net\/portal\/wp-json\/wp\/v2\/posts\/316740","targetHints":{"allow":["GET"]}}],"collection":[{"href":"https:\/\/www.eldiario.net\/portal\/wp-json\/wp\/v2\/posts"}],"about":[{"href":"https:\/\/www.eldiario.net\/portal\/wp-json\/wp\/v2\/types\/post"}],"author":[{"embeddable":true,"href":"https:\/\/www.eldiario.net\/portal\/wp-json\/wp\/v2\/users\/1"}],"replies":[{"embeddable":true,"href":"https:\/\/www.eldiario.net\/portal\/wp-json\/wp\/v2\/comments?post=316740"}],"version-history":[{"count":1,"href":"https:\/\/www.eldiario.net\/portal\/wp-json\/wp\/v2\/posts\/316740\/revisions"}],"predecessor-version":[{"id":316761,"href":"https:\/\/www.eldiario.net\/portal\/wp-json\/wp\/v2\/posts\/316740\/revisions\/316761"}],"wp:featuredmedia":[{"embeddable":true,"href":"https:\/\/www.eldiario.net\/portal\/wp-json\/wp\/v2\/media\/316752"}],"wp:attachment":[{"href":"https:\/\/www.eldiario.net\/portal\/wp-json\/wp\/v2\/media?parent=316740"}],"wp:term":[{"taxonomy":"category","embeddable":true,"href":"https:\/\/www.eldiario.net\/portal\/wp-json\/wp\/v2\/categories?post=316740"},{"taxonomy":"post_tag","embeddable":true,"href":"https:\/\/www.eldiario.net\/portal\/wp-json\/wp\/v2\/tags?post=316740"}],"curies":[{"name":"wp","href":"https:\/\/api.w.org\/{rel}","templated":true}]}}